{"id":485803,"date":"2014-02-07T17:28:59","date_gmt":"2014-02-07T18:28:59","guid":{"rendered":"http:\/\/www.eldigitaldeasturias.com\/noticias\/?p=485803"},"modified":"2014-02-07T17:28:59","modified_gmt":"2014-02-07T18:28:59","slug":"la-fifa-admite-que-el-mundial-de-brasil-podria-no-ser-el-mas-verde","status":"publish","type":"post","link":"https:\/\/www.eldigitaldeasturias.com\/noticias\/la-fifa-admite-que-el-mundial-de-brasil-podria-no-ser-el-mas-verde\/","title":{"rendered":"La FIFA admite que el Mundial de Brasil podr\u00eda no ser el m\u00e1s &#8216;verde&#8217;"},"content":{"rendered":"<p><img loading=\"lazy\" decoding=\"async\" class=\"alignleft size-medium wp-image-485804\" alt=\"5918405w\" src=\"https:\/\/www.eldigitaldeasturias.com\/noticias\/wp-content\/uploads\/2014\/02\/5918405w-360x239.jpg\" width=\"360\" height=\"239\" \/>R\u00edo de Janeiro, 6 feb (EFE).- La FIFA admiti\u00f3 hoy que el Mundial de f\u00fatbol de Brasil este a\u00f1o podr\u00eda no ser el m\u00e1s &#8216;verde&#8217;, a pesar de garantizar que ha implementado la estrategia de sostenibilidad \u00abm\u00e1s exhaustiva\u00bb de la historia de este campeonato.<\/p>\n<p>El director de responsabilidad social de la FIFA, el argentino Federico Addiechi, afirm\u00f3 hoy en una rueda de prensa que los c\u00e1lculos de emisiones del Mundial de 2014 \u00abcoinciden\u00bb con los an\u00e1lisis previos que se hicieron en Sud\u00e1frica 2010, que suponen una generaci\u00f3n de 2,7 millones de toneladas de di\u00f3xido de carbono (CO2).<\/p>\n<p>En Sud\u00e1frica, despu\u00e9s del torneo, se rebaj\u00f3 el c\u00e1lculo de emisiones hasta 1,6 millones de toneladas de CO2, debido a que hubo menos espectadores de los esperados.<\/p>\n<p>Addiechi dijo que la FIFA no puede comentar la precisi\u00f3n de los c\u00e1lculos del \u00faltimo mundial porque los realiz\u00f3 el gobierno sudafricano, sin que tuviera acceso el \u00f3rgano rector del f\u00fatbol.<\/p>\n<p>Garantiz\u00f3 que en Brasil, al igual que en el Mundial femenino de Alemania 2011, las previsiones son \u00abprecisas\u00bb, porque \u00abla FIFA y el Comit\u00e9 Organizador Local (COL) tienen acceso a los datos\u00bb.<\/p>\n<p>En el caso de Brasil, cerca del 80 por ciento de las emisiones corresponden a los largos viajes de avi\u00f3n, que ser\u00e1n necesarios por la lejan\u00eda de las subsedes, aunque, seg\u00fan el directivo, esa cifra se compensa por el hecho de que la matriz energ\u00e9tica de Brasil es \u00abm\u00e1s limpia\u00bb que la de Sud\u00e1frica.<\/p>\n<p>Cerca de la mitad de la energ\u00eda consumida en Brasil, incluyendo los combustibles, es renovable y cerca del 80 por ciento de la energ\u00eda el\u00e9ctrica se produce en centrales hidroel\u00e9ctricas.<\/p>\n<p>El Mundial de Brasil es el primero de la historia en el que la FIFA y el COL han decidido implantar una estrategia conjunta de sostenibilidad.<\/p>\n<p>\u00abEsta es la primera estrategia de sostenibilidad. No es perfecta, pero s\u00ed amplia. Hacer estas cosas siempre es dif\u00edcil y te gustar\u00eda hacer m\u00e1s, pero es la estrategia m\u00e1s exhaustiva que se ha hecho. Ya es mucho mejor de lo que hemos hecho en el pasado\u00bb, coment\u00f3 Addiechi.<\/p>\n<p>Tambi\u00e9n por primera vez los organizadores se comprometieron de forma voluntaria a que los doce estadios que recibir\u00e1n partidos del Mundial tengan certificados de sostenibilidad.<\/p>\n<p>Para conseguir esos certificados, se han aprovechado los escombros en la reforma de los estadios y se han tomado medidas de ahorro de energ\u00eda y de agua, como la instalaci\u00f3n de placas solares fotovoltaicas y sistemas de captaci\u00f3n de lluvia.<\/p>\n<p>A partir del Mundial de Rusia 2018, estos certificados de sostenibilidad ser\u00e1n un requisito para los estadios y la FIFA tambi\u00e9n har\u00e1 obligatorios otros elementos \u00abverdes\u00bb.<\/p>\n<p>Addiechi admiti\u00f3 que los atrasos en las obras acarrean el riesgo de que se \u00abreste prioridad a los elementos de sostenibilidad\u00bb, pero asegur\u00f3 que en el caso de Brasil eso no est\u00e1 ocurriendo, a pesar de que varios estadios han superado la fecha l\u00edmite de entrega.<\/p>\n","protected":false},"excerpt":{"rendered":"<p>R\u00edo de Janeiro, 6 feb (EFE).- La FIFA admiti\u00f3 hoy que el Mundial de f\u00fatbol de Brasil este a\u00f1o podr\u00eda no ser el m\u00e1s &#8216;verde&#8217;, a pesar de garantizar que ha implementado la estrategia de sostenibilidad \u00abm\u00e1s exhaustiva\u00bb de la historia de este campeonato. El director de responsabilidad social de la FIFA, el argentino Federico [&hellip;]<\/p>\n","protected":false},"author":1,"featured_media":485804,"comment_status":"closed","ping_status":"open","sticky":false,"template":"","format":"standard","meta":{"footnotes":""},"categories":[1],"tags":[],"class_list":["post-485803","post","type-post","status-publish","format-standard","has-post-thumbnail","hentry","category-actualidad"],"aioseo_notices":[],"aioseo_head":"\n\t\t<!-- All in One SEO Pro 5.0.1 - aioseo.com -->\n\t<meta name=\"description\" content=\"R\u00edo de Janeiro, 6 feb (EFE).- La FIFA admiti\u00f3 hoy que el Mundial de f\u00fatbol de Brasil este a\u00f1o podr\u00eda no ser el m\u00e1s &#039;verde&#039;, a pesar de garantizar que ha implementado la estrategia de sostenibilidad &quot;m\u00e1s exhaustiva&quot; de la historia de este campeonato. El director de responsabilidad social de la FIFA, el argentino Federico\" \/>\n\t<meta name=\"robots\" content=\"max-image-preview:large\" \/>\n\t<meta name=\"author\" content=\"El Digital de Asturias\"\/>\n\t<meta name=\"google-site-verification\" content=\"UA-38556648-1\" \/>\n\t<meta name=\"msvalidate.01\" content=\"7dfe9f3f1b24437ab69f4f2559babe99\" \/>\n\t<meta name=\"keywords\" content=\"actualidad\" \/>\n\t<link rel=\"canonical\" href=\"https:\/\/www.eldigitaldeasturias.com\/noticias\/la-fifa-admite-que-el-mundial-de-brasil-podria-no-ser-el-mas-verde\/\" \/>\n\t<meta name=\"generator\" content=\"All in One SEO Pro (AIOSEO) 5.0.1\" \/>\n\t\t<meta property=\"og:locale\" content=\"es_ES\" \/>\n\t\t<meta property=\"og:site_name\" content=\"El Digital de Asturias\" \/>\n\t\t<meta property=\"og:type\" content=\"article\" \/>\n\t\t<meta property=\"og:title\" content=\"La FIFA admite que el Mundial de Brasil podr\u00eda no ser el m\u00e1s \u2018verde\u2019 - El Digital de Asturias\" \/>\n\t\t<meta property=\"og:description\" content=\"R\u00edo de Janeiro, 6 feb (EFE).- La FIFA admiti\u00f3 hoy que el Mundial de f\u00fatbol de Brasil este a\u00f1o podr\u00eda no ser el m\u00e1s &#039;verde&#039;, a pesar de garantizar que ha implementado la estrategia de sostenibilidad &quot;m\u00e1s exhaustiva&quot; de la historia de este campeonato. El director de responsabilidad social de la FIFA, el argentino Federico\" \/>\n\t\t<meta property=\"og:url\" content=\"https:\/\/www.eldigitaldeasturias.com\/noticias\/la-fifa-admite-que-el-mundial-de-brasil-podria-no-ser-el-mas-verde\/\" \/>\n\t\t<meta property=\"article:tag\" content=\"actualidad\" \/>\n\t\t<meta property=\"article:published_time\" content=\"2014-02-07T18:28:59+00:00\" \/>\n\t\t<meta property=\"article:modified_time\" content=\"2014-02-07T18:28:59+00:00\" \/>\n\t\t<meta property=\"article:publisher\" content=\"https:\/\/facebook.com\/eldigitaldeasturias\" \/>\n\t\t<meta name=\"twitter:card\" content=\"summary_large_image\" \/>\n\t\t<meta name=\"twitter:title\" content=\"La FIFA admite que el Mundial de Brasil podr\u00eda no ser el m\u00e1s \u2018verde\u2019 - El Digital de Asturias\" \/>\n\t\t<meta name=\"twitter:description\" content=\"R\u00edo de Janeiro, 6 feb (EFE).- La FIFA admiti\u00f3 hoy que el Mundial de f\u00fatbol de Brasil este a\u00f1o podr\u00eda no ser el m\u00e1s &#039;verde&#039;, a pesar de garantizar que ha implementado la estrategia de sostenibilidad &quot;m\u00e1s exhaustiva&quot; de la historia de este campeonato. El director de responsabilidad social de la FIFA, el argentino Federico\" \/>\n\t\t<meta name=\"twitter:label1\" content=\"Escrito por\" \/>\n\t\t<meta name=\"twitter:data1\" content=\"El Digital de Asturias\" \/>\n\t\t<meta name=\"twitter:label2\" content=\"Tiempo de lectura estimado\" \/>\n\t\t<meta name=\"twitter:data2\" content=\"3 minutos\" \/>\n\t\t<script type=\"application\/ld+json\" class=\"aioseo-schema\">\n\t\t\t{\"@context\":\"https:\\\/\\\/schema.org\",\"@graph\":[{\"@type\":\"BlogPosting\",\"@id\":\"https:\\\/\\\/www.eldigitaldeasturias.com\\\/noticias\\\/la-fifa-admite-que-el-mundial-de-brasil-podria-no-ser-el-mas-verde\\\/#blogposting\",\"name\":\"La FIFA admite que el Mundial de Brasil podr\\u00eda no ser el m\\u00e1s \\u2018verde\\u2019 - El Digital de Asturias\",\"headline\":\"La FIFA admite que el Mundial de Brasil podr\\u00eda no ser el m\\u00e1s &#8216;verde&#8217;\",\"author\":{\"@id\":\"https:\\\/\\\/www.eldigitaldeasturias.com\\\/noticias\\\/author\\\/admin\\\/#author\"},\"publisher\":{\"@id\":\"https:\\\/\\\/www.eldigitaldeasturias.com\\\/noticias\\\/#organization\"},\"image\":{\"@type\":\"ImageObject\",\"url\":485804},\"datePublished\":\"2014-02-07T17:28:59+01:00\",\"dateModified\":\"2014-02-07T17:28:59+01:00\",\"inLanguage\":\"es-ES\",\"mainEntityOfPage\":{\"@id\":\"https:\\\/\\\/www.eldigitaldeasturias.com\\\/noticias\\\/la-fifa-admite-que-el-mundial-de-brasil-podria-no-ser-el-mas-verde\\\/#webpage\"},\"isPartOf\":{\"@id\":\"https:\\\/\\\/www.eldigitaldeasturias.com\\\/noticias\\\/la-fifa-admite-que-el-mundial-de-brasil-podria-no-ser-el-mas-verde\\\/#webpage\"},\"articleSection\":\"Actualidad\"},{\"@type\":\"BreadcrumbList\",\"@id\":\"https:\\\/\\\/www.eldigitaldeasturias.com\\\/noticias\\\/la-fifa-admite-que-el-mundial-de-brasil-podria-no-ser-el-mas-verde\\\/#breadcrumblist\",\"itemListElement\":[{\"@type\":\"ListItem\",\"@id\":\"https:\\\/\\\/www.eldigitaldeasturias.com\\\/noticias#listItem\",\"position\":1,\"name\":\"Home\",\"item\":\"https:\\\/\\\/www.eldigitaldeasturias.com\\\/noticias\",\"nextItem\":{\"@type\":\"ListItem\",\"@id\":\"https:\\\/\\\/www.eldigitaldeasturias.com\\\/noticias\\\/category\\\/actualidad\\\/#listItem\",\"name\":\"Actualidad\"}},{\"@type\":\"ListItem\",\"@id\":\"https:\\\/\\\/www.eldigitaldeasturias.com\\\/noticias\\\/category\\\/actualidad\\\/#listItem\",\"position\":2,\"name\":\"Actualidad\",\"item\":\"https:\\\/\\\/www.eldigitaldeasturias.com\\\/noticias\\\/category\\\/actualidad\\\/\",\"nextItem\":{\"@type\":\"ListItem\",\"@id\":\"https:\\\/\\\/www.eldigitaldeasturias.com\\\/noticias\\\/la-fifa-admite-que-el-mundial-de-brasil-podria-no-ser-el-mas-verde\\\/#listItem\",\"name\":\"La FIFA admite que el Mundial de Brasil podr\\u00eda no ser el m\\u00e1s &#8216;verde&#8217;\"},\"previousItem\":{\"@type\":\"ListItem\",\"@id\":\"https:\\\/\\\/www.eldigitaldeasturias.com\\\/noticias#listItem\",\"name\":\"Home\"}},{\"@type\":\"ListItem\",\"@id\":\"https:\\\/\\\/www.eldigitaldeasturias.com\\\/noticias\\\/la-fifa-admite-que-el-mundial-de-brasil-podria-no-ser-el-mas-verde\\\/#listItem\",\"position\":3,\"name\":\"La FIFA admite que el Mundial de Brasil podr\\u00eda no ser el m\\u00e1s &#8216;verde&#8217;\",\"previousItem\":{\"@type\":\"ListItem\",\"@id\":\"https:\\\/\\\/www.eldigitaldeasturias.com\\\/noticias\\\/category\\\/actualidad\\\/#listItem\",\"name\":\"Actualidad\"}}]},{\"@type\":\"Organization\",\"@id\":\"https:\\\/\\\/www.eldigitaldeasturias.com\\\/noticias\\\/#organization\",\"name\":\"El Digital de Asturias\",\"description\":\"Hemeroteca\",\"url\":\"https:\\\/\\\/www.eldigitaldeasturias.com\\\/noticias\\\/\",\"email\":\"info@eldigitaldeasturias.com\",\"telephone\":\"+34652131393\",\"logo\":{\"@type\":\"ImageObject\",\"url\":\"https:\\\/\\\/www.eldigitaldeasturias.com\\\/noticias\\\/wp-content\\\/uploads\\\/2020\\\/12\\\/EDA.jpg\",\"@id\":\"https:\\\/\\\/www.eldigitaldeasturias.com\\\/noticias\\\/la-fifa-admite-que-el-mundial-de-brasil-podria-no-ser-el-mas-verde\\\/#organizationLogo\"},\"image\":{\"@id\":\"https:\\\/\\\/www.eldigitaldeasturias.com\\\/noticias\\\/la-fifa-admite-que-el-mundial-de-brasil-podria-no-ser-el-mas-verde\\\/#organizationLogo\"},\"sameAs\":[\"https:\\\/\\\/facebook.com\\\/eldigitaldeasturias\",\"https:\\\/\\\/www.youtube.com\\\/channel\\\/UCZP-2wLEB9Rv6erhFmqVnvg\"],\"address\":{\"@id\":\"https:\\\/\\\/www.eldigitaldeasturias.com\\\/noticias\\\/#postaladdress\",\"@type\":\"PostalAddress\",\"streetAddress\":\"san antonio 4\",\"postalCode\":\"33430\",\"addressLocality\":\"Cand\\u00e1s\",\"addressRegion\":\"Asturias\",\"addressCountry\":\"ES\"}},{\"@type\":\"Person\",\"@id\":\"https:\\\/\\\/www.eldigitaldeasturias.com\\\/noticias\\\/author\\\/admin\\\/#author\",\"url\":\"https:\\\/\\\/www.eldigitaldeasturias.com\\\/noticias\\\/author\\\/admin\\\/\",\"name\":\"El Digital de Asturias\",\"image\":{\"@type\":\"ImageObject\",\"@id\":\"https:\\\/\\\/www.eldigitaldeasturias.com\\\/noticias\\\/la-fifa-admite-que-el-mundial-de-brasil-podria-no-ser-el-mas-verde\\\/#authorImage\",\"url\":\"https:\\\/\\\/secure.gravatar.com\\\/avatar\\\/df2aeffc32bcd13f8d26072ef8a91b623d677766deac7f97ca815868cd41bf5e?s=96&d=mm&r=g\",\"width\":96,\"height\":96,\"caption\":\"El Digital de Asturias\"}},{\"@type\":\"WebPage\",\"@id\":\"https:\\\/\\\/www.eldigitaldeasturias.com\\\/noticias\\\/la-fifa-admite-que-el-mundial-de-brasil-podria-no-ser-el-mas-verde\\\/#webpage\",\"url\":\"https:\\\/\\\/www.eldigitaldeasturias.com\\\/noticias\\\/la-fifa-admite-que-el-mundial-de-brasil-podria-no-ser-el-mas-verde\\\/\",\"name\":\"La FIFA admite que el Mundial de Brasil podr\\u00eda no ser el m\\u00e1s \\u2018verde\\u2019 - El Digital de Asturias\",\"description\":\"R\\u00edo de Janeiro, 6 feb (EFE).- La FIFA admiti\\u00f3 hoy que el Mundial de f\\u00fatbol de Brasil este a\\u00f1o podr\\u00eda no ser el m\\u00e1s 'verde', a pesar de garantizar que ha implementado la estrategia de sostenibilidad \\\"m\\u00e1s exhaustiva\\\" de la historia de este campeonato. El director de responsabilidad social de la FIFA, el argentino Federico\",\"inLanguage\":\"es-ES\",\"isPartOf\":{\"@id\":\"https:\\\/\\\/www.eldigitaldeasturias.com\\\/noticias\\\/#website\"},\"breadcrumb\":{\"@id\":\"https:\\\/\\\/www.eldigitaldeasturias.com\\\/noticias\\\/la-fifa-admite-que-el-mundial-de-brasil-podria-no-ser-el-mas-verde\\\/#breadcrumblist\"},\"author\":{\"@id\":\"https:\\\/\\\/www.eldigitaldeasturias.com\\\/noticias\\\/author\\\/admin\\\/#author\"},\"creator\":{\"@id\":\"https:\\\/\\\/www.eldigitaldeasturias.com\\\/noticias\\\/author\\\/admin\\\/#author\"},\"image\":{\"@type\":\"ImageObject\",\"url\":485804,\"@id\":\"https:\\\/\\\/www.eldigitaldeasturias.com\\\/noticias\\\/la-fifa-admite-que-el-mundial-de-brasil-podria-no-ser-el-mas-verde\\\/#mainImage\"},\"primaryImageOfPage\":{\"@id\":\"https:\\\/\\\/www.eldigitaldeasturias.com\\\/noticias\\\/la-fifa-admite-que-el-mundial-de-brasil-podria-no-ser-el-mas-verde\\\/#mainImage\"},\"datePublished\":\"2014-02-07T17:28:59+01:00\",\"dateModified\":\"2014-02-07T17:28:59+01:00\"},{\"@type\":\"WebSite\",\"@id\":\"https:\\\/\\\/www.eldigitaldeasturias.com\\\/noticias\\\/#website\",\"url\":\"https:\\\/\\\/www.eldigitaldeasturias.com\\\/noticias\\\/\",\"name\":\"El Digital de Asturias - Diario de actualidad y noticias\",\"alternateName\":\"El Digital de Asturias - Diario de actualidad y noticias\",\"description\":\"Hemeroteca\",\"inLanguage\":\"es-ES\",\"publisher\":{\"@id\":\"https:\\\/\\\/www.eldigitaldeasturias.com\\\/noticias\\\/#organization\"}}]}\n\t\t<\/script>\n\t\t<!-- All in One SEO Pro -->\r\n\t\t<title>La FIFA admite que el Mundial de Brasil podr\u00eda no ser el m\u00e1s \u2018verde\u2019 - El Digital de Asturias<\/title>\n\n","aioseo_head_json":{"title":"La FIFA admite que el Mundial de Brasil podr\u00eda no ser el m\u00e1s \u2018verde\u2019 - El Digital de Asturias","description":"R\u00edo de Janeiro, 6 feb (EFE).- La FIFA admiti\u00f3 hoy que el Mundial de f\u00fatbol de Brasil este a\u00f1o podr\u00eda no ser el m\u00e1s 'verde', a pesar de garantizar que ha implementado la estrategia de sostenibilidad \"m\u00e1s exhaustiva\" de la historia de este campeonato. El director de responsabilidad social de la FIFA, el argentino Federico","canonical_url":"https:\/\/www.eldigitaldeasturias.com\/noticias\/la-fifa-admite-que-el-mundial-de-brasil-podria-no-ser-el-mas-verde\/","robots":"max-image-preview:large","keywords":"actualidad","webmasterTools":{"google-site-verification":"UA-38556648-1","msvalidate.01":"7dfe9f3f1b24437ab69f4f2559babe99","miscellaneous":""},"schema":{"@context":"https:\/\/schema.org","@graph":[{"@type":"BlogPosting","@id":"https:\/\/www.eldigitaldeasturias.com\/noticias\/la-fifa-admite-que-el-mundial-de-brasil-podria-no-ser-el-mas-verde\/#blogposting","name":"La FIFA admite que el Mundial de Brasil podr\u00eda no ser el m\u00e1s \u2018verde\u2019 - El Digital de Asturias","headline":"La FIFA admite que el Mundial de Brasil podr\u00eda no ser el m\u00e1s &#8216;verde&#8217;","author":{"@id":"https:\/\/www.eldigitaldeasturias.com\/noticias\/author\/admin\/#author"},"publisher":{"@id":"https:\/\/www.eldigitaldeasturias.com\/noticias\/#organization"},"image":{"@type":"ImageObject","url":485804},"datePublished":"2014-02-07T17:28:59+01:00","dateModified":"2014-02-07T17:28:59+01:00","inLanguage":"es-ES","mainEntityOfPage":{"@id":"https:\/\/www.eldigitaldeasturias.com\/noticias\/la-fifa-admite-que-el-mundial-de-brasil-podria-no-ser-el-mas-verde\/#webpage"},"isPartOf":{"@id":"https:\/\/www.eldigitaldeasturias.com\/noticias\/la-fifa-admite-que-el-mundial-de-brasil-podria-no-ser-el-mas-verde\/#webpage"},"articleSection":"Actualidad"},{"@type":"BreadcrumbList","@id":"https:\/\/www.eldigitaldeasturias.com\/noticias\/la-fifa-admite-que-el-mundial-de-brasil-podria-no-ser-el-mas-verde\/#breadcrumblist","itemListElement":[{"@type":"ListItem","@id":"https:\/\/www.eldigitaldeasturias.com\/noticias#listItem","position":1,"name":"Home","item":"https:\/\/www.eldigitaldeasturias.com\/noticias","nextItem":{"@type":"ListItem","@id":"https:\/\/www.eldigitaldeasturias.com\/noticias\/category\/actualidad\/#listItem","name":"Actualidad"}},{"@type":"ListItem","@id":"https:\/\/www.eldigitaldeasturias.com\/noticias\/category\/actualidad\/#listItem","position":2,"name":"Actualidad","item":"https:\/\/www.eldigitaldeasturias.com\/noticias\/category\/actualidad\/","nextItem":{"@type":"ListItem","@id":"https:\/\/www.eldigitaldeasturias.com\/noticias\/la-fifa-admite-que-el-mundial-de-brasil-podria-no-ser-el-mas-verde\/#listItem","name":"La FIFA admite que el Mundial de Brasil podr\u00eda no ser el m\u00e1s &#8216;verde&#8217;"},"previousItem":{"@type":"ListItem","@id":"https:\/\/www.eldigitaldeasturias.com\/noticias#listItem","name":"Home"}},{"@type":"ListItem","@id":"https:\/\/www.eldigitaldeasturias.com\/noticias\/la-fifa-admite-que-el-mundial-de-brasil-podria-no-ser-el-mas-verde\/#listItem","position":3,"name":"La FIFA admite que el Mundial de Brasil podr\u00eda no ser el m\u00e1s &#8216;verde&#8217;","previousItem":{"@type":"ListItem","@id":"https:\/\/www.eldigitaldeasturias.com\/noticias\/category\/actualidad\/#listItem","name":"Actualidad"}}]},{"@type":"Organization","@id":"https:\/\/www.eldigitaldeasturias.com\/noticias\/#organization","name":"El Digital de Asturias","description":"Hemeroteca","url":"https:\/\/www.eldigitaldeasturias.com\/noticias\/","email":"info@eldigitaldeasturias.com","telephone":"+34652131393","logo":{"@type":"ImageObject","url":"https:\/\/www.eldigitaldeasturias.com\/noticias\/wp-content\/uploads\/2020\/12\/EDA.jpg","@id":"https:\/\/www.eldigitaldeasturias.com\/noticias\/la-fifa-admite-que-el-mundial-de-brasil-podria-no-ser-el-mas-verde\/#organizationLogo"},"image":{"@id":"https:\/\/www.eldigitaldeasturias.com\/noticias\/la-fifa-admite-que-el-mundial-de-brasil-podria-no-ser-el-mas-verde\/#organizationLogo"},"sameAs":["https:\/\/facebook.com\/eldigitaldeasturias","https:\/\/www.youtube.com\/channel\/UCZP-2wLEB9Rv6erhFmqVnvg"],"address":{"@id":"https:\/\/www.eldigitaldeasturias.com\/noticias\/#postaladdress","@type":"PostalAddress","streetAddress":"san antonio 4","postalCode":"33430","addressLocality":"Cand\u00e1s","addressRegion":"Asturias","addressCountry":"ES"}},{"@type":"Person","@id":"https:\/\/www.eldigitaldeasturias.com\/noticias\/author\/admin\/#author","url":"https:\/\/www.eldigitaldeasturias.com\/noticias\/author\/admin\/","name":"El Digital de Asturias","image":{"@type":"ImageObject","@id":"https:\/\/www.eldigitaldeasturias.com\/noticias\/la-fifa-admite-que-el-mundial-de-brasil-podria-no-ser-el-mas-verde\/#authorImage","url":"https:\/\/secure.gravatar.com\/avatar\/df2aeffc32bcd13f8d26072ef8a91b623d677766deac7f97ca815868cd41bf5e?s=96&d=mm&r=g","width":96,"height":96,"caption":"El Digital de Asturias"}},{"@type":"WebPage","@id":"https:\/\/www.eldigitaldeasturias.com\/noticias\/la-fifa-admite-que-el-mundial-de-brasil-podria-no-ser-el-mas-verde\/#webpage","url":"https:\/\/www.eldigitaldeasturias.com\/noticias\/la-fifa-admite-que-el-mundial-de-brasil-podria-no-ser-el-mas-verde\/","name":"La FIFA admite que el Mundial de Brasil podr\u00eda no ser el m\u00e1s \u2018verde\u2019 - El Digital de Asturias","description":"R\u00edo de Janeiro, 6 feb (EFE).- La FIFA admiti\u00f3 hoy que el Mundial de f\u00fatbol de Brasil este a\u00f1o podr\u00eda no ser el m\u00e1s 'verde', a pesar de garantizar que ha implementado la estrategia de sostenibilidad \"m\u00e1s exhaustiva\" de la historia de este campeonato. El director de responsabilidad social de la FIFA, el argentino Federico","inLanguage":"es-ES","isPartOf":{"@id":"https:\/\/www.eldigitaldeasturias.com\/noticias\/#website"},"breadcrumb":{"@id":"https:\/\/www.eldigitaldeasturias.com\/noticias\/la-fifa-admite-que-el-mundial-de-brasil-podria-no-ser-el-mas-verde\/#breadcrumblist"},"author":{"@id":"https:\/\/www.eldigitaldeasturias.com\/noticias\/author\/admin\/#author"},"creator":{"@id":"https:\/\/www.eldigitaldeasturias.com\/noticias\/author\/admin\/#author"},"image":{"@type":"ImageObject","url":485804,"@id":"https:\/\/www.eldigitaldeasturias.com\/noticias\/la-fifa-admite-que-el-mundial-de-brasil-podria-no-ser-el-mas-verde\/#mainImage"},"primaryImageOfPage":{"@id":"https:\/\/www.eldigitaldeasturias.com\/noticias\/la-fifa-admite-que-el-mundial-de-brasil-podria-no-ser-el-mas-verde\/#mainImage"},"datePublished":"2014-02-07T17:28:59+01:00","dateModified":"2014-02-07T17:28:59+01:00"},{"@type":"WebSite","@id":"https:\/\/www.eldigitaldeasturias.com\/noticias\/#website","url":"https:\/\/www.eldigitaldeasturias.com\/noticias\/","name":"El Digital de Asturias - Diario de actualidad y noticias","alternateName":"El Digital de Asturias - Diario de actualidad y noticias","description":"Hemeroteca","inLanguage":"es-ES","publisher":{"@id":"https:\/\/www.eldigitaldeasturias.com\/noticias\/#organization"}}]},"og:locale":"es_ES","og:site_name":"El Digital de Asturias","og:type":"article","og:title":"La FIFA admite que el Mundial de Brasil podr\u00eda no ser el m\u00e1s \u2018verde\u2019 - El Digital de Asturias","og:description":"R\u00edo de Janeiro, 6 feb (EFE).- La FIFA admiti\u00f3 hoy que el Mundial de f\u00fatbol de Brasil este a\u00f1o podr\u00eda no ser el m\u00e1s 'verde', a pesar de garantizar que ha implementado la estrategia de sostenibilidad &quot;m\u00e1s exhaustiva&quot; de la historia de este campeonato. El director de responsabilidad social de la FIFA, el argentino Federico","og:url":"https:\/\/www.eldigitaldeasturias.com\/noticias\/la-fifa-admite-que-el-mundial-de-brasil-podria-no-ser-el-mas-verde\/","article:tag":["actualidad"],"article:published_time":"2014-02-07T18:28:59+00:00","article:modified_time":"2014-02-07T18:28:59+00:00","article:publisher":"https:\/\/facebook.com\/eldigitaldeasturias","twitter:card":"summary_large_image","twitter:title":"La FIFA admite que el Mundial de Brasil podr\u00eda no ser el m\u00e1s \u2018verde\u2019 - El Digital de Asturias","twitter:description":"R\u00edo de Janeiro, 6 feb (EFE).- La FIFA admiti\u00f3 hoy que el Mundial de f\u00fatbol de Brasil este a\u00f1o podr\u00eda no ser el m\u00e1s 'verde', a pesar de garantizar que ha implementado la estrategia de sostenibilidad &quot;m\u00e1s exhaustiva&quot; de la historia de este campeonato. El director de responsabilidad social de la FIFA, el argentino Federico","twitter:label1":"Escrito por","twitter:data1":"El Digital de Asturias","twitter:label2":"Tiempo de lectura estimado","twitter:data2":"3 minutos"},"aioseo_meta_data":{"post_id":"485803","title":null,"description":null,"keywords":null,"keyphrases":null,"primary_term":null,"canonical_url":null,"og_title":null,"og_description":null,"og_object_type":"default","og_image_type":"default","og_image_url":null,"og_image_width":null,"og_image_height":null,"og_image_custom_url":null,"og_image_custom_fields":null,"og_video":null,"og_custom_url":null,"og_article_section":null,"og_article_tags":null,"twitter_use_og":true,"twitter_card":"default","twitter_image_type":"default","twitter_image_url":null,"twitter_image_custom_url":null,"twitter_image_custom_fields":null,"twitter_title":null,"twitter_description":null,"schema":{"blockGraphs":[],"customGraphs":[],"default":{"data":{"Article":[],"Course":[],"Dataset":[],"FAQPage":[],"Movie":[],"Person":[],"Product":[],"ProductReview":[],"Car":[],"Recipe":[],"Service":[],"SoftwareApplication":[],"WebPage":[]},"graphName":"","isEnabled":true},"graphs":[],"defaultGraph":"","defaultPostTypeGraph":""},"schema_type":null,"schema_type_options":null,"pillar_content":false,"robots_default":true,"robots_noindex":false,"robots_noarchive":false,"robots_nosnippet":false,"robots_nofollow":false,"robots_noimageindex":false,"robots_noodp":false,"robots_notranslate":false,"robots_max_snippet":null,"robots_max_videopreview":null,"robots_max_imagepreview":"none","priority":null,"frequency":null,"local_seo":null,"seo_analyzer_scan_date":"2026-06-02 22:05:51","breadcrumb_settings":null,"limit_modified_date":false,"open_ai":null,"ai":null,"created":"2020-11-14 22:55:26","updated":"2026-06-02 22:05:51","focus_keyword":null,"additional_keywords":null,"truseo_locale":null},"aioseo_breadcrumb":"<div class=\"aioseo-breadcrumbs\"><span class=\"aioseo-breadcrumb\">\n\t<a href=\"https:\/\/www.eldigitaldeasturias.com\/noticias\" title=\"Home\">Home<\/a>\n<\/span><span class=\"aioseo-breadcrumb-separator\">\u2013<\/span><span class=\"aioseo-breadcrumb\">\n\t<a href=\"https:\/\/www.eldigitaldeasturias.com\/noticias\/category\/actualidad\/\" title=\"Actualidad\">Actualidad<\/a>\n<\/span><span class=\"aioseo-breadcrumb-separator\">\u2013<\/span><span class=\"aioseo-breadcrumb\">\n\t<a href=\"https:\/\/www.eldigitaldeasturias.com\/noticias\/la-fifa-admite-que-el-mundial-de-brasil-podria-no-ser-el-mas-verde\/\" title=\"La FIFA admite que el Mundial de Brasil podr\u00eda no ser el m\u00e1s \u2018verde\u2019\">La FIFA admite que el Mundial de Brasil podr\u00eda no ser el m\u00e1s \u2018verde\u2019<\/a>\n<\/span><\/div>","aioseo_breadcrumb_json":[{"label":"Home","link":"https:\/\/www.eldigitaldeasturias.com\/noticias"},{"label":"Actualidad","link":"https:\/\/www.eldigitaldeasturias.com\/noticias\/category\/actualidad\/"},{"label":"La FIFA admite que el Mundial de Brasil podr\u00eda no ser el m\u00e1s &#8216;verde&#8217;","link":"https:\/\/www.eldigitaldeasturias.com\/noticias\/la-fifa-admite-que-el-mundial-de-brasil-podria-no-ser-el-mas-verde\/"}],"_links":{"self":[{"href":"https:\/\/www.eldigitaldeasturias.com\/noticias\/wp-json\/wp\/v2\/posts\/485803","targetHints":{"allow":["GET"]}}],"collection":[{"href":"https:\/\/www.eldigitaldeasturias.com\/noticias\/wp-json\/wp\/v2\/posts"}],"about":[{"href":"https:\/\/www.eldigitaldeasturias.com\/noticias\/wp-json\/wp\/v2\/types\/post"}],"author":[{"embeddable":true,"href":"https:\/\/www.eldigitaldeasturias.com\/noticias\/wp-json\/wp\/v2\/users\/1"}],"replies":[{"embeddable":true,"href":"https:\/\/www.eldigitaldeasturias.com\/noticias\/wp-json\/wp\/v2\/comments?post=485803"}],"version-history":[{"count":0,"href":"https:\/\/www.eldigitaldeasturias.com\/noticias\/wp-json\/wp\/v2\/posts\/485803\/revisions"}],"wp:attachment":[{"href":"https:\/\/www.eldigitaldeasturias.com\/noticias\/wp-json\/wp\/v2\/media?parent=485803"}],"wp:term":[{"taxonomy":"category","embeddable":true,"href":"https:\/\/www.eldigitaldeasturias.com\/noticias\/wp-json\/wp\/v2\/categories?post=485803"},{"taxonomy":"post_tag","embeddable":true,"href":"https:\/\/www.eldigitaldeasturias.com\/noticias\/wp-json\/wp\/v2\/tags?post=485803"}],"curies":[{"name":"wp","href":"https:\/\/api.w.org\/{rel}","templated":true}]}}