{"id":485788,"date":"2014-02-07T17:23:59","date_gmt":"2014-02-07T18:23:59","guid":{"rendered":"http:\/\/www.eldigitaldeasturias.com\/noticias\/?p=485788"},"modified":"2014-02-07T17:23:59","modified_gmt":"2014-02-07T18:23:59","slug":"el-valencia-reitera-que-nicolas-otamendi-depende-aun-del-oporto","status":"publish","type":"post","link":"https:\/\/www.eldigitaldeasturias.com\/noticias\/el-valencia-reitera-que-nicolas-otamendi-depende-aun-del-oporto\/","title":{"rendered":"El Valencia reitera que Nicol\u00e1s Otamendi depende a\u00fan del Oporto"},"content":{"rendered":"<p><img loading=\"lazy\" decoding=\"async\" class=\"alignleft size-medium wp-image-485789\" alt=\"5918516w\" src=\"https:\/\/www.eldigitaldeasturias.com\/noticias\/wp-content\/uploads\/2014\/02\/5918516w-360x240.jpg\" width=\"360\" height=\"240\" \/>Valencia 6 feb (EFE).- El Valencia CF reiter\u00f3 hoy que el defensa argentino Nicol\u00e1s Otamendi, cuyo fichaje anunci\u00f3 el pasado mi\u00e9rcoles y cuya incorporaci\u00f3n al club no llegar\u00e1 hasta el pr\u00f3ximo 1 de julio, depende a\u00fan del Porto y que por tanto es el club portugu\u00e9s el que debe decidir su destino y buscarle una cesi\u00f3n si as\u00ed lo decide.<\/p>\n<p>Amadeo Salvo, presidente del club, as\u00ed lo indic\u00f3 tras acabar la presentaci\u00f3n del delantero brasile\u00f1o Vin\u00edcius Araujo, aunque no quiso dar m\u00e1s detalles de la operaci\u00f3n.<\/p>\n<p>El Oporto no ha inscrito al defensa internacional argentino en la lista de jugadores para jugar la Liga Europa, al considerar, seg\u00fan reprodujeron diversos medios de comunicaci\u00f3n portugueses, que el futbolista ya no les pertenec\u00eda, por lo que tampoco entrenaba con el equipo.<\/p>\n<p>El Valencia negoci\u00f3 con el Oporto la cesi\u00f3n del futbolista para este mercado de invierno, pero finalmente no la concret\u00f3 ya que no pudo inscribirlo, al contar con tres jugadores extracomunitarios en su plantilla.<\/p>\n<p>Tras conocer las informaciones publicadas en Portugal, Amadeo Salvo se traslad\u00f3 hasta Porto y el club valencianista anunciaba ayer el fichaje del futbolista, pero para a partir de la pr\u00f3xima temporada, por lo que el futbolista sigue perteneciendo, seg\u00fan su versi\u00f3n, al club luso hasta el pr\u00f3ximo 30 de junio.<\/p>\n<p>Francisco P\u00e9rez &#8216;Rufete&#8217;, director general deportivo del club, se mostr\u00f3 \u00abmuy contento\u00bb con la incorporaci\u00f3n del central y tambi\u00e9n habl\u00f3 de \u00e9l en tiempo futuro, aunque lo hizo en la propia presentaci\u00f3n del delantero y no admiti\u00f3 preguntas.<\/p>\n<p>\u00abNo lo presentamos ahora, pero ser\u00e1 nuestro jugador\u00bb, confirm\u00f3 el m\u00e1ximo responsable deportivo del club, que esta ma\u00f1ana neg\u00f3 que no se haya incorporado al jugador en el mercado de invierno por estar ya cubiertas las plazas de extracomunitarios.<\/p>\n<p>\u00abDoy las gracias por la paciencia que han tenido los medios de comunicaci\u00f3n valencianos porque han sido muchos d\u00edas de trabajo entre el Valencia y el Porto. Cuando uno no habla, no es porque no quiera decir nada sino porque est\u00e1 trabajando\u00bb, apunt\u00f3.<\/p>\n","protected":false},"excerpt":{"rendered":"<p>Valencia 6 feb (EFE).- El Valencia CF reiter\u00f3 hoy que el defensa argentino Nicol\u00e1s Otamendi, cuyo fichaje anunci\u00f3 el pasado mi\u00e9rcoles y cuya incorporaci\u00f3n al club no llegar\u00e1 hasta el pr\u00f3ximo 1 de julio, depende a\u00fan del Porto y que por tanto es el club portugu\u00e9s el que debe decidir su destino y buscarle una [&hellip;]<\/p>\n","protected":false},"author":1,"featured_media":485789,"comment_status":"closed","ping_status":"open","sticky":false,"template":"","format":"standard","meta":{"footnotes":""},"categories":[1],"tags":[],"class_list":["post-485788","post","type-post","status-publish","format-standard","has-post-thumbnail","hentry","category-actualidad"],"aioseo_notices":[],"aioseo_head":"\n\t\t<!-- All in One SEO Pro 5.0.1 - aioseo.com -->\n\t<meta name=\"description\" content=\"Valencia 6 feb (EFE).- El Valencia CF reiter\u00f3 hoy que el defensa argentino Nicol\u00e1s Otamendi, cuyo fichaje anunci\u00f3 el pasado mi\u00e9rcoles y cuya incorporaci\u00f3n al club no llegar\u00e1 hasta el pr\u00f3ximo 1 de julio, depende a\u00fan del Porto y que por tanto es el club portugu\u00e9s el que debe decidir su destino y buscarle una\" \/>\n\t<meta name=\"robots\" content=\"max-image-preview:large\" \/>\n\t<meta name=\"author\" content=\"El Digital de Asturias\"\/>\n\t<meta name=\"google-site-verification\" content=\"UA-38556648-1\" \/>\n\t<meta name=\"msvalidate.01\" content=\"7dfe9f3f1b24437ab69f4f2559babe99\" \/>\n\t<meta name=\"keywords\" content=\"actualidad\" \/>\n\t<link rel=\"canonical\" href=\"https:\/\/www.eldigitaldeasturias.com\/noticias\/el-valencia-reitera-que-nicolas-otamendi-depende-aun-del-oporto\/\" \/>\n\t<meta name=\"generator\" content=\"All in One SEO Pro (AIOSEO) 5.0.1\" \/>\n\t\t<meta property=\"og:locale\" content=\"es_ES\" \/>\n\t\t<meta property=\"og:site_name\" content=\"El Digital de Asturias\" \/>\n\t\t<meta property=\"og:type\" content=\"article\" \/>\n\t\t<meta property=\"og:title\" content=\"El Valencia reitera que Nicol\u00e1s Otamendi depende a\u00fan del Oporto - El Digital de Asturias\" \/>\n\t\t<meta property=\"og:description\" content=\"Valencia 6 feb (EFE).- El Valencia CF reiter\u00f3 hoy que el defensa argentino Nicol\u00e1s Otamendi, cuyo fichaje anunci\u00f3 el pasado mi\u00e9rcoles y cuya incorporaci\u00f3n al club no llegar\u00e1 hasta el pr\u00f3ximo 1 de julio, depende a\u00fan del Porto y que por tanto es el club portugu\u00e9s el que debe decidir su destino y buscarle una\" \/>\n\t\t<meta property=\"og:url\" content=\"https:\/\/www.eldigitaldeasturias.com\/noticias\/el-valencia-reitera-que-nicolas-otamendi-depende-aun-del-oporto\/\" \/>\n\t\t<meta property=\"article:tag\" content=\"actualidad\" \/>\n\t\t<meta property=\"article:published_time\" content=\"2014-02-07T18:23:59+00:00\" \/>\n\t\t<meta property=\"article:modified_time\" content=\"2014-02-07T18:23:59+00:00\" \/>\n\t\t<meta property=\"article:publisher\" content=\"https:\/\/facebook.com\/eldigitaldeasturias\" \/>\n\t\t<meta name=\"twitter:card\" content=\"summary_large_image\" \/>\n\t\t<meta name=\"twitter:title\" content=\"El Valencia reitera que Nicol\u00e1s Otamendi depende a\u00fan del Oporto - El Digital de Asturias\" \/>\n\t\t<meta name=\"twitter:description\" content=\"Valencia 6 feb (EFE).- El Valencia CF reiter\u00f3 hoy que el defensa argentino Nicol\u00e1s Otamendi, cuyo fichaje anunci\u00f3 el pasado mi\u00e9rcoles y cuya incorporaci\u00f3n al club no llegar\u00e1 hasta el pr\u00f3ximo 1 de julio, depende a\u00fan del Porto y que por tanto es el club portugu\u00e9s el que debe decidir su destino y buscarle una\" \/>\n\t\t<meta name=\"twitter:label1\" content=\"Escrito por\" \/>\n\t\t<meta name=\"twitter:data1\" content=\"El Digital de Asturias\" \/>\n\t\t<meta name=\"twitter:label2\" content=\"Tiempo de lectura estimado\" \/>\n\t\t<meta name=\"twitter:data2\" content=\"2 minutos\" \/>\n\t\t<script type=\"application\/ld+json\" class=\"aioseo-schema\">\n\t\t\t{\"@context\":\"https:\\\/\\\/schema.org\",\"@graph\":[{\"@type\":\"BlogPosting\",\"@id\":\"https:\\\/\\\/www.eldigitaldeasturias.com\\\/noticias\\\/el-valencia-reitera-que-nicolas-otamendi-depende-aun-del-oporto\\\/#blogposting\",\"name\":\"El Valencia reitera que Nicol\\u00e1s Otamendi depende a\\u00fan del Oporto - El Digital de Asturias\",\"headline\":\"El Valencia reitera que Nicol\\u00e1s Otamendi depende a\\u00fan del Oporto\",\"author\":{\"@id\":\"https:\\\/\\\/www.eldigitaldeasturias.com\\\/noticias\\\/author\\\/admin\\\/#author\"},\"publisher\":{\"@id\":\"https:\\\/\\\/www.eldigitaldeasturias.com\\\/noticias\\\/#organization\"},\"image\":{\"@type\":\"ImageObject\",\"url\":485789},\"datePublished\":\"2014-02-07T17:23:59+01:00\",\"dateModified\":\"2014-02-07T17:23:59+01:00\",\"inLanguage\":\"es-ES\",\"mainEntityOfPage\":{\"@id\":\"https:\\\/\\\/www.eldigitaldeasturias.com\\\/noticias\\\/el-valencia-reitera-que-nicolas-otamendi-depende-aun-del-oporto\\\/#webpage\"},\"isPartOf\":{\"@id\":\"https:\\\/\\\/www.eldigitaldeasturias.com\\\/noticias\\\/el-valencia-reitera-que-nicolas-otamendi-depende-aun-del-oporto\\\/#webpage\"},\"articleSection\":\"Actualidad\"},{\"@type\":\"BreadcrumbList\",\"@id\":\"https:\\\/\\\/www.eldigitaldeasturias.com\\\/noticias\\\/el-valencia-reitera-que-nicolas-otamendi-depende-aun-del-oporto\\\/#breadcrumblist\",\"itemListElement\":[{\"@type\":\"ListItem\",\"@id\":\"https:\\\/\\\/www.eldigitaldeasturias.com\\\/noticias#listItem\",\"position\":1,\"name\":\"Home\",\"item\":\"https:\\\/\\\/www.eldigitaldeasturias.com\\\/noticias\",\"nextItem\":{\"@type\":\"ListItem\",\"@id\":\"https:\\\/\\\/www.eldigitaldeasturias.com\\\/noticias\\\/category\\\/actualidad\\\/#listItem\",\"name\":\"Actualidad\"}},{\"@type\":\"ListItem\",\"@id\":\"https:\\\/\\\/www.eldigitaldeasturias.com\\\/noticias\\\/category\\\/actualidad\\\/#listItem\",\"position\":2,\"name\":\"Actualidad\",\"item\":\"https:\\\/\\\/www.eldigitaldeasturias.com\\\/noticias\\\/category\\\/actualidad\\\/\",\"nextItem\":{\"@type\":\"ListItem\",\"@id\":\"https:\\\/\\\/www.eldigitaldeasturias.com\\\/noticias\\\/el-valencia-reitera-que-nicolas-otamendi-depende-aun-del-oporto\\\/#listItem\",\"name\":\"El Valencia reitera que Nicol\\u00e1s Otamendi depende a\\u00fan del Oporto\"},\"previousItem\":{\"@type\":\"ListItem\",\"@id\":\"https:\\\/\\\/www.eldigitaldeasturias.com\\\/noticias#listItem\",\"name\":\"Home\"}},{\"@type\":\"ListItem\",\"@id\":\"https:\\\/\\\/www.eldigitaldeasturias.com\\\/noticias\\\/el-valencia-reitera-que-nicolas-otamendi-depende-aun-del-oporto\\\/#listItem\",\"position\":3,\"name\":\"El Valencia reitera que Nicol\\u00e1s Otamendi depende a\\u00fan del Oporto\",\"previousItem\":{\"@type\":\"ListItem\",\"@id\":\"https:\\\/\\\/www.eldigitaldeasturias.com\\\/noticias\\\/category\\\/actualidad\\\/#listItem\",\"name\":\"Actualidad\"}}]},{\"@type\":\"Organization\",\"@id\":\"https:\\\/\\\/www.eldigitaldeasturias.com\\\/noticias\\\/#organization\",\"name\":\"El Digital de Asturias\",\"description\":\"Hemeroteca\",\"url\":\"https:\\\/\\\/www.eldigitaldeasturias.com\\\/noticias\\\/\",\"email\":\"info@eldigitaldeasturias.com\",\"telephone\":\"+34652131393\",\"logo\":{\"@type\":\"ImageObject\",\"url\":\"https:\\\/\\\/www.eldigitaldeasturias.com\\\/noticias\\\/wp-content\\\/uploads\\\/2020\\\/12\\\/EDA.jpg\",\"@id\":\"https:\\\/\\\/www.eldigitaldeasturias.com\\\/noticias\\\/el-valencia-reitera-que-nicolas-otamendi-depende-aun-del-oporto\\\/#organizationLogo\"},\"image\":{\"@id\":\"https:\\\/\\\/www.eldigitaldeasturias.com\\\/noticias\\\/el-valencia-reitera-que-nicolas-otamendi-depende-aun-del-oporto\\\/#organizationLogo\"},\"sameAs\":[\"https:\\\/\\\/facebook.com\\\/eldigitaldeasturias\",\"https:\\\/\\\/www.youtube.com\\\/channel\\\/UCZP-2wLEB9Rv6erhFmqVnvg\"],\"address\":{\"@id\":\"https:\\\/\\\/www.eldigitaldeasturias.com\\\/noticias\\\/#postaladdress\",\"@type\":\"PostalAddress\",\"streetAddress\":\"san antonio 4\",\"postalCode\":\"33430\",\"addressLocality\":\"Cand\\u00e1s\",\"addressRegion\":\"Asturias\",\"addressCountry\":\"ES\"}},{\"@type\":\"Person\",\"@id\":\"https:\\\/\\\/www.eldigitaldeasturias.com\\\/noticias\\\/author\\\/admin\\\/#author\",\"url\":\"https:\\\/\\\/www.eldigitaldeasturias.com\\\/noticias\\\/author\\\/admin\\\/\",\"name\":\"El Digital de Asturias\",\"image\":{\"@type\":\"ImageObject\",\"@id\":\"https:\\\/\\\/www.eldigitaldeasturias.com\\\/noticias\\\/el-valencia-reitera-que-nicolas-otamendi-depende-aun-del-oporto\\\/#authorImage\",\"url\":\"https:\\\/\\\/secure.gravatar.com\\\/avatar\\\/df2aeffc32bcd13f8d26072ef8a91b623d677766deac7f97ca815868cd41bf5e?s=96&d=mm&r=g\",\"width\":96,\"height\":96,\"caption\":\"El Digital de Asturias\"}},{\"@type\":\"WebPage\",\"@id\":\"https:\\\/\\\/www.eldigitaldeasturias.com\\\/noticias\\\/el-valencia-reitera-que-nicolas-otamendi-depende-aun-del-oporto\\\/#webpage\",\"url\":\"https:\\\/\\\/www.eldigitaldeasturias.com\\\/noticias\\\/el-valencia-reitera-que-nicolas-otamendi-depende-aun-del-oporto\\\/\",\"name\":\"El Valencia reitera que Nicol\\u00e1s Otamendi depende a\\u00fan del Oporto - El Digital de Asturias\",\"description\":\"Valencia 6 feb (EFE).- El Valencia CF reiter\\u00f3 hoy que el defensa argentino Nicol\\u00e1s Otamendi, cuyo fichaje anunci\\u00f3 el pasado mi\\u00e9rcoles y cuya incorporaci\\u00f3n al club no llegar\\u00e1 hasta el pr\\u00f3ximo 1 de julio, depende a\\u00fan del Porto y que por tanto es el club portugu\\u00e9s el que debe decidir su destino y buscarle una\",\"inLanguage\":\"es-ES\",\"isPartOf\":{\"@id\":\"https:\\\/\\\/www.eldigitaldeasturias.com\\\/noticias\\\/#website\"},\"breadcrumb\":{\"@id\":\"https:\\\/\\\/www.eldigitaldeasturias.com\\\/noticias\\\/el-valencia-reitera-que-nicolas-otamendi-depende-aun-del-oporto\\\/#breadcrumblist\"},\"author\":{\"@id\":\"https:\\\/\\\/www.eldigitaldeasturias.com\\\/noticias\\\/author\\\/admin\\\/#author\"},\"creator\":{\"@id\":\"https:\\\/\\\/www.eldigitaldeasturias.com\\\/noticias\\\/author\\\/admin\\\/#author\"},\"image\":{\"@type\":\"ImageObject\",\"url\":485789,\"@id\":\"https:\\\/\\\/www.eldigitaldeasturias.com\\\/noticias\\\/el-valencia-reitera-que-nicolas-otamendi-depende-aun-del-oporto\\\/#mainImage\"},\"primaryImageOfPage\":{\"@id\":\"https:\\\/\\\/www.eldigitaldeasturias.com\\\/noticias\\\/el-valencia-reitera-que-nicolas-otamendi-depende-aun-del-oporto\\\/#mainImage\"},\"datePublished\":\"2014-02-07T17:23:59+01:00\",\"dateModified\":\"2014-02-07T17:23:59+01:00\"},{\"@type\":\"WebSite\",\"@id\":\"https:\\\/\\\/www.eldigitaldeasturias.com\\\/noticias\\\/#website\",\"url\":\"https:\\\/\\\/www.eldigitaldeasturias.com\\\/noticias\\\/\",\"name\":\"El Digital de Asturias - Diario de actualidad y noticias\",\"alternateName\":\"El Digital de Asturias - Diario de actualidad y noticias\",\"description\":\"Hemeroteca\",\"inLanguage\":\"es-ES\",\"publisher\":{\"@id\":\"https:\\\/\\\/www.eldigitaldeasturias.com\\\/noticias\\\/#organization\"}}]}\n\t\t<\/script>\n\t\t<!-- All in One SEO Pro -->\r\n\t\t<title>El Valencia reitera que Nicol\u00e1s Otamendi depende a\u00fan del Oporto - El Digital de Asturias<\/title>\n\n","aioseo_head_json":{"title":"El Valencia reitera que Nicol\u00e1s Otamendi depende a\u00fan del Oporto - El Digital de Asturias","description":"Valencia 6 feb (EFE).- El Valencia CF reiter\u00f3 hoy que el defensa argentino Nicol\u00e1s Otamendi, cuyo fichaje anunci\u00f3 el pasado mi\u00e9rcoles y cuya incorporaci\u00f3n al club no llegar\u00e1 hasta el pr\u00f3ximo 1 de julio, depende a\u00fan del Porto y que por tanto es el club portugu\u00e9s el que debe decidir su destino y buscarle una","canonical_url":"https:\/\/www.eldigitaldeasturias.com\/noticias\/el-valencia-reitera-que-nicolas-otamendi-depende-aun-del-oporto\/","robots":"max-image-preview:large","keywords":"actualidad","webmasterTools":{"google-site-verification":"UA-38556648-1","msvalidate.01":"7dfe9f3f1b24437ab69f4f2559babe99","miscellaneous":""},"schema":{"@context":"https:\/\/schema.org","@graph":[{"@type":"BlogPosting","@id":"https:\/\/www.eldigitaldeasturias.com\/noticias\/el-valencia-reitera-que-nicolas-otamendi-depende-aun-del-oporto\/#blogposting","name":"El Valencia reitera que Nicol\u00e1s Otamendi depende a\u00fan del Oporto - El Digital de Asturias","headline":"El Valencia reitera que Nicol\u00e1s Otamendi depende a\u00fan del Oporto","author":{"@id":"https:\/\/www.eldigitaldeasturias.com\/noticias\/author\/admin\/#author"},"publisher":{"@id":"https:\/\/www.eldigitaldeasturias.com\/noticias\/#organization"},"image":{"@type":"ImageObject","url":485789},"datePublished":"2014-02-07T17:23:59+01:00","dateModified":"2014-02-07T17:23:59+01:00","inLanguage":"es-ES","mainEntityOfPage":{"@id":"https:\/\/www.eldigitaldeasturias.com\/noticias\/el-valencia-reitera-que-nicolas-otamendi-depende-aun-del-oporto\/#webpage"},"isPartOf":{"@id":"https:\/\/www.eldigitaldeasturias.com\/noticias\/el-valencia-reitera-que-nicolas-otamendi-depende-aun-del-oporto\/#webpage"},"articleSection":"Actualidad"},{"@type":"BreadcrumbList","@id":"https:\/\/www.eldigitaldeasturias.com\/noticias\/el-valencia-reitera-que-nicolas-otamendi-depende-aun-del-oporto\/#breadcrumblist","itemListElement":[{"@type":"ListItem","@id":"https:\/\/www.eldigitaldeasturias.com\/noticias#listItem","position":1,"name":"Home","item":"https:\/\/www.eldigitaldeasturias.com\/noticias","nextItem":{"@type":"ListItem","@id":"https:\/\/www.eldigitaldeasturias.com\/noticias\/category\/actualidad\/#listItem","name":"Actualidad"}},{"@type":"ListItem","@id":"https:\/\/www.eldigitaldeasturias.com\/noticias\/category\/actualidad\/#listItem","position":2,"name":"Actualidad","item":"https:\/\/www.eldigitaldeasturias.com\/noticias\/category\/actualidad\/","nextItem":{"@type":"ListItem","@id":"https:\/\/www.eldigitaldeasturias.com\/noticias\/el-valencia-reitera-que-nicolas-otamendi-depende-aun-del-oporto\/#listItem","name":"El Valencia reitera que Nicol\u00e1s Otamendi depende a\u00fan del Oporto"},"previousItem":{"@type":"ListItem","@id":"https:\/\/www.eldigitaldeasturias.com\/noticias#listItem","name":"Home"}},{"@type":"ListItem","@id":"https:\/\/www.eldigitaldeasturias.com\/noticias\/el-valencia-reitera-que-nicolas-otamendi-depende-aun-del-oporto\/#listItem","position":3,"name":"El Valencia reitera que Nicol\u00e1s Otamendi depende a\u00fan del Oporto","previousItem":{"@type":"ListItem","@id":"https:\/\/www.eldigitaldeasturias.com\/noticias\/category\/actualidad\/#listItem","name":"Actualidad"}}]},{"@type":"Organization","@id":"https:\/\/www.eldigitaldeasturias.com\/noticias\/#organization","name":"El Digital de Asturias","description":"Hemeroteca","url":"https:\/\/www.eldigitaldeasturias.com\/noticias\/","email":"info@eldigitaldeasturias.com","telephone":"+34652131393","logo":{"@type":"ImageObject","url":"https:\/\/www.eldigitaldeasturias.com\/noticias\/wp-content\/uploads\/2020\/12\/EDA.jpg","@id":"https:\/\/www.eldigitaldeasturias.com\/noticias\/el-valencia-reitera-que-nicolas-otamendi-depende-aun-del-oporto\/#organizationLogo"},"image":{"@id":"https:\/\/www.eldigitaldeasturias.com\/noticias\/el-valencia-reitera-que-nicolas-otamendi-depende-aun-del-oporto\/#organizationLogo"},"sameAs":["https:\/\/facebook.com\/eldigitaldeasturias","https:\/\/www.youtube.com\/channel\/UCZP-2wLEB9Rv6erhFmqVnvg"],"address":{"@id":"https:\/\/www.eldigitaldeasturias.com\/noticias\/#postaladdress","@type":"PostalAddress","streetAddress":"san antonio 4","postalCode":"33430","addressLocality":"Cand\u00e1s","addressRegion":"Asturias","addressCountry":"ES"}},{"@type":"Person","@id":"https:\/\/www.eldigitaldeasturias.com\/noticias\/author\/admin\/#author","url":"https:\/\/www.eldigitaldeasturias.com\/noticias\/author\/admin\/","name":"El Digital de Asturias","image":{"@type":"ImageObject","@id":"https:\/\/www.eldigitaldeasturias.com\/noticias\/el-valencia-reitera-que-nicolas-otamendi-depende-aun-del-oporto\/#authorImage","url":"https:\/\/secure.gravatar.com\/avatar\/df2aeffc32bcd13f8d26072ef8a91b623d677766deac7f97ca815868cd41bf5e?s=96&d=mm&r=g","width":96,"height":96,"caption":"El Digital de Asturias"}},{"@type":"WebPage","@id":"https:\/\/www.eldigitaldeasturias.com\/noticias\/el-valencia-reitera-que-nicolas-otamendi-depende-aun-del-oporto\/#webpage","url":"https:\/\/www.eldigitaldeasturias.com\/noticias\/el-valencia-reitera-que-nicolas-otamendi-depende-aun-del-oporto\/","name":"El Valencia reitera que Nicol\u00e1s Otamendi depende a\u00fan del Oporto - El Digital de Asturias","description":"Valencia 6 feb (EFE).- El Valencia CF reiter\u00f3 hoy que el defensa argentino Nicol\u00e1s Otamendi, cuyo fichaje anunci\u00f3 el pasado mi\u00e9rcoles y cuya incorporaci\u00f3n al club no llegar\u00e1 hasta el pr\u00f3ximo 1 de julio, depende a\u00fan del Porto y que por tanto es el club portugu\u00e9s el que debe decidir su destino y buscarle una","inLanguage":"es-ES","isPartOf":{"@id":"https:\/\/www.eldigitaldeasturias.com\/noticias\/#website"},"breadcrumb":{"@id":"https:\/\/www.eldigitaldeasturias.com\/noticias\/el-valencia-reitera-que-nicolas-otamendi-depende-aun-del-oporto\/#breadcrumblist"},"author":{"@id":"https:\/\/www.eldigitaldeasturias.com\/noticias\/author\/admin\/#author"},"creator":{"@id":"https:\/\/www.eldigitaldeasturias.com\/noticias\/author\/admin\/#author"},"image":{"@type":"ImageObject","url":485789,"@id":"https:\/\/www.eldigitaldeasturias.com\/noticias\/el-valencia-reitera-que-nicolas-otamendi-depende-aun-del-oporto\/#mainImage"},"primaryImageOfPage":{"@id":"https:\/\/www.eldigitaldeasturias.com\/noticias\/el-valencia-reitera-que-nicolas-otamendi-depende-aun-del-oporto\/#mainImage"},"datePublished":"2014-02-07T17:23:59+01:00","dateModified":"2014-02-07T17:23:59+01:00"},{"@type":"WebSite","@id":"https:\/\/www.eldigitaldeasturias.com\/noticias\/#website","url":"https:\/\/www.eldigitaldeasturias.com\/noticias\/","name":"El Digital de Asturias - Diario de actualidad y noticias","alternateName":"El Digital de Asturias - Diario de actualidad y noticias","description":"Hemeroteca","inLanguage":"es-ES","publisher":{"@id":"https:\/\/www.eldigitaldeasturias.com\/noticias\/#organization"}}]},"og:locale":"es_ES","og:site_name":"El Digital de Asturias","og:type":"article","og:title":"El Valencia reitera que Nicol\u00e1s Otamendi depende a\u00fan del Oporto - El Digital de Asturias","og:description":"Valencia 6 feb (EFE).- El Valencia CF reiter\u00f3 hoy que el defensa argentino Nicol\u00e1s Otamendi, cuyo fichaje anunci\u00f3 el pasado mi\u00e9rcoles y cuya incorporaci\u00f3n al club no llegar\u00e1 hasta el pr\u00f3ximo 1 de julio, depende a\u00fan del Porto y que por tanto es el club portugu\u00e9s el que debe decidir su destino y buscarle una","og:url":"https:\/\/www.eldigitaldeasturias.com\/noticias\/el-valencia-reitera-que-nicolas-otamendi-depende-aun-del-oporto\/","article:tag":["actualidad"],"article:published_time":"2014-02-07T18:23:59+00:00","article:modified_time":"2014-02-07T18:23:59+00:00","article:publisher":"https:\/\/facebook.com\/eldigitaldeasturias","twitter:card":"summary_large_image","twitter:title":"El Valencia reitera que Nicol\u00e1s Otamendi depende a\u00fan del Oporto - El Digital de Asturias","twitter:description":"Valencia 6 feb (EFE).- El Valencia CF reiter\u00f3 hoy que el defensa argentino Nicol\u00e1s Otamendi, cuyo fichaje anunci\u00f3 el pasado mi\u00e9rcoles y cuya incorporaci\u00f3n al club no llegar\u00e1 hasta el pr\u00f3ximo 1 de julio, depende a\u00fan del Porto y que por tanto es el club portugu\u00e9s el que debe decidir su destino y buscarle una","twitter:label1":"Escrito por","twitter:data1":"El Digital de Asturias","twitter:label2":"Tiempo de lectura estimado","twitter:data2":"2 minutos"},"aioseo_meta_data":{"post_id":"485788","title":null,"description":null,"keywords":null,"keyphrases":null,"primary_term":null,"canonical_url":null,"og_title":null,"og_description":null,"og_object_type":"default","og_image_type":"default","og_image_url":null,"og_image_width":null,"og_image_height":null,"og_image_custom_url":null,"og_image_custom_fields":null,"og_video":null,"og_custom_url":null,"og_article_section":null,"og_article_tags":null,"twitter_use_og":true,"twitter_card":"default","twitter_image_type":"default","twitter_image_url":null,"twitter_image_custom_url":null,"twitter_image_custom_fields":null,"twitter_title":null,"twitter_description":null,"schema":{"blockGraphs":[],"customGraphs":[],"default":{"data":{"Article":[],"Course":[],"Dataset":[],"FAQPage":[],"Movie":[],"Person":[],"Product":[],"ProductReview":[],"Car":[],"Recipe":[],"Service":[],"SoftwareApplication":[],"WebPage":[]},"graphName":"","isEnabled":true},"graphs":[],"defaultGraph":"","defaultPostTypeGraph":""},"schema_type":null,"schema_type_options":null,"pillar_content":false,"robots_default":true,"robots_noindex":false,"robots_noarchive":false,"robots_nosnippet":false,"robots_nofollow":false,"robots_noimageindex":false,"robots_noodp":false,"robots_notranslate":false,"robots_max_snippet":null,"robots_max_videopreview":null,"robots_max_imagepreview":"none","priority":null,"frequency":null,"local_seo":null,"seo_analyzer_scan_date":"2026-06-02 21:59:46","breadcrumb_settings":null,"limit_modified_date":false,"open_ai":null,"ai":null,"created":"2020-11-14 22:55:26","updated":"2026-06-02 21:59:46","focus_keyword":null,"additional_keywords":null,"truseo_locale":null},"aioseo_breadcrumb":"<div class=\"aioseo-breadcrumbs\"><span class=\"aioseo-breadcrumb\">\n\t<a href=\"https:\/\/www.eldigitaldeasturias.com\/noticias\" title=\"Home\">Home<\/a>\n<\/span><span class=\"aioseo-breadcrumb-separator\">\u2013<\/span><span class=\"aioseo-breadcrumb\">\n\t<a href=\"https:\/\/www.eldigitaldeasturias.com\/noticias\/category\/actualidad\/\" title=\"Actualidad\">Actualidad<\/a>\n<\/span><span class=\"aioseo-breadcrumb-separator\">\u2013<\/span><span class=\"aioseo-breadcrumb\">\n\t<a href=\"https:\/\/www.eldigitaldeasturias.com\/noticias\/el-valencia-reitera-que-nicolas-otamendi-depende-aun-del-oporto\/\" title=\"El Valencia reitera que Nicol\u00e1s Otamendi depende a\u00fan del Oporto\">El Valencia reitera que Nicol\u00e1s Otamendi depende a\u00fan del Oporto<\/a>\n<\/span><\/div>","aioseo_breadcrumb_json":[{"label":"Home","link":"https:\/\/www.eldigitaldeasturias.com\/noticias"},{"label":"Actualidad","link":"https:\/\/www.eldigitaldeasturias.com\/noticias\/category\/actualidad\/"},{"label":"El Valencia reitera que Nicol\u00e1s Otamendi depende a\u00fan del Oporto","link":"https:\/\/www.eldigitaldeasturias.com\/noticias\/el-valencia-reitera-que-nicolas-otamendi-depende-aun-del-oporto\/"}],"_links":{"self":[{"href":"https:\/\/www.eldigitaldeasturias.com\/noticias\/wp-json\/wp\/v2\/posts\/485788","targetHints":{"allow":["GET"]}}],"collection":[{"href":"https:\/\/www.eldigitaldeasturias.com\/noticias\/wp-json\/wp\/v2\/posts"}],"about":[{"href":"https:\/\/www.eldigitaldeasturias.com\/noticias\/wp-json\/wp\/v2\/types\/post"}],"author":[{"embeddable":true,"href":"https:\/\/www.eldigitaldeasturias.com\/noticias\/wp-json\/wp\/v2\/users\/1"}],"replies":[{"embeddable":true,"href":"https:\/\/www.eldigitaldeasturias.com\/noticias\/wp-json\/wp\/v2\/comments?post=485788"}],"version-history":[{"count":0,"href":"https:\/\/www.eldigitaldeasturias.com\/noticias\/wp-json\/wp\/v2\/posts\/485788\/revisions"}],"wp:attachment":[{"href":"https:\/\/www.eldigitaldeasturias.com\/noticias\/wp-json\/wp\/v2\/media?parent=485788"}],"wp:term":[{"taxonomy":"category","embeddable":true,"href":"https:\/\/www.eldigitaldeasturias.com\/noticias\/wp-json\/wp\/v2\/categories?post=485788"},{"taxonomy":"post_tag","embeddable":true,"href":"https:\/\/www.eldigitaldeasturias.com\/noticias\/wp-json\/wp\/v2\/tags?post=485788"}],"curies":[{"name":"wp","href":"https:\/\/api.w.org\/{rel}","templated":true}]}}