{"id":485768,"date":"2014-02-07T17:16:26","date_gmt":"2014-02-07T18:16:26","guid":{"rendered":"http:\/\/www.eldigitaldeasturias.com\/noticias\/?p=485768"},"modified":"2014-02-07T17:16:26","modified_gmt":"2014-02-07T18:16:26","slug":"el-pe-rechaza-que-el-etiquetado-de-la-carne-indique-solo-lugar-de-cria-y-sacrificio","status":"publish","type":"post","link":"https:\/\/www.eldigitaldeasturias.com\/noticias\/el-pe-rechaza-que-el-etiquetado-de-la-carne-indique-solo-lugar-de-cria-y-sacrificio\/","title":{"rendered":"El PE rechaza que el etiquetado de la carne indique s\u00f3lo lugar de cr\u00eda y sacrificio"},"content":{"rendered":"<p><img loading=\"lazy\" decoding=\"async\" class=\"alignleft size-medium wp-image-485769\" alt=\"5918472w\" src=\"https:\/\/www.eldigitaldeasturias.com\/noticias\/wp-content\/uploads\/2014\/02\/5918472w-360x215.jpg\" width=\"360\" height=\"215\" \/>Estrasburgo (Francia), 6 feb (EFE).- El Parlamento Europeo (PE) ha votado hoy en contra de que el etiquetado de la carne de ave y de ganado ovino, caprino y porcino mencione solo con car\u00e1cter obligatorio el lugar de cr\u00eda y de sacrificio del animal.<\/p>\n<p>En su lugar propone que las normas vigentes para el vacuno, que obligan a indicar tambi\u00e9n el lugar de origen, se extiendan a la carne de esas especies.<\/p>\n<p>La resoluci\u00f3n fue aprobada por 368 votos a favor, 207 en contra y 20 abstenciones.<\/p>\n<p>\u00abLos consumidores quieren ver un panorama completo de la cadena de suministro de la carne, por lo que solicito que el lugar de nacimiento, as\u00ed como el de la cr\u00eda y sacrificio, sean etiquetados\u00bb, dijo la ponente de la resoluci\u00f3n votada, la eurodiputada socialdem\u00f3crata Glenis Willmott, en un comunicado.<\/p>\n<p>Los eurodiputados creen que el origen de la carne es un asunto de \u00abgran preocupaci\u00f3n\u00bb para los consumidores y que los recientes esc\u00e1ndalos alimentarios, incluida la venta de carne de caballo etiquetada como vacuno, ponen de relieve que los europeos quieren normas m\u00e1s estrictas para hacer un seguimiento de los productos.<\/p>\n<p>La Euroc\u00e1mara ha pedido a la Comisi\u00f3n Europea la retirada de la propuesta y la elaboraci\u00f3n de una versi\u00f3n revisada que incluya con car\u00e1cter obligatorio el lugar de origen de los animales, as\u00ed como los lugares de cr\u00eda y de sacrificio.<\/p>\n<p>El etiquetado de origen pas\u00f3 a ser obligatorio para responder a la crisis generada en los a\u00f1os 90 del pasado siglo por la encefalopat\u00eda espongiforme bovina o enfermedad de las \u00abvacas locas\u00bb.<\/p>\n<p>Fuentes de la Comisi\u00f3n explicaron que la resoluci\u00f3n votada por la Euroc\u00e1mara es \u00abuna declaraci\u00f3n pol\u00edtica\u00bb, sin fuerza legal.<\/p>\n<p>Adem\u00e1s, recordaron que la propuesta presentada por Bruselas ya ha recibido el visto bueno de una mayor\u00eda de Estados miembros a nivel de expertos, a trav\u00e9s del Comit\u00e9 Permanente de la Cadena Alimentaria y la Salud Animal.<\/p>\n<p>Antes de presentar su propuesta, el Ejecutivo comunitario llev\u00f3 a cabo un estudio de impacto que demostr\u00f3 que los consumidores identifican el origen o la procedencia de la carne con el de la cr\u00eda, en lugar de con el lugar de nacimiento, aseguran las fuentes.<\/p>\n<p>A la vez creen que ofrecer informaci\u00f3n obligatoria sobre el lugar de origen del animal exigir\u00eda establecer nuevos sistemas de trazabilidad a nivel de las explotaciones que implicar\u00edan nuevos costes, mientras que el etiquetado del lugar de sacrificio se puede conseguir a buen precio y ofrece una informaci\u00f3n valiosa al consumidor.<\/p>\n","protected":false},"excerpt":{"rendered":"<p>Estrasburgo (Francia), 6 feb (EFE).- El Parlamento Europeo (PE) ha votado hoy en contra de que el etiquetado de la carne de ave y de ganado ovino, caprino y porcino mencione solo con car\u00e1cter obligatorio el lugar de cr\u00eda y de sacrificio del animal. En su lugar propone que las normas vigentes para el vacuno, [&hellip;]<\/p>\n","protected":false},"author":1,"featured_media":485769,"comment_status":"closed","ping_status":"open","sticky":false,"template":"","format":"standard","meta":{"footnotes":""},"categories":[1],"tags":[],"class_list":["post-485768","post","type-post","status-publish","format-standard","has-post-thumbnail","hentry","category-actualidad"],"aioseo_notices":[],"aioseo_head":"\n\t\t<!-- All in One SEO Pro 5.0.1 - aioseo.com -->\n\t<meta name=\"description\" content=\"Estrasburgo (Francia), 6 feb (EFE).- El Parlamento Europeo (PE) ha votado hoy en contra de que el etiquetado de la carne de ave y de ganado ovino, caprino y porcino mencione solo con car\u00e1cter obligatorio el lugar de cr\u00eda y de sacrificio del animal. En su lugar propone que las normas vigentes para el vacuno,\" \/>\n\t<meta name=\"robots\" content=\"max-image-preview:large\" \/>\n\t<meta name=\"author\" content=\"El Digital de Asturias\"\/>\n\t<meta name=\"google-site-verification\" content=\"UA-38556648-1\" \/>\n\t<meta name=\"msvalidate.01\" content=\"7dfe9f3f1b24437ab69f4f2559babe99\" \/>\n\t<meta name=\"keywords\" content=\"actualidad\" \/>\n\t<link rel=\"canonical\" href=\"https:\/\/www.eldigitaldeasturias.com\/noticias\/el-pe-rechaza-que-el-etiquetado-de-la-carne-indique-solo-lugar-de-cria-y-sacrificio\/\" \/>\n\t<meta name=\"generator\" content=\"All in One SEO Pro (AIOSEO) 5.0.1\" \/>\n\t\t<meta property=\"og:locale\" content=\"es_ES\" \/>\n\t\t<meta property=\"og:site_name\" content=\"El Digital de Asturias\" \/>\n\t\t<meta property=\"og:type\" content=\"article\" \/>\n\t\t<meta property=\"og:title\" content=\"El PE rechaza que el etiquetado de la carne indique s\u00f3lo lugar de cr\u00eda y sacrificio - El Digital de Asturias\" \/>\n\t\t<meta property=\"og:description\" content=\"Estrasburgo (Francia), 6 feb (EFE).- El Parlamento Europeo (PE) ha votado hoy en contra de que el etiquetado de la carne de ave y de ganado ovino, caprino y porcino mencione solo con car\u00e1cter obligatorio el lugar de cr\u00eda y de sacrificio del animal. En su lugar propone que las normas vigentes para el vacuno,\" \/>\n\t\t<meta property=\"og:url\" content=\"https:\/\/www.eldigitaldeasturias.com\/noticias\/el-pe-rechaza-que-el-etiquetado-de-la-carne-indique-solo-lugar-de-cria-y-sacrificio\/\" \/>\n\t\t<meta property=\"article:tag\" content=\"actualidad\" \/>\n\t\t<meta property=\"article:published_time\" content=\"2014-02-07T18:16:26+00:00\" \/>\n\t\t<meta property=\"article:modified_time\" content=\"2014-02-07T18:16:26+00:00\" \/>\n\t\t<meta property=\"article:publisher\" content=\"https:\/\/facebook.com\/eldigitaldeasturias\" \/>\n\t\t<meta name=\"twitter:card\" content=\"summary_large_image\" \/>\n\t\t<meta name=\"twitter:title\" content=\"El PE rechaza que el etiquetado de la carne indique s\u00f3lo lugar de cr\u00eda y sacrificio - El Digital de Asturias\" \/>\n\t\t<meta name=\"twitter:description\" content=\"Estrasburgo (Francia), 6 feb (EFE).- El Parlamento Europeo (PE) ha votado hoy en contra de que el etiquetado de la carne de ave y de ganado ovino, caprino y porcino mencione solo con car\u00e1cter obligatorio el lugar de cr\u00eda y de sacrificio del animal. En su lugar propone que las normas vigentes para el vacuno,\" \/>\n\t\t<meta name=\"twitter:label1\" content=\"Escrito por\" \/>\n\t\t<meta name=\"twitter:data1\" content=\"El Digital de Asturias\" \/>\n\t\t<meta name=\"twitter:label2\" content=\"Tiempo de lectura estimado\" \/>\n\t\t<meta name=\"twitter:data2\" content=\"2 minutos\" \/>\n\t\t<script type=\"application\/ld+json\" class=\"aioseo-schema\">\n\t\t\t{\"@context\":\"https:\\\/\\\/schema.org\",\"@graph\":[{\"@type\":\"BlogPosting\",\"@id\":\"https:\\\/\\\/www.eldigitaldeasturias.com\\\/noticias\\\/el-pe-rechaza-que-el-etiquetado-de-la-carne-indique-solo-lugar-de-cria-y-sacrificio\\\/#blogposting\",\"name\":\"El PE rechaza que el etiquetado de la carne indique s\\u00f3lo lugar de cr\\u00eda y sacrificio - El Digital de Asturias\",\"headline\":\"El PE rechaza que el etiquetado de la carne indique s\\u00f3lo lugar de cr\\u00eda y sacrificio\",\"author\":{\"@id\":\"https:\\\/\\\/www.eldigitaldeasturias.com\\\/noticias\\\/author\\\/admin\\\/#author\"},\"publisher\":{\"@id\":\"https:\\\/\\\/www.eldigitaldeasturias.com\\\/noticias\\\/#organization\"},\"image\":{\"@type\":\"ImageObject\",\"url\":485769},\"datePublished\":\"2014-02-07T17:16:26+01:00\",\"dateModified\":\"2014-02-07T17:16:26+01:00\",\"inLanguage\":\"es-ES\",\"mainEntityOfPage\":{\"@id\":\"https:\\\/\\\/www.eldigitaldeasturias.com\\\/noticias\\\/el-pe-rechaza-que-el-etiquetado-de-la-carne-indique-solo-lugar-de-cria-y-sacrificio\\\/#webpage\"},\"isPartOf\":{\"@id\":\"https:\\\/\\\/www.eldigitaldeasturias.com\\\/noticias\\\/el-pe-rechaza-que-el-etiquetado-de-la-carne-indique-solo-lugar-de-cria-y-sacrificio\\\/#webpage\"},\"articleSection\":\"Actualidad\"},{\"@type\":\"BreadcrumbList\",\"@id\":\"https:\\\/\\\/www.eldigitaldeasturias.com\\\/noticias\\\/el-pe-rechaza-que-el-etiquetado-de-la-carne-indique-solo-lugar-de-cria-y-sacrificio\\\/#breadcrumblist\",\"itemListElement\":[{\"@type\":\"ListItem\",\"@id\":\"https:\\\/\\\/www.eldigitaldeasturias.com\\\/noticias#listItem\",\"position\":1,\"name\":\"Home\",\"item\":\"https:\\\/\\\/www.eldigitaldeasturias.com\\\/noticias\",\"nextItem\":{\"@type\":\"ListItem\",\"@id\":\"https:\\\/\\\/www.eldigitaldeasturias.com\\\/noticias\\\/category\\\/actualidad\\\/#listItem\",\"name\":\"Actualidad\"}},{\"@type\":\"ListItem\",\"@id\":\"https:\\\/\\\/www.eldigitaldeasturias.com\\\/noticias\\\/category\\\/actualidad\\\/#listItem\",\"position\":2,\"name\":\"Actualidad\",\"item\":\"https:\\\/\\\/www.eldigitaldeasturias.com\\\/noticias\\\/category\\\/actualidad\\\/\",\"nextItem\":{\"@type\":\"ListItem\",\"@id\":\"https:\\\/\\\/www.eldigitaldeasturias.com\\\/noticias\\\/el-pe-rechaza-que-el-etiquetado-de-la-carne-indique-solo-lugar-de-cria-y-sacrificio\\\/#listItem\",\"name\":\"El PE rechaza que el etiquetado de la carne indique s\\u00f3lo lugar de cr\\u00eda y sacrificio\"},\"previousItem\":{\"@type\":\"ListItem\",\"@id\":\"https:\\\/\\\/www.eldigitaldeasturias.com\\\/noticias#listItem\",\"name\":\"Home\"}},{\"@type\":\"ListItem\",\"@id\":\"https:\\\/\\\/www.eldigitaldeasturias.com\\\/noticias\\\/el-pe-rechaza-que-el-etiquetado-de-la-carne-indique-solo-lugar-de-cria-y-sacrificio\\\/#listItem\",\"position\":3,\"name\":\"El PE rechaza que el etiquetado de la carne indique s\\u00f3lo lugar de cr\\u00eda y sacrificio\",\"previousItem\":{\"@type\":\"ListItem\",\"@id\":\"https:\\\/\\\/www.eldigitaldeasturias.com\\\/noticias\\\/category\\\/actualidad\\\/#listItem\",\"name\":\"Actualidad\"}}]},{\"@type\":\"Organization\",\"@id\":\"https:\\\/\\\/www.eldigitaldeasturias.com\\\/noticias\\\/#organization\",\"name\":\"El Digital de Asturias\",\"description\":\"Hemeroteca\",\"url\":\"https:\\\/\\\/www.eldigitaldeasturias.com\\\/noticias\\\/\",\"email\":\"info@eldigitaldeasturias.com\",\"telephone\":\"+34652131393\",\"logo\":{\"@type\":\"ImageObject\",\"url\":\"https:\\\/\\\/www.eldigitaldeasturias.com\\\/noticias\\\/wp-content\\\/uploads\\\/2020\\\/12\\\/EDA.jpg\",\"@id\":\"https:\\\/\\\/www.eldigitaldeasturias.com\\\/noticias\\\/el-pe-rechaza-que-el-etiquetado-de-la-carne-indique-solo-lugar-de-cria-y-sacrificio\\\/#organizationLogo\"},\"image\":{\"@id\":\"https:\\\/\\\/www.eldigitaldeasturias.com\\\/noticias\\\/el-pe-rechaza-que-el-etiquetado-de-la-carne-indique-solo-lugar-de-cria-y-sacrificio\\\/#organizationLogo\"},\"sameAs\":[\"https:\\\/\\\/facebook.com\\\/eldigitaldeasturias\",\"https:\\\/\\\/www.youtube.com\\\/channel\\\/UCZP-2wLEB9Rv6erhFmqVnvg\"],\"address\":{\"@id\":\"https:\\\/\\\/www.eldigitaldeasturias.com\\\/noticias\\\/#postaladdress\",\"@type\":\"PostalAddress\",\"streetAddress\":\"san antonio 4\",\"postalCode\":\"33430\",\"addressLocality\":\"Cand\\u00e1s\",\"addressRegion\":\"Asturias\",\"addressCountry\":\"ES\"}},{\"@type\":\"Person\",\"@id\":\"https:\\\/\\\/www.eldigitaldeasturias.com\\\/noticias\\\/author\\\/admin\\\/#author\",\"url\":\"https:\\\/\\\/www.eldigitaldeasturias.com\\\/noticias\\\/author\\\/admin\\\/\",\"name\":\"El Digital de Asturias\",\"image\":{\"@type\":\"ImageObject\",\"@id\":\"https:\\\/\\\/www.eldigitaldeasturias.com\\\/noticias\\\/el-pe-rechaza-que-el-etiquetado-de-la-carne-indique-solo-lugar-de-cria-y-sacrificio\\\/#authorImage\",\"url\":\"https:\\\/\\\/secure.gravatar.com\\\/avatar\\\/df2aeffc32bcd13f8d26072ef8a91b623d677766deac7f97ca815868cd41bf5e?s=96&d=mm&r=g\",\"width\":96,\"height\":96,\"caption\":\"El Digital de Asturias\"}},{\"@type\":\"WebPage\",\"@id\":\"https:\\\/\\\/www.eldigitaldeasturias.com\\\/noticias\\\/el-pe-rechaza-que-el-etiquetado-de-la-carne-indique-solo-lugar-de-cria-y-sacrificio\\\/#webpage\",\"url\":\"https:\\\/\\\/www.eldigitaldeasturias.com\\\/noticias\\\/el-pe-rechaza-que-el-etiquetado-de-la-carne-indique-solo-lugar-de-cria-y-sacrificio\\\/\",\"name\":\"El PE rechaza que el etiquetado de la carne indique s\\u00f3lo lugar de cr\\u00eda y sacrificio - El Digital de Asturias\",\"description\":\"Estrasburgo (Francia), 6 feb (EFE).- El Parlamento Europeo (PE) ha votado hoy en contra de que el etiquetado de la carne de ave y de ganado ovino, caprino y porcino mencione solo con car\\u00e1cter obligatorio el lugar de cr\\u00eda y de sacrificio del animal. En su lugar propone que las normas vigentes para el vacuno,\",\"inLanguage\":\"es-ES\",\"isPartOf\":{\"@id\":\"https:\\\/\\\/www.eldigitaldeasturias.com\\\/noticias\\\/#website\"},\"breadcrumb\":{\"@id\":\"https:\\\/\\\/www.eldigitaldeasturias.com\\\/noticias\\\/el-pe-rechaza-que-el-etiquetado-de-la-carne-indique-solo-lugar-de-cria-y-sacrificio\\\/#breadcrumblist\"},\"author\":{\"@id\":\"https:\\\/\\\/www.eldigitaldeasturias.com\\\/noticias\\\/author\\\/admin\\\/#author\"},\"creator\":{\"@id\":\"https:\\\/\\\/www.eldigitaldeasturias.com\\\/noticias\\\/author\\\/admin\\\/#author\"},\"image\":{\"@type\":\"ImageObject\",\"url\":485769,\"@id\":\"https:\\\/\\\/www.eldigitaldeasturias.com\\\/noticias\\\/el-pe-rechaza-que-el-etiquetado-de-la-carne-indique-solo-lugar-de-cria-y-sacrificio\\\/#mainImage\"},\"primaryImageOfPage\":{\"@id\":\"https:\\\/\\\/www.eldigitaldeasturias.com\\\/noticias\\\/el-pe-rechaza-que-el-etiquetado-de-la-carne-indique-solo-lugar-de-cria-y-sacrificio\\\/#mainImage\"},\"datePublished\":\"2014-02-07T17:16:26+01:00\",\"dateModified\":\"2014-02-07T17:16:26+01:00\"},{\"@type\":\"WebSite\",\"@id\":\"https:\\\/\\\/www.eldigitaldeasturias.com\\\/noticias\\\/#website\",\"url\":\"https:\\\/\\\/www.eldigitaldeasturias.com\\\/noticias\\\/\",\"name\":\"El Digital de Asturias - Diario de actualidad y noticias\",\"alternateName\":\"El Digital de Asturias - Diario de actualidad y noticias\",\"description\":\"Hemeroteca\",\"inLanguage\":\"es-ES\",\"publisher\":{\"@id\":\"https:\\\/\\\/www.eldigitaldeasturias.com\\\/noticias\\\/#organization\"}}]}\n\t\t<\/script>\n\t\t<!-- All in One SEO Pro -->\r\n\t\t<title>El PE rechaza que el etiquetado de la carne indique s\u00f3lo lugar de cr\u00eda y sacrificio - El Digital de Asturias<\/title>\n\n","aioseo_head_json":{"title":"El PE rechaza que el etiquetado de la carne indique s\u00f3lo lugar de cr\u00eda y sacrificio - El Digital de Asturias","description":"Estrasburgo (Francia), 6 feb (EFE).- El Parlamento Europeo (PE) ha votado hoy en contra de que el etiquetado de la carne de ave y de ganado ovino, caprino y porcino mencione solo con car\u00e1cter obligatorio el lugar de cr\u00eda y de sacrificio del animal. En su lugar propone que las normas vigentes para el vacuno,","canonical_url":"https:\/\/www.eldigitaldeasturias.com\/noticias\/el-pe-rechaza-que-el-etiquetado-de-la-carne-indique-solo-lugar-de-cria-y-sacrificio\/","robots":"max-image-preview:large","keywords":"actualidad","webmasterTools":{"google-site-verification":"UA-38556648-1","msvalidate.01":"7dfe9f3f1b24437ab69f4f2559babe99","miscellaneous":""},"schema":{"@context":"https:\/\/schema.org","@graph":[{"@type":"BlogPosting","@id":"https:\/\/www.eldigitaldeasturias.com\/noticias\/el-pe-rechaza-que-el-etiquetado-de-la-carne-indique-solo-lugar-de-cria-y-sacrificio\/#blogposting","name":"El PE rechaza que el etiquetado de la carne indique s\u00f3lo lugar de cr\u00eda y sacrificio - El Digital de Asturias","headline":"El PE rechaza que el etiquetado de la carne indique s\u00f3lo lugar de cr\u00eda y sacrificio","author":{"@id":"https:\/\/www.eldigitaldeasturias.com\/noticias\/author\/admin\/#author"},"publisher":{"@id":"https:\/\/www.eldigitaldeasturias.com\/noticias\/#organization"},"image":{"@type":"ImageObject","url":485769},"datePublished":"2014-02-07T17:16:26+01:00","dateModified":"2014-02-07T17:16:26+01:00","inLanguage":"es-ES","mainEntityOfPage":{"@id":"https:\/\/www.eldigitaldeasturias.com\/noticias\/el-pe-rechaza-que-el-etiquetado-de-la-carne-indique-solo-lugar-de-cria-y-sacrificio\/#webpage"},"isPartOf":{"@id":"https:\/\/www.eldigitaldeasturias.com\/noticias\/el-pe-rechaza-que-el-etiquetado-de-la-carne-indique-solo-lugar-de-cria-y-sacrificio\/#webpage"},"articleSection":"Actualidad"},{"@type":"BreadcrumbList","@id":"https:\/\/www.eldigitaldeasturias.com\/noticias\/el-pe-rechaza-que-el-etiquetado-de-la-carne-indique-solo-lugar-de-cria-y-sacrificio\/#breadcrumblist","itemListElement":[{"@type":"ListItem","@id":"https:\/\/www.eldigitaldeasturias.com\/noticias#listItem","position":1,"name":"Home","item":"https:\/\/www.eldigitaldeasturias.com\/noticias","nextItem":{"@type":"ListItem","@id":"https:\/\/www.eldigitaldeasturias.com\/noticias\/category\/actualidad\/#listItem","name":"Actualidad"}},{"@type":"ListItem","@id":"https:\/\/www.eldigitaldeasturias.com\/noticias\/category\/actualidad\/#listItem","position":2,"name":"Actualidad","item":"https:\/\/www.eldigitaldeasturias.com\/noticias\/category\/actualidad\/","nextItem":{"@type":"ListItem","@id":"https:\/\/www.eldigitaldeasturias.com\/noticias\/el-pe-rechaza-que-el-etiquetado-de-la-carne-indique-solo-lugar-de-cria-y-sacrificio\/#listItem","name":"El PE rechaza que el etiquetado de la carne indique s\u00f3lo lugar de cr\u00eda y sacrificio"},"previousItem":{"@type":"ListItem","@id":"https:\/\/www.eldigitaldeasturias.com\/noticias#listItem","name":"Home"}},{"@type":"ListItem","@id":"https:\/\/www.eldigitaldeasturias.com\/noticias\/el-pe-rechaza-que-el-etiquetado-de-la-carne-indique-solo-lugar-de-cria-y-sacrificio\/#listItem","position":3,"name":"El PE rechaza que el etiquetado de la carne indique s\u00f3lo lugar de cr\u00eda y sacrificio","previousItem":{"@type":"ListItem","@id":"https:\/\/www.eldigitaldeasturias.com\/noticias\/category\/actualidad\/#listItem","name":"Actualidad"}}]},{"@type":"Organization","@id":"https:\/\/www.eldigitaldeasturias.com\/noticias\/#organization","name":"El Digital de Asturias","description":"Hemeroteca","url":"https:\/\/www.eldigitaldeasturias.com\/noticias\/","email":"info@eldigitaldeasturias.com","telephone":"+34652131393","logo":{"@type":"ImageObject","url":"https:\/\/www.eldigitaldeasturias.com\/noticias\/wp-content\/uploads\/2020\/12\/EDA.jpg","@id":"https:\/\/www.eldigitaldeasturias.com\/noticias\/el-pe-rechaza-que-el-etiquetado-de-la-carne-indique-solo-lugar-de-cria-y-sacrificio\/#organizationLogo"},"image":{"@id":"https:\/\/www.eldigitaldeasturias.com\/noticias\/el-pe-rechaza-que-el-etiquetado-de-la-carne-indique-solo-lugar-de-cria-y-sacrificio\/#organizationLogo"},"sameAs":["https:\/\/facebook.com\/eldigitaldeasturias","https:\/\/www.youtube.com\/channel\/UCZP-2wLEB9Rv6erhFmqVnvg"],"address":{"@id":"https:\/\/www.eldigitaldeasturias.com\/noticias\/#postaladdress","@type":"PostalAddress","streetAddress":"san antonio 4","postalCode":"33430","addressLocality":"Cand\u00e1s","addressRegion":"Asturias","addressCountry":"ES"}},{"@type":"Person","@id":"https:\/\/www.eldigitaldeasturias.com\/noticias\/author\/admin\/#author","url":"https:\/\/www.eldigitaldeasturias.com\/noticias\/author\/admin\/","name":"El Digital de Asturias","image":{"@type":"ImageObject","@id":"https:\/\/www.eldigitaldeasturias.com\/noticias\/el-pe-rechaza-que-el-etiquetado-de-la-carne-indique-solo-lugar-de-cria-y-sacrificio\/#authorImage","url":"https:\/\/secure.gravatar.com\/avatar\/df2aeffc32bcd13f8d26072ef8a91b623d677766deac7f97ca815868cd41bf5e?s=96&d=mm&r=g","width":96,"height":96,"caption":"El Digital de Asturias"}},{"@type":"WebPage","@id":"https:\/\/www.eldigitaldeasturias.com\/noticias\/el-pe-rechaza-que-el-etiquetado-de-la-carne-indique-solo-lugar-de-cria-y-sacrificio\/#webpage","url":"https:\/\/www.eldigitaldeasturias.com\/noticias\/el-pe-rechaza-que-el-etiquetado-de-la-carne-indique-solo-lugar-de-cria-y-sacrificio\/","name":"El PE rechaza que el etiquetado de la carne indique s\u00f3lo lugar de cr\u00eda y sacrificio - El Digital de Asturias","description":"Estrasburgo (Francia), 6 feb (EFE).- El Parlamento Europeo (PE) ha votado hoy en contra de que el etiquetado de la carne de ave y de ganado ovino, caprino y porcino mencione solo con car\u00e1cter obligatorio el lugar de cr\u00eda y de sacrificio del animal. En su lugar propone que las normas vigentes para el vacuno,","inLanguage":"es-ES","isPartOf":{"@id":"https:\/\/www.eldigitaldeasturias.com\/noticias\/#website"},"breadcrumb":{"@id":"https:\/\/www.eldigitaldeasturias.com\/noticias\/el-pe-rechaza-que-el-etiquetado-de-la-carne-indique-solo-lugar-de-cria-y-sacrificio\/#breadcrumblist"},"author":{"@id":"https:\/\/www.eldigitaldeasturias.com\/noticias\/author\/admin\/#author"},"creator":{"@id":"https:\/\/www.eldigitaldeasturias.com\/noticias\/author\/admin\/#author"},"image":{"@type":"ImageObject","url":485769,"@id":"https:\/\/www.eldigitaldeasturias.com\/noticias\/el-pe-rechaza-que-el-etiquetado-de-la-carne-indique-solo-lugar-de-cria-y-sacrificio\/#mainImage"},"primaryImageOfPage":{"@id":"https:\/\/www.eldigitaldeasturias.com\/noticias\/el-pe-rechaza-que-el-etiquetado-de-la-carne-indique-solo-lugar-de-cria-y-sacrificio\/#mainImage"},"datePublished":"2014-02-07T17:16:26+01:00","dateModified":"2014-02-07T17:16:26+01:00"},{"@type":"WebSite","@id":"https:\/\/www.eldigitaldeasturias.com\/noticias\/#website","url":"https:\/\/www.eldigitaldeasturias.com\/noticias\/","name":"El Digital de Asturias - Diario de actualidad y noticias","alternateName":"El Digital de Asturias - Diario de actualidad y noticias","description":"Hemeroteca","inLanguage":"es-ES","publisher":{"@id":"https:\/\/www.eldigitaldeasturias.com\/noticias\/#organization"}}]},"og:locale":"es_ES","og:site_name":"El Digital de Asturias","og:type":"article","og:title":"El PE rechaza que el etiquetado de la carne indique s\u00f3lo lugar de cr\u00eda y sacrificio - El Digital de Asturias","og:description":"Estrasburgo (Francia), 6 feb (EFE).- El Parlamento Europeo (PE) ha votado hoy en contra de que el etiquetado de la carne de ave y de ganado ovino, caprino y porcino mencione solo con car\u00e1cter obligatorio el lugar de cr\u00eda y de sacrificio del animal. En su lugar propone que las normas vigentes para el vacuno,","og:url":"https:\/\/www.eldigitaldeasturias.com\/noticias\/el-pe-rechaza-que-el-etiquetado-de-la-carne-indique-solo-lugar-de-cria-y-sacrificio\/","article:tag":["actualidad"],"article:published_time":"2014-02-07T18:16:26+00:00","article:modified_time":"2014-02-07T18:16:26+00:00","article:publisher":"https:\/\/facebook.com\/eldigitaldeasturias","twitter:card":"summary_large_image","twitter:title":"El PE rechaza que el etiquetado de la carne indique s\u00f3lo lugar de cr\u00eda y sacrificio - El Digital de Asturias","twitter:description":"Estrasburgo (Francia), 6 feb (EFE).- El Parlamento Europeo (PE) ha votado hoy en contra de que el etiquetado de la carne de ave y de ganado ovino, caprino y porcino mencione solo con car\u00e1cter obligatorio el lugar de cr\u00eda y de sacrificio del animal. En su lugar propone que las normas vigentes para el vacuno,","twitter:label1":"Escrito por","twitter:data1":"El Digital de Asturias","twitter:label2":"Tiempo de lectura estimado","twitter:data2":"2 minutos"},"aioseo_meta_data":{"post_id":"485768","title":null,"description":null,"keywords":null,"keyphrases":null,"primary_term":null,"canonical_url":null,"og_title":null,"og_description":null,"og_object_type":"default","og_image_type":"default","og_image_url":null,"og_image_width":null,"og_image_height":null,"og_image_custom_url":null,"og_image_custom_fields":null,"og_video":null,"og_custom_url":null,"og_article_section":null,"og_article_tags":null,"twitter_use_og":true,"twitter_card":"default","twitter_image_type":"default","twitter_image_url":null,"twitter_image_custom_url":null,"twitter_image_custom_fields":null,"twitter_title":null,"twitter_description":null,"schema":{"blockGraphs":[],"customGraphs":[],"default":{"data":{"Article":[],"Course":[],"Dataset":[],"FAQPage":[],"Movie":[],"Person":[],"Product":[],"ProductReview":[],"Car":[],"Recipe":[],"Service":[],"SoftwareApplication":[],"WebPage":[]},"graphName":"","isEnabled":true},"graphs":[],"defaultGraph":"","defaultPostTypeGraph":""},"schema_type":null,"schema_type_options":null,"pillar_content":false,"robots_default":true,"robots_noindex":false,"robots_noarchive":false,"robots_nosnippet":false,"robots_nofollow":false,"robots_noimageindex":false,"robots_noodp":false,"robots_notranslate":false,"robots_max_snippet":null,"robots_max_videopreview":null,"robots_max_imagepreview":"none","priority":null,"frequency":null,"local_seo":null,"seo_analyzer_scan_date":"2026-06-02 21:56:48","breadcrumb_settings":null,"limit_modified_date":false,"open_ai":null,"ai":null,"created":"2020-11-14 22:55:26","updated":"2026-06-02 21:56:48","focus_keyword":null,"additional_keywords":null,"truseo_locale":null},"aioseo_breadcrumb":"<div class=\"aioseo-breadcrumbs\"><span class=\"aioseo-breadcrumb\">\n\t<a href=\"https:\/\/www.eldigitaldeasturias.com\/noticias\" title=\"Home\">Home<\/a>\n<\/span><span class=\"aioseo-breadcrumb-separator\">\u2013<\/span><span class=\"aioseo-breadcrumb\">\n\t<a href=\"https:\/\/www.eldigitaldeasturias.com\/noticias\/category\/actualidad\/\" title=\"Actualidad\">Actualidad<\/a>\n<\/span><span class=\"aioseo-breadcrumb-separator\">\u2013<\/span><span class=\"aioseo-breadcrumb\">\n\t<a href=\"https:\/\/www.eldigitaldeasturias.com\/noticias\/el-pe-rechaza-que-el-etiquetado-de-la-carne-indique-solo-lugar-de-cria-y-sacrificio\/\" title=\"El PE rechaza que el etiquetado de la carne indique s\u00f3lo lugar de cr\u00eda y sacrificio\">El PE rechaza que el etiquetado de la carne indique s\u00f3lo lugar de cr\u00eda y sacrificio<\/a>\n<\/span><\/div>","aioseo_breadcrumb_json":[{"label":"Home","link":"https:\/\/www.eldigitaldeasturias.com\/noticias"},{"label":"Actualidad","link":"https:\/\/www.eldigitaldeasturias.com\/noticias\/category\/actualidad\/"},{"label":"El PE rechaza que el etiquetado de la carne indique s\u00f3lo lugar de cr\u00eda y sacrificio","link":"https:\/\/www.eldigitaldeasturias.com\/noticias\/el-pe-rechaza-que-el-etiquetado-de-la-carne-indique-solo-lugar-de-cria-y-sacrificio\/"}],"_links":{"self":[{"href":"https:\/\/www.eldigitaldeasturias.com\/noticias\/wp-json\/wp\/v2\/posts\/485768","targetHints":{"allow":["GET"]}}],"collection":[{"href":"https:\/\/www.eldigitaldeasturias.com\/noticias\/wp-json\/wp\/v2\/posts"}],"about":[{"href":"https:\/\/www.eldigitaldeasturias.com\/noticias\/wp-json\/wp\/v2\/types\/post"}],"author":[{"embeddable":true,"href":"https:\/\/www.eldigitaldeasturias.com\/noticias\/wp-json\/wp\/v2\/users\/1"}],"replies":[{"embeddable":true,"href":"https:\/\/www.eldigitaldeasturias.com\/noticias\/wp-json\/wp\/v2\/comments?post=485768"}],"version-history":[{"count":0,"href":"https:\/\/www.eldigitaldeasturias.com\/noticias\/wp-json\/wp\/v2\/posts\/485768\/revisions"}],"wp:attachment":[{"href":"https:\/\/www.eldigitaldeasturias.com\/noticias\/wp-json\/wp\/v2\/media?parent=485768"}],"wp:term":[{"taxonomy":"category","embeddable":true,"href":"https:\/\/www.eldigitaldeasturias.com\/noticias\/wp-json\/wp\/v2\/categories?post=485768"},{"taxonomy":"post_tag","embeddable":true,"href":"https:\/\/www.eldigitaldeasturias.com\/noticias\/wp-json\/wp\/v2\/tags?post=485768"}],"curies":[{"name":"wp","href":"https:\/\/api.w.org\/{rel}","templated":true}]}}