{"id":485762,"date":"2014-02-07T17:14:20","date_gmt":"2014-02-07T18:14:20","guid":{"rendered":"http:\/\/www.eldigitaldeasturias.com\/noticias\/?p=485762"},"modified":"2014-02-07T17:14:20","modified_gmt":"2014-02-07T18:14:20","slug":"argelia-indemnizara-a-las-mujeres-violadas-por-terroristas","status":"publish","type":"post","link":"https:\/\/www.eldigitaldeasturias.com\/noticias\/argelia-indemnizara-a-las-mujeres-violadas-por-terroristas\/","title":{"rendered":"Argelia indemnizar\u00e1 a las mujeres violadas por terroristas"},"content":{"rendered":"<p><img loading=\"lazy\" decoding=\"async\" class=\"alignleft size-medium wp-image-485763\" alt=\"5918456w\" src=\"https:\/\/www.eldigitaldeasturias.com\/noticias\/wp-content\/uploads\/2014\/02\/5918456w-360x238.jpg\" width=\"360\" height=\"238\" \/>Argelia, 6 feb (EFE).- El Gobierno argelino decret\u00f3 considerar a las mujeres violadas por terroristas como v\u00edctimas del terrorismo, y, por lo tanto, podr\u00e1n recibir una indemnizaci\u00f3n econ\u00f3mica, seg\u00fan un decreto difundido hoy por la agencia oficial argelina APS.<\/p>\n<p>Seg\u00fan el decreto ejecutivo recogido por la agencia estatal y publicado el pasado s\u00e1bado, \u00abes considerada igualmente como v\u00edctima de un acto terrorista toda mujer que haya sufrido una violaci\u00f3n cometida por un terrorista o un grupo de terroristas\u00bb.<\/p>\n<p>Esta norma legal completa las disposiciones aprobadas en febrero de 1999, seg\u00fan las cuales tienen derecho a indemnizaci\u00f3n las personas que sean v\u00edctimas de da\u00f1os corporales o materiales como consecuencia de actos terroristas o de accidentes ocurridos en el marco de la lucha antiterrorista.<\/p>\n<p>El decreto, firmado por el primer ministro, Abdelmalek Selal, tambi\u00e9n indica que las v\u00edctimas no \u00abtendr\u00e1n la obligaci\u00f3n de presentar pruebas suplementarias al proceso verbal establecido por las fuerzas de seguridad\u00bb.<\/p>\n<p>En 1991, el ahora ilegalizado Frente Isl\u00e1mico de Salvaci\u00f3n se impuso en las primeras elecciones legislativas plurales del pa\u00eds. No obstante, el proceso electoral fue interrumpido bruscamente por el Ej\u00e9rcito, lo que deriv\u00f3 en un sangriento conflicto armado en el que murieron alrededor 200.000 personas.<\/p>\n","protected":false},"excerpt":{"rendered":"<p>Argelia, 6 feb (EFE).- El Gobierno argelino decret\u00f3 considerar a las mujeres violadas por terroristas como v\u00edctimas del terrorismo, y, por lo tanto, podr\u00e1n recibir una indemnizaci\u00f3n econ\u00f3mica, seg\u00fan un decreto difundido hoy por la agencia oficial argelina APS. Seg\u00fan el decreto ejecutivo recogido por la agencia estatal y publicado el pasado s\u00e1bado, \u00abes considerada [&hellip;]<\/p>\n","protected":false},"author":1,"featured_media":485763,"comment_status":"closed","ping_status":"open","sticky":false,"template":"","format":"standard","meta":{"footnotes":""},"categories":[1],"tags":[],"class_list":["post-485762","post","type-post","status-publish","format-standard","has-post-thumbnail","hentry","category-actualidad"],"aioseo_notices":[],"aioseo_head":"\n\t\t<!-- All in One SEO Pro 5.0.1 - aioseo.com -->\n\t<meta name=\"description\" content=\"Argelia, 6 feb (EFE).- El Gobierno argelino decret\u00f3 considerar a las mujeres violadas por terroristas como v\u00edctimas del terrorismo, y, por lo tanto, podr\u00e1n recibir una indemnizaci\u00f3n econ\u00f3mica, seg\u00fan un decreto difundido hoy por la agencia oficial argelina APS. Seg\u00fan el decreto ejecutivo recogido por la agencia estatal y publicado el pasado s\u00e1bado, &quot;es considerada\" \/>\n\t<meta name=\"robots\" content=\"max-image-preview:large\" \/>\n\t<meta name=\"author\" content=\"El Digital de Asturias\"\/>\n\t<meta name=\"google-site-verification\" content=\"UA-38556648-1\" \/>\n\t<meta name=\"msvalidate.01\" content=\"7dfe9f3f1b24437ab69f4f2559babe99\" \/>\n\t<meta name=\"keywords\" content=\"actualidad\" \/>\n\t<link rel=\"canonical\" href=\"https:\/\/www.eldigitaldeasturias.com\/noticias\/argelia-indemnizara-a-las-mujeres-violadas-por-terroristas\/\" \/>\n\t<meta name=\"generator\" content=\"All in One SEO Pro (AIOSEO) 5.0.1\" \/>\n\t\t<meta property=\"og:locale\" content=\"es_ES\" \/>\n\t\t<meta property=\"og:site_name\" content=\"El Digital de Asturias\" \/>\n\t\t<meta property=\"og:type\" content=\"article\" \/>\n\t\t<meta property=\"og:title\" content=\"Argelia indemnizar\u00e1 a las mujeres violadas por terroristas - El Digital de Asturias\" \/>\n\t\t<meta property=\"og:description\" content=\"Argelia, 6 feb (EFE).- El Gobierno argelino decret\u00f3 considerar a las mujeres violadas por terroristas como v\u00edctimas del terrorismo, y, por lo tanto, podr\u00e1n recibir una indemnizaci\u00f3n econ\u00f3mica, seg\u00fan un decreto difundido hoy por la agencia oficial argelina APS. Seg\u00fan el decreto ejecutivo recogido por la agencia estatal y publicado el pasado s\u00e1bado, &quot;es considerada\" \/>\n\t\t<meta property=\"og:url\" content=\"https:\/\/www.eldigitaldeasturias.com\/noticias\/argelia-indemnizara-a-las-mujeres-violadas-por-terroristas\/\" \/>\n\t\t<meta property=\"article:tag\" content=\"actualidad\" \/>\n\t\t<meta property=\"article:published_time\" content=\"2014-02-07T18:14:20+00:00\" \/>\n\t\t<meta property=\"article:modified_time\" content=\"2014-02-07T18:14:20+00:00\" \/>\n\t\t<meta property=\"article:publisher\" content=\"https:\/\/facebook.com\/eldigitaldeasturias\" \/>\n\t\t<meta name=\"twitter:card\" content=\"summary_large_image\" \/>\n\t\t<meta name=\"twitter:title\" content=\"Argelia indemnizar\u00e1 a las mujeres violadas por terroristas - El Digital de Asturias\" \/>\n\t\t<meta name=\"twitter:description\" content=\"Argelia, 6 feb (EFE).- El Gobierno argelino decret\u00f3 considerar a las mujeres violadas por terroristas como v\u00edctimas del terrorismo, y, por lo tanto, podr\u00e1n recibir una indemnizaci\u00f3n econ\u00f3mica, seg\u00fan un decreto difundido hoy por la agencia oficial argelina APS. Seg\u00fan el decreto ejecutivo recogido por la agencia estatal y publicado el pasado s\u00e1bado, &quot;es considerada\" \/>\n\t\t<meta name=\"twitter:label1\" content=\"Escrito por\" \/>\n\t\t<meta name=\"twitter:data1\" content=\"El Digital de Asturias\" \/>\n\t\t<meta name=\"twitter:label2\" content=\"Tiempo de lectura estimado\" \/>\n\t\t<meta name=\"twitter:data2\" content=\"1 minuto\" \/>\n\t\t<script type=\"application\/ld+json\" class=\"aioseo-schema\">\n\t\t\t{\"@context\":\"https:\\\/\\\/schema.org\",\"@graph\":[{\"@type\":\"BlogPosting\",\"@id\":\"https:\\\/\\\/www.eldigitaldeasturias.com\\\/noticias\\\/argelia-indemnizara-a-las-mujeres-violadas-por-terroristas\\\/#blogposting\",\"name\":\"Argelia indemnizar\\u00e1 a las mujeres violadas por terroristas - El Digital de Asturias\",\"headline\":\"Argelia indemnizar\\u00e1 a las mujeres violadas por terroristas\",\"author\":{\"@id\":\"https:\\\/\\\/www.eldigitaldeasturias.com\\\/noticias\\\/author\\\/admin\\\/#author\"},\"publisher\":{\"@id\":\"https:\\\/\\\/www.eldigitaldeasturias.com\\\/noticias\\\/#organization\"},\"image\":{\"@type\":\"ImageObject\",\"url\":485763},\"datePublished\":\"2014-02-07T17:14:20+01:00\",\"dateModified\":\"2014-02-07T17:14:20+01:00\",\"inLanguage\":\"es-ES\",\"mainEntityOfPage\":{\"@id\":\"https:\\\/\\\/www.eldigitaldeasturias.com\\\/noticias\\\/argelia-indemnizara-a-las-mujeres-violadas-por-terroristas\\\/#webpage\"},\"isPartOf\":{\"@id\":\"https:\\\/\\\/www.eldigitaldeasturias.com\\\/noticias\\\/argelia-indemnizara-a-las-mujeres-violadas-por-terroristas\\\/#webpage\"},\"articleSection\":\"Actualidad\"},{\"@type\":\"BreadcrumbList\",\"@id\":\"https:\\\/\\\/www.eldigitaldeasturias.com\\\/noticias\\\/argelia-indemnizara-a-las-mujeres-violadas-por-terroristas\\\/#breadcrumblist\",\"itemListElement\":[{\"@type\":\"ListItem\",\"@id\":\"https:\\\/\\\/www.eldigitaldeasturias.com\\\/noticias#listItem\",\"position\":1,\"name\":\"Home\",\"item\":\"https:\\\/\\\/www.eldigitaldeasturias.com\\\/noticias\",\"nextItem\":{\"@type\":\"ListItem\",\"@id\":\"https:\\\/\\\/www.eldigitaldeasturias.com\\\/noticias\\\/category\\\/actualidad\\\/#listItem\",\"name\":\"Actualidad\"}},{\"@type\":\"ListItem\",\"@id\":\"https:\\\/\\\/www.eldigitaldeasturias.com\\\/noticias\\\/category\\\/actualidad\\\/#listItem\",\"position\":2,\"name\":\"Actualidad\",\"item\":\"https:\\\/\\\/www.eldigitaldeasturias.com\\\/noticias\\\/category\\\/actualidad\\\/\",\"nextItem\":{\"@type\":\"ListItem\",\"@id\":\"https:\\\/\\\/www.eldigitaldeasturias.com\\\/noticias\\\/argelia-indemnizara-a-las-mujeres-violadas-por-terroristas\\\/#listItem\",\"name\":\"Argelia indemnizar\\u00e1 a las mujeres violadas por terroristas\"},\"previousItem\":{\"@type\":\"ListItem\",\"@id\":\"https:\\\/\\\/www.eldigitaldeasturias.com\\\/noticias#listItem\",\"name\":\"Home\"}},{\"@type\":\"ListItem\",\"@id\":\"https:\\\/\\\/www.eldigitaldeasturias.com\\\/noticias\\\/argelia-indemnizara-a-las-mujeres-violadas-por-terroristas\\\/#listItem\",\"position\":3,\"name\":\"Argelia indemnizar\\u00e1 a las mujeres violadas por terroristas\",\"previousItem\":{\"@type\":\"ListItem\",\"@id\":\"https:\\\/\\\/www.eldigitaldeasturias.com\\\/noticias\\\/category\\\/actualidad\\\/#listItem\",\"name\":\"Actualidad\"}}]},{\"@type\":\"Organization\",\"@id\":\"https:\\\/\\\/www.eldigitaldeasturias.com\\\/noticias\\\/#organization\",\"name\":\"El Digital de Asturias\",\"description\":\"Hemeroteca\",\"url\":\"https:\\\/\\\/www.eldigitaldeasturias.com\\\/noticias\\\/\",\"email\":\"info@eldigitaldeasturias.com\",\"telephone\":\"+34652131393\",\"logo\":{\"@type\":\"ImageObject\",\"url\":\"https:\\\/\\\/www.eldigitaldeasturias.com\\\/noticias\\\/wp-content\\\/uploads\\\/2020\\\/12\\\/EDA.jpg\",\"@id\":\"https:\\\/\\\/www.eldigitaldeasturias.com\\\/noticias\\\/argelia-indemnizara-a-las-mujeres-violadas-por-terroristas\\\/#organizationLogo\"},\"image\":{\"@id\":\"https:\\\/\\\/www.eldigitaldeasturias.com\\\/noticias\\\/argelia-indemnizara-a-las-mujeres-violadas-por-terroristas\\\/#organizationLogo\"},\"sameAs\":[\"https:\\\/\\\/facebook.com\\\/eldigitaldeasturias\",\"https:\\\/\\\/www.youtube.com\\\/channel\\\/UCZP-2wLEB9Rv6erhFmqVnvg\"],\"address\":{\"@id\":\"https:\\\/\\\/www.eldigitaldeasturias.com\\\/noticias\\\/#postaladdress\",\"@type\":\"PostalAddress\",\"streetAddress\":\"san antonio 4\",\"postalCode\":\"33430\",\"addressLocality\":\"Cand\\u00e1s\",\"addressRegion\":\"Asturias\",\"addressCountry\":\"ES\"}},{\"@type\":\"Person\",\"@id\":\"https:\\\/\\\/www.eldigitaldeasturias.com\\\/noticias\\\/author\\\/admin\\\/#author\",\"url\":\"https:\\\/\\\/www.eldigitaldeasturias.com\\\/noticias\\\/author\\\/admin\\\/\",\"name\":\"El Digital de Asturias\",\"image\":{\"@type\":\"ImageObject\",\"@id\":\"https:\\\/\\\/www.eldigitaldeasturias.com\\\/noticias\\\/argelia-indemnizara-a-las-mujeres-violadas-por-terroristas\\\/#authorImage\",\"url\":\"https:\\\/\\\/secure.gravatar.com\\\/avatar\\\/df2aeffc32bcd13f8d26072ef8a91b623d677766deac7f97ca815868cd41bf5e?s=96&d=mm&r=g\",\"width\":96,\"height\":96,\"caption\":\"El Digital de Asturias\"}},{\"@type\":\"WebPage\",\"@id\":\"https:\\\/\\\/www.eldigitaldeasturias.com\\\/noticias\\\/argelia-indemnizara-a-las-mujeres-violadas-por-terroristas\\\/#webpage\",\"url\":\"https:\\\/\\\/www.eldigitaldeasturias.com\\\/noticias\\\/argelia-indemnizara-a-las-mujeres-violadas-por-terroristas\\\/\",\"name\":\"Argelia indemnizar\\u00e1 a las mujeres violadas por terroristas - El Digital de Asturias\",\"description\":\"Argelia, 6 feb (EFE).- El Gobierno argelino decret\\u00f3 considerar a las mujeres violadas por terroristas como v\\u00edctimas del terrorismo, y, por lo tanto, podr\\u00e1n recibir una indemnizaci\\u00f3n econ\\u00f3mica, seg\\u00fan un decreto difundido hoy por la agencia oficial argelina APS. Seg\\u00fan el decreto ejecutivo recogido por la agencia estatal y publicado el pasado s\\u00e1bado, \\\"es considerada\",\"inLanguage\":\"es-ES\",\"isPartOf\":{\"@id\":\"https:\\\/\\\/www.eldigitaldeasturias.com\\\/noticias\\\/#website\"},\"breadcrumb\":{\"@id\":\"https:\\\/\\\/www.eldigitaldeasturias.com\\\/noticias\\\/argelia-indemnizara-a-las-mujeres-violadas-por-terroristas\\\/#breadcrumblist\"},\"author\":{\"@id\":\"https:\\\/\\\/www.eldigitaldeasturias.com\\\/noticias\\\/author\\\/admin\\\/#author\"},\"creator\":{\"@id\":\"https:\\\/\\\/www.eldigitaldeasturias.com\\\/noticias\\\/author\\\/admin\\\/#author\"},\"image\":{\"@type\":\"ImageObject\",\"url\":485763,\"@id\":\"https:\\\/\\\/www.eldigitaldeasturias.com\\\/noticias\\\/argelia-indemnizara-a-las-mujeres-violadas-por-terroristas\\\/#mainImage\"},\"primaryImageOfPage\":{\"@id\":\"https:\\\/\\\/www.eldigitaldeasturias.com\\\/noticias\\\/argelia-indemnizara-a-las-mujeres-violadas-por-terroristas\\\/#mainImage\"},\"datePublished\":\"2014-02-07T17:14:20+01:00\",\"dateModified\":\"2014-02-07T17:14:20+01:00\"},{\"@type\":\"WebSite\",\"@id\":\"https:\\\/\\\/www.eldigitaldeasturias.com\\\/noticias\\\/#website\",\"url\":\"https:\\\/\\\/www.eldigitaldeasturias.com\\\/noticias\\\/\",\"name\":\"El Digital de Asturias - Diario de actualidad y noticias\",\"alternateName\":\"El Digital de Asturias - Diario de actualidad y noticias\",\"description\":\"Hemeroteca\",\"inLanguage\":\"es-ES\",\"publisher\":{\"@id\":\"https:\\\/\\\/www.eldigitaldeasturias.com\\\/noticias\\\/#organization\"}}]}\n\t\t<\/script>\n\t\t<!-- All in One SEO Pro -->\r\n\t\t<title>Argelia indemnizar\u00e1 a las mujeres violadas por terroristas - El Digital de Asturias<\/title>\n\n","aioseo_head_json":{"title":"Argelia indemnizar\u00e1 a las mujeres violadas por terroristas - El Digital de Asturias","description":"Argelia, 6 feb (EFE).- El Gobierno argelino decret\u00f3 considerar a las mujeres violadas por terroristas como v\u00edctimas del terrorismo, y, por lo tanto, podr\u00e1n recibir una indemnizaci\u00f3n econ\u00f3mica, seg\u00fan un decreto difundido hoy por la agencia oficial argelina APS. Seg\u00fan el decreto ejecutivo recogido por la agencia estatal y publicado el pasado s\u00e1bado, \"es considerada","canonical_url":"https:\/\/www.eldigitaldeasturias.com\/noticias\/argelia-indemnizara-a-las-mujeres-violadas-por-terroristas\/","robots":"max-image-preview:large","keywords":"actualidad","webmasterTools":{"google-site-verification":"UA-38556648-1","msvalidate.01":"7dfe9f3f1b24437ab69f4f2559babe99","miscellaneous":""},"schema":{"@context":"https:\/\/schema.org","@graph":[{"@type":"BlogPosting","@id":"https:\/\/www.eldigitaldeasturias.com\/noticias\/argelia-indemnizara-a-las-mujeres-violadas-por-terroristas\/#blogposting","name":"Argelia indemnizar\u00e1 a las mujeres violadas por terroristas - El Digital de Asturias","headline":"Argelia indemnizar\u00e1 a las mujeres violadas por terroristas","author":{"@id":"https:\/\/www.eldigitaldeasturias.com\/noticias\/author\/admin\/#author"},"publisher":{"@id":"https:\/\/www.eldigitaldeasturias.com\/noticias\/#organization"},"image":{"@type":"ImageObject","url":485763},"datePublished":"2014-02-07T17:14:20+01:00","dateModified":"2014-02-07T17:14:20+01:00","inLanguage":"es-ES","mainEntityOfPage":{"@id":"https:\/\/www.eldigitaldeasturias.com\/noticias\/argelia-indemnizara-a-las-mujeres-violadas-por-terroristas\/#webpage"},"isPartOf":{"@id":"https:\/\/www.eldigitaldeasturias.com\/noticias\/argelia-indemnizara-a-las-mujeres-violadas-por-terroristas\/#webpage"},"articleSection":"Actualidad"},{"@type":"BreadcrumbList","@id":"https:\/\/www.eldigitaldeasturias.com\/noticias\/argelia-indemnizara-a-las-mujeres-violadas-por-terroristas\/#breadcrumblist","itemListElement":[{"@type":"ListItem","@id":"https:\/\/www.eldigitaldeasturias.com\/noticias#listItem","position":1,"name":"Home","item":"https:\/\/www.eldigitaldeasturias.com\/noticias","nextItem":{"@type":"ListItem","@id":"https:\/\/www.eldigitaldeasturias.com\/noticias\/category\/actualidad\/#listItem","name":"Actualidad"}},{"@type":"ListItem","@id":"https:\/\/www.eldigitaldeasturias.com\/noticias\/category\/actualidad\/#listItem","position":2,"name":"Actualidad","item":"https:\/\/www.eldigitaldeasturias.com\/noticias\/category\/actualidad\/","nextItem":{"@type":"ListItem","@id":"https:\/\/www.eldigitaldeasturias.com\/noticias\/argelia-indemnizara-a-las-mujeres-violadas-por-terroristas\/#listItem","name":"Argelia indemnizar\u00e1 a las mujeres violadas por terroristas"},"previousItem":{"@type":"ListItem","@id":"https:\/\/www.eldigitaldeasturias.com\/noticias#listItem","name":"Home"}},{"@type":"ListItem","@id":"https:\/\/www.eldigitaldeasturias.com\/noticias\/argelia-indemnizara-a-las-mujeres-violadas-por-terroristas\/#listItem","position":3,"name":"Argelia indemnizar\u00e1 a las mujeres violadas por terroristas","previousItem":{"@type":"ListItem","@id":"https:\/\/www.eldigitaldeasturias.com\/noticias\/category\/actualidad\/#listItem","name":"Actualidad"}}]},{"@type":"Organization","@id":"https:\/\/www.eldigitaldeasturias.com\/noticias\/#organization","name":"El Digital de Asturias","description":"Hemeroteca","url":"https:\/\/www.eldigitaldeasturias.com\/noticias\/","email":"info@eldigitaldeasturias.com","telephone":"+34652131393","logo":{"@type":"ImageObject","url":"https:\/\/www.eldigitaldeasturias.com\/noticias\/wp-content\/uploads\/2020\/12\/EDA.jpg","@id":"https:\/\/www.eldigitaldeasturias.com\/noticias\/argelia-indemnizara-a-las-mujeres-violadas-por-terroristas\/#organizationLogo"},"image":{"@id":"https:\/\/www.eldigitaldeasturias.com\/noticias\/argelia-indemnizara-a-las-mujeres-violadas-por-terroristas\/#organizationLogo"},"sameAs":["https:\/\/facebook.com\/eldigitaldeasturias","https:\/\/www.youtube.com\/channel\/UCZP-2wLEB9Rv6erhFmqVnvg"],"address":{"@id":"https:\/\/www.eldigitaldeasturias.com\/noticias\/#postaladdress","@type":"PostalAddress","streetAddress":"san antonio 4","postalCode":"33430","addressLocality":"Cand\u00e1s","addressRegion":"Asturias","addressCountry":"ES"}},{"@type":"Person","@id":"https:\/\/www.eldigitaldeasturias.com\/noticias\/author\/admin\/#author","url":"https:\/\/www.eldigitaldeasturias.com\/noticias\/author\/admin\/","name":"El Digital de Asturias","image":{"@type":"ImageObject","@id":"https:\/\/www.eldigitaldeasturias.com\/noticias\/argelia-indemnizara-a-las-mujeres-violadas-por-terroristas\/#authorImage","url":"https:\/\/secure.gravatar.com\/avatar\/df2aeffc32bcd13f8d26072ef8a91b623d677766deac7f97ca815868cd41bf5e?s=96&d=mm&r=g","width":96,"height":96,"caption":"El Digital de Asturias"}},{"@type":"WebPage","@id":"https:\/\/www.eldigitaldeasturias.com\/noticias\/argelia-indemnizara-a-las-mujeres-violadas-por-terroristas\/#webpage","url":"https:\/\/www.eldigitaldeasturias.com\/noticias\/argelia-indemnizara-a-las-mujeres-violadas-por-terroristas\/","name":"Argelia indemnizar\u00e1 a las mujeres violadas por terroristas - El Digital de Asturias","description":"Argelia, 6 feb (EFE).- El Gobierno argelino decret\u00f3 considerar a las mujeres violadas por terroristas como v\u00edctimas del terrorismo, y, por lo tanto, podr\u00e1n recibir una indemnizaci\u00f3n econ\u00f3mica, seg\u00fan un decreto difundido hoy por la agencia oficial argelina APS. Seg\u00fan el decreto ejecutivo recogido por la agencia estatal y publicado el pasado s\u00e1bado, \"es considerada","inLanguage":"es-ES","isPartOf":{"@id":"https:\/\/www.eldigitaldeasturias.com\/noticias\/#website"},"breadcrumb":{"@id":"https:\/\/www.eldigitaldeasturias.com\/noticias\/argelia-indemnizara-a-las-mujeres-violadas-por-terroristas\/#breadcrumblist"},"author":{"@id":"https:\/\/www.eldigitaldeasturias.com\/noticias\/author\/admin\/#author"},"creator":{"@id":"https:\/\/www.eldigitaldeasturias.com\/noticias\/author\/admin\/#author"},"image":{"@type":"ImageObject","url":485763,"@id":"https:\/\/www.eldigitaldeasturias.com\/noticias\/argelia-indemnizara-a-las-mujeres-violadas-por-terroristas\/#mainImage"},"primaryImageOfPage":{"@id":"https:\/\/www.eldigitaldeasturias.com\/noticias\/argelia-indemnizara-a-las-mujeres-violadas-por-terroristas\/#mainImage"},"datePublished":"2014-02-07T17:14:20+01:00","dateModified":"2014-02-07T17:14:20+01:00"},{"@type":"WebSite","@id":"https:\/\/www.eldigitaldeasturias.com\/noticias\/#website","url":"https:\/\/www.eldigitaldeasturias.com\/noticias\/","name":"El Digital de Asturias - Diario de actualidad y noticias","alternateName":"El Digital de Asturias - Diario de actualidad y noticias","description":"Hemeroteca","inLanguage":"es-ES","publisher":{"@id":"https:\/\/www.eldigitaldeasturias.com\/noticias\/#organization"}}]},"og:locale":"es_ES","og:site_name":"El Digital de Asturias","og:type":"article","og:title":"Argelia indemnizar\u00e1 a las mujeres violadas por terroristas - El Digital de Asturias","og:description":"Argelia, 6 feb (EFE).- El Gobierno argelino decret\u00f3 considerar a las mujeres violadas por terroristas como v\u00edctimas del terrorismo, y, por lo tanto, podr\u00e1n recibir una indemnizaci\u00f3n econ\u00f3mica, seg\u00fan un decreto difundido hoy por la agencia oficial argelina APS. Seg\u00fan el decreto ejecutivo recogido por la agencia estatal y publicado el pasado s\u00e1bado, &quot;es considerada","og:url":"https:\/\/www.eldigitaldeasturias.com\/noticias\/argelia-indemnizara-a-las-mujeres-violadas-por-terroristas\/","article:tag":["actualidad"],"article:published_time":"2014-02-07T18:14:20+00:00","article:modified_time":"2014-02-07T18:14:20+00:00","article:publisher":"https:\/\/facebook.com\/eldigitaldeasturias","twitter:card":"summary_large_image","twitter:title":"Argelia indemnizar\u00e1 a las mujeres violadas por terroristas - El Digital de Asturias","twitter:description":"Argelia, 6 feb (EFE).- El Gobierno argelino decret\u00f3 considerar a las mujeres violadas por terroristas como v\u00edctimas del terrorismo, y, por lo tanto, podr\u00e1n recibir una indemnizaci\u00f3n econ\u00f3mica, seg\u00fan un decreto difundido hoy por la agencia oficial argelina APS. Seg\u00fan el decreto ejecutivo recogido por la agencia estatal y publicado el pasado s\u00e1bado, &quot;es considerada","twitter:label1":"Escrito por","twitter:data1":"El Digital de Asturias","twitter:label2":"Tiempo de lectura estimado","twitter:data2":"1 minuto"},"aioseo_meta_data":{"post_id":"485762","title":null,"description":null,"keywords":null,"keyphrases":null,"primary_term":null,"canonical_url":null,"og_title":null,"og_description":null,"og_object_type":"default","og_image_type":"default","og_image_url":null,"og_image_width":null,"og_image_height":null,"og_image_custom_url":null,"og_image_custom_fields":null,"og_video":null,"og_custom_url":null,"og_article_section":null,"og_article_tags":null,"twitter_use_og":true,"twitter_card":"default","twitter_image_type":"default","twitter_image_url":null,"twitter_image_custom_url":null,"twitter_image_custom_fields":null,"twitter_title":null,"twitter_description":null,"schema":{"blockGraphs":[],"customGraphs":[],"default":{"data":{"Article":[],"Course":[],"Dataset":[],"FAQPage":[],"Movie":[],"Person":[],"Product":[],"ProductReview":[],"Car":[],"Recipe":[],"Service":[],"SoftwareApplication":[],"WebPage":[]},"graphName":"","isEnabled":true},"graphs":[],"defaultGraph":"","defaultPostTypeGraph":""},"schema_type":null,"schema_type_options":null,"pillar_content":false,"robots_default":true,"robots_noindex":false,"robots_noarchive":false,"robots_nosnippet":false,"robots_nofollow":false,"robots_noimageindex":false,"robots_noodp":false,"robots_notranslate":false,"robots_max_snippet":null,"robots_max_videopreview":null,"robots_max_imagepreview":"none","priority":null,"frequency":null,"local_seo":null,"seo_analyzer_scan_date":"2026-06-02 21:53:55","breadcrumb_settings":null,"limit_modified_date":false,"open_ai":null,"ai":null,"created":"2020-11-14 22:55:26","updated":"2026-06-02 21:53:55","focus_keyword":null,"additional_keywords":null,"truseo_locale":null},"aioseo_breadcrumb":"<div class=\"aioseo-breadcrumbs\"><span class=\"aioseo-breadcrumb\">\n\t<a href=\"https:\/\/www.eldigitaldeasturias.com\/noticias\" title=\"Home\">Home<\/a>\n<\/span><span class=\"aioseo-breadcrumb-separator\">\u2013<\/span><span class=\"aioseo-breadcrumb\">\n\t<a href=\"https:\/\/www.eldigitaldeasturias.com\/noticias\/category\/actualidad\/\" title=\"Actualidad\">Actualidad<\/a>\n<\/span><span class=\"aioseo-breadcrumb-separator\">\u2013<\/span><span class=\"aioseo-breadcrumb\">\n\t<a href=\"https:\/\/www.eldigitaldeasturias.com\/noticias\/argelia-indemnizara-a-las-mujeres-violadas-por-terroristas\/\" title=\"Argelia indemnizar\u00e1 a las mujeres violadas por terroristas\">Argelia indemnizar\u00e1 a las mujeres violadas por terroristas<\/a>\n<\/span><\/div>","aioseo_breadcrumb_json":[{"label":"Home","link":"https:\/\/www.eldigitaldeasturias.com\/noticias"},{"label":"Actualidad","link":"https:\/\/www.eldigitaldeasturias.com\/noticias\/category\/actualidad\/"},{"label":"Argelia indemnizar\u00e1 a las mujeres violadas por terroristas","link":"https:\/\/www.eldigitaldeasturias.com\/noticias\/argelia-indemnizara-a-las-mujeres-violadas-por-terroristas\/"}],"_links":{"self":[{"href":"https:\/\/www.eldigitaldeasturias.com\/noticias\/wp-json\/wp\/v2\/posts\/485762","targetHints":{"allow":["GET"]}}],"collection":[{"href":"https:\/\/www.eldigitaldeasturias.com\/noticias\/wp-json\/wp\/v2\/posts"}],"about":[{"href":"https:\/\/www.eldigitaldeasturias.com\/noticias\/wp-json\/wp\/v2\/types\/post"}],"author":[{"embeddable":true,"href":"https:\/\/www.eldigitaldeasturias.com\/noticias\/wp-json\/wp\/v2\/users\/1"}],"replies":[{"embeddable":true,"href":"https:\/\/www.eldigitaldeasturias.com\/noticias\/wp-json\/wp\/v2\/comments?post=485762"}],"version-history":[{"count":0,"href":"https:\/\/www.eldigitaldeasturias.com\/noticias\/wp-json\/wp\/v2\/posts\/485762\/revisions"}],"wp:attachment":[{"href":"https:\/\/www.eldigitaldeasturias.com\/noticias\/wp-json\/wp\/v2\/media?parent=485762"}],"wp:term":[{"taxonomy":"category","embeddable":true,"href":"https:\/\/www.eldigitaldeasturias.com\/noticias\/wp-json\/wp\/v2\/categories?post=485762"},{"taxonomy":"post_tag","embeddable":true,"href":"https:\/\/www.eldigitaldeasturias.com\/noticias\/wp-json\/wp\/v2\/tags?post=485762"}],"curies":[{"name":"wp","href":"https:\/\/api.w.org\/{rel}","templated":true}]}}