{"id":485744,"date":"2014-02-07T17:08:06","date_gmt":"2014-02-07T18:08:06","guid":{"rendered":"http:\/\/www.eldigitaldeasturias.com\/noticias\/?p=485744"},"modified":"2014-02-07T17:08:06","modified_gmt":"2014-02-07T18:08:06","slug":"la-onu-confirma-un-acuerdo-humanitario-en-homs-para-evacuar-a-los-civiles","status":"publish","type":"post","link":"https:\/\/www.eldigitaldeasturias.com\/noticias\/la-onu-confirma-un-acuerdo-humanitario-en-homs-para-evacuar-a-los-civiles\/","title":{"rendered":"La ONU confirma un acuerdo humanitario en Homs para evacuar a los civiles"},"content":{"rendered":"<p><img loading=\"lazy\" decoding=\"async\" class=\"alignleft size-medium wp-image-485745\" alt=\"5918032w\" src=\"https:\/\/www.eldigitaldeasturias.com\/noticias\/wp-content\/uploads\/2014\/02\/5918032w-360x218.jpg\" width=\"360\" height=\"218\" \/>Naciones Unidas, 6 feb (EFE).- La ONU confirm\u00f3 hoy que el Gobierno y los rebeldes sirios han alcanzado un acuerdo humanitario para evacuar a los civiles del casco viejo de la ciudad de Homs y anunci\u00f3 que la ayuda humanitaria ya est\u00e1 lista para su distribuci\u00f3n en esa zona.<\/p>\n<p>Naciones Unidas se\u00f1al\u00f3 su satisfacci\u00f3n por las informaciones sobre la \u00abpausa humanitaria\u00bb que permitir\u00e1 la salida de civiles y la entrada de ayuda, y dijo que junto a otras organizaciones ha preparado alimentos y otros suministros m\u00e9dicos y equipos b\u00e1sicos en las afueras de la ciudad.<\/p>\n<p>Esa ayuda se enviar\u00e1 \u00abde forma inmediata una vez que las partes den la luz verde\u00bb sobre la seguridad de su transporte, y el personal humanitario tambi\u00e9n est\u00e1 listo, indic\u00f3 un portavoz de Naciones Unidas en un comunicado.<\/p>\n<p>Valerie Amos, subsecretaria general de la ONU para Asuntos Humanitarios y coordinadora de la ayuda de urgencia, se\u00f1al\u00f3 que esta tregua humanitaria permitir\u00e1 la salida de los civiles y la llegada de ayuda \u00abesencial\u00bb para aproximadamente 2.500 personas.<\/p>\n<p>La responsables de Naciones Unidas \u00abseguir\u00e1 de cerca los acontecimientos\u00bb, seg\u00fan agrega la nota.<\/p>\n<p>Amos insisti\u00f3 en que es necesario en que la ayuda pueda entrar \u00absin obst\u00e1culos y de forma continuada\u00bb, a fin de que los trabajadores humanitarios puedan socorrer a millones de personas atrapadas en zonas asediadas en toda Siria.<\/p>\n<p>La confirmaci\u00f3n de la ONU lleg\u00f3 despu\u00e9s de que las autoridades sirias anunciaran hoy que la evacuaci\u00f3n de los civiles del asediado casco viejo de la ciudad de Homs, en el centro del pa\u00eds, se producir\u00e1 en breve, seg\u00fan la agencia de noticias oficial Sana.<\/p>\n<p>Esta evacuaci\u00f3n fue acordada durante la primera ronda de la conferencia de paz de Ginebra, entre los pasados 22 y 31 de enero, donde se sentaron por primera vez en la misma mesa representantes del Gobierno y la oposici\u00f3n, con la mediaci\u00f3n del enviado de la ONU y de la Liga \u00c1rabe, Lajdar Brahimi.<\/p>\n<p>El 26 de enero, Brahimi dijo que el r\u00e9gimen de Damasco estaba dispuesto a permitir la salida de mujeres y ni\u00f1os de Homs, as\u00ed como la entrada de un convoy humanitario en las horas siguientes.<\/p>\n<p>Sin embargo, hasta ahora sigue sin llevarse a cabo la evacuaci\u00f3n, en medio de las acusaciones mutuas del Gobierno y los rebeldes de obstaculizarla.<\/p>\n","protected":false},"excerpt":{"rendered":"<p>Naciones Unidas, 6 feb (EFE).- La ONU confirm\u00f3 hoy que el Gobierno y los rebeldes sirios han alcanzado un acuerdo humanitario para evacuar a los civiles del casco viejo de la ciudad de Homs y anunci\u00f3 que la ayuda humanitaria ya est\u00e1 lista para su distribuci\u00f3n en esa zona. Naciones Unidas se\u00f1al\u00f3 su satisfacci\u00f3n por [&hellip;]<\/p>\n","protected":false},"author":1,"featured_media":485745,"comment_status":"closed","ping_status":"open","sticky":false,"template":"","format":"standard","meta":{"footnotes":""},"categories":[1],"tags":[],"class_list":["post-485744","post","type-post","status-publish","format-standard","has-post-thumbnail","hentry","category-actualidad"],"aioseo_notices":[],"aioseo_head":"\n\t\t<!-- All in One SEO Pro 5.0.1 - aioseo.com -->\n\t<meta name=\"description\" content=\"Naciones Unidas, 6 feb (EFE).- La ONU confirm\u00f3 hoy que el Gobierno y los rebeldes sirios han alcanzado un acuerdo humanitario para evacuar a los civiles del casco viejo de la ciudad de Homs y anunci\u00f3 que la ayuda humanitaria ya est\u00e1 lista para su distribuci\u00f3n en esa zona. Naciones Unidas se\u00f1al\u00f3 su satisfacci\u00f3n por\" \/>\n\t<meta name=\"robots\" content=\"max-image-preview:large\" \/>\n\t<meta name=\"author\" content=\"El Digital de Asturias\"\/>\n\t<meta name=\"google-site-verification\" content=\"UA-38556648-1\" \/>\n\t<meta name=\"msvalidate.01\" content=\"7dfe9f3f1b24437ab69f4f2559babe99\" \/>\n\t<meta name=\"keywords\" content=\"actualidad\" \/>\n\t<link rel=\"canonical\" href=\"https:\/\/www.eldigitaldeasturias.com\/noticias\/la-onu-confirma-un-acuerdo-humanitario-en-homs-para-evacuar-a-los-civiles\/\" \/>\n\t<meta name=\"generator\" content=\"All in One SEO Pro (AIOSEO) 5.0.1\" \/>\n\t\t<meta property=\"og:locale\" content=\"es_ES\" \/>\n\t\t<meta property=\"og:site_name\" content=\"El Digital de Asturias\" \/>\n\t\t<meta property=\"og:type\" content=\"article\" \/>\n\t\t<meta property=\"og:title\" content=\"La ONU confirma un acuerdo humanitario en Homs para evacuar a los civiles - El Digital de Asturias\" \/>\n\t\t<meta property=\"og:description\" content=\"Naciones Unidas, 6 feb (EFE).- La ONU confirm\u00f3 hoy que el Gobierno y los rebeldes sirios han alcanzado un acuerdo humanitario para evacuar a los civiles del casco viejo de la ciudad de Homs y anunci\u00f3 que la ayuda humanitaria ya est\u00e1 lista para su distribuci\u00f3n en esa zona. Naciones Unidas se\u00f1al\u00f3 su satisfacci\u00f3n por\" \/>\n\t\t<meta property=\"og:url\" content=\"https:\/\/www.eldigitaldeasturias.com\/noticias\/la-onu-confirma-un-acuerdo-humanitario-en-homs-para-evacuar-a-los-civiles\/\" \/>\n\t\t<meta property=\"article:tag\" content=\"actualidad\" \/>\n\t\t<meta property=\"article:published_time\" content=\"2014-02-07T18:08:06+00:00\" \/>\n\t\t<meta property=\"article:modified_time\" content=\"2014-02-07T18:08:06+00:00\" \/>\n\t\t<meta property=\"article:publisher\" content=\"https:\/\/facebook.com\/eldigitaldeasturias\" \/>\n\t\t<meta name=\"twitter:card\" content=\"summary_large_image\" \/>\n\t\t<meta name=\"twitter:title\" content=\"La ONU confirma un acuerdo humanitario en Homs para evacuar a los civiles - El Digital de Asturias\" \/>\n\t\t<meta name=\"twitter:description\" content=\"Naciones Unidas, 6 feb (EFE).- La ONU confirm\u00f3 hoy que el Gobierno y los rebeldes sirios han alcanzado un acuerdo humanitario para evacuar a los civiles del casco viejo de la ciudad de Homs y anunci\u00f3 que la ayuda humanitaria ya est\u00e1 lista para su distribuci\u00f3n en esa zona. Naciones Unidas se\u00f1al\u00f3 su satisfacci\u00f3n por\" \/>\n\t\t<meta name=\"twitter:label1\" content=\"Escrito por\" \/>\n\t\t<meta name=\"twitter:data1\" content=\"El Digital de Asturias\" \/>\n\t\t<meta name=\"twitter:label2\" content=\"Tiempo de lectura estimado\" \/>\n\t\t<meta name=\"twitter:data2\" content=\"2 minutos\" \/>\n\t\t<script type=\"application\/ld+json\" class=\"aioseo-schema\">\n\t\t\t{\"@context\":\"https:\\\/\\\/schema.org\",\"@graph\":[{\"@type\":\"BlogPosting\",\"@id\":\"https:\\\/\\\/www.eldigitaldeasturias.com\\\/noticias\\\/la-onu-confirma-un-acuerdo-humanitario-en-homs-para-evacuar-a-los-civiles\\\/#blogposting\",\"name\":\"La ONU confirma un acuerdo humanitario en Homs para evacuar a los civiles - El Digital de Asturias\",\"headline\":\"La ONU confirma un acuerdo humanitario en Homs para evacuar a los civiles\",\"author\":{\"@id\":\"https:\\\/\\\/www.eldigitaldeasturias.com\\\/noticias\\\/author\\\/admin\\\/#author\"},\"publisher\":{\"@id\":\"https:\\\/\\\/www.eldigitaldeasturias.com\\\/noticias\\\/#organization\"},\"image\":{\"@type\":\"ImageObject\",\"url\":485745},\"datePublished\":\"2014-02-07T17:08:06+01:00\",\"dateModified\":\"2014-02-07T17:08:06+01:00\",\"inLanguage\":\"es-ES\",\"mainEntityOfPage\":{\"@id\":\"https:\\\/\\\/www.eldigitaldeasturias.com\\\/noticias\\\/la-onu-confirma-un-acuerdo-humanitario-en-homs-para-evacuar-a-los-civiles\\\/#webpage\"},\"isPartOf\":{\"@id\":\"https:\\\/\\\/www.eldigitaldeasturias.com\\\/noticias\\\/la-onu-confirma-un-acuerdo-humanitario-en-homs-para-evacuar-a-los-civiles\\\/#webpage\"},\"articleSection\":\"Actualidad\"},{\"@type\":\"BreadcrumbList\",\"@id\":\"https:\\\/\\\/www.eldigitaldeasturias.com\\\/noticias\\\/la-onu-confirma-un-acuerdo-humanitario-en-homs-para-evacuar-a-los-civiles\\\/#breadcrumblist\",\"itemListElement\":[{\"@type\":\"ListItem\",\"@id\":\"https:\\\/\\\/www.eldigitaldeasturias.com\\\/noticias#listItem\",\"position\":1,\"name\":\"Home\",\"item\":\"https:\\\/\\\/www.eldigitaldeasturias.com\\\/noticias\",\"nextItem\":{\"@type\":\"ListItem\",\"@id\":\"https:\\\/\\\/www.eldigitaldeasturias.com\\\/noticias\\\/category\\\/actualidad\\\/#listItem\",\"name\":\"Actualidad\"}},{\"@type\":\"ListItem\",\"@id\":\"https:\\\/\\\/www.eldigitaldeasturias.com\\\/noticias\\\/category\\\/actualidad\\\/#listItem\",\"position\":2,\"name\":\"Actualidad\",\"item\":\"https:\\\/\\\/www.eldigitaldeasturias.com\\\/noticias\\\/category\\\/actualidad\\\/\",\"nextItem\":{\"@type\":\"ListItem\",\"@id\":\"https:\\\/\\\/www.eldigitaldeasturias.com\\\/noticias\\\/la-onu-confirma-un-acuerdo-humanitario-en-homs-para-evacuar-a-los-civiles\\\/#listItem\",\"name\":\"La ONU confirma un acuerdo humanitario en Homs para evacuar a los civiles\"},\"previousItem\":{\"@type\":\"ListItem\",\"@id\":\"https:\\\/\\\/www.eldigitaldeasturias.com\\\/noticias#listItem\",\"name\":\"Home\"}},{\"@type\":\"ListItem\",\"@id\":\"https:\\\/\\\/www.eldigitaldeasturias.com\\\/noticias\\\/la-onu-confirma-un-acuerdo-humanitario-en-homs-para-evacuar-a-los-civiles\\\/#listItem\",\"position\":3,\"name\":\"La ONU confirma un acuerdo humanitario en Homs para evacuar a los civiles\",\"previousItem\":{\"@type\":\"ListItem\",\"@id\":\"https:\\\/\\\/www.eldigitaldeasturias.com\\\/noticias\\\/category\\\/actualidad\\\/#listItem\",\"name\":\"Actualidad\"}}]},{\"@type\":\"Organization\",\"@id\":\"https:\\\/\\\/www.eldigitaldeasturias.com\\\/noticias\\\/#organization\",\"name\":\"El Digital de Asturias\",\"description\":\"Hemeroteca\",\"url\":\"https:\\\/\\\/www.eldigitaldeasturias.com\\\/noticias\\\/\",\"email\":\"info@eldigitaldeasturias.com\",\"telephone\":\"+34652131393\",\"logo\":{\"@type\":\"ImageObject\",\"url\":\"https:\\\/\\\/www.eldigitaldeasturias.com\\\/noticias\\\/wp-content\\\/uploads\\\/2020\\\/12\\\/EDA.jpg\",\"@id\":\"https:\\\/\\\/www.eldigitaldeasturias.com\\\/noticias\\\/la-onu-confirma-un-acuerdo-humanitario-en-homs-para-evacuar-a-los-civiles\\\/#organizationLogo\"},\"image\":{\"@id\":\"https:\\\/\\\/www.eldigitaldeasturias.com\\\/noticias\\\/la-onu-confirma-un-acuerdo-humanitario-en-homs-para-evacuar-a-los-civiles\\\/#organizationLogo\"},\"sameAs\":[\"https:\\\/\\\/facebook.com\\\/eldigitaldeasturias\",\"https:\\\/\\\/www.youtube.com\\\/channel\\\/UCZP-2wLEB9Rv6erhFmqVnvg\"],\"address\":{\"@id\":\"https:\\\/\\\/www.eldigitaldeasturias.com\\\/noticias\\\/#postaladdress\",\"@type\":\"PostalAddress\",\"streetAddress\":\"san antonio 4\",\"postalCode\":\"33430\",\"addressLocality\":\"Cand\\u00e1s\",\"addressRegion\":\"Asturias\",\"addressCountry\":\"ES\"}},{\"@type\":\"Person\",\"@id\":\"https:\\\/\\\/www.eldigitaldeasturias.com\\\/noticias\\\/author\\\/admin\\\/#author\",\"url\":\"https:\\\/\\\/www.eldigitaldeasturias.com\\\/noticias\\\/author\\\/admin\\\/\",\"name\":\"El Digital de Asturias\",\"image\":{\"@type\":\"ImageObject\",\"@id\":\"https:\\\/\\\/www.eldigitaldeasturias.com\\\/noticias\\\/la-onu-confirma-un-acuerdo-humanitario-en-homs-para-evacuar-a-los-civiles\\\/#authorImage\",\"url\":\"https:\\\/\\\/secure.gravatar.com\\\/avatar\\\/df2aeffc32bcd13f8d26072ef8a91b623d677766deac7f97ca815868cd41bf5e?s=96&d=mm&r=g\",\"width\":96,\"height\":96,\"caption\":\"El Digital de Asturias\"}},{\"@type\":\"WebPage\",\"@id\":\"https:\\\/\\\/www.eldigitaldeasturias.com\\\/noticias\\\/la-onu-confirma-un-acuerdo-humanitario-en-homs-para-evacuar-a-los-civiles\\\/#webpage\",\"url\":\"https:\\\/\\\/www.eldigitaldeasturias.com\\\/noticias\\\/la-onu-confirma-un-acuerdo-humanitario-en-homs-para-evacuar-a-los-civiles\\\/\",\"name\":\"La ONU confirma un acuerdo humanitario en Homs para evacuar a los civiles - El Digital de Asturias\",\"description\":\"Naciones Unidas, 6 feb (EFE).- La ONU confirm\\u00f3 hoy que el Gobierno y los rebeldes sirios han alcanzado un acuerdo humanitario para evacuar a los civiles del casco viejo de la ciudad de Homs y anunci\\u00f3 que la ayuda humanitaria ya est\\u00e1 lista para su distribuci\\u00f3n en esa zona. Naciones Unidas se\\u00f1al\\u00f3 su satisfacci\\u00f3n por\",\"inLanguage\":\"es-ES\",\"isPartOf\":{\"@id\":\"https:\\\/\\\/www.eldigitaldeasturias.com\\\/noticias\\\/#website\"},\"breadcrumb\":{\"@id\":\"https:\\\/\\\/www.eldigitaldeasturias.com\\\/noticias\\\/la-onu-confirma-un-acuerdo-humanitario-en-homs-para-evacuar-a-los-civiles\\\/#breadcrumblist\"},\"author\":{\"@id\":\"https:\\\/\\\/www.eldigitaldeasturias.com\\\/noticias\\\/author\\\/admin\\\/#author\"},\"creator\":{\"@id\":\"https:\\\/\\\/www.eldigitaldeasturias.com\\\/noticias\\\/author\\\/admin\\\/#author\"},\"image\":{\"@type\":\"ImageObject\",\"url\":485745,\"@id\":\"https:\\\/\\\/www.eldigitaldeasturias.com\\\/noticias\\\/la-onu-confirma-un-acuerdo-humanitario-en-homs-para-evacuar-a-los-civiles\\\/#mainImage\"},\"primaryImageOfPage\":{\"@id\":\"https:\\\/\\\/www.eldigitaldeasturias.com\\\/noticias\\\/la-onu-confirma-un-acuerdo-humanitario-en-homs-para-evacuar-a-los-civiles\\\/#mainImage\"},\"datePublished\":\"2014-02-07T17:08:06+01:00\",\"dateModified\":\"2014-02-07T17:08:06+01:00\"},{\"@type\":\"WebSite\",\"@id\":\"https:\\\/\\\/www.eldigitaldeasturias.com\\\/noticias\\\/#website\",\"url\":\"https:\\\/\\\/www.eldigitaldeasturias.com\\\/noticias\\\/\",\"name\":\"El Digital de Asturias - Diario de actualidad y noticias\",\"alternateName\":\"El Digital de Asturias - Diario de actualidad y noticias\",\"description\":\"Hemeroteca\",\"inLanguage\":\"es-ES\",\"publisher\":{\"@id\":\"https:\\\/\\\/www.eldigitaldeasturias.com\\\/noticias\\\/#organization\"}}]}\n\t\t<\/script>\n\t\t<!-- All in One SEO Pro -->\r\n\t\t<title>La ONU confirma un acuerdo humanitario en Homs para evacuar a los civiles - El Digital de Asturias<\/title>\n\n","aioseo_head_json":{"title":"La ONU confirma un acuerdo humanitario en Homs para evacuar a los civiles - El Digital de Asturias","description":"Naciones Unidas, 6 feb (EFE).- La ONU confirm\u00f3 hoy que el Gobierno y los rebeldes sirios han alcanzado un acuerdo humanitario para evacuar a los civiles del casco viejo de la ciudad de Homs y anunci\u00f3 que la ayuda humanitaria ya est\u00e1 lista para su distribuci\u00f3n en esa zona. Naciones Unidas se\u00f1al\u00f3 su satisfacci\u00f3n por","canonical_url":"https:\/\/www.eldigitaldeasturias.com\/noticias\/la-onu-confirma-un-acuerdo-humanitario-en-homs-para-evacuar-a-los-civiles\/","robots":"max-image-preview:large","keywords":"actualidad","webmasterTools":{"google-site-verification":"UA-38556648-1","msvalidate.01":"7dfe9f3f1b24437ab69f4f2559babe99","miscellaneous":""},"schema":{"@context":"https:\/\/schema.org","@graph":[{"@type":"BlogPosting","@id":"https:\/\/www.eldigitaldeasturias.com\/noticias\/la-onu-confirma-un-acuerdo-humanitario-en-homs-para-evacuar-a-los-civiles\/#blogposting","name":"La ONU confirma un acuerdo humanitario en Homs para evacuar a los civiles - El Digital de Asturias","headline":"La ONU confirma un acuerdo humanitario en Homs para evacuar a los civiles","author":{"@id":"https:\/\/www.eldigitaldeasturias.com\/noticias\/author\/admin\/#author"},"publisher":{"@id":"https:\/\/www.eldigitaldeasturias.com\/noticias\/#organization"},"image":{"@type":"ImageObject","url":485745},"datePublished":"2014-02-07T17:08:06+01:00","dateModified":"2014-02-07T17:08:06+01:00","inLanguage":"es-ES","mainEntityOfPage":{"@id":"https:\/\/www.eldigitaldeasturias.com\/noticias\/la-onu-confirma-un-acuerdo-humanitario-en-homs-para-evacuar-a-los-civiles\/#webpage"},"isPartOf":{"@id":"https:\/\/www.eldigitaldeasturias.com\/noticias\/la-onu-confirma-un-acuerdo-humanitario-en-homs-para-evacuar-a-los-civiles\/#webpage"},"articleSection":"Actualidad"},{"@type":"BreadcrumbList","@id":"https:\/\/www.eldigitaldeasturias.com\/noticias\/la-onu-confirma-un-acuerdo-humanitario-en-homs-para-evacuar-a-los-civiles\/#breadcrumblist","itemListElement":[{"@type":"ListItem","@id":"https:\/\/www.eldigitaldeasturias.com\/noticias#listItem","position":1,"name":"Home","item":"https:\/\/www.eldigitaldeasturias.com\/noticias","nextItem":{"@type":"ListItem","@id":"https:\/\/www.eldigitaldeasturias.com\/noticias\/category\/actualidad\/#listItem","name":"Actualidad"}},{"@type":"ListItem","@id":"https:\/\/www.eldigitaldeasturias.com\/noticias\/category\/actualidad\/#listItem","position":2,"name":"Actualidad","item":"https:\/\/www.eldigitaldeasturias.com\/noticias\/category\/actualidad\/","nextItem":{"@type":"ListItem","@id":"https:\/\/www.eldigitaldeasturias.com\/noticias\/la-onu-confirma-un-acuerdo-humanitario-en-homs-para-evacuar-a-los-civiles\/#listItem","name":"La ONU confirma un acuerdo humanitario en Homs para evacuar a los civiles"},"previousItem":{"@type":"ListItem","@id":"https:\/\/www.eldigitaldeasturias.com\/noticias#listItem","name":"Home"}},{"@type":"ListItem","@id":"https:\/\/www.eldigitaldeasturias.com\/noticias\/la-onu-confirma-un-acuerdo-humanitario-en-homs-para-evacuar-a-los-civiles\/#listItem","position":3,"name":"La ONU confirma un acuerdo humanitario en Homs para evacuar a los civiles","previousItem":{"@type":"ListItem","@id":"https:\/\/www.eldigitaldeasturias.com\/noticias\/category\/actualidad\/#listItem","name":"Actualidad"}}]},{"@type":"Organization","@id":"https:\/\/www.eldigitaldeasturias.com\/noticias\/#organization","name":"El Digital de Asturias","description":"Hemeroteca","url":"https:\/\/www.eldigitaldeasturias.com\/noticias\/","email":"info@eldigitaldeasturias.com","telephone":"+34652131393","logo":{"@type":"ImageObject","url":"https:\/\/www.eldigitaldeasturias.com\/noticias\/wp-content\/uploads\/2020\/12\/EDA.jpg","@id":"https:\/\/www.eldigitaldeasturias.com\/noticias\/la-onu-confirma-un-acuerdo-humanitario-en-homs-para-evacuar-a-los-civiles\/#organizationLogo"},"image":{"@id":"https:\/\/www.eldigitaldeasturias.com\/noticias\/la-onu-confirma-un-acuerdo-humanitario-en-homs-para-evacuar-a-los-civiles\/#organizationLogo"},"sameAs":["https:\/\/facebook.com\/eldigitaldeasturias","https:\/\/www.youtube.com\/channel\/UCZP-2wLEB9Rv6erhFmqVnvg"],"address":{"@id":"https:\/\/www.eldigitaldeasturias.com\/noticias\/#postaladdress","@type":"PostalAddress","streetAddress":"san antonio 4","postalCode":"33430","addressLocality":"Cand\u00e1s","addressRegion":"Asturias","addressCountry":"ES"}},{"@type":"Person","@id":"https:\/\/www.eldigitaldeasturias.com\/noticias\/author\/admin\/#author","url":"https:\/\/www.eldigitaldeasturias.com\/noticias\/author\/admin\/","name":"El Digital de Asturias","image":{"@type":"ImageObject","@id":"https:\/\/www.eldigitaldeasturias.com\/noticias\/la-onu-confirma-un-acuerdo-humanitario-en-homs-para-evacuar-a-los-civiles\/#authorImage","url":"https:\/\/secure.gravatar.com\/avatar\/df2aeffc32bcd13f8d26072ef8a91b623d677766deac7f97ca815868cd41bf5e?s=96&d=mm&r=g","width":96,"height":96,"caption":"El Digital de Asturias"}},{"@type":"WebPage","@id":"https:\/\/www.eldigitaldeasturias.com\/noticias\/la-onu-confirma-un-acuerdo-humanitario-en-homs-para-evacuar-a-los-civiles\/#webpage","url":"https:\/\/www.eldigitaldeasturias.com\/noticias\/la-onu-confirma-un-acuerdo-humanitario-en-homs-para-evacuar-a-los-civiles\/","name":"La ONU confirma un acuerdo humanitario en Homs para evacuar a los civiles - El Digital de Asturias","description":"Naciones Unidas, 6 feb (EFE).- La ONU confirm\u00f3 hoy que el Gobierno y los rebeldes sirios han alcanzado un acuerdo humanitario para evacuar a los civiles del casco viejo de la ciudad de Homs y anunci\u00f3 que la ayuda humanitaria ya est\u00e1 lista para su distribuci\u00f3n en esa zona. Naciones Unidas se\u00f1al\u00f3 su satisfacci\u00f3n por","inLanguage":"es-ES","isPartOf":{"@id":"https:\/\/www.eldigitaldeasturias.com\/noticias\/#website"},"breadcrumb":{"@id":"https:\/\/www.eldigitaldeasturias.com\/noticias\/la-onu-confirma-un-acuerdo-humanitario-en-homs-para-evacuar-a-los-civiles\/#breadcrumblist"},"author":{"@id":"https:\/\/www.eldigitaldeasturias.com\/noticias\/author\/admin\/#author"},"creator":{"@id":"https:\/\/www.eldigitaldeasturias.com\/noticias\/author\/admin\/#author"},"image":{"@type":"ImageObject","url":485745,"@id":"https:\/\/www.eldigitaldeasturias.com\/noticias\/la-onu-confirma-un-acuerdo-humanitario-en-homs-para-evacuar-a-los-civiles\/#mainImage"},"primaryImageOfPage":{"@id":"https:\/\/www.eldigitaldeasturias.com\/noticias\/la-onu-confirma-un-acuerdo-humanitario-en-homs-para-evacuar-a-los-civiles\/#mainImage"},"datePublished":"2014-02-07T17:08:06+01:00","dateModified":"2014-02-07T17:08:06+01:00"},{"@type":"WebSite","@id":"https:\/\/www.eldigitaldeasturias.com\/noticias\/#website","url":"https:\/\/www.eldigitaldeasturias.com\/noticias\/","name":"El Digital de Asturias - Diario de actualidad y noticias","alternateName":"El Digital de Asturias - Diario de actualidad y noticias","description":"Hemeroteca","inLanguage":"es-ES","publisher":{"@id":"https:\/\/www.eldigitaldeasturias.com\/noticias\/#organization"}}]},"og:locale":"es_ES","og:site_name":"El Digital de Asturias","og:type":"article","og:title":"La ONU confirma un acuerdo humanitario en Homs para evacuar a los civiles - El Digital de Asturias","og:description":"Naciones Unidas, 6 feb (EFE).- La ONU confirm\u00f3 hoy que el Gobierno y los rebeldes sirios han alcanzado un acuerdo humanitario para evacuar a los civiles del casco viejo de la ciudad de Homs y anunci\u00f3 que la ayuda humanitaria ya est\u00e1 lista para su distribuci\u00f3n en esa zona. Naciones Unidas se\u00f1al\u00f3 su satisfacci\u00f3n por","og:url":"https:\/\/www.eldigitaldeasturias.com\/noticias\/la-onu-confirma-un-acuerdo-humanitario-en-homs-para-evacuar-a-los-civiles\/","article:tag":["actualidad"],"article:published_time":"2014-02-07T18:08:06+00:00","article:modified_time":"2014-02-07T18:08:06+00:00","article:publisher":"https:\/\/facebook.com\/eldigitaldeasturias","twitter:card":"summary_large_image","twitter:title":"La ONU confirma un acuerdo humanitario en Homs para evacuar a los civiles - El Digital de Asturias","twitter:description":"Naciones Unidas, 6 feb (EFE).- La ONU confirm\u00f3 hoy que el Gobierno y los rebeldes sirios han alcanzado un acuerdo humanitario para evacuar a los civiles del casco viejo de la ciudad de Homs y anunci\u00f3 que la ayuda humanitaria ya est\u00e1 lista para su distribuci\u00f3n en esa zona. Naciones Unidas se\u00f1al\u00f3 su satisfacci\u00f3n por","twitter:label1":"Escrito por","twitter:data1":"El Digital de Asturias","twitter:label2":"Tiempo de lectura estimado","twitter:data2":"2 minutos"},"aioseo_meta_data":{"post_id":"485744","title":null,"description":null,"keywords":null,"keyphrases":null,"primary_term":null,"canonical_url":null,"og_title":null,"og_description":null,"og_object_type":"default","og_image_type":"default","og_image_url":null,"og_image_width":null,"og_image_height":null,"og_image_custom_url":null,"og_image_custom_fields":null,"og_video":null,"og_custom_url":null,"og_article_section":null,"og_article_tags":null,"twitter_use_og":true,"twitter_card":"default","twitter_image_type":"default","twitter_image_url":null,"twitter_image_custom_url":null,"twitter_image_custom_fields":null,"twitter_title":null,"twitter_description":null,"schema":{"blockGraphs":[],"customGraphs":[],"default":{"data":{"Article":[],"Course":[],"Dataset":[],"FAQPage":[],"Movie":[],"Person":[],"Product":[],"ProductReview":[],"Car":[],"Recipe":[],"Service":[],"SoftwareApplication":[],"WebPage":[]},"graphName":"","isEnabled":true},"graphs":[],"defaultGraph":"","defaultPostTypeGraph":""},"schema_type":null,"schema_type_options":null,"pillar_content":false,"robots_default":true,"robots_noindex":false,"robots_noarchive":false,"robots_nosnippet":false,"robots_nofollow":false,"robots_noimageindex":false,"robots_noodp":false,"robots_notranslate":false,"robots_max_snippet":null,"robots_max_videopreview":null,"robots_max_imagepreview":"none","priority":null,"frequency":null,"local_seo":null,"seo_analyzer_scan_date":"2026-06-02 21:50:24","breadcrumb_settings":null,"limit_modified_date":false,"open_ai":null,"ai":null,"created":"2020-11-14 22:55:24","updated":"2026-06-02 21:50:24","focus_keyword":null,"additional_keywords":null,"truseo_locale":null},"aioseo_breadcrumb":"<div class=\"aioseo-breadcrumbs\"><span class=\"aioseo-breadcrumb\">\n\t<a href=\"https:\/\/www.eldigitaldeasturias.com\/noticias\" title=\"Home\">Home<\/a>\n<\/span><span class=\"aioseo-breadcrumb-separator\">\u2013<\/span><span class=\"aioseo-breadcrumb\">\n\t<a href=\"https:\/\/www.eldigitaldeasturias.com\/noticias\/category\/actualidad\/\" title=\"Actualidad\">Actualidad<\/a>\n<\/span><span class=\"aioseo-breadcrumb-separator\">\u2013<\/span><span class=\"aioseo-breadcrumb\">\n\t<a href=\"https:\/\/www.eldigitaldeasturias.com\/noticias\/la-onu-confirma-un-acuerdo-humanitario-en-homs-para-evacuar-a-los-civiles\/\" title=\"La ONU confirma un acuerdo humanitario en Homs para evacuar a los civiles\">La ONU confirma un acuerdo humanitario en Homs para evacuar a los civiles<\/a>\n<\/span><\/div>","aioseo_breadcrumb_json":[{"label":"Home","link":"https:\/\/www.eldigitaldeasturias.com\/noticias"},{"label":"Actualidad","link":"https:\/\/www.eldigitaldeasturias.com\/noticias\/category\/actualidad\/"},{"label":"La ONU confirma un acuerdo humanitario en Homs para evacuar a los civiles","link":"https:\/\/www.eldigitaldeasturias.com\/noticias\/la-onu-confirma-un-acuerdo-humanitario-en-homs-para-evacuar-a-los-civiles\/"}],"_links":{"self":[{"href":"https:\/\/www.eldigitaldeasturias.com\/noticias\/wp-json\/wp\/v2\/posts\/485744","targetHints":{"allow":["GET"]}}],"collection":[{"href":"https:\/\/www.eldigitaldeasturias.com\/noticias\/wp-json\/wp\/v2\/posts"}],"about":[{"href":"https:\/\/www.eldigitaldeasturias.com\/noticias\/wp-json\/wp\/v2\/types\/post"}],"author":[{"embeddable":true,"href":"https:\/\/www.eldigitaldeasturias.com\/noticias\/wp-json\/wp\/v2\/users\/1"}],"replies":[{"embeddable":true,"href":"https:\/\/www.eldigitaldeasturias.com\/noticias\/wp-json\/wp\/v2\/comments?post=485744"}],"version-history":[{"count":0,"href":"https:\/\/www.eldigitaldeasturias.com\/noticias\/wp-json\/wp\/v2\/posts\/485744\/revisions"}],"wp:attachment":[{"href":"https:\/\/www.eldigitaldeasturias.com\/noticias\/wp-json\/wp\/v2\/media?parent=485744"}],"wp:term":[{"taxonomy":"category","embeddable":true,"href":"https:\/\/www.eldigitaldeasturias.com\/noticias\/wp-json\/wp\/v2\/categories?post=485744"},{"taxonomy":"post_tag","embeddable":true,"href":"https:\/\/www.eldigitaldeasturias.com\/noticias\/wp-json\/wp\/v2\/tags?post=485744"}],"curies":[{"name":"wp","href":"https:\/\/api.w.org\/{rel}","templated":true}]}}