{"id":485734,"date":"2014-02-07T17:04:58","date_gmt":"2014-02-07T18:04:58","guid":{"rendered":"http:\/\/www.eldigitaldeasturias.com\/noticias\/?p=485734"},"modified":"2014-02-07T17:08:30","modified_gmt":"2014-02-07T18:08:30","slug":"el-pnud-desea-mas-ayuda-de-la-ue-para-seguridad-ciudadana-en-america-latina","status":"publish","type":"post","link":"https:\/\/www.eldigitaldeasturias.com\/noticias\/el-pnud-desea-mas-ayuda-de-la-ue-para-seguridad-ciudadana-en-america-latina\/","title":{"rendered":"El PNUD desea m\u00e1s ayuda de la UE para seguridad ciudadana en Am\u00e9rica Latina"},"content":{"rendered":"<p><img loading=\"lazy\" decoding=\"async\" class=\"alignleft size-medium wp-image-485735\" alt=\"5918347w\" src=\"https:\/\/www.eldigitaldeasturias.com\/noticias\/wp-content\/uploads\/2014\/02\/5918347w-360x240.jpg\" width=\"360\" height=\"240\" \/>Bruselas, 6 feb (EFE).- El Programa de las Naciones Unidas para el Desarrollo (PNUD) expres\u00f3 hoy su deseo de que la Uni\u00f3n Europea (UE) aporte m\u00e1s ayuda para reforzar la seguridad ciudadana en Am\u00e9rica Latina.<\/p>\n<p>\u00abSer\u00eda muy interesante que la Uni\u00f3n Europea pudiese invertir m\u00e1s recursos en este tema (la seguridad ciudadana) con esa perspectiva de seguridad ciudadana con un rostro humano\u00bb, coment\u00f3 hoy el director de la Oficina Regional para la prevenci\u00f3n de Crisis del PNUD, Pablo Ruiz, en una conversaci\u00f3n con Efe.<\/p>\n<p>Seg\u00fan Ruiz, la UE ya \u00abest\u00e1 apoyando muchas cosas interesantes\u00bb, pero podr\u00eda pensar en qu\u00e9 m\u00e1s puede hacer para reforzar la seguridad ciudadana en Am\u00e9rica Latina m\u00e1s all\u00e1 de mejorar la Polic\u00eda o la Justicia, como impulsar la prevenci\u00f3n.<\/p>\n<p>\u00abEl hecho de que en Am\u00e9rica Latina, en muchos pa\u00edses, se est\u00e9 construyendo un modelo social mejor, hace todav\u00eda m\u00e1s interesante que la UE se comprometa\u00bb, a\u00f1adi\u00f3.<\/p>\n<p>Este compromiso debe enmarcarse en la perspectiva de que la respuesta sea \u00abm\u00e1s eficaz, transparente y honesta\u00bb, incidi\u00f3.<\/p>\n<p>La clave, por tanto, reside en \u00abcompartir muchas de las cosas del modelo social europeo en el que muchos pa\u00edses de Am\u00e9rica Latina se siguen mirando\u00bb, opin\u00f3 Ruiz.<\/p>\n<p>Ruiz hizo estas declaraciones despu\u00e9s de presentar ante el Parlamento y la Comisi\u00f3n europeos el informe regional de desarrollo humano del PNUD -\u00abSeguridad ciudadana con rostro humano: diagn\u00f3stico y propuestas para Am\u00e9rica Latina\u00bb-, que eval\u00faa la situaci\u00f3n de inseguridad y las pol\u00edticas gubernamentales para contrarrestarla.<\/p>\n<p>La principal conclusi\u00f3n de ese informe es que las pol\u00edticas de \u00abmano dura\u00bb promovidas por varios gobiernos de Am\u00e9rica Latina para combatir la violencia e inseguridad que padece el subcontinente \u00abhan fracasado\u00bb y han generado \u00abmayores niveles violencia\u00bb.<\/p>\n","protected":false},"excerpt":{"rendered":"<p>Bruselas, 6 feb (EFE).- El Programa de las Naciones Unidas para el Desarrollo (PNUD) expres\u00f3 hoy su deseo de que la Uni\u00f3n Europea (UE) aporte m\u00e1s ayuda para reforzar la seguridad ciudadana en Am\u00e9rica Latina. \u00abSer\u00eda muy interesante que la Uni\u00f3n Europea pudiese invertir m\u00e1s recursos en este tema (la seguridad ciudadana) con esa perspectiva [&hellip;]<\/p>\n","protected":false},"author":1,"featured_media":485735,"comment_status":"closed","ping_status":"open","sticky":false,"template":"","format":"standard","meta":{"footnotes":""},"categories":[1],"tags":[],"class_list":["post-485734","post","type-post","status-publish","format-standard","has-post-thumbnail","hentry","category-actualidad"],"aioseo_notices":[],"aioseo_head":"\n\t\t<!-- All in One SEO Pro 5.0.1 - aioseo.com -->\n\t<meta name=\"description\" content=\"Bruselas, 6 feb (EFE).- El Programa de las Naciones Unidas para el Desarrollo (PNUD) expres\u00f3 hoy su deseo de que la Uni\u00f3n Europea (UE) aporte m\u00e1s ayuda para reforzar la seguridad ciudadana en Am\u00e9rica Latina. &quot;Ser\u00eda muy interesante que la Uni\u00f3n Europea pudiese invertir m\u00e1s recursos en este tema (la seguridad ciudadana) con esa perspectiva\" \/>\n\t<meta name=\"robots\" content=\"max-image-preview:large\" \/>\n\t<meta name=\"author\" content=\"El Digital de Asturias\"\/>\n\t<meta name=\"google-site-verification\" content=\"UA-38556648-1\" \/>\n\t<meta name=\"msvalidate.01\" content=\"7dfe9f3f1b24437ab69f4f2559babe99\" \/>\n\t<meta name=\"keywords\" content=\"actualidad\" \/>\n\t<link rel=\"canonical\" href=\"https:\/\/www.eldigitaldeasturias.com\/noticias\/el-pnud-desea-mas-ayuda-de-la-ue-para-seguridad-ciudadana-en-america-latina\/\" \/>\n\t<meta name=\"generator\" content=\"All in One SEO Pro (AIOSEO) 5.0.1\" \/>\n\t\t<meta property=\"og:locale\" content=\"es_ES\" \/>\n\t\t<meta property=\"og:site_name\" content=\"El Digital de Asturias\" \/>\n\t\t<meta property=\"og:type\" content=\"article\" \/>\n\t\t<meta property=\"og:title\" content=\"El PNUD desea m\u00e1s ayuda de la UE para seguridad ciudadana en Am\u00e9rica Latina - El Digital de Asturias\" \/>\n\t\t<meta property=\"og:description\" content=\"Bruselas, 6 feb (EFE).- El Programa de las Naciones Unidas para el Desarrollo (PNUD) expres\u00f3 hoy su deseo de que la Uni\u00f3n Europea (UE) aporte m\u00e1s ayuda para reforzar la seguridad ciudadana en Am\u00e9rica Latina. &quot;Ser\u00eda muy interesante que la Uni\u00f3n Europea pudiese invertir m\u00e1s recursos en este tema (la seguridad ciudadana) con esa perspectiva\" \/>\n\t\t<meta property=\"og:url\" content=\"https:\/\/www.eldigitaldeasturias.com\/noticias\/el-pnud-desea-mas-ayuda-de-la-ue-para-seguridad-ciudadana-en-america-latina\/\" \/>\n\t\t<meta property=\"article:tag\" content=\"actualidad\" \/>\n\t\t<meta property=\"article:published_time\" content=\"2014-02-07T18:04:58+00:00\" \/>\n\t\t<meta property=\"article:modified_time\" content=\"2014-02-07T18:08:30+00:00\" \/>\n\t\t<meta property=\"article:publisher\" content=\"https:\/\/facebook.com\/eldigitaldeasturias\" \/>\n\t\t<meta name=\"twitter:card\" content=\"summary_large_image\" \/>\n\t\t<meta name=\"twitter:title\" content=\"El PNUD desea m\u00e1s ayuda de la UE para seguridad ciudadana en Am\u00e9rica Latina - El Digital de Asturias\" \/>\n\t\t<meta name=\"twitter:description\" content=\"Bruselas, 6 feb (EFE).- El Programa de las Naciones Unidas para el Desarrollo (PNUD) expres\u00f3 hoy su deseo de que la Uni\u00f3n Europea (UE) aporte m\u00e1s ayuda para reforzar la seguridad ciudadana en Am\u00e9rica Latina. &quot;Ser\u00eda muy interesante que la Uni\u00f3n Europea pudiese invertir m\u00e1s recursos en este tema (la seguridad ciudadana) con esa perspectiva\" \/>\n\t\t<meta name=\"twitter:label1\" content=\"Escrito por\" \/>\n\t\t<meta name=\"twitter:data1\" content=\"El Digital de Asturias\" \/>\n\t\t<meta name=\"twitter:label2\" content=\"Tiempo de lectura estimado\" \/>\n\t\t<meta name=\"twitter:data2\" content=\"2 minutos\" \/>\n\t\t<script type=\"application\/ld+json\" class=\"aioseo-schema\">\n\t\t\t{\"@context\":\"https:\\\/\\\/schema.org\",\"@graph\":[{\"@type\":\"BlogPosting\",\"@id\":\"https:\\\/\\\/www.eldigitaldeasturias.com\\\/noticias\\\/el-pnud-desea-mas-ayuda-de-la-ue-para-seguridad-ciudadana-en-america-latina\\\/#blogposting\",\"name\":\"El PNUD desea m\\u00e1s ayuda de la UE para seguridad ciudadana en Am\\u00e9rica Latina - El Digital de Asturias\",\"headline\":\"El PNUD desea m\\u00e1s ayuda de la UE para seguridad ciudadana en Am\\u00e9rica Latina\",\"author\":{\"@id\":\"https:\\\/\\\/www.eldigitaldeasturias.com\\\/noticias\\\/author\\\/admin\\\/#author\"},\"publisher\":{\"@id\":\"https:\\\/\\\/www.eldigitaldeasturias.com\\\/noticias\\\/#organization\"},\"image\":{\"@type\":\"ImageObject\",\"url\":485735},\"datePublished\":\"2014-02-07T17:04:58+01:00\",\"dateModified\":\"2014-02-07T17:08:30+01:00\",\"inLanguage\":\"es-ES\",\"mainEntityOfPage\":{\"@id\":\"https:\\\/\\\/www.eldigitaldeasturias.com\\\/noticias\\\/el-pnud-desea-mas-ayuda-de-la-ue-para-seguridad-ciudadana-en-america-latina\\\/#webpage\"},\"isPartOf\":{\"@id\":\"https:\\\/\\\/www.eldigitaldeasturias.com\\\/noticias\\\/el-pnud-desea-mas-ayuda-de-la-ue-para-seguridad-ciudadana-en-america-latina\\\/#webpage\"},\"articleSection\":\"Actualidad\"},{\"@type\":\"BreadcrumbList\",\"@id\":\"https:\\\/\\\/www.eldigitaldeasturias.com\\\/noticias\\\/el-pnud-desea-mas-ayuda-de-la-ue-para-seguridad-ciudadana-en-america-latina\\\/#breadcrumblist\",\"itemListElement\":[{\"@type\":\"ListItem\",\"@id\":\"https:\\\/\\\/www.eldigitaldeasturias.com\\\/noticias#listItem\",\"position\":1,\"name\":\"Home\",\"item\":\"https:\\\/\\\/www.eldigitaldeasturias.com\\\/noticias\",\"nextItem\":{\"@type\":\"ListItem\",\"@id\":\"https:\\\/\\\/www.eldigitaldeasturias.com\\\/noticias\\\/category\\\/actualidad\\\/#listItem\",\"name\":\"Actualidad\"}},{\"@type\":\"ListItem\",\"@id\":\"https:\\\/\\\/www.eldigitaldeasturias.com\\\/noticias\\\/category\\\/actualidad\\\/#listItem\",\"position\":2,\"name\":\"Actualidad\",\"item\":\"https:\\\/\\\/www.eldigitaldeasturias.com\\\/noticias\\\/category\\\/actualidad\\\/\",\"nextItem\":{\"@type\":\"ListItem\",\"@id\":\"https:\\\/\\\/www.eldigitaldeasturias.com\\\/noticias\\\/el-pnud-desea-mas-ayuda-de-la-ue-para-seguridad-ciudadana-en-america-latina\\\/#listItem\",\"name\":\"El PNUD desea m\\u00e1s ayuda de la UE para seguridad ciudadana en Am\\u00e9rica Latina\"},\"previousItem\":{\"@type\":\"ListItem\",\"@id\":\"https:\\\/\\\/www.eldigitaldeasturias.com\\\/noticias#listItem\",\"name\":\"Home\"}},{\"@type\":\"ListItem\",\"@id\":\"https:\\\/\\\/www.eldigitaldeasturias.com\\\/noticias\\\/el-pnud-desea-mas-ayuda-de-la-ue-para-seguridad-ciudadana-en-america-latina\\\/#listItem\",\"position\":3,\"name\":\"El PNUD desea m\\u00e1s ayuda de la UE para seguridad ciudadana en Am\\u00e9rica Latina\",\"previousItem\":{\"@type\":\"ListItem\",\"@id\":\"https:\\\/\\\/www.eldigitaldeasturias.com\\\/noticias\\\/category\\\/actualidad\\\/#listItem\",\"name\":\"Actualidad\"}}]},{\"@type\":\"Organization\",\"@id\":\"https:\\\/\\\/www.eldigitaldeasturias.com\\\/noticias\\\/#organization\",\"name\":\"El Digital de Asturias\",\"description\":\"Hemeroteca\",\"url\":\"https:\\\/\\\/www.eldigitaldeasturias.com\\\/noticias\\\/\",\"email\":\"info@eldigitaldeasturias.com\",\"telephone\":\"+34652131393\",\"logo\":{\"@type\":\"ImageObject\",\"url\":\"https:\\\/\\\/www.eldigitaldeasturias.com\\\/noticias\\\/wp-content\\\/uploads\\\/2020\\\/12\\\/EDA.jpg\",\"@id\":\"https:\\\/\\\/www.eldigitaldeasturias.com\\\/noticias\\\/el-pnud-desea-mas-ayuda-de-la-ue-para-seguridad-ciudadana-en-america-latina\\\/#organizationLogo\"},\"image\":{\"@id\":\"https:\\\/\\\/www.eldigitaldeasturias.com\\\/noticias\\\/el-pnud-desea-mas-ayuda-de-la-ue-para-seguridad-ciudadana-en-america-latina\\\/#organizationLogo\"},\"sameAs\":[\"https:\\\/\\\/facebook.com\\\/eldigitaldeasturias\",\"https:\\\/\\\/www.youtube.com\\\/channel\\\/UCZP-2wLEB9Rv6erhFmqVnvg\"],\"address\":{\"@id\":\"https:\\\/\\\/www.eldigitaldeasturias.com\\\/noticias\\\/#postaladdress\",\"@type\":\"PostalAddress\",\"streetAddress\":\"san antonio 4\",\"postalCode\":\"33430\",\"addressLocality\":\"Cand\\u00e1s\",\"addressRegion\":\"Asturias\",\"addressCountry\":\"ES\"}},{\"@type\":\"Person\",\"@id\":\"https:\\\/\\\/www.eldigitaldeasturias.com\\\/noticias\\\/author\\\/admin\\\/#author\",\"url\":\"https:\\\/\\\/www.eldigitaldeasturias.com\\\/noticias\\\/author\\\/admin\\\/\",\"name\":\"El Digital de Asturias\",\"image\":{\"@type\":\"ImageObject\",\"@id\":\"https:\\\/\\\/www.eldigitaldeasturias.com\\\/noticias\\\/el-pnud-desea-mas-ayuda-de-la-ue-para-seguridad-ciudadana-en-america-latina\\\/#authorImage\",\"url\":\"https:\\\/\\\/secure.gravatar.com\\\/avatar\\\/df2aeffc32bcd13f8d26072ef8a91b623d677766deac7f97ca815868cd41bf5e?s=96&d=mm&r=g\",\"width\":96,\"height\":96,\"caption\":\"El Digital de Asturias\"}},{\"@type\":\"WebPage\",\"@id\":\"https:\\\/\\\/www.eldigitaldeasturias.com\\\/noticias\\\/el-pnud-desea-mas-ayuda-de-la-ue-para-seguridad-ciudadana-en-america-latina\\\/#webpage\",\"url\":\"https:\\\/\\\/www.eldigitaldeasturias.com\\\/noticias\\\/el-pnud-desea-mas-ayuda-de-la-ue-para-seguridad-ciudadana-en-america-latina\\\/\",\"name\":\"El PNUD desea m\\u00e1s ayuda de la UE para seguridad ciudadana en Am\\u00e9rica Latina - El Digital de Asturias\",\"description\":\"Bruselas, 6 feb (EFE).- El Programa de las Naciones Unidas para el Desarrollo (PNUD) expres\\u00f3 hoy su deseo de que la Uni\\u00f3n Europea (UE) aporte m\\u00e1s ayuda para reforzar la seguridad ciudadana en Am\\u00e9rica Latina. \\\"Ser\\u00eda muy interesante que la Uni\\u00f3n Europea pudiese invertir m\\u00e1s recursos en este tema (la seguridad ciudadana) con esa perspectiva\",\"inLanguage\":\"es-ES\",\"isPartOf\":{\"@id\":\"https:\\\/\\\/www.eldigitaldeasturias.com\\\/noticias\\\/#website\"},\"breadcrumb\":{\"@id\":\"https:\\\/\\\/www.eldigitaldeasturias.com\\\/noticias\\\/el-pnud-desea-mas-ayuda-de-la-ue-para-seguridad-ciudadana-en-america-latina\\\/#breadcrumblist\"},\"author\":{\"@id\":\"https:\\\/\\\/www.eldigitaldeasturias.com\\\/noticias\\\/author\\\/admin\\\/#author\"},\"creator\":{\"@id\":\"https:\\\/\\\/www.eldigitaldeasturias.com\\\/noticias\\\/author\\\/admin\\\/#author\"},\"image\":{\"@type\":\"ImageObject\",\"url\":485735,\"@id\":\"https:\\\/\\\/www.eldigitaldeasturias.com\\\/noticias\\\/el-pnud-desea-mas-ayuda-de-la-ue-para-seguridad-ciudadana-en-america-latina\\\/#mainImage\"},\"primaryImageOfPage\":{\"@id\":\"https:\\\/\\\/www.eldigitaldeasturias.com\\\/noticias\\\/el-pnud-desea-mas-ayuda-de-la-ue-para-seguridad-ciudadana-en-america-latina\\\/#mainImage\"},\"datePublished\":\"2014-02-07T17:04:58+01:00\",\"dateModified\":\"2014-02-07T17:08:30+01:00\"},{\"@type\":\"WebSite\",\"@id\":\"https:\\\/\\\/www.eldigitaldeasturias.com\\\/noticias\\\/#website\",\"url\":\"https:\\\/\\\/www.eldigitaldeasturias.com\\\/noticias\\\/\",\"name\":\"El Digital de Asturias - Diario de actualidad y noticias\",\"alternateName\":\"El Digital de Asturias - Diario de actualidad y noticias\",\"description\":\"Hemeroteca\",\"inLanguage\":\"es-ES\",\"publisher\":{\"@id\":\"https:\\\/\\\/www.eldigitaldeasturias.com\\\/noticias\\\/#organization\"}}]}\n\t\t<\/script>\n\t\t<!-- All in One SEO Pro -->\r\n\t\t<title>El PNUD desea m\u00e1s ayuda de la UE para seguridad ciudadana en Am\u00e9rica Latina - El Digital de Asturias<\/title>\n\n","aioseo_head_json":{"title":"El PNUD desea m\u00e1s ayuda de la UE para seguridad ciudadana en Am\u00e9rica Latina - El Digital de Asturias","description":"Bruselas, 6 feb (EFE).- El Programa de las Naciones Unidas para el Desarrollo (PNUD) expres\u00f3 hoy su deseo de que la Uni\u00f3n Europea (UE) aporte m\u00e1s ayuda para reforzar la seguridad ciudadana en Am\u00e9rica Latina. \"Ser\u00eda muy interesante que la Uni\u00f3n Europea pudiese invertir m\u00e1s recursos en este tema (la seguridad ciudadana) con esa perspectiva","canonical_url":"https:\/\/www.eldigitaldeasturias.com\/noticias\/el-pnud-desea-mas-ayuda-de-la-ue-para-seguridad-ciudadana-en-america-latina\/","robots":"max-image-preview:large","keywords":"actualidad","webmasterTools":{"google-site-verification":"UA-38556648-1","msvalidate.01":"7dfe9f3f1b24437ab69f4f2559babe99","miscellaneous":""},"schema":{"@context":"https:\/\/schema.org","@graph":[{"@type":"BlogPosting","@id":"https:\/\/www.eldigitaldeasturias.com\/noticias\/el-pnud-desea-mas-ayuda-de-la-ue-para-seguridad-ciudadana-en-america-latina\/#blogposting","name":"El PNUD desea m\u00e1s ayuda de la UE para seguridad ciudadana en Am\u00e9rica Latina - El Digital de Asturias","headline":"El PNUD desea m\u00e1s ayuda de la UE para seguridad ciudadana en Am\u00e9rica Latina","author":{"@id":"https:\/\/www.eldigitaldeasturias.com\/noticias\/author\/admin\/#author"},"publisher":{"@id":"https:\/\/www.eldigitaldeasturias.com\/noticias\/#organization"},"image":{"@type":"ImageObject","url":485735},"datePublished":"2014-02-07T17:04:58+01:00","dateModified":"2014-02-07T17:08:30+01:00","inLanguage":"es-ES","mainEntityOfPage":{"@id":"https:\/\/www.eldigitaldeasturias.com\/noticias\/el-pnud-desea-mas-ayuda-de-la-ue-para-seguridad-ciudadana-en-america-latina\/#webpage"},"isPartOf":{"@id":"https:\/\/www.eldigitaldeasturias.com\/noticias\/el-pnud-desea-mas-ayuda-de-la-ue-para-seguridad-ciudadana-en-america-latina\/#webpage"},"articleSection":"Actualidad"},{"@type":"BreadcrumbList","@id":"https:\/\/www.eldigitaldeasturias.com\/noticias\/el-pnud-desea-mas-ayuda-de-la-ue-para-seguridad-ciudadana-en-america-latina\/#breadcrumblist","itemListElement":[{"@type":"ListItem","@id":"https:\/\/www.eldigitaldeasturias.com\/noticias#listItem","position":1,"name":"Home","item":"https:\/\/www.eldigitaldeasturias.com\/noticias","nextItem":{"@type":"ListItem","@id":"https:\/\/www.eldigitaldeasturias.com\/noticias\/category\/actualidad\/#listItem","name":"Actualidad"}},{"@type":"ListItem","@id":"https:\/\/www.eldigitaldeasturias.com\/noticias\/category\/actualidad\/#listItem","position":2,"name":"Actualidad","item":"https:\/\/www.eldigitaldeasturias.com\/noticias\/category\/actualidad\/","nextItem":{"@type":"ListItem","@id":"https:\/\/www.eldigitaldeasturias.com\/noticias\/el-pnud-desea-mas-ayuda-de-la-ue-para-seguridad-ciudadana-en-america-latina\/#listItem","name":"El PNUD desea m\u00e1s ayuda de la UE para seguridad ciudadana en Am\u00e9rica Latina"},"previousItem":{"@type":"ListItem","@id":"https:\/\/www.eldigitaldeasturias.com\/noticias#listItem","name":"Home"}},{"@type":"ListItem","@id":"https:\/\/www.eldigitaldeasturias.com\/noticias\/el-pnud-desea-mas-ayuda-de-la-ue-para-seguridad-ciudadana-en-america-latina\/#listItem","position":3,"name":"El PNUD desea m\u00e1s ayuda de la UE para seguridad ciudadana en Am\u00e9rica Latina","previousItem":{"@type":"ListItem","@id":"https:\/\/www.eldigitaldeasturias.com\/noticias\/category\/actualidad\/#listItem","name":"Actualidad"}}]},{"@type":"Organization","@id":"https:\/\/www.eldigitaldeasturias.com\/noticias\/#organization","name":"El Digital de Asturias","description":"Hemeroteca","url":"https:\/\/www.eldigitaldeasturias.com\/noticias\/","email":"info@eldigitaldeasturias.com","telephone":"+34652131393","logo":{"@type":"ImageObject","url":"https:\/\/www.eldigitaldeasturias.com\/noticias\/wp-content\/uploads\/2020\/12\/EDA.jpg","@id":"https:\/\/www.eldigitaldeasturias.com\/noticias\/el-pnud-desea-mas-ayuda-de-la-ue-para-seguridad-ciudadana-en-america-latina\/#organizationLogo"},"image":{"@id":"https:\/\/www.eldigitaldeasturias.com\/noticias\/el-pnud-desea-mas-ayuda-de-la-ue-para-seguridad-ciudadana-en-america-latina\/#organizationLogo"},"sameAs":["https:\/\/facebook.com\/eldigitaldeasturias","https:\/\/www.youtube.com\/channel\/UCZP-2wLEB9Rv6erhFmqVnvg"],"address":{"@id":"https:\/\/www.eldigitaldeasturias.com\/noticias\/#postaladdress","@type":"PostalAddress","streetAddress":"san antonio 4","postalCode":"33430","addressLocality":"Cand\u00e1s","addressRegion":"Asturias","addressCountry":"ES"}},{"@type":"Person","@id":"https:\/\/www.eldigitaldeasturias.com\/noticias\/author\/admin\/#author","url":"https:\/\/www.eldigitaldeasturias.com\/noticias\/author\/admin\/","name":"El Digital de Asturias","image":{"@type":"ImageObject","@id":"https:\/\/www.eldigitaldeasturias.com\/noticias\/el-pnud-desea-mas-ayuda-de-la-ue-para-seguridad-ciudadana-en-america-latina\/#authorImage","url":"https:\/\/secure.gravatar.com\/avatar\/df2aeffc32bcd13f8d26072ef8a91b623d677766deac7f97ca815868cd41bf5e?s=96&d=mm&r=g","width":96,"height":96,"caption":"El Digital de Asturias"}},{"@type":"WebPage","@id":"https:\/\/www.eldigitaldeasturias.com\/noticias\/el-pnud-desea-mas-ayuda-de-la-ue-para-seguridad-ciudadana-en-america-latina\/#webpage","url":"https:\/\/www.eldigitaldeasturias.com\/noticias\/el-pnud-desea-mas-ayuda-de-la-ue-para-seguridad-ciudadana-en-america-latina\/","name":"El PNUD desea m\u00e1s ayuda de la UE para seguridad ciudadana en Am\u00e9rica Latina - El Digital de Asturias","description":"Bruselas, 6 feb (EFE).- El Programa de las Naciones Unidas para el Desarrollo (PNUD) expres\u00f3 hoy su deseo de que la Uni\u00f3n Europea (UE) aporte m\u00e1s ayuda para reforzar la seguridad ciudadana en Am\u00e9rica Latina. \"Ser\u00eda muy interesante que la Uni\u00f3n Europea pudiese invertir m\u00e1s recursos en este tema (la seguridad ciudadana) con esa perspectiva","inLanguage":"es-ES","isPartOf":{"@id":"https:\/\/www.eldigitaldeasturias.com\/noticias\/#website"},"breadcrumb":{"@id":"https:\/\/www.eldigitaldeasturias.com\/noticias\/el-pnud-desea-mas-ayuda-de-la-ue-para-seguridad-ciudadana-en-america-latina\/#breadcrumblist"},"author":{"@id":"https:\/\/www.eldigitaldeasturias.com\/noticias\/author\/admin\/#author"},"creator":{"@id":"https:\/\/www.eldigitaldeasturias.com\/noticias\/author\/admin\/#author"},"image":{"@type":"ImageObject","url":485735,"@id":"https:\/\/www.eldigitaldeasturias.com\/noticias\/el-pnud-desea-mas-ayuda-de-la-ue-para-seguridad-ciudadana-en-america-latina\/#mainImage"},"primaryImageOfPage":{"@id":"https:\/\/www.eldigitaldeasturias.com\/noticias\/el-pnud-desea-mas-ayuda-de-la-ue-para-seguridad-ciudadana-en-america-latina\/#mainImage"},"datePublished":"2014-02-07T17:04:58+01:00","dateModified":"2014-02-07T17:08:30+01:00"},{"@type":"WebSite","@id":"https:\/\/www.eldigitaldeasturias.com\/noticias\/#website","url":"https:\/\/www.eldigitaldeasturias.com\/noticias\/","name":"El Digital de Asturias - Diario de actualidad y noticias","alternateName":"El Digital de Asturias - Diario de actualidad y noticias","description":"Hemeroteca","inLanguage":"es-ES","publisher":{"@id":"https:\/\/www.eldigitaldeasturias.com\/noticias\/#organization"}}]},"og:locale":"es_ES","og:site_name":"El Digital de Asturias","og:type":"article","og:title":"El PNUD desea m\u00e1s ayuda de la UE para seguridad ciudadana en Am\u00e9rica Latina - El Digital de Asturias","og:description":"Bruselas, 6 feb (EFE).- El Programa de las Naciones Unidas para el Desarrollo (PNUD) expres\u00f3 hoy su deseo de que la Uni\u00f3n Europea (UE) aporte m\u00e1s ayuda para reforzar la seguridad ciudadana en Am\u00e9rica Latina. &quot;Ser\u00eda muy interesante que la Uni\u00f3n Europea pudiese invertir m\u00e1s recursos en este tema (la seguridad ciudadana) con esa perspectiva","og:url":"https:\/\/www.eldigitaldeasturias.com\/noticias\/el-pnud-desea-mas-ayuda-de-la-ue-para-seguridad-ciudadana-en-america-latina\/","article:tag":["actualidad"],"article:published_time":"2014-02-07T18:04:58+00:00","article:modified_time":"2014-02-07T18:08:30+00:00","article:publisher":"https:\/\/facebook.com\/eldigitaldeasturias","twitter:card":"summary_large_image","twitter:title":"El PNUD desea m\u00e1s ayuda de la UE para seguridad ciudadana en Am\u00e9rica Latina - El Digital de Asturias","twitter:description":"Bruselas, 6 feb (EFE).- El Programa de las Naciones Unidas para el Desarrollo (PNUD) expres\u00f3 hoy su deseo de que la Uni\u00f3n Europea (UE) aporte m\u00e1s ayuda para reforzar la seguridad ciudadana en Am\u00e9rica Latina. &quot;Ser\u00eda muy interesante que la Uni\u00f3n Europea pudiese invertir m\u00e1s recursos en este tema (la seguridad ciudadana) con esa perspectiva","twitter:label1":"Escrito por","twitter:data1":"El Digital de Asturias","twitter:label2":"Tiempo de lectura estimado","twitter:data2":"2 minutos"},"aioseo_meta_data":{"post_id":"485734","title":null,"description":null,"keywords":null,"keyphrases":null,"primary_term":null,"canonical_url":null,"og_title":null,"og_description":null,"og_object_type":"default","og_image_type":"default","og_image_url":null,"og_image_width":null,"og_image_height":null,"og_image_custom_url":null,"og_image_custom_fields":null,"og_video":null,"og_custom_url":null,"og_article_section":null,"og_article_tags":null,"twitter_use_og":true,"twitter_card":"default","twitter_image_type":"default","twitter_image_url":null,"twitter_image_custom_url":null,"twitter_image_custom_fields":null,"twitter_title":null,"twitter_description":null,"schema":{"blockGraphs":[],"customGraphs":[],"default":{"data":{"Article":[],"Course":[],"Dataset":[],"FAQPage":[],"Movie":[],"Person":[],"Product":[],"ProductReview":[],"Car":[],"Recipe":[],"Service":[],"SoftwareApplication":[],"WebPage":[]},"graphName":"","isEnabled":true},"graphs":[],"defaultGraph":"","defaultPostTypeGraph":""},"schema_type":null,"schema_type_options":null,"pillar_content":false,"robots_default":true,"robots_noindex":false,"robots_noarchive":false,"robots_nosnippet":false,"robots_nofollow":false,"robots_noimageindex":false,"robots_noodp":false,"robots_notranslate":false,"robots_max_snippet":null,"robots_max_videopreview":null,"robots_max_imagepreview":"none","priority":null,"frequency":null,"local_seo":null,"seo_analyzer_scan_date":"2026-06-02 21:45:50","breadcrumb_settings":null,"limit_modified_date":false,"open_ai":null,"ai":null,"created":"2020-11-14 22:55:24","updated":"2026-06-02 21:45:50","focus_keyword":null,"additional_keywords":null,"truseo_locale":null},"aioseo_breadcrumb":"<div class=\"aioseo-breadcrumbs\"><span class=\"aioseo-breadcrumb\">\n\t<a href=\"https:\/\/www.eldigitaldeasturias.com\/noticias\" title=\"Home\">Home<\/a>\n<\/span><span class=\"aioseo-breadcrumb-separator\">\u2013<\/span><span class=\"aioseo-breadcrumb\">\n\t<a href=\"https:\/\/www.eldigitaldeasturias.com\/noticias\/category\/actualidad\/\" title=\"Actualidad\">Actualidad<\/a>\n<\/span><span class=\"aioseo-breadcrumb-separator\">\u2013<\/span><span class=\"aioseo-breadcrumb\">\n\t<a href=\"https:\/\/www.eldigitaldeasturias.com\/noticias\/el-pnud-desea-mas-ayuda-de-la-ue-para-seguridad-ciudadana-en-america-latina\/\" title=\"El PNUD desea m\u00e1s ayuda de la UE para seguridad ciudadana en Am\u00e9rica Latina\">El PNUD desea m\u00e1s ayuda de la UE para seguridad ciudadana en Am\u00e9rica Latina<\/a>\n<\/span><\/div>","aioseo_breadcrumb_json":[{"label":"Home","link":"https:\/\/www.eldigitaldeasturias.com\/noticias"},{"label":"Actualidad","link":"https:\/\/www.eldigitaldeasturias.com\/noticias\/category\/actualidad\/"},{"label":"El PNUD desea m\u00e1s ayuda de la UE para seguridad ciudadana en Am\u00e9rica Latina","link":"https:\/\/www.eldigitaldeasturias.com\/noticias\/el-pnud-desea-mas-ayuda-de-la-ue-para-seguridad-ciudadana-en-america-latina\/"}],"_links":{"self":[{"href":"https:\/\/www.eldigitaldeasturias.com\/noticias\/wp-json\/wp\/v2\/posts\/485734","targetHints":{"allow":["GET"]}}],"collection":[{"href":"https:\/\/www.eldigitaldeasturias.com\/noticias\/wp-json\/wp\/v2\/posts"}],"about":[{"href":"https:\/\/www.eldigitaldeasturias.com\/noticias\/wp-json\/wp\/v2\/types\/post"}],"author":[{"embeddable":true,"href":"https:\/\/www.eldigitaldeasturias.com\/noticias\/wp-json\/wp\/v2\/users\/1"}],"replies":[{"embeddable":true,"href":"https:\/\/www.eldigitaldeasturias.com\/noticias\/wp-json\/wp\/v2\/comments?post=485734"}],"version-history":[{"count":0,"href":"https:\/\/www.eldigitaldeasturias.com\/noticias\/wp-json\/wp\/v2\/posts\/485734\/revisions"}],"wp:attachment":[{"href":"https:\/\/www.eldigitaldeasturias.com\/noticias\/wp-json\/wp\/v2\/media?parent=485734"}],"wp:term":[{"taxonomy":"category","embeddable":true,"href":"https:\/\/www.eldigitaldeasturias.com\/noticias\/wp-json\/wp\/v2\/categories?post=485734"},{"taxonomy":"post_tag","embeddable":true,"href":"https:\/\/www.eldigitaldeasturias.com\/noticias\/wp-json\/wp\/v2\/tags?post=485734"}],"curies":[{"name":"wp","href":"https:\/\/api.w.org\/{rel}","templated":true}]}}