{"id":485728,"date":"2014-02-07T17:01:25","date_gmt":"2014-02-07T18:01:25","guid":{"rendered":"http:\/\/www.eldigitaldeasturias.com\/noticias\/?p=485728"},"modified":"2014-02-07T17:01:25","modified_gmt":"2014-02-07T18:01:25","slug":"saca-dice-que-no-apoyara-a-nadie-en-la-segunda-vuelta-y-da-libertad-a-sus-votantes","status":"publish","type":"post","link":"https:\/\/www.eldigitaldeasturias.com\/noticias\/saca-dice-que-no-apoyara-a-nadie-en-la-segunda-vuelta-y-da-libertad-a-sus-votantes\/","title":{"rendered":"Saca dice que no apoyar\u00e1 a nadie en la segunda vuelta y da libertad a sus votantes"},"content":{"rendered":"<p><img loading=\"lazy\" decoding=\"async\" class=\"alignleft size-medium wp-image-485729\" alt=\"5918335w\" src=\"https:\/\/www.eldigitaldeasturias.com\/noticias\/wp-content\/uploads\/2014\/02\/5918335w-360x240.jpg\" width=\"360\" height=\"240\" \/>San Salvador, 6 feb (EFE).- El expresidente de El Salvador El\u00edas Antonio Saca anunci\u00f3 hoy que la alianza que \u00e9l encabez\u00f3 en las pasadas elecciones no respaldar\u00e1 a ning\u00fan candidato en la segunda ronda y dej\u00f3 en libertad de hacerlo a los partidos y votantes que le apoyaron.<\/p>\n<p>En la segunda vuelta, el 9 de marzo, se enfrentar\u00e1n el ganador en primera ronda, Salvador S\u00e1nchez Cer\u00e9n, del gobernante Frente Farabundo Mart\u00ed para la Liberaci\u00f3n Nacional (FMLN), y Norman Quijano, de Alianza Republicana Nacionalista (ARENA).<\/p>\n<p>\u00abNo vamos a apoyar a ninguno de los dos candidatos que van a la elecci\u00f3n presidencial\u00bb, declar\u00f3 a los periodistas Saca, que fue el candidato del movimiento Unidad, formado por tres peque\u00f1os partidos de derecha y que qued\u00f3 en tercer lugar en los comicios.<\/p>\n<p>Saca, que gobern\u00f3 El Salvador entre2004 y 2009 por ARENA, que lo expuls\u00f3 posteriormente por un conflicto interno, dijo que \u00abno podemos decidir por la gente; respetamos a los ciudadanos y ellos finalmente van a decidir a qui\u00e9n le van a dar su voto\u00bb.<\/p>\n<p>El expresidente hizo estas declaraciones en la localidad de Ataco, donde asisti\u00f3 como invitado a una reuni\u00f3n de S\u00e1nchez Cer\u00e9n y otros dirigentes del FMLN con una organizaci\u00f3n cafetalera, que fue la que lo invit\u00f3.<\/p>\n<p>El movimiento Unidad estaba integrado por el Partido de Conciliaci\u00f3n Nacional (PCN), el Partido Dem\u00f3crata Cristiano (PDC) y la Gran Alianza por la Unidad Nacional (GANA), este \u00faltimo formado por disidentes de ARENA.<\/p>\n<p>Tras las resultados preliminares, S\u00e1nchez Cer\u00e9n y Quijano anunciaron que buscar\u00edan el voto de los sectores que apoyaron a Saca para asegurarse el triunfo en la segunda vuelta.<\/p>\n<p>Saca asegur\u00f3 hoy que ni el FMLN ni ARENA se han puesto en contacto con \u00e9l en busca de respaldo, aunque reconoci\u00f3 que el domingo llam\u00f3 a S\u00e1nchez Cer\u00e9n para felicitarle e indic\u00f3 que los tres partidos que formaron el movimiento Unidad son libres de decidir su posici\u00f3n.<\/p>\n<p>\u00abNo me ha buscado ninguna dirigencia\u00bb pol\u00edtica, \u00abyo no he conversado con ninguna dirigencia\u00bb, insisti\u00f3 el expresidente, qua a\u00f1adi\u00f3 que respeta \u00abla independencia de cada partido\u00bb para decidir si apoya a alg\u00fan candidato en la segunda vuelta y coment\u00f3 que ve \u00abcon agrado\u00bb que algunos de esos colectivos est\u00e9n \u00aben consultas\u00bb con sus bases para tomar una decisi\u00f3n.<\/p>\n<p>De momento, s\u00f3lo el PDC ha dicho que su posici\u00f3n est\u00e1 a favor de sus \u00abprincipios y valores\u00bb, aunque sin expresar respaldo espec\u00edfico al FMLN o ARENA, a trav\u00e9s de un comunicado publicado hoy en la prensa local.<\/p>\n<p>\u00abHacemos un llamado (a los democristianos) para tener presente que lo fundamental es preservar a trav\u00e9s del voto la forma de Gobierno republicano, democr\u00e1tico y representativo, y el sistema pluralista reconocidos en norma p\u00e9trea en nuestra Constituci\u00f3n\u00bb, se\u00f1al\u00f3 el PDC.<\/p>\n<p>El recuento preliminar del Tribunal Supremo Electoral (TSE), con el 99,30 % de los votos escrutados, arroja el 48,93 % para S\u00e1nchez Cer\u00e9n y el 38,95 % para Quijano, mientras que Saca queda con el 11,44 %.<\/p>\n<p>El TSE ya concluy\u00f3 el escrutinio definitivo, que comenz\u00f3 el lunes, y har\u00e1 oficiales pronto los datos, seg\u00fan fuentes de ese organismo.<\/p>\n<p>El nuevo presidente salvadore\u00f1o que surja de este proceso sustituir\u00e1 el 1 de junio al actual mandatario, Mauricio Funes, para el per\u00edodo 2014-2019.<\/p>\n","protected":false},"excerpt":{"rendered":"<p>San Salvador, 6 feb (EFE).- El expresidente de El Salvador El\u00edas Antonio Saca anunci\u00f3 hoy que la alianza que \u00e9l encabez\u00f3 en las pasadas elecciones no respaldar\u00e1 a ning\u00fan candidato en la segunda ronda y dej\u00f3 en libertad de hacerlo a los partidos y votantes que le apoyaron. En la segunda vuelta, el 9 de [&hellip;]<\/p>\n","protected":false},"author":1,"featured_media":485729,"comment_status":"closed","ping_status":"open","sticky":false,"template":"","format":"standard","meta":{"footnotes":""},"categories":[1],"tags":[],"class_list":["post-485728","post","type-post","status-publish","format-standard","has-post-thumbnail","hentry","category-actualidad"],"aioseo_notices":[],"aioseo_head":"\n\t\t<!-- All in One SEO Pro 5.0.1 - aioseo.com -->\n\t<meta name=\"description\" content=\"San Salvador, 6 feb (EFE).- El expresidente de El Salvador El\u00edas Antonio Saca anunci\u00f3 hoy que la alianza que \u00e9l encabez\u00f3 en las pasadas elecciones no respaldar\u00e1 a ning\u00fan candidato en la segunda ronda y dej\u00f3 en libertad de hacerlo a los partidos y votantes que le apoyaron. En la segunda vuelta, el 9 de\" \/>\n\t<meta name=\"robots\" content=\"max-image-preview:large\" \/>\n\t<meta name=\"author\" content=\"El Digital de Asturias\"\/>\n\t<meta name=\"google-site-verification\" content=\"UA-38556648-1\" \/>\n\t<meta name=\"msvalidate.01\" content=\"7dfe9f3f1b24437ab69f4f2559babe99\" \/>\n\t<meta name=\"keywords\" content=\"actualidad\" \/>\n\t<link rel=\"canonical\" href=\"https:\/\/www.eldigitaldeasturias.com\/noticias\/saca-dice-que-no-apoyara-a-nadie-en-la-segunda-vuelta-y-da-libertad-a-sus-votantes\/\" \/>\n\t<meta name=\"generator\" content=\"All in One SEO Pro (AIOSEO) 5.0.1\" \/>\n\t\t<meta property=\"og:locale\" content=\"es_ES\" \/>\n\t\t<meta property=\"og:site_name\" content=\"El Digital de Asturias\" \/>\n\t\t<meta property=\"og:type\" content=\"article\" \/>\n\t\t<meta property=\"og:title\" content=\"Saca dice que no apoyar\u00e1 a nadie en la segunda vuelta y da libertad a sus votantes - El Digital de Asturias\" \/>\n\t\t<meta property=\"og:description\" content=\"San Salvador, 6 feb (EFE).- El expresidente de El Salvador El\u00edas Antonio Saca anunci\u00f3 hoy que la alianza que \u00e9l encabez\u00f3 en las pasadas elecciones no respaldar\u00e1 a ning\u00fan candidato en la segunda ronda y dej\u00f3 en libertad de hacerlo a los partidos y votantes que le apoyaron. En la segunda vuelta, el 9 de\" \/>\n\t\t<meta property=\"og:url\" content=\"https:\/\/www.eldigitaldeasturias.com\/noticias\/saca-dice-que-no-apoyara-a-nadie-en-la-segunda-vuelta-y-da-libertad-a-sus-votantes\/\" \/>\n\t\t<meta property=\"article:tag\" content=\"actualidad\" \/>\n\t\t<meta property=\"article:published_time\" content=\"2014-02-07T18:01:25+00:00\" \/>\n\t\t<meta property=\"article:modified_time\" content=\"2014-02-07T18:01:25+00:00\" \/>\n\t\t<meta property=\"article:publisher\" content=\"https:\/\/facebook.com\/eldigitaldeasturias\" \/>\n\t\t<meta name=\"twitter:card\" content=\"summary_large_image\" \/>\n\t\t<meta name=\"twitter:title\" content=\"Saca dice que no apoyar\u00e1 a nadie en la segunda vuelta y da libertad a sus votantes - El Digital de Asturias\" \/>\n\t\t<meta name=\"twitter:description\" content=\"San Salvador, 6 feb (EFE).- El expresidente de El Salvador El\u00edas Antonio Saca anunci\u00f3 hoy que la alianza que \u00e9l encabez\u00f3 en las pasadas elecciones no respaldar\u00e1 a ning\u00fan candidato en la segunda ronda y dej\u00f3 en libertad de hacerlo a los partidos y votantes que le apoyaron. En la segunda vuelta, el 9 de\" \/>\n\t\t<meta name=\"twitter:label1\" content=\"Escrito por\" \/>\n\t\t<meta name=\"twitter:data1\" content=\"El Digital de Asturias\" \/>\n\t\t<meta name=\"twitter:label2\" content=\"Tiempo de lectura estimado\" \/>\n\t\t<meta name=\"twitter:data2\" content=\"3 minutos\" \/>\n\t\t<script type=\"application\/ld+json\" class=\"aioseo-schema\">\n\t\t\t{\"@context\":\"https:\\\/\\\/schema.org\",\"@graph\":[{\"@type\":\"BlogPosting\",\"@id\":\"https:\\\/\\\/www.eldigitaldeasturias.com\\\/noticias\\\/saca-dice-que-no-apoyara-a-nadie-en-la-segunda-vuelta-y-da-libertad-a-sus-votantes\\\/#blogposting\",\"name\":\"Saca dice que no apoyar\\u00e1 a nadie en la segunda vuelta y da libertad a sus votantes - El Digital de Asturias\",\"headline\":\"Saca dice que no apoyar\\u00e1 a nadie en la segunda vuelta y da libertad a sus votantes\",\"author\":{\"@id\":\"https:\\\/\\\/www.eldigitaldeasturias.com\\\/noticias\\\/author\\\/admin\\\/#author\"},\"publisher\":{\"@id\":\"https:\\\/\\\/www.eldigitaldeasturias.com\\\/noticias\\\/#organization\"},\"image\":{\"@type\":\"ImageObject\",\"url\":485729},\"datePublished\":\"2014-02-07T17:01:25+01:00\",\"dateModified\":\"2014-02-07T17:01:25+01:00\",\"inLanguage\":\"es-ES\",\"mainEntityOfPage\":{\"@id\":\"https:\\\/\\\/www.eldigitaldeasturias.com\\\/noticias\\\/saca-dice-que-no-apoyara-a-nadie-en-la-segunda-vuelta-y-da-libertad-a-sus-votantes\\\/#webpage\"},\"isPartOf\":{\"@id\":\"https:\\\/\\\/www.eldigitaldeasturias.com\\\/noticias\\\/saca-dice-que-no-apoyara-a-nadie-en-la-segunda-vuelta-y-da-libertad-a-sus-votantes\\\/#webpage\"},\"articleSection\":\"Actualidad\"},{\"@type\":\"BreadcrumbList\",\"@id\":\"https:\\\/\\\/www.eldigitaldeasturias.com\\\/noticias\\\/saca-dice-que-no-apoyara-a-nadie-en-la-segunda-vuelta-y-da-libertad-a-sus-votantes\\\/#breadcrumblist\",\"itemListElement\":[{\"@type\":\"ListItem\",\"@id\":\"https:\\\/\\\/www.eldigitaldeasturias.com\\\/noticias#listItem\",\"position\":1,\"name\":\"Home\",\"item\":\"https:\\\/\\\/www.eldigitaldeasturias.com\\\/noticias\",\"nextItem\":{\"@type\":\"ListItem\",\"@id\":\"https:\\\/\\\/www.eldigitaldeasturias.com\\\/noticias\\\/category\\\/actualidad\\\/#listItem\",\"name\":\"Actualidad\"}},{\"@type\":\"ListItem\",\"@id\":\"https:\\\/\\\/www.eldigitaldeasturias.com\\\/noticias\\\/category\\\/actualidad\\\/#listItem\",\"position\":2,\"name\":\"Actualidad\",\"item\":\"https:\\\/\\\/www.eldigitaldeasturias.com\\\/noticias\\\/category\\\/actualidad\\\/\",\"nextItem\":{\"@type\":\"ListItem\",\"@id\":\"https:\\\/\\\/www.eldigitaldeasturias.com\\\/noticias\\\/saca-dice-que-no-apoyara-a-nadie-en-la-segunda-vuelta-y-da-libertad-a-sus-votantes\\\/#listItem\",\"name\":\"Saca dice que no apoyar\\u00e1 a nadie en la segunda vuelta y da libertad a sus votantes\"},\"previousItem\":{\"@type\":\"ListItem\",\"@id\":\"https:\\\/\\\/www.eldigitaldeasturias.com\\\/noticias#listItem\",\"name\":\"Home\"}},{\"@type\":\"ListItem\",\"@id\":\"https:\\\/\\\/www.eldigitaldeasturias.com\\\/noticias\\\/saca-dice-que-no-apoyara-a-nadie-en-la-segunda-vuelta-y-da-libertad-a-sus-votantes\\\/#listItem\",\"position\":3,\"name\":\"Saca dice que no apoyar\\u00e1 a nadie en la segunda vuelta y da libertad a sus votantes\",\"previousItem\":{\"@type\":\"ListItem\",\"@id\":\"https:\\\/\\\/www.eldigitaldeasturias.com\\\/noticias\\\/category\\\/actualidad\\\/#listItem\",\"name\":\"Actualidad\"}}]},{\"@type\":\"Organization\",\"@id\":\"https:\\\/\\\/www.eldigitaldeasturias.com\\\/noticias\\\/#organization\",\"name\":\"El Digital de Asturias\",\"description\":\"Hemeroteca\",\"url\":\"https:\\\/\\\/www.eldigitaldeasturias.com\\\/noticias\\\/\",\"email\":\"info@eldigitaldeasturias.com\",\"telephone\":\"+34652131393\",\"logo\":{\"@type\":\"ImageObject\",\"url\":\"https:\\\/\\\/www.eldigitaldeasturias.com\\\/noticias\\\/wp-content\\\/uploads\\\/2020\\\/12\\\/EDA.jpg\",\"@id\":\"https:\\\/\\\/www.eldigitaldeasturias.com\\\/noticias\\\/saca-dice-que-no-apoyara-a-nadie-en-la-segunda-vuelta-y-da-libertad-a-sus-votantes\\\/#organizationLogo\"},\"image\":{\"@id\":\"https:\\\/\\\/www.eldigitaldeasturias.com\\\/noticias\\\/saca-dice-que-no-apoyara-a-nadie-en-la-segunda-vuelta-y-da-libertad-a-sus-votantes\\\/#organizationLogo\"},\"sameAs\":[\"https:\\\/\\\/facebook.com\\\/eldigitaldeasturias\",\"https:\\\/\\\/www.youtube.com\\\/channel\\\/UCZP-2wLEB9Rv6erhFmqVnvg\"],\"address\":{\"@id\":\"https:\\\/\\\/www.eldigitaldeasturias.com\\\/noticias\\\/#postaladdress\",\"@type\":\"PostalAddress\",\"streetAddress\":\"san antonio 4\",\"postalCode\":\"33430\",\"addressLocality\":\"Cand\\u00e1s\",\"addressRegion\":\"Asturias\",\"addressCountry\":\"ES\"}},{\"@type\":\"Person\",\"@id\":\"https:\\\/\\\/www.eldigitaldeasturias.com\\\/noticias\\\/author\\\/admin\\\/#author\",\"url\":\"https:\\\/\\\/www.eldigitaldeasturias.com\\\/noticias\\\/author\\\/admin\\\/\",\"name\":\"El Digital de Asturias\",\"image\":{\"@type\":\"ImageObject\",\"@id\":\"https:\\\/\\\/www.eldigitaldeasturias.com\\\/noticias\\\/saca-dice-que-no-apoyara-a-nadie-en-la-segunda-vuelta-y-da-libertad-a-sus-votantes\\\/#authorImage\",\"url\":\"https:\\\/\\\/secure.gravatar.com\\\/avatar\\\/df2aeffc32bcd13f8d26072ef8a91b623d677766deac7f97ca815868cd41bf5e?s=96&d=mm&r=g\",\"width\":96,\"height\":96,\"caption\":\"El Digital de Asturias\"}},{\"@type\":\"WebPage\",\"@id\":\"https:\\\/\\\/www.eldigitaldeasturias.com\\\/noticias\\\/saca-dice-que-no-apoyara-a-nadie-en-la-segunda-vuelta-y-da-libertad-a-sus-votantes\\\/#webpage\",\"url\":\"https:\\\/\\\/www.eldigitaldeasturias.com\\\/noticias\\\/saca-dice-que-no-apoyara-a-nadie-en-la-segunda-vuelta-y-da-libertad-a-sus-votantes\\\/\",\"name\":\"Saca dice que no apoyar\\u00e1 a nadie en la segunda vuelta y da libertad a sus votantes - El Digital de Asturias\",\"description\":\"San Salvador, 6 feb (EFE).- El expresidente de El Salvador El\\u00edas Antonio Saca anunci\\u00f3 hoy que la alianza que \\u00e9l encabez\\u00f3 en las pasadas elecciones no respaldar\\u00e1 a ning\\u00fan candidato en la segunda ronda y dej\\u00f3 en libertad de hacerlo a los partidos y votantes que le apoyaron. En la segunda vuelta, el 9 de\",\"inLanguage\":\"es-ES\",\"isPartOf\":{\"@id\":\"https:\\\/\\\/www.eldigitaldeasturias.com\\\/noticias\\\/#website\"},\"breadcrumb\":{\"@id\":\"https:\\\/\\\/www.eldigitaldeasturias.com\\\/noticias\\\/saca-dice-que-no-apoyara-a-nadie-en-la-segunda-vuelta-y-da-libertad-a-sus-votantes\\\/#breadcrumblist\"},\"author\":{\"@id\":\"https:\\\/\\\/www.eldigitaldeasturias.com\\\/noticias\\\/author\\\/admin\\\/#author\"},\"creator\":{\"@id\":\"https:\\\/\\\/www.eldigitaldeasturias.com\\\/noticias\\\/author\\\/admin\\\/#author\"},\"image\":{\"@type\":\"ImageObject\",\"url\":485729,\"@id\":\"https:\\\/\\\/www.eldigitaldeasturias.com\\\/noticias\\\/saca-dice-que-no-apoyara-a-nadie-en-la-segunda-vuelta-y-da-libertad-a-sus-votantes\\\/#mainImage\"},\"primaryImageOfPage\":{\"@id\":\"https:\\\/\\\/www.eldigitaldeasturias.com\\\/noticias\\\/saca-dice-que-no-apoyara-a-nadie-en-la-segunda-vuelta-y-da-libertad-a-sus-votantes\\\/#mainImage\"},\"datePublished\":\"2014-02-07T17:01:25+01:00\",\"dateModified\":\"2014-02-07T17:01:25+01:00\"},{\"@type\":\"WebSite\",\"@id\":\"https:\\\/\\\/www.eldigitaldeasturias.com\\\/noticias\\\/#website\",\"url\":\"https:\\\/\\\/www.eldigitaldeasturias.com\\\/noticias\\\/\",\"name\":\"El Digital de Asturias - Diario de actualidad y noticias\",\"alternateName\":\"El Digital de Asturias - Diario de actualidad y noticias\",\"description\":\"Hemeroteca\",\"inLanguage\":\"es-ES\",\"publisher\":{\"@id\":\"https:\\\/\\\/www.eldigitaldeasturias.com\\\/noticias\\\/#organization\"}}]}\n\t\t<\/script>\n\t\t<!-- All in One SEO Pro -->\r\n\t\t<title>Saca dice que no apoyar\u00e1 a nadie en la segunda vuelta y da libertad a sus votantes - El Digital de Asturias<\/title>\n\n","aioseo_head_json":{"title":"Saca dice que no apoyar\u00e1 a nadie en la segunda vuelta y da libertad a sus votantes - El Digital de Asturias","description":"San Salvador, 6 feb (EFE).- El expresidente de El Salvador El\u00edas Antonio Saca anunci\u00f3 hoy que la alianza que \u00e9l encabez\u00f3 en las pasadas elecciones no respaldar\u00e1 a ning\u00fan candidato en la segunda ronda y dej\u00f3 en libertad de hacerlo a los partidos y votantes que le apoyaron. En la segunda vuelta, el 9 de","canonical_url":"https:\/\/www.eldigitaldeasturias.com\/noticias\/saca-dice-que-no-apoyara-a-nadie-en-la-segunda-vuelta-y-da-libertad-a-sus-votantes\/","robots":"max-image-preview:large","keywords":"actualidad","webmasterTools":{"google-site-verification":"UA-38556648-1","msvalidate.01":"7dfe9f3f1b24437ab69f4f2559babe99","miscellaneous":""},"schema":{"@context":"https:\/\/schema.org","@graph":[{"@type":"BlogPosting","@id":"https:\/\/www.eldigitaldeasturias.com\/noticias\/saca-dice-que-no-apoyara-a-nadie-en-la-segunda-vuelta-y-da-libertad-a-sus-votantes\/#blogposting","name":"Saca dice que no apoyar\u00e1 a nadie en la segunda vuelta y da libertad a sus votantes - El Digital de Asturias","headline":"Saca dice que no apoyar\u00e1 a nadie en la segunda vuelta y da libertad a sus votantes","author":{"@id":"https:\/\/www.eldigitaldeasturias.com\/noticias\/author\/admin\/#author"},"publisher":{"@id":"https:\/\/www.eldigitaldeasturias.com\/noticias\/#organization"},"image":{"@type":"ImageObject","url":485729},"datePublished":"2014-02-07T17:01:25+01:00","dateModified":"2014-02-07T17:01:25+01:00","inLanguage":"es-ES","mainEntityOfPage":{"@id":"https:\/\/www.eldigitaldeasturias.com\/noticias\/saca-dice-que-no-apoyara-a-nadie-en-la-segunda-vuelta-y-da-libertad-a-sus-votantes\/#webpage"},"isPartOf":{"@id":"https:\/\/www.eldigitaldeasturias.com\/noticias\/saca-dice-que-no-apoyara-a-nadie-en-la-segunda-vuelta-y-da-libertad-a-sus-votantes\/#webpage"},"articleSection":"Actualidad"},{"@type":"BreadcrumbList","@id":"https:\/\/www.eldigitaldeasturias.com\/noticias\/saca-dice-que-no-apoyara-a-nadie-en-la-segunda-vuelta-y-da-libertad-a-sus-votantes\/#breadcrumblist","itemListElement":[{"@type":"ListItem","@id":"https:\/\/www.eldigitaldeasturias.com\/noticias#listItem","position":1,"name":"Home","item":"https:\/\/www.eldigitaldeasturias.com\/noticias","nextItem":{"@type":"ListItem","@id":"https:\/\/www.eldigitaldeasturias.com\/noticias\/category\/actualidad\/#listItem","name":"Actualidad"}},{"@type":"ListItem","@id":"https:\/\/www.eldigitaldeasturias.com\/noticias\/category\/actualidad\/#listItem","position":2,"name":"Actualidad","item":"https:\/\/www.eldigitaldeasturias.com\/noticias\/category\/actualidad\/","nextItem":{"@type":"ListItem","@id":"https:\/\/www.eldigitaldeasturias.com\/noticias\/saca-dice-que-no-apoyara-a-nadie-en-la-segunda-vuelta-y-da-libertad-a-sus-votantes\/#listItem","name":"Saca dice que no apoyar\u00e1 a nadie en la segunda vuelta y da libertad a sus votantes"},"previousItem":{"@type":"ListItem","@id":"https:\/\/www.eldigitaldeasturias.com\/noticias#listItem","name":"Home"}},{"@type":"ListItem","@id":"https:\/\/www.eldigitaldeasturias.com\/noticias\/saca-dice-que-no-apoyara-a-nadie-en-la-segunda-vuelta-y-da-libertad-a-sus-votantes\/#listItem","position":3,"name":"Saca dice que no apoyar\u00e1 a nadie en la segunda vuelta y da libertad a sus votantes","previousItem":{"@type":"ListItem","@id":"https:\/\/www.eldigitaldeasturias.com\/noticias\/category\/actualidad\/#listItem","name":"Actualidad"}}]},{"@type":"Organization","@id":"https:\/\/www.eldigitaldeasturias.com\/noticias\/#organization","name":"El Digital de Asturias","description":"Hemeroteca","url":"https:\/\/www.eldigitaldeasturias.com\/noticias\/","email":"info@eldigitaldeasturias.com","telephone":"+34652131393","logo":{"@type":"ImageObject","url":"https:\/\/www.eldigitaldeasturias.com\/noticias\/wp-content\/uploads\/2020\/12\/EDA.jpg","@id":"https:\/\/www.eldigitaldeasturias.com\/noticias\/saca-dice-que-no-apoyara-a-nadie-en-la-segunda-vuelta-y-da-libertad-a-sus-votantes\/#organizationLogo"},"image":{"@id":"https:\/\/www.eldigitaldeasturias.com\/noticias\/saca-dice-que-no-apoyara-a-nadie-en-la-segunda-vuelta-y-da-libertad-a-sus-votantes\/#organizationLogo"},"sameAs":["https:\/\/facebook.com\/eldigitaldeasturias","https:\/\/www.youtube.com\/channel\/UCZP-2wLEB9Rv6erhFmqVnvg"],"address":{"@id":"https:\/\/www.eldigitaldeasturias.com\/noticias\/#postaladdress","@type":"PostalAddress","streetAddress":"san antonio 4","postalCode":"33430","addressLocality":"Cand\u00e1s","addressRegion":"Asturias","addressCountry":"ES"}},{"@type":"Person","@id":"https:\/\/www.eldigitaldeasturias.com\/noticias\/author\/admin\/#author","url":"https:\/\/www.eldigitaldeasturias.com\/noticias\/author\/admin\/","name":"El Digital de Asturias","image":{"@type":"ImageObject","@id":"https:\/\/www.eldigitaldeasturias.com\/noticias\/saca-dice-que-no-apoyara-a-nadie-en-la-segunda-vuelta-y-da-libertad-a-sus-votantes\/#authorImage","url":"https:\/\/secure.gravatar.com\/avatar\/df2aeffc32bcd13f8d26072ef8a91b623d677766deac7f97ca815868cd41bf5e?s=96&d=mm&r=g","width":96,"height":96,"caption":"El Digital de Asturias"}},{"@type":"WebPage","@id":"https:\/\/www.eldigitaldeasturias.com\/noticias\/saca-dice-que-no-apoyara-a-nadie-en-la-segunda-vuelta-y-da-libertad-a-sus-votantes\/#webpage","url":"https:\/\/www.eldigitaldeasturias.com\/noticias\/saca-dice-que-no-apoyara-a-nadie-en-la-segunda-vuelta-y-da-libertad-a-sus-votantes\/","name":"Saca dice que no apoyar\u00e1 a nadie en la segunda vuelta y da libertad a sus votantes - El Digital de Asturias","description":"San Salvador, 6 feb (EFE).- El expresidente de El Salvador El\u00edas Antonio Saca anunci\u00f3 hoy que la alianza que \u00e9l encabez\u00f3 en las pasadas elecciones no respaldar\u00e1 a ning\u00fan candidato en la segunda ronda y dej\u00f3 en libertad de hacerlo a los partidos y votantes que le apoyaron. En la segunda vuelta, el 9 de","inLanguage":"es-ES","isPartOf":{"@id":"https:\/\/www.eldigitaldeasturias.com\/noticias\/#website"},"breadcrumb":{"@id":"https:\/\/www.eldigitaldeasturias.com\/noticias\/saca-dice-que-no-apoyara-a-nadie-en-la-segunda-vuelta-y-da-libertad-a-sus-votantes\/#breadcrumblist"},"author":{"@id":"https:\/\/www.eldigitaldeasturias.com\/noticias\/author\/admin\/#author"},"creator":{"@id":"https:\/\/www.eldigitaldeasturias.com\/noticias\/author\/admin\/#author"},"image":{"@type":"ImageObject","url":485729,"@id":"https:\/\/www.eldigitaldeasturias.com\/noticias\/saca-dice-que-no-apoyara-a-nadie-en-la-segunda-vuelta-y-da-libertad-a-sus-votantes\/#mainImage"},"primaryImageOfPage":{"@id":"https:\/\/www.eldigitaldeasturias.com\/noticias\/saca-dice-que-no-apoyara-a-nadie-en-la-segunda-vuelta-y-da-libertad-a-sus-votantes\/#mainImage"},"datePublished":"2014-02-07T17:01:25+01:00","dateModified":"2014-02-07T17:01:25+01:00"},{"@type":"WebSite","@id":"https:\/\/www.eldigitaldeasturias.com\/noticias\/#website","url":"https:\/\/www.eldigitaldeasturias.com\/noticias\/","name":"El Digital de Asturias - Diario de actualidad y noticias","alternateName":"El Digital de Asturias - Diario de actualidad y noticias","description":"Hemeroteca","inLanguage":"es-ES","publisher":{"@id":"https:\/\/www.eldigitaldeasturias.com\/noticias\/#organization"}}]},"og:locale":"es_ES","og:site_name":"El Digital de Asturias","og:type":"article","og:title":"Saca dice que no apoyar\u00e1 a nadie en la segunda vuelta y da libertad a sus votantes - El Digital de Asturias","og:description":"San Salvador, 6 feb (EFE).- El expresidente de El Salvador El\u00edas Antonio Saca anunci\u00f3 hoy que la alianza que \u00e9l encabez\u00f3 en las pasadas elecciones no respaldar\u00e1 a ning\u00fan candidato en la segunda ronda y dej\u00f3 en libertad de hacerlo a los partidos y votantes que le apoyaron. En la segunda vuelta, el 9 de","og:url":"https:\/\/www.eldigitaldeasturias.com\/noticias\/saca-dice-que-no-apoyara-a-nadie-en-la-segunda-vuelta-y-da-libertad-a-sus-votantes\/","article:tag":["actualidad"],"article:published_time":"2014-02-07T18:01:25+00:00","article:modified_time":"2014-02-07T18:01:25+00:00","article:publisher":"https:\/\/facebook.com\/eldigitaldeasturias","twitter:card":"summary_large_image","twitter:title":"Saca dice que no apoyar\u00e1 a nadie en la segunda vuelta y da libertad a sus votantes - El Digital de Asturias","twitter:description":"San Salvador, 6 feb (EFE).- El expresidente de El Salvador El\u00edas Antonio Saca anunci\u00f3 hoy que la alianza que \u00e9l encabez\u00f3 en las pasadas elecciones no respaldar\u00e1 a ning\u00fan candidato en la segunda ronda y dej\u00f3 en libertad de hacerlo a los partidos y votantes que le apoyaron. En la segunda vuelta, el 9 de","twitter:label1":"Escrito por","twitter:data1":"El Digital de Asturias","twitter:label2":"Tiempo de lectura estimado","twitter:data2":"3 minutos"},"aioseo_meta_data":{"post_id":"485728","title":null,"description":null,"keywords":null,"keyphrases":null,"primary_term":null,"canonical_url":null,"og_title":null,"og_description":null,"og_object_type":"default","og_image_type":"default","og_image_url":null,"og_image_width":null,"og_image_height":null,"og_image_custom_url":null,"og_image_custom_fields":null,"og_video":null,"og_custom_url":null,"og_article_section":null,"og_article_tags":null,"twitter_use_og":true,"twitter_card":"default","twitter_image_type":"default","twitter_image_url":null,"twitter_image_custom_url":null,"twitter_image_custom_fields":null,"twitter_title":null,"twitter_description":null,"schema":{"blockGraphs":[],"customGraphs":[],"default":{"data":{"Article":[],"Course":[],"Dataset":[],"FAQPage":[],"Movie":[],"Person":[],"Product":[],"ProductReview":[],"Car":[],"Recipe":[],"Service":[],"SoftwareApplication":[],"WebPage":[]},"graphName":"","isEnabled":true},"graphs":[],"defaultGraph":"","defaultPostTypeGraph":""},"schema_type":null,"schema_type_options":null,"pillar_content":false,"robots_default":true,"robots_noindex":false,"robots_noarchive":false,"robots_nosnippet":false,"robots_nofollow":false,"robots_noimageindex":false,"robots_noodp":false,"robots_notranslate":false,"robots_max_snippet":null,"robots_max_videopreview":null,"robots_max_imagepreview":"none","priority":null,"frequency":null,"local_seo":null,"seo_analyzer_scan_date":"2026-06-02 21:43:24","breadcrumb_settings":null,"limit_modified_date":false,"open_ai":null,"ai":null,"created":"2020-11-14 22:55:24","updated":"2026-06-02 21:43:24","focus_keyword":null,"additional_keywords":null,"truseo_locale":null},"aioseo_breadcrumb":"<div class=\"aioseo-breadcrumbs\"><span class=\"aioseo-breadcrumb\">\n\t<a href=\"https:\/\/www.eldigitaldeasturias.com\/noticias\" title=\"Home\">Home<\/a>\n<\/span><span class=\"aioseo-breadcrumb-separator\">\u2013<\/span><span class=\"aioseo-breadcrumb\">\n\t<a href=\"https:\/\/www.eldigitaldeasturias.com\/noticias\/category\/actualidad\/\" title=\"Actualidad\">Actualidad<\/a>\n<\/span><span class=\"aioseo-breadcrumb-separator\">\u2013<\/span><span class=\"aioseo-breadcrumb\">\n\t<a href=\"https:\/\/www.eldigitaldeasturias.com\/noticias\/saca-dice-que-no-apoyara-a-nadie-en-la-segunda-vuelta-y-da-libertad-a-sus-votantes\/\" title=\"Saca dice que no apoyar\u00e1 a nadie en la segunda vuelta y da libertad a sus votantes\">Saca dice que no apoyar\u00e1 a nadie en la segunda vuelta y da libertad a sus votantes<\/a>\n<\/span><\/div>","aioseo_breadcrumb_json":[{"label":"Home","link":"https:\/\/www.eldigitaldeasturias.com\/noticias"},{"label":"Actualidad","link":"https:\/\/www.eldigitaldeasturias.com\/noticias\/category\/actualidad\/"},{"label":"Saca dice que no apoyar\u00e1 a nadie en la segunda vuelta y da libertad a sus votantes","link":"https:\/\/www.eldigitaldeasturias.com\/noticias\/saca-dice-que-no-apoyara-a-nadie-en-la-segunda-vuelta-y-da-libertad-a-sus-votantes\/"}],"_links":{"self":[{"href":"https:\/\/www.eldigitaldeasturias.com\/noticias\/wp-json\/wp\/v2\/posts\/485728","targetHints":{"allow":["GET"]}}],"collection":[{"href":"https:\/\/www.eldigitaldeasturias.com\/noticias\/wp-json\/wp\/v2\/posts"}],"about":[{"href":"https:\/\/www.eldigitaldeasturias.com\/noticias\/wp-json\/wp\/v2\/types\/post"}],"author":[{"embeddable":true,"href":"https:\/\/www.eldigitaldeasturias.com\/noticias\/wp-json\/wp\/v2\/users\/1"}],"replies":[{"embeddable":true,"href":"https:\/\/www.eldigitaldeasturias.com\/noticias\/wp-json\/wp\/v2\/comments?post=485728"}],"version-history":[{"count":0,"href":"https:\/\/www.eldigitaldeasturias.com\/noticias\/wp-json\/wp\/v2\/posts\/485728\/revisions"}],"wp:attachment":[{"href":"https:\/\/www.eldigitaldeasturias.com\/noticias\/wp-json\/wp\/v2\/media?parent=485728"}],"wp:term":[{"taxonomy":"category","embeddable":true,"href":"https:\/\/www.eldigitaldeasturias.com\/noticias\/wp-json\/wp\/v2\/categories?post=485728"},{"taxonomy":"post_tag","embeddable":true,"href":"https:\/\/www.eldigitaldeasturias.com\/noticias\/wp-json\/wp\/v2\/tags?post=485728"}],"curies":[{"name":"wp","href":"https:\/\/api.w.org\/{rel}","templated":true}]}}