{"id":485716,"date":"2014-02-07T16:57:09","date_gmt":"2014-02-07T17:57:09","guid":{"rendered":"http:\/\/www.eldigitaldeasturias.com\/noticias\/?p=485716"},"modified":"2014-02-07T16:57:09","modified_gmt":"2014-02-07T17:57:09","slug":"nadal-anuncio-que-no-jugara-en-el-torneo-de-buenos-aires","status":"publish","type":"post","link":"https:\/\/www.eldigitaldeasturias.com\/noticias\/nadal-anuncio-que-no-jugara-en-el-torneo-de-buenos-aires\/","title":{"rendered":"Nadal anunci\u00f3 que no jugar\u00e1 en el torneo de Buenos Aires"},"content":{"rendered":"<p><img loading=\"lazy\" decoding=\"async\" class=\"alignleft size-medium wp-image-485717\" alt=\"5918289w\" src=\"https:\/\/www.eldigitaldeasturias.com\/noticias\/wp-content\/uploads\/2014\/02\/5918289w-360x247.jpg\" width=\"360\" height=\"247\" \/>Buenos Aires, 6 feb (EFE).- El tenista espa\u00f1ol Rafael Nadal anunci\u00f3 esta tarde que no se presentar\u00e1 desde la semana pr\u00f3xima en el torneo de Buenos Aires porque no ha podido entrenarse desde que sufri\u00f3 la lesi\u00f3n de la espalda en la final del Abierto de Australia.<\/p>\n<p>\u00abTengo que anunciar una noticia que me llena de tristeza, que es que no podr\u00e9 estar en Buenos Aires porque por la lesi\u00f3n en la espalda no he podido entrenar a\u00fan desde el Abierto de Australia\u00bb, explic\u00f3 el n\u00famero uno del mundo en un v\u00eddeo que public\u00f3 en su p\u00e1gina de Internet.<\/p>\n<p>\u00abAsimismo hoy a la ma\u00f1ana sufr\u00ed un virus estomacal que no me ha permitido entrenar y he tenido que retrasar todo. Estamos a tres d\u00edas vista del inicio del torneo y sin haber entrenado ni un d\u00eda en pista desde Australia, se me hace imposible realizar una preparaci\u00f3n adecuada para competir en un torneo tan importante como el de Buenos Aires\u00bb, a\u00f1adi\u00f3 Rafa con notoria tristeza.<\/p>\n<p>Rafa Nadal, que en este 2014 ganador del torneo de Doha y finalista en Melbourne continu\u00f3: \u00abLament\u00e1ndolo mucho tengo que tomar esta triste decisi\u00f3n. Lo siento mucho por todos los seguidores, los organizadores del torneo que me hab\u00edan invitado y por mi que me daba mucha ilusi\u00f3n volver a Buenos Aires\u00bb.<\/p>\n<p>\u00abArgentina es un pa\u00eds al que quiero mucho y el a\u00f1o pasado viv\u00ed una experiencia muy bonita en Buenos Aires. Espero volver pronto al pa\u00eds y lo siento, nuevamente\u00bb, fueron las \u00faltimas palabras del mallorqu\u00edn.<\/p>\n<p>El torneo de Buenos Aires se jugar\u00e1 desde este lunes sobre arcilla en el Buenos Aires Lawn Tennis y repartir\u00e1 567.760 d\u00f3lares en premio.<\/p>\n","protected":false},"excerpt":{"rendered":"<p>Buenos Aires, 6 feb (EFE).- El tenista espa\u00f1ol Rafael Nadal anunci\u00f3 esta tarde que no se presentar\u00e1 desde la semana pr\u00f3xima en el torneo de Buenos Aires porque no ha podido entrenarse desde que sufri\u00f3 la lesi\u00f3n de la espalda en la final del Abierto de Australia. \u00abTengo que anunciar una noticia que me llena [&hellip;]<\/p>\n","protected":false},"author":1,"featured_media":485717,"comment_status":"closed","ping_status":"open","sticky":false,"template":"","format":"standard","meta":{"footnotes":""},"categories":[1],"tags":[],"class_list":["post-485716","post","type-post","status-publish","format-standard","has-post-thumbnail","hentry","category-actualidad"],"aioseo_notices":[],"aioseo_head":"\n\t\t<!-- All in One SEO Pro 5.0.1 - aioseo.com -->\n\t<meta name=\"description\" content=\"Buenos Aires, 6 feb (EFE).- El tenista espa\u00f1ol Rafael Nadal anunci\u00f3 esta tarde que no se presentar\u00e1 desde la semana pr\u00f3xima en el torneo de Buenos Aires porque no ha podido entrenarse desde que sufri\u00f3 la lesi\u00f3n de la espalda en la final del Abierto de Australia. &quot;Tengo que anunciar una noticia que me llena\" \/>\n\t<meta name=\"robots\" content=\"max-image-preview:large\" \/>\n\t<meta name=\"author\" content=\"El Digital de Asturias\"\/>\n\t<meta name=\"google-site-verification\" content=\"UA-38556648-1\" \/>\n\t<meta name=\"msvalidate.01\" content=\"7dfe9f3f1b24437ab69f4f2559babe99\" \/>\n\t<meta name=\"keywords\" content=\"actualidad\" \/>\n\t<link rel=\"canonical\" href=\"https:\/\/www.eldigitaldeasturias.com\/noticias\/nadal-anuncio-que-no-jugara-en-el-torneo-de-buenos-aires\/\" \/>\n\t<meta name=\"generator\" content=\"All in One SEO Pro (AIOSEO) 5.0.1\" \/>\n\t\t<meta property=\"og:locale\" content=\"es_ES\" \/>\n\t\t<meta property=\"og:site_name\" content=\"El Digital de Asturias\" \/>\n\t\t<meta property=\"og:type\" content=\"article\" \/>\n\t\t<meta property=\"og:title\" content=\"Nadal anunci\u00f3 que no jugar\u00e1 en el torneo de Buenos Aires - El Digital de Asturias\" \/>\n\t\t<meta property=\"og:description\" content=\"Buenos Aires, 6 feb (EFE).- El tenista espa\u00f1ol Rafael Nadal anunci\u00f3 esta tarde que no se presentar\u00e1 desde la semana pr\u00f3xima en el torneo de Buenos Aires porque no ha podido entrenarse desde que sufri\u00f3 la lesi\u00f3n de la espalda en la final del Abierto de Australia. &quot;Tengo que anunciar una noticia que me llena\" \/>\n\t\t<meta property=\"og:url\" content=\"https:\/\/www.eldigitaldeasturias.com\/noticias\/nadal-anuncio-que-no-jugara-en-el-torneo-de-buenos-aires\/\" \/>\n\t\t<meta property=\"article:tag\" content=\"actualidad\" \/>\n\t\t<meta property=\"article:published_time\" content=\"2014-02-07T17:57:09+00:00\" \/>\n\t\t<meta property=\"article:modified_time\" content=\"2014-02-07T17:57:09+00:00\" \/>\n\t\t<meta property=\"article:publisher\" content=\"https:\/\/facebook.com\/eldigitaldeasturias\" \/>\n\t\t<meta name=\"twitter:card\" content=\"summary_large_image\" \/>\n\t\t<meta name=\"twitter:title\" content=\"Nadal anunci\u00f3 que no jugar\u00e1 en el torneo de Buenos Aires - El Digital de Asturias\" \/>\n\t\t<meta name=\"twitter:description\" content=\"Buenos Aires, 6 feb (EFE).- El tenista espa\u00f1ol Rafael Nadal anunci\u00f3 esta tarde que no se presentar\u00e1 desde la semana pr\u00f3xima en el torneo de Buenos Aires porque no ha podido entrenarse desde que sufri\u00f3 la lesi\u00f3n de la espalda en la final del Abierto de Australia. &quot;Tengo que anunciar una noticia que me llena\" \/>\n\t\t<meta name=\"twitter:label1\" content=\"Escrito por\" \/>\n\t\t<meta name=\"twitter:data1\" content=\"El Digital de Asturias\" \/>\n\t\t<meta name=\"twitter:label2\" content=\"Tiempo de lectura estimado\" \/>\n\t\t<meta name=\"twitter:data2\" content=\"1 minuto\" \/>\n\t\t<script type=\"application\/ld+json\" class=\"aioseo-schema\">\n\t\t\t{\"@context\":\"https:\\\/\\\/schema.org\",\"@graph\":[{\"@type\":\"BlogPosting\",\"@id\":\"https:\\\/\\\/www.eldigitaldeasturias.com\\\/noticias\\\/nadal-anuncio-que-no-jugara-en-el-torneo-de-buenos-aires\\\/#blogposting\",\"name\":\"Nadal anunci\\u00f3 que no jugar\\u00e1 en el torneo de Buenos Aires - El Digital de Asturias\",\"headline\":\"Nadal anunci\\u00f3 que no jugar\\u00e1 en el torneo de Buenos Aires\",\"author\":{\"@id\":\"https:\\\/\\\/www.eldigitaldeasturias.com\\\/noticias\\\/author\\\/admin\\\/#author\"},\"publisher\":{\"@id\":\"https:\\\/\\\/www.eldigitaldeasturias.com\\\/noticias\\\/#organization\"},\"image\":{\"@type\":\"ImageObject\",\"url\":485717},\"datePublished\":\"2014-02-07T16:57:09+01:00\",\"dateModified\":\"2014-02-07T16:57:09+01:00\",\"inLanguage\":\"es-ES\",\"mainEntityOfPage\":{\"@id\":\"https:\\\/\\\/www.eldigitaldeasturias.com\\\/noticias\\\/nadal-anuncio-que-no-jugara-en-el-torneo-de-buenos-aires\\\/#webpage\"},\"isPartOf\":{\"@id\":\"https:\\\/\\\/www.eldigitaldeasturias.com\\\/noticias\\\/nadal-anuncio-que-no-jugara-en-el-torneo-de-buenos-aires\\\/#webpage\"},\"articleSection\":\"Actualidad\"},{\"@type\":\"BreadcrumbList\",\"@id\":\"https:\\\/\\\/www.eldigitaldeasturias.com\\\/noticias\\\/nadal-anuncio-que-no-jugara-en-el-torneo-de-buenos-aires\\\/#breadcrumblist\",\"itemListElement\":[{\"@type\":\"ListItem\",\"@id\":\"https:\\\/\\\/www.eldigitaldeasturias.com\\\/noticias#listItem\",\"position\":1,\"name\":\"Home\",\"item\":\"https:\\\/\\\/www.eldigitaldeasturias.com\\\/noticias\",\"nextItem\":{\"@type\":\"ListItem\",\"@id\":\"https:\\\/\\\/www.eldigitaldeasturias.com\\\/noticias\\\/category\\\/actualidad\\\/#listItem\",\"name\":\"Actualidad\"}},{\"@type\":\"ListItem\",\"@id\":\"https:\\\/\\\/www.eldigitaldeasturias.com\\\/noticias\\\/category\\\/actualidad\\\/#listItem\",\"position\":2,\"name\":\"Actualidad\",\"item\":\"https:\\\/\\\/www.eldigitaldeasturias.com\\\/noticias\\\/category\\\/actualidad\\\/\",\"nextItem\":{\"@type\":\"ListItem\",\"@id\":\"https:\\\/\\\/www.eldigitaldeasturias.com\\\/noticias\\\/nadal-anuncio-que-no-jugara-en-el-torneo-de-buenos-aires\\\/#listItem\",\"name\":\"Nadal anunci\\u00f3 que no jugar\\u00e1 en el torneo de Buenos Aires\"},\"previousItem\":{\"@type\":\"ListItem\",\"@id\":\"https:\\\/\\\/www.eldigitaldeasturias.com\\\/noticias#listItem\",\"name\":\"Home\"}},{\"@type\":\"ListItem\",\"@id\":\"https:\\\/\\\/www.eldigitaldeasturias.com\\\/noticias\\\/nadal-anuncio-que-no-jugara-en-el-torneo-de-buenos-aires\\\/#listItem\",\"position\":3,\"name\":\"Nadal anunci\\u00f3 que no jugar\\u00e1 en el torneo de Buenos Aires\",\"previousItem\":{\"@type\":\"ListItem\",\"@id\":\"https:\\\/\\\/www.eldigitaldeasturias.com\\\/noticias\\\/category\\\/actualidad\\\/#listItem\",\"name\":\"Actualidad\"}}]},{\"@type\":\"Organization\",\"@id\":\"https:\\\/\\\/www.eldigitaldeasturias.com\\\/noticias\\\/#organization\",\"name\":\"El Digital de Asturias\",\"description\":\"Hemeroteca\",\"url\":\"https:\\\/\\\/www.eldigitaldeasturias.com\\\/noticias\\\/\",\"email\":\"info@eldigitaldeasturias.com\",\"telephone\":\"+34652131393\",\"logo\":{\"@type\":\"ImageObject\",\"url\":\"https:\\\/\\\/www.eldigitaldeasturias.com\\\/noticias\\\/wp-content\\\/uploads\\\/2020\\\/12\\\/EDA.jpg\",\"@id\":\"https:\\\/\\\/www.eldigitaldeasturias.com\\\/noticias\\\/nadal-anuncio-que-no-jugara-en-el-torneo-de-buenos-aires\\\/#organizationLogo\"},\"image\":{\"@id\":\"https:\\\/\\\/www.eldigitaldeasturias.com\\\/noticias\\\/nadal-anuncio-que-no-jugara-en-el-torneo-de-buenos-aires\\\/#organizationLogo\"},\"sameAs\":[\"https:\\\/\\\/facebook.com\\\/eldigitaldeasturias\",\"https:\\\/\\\/www.youtube.com\\\/channel\\\/UCZP-2wLEB9Rv6erhFmqVnvg\"],\"address\":{\"@id\":\"https:\\\/\\\/www.eldigitaldeasturias.com\\\/noticias\\\/#postaladdress\",\"@type\":\"PostalAddress\",\"streetAddress\":\"san antonio 4\",\"postalCode\":\"33430\",\"addressLocality\":\"Cand\\u00e1s\",\"addressRegion\":\"Asturias\",\"addressCountry\":\"ES\"}},{\"@type\":\"Person\",\"@id\":\"https:\\\/\\\/www.eldigitaldeasturias.com\\\/noticias\\\/author\\\/admin\\\/#author\",\"url\":\"https:\\\/\\\/www.eldigitaldeasturias.com\\\/noticias\\\/author\\\/admin\\\/\",\"name\":\"El Digital de Asturias\",\"image\":{\"@type\":\"ImageObject\",\"@id\":\"https:\\\/\\\/www.eldigitaldeasturias.com\\\/noticias\\\/nadal-anuncio-que-no-jugara-en-el-torneo-de-buenos-aires\\\/#authorImage\",\"url\":\"https:\\\/\\\/secure.gravatar.com\\\/avatar\\\/df2aeffc32bcd13f8d26072ef8a91b623d677766deac7f97ca815868cd41bf5e?s=96&d=mm&r=g\",\"width\":96,\"height\":96,\"caption\":\"El Digital de Asturias\"}},{\"@type\":\"WebPage\",\"@id\":\"https:\\\/\\\/www.eldigitaldeasturias.com\\\/noticias\\\/nadal-anuncio-que-no-jugara-en-el-torneo-de-buenos-aires\\\/#webpage\",\"url\":\"https:\\\/\\\/www.eldigitaldeasturias.com\\\/noticias\\\/nadal-anuncio-que-no-jugara-en-el-torneo-de-buenos-aires\\\/\",\"name\":\"Nadal anunci\\u00f3 que no jugar\\u00e1 en el torneo de Buenos Aires - El Digital de Asturias\",\"description\":\"Buenos Aires, 6 feb (EFE).- El tenista espa\\u00f1ol Rafael Nadal anunci\\u00f3 esta tarde que no se presentar\\u00e1 desde la semana pr\\u00f3xima en el torneo de Buenos Aires porque no ha podido entrenarse desde que sufri\\u00f3 la lesi\\u00f3n de la espalda en la final del Abierto de Australia. \\\"Tengo que anunciar una noticia que me llena\",\"inLanguage\":\"es-ES\",\"isPartOf\":{\"@id\":\"https:\\\/\\\/www.eldigitaldeasturias.com\\\/noticias\\\/#website\"},\"breadcrumb\":{\"@id\":\"https:\\\/\\\/www.eldigitaldeasturias.com\\\/noticias\\\/nadal-anuncio-que-no-jugara-en-el-torneo-de-buenos-aires\\\/#breadcrumblist\"},\"author\":{\"@id\":\"https:\\\/\\\/www.eldigitaldeasturias.com\\\/noticias\\\/author\\\/admin\\\/#author\"},\"creator\":{\"@id\":\"https:\\\/\\\/www.eldigitaldeasturias.com\\\/noticias\\\/author\\\/admin\\\/#author\"},\"image\":{\"@type\":\"ImageObject\",\"url\":485717,\"@id\":\"https:\\\/\\\/www.eldigitaldeasturias.com\\\/noticias\\\/nadal-anuncio-que-no-jugara-en-el-torneo-de-buenos-aires\\\/#mainImage\"},\"primaryImageOfPage\":{\"@id\":\"https:\\\/\\\/www.eldigitaldeasturias.com\\\/noticias\\\/nadal-anuncio-que-no-jugara-en-el-torneo-de-buenos-aires\\\/#mainImage\"},\"datePublished\":\"2014-02-07T16:57:09+01:00\",\"dateModified\":\"2014-02-07T16:57:09+01:00\"},{\"@type\":\"WebSite\",\"@id\":\"https:\\\/\\\/www.eldigitaldeasturias.com\\\/noticias\\\/#website\",\"url\":\"https:\\\/\\\/www.eldigitaldeasturias.com\\\/noticias\\\/\",\"name\":\"El Digital de Asturias - Diario de actualidad y noticias\",\"alternateName\":\"El Digital de Asturias - Diario de actualidad y noticias\",\"description\":\"Hemeroteca\",\"inLanguage\":\"es-ES\",\"publisher\":{\"@id\":\"https:\\\/\\\/www.eldigitaldeasturias.com\\\/noticias\\\/#organization\"}}]}\n\t\t<\/script>\n\t\t<!-- All in One SEO Pro -->\r\n\t\t<title>Nadal anunci\u00f3 que no jugar\u00e1 en el torneo de Buenos Aires - El Digital de Asturias<\/title>\n\n","aioseo_head_json":{"title":"Nadal anunci\u00f3 que no jugar\u00e1 en el torneo de Buenos Aires - El Digital de Asturias","description":"Buenos Aires, 6 feb (EFE).- El tenista espa\u00f1ol Rafael Nadal anunci\u00f3 esta tarde que no se presentar\u00e1 desde la semana pr\u00f3xima en el torneo de Buenos Aires porque no ha podido entrenarse desde que sufri\u00f3 la lesi\u00f3n de la espalda en la final del Abierto de Australia. \"Tengo que anunciar una noticia que me llena","canonical_url":"https:\/\/www.eldigitaldeasturias.com\/noticias\/nadal-anuncio-que-no-jugara-en-el-torneo-de-buenos-aires\/","robots":"max-image-preview:large","keywords":"actualidad","webmasterTools":{"google-site-verification":"UA-38556648-1","msvalidate.01":"7dfe9f3f1b24437ab69f4f2559babe99","miscellaneous":""},"schema":{"@context":"https:\/\/schema.org","@graph":[{"@type":"BlogPosting","@id":"https:\/\/www.eldigitaldeasturias.com\/noticias\/nadal-anuncio-que-no-jugara-en-el-torneo-de-buenos-aires\/#blogposting","name":"Nadal anunci\u00f3 que no jugar\u00e1 en el torneo de Buenos Aires - El Digital de Asturias","headline":"Nadal anunci\u00f3 que no jugar\u00e1 en el torneo de Buenos Aires","author":{"@id":"https:\/\/www.eldigitaldeasturias.com\/noticias\/author\/admin\/#author"},"publisher":{"@id":"https:\/\/www.eldigitaldeasturias.com\/noticias\/#organization"},"image":{"@type":"ImageObject","url":485717},"datePublished":"2014-02-07T16:57:09+01:00","dateModified":"2014-02-07T16:57:09+01:00","inLanguage":"es-ES","mainEntityOfPage":{"@id":"https:\/\/www.eldigitaldeasturias.com\/noticias\/nadal-anuncio-que-no-jugara-en-el-torneo-de-buenos-aires\/#webpage"},"isPartOf":{"@id":"https:\/\/www.eldigitaldeasturias.com\/noticias\/nadal-anuncio-que-no-jugara-en-el-torneo-de-buenos-aires\/#webpage"},"articleSection":"Actualidad"},{"@type":"BreadcrumbList","@id":"https:\/\/www.eldigitaldeasturias.com\/noticias\/nadal-anuncio-que-no-jugara-en-el-torneo-de-buenos-aires\/#breadcrumblist","itemListElement":[{"@type":"ListItem","@id":"https:\/\/www.eldigitaldeasturias.com\/noticias#listItem","position":1,"name":"Home","item":"https:\/\/www.eldigitaldeasturias.com\/noticias","nextItem":{"@type":"ListItem","@id":"https:\/\/www.eldigitaldeasturias.com\/noticias\/category\/actualidad\/#listItem","name":"Actualidad"}},{"@type":"ListItem","@id":"https:\/\/www.eldigitaldeasturias.com\/noticias\/category\/actualidad\/#listItem","position":2,"name":"Actualidad","item":"https:\/\/www.eldigitaldeasturias.com\/noticias\/category\/actualidad\/","nextItem":{"@type":"ListItem","@id":"https:\/\/www.eldigitaldeasturias.com\/noticias\/nadal-anuncio-que-no-jugara-en-el-torneo-de-buenos-aires\/#listItem","name":"Nadal anunci\u00f3 que no jugar\u00e1 en el torneo de Buenos Aires"},"previousItem":{"@type":"ListItem","@id":"https:\/\/www.eldigitaldeasturias.com\/noticias#listItem","name":"Home"}},{"@type":"ListItem","@id":"https:\/\/www.eldigitaldeasturias.com\/noticias\/nadal-anuncio-que-no-jugara-en-el-torneo-de-buenos-aires\/#listItem","position":3,"name":"Nadal anunci\u00f3 que no jugar\u00e1 en el torneo de Buenos Aires","previousItem":{"@type":"ListItem","@id":"https:\/\/www.eldigitaldeasturias.com\/noticias\/category\/actualidad\/#listItem","name":"Actualidad"}}]},{"@type":"Organization","@id":"https:\/\/www.eldigitaldeasturias.com\/noticias\/#organization","name":"El Digital de Asturias","description":"Hemeroteca","url":"https:\/\/www.eldigitaldeasturias.com\/noticias\/","email":"info@eldigitaldeasturias.com","telephone":"+34652131393","logo":{"@type":"ImageObject","url":"https:\/\/www.eldigitaldeasturias.com\/noticias\/wp-content\/uploads\/2020\/12\/EDA.jpg","@id":"https:\/\/www.eldigitaldeasturias.com\/noticias\/nadal-anuncio-que-no-jugara-en-el-torneo-de-buenos-aires\/#organizationLogo"},"image":{"@id":"https:\/\/www.eldigitaldeasturias.com\/noticias\/nadal-anuncio-que-no-jugara-en-el-torneo-de-buenos-aires\/#organizationLogo"},"sameAs":["https:\/\/facebook.com\/eldigitaldeasturias","https:\/\/www.youtube.com\/channel\/UCZP-2wLEB9Rv6erhFmqVnvg"],"address":{"@id":"https:\/\/www.eldigitaldeasturias.com\/noticias\/#postaladdress","@type":"PostalAddress","streetAddress":"san antonio 4","postalCode":"33430","addressLocality":"Cand\u00e1s","addressRegion":"Asturias","addressCountry":"ES"}},{"@type":"Person","@id":"https:\/\/www.eldigitaldeasturias.com\/noticias\/author\/admin\/#author","url":"https:\/\/www.eldigitaldeasturias.com\/noticias\/author\/admin\/","name":"El Digital de Asturias","image":{"@type":"ImageObject","@id":"https:\/\/www.eldigitaldeasturias.com\/noticias\/nadal-anuncio-que-no-jugara-en-el-torneo-de-buenos-aires\/#authorImage","url":"https:\/\/secure.gravatar.com\/avatar\/df2aeffc32bcd13f8d26072ef8a91b623d677766deac7f97ca815868cd41bf5e?s=96&d=mm&r=g","width":96,"height":96,"caption":"El Digital de Asturias"}},{"@type":"WebPage","@id":"https:\/\/www.eldigitaldeasturias.com\/noticias\/nadal-anuncio-que-no-jugara-en-el-torneo-de-buenos-aires\/#webpage","url":"https:\/\/www.eldigitaldeasturias.com\/noticias\/nadal-anuncio-que-no-jugara-en-el-torneo-de-buenos-aires\/","name":"Nadal anunci\u00f3 que no jugar\u00e1 en el torneo de Buenos Aires - El Digital de Asturias","description":"Buenos Aires, 6 feb (EFE).- El tenista espa\u00f1ol Rafael Nadal anunci\u00f3 esta tarde que no se presentar\u00e1 desde la semana pr\u00f3xima en el torneo de Buenos Aires porque no ha podido entrenarse desde que sufri\u00f3 la lesi\u00f3n de la espalda en la final del Abierto de Australia. \"Tengo que anunciar una noticia que me llena","inLanguage":"es-ES","isPartOf":{"@id":"https:\/\/www.eldigitaldeasturias.com\/noticias\/#website"},"breadcrumb":{"@id":"https:\/\/www.eldigitaldeasturias.com\/noticias\/nadal-anuncio-que-no-jugara-en-el-torneo-de-buenos-aires\/#breadcrumblist"},"author":{"@id":"https:\/\/www.eldigitaldeasturias.com\/noticias\/author\/admin\/#author"},"creator":{"@id":"https:\/\/www.eldigitaldeasturias.com\/noticias\/author\/admin\/#author"},"image":{"@type":"ImageObject","url":485717,"@id":"https:\/\/www.eldigitaldeasturias.com\/noticias\/nadal-anuncio-que-no-jugara-en-el-torneo-de-buenos-aires\/#mainImage"},"primaryImageOfPage":{"@id":"https:\/\/www.eldigitaldeasturias.com\/noticias\/nadal-anuncio-que-no-jugara-en-el-torneo-de-buenos-aires\/#mainImage"},"datePublished":"2014-02-07T16:57:09+01:00","dateModified":"2014-02-07T16:57:09+01:00"},{"@type":"WebSite","@id":"https:\/\/www.eldigitaldeasturias.com\/noticias\/#website","url":"https:\/\/www.eldigitaldeasturias.com\/noticias\/","name":"El Digital de Asturias - Diario de actualidad y noticias","alternateName":"El Digital de Asturias - Diario de actualidad y noticias","description":"Hemeroteca","inLanguage":"es-ES","publisher":{"@id":"https:\/\/www.eldigitaldeasturias.com\/noticias\/#organization"}}]},"og:locale":"es_ES","og:site_name":"El Digital de Asturias","og:type":"article","og:title":"Nadal anunci\u00f3 que no jugar\u00e1 en el torneo de Buenos Aires - El Digital de Asturias","og:description":"Buenos Aires, 6 feb (EFE).- El tenista espa\u00f1ol Rafael Nadal anunci\u00f3 esta tarde que no se presentar\u00e1 desde la semana pr\u00f3xima en el torneo de Buenos Aires porque no ha podido entrenarse desde que sufri\u00f3 la lesi\u00f3n de la espalda en la final del Abierto de Australia. &quot;Tengo que anunciar una noticia que me llena","og:url":"https:\/\/www.eldigitaldeasturias.com\/noticias\/nadal-anuncio-que-no-jugara-en-el-torneo-de-buenos-aires\/","article:tag":["actualidad"],"article:published_time":"2014-02-07T17:57:09+00:00","article:modified_time":"2014-02-07T17:57:09+00:00","article:publisher":"https:\/\/facebook.com\/eldigitaldeasturias","twitter:card":"summary_large_image","twitter:title":"Nadal anunci\u00f3 que no jugar\u00e1 en el torneo de Buenos Aires - El Digital de Asturias","twitter:description":"Buenos Aires, 6 feb (EFE).- El tenista espa\u00f1ol Rafael Nadal anunci\u00f3 esta tarde que no se presentar\u00e1 desde la semana pr\u00f3xima en el torneo de Buenos Aires porque no ha podido entrenarse desde que sufri\u00f3 la lesi\u00f3n de la espalda en la final del Abierto de Australia. &quot;Tengo que anunciar una noticia que me llena","twitter:label1":"Escrito por","twitter:data1":"El Digital de Asturias","twitter:label2":"Tiempo de lectura estimado","twitter:data2":"1 minuto"},"aioseo_meta_data":{"post_id":"485716","title":null,"description":null,"keywords":null,"keyphrases":null,"primary_term":null,"canonical_url":null,"og_title":null,"og_description":null,"og_object_type":"default","og_image_type":"default","og_image_url":null,"og_image_width":null,"og_image_height":null,"og_image_custom_url":null,"og_image_custom_fields":null,"og_video":null,"og_custom_url":null,"og_article_section":null,"og_article_tags":null,"twitter_use_og":true,"twitter_card":"default","twitter_image_type":"default","twitter_image_url":null,"twitter_image_custom_url":null,"twitter_image_custom_fields":null,"twitter_title":null,"twitter_description":null,"schema":{"blockGraphs":[],"customGraphs":[],"default":{"data":{"Article":[],"Course":[],"Dataset":[],"FAQPage":[],"Movie":[],"Person":[],"Product":[],"ProductReview":[],"Car":[],"Recipe":[],"Service":[],"SoftwareApplication":[],"WebPage":[]},"graphName":"","isEnabled":true},"graphs":[],"defaultGraph":"","defaultPostTypeGraph":""},"schema_type":null,"schema_type_options":null,"pillar_content":false,"robots_default":true,"robots_noindex":false,"robots_noarchive":false,"robots_nosnippet":false,"robots_nofollow":false,"robots_noimageindex":false,"robots_noodp":false,"robots_notranslate":false,"robots_max_snippet":null,"robots_max_videopreview":null,"robots_max_imagepreview":"none","priority":null,"frequency":null,"local_seo":null,"seo_analyzer_scan_date":"2026-06-02 21:39:58","breadcrumb_settings":null,"limit_modified_date":false,"open_ai":null,"ai":null,"created":"2020-11-14 22:55:24","updated":"2026-06-02 21:39:58","focus_keyword":null,"additional_keywords":null,"truseo_locale":null},"aioseo_breadcrumb":"<div class=\"aioseo-breadcrumbs\"><span class=\"aioseo-breadcrumb\">\n\t<a href=\"https:\/\/www.eldigitaldeasturias.com\/noticias\" title=\"Home\">Home<\/a>\n<\/span><span class=\"aioseo-breadcrumb-separator\">\u2013<\/span><span class=\"aioseo-breadcrumb\">\n\t<a href=\"https:\/\/www.eldigitaldeasturias.com\/noticias\/category\/actualidad\/\" title=\"Actualidad\">Actualidad<\/a>\n<\/span><span class=\"aioseo-breadcrumb-separator\">\u2013<\/span><span class=\"aioseo-breadcrumb\">\n\t<a href=\"https:\/\/www.eldigitaldeasturias.com\/noticias\/nadal-anuncio-que-no-jugara-en-el-torneo-de-buenos-aires\/\" title=\"Nadal anunci\u00f3 que no jugar\u00e1 en el torneo de Buenos Aires\">Nadal anunci\u00f3 que no jugar\u00e1 en el torneo de Buenos Aires<\/a>\n<\/span><\/div>","aioseo_breadcrumb_json":[{"label":"Home","link":"https:\/\/www.eldigitaldeasturias.com\/noticias"},{"label":"Actualidad","link":"https:\/\/www.eldigitaldeasturias.com\/noticias\/category\/actualidad\/"},{"label":"Nadal anunci\u00f3 que no jugar\u00e1 en el torneo de Buenos Aires","link":"https:\/\/www.eldigitaldeasturias.com\/noticias\/nadal-anuncio-que-no-jugara-en-el-torneo-de-buenos-aires\/"}],"_links":{"self":[{"href":"https:\/\/www.eldigitaldeasturias.com\/noticias\/wp-json\/wp\/v2\/posts\/485716","targetHints":{"allow":["GET"]}}],"collection":[{"href":"https:\/\/www.eldigitaldeasturias.com\/noticias\/wp-json\/wp\/v2\/posts"}],"about":[{"href":"https:\/\/www.eldigitaldeasturias.com\/noticias\/wp-json\/wp\/v2\/types\/post"}],"author":[{"embeddable":true,"href":"https:\/\/www.eldigitaldeasturias.com\/noticias\/wp-json\/wp\/v2\/users\/1"}],"replies":[{"embeddable":true,"href":"https:\/\/www.eldigitaldeasturias.com\/noticias\/wp-json\/wp\/v2\/comments?post=485716"}],"version-history":[{"count":0,"href":"https:\/\/www.eldigitaldeasturias.com\/noticias\/wp-json\/wp\/v2\/posts\/485716\/revisions"}],"wp:attachment":[{"href":"https:\/\/www.eldigitaldeasturias.com\/noticias\/wp-json\/wp\/v2\/media?parent=485716"}],"wp:term":[{"taxonomy":"category","embeddable":true,"href":"https:\/\/www.eldigitaldeasturias.com\/noticias\/wp-json\/wp\/v2\/categories?post=485716"},{"taxonomy":"post_tag","embeddable":true,"href":"https:\/\/www.eldigitaldeasturias.com\/noticias\/wp-json\/wp\/v2\/tags?post=485716"}],"curies":[{"name":"wp","href":"https:\/\/api.w.org\/{rel}","templated":true}]}}