{"id":485710,"date":"2014-02-07T16:54:34","date_gmt":"2014-02-07T17:54:34","guid":{"rendered":"http:\/\/www.eldigitaldeasturias.com\/noticias\/?p=485710"},"modified":"2014-02-07T16:54:34","modified_gmt":"2014-02-07T17:54:34","slug":"margallo-dice-que-el-gobierno-esta-defendiendo-a-catalanes-y-no-agrediendolos","status":"publish","type":"post","link":"https:\/\/www.eldigitaldeasturias.com\/noticias\/margallo-dice-que-el-gobierno-esta-defendiendo-a-catalanes-y-no-agrediendolos\/","title":{"rendered":"Margallo dice que el Gobierno est\u00e1 defendiendo a catalanes y no agredi\u00e9ndolos"},"content":{"rendered":"<p><img loading=\"lazy\" decoding=\"async\" class=\"alignleft size-medium wp-image-485711\" alt=\"5918059w\" src=\"https:\/\/www.eldigitaldeasturias.com\/noticias\/wp-content\/uploads\/2014\/02\/5918059w-360x239.jpg\" width=\"360\" height=\"239\" \/>Madrid, 6 feb (EFE).- El ministro de Asuntos Exteriores, Jos\u00e9 Manuel Garc\u00eda-Margallo, ha afirmado hoy que el Gobierno est\u00e1 \u00abdefendiendo\u00bb a los catalanes ante el proceso soberanista de la Generalitat y ha negado que se les est\u00e9 \u00abagrediendo\u00bb.<\/p>\n<p>Garc\u00eda-Margallo ha pronunciado estas palabras durante su comparecencia en la Comisi\u00f3n de Asuntos Exteriores del Congreso al ser preguntado por ERC e Izquierda Plural por el documento \u00abPor la convivencia democr\u00e1tica\u00bb -de 210 p\u00e1ginas-, que su departamento envi\u00f3 a finales de diciembre a las embajadas y consulados espa\u00f1oles contra la consulta soberanista de Catalu\u00f1a.<\/p>\n<p>El objetivo de este informe es que los diplom\u00e1ticos dispongan de argumentos para actuar ante el proceso soberanista catal\u00e1n y rebatir sus tesis en el extranjero.<\/p>\n<p>El ministro ha hecho hincapi\u00e9 hoy en que el derecho a decidir corresponde al pueblo espa\u00f1ol en su conjunto, tal y como recoge la Constituci\u00f3n, despu\u00e9s de que el diputado de ERC Joan Tard\u00e0 le acusara de \u00abemprender una cruzada contra la democracia\u00bb y de que el coordinador de IU-Catalu\u00f1a Joan Josep Nuet le solicitara que la soluci\u00f3n sea \u00abdialogada, negociada y votada por el pueblo catal\u00e1n\u00bb.<\/p>\n<p>\u00abUna Catalu\u00f1a independiente s\u00f3lo podr\u00eda serlo en virtud de una declaraci\u00f3n unilateral de independencia. El Gobierno no es que no quiera autorizar la consulta, es que no puede, se lo proh\u00edbe la Constituci\u00f3n\u00bb, ha explicado.<\/p>\n<p>Garc\u00eda-Margallo ha citado algunas de las frases que recoge el libro \u00abCatalonia Calling\u00bb (La llamada de Catalu\u00f1a) -que ense\u00f1\u00f3 el propio Tard\u00e0 en la Comisi\u00f3n y que est\u00e1 promovido por la revista S\u00e0piens para que las personas m\u00e1s influyentes del mundo conozcan de primera mano qu\u00e9 es Catalu\u00f1a y los motivos de la consulta- y ha asegurado que el informe elaborado por su Ministerio no recoge ninguna frase \u00abdespectiva\u00bb hacia esa comunidad aut\u00f3noma.<\/p>\n<p>Ha vuelto a referirse a las diferencias que existen entre el caso escoc\u00e9s y el catal\u00e1n y ha insistido en que en la Constituci\u00f3n espa\u00f1ola, como en el resto de las actuales a excepci\u00f3n de la et\u00edope, el derecho a decidir corresponde al pueblo espa\u00f1ol en su conjunto.<\/p>\n<p>Respondiendo a la oposici\u00f3n ha se\u00f1alado que Naciones Unidas \u00abno ampara el derecho a la secesi\u00f3n unilateral\u00bb y ha explicado que \u00e9ste s\u00f3lo est\u00e1 recogido en tres supuestos: pueblos coloniales, ocupados militarmente o aquellos a los que se les niegue los derechos fundamentales a sus ciudadanos.<\/p>\n<p>\u00abEn lo dem\u00e1s, prima el principio de integridad territorial\u00bb, ha dicho el jefe de la diplomacia espa\u00f1ola, antes de apostillar: \u00abPor tanto el derecho a decidir no es un derecho absoluto, es un derecho regulado por las leyes\u00bb.<\/p>\n<p>Ha destacado que un Estado necesita el reconocimiento internacional y \u00e9ste \u00abse niega cuando se viola el principio de integridad territorial\u00bb, en referencia a la ONU y a la UE.<\/p>\n<p>Tras afirmar que \u00abno es verdad que una Catalu\u00f1a independiente permitiese a los catalanes mantener la ciudadan\u00eda europea\u00bb, Garc\u00eda-Margallo ha aseverado: \u00abNo voy a permitir que se diga que estamos agrediendo a los catalanes. Estamos defendiendo a los catalanes. Si hubiese una secesi\u00f3n, que no se admite ni como hip\u00f3tesis, Espa\u00f1a sufrir\u00eda\u00bb.<\/p>\n","protected":false},"excerpt":{"rendered":"<p>Madrid, 6 feb (EFE).- El ministro de Asuntos Exteriores, Jos\u00e9 Manuel Garc\u00eda-Margallo, ha afirmado hoy que el Gobierno est\u00e1 \u00abdefendiendo\u00bb a los catalanes ante el proceso soberanista de la Generalitat y ha negado que se les est\u00e9 \u00abagrediendo\u00bb. Garc\u00eda-Margallo ha pronunciado estas palabras durante su comparecencia en la Comisi\u00f3n de Asuntos Exteriores del Congreso al [&hellip;]<\/p>\n","protected":false},"author":1,"featured_media":485711,"comment_status":"closed","ping_status":"open","sticky":false,"template":"","format":"standard","meta":{"footnotes":""},"categories":[1],"tags":[],"class_list":["post-485710","post","type-post","status-publish","format-standard","has-post-thumbnail","hentry","category-actualidad"],"aioseo_notices":[],"aioseo_head":"\n\t\t<!-- All in One SEO Pro 5.0.1 - aioseo.com -->\n\t<meta name=\"description\" content=\"Madrid, 6 feb (EFE).- El ministro de Asuntos Exteriores, Jos\u00e9 Manuel Garc\u00eda-Margallo, ha afirmado hoy que el Gobierno est\u00e1 &quot;defendiendo&quot; a los catalanes ante el proceso soberanista de la Generalitat y ha negado que se les est\u00e9 &quot;agrediendo&quot;. Garc\u00eda-Margallo ha pronunciado estas palabras durante su comparecencia en la Comisi\u00f3n de Asuntos Exteriores del Congreso al\" \/>\n\t<meta name=\"robots\" content=\"max-image-preview:large\" \/>\n\t<meta name=\"author\" content=\"El Digital de Asturias\"\/>\n\t<meta name=\"google-site-verification\" content=\"UA-38556648-1\" \/>\n\t<meta name=\"msvalidate.01\" content=\"7dfe9f3f1b24437ab69f4f2559babe99\" \/>\n\t<meta name=\"keywords\" content=\"actualidad\" \/>\n\t<link rel=\"canonical\" href=\"https:\/\/www.eldigitaldeasturias.com\/noticias\/margallo-dice-que-el-gobierno-esta-defendiendo-a-catalanes-y-no-agrediendolos\/\" \/>\n\t<meta name=\"generator\" content=\"All in One SEO Pro (AIOSEO) 5.0.1\" \/>\n\t\t<meta property=\"og:locale\" content=\"es_ES\" \/>\n\t\t<meta property=\"og:site_name\" content=\"El Digital de Asturias\" \/>\n\t\t<meta property=\"og:type\" content=\"article\" \/>\n\t\t<meta property=\"og:title\" content=\"Margallo dice que el Gobierno est\u00e1 defendiendo a catalanes y no agredi\u00e9ndolos - El Digital de Asturias\" \/>\n\t\t<meta property=\"og:description\" content=\"Madrid, 6 feb (EFE).- El ministro de Asuntos Exteriores, Jos\u00e9 Manuel Garc\u00eda-Margallo, ha afirmado hoy que el Gobierno est\u00e1 &quot;defendiendo&quot; a los catalanes ante el proceso soberanista de la Generalitat y ha negado que se les est\u00e9 &quot;agrediendo&quot;. Garc\u00eda-Margallo ha pronunciado estas palabras durante su comparecencia en la Comisi\u00f3n de Asuntos Exteriores del Congreso al\" \/>\n\t\t<meta property=\"og:url\" content=\"https:\/\/www.eldigitaldeasturias.com\/noticias\/margallo-dice-que-el-gobierno-esta-defendiendo-a-catalanes-y-no-agrediendolos\/\" \/>\n\t\t<meta property=\"article:tag\" content=\"actualidad\" \/>\n\t\t<meta property=\"article:published_time\" content=\"2014-02-07T17:54:34+00:00\" \/>\n\t\t<meta property=\"article:modified_time\" content=\"2014-02-07T17:54:34+00:00\" \/>\n\t\t<meta property=\"article:publisher\" content=\"https:\/\/facebook.com\/eldigitaldeasturias\" \/>\n\t\t<meta name=\"twitter:card\" content=\"summary_large_image\" \/>\n\t\t<meta name=\"twitter:title\" content=\"Margallo dice que el Gobierno est\u00e1 defendiendo a catalanes y no agredi\u00e9ndolos - El Digital de Asturias\" \/>\n\t\t<meta name=\"twitter:description\" content=\"Madrid, 6 feb (EFE).- El ministro de Asuntos Exteriores, Jos\u00e9 Manuel Garc\u00eda-Margallo, ha afirmado hoy que el Gobierno est\u00e1 &quot;defendiendo&quot; a los catalanes ante el proceso soberanista de la Generalitat y ha negado que se les est\u00e9 &quot;agrediendo&quot;. Garc\u00eda-Margallo ha pronunciado estas palabras durante su comparecencia en la Comisi\u00f3n de Asuntos Exteriores del Congreso al\" \/>\n\t\t<meta name=\"twitter:label1\" content=\"Escrito por\" \/>\n\t\t<meta name=\"twitter:data1\" content=\"El Digital de Asturias\" \/>\n\t\t<meta name=\"twitter:label2\" content=\"Tiempo de lectura estimado\" \/>\n\t\t<meta name=\"twitter:data2\" content=\"3 minutos\" \/>\n\t\t<script type=\"application\/ld+json\" class=\"aioseo-schema\">\n\t\t\t{\"@context\":\"https:\\\/\\\/schema.org\",\"@graph\":[{\"@type\":\"BlogPosting\",\"@id\":\"https:\\\/\\\/www.eldigitaldeasturias.com\\\/noticias\\\/margallo-dice-que-el-gobierno-esta-defendiendo-a-catalanes-y-no-agrediendolos\\\/#blogposting\",\"name\":\"Margallo dice que el Gobierno est\\u00e1 defendiendo a catalanes y no agredi\\u00e9ndolos - El Digital de Asturias\",\"headline\":\"Margallo dice que el Gobierno est\\u00e1 defendiendo a catalanes y no agredi\\u00e9ndolos\",\"author\":{\"@id\":\"https:\\\/\\\/www.eldigitaldeasturias.com\\\/noticias\\\/author\\\/admin\\\/#author\"},\"publisher\":{\"@id\":\"https:\\\/\\\/www.eldigitaldeasturias.com\\\/noticias\\\/#organization\"},\"image\":{\"@type\":\"ImageObject\",\"url\":485711},\"datePublished\":\"2014-02-07T16:54:34+01:00\",\"dateModified\":\"2014-02-07T16:54:34+01:00\",\"inLanguage\":\"es-ES\",\"mainEntityOfPage\":{\"@id\":\"https:\\\/\\\/www.eldigitaldeasturias.com\\\/noticias\\\/margallo-dice-que-el-gobierno-esta-defendiendo-a-catalanes-y-no-agrediendolos\\\/#webpage\"},\"isPartOf\":{\"@id\":\"https:\\\/\\\/www.eldigitaldeasturias.com\\\/noticias\\\/margallo-dice-que-el-gobierno-esta-defendiendo-a-catalanes-y-no-agrediendolos\\\/#webpage\"},\"articleSection\":\"Actualidad\"},{\"@type\":\"BreadcrumbList\",\"@id\":\"https:\\\/\\\/www.eldigitaldeasturias.com\\\/noticias\\\/margallo-dice-que-el-gobierno-esta-defendiendo-a-catalanes-y-no-agrediendolos\\\/#breadcrumblist\",\"itemListElement\":[{\"@type\":\"ListItem\",\"@id\":\"https:\\\/\\\/www.eldigitaldeasturias.com\\\/noticias#listItem\",\"position\":1,\"name\":\"Home\",\"item\":\"https:\\\/\\\/www.eldigitaldeasturias.com\\\/noticias\",\"nextItem\":{\"@type\":\"ListItem\",\"@id\":\"https:\\\/\\\/www.eldigitaldeasturias.com\\\/noticias\\\/category\\\/actualidad\\\/#listItem\",\"name\":\"Actualidad\"}},{\"@type\":\"ListItem\",\"@id\":\"https:\\\/\\\/www.eldigitaldeasturias.com\\\/noticias\\\/category\\\/actualidad\\\/#listItem\",\"position\":2,\"name\":\"Actualidad\",\"item\":\"https:\\\/\\\/www.eldigitaldeasturias.com\\\/noticias\\\/category\\\/actualidad\\\/\",\"nextItem\":{\"@type\":\"ListItem\",\"@id\":\"https:\\\/\\\/www.eldigitaldeasturias.com\\\/noticias\\\/margallo-dice-que-el-gobierno-esta-defendiendo-a-catalanes-y-no-agrediendolos\\\/#listItem\",\"name\":\"Margallo dice que el Gobierno est\\u00e1 defendiendo a catalanes y no agredi\\u00e9ndolos\"},\"previousItem\":{\"@type\":\"ListItem\",\"@id\":\"https:\\\/\\\/www.eldigitaldeasturias.com\\\/noticias#listItem\",\"name\":\"Home\"}},{\"@type\":\"ListItem\",\"@id\":\"https:\\\/\\\/www.eldigitaldeasturias.com\\\/noticias\\\/margallo-dice-que-el-gobierno-esta-defendiendo-a-catalanes-y-no-agrediendolos\\\/#listItem\",\"position\":3,\"name\":\"Margallo dice que el Gobierno est\\u00e1 defendiendo a catalanes y no agredi\\u00e9ndolos\",\"previousItem\":{\"@type\":\"ListItem\",\"@id\":\"https:\\\/\\\/www.eldigitaldeasturias.com\\\/noticias\\\/category\\\/actualidad\\\/#listItem\",\"name\":\"Actualidad\"}}]},{\"@type\":\"Organization\",\"@id\":\"https:\\\/\\\/www.eldigitaldeasturias.com\\\/noticias\\\/#organization\",\"name\":\"El Digital de Asturias\",\"description\":\"Hemeroteca\",\"url\":\"https:\\\/\\\/www.eldigitaldeasturias.com\\\/noticias\\\/\",\"email\":\"info@eldigitaldeasturias.com\",\"telephone\":\"+34652131393\",\"logo\":{\"@type\":\"ImageObject\",\"url\":\"https:\\\/\\\/www.eldigitaldeasturias.com\\\/noticias\\\/wp-content\\\/uploads\\\/2020\\\/12\\\/EDA.jpg\",\"@id\":\"https:\\\/\\\/www.eldigitaldeasturias.com\\\/noticias\\\/margallo-dice-que-el-gobierno-esta-defendiendo-a-catalanes-y-no-agrediendolos\\\/#organizationLogo\"},\"image\":{\"@id\":\"https:\\\/\\\/www.eldigitaldeasturias.com\\\/noticias\\\/margallo-dice-que-el-gobierno-esta-defendiendo-a-catalanes-y-no-agrediendolos\\\/#organizationLogo\"},\"sameAs\":[\"https:\\\/\\\/facebook.com\\\/eldigitaldeasturias\",\"https:\\\/\\\/www.youtube.com\\\/channel\\\/UCZP-2wLEB9Rv6erhFmqVnvg\"],\"address\":{\"@id\":\"https:\\\/\\\/www.eldigitaldeasturias.com\\\/noticias\\\/#postaladdress\",\"@type\":\"PostalAddress\",\"streetAddress\":\"san antonio 4\",\"postalCode\":\"33430\",\"addressLocality\":\"Cand\\u00e1s\",\"addressRegion\":\"Asturias\",\"addressCountry\":\"ES\"}},{\"@type\":\"Person\",\"@id\":\"https:\\\/\\\/www.eldigitaldeasturias.com\\\/noticias\\\/author\\\/admin\\\/#author\",\"url\":\"https:\\\/\\\/www.eldigitaldeasturias.com\\\/noticias\\\/author\\\/admin\\\/\",\"name\":\"El Digital de Asturias\",\"image\":{\"@type\":\"ImageObject\",\"@id\":\"https:\\\/\\\/www.eldigitaldeasturias.com\\\/noticias\\\/margallo-dice-que-el-gobierno-esta-defendiendo-a-catalanes-y-no-agrediendolos\\\/#authorImage\",\"url\":\"https:\\\/\\\/secure.gravatar.com\\\/avatar\\\/df2aeffc32bcd13f8d26072ef8a91b623d677766deac7f97ca815868cd41bf5e?s=96&d=mm&r=g\",\"width\":96,\"height\":96,\"caption\":\"El Digital de Asturias\"}},{\"@type\":\"WebPage\",\"@id\":\"https:\\\/\\\/www.eldigitaldeasturias.com\\\/noticias\\\/margallo-dice-que-el-gobierno-esta-defendiendo-a-catalanes-y-no-agrediendolos\\\/#webpage\",\"url\":\"https:\\\/\\\/www.eldigitaldeasturias.com\\\/noticias\\\/margallo-dice-que-el-gobierno-esta-defendiendo-a-catalanes-y-no-agrediendolos\\\/\",\"name\":\"Margallo dice que el Gobierno est\\u00e1 defendiendo a catalanes y no agredi\\u00e9ndolos - El Digital de Asturias\",\"description\":\"Madrid, 6 feb (EFE).- El ministro de Asuntos Exteriores, Jos\\u00e9 Manuel Garc\\u00eda-Margallo, ha afirmado hoy que el Gobierno est\\u00e1 \\\"defendiendo\\\" a los catalanes ante el proceso soberanista de la Generalitat y ha negado que se les est\\u00e9 \\\"agrediendo\\\". Garc\\u00eda-Margallo ha pronunciado estas palabras durante su comparecencia en la Comisi\\u00f3n de Asuntos Exteriores del Congreso al\",\"inLanguage\":\"es-ES\",\"isPartOf\":{\"@id\":\"https:\\\/\\\/www.eldigitaldeasturias.com\\\/noticias\\\/#website\"},\"breadcrumb\":{\"@id\":\"https:\\\/\\\/www.eldigitaldeasturias.com\\\/noticias\\\/margallo-dice-que-el-gobierno-esta-defendiendo-a-catalanes-y-no-agrediendolos\\\/#breadcrumblist\"},\"author\":{\"@id\":\"https:\\\/\\\/www.eldigitaldeasturias.com\\\/noticias\\\/author\\\/admin\\\/#author\"},\"creator\":{\"@id\":\"https:\\\/\\\/www.eldigitaldeasturias.com\\\/noticias\\\/author\\\/admin\\\/#author\"},\"image\":{\"@type\":\"ImageObject\",\"url\":485711,\"@id\":\"https:\\\/\\\/www.eldigitaldeasturias.com\\\/noticias\\\/margallo-dice-que-el-gobierno-esta-defendiendo-a-catalanes-y-no-agrediendolos\\\/#mainImage\"},\"primaryImageOfPage\":{\"@id\":\"https:\\\/\\\/www.eldigitaldeasturias.com\\\/noticias\\\/margallo-dice-que-el-gobierno-esta-defendiendo-a-catalanes-y-no-agrediendolos\\\/#mainImage\"},\"datePublished\":\"2014-02-07T16:54:34+01:00\",\"dateModified\":\"2014-02-07T16:54:34+01:00\"},{\"@type\":\"WebSite\",\"@id\":\"https:\\\/\\\/www.eldigitaldeasturias.com\\\/noticias\\\/#website\",\"url\":\"https:\\\/\\\/www.eldigitaldeasturias.com\\\/noticias\\\/\",\"name\":\"El Digital de Asturias - Diario de actualidad y noticias\",\"alternateName\":\"El Digital de Asturias - Diario de actualidad y noticias\",\"description\":\"Hemeroteca\",\"inLanguage\":\"es-ES\",\"publisher\":{\"@id\":\"https:\\\/\\\/www.eldigitaldeasturias.com\\\/noticias\\\/#organization\"}}]}\n\t\t<\/script>\n\t\t<!-- All in One SEO Pro -->\r\n\t\t<title>Margallo dice que el Gobierno est\u00e1 defendiendo a catalanes y no agredi\u00e9ndolos - El Digital de Asturias<\/title>\n\n","aioseo_head_json":{"title":"Margallo dice que el Gobierno est\u00e1 defendiendo a catalanes y no agredi\u00e9ndolos - El Digital de Asturias","description":"Madrid, 6 feb (EFE).- El ministro de Asuntos Exteriores, Jos\u00e9 Manuel Garc\u00eda-Margallo, ha afirmado hoy que el Gobierno est\u00e1 \"defendiendo\" a los catalanes ante el proceso soberanista de la Generalitat y ha negado que se les est\u00e9 \"agrediendo\". Garc\u00eda-Margallo ha pronunciado estas palabras durante su comparecencia en la Comisi\u00f3n de Asuntos Exteriores del Congreso al","canonical_url":"https:\/\/www.eldigitaldeasturias.com\/noticias\/margallo-dice-que-el-gobierno-esta-defendiendo-a-catalanes-y-no-agrediendolos\/","robots":"max-image-preview:large","keywords":"actualidad","webmasterTools":{"google-site-verification":"UA-38556648-1","msvalidate.01":"7dfe9f3f1b24437ab69f4f2559babe99","miscellaneous":""},"schema":{"@context":"https:\/\/schema.org","@graph":[{"@type":"BlogPosting","@id":"https:\/\/www.eldigitaldeasturias.com\/noticias\/margallo-dice-que-el-gobierno-esta-defendiendo-a-catalanes-y-no-agrediendolos\/#blogposting","name":"Margallo dice que el Gobierno est\u00e1 defendiendo a catalanes y no agredi\u00e9ndolos - El Digital de Asturias","headline":"Margallo dice que el Gobierno est\u00e1 defendiendo a catalanes y no agredi\u00e9ndolos","author":{"@id":"https:\/\/www.eldigitaldeasturias.com\/noticias\/author\/admin\/#author"},"publisher":{"@id":"https:\/\/www.eldigitaldeasturias.com\/noticias\/#organization"},"image":{"@type":"ImageObject","url":485711},"datePublished":"2014-02-07T16:54:34+01:00","dateModified":"2014-02-07T16:54:34+01:00","inLanguage":"es-ES","mainEntityOfPage":{"@id":"https:\/\/www.eldigitaldeasturias.com\/noticias\/margallo-dice-que-el-gobierno-esta-defendiendo-a-catalanes-y-no-agrediendolos\/#webpage"},"isPartOf":{"@id":"https:\/\/www.eldigitaldeasturias.com\/noticias\/margallo-dice-que-el-gobierno-esta-defendiendo-a-catalanes-y-no-agrediendolos\/#webpage"},"articleSection":"Actualidad"},{"@type":"BreadcrumbList","@id":"https:\/\/www.eldigitaldeasturias.com\/noticias\/margallo-dice-que-el-gobierno-esta-defendiendo-a-catalanes-y-no-agrediendolos\/#breadcrumblist","itemListElement":[{"@type":"ListItem","@id":"https:\/\/www.eldigitaldeasturias.com\/noticias#listItem","position":1,"name":"Home","item":"https:\/\/www.eldigitaldeasturias.com\/noticias","nextItem":{"@type":"ListItem","@id":"https:\/\/www.eldigitaldeasturias.com\/noticias\/category\/actualidad\/#listItem","name":"Actualidad"}},{"@type":"ListItem","@id":"https:\/\/www.eldigitaldeasturias.com\/noticias\/category\/actualidad\/#listItem","position":2,"name":"Actualidad","item":"https:\/\/www.eldigitaldeasturias.com\/noticias\/category\/actualidad\/","nextItem":{"@type":"ListItem","@id":"https:\/\/www.eldigitaldeasturias.com\/noticias\/margallo-dice-que-el-gobierno-esta-defendiendo-a-catalanes-y-no-agrediendolos\/#listItem","name":"Margallo dice que el Gobierno est\u00e1 defendiendo a catalanes y no agredi\u00e9ndolos"},"previousItem":{"@type":"ListItem","@id":"https:\/\/www.eldigitaldeasturias.com\/noticias#listItem","name":"Home"}},{"@type":"ListItem","@id":"https:\/\/www.eldigitaldeasturias.com\/noticias\/margallo-dice-que-el-gobierno-esta-defendiendo-a-catalanes-y-no-agrediendolos\/#listItem","position":3,"name":"Margallo dice que el Gobierno est\u00e1 defendiendo a catalanes y no agredi\u00e9ndolos","previousItem":{"@type":"ListItem","@id":"https:\/\/www.eldigitaldeasturias.com\/noticias\/category\/actualidad\/#listItem","name":"Actualidad"}}]},{"@type":"Organization","@id":"https:\/\/www.eldigitaldeasturias.com\/noticias\/#organization","name":"El Digital de Asturias","description":"Hemeroteca","url":"https:\/\/www.eldigitaldeasturias.com\/noticias\/","email":"info@eldigitaldeasturias.com","telephone":"+34652131393","logo":{"@type":"ImageObject","url":"https:\/\/www.eldigitaldeasturias.com\/noticias\/wp-content\/uploads\/2020\/12\/EDA.jpg","@id":"https:\/\/www.eldigitaldeasturias.com\/noticias\/margallo-dice-que-el-gobierno-esta-defendiendo-a-catalanes-y-no-agrediendolos\/#organizationLogo"},"image":{"@id":"https:\/\/www.eldigitaldeasturias.com\/noticias\/margallo-dice-que-el-gobierno-esta-defendiendo-a-catalanes-y-no-agrediendolos\/#organizationLogo"},"sameAs":["https:\/\/facebook.com\/eldigitaldeasturias","https:\/\/www.youtube.com\/channel\/UCZP-2wLEB9Rv6erhFmqVnvg"],"address":{"@id":"https:\/\/www.eldigitaldeasturias.com\/noticias\/#postaladdress","@type":"PostalAddress","streetAddress":"san antonio 4","postalCode":"33430","addressLocality":"Cand\u00e1s","addressRegion":"Asturias","addressCountry":"ES"}},{"@type":"Person","@id":"https:\/\/www.eldigitaldeasturias.com\/noticias\/author\/admin\/#author","url":"https:\/\/www.eldigitaldeasturias.com\/noticias\/author\/admin\/","name":"El Digital de Asturias","image":{"@type":"ImageObject","@id":"https:\/\/www.eldigitaldeasturias.com\/noticias\/margallo-dice-que-el-gobierno-esta-defendiendo-a-catalanes-y-no-agrediendolos\/#authorImage","url":"https:\/\/secure.gravatar.com\/avatar\/df2aeffc32bcd13f8d26072ef8a91b623d677766deac7f97ca815868cd41bf5e?s=96&d=mm&r=g","width":96,"height":96,"caption":"El Digital de Asturias"}},{"@type":"WebPage","@id":"https:\/\/www.eldigitaldeasturias.com\/noticias\/margallo-dice-que-el-gobierno-esta-defendiendo-a-catalanes-y-no-agrediendolos\/#webpage","url":"https:\/\/www.eldigitaldeasturias.com\/noticias\/margallo-dice-que-el-gobierno-esta-defendiendo-a-catalanes-y-no-agrediendolos\/","name":"Margallo dice que el Gobierno est\u00e1 defendiendo a catalanes y no agredi\u00e9ndolos - El Digital de Asturias","description":"Madrid, 6 feb (EFE).- El ministro de Asuntos Exteriores, Jos\u00e9 Manuel Garc\u00eda-Margallo, ha afirmado hoy que el Gobierno est\u00e1 \"defendiendo\" a los catalanes ante el proceso soberanista de la Generalitat y ha negado que se les est\u00e9 \"agrediendo\". Garc\u00eda-Margallo ha pronunciado estas palabras durante su comparecencia en la Comisi\u00f3n de Asuntos Exteriores del Congreso al","inLanguage":"es-ES","isPartOf":{"@id":"https:\/\/www.eldigitaldeasturias.com\/noticias\/#website"},"breadcrumb":{"@id":"https:\/\/www.eldigitaldeasturias.com\/noticias\/margallo-dice-que-el-gobierno-esta-defendiendo-a-catalanes-y-no-agrediendolos\/#breadcrumblist"},"author":{"@id":"https:\/\/www.eldigitaldeasturias.com\/noticias\/author\/admin\/#author"},"creator":{"@id":"https:\/\/www.eldigitaldeasturias.com\/noticias\/author\/admin\/#author"},"image":{"@type":"ImageObject","url":485711,"@id":"https:\/\/www.eldigitaldeasturias.com\/noticias\/margallo-dice-que-el-gobierno-esta-defendiendo-a-catalanes-y-no-agrediendolos\/#mainImage"},"primaryImageOfPage":{"@id":"https:\/\/www.eldigitaldeasturias.com\/noticias\/margallo-dice-que-el-gobierno-esta-defendiendo-a-catalanes-y-no-agrediendolos\/#mainImage"},"datePublished":"2014-02-07T16:54:34+01:00","dateModified":"2014-02-07T16:54:34+01:00"},{"@type":"WebSite","@id":"https:\/\/www.eldigitaldeasturias.com\/noticias\/#website","url":"https:\/\/www.eldigitaldeasturias.com\/noticias\/","name":"El Digital de Asturias - Diario de actualidad y noticias","alternateName":"El Digital de Asturias - Diario de actualidad y noticias","description":"Hemeroteca","inLanguage":"es-ES","publisher":{"@id":"https:\/\/www.eldigitaldeasturias.com\/noticias\/#organization"}}]},"og:locale":"es_ES","og:site_name":"El Digital de Asturias","og:type":"article","og:title":"Margallo dice que el Gobierno est\u00e1 defendiendo a catalanes y no agredi\u00e9ndolos - El Digital de Asturias","og:description":"Madrid, 6 feb (EFE).- El ministro de Asuntos Exteriores, Jos\u00e9 Manuel Garc\u00eda-Margallo, ha afirmado hoy que el Gobierno est\u00e1 &quot;defendiendo&quot; a los catalanes ante el proceso soberanista de la Generalitat y ha negado que se les est\u00e9 &quot;agrediendo&quot;. Garc\u00eda-Margallo ha pronunciado estas palabras durante su comparecencia en la Comisi\u00f3n de Asuntos Exteriores del Congreso al","og:url":"https:\/\/www.eldigitaldeasturias.com\/noticias\/margallo-dice-que-el-gobierno-esta-defendiendo-a-catalanes-y-no-agrediendolos\/","article:tag":["actualidad"],"article:published_time":"2014-02-07T17:54:34+00:00","article:modified_time":"2014-02-07T17:54:34+00:00","article:publisher":"https:\/\/facebook.com\/eldigitaldeasturias","twitter:card":"summary_large_image","twitter:title":"Margallo dice que el Gobierno est\u00e1 defendiendo a catalanes y no agredi\u00e9ndolos - El Digital de Asturias","twitter:description":"Madrid, 6 feb (EFE).- El ministro de Asuntos Exteriores, Jos\u00e9 Manuel Garc\u00eda-Margallo, ha afirmado hoy que el Gobierno est\u00e1 &quot;defendiendo&quot; a los catalanes ante el proceso soberanista de la Generalitat y ha negado que se les est\u00e9 &quot;agrediendo&quot;. Garc\u00eda-Margallo ha pronunciado estas palabras durante su comparecencia en la Comisi\u00f3n de Asuntos Exteriores del Congreso al","twitter:label1":"Escrito por","twitter:data1":"El Digital de Asturias","twitter:label2":"Tiempo de lectura estimado","twitter:data2":"3 minutos"},"aioseo_meta_data":{"post_id":"485710","title":null,"description":null,"keywords":null,"keyphrases":null,"primary_term":null,"canonical_url":null,"og_title":null,"og_description":null,"og_object_type":"default","og_image_type":"default","og_image_url":null,"og_image_width":null,"og_image_height":null,"og_image_custom_url":null,"og_image_custom_fields":null,"og_video":null,"og_custom_url":null,"og_article_section":null,"og_article_tags":null,"twitter_use_og":true,"twitter_card":"default","twitter_image_type":"default","twitter_image_url":null,"twitter_image_custom_url":null,"twitter_image_custom_fields":null,"twitter_title":null,"twitter_description":null,"schema":{"blockGraphs":[],"customGraphs":[],"default":{"data":{"Article":[],"Course":[],"Dataset":[],"FAQPage":[],"Movie":[],"Person":[],"Product":[],"ProductReview":[],"Car":[],"Recipe":[],"Service":[],"SoftwareApplication":[],"WebPage":[]},"graphName":"","isEnabled":true},"graphs":[],"defaultGraph":"","defaultPostTypeGraph":""},"schema_type":null,"schema_type_options":null,"pillar_content":false,"robots_default":true,"robots_noindex":false,"robots_noarchive":false,"robots_nosnippet":false,"robots_nofollow":false,"robots_noimageindex":false,"robots_noodp":false,"robots_notranslate":false,"robots_max_snippet":null,"robots_max_videopreview":null,"robots_max_imagepreview":"none","priority":null,"frequency":null,"local_seo":null,"seo_analyzer_scan_date":"2026-06-02 21:39:57","breadcrumb_settings":null,"limit_modified_date":false,"open_ai":null,"ai":null,"created":"2020-11-14 22:55:24","updated":"2026-06-02 21:39:57","focus_keyword":null,"additional_keywords":null,"truseo_locale":null},"aioseo_breadcrumb":"<div class=\"aioseo-breadcrumbs\"><span class=\"aioseo-breadcrumb\">\n\t<a href=\"https:\/\/www.eldigitaldeasturias.com\/noticias\" title=\"Home\">Home<\/a>\n<\/span><span class=\"aioseo-breadcrumb-separator\">\u2013<\/span><span class=\"aioseo-breadcrumb\">\n\t<a href=\"https:\/\/www.eldigitaldeasturias.com\/noticias\/category\/actualidad\/\" title=\"Actualidad\">Actualidad<\/a>\n<\/span><span class=\"aioseo-breadcrumb-separator\">\u2013<\/span><span class=\"aioseo-breadcrumb\">\n\t<a href=\"https:\/\/www.eldigitaldeasturias.com\/noticias\/margallo-dice-que-el-gobierno-esta-defendiendo-a-catalanes-y-no-agrediendolos\/\" title=\"Margallo dice que el Gobierno est\u00e1 defendiendo a catalanes y no agredi\u00e9ndolos\">Margallo dice que el Gobierno est\u00e1 defendiendo a catalanes y no agredi\u00e9ndolos<\/a>\n<\/span><\/div>","aioseo_breadcrumb_json":[{"label":"Home","link":"https:\/\/www.eldigitaldeasturias.com\/noticias"},{"label":"Actualidad","link":"https:\/\/www.eldigitaldeasturias.com\/noticias\/category\/actualidad\/"},{"label":"Margallo dice que el Gobierno est\u00e1 defendiendo a catalanes y no agredi\u00e9ndolos","link":"https:\/\/www.eldigitaldeasturias.com\/noticias\/margallo-dice-que-el-gobierno-esta-defendiendo-a-catalanes-y-no-agrediendolos\/"}],"_links":{"self":[{"href":"https:\/\/www.eldigitaldeasturias.com\/noticias\/wp-json\/wp\/v2\/posts\/485710","targetHints":{"allow":["GET"]}}],"collection":[{"href":"https:\/\/www.eldigitaldeasturias.com\/noticias\/wp-json\/wp\/v2\/posts"}],"about":[{"href":"https:\/\/www.eldigitaldeasturias.com\/noticias\/wp-json\/wp\/v2\/types\/post"}],"author":[{"embeddable":true,"href":"https:\/\/www.eldigitaldeasturias.com\/noticias\/wp-json\/wp\/v2\/users\/1"}],"replies":[{"embeddable":true,"href":"https:\/\/www.eldigitaldeasturias.com\/noticias\/wp-json\/wp\/v2\/comments?post=485710"}],"version-history":[{"count":0,"href":"https:\/\/www.eldigitaldeasturias.com\/noticias\/wp-json\/wp\/v2\/posts\/485710\/revisions"}],"wp:attachment":[{"href":"https:\/\/www.eldigitaldeasturias.com\/noticias\/wp-json\/wp\/v2\/media?parent=485710"}],"wp:term":[{"taxonomy":"category","embeddable":true,"href":"https:\/\/www.eldigitaldeasturias.com\/noticias\/wp-json\/wp\/v2\/categories?post=485710"},{"taxonomy":"post_tag","embeddable":true,"href":"https:\/\/www.eldigitaldeasturias.com\/noticias\/wp-json\/wp\/v2\/tags?post=485710"}],"curies":[{"name":"wp","href":"https:\/\/api.w.org\/{rel}","templated":true}]}}