{"id":485707,"date":"2014-02-07T16:53:45","date_gmt":"2014-02-07T17:53:45","guid":{"rendered":"http:\/\/www.eldigitaldeasturias.com\/noticias\/?p=485707"},"modified":"2014-02-07T16:53:45","modified_gmt":"2014-02-07T17:53:45","slug":"opositor-cubano-denuncia-detencion-de-nueve-horas-y-decomiso-de-pertenencias","status":"publish","type":"post","link":"https:\/\/www.eldigitaldeasturias.com\/noticias\/opositor-cubano-denuncia-detencion-de-nueve-horas-y-decomiso-de-pertenencias\/","title":{"rendered":"Opositor cubano denuncia detenci\u00f3n de nueve horas y decomiso de pertenencias"},"content":{"rendered":"<p><img loading=\"lazy\" decoding=\"async\" class=\"alignleft size-medium wp-image-485708\" alt=\"5918199w\" src=\"https:\/\/www.eldigitaldeasturias.com\/noticias\/wp-content\/uploads\/2014\/02\/5918199w-360x270.jpg\" width=\"360\" height=\"270\" \/>La Habana, 6 feb (EFE).- El opositor cubano Jorge Luis Garc\u00eda P\u00e9rez, conocido como \u00abAnt\u00fanez\u00bb, denunci\u00f3 hoy que fue v\u00edctima de una detenci\u00f3n el mi\u00e9rcoles que se prolong\u00f3 unas nueve horas y que comenz\u00f3 con un \u00abdescomunal operativo\u00bb en su vivienda, donde le decomisaron varias pertenencias.<\/p>\n<p>Ant\u00fanez, secretario del ilegal Frente Nacional de Resistencia C\u00edvica y Desobediencia Civil Orlando Zapata Tamayo (Frente OZT), dijo hoy a Efe telef\u00f3nicamente que en la ma\u00f1ana de ayer fue detenido en su casa de Placetas (provincia de Villa Clara, centro del pa\u00eds), en medio de un operativo que incluy\u00f3 \u00abcarros de bomberos, comandos, ambulancias y una alta oficialidad\u00bb.<\/p>\n<p>El disidente, ya en libertad, se\u00f1ala que los oficiales borraron los carteles que exhibe en la fachada de su vivienda con mensajes como \u00abviva Cuba libre\u00bb y \u00abvivan los derechos humanos\u00bb, y posteriormente registraron el inmueble.<\/p>\n<p>\u00abMe golpearon, me esposaron y procedieron a decomisar sin mi presencia y sin \u00f3rdenes de hacerlo\u00bb, apunt\u00f3 Ant\u00fanez, quien sali\u00f3 de la c\u00e1rcel en 2007 tras cumplir una condena de 17 a\u00f1os, acusado de propaganda enemiga oral, intento de sabotaje y otros delitos.<\/p>\n<p>Seg\u00fan alega, le fueron requisados su ordenador personal, ropa familiar, medicamentos, juguetes recibidos del exilio cubano para regalar a ni\u00f1os en la isla y material con \u00abinformaci\u00f3n alternativa\u00bb que repart\u00eda en discos como parte de su activismo.<\/p>\n<p>Adem\u00e1s de su detenci\u00f3n, que se prolong\u00f3 hasta horas de la noche en Santa Clara, la capital provincial, el opositor denunci\u00f3 hoy una escalada de arrestos cortos en al menos tres provincias del pa\u00eds asociadas con su retenci\u00f3n.<\/p>\n<p>Por otra parte, dijo que su esposa, Iris P\u00e9rez, tambi\u00e9n sufri\u00f3 \u00abgolpes\u00bb y arresto, y fue v\u00edctima de \u00abmanoseo sexual\u00bb por parte de los oficiales.<\/p>\n<p>Ant\u00fanez consider\u00f3 que lo ocurrido es un \u00abajuste de cuentas\u00bb por sus declaraciones durante el recorrido que realiz\u00f3 en los \u00faltimos meses por pa\u00edses como Estados Unidos, Polonia, Hungr\u00eda, Noruega y Taiw\u00e1n, y del que regres\u00f3 hace un mes.<\/p>\n<p>\u00abNo solo responsabilizo al r\u00e9gimen sino a los estadistas que vinieron a la cumbre de la Celac (Comunidad de Estados Latinoamericanos y Caribe\u00f1os) porque vinieron a legitimar la dictadura y a darle el visto bueno\u00bb, sostuvo.<\/p>\n<p>El Gobierno cubano considera a los disidentes \u00abcontrarrevolucionarios\u00bb y mercenarios al servicio de Estados Unidos.<\/p>\n","protected":false},"excerpt":{"rendered":"<p>La Habana, 6 feb (EFE).- El opositor cubano Jorge Luis Garc\u00eda P\u00e9rez, conocido como \u00abAnt\u00fanez\u00bb, denunci\u00f3 hoy que fue v\u00edctima de una detenci\u00f3n el mi\u00e9rcoles que se prolong\u00f3 unas nueve horas y que comenz\u00f3 con un \u00abdescomunal operativo\u00bb en su vivienda, donde le decomisaron varias pertenencias. Ant\u00fanez, secretario del ilegal Frente Nacional de Resistencia C\u00edvica [&hellip;]<\/p>\n","protected":false},"author":1,"featured_media":485708,"comment_status":"closed","ping_status":"open","sticky":false,"template":"","format":"standard","meta":{"footnotes":""},"categories":[1],"tags":[],"class_list":["post-485707","post","type-post","status-publish","format-standard","has-post-thumbnail","hentry","category-actualidad"],"aioseo_notices":[],"aioseo_head":"\n\t\t<!-- All in One SEO Pro 5.0.1 - aioseo.com -->\n\t<meta name=\"description\" content=\"La Habana, 6 feb (EFE).- El opositor cubano Jorge Luis Garc\u00eda P\u00e9rez, conocido como &quot;Ant\u00fanez&quot;, denunci\u00f3 hoy que fue v\u00edctima de una detenci\u00f3n el mi\u00e9rcoles que se prolong\u00f3 unas nueve horas y que comenz\u00f3 con un &quot;descomunal operativo&quot; en su vivienda, donde le decomisaron varias pertenencias. Ant\u00fanez, secretario del ilegal Frente Nacional de Resistencia C\u00edvica\" \/>\n\t<meta name=\"robots\" content=\"max-image-preview:large\" \/>\n\t<meta name=\"author\" content=\"El Digital de Asturias\"\/>\n\t<meta name=\"google-site-verification\" content=\"UA-38556648-1\" \/>\n\t<meta name=\"msvalidate.01\" content=\"7dfe9f3f1b24437ab69f4f2559babe99\" \/>\n\t<meta name=\"keywords\" content=\"actualidad\" \/>\n\t<link rel=\"canonical\" href=\"https:\/\/www.eldigitaldeasturias.com\/noticias\/opositor-cubano-denuncia-detencion-de-nueve-horas-y-decomiso-de-pertenencias\/\" \/>\n\t<meta name=\"generator\" content=\"All in One SEO Pro (AIOSEO) 5.0.1\" \/>\n\t\t<meta property=\"og:locale\" content=\"es_ES\" \/>\n\t\t<meta property=\"og:site_name\" content=\"El Digital de Asturias\" \/>\n\t\t<meta property=\"og:type\" content=\"article\" \/>\n\t\t<meta property=\"og:title\" content=\"Opositor cubano denuncia detenci\u00f3n de nueve horas y decomiso de pertenencias - El Digital de Asturias\" \/>\n\t\t<meta property=\"og:description\" content=\"La Habana, 6 feb (EFE).- El opositor cubano Jorge Luis Garc\u00eda P\u00e9rez, conocido como &quot;Ant\u00fanez&quot;, denunci\u00f3 hoy que fue v\u00edctima de una detenci\u00f3n el mi\u00e9rcoles que se prolong\u00f3 unas nueve horas y que comenz\u00f3 con un &quot;descomunal operativo&quot; en su vivienda, donde le decomisaron varias pertenencias. Ant\u00fanez, secretario del ilegal Frente Nacional de Resistencia C\u00edvica\" \/>\n\t\t<meta property=\"og:url\" content=\"https:\/\/www.eldigitaldeasturias.com\/noticias\/opositor-cubano-denuncia-detencion-de-nueve-horas-y-decomiso-de-pertenencias\/\" \/>\n\t\t<meta property=\"article:tag\" content=\"actualidad\" \/>\n\t\t<meta property=\"article:published_time\" content=\"2014-02-07T17:53:45+00:00\" \/>\n\t\t<meta property=\"article:modified_time\" content=\"2014-02-07T17:53:45+00:00\" \/>\n\t\t<meta property=\"article:publisher\" content=\"https:\/\/facebook.com\/eldigitaldeasturias\" \/>\n\t\t<meta name=\"twitter:card\" content=\"summary_large_image\" \/>\n\t\t<meta name=\"twitter:title\" content=\"Opositor cubano denuncia detenci\u00f3n de nueve horas y decomiso de pertenencias - El Digital de Asturias\" \/>\n\t\t<meta name=\"twitter:description\" content=\"La Habana, 6 feb (EFE).- El opositor cubano Jorge Luis Garc\u00eda P\u00e9rez, conocido como &quot;Ant\u00fanez&quot;, denunci\u00f3 hoy que fue v\u00edctima de una detenci\u00f3n el mi\u00e9rcoles que se prolong\u00f3 unas nueve horas y que comenz\u00f3 con un &quot;descomunal operativo&quot; en su vivienda, donde le decomisaron varias pertenencias. Ant\u00fanez, secretario del ilegal Frente Nacional de Resistencia C\u00edvica\" \/>\n\t\t<meta name=\"twitter:label1\" content=\"Escrito por\" \/>\n\t\t<meta name=\"twitter:data1\" content=\"El Digital de Asturias\" \/>\n\t\t<meta name=\"twitter:label2\" content=\"Tiempo de lectura estimado\" \/>\n\t\t<meta name=\"twitter:data2\" content=\"2 minutos\" \/>\n\t\t<script type=\"application\/ld+json\" class=\"aioseo-schema\">\n\t\t\t{\"@context\":\"https:\\\/\\\/schema.org\",\"@graph\":[{\"@type\":\"BlogPosting\",\"@id\":\"https:\\\/\\\/www.eldigitaldeasturias.com\\\/noticias\\\/opositor-cubano-denuncia-detencion-de-nueve-horas-y-decomiso-de-pertenencias\\\/#blogposting\",\"name\":\"Opositor cubano denuncia detenci\\u00f3n de nueve horas y decomiso de pertenencias - El Digital de Asturias\",\"headline\":\"Opositor cubano denuncia detenci\\u00f3n de nueve horas y decomiso de pertenencias\",\"author\":{\"@id\":\"https:\\\/\\\/www.eldigitaldeasturias.com\\\/noticias\\\/author\\\/admin\\\/#author\"},\"publisher\":{\"@id\":\"https:\\\/\\\/www.eldigitaldeasturias.com\\\/noticias\\\/#organization\"},\"image\":{\"@type\":\"ImageObject\",\"url\":485708},\"datePublished\":\"2014-02-07T16:53:45+01:00\",\"dateModified\":\"2014-02-07T16:53:45+01:00\",\"inLanguage\":\"es-ES\",\"mainEntityOfPage\":{\"@id\":\"https:\\\/\\\/www.eldigitaldeasturias.com\\\/noticias\\\/opositor-cubano-denuncia-detencion-de-nueve-horas-y-decomiso-de-pertenencias\\\/#webpage\"},\"isPartOf\":{\"@id\":\"https:\\\/\\\/www.eldigitaldeasturias.com\\\/noticias\\\/opositor-cubano-denuncia-detencion-de-nueve-horas-y-decomiso-de-pertenencias\\\/#webpage\"},\"articleSection\":\"Actualidad\"},{\"@type\":\"BreadcrumbList\",\"@id\":\"https:\\\/\\\/www.eldigitaldeasturias.com\\\/noticias\\\/opositor-cubano-denuncia-detencion-de-nueve-horas-y-decomiso-de-pertenencias\\\/#breadcrumblist\",\"itemListElement\":[{\"@type\":\"ListItem\",\"@id\":\"https:\\\/\\\/www.eldigitaldeasturias.com\\\/noticias#listItem\",\"position\":1,\"name\":\"Home\",\"item\":\"https:\\\/\\\/www.eldigitaldeasturias.com\\\/noticias\",\"nextItem\":{\"@type\":\"ListItem\",\"@id\":\"https:\\\/\\\/www.eldigitaldeasturias.com\\\/noticias\\\/category\\\/actualidad\\\/#listItem\",\"name\":\"Actualidad\"}},{\"@type\":\"ListItem\",\"@id\":\"https:\\\/\\\/www.eldigitaldeasturias.com\\\/noticias\\\/category\\\/actualidad\\\/#listItem\",\"position\":2,\"name\":\"Actualidad\",\"item\":\"https:\\\/\\\/www.eldigitaldeasturias.com\\\/noticias\\\/category\\\/actualidad\\\/\",\"nextItem\":{\"@type\":\"ListItem\",\"@id\":\"https:\\\/\\\/www.eldigitaldeasturias.com\\\/noticias\\\/opositor-cubano-denuncia-detencion-de-nueve-horas-y-decomiso-de-pertenencias\\\/#listItem\",\"name\":\"Opositor cubano denuncia detenci\\u00f3n de nueve horas y decomiso de pertenencias\"},\"previousItem\":{\"@type\":\"ListItem\",\"@id\":\"https:\\\/\\\/www.eldigitaldeasturias.com\\\/noticias#listItem\",\"name\":\"Home\"}},{\"@type\":\"ListItem\",\"@id\":\"https:\\\/\\\/www.eldigitaldeasturias.com\\\/noticias\\\/opositor-cubano-denuncia-detencion-de-nueve-horas-y-decomiso-de-pertenencias\\\/#listItem\",\"position\":3,\"name\":\"Opositor cubano denuncia detenci\\u00f3n de nueve horas y decomiso de pertenencias\",\"previousItem\":{\"@type\":\"ListItem\",\"@id\":\"https:\\\/\\\/www.eldigitaldeasturias.com\\\/noticias\\\/category\\\/actualidad\\\/#listItem\",\"name\":\"Actualidad\"}}]},{\"@type\":\"Organization\",\"@id\":\"https:\\\/\\\/www.eldigitaldeasturias.com\\\/noticias\\\/#organization\",\"name\":\"El Digital de Asturias\",\"description\":\"Hemeroteca\",\"url\":\"https:\\\/\\\/www.eldigitaldeasturias.com\\\/noticias\\\/\",\"email\":\"info@eldigitaldeasturias.com\",\"telephone\":\"+34652131393\",\"logo\":{\"@type\":\"ImageObject\",\"url\":\"https:\\\/\\\/www.eldigitaldeasturias.com\\\/noticias\\\/wp-content\\\/uploads\\\/2020\\\/12\\\/EDA.jpg\",\"@id\":\"https:\\\/\\\/www.eldigitaldeasturias.com\\\/noticias\\\/opositor-cubano-denuncia-detencion-de-nueve-horas-y-decomiso-de-pertenencias\\\/#organizationLogo\"},\"image\":{\"@id\":\"https:\\\/\\\/www.eldigitaldeasturias.com\\\/noticias\\\/opositor-cubano-denuncia-detencion-de-nueve-horas-y-decomiso-de-pertenencias\\\/#organizationLogo\"},\"sameAs\":[\"https:\\\/\\\/facebook.com\\\/eldigitaldeasturias\",\"https:\\\/\\\/www.youtube.com\\\/channel\\\/UCZP-2wLEB9Rv6erhFmqVnvg\"],\"address\":{\"@id\":\"https:\\\/\\\/www.eldigitaldeasturias.com\\\/noticias\\\/#postaladdress\",\"@type\":\"PostalAddress\",\"streetAddress\":\"san antonio 4\",\"postalCode\":\"33430\",\"addressLocality\":\"Cand\\u00e1s\",\"addressRegion\":\"Asturias\",\"addressCountry\":\"ES\"}},{\"@type\":\"Person\",\"@id\":\"https:\\\/\\\/www.eldigitaldeasturias.com\\\/noticias\\\/author\\\/admin\\\/#author\",\"url\":\"https:\\\/\\\/www.eldigitaldeasturias.com\\\/noticias\\\/author\\\/admin\\\/\",\"name\":\"El Digital de Asturias\",\"image\":{\"@type\":\"ImageObject\",\"@id\":\"https:\\\/\\\/www.eldigitaldeasturias.com\\\/noticias\\\/opositor-cubano-denuncia-detencion-de-nueve-horas-y-decomiso-de-pertenencias\\\/#authorImage\",\"url\":\"https:\\\/\\\/secure.gravatar.com\\\/avatar\\\/df2aeffc32bcd13f8d26072ef8a91b623d677766deac7f97ca815868cd41bf5e?s=96&d=mm&r=g\",\"width\":96,\"height\":96,\"caption\":\"El Digital de Asturias\"}},{\"@type\":\"WebPage\",\"@id\":\"https:\\\/\\\/www.eldigitaldeasturias.com\\\/noticias\\\/opositor-cubano-denuncia-detencion-de-nueve-horas-y-decomiso-de-pertenencias\\\/#webpage\",\"url\":\"https:\\\/\\\/www.eldigitaldeasturias.com\\\/noticias\\\/opositor-cubano-denuncia-detencion-de-nueve-horas-y-decomiso-de-pertenencias\\\/\",\"name\":\"Opositor cubano denuncia detenci\\u00f3n de nueve horas y decomiso de pertenencias - El Digital de Asturias\",\"description\":\"La Habana, 6 feb (EFE).- El opositor cubano Jorge Luis Garc\\u00eda P\\u00e9rez, conocido como \\\"Ant\\u00fanez\\\", denunci\\u00f3 hoy que fue v\\u00edctima de una detenci\\u00f3n el mi\\u00e9rcoles que se prolong\\u00f3 unas nueve horas y que comenz\\u00f3 con un \\\"descomunal operativo\\\" en su vivienda, donde le decomisaron varias pertenencias. Ant\\u00fanez, secretario del ilegal Frente Nacional de Resistencia C\\u00edvica\",\"inLanguage\":\"es-ES\",\"isPartOf\":{\"@id\":\"https:\\\/\\\/www.eldigitaldeasturias.com\\\/noticias\\\/#website\"},\"breadcrumb\":{\"@id\":\"https:\\\/\\\/www.eldigitaldeasturias.com\\\/noticias\\\/opositor-cubano-denuncia-detencion-de-nueve-horas-y-decomiso-de-pertenencias\\\/#breadcrumblist\"},\"author\":{\"@id\":\"https:\\\/\\\/www.eldigitaldeasturias.com\\\/noticias\\\/author\\\/admin\\\/#author\"},\"creator\":{\"@id\":\"https:\\\/\\\/www.eldigitaldeasturias.com\\\/noticias\\\/author\\\/admin\\\/#author\"},\"image\":{\"@type\":\"ImageObject\",\"url\":485708,\"@id\":\"https:\\\/\\\/www.eldigitaldeasturias.com\\\/noticias\\\/opositor-cubano-denuncia-detencion-de-nueve-horas-y-decomiso-de-pertenencias\\\/#mainImage\"},\"primaryImageOfPage\":{\"@id\":\"https:\\\/\\\/www.eldigitaldeasturias.com\\\/noticias\\\/opositor-cubano-denuncia-detencion-de-nueve-horas-y-decomiso-de-pertenencias\\\/#mainImage\"},\"datePublished\":\"2014-02-07T16:53:45+01:00\",\"dateModified\":\"2014-02-07T16:53:45+01:00\"},{\"@type\":\"WebSite\",\"@id\":\"https:\\\/\\\/www.eldigitaldeasturias.com\\\/noticias\\\/#website\",\"url\":\"https:\\\/\\\/www.eldigitaldeasturias.com\\\/noticias\\\/\",\"name\":\"El Digital de Asturias - Diario de actualidad y noticias\",\"alternateName\":\"El Digital de Asturias - Diario de actualidad y noticias\",\"description\":\"Hemeroteca\",\"inLanguage\":\"es-ES\",\"publisher\":{\"@id\":\"https:\\\/\\\/www.eldigitaldeasturias.com\\\/noticias\\\/#organization\"}}]}\n\t\t<\/script>\n\t\t<!-- All in One SEO Pro -->\r\n\t\t<title>Opositor cubano denuncia detenci\u00f3n de nueve horas y decomiso de pertenencias - El Digital de Asturias<\/title>\n\n","aioseo_head_json":{"title":"Opositor cubano denuncia detenci\u00f3n de nueve horas y decomiso de pertenencias - El Digital de Asturias","description":"La Habana, 6 feb (EFE).- El opositor cubano Jorge Luis Garc\u00eda P\u00e9rez, conocido como \"Ant\u00fanez\", denunci\u00f3 hoy que fue v\u00edctima de una detenci\u00f3n el mi\u00e9rcoles que se prolong\u00f3 unas nueve horas y que comenz\u00f3 con un \"descomunal operativo\" en su vivienda, donde le decomisaron varias pertenencias. Ant\u00fanez, secretario del ilegal Frente Nacional de Resistencia C\u00edvica","canonical_url":"https:\/\/www.eldigitaldeasturias.com\/noticias\/opositor-cubano-denuncia-detencion-de-nueve-horas-y-decomiso-de-pertenencias\/","robots":"max-image-preview:large","keywords":"actualidad","webmasterTools":{"google-site-verification":"UA-38556648-1","msvalidate.01":"7dfe9f3f1b24437ab69f4f2559babe99","miscellaneous":""},"schema":{"@context":"https:\/\/schema.org","@graph":[{"@type":"BlogPosting","@id":"https:\/\/www.eldigitaldeasturias.com\/noticias\/opositor-cubano-denuncia-detencion-de-nueve-horas-y-decomiso-de-pertenencias\/#blogposting","name":"Opositor cubano denuncia detenci\u00f3n de nueve horas y decomiso de pertenencias - El Digital de Asturias","headline":"Opositor cubano denuncia detenci\u00f3n de nueve horas y decomiso de pertenencias","author":{"@id":"https:\/\/www.eldigitaldeasturias.com\/noticias\/author\/admin\/#author"},"publisher":{"@id":"https:\/\/www.eldigitaldeasturias.com\/noticias\/#organization"},"image":{"@type":"ImageObject","url":485708},"datePublished":"2014-02-07T16:53:45+01:00","dateModified":"2014-02-07T16:53:45+01:00","inLanguage":"es-ES","mainEntityOfPage":{"@id":"https:\/\/www.eldigitaldeasturias.com\/noticias\/opositor-cubano-denuncia-detencion-de-nueve-horas-y-decomiso-de-pertenencias\/#webpage"},"isPartOf":{"@id":"https:\/\/www.eldigitaldeasturias.com\/noticias\/opositor-cubano-denuncia-detencion-de-nueve-horas-y-decomiso-de-pertenencias\/#webpage"},"articleSection":"Actualidad"},{"@type":"BreadcrumbList","@id":"https:\/\/www.eldigitaldeasturias.com\/noticias\/opositor-cubano-denuncia-detencion-de-nueve-horas-y-decomiso-de-pertenencias\/#breadcrumblist","itemListElement":[{"@type":"ListItem","@id":"https:\/\/www.eldigitaldeasturias.com\/noticias#listItem","position":1,"name":"Home","item":"https:\/\/www.eldigitaldeasturias.com\/noticias","nextItem":{"@type":"ListItem","@id":"https:\/\/www.eldigitaldeasturias.com\/noticias\/category\/actualidad\/#listItem","name":"Actualidad"}},{"@type":"ListItem","@id":"https:\/\/www.eldigitaldeasturias.com\/noticias\/category\/actualidad\/#listItem","position":2,"name":"Actualidad","item":"https:\/\/www.eldigitaldeasturias.com\/noticias\/category\/actualidad\/","nextItem":{"@type":"ListItem","@id":"https:\/\/www.eldigitaldeasturias.com\/noticias\/opositor-cubano-denuncia-detencion-de-nueve-horas-y-decomiso-de-pertenencias\/#listItem","name":"Opositor cubano denuncia detenci\u00f3n de nueve horas y decomiso de pertenencias"},"previousItem":{"@type":"ListItem","@id":"https:\/\/www.eldigitaldeasturias.com\/noticias#listItem","name":"Home"}},{"@type":"ListItem","@id":"https:\/\/www.eldigitaldeasturias.com\/noticias\/opositor-cubano-denuncia-detencion-de-nueve-horas-y-decomiso-de-pertenencias\/#listItem","position":3,"name":"Opositor cubano denuncia detenci\u00f3n de nueve horas y decomiso de pertenencias","previousItem":{"@type":"ListItem","@id":"https:\/\/www.eldigitaldeasturias.com\/noticias\/category\/actualidad\/#listItem","name":"Actualidad"}}]},{"@type":"Organization","@id":"https:\/\/www.eldigitaldeasturias.com\/noticias\/#organization","name":"El Digital de Asturias","description":"Hemeroteca","url":"https:\/\/www.eldigitaldeasturias.com\/noticias\/","email":"info@eldigitaldeasturias.com","telephone":"+34652131393","logo":{"@type":"ImageObject","url":"https:\/\/www.eldigitaldeasturias.com\/noticias\/wp-content\/uploads\/2020\/12\/EDA.jpg","@id":"https:\/\/www.eldigitaldeasturias.com\/noticias\/opositor-cubano-denuncia-detencion-de-nueve-horas-y-decomiso-de-pertenencias\/#organizationLogo"},"image":{"@id":"https:\/\/www.eldigitaldeasturias.com\/noticias\/opositor-cubano-denuncia-detencion-de-nueve-horas-y-decomiso-de-pertenencias\/#organizationLogo"},"sameAs":["https:\/\/facebook.com\/eldigitaldeasturias","https:\/\/www.youtube.com\/channel\/UCZP-2wLEB9Rv6erhFmqVnvg"],"address":{"@id":"https:\/\/www.eldigitaldeasturias.com\/noticias\/#postaladdress","@type":"PostalAddress","streetAddress":"san antonio 4","postalCode":"33430","addressLocality":"Cand\u00e1s","addressRegion":"Asturias","addressCountry":"ES"}},{"@type":"Person","@id":"https:\/\/www.eldigitaldeasturias.com\/noticias\/author\/admin\/#author","url":"https:\/\/www.eldigitaldeasturias.com\/noticias\/author\/admin\/","name":"El Digital de Asturias","image":{"@type":"ImageObject","@id":"https:\/\/www.eldigitaldeasturias.com\/noticias\/opositor-cubano-denuncia-detencion-de-nueve-horas-y-decomiso-de-pertenencias\/#authorImage","url":"https:\/\/secure.gravatar.com\/avatar\/df2aeffc32bcd13f8d26072ef8a91b623d677766deac7f97ca815868cd41bf5e?s=96&d=mm&r=g","width":96,"height":96,"caption":"El Digital de Asturias"}},{"@type":"WebPage","@id":"https:\/\/www.eldigitaldeasturias.com\/noticias\/opositor-cubano-denuncia-detencion-de-nueve-horas-y-decomiso-de-pertenencias\/#webpage","url":"https:\/\/www.eldigitaldeasturias.com\/noticias\/opositor-cubano-denuncia-detencion-de-nueve-horas-y-decomiso-de-pertenencias\/","name":"Opositor cubano denuncia detenci\u00f3n de nueve horas y decomiso de pertenencias - El Digital de Asturias","description":"La Habana, 6 feb (EFE).- El opositor cubano Jorge Luis Garc\u00eda P\u00e9rez, conocido como \"Ant\u00fanez\", denunci\u00f3 hoy que fue v\u00edctima de una detenci\u00f3n el mi\u00e9rcoles que se prolong\u00f3 unas nueve horas y que comenz\u00f3 con un \"descomunal operativo\" en su vivienda, donde le decomisaron varias pertenencias. Ant\u00fanez, secretario del ilegal Frente Nacional de Resistencia C\u00edvica","inLanguage":"es-ES","isPartOf":{"@id":"https:\/\/www.eldigitaldeasturias.com\/noticias\/#website"},"breadcrumb":{"@id":"https:\/\/www.eldigitaldeasturias.com\/noticias\/opositor-cubano-denuncia-detencion-de-nueve-horas-y-decomiso-de-pertenencias\/#breadcrumblist"},"author":{"@id":"https:\/\/www.eldigitaldeasturias.com\/noticias\/author\/admin\/#author"},"creator":{"@id":"https:\/\/www.eldigitaldeasturias.com\/noticias\/author\/admin\/#author"},"image":{"@type":"ImageObject","url":485708,"@id":"https:\/\/www.eldigitaldeasturias.com\/noticias\/opositor-cubano-denuncia-detencion-de-nueve-horas-y-decomiso-de-pertenencias\/#mainImage"},"primaryImageOfPage":{"@id":"https:\/\/www.eldigitaldeasturias.com\/noticias\/opositor-cubano-denuncia-detencion-de-nueve-horas-y-decomiso-de-pertenencias\/#mainImage"},"datePublished":"2014-02-07T16:53:45+01:00","dateModified":"2014-02-07T16:53:45+01:00"},{"@type":"WebSite","@id":"https:\/\/www.eldigitaldeasturias.com\/noticias\/#website","url":"https:\/\/www.eldigitaldeasturias.com\/noticias\/","name":"El Digital de Asturias - Diario de actualidad y noticias","alternateName":"El Digital de Asturias - Diario de actualidad y noticias","description":"Hemeroteca","inLanguage":"es-ES","publisher":{"@id":"https:\/\/www.eldigitaldeasturias.com\/noticias\/#organization"}}]},"og:locale":"es_ES","og:site_name":"El Digital de Asturias","og:type":"article","og:title":"Opositor cubano denuncia detenci\u00f3n de nueve horas y decomiso de pertenencias - El Digital de Asturias","og:description":"La Habana, 6 feb (EFE).- El opositor cubano Jorge Luis Garc\u00eda P\u00e9rez, conocido como &quot;Ant\u00fanez&quot;, denunci\u00f3 hoy que fue v\u00edctima de una detenci\u00f3n el mi\u00e9rcoles que se prolong\u00f3 unas nueve horas y que comenz\u00f3 con un &quot;descomunal operativo&quot; en su vivienda, donde le decomisaron varias pertenencias. Ant\u00fanez, secretario del ilegal Frente Nacional de Resistencia C\u00edvica","og:url":"https:\/\/www.eldigitaldeasturias.com\/noticias\/opositor-cubano-denuncia-detencion-de-nueve-horas-y-decomiso-de-pertenencias\/","article:tag":["actualidad"],"article:published_time":"2014-02-07T17:53:45+00:00","article:modified_time":"2014-02-07T17:53:45+00:00","article:publisher":"https:\/\/facebook.com\/eldigitaldeasturias","twitter:card":"summary_large_image","twitter:title":"Opositor cubano denuncia detenci\u00f3n de nueve horas y decomiso de pertenencias - El Digital de Asturias","twitter:description":"La Habana, 6 feb (EFE).- El opositor cubano Jorge Luis Garc\u00eda P\u00e9rez, conocido como &quot;Ant\u00fanez&quot;, denunci\u00f3 hoy que fue v\u00edctima de una detenci\u00f3n el mi\u00e9rcoles que se prolong\u00f3 unas nueve horas y que comenz\u00f3 con un &quot;descomunal operativo&quot; en su vivienda, donde le decomisaron varias pertenencias. Ant\u00fanez, secretario del ilegal Frente Nacional de Resistencia C\u00edvica","twitter:label1":"Escrito por","twitter:data1":"El Digital de Asturias","twitter:label2":"Tiempo de lectura estimado","twitter:data2":"2 minutos"},"aioseo_meta_data":{"post_id":"485707","title":null,"description":null,"keywords":null,"keyphrases":null,"primary_term":null,"canonical_url":null,"og_title":null,"og_description":null,"og_object_type":"default","og_image_type":"default","og_image_url":null,"og_image_width":null,"og_image_height":null,"og_image_custom_url":null,"og_image_custom_fields":null,"og_video":null,"og_custom_url":null,"og_article_section":null,"og_article_tags":null,"twitter_use_og":true,"twitter_card":"default","twitter_image_type":"default","twitter_image_url":null,"twitter_image_custom_url":null,"twitter_image_custom_fields":null,"twitter_title":null,"twitter_description":null,"schema":{"blockGraphs":[],"customGraphs":[],"default":{"data":{"Article":[],"Course":[],"Dataset":[],"FAQPage":[],"Movie":[],"Person":[],"Product":[],"ProductReview":[],"Car":[],"Recipe":[],"Service":[],"SoftwareApplication":[],"WebPage":[]},"graphName":"","isEnabled":true},"graphs":[],"defaultGraph":"","defaultPostTypeGraph":""},"schema_type":null,"schema_type_options":null,"pillar_content":false,"robots_default":true,"robots_noindex":false,"robots_noarchive":false,"robots_nosnippet":false,"robots_nofollow":false,"robots_noimageindex":false,"robots_noodp":false,"robots_notranslate":false,"robots_max_snippet":null,"robots_max_videopreview":null,"robots_max_imagepreview":"none","priority":null,"frequency":null,"local_seo":null,"seo_analyzer_scan_date":"2026-06-02 21:39:54","breadcrumb_settings":null,"limit_modified_date":false,"open_ai":null,"ai":null,"created":"2020-11-14 22:55:24","updated":"2026-06-02 21:39:54","focus_keyword":null,"additional_keywords":null,"truseo_locale":null},"aioseo_breadcrumb":"<div class=\"aioseo-breadcrumbs\"><span class=\"aioseo-breadcrumb\">\n\t<a href=\"https:\/\/www.eldigitaldeasturias.com\/noticias\" title=\"Home\">Home<\/a>\n<\/span><span class=\"aioseo-breadcrumb-separator\">\u2013<\/span><span class=\"aioseo-breadcrumb\">\n\t<a href=\"https:\/\/www.eldigitaldeasturias.com\/noticias\/category\/actualidad\/\" title=\"Actualidad\">Actualidad<\/a>\n<\/span><span class=\"aioseo-breadcrumb-separator\">\u2013<\/span><span class=\"aioseo-breadcrumb\">\n\t<a href=\"https:\/\/www.eldigitaldeasturias.com\/noticias\/opositor-cubano-denuncia-detencion-de-nueve-horas-y-decomiso-de-pertenencias\/\" title=\"Opositor cubano denuncia detenci\u00f3n de nueve horas y decomiso de pertenencias\">Opositor cubano denuncia detenci\u00f3n de nueve horas y decomiso de pertenencias<\/a>\n<\/span><\/div>","aioseo_breadcrumb_json":[{"label":"Home","link":"https:\/\/www.eldigitaldeasturias.com\/noticias"},{"label":"Actualidad","link":"https:\/\/www.eldigitaldeasturias.com\/noticias\/category\/actualidad\/"},{"label":"Opositor cubano denuncia detenci\u00f3n de nueve horas y decomiso de pertenencias","link":"https:\/\/www.eldigitaldeasturias.com\/noticias\/opositor-cubano-denuncia-detencion-de-nueve-horas-y-decomiso-de-pertenencias\/"}],"_links":{"self":[{"href":"https:\/\/www.eldigitaldeasturias.com\/noticias\/wp-json\/wp\/v2\/posts\/485707","targetHints":{"allow":["GET"]}}],"collection":[{"href":"https:\/\/www.eldigitaldeasturias.com\/noticias\/wp-json\/wp\/v2\/posts"}],"about":[{"href":"https:\/\/www.eldigitaldeasturias.com\/noticias\/wp-json\/wp\/v2\/types\/post"}],"author":[{"embeddable":true,"href":"https:\/\/www.eldigitaldeasturias.com\/noticias\/wp-json\/wp\/v2\/users\/1"}],"replies":[{"embeddable":true,"href":"https:\/\/www.eldigitaldeasturias.com\/noticias\/wp-json\/wp\/v2\/comments?post=485707"}],"version-history":[{"count":0,"href":"https:\/\/www.eldigitaldeasturias.com\/noticias\/wp-json\/wp\/v2\/posts\/485707\/revisions"}],"wp:attachment":[{"href":"https:\/\/www.eldigitaldeasturias.com\/noticias\/wp-json\/wp\/v2\/media?parent=485707"}],"wp:term":[{"taxonomy":"category","embeddable":true,"href":"https:\/\/www.eldigitaldeasturias.com\/noticias\/wp-json\/wp\/v2\/categories?post=485707"},{"taxonomy":"post_tag","embeddable":true,"href":"https:\/\/www.eldigitaldeasturias.com\/noticias\/wp-json\/wp\/v2\/tags?post=485707"}],"curies":[{"name":"wp","href":"https:\/\/api.w.org\/{rel}","templated":true}]}}