{"id":485704,"date":"2014-02-07T16:52:48","date_gmt":"2014-02-07T17:52:48","guid":{"rendered":"http:\/\/www.eldigitaldeasturias.com\/noticias\/?p=485704"},"modified":"2014-02-07T16:52:48","modified_gmt":"2014-02-07T17:52:48","slug":"jpd-dice-que-es-inadmisible-que-el-pp-descalifique-personalmente-a-una-juez","status":"publish","type":"post","link":"https:\/\/www.eldigitaldeasturias.com\/noticias\/jpd-dice-que-es-inadmisible-que-el-pp-descalifique-personalmente-a-una-juez\/","title":{"rendered":"JpD dice que es \u00abinadmisible\u00bb que el PP descalifique personalmente a una juez"},"content":{"rendered":"<p><img loading=\"lazy\" decoding=\"async\" class=\"alignleft size-medium wp-image-485705\" alt=\"5918126w\" src=\"https:\/\/www.eldigitaldeasturias.com\/noticias\/wp-content\/uploads\/2014\/02\/5918126w-360x240.jpg\" width=\"360\" height=\"240\" \/>Madrid, 6 feb (EFE).- La Asociaci\u00f3n Jueces para la Democracia (JpD) ha tildado de \u00abinadmisible\u00bb las descalificaciones \u00abpersonalizadas\u00bb de dirigentes del PP a la magistrada Isabel Valdecabres, por sus argumentaciones sobre el escrache realizado ante el domicilio de la vicepresidenta del Gobierno, Soraya S\u00e1enz de Santamar\u00eda.<\/p>\n<p>En un comunicado, el portavoz de la asociaci\u00f3n judicial, Joaquim Bosch, censura las cr\u00edticas realizadas por dirigentes del PP, entre ellos, el alcalde de Valladolid, Francisco Javier Le\u00f3n de la Riva, que ha calificado de \u00ababsolutamente lamentable\u00bb la justificaci\u00f3n que del escrache ha realizado la magistrada de la Audiencia Provincial de Madrid.<\/p>\n<p>Valdecabres form\u00f3 parte del tribunal que consider\u00f3 que no concurri\u00f3 ninguna infracci\u00f3n penal en los actos de protesta ante el domicilio Soraya S\u00e1enz de Santamar\u00eda.<\/p>\n<p>\u00abLas resoluciones judiciales pueden ser criticadas, pero en este caso no han sido desvirtuadas a trav\u00e9s de argumentos jur\u00eddicos, sino que se ha procedido a la descalificaci\u00f3n personalizada de una magistrada\u00bb, lamenta el portavoz.<\/p>\n<p>Para Bosch es \u00abinadmisible\u00bb que el partido del gobierno \u00abno sea capaz\u00bb de respetar las instituciones b\u00e1sicas del pa\u00eds ni el sistema de separaci\u00f3n de poderes propio de un Estado de Derecho.<\/p>\n<p>Tampoco resulta aceptable, a\u00f1ade, que determinados dirigentes pol\u00edticos \u00absolo admitan las resoluciones judiciales si les benefician, pero no cuando se sienten perjudicados\u00bb, en una actitud que ha tachado de \u00abcontraria\u00bb\u00b7a las reglas del juego de un Estado Constitucional.<\/p>\n<p>Los escraches no pueden constituir infracci\u00f3n penal si no existe violencia, ni amenazas, ni injurias, explica el portavoz, por lo que se trata de una \u00abforma de protesta enmarcada en el leg\u00edtimo derecho de cr\u00edtica, como ha ocurrido en este caso\u00bb.<\/p>\n<p>Bosch recuerda que el caso del escrache a la vicepresidenta ha sido examinado por cuatro jueces, uno en primera instancia y tres en la segunda, y \u00abtodos ellos han considerado que los hechos no constitu\u00edan ning\u00fan delito\u00bb.<\/p>\n","protected":false},"excerpt":{"rendered":"<p>Madrid, 6 feb (EFE).- La Asociaci\u00f3n Jueces para la Democracia (JpD) ha tildado de \u00abinadmisible\u00bb las descalificaciones \u00abpersonalizadas\u00bb de dirigentes del PP a la magistrada Isabel Valdecabres, por sus argumentaciones sobre el escrache realizado ante el domicilio de la vicepresidenta del Gobierno, Soraya S\u00e1enz de Santamar\u00eda. En un comunicado, el portavoz de la asociaci\u00f3n judicial, [&hellip;]<\/p>\n","protected":false},"author":1,"featured_media":485705,"comment_status":"closed","ping_status":"open","sticky":false,"template":"","format":"standard","meta":{"footnotes":""},"categories":[1],"tags":[],"class_list":["post-485704","post","type-post","status-publish","format-standard","has-post-thumbnail","hentry","category-actualidad"],"aioseo_notices":[],"aioseo_head":"\n\t\t<!-- All in One SEO Pro 5.0.1 - aioseo.com -->\n\t<meta name=\"description\" content=\"Madrid, 6 feb (EFE).- La Asociaci\u00f3n Jueces para la Democracia (JpD) ha tildado de &quot;inadmisible&quot; las descalificaciones &quot;personalizadas&quot; de dirigentes del PP a la magistrada Isabel Valdecabres, por sus argumentaciones sobre el escrache realizado ante el domicilio de la vicepresidenta del Gobierno, Soraya S\u00e1enz de Santamar\u00eda. En un comunicado, el portavoz de la asociaci\u00f3n judicial,\" \/>\n\t<meta name=\"robots\" content=\"max-image-preview:large\" \/>\n\t<meta name=\"author\" content=\"El Digital de Asturias\"\/>\n\t<meta name=\"google-site-verification\" content=\"UA-38556648-1\" \/>\n\t<meta name=\"msvalidate.01\" content=\"7dfe9f3f1b24437ab69f4f2559babe99\" \/>\n\t<meta name=\"keywords\" content=\"actualidad\" \/>\n\t<link rel=\"canonical\" href=\"https:\/\/www.eldigitaldeasturias.com\/noticias\/jpd-dice-que-es-inadmisible-que-el-pp-descalifique-personalmente-a-una-juez\/\" \/>\n\t<meta name=\"generator\" content=\"All in One SEO Pro (AIOSEO) 5.0.1\" \/>\n\t\t<meta property=\"og:locale\" content=\"es_ES\" \/>\n\t\t<meta property=\"og:site_name\" content=\"El Digital de Asturias\" \/>\n\t\t<meta property=\"og:type\" content=\"article\" \/>\n\t\t<meta property=\"og:title\" content=\"JpD dice que es \u00abinadmisible\u00bb que el PP descalifique personalmente a una juez - El Digital de Asturias\" \/>\n\t\t<meta property=\"og:description\" content=\"Madrid, 6 feb (EFE).- La Asociaci\u00f3n Jueces para la Democracia (JpD) ha tildado de &quot;inadmisible&quot; las descalificaciones &quot;personalizadas&quot; de dirigentes del PP a la magistrada Isabel Valdecabres, por sus argumentaciones sobre el escrache realizado ante el domicilio de la vicepresidenta del Gobierno, Soraya S\u00e1enz de Santamar\u00eda. En un comunicado, el portavoz de la asociaci\u00f3n judicial,\" \/>\n\t\t<meta property=\"og:url\" content=\"https:\/\/www.eldigitaldeasturias.com\/noticias\/jpd-dice-que-es-inadmisible-que-el-pp-descalifique-personalmente-a-una-juez\/\" \/>\n\t\t<meta property=\"article:tag\" content=\"actualidad\" \/>\n\t\t<meta property=\"article:published_time\" content=\"2014-02-07T17:52:48+00:00\" \/>\n\t\t<meta property=\"article:modified_time\" content=\"2014-02-07T17:52:48+00:00\" \/>\n\t\t<meta property=\"article:publisher\" content=\"https:\/\/facebook.com\/eldigitaldeasturias\" \/>\n\t\t<meta name=\"twitter:card\" content=\"summary_large_image\" \/>\n\t\t<meta name=\"twitter:title\" content=\"JpD dice que es \u00abinadmisible\u00bb que el PP descalifique personalmente a una juez - El Digital de Asturias\" \/>\n\t\t<meta name=\"twitter:description\" content=\"Madrid, 6 feb (EFE).- La Asociaci\u00f3n Jueces para la Democracia (JpD) ha tildado de &quot;inadmisible&quot; las descalificaciones &quot;personalizadas&quot; de dirigentes del PP a la magistrada Isabel Valdecabres, por sus argumentaciones sobre el escrache realizado ante el domicilio de la vicepresidenta del Gobierno, Soraya S\u00e1enz de Santamar\u00eda. En un comunicado, el portavoz de la asociaci\u00f3n judicial,\" \/>\n\t\t<meta name=\"twitter:label1\" content=\"Escrito por\" \/>\n\t\t<meta name=\"twitter:data1\" content=\"El Digital de Asturias\" \/>\n\t\t<meta name=\"twitter:label2\" content=\"Tiempo de lectura estimado\" \/>\n\t\t<meta name=\"twitter:data2\" content=\"2 minutos\" \/>\n\t\t<script type=\"application\/ld+json\" class=\"aioseo-schema\">\n\t\t\t{\"@context\":\"https:\\\/\\\/schema.org\",\"@graph\":[{\"@type\":\"BlogPosting\",\"@id\":\"https:\\\/\\\/www.eldigitaldeasturias.com\\\/noticias\\\/jpd-dice-que-es-inadmisible-que-el-pp-descalifique-personalmente-a-una-juez\\\/#blogposting\",\"name\":\"JpD dice que es \\u00abinadmisible\\u00bb que el PP descalifique personalmente a una juez - El Digital de Asturias\",\"headline\":\"JpD dice que es \\u00abinadmisible\\u00bb que el PP descalifique personalmente a una juez\",\"author\":{\"@id\":\"https:\\\/\\\/www.eldigitaldeasturias.com\\\/noticias\\\/author\\\/admin\\\/#author\"},\"publisher\":{\"@id\":\"https:\\\/\\\/www.eldigitaldeasturias.com\\\/noticias\\\/#organization\"},\"image\":{\"@type\":\"ImageObject\",\"url\":485705},\"datePublished\":\"2014-02-07T16:52:48+01:00\",\"dateModified\":\"2014-02-07T16:52:48+01:00\",\"inLanguage\":\"es-ES\",\"mainEntityOfPage\":{\"@id\":\"https:\\\/\\\/www.eldigitaldeasturias.com\\\/noticias\\\/jpd-dice-que-es-inadmisible-que-el-pp-descalifique-personalmente-a-una-juez\\\/#webpage\"},\"isPartOf\":{\"@id\":\"https:\\\/\\\/www.eldigitaldeasturias.com\\\/noticias\\\/jpd-dice-que-es-inadmisible-que-el-pp-descalifique-personalmente-a-una-juez\\\/#webpage\"},\"articleSection\":\"Actualidad\"},{\"@type\":\"BreadcrumbList\",\"@id\":\"https:\\\/\\\/www.eldigitaldeasturias.com\\\/noticias\\\/jpd-dice-que-es-inadmisible-que-el-pp-descalifique-personalmente-a-una-juez\\\/#breadcrumblist\",\"itemListElement\":[{\"@type\":\"ListItem\",\"@id\":\"https:\\\/\\\/www.eldigitaldeasturias.com\\\/noticias#listItem\",\"position\":1,\"name\":\"Home\",\"item\":\"https:\\\/\\\/www.eldigitaldeasturias.com\\\/noticias\",\"nextItem\":{\"@type\":\"ListItem\",\"@id\":\"https:\\\/\\\/www.eldigitaldeasturias.com\\\/noticias\\\/category\\\/actualidad\\\/#listItem\",\"name\":\"Actualidad\"}},{\"@type\":\"ListItem\",\"@id\":\"https:\\\/\\\/www.eldigitaldeasturias.com\\\/noticias\\\/category\\\/actualidad\\\/#listItem\",\"position\":2,\"name\":\"Actualidad\",\"item\":\"https:\\\/\\\/www.eldigitaldeasturias.com\\\/noticias\\\/category\\\/actualidad\\\/\",\"nextItem\":{\"@type\":\"ListItem\",\"@id\":\"https:\\\/\\\/www.eldigitaldeasturias.com\\\/noticias\\\/jpd-dice-que-es-inadmisible-que-el-pp-descalifique-personalmente-a-una-juez\\\/#listItem\",\"name\":\"JpD dice que es \\u00abinadmisible\\u00bb que el PP descalifique personalmente a una juez\"},\"previousItem\":{\"@type\":\"ListItem\",\"@id\":\"https:\\\/\\\/www.eldigitaldeasturias.com\\\/noticias#listItem\",\"name\":\"Home\"}},{\"@type\":\"ListItem\",\"@id\":\"https:\\\/\\\/www.eldigitaldeasturias.com\\\/noticias\\\/jpd-dice-que-es-inadmisible-que-el-pp-descalifique-personalmente-a-una-juez\\\/#listItem\",\"position\":3,\"name\":\"JpD dice que es \\u00abinadmisible\\u00bb que el PP descalifique personalmente a una juez\",\"previousItem\":{\"@type\":\"ListItem\",\"@id\":\"https:\\\/\\\/www.eldigitaldeasturias.com\\\/noticias\\\/category\\\/actualidad\\\/#listItem\",\"name\":\"Actualidad\"}}]},{\"@type\":\"Organization\",\"@id\":\"https:\\\/\\\/www.eldigitaldeasturias.com\\\/noticias\\\/#organization\",\"name\":\"El Digital de Asturias\",\"description\":\"Hemeroteca\",\"url\":\"https:\\\/\\\/www.eldigitaldeasturias.com\\\/noticias\\\/\",\"email\":\"info@eldigitaldeasturias.com\",\"telephone\":\"+34652131393\",\"logo\":{\"@type\":\"ImageObject\",\"url\":\"https:\\\/\\\/www.eldigitaldeasturias.com\\\/noticias\\\/wp-content\\\/uploads\\\/2020\\\/12\\\/EDA.jpg\",\"@id\":\"https:\\\/\\\/www.eldigitaldeasturias.com\\\/noticias\\\/jpd-dice-que-es-inadmisible-que-el-pp-descalifique-personalmente-a-una-juez\\\/#organizationLogo\"},\"image\":{\"@id\":\"https:\\\/\\\/www.eldigitaldeasturias.com\\\/noticias\\\/jpd-dice-que-es-inadmisible-que-el-pp-descalifique-personalmente-a-una-juez\\\/#organizationLogo\"},\"sameAs\":[\"https:\\\/\\\/facebook.com\\\/eldigitaldeasturias\",\"https:\\\/\\\/www.youtube.com\\\/channel\\\/UCZP-2wLEB9Rv6erhFmqVnvg\"],\"address\":{\"@id\":\"https:\\\/\\\/www.eldigitaldeasturias.com\\\/noticias\\\/#postaladdress\",\"@type\":\"PostalAddress\",\"streetAddress\":\"san antonio 4\",\"postalCode\":\"33430\",\"addressLocality\":\"Cand\\u00e1s\",\"addressRegion\":\"Asturias\",\"addressCountry\":\"ES\"}},{\"@type\":\"Person\",\"@id\":\"https:\\\/\\\/www.eldigitaldeasturias.com\\\/noticias\\\/author\\\/admin\\\/#author\",\"url\":\"https:\\\/\\\/www.eldigitaldeasturias.com\\\/noticias\\\/author\\\/admin\\\/\",\"name\":\"El Digital de Asturias\",\"image\":{\"@type\":\"ImageObject\",\"@id\":\"https:\\\/\\\/www.eldigitaldeasturias.com\\\/noticias\\\/jpd-dice-que-es-inadmisible-que-el-pp-descalifique-personalmente-a-una-juez\\\/#authorImage\",\"url\":\"https:\\\/\\\/secure.gravatar.com\\\/avatar\\\/df2aeffc32bcd13f8d26072ef8a91b623d677766deac7f97ca815868cd41bf5e?s=96&d=mm&r=g\",\"width\":96,\"height\":96,\"caption\":\"El Digital de Asturias\"}},{\"@type\":\"WebPage\",\"@id\":\"https:\\\/\\\/www.eldigitaldeasturias.com\\\/noticias\\\/jpd-dice-que-es-inadmisible-que-el-pp-descalifique-personalmente-a-una-juez\\\/#webpage\",\"url\":\"https:\\\/\\\/www.eldigitaldeasturias.com\\\/noticias\\\/jpd-dice-que-es-inadmisible-que-el-pp-descalifique-personalmente-a-una-juez\\\/\",\"name\":\"JpD dice que es \\u00abinadmisible\\u00bb que el PP descalifique personalmente a una juez - El Digital de Asturias\",\"description\":\"Madrid, 6 feb (EFE).- La Asociaci\\u00f3n Jueces para la Democracia (JpD) ha tildado de \\\"inadmisible\\\" las descalificaciones \\\"personalizadas\\\" de dirigentes del PP a la magistrada Isabel Valdecabres, por sus argumentaciones sobre el escrache realizado ante el domicilio de la vicepresidenta del Gobierno, Soraya S\\u00e1enz de Santamar\\u00eda. En un comunicado, el portavoz de la asociaci\\u00f3n judicial,\",\"inLanguage\":\"es-ES\",\"isPartOf\":{\"@id\":\"https:\\\/\\\/www.eldigitaldeasturias.com\\\/noticias\\\/#website\"},\"breadcrumb\":{\"@id\":\"https:\\\/\\\/www.eldigitaldeasturias.com\\\/noticias\\\/jpd-dice-que-es-inadmisible-que-el-pp-descalifique-personalmente-a-una-juez\\\/#breadcrumblist\"},\"author\":{\"@id\":\"https:\\\/\\\/www.eldigitaldeasturias.com\\\/noticias\\\/author\\\/admin\\\/#author\"},\"creator\":{\"@id\":\"https:\\\/\\\/www.eldigitaldeasturias.com\\\/noticias\\\/author\\\/admin\\\/#author\"},\"image\":{\"@type\":\"ImageObject\",\"url\":485705,\"@id\":\"https:\\\/\\\/www.eldigitaldeasturias.com\\\/noticias\\\/jpd-dice-que-es-inadmisible-que-el-pp-descalifique-personalmente-a-una-juez\\\/#mainImage\"},\"primaryImageOfPage\":{\"@id\":\"https:\\\/\\\/www.eldigitaldeasturias.com\\\/noticias\\\/jpd-dice-que-es-inadmisible-que-el-pp-descalifique-personalmente-a-una-juez\\\/#mainImage\"},\"datePublished\":\"2014-02-07T16:52:48+01:00\",\"dateModified\":\"2014-02-07T16:52:48+01:00\"},{\"@type\":\"WebSite\",\"@id\":\"https:\\\/\\\/www.eldigitaldeasturias.com\\\/noticias\\\/#website\",\"url\":\"https:\\\/\\\/www.eldigitaldeasturias.com\\\/noticias\\\/\",\"name\":\"El Digital de Asturias - Diario de actualidad y noticias\",\"alternateName\":\"El Digital de Asturias - Diario de actualidad y noticias\",\"description\":\"Hemeroteca\",\"inLanguage\":\"es-ES\",\"publisher\":{\"@id\":\"https:\\\/\\\/www.eldigitaldeasturias.com\\\/noticias\\\/#organization\"}}]}\n\t\t<\/script>\n\t\t<!-- All in One SEO Pro -->\r\n\t\t<title>JpD dice que es \u00abinadmisible\u00bb que el PP descalifique personalmente a una juez - El Digital de Asturias<\/title>\n\n","aioseo_head_json":{"title":"JpD dice que es \u00abinadmisible\u00bb que el PP descalifique personalmente a una juez - El Digital de Asturias","description":"Madrid, 6 feb (EFE).- La Asociaci\u00f3n Jueces para la Democracia (JpD) ha tildado de \"inadmisible\" las descalificaciones \"personalizadas\" de dirigentes del PP a la magistrada Isabel Valdecabres, por sus argumentaciones sobre el escrache realizado ante el domicilio de la vicepresidenta del Gobierno, Soraya S\u00e1enz de Santamar\u00eda. En un comunicado, el portavoz de la asociaci\u00f3n judicial,","canonical_url":"https:\/\/www.eldigitaldeasturias.com\/noticias\/jpd-dice-que-es-inadmisible-que-el-pp-descalifique-personalmente-a-una-juez\/","robots":"max-image-preview:large","keywords":"actualidad","webmasterTools":{"google-site-verification":"UA-38556648-1","msvalidate.01":"7dfe9f3f1b24437ab69f4f2559babe99","miscellaneous":""},"schema":{"@context":"https:\/\/schema.org","@graph":[{"@type":"BlogPosting","@id":"https:\/\/www.eldigitaldeasturias.com\/noticias\/jpd-dice-que-es-inadmisible-que-el-pp-descalifique-personalmente-a-una-juez\/#blogposting","name":"JpD dice que es \u00abinadmisible\u00bb que el PP descalifique personalmente a una juez - El Digital de Asturias","headline":"JpD dice que es \u00abinadmisible\u00bb que el PP descalifique personalmente a una juez","author":{"@id":"https:\/\/www.eldigitaldeasturias.com\/noticias\/author\/admin\/#author"},"publisher":{"@id":"https:\/\/www.eldigitaldeasturias.com\/noticias\/#organization"},"image":{"@type":"ImageObject","url":485705},"datePublished":"2014-02-07T16:52:48+01:00","dateModified":"2014-02-07T16:52:48+01:00","inLanguage":"es-ES","mainEntityOfPage":{"@id":"https:\/\/www.eldigitaldeasturias.com\/noticias\/jpd-dice-que-es-inadmisible-que-el-pp-descalifique-personalmente-a-una-juez\/#webpage"},"isPartOf":{"@id":"https:\/\/www.eldigitaldeasturias.com\/noticias\/jpd-dice-que-es-inadmisible-que-el-pp-descalifique-personalmente-a-una-juez\/#webpage"},"articleSection":"Actualidad"},{"@type":"BreadcrumbList","@id":"https:\/\/www.eldigitaldeasturias.com\/noticias\/jpd-dice-que-es-inadmisible-que-el-pp-descalifique-personalmente-a-una-juez\/#breadcrumblist","itemListElement":[{"@type":"ListItem","@id":"https:\/\/www.eldigitaldeasturias.com\/noticias#listItem","position":1,"name":"Home","item":"https:\/\/www.eldigitaldeasturias.com\/noticias","nextItem":{"@type":"ListItem","@id":"https:\/\/www.eldigitaldeasturias.com\/noticias\/category\/actualidad\/#listItem","name":"Actualidad"}},{"@type":"ListItem","@id":"https:\/\/www.eldigitaldeasturias.com\/noticias\/category\/actualidad\/#listItem","position":2,"name":"Actualidad","item":"https:\/\/www.eldigitaldeasturias.com\/noticias\/category\/actualidad\/","nextItem":{"@type":"ListItem","@id":"https:\/\/www.eldigitaldeasturias.com\/noticias\/jpd-dice-que-es-inadmisible-que-el-pp-descalifique-personalmente-a-una-juez\/#listItem","name":"JpD dice que es \u00abinadmisible\u00bb que el PP descalifique personalmente a una juez"},"previousItem":{"@type":"ListItem","@id":"https:\/\/www.eldigitaldeasturias.com\/noticias#listItem","name":"Home"}},{"@type":"ListItem","@id":"https:\/\/www.eldigitaldeasturias.com\/noticias\/jpd-dice-que-es-inadmisible-que-el-pp-descalifique-personalmente-a-una-juez\/#listItem","position":3,"name":"JpD dice que es \u00abinadmisible\u00bb que el PP descalifique personalmente a una juez","previousItem":{"@type":"ListItem","@id":"https:\/\/www.eldigitaldeasturias.com\/noticias\/category\/actualidad\/#listItem","name":"Actualidad"}}]},{"@type":"Organization","@id":"https:\/\/www.eldigitaldeasturias.com\/noticias\/#organization","name":"El Digital de Asturias","description":"Hemeroteca","url":"https:\/\/www.eldigitaldeasturias.com\/noticias\/","email":"info@eldigitaldeasturias.com","telephone":"+34652131393","logo":{"@type":"ImageObject","url":"https:\/\/www.eldigitaldeasturias.com\/noticias\/wp-content\/uploads\/2020\/12\/EDA.jpg","@id":"https:\/\/www.eldigitaldeasturias.com\/noticias\/jpd-dice-que-es-inadmisible-que-el-pp-descalifique-personalmente-a-una-juez\/#organizationLogo"},"image":{"@id":"https:\/\/www.eldigitaldeasturias.com\/noticias\/jpd-dice-que-es-inadmisible-que-el-pp-descalifique-personalmente-a-una-juez\/#organizationLogo"},"sameAs":["https:\/\/facebook.com\/eldigitaldeasturias","https:\/\/www.youtube.com\/channel\/UCZP-2wLEB9Rv6erhFmqVnvg"],"address":{"@id":"https:\/\/www.eldigitaldeasturias.com\/noticias\/#postaladdress","@type":"PostalAddress","streetAddress":"san antonio 4","postalCode":"33430","addressLocality":"Cand\u00e1s","addressRegion":"Asturias","addressCountry":"ES"}},{"@type":"Person","@id":"https:\/\/www.eldigitaldeasturias.com\/noticias\/author\/admin\/#author","url":"https:\/\/www.eldigitaldeasturias.com\/noticias\/author\/admin\/","name":"El Digital de Asturias","image":{"@type":"ImageObject","@id":"https:\/\/www.eldigitaldeasturias.com\/noticias\/jpd-dice-que-es-inadmisible-que-el-pp-descalifique-personalmente-a-una-juez\/#authorImage","url":"https:\/\/secure.gravatar.com\/avatar\/df2aeffc32bcd13f8d26072ef8a91b623d677766deac7f97ca815868cd41bf5e?s=96&d=mm&r=g","width":96,"height":96,"caption":"El Digital de Asturias"}},{"@type":"WebPage","@id":"https:\/\/www.eldigitaldeasturias.com\/noticias\/jpd-dice-que-es-inadmisible-que-el-pp-descalifique-personalmente-a-una-juez\/#webpage","url":"https:\/\/www.eldigitaldeasturias.com\/noticias\/jpd-dice-que-es-inadmisible-que-el-pp-descalifique-personalmente-a-una-juez\/","name":"JpD dice que es \u00abinadmisible\u00bb que el PP descalifique personalmente a una juez - El Digital de Asturias","description":"Madrid, 6 feb (EFE).- La Asociaci\u00f3n Jueces para la Democracia (JpD) ha tildado de \"inadmisible\" las descalificaciones \"personalizadas\" de dirigentes del PP a la magistrada Isabel Valdecabres, por sus argumentaciones sobre el escrache realizado ante el domicilio de la vicepresidenta del Gobierno, Soraya S\u00e1enz de Santamar\u00eda. En un comunicado, el portavoz de la asociaci\u00f3n judicial,","inLanguage":"es-ES","isPartOf":{"@id":"https:\/\/www.eldigitaldeasturias.com\/noticias\/#website"},"breadcrumb":{"@id":"https:\/\/www.eldigitaldeasturias.com\/noticias\/jpd-dice-que-es-inadmisible-que-el-pp-descalifique-personalmente-a-una-juez\/#breadcrumblist"},"author":{"@id":"https:\/\/www.eldigitaldeasturias.com\/noticias\/author\/admin\/#author"},"creator":{"@id":"https:\/\/www.eldigitaldeasturias.com\/noticias\/author\/admin\/#author"},"image":{"@type":"ImageObject","url":485705,"@id":"https:\/\/www.eldigitaldeasturias.com\/noticias\/jpd-dice-que-es-inadmisible-que-el-pp-descalifique-personalmente-a-una-juez\/#mainImage"},"primaryImageOfPage":{"@id":"https:\/\/www.eldigitaldeasturias.com\/noticias\/jpd-dice-que-es-inadmisible-que-el-pp-descalifique-personalmente-a-una-juez\/#mainImage"},"datePublished":"2014-02-07T16:52:48+01:00","dateModified":"2014-02-07T16:52:48+01:00"},{"@type":"WebSite","@id":"https:\/\/www.eldigitaldeasturias.com\/noticias\/#website","url":"https:\/\/www.eldigitaldeasturias.com\/noticias\/","name":"El Digital de Asturias - Diario de actualidad y noticias","alternateName":"El Digital de Asturias - Diario de actualidad y noticias","description":"Hemeroteca","inLanguage":"es-ES","publisher":{"@id":"https:\/\/www.eldigitaldeasturias.com\/noticias\/#organization"}}]},"og:locale":"es_ES","og:site_name":"El Digital de Asturias","og:type":"article","og:title":"JpD dice que es \u00abinadmisible\u00bb que el PP descalifique personalmente a una juez - El Digital de Asturias","og:description":"Madrid, 6 feb (EFE).- La Asociaci\u00f3n Jueces para la Democracia (JpD) ha tildado de &quot;inadmisible&quot; las descalificaciones &quot;personalizadas&quot; de dirigentes del PP a la magistrada Isabel Valdecabres, por sus argumentaciones sobre el escrache realizado ante el domicilio de la vicepresidenta del Gobierno, Soraya S\u00e1enz de Santamar\u00eda. En un comunicado, el portavoz de la asociaci\u00f3n judicial,","og:url":"https:\/\/www.eldigitaldeasturias.com\/noticias\/jpd-dice-que-es-inadmisible-que-el-pp-descalifique-personalmente-a-una-juez\/","article:tag":["actualidad"],"article:published_time":"2014-02-07T17:52:48+00:00","article:modified_time":"2014-02-07T17:52:48+00:00","article:publisher":"https:\/\/facebook.com\/eldigitaldeasturias","twitter:card":"summary_large_image","twitter:title":"JpD dice que es \u00abinadmisible\u00bb que el PP descalifique personalmente a una juez - El Digital de Asturias","twitter:description":"Madrid, 6 feb (EFE).- La Asociaci\u00f3n Jueces para la Democracia (JpD) ha tildado de &quot;inadmisible&quot; las descalificaciones &quot;personalizadas&quot; de dirigentes del PP a la magistrada Isabel Valdecabres, por sus argumentaciones sobre el escrache realizado ante el domicilio de la vicepresidenta del Gobierno, Soraya S\u00e1enz de Santamar\u00eda. En un comunicado, el portavoz de la asociaci\u00f3n judicial,","twitter:label1":"Escrito por","twitter:data1":"El Digital de Asturias","twitter:label2":"Tiempo de lectura estimado","twitter:data2":"2 minutos"},"aioseo_meta_data":{"post_id":"485704","title":null,"description":null,"keywords":null,"keyphrases":null,"primary_term":null,"canonical_url":null,"og_title":null,"og_description":null,"og_object_type":"default","og_image_type":"default","og_image_url":null,"og_image_width":null,"og_image_height":null,"og_image_custom_url":null,"og_image_custom_fields":null,"og_video":null,"og_custom_url":null,"og_article_section":null,"og_article_tags":null,"twitter_use_og":true,"twitter_card":"default","twitter_image_type":"default","twitter_image_url":null,"twitter_image_custom_url":null,"twitter_image_custom_fields":null,"twitter_title":null,"twitter_description":null,"schema":{"blockGraphs":[],"customGraphs":[],"default":{"data":{"Article":[],"Course":[],"Dataset":[],"FAQPage":[],"Movie":[],"Person":[],"Product":[],"ProductReview":[],"Car":[],"Recipe":[],"Service":[],"SoftwareApplication":[],"WebPage":[]},"graphName":"","isEnabled":true},"graphs":[],"defaultGraph":"","defaultPostTypeGraph":""},"schema_type":null,"schema_type_options":null,"pillar_content":false,"robots_default":true,"robots_noindex":false,"robots_noarchive":false,"robots_nosnippet":false,"robots_nofollow":false,"robots_noimageindex":false,"robots_noodp":false,"robots_notranslate":false,"robots_max_snippet":null,"robots_max_videopreview":null,"robots_max_imagepreview":"none","priority":null,"frequency":null,"local_seo":null,"seo_analyzer_scan_date":"2026-06-02 21:36:51","breadcrumb_settings":null,"limit_modified_date":false,"open_ai":null,"ai":null,"created":"2020-11-14 22:55:24","updated":"2026-06-02 21:36:51","focus_keyword":null,"additional_keywords":null,"truseo_locale":null},"aioseo_breadcrumb":"<div class=\"aioseo-breadcrumbs\"><span class=\"aioseo-breadcrumb\">\n\t<a href=\"https:\/\/www.eldigitaldeasturias.com\/noticias\" title=\"Home\">Home<\/a>\n<\/span><span class=\"aioseo-breadcrumb-separator\">\u2013<\/span><span class=\"aioseo-breadcrumb\">\n\t<a href=\"https:\/\/www.eldigitaldeasturias.com\/noticias\/category\/actualidad\/\" title=\"Actualidad\">Actualidad<\/a>\n<\/span><span class=\"aioseo-breadcrumb-separator\">\u2013<\/span><span class=\"aioseo-breadcrumb\">\n\t<a href=\"https:\/\/www.eldigitaldeasturias.com\/noticias\/jpd-dice-que-es-inadmisible-que-el-pp-descalifique-personalmente-a-una-juez\/\" title=\"JpD dice que es \u00abinadmisible\u00bb que el PP descalifique personalmente a una juez\">JpD dice que es \u00abinadmisible\u00bb que el PP descalifique personalmente a una juez<\/a>\n<\/span><\/div>","aioseo_breadcrumb_json":[{"label":"Home","link":"https:\/\/www.eldigitaldeasturias.com\/noticias"},{"label":"Actualidad","link":"https:\/\/www.eldigitaldeasturias.com\/noticias\/category\/actualidad\/"},{"label":"JpD dice que es \u00abinadmisible\u00bb que el PP descalifique personalmente a una juez","link":"https:\/\/www.eldigitaldeasturias.com\/noticias\/jpd-dice-que-es-inadmisible-que-el-pp-descalifique-personalmente-a-una-juez\/"}],"_links":{"self":[{"href":"https:\/\/www.eldigitaldeasturias.com\/noticias\/wp-json\/wp\/v2\/posts\/485704","targetHints":{"allow":["GET"]}}],"collection":[{"href":"https:\/\/www.eldigitaldeasturias.com\/noticias\/wp-json\/wp\/v2\/posts"}],"about":[{"href":"https:\/\/www.eldigitaldeasturias.com\/noticias\/wp-json\/wp\/v2\/types\/post"}],"author":[{"embeddable":true,"href":"https:\/\/www.eldigitaldeasturias.com\/noticias\/wp-json\/wp\/v2\/users\/1"}],"replies":[{"embeddable":true,"href":"https:\/\/www.eldigitaldeasturias.com\/noticias\/wp-json\/wp\/v2\/comments?post=485704"}],"version-history":[{"count":0,"href":"https:\/\/www.eldigitaldeasturias.com\/noticias\/wp-json\/wp\/v2\/posts\/485704\/revisions"}],"wp:attachment":[{"href":"https:\/\/www.eldigitaldeasturias.com\/noticias\/wp-json\/wp\/v2\/media?parent=485704"}],"wp:term":[{"taxonomy":"category","embeddable":true,"href":"https:\/\/www.eldigitaldeasturias.com\/noticias\/wp-json\/wp\/v2\/categories?post=485704"},{"taxonomy":"post_tag","embeddable":true,"href":"https:\/\/www.eldigitaldeasturias.com\/noticias\/wp-json\/wp\/v2\/tags?post=485704"}],"curies":[{"name":"wp","href":"https:\/\/api.w.org\/{rel}","templated":true}]}}