{"id":485702,"date":"2014-02-07T16:24:21","date_gmt":"2014-02-07T17:24:21","guid":{"rendered":"http:\/\/www.eldigitaldeasturias.com\/noticias\/?p=485702"},"modified":"2014-02-07T16:24:21","modified_gmt":"2014-02-07T17:24:21","slug":"sandoval-quiere-dar-continuidad-al-triunfo-logrado-en-mallorca","status":"publish","type":"post","link":"https:\/\/www.eldigitaldeasturias.com\/noticias\/sandoval-quiere-dar-continuidad-al-triunfo-logrado-en-mallorca\/","title":{"rendered":"Sandoval quiere \u00abdar continuidad al triunfo\u00bb logrado en Mallorca"},"content":{"rendered":"<p><img loading=\"lazy\" decoding=\"async\" class=\"alignleft size-medium wp-image-438679\" alt=\"sandoval\" src=\"https:\/\/www.eldigitaldeasturias.com\/noticias\/wp-content\/uploads\/2013\/10\/sandoval-360x183.jpg\" width=\"360\" height=\"183\" \/>Gij\u00f3n, 7 feb (EFE).- El entrenador del Sporting, Jos\u00e9 Ram\u00f3n Sandoval, ha dicho hoy que ante la Ponferradina el objetivo de su equipo es \u00abdar continuidad al triunfo\u00bb conseguido en Mallorca, en el partido que el t\u00e9cnico rojiblanco considera que \u00abno ha sido el mejor de la temporada, aunque s\u00ed uno de los buenos\u00bb.<\/p>\n<p>Ha evitado confirmar sus planes para el domingo si bien, por lo ensayado esta semana, todo hace indicar que volver\u00e1 a repetir el mismo once que gan\u00f3 en Mallorca despu\u00e9s de que Scepovic y Carmona est\u00e9n recuperados de las molestias que arrastraban.<\/p>\n<p>Para el entrenador rojiblanco, la Ponferradina es un equipo que mueve mucho las posiciones de sus jugadores y ante el que \u00abhay que estar muy concentrados y ser muy solidarios\u00bb, as\u00ed como hacer que \u00abel equipo contrario note que juega en El Molin\u00f3n\u00bb.<\/p>\n<p>Sandoval ha mostrado su respeto por la Ponferradina y ha rechazado que el vestuario rojiblanco estuviese pensando m\u00e1s en el partido de la pr\u00f3xima jornada en La Coru\u00f1a.<\/p>\n<p>\u00abEn la pizarra del vestuario s\u00f3lo est\u00e1 puesto el nombre de la Ponferradina\u00bb, ha subrayado el responsable del conjunto asturiano para quien \u00abRiazor ya llegar\u00e1\u00bb.<\/p>\n<p>Jos\u00e9 Ram\u00f3n Sandoval est\u00e1 muy satisfecho por la marcha de las negociaciones y los acuerdos para asegurar la continuidad del serbio Scepovic, ya que \u00abel club est\u00e1 trabajando muy bien y, dentro de sus limitaciones, sigue paso a paso\u00bb.<\/p>\n<p>Para el entrenador \u00abes muy bueno que un jugador como Scepovic quiera seguir aqu\u00ed, es un lujo\u00bb y ha alabado la actitud del serbio, un futbolista \u00abmuy humilde, capaz de aprender de sus errores, que cuando lleg\u00f3 era un desconocido\u00bb, al que el Sporting \u00able permiti\u00f3 demostrar su val\u00eda y seguir creciendo\u00bb.<\/p>\n<p>\u00abEstamos construyendo un gran delantero, cada d\u00eda demuestra m\u00e1s, Scepovic nos dar\u00e1 muchas tardes de gloria\u00bb, ha agregado Sandoval.<\/p>\n<p>El Sporting se considera como uno de los equipos m\u00e1s perjudicados por las actuaciones arbitrales pero Sandoval ha manifestado que no le preocupan aquellos aspectos que no puede entrenar o no tomar decisiones, por lo que ha abogado por \u00abdejar tranquilo\u00bb el asunto arbitral.<\/p>\n<p>La plantilla rojiblanca realizar\u00e1 ma\u00f1ana la \u00faltima sesi\u00f3n preparatoria, que por decisi\u00f3n de Sandoval ser\u00e1 a puerta cerrada y a cuyo t\u00e9rmino dar\u00e1 a conocer la lista de convocados para el encuentro, que probablemente ser\u00e1 la misma que viaj\u00f3 a Mallorca la pasada semana.<\/p>\n","protected":false},"excerpt":{"rendered":"<p>Gij\u00f3n, 7 feb (EFE).- El entrenador del Sporting, Jos\u00e9 Ram\u00f3n Sandoval, ha dicho hoy que ante la Ponferradina el objetivo de su equipo es \u00abdar continuidad al triunfo\u00bb conseguido en Mallorca, en el partido que el t\u00e9cnico rojiblanco considera que \u00abno ha sido el mejor de la temporada, aunque s\u00ed uno de los buenos\u00bb. Ha [&hellip;]<\/p>\n","protected":false},"author":1,"featured_media":438679,"comment_status":"closed","ping_status":"open","sticky":false,"template":"","format":"standard","meta":{"footnotes":""},"categories":[1],"tags":[],"class_list":["post-485702","post","type-post","status-publish","format-standard","has-post-thumbnail","hentry","category-actualidad"],"aioseo_notices":[],"aioseo_head":"\n\t\t<!-- All in One SEO Pro 5.0.1 - aioseo.com -->\n\t<meta name=\"description\" content=\"Gij\u00f3n, 7 feb (EFE).- El entrenador del Sporting, Jos\u00e9 Ram\u00f3n Sandoval, ha dicho hoy que ante la Ponferradina el objetivo de su equipo es &quot;dar continuidad al triunfo&quot; conseguido en Mallorca, en el partido que el t\u00e9cnico rojiblanco considera que &quot;no ha sido el mejor de la temporada, aunque s\u00ed uno de los buenos&quot;. Ha\" \/>\n\t<meta name=\"robots\" content=\"max-image-preview:large\" \/>\n\t<meta name=\"author\" content=\"El Digital de Asturias\"\/>\n\t<meta name=\"google-site-verification\" content=\"UA-38556648-1\" \/>\n\t<meta name=\"msvalidate.01\" content=\"7dfe9f3f1b24437ab69f4f2559babe99\" \/>\n\t<meta name=\"keywords\" content=\"actualidad\" \/>\n\t<link rel=\"canonical\" href=\"https:\/\/www.eldigitaldeasturias.com\/noticias\/sandoval-quiere-dar-continuidad-al-triunfo-logrado-en-mallorca\/\" \/>\n\t<meta name=\"generator\" content=\"All in One SEO Pro (AIOSEO) 5.0.1\" \/>\n\t\t<meta property=\"og:locale\" content=\"es_ES\" \/>\n\t\t<meta property=\"og:site_name\" content=\"El Digital de Asturias\" \/>\n\t\t<meta property=\"og:type\" content=\"article\" \/>\n\t\t<meta property=\"og:title\" content=\"Sandoval quiere \u00abdar continuidad al triunfo\u00bb logrado en Mallorca - El Digital de Asturias\" \/>\n\t\t<meta property=\"og:description\" content=\"Gij\u00f3n, 7 feb (EFE).- El entrenador del Sporting, Jos\u00e9 Ram\u00f3n Sandoval, ha dicho hoy que ante la Ponferradina el objetivo de su equipo es &quot;dar continuidad al triunfo&quot; conseguido en Mallorca, en el partido que el t\u00e9cnico rojiblanco considera que &quot;no ha sido el mejor de la temporada, aunque s\u00ed uno de los buenos&quot;. Ha\" \/>\n\t\t<meta property=\"og:url\" content=\"https:\/\/www.eldigitaldeasturias.com\/noticias\/sandoval-quiere-dar-continuidad-al-triunfo-logrado-en-mallorca\/\" \/>\n\t\t<meta property=\"article:tag\" content=\"actualidad\" \/>\n\t\t<meta property=\"article:published_time\" content=\"2014-02-07T17:24:21+00:00\" \/>\n\t\t<meta property=\"article:modified_time\" content=\"2014-02-07T17:24:21+00:00\" \/>\n\t\t<meta property=\"article:publisher\" content=\"https:\/\/facebook.com\/eldigitaldeasturias\" \/>\n\t\t<meta name=\"twitter:card\" content=\"summary_large_image\" \/>\n\t\t<meta name=\"twitter:title\" content=\"Sandoval quiere \u00abdar continuidad al triunfo\u00bb logrado en Mallorca - El Digital de Asturias\" \/>\n\t\t<meta name=\"twitter:description\" content=\"Gij\u00f3n, 7 feb (EFE).- El entrenador del Sporting, Jos\u00e9 Ram\u00f3n Sandoval, ha dicho hoy que ante la Ponferradina el objetivo de su equipo es &quot;dar continuidad al triunfo&quot; conseguido en Mallorca, en el partido que el t\u00e9cnico rojiblanco considera que &quot;no ha sido el mejor de la temporada, aunque s\u00ed uno de los buenos&quot;. Ha\" \/>\n\t\t<meta name=\"twitter:label1\" content=\"Escrito por\" \/>\n\t\t<meta name=\"twitter:data1\" content=\"El Digital de Asturias\" \/>\n\t\t<meta name=\"twitter:label2\" content=\"Tiempo de lectura estimado\" \/>\n\t\t<meta name=\"twitter:data2\" content=\"2 minutos\" \/>\n\t\t<script type=\"application\/ld+json\" class=\"aioseo-schema\">\n\t\t\t{\"@context\":\"https:\\\/\\\/schema.org\",\"@graph\":[{\"@type\":\"BlogPosting\",\"@id\":\"https:\\\/\\\/www.eldigitaldeasturias.com\\\/noticias\\\/sandoval-quiere-dar-continuidad-al-triunfo-logrado-en-mallorca\\\/#blogposting\",\"name\":\"Sandoval quiere \\u00abdar continuidad al triunfo\\u00bb logrado en Mallorca - El Digital de Asturias\",\"headline\":\"Sandoval quiere \\u00abdar continuidad al triunfo\\u00bb logrado en Mallorca\",\"author\":{\"@id\":\"https:\\\/\\\/www.eldigitaldeasturias.com\\\/noticias\\\/author\\\/admin\\\/#author\"},\"publisher\":{\"@id\":\"https:\\\/\\\/www.eldigitaldeasturias.com\\\/noticias\\\/#organization\"},\"image\":{\"@type\":\"ImageObject\",\"url\":438679},\"datePublished\":\"2014-02-07T16:24:21+01:00\",\"dateModified\":\"2014-02-07T16:24:21+01:00\",\"inLanguage\":\"es-ES\",\"mainEntityOfPage\":{\"@id\":\"https:\\\/\\\/www.eldigitaldeasturias.com\\\/noticias\\\/sandoval-quiere-dar-continuidad-al-triunfo-logrado-en-mallorca\\\/#webpage\"},\"isPartOf\":{\"@id\":\"https:\\\/\\\/www.eldigitaldeasturias.com\\\/noticias\\\/sandoval-quiere-dar-continuidad-al-triunfo-logrado-en-mallorca\\\/#webpage\"},\"articleSection\":\"Actualidad\"},{\"@type\":\"BreadcrumbList\",\"@id\":\"https:\\\/\\\/www.eldigitaldeasturias.com\\\/noticias\\\/sandoval-quiere-dar-continuidad-al-triunfo-logrado-en-mallorca\\\/#breadcrumblist\",\"itemListElement\":[{\"@type\":\"ListItem\",\"@id\":\"https:\\\/\\\/www.eldigitaldeasturias.com\\\/noticias#listItem\",\"position\":1,\"name\":\"Home\",\"item\":\"https:\\\/\\\/www.eldigitaldeasturias.com\\\/noticias\",\"nextItem\":{\"@type\":\"ListItem\",\"@id\":\"https:\\\/\\\/www.eldigitaldeasturias.com\\\/noticias\\\/category\\\/actualidad\\\/#listItem\",\"name\":\"Actualidad\"}},{\"@type\":\"ListItem\",\"@id\":\"https:\\\/\\\/www.eldigitaldeasturias.com\\\/noticias\\\/category\\\/actualidad\\\/#listItem\",\"position\":2,\"name\":\"Actualidad\",\"item\":\"https:\\\/\\\/www.eldigitaldeasturias.com\\\/noticias\\\/category\\\/actualidad\\\/\",\"nextItem\":{\"@type\":\"ListItem\",\"@id\":\"https:\\\/\\\/www.eldigitaldeasturias.com\\\/noticias\\\/sandoval-quiere-dar-continuidad-al-triunfo-logrado-en-mallorca\\\/#listItem\",\"name\":\"Sandoval quiere \\u00abdar continuidad al triunfo\\u00bb logrado en Mallorca\"},\"previousItem\":{\"@type\":\"ListItem\",\"@id\":\"https:\\\/\\\/www.eldigitaldeasturias.com\\\/noticias#listItem\",\"name\":\"Home\"}},{\"@type\":\"ListItem\",\"@id\":\"https:\\\/\\\/www.eldigitaldeasturias.com\\\/noticias\\\/sandoval-quiere-dar-continuidad-al-triunfo-logrado-en-mallorca\\\/#listItem\",\"position\":3,\"name\":\"Sandoval quiere \\u00abdar continuidad al triunfo\\u00bb logrado en Mallorca\",\"previousItem\":{\"@type\":\"ListItem\",\"@id\":\"https:\\\/\\\/www.eldigitaldeasturias.com\\\/noticias\\\/category\\\/actualidad\\\/#listItem\",\"name\":\"Actualidad\"}}]},{\"@type\":\"Organization\",\"@id\":\"https:\\\/\\\/www.eldigitaldeasturias.com\\\/noticias\\\/#organization\",\"name\":\"El Digital de Asturias\",\"description\":\"Hemeroteca\",\"url\":\"https:\\\/\\\/www.eldigitaldeasturias.com\\\/noticias\\\/\",\"email\":\"info@eldigitaldeasturias.com\",\"telephone\":\"+34652131393\",\"logo\":{\"@type\":\"ImageObject\",\"url\":\"https:\\\/\\\/www.eldigitaldeasturias.com\\\/noticias\\\/wp-content\\\/uploads\\\/2020\\\/12\\\/EDA.jpg\",\"@id\":\"https:\\\/\\\/www.eldigitaldeasturias.com\\\/noticias\\\/sandoval-quiere-dar-continuidad-al-triunfo-logrado-en-mallorca\\\/#organizationLogo\"},\"image\":{\"@id\":\"https:\\\/\\\/www.eldigitaldeasturias.com\\\/noticias\\\/sandoval-quiere-dar-continuidad-al-triunfo-logrado-en-mallorca\\\/#organizationLogo\"},\"sameAs\":[\"https:\\\/\\\/facebook.com\\\/eldigitaldeasturias\",\"https:\\\/\\\/www.youtube.com\\\/channel\\\/UCZP-2wLEB9Rv6erhFmqVnvg\"],\"address\":{\"@id\":\"https:\\\/\\\/www.eldigitaldeasturias.com\\\/noticias\\\/#postaladdress\",\"@type\":\"PostalAddress\",\"streetAddress\":\"san antonio 4\",\"postalCode\":\"33430\",\"addressLocality\":\"Cand\\u00e1s\",\"addressRegion\":\"Asturias\",\"addressCountry\":\"ES\"}},{\"@type\":\"Person\",\"@id\":\"https:\\\/\\\/www.eldigitaldeasturias.com\\\/noticias\\\/author\\\/admin\\\/#author\",\"url\":\"https:\\\/\\\/www.eldigitaldeasturias.com\\\/noticias\\\/author\\\/admin\\\/\",\"name\":\"El Digital de Asturias\",\"image\":{\"@type\":\"ImageObject\",\"@id\":\"https:\\\/\\\/www.eldigitaldeasturias.com\\\/noticias\\\/sandoval-quiere-dar-continuidad-al-triunfo-logrado-en-mallorca\\\/#authorImage\",\"url\":\"https:\\\/\\\/secure.gravatar.com\\\/avatar\\\/df2aeffc32bcd13f8d26072ef8a91b623d677766deac7f97ca815868cd41bf5e?s=96&d=mm&r=g\",\"width\":96,\"height\":96,\"caption\":\"El Digital de Asturias\"}},{\"@type\":\"WebPage\",\"@id\":\"https:\\\/\\\/www.eldigitaldeasturias.com\\\/noticias\\\/sandoval-quiere-dar-continuidad-al-triunfo-logrado-en-mallorca\\\/#webpage\",\"url\":\"https:\\\/\\\/www.eldigitaldeasturias.com\\\/noticias\\\/sandoval-quiere-dar-continuidad-al-triunfo-logrado-en-mallorca\\\/\",\"name\":\"Sandoval quiere \\u00abdar continuidad al triunfo\\u00bb logrado en Mallorca - El Digital de Asturias\",\"description\":\"Gij\\u00f3n, 7 feb (EFE).- El entrenador del Sporting, Jos\\u00e9 Ram\\u00f3n Sandoval, ha dicho hoy que ante la Ponferradina el objetivo de su equipo es \\\"dar continuidad al triunfo\\\" conseguido en Mallorca, en el partido que el t\\u00e9cnico rojiblanco considera que \\\"no ha sido el mejor de la temporada, aunque s\\u00ed uno de los buenos\\\". Ha\",\"inLanguage\":\"es-ES\",\"isPartOf\":{\"@id\":\"https:\\\/\\\/www.eldigitaldeasturias.com\\\/noticias\\\/#website\"},\"breadcrumb\":{\"@id\":\"https:\\\/\\\/www.eldigitaldeasturias.com\\\/noticias\\\/sandoval-quiere-dar-continuidad-al-triunfo-logrado-en-mallorca\\\/#breadcrumblist\"},\"author\":{\"@id\":\"https:\\\/\\\/www.eldigitaldeasturias.com\\\/noticias\\\/author\\\/admin\\\/#author\"},\"creator\":{\"@id\":\"https:\\\/\\\/www.eldigitaldeasturias.com\\\/noticias\\\/author\\\/admin\\\/#author\"},\"image\":{\"@type\":\"ImageObject\",\"url\":438679,\"@id\":\"https:\\\/\\\/www.eldigitaldeasturias.com\\\/noticias\\\/sandoval-quiere-dar-continuidad-al-triunfo-logrado-en-mallorca\\\/#mainImage\"},\"primaryImageOfPage\":{\"@id\":\"https:\\\/\\\/www.eldigitaldeasturias.com\\\/noticias\\\/sandoval-quiere-dar-continuidad-al-triunfo-logrado-en-mallorca\\\/#mainImage\"},\"datePublished\":\"2014-02-07T16:24:21+01:00\",\"dateModified\":\"2014-02-07T16:24:21+01:00\"},{\"@type\":\"WebSite\",\"@id\":\"https:\\\/\\\/www.eldigitaldeasturias.com\\\/noticias\\\/#website\",\"url\":\"https:\\\/\\\/www.eldigitaldeasturias.com\\\/noticias\\\/\",\"name\":\"El Digital de Asturias - Diario de actualidad y noticias\",\"alternateName\":\"El Digital de Asturias - Diario de actualidad y noticias\",\"description\":\"Hemeroteca\",\"inLanguage\":\"es-ES\",\"publisher\":{\"@id\":\"https:\\\/\\\/www.eldigitaldeasturias.com\\\/noticias\\\/#organization\"}}]}\n\t\t<\/script>\n\t\t<!-- All in One SEO Pro -->\r\n\t\t<title>Sandoval quiere \u00abdar continuidad al triunfo\u00bb logrado en Mallorca - El Digital de Asturias<\/title>\n\n","aioseo_head_json":{"title":"Sandoval quiere \u00abdar continuidad al triunfo\u00bb logrado en Mallorca - El Digital de Asturias","description":"Gij\u00f3n, 7 feb (EFE).- El entrenador del Sporting, Jos\u00e9 Ram\u00f3n Sandoval, ha dicho hoy que ante la Ponferradina el objetivo de su equipo es \"dar continuidad al triunfo\" conseguido en Mallorca, en el partido que el t\u00e9cnico rojiblanco considera que \"no ha sido el mejor de la temporada, aunque s\u00ed uno de los buenos\". Ha","canonical_url":"https:\/\/www.eldigitaldeasturias.com\/noticias\/sandoval-quiere-dar-continuidad-al-triunfo-logrado-en-mallorca\/","robots":"max-image-preview:large","keywords":"actualidad","webmasterTools":{"google-site-verification":"UA-38556648-1","msvalidate.01":"7dfe9f3f1b24437ab69f4f2559babe99","miscellaneous":""},"schema":{"@context":"https:\/\/schema.org","@graph":[{"@type":"BlogPosting","@id":"https:\/\/www.eldigitaldeasturias.com\/noticias\/sandoval-quiere-dar-continuidad-al-triunfo-logrado-en-mallorca\/#blogposting","name":"Sandoval quiere \u00abdar continuidad al triunfo\u00bb logrado en Mallorca - El Digital de Asturias","headline":"Sandoval quiere \u00abdar continuidad al triunfo\u00bb logrado en Mallorca","author":{"@id":"https:\/\/www.eldigitaldeasturias.com\/noticias\/author\/admin\/#author"},"publisher":{"@id":"https:\/\/www.eldigitaldeasturias.com\/noticias\/#organization"},"image":{"@type":"ImageObject","url":438679},"datePublished":"2014-02-07T16:24:21+01:00","dateModified":"2014-02-07T16:24:21+01:00","inLanguage":"es-ES","mainEntityOfPage":{"@id":"https:\/\/www.eldigitaldeasturias.com\/noticias\/sandoval-quiere-dar-continuidad-al-triunfo-logrado-en-mallorca\/#webpage"},"isPartOf":{"@id":"https:\/\/www.eldigitaldeasturias.com\/noticias\/sandoval-quiere-dar-continuidad-al-triunfo-logrado-en-mallorca\/#webpage"},"articleSection":"Actualidad"},{"@type":"BreadcrumbList","@id":"https:\/\/www.eldigitaldeasturias.com\/noticias\/sandoval-quiere-dar-continuidad-al-triunfo-logrado-en-mallorca\/#breadcrumblist","itemListElement":[{"@type":"ListItem","@id":"https:\/\/www.eldigitaldeasturias.com\/noticias#listItem","position":1,"name":"Home","item":"https:\/\/www.eldigitaldeasturias.com\/noticias","nextItem":{"@type":"ListItem","@id":"https:\/\/www.eldigitaldeasturias.com\/noticias\/category\/actualidad\/#listItem","name":"Actualidad"}},{"@type":"ListItem","@id":"https:\/\/www.eldigitaldeasturias.com\/noticias\/category\/actualidad\/#listItem","position":2,"name":"Actualidad","item":"https:\/\/www.eldigitaldeasturias.com\/noticias\/category\/actualidad\/","nextItem":{"@type":"ListItem","@id":"https:\/\/www.eldigitaldeasturias.com\/noticias\/sandoval-quiere-dar-continuidad-al-triunfo-logrado-en-mallorca\/#listItem","name":"Sandoval quiere \u00abdar continuidad al triunfo\u00bb logrado en Mallorca"},"previousItem":{"@type":"ListItem","@id":"https:\/\/www.eldigitaldeasturias.com\/noticias#listItem","name":"Home"}},{"@type":"ListItem","@id":"https:\/\/www.eldigitaldeasturias.com\/noticias\/sandoval-quiere-dar-continuidad-al-triunfo-logrado-en-mallorca\/#listItem","position":3,"name":"Sandoval quiere \u00abdar continuidad al triunfo\u00bb logrado en Mallorca","previousItem":{"@type":"ListItem","@id":"https:\/\/www.eldigitaldeasturias.com\/noticias\/category\/actualidad\/#listItem","name":"Actualidad"}}]},{"@type":"Organization","@id":"https:\/\/www.eldigitaldeasturias.com\/noticias\/#organization","name":"El Digital de Asturias","description":"Hemeroteca","url":"https:\/\/www.eldigitaldeasturias.com\/noticias\/","email":"info@eldigitaldeasturias.com","telephone":"+34652131393","logo":{"@type":"ImageObject","url":"https:\/\/www.eldigitaldeasturias.com\/noticias\/wp-content\/uploads\/2020\/12\/EDA.jpg","@id":"https:\/\/www.eldigitaldeasturias.com\/noticias\/sandoval-quiere-dar-continuidad-al-triunfo-logrado-en-mallorca\/#organizationLogo"},"image":{"@id":"https:\/\/www.eldigitaldeasturias.com\/noticias\/sandoval-quiere-dar-continuidad-al-triunfo-logrado-en-mallorca\/#organizationLogo"},"sameAs":["https:\/\/facebook.com\/eldigitaldeasturias","https:\/\/www.youtube.com\/channel\/UCZP-2wLEB9Rv6erhFmqVnvg"],"address":{"@id":"https:\/\/www.eldigitaldeasturias.com\/noticias\/#postaladdress","@type":"PostalAddress","streetAddress":"san antonio 4","postalCode":"33430","addressLocality":"Cand\u00e1s","addressRegion":"Asturias","addressCountry":"ES"}},{"@type":"Person","@id":"https:\/\/www.eldigitaldeasturias.com\/noticias\/author\/admin\/#author","url":"https:\/\/www.eldigitaldeasturias.com\/noticias\/author\/admin\/","name":"El Digital de Asturias","image":{"@type":"ImageObject","@id":"https:\/\/www.eldigitaldeasturias.com\/noticias\/sandoval-quiere-dar-continuidad-al-triunfo-logrado-en-mallorca\/#authorImage","url":"https:\/\/secure.gravatar.com\/avatar\/df2aeffc32bcd13f8d26072ef8a91b623d677766deac7f97ca815868cd41bf5e?s=96&d=mm&r=g","width":96,"height":96,"caption":"El Digital de Asturias"}},{"@type":"WebPage","@id":"https:\/\/www.eldigitaldeasturias.com\/noticias\/sandoval-quiere-dar-continuidad-al-triunfo-logrado-en-mallorca\/#webpage","url":"https:\/\/www.eldigitaldeasturias.com\/noticias\/sandoval-quiere-dar-continuidad-al-triunfo-logrado-en-mallorca\/","name":"Sandoval quiere \u00abdar continuidad al triunfo\u00bb logrado en Mallorca - El Digital de Asturias","description":"Gij\u00f3n, 7 feb (EFE).- El entrenador del Sporting, Jos\u00e9 Ram\u00f3n Sandoval, ha dicho hoy que ante la Ponferradina el objetivo de su equipo es \"dar continuidad al triunfo\" conseguido en Mallorca, en el partido que el t\u00e9cnico rojiblanco considera que \"no ha sido el mejor de la temporada, aunque s\u00ed uno de los buenos\". Ha","inLanguage":"es-ES","isPartOf":{"@id":"https:\/\/www.eldigitaldeasturias.com\/noticias\/#website"},"breadcrumb":{"@id":"https:\/\/www.eldigitaldeasturias.com\/noticias\/sandoval-quiere-dar-continuidad-al-triunfo-logrado-en-mallorca\/#breadcrumblist"},"author":{"@id":"https:\/\/www.eldigitaldeasturias.com\/noticias\/author\/admin\/#author"},"creator":{"@id":"https:\/\/www.eldigitaldeasturias.com\/noticias\/author\/admin\/#author"},"image":{"@type":"ImageObject","url":438679,"@id":"https:\/\/www.eldigitaldeasturias.com\/noticias\/sandoval-quiere-dar-continuidad-al-triunfo-logrado-en-mallorca\/#mainImage"},"primaryImageOfPage":{"@id":"https:\/\/www.eldigitaldeasturias.com\/noticias\/sandoval-quiere-dar-continuidad-al-triunfo-logrado-en-mallorca\/#mainImage"},"datePublished":"2014-02-07T16:24:21+01:00","dateModified":"2014-02-07T16:24:21+01:00"},{"@type":"WebSite","@id":"https:\/\/www.eldigitaldeasturias.com\/noticias\/#website","url":"https:\/\/www.eldigitaldeasturias.com\/noticias\/","name":"El Digital de Asturias - Diario de actualidad y noticias","alternateName":"El Digital de Asturias - Diario de actualidad y noticias","description":"Hemeroteca","inLanguage":"es-ES","publisher":{"@id":"https:\/\/www.eldigitaldeasturias.com\/noticias\/#organization"}}]},"og:locale":"es_ES","og:site_name":"El Digital de Asturias","og:type":"article","og:title":"Sandoval quiere \u00abdar continuidad al triunfo\u00bb logrado en Mallorca - El Digital de Asturias","og:description":"Gij\u00f3n, 7 feb (EFE).- El entrenador del Sporting, Jos\u00e9 Ram\u00f3n Sandoval, ha dicho hoy que ante la Ponferradina el objetivo de su equipo es &quot;dar continuidad al triunfo&quot; conseguido en Mallorca, en el partido que el t\u00e9cnico rojiblanco considera que &quot;no ha sido el mejor de la temporada, aunque s\u00ed uno de los buenos&quot;. Ha","og:url":"https:\/\/www.eldigitaldeasturias.com\/noticias\/sandoval-quiere-dar-continuidad-al-triunfo-logrado-en-mallorca\/","article:tag":["actualidad"],"article:published_time":"2014-02-07T17:24:21+00:00","article:modified_time":"2014-02-07T17:24:21+00:00","article:publisher":"https:\/\/facebook.com\/eldigitaldeasturias","twitter:card":"summary_large_image","twitter:title":"Sandoval quiere \u00abdar continuidad al triunfo\u00bb logrado en Mallorca - El Digital de Asturias","twitter:description":"Gij\u00f3n, 7 feb (EFE).- El entrenador del Sporting, Jos\u00e9 Ram\u00f3n Sandoval, ha dicho hoy que ante la Ponferradina el objetivo de su equipo es &quot;dar continuidad al triunfo&quot; conseguido en Mallorca, en el partido que el t\u00e9cnico rojiblanco considera que &quot;no ha sido el mejor de la temporada, aunque s\u00ed uno de los buenos&quot;. Ha","twitter:label1":"Escrito por","twitter:data1":"El Digital de Asturias","twitter:label2":"Tiempo de lectura estimado","twitter:data2":"2 minutos"},"aioseo_meta_data":{"post_id":"485702","title":null,"description":null,"keywords":null,"keyphrases":null,"primary_term":null,"canonical_url":null,"og_title":null,"og_description":null,"og_object_type":"default","og_image_type":"default","og_image_url":null,"og_image_width":null,"og_image_height":null,"og_image_custom_url":null,"og_image_custom_fields":null,"og_video":null,"og_custom_url":null,"og_article_section":null,"og_article_tags":null,"twitter_use_og":true,"twitter_card":"default","twitter_image_type":"default","twitter_image_url":null,"twitter_image_custom_url":null,"twitter_image_custom_fields":null,"twitter_title":null,"twitter_description":null,"schema":{"blockGraphs":[],"customGraphs":[],"default":{"data":{"Article":[],"Course":[],"Dataset":[],"FAQPage":[],"Movie":[],"Person":[],"Product":[],"ProductReview":[],"Car":[],"Recipe":[],"Service":[],"SoftwareApplication":[],"WebPage":[]},"graphName":"","isEnabled":true},"graphs":[],"defaultGraph":"","defaultPostTypeGraph":""},"schema_type":null,"schema_type_options":null,"pillar_content":false,"robots_default":true,"robots_noindex":false,"robots_noarchive":false,"robots_nosnippet":false,"robots_nofollow":false,"robots_noimageindex":false,"robots_noodp":false,"robots_notranslate":false,"robots_max_snippet":null,"robots_max_videopreview":null,"robots_max_imagepreview":"none","priority":null,"frequency":null,"local_seo":null,"seo_analyzer_scan_date":"2026-06-02 21:36:50","breadcrumb_settings":null,"limit_modified_date":false,"open_ai":null,"ai":null,"created":"2020-11-14 22:55:24","updated":"2026-06-02 21:36:50","focus_keyword":null,"additional_keywords":null,"truseo_locale":null},"aioseo_breadcrumb":"<div class=\"aioseo-breadcrumbs\"><span class=\"aioseo-breadcrumb\">\n\t<a href=\"https:\/\/www.eldigitaldeasturias.com\/noticias\" title=\"Home\">Home<\/a>\n<\/span><span class=\"aioseo-breadcrumb-separator\">\u2013<\/span><span class=\"aioseo-breadcrumb\">\n\t<a href=\"https:\/\/www.eldigitaldeasturias.com\/noticias\/category\/actualidad\/\" title=\"Actualidad\">Actualidad<\/a>\n<\/span><span class=\"aioseo-breadcrumb-separator\">\u2013<\/span><span class=\"aioseo-breadcrumb\">\n\t<a href=\"https:\/\/www.eldigitaldeasturias.com\/noticias\/sandoval-quiere-dar-continuidad-al-triunfo-logrado-en-mallorca\/\" title=\"Sandoval quiere \u00abdar continuidad al triunfo\u00bb logrado en Mallorca\">Sandoval quiere \u00abdar continuidad al triunfo\u00bb logrado en Mallorca<\/a>\n<\/span><\/div>","aioseo_breadcrumb_json":[{"label":"Home","link":"https:\/\/www.eldigitaldeasturias.com\/noticias"},{"label":"Actualidad","link":"https:\/\/www.eldigitaldeasturias.com\/noticias\/category\/actualidad\/"},{"label":"Sandoval quiere \u00abdar continuidad al triunfo\u00bb logrado en Mallorca","link":"https:\/\/www.eldigitaldeasturias.com\/noticias\/sandoval-quiere-dar-continuidad-al-triunfo-logrado-en-mallorca\/"}],"_links":{"self":[{"href":"https:\/\/www.eldigitaldeasturias.com\/noticias\/wp-json\/wp\/v2\/posts\/485702","targetHints":{"allow":["GET"]}}],"collection":[{"href":"https:\/\/www.eldigitaldeasturias.com\/noticias\/wp-json\/wp\/v2\/posts"}],"about":[{"href":"https:\/\/www.eldigitaldeasturias.com\/noticias\/wp-json\/wp\/v2\/types\/post"}],"author":[{"embeddable":true,"href":"https:\/\/www.eldigitaldeasturias.com\/noticias\/wp-json\/wp\/v2\/users\/1"}],"replies":[{"embeddable":true,"href":"https:\/\/www.eldigitaldeasturias.com\/noticias\/wp-json\/wp\/v2\/comments?post=485702"}],"version-history":[{"count":0,"href":"https:\/\/www.eldigitaldeasturias.com\/noticias\/wp-json\/wp\/v2\/posts\/485702\/revisions"}],"wp:attachment":[{"href":"https:\/\/www.eldigitaldeasturias.com\/noticias\/wp-json\/wp\/v2\/media?parent=485702"}],"wp:term":[{"taxonomy":"category","embeddable":true,"href":"https:\/\/www.eldigitaldeasturias.com\/noticias\/wp-json\/wp\/v2\/categories?post=485702"},{"taxonomy":"post_tag","embeddable":true,"href":"https:\/\/www.eldigitaldeasturias.com\/noticias\/wp-json\/wp\/v2\/tags?post=485702"}],"curies":[{"name":"wp","href":"https:\/\/api.w.org\/{rel}","templated":true}]}}