{"id":485690,"date":"2014-02-07T16:14:35","date_gmt":"2014-02-07T17:14:35","guid":{"rendered":"http:\/\/www.eldigitaldeasturias.com\/noticias\/?p=485690"},"modified":"2014-02-07T16:14:35","modified_gmt":"2014-02-07T17:14:35","slug":"iu-de-gijon-pide-ayudas-para-los-universitarios-que-han-perdido-sus-becas","status":"publish","type":"post","link":"https:\/\/www.eldigitaldeasturias.com\/noticias\/iu-de-gijon-pide-ayudas-para-los-universitarios-que-han-perdido-sus-becas\/","title":{"rendered":"IU de Gij\u00f3n pide ayudas para los universitarios que han perdido sus becas"},"content":{"rendered":"<p><img loading=\"lazy\" decoding=\"async\" class=\"alignleft size-medium wp-image-437627\" alt=\"Estudiantes\" src=\"https:\/\/www.eldigitaldeasturias.com\/noticias\/wp-content\/uploads\/2013\/10\/Estudiantes-360x238.jpg\" width=\"360\" height=\"238\" \/>Gij\u00f3n, 7 feb (EFE).- El grupo municipal de IU-LV de Gij\u00f3n ha pedido al equipo de gobierno que ponga en marcha una nueva l\u00ednea de ayudas para los estudiantes universitarios empadronados en la ciudad que hayan perdido su beca tras la modificaci\u00f3n del Real Decreto del Ministerio de Educaci\u00f3n.<\/p>\n<p>El portavoz de la coalici\u00f3n, Jorge Espina, ha adelantado que trasladar\u00e1 en el pr\u00f3ximo Pleno ordinario un ruego a la alcaldesa, Carmen Moriy\u00f3n, con esta petici\u00f3n.<\/p>\n<p>Espina ha explicado que tras la modificaci\u00f3n del Real Decreto de becas del Ministerio de Educaci\u00f3n han sido muchos los estudiantes que ya no pueden disfrutar de estas ayudas para sus estudios.<\/p>\n<p>\u00abCon el anterior decreto cumpl\u00edan los requisitos, pero ya no lo hacen\u00bb, ha lamentado en una rueda de prensa.<\/p>\n<p>Junto a \u00e9l ha estado uno de los miembros de Estudiantes Progresistas, \u00c1lvaro Granda, quien ha cuantificado que en Gij\u00f3n han sido alrededor de 500 los universitarios que han perdido su condici\u00f3n de becados.<\/p>\n<p>Granda ha denunciado que las medidas del ministro de Educaci\u00f3n, Jos\u00e9 Ignacio Wert, son \u00abdevastadoras\u00bb para los estudiantes.<\/p>\n","protected":false},"excerpt":{"rendered":"<p>Gij\u00f3n, 7 feb (EFE).- El grupo municipal de IU-LV de Gij\u00f3n ha pedido al equipo de gobierno que ponga en marcha una nueva l\u00ednea de ayudas para los estudiantes universitarios empadronados en la ciudad que hayan perdido su beca tras la modificaci\u00f3n del Real Decreto del Ministerio de Educaci\u00f3n. El portavoz de la coalici\u00f3n, Jorge [&hellip;]<\/p>\n","protected":false},"author":1,"featured_media":437627,"comment_status":"closed","ping_status":"open","sticky":false,"template":"","format":"standard","meta":{"footnotes":""},"categories":[12],"tags":[],"class_list":["post-485690","post","type-post","status-publish","format-standard","has-post-thumbnail","hentry","category-actualidad-asturias"],"aioseo_notices":[],"aioseo_head":"\n\t\t<!-- All in One SEO Pro 4.9.6.2 - aioseo.com -->\n\t<meta name=\"description\" content=\"Gij\u00f3n, 7 feb (EFE).- El grupo municipal de IU-LV de Gij\u00f3n ha pedido al equipo de gobierno que ponga en marcha una nueva l\u00ednea de ayudas para los estudiantes universitarios empadronados en la ciudad que hayan perdido su beca tras la modificaci\u00f3n del Real Decreto del Ministerio de Educaci\u00f3n. El portavoz de la coalici\u00f3n, Jorge\" \/>\n\t<meta name=\"robots\" content=\"max-image-preview:large\" \/>\n\t<meta name=\"author\" content=\"El Digital de Asturias\"\/>\n\t<meta name=\"google-site-verification\" content=\"UA-38556648-1\" \/>\n\t<meta name=\"msvalidate.01\" content=\"7dfe9f3f1b24437ab69f4f2559babe99\" \/>\n\t<meta name=\"keywords\" content=\"actualidad asturias\" \/>\n\t<link rel=\"canonical\" href=\"https:\/\/www.eldigitaldeasturias.com\/noticias\/iu-de-gijon-pide-ayudas-para-los-universitarios-que-han-perdido-sus-becas\/\" \/>\n\t<meta name=\"generator\" content=\"All in One SEO Pro (AIOSEO) 4.9.6.2\" \/>\n\t\t<meta property=\"og:locale\" content=\"es_ES\" \/>\n\t\t<meta property=\"og:site_name\" content=\"El Digital de Asturias\" \/>\n\t\t<meta property=\"og:type\" content=\"article\" \/>\n\t\t<meta property=\"og:title\" content=\"IU de Gij\u00f3n pide ayudas para los universitarios que han perdido sus becas - El Digital de Asturias\" \/>\n\t\t<meta property=\"og:description\" content=\"Gij\u00f3n, 7 feb (EFE).- El grupo municipal de IU-LV de Gij\u00f3n ha pedido al equipo de gobierno que ponga en marcha una nueva l\u00ednea de ayudas para los estudiantes universitarios empadronados en la ciudad que hayan perdido su beca tras la modificaci\u00f3n del Real Decreto del Ministerio de Educaci\u00f3n. El portavoz de la coalici\u00f3n, Jorge\" \/>\n\t\t<meta property=\"og:url\" content=\"https:\/\/www.eldigitaldeasturias.com\/noticias\/iu-de-gijon-pide-ayudas-para-los-universitarios-que-han-perdido-sus-becas\/\" \/>\n\t\t<meta property=\"og:image\" content=\"https:\/\/www.eldigitaldeasturias.com\/noticias\/wp-content\/uploads\/2013\/10\/Estudiantes.jpg\" \/>\n\t\t<meta property=\"og:image:secure_url\" content=\"https:\/\/www.eldigitaldeasturias.com\/noticias\/wp-content\/uploads\/2013\/10\/Estudiantes.jpg\" \/>\n\t\t<meta property=\"og:image:width\" content=\"365\" \/>\n\t\t<meta property=\"og:image:height\" content=\"242\" \/>\n\t\t<meta property=\"article:tag\" content=\"actualidad asturias\" \/>\n\t\t<meta property=\"article:published_time\" content=\"2014-02-07T17:14:35+00:00\" \/>\n\t\t<meta property=\"article:modified_time\" content=\"2014-02-07T17:14:35+00:00\" \/>\n\t\t<meta property=\"article:publisher\" content=\"https:\/\/facebook.com\/eldigitaldeasturias\" \/>\n\t\t<meta name=\"twitter:card\" content=\"summary_large_image\" \/>\n\t\t<meta name=\"twitter:title\" content=\"IU de Gij\u00f3n pide ayudas para los universitarios que han perdido sus becas - El Digital de Asturias\" \/>\n\t\t<meta name=\"twitter:description\" content=\"Gij\u00f3n, 7 feb (EFE).- El grupo municipal de IU-LV de Gij\u00f3n ha pedido al equipo de gobierno que ponga en marcha una nueva l\u00ednea de ayudas para los estudiantes universitarios empadronados en la ciudad que hayan perdido su beca tras la modificaci\u00f3n del Real Decreto del Ministerio de Educaci\u00f3n. El portavoz de la coalici\u00f3n, Jorge\" \/>\n\t\t<meta name=\"twitter:image\" content=\"https:\/\/www.eldigitaldeasturias.com\/noticias\/wp-content\/uploads\/2013\/10\/Estudiantes.jpg\" \/>\n\t\t<meta name=\"twitter:label1\" content=\"Escrito por\" \/>\n\t\t<meta name=\"twitter:data1\" content=\"El Digital de Asturias\" \/>\n\t\t<meta name=\"twitter:label2\" content=\"Tiempo de lectura estimado\" \/>\n\t\t<meta name=\"twitter:data2\" content=\"1 minuto\" \/>\n\t\t<script type=\"application\/ld+json\" class=\"aioseo-schema\">\n\t\t\t{\"@context\":\"https:\\\/\\\/schema.org\",\"@graph\":[{\"@type\":\"BlogPosting\",\"@id\":\"https:\\\/\\\/www.eldigitaldeasturias.com\\\/noticias\\\/iu-de-gijon-pide-ayudas-para-los-universitarios-que-han-perdido-sus-becas\\\/#blogposting\",\"name\":\"IU de Gij\\u00f3n pide ayudas para los universitarios que han perdido sus becas - El Digital de Asturias\",\"headline\":\"IU de Gij\\u00f3n pide ayudas para los universitarios que han perdido sus becas\",\"author\":{\"@id\":\"https:\\\/\\\/www.eldigitaldeasturias.com\\\/noticias\\\/author\\\/admin\\\/#author\"},\"publisher\":{\"@id\":\"https:\\\/\\\/www.eldigitaldeasturias.com\\\/noticias\\\/#organization\"},\"image\":{\"@type\":\"ImageObject\",\"url\":\"https:\\\/\\\/www.eldigitaldeasturias.com\\\/noticias\\\/wp-content\\\/uploads\\\/2013\\\/10\\\/Estudiantes.jpg\",\"width\":365,\"height\":242},\"datePublished\":\"2014-02-07T16:14:35+01:00\",\"dateModified\":\"2014-02-07T16:14:35+01:00\",\"inLanguage\":\"es-ES\",\"mainEntityOfPage\":{\"@id\":\"https:\\\/\\\/www.eldigitaldeasturias.com\\\/noticias\\\/iu-de-gijon-pide-ayudas-para-los-universitarios-que-han-perdido-sus-becas\\\/#webpage\"},\"isPartOf\":{\"@id\":\"https:\\\/\\\/www.eldigitaldeasturias.com\\\/noticias\\\/iu-de-gijon-pide-ayudas-para-los-universitarios-que-han-perdido-sus-becas\\\/#webpage\"},\"articleSection\":\"Actualidad Asturias\"},{\"@type\":\"BreadcrumbList\",\"@id\":\"https:\\\/\\\/www.eldigitaldeasturias.com\\\/noticias\\\/iu-de-gijon-pide-ayudas-para-los-universitarios-que-han-perdido-sus-becas\\\/#breadcrumblist\",\"itemListElement\":[{\"@type\":\"ListItem\",\"@id\":\"https:\\\/\\\/www.eldigitaldeasturias.com\\\/noticias#listItem\",\"position\":1,\"name\":\"Home\",\"item\":\"https:\\\/\\\/www.eldigitaldeasturias.com\\\/noticias\",\"nextItem\":{\"@type\":\"ListItem\",\"@id\":\"https:\\\/\\\/www.eldigitaldeasturias.com\\\/noticias\\\/category\\\/actualidad-asturias\\\/#listItem\",\"name\":\"Actualidad Asturias\"}},{\"@type\":\"ListItem\",\"@id\":\"https:\\\/\\\/www.eldigitaldeasturias.com\\\/noticias\\\/category\\\/actualidad-asturias\\\/#listItem\",\"position\":2,\"name\":\"Actualidad Asturias\",\"item\":\"https:\\\/\\\/www.eldigitaldeasturias.com\\\/noticias\\\/category\\\/actualidad-asturias\\\/\",\"nextItem\":{\"@type\":\"ListItem\",\"@id\":\"https:\\\/\\\/www.eldigitaldeasturias.com\\\/noticias\\\/iu-de-gijon-pide-ayudas-para-los-universitarios-que-han-perdido-sus-becas\\\/#listItem\",\"name\":\"IU de Gij\\u00f3n pide ayudas para los universitarios que han perdido sus becas\"},\"previousItem\":{\"@type\":\"ListItem\",\"@id\":\"https:\\\/\\\/www.eldigitaldeasturias.com\\\/noticias#listItem\",\"name\":\"Home\"}},{\"@type\":\"ListItem\",\"@id\":\"https:\\\/\\\/www.eldigitaldeasturias.com\\\/noticias\\\/iu-de-gijon-pide-ayudas-para-los-universitarios-que-han-perdido-sus-becas\\\/#listItem\",\"position\":3,\"name\":\"IU de Gij\\u00f3n pide ayudas para los universitarios que han perdido sus becas\",\"previousItem\":{\"@type\":\"ListItem\",\"@id\":\"https:\\\/\\\/www.eldigitaldeasturias.com\\\/noticias\\\/category\\\/actualidad-asturias\\\/#listItem\",\"name\":\"Actualidad Asturias\"}}]},{\"@type\":\"Organization\",\"@id\":\"https:\\\/\\\/www.eldigitaldeasturias.com\\\/noticias\\\/#organization\",\"name\":\"El Digital de Asturias\",\"description\":\"Hemeroteca\",\"url\":\"https:\\\/\\\/www.eldigitaldeasturias.com\\\/noticias\\\/\",\"email\":\"info@eldigitaldeasturias.com\",\"telephone\":\"+34652131393\",\"logo\":{\"@type\":\"ImageObject\",\"url\":\"https:\\\/\\\/www.eldigitaldeasturias.com\\\/noticias\\\/wp-content\\\/uploads\\\/2020\\\/12\\\/EDA.jpg\",\"@id\":\"https:\\\/\\\/www.eldigitaldeasturias.com\\\/noticias\\\/iu-de-gijon-pide-ayudas-para-los-universitarios-que-han-perdido-sus-becas\\\/#organizationLogo\",\"width\":649,\"height\":297},\"image\":{\"@id\":\"https:\\\/\\\/www.eldigitaldeasturias.com\\\/noticias\\\/iu-de-gijon-pide-ayudas-para-los-universitarios-que-han-perdido-sus-becas\\\/#organizationLogo\"},\"sameAs\":[\"https:\\\/\\\/facebook.com\\\/eldigitaldeasturias\",\"https:\\\/\\\/www.youtube.com\\\/channel\\\/UCZP-2wLEB9Rv6erhFmqVnvg\"],\"address\":{\"@id\":\"https:\\\/\\\/www.eldigitaldeasturias.com\\\/noticias\\\/#postaladdress\",\"@type\":\"PostalAddress\",\"streetAddress\":\"san antonio 4,\",\"postalCode\":\"33430\",\"addressLocality\":\"Cand\\u00e1s\",\"addressRegion\":\"Asturias\",\"addressCountry\":\"ES\"}},{\"@type\":\"Person\",\"@id\":\"https:\\\/\\\/www.eldigitaldeasturias.com\\\/noticias\\\/author\\\/admin\\\/#author\",\"url\":\"https:\\\/\\\/www.eldigitaldeasturias.com\\\/noticias\\\/author\\\/admin\\\/\",\"name\":\"El Digital de Asturias\",\"image\":{\"@type\":\"ImageObject\",\"@id\":\"https:\\\/\\\/www.eldigitaldeasturias.com\\\/noticias\\\/iu-de-gijon-pide-ayudas-para-los-universitarios-que-han-perdido-sus-becas\\\/#authorImage\",\"url\":\"https:\\\/\\\/www.eldigitaldeasturias.com\\\/noticias\\\/wp-content\\\/litespeed\\\/avatar\\\/18677e78aa0546b92d9dbf31ec7d7668.jpg?ver=1777290358\",\"width\":96,\"height\":96,\"caption\":\"El Digital de Asturias\"}},{\"@type\":\"WebPage\",\"@id\":\"https:\\\/\\\/www.eldigitaldeasturias.com\\\/noticias\\\/iu-de-gijon-pide-ayudas-para-los-universitarios-que-han-perdido-sus-becas\\\/#webpage\",\"url\":\"https:\\\/\\\/www.eldigitaldeasturias.com\\\/noticias\\\/iu-de-gijon-pide-ayudas-para-los-universitarios-que-han-perdido-sus-becas\\\/\",\"name\":\"IU de Gij\\u00f3n pide ayudas para los universitarios que han perdido sus becas - El Digital de Asturias\",\"description\":\"Gij\\u00f3n, 7 feb (EFE).- El grupo municipal de IU-LV de Gij\\u00f3n ha pedido al equipo de gobierno que ponga en marcha una nueva l\\u00ednea de ayudas para los estudiantes universitarios empadronados en la ciudad que hayan perdido su beca tras la modificaci\\u00f3n del Real Decreto del Ministerio de Educaci\\u00f3n. El portavoz de la coalici\\u00f3n, Jorge\",\"inLanguage\":\"es-ES\",\"isPartOf\":{\"@id\":\"https:\\\/\\\/www.eldigitaldeasturias.com\\\/noticias\\\/#website\"},\"breadcrumb\":{\"@id\":\"https:\\\/\\\/www.eldigitaldeasturias.com\\\/noticias\\\/iu-de-gijon-pide-ayudas-para-los-universitarios-que-han-perdido-sus-becas\\\/#breadcrumblist\"},\"author\":{\"@id\":\"https:\\\/\\\/www.eldigitaldeasturias.com\\\/noticias\\\/author\\\/admin\\\/#author\"},\"creator\":{\"@id\":\"https:\\\/\\\/www.eldigitaldeasturias.com\\\/noticias\\\/author\\\/admin\\\/#author\"},\"image\":{\"@type\":\"ImageObject\",\"url\":\"https:\\\/\\\/www.eldigitaldeasturias.com\\\/noticias\\\/wp-content\\\/uploads\\\/2013\\\/10\\\/Estudiantes.jpg\",\"@id\":\"https:\\\/\\\/www.eldigitaldeasturias.com\\\/noticias\\\/iu-de-gijon-pide-ayudas-para-los-universitarios-que-han-perdido-sus-becas\\\/#mainImage\",\"width\":365,\"height\":242},\"primaryImageOfPage\":{\"@id\":\"https:\\\/\\\/www.eldigitaldeasturias.com\\\/noticias\\\/iu-de-gijon-pide-ayudas-para-los-universitarios-que-han-perdido-sus-becas\\\/#mainImage\"},\"datePublished\":\"2014-02-07T16:14:35+01:00\",\"dateModified\":\"2014-02-07T16:14:35+01:00\"},{\"@type\":\"WebSite\",\"@id\":\"https:\\\/\\\/www.eldigitaldeasturias.com\\\/noticias\\\/#website\",\"url\":\"https:\\\/\\\/www.eldigitaldeasturias.com\\\/noticias\\\/\",\"name\":\"El Digital de Asturias - Diario de actualidad y noticias\",\"alternateName\":\"El Digital de Asturias - Diario de actualidad y noticias\",\"description\":\"Hemeroteca\",\"inLanguage\":\"es-ES\",\"publisher\":{\"@id\":\"https:\\\/\\\/www.eldigitaldeasturias.com\\\/noticias\\\/#organization\"}}]}\n\t\t<\/script>\n\t\t<!-- All in One SEO Pro -->\r\n\t\t<title>IU de Gij\u00f3n pide ayudas para los universitarios que han perdido sus becas - El Digital de Asturias<\/title>\n\n","aioseo_head_json":{"title":"IU de Gij\u00f3n pide ayudas para los universitarios que han perdido sus becas - El Digital de Asturias","description":"Gij\u00f3n, 7 feb (EFE).- El grupo municipal de IU-LV de Gij\u00f3n ha pedido al equipo de gobierno que ponga en marcha una nueva l\u00ednea de ayudas para los estudiantes universitarios empadronados en la ciudad que hayan perdido su beca tras la modificaci\u00f3n del Real Decreto del Ministerio de Educaci\u00f3n. El portavoz de la coalici\u00f3n, Jorge","canonical_url":"https:\/\/www.eldigitaldeasturias.com\/noticias\/iu-de-gijon-pide-ayudas-para-los-universitarios-que-han-perdido-sus-becas\/","robots":"max-image-preview:large","keywords":"actualidad asturias","webmasterTools":{"google-site-verification":"UA-38556648-1","msvalidate.01":"7dfe9f3f1b24437ab69f4f2559babe99","miscellaneous":""},"schema":{"@context":"https:\/\/schema.org","@graph":[{"@type":"BlogPosting","@id":"https:\/\/www.eldigitaldeasturias.com\/noticias\/iu-de-gijon-pide-ayudas-para-los-universitarios-que-han-perdido-sus-becas\/#blogposting","name":"IU de Gij\u00f3n pide ayudas para los universitarios que han perdido sus becas - El Digital de Asturias","headline":"IU de Gij\u00f3n pide ayudas para los universitarios que han perdido sus becas","author":{"@id":"https:\/\/www.eldigitaldeasturias.com\/noticias\/author\/admin\/#author"},"publisher":{"@id":"https:\/\/www.eldigitaldeasturias.com\/noticias\/#organization"},"image":{"@type":"ImageObject","url":"https:\/\/www.eldigitaldeasturias.com\/noticias\/wp-content\/uploads\/2013\/10\/Estudiantes.jpg","width":365,"height":242},"datePublished":"2014-02-07T16:14:35+01:00","dateModified":"2014-02-07T16:14:35+01:00","inLanguage":"es-ES","mainEntityOfPage":{"@id":"https:\/\/www.eldigitaldeasturias.com\/noticias\/iu-de-gijon-pide-ayudas-para-los-universitarios-que-han-perdido-sus-becas\/#webpage"},"isPartOf":{"@id":"https:\/\/www.eldigitaldeasturias.com\/noticias\/iu-de-gijon-pide-ayudas-para-los-universitarios-que-han-perdido-sus-becas\/#webpage"},"articleSection":"Actualidad Asturias"},{"@type":"BreadcrumbList","@id":"https:\/\/www.eldigitaldeasturias.com\/noticias\/iu-de-gijon-pide-ayudas-para-los-universitarios-que-han-perdido-sus-becas\/#breadcrumblist","itemListElement":[{"@type":"ListItem","@id":"https:\/\/www.eldigitaldeasturias.com\/noticias#listItem","position":1,"name":"Home","item":"https:\/\/www.eldigitaldeasturias.com\/noticias","nextItem":{"@type":"ListItem","@id":"https:\/\/www.eldigitaldeasturias.com\/noticias\/category\/actualidad-asturias\/#listItem","name":"Actualidad Asturias"}},{"@type":"ListItem","@id":"https:\/\/www.eldigitaldeasturias.com\/noticias\/category\/actualidad-asturias\/#listItem","position":2,"name":"Actualidad Asturias","item":"https:\/\/www.eldigitaldeasturias.com\/noticias\/category\/actualidad-asturias\/","nextItem":{"@type":"ListItem","@id":"https:\/\/www.eldigitaldeasturias.com\/noticias\/iu-de-gijon-pide-ayudas-para-los-universitarios-que-han-perdido-sus-becas\/#listItem","name":"IU de Gij\u00f3n pide ayudas para los universitarios que han perdido sus becas"},"previousItem":{"@type":"ListItem","@id":"https:\/\/www.eldigitaldeasturias.com\/noticias#listItem","name":"Home"}},{"@type":"ListItem","@id":"https:\/\/www.eldigitaldeasturias.com\/noticias\/iu-de-gijon-pide-ayudas-para-los-universitarios-que-han-perdido-sus-becas\/#listItem","position":3,"name":"IU de Gij\u00f3n pide ayudas para los universitarios que han perdido sus becas","previousItem":{"@type":"ListItem","@id":"https:\/\/www.eldigitaldeasturias.com\/noticias\/category\/actualidad-asturias\/#listItem","name":"Actualidad Asturias"}}]},{"@type":"Organization","@id":"https:\/\/www.eldigitaldeasturias.com\/noticias\/#organization","name":"El Digital de Asturias","description":"Hemeroteca","url":"https:\/\/www.eldigitaldeasturias.com\/noticias\/","email":"info@eldigitaldeasturias.com","telephone":"+34652131393","logo":{"@type":"ImageObject","url":"https:\/\/www.eldigitaldeasturias.com\/noticias\/wp-content\/uploads\/2020\/12\/EDA.jpg","@id":"https:\/\/www.eldigitaldeasturias.com\/noticias\/iu-de-gijon-pide-ayudas-para-los-universitarios-que-han-perdido-sus-becas\/#organizationLogo","width":649,"height":297},"image":{"@id":"https:\/\/www.eldigitaldeasturias.com\/noticias\/iu-de-gijon-pide-ayudas-para-los-universitarios-que-han-perdido-sus-becas\/#organizationLogo"},"sameAs":["https:\/\/facebook.com\/eldigitaldeasturias","https:\/\/www.youtube.com\/channel\/UCZP-2wLEB9Rv6erhFmqVnvg"],"address":{"@id":"https:\/\/www.eldigitaldeasturias.com\/noticias\/#postaladdress","@type":"PostalAddress","streetAddress":"san antonio 4,","postalCode":"33430","addressLocality":"Cand\u00e1s","addressRegion":"Asturias","addressCountry":"ES"}},{"@type":"Person","@id":"https:\/\/www.eldigitaldeasturias.com\/noticias\/author\/admin\/#author","url":"https:\/\/www.eldigitaldeasturias.com\/noticias\/author\/admin\/","name":"El Digital de Asturias","image":{"@type":"ImageObject","@id":"https:\/\/www.eldigitaldeasturias.com\/noticias\/iu-de-gijon-pide-ayudas-para-los-universitarios-que-han-perdido-sus-becas\/#authorImage","url":"https:\/\/www.eldigitaldeasturias.com\/noticias\/wp-content\/litespeed\/avatar\/18677e78aa0546b92d9dbf31ec7d7668.jpg?ver=1777290358","width":96,"height":96,"caption":"El Digital de Asturias"}},{"@type":"WebPage","@id":"https:\/\/www.eldigitaldeasturias.com\/noticias\/iu-de-gijon-pide-ayudas-para-los-universitarios-que-han-perdido-sus-becas\/#webpage","url":"https:\/\/www.eldigitaldeasturias.com\/noticias\/iu-de-gijon-pide-ayudas-para-los-universitarios-que-han-perdido-sus-becas\/","name":"IU de Gij\u00f3n pide ayudas para los universitarios que han perdido sus becas - El Digital de Asturias","description":"Gij\u00f3n, 7 feb (EFE).- El grupo municipal de IU-LV de Gij\u00f3n ha pedido al equipo de gobierno que ponga en marcha una nueva l\u00ednea de ayudas para los estudiantes universitarios empadronados en la ciudad que hayan perdido su beca tras la modificaci\u00f3n del Real Decreto del Ministerio de Educaci\u00f3n. El portavoz de la coalici\u00f3n, Jorge","inLanguage":"es-ES","isPartOf":{"@id":"https:\/\/www.eldigitaldeasturias.com\/noticias\/#website"},"breadcrumb":{"@id":"https:\/\/www.eldigitaldeasturias.com\/noticias\/iu-de-gijon-pide-ayudas-para-los-universitarios-que-han-perdido-sus-becas\/#breadcrumblist"},"author":{"@id":"https:\/\/www.eldigitaldeasturias.com\/noticias\/author\/admin\/#author"},"creator":{"@id":"https:\/\/www.eldigitaldeasturias.com\/noticias\/author\/admin\/#author"},"image":{"@type":"ImageObject","url":"https:\/\/www.eldigitaldeasturias.com\/noticias\/wp-content\/uploads\/2013\/10\/Estudiantes.jpg","@id":"https:\/\/www.eldigitaldeasturias.com\/noticias\/iu-de-gijon-pide-ayudas-para-los-universitarios-que-han-perdido-sus-becas\/#mainImage","width":365,"height":242},"primaryImageOfPage":{"@id":"https:\/\/www.eldigitaldeasturias.com\/noticias\/iu-de-gijon-pide-ayudas-para-los-universitarios-que-han-perdido-sus-becas\/#mainImage"},"datePublished":"2014-02-07T16:14:35+01:00","dateModified":"2014-02-07T16:14:35+01:00"},{"@type":"WebSite","@id":"https:\/\/www.eldigitaldeasturias.com\/noticias\/#website","url":"https:\/\/www.eldigitaldeasturias.com\/noticias\/","name":"El Digital de Asturias - Diario de actualidad y noticias","alternateName":"El Digital de Asturias - Diario de actualidad y noticias","description":"Hemeroteca","inLanguage":"es-ES","publisher":{"@id":"https:\/\/www.eldigitaldeasturias.com\/noticias\/#organization"}}]},"og:locale":"es_ES","og:site_name":"El Digital de Asturias","og:type":"article","og:title":"IU de Gij\u00f3n pide ayudas para los universitarios que han perdido sus becas - El Digital de Asturias","og:description":"Gij\u00f3n, 7 feb (EFE).- El grupo municipal de IU-LV de Gij\u00f3n ha pedido al equipo de gobierno que ponga en marcha una nueva l\u00ednea de ayudas para los estudiantes universitarios empadronados en la ciudad que hayan perdido su beca tras la modificaci\u00f3n del Real Decreto del Ministerio de Educaci\u00f3n. El portavoz de la coalici\u00f3n, Jorge","og:url":"https:\/\/www.eldigitaldeasturias.com\/noticias\/iu-de-gijon-pide-ayudas-para-los-universitarios-que-han-perdido-sus-becas\/","og:image":"https:\/\/www.eldigitaldeasturias.com\/noticias\/wp-content\/uploads\/2013\/10\/Estudiantes.jpg","og:image:secure_url":"https:\/\/www.eldigitaldeasturias.com\/noticias\/wp-content\/uploads\/2013\/10\/Estudiantes.jpg","og:image:width":365,"og:image:height":242,"article:tag":["actualidad asturias"],"article:published_time":"2014-02-07T17:14:35+00:00","article:modified_time":"2014-02-07T17:14:35+00:00","article:publisher":"https:\/\/facebook.com\/eldigitaldeasturias","twitter:card":"summary_large_image","twitter:title":"IU de Gij\u00f3n pide ayudas para los universitarios que han perdido sus becas - El Digital de Asturias","twitter:description":"Gij\u00f3n, 7 feb (EFE).- El grupo municipal de IU-LV de Gij\u00f3n ha pedido al equipo de gobierno que ponga en marcha una nueva l\u00ednea de ayudas para los estudiantes universitarios empadronados en la ciudad que hayan perdido su beca tras la modificaci\u00f3n del Real Decreto del Ministerio de Educaci\u00f3n. El portavoz de la coalici\u00f3n, Jorge","twitter:image":"https:\/\/www.eldigitaldeasturias.com\/noticias\/wp-content\/uploads\/2013\/10\/Estudiantes.jpg","twitter:label1":"Escrito por","twitter:data1":"El Digital de Asturias","twitter:label2":"Tiempo de lectura estimado","twitter:data2":"1 minuto"},"aioseo_meta_data":{"post_id":"485690","title":null,"description":null,"keywords":null,"keyphrases":null,"primary_term":null,"canonical_url":null,"og_title":null,"og_description":null,"og_object_type":"default","og_image_type":"default","og_image_url":null,"og_image_width":null,"og_image_height":null,"og_image_custom_url":null,"og_image_custom_fields":null,"og_video":null,"og_custom_url":null,"og_article_section":null,"og_article_tags":null,"twitter_use_og":true,"twitter_card":"default","twitter_image_type":"default","twitter_image_url":null,"twitter_image_custom_url":null,"twitter_image_custom_fields":null,"twitter_title":null,"twitter_description":null,"schema":{"blockGraphs":[],"customGraphs":[],"default":{"data":{"Article":[],"Course":[],"Dataset":[],"FAQPage":[],"Movie":[],"Person":[],"Product":[],"ProductReview":[],"Car":[],"Recipe":[],"Service":[],"SoftwareApplication":[],"WebPage":[]},"graphName":"","isEnabled":true},"graphs":[],"defaultGraph":"","defaultPostTypeGraph":""},"schema_type":null,"schema_type_options":null,"pillar_content":false,"robots_default":true,"robots_noindex":false,"robots_noarchive":false,"robots_nosnippet":false,"robots_nofollow":false,"robots_noimageindex":false,"robots_noodp":false,"robots_notranslate":false,"robots_max_snippet":null,"robots_max_videopreview":null,"robots_max_imagepreview":"none","priority":null,"frequency":null,"local_seo":null,"seo_analyzer_scan_date":"2025-08-26 20:16:52","breadcrumb_settings":null,"limit_modified_date":false,"open_ai":null,"ai":null,"created":"2020-11-14 22:55:24","updated":"2025-08-26 20:16:52"},"aioseo_breadcrumb":"<div class=\"aioseo-breadcrumbs\"><span class=\"aioseo-breadcrumb\">\n\t<a href=\"https:\/\/www.eldigitaldeasturias.com\/noticias\" title=\"Home\">Home<\/a>\n<\/span><span class=\"aioseo-breadcrumb-separator\">\u2013<\/span><span class=\"aioseo-breadcrumb\">\n\t<a href=\"https:\/\/www.eldigitaldeasturias.com\/noticias\/category\/actualidad-asturias\/\" title=\"Actualidad Asturias\">Actualidad Asturias<\/a>\n<\/span><span class=\"aioseo-breadcrumb-separator\">\u2013<\/span><span class=\"aioseo-breadcrumb\">\n\t<a href=\"https:\/\/www.eldigitaldeasturias.com\/noticias\/iu-de-gijon-pide-ayudas-para-los-universitarios-que-han-perdido-sus-becas\/\" title=\"IU de Gij\u00f3n pide ayudas para los universitarios que han perdido sus becas\">IU de Gij\u00f3n pide ayudas para los universitarios que han perdido sus becas<\/a>\n<\/span><\/div>","aioseo_breadcrumb_json":[{"label":"Home","link":"https:\/\/www.eldigitaldeasturias.com\/noticias"},{"label":"Actualidad Asturias","link":"https:\/\/www.eldigitaldeasturias.com\/noticias\/category\/actualidad-asturias\/"},{"label":"IU de Gij\u00f3n pide ayudas para los universitarios que han perdido sus becas","link":"https:\/\/www.eldigitaldeasturias.com\/noticias\/iu-de-gijon-pide-ayudas-para-los-universitarios-que-han-perdido-sus-becas\/"}],"_links":{"self":[{"href":"https:\/\/www.eldigitaldeasturias.com\/noticias\/wp-json\/wp\/v2\/posts\/485690","targetHints":{"allow":["GET"]}}],"collection":[{"href":"https:\/\/www.eldigitaldeasturias.com\/noticias\/wp-json\/wp\/v2\/posts"}],"about":[{"href":"https:\/\/www.eldigitaldeasturias.com\/noticias\/wp-json\/wp\/v2\/types\/post"}],"author":[{"embeddable":true,"href":"https:\/\/www.eldigitaldeasturias.com\/noticias\/wp-json\/wp\/v2\/users\/1"}],"replies":[{"embeddable":true,"href":"https:\/\/www.eldigitaldeasturias.com\/noticias\/wp-json\/wp\/v2\/comments?post=485690"}],"version-history":[{"count":0,"href":"https:\/\/www.eldigitaldeasturias.com\/noticias\/wp-json\/wp\/v2\/posts\/485690\/revisions"}],"wp:featuredmedia":[{"embeddable":true,"href":"https:\/\/www.eldigitaldeasturias.com\/noticias\/wp-json\/wp\/v2\/media\/437627"}],"wp:attachment":[{"href":"https:\/\/www.eldigitaldeasturias.com\/noticias\/wp-json\/wp\/v2\/media?parent=485690"}],"wp:term":[{"taxonomy":"category","embeddable":true,"href":"https:\/\/www.eldigitaldeasturias.com\/noticias\/wp-json\/wp\/v2\/categories?post=485690"},{"taxonomy":"post_tag","embeddable":true,"href":"https:\/\/www.eldigitaldeasturias.com\/noticias\/wp-json\/wp\/v2\/tags?post=485690"}],"curies":[{"name":"wp","href":"https:\/\/api.w.org\/{rel}","templated":true}]}}