{"id":485682,"date":"2014-02-07T16:09:55","date_gmt":"2014-02-07T17:09:55","guid":{"rendered":"http:\/\/www.eldigitaldeasturias.com\/noticias\/?p=485682"},"modified":"2014-02-07T16:09:55","modified_gmt":"2014-02-07T17:09:55","slug":"el-principado-pide-al-gobierno-central-ayudas-para-los-danos-causados-por-el-temporal","status":"publish","type":"post","link":"https:\/\/www.eldigitaldeasturias.com\/noticias\/el-principado-pide-al-gobierno-central-ayudas-para-los-danos-causados-por-el-temporal\/","title":{"rendered":"El Principado pide al gobierno central ayudas para los da\u00f1os causados por el temporal."},"content":{"rendered":"<p><img loading=\"lazy\" decoding=\"async\" class=\"alignleft size-medium wp-image-451220\" alt=\"2013_11_20 Consejero Presidencia rueda prensa CG\" src=\"https:\/\/www.eldigitaldeasturias.com\/noticias\/wp-content\/uploads\/2013\/11\/2013_11_20-Consejero-Presidencia-rueda-prensa-CG-360x255.jpg\" width=\"360\" height=\"255\" \/>Oviedo, 7 feb (EFE).- El Principado ha remitido hoy una carta al Gobierno central para solicitar una l\u00ednea de ayudas complementarias para las cuatro comunidades aut\u00f3nomas afectadas por el temporal, y en la que plantea la necesidad de cooperaci\u00f3n institucional y la obtenci\u00f3n de financiaci\u00f3n europea.<\/p>\n<p>El consejero de Presidencia y portavoz del Principado, Guillermo Mart\u00ednez, en su escrito a la vicepresidenta Soraya S\u00e1enz de Santamar\u00eda, solicita la creaci\u00f3n de una l\u00ednea complementaria de ayudas de la Administraci\u00f3n General del Estado para las cuatro comunidades aut\u00f3nomas de la fachada cant\u00e1brica.<\/p>\n<p>La iniciativa, informa el Gobierno asturiano, pide la contribuci\u00f3n para paliar los importantes da\u00f1os causados por el temporal de forma complementaria a las medidas adoptadas por instituciones auton\u00f3micas y municipales.<\/p>\n<p>El Ejecutivo del Principado considera que la gravedad de los da\u00f1os provocados por el fuerte temporal de los \u00faltimos d\u00edas en Galicia, Asturias, Cantabria y Pa\u00eds Vasco exige \u00abuna respuesta global y coordinada\u00bb de todas las instituciones p\u00fablicas con responsabilidad.<\/p>\n<p>Mart\u00ednez demanda la creaci\u00f3n de una l\u00ednea de ayudas complementarias, \u00abtal y como contempla\u00bb el real decreto que regula las subvenciones a las situaciones de emergencia o de naturaleza catastr\u00f3fica.<\/p>\n<p>Tambi\u00e9n demanda el respaldo del Ejecutivo central para \u00abexplorar todas las v\u00edas existentes\u00bb para lograr financiaci\u00f3n de la Uni\u00f3n Europea en casos de desastres naturales.<\/p>\n<p>El Consejo de Gobierno del Principado, celebrado el pasado mi\u00e9rcoles, acord\u00f3 un conjunto de medidas dirigidas a paliar las consecuencias del temporal, que fue coordinada con la Federaci\u00f3n Asturiana de Concejos (FACC) para optimizar su gesti\u00f3n con los ayuntamientos costeros.<\/p>\n<p>El acuerdo adoptado distingue, por un lado, la aprobaci\u00f3n de partidas espec\u00edficas para atender los da\u00f1os en los puertos y cofrad\u00edas de pescadores de titularidad auton\u00f3mica, que exigen una respuesta inmediata y, por otro, la disposici\u00f3n de crear una l\u00ednea de ayudas complementarias del Principado.<\/p>\n<p>El Gobierno asturiano considera que los da\u00f1os causados por el temporal en Asturias ascienden, en estos momentos y s\u00f3lo en los puertos de titularidad del Principado e instalaciones de cofrad\u00edas pesqueras, a 5,4 millones de euros.<\/p>\n<p>A esto habr\u00eda que sumar la cuant\u00eda de los destrozos en bienes particulares y p\u00fablicos de las administraciones municipales y estatales.<\/p>\n","protected":false},"excerpt":{"rendered":"<p>Oviedo, 7 feb (EFE).- El Principado ha remitido hoy una carta al Gobierno central para solicitar una l\u00ednea de ayudas complementarias para las cuatro comunidades aut\u00f3nomas afectadas por el temporal, y en la que plantea la necesidad de cooperaci\u00f3n institucional y la obtenci\u00f3n de financiaci\u00f3n europea. El consejero de Presidencia y portavoz del Principado, Guillermo [&hellip;]<\/p>\n","protected":false},"author":1,"featured_media":451220,"comment_status":"closed","ping_status":"open","sticky":false,"template":"","format":"standard","meta":{"footnotes":""},"categories":[1,12],"tags":[],"class_list":["post-485682","post","type-post","status-publish","format-standard","has-post-thumbnail","hentry","category-actualidad","category-actualidad-asturias"],"aioseo_notices":[],"aioseo_head":"\n\t\t<!-- All in One SEO Pro 5.0.1 - aioseo.com -->\n\t<meta name=\"description\" content=\"Oviedo, 7 feb (EFE).- El Principado ha remitido hoy una carta al Gobierno central para solicitar una l\u00ednea de ayudas complementarias para las cuatro comunidades aut\u00f3nomas afectadas por el temporal, y en la que plantea la necesidad de cooperaci\u00f3n institucional y la obtenci\u00f3n de financiaci\u00f3n europea. El consejero de Presidencia y portavoz del Principado, Guillermo\" \/>\n\t<meta name=\"robots\" content=\"max-image-preview:large\" \/>\n\t<meta name=\"author\" content=\"El Digital de Asturias\"\/>\n\t<meta name=\"google-site-verification\" content=\"UA-38556648-1\" \/>\n\t<meta name=\"msvalidate.01\" content=\"7dfe9f3f1b24437ab69f4f2559babe99\" \/>\n\t<meta name=\"keywords\" content=\"actualidad,actualidad asturias\" \/>\n\t<link rel=\"canonical\" href=\"https:\/\/www.eldigitaldeasturias.com\/noticias\/el-principado-pide-al-gobierno-central-ayudas-para-los-danos-causados-por-el-temporal\/\" \/>\n\t<meta name=\"generator\" content=\"All in One SEO Pro (AIOSEO) 5.0.1\" \/>\n\t\t<meta property=\"og:locale\" content=\"es_ES\" \/>\n\t\t<meta property=\"og:site_name\" content=\"El Digital de Asturias\" \/>\n\t\t<meta property=\"og:type\" content=\"article\" \/>\n\t\t<meta property=\"og:title\" content=\"El Principado pide al gobierno central ayudas para los da\u00f1os causados por el temporal. - El Digital de Asturias\" \/>\n\t\t<meta property=\"og:description\" content=\"Oviedo, 7 feb (EFE).- El Principado ha remitido hoy una carta al Gobierno central para solicitar una l\u00ednea de ayudas complementarias para las cuatro comunidades aut\u00f3nomas afectadas por el temporal, y en la que plantea la necesidad de cooperaci\u00f3n institucional y la obtenci\u00f3n de financiaci\u00f3n europea. El consejero de Presidencia y portavoz del Principado, Guillermo\" \/>\n\t\t<meta property=\"og:url\" content=\"https:\/\/www.eldigitaldeasturias.com\/noticias\/el-principado-pide-al-gobierno-central-ayudas-para-los-danos-causados-por-el-temporal\/\" \/>\n\t\t<meta property=\"article:tag\" content=\"actualidad\" \/>\n\t\t<meta property=\"article:tag\" content=\"actualidad asturias\" \/>\n\t\t<meta property=\"article:published_time\" content=\"2014-02-07T17:09:55+00:00\" \/>\n\t\t<meta property=\"article:modified_time\" content=\"2014-02-07T17:09:55+00:00\" \/>\n\t\t<meta property=\"article:publisher\" content=\"https:\/\/facebook.com\/eldigitaldeasturias\" \/>\n\t\t<meta name=\"twitter:card\" content=\"summary_large_image\" \/>\n\t\t<meta name=\"twitter:title\" content=\"El Principado pide al gobierno central ayudas para los da\u00f1os causados por el temporal. - El Digital de Asturias\" \/>\n\t\t<meta name=\"twitter:description\" content=\"Oviedo, 7 feb (EFE).- El Principado ha remitido hoy una carta al Gobierno central para solicitar una l\u00ednea de ayudas complementarias para las cuatro comunidades aut\u00f3nomas afectadas por el temporal, y en la que plantea la necesidad de cooperaci\u00f3n institucional y la obtenci\u00f3n de financiaci\u00f3n europea. El consejero de Presidencia y portavoz del Principado, Guillermo\" \/>\n\t\t<meta name=\"twitter:label1\" content=\"Escrito por\" \/>\n\t\t<meta name=\"twitter:data1\" content=\"El Digital de Asturias\" \/>\n\t\t<meta name=\"twitter:label2\" content=\"Tiempo de lectura estimado\" \/>\n\t\t<meta name=\"twitter:data2\" content=\"2 minutos\" \/>\n\t\t<script type=\"application\/ld+json\" class=\"aioseo-schema\">\n\t\t\t{\"@context\":\"https:\\\/\\\/schema.org\",\"@graph\":[{\"@type\":\"BlogPosting\",\"@id\":\"https:\\\/\\\/www.eldigitaldeasturias.com\\\/noticias\\\/el-principado-pide-al-gobierno-central-ayudas-para-los-danos-causados-por-el-temporal\\\/#blogposting\",\"name\":\"El Principado pide al gobierno central ayudas para los da\\u00f1os causados por el temporal. - El Digital de Asturias\",\"headline\":\"El Principado pide al gobierno central ayudas para los da\\u00f1os causados por el temporal.\",\"author\":{\"@id\":\"https:\\\/\\\/www.eldigitaldeasturias.com\\\/noticias\\\/author\\\/admin\\\/#author\"},\"publisher\":{\"@id\":\"https:\\\/\\\/www.eldigitaldeasturias.com\\\/noticias\\\/#organization\"},\"image\":{\"@type\":\"ImageObject\",\"url\":451220},\"datePublished\":\"2014-02-07T16:09:55+01:00\",\"dateModified\":\"2014-02-07T16:09:55+01:00\",\"inLanguage\":\"es-ES\",\"mainEntityOfPage\":{\"@id\":\"https:\\\/\\\/www.eldigitaldeasturias.com\\\/noticias\\\/el-principado-pide-al-gobierno-central-ayudas-para-los-danos-causados-por-el-temporal\\\/#webpage\"},\"isPartOf\":{\"@id\":\"https:\\\/\\\/www.eldigitaldeasturias.com\\\/noticias\\\/el-principado-pide-al-gobierno-central-ayudas-para-los-danos-causados-por-el-temporal\\\/#webpage\"},\"articleSection\":\"Actualidad, Actualidad Asturias\"},{\"@type\":\"BreadcrumbList\",\"@id\":\"https:\\\/\\\/www.eldigitaldeasturias.com\\\/noticias\\\/el-principado-pide-al-gobierno-central-ayudas-para-los-danos-causados-por-el-temporal\\\/#breadcrumblist\",\"itemListElement\":[{\"@type\":\"ListItem\",\"@id\":\"https:\\\/\\\/www.eldigitaldeasturias.com\\\/noticias#listItem\",\"position\":1,\"name\":\"Home\",\"item\":\"https:\\\/\\\/www.eldigitaldeasturias.com\\\/noticias\",\"nextItem\":{\"@type\":\"ListItem\",\"@id\":\"https:\\\/\\\/www.eldigitaldeasturias.com\\\/noticias\\\/category\\\/actualidad\\\/#listItem\",\"name\":\"Actualidad\"}},{\"@type\":\"ListItem\",\"@id\":\"https:\\\/\\\/www.eldigitaldeasturias.com\\\/noticias\\\/category\\\/actualidad\\\/#listItem\",\"position\":2,\"name\":\"Actualidad\",\"item\":\"https:\\\/\\\/www.eldigitaldeasturias.com\\\/noticias\\\/category\\\/actualidad\\\/\",\"nextItem\":{\"@type\":\"ListItem\",\"@id\":\"https:\\\/\\\/www.eldigitaldeasturias.com\\\/noticias\\\/el-principado-pide-al-gobierno-central-ayudas-para-los-danos-causados-por-el-temporal\\\/#listItem\",\"name\":\"El Principado pide al gobierno central ayudas para los da\\u00f1os causados por el temporal.\"},\"previousItem\":{\"@type\":\"ListItem\",\"@id\":\"https:\\\/\\\/www.eldigitaldeasturias.com\\\/noticias#listItem\",\"name\":\"Home\"}},{\"@type\":\"ListItem\",\"@id\":\"https:\\\/\\\/www.eldigitaldeasturias.com\\\/noticias\\\/el-principado-pide-al-gobierno-central-ayudas-para-los-danos-causados-por-el-temporal\\\/#listItem\",\"position\":3,\"name\":\"El Principado pide al gobierno central ayudas para los da\\u00f1os causados por el temporal.\",\"previousItem\":{\"@type\":\"ListItem\",\"@id\":\"https:\\\/\\\/www.eldigitaldeasturias.com\\\/noticias\\\/category\\\/actualidad\\\/#listItem\",\"name\":\"Actualidad\"}}]},{\"@type\":\"Organization\",\"@id\":\"https:\\\/\\\/www.eldigitaldeasturias.com\\\/noticias\\\/#organization\",\"name\":\"El Digital de Asturias\",\"description\":\"Hemeroteca\",\"url\":\"https:\\\/\\\/www.eldigitaldeasturias.com\\\/noticias\\\/\",\"email\":\"info@eldigitaldeasturias.com\",\"telephone\":\"+34652131393\",\"logo\":{\"@type\":\"ImageObject\",\"url\":\"https:\\\/\\\/www.eldigitaldeasturias.com\\\/noticias\\\/wp-content\\\/uploads\\\/2020\\\/12\\\/EDA.jpg\",\"@id\":\"https:\\\/\\\/www.eldigitaldeasturias.com\\\/noticias\\\/el-principado-pide-al-gobierno-central-ayudas-para-los-danos-causados-por-el-temporal\\\/#organizationLogo\"},\"image\":{\"@id\":\"https:\\\/\\\/www.eldigitaldeasturias.com\\\/noticias\\\/el-principado-pide-al-gobierno-central-ayudas-para-los-danos-causados-por-el-temporal\\\/#organizationLogo\"},\"sameAs\":[\"https:\\\/\\\/facebook.com\\\/eldigitaldeasturias\",\"https:\\\/\\\/www.youtube.com\\\/channel\\\/UCZP-2wLEB9Rv6erhFmqVnvg\"],\"address\":{\"@id\":\"https:\\\/\\\/www.eldigitaldeasturias.com\\\/noticias\\\/#postaladdress\",\"@type\":\"PostalAddress\",\"streetAddress\":\"san antonio 4\",\"postalCode\":\"33430\",\"addressLocality\":\"Cand\\u00e1s\",\"addressRegion\":\"Asturias\",\"addressCountry\":\"ES\"}},{\"@type\":\"Person\",\"@id\":\"https:\\\/\\\/www.eldigitaldeasturias.com\\\/noticias\\\/author\\\/admin\\\/#author\",\"url\":\"https:\\\/\\\/www.eldigitaldeasturias.com\\\/noticias\\\/author\\\/admin\\\/\",\"name\":\"El Digital de Asturias\",\"image\":{\"@type\":\"ImageObject\",\"@id\":\"https:\\\/\\\/www.eldigitaldeasturias.com\\\/noticias\\\/el-principado-pide-al-gobierno-central-ayudas-para-los-danos-causados-por-el-temporal\\\/#authorImage\",\"url\":\"https:\\\/\\\/secure.gravatar.com\\\/avatar\\\/df2aeffc32bcd13f8d26072ef8a91b623d677766deac7f97ca815868cd41bf5e?s=96&d=mm&r=g\",\"width\":96,\"height\":96,\"caption\":\"El Digital de Asturias\"}},{\"@type\":\"WebPage\",\"@id\":\"https:\\\/\\\/www.eldigitaldeasturias.com\\\/noticias\\\/el-principado-pide-al-gobierno-central-ayudas-para-los-danos-causados-por-el-temporal\\\/#webpage\",\"url\":\"https:\\\/\\\/www.eldigitaldeasturias.com\\\/noticias\\\/el-principado-pide-al-gobierno-central-ayudas-para-los-danos-causados-por-el-temporal\\\/\",\"name\":\"El Principado pide al gobierno central ayudas para los da\\u00f1os causados por el temporal. - El Digital de Asturias\",\"description\":\"Oviedo, 7 feb (EFE).- El Principado ha remitido hoy una carta al Gobierno central para solicitar una l\\u00ednea de ayudas complementarias para las cuatro comunidades aut\\u00f3nomas afectadas por el temporal, y en la que plantea la necesidad de cooperaci\\u00f3n institucional y la obtenci\\u00f3n de financiaci\\u00f3n europea. El consejero de Presidencia y portavoz del Principado, Guillermo\",\"inLanguage\":\"es-ES\",\"isPartOf\":{\"@id\":\"https:\\\/\\\/www.eldigitaldeasturias.com\\\/noticias\\\/#website\"},\"breadcrumb\":{\"@id\":\"https:\\\/\\\/www.eldigitaldeasturias.com\\\/noticias\\\/el-principado-pide-al-gobierno-central-ayudas-para-los-danos-causados-por-el-temporal\\\/#breadcrumblist\"},\"author\":{\"@id\":\"https:\\\/\\\/www.eldigitaldeasturias.com\\\/noticias\\\/author\\\/admin\\\/#author\"},\"creator\":{\"@id\":\"https:\\\/\\\/www.eldigitaldeasturias.com\\\/noticias\\\/author\\\/admin\\\/#author\"},\"image\":{\"@type\":\"ImageObject\",\"url\":451220,\"@id\":\"https:\\\/\\\/www.eldigitaldeasturias.com\\\/noticias\\\/el-principado-pide-al-gobierno-central-ayudas-para-los-danos-causados-por-el-temporal\\\/#mainImage\"},\"primaryImageOfPage\":{\"@id\":\"https:\\\/\\\/www.eldigitaldeasturias.com\\\/noticias\\\/el-principado-pide-al-gobierno-central-ayudas-para-los-danos-causados-por-el-temporal\\\/#mainImage\"},\"datePublished\":\"2014-02-07T16:09:55+01:00\",\"dateModified\":\"2014-02-07T16:09:55+01:00\"},{\"@type\":\"WebSite\",\"@id\":\"https:\\\/\\\/www.eldigitaldeasturias.com\\\/noticias\\\/#website\",\"url\":\"https:\\\/\\\/www.eldigitaldeasturias.com\\\/noticias\\\/\",\"name\":\"El Digital de Asturias - Diario de actualidad y noticias\",\"alternateName\":\"El Digital de Asturias - Diario de actualidad y noticias\",\"description\":\"Hemeroteca\",\"inLanguage\":\"es-ES\",\"publisher\":{\"@id\":\"https:\\\/\\\/www.eldigitaldeasturias.com\\\/noticias\\\/#organization\"}}]}\n\t\t<\/script>\n\t\t<!-- All in One SEO Pro -->\r\n\t\t<title>El Principado pide al gobierno central ayudas para los da\u00f1os causados por el temporal. - El Digital de Asturias<\/title>\n\n","aioseo_head_json":{"title":"El Principado pide al gobierno central ayudas para los da\u00f1os causados por el temporal. - El Digital de Asturias","description":"Oviedo, 7 feb (EFE).- El Principado ha remitido hoy una carta al Gobierno central para solicitar una l\u00ednea de ayudas complementarias para las cuatro comunidades aut\u00f3nomas afectadas por el temporal, y en la que plantea la necesidad de cooperaci\u00f3n institucional y la obtenci\u00f3n de financiaci\u00f3n europea. El consejero de Presidencia y portavoz del Principado, Guillermo","canonical_url":"https:\/\/www.eldigitaldeasturias.com\/noticias\/el-principado-pide-al-gobierno-central-ayudas-para-los-danos-causados-por-el-temporal\/","robots":"max-image-preview:large","keywords":"actualidad,actualidad asturias","webmasterTools":{"google-site-verification":"UA-38556648-1","msvalidate.01":"7dfe9f3f1b24437ab69f4f2559babe99","miscellaneous":""},"schema":{"@context":"https:\/\/schema.org","@graph":[{"@type":"BlogPosting","@id":"https:\/\/www.eldigitaldeasturias.com\/noticias\/el-principado-pide-al-gobierno-central-ayudas-para-los-danos-causados-por-el-temporal\/#blogposting","name":"El Principado pide al gobierno central ayudas para los da\u00f1os causados por el temporal. - El Digital de Asturias","headline":"El Principado pide al gobierno central ayudas para los da\u00f1os causados por el temporal.","author":{"@id":"https:\/\/www.eldigitaldeasturias.com\/noticias\/author\/admin\/#author"},"publisher":{"@id":"https:\/\/www.eldigitaldeasturias.com\/noticias\/#organization"},"image":{"@type":"ImageObject","url":451220},"datePublished":"2014-02-07T16:09:55+01:00","dateModified":"2014-02-07T16:09:55+01:00","inLanguage":"es-ES","mainEntityOfPage":{"@id":"https:\/\/www.eldigitaldeasturias.com\/noticias\/el-principado-pide-al-gobierno-central-ayudas-para-los-danos-causados-por-el-temporal\/#webpage"},"isPartOf":{"@id":"https:\/\/www.eldigitaldeasturias.com\/noticias\/el-principado-pide-al-gobierno-central-ayudas-para-los-danos-causados-por-el-temporal\/#webpage"},"articleSection":"Actualidad, Actualidad Asturias"},{"@type":"BreadcrumbList","@id":"https:\/\/www.eldigitaldeasturias.com\/noticias\/el-principado-pide-al-gobierno-central-ayudas-para-los-danos-causados-por-el-temporal\/#breadcrumblist","itemListElement":[{"@type":"ListItem","@id":"https:\/\/www.eldigitaldeasturias.com\/noticias#listItem","position":1,"name":"Home","item":"https:\/\/www.eldigitaldeasturias.com\/noticias","nextItem":{"@type":"ListItem","@id":"https:\/\/www.eldigitaldeasturias.com\/noticias\/category\/actualidad\/#listItem","name":"Actualidad"}},{"@type":"ListItem","@id":"https:\/\/www.eldigitaldeasturias.com\/noticias\/category\/actualidad\/#listItem","position":2,"name":"Actualidad","item":"https:\/\/www.eldigitaldeasturias.com\/noticias\/category\/actualidad\/","nextItem":{"@type":"ListItem","@id":"https:\/\/www.eldigitaldeasturias.com\/noticias\/el-principado-pide-al-gobierno-central-ayudas-para-los-danos-causados-por-el-temporal\/#listItem","name":"El Principado pide al gobierno central ayudas para los da\u00f1os causados por el temporal."},"previousItem":{"@type":"ListItem","@id":"https:\/\/www.eldigitaldeasturias.com\/noticias#listItem","name":"Home"}},{"@type":"ListItem","@id":"https:\/\/www.eldigitaldeasturias.com\/noticias\/el-principado-pide-al-gobierno-central-ayudas-para-los-danos-causados-por-el-temporal\/#listItem","position":3,"name":"El Principado pide al gobierno central ayudas para los da\u00f1os causados por el temporal.","previousItem":{"@type":"ListItem","@id":"https:\/\/www.eldigitaldeasturias.com\/noticias\/category\/actualidad\/#listItem","name":"Actualidad"}}]},{"@type":"Organization","@id":"https:\/\/www.eldigitaldeasturias.com\/noticias\/#organization","name":"El Digital de Asturias","description":"Hemeroteca","url":"https:\/\/www.eldigitaldeasturias.com\/noticias\/","email":"info@eldigitaldeasturias.com","telephone":"+34652131393","logo":{"@type":"ImageObject","url":"https:\/\/www.eldigitaldeasturias.com\/noticias\/wp-content\/uploads\/2020\/12\/EDA.jpg","@id":"https:\/\/www.eldigitaldeasturias.com\/noticias\/el-principado-pide-al-gobierno-central-ayudas-para-los-danos-causados-por-el-temporal\/#organizationLogo"},"image":{"@id":"https:\/\/www.eldigitaldeasturias.com\/noticias\/el-principado-pide-al-gobierno-central-ayudas-para-los-danos-causados-por-el-temporal\/#organizationLogo"},"sameAs":["https:\/\/facebook.com\/eldigitaldeasturias","https:\/\/www.youtube.com\/channel\/UCZP-2wLEB9Rv6erhFmqVnvg"],"address":{"@id":"https:\/\/www.eldigitaldeasturias.com\/noticias\/#postaladdress","@type":"PostalAddress","streetAddress":"san antonio 4","postalCode":"33430","addressLocality":"Cand\u00e1s","addressRegion":"Asturias","addressCountry":"ES"}},{"@type":"Person","@id":"https:\/\/www.eldigitaldeasturias.com\/noticias\/author\/admin\/#author","url":"https:\/\/www.eldigitaldeasturias.com\/noticias\/author\/admin\/","name":"El Digital de Asturias","image":{"@type":"ImageObject","@id":"https:\/\/www.eldigitaldeasturias.com\/noticias\/el-principado-pide-al-gobierno-central-ayudas-para-los-danos-causados-por-el-temporal\/#authorImage","url":"https:\/\/secure.gravatar.com\/avatar\/df2aeffc32bcd13f8d26072ef8a91b623d677766deac7f97ca815868cd41bf5e?s=96&d=mm&r=g","width":96,"height":96,"caption":"El Digital de Asturias"}},{"@type":"WebPage","@id":"https:\/\/www.eldigitaldeasturias.com\/noticias\/el-principado-pide-al-gobierno-central-ayudas-para-los-danos-causados-por-el-temporal\/#webpage","url":"https:\/\/www.eldigitaldeasturias.com\/noticias\/el-principado-pide-al-gobierno-central-ayudas-para-los-danos-causados-por-el-temporal\/","name":"El Principado pide al gobierno central ayudas para los da\u00f1os causados por el temporal. - El Digital de Asturias","description":"Oviedo, 7 feb (EFE).- El Principado ha remitido hoy una carta al Gobierno central para solicitar una l\u00ednea de ayudas complementarias para las cuatro comunidades aut\u00f3nomas afectadas por el temporal, y en la que plantea la necesidad de cooperaci\u00f3n institucional y la obtenci\u00f3n de financiaci\u00f3n europea. El consejero de Presidencia y portavoz del Principado, Guillermo","inLanguage":"es-ES","isPartOf":{"@id":"https:\/\/www.eldigitaldeasturias.com\/noticias\/#website"},"breadcrumb":{"@id":"https:\/\/www.eldigitaldeasturias.com\/noticias\/el-principado-pide-al-gobierno-central-ayudas-para-los-danos-causados-por-el-temporal\/#breadcrumblist"},"author":{"@id":"https:\/\/www.eldigitaldeasturias.com\/noticias\/author\/admin\/#author"},"creator":{"@id":"https:\/\/www.eldigitaldeasturias.com\/noticias\/author\/admin\/#author"},"image":{"@type":"ImageObject","url":451220,"@id":"https:\/\/www.eldigitaldeasturias.com\/noticias\/el-principado-pide-al-gobierno-central-ayudas-para-los-danos-causados-por-el-temporal\/#mainImage"},"primaryImageOfPage":{"@id":"https:\/\/www.eldigitaldeasturias.com\/noticias\/el-principado-pide-al-gobierno-central-ayudas-para-los-danos-causados-por-el-temporal\/#mainImage"},"datePublished":"2014-02-07T16:09:55+01:00","dateModified":"2014-02-07T16:09:55+01:00"},{"@type":"WebSite","@id":"https:\/\/www.eldigitaldeasturias.com\/noticias\/#website","url":"https:\/\/www.eldigitaldeasturias.com\/noticias\/","name":"El Digital de Asturias - Diario de actualidad y noticias","alternateName":"El Digital de Asturias - Diario de actualidad y noticias","description":"Hemeroteca","inLanguage":"es-ES","publisher":{"@id":"https:\/\/www.eldigitaldeasturias.com\/noticias\/#organization"}}]},"og:locale":"es_ES","og:site_name":"El Digital de Asturias","og:type":"article","og:title":"El Principado pide al gobierno central ayudas para los da\u00f1os causados por el temporal. - El Digital de Asturias","og:description":"Oviedo, 7 feb (EFE).- El Principado ha remitido hoy una carta al Gobierno central para solicitar una l\u00ednea de ayudas complementarias para las cuatro comunidades aut\u00f3nomas afectadas por el temporal, y en la que plantea la necesidad de cooperaci\u00f3n institucional y la obtenci\u00f3n de financiaci\u00f3n europea. El consejero de Presidencia y portavoz del Principado, Guillermo","og:url":"https:\/\/www.eldigitaldeasturias.com\/noticias\/el-principado-pide-al-gobierno-central-ayudas-para-los-danos-causados-por-el-temporal\/","article:tag":["actualidad","actualidad asturias"],"article:published_time":"2014-02-07T17:09:55+00:00","article:modified_time":"2014-02-07T17:09:55+00:00","article:publisher":"https:\/\/facebook.com\/eldigitaldeasturias","twitter:card":"summary_large_image","twitter:title":"El Principado pide al gobierno central ayudas para los da\u00f1os causados por el temporal. - El Digital de Asturias","twitter:description":"Oviedo, 7 feb (EFE).- El Principado ha remitido hoy una carta al Gobierno central para solicitar una l\u00ednea de ayudas complementarias para las cuatro comunidades aut\u00f3nomas afectadas por el temporal, y en la que plantea la necesidad de cooperaci\u00f3n institucional y la obtenci\u00f3n de financiaci\u00f3n europea. El consejero de Presidencia y portavoz del Principado, Guillermo","twitter:label1":"Escrito por","twitter:data1":"El Digital de Asturias","twitter:label2":"Tiempo de lectura estimado","twitter:data2":"2 minutos"},"aioseo_meta_data":{"post_id":"485682","title":null,"description":null,"keywords":null,"keyphrases":null,"primary_term":null,"canonical_url":null,"og_title":null,"og_description":null,"og_object_type":"default","og_image_type":"default","og_image_url":null,"og_image_width":null,"og_image_height":null,"og_image_custom_url":null,"og_image_custom_fields":null,"og_video":null,"og_custom_url":null,"og_article_section":null,"og_article_tags":null,"twitter_use_og":true,"twitter_card":"default","twitter_image_type":"default","twitter_image_url":null,"twitter_image_custom_url":null,"twitter_image_custom_fields":null,"twitter_title":null,"twitter_description":null,"schema":{"blockGraphs":[],"customGraphs":[],"default":{"data":{"Article":[],"Course":[],"Dataset":[],"FAQPage":[],"Movie":[],"Person":[],"Product":[],"ProductReview":[],"Car":[],"Recipe":[],"Service":[],"SoftwareApplication":[],"WebPage":[]},"graphName":"","isEnabled":true},"graphs":[],"defaultGraph":"","defaultPostTypeGraph":""},"schema_type":null,"schema_type_options":null,"pillar_content":false,"robots_default":true,"robots_noindex":false,"robots_noarchive":false,"robots_nosnippet":false,"robots_nofollow":false,"robots_noimageindex":false,"robots_noodp":false,"robots_notranslate":false,"robots_max_snippet":null,"robots_max_videopreview":null,"robots_max_imagepreview":"none","priority":null,"frequency":null,"local_seo":null,"seo_analyzer_scan_date":"2026-06-02 21:30:51","breadcrumb_settings":null,"limit_modified_date":false,"open_ai":null,"ai":null,"created":"2020-11-14 22:55:24","updated":"2026-06-02 21:30:51","focus_keyword":null,"additional_keywords":null,"truseo_locale":null},"aioseo_breadcrumb":"<div class=\"aioseo-breadcrumbs\"><span class=\"aioseo-breadcrumb\">\n\t<a href=\"https:\/\/www.eldigitaldeasturias.com\/noticias\" title=\"Home\">Home<\/a>\n<\/span><span class=\"aioseo-breadcrumb-separator\">\u2013<\/span><span class=\"aioseo-breadcrumb\">\n\t<a href=\"https:\/\/www.eldigitaldeasturias.com\/noticias\/category\/actualidad\/\" title=\"Actualidad\">Actualidad<\/a>\n<\/span><span class=\"aioseo-breadcrumb-separator\">\u2013<\/span><span class=\"aioseo-breadcrumb\">\n\t<a href=\"https:\/\/www.eldigitaldeasturias.com\/noticias\/el-principado-pide-al-gobierno-central-ayudas-para-los-danos-causados-por-el-temporal\/\" title=\"El Principado pide al gobierno central ayudas para los da\u00f1os causados por el temporal.\">El Principado pide al gobierno central ayudas para los da\u00f1os causados por el temporal.<\/a>\n<\/span><\/div>","aioseo_breadcrumb_json":[{"label":"Home","link":"https:\/\/www.eldigitaldeasturias.com\/noticias"},{"label":"Actualidad","link":"https:\/\/www.eldigitaldeasturias.com\/noticias\/category\/actualidad\/"},{"label":"El Principado pide al gobierno central ayudas para los da\u00f1os causados por el temporal.","link":"https:\/\/www.eldigitaldeasturias.com\/noticias\/el-principado-pide-al-gobierno-central-ayudas-para-los-danos-causados-por-el-temporal\/"}],"_links":{"self":[{"href":"https:\/\/www.eldigitaldeasturias.com\/noticias\/wp-json\/wp\/v2\/posts\/485682","targetHints":{"allow":["GET"]}}],"collection":[{"href":"https:\/\/www.eldigitaldeasturias.com\/noticias\/wp-json\/wp\/v2\/posts"}],"about":[{"href":"https:\/\/www.eldigitaldeasturias.com\/noticias\/wp-json\/wp\/v2\/types\/post"}],"author":[{"embeddable":true,"href":"https:\/\/www.eldigitaldeasturias.com\/noticias\/wp-json\/wp\/v2\/users\/1"}],"replies":[{"embeddable":true,"href":"https:\/\/www.eldigitaldeasturias.com\/noticias\/wp-json\/wp\/v2\/comments?post=485682"}],"version-history":[{"count":0,"href":"https:\/\/www.eldigitaldeasturias.com\/noticias\/wp-json\/wp\/v2\/posts\/485682\/revisions"}],"wp:attachment":[{"href":"https:\/\/www.eldigitaldeasturias.com\/noticias\/wp-json\/wp\/v2\/media?parent=485682"}],"wp:term":[{"taxonomy":"category","embeddable":true,"href":"https:\/\/www.eldigitaldeasturias.com\/noticias\/wp-json\/wp\/v2\/categories?post=485682"},{"taxonomy":"post_tag","embeddable":true,"href":"https:\/\/www.eldigitaldeasturias.com\/noticias\/wp-json\/wp\/v2\/tags?post=485682"}],"curies":[{"name":"wp","href":"https:\/\/api.w.org\/{rel}","templated":true}]}}