{"id":485678,"date":"2014-02-07T16:06:25","date_gmt":"2014-02-07T17:06:25","guid":{"rendered":"http:\/\/www.eldigitaldeasturias.com\/noticias\/?p=485678"},"modified":"2014-02-07T16:06:25","modified_gmt":"2014-02-07T17:06:25","slug":"dos-heridos-en-un-accidente-de-trafico-en-castrillon","status":"publish","type":"post","link":"https:\/\/www.eldigitaldeasturias.com\/noticias\/dos-heridos-en-un-accidente-de-trafico-en-castrillon\/","title":{"rendered":"Dos heridos en un accidente de tr\u00e1fico en Castrill\u00f3n"},"content":{"rendered":"<p><img loading=\"lazy\" decoding=\"async\" class=\"alignleft size-medium wp-image-1469\" alt=\"sanagustin\" src=\"https:\/\/www.eldigitaldeasturias.com\/noticias\/wp-content\/uploads\/2013\/09\/sanagustin-360x240.jpg\" width=\"360\" height=\"240\" \/>Oviedo, 7 feb (EFE).- Dos personas han resultado heridas hoy, una pronostico reservado y la otra leve, tras colisionar y posteriormente volcar el veh\u00edculo en el que viajaban, por causas que se desconocen, contra un veh\u00edculo que hab\u00eda estacionado en una calle de Piedras Blancas, Castrill\u00f3n,<\/p>\n<p>La Sala 112 ha informado de que recibi\u00f3 un aviso, a las 11.06 horas, en el que se indicaba que hab\u00eda un coche volcado en la calle Rey Pelayo, a la altura del n\u00famero 10, con dos personas en su interior.<\/p>\n<p>Seg\u00fan los datos facilitados por el Servicio de Atenci\u00f3n M\u00e9dica Urgente (SAMU) el herido de mayor consideraci\u00f3n es una mujer, de 65 a\u00f1os, que presentaba, a expensas de m\u00e1s pruebas y hasta nueva valoraci\u00f3n m\u00e9dica, traumatismo tor\u00e1cico con pron\u00f3stico reservado.<\/p>\n<p>El otro afectado es el conductor del veh\u00edculo, de aproximadamente 67 a\u00f1os, que result\u00f3 herido leve.<\/p>\n<p>Los dos afectados, que han sido trasladados al Hospital San Agust\u00edn de Avil\u00e9s, han tenido que ser excarcelados del interior del turismo, matr\u00edcula 0055-DJW, por efectivos de Bomberos del Servicio de Emergencias del Principado de Asturias (SEPA) con base en Avil\u00e9s.<\/p>\n<p>El coche hab\u00eda colisionado contra un turismo que estaba aparcado y hab\u00eda quedado sobre el lateral izquierdo.<\/p>\n<p>Cuando los bomberos llegaron al lugar, el equipo m\u00e9dico de la UVI-m\u00f3vil de Avil\u00e9s ya se encontraba en el lugar.<\/p>\n<p>En colaboraci\u00f3n con el equipo sanitario, tras inmovilizar estos a los heridos, la dotaci\u00f3n, siguiendo sus indicaciones, procedi\u00f3 a excarcelar a los dos afectados con la tabla de rescate.<\/p>\n<p>Para ello tuvieron que desencajar el asiento trasero izquierdo y el del conductor.<\/p>\n","protected":false},"excerpt":{"rendered":"<p>Oviedo, 7 feb (EFE).- Dos personas han resultado heridas hoy, una pronostico reservado y la otra leve, tras colisionar y posteriormente volcar el veh\u00edculo en el que viajaban, por causas que se desconocen, contra un veh\u00edculo que hab\u00eda estacionado en una calle de Piedras Blancas, Castrill\u00f3n, La Sala 112 ha informado de que recibi\u00f3 un [&hellip;]<\/p>\n","protected":false},"author":1,"featured_media":1132184,"comment_status":"closed","ping_status":"open","sticky":false,"template":"","format":"standard","meta":{"footnotes":""},"categories":[1,12],"tags":[],"class_list":["post-485678","post","type-post","status-publish","format-standard","has-post-thumbnail","hentry","category-actualidad","category-actualidad-asturias"],"aioseo_notices":[],"aioseo_head":"\n\t\t<!-- All in One SEO Pro 5.0.1 - aioseo.com -->\n\t<meta name=\"description\" content=\"Oviedo, 7 feb (EFE).- Dos personas han resultado heridas hoy, una pronostico reservado y la otra leve, tras colisionar y posteriormente volcar el veh\u00edculo en el que viajaban, por causas que se desconocen, contra un veh\u00edculo que hab\u00eda estacionado en una calle de Piedras Blancas, Castrill\u00f3n, La Sala 112 ha informado de que recibi\u00f3 un\" \/>\n\t<meta name=\"robots\" content=\"max-image-preview:large\" \/>\n\t<meta name=\"author\" content=\"El Digital de Asturias\"\/>\n\t<meta name=\"google-site-verification\" content=\"UA-38556648-1\" \/>\n\t<meta name=\"msvalidate.01\" content=\"7dfe9f3f1b24437ab69f4f2559babe99\" \/>\n\t<meta name=\"keywords\" content=\"actualidad,actualidad asturias\" \/>\n\t<link rel=\"canonical\" href=\"https:\/\/www.eldigitaldeasturias.com\/noticias\/dos-heridos-en-un-accidente-de-trafico-en-castrillon\/\" \/>\n\t<meta name=\"generator\" content=\"All in One SEO Pro (AIOSEO) 5.0.1\" \/>\n\t\t<meta property=\"og:locale\" content=\"es_ES\" \/>\n\t\t<meta property=\"og:site_name\" content=\"El Digital de Asturias\" \/>\n\t\t<meta property=\"og:type\" content=\"article\" \/>\n\t\t<meta property=\"og:title\" content=\"Dos heridos en un accidente de tr\u00e1fico en Castrill\u00f3n - El Digital de Asturias\" \/>\n\t\t<meta property=\"og:description\" content=\"Oviedo, 7 feb (EFE).- Dos personas han resultado heridas hoy, una pronostico reservado y la otra leve, tras colisionar y posteriormente volcar el veh\u00edculo en el que viajaban, por causas que se desconocen, contra un veh\u00edculo que hab\u00eda estacionado en una calle de Piedras Blancas, Castrill\u00f3n, La Sala 112 ha informado de que recibi\u00f3 un\" \/>\n\t\t<meta property=\"og:url\" content=\"https:\/\/www.eldigitaldeasturias.com\/noticias\/dos-heridos-en-un-accidente-de-trafico-en-castrillon\/\" \/>\n\t\t<meta property=\"og:image\" content=\"https:\/\/www.eldigitaldeasturias.com\/noticias\/wp-content\/uploads\/2026\/06\/Contenidos.jpg\" \/>\n\t\t<meta property=\"og:image:secure_url\" content=\"https:\/\/www.eldigitaldeasturias.com\/noticias\/wp-content\/uploads\/2026\/06\/Contenidos.jpg\" \/>\n\t\t<meta property=\"og:image:width\" content=\"1265\" \/>\n\t\t<meta property=\"og:image:height\" content=\"697\" \/>\n\t\t<meta property=\"article:tag\" content=\"actualidad\" \/>\n\t\t<meta property=\"article:tag\" content=\"actualidad asturias\" \/>\n\t\t<meta property=\"article:published_time\" content=\"2014-02-07T17:06:25+00:00\" \/>\n\t\t<meta property=\"article:modified_time\" content=\"2014-02-07T17:06:25+00:00\" \/>\n\t\t<meta property=\"article:publisher\" content=\"https:\/\/facebook.com\/eldigitaldeasturias\" \/>\n\t\t<meta name=\"twitter:card\" content=\"summary_large_image\" \/>\n\t\t<meta name=\"twitter:title\" content=\"Dos heridos en un accidente de tr\u00e1fico en Castrill\u00f3n - El Digital de Asturias\" \/>\n\t\t<meta name=\"twitter:description\" content=\"Oviedo, 7 feb (EFE).- Dos personas han resultado heridas hoy, una pronostico reservado y la otra leve, tras colisionar y posteriormente volcar el veh\u00edculo en el que viajaban, por causas que se desconocen, contra un veh\u00edculo que hab\u00eda estacionado en una calle de Piedras Blancas, Castrill\u00f3n, La Sala 112 ha informado de que recibi\u00f3 un\" \/>\n\t\t<meta name=\"twitter:image\" content=\"https:\/\/www.eldigitaldeasturias.com\/noticias\/wp-content\/uploads\/2026\/06\/Contenidos.jpg\" \/>\n\t\t<meta name=\"twitter:label1\" content=\"Escrito por\" \/>\n\t\t<meta name=\"twitter:data1\" content=\"El Digital de Asturias\" \/>\n\t\t<meta name=\"twitter:label2\" content=\"Tiempo de lectura estimado\" \/>\n\t\t<meta name=\"twitter:data2\" content=\"1 minuto\" \/>\n\t\t<script type=\"application\/ld+json\" class=\"aioseo-schema\">\n\t\t\t{\"@context\":\"https:\\\/\\\/schema.org\",\"@graph\":[{\"@type\":\"BlogPosting\",\"@id\":\"https:\\\/\\\/www.eldigitaldeasturias.com\\\/noticias\\\/dos-heridos-en-un-accidente-de-trafico-en-castrillon\\\/#blogposting\",\"name\":\"Dos heridos en un accidente de tr\\u00e1fico en Castrill\\u00f3n - El Digital de Asturias\",\"headline\":\"Dos heridos en un accidente de tr\\u00e1fico en Castrill\\u00f3n\",\"author\":{\"@id\":\"https:\\\/\\\/www.eldigitaldeasturias.com\\\/noticias\\\/author\\\/admin\\\/#author\"},\"publisher\":{\"@id\":\"https:\\\/\\\/www.eldigitaldeasturias.com\\\/noticias\\\/#organization\"},\"image\":{\"@type\":\"ImageObject\",\"url\":\"https:\\\/\\\/www.eldigitaldeasturias.com\\\/noticias\\\/wp-content\\\/uploads\\\/2026\\\/06\\\/Contenidos.jpg\",\"width\":1265,\"height\":697,\"caption\":\"Contenidos\"},\"datePublished\":\"2014-02-07T16:06:25+01:00\",\"dateModified\":\"2014-02-07T16:06:25+01:00\",\"inLanguage\":\"es-ES\",\"mainEntityOfPage\":{\"@id\":\"https:\\\/\\\/www.eldigitaldeasturias.com\\\/noticias\\\/dos-heridos-en-un-accidente-de-trafico-en-castrillon\\\/#webpage\"},\"isPartOf\":{\"@id\":\"https:\\\/\\\/www.eldigitaldeasturias.com\\\/noticias\\\/dos-heridos-en-un-accidente-de-trafico-en-castrillon\\\/#webpage\"},\"articleSection\":\"Actualidad, Actualidad Asturias\"},{\"@type\":\"BreadcrumbList\",\"@id\":\"https:\\\/\\\/www.eldigitaldeasturias.com\\\/noticias\\\/dos-heridos-en-un-accidente-de-trafico-en-castrillon\\\/#breadcrumblist\",\"itemListElement\":[{\"@type\":\"ListItem\",\"@id\":\"https:\\\/\\\/www.eldigitaldeasturias.com\\\/noticias#listItem\",\"position\":1,\"name\":\"Home\",\"item\":\"https:\\\/\\\/www.eldigitaldeasturias.com\\\/noticias\",\"nextItem\":{\"@type\":\"ListItem\",\"@id\":\"https:\\\/\\\/www.eldigitaldeasturias.com\\\/noticias\\\/category\\\/actualidad\\\/#listItem\",\"name\":\"Actualidad\"}},{\"@type\":\"ListItem\",\"@id\":\"https:\\\/\\\/www.eldigitaldeasturias.com\\\/noticias\\\/category\\\/actualidad\\\/#listItem\",\"position\":2,\"name\":\"Actualidad\",\"item\":\"https:\\\/\\\/www.eldigitaldeasturias.com\\\/noticias\\\/category\\\/actualidad\\\/\",\"nextItem\":{\"@type\":\"ListItem\",\"@id\":\"https:\\\/\\\/www.eldigitaldeasturias.com\\\/noticias\\\/dos-heridos-en-un-accidente-de-trafico-en-castrillon\\\/#listItem\",\"name\":\"Dos heridos en un accidente de tr\\u00e1fico en Castrill\\u00f3n\"},\"previousItem\":{\"@type\":\"ListItem\",\"@id\":\"https:\\\/\\\/www.eldigitaldeasturias.com\\\/noticias#listItem\",\"name\":\"Home\"}},{\"@type\":\"ListItem\",\"@id\":\"https:\\\/\\\/www.eldigitaldeasturias.com\\\/noticias\\\/dos-heridos-en-un-accidente-de-trafico-en-castrillon\\\/#listItem\",\"position\":3,\"name\":\"Dos heridos en un accidente de tr\\u00e1fico en Castrill\\u00f3n\",\"previousItem\":{\"@type\":\"ListItem\",\"@id\":\"https:\\\/\\\/www.eldigitaldeasturias.com\\\/noticias\\\/category\\\/actualidad\\\/#listItem\",\"name\":\"Actualidad\"}}]},{\"@type\":\"Organization\",\"@id\":\"https:\\\/\\\/www.eldigitaldeasturias.com\\\/noticias\\\/#organization\",\"name\":\"El Digital de Asturias\",\"description\":\"Hemeroteca\",\"url\":\"https:\\\/\\\/www.eldigitaldeasturias.com\\\/noticias\\\/\",\"email\":\"info@eldigitaldeasturias.com\",\"telephone\":\"+34652131393\",\"logo\":{\"@type\":\"ImageObject\",\"url\":\"https:\\\/\\\/www.eldigitaldeasturias.com\\\/noticias\\\/wp-content\\\/uploads\\\/2020\\\/12\\\/EDA.jpg\",\"@id\":\"https:\\\/\\\/www.eldigitaldeasturias.com\\\/noticias\\\/dos-heridos-en-un-accidente-de-trafico-en-castrillon\\\/#organizationLogo\"},\"image\":{\"@id\":\"https:\\\/\\\/www.eldigitaldeasturias.com\\\/noticias\\\/dos-heridos-en-un-accidente-de-trafico-en-castrillon\\\/#organizationLogo\"},\"sameAs\":[\"https:\\\/\\\/facebook.com\\\/eldigitaldeasturias\",\"https:\\\/\\\/www.youtube.com\\\/channel\\\/UCZP-2wLEB9Rv6erhFmqVnvg\"],\"address\":{\"@id\":\"https:\\\/\\\/www.eldigitaldeasturias.com\\\/noticias\\\/#postaladdress\",\"@type\":\"PostalAddress\",\"streetAddress\":\"san antonio 4\",\"postalCode\":\"33430\",\"addressLocality\":\"Cand\\u00e1s\",\"addressRegion\":\"Asturias\",\"addressCountry\":\"ES\"}},{\"@type\":\"Person\",\"@id\":\"https:\\\/\\\/www.eldigitaldeasturias.com\\\/noticias\\\/author\\\/admin\\\/#author\",\"url\":\"https:\\\/\\\/www.eldigitaldeasturias.com\\\/noticias\\\/author\\\/admin\\\/\",\"name\":\"El Digital de Asturias\",\"image\":{\"@type\":\"ImageObject\",\"@id\":\"https:\\\/\\\/www.eldigitaldeasturias.com\\\/noticias\\\/dos-heridos-en-un-accidente-de-trafico-en-castrillon\\\/#authorImage\",\"url\":\"https:\\\/\\\/secure.gravatar.com\\\/avatar\\\/df2aeffc32bcd13f8d26072ef8a91b623d677766deac7f97ca815868cd41bf5e?s=96&d=mm&r=g\",\"width\":96,\"height\":96,\"caption\":\"El Digital de Asturias\"}},{\"@type\":\"WebPage\",\"@id\":\"https:\\\/\\\/www.eldigitaldeasturias.com\\\/noticias\\\/dos-heridos-en-un-accidente-de-trafico-en-castrillon\\\/#webpage\",\"url\":\"https:\\\/\\\/www.eldigitaldeasturias.com\\\/noticias\\\/dos-heridos-en-un-accidente-de-trafico-en-castrillon\\\/\",\"name\":\"Dos heridos en un accidente de tr\\u00e1fico en Castrill\\u00f3n - El Digital de Asturias\",\"description\":\"Oviedo, 7 feb (EFE).- Dos personas han resultado heridas hoy, una pronostico reservado y la otra leve, tras colisionar y posteriormente volcar el veh\\u00edculo en el que viajaban, por causas que se desconocen, contra un veh\\u00edculo que hab\\u00eda estacionado en una calle de Piedras Blancas, Castrill\\u00f3n, La Sala 112 ha informado de que recibi\\u00f3 un\",\"inLanguage\":\"es-ES\",\"isPartOf\":{\"@id\":\"https:\\\/\\\/www.eldigitaldeasturias.com\\\/noticias\\\/#website\"},\"breadcrumb\":{\"@id\":\"https:\\\/\\\/www.eldigitaldeasturias.com\\\/noticias\\\/dos-heridos-en-un-accidente-de-trafico-en-castrillon\\\/#breadcrumblist\"},\"author\":{\"@id\":\"https:\\\/\\\/www.eldigitaldeasturias.com\\\/noticias\\\/author\\\/admin\\\/#author\"},\"creator\":{\"@id\":\"https:\\\/\\\/www.eldigitaldeasturias.com\\\/noticias\\\/author\\\/admin\\\/#author\"},\"image\":{\"@type\":\"ImageObject\",\"url\":\"https:\\\/\\\/www.eldigitaldeasturias.com\\\/noticias\\\/wp-content\\\/uploads\\\/2026\\\/06\\\/Contenidos.jpg\",\"@id\":\"https:\\\/\\\/www.eldigitaldeasturias.com\\\/noticias\\\/dos-heridos-en-un-accidente-de-trafico-en-castrillon\\\/#mainImage\",\"width\":1265,\"height\":697,\"caption\":\"Contenidos\"},\"primaryImageOfPage\":{\"@id\":\"https:\\\/\\\/www.eldigitaldeasturias.com\\\/noticias\\\/dos-heridos-en-un-accidente-de-trafico-en-castrillon\\\/#mainImage\"},\"datePublished\":\"2014-02-07T16:06:25+01:00\",\"dateModified\":\"2014-02-07T16:06:25+01:00\"},{\"@type\":\"WebSite\",\"@id\":\"https:\\\/\\\/www.eldigitaldeasturias.com\\\/noticias\\\/#website\",\"url\":\"https:\\\/\\\/www.eldigitaldeasturias.com\\\/noticias\\\/\",\"name\":\"El Digital de Asturias - Diario de actualidad y noticias\",\"alternateName\":\"El Digital de Asturias - Diario de actualidad y noticias\",\"description\":\"Hemeroteca\",\"inLanguage\":\"es-ES\",\"publisher\":{\"@id\":\"https:\\\/\\\/www.eldigitaldeasturias.com\\\/noticias\\\/#organization\"}}]}\n\t\t<\/script>\n\t\t<!-- All in One SEO Pro -->\r\n\t\t<title>Dos heridos en un accidente de tr\u00e1fico en Castrill\u00f3n - El Digital de Asturias<\/title>\n\n","aioseo_head_json":{"title":"Dos heridos en un accidente de tr\u00e1fico en Castrill\u00f3n - El Digital de Asturias","description":"Oviedo, 7 feb (EFE).- Dos personas han resultado heridas hoy, una pronostico reservado y la otra leve, tras colisionar y posteriormente volcar el veh\u00edculo en el que viajaban, por causas que se desconocen, contra un veh\u00edculo que hab\u00eda estacionado en una calle de Piedras Blancas, Castrill\u00f3n, La Sala 112 ha informado de que recibi\u00f3 un","canonical_url":"https:\/\/www.eldigitaldeasturias.com\/noticias\/dos-heridos-en-un-accidente-de-trafico-en-castrillon\/","robots":"max-image-preview:large","keywords":"actualidad,actualidad asturias","webmasterTools":{"google-site-verification":"UA-38556648-1","msvalidate.01":"7dfe9f3f1b24437ab69f4f2559babe99","miscellaneous":""},"schema":{"@context":"https:\/\/schema.org","@graph":[{"@type":"BlogPosting","@id":"https:\/\/www.eldigitaldeasturias.com\/noticias\/dos-heridos-en-un-accidente-de-trafico-en-castrillon\/#blogposting","name":"Dos heridos en un accidente de tr\u00e1fico en Castrill\u00f3n - El Digital de Asturias","headline":"Dos heridos en un accidente de tr\u00e1fico en Castrill\u00f3n","author":{"@id":"https:\/\/www.eldigitaldeasturias.com\/noticias\/author\/admin\/#author"},"publisher":{"@id":"https:\/\/www.eldigitaldeasturias.com\/noticias\/#organization"},"image":{"@type":"ImageObject","url":"https:\/\/www.eldigitaldeasturias.com\/noticias\/wp-content\/uploads\/2026\/06\/Contenidos.jpg","width":1265,"height":697,"caption":"Contenidos"},"datePublished":"2014-02-07T16:06:25+01:00","dateModified":"2014-02-07T16:06:25+01:00","inLanguage":"es-ES","mainEntityOfPage":{"@id":"https:\/\/www.eldigitaldeasturias.com\/noticias\/dos-heridos-en-un-accidente-de-trafico-en-castrillon\/#webpage"},"isPartOf":{"@id":"https:\/\/www.eldigitaldeasturias.com\/noticias\/dos-heridos-en-un-accidente-de-trafico-en-castrillon\/#webpage"},"articleSection":"Actualidad, Actualidad Asturias"},{"@type":"BreadcrumbList","@id":"https:\/\/www.eldigitaldeasturias.com\/noticias\/dos-heridos-en-un-accidente-de-trafico-en-castrillon\/#breadcrumblist","itemListElement":[{"@type":"ListItem","@id":"https:\/\/www.eldigitaldeasturias.com\/noticias#listItem","position":1,"name":"Home","item":"https:\/\/www.eldigitaldeasturias.com\/noticias","nextItem":{"@type":"ListItem","@id":"https:\/\/www.eldigitaldeasturias.com\/noticias\/category\/actualidad\/#listItem","name":"Actualidad"}},{"@type":"ListItem","@id":"https:\/\/www.eldigitaldeasturias.com\/noticias\/category\/actualidad\/#listItem","position":2,"name":"Actualidad","item":"https:\/\/www.eldigitaldeasturias.com\/noticias\/category\/actualidad\/","nextItem":{"@type":"ListItem","@id":"https:\/\/www.eldigitaldeasturias.com\/noticias\/dos-heridos-en-un-accidente-de-trafico-en-castrillon\/#listItem","name":"Dos heridos en un accidente de tr\u00e1fico en Castrill\u00f3n"},"previousItem":{"@type":"ListItem","@id":"https:\/\/www.eldigitaldeasturias.com\/noticias#listItem","name":"Home"}},{"@type":"ListItem","@id":"https:\/\/www.eldigitaldeasturias.com\/noticias\/dos-heridos-en-un-accidente-de-trafico-en-castrillon\/#listItem","position":3,"name":"Dos heridos en un accidente de tr\u00e1fico en Castrill\u00f3n","previousItem":{"@type":"ListItem","@id":"https:\/\/www.eldigitaldeasturias.com\/noticias\/category\/actualidad\/#listItem","name":"Actualidad"}}]},{"@type":"Organization","@id":"https:\/\/www.eldigitaldeasturias.com\/noticias\/#organization","name":"El Digital de Asturias","description":"Hemeroteca","url":"https:\/\/www.eldigitaldeasturias.com\/noticias\/","email":"info@eldigitaldeasturias.com","telephone":"+34652131393","logo":{"@type":"ImageObject","url":"https:\/\/www.eldigitaldeasturias.com\/noticias\/wp-content\/uploads\/2020\/12\/EDA.jpg","@id":"https:\/\/www.eldigitaldeasturias.com\/noticias\/dos-heridos-en-un-accidente-de-trafico-en-castrillon\/#organizationLogo"},"image":{"@id":"https:\/\/www.eldigitaldeasturias.com\/noticias\/dos-heridos-en-un-accidente-de-trafico-en-castrillon\/#organizationLogo"},"sameAs":["https:\/\/facebook.com\/eldigitaldeasturias","https:\/\/www.youtube.com\/channel\/UCZP-2wLEB9Rv6erhFmqVnvg"],"address":{"@id":"https:\/\/www.eldigitaldeasturias.com\/noticias\/#postaladdress","@type":"PostalAddress","streetAddress":"san antonio 4","postalCode":"33430","addressLocality":"Cand\u00e1s","addressRegion":"Asturias","addressCountry":"ES"}},{"@type":"Person","@id":"https:\/\/www.eldigitaldeasturias.com\/noticias\/author\/admin\/#author","url":"https:\/\/www.eldigitaldeasturias.com\/noticias\/author\/admin\/","name":"El Digital de Asturias","image":{"@type":"ImageObject","@id":"https:\/\/www.eldigitaldeasturias.com\/noticias\/dos-heridos-en-un-accidente-de-trafico-en-castrillon\/#authorImage","url":"https:\/\/secure.gravatar.com\/avatar\/df2aeffc32bcd13f8d26072ef8a91b623d677766deac7f97ca815868cd41bf5e?s=96&d=mm&r=g","width":96,"height":96,"caption":"El Digital de Asturias"}},{"@type":"WebPage","@id":"https:\/\/www.eldigitaldeasturias.com\/noticias\/dos-heridos-en-un-accidente-de-trafico-en-castrillon\/#webpage","url":"https:\/\/www.eldigitaldeasturias.com\/noticias\/dos-heridos-en-un-accidente-de-trafico-en-castrillon\/","name":"Dos heridos en un accidente de tr\u00e1fico en Castrill\u00f3n - El Digital de Asturias","description":"Oviedo, 7 feb (EFE).- Dos personas han resultado heridas hoy, una pronostico reservado y la otra leve, tras colisionar y posteriormente volcar el veh\u00edculo en el que viajaban, por causas que se desconocen, contra un veh\u00edculo que hab\u00eda estacionado en una calle de Piedras Blancas, Castrill\u00f3n, La Sala 112 ha informado de que recibi\u00f3 un","inLanguage":"es-ES","isPartOf":{"@id":"https:\/\/www.eldigitaldeasturias.com\/noticias\/#website"},"breadcrumb":{"@id":"https:\/\/www.eldigitaldeasturias.com\/noticias\/dos-heridos-en-un-accidente-de-trafico-en-castrillon\/#breadcrumblist"},"author":{"@id":"https:\/\/www.eldigitaldeasturias.com\/noticias\/author\/admin\/#author"},"creator":{"@id":"https:\/\/www.eldigitaldeasturias.com\/noticias\/author\/admin\/#author"},"image":{"@type":"ImageObject","url":"https:\/\/www.eldigitaldeasturias.com\/noticias\/wp-content\/uploads\/2026\/06\/Contenidos.jpg","@id":"https:\/\/www.eldigitaldeasturias.com\/noticias\/dos-heridos-en-un-accidente-de-trafico-en-castrillon\/#mainImage","width":1265,"height":697,"caption":"Contenidos"},"primaryImageOfPage":{"@id":"https:\/\/www.eldigitaldeasturias.com\/noticias\/dos-heridos-en-un-accidente-de-trafico-en-castrillon\/#mainImage"},"datePublished":"2014-02-07T16:06:25+01:00","dateModified":"2014-02-07T16:06:25+01:00"},{"@type":"WebSite","@id":"https:\/\/www.eldigitaldeasturias.com\/noticias\/#website","url":"https:\/\/www.eldigitaldeasturias.com\/noticias\/","name":"El Digital de Asturias - Diario de actualidad y noticias","alternateName":"El Digital de Asturias - Diario de actualidad y noticias","description":"Hemeroteca","inLanguage":"es-ES","publisher":{"@id":"https:\/\/www.eldigitaldeasturias.com\/noticias\/#organization"}}]},"og:locale":"es_ES","og:site_name":"El Digital de Asturias","og:type":"article","og:title":"Dos heridos en un accidente de tr\u00e1fico en Castrill\u00f3n - El Digital de Asturias","og:description":"Oviedo, 7 feb (EFE).- Dos personas han resultado heridas hoy, una pronostico reservado y la otra leve, tras colisionar y posteriormente volcar el veh\u00edculo en el que viajaban, por causas que se desconocen, contra un veh\u00edculo que hab\u00eda estacionado en una calle de Piedras Blancas, Castrill\u00f3n, La Sala 112 ha informado de que recibi\u00f3 un","og:url":"https:\/\/www.eldigitaldeasturias.com\/noticias\/dos-heridos-en-un-accidente-de-trafico-en-castrillon\/","og:image":"https:\/\/www.eldigitaldeasturias.com\/noticias\/wp-content\/uploads\/2026\/06\/Contenidos.jpg","og:image:secure_url":"https:\/\/www.eldigitaldeasturias.com\/noticias\/wp-content\/uploads\/2026\/06\/Contenidos.jpg","og:image:width":1265,"og:image:height":697,"article:tag":["actualidad","actualidad asturias"],"article:published_time":"2014-02-07T17:06:25+00:00","article:modified_time":"2014-02-07T17:06:25+00:00","article:publisher":"https:\/\/facebook.com\/eldigitaldeasturias","twitter:card":"summary_large_image","twitter:title":"Dos heridos en un accidente de tr\u00e1fico en Castrill\u00f3n - El Digital de Asturias","twitter:description":"Oviedo, 7 feb (EFE).- Dos personas han resultado heridas hoy, una pronostico reservado y la otra leve, tras colisionar y posteriormente volcar el veh\u00edculo en el que viajaban, por causas que se desconocen, contra un veh\u00edculo que hab\u00eda estacionado en una calle de Piedras Blancas, Castrill\u00f3n, La Sala 112 ha informado de que recibi\u00f3 un","twitter:image":"https:\/\/www.eldigitaldeasturias.com\/noticias\/wp-content\/uploads\/2026\/06\/Contenidos.jpg","twitter:label1":"Escrito por","twitter:data1":"El Digital de Asturias","twitter:label2":"Tiempo de lectura estimado","twitter:data2":"1 minuto"},"aioseo_meta_data":{"post_id":"485678","title":null,"description":null,"keywords":null,"keyphrases":null,"primary_term":null,"canonical_url":null,"og_title":null,"og_description":null,"og_object_type":"default","og_image_type":"default","og_image_url":null,"og_image_width":null,"og_image_height":null,"og_image_custom_url":null,"og_image_custom_fields":null,"og_video":null,"og_custom_url":null,"og_article_section":null,"og_article_tags":null,"twitter_use_og":true,"twitter_card":"default","twitter_image_type":"default","twitter_image_url":null,"twitter_image_custom_url":null,"twitter_image_custom_fields":null,"twitter_title":null,"twitter_description":null,"schema":{"blockGraphs":[],"customGraphs":[],"default":{"data":{"Article":[],"Course":[],"Dataset":[],"FAQPage":[],"Movie":[],"Person":[],"Product":[],"ProductReview":[],"Car":[],"Recipe":[],"Service":[],"SoftwareApplication":[],"WebPage":[]},"graphName":"","isEnabled":true},"graphs":[],"defaultGraph":"","defaultPostTypeGraph":""},"schema_type":null,"schema_type_options":null,"pillar_content":false,"robots_default":true,"robots_noindex":false,"robots_noarchive":false,"robots_nosnippet":false,"robots_nofollow":false,"robots_noimageindex":false,"robots_noodp":false,"robots_notranslate":false,"robots_max_snippet":null,"robots_max_videopreview":null,"robots_max_imagepreview":"none","priority":null,"frequency":null,"local_seo":null,"seo_analyzer_scan_date":"2026-06-02 21:26:47","breadcrumb_settings":null,"limit_modified_date":false,"open_ai":null,"ai":null,"created":"2020-11-14 22:55:24","updated":"2026-06-02 21:26:47","focus_keyword":null,"additional_keywords":null,"truseo_locale":null},"aioseo_breadcrumb":"<div class=\"aioseo-breadcrumbs\"><span class=\"aioseo-breadcrumb\">\n\t<a href=\"https:\/\/www.eldigitaldeasturias.com\/noticias\" title=\"Home\">Home<\/a>\n<\/span><span class=\"aioseo-breadcrumb-separator\">\u2013<\/span><span class=\"aioseo-breadcrumb\">\n\t<a href=\"https:\/\/www.eldigitaldeasturias.com\/noticias\/category\/actualidad\/\" title=\"Actualidad\">Actualidad<\/a>\n<\/span><span class=\"aioseo-breadcrumb-separator\">\u2013<\/span><span class=\"aioseo-breadcrumb\">\n\t<a href=\"https:\/\/www.eldigitaldeasturias.com\/noticias\/dos-heridos-en-un-accidente-de-trafico-en-castrillon\/\" title=\"Dos heridos en un accidente de tr\u00e1fico en Castrill\u00f3n\">Dos heridos en un accidente de tr\u00e1fico en Castrill\u00f3n<\/a>\n<\/span><\/div>","aioseo_breadcrumb_json":[{"label":"Home","link":"https:\/\/www.eldigitaldeasturias.com\/noticias"},{"label":"Actualidad","link":"https:\/\/www.eldigitaldeasturias.com\/noticias\/category\/actualidad\/"},{"label":"Dos heridos en un accidente de tr\u00e1fico en Castrill\u00f3n","link":"https:\/\/www.eldigitaldeasturias.com\/noticias\/dos-heridos-en-un-accidente-de-trafico-en-castrillon\/"}],"_links":{"self":[{"href":"https:\/\/www.eldigitaldeasturias.com\/noticias\/wp-json\/wp\/v2\/posts\/485678","targetHints":{"allow":["GET"]}}],"collection":[{"href":"https:\/\/www.eldigitaldeasturias.com\/noticias\/wp-json\/wp\/v2\/posts"}],"about":[{"href":"https:\/\/www.eldigitaldeasturias.com\/noticias\/wp-json\/wp\/v2\/types\/post"}],"author":[{"embeddable":true,"href":"https:\/\/www.eldigitaldeasturias.com\/noticias\/wp-json\/wp\/v2\/users\/1"}],"replies":[{"embeddable":true,"href":"https:\/\/www.eldigitaldeasturias.com\/noticias\/wp-json\/wp\/v2\/comments?post=485678"}],"version-history":[{"count":0,"href":"https:\/\/www.eldigitaldeasturias.com\/noticias\/wp-json\/wp\/v2\/posts\/485678\/revisions"}],"wp:featuredmedia":[{"embeddable":true,"href":"https:\/\/www.eldigitaldeasturias.com\/noticias\/wp-json\/wp\/v2\/media\/1132184"}],"wp:attachment":[{"href":"https:\/\/www.eldigitaldeasturias.com\/noticias\/wp-json\/wp\/v2\/media?parent=485678"}],"wp:term":[{"taxonomy":"category","embeddable":true,"href":"https:\/\/www.eldigitaldeasturias.com\/noticias\/wp-json\/wp\/v2\/categories?post=485678"},{"taxonomy":"post_tag","embeddable":true,"href":"https:\/\/www.eldigitaldeasturias.com\/noticias\/wp-json\/wp\/v2\/tags?post=485678"}],"curies":[{"name":"wp","href":"https:\/\/api.w.org\/{rel}","templated":true}]}}