{"id":485605,"date":"2014-02-07T02:50:10","date_gmt":"2014-02-07T03:50:10","guid":{"rendered":"http:\/\/www.eldigitaldeasturias.com\/noticias\/?p=485605"},"modified":"2014-02-07T02:50:10","modified_gmt":"2014-02-07T03:50:10","slug":"newey-no-tiene-ni-idea-de-si-podra-solucionar-los-problemas-de-red-bull","status":"publish","type":"post","link":"https:\/\/www.eldigitaldeasturias.com\/noticias\/newey-no-tiene-ni-idea-de-si-podra-solucionar-los-problemas-de-red-bull\/","title":{"rendered":"Newey no tiene \u00abni idea\u00bb de si podr\u00e1 solucionar los problemas de Red Bull"},"content":{"rendered":"<p><img loading=\"lazy\" decoding=\"async\" class=\"alignleft size-medium wp-image-485606\" alt=\"5918183w\" src=\"https:\/\/www.eldigitaldeasturias.com\/noticias\/wp-content\/uploads\/2014\/02\/5918183w-360x241.jpg\" width=\"360\" height=\"241\" \/>Redacci\u00f3n deportes, 6 feb (EFE).- El ingeniero Adrian Newey reconoci\u00f3 que no tiene \u00abni idea\u00bb de si podr\u00e1 solucionar los problemas del RB10 a tiempo para el Mundial de F\u00f3rmula uno, despu\u00e9s de haber ofrecido el Red Bull un bajo rendimiento en los primeros entrenamientos de pretemporada, en Jerez de la Frontera.<\/p>\n<p>\u00abRealmente no tengo ni idea de si podremos resolver el problema de forma satisfactoria\u00bb, ha declarado al diario alem\u00e1n Bild, seg\u00fan recoge el blog Bravo Fernando del diario 20 Minutos.<\/p>\n<p>El asesor del equipo Helmut Marko admiti\u00f3 que tendr\u00e1n que corregir el dise\u00f1o del monoplaza con el que el piloto alem\u00e1n Sebastian Vettel se propone conseguir su quinto t\u00edtulo mundial consecutivo.<\/p>\n<p>\u00abEs algo molesto, vamos a tener que redise\u00f1ar ciertas cosas del coche\u00bb, admiti\u00f3 Marko, quien se mostr\u00f3, de todas formas, optimista: \u00abEl concepto de Adrian ha sido bueno desde el principio. Creo que nuestro coche es muy elegante y los coches bonitos tambi\u00e9n suelen ser r\u00e1pidos\u00bb.<\/p>\n<p>\u00abSolo estamos en la primera semana de pruebas\u00bb, record\u00f3. \u00abEn 2010 el RB6 tampoco pudo rodar en la primera semana y, sin embargo, Sebastian Vettel se proclam\u00f3 campe\u00f3n por primera vez\u00bb.<\/p>\n","protected":false},"excerpt":{"rendered":"<p>Redacci\u00f3n deportes, 6 feb (EFE).- El ingeniero Adrian Newey reconoci\u00f3 que no tiene \u00abni idea\u00bb de si podr\u00e1 solucionar los problemas del RB10 a tiempo para el Mundial de F\u00f3rmula uno, despu\u00e9s de haber ofrecido el Red Bull un bajo rendimiento en los primeros entrenamientos de pretemporada, en Jerez de la Frontera. \u00abRealmente no tengo [&hellip;]<\/p>\n","protected":false},"author":1,"featured_media":485606,"comment_status":"closed","ping_status":"open","sticky":false,"template":"","format":"standard","meta":{"footnotes":""},"categories":[1],"tags":[],"class_list":["post-485605","post","type-post","status-publish","format-standard","has-post-thumbnail","hentry","category-actualidad"],"aioseo_notices":[],"aioseo_head":"\n\t\t<!-- All in One SEO Pro 5.0.1 - aioseo.com -->\n\t<meta name=\"description\" content=\"Redacci\u00f3n deportes, 6 feb (EFE).- El ingeniero Adrian Newey reconoci\u00f3 que no tiene &quot;ni idea&quot; de si podr\u00e1 solucionar los problemas del RB10 a tiempo para el Mundial de F\u00f3rmula uno, despu\u00e9s de haber ofrecido el Red Bull un bajo rendimiento en los primeros entrenamientos de pretemporada, en Jerez de la Frontera. &quot;Realmente no tengo\" \/>\n\t<meta name=\"robots\" content=\"max-image-preview:large\" \/>\n\t<meta name=\"author\" content=\"El Digital de Asturias\"\/>\n\t<meta name=\"google-site-verification\" content=\"UA-38556648-1\" \/>\n\t<meta name=\"msvalidate.01\" content=\"7dfe9f3f1b24437ab69f4f2559babe99\" \/>\n\t<meta name=\"keywords\" content=\"actualidad\" \/>\n\t<link rel=\"canonical\" href=\"https:\/\/www.eldigitaldeasturias.com\/noticias\/newey-no-tiene-ni-idea-de-si-podra-solucionar-los-problemas-de-red-bull\/\" \/>\n\t<meta name=\"generator\" content=\"All in One SEO Pro (AIOSEO) 5.0.1\" \/>\n\t\t<meta property=\"og:locale\" content=\"es_ES\" \/>\n\t\t<meta property=\"og:site_name\" content=\"El Digital de Asturias\" \/>\n\t\t<meta property=\"og:type\" content=\"article\" \/>\n\t\t<meta property=\"og:title\" content=\"Newey no tiene \u00abni idea\u00bb de si podr\u00e1 solucionar los problemas de Red Bull - El Digital de Asturias\" \/>\n\t\t<meta property=\"og:description\" content=\"Redacci\u00f3n deportes, 6 feb (EFE).- El ingeniero Adrian Newey reconoci\u00f3 que no tiene &quot;ni idea&quot; de si podr\u00e1 solucionar los problemas del RB10 a tiempo para el Mundial de F\u00f3rmula uno, despu\u00e9s de haber ofrecido el Red Bull un bajo rendimiento en los primeros entrenamientos de pretemporada, en Jerez de la Frontera. &quot;Realmente no tengo\" \/>\n\t\t<meta property=\"og:url\" content=\"https:\/\/www.eldigitaldeasturias.com\/noticias\/newey-no-tiene-ni-idea-de-si-podra-solucionar-los-problemas-de-red-bull\/\" \/>\n\t\t<meta property=\"article:tag\" content=\"actualidad\" \/>\n\t\t<meta property=\"article:published_time\" content=\"2014-02-07T03:50:10+00:00\" \/>\n\t\t<meta property=\"article:modified_time\" content=\"2014-02-07T03:50:10+00:00\" \/>\n\t\t<meta property=\"article:publisher\" content=\"https:\/\/facebook.com\/eldigitaldeasturias\" \/>\n\t\t<meta name=\"twitter:card\" content=\"summary_large_image\" \/>\n\t\t<meta name=\"twitter:title\" content=\"Newey no tiene \u00abni idea\u00bb de si podr\u00e1 solucionar los problemas de Red Bull - El Digital de Asturias\" \/>\n\t\t<meta name=\"twitter:description\" content=\"Redacci\u00f3n deportes, 6 feb (EFE).- El ingeniero Adrian Newey reconoci\u00f3 que no tiene &quot;ni idea&quot; de si podr\u00e1 solucionar los problemas del RB10 a tiempo para el Mundial de F\u00f3rmula uno, despu\u00e9s de haber ofrecido el Red Bull un bajo rendimiento en los primeros entrenamientos de pretemporada, en Jerez de la Frontera. &quot;Realmente no tengo\" \/>\n\t\t<meta name=\"twitter:label1\" content=\"Escrito por\" \/>\n\t\t<meta name=\"twitter:data1\" content=\"El Digital de Asturias\" \/>\n\t\t<meta name=\"twitter:label2\" content=\"Tiempo de lectura estimado\" \/>\n\t\t<meta name=\"twitter:data2\" content=\"1 minuto\" \/>\n\t\t<script type=\"application\/ld+json\" class=\"aioseo-schema\">\n\t\t\t{\"@context\":\"https:\\\/\\\/schema.org\",\"@graph\":[{\"@type\":\"BlogPosting\",\"@id\":\"https:\\\/\\\/www.eldigitaldeasturias.com\\\/noticias\\\/newey-no-tiene-ni-idea-de-si-podra-solucionar-los-problemas-de-red-bull\\\/#blogposting\",\"name\":\"Newey no tiene \\u00abni idea\\u00bb de si podr\\u00e1 solucionar los problemas de Red Bull - El Digital de Asturias\",\"headline\":\"Newey no tiene \\u00abni idea\\u00bb de si podr\\u00e1 solucionar los problemas de Red Bull\",\"author\":{\"@id\":\"https:\\\/\\\/www.eldigitaldeasturias.com\\\/noticias\\\/author\\\/admin\\\/#author\"},\"publisher\":{\"@id\":\"https:\\\/\\\/www.eldigitaldeasturias.com\\\/noticias\\\/#organization\"},\"image\":{\"@type\":\"ImageObject\",\"url\":485606},\"datePublished\":\"2014-02-07T02:50:10+01:00\",\"dateModified\":\"2014-02-07T02:50:10+01:00\",\"inLanguage\":\"es-ES\",\"mainEntityOfPage\":{\"@id\":\"https:\\\/\\\/www.eldigitaldeasturias.com\\\/noticias\\\/newey-no-tiene-ni-idea-de-si-podra-solucionar-los-problemas-de-red-bull\\\/#webpage\"},\"isPartOf\":{\"@id\":\"https:\\\/\\\/www.eldigitaldeasturias.com\\\/noticias\\\/newey-no-tiene-ni-idea-de-si-podra-solucionar-los-problemas-de-red-bull\\\/#webpage\"},\"articleSection\":\"Actualidad\"},{\"@type\":\"BreadcrumbList\",\"@id\":\"https:\\\/\\\/www.eldigitaldeasturias.com\\\/noticias\\\/newey-no-tiene-ni-idea-de-si-podra-solucionar-los-problemas-de-red-bull\\\/#breadcrumblist\",\"itemListElement\":[{\"@type\":\"ListItem\",\"@id\":\"https:\\\/\\\/www.eldigitaldeasturias.com\\\/noticias#listItem\",\"position\":1,\"name\":\"Home\",\"item\":\"https:\\\/\\\/www.eldigitaldeasturias.com\\\/noticias\",\"nextItem\":{\"@type\":\"ListItem\",\"@id\":\"https:\\\/\\\/www.eldigitaldeasturias.com\\\/noticias\\\/category\\\/actualidad\\\/#listItem\",\"name\":\"Actualidad\"}},{\"@type\":\"ListItem\",\"@id\":\"https:\\\/\\\/www.eldigitaldeasturias.com\\\/noticias\\\/category\\\/actualidad\\\/#listItem\",\"position\":2,\"name\":\"Actualidad\",\"item\":\"https:\\\/\\\/www.eldigitaldeasturias.com\\\/noticias\\\/category\\\/actualidad\\\/\",\"nextItem\":{\"@type\":\"ListItem\",\"@id\":\"https:\\\/\\\/www.eldigitaldeasturias.com\\\/noticias\\\/newey-no-tiene-ni-idea-de-si-podra-solucionar-los-problemas-de-red-bull\\\/#listItem\",\"name\":\"Newey no tiene \\u00abni idea\\u00bb de si podr\\u00e1 solucionar los problemas de Red Bull\"},\"previousItem\":{\"@type\":\"ListItem\",\"@id\":\"https:\\\/\\\/www.eldigitaldeasturias.com\\\/noticias#listItem\",\"name\":\"Home\"}},{\"@type\":\"ListItem\",\"@id\":\"https:\\\/\\\/www.eldigitaldeasturias.com\\\/noticias\\\/newey-no-tiene-ni-idea-de-si-podra-solucionar-los-problemas-de-red-bull\\\/#listItem\",\"position\":3,\"name\":\"Newey no tiene \\u00abni idea\\u00bb de si podr\\u00e1 solucionar los problemas de Red Bull\",\"previousItem\":{\"@type\":\"ListItem\",\"@id\":\"https:\\\/\\\/www.eldigitaldeasturias.com\\\/noticias\\\/category\\\/actualidad\\\/#listItem\",\"name\":\"Actualidad\"}}]},{\"@type\":\"Organization\",\"@id\":\"https:\\\/\\\/www.eldigitaldeasturias.com\\\/noticias\\\/#organization\",\"name\":\"El Digital de Asturias\",\"description\":\"Hemeroteca\",\"url\":\"https:\\\/\\\/www.eldigitaldeasturias.com\\\/noticias\\\/\",\"email\":\"info@eldigitaldeasturias.com\",\"telephone\":\"+34652131393\",\"logo\":{\"@type\":\"ImageObject\",\"url\":\"https:\\\/\\\/www.eldigitaldeasturias.com\\\/noticias\\\/wp-content\\\/uploads\\\/2020\\\/12\\\/EDA.jpg\",\"@id\":\"https:\\\/\\\/www.eldigitaldeasturias.com\\\/noticias\\\/newey-no-tiene-ni-idea-de-si-podra-solucionar-los-problemas-de-red-bull\\\/#organizationLogo\"},\"image\":{\"@id\":\"https:\\\/\\\/www.eldigitaldeasturias.com\\\/noticias\\\/newey-no-tiene-ni-idea-de-si-podra-solucionar-los-problemas-de-red-bull\\\/#organizationLogo\"},\"sameAs\":[\"https:\\\/\\\/facebook.com\\\/eldigitaldeasturias\",\"https:\\\/\\\/www.youtube.com\\\/channel\\\/UCZP-2wLEB9Rv6erhFmqVnvg\"],\"address\":{\"@id\":\"https:\\\/\\\/www.eldigitaldeasturias.com\\\/noticias\\\/#postaladdress\",\"@type\":\"PostalAddress\",\"streetAddress\":\"san antonio 4\",\"postalCode\":\"33430\",\"addressLocality\":\"Cand\\u00e1s\",\"addressRegion\":\"Asturias\",\"addressCountry\":\"ES\"}},{\"@type\":\"Person\",\"@id\":\"https:\\\/\\\/www.eldigitaldeasturias.com\\\/noticias\\\/author\\\/admin\\\/#author\",\"url\":\"https:\\\/\\\/www.eldigitaldeasturias.com\\\/noticias\\\/author\\\/admin\\\/\",\"name\":\"El Digital de Asturias\",\"image\":{\"@type\":\"ImageObject\",\"@id\":\"https:\\\/\\\/www.eldigitaldeasturias.com\\\/noticias\\\/newey-no-tiene-ni-idea-de-si-podra-solucionar-los-problemas-de-red-bull\\\/#authorImage\",\"url\":\"https:\\\/\\\/secure.gravatar.com\\\/avatar\\\/df2aeffc32bcd13f8d26072ef8a91b623d677766deac7f97ca815868cd41bf5e?s=96&d=mm&r=g\",\"width\":96,\"height\":96,\"caption\":\"El Digital de Asturias\"}},{\"@type\":\"WebPage\",\"@id\":\"https:\\\/\\\/www.eldigitaldeasturias.com\\\/noticias\\\/newey-no-tiene-ni-idea-de-si-podra-solucionar-los-problemas-de-red-bull\\\/#webpage\",\"url\":\"https:\\\/\\\/www.eldigitaldeasturias.com\\\/noticias\\\/newey-no-tiene-ni-idea-de-si-podra-solucionar-los-problemas-de-red-bull\\\/\",\"name\":\"Newey no tiene \\u00abni idea\\u00bb de si podr\\u00e1 solucionar los problemas de Red Bull - El Digital de Asturias\",\"description\":\"Redacci\\u00f3n deportes, 6 feb (EFE).- El ingeniero Adrian Newey reconoci\\u00f3 que no tiene \\\"ni idea\\\" de si podr\\u00e1 solucionar los problemas del RB10 a tiempo para el Mundial de F\\u00f3rmula uno, despu\\u00e9s de haber ofrecido el Red Bull un bajo rendimiento en los primeros entrenamientos de pretemporada, en Jerez de la Frontera. \\\"Realmente no tengo\",\"inLanguage\":\"es-ES\",\"isPartOf\":{\"@id\":\"https:\\\/\\\/www.eldigitaldeasturias.com\\\/noticias\\\/#website\"},\"breadcrumb\":{\"@id\":\"https:\\\/\\\/www.eldigitaldeasturias.com\\\/noticias\\\/newey-no-tiene-ni-idea-de-si-podra-solucionar-los-problemas-de-red-bull\\\/#breadcrumblist\"},\"author\":{\"@id\":\"https:\\\/\\\/www.eldigitaldeasturias.com\\\/noticias\\\/author\\\/admin\\\/#author\"},\"creator\":{\"@id\":\"https:\\\/\\\/www.eldigitaldeasturias.com\\\/noticias\\\/author\\\/admin\\\/#author\"},\"image\":{\"@type\":\"ImageObject\",\"url\":485606,\"@id\":\"https:\\\/\\\/www.eldigitaldeasturias.com\\\/noticias\\\/newey-no-tiene-ni-idea-de-si-podra-solucionar-los-problemas-de-red-bull\\\/#mainImage\"},\"primaryImageOfPage\":{\"@id\":\"https:\\\/\\\/www.eldigitaldeasturias.com\\\/noticias\\\/newey-no-tiene-ni-idea-de-si-podra-solucionar-los-problemas-de-red-bull\\\/#mainImage\"},\"datePublished\":\"2014-02-07T02:50:10+01:00\",\"dateModified\":\"2014-02-07T02:50:10+01:00\"},{\"@type\":\"WebSite\",\"@id\":\"https:\\\/\\\/www.eldigitaldeasturias.com\\\/noticias\\\/#website\",\"url\":\"https:\\\/\\\/www.eldigitaldeasturias.com\\\/noticias\\\/\",\"name\":\"El Digital de Asturias - Diario de actualidad y noticias\",\"alternateName\":\"El Digital de Asturias - Diario de actualidad y noticias\",\"description\":\"Hemeroteca\",\"inLanguage\":\"es-ES\",\"publisher\":{\"@id\":\"https:\\\/\\\/www.eldigitaldeasturias.com\\\/noticias\\\/#organization\"}}]}\n\t\t<\/script>\n\t\t<!-- All in One SEO Pro -->\r\n\t\t<title>Newey no tiene \u00abni idea\u00bb de si podr\u00e1 solucionar los problemas de Red Bull - El Digital de Asturias<\/title>\n\n","aioseo_head_json":{"title":"Newey no tiene \u00abni idea\u00bb de si podr\u00e1 solucionar los problemas de Red Bull - El Digital de Asturias","description":"Redacci\u00f3n deportes, 6 feb (EFE).- El ingeniero Adrian Newey reconoci\u00f3 que no tiene \"ni idea\" de si podr\u00e1 solucionar los problemas del RB10 a tiempo para el Mundial de F\u00f3rmula uno, despu\u00e9s de haber ofrecido el Red Bull un bajo rendimiento en los primeros entrenamientos de pretemporada, en Jerez de la Frontera. \"Realmente no tengo","canonical_url":"https:\/\/www.eldigitaldeasturias.com\/noticias\/newey-no-tiene-ni-idea-de-si-podra-solucionar-los-problemas-de-red-bull\/","robots":"max-image-preview:large","keywords":"actualidad","webmasterTools":{"google-site-verification":"UA-38556648-1","msvalidate.01":"7dfe9f3f1b24437ab69f4f2559babe99","miscellaneous":""},"schema":{"@context":"https:\/\/schema.org","@graph":[{"@type":"BlogPosting","@id":"https:\/\/www.eldigitaldeasturias.com\/noticias\/newey-no-tiene-ni-idea-de-si-podra-solucionar-los-problemas-de-red-bull\/#blogposting","name":"Newey no tiene \u00abni idea\u00bb de si podr\u00e1 solucionar los problemas de Red Bull - El Digital de Asturias","headline":"Newey no tiene \u00abni idea\u00bb de si podr\u00e1 solucionar los problemas de Red Bull","author":{"@id":"https:\/\/www.eldigitaldeasturias.com\/noticias\/author\/admin\/#author"},"publisher":{"@id":"https:\/\/www.eldigitaldeasturias.com\/noticias\/#organization"},"image":{"@type":"ImageObject","url":485606},"datePublished":"2014-02-07T02:50:10+01:00","dateModified":"2014-02-07T02:50:10+01:00","inLanguage":"es-ES","mainEntityOfPage":{"@id":"https:\/\/www.eldigitaldeasturias.com\/noticias\/newey-no-tiene-ni-idea-de-si-podra-solucionar-los-problemas-de-red-bull\/#webpage"},"isPartOf":{"@id":"https:\/\/www.eldigitaldeasturias.com\/noticias\/newey-no-tiene-ni-idea-de-si-podra-solucionar-los-problemas-de-red-bull\/#webpage"},"articleSection":"Actualidad"},{"@type":"BreadcrumbList","@id":"https:\/\/www.eldigitaldeasturias.com\/noticias\/newey-no-tiene-ni-idea-de-si-podra-solucionar-los-problemas-de-red-bull\/#breadcrumblist","itemListElement":[{"@type":"ListItem","@id":"https:\/\/www.eldigitaldeasturias.com\/noticias#listItem","position":1,"name":"Home","item":"https:\/\/www.eldigitaldeasturias.com\/noticias","nextItem":{"@type":"ListItem","@id":"https:\/\/www.eldigitaldeasturias.com\/noticias\/category\/actualidad\/#listItem","name":"Actualidad"}},{"@type":"ListItem","@id":"https:\/\/www.eldigitaldeasturias.com\/noticias\/category\/actualidad\/#listItem","position":2,"name":"Actualidad","item":"https:\/\/www.eldigitaldeasturias.com\/noticias\/category\/actualidad\/","nextItem":{"@type":"ListItem","@id":"https:\/\/www.eldigitaldeasturias.com\/noticias\/newey-no-tiene-ni-idea-de-si-podra-solucionar-los-problemas-de-red-bull\/#listItem","name":"Newey no tiene \u00abni idea\u00bb de si podr\u00e1 solucionar los problemas de Red Bull"},"previousItem":{"@type":"ListItem","@id":"https:\/\/www.eldigitaldeasturias.com\/noticias#listItem","name":"Home"}},{"@type":"ListItem","@id":"https:\/\/www.eldigitaldeasturias.com\/noticias\/newey-no-tiene-ni-idea-de-si-podra-solucionar-los-problemas-de-red-bull\/#listItem","position":3,"name":"Newey no tiene \u00abni idea\u00bb de si podr\u00e1 solucionar los problemas de Red Bull","previousItem":{"@type":"ListItem","@id":"https:\/\/www.eldigitaldeasturias.com\/noticias\/category\/actualidad\/#listItem","name":"Actualidad"}}]},{"@type":"Organization","@id":"https:\/\/www.eldigitaldeasturias.com\/noticias\/#organization","name":"El Digital de Asturias","description":"Hemeroteca","url":"https:\/\/www.eldigitaldeasturias.com\/noticias\/","email":"info@eldigitaldeasturias.com","telephone":"+34652131393","logo":{"@type":"ImageObject","url":"https:\/\/www.eldigitaldeasturias.com\/noticias\/wp-content\/uploads\/2020\/12\/EDA.jpg","@id":"https:\/\/www.eldigitaldeasturias.com\/noticias\/newey-no-tiene-ni-idea-de-si-podra-solucionar-los-problemas-de-red-bull\/#organizationLogo"},"image":{"@id":"https:\/\/www.eldigitaldeasturias.com\/noticias\/newey-no-tiene-ni-idea-de-si-podra-solucionar-los-problemas-de-red-bull\/#organizationLogo"},"sameAs":["https:\/\/facebook.com\/eldigitaldeasturias","https:\/\/www.youtube.com\/channel\/UCZP-2wLEB9Rv6erhFmqVnvg"],"address":{"@id":"https:\/\/www.eldigitaldeasturias.com\/noticias\/#postaladdress","@type":"PostalAddress","streetAddress":"san antonio 4","postalCode":"33430","addressLocality":"Cand\u00e1s","addressRegion":"Asturias","addressCountry":"ES"}},{"@type":"Person","@id":"https:\/\/www.eldigitaldeasturias.com\/noticias\/author\/admin\/#author","url":"https:\/\/www.eldigitaldeasturias.com\/noticias\/author\/admin\/","name":"El Digital de Asturias","image":{"@type":"ImageObject","@id":"https:\/\/www.eldigitaldeasturias.com\/noticias\/newey-no-tiene-ni-idea-de-si-podra-solucionar-los-problemas-de-red-bull\/#authorImage","url":"https:\/\/secure.gravatar.com\/avatar\/df2aeffc32bcd13f8d26072ef8a91b623d677766deac7f97ca815868cd41bf5e?s=96&d=mm&r=g","width":96,"height":96,"caption":"El Digital de Asturias"}},{"@type":"WebPage","@id":"https:\/\/www.eldigitaldeasturias.com\/noticias\/newey-no-tiene-ni-idea-de-si-podra-solucionar-los-problemas-de-red-bull\/#webpage","url":"https:\/\/www.eldigitaldeasturias.com\/noticias\/newey-no-tiene-ni-idea-de-si-podra-solucionar-los-problemas-de-red-bull\/","name":"Newey no tiene \u00abni idea\u00bb de si podr\u00e1 solucionar los problemas de Red Bull - El Digital de Asturias","description":"Redacci\u00f3n deportes, 6 feb (EFE).- El ingeniero Adrian Newey reconoci\u00f3 que no tiene \"ni idea\" de si podr\u00e1 solucionar los problemas del RB10 a tiempo para el Mundial de F\u00f3rmula uno, despu\u00e9s de haber ofrecido el Red Bull un bajo rendimiento en los primeros entrenamientos de pretemporada, en Jerez de la Frontera. \"Realmente no tengo","inLanguage":"es-ES","isPartOf":{"@id":"https:\/\/www.eldigitaldeasturias.com\/noticias\/#website"},"breadcrumb":{"@id":"https:\/\/www.eldigitaldeasturias.com\/noticias\/newey-no-tiene-ni-idea-de-si-podra-solucionar-los-problemas-de-red-bull\/#breadcrumblist"},"author":{"@id":"https:\/\/www.eldigitaldeasturias.com\/noticias\/author\/admin\/#author"},"creator":{"@id":"https:\/\/www.eldigitaldeasturias.com\/noticias\/author\/admin\/#author"},"image":{"@type":"ImageObject","url":485606,"@id":"https:\/\/www.eldigitaldeasturias.com\/noticias\/newey-no-tiene-ni-idea-de-si-podra-solucionar-los-problemas-de-red-bull\/#mainImage"},"primaryImageOfPage":{"@id":"https:\/\/www.eldigitaldeasturias.com\/noticias\/newey-no-tiene-ni-idea-de-si-podra-solucionar-los-problemas-de-red-bull\/#mainImage"},"datePublished":"2014-02-07T02:50:10+01:00","dateModified":"2014-02-07T02:50:10+01:00"},{"@type":"WebSite","@id":"https:\/\/www.eldigitaldeasturias.com\/noticias\/#website","url":"https:\/\/www.eldigitaldeasturias.com\/noticias\/","name":"El Digital de Asturias - Diario de actualidad y noticias","alternateName":"El Digital de Asturias - Diario de actualidad y noticias","description":"Hemeroteca","inLanguage":"es-ES","publisher":{"@id":"https:\/\/www.eldigitaldeasturias.com\/noticias\/#organization"}}]},"og:locale":"es_ES","og:site_name":"El Digital de Asturias","og:type":"article","og:title":"Newey no tiene \u00abni idea\u00bb de si podr\u00e1 solucionar los problemas de Red Bull - El Digital de Asturias","og:description":"Redacci\u00f3n deportes, 6 feb (EFE).- El ingeniero Adrian Newey reconoci\u00f3 que no tiene &quot;ni idea&quot; de si podr\u00e1 solucionar los problemas del RB10 a tiempo para el Mundial de F\u00f3rmula uno, despu\u00e9s de haber ofrecido el Red Bull un bajo rendimiento en los primeros entrenamientos de pretemporada, en Jerez de la Frontera. &quot;Realmente no tengo","og:url":"https:\/\/www.eldigitaldeasturias.com\/noticias\/newey-no-tiene-ni-idea-de-si-podra-solucionar-los-problemas-de-red-bull\/","article:tag":["actualidad"],"article:published_time":"2014-02-07T03:50:10+00:00","article:modified_time":"2014-02-07T03:50:10+00:00","article:publisher":"https:\/\/facebook.com\/eldigitaldeasturias","twitter:card":"summary_large_image","twitter:title":"Newey no tiene \u00abni idea\u00bb de si podr\u00e1 solucionar los problemas de Red Bull - El Digital de Asturias","twitter:description":"Redacci\u00f3n deportes, 6 feb (EFE).- El ingeniero Adrian Newey reconoci\u00f3 que no tiene &quot;ni idea&quot; de si podr\u00e1 solucionar los problemas del RB10 a tiempo para el Mundial de F\u00f3rmula uno, despu\u00e9s de haber ofrecido el Red Bull un bajo rendimiento en los primeros entrenamientos de pretemporada, en Jerez de la Frontera. &quot;Realmente no tengo","twitter:label1":"Escrito por","twitter:data1":"El Digital de Asturias","twitter:label2":"Tiempo de lectura estimado","twitter:data2":"1 minuto"},"aioseo_meta_data":{"post_id":"485605","title":null,"description":null,"keywords":null,"keyphrases":null,"primary_term":null,"canonical_url":null,"og_title":null,"og_description":null,"og_object_type":"default","og_image_type":"default","og_image_url":null,"og_image_width":null,"og_image_height":null,"og_image_custom_url":null,"og_image_custom_fields":null,"og_video":null,"og_custom_url":null,"og_article_section":null,"og_article_tags":null,"twitter_use_og":true,"twitter_card":"default","twitter_image_type":"default","twitter_image_url":null,"twitter_image_custom_url":null,"twitter_image_custom_fields":null,"twitter_title":null,"twitter_description":null,"schema":{"blockGraphs":[],"customGraphs":[],"default":{"data":{"Article":[],"Course":[],"Dataset":[],"FAQPage":[],"Movie":[],"Person":[],"Product":[],"ProductReview":[],"Car":[],"Recipe":[],"Service":[],"SoftwareApplication":[],"WebPage":[]},"graphName":"","isEnabled":true},"graphs":[],"defaultGraph":"","defaultPostTypeGraph":""},"schema_type":null,"schema_type_options":null,"pillar_content":false,"robots_default":true,"robots_noindex":false,"robots_noarchive":false,"robots_nosnippet":false,"robots_nofollow":false,"robots_noimageindex":false,"robots_noodp":false,"robots_notranslate":false,"robots_max_snippet":null,"robots_max_videopreview":null,"robots_max_imagepreview":"none","priority":null,"frequency":null,"local_seo":null,"seo_analyzer_scan_date":"2026-06-02 21:01:05","breadcrumb_settings":null,"limit_modified_date":false,"open_ai":null,"ai":null,"created":"2020-11-14 22:55:16","updated":"2026-06-02 21:01:05","focus_keyword":null,"additional_keywords":null,"truseo_locale":null},"aioseo_breadcrumb":"<div class=\"aioseo-breadcrumbs\"><span class=\"aioseo-breadcrumb\">\n\t<a href=\"https:\/\/www.eldigitaldeasturias.com\/noticias\" title=\"Home\">Home<\/a>\n<\/span><span class=\"aioseo-breadcrumb-separator\">\u2013<\/span><span class=\"aioseo-breadcrumb\">\n\t<a href=\"https:\/\/www.eldigitaldeasturias.com\/noticias\/category\/actualidad\/\" title=\"Actualidad\">Actualidad<\/a>\n<\/span><span class=\"aioseo-breadcrumb-separator\">\u2013<\/span><span class=\"aioseo-breadcrumb\">\n\t<a href=\"https:\/\/www.eldigitaldeasturias.com\/noticias\/newey-no-tiene-ni-idea-de-si-podra-solucionar-los-problemas-de-red-bull\/\" title=\"Newey no tiene \u00abni idea\u00bb de si podr\u00e1 solucionar los problemas de Red Bull\">Newey no tiene \u00abni idea\u00bb de si podr\u00e1 solucionar los problemas de Red Bull<\/a>\n<\/span><\/div>","aioseo_breadcrumb_json":[{"label":"Home","link":"https:\/\/www.eldigitaldeasturias.com\/noticias"},{"label":"Actualidad","link":"https:\/\/www.eldigitaldeasturias.com\/noticias\/category\/actualidad\/"},{"label":"Newey no tiene \u00abni idea\u00bb de si podr\u00e1 solucionar los problemas de Red Bull","link":"https:\/\/www.eldigitaldeasturias.com\/noticias\/newey-no-tiene-ni-idea-de-si-podra-solucionar-los-problemas-de-red-bull\/"}],"_links":{"self":[{"href":"https:\/\/www.eldigitaldeasturias.com\/noticias\/wp-json\/wp\/v2\/posts\/485605","targetHints":{"allow":["GET"]}}],"collection":[{"href":"https:\/\/www.eldigitaldeasturias.com\/noticias\/wp-json\/wp\/v2\/posts"}],"about":[{"href":"https:\/\/www.eldigitaldeasturias.com\/noticias\/wp-json\/wp\/v2\/types\/post"}],"author":[{"embeddable":true,"href":"https:\/\/www.eldigitaldeasturias.com\/noticias\/wp-json\/wp\/v2\/users\/1"}],"replies":[{"embeddable":true,"href":"https:\/\/www.eldigitaldeasturias.com\/noticias\/wp-json\/wp\/v2\/comments?post=485605"}],"version-history":[{"count":0,"href":"https:\/\/www.eldigitaldeasturias.com\/noticias\/wp-json\/wp\/v2\/posts\/485605\/revisions"}],"wp:attachment":[{"href":"https:\/\/www.eldigitaldeasturias.com\/noticias\/wp-json\/wp\/v2\/media?parent=485605"}],"wp:term":[{"taxonomy":"category","embeddable":true,"href":"https:\/\/www.eldigitaldeasturias.com\/noticias\/wp-json\/wp\/v2\/categories?post=485605"},{"taxonomy":"post_tag","embeddable":true,"href":"https:\/\/www.eldigitaldeasturias.com\/noticias\/wp-json\/wp\/v2\/tags?post=485605"}],"curies":[{"name":"wp","href":"https:\/\/api.w.org\/{rel}","templated":true}]}}