{"id":485578,"date":"2014-02-07T02:39:18","date_gmt":"2014-02-07T03:39:18","guid":{"rendered":"http:\/\/www.eldigitaldeasturias.com\/noticias\/?p=485578"},"modified":"2014-02-07T02:39:18","modified_gmt":"2014-02-07T03:39:18","slug":"ogier-termina-como-lider-la-primera-jornada","status":"publish","type":"post","link":"https:\/\/www.eldigitaldeasturias.com\/noticias\/ogier-termina-como-lider-la-primera-jornada\/","title":{"rendered":"Ogier termina como l\u00edder la primera jornada"},"content":{"rendered":"<p><img loading=\"lazy\" decoding=\"async\" class=\"alignleft size-medium wp-image-485579\" alt=\"5918040w\" src=\"https:\/\/www.eldigitaldeasturias.com\/noticias\/wp-content\/uploads\/2014\/02\/5918040w-360x246.jpg\" width=\"360\" height=\"246\" \/>Redacci\u00f3n deportes, 6 feb (EFE).- El franc\u00e9s Sebastien Ogier, l\u00edder del Mundial, termin\u00f3 la primera jornada en el Rally de Suecia al frente de la general, despu\u00e9s de alternarse en el liderazgo durante todo el d\u00eda con el noruego Andreas Mikkelsen.<\/p>\n<p>Los dos pilotos de Volkswagen sostuvieron un emocionante duelo a lo largo de los seis tramos de la jornada. En el \u00faltimo, de 7,03 kil\u00f3metros, Ogier recuper\u00f3 el primer puesto, que hab\u00eda cedido a Mikkelsen en la especial anterior.<\/p>\n<p>Ogier, actual campe\u00f3n del mundo de Rallys, cerr\u00f3 la jornada del jueves con 5,8 segundos de ventaja sobre Mikkelsen. El podio provisional lo completa el finland\u00e9s Jari-Matti Latvala (Volkswagen Polo).<\/p>\n<p>Ott Tanak, la sorpresa de la jornada, complet\u00f3 el d\u00eda a solo 2,6 segundos del tercer clasificado.<\/p>\n<p>El Rally de Suecia continuar\u00e1 este viernes con nueve tramos especiales, entre las 8.00 y las 19.00 horas.<\/p>\n<p>&nbsp;<\/p>\n<p>&#8212; Clasificaci\u00f3n tras la primera jornada:<\/p>\n<p>.1. Sebastien Ogier (FRA-Volkswagen) 39:56.5<\/p>\n<p>.2. Andreas Mikkelsen (NOR-Volkswagen) a 5.8<\/p>\n<p>.3. Jari-Matti Latvala (FIN-Volkswagen) a 12.2<\/p>\n<p>.4. Ott Tanak (EST-Ford) a 14.8<\/p>\n<p>.5. Mads Ostberg (NOR-Citroen) a 22.5<\/p>\n<p>.6. Mikko Hirvonen (FIN-Ford) a 22.5<\/p>\n<p>.7. Thierry Neuville (BEL-Hyundai) a 32.0<\/p>\n","protected":false},"excerpt":{"rendered":"<p>Redacci\u00f3n deportes, 6 feb (EFE).- El franc\u00e9s Sebastien Ogier, l\u00edder del Mundial, termin\u00f3 la primera jornada en el Rally de Suecia al frente de la general, despu\u00e9s de alternarse en el liderazgo durante todo el d\u00eda con el noruego Andreas Mikkelsen. Los dos pilotos de Volkswagen sostuvieron un emocionante duelo a lo largo de los [&hellip;]<\/p>\n","protected":false},"author":1,"featured_media":485579,"comment_status":"closed","ping_status":"open","sticky":false,"template":"","format":"standard","meta":{"footnotes":""},"categories":[1],"tags":[],"class_list":["post-485578","post","type-post","status-publish","format-standard","has-post-thumbnail","hentry","category-actualidad"],"aioseo_notices":[],"aioseo_head":"\n\t\t<!-- All in One SEO Pro 5.0.1 - aioseo.com -->\n\t<meta name=\"description\" content=\"Redacci\u00f3n deportes, 6 feb (EFE).- El franc\u00e9s Sebastien Ogier, l\u00edder del Mundial, termin\u00f3 la primera jornada en el Rally de Suecia al frente de la general, despu\u00e9s de alternarse en el liderazgo durante todo el d\u00eda con el noruego Andreas Mikkelsen. Los dos pilotos de Volkswagen sostuvieron un emocionante duelo a lo largo de los\" \/>\n\t<meta name=\"robots\" content=\"max-image-preview:large\" \/>\n\t<meta name=\"author\" content=\"El Digital de Asturias\"\/>\n\t<meta name=\"google-site-verification\" content=\"UA-38556648-1\" \/>\n\t<meta name=\"msvalidate.01\" content=\"7dfe9f3f1b24437ab69f4f2559babe99\" \/>\n\t<meta name=\"keywords\" content=\"actualidad\" \/>\n\t<link rel=\"canonical\" href=\"https:\/\/www.eldigitaldeasturias.com\/noticias\/ogier-termina-como-lider-la-primera-jornada\/\" \/>\n\t<meta name=\"generator\" content=\"All in One SEO Pro (AIOSEO) 5.0.1\" \/>\n\t\t<meta property=\"og:locale\" content=\"es_ES\" \/>\n\t\t<meta property=\"og:site_name\" content=\"El Digital de Asturias\" \/>\n\t\t<meta property=\"og:type\" content=\"article\" \/>\n\t\t<meta property=\"og:title\" content=\"Ogier termina como l\u00edder la primera jornada - El Digital de Asturias\" \/>\n\t\t<meta property=\"og:description\" content=\"Redacci\u00f3n deportes, 6 feb (EFE).- El franc\u00e9s Sebastien Ogier, l\u00edder del Mundial, termin\u00f3 la primera jornada en el Rally de Suecia al frente de la general, despu\u00e9s de alternarse en el liderazgo durante todo el d\u00eda con el noruego Andreas Mikkelsen. Los dos pilotos de Volkswagen sostuvieron un emocionante duelo a lo largo de los\" \/>\n\t\t<meta property=\"og:url\" content=\"https:\/\/www.eldigitaldeasturias.com\/noticias\/ogier-termina-como-lider-la-primera-jornada\/\" \/>\n\t\t<meta property=\"article:tag\" content=\"actualidad\" \/>\n\t\t<meta property=\"article:published_time\" content=\"2014-02-07T03:39:18+00:00\" \/>\n\t\t<meta property=\"article:modified_time\" content=\"2014-02-07T03:39:18+00:00\" \/>\n\t\t<meta property=\"article:publisher\" content=\"https:\/\/facebook.com\/eldigitaldeasturias\" \/>\n\t\t<meta name=\"twitter:card\" content=\"summary_large_image\" \/>\n\t\t<meta name=\"twitter:title\" content=\"Ogier termina como l\u00edder la primera jornada - El Digital de Asturias\" \/>\n\t\t<meta name=\"twitter:description\" content=\"Redacci\u00f3n deportes, 6 feb (EFE).- El franc\u00e9s Sebastien Ogier, l\u00edder del Mundial, termin\u00f3 la primera jornada en el Rally de Suecia al frente de la general, despu\u00e9s de alternarse en el liderazgo durante todo el d\u00eda con el noruego Andreas Mikkelsen. Los dos pilotos de Volkswagen sostuvieron un emocionante duelo a lo largo de los\" \/>\n\t\t<meta name=\"twitter:label1\" content=\"Escrito por\" \/>\n\t\t<meta name=\"twitter:data1\" content=\"El Digital de Asturias\" \/>\n\t\t<meta name=\"twitter:label2\" content=\"Tiempo de lectura estimado\" \/>\n\t\t<meta name=\"twitter:data2\" content=\"1 minuto\" \/>\n\t\t<script type=\"application\/ld+json\" class=\"aioseo-schema\">\n\t\t\t{\"@context\":\"https:\\\/\\\/schema.org\",\"@graph\":[{\"@type\":\"BlogPosting\",\"@id\":\"https:\\\/\\\/www.eldigitaldeasturias.com\\\/noticias\\\/ogier-termina-como-lider-la-primera-jornada\\\/#blogposting\",\"name\":\"Ogier termina como l\\u00edder la primera jornada - El Digital de Asturias\",\"headline\":\"Ogier termina como l\\u00edder la primera jornada\",\"author\":{\"@id\":\"https:\\\/\\\/www.eldigitaldeasturias.com\\\/noticias\\\/author\\\/admin\\\/#author\"},\"publisher\":{\"@id\":\"https:\\\/\\\/www.eldigitaldeasturias.com\\\/noticias\\\/#organization\"},\"image\":{\"@type\":\"ImageObject\",\"url\":485579},\"datePublished\":\"2014-02-07T02:39:18+01:00\",\"dateModified\":\"2014-02-07T02:39:18+01:00\",\"inLanguage\":\"es-ES\",\"mainEntityOfPage\":{\"@id\":\"https:\\\/\\\/www.eldigitaldeasturias.com\\\/noticias\\\/ogier-termina-como-lider-la-primera-jornada\\\/#webpage\"},\"isPartOf\":{\"@id\":\"https:\\\/\\\/www.eldigitaldeasturias.com\\\/noticias\\\/ogier-termina-como-lider-la-primera-jornada\\\/#webpage\"},\"articleSection\":\"Actualidad\"},{\"@type\":\"BreadcrumbList\",\"@id\":\"https:\\\/\\\/www.eldigitaldeasturias.com\\\/noticias\\\/ogier-termina-como-lider-la-primera-jornada\\\/#breadcrumblist\",\"itemListElement\":[{\"@type\":\"ListItem\",\"@id\":\"https:\\\/\\\/www.eldigitaldeasturias.com\\\/noticias#listItem\",\"position\":1,\"name\":\"Home\",\"item\":\"https:\\\/\\\/www.eldigitaldeasturias.com\\\/noticias\",\"nextItem\":{\"@type\":\"ListItem\",\"@id\":\"https:\\\/\\\/www.eldigitaldeasturias.com\\\/noticias\\\/category\\\/actualidad\\\/#listItem\",\"name\":\"Actualidad\"}},{\"@type\":\"ListItem\",\"@id\":\"https:\\\/\\\/www.eldigitaldeasturias.com\\\/noticias\\\/category\\\/actualidad\\\/#listItem\",\"position\":2,\"name\":\"Actualidad\",\"item\":\"https:\\\/\\\/www.eldigitaldeasturias.com\\\/noticias\\\/category\\\/actualidad\\\/\",\"nextItem\":{\"@type\":\"ListItem\",\"@id\":\"https:\\\/\\\/www.eldigitaldeasturias.com\\\/noticias\\\/ogier-termina-como-lider-la-primera-jornada\\\/#listItem\",\"name\":\"Ogier termina como l\\u00edder la primera jornada\"},\"previousItem\":{\"@type\":\"ListItem\",\"@id\":\"https:\\\/\\\/www.eldigitaldeasturias.com\\\/noticias#listItem\",\"name\":\"Home\"}},{\"@type\":\"ListItem\",\"@id\":\"https:\\\/\\\/www.eldigitaldeasturias.com\\\/noticias\\\/ogier-termina-como-lider-la-primera-jornada\\\/#listItem\",\"position\":3,\"name\":\"Ogier termina como l\\u00edder la primera jornada\",\"previousItem\":{\"@type\":\"ListItem\",\"@id\":\"https:\\\/\\\/www.eldigitaldeasturias.com\\\/noticias\\\/category\\\/actualidad\\\/#listItem\",\"name\":\"Actualidad\"}}]},{\"@type\":\"Organization\",\"@id\":\"https:\\\/\\\/www.eldigitaldeasturias.com\\\/noticias\\\/#organization\",\"name\":\"El Digital de Asturias\",\"description\":\"Hemeroteca\",\"url\":\"https:\\\/\\\/www.eldigitaldeasturias.com\\\/noticias\\\/\",\"email\":\"info@eldigitaldeasturias.com\",\"telephone\":\"+34652131393\",\"logo\":{\"@type\":\"ImageObject\",\"url\":\"https:\\\/\\\/www.eldigitaldeasturias.com\\\/noticias\\\/wp-content\\\/uploads\\\/2020\\\/12\\\/EDA.jpg\",\"@id\":\"https:\\\/\\\/www.eldigitaldeasturias.com\\\/noticias\\\/ogier-termina-como-lider-la-primera-jornada\\\/#organizationLogo\"},\"image\":{\"@id\":\"https:\\\/\\\/www.eldigitaldeasturias.com\\\/noticias\\\/ogier-termina-como-lider-la-primera-jornada\\\/#organizationLogo\"},\"sameAs\":[\"https:\\\/\\\/facebook.com\\\/eldigitaldeasturias\",\"https:\\\/\\\/www.youtube.com\\\/channel\\\/UCZP-2wLEB9Rv6erhFmqVnvg\"],\"address\":{\"@id\":\"https:\\\/\\\/www.eldigitaldeasturias.com\\\/noticias\\\/#postaladdress\",\"@type\":\"PostalAddress\",\"streetAddress\":\"san antonio 4\",\"postalCode\":\"33430\",\"addressLocality\":\"Cand\\u00e1s\",\"addressRegion\":\"Asturias\",\"addressCountry\":\"ES\"}},{\"@type\":\"Person\",\"@id\":\"https:\\\/\\\/www.eldigitaldeasturias.com\\\/noticias\\\/author\\\/admin\\\/#author\",\"url\":\"https:\\\/\\\/www.eldigitaldeasturias.com\\\/noticias\\\/author\\\/admin\\\/\",\"name\":\"El Digital de Asturias\",\"image\":{\"@type\":\"ImageObject\",\"@id\":\"https:\\\/\\\/www.eldigitaldeasturias.com\\\/noticias\\\/ogier-termina-como-lider-la-primera-jornada\\\/#authorImage\",\"url\":\"https:\\\/\\\/secure.gravatar.com\\\/avatar\\\/df2aeffc32bcd13f8d26072ef8a91b623d677766deac7f97ca815868cd41bf5e?s=96&d=mm&r=g\",\"width\":96,\"height\":96,\"caption\":\"El Digital de Asturias\"}},{\"@type\":\"WebPage\",\"@id\":\"https:\\\/\\\/www.eldigitaldeasturias.com\\\/noticias\\\/ogier-termina-como-lider-la-primera-jornada\\\/#webpage\",\"url\":\"https:\\\/\\\/www.eldigitaldeasturias.com\\\/noticias\\\/ogier-termina-como-lider-la-primera-jornada\\\/\",\"name\":\"Ogier termina como l\\u00edder la primera jornada - El Digital de Asturias\",\"description\":\"Redacci\\u00f3n deportes, 6 feb (EFE).- El franc\\u00e9s Sebastien Ogier, l\\u00edder del Mundial, termin\\u00f3 la primera jornada en el Rally de Suecia al frente de la general, despu\\u00e9s de alternarse en el liderazgo durante todo el d\\u00eda con el noruego Andreas Mikkelsen. Los dos pilotos de Volkswagen sostuvieron un emocionante duelo a lo largo de los\",\"inLanguage\":\"es-ES\",\"isPartOf\":{\"@id\":\"https:\\\/\\\/www.eldigitaldeasturias.com\\\/noticias\\\/#website\"},\"breadcrumb\":{\"@id\":\"https:\\\/\\\/www.eldigitaldeasturias.com\\\/noticias\\\/ogier-termina-como-lider-la-primera-jornada\\\/#breadcrumblist\"},\"author\":{\"@id\":\"https:\\\/\\\/www.eldigitaldeasturias.com\\\/noticias\\\/author\\\/admin\\\/#author\"},\"creator\":{\"@id\":\"https:\\\/\\\/www.eldigitaldeasturias.com\\\/noticias\\\/author\\\/admin\\\/#author\"},\"image\":{\"@type\":\"ImageObject\",\"url\":485579,\"@id\":\"https:\\\/\\\/www.eldigitaldeasturias.com\\\/noticias\\\/ogier-termina-como-lider-la-primera-jornada\\\/#mainImage\"},\"primaryImageOfPage\":{\"@id\":\"https:\\\/\\\/www.eldigitaldeasturias.com\\\/noticias\\\/ogier-termina-como-lider-la-primera-jornada\\\/#mainImage\"},\"datePublished\":\"2014-02-07T02:39:18+01:00\",\"dateModified\":\"2014-02-07T02:39:18+01:00\"},{\"@type\":\"WebSite\",\"@id\":\"https:\\\/\\\/www.eldigitaldeasturias.com\\\/noticias\\\/#website\",\"url\":\"https:\\\/\\\/www.eldigitaldeasturias.com\\\/noticias\\\/\",\"name\":\"El Digital de Asturias - Diario de actualidad y noticias\",\"alternateName\":\"El Digital de Asturias - Diario de actualidad y noticias\",\"description\":\"Hemeroteca\",\"inLanguage\":\"es-ES\",\"publisher\":{\"@id\":\"https:\\\/\\\/www.eldigitaldeasturias.com\\\/noticias\\\/#organization\"}}]}\n\t\t<\/script>\n\t\t<!-- All in One SEO Pro -->\r\n\t\t<title>Ogier termina como l\u00edder la primera jornada - El Digital de Asturias<\/title>\n\n","aioseo_head_json":{"title":"Ogier termina como l\u00edder la primera jornada - El Digital de Asturias","description":"Redacci\u00f3n deportes, 6 feb (EFE).- El franc\u00e9s Sebastien Ogier, l\u00edder del Mundial, termin\u00f3 la primera jornada en el Rally de Suecia al frente de la general, despu\u00e9s de alternarse en el liderazgo durante todo el d\u00eda con el noruego Andreas Mikkelsen. Los dos pilotos de Volkswagen sostuvieron un emocionante duelo a lo largo de los","canonical_url":"https:\/\/www.eldigitaldeasturias.com\/noticias\/ogier-termina-como-lider-la-primera-jornada\/","robots":"max-image-preview:large","keywords":"actualidad","webmasterTools":{"google-site-verification":"UA-38556648-1","msvalidate.01":"7dfe9f3f1b24437ab69f4f2559babe99","miscellaneous":""},"schema":{"@context":"https:\/\/schema.org","@graph":[{"@type":"BlogPosting","@id":"https:\/\/www.eldigitaldeasturias.com\/noticias\/ogier-termina-como-lider-la-primera-jornada\/#blogposting","name":"Ogier termina como l\u00edder la primera jornada - El Digital de Asturias","headline":"Ogier termina como l\u00edder la primera jornada","author":{"@id":"https:\/\/www.eldigitaldeasturias.com\/noticias\/author\/admin\/#author"},"publisher":{"@id":"https:\/\/www.eldigitaldeasturias.com\/noticias\/#organization"},"image":{"@type":"ImageObject","url":485579},"datePublished":"2014-02-07T02:39:18+01:00","dateModified":"2014-02-07T02:39:18+01:00","inLanguage":"es-ES","mainEntityOfPage":{"@id":"https:\/\/www.eldigitaldeasturias.com\/noticias\/ogier-termina-como-lider-la-primera-jornada\/#webpage"},"isPartOf":{"@id":"https:\/\/www.eldigitaldeasturias.com\/noticias\/ogier-termina-como-lider-la-primera-jornada\/#webpage"},"articleSection":"Actualidad"},{"@type":"BreadcrumbList","@id":"https:\/\/www.eldigitaldeasturias.com\/noticias\/ogier-termina-como-lider-la-primera-jornada\/#breadcrumblist","itemListElement":[{"@type":"ListItem","@id":"https:\/\/www.eldigitaldeasturias.com\/noticias#listItem","position":1,"name":"Home","item":"https:\/\/www.eldigitaldeasturias.com\/noticias","nextItem":{"@type":"ListItem","@id":"https:\/\/www.eldigitaldeasturias.com\/noticias\/category\/actualidad\/#listItem","name":"Actualidad"}},{"@type":"ListItem","@id":"https:\/\/www.eldigitaldeasturias.com\/noticias\/category\/actualidad\/#listItem","position":2,"name":"Actualidad","item":"https:\/\/www.eldigitaldeasturias.com\/noticias\/category\/actualidad\/","nextItem":{"@type":"ListItem","@id":"https:\/\/www.eldigitaldeasturias.com\/noticias\/ogier-termina-como-lider-la-primera-jornada\/#listItem","name":"Ogier termina como l\u00edder la primera jornada"},"previousItem":{"@type":"ListItem","@id":"https:\/\/www.eldigitaldeasturias.com\/noticias#listItem","name":"Home"}},{"@type":"ListItem","@id":"https:\/\/www.eldigitaldeasturias.com\/noticias\/ogier-termina-como-lider-la-primera-jornada\/#listItem","position":3,"name":"Ogier termina como l\u00edder la primera jornada","previousItem":{"@type":"ListItem","@id":"https:\/\/www.eldigitaldeasturias.com\/noticias\/category\/actualidad\/#listItem","name":"Actualidad"}}]},{"@type":"Organization","@id":"https:\/\/www.eldigitaldeasturias.com\/noticias\/#organization","name":"El Digital de Asturias","description":"Hemeroteca","url":"https:\/\/www.eldigitaldeasturias.com\/noticias\/","email":"info@eldigitaldeasturias.com","telephone":"+34652131393","logo":{"@type":"ImageObject","url":"https:\/\/www.eldigitaldeasturias.com\/noticias\/wp-content\/uploads\/2020\/12\/EDA.jpg","@id":"https:\/\/www.eldigitaldeasturias.com\/noticias\/ogier-termina-como-lider-la-primera-jornada\/#organizationLogo"},"image":{"@id":"https:\/\/www.eldigitaldeasturias.com\/noticias\/ogier-termina-como-lider-la-primera-jornada\/#organizationLogo"},"sameAs":["https:\/\/facebook.com\/eldigitaldeasturias","https:\/\/www.youtube.com\/channel\/UCZP-2wLEB9Rv6erhFmqVnvg"],"address":{"@id":"https:\/\/www.eldigitaldeasturias.com\/noticias\/#postaladdress","@type":"PostalAddress","streetAddress":"san antonio 4","postalCode":"33430","addressLocality":"Cand\u00e1s","addressRegion":"Asturias","addressCountry":"ES"}},{"@type":"Person","@id":"https:\/\/www.eldigitaldeasturias.com\/noticias\/author\/admin\/#author","url":"https:\/\/www.eldigitaldeasturias.com\/noticias\/author\/admin\/","name":"El Digital de Asturias","image":{"@type":"ImageObject","@id":"https:\/\/www.eldigitaldeasturias.com\/noticias\/ogier-termina-como-lider-la-primera-jornada\/#authorImage","url":"https:\/\/secure.gravatar.com\/avatar\/df2aeffc32bcd13f8d26072ef8a91b623d677766deac7f97ca815868cd41bf5e?s=96&d=mm&r=g","width":96,"height":96,"caption":"El Digital de Asturias"}},{"@type":"WebPage","@id":"https:\/\/www.eldigitaldeasturias.com\/noticias\/ogier-termina-como-lider-la-primera-jornada\/#webpage","url":"https:\/\/www.eldigitaldeasturias.com\/noticias\/ogier-termina-como-lider-la-primera-jornada\/","name":"Ogier termina como l\u00edder la primera jornada - El Digital de Asturias","description":"Redacci\u00f3n deportes, 6 feb (EFE).- El franc\u00e9s Sebastien Ogier, l\u00edder del Mundial, termin\u00f3 la primera jornada en el Rally de Suecia al frente de la general, despu\u00e9s de alternarse en el liderazgo durante todo el d\u00eda con el noruego Andreas Mikkelsen. Los dos pilotos de Volkswagen sostuvieron un emocionante duelo a lo largo de los","inLanguage":"es-ES","isPartOf":{"@id":"https:\/\/www.eldigitaldeasturias.com\/noticias\/#website"},"breadcrumb":{"@id":"https:\/\/www.eldigitaldeasturias.com\/noticias\/ogier-termina-como-lider-la-primera-jornada\/#breadcrumblist"},"author":{"@id":"https:\/\/www.eldigitaldeasturias.com\/noticias\/author\/admin\/#author"},"creator":{"@id":"https:\/\/www.eldigitaldeasturias.com\/noticias\/author\/admin\/#author"},"image":{"@type":"ImageObject","url":485579,"@id":"https:\/\/www.eldigitaldeasturias.com\/noticias\/ogier-termina-como-lider-la-primera-jornada\/#mainImage"},"primaryImageOfPage":{"@id":"https:\/\/www.eldigitaldeasturias.com\/noticias\/ogier-termina-como-lider-la-primera-jornada\/#mainImage"},"datePublished":"2014-02-07T02:39:18+01:00","dateModified":"2014-02-07T02:39:18+01:00"},{"@type":"WebSite","@id":"https:\/\/www.eldigitaldeasturias.com\/noticias\/#website","url":"https:\/\/www.eldigitaldeasturias.com\/noticias\/","name":"El Digital de Asturias - Diario de actualidad y noticias","alternateName":"El Digital de Asturias - Diario de actualidad y noticias","description":"Hemeroteca","inLanguage":"es-ES","publisher":{"@id":"https:\/\/www.eldigitaldeasturias.com\/noticias\/#organization"}}]},"og:locale":"es_ES","og:site_name":"El Digital de Asturias","og:type":"article","og:title":"Ogier termina como l\u00edder la primera jornada - El Digital de Asturias","og:description":"Redacci\u00f3n deportes, 6 feb (EFE).- El franc\u00e9s Sebastien Ogier, l\u00edder del Mundial, termin\u00f3 la primera jornada en el Rally de Suecia al frente de la general, despu\u00e9s de alternarse en el liderazgo durante todo el d\u00eda con el noruego Andreas Mikkelsen. Los dos pilotos de Volkswagen sostuvieron un emocionante duelo a lo largo de los","og:url":"https:\/\/www.eldigitaldeasturias.com\/noticias\/ogier-termina-como-lider-la-primera-jornada\/","article:tag":["actualidad"],"article:published_time":"2014-02-07T03:39:18+00:00","article:modified_time":"2014-02-07T03:39:18+00:00","article:publisher":"https:\/\/facebook.com\/eldigitaldeasturias","twitter:card":"summary_large_image","twitter:title":"Ogier termina como l\u00edder la primera jornada - El Digital de Asturias","twitter:description":"Redacci\u00f3n deportes, 6 feb (EFE).- El franc\u00e9s Sebastien Ogier, l\u00edder del Mundial, termin\u00f3 la primera jornada en el Rally de Suecia al frente de la general, despu\u00e9s de alternarse en el liderazgo durante todo el d\u00eda con el noruego Andreas Mikkelsen. Los dos pilotos de Volkswagen sostuvieron un emocionante duelo a lo largo de los","twitter:label1":"Escrito por","twitter:data1":"El Digital de Asturias","twitter:label2":"Tiempo de lectura estimado","twitter:data2":"1 minuto"},"aioseo_meta_data":{"post_id":"485578","title":null,"description":null,"keywords":null,"keyphrases":null,"primary_term":null,"canonical_url":null,"og_title":null,"og_description":null,"og_object_type":"default","og_image_type":"default","og_image_url":null,"og_image_width":null,"og_image_height":null,"og_image_custom_url":null,"og_image_custom_fields":null,"og_video":null,"og_custom_url":null,"og_article_section":null,"og_article_tags":null,"twitter_use_og":true,"twitter_card":"default","twitter_image_type":"default","twitter_image_url":null,"twitter_image_custom_url":null,"twitter_image_custom_fields":null,"twitter_title":null,"twitter_description":null,"schema":{"blockGraphs":[],"customGraphs":[],"default":{"data":{"Article":[],"Course":[],"Dataset":[],"FAQPage":[],"Movie":[],"Person":[],"Product":[],"ProductReview":[],"Car":[],"Recipe":[],"Service":[],"SoftwareApplication":[],"WebPage":[]},"graphName":"","isEnabled":true},"graphs":[],"defaultGraph":"","defaultPostTypeGraph":""},"schema_type":null,"schema_type_options":null,"pillar_content":false,"robots_default":true,"robots_noindex":false,"robots_noarchive":false,"robots_nosnippet":false,"robots_nofollow":false,"robots_noimageindex":false,"robots_noodp":false,"robots_notranslate":false,"robots_max_snippet":null,"robots_max_videopreview":null,"robots_max_imagepreview":"none","priority":null,"frequency":null,"local_seo":null,"seo_analyzer_scan_date":"2026-06-02 20:52:57","breadcrumb_settings":null,"limit_modified_date":false,"open_ai":null,"ai":null,"created":"2020-11-14 22:55:16","updated":"2026-06-02 20:52:57","focus_keyword":null,"additional_keywords":null,"truseo_locale":null},"aioseo_breadcrumb":"<div class=\"aioseo-breadcrumbs\"><span class=\"aioseo-breadcrumb\">\n\t<a href=\"https:\/\/www.eldigitaldeasturias.com\/noticias\" title=\"Home\">Home<\/a>\n<\/span><span class=\"aioseo-breadcrumb-separator\">\u2013<\/span><span class=\"aioseo-breadcrumb\">\n\t<a href=\"https:\/\/www.eldigitaldeasturias.com\/noticias\/category\/actualidad\/\" title=\"Actualidad\">Actualidad<\/a>\n<\/span><span class=\"aioseo-breadcrumb-separator\">\u2013<\/span><span class=\"aioseo-breadcrumb\">\n\t<a href=\"https:\/\/www.eldigitaldeasturias.com\/noticias\/ogier-termina-como-lider-la-primera-jornada\/\" title=\"Ogier termina como l\u00edder la primera jornada\">Ogier termina como l\u00edder la primera jornada<\/a>\n<\/span><\/div>","aioseo_breadcrumb_json":[{"label":"Home","link":"https:\/\/www.eldigitaldeasturias.com\/noticias"},{"label":"Actualidad","link":"https:\/\/www.eldigitaldeasturias.com\/noticias\/category\/actualidad\/"},{"label":"Ogier termina como l\u00edder la primera jornada","link":"https:\/\/www.eldigitaldeasturias.com\/noticias\/ogier-termina-como-lider-la-primera-jornada\/"}],"_links":{"self":[{"href":"https:\/\/www.eldigitaldeasturias.com\/noticias\/wp-json\/wp\/v2\/posts\/485578","targetHints":{"allow":["GET"]}}],"collection":[{"href":"https:\/\/www.eldigitaldeasturias.com\/noticias\/wp-json\/wp\/v2\/posts"}],"about":[{"href":"https:\/\/www.eldigitaldeasturias.com\/noticias\/wp-json\/wp\/v2\/types\/post"}],"author":[{"embeddable":true,"href":"https:\/\/www.eldigitaldeasturias.com\/noticias\/wp-json\/wp\/v2\/users\/1"}],"replies":[{"embeddable":true,"href":"https:\/\/www.eldigitaldeasturias.com\/noticias\/wp-json\/wp\/v2\/comments?post=485578"}],"version-history":[{"count":0,"href":"https:\/\/www.eldigitaldeasturias.com\/noticias\/wp-json\/wp\/v2\/posts\/485578\/revisions"}],"wp:attachment":[{"href":"https:\/\/www.eldigitaldeasturias.com\/noticias\/wp-json\/wp\/v2\/media?parent=485578"}],"wp:term":[{"taxonomy":"category","embeddable":true,"href":"https:\/\/www.eldigitaldeasturias.com\/noticias\/wp-json\/wp\/v2\/categories?post=485578"},{"taxonomy":"post_tag","embeddable":true,"href":"https:\/\/www.eldigitaldeasturias.com\/noticias\/wp-json\/wp\/v2\/tags?post=485578"}],"curies":[{"name":"wp","href":"https:\/\/api.w.org\/{rel}","templated":true}]}}