{"id":485569,"date":"2014-02-07T02:35:41","date_gmt":"2014-02-07T03:35:41","guid":{"rendered":"http:\/\/www.eldigitaldeasturias.com\/noticias\/?p=485569"},"modified":"2014-02-07T02:35:41","modified_gmt":"2014-02-07T03:35:41","slug":"victimas-del-franquismo-piden-una-politica-de-estado-tras-el-informe-de-la-onu","status":"publish","type":"post","link":"https:\/\/www.eldigitaldeasturias.com\/noticias\/victimas-del-franquismo-piden-una-politica-de-estado-tras-el-informe-de-la-onu\/","title":{"rendered":"V\u00edctimas del franquismo piden una \u00abpol\u00edtica de Estado\u00bb tras el informe de la ONU"},"content":{"rendered":"<p><img loading=\"lazy\" decoding=\"async\" class=\"alignleft size-medium wp-image-485570\" alt=\"5918008w\" src=\"https:\/\/www.eldigitaldeasturias.com\/noticias\/wp-content\/uploads\/2014\/02\/5918008w-360x234.jpg\" width=\"360\" height=\"234\" \/>Madrid, 6 feb (EFE).- La Coordinadora Estatal en Apoyo a la Querella Argentina contra los Cr\u00edmenes del Franquismo (Ceaqua) ha reprochado a las autoridades que la ausencia de una pol\u00edtica de Estado hacia las v\u00edctimas \u00abdeber\u00eda llenarles de verg\u00fcenza\u00bb, ante las recomendaciones formuladas por organismos internacionales.<\/p>\n<p>En un comunicado, la plataforma, que agrupa a m\u00e1s de cien asociaciones, pide a las autoridades espa\u00f1olas que desarrollen una pol\u00edtica de Estado que proteja a las v\u00edctimas y garantice sus derechos alejada \u00abde todo partidismo\u00bb, tal y como propuso el pasado lunes el relator de la ONU, Pablo de Greiff.<\/p>\n<p>El relator sobre la promoci\u00f3n de la verdad, la justicia, la reparaci\u00f3n y las garant\u00edas de no repetici\u00f3n reproch\u00f3 al Estado espa\u00f1ol que no investigue ni enjuicie los \u00abgraves\u00bb cr\u00edmenes de la Guerra Civil y la dictadura de Franco, y lament\u00f3 la que consider\u00f3 \u00abinmensa distancia\u00bb que existe entre las autoridades y las v\u00edctimas del franquismo.<\/p>\n<p>Tras una visita de diez d\u00edas a Espa\u00f1a, De Greiff difundi\u00f3 sus conclusiones preliminares con una serie de recomendaciones al Gobierno, entre ellas, privar de efectos a la Ley de Amnist\u00eda de 1977 y facilitar el acceso a la Justicia de todas las v\u00edctimas.<\/p>\n<p>En este sentido, la Coordinadora agradece al relator que en su informe haya reflejado \u00abde manera inequ\u00edvoca\u00bb la mayor\u00eda de las peticiones de las v\u00edctimas que le fueron trasladadas en los encuentros que mantuvo con ellas en Espa\u00f1a.<\/p>\n<p>\u00abNos sentimos reconocidos y valorados por su menci\u00f3n expl\u00edcita a los desaparecidos en las fosas, por su cr\u00edtica a las construcciones del trabajo esclavo y alabamos su asombro y preocupaci\u00f3n por el execrable amparo de la justicia espa\u00f1ola a los torturadores franquistas cuya extradici\u00f3n niega\u00bb, a\u00f1aden las asociaciones integradas den la Coordinadora.<\/p>\n<p>La Plataforma valora especialmente \u00abla sensibilidad\u00bb del relator de la ONU hacia las v\u00edctimas y sus demandas, y destaca su \u00abemoci\u00f3n\u00bb tras escuchar las palabras del representante de Naciones Unidas \u00abpara celebrar la lucha reivindicativa de la sociedad civil por la Memoria Hist\u00f3rica\u00bb.<\/p>\n","protected":false},"excerpt":{"rendered":"<p>Madrid, 6 feb (EFE).- La Coordinadora Estatal en Apoyo a la Querella Argentina contra los Cr\u00edmenes del Franquismo (Ceaqua) ha reprochado a las autoridades que la ausencia de una pol\u00edtica de Estado hacia las v\u00edctimas \u00abdeber\u00eda llenarles de verg\u00fcenza\u00bb, ante las recomendaciones formuladas por organismos internacionales. En un comunicado, la plataforma, que agrupa a m\u00e1s [&hellip;]<\/p>\n","protected":false},"author":1,"featured_media":485570,"comment_status":"closed","ping_status":"open","sticky":false,"template":"","format":"standard","meta":{"footnotes":""},"categories":[1],"tags":[],"class_list":["post-485569","post","type-post","status-publish","format-standard","has-post-thumbnail","hentry","category-actualidad"],"aioseo_notices":[],"aioseo_head":"\n\t\t<!-- All in One SEO Pro 5.0.1 - aioseo.com -->\n\t<meta name=\"description\" content=\"Madrid, 6 feb (EFE).- La Coordinadora Estatal en Apoyo a la Querella Argentina contra los Cr\u00edmenes del Franquismo (Ceaqua) ha reprochado a las autoridades que la ausencia de una pol\u00edtica de Estado hacia las v\u00edctimas &quot;deber\u00eda llenarles de verg\u00fcenza&quot;, ante las recomendaciones formuladas por organismos internacionales. En un comunicado, la plataforma, que agrupa a m\u00e1s\" \/>\n\t<meta name=\"robots\" content=\"max-image-preview:large\" \/>\n\t<meta name=\"author\" content=\"El Digital de Asturias\"\/>\n\t<meta name=\"google-site-verification\" content=\"UA-38556648-1\" \/>\n\t<meta name=\"msvalidate.01\" content=\"7dfe9f3f1b24437ab69f4f2559babe99\" \/>\n\t<meta name=\"keywords\" content=\"actualidad\" \/>\n\t<link rel=\"canonical\" href=\"https:\/\/www.eldigitaldeasturias.com\/noticias\/victimas-del-franquismo-piden-una-politica-de-estado-tras-el-informe-de-la-onu\/\" \/>\n\t<meta name=\"generator\" content=\"All in One SEO Pro (AIOSEO) 5.0.1\" \/>\n\t\t<meta property=\"og:locale\" content=\"es_ES\" \/>\n\t\t<meta property=\"og:site_name\" content=\"El Digital de Asturias\" \/>\n\t\t<meta property=\"og:type\" content=\"article\" \/>\n\t\t<meta property=\"og:title\" content=\"V\u00edctimas del franquismo piden una \u00abpol\u00edtica de Estado\u00bb tras el informe de la ONU - El Digital de Asturias\" \/>\n\t\t<meta property=\"og:description\" content=\"Madrid, 6 feb (EFE).- La Coordinadora Estatal en Apoyo a la Querella Argentina contra los Cr\u00edmenes del Franquismo (Ceaqua) ha reprochado a las autoridades que la ausencia de una pol\u00edtica de Estado hacia las v\u00edctimas &quot;deber\u00eda llenarles de verg\u00fcenza&quot;, ante las recomendaciones formuladas por organismos internacionales. En un comunicado, la plataforma, que agrupa a m\u00e1s\" \/>\n\t\t<meta property=\"og:url\" content=\"https:\/\/www.eldigitaldeasturias.com\/noticias\/victimas-del-franquismo-piden-una-politica-de-estado-tras-el-informe-de-la-onu\/\" \/>\n\t\t<meta property=\"article:tag\" content=\"actualidad\" \/>\n\t\t<meta property=\"article:published_time\" content=\"2014-02-07T03:35:41+00:00\" \/>\n\t\t<meta property=\"article:modified_time\" content=\"2014-02-07T03:35:41+00:00\" \/>\n\t\t<meta property=\"article:publisher\" content=\"https:\/\/facebook.com\/eldigitaldeasturias\" \/>\n\t\t<meta name=\"twitter:card\" content=\"summary_large_image\" \/>\n\t\t<meta name=\"twitter:title\" content=\"V\u00edctimas del franquismo piden una \u00abpol\u00edtica de Estado\u00bb tras el informe de la ONU - El Digital de Asturias\" \/>\n\t\t<meta name=\"twitter:description\" content=\"Madrid, 6 feb (EFE).- La Coordinadora Estatal en Apoyo a la Querella Argentina contra los Cr\u00edmenes del Franquismo (Ceaqua) ha reprochado a las autoridades que la ausencia de una pol\u00edtica de Estado hacia las v\u00edctimas &quot;deber\u00eda llenarles de verg\u00fcenza&quot;, ante las recomendaciones formuladas por organismos internacionales. En un comunicado, la plataforma, que agrupa a m\u00e1s\" \/>\n\t\t<meta name=\"twitter:label1\" content=\"Escrito por\" \/>\n\t\t<meta name=\"twitter:data1\" content=\"El Digital de Asturias\" \/>\n\t\t<meta name=\"twitter:label2\" content=\"Tiempo de lectura estimado\" \/>\n\t\t<meta name=\"twitter:data2\" content=\"2 minutos\" \/>\n\t\t<script type=\"application\/ld+json\" class=\"aioseo-schema\">\n\t\t\t{\"@context\":\"https:\\\/\\\/schema.org\",\"@graph\":[{\"@type\":\"BlogPosting\",\"@id\":\"https:\\\/\\\/www.eldigitaldeasturias.com\\\/noticias\\\/victimas-del-franquismo-piden-una-politica-de-estado-tras-el-informe-de-la-onu\\\/#blogposting\",\"name\":\"V\\u00edctimas del franquismo piden una \\u00abpol\\u00edtica de Estado\\u00bb tras el informe de la ONU - El Digital de Asturias\",\"headline\":\"V\\u00edctimas del franquismo piden una \\u00abpol\\u00edtica de Estado\\u00bb tras el informe de la ONU\",\"author\":{\"@id\":\"https:\\\/\\\/www.eldigitaldeasturias.com\\\/noticias\\\/author\\\/admin\\\/#author\"},\"publisher\":{\"@id\":\"https:\\\/\\\/www.eldigitaldeasturias.com\\\/noticias\\\/#organization\"},\"image\":{\"@type\":\"ImageObject\",\"url\":485570},\"datePublished\":\"2014-02-07T02:35:41+01:00\",\"dateModified\":\"2014-02-07T02:35:41+01:00\",\"inLanguage\":\"es-ES\",\"mainEntityOfPage\":{\"@id\":\"https:\\\/\\\/www.eldigitaldeasturias.com\\\/noticias\\\/victimas-del-franquismo-piden-una-politica-de-estado-tras-el-informe-de-la-onu\\\/#webpage\"},\"isPartOf\":{\"@id\":\"https:\\\/\\\/www.eldigitaldeasturias.com\\\/noticias\\\/victimas-del-franquismo-piden-una-politica-de-estado-tras-el-informe-de-la-onu\\\/#webpage\"},\"articleSection\":\"Actualidad\"},{\"@type\":\"BreadcrumbList\",\"@id\":\"https:\\\/\\\/www.eldigitaldeasturias.com\\\/noticias\\\/victimas-del-franquismo-piden-una-politica-de-estado-tras-el-informe-de-la-onu\\\/#breadcrumblist\",\"itemListElement\":[{\"@type\":\"ListItem\",\"@id\":\"https:\\\/\\\/www.eldigitaldeasturias.com\\\/noticias#listItem\",\"position\":1,\"name\":\"Home\",\"item\":\"https:\\\/\\\/www.eldigitaldeasturias.com\\\/noticias\",\"nextItem\":{\"@type\":\"ListItem\",\"@id\":\"https:\\\/\\\/www.eldigitaldeasturias.com\\\/noticias\\\/category\\\/actualidad\\\/#listItem\",\"name\":\"Actualidad\"}},{\"@type\":\"ListItem\",\"@id\":\"https:\\\/\\\/www.eldigitaldeasturias.com\\\/noticias\\\/category\\\/actualidad\\\/#listItem\",\"position\":2,\"name\":\"Actualidad\",\"item\":\"https:\\\/\\\/www.eldigitaldeasturias.com\\\/noticias\\\/category\\\/actualidad\\\/\",\"nextItem\":{\"@type\":\"ListItem\",\"@id\":\"https:\\\/\\\/www.eldigitaldeasturias.com\\\/noticias\\\/victimas-del-franquismo-piden-una-politica-de-estado-tras-el-informe-de-la-onu\\\/#listItem\",\"name\":\"V\\u00edctimas del franquismo piden una \\u00abpol\\u00edtica de Estado\\u00bb tras el informe de la ONU\"},\"previousItem\":{\"@type\":\"ListItem\",\"@id\":\"https:\\\/\\\/www.eldigitaldeasturias.com\\\/noticias#listItem\",\"name\":\"Home\"}},{\"@type\":\"ListItem\",\"@id\":\"https:\\\/\\\/www.eldigitaldeasturias.com\\\/noticias\\\/victimas-del-franquismo-piden-una-politica-de-estado-tras-el-informe-de-la-onu\\\/#listItem\",\"position\":3,\"name\":\"V\\u00edctimas del franquismo piden una \\u00abpol\\u00edtica de Estado\\u00bb tras el informe de la ONU\",\"previousItem\":{\"@type\":\"ListItem\",\"@id\":\"https:\\\/\\\/www.eldigitaldeasturias.com\\\/noticias\\\/category\\\/actualidad\\\/#listItem\",\"name\":\"Actualidad\"}}]},{\"@type\":\"Organization\",\"@id\":\"https:\\\/\\\/www.eldigitaldeasturias.com\\\/noticias\\\/#organization\",\"name\":\"El Digital de Asturias\",\"description\":\"Hemeroteca\",\"url\":\"https:\\\/\\\/www.eldigitaldeasturias.com\\\/noticias\\\/\",\"email\":\"info@eldigitaldeasturias.com\",\"telephone\":\"+34652131393\",\"logo\":{\"@type\":\"ImageObject\",\"url\":\"https:\\\/\\\/www.eldigitaldeasturias.com\\\/noticias\\\/wp-content\\\/uploads\\\/2020\\\/12\\\/EDA.jpg\",\"@id\":\"https:\\\/\\\/www.eldigitaldeasturias.com\\\/noticias\\\/victimas-del-franquismo-piden-una-politica-de-estado-tras-el-informe-de-la-onu\\\/#organizationLogo\"},\"image\":{\"@id\":\"https:\\\/\\\/www.eldigitaldeasturias.com\\\/noticias\\\/victimas-del-franquismo-piden-una-politica-de-estado-tras-el-informe-de-la-onu\\\/#organizationLogo\"},\"sameAs\":[\"https:\\\/\\\/facebook.com\\\/eldigitaldeasturias\",\"https:\\\/\\\/www.youtube.com\\\/channel\\\/UCZP-2wLEB9Rv6erhFmqVnvg\"],\"address\":{\"@id\":\"https:\\\/\\\/www.eldigitaldeasturias.com\\\/noticias\\\/#postaladdress\",\"@type\":\"PostalAddress\",\"streetAddress\":\"san antonio 4\",\"postalCode\":\"33430\",\"addressLocality\":\"Cand\\u00e1s\",\"addressRegion\":\"Asturias\",\"addressCountry\":\"ES\"}},{\"@type\":\"Person\",\"@id\":\"https:\\\/\\\/www.eldigitaldeasturias.com\\\/noticias\\\/author\\\/admin\\\/#author\",\"url\":\"https:\\\/\\\/www.eldigitaldeasturias.com\\\/noticias\\\/author\\\/admin\\\/\",\"name\":\"El Digital de Asturias\",\"image\":{\"@type\":\"ImageObject\",\"@id\":\"https:\\\/\\\/www.eldigitaldeasturias.com\\\/noticias\\\/victimas-del-franquismo-piden-una-politica-de-estado-tras-el-informe-de-la-onu\\\/#authorImage\",\"url\":\"https:\\\/\\\/secure.gravatar.com\\\/avatar\\\/df2aeffc32bcd13f8d26072ef8a91b623d677766deac7f97ca815868cd41bf5e?s=96&d=mm&r=g\",\"width\":96,\"height\":96,\"caption\":\"El Digital de Asturias\"}},{\"@type\":\"WebPage\",\"@id\":\"https:\\\/\\\/www.eldigitaldeasturias.com\\\/noticias\\\/victimas-del-franquismo-piden-una-politica-de-estado-tras-el-informe-de-la-onu\\\/#webpage\",\"url\":\"https:\\\/\\\/www.eldigitaldeasturias.com\\\/noticias\\\/victimas-del-franquismo-piden-una-politica-de-estado-tras-el-informe-de-la-onu\\\/\",\"name\":\"V\\u00edctimas del franquismo piden una \\u00abpol\\u00edtica de Estado\\u00bb tras el informe de la ONU - El Digital de Asturias\",\"description\":\"Madrid, 6 feb (EFE).- La Coordinadora Estatal en Apoyo a la Querella Argentina contra los Cr\\u00edmenes del Franquismo (Ceaqua) ha reprochado a las autoridades que la ausencia de una pol\\u00edtica de Estado hacia las v\\u00edctimas \\\"deber\\u00eda llenarles de verg\\u00fcenza\\\", ante las recomendaciones formuladas por organismos internacionales. En un comunicado, la plataforma, que agrupa a m\\u00e1s\",\"inLanguage\":\"es-ES\",\"isPartOf\":{\"@id\":\"https:\\\/\\\/www.eldigitaldeasturias.com\\\/noticias\\\/#website\"},\"breadcrumb\":{\"@id\":\"https:\\\/\\\/www.eldigitaldeasturias.com\\\/noticias\\\/victimas-del-franquismo-piden-una-politica-de-estado-tras-el-informe-de-la-onu\\\/#breadcrumblist\"},\"author\":{\"@id\":\"https:\\\/\\\/www.eldigitaldeasturias.com\\\/noticias\\\/author\\\/admin\\\/#author\"},\"creator\":{\"@id\":\"https:\\\/\\\/www.eldigitaldeasturias.com\\\/noticias\\\/author\\\/admin\\\/#author\"},\"image\":{\"@type\":\"ImageObject\",\"url\":485570,\"@id\":\"https:\\\/\\\/www.eldigitaldeasturias.com\\\/noticias\\\/victimas-del-franquismo-piden-una-politica-de-estado-tras-el-informe-de-la-onu\\\/#mainImage\"},\"primaryImageOfPage\":{\"@id\":\"https:\\\/\\\/www.eldigitaldeasturias.com\\\/noticias\\\/victimas-del-franquismo-piden-una-politica-de-estado-tras-el-informe-de-la-onu\\\/#mainImage\"},\"datePublished\":\"2014-02-07T02:35:41+01:00\",\"dateModified\":\"2014-02-07T02:35:41+01:00\"},{\"@type\":\"WebSite\",\"@id\":\"https:\\\/\\\/www.eldigitaldeasturias.com\\\/noticias\\\/#website\",\"url\":\"https:\\\/\\\/www.eldigitaldeasturias.com\\\/noticias\\\/\",\"name\":\"El Digital de Asturias - Diario de actualidad y noticias\",\"alternateName\":\"El Digital de Asturias - Diario de actualidad y noticias\",\"description\":\"Hemeroteca\",\"inLanguage\":\"es-ES\",\"publisher\":{\"@id\":\"https:\\\/\\\/www.eldigitaldeasturias.com\\\/noticias\\\/#organization\"}}]}\n\t\t<\/script>\n\t\t<!-- All in One SEO Pro -->\r\n\t\t<title>V\u00edctimas del franquismo piden una \u00abpol\u00edtica de Estado\u00bb tras el informe de la ONU - El Digital de Asturias<\/title>\n\n","aioseo_head_json":{"title":"V\u00edctimas del franquismo piden una \u00abpol\u00edtica de Estado\u00bb tras el informe de la ONU - El Digital de Asturias","description":"Madrid, 6 feb (EFE).- La Coordinadora Estatal en Apoyo a la Querella Argentina contra los Cr\u00edmenes del Franquismo (Ceaqua) ha reprochado a las autoridades que la ausencia de una pol\u00edtica de Estado hacia las v\u00edctimas \"deber\u00eda llenarles de verg\u00fcenza\", ante las recomendaciones formuladas por organismos internacionales. En un comunicado, la plataforma, que agrupa a m\u00e1s","canonical_url":"https:\/\/www.eldigitaldeasturias.com\/noticias\/victimas-del-franquismo-piden-una-politica-de-estado-tras-el-informe-de-la-onu\/","robots":"max-image-preview:large","keywords":"actualidad","webmasterTools":{"google-site-verification":"UA-38556648-1","msvalidate.01":"7dfe9f3f1b24437ab69f4f2559babe99","miscellaneous":""},"schema":{"@context":"https:\/\/schema.org","@graph":[{"@type":"BlogPosting","@id":"https:\/\/www.eldigitaldeasturias.com\/noticias\/victimas-del-franquismo-piden-una-politica-de-estado-tras-el-informe-de-la-onu\/#blogposting","name":"V\u00edctimas del franquismo piden una \u00abpol\u00edtica de Estado\u00bb tras el informe de la ONU - El Digital de Asturias","headline":"V\u00edctimas del franquismo piden una \u00abpol\u00edtica de Estado\u00bb tras el informe de la ONU","author":{"@id":"https:\/\/www.eldigitaldeasturias.com\/noticias\/author\/admin\/#author"},"publisher":{"@id":"https:\/\/www.eldigitaldeasturias.com\/noticias\/#organization"},"image":{"@type":"ImageObject","url":485570},"datePublished":"2014-02-07T02:35:41+01:00","dateModified":"2014-02-07T02:35:41+01:00","inLanguage":"es-ES","mainEntityOfPage":{"@id":"https:\/\/www.eldigitaldeasturias.com\/noticias\/victimas-del-franquismo-piden-una-politica-de-estado-tras-el-informe-de-la-onu\/#webpage"},"isPartOf":{"@id":"https:\/\/www.eldigitaldeasturias.com\/noticias\/victimas-del-franquismo-piden-una-politica-de-estado-tras-el-informe-de-la-onu\/#webpage"},"articleSection":"Actualidad"},{"@type":"BreadcrumbList","@id":"https:\/\/www.eldigitaldeasturias.com\/noticias\/victimas-del-franquismo-piden-una-politica-de-estado-tras-el-informe-de-la-onu\/#breadcrumblist","itemListElement":[{"@type":"ListItem","@id":"https:\/\/www.eldigitaldeasturias.com\/noticias#listItem","position":1,"name":"Home","item":"https:\/\/www.eldigitaldeasturias.com\/noticias","nextItem":{"@type":"ListItem","@id":"https:\/\/www.eldigitaldeasturias.com\/noticias\/category\/actualidad\/#listItem","name":"Actualidad"}},{"@type":"ListItem","@id":"https:\/\/www.eldigitaldeasturias.com\/noticias\/category\/actualidad\/#listItem","position":2,"name":"Actualidad","item":"https:\/\/www.eldigitaldeasturias.com\/noticias\/category\/actualidad\/","nextItem":{"@type":"ListItem","@id":"https:\/\/www.eldigitaldeasturias.com\/noticias\/victimas-del-franquismo-piden-una-politica-de-estado-tras-el-informe-de-la-onu\/#listItem","name":"V\u00edctimas del franquismo piden una \u00abpol\u00edtica de Estado\u00bb tras el informe de la ONU"},"previousItem":{"@type":"ListItem","@id":"https:\/\/www.eldigitaldeasturias.com\/noticias#listItem","name":"Home"}},{"@type":"ListItem","@id":"https:\/\/www.eldigitaldeasturias.com\/noticias\/victimas-del-franquismo-piden-una-politica-de-estado-tras-el-informe-de-la-onu\/#listItem","position":3,"name":"V\u00edctimas del franquismo piden una \u00abpol\u00edtica de Estado\u00bb tras el informe de la ONU","previousItem":{"@type":"ListItem","@id":"https:\/\/www.eldigitaldeasturias.com\/noticias\/category\/actualidad\/#listItem","name":"Actualidad"}}]},{"@type":"Organization","@id":"https:\/\/www.eldigitaldeasturias.com\/noticias\/#organization","name":"El Digital de Asturias","description":"Hemeroteca","url":"https:\/\/www.eldigitaldeasturias.com\/noticias\/","email":"info@eldigitaldeasturias.com","telephone":"+34652131393","logo":{"@type":"ImageObject","url":"https:\/\/www.eldigitaldeasturias.com\/noticias\/wp-content\/uploads\/2020\/12\/EDA.jpg","@id":"https:\/\/www.eldigitaldeasturias.com\/noticias\/victimas-del-franquismo-piden-una-politica-de-estado-tras-el-informe-de-la-onu\/#organizationLogo"},"image":{"@id":"https:\/\/www.eldigitaldeasturias.com\/noticias\/victimas-del-franquismo-piden-una-politica-de-estado-tras-el-informe-de-la-onu\/#organizationLogo"},"sameAs":["https:\/\/facebook.com\/eldigitaldeasturias","https:\/\/www.youtube.com\/channel\/UCZP-2wLEB9Rv6erhFmqVnvg"],"address":{"@id":"https:\/\/www.eldigitaldeasturias.com\/noticias\/#postaladdress","@type":"PostalAddress","streetAddress":"san antonio 4","postalCode":"33430","addressLocality":"Cand\u00e1s","addressRegion":"Asturias","addressCountry":"ES"}},{"@type":"Person","@id":"https:\/\/www.eldigitaldeasturias.com\/noticias\/author\/admin\/#author","url":"https:\/\/www.eldigitaldeasturias.com\/noticias\/author\/admin\/","name":"El Digital de Asturias","image":{"@type":"ImageObject","@id":"https:\/\/www.eldigitaldeasturias.com\/noticias\/victimas-del-franquismo-piden-una-politica-de-estado-tras-el-informe-de-la-onu\/#authorImage","url":"https:\/\/secure.gravatar.com\/avatar\/df2aeffc32bcd13f8d26072ef8a91b623d677766deac7f97ca815868cd41bf5e?s=96&d=mm&r=g","width":96,"height":96,"caption":"El Digital de Asturias"}},{"@type":"WebPage","@id":"https:\/\/www.eldigitaldeasturias.com\/noticias\/victimas-del-franquismo-piden-una-politica-de-estado-tras-el-informe-de-la-onu\/#webpage","url":"https:\/\/www.eldigitaldeasturias.com\/noticias\/victimas-del-franquismo-piden-una-politica-de-estado-tras-el-informe-de-la-onu\/","name":"V\u00edctimas del franquismo piden una \u00abpol\u00edtica de Estado\u00bb tras el informe de la ONU - El Digital de Asturias","description":"Madrid, 6 feb (EFE).- La Coordinadora Estatal en Apoyo a la Querella Argentina contra los Cr\u00edmenes del Franquismo (Ceaqua) ha reprochado a las autoridades que la ausencia de una pol\u00edtica de Estado hacia las v\u00edctimas \"deber\u00eda llenarles de verg\u00fcenza\", ante las recomendaciones formuladas por organismos internacionales. En un comunicado, la plataforma, que agrupa a m\u00e1s","inLanguage":"es-ES","isPartOf":{"@id":"https:\/\/www.eldigitaldeasturias.com\/noticias\/#website"},"breadcrumb":{"@id":"https:\/\/www.eldigitaldeasturias.com\/noticias\/victimas-del-franquismo-piden-una-politica-de-estado-tras-el-informe-de-la-onu\/#breadcrumblist"},"author":{"@id":"https:\/\/www.eldigitaldeasturias.com\/noticias\/author\/admin\/#author"},"creator":{"@id":"https:\/\/www.eldigitaldeasturias.com\/noticias\/author\/admin\/#author"},"image":{"@type":"ImageObject","url":485570,"@id":"https:\/\/www.eldigitaldeasturias.com\/noticias\/victimas-del-franquismo-piden-una-politica-de-estado-tras-el-informe-de-la-onu\/#mainImage"},"primaryImageOfPage":{"@id":"https:\/\/www.eldigitaldeasturias.com\/noticias\/victimas-del-franquismo-piden-una-politica-de-estado-tras-el-informe-de-la-onu\/#mainImage"},"datePublished":"2014-02-07T02:35:41+01:00","dateModified":"2014-02-07T02:35:41+01:00"},{"@type":"WebSite","@id":"https:\/\/www.eldigitaldeasturias.com\/noticias\/#website","url":"https:\/\/www.eldigitaldeasturias.com\/noticias\/","name":"El Digital de Asturias - Diario de actualidad y noticias","alternateName":"El Digital de Asturias - Diario de actualidad y noticias","description":"Hemeroteca","inLanguage":"es-ES","publisher":{"@id":"https:\/\/www.eldigitaldeasturias.com\/noticias\/#organization"}}]},"og:locale":"es_ES","og:site_name":"El Digital de Asturias","og:type":"article","og:title":"V\u00edctimas del franquismo piden una \u00abpol\u00edtica de Estado\u00bb tras el informe de la ONU - El Digital de Asturias","og:description":"Madrid, 6 feb (EFE).- La Coordinadora Estatal en Apoyo a la Querella Argentina contra los Cr\u00edmenes del Franquismo (Ceaqua) ha reprochado a las autoridades que la ausencia de una pol\u00edtica de Estado hacia las v\u00edctimas &quot;deber\u00eda llenarles de verg\u00fcenza&quot;, ante las recomendaciones formuladas por organismos internacionales. En un comunicado, la plataforma, que agrupa a m\u00e1s","og:url":"https:\/\/www.eldigitaldeasturias.com\/noticias\/victimas-del-franquismo-piden-una-politica-de-estado-tras-el-informe-de-la-onu\/","article:tag":["actualidad"],"article:published_time":"2014-02-07T03:35:41+00:00","article:modified_time":"2014-02-07T03:35:41+00:00","article:publisher":"https:\/\/facebook.com\/eldigitaldeasturias","twitter:card":"summary_large_image","twitter:title":"V\u00edctimas del franquismo piden una \u00abpol\u00edtica de Estado\u00bb tras el informe de la ONU - El Digital de Asturias","twitter:description":"Madrid, 6 feb (EFE).- La Coordinadora Estatal en Apoyo a la Querella Argentina contra los Cr\u00edmenes del Franquismo (Ceaqua) ha reprochado a las autoridades que la ausencia de una pol\u00edtica de Estado hacia las v\u00edctimas &quot;deber\u00eda llenarles de verg\u00fcenza&quot;, ante las recomendaciones formuladas por organismos internacionales. En un comunicado, la plataforma, que agrupa a m\u00e1s","twitter:label1":"Escrito por","twitter:data1":"El Digital de Asturias","twitter:label2":"Tiempo de lectura estimado","twitter:data2":"2 minutos"},"aioseo_meta_data":{"post_id":"485569","title":null,"description":null,"keywords":null,"keyphrases":null,"primary_term":null,"canonical_url":null,"og_title":null,"og_description":null,"og_object_type":"default","og_image_type":"default","og_image_url":null,"og_image_width":null,"og_image_height":null,"og_image_custom_url":null,"og_image_custom_fields":null,"og_video":null,"og_custom_url":null,"og_article_section":null,"og_article_tags":null,"twitter_use_og":true,"twitter_card":"default","twitter_image_type":"default","twitter_image_url":null,"twitter_image_custom_url":null,"twitter_image_custom_fields":null,"twitter_title":null,"twitter_description":null,"schema":{"blockGraphs":[],"customGraphs":[],"default":{"data":{"Article":[],"Course":[],"Dataset":[],"FAQPage":[],"Movie":[],"Person":[],"Product":[],"ProductReview":[],"Car":[],"Recipe":[],"Service":[],"SoftwareApplication":[],"WebPage":[]},"graphName":"","isEnabled":true},"graphs":[],"defaultGraph":"","defaultPostTypeGraph":""},"schema_type":null,"schema_type_options":null,"pillar_content":false,"robots_default":true,"robots_noindex":false,"robots_noarchive":false,"robots_nosnippet":false,"robots_nofollow":false,"robots_noimageindex":false,"robots_noodp":false,"robots_notranslate":false,"robots_max_snippet":null,"robots_max_videopreview":null,"robots_max_imagepreview":"none","priority":null,"frequency":null,"local_seo":null,"seo_analyzer_scan_date":"2026-06-02 20:50:22","breadcrumb_settings":null,"limit_modified_date":false,"open_ai":null,"ai":null,"created":"2020-11-14 22:55:16","updated":"2026-06-02 20:50:22","focus_keyword":null,"additional_keywords":null,"truseo_locale":null},"aioseo_breadcrumb":"<div class=\"aioseo-breadcrumbs\"><span class=\"aioseo-breadcrumb\">\n\t<a href=\"https:\/\/www.eldigitaldeasturias.com\/noticias\" title=\"Home\">Home<\/a>\n<\/span><span class=\"aioseo-breadcrumb-separator\">\u2013<\/span><span class=\"aioseo-breadcrumb\">\n\t<a href=\"https:\/\/www.eldigitaldeasturias.com\/noticias\/category\/actualidad\/\" title=\"Actualidad\">Actualidad<\/a>\n<\/span><span class=\"aioseo-breadcrumb-separator\">\u2013<\/span><span class=\"aioseo-breadcrumb\">\n\t<a href=\"https:\/\/www.eldigitaldeasturias.com\/noticias\/victimas-del-franquismo-piden-una-politica-de-estado-tras-el-informe-de-la-onu\/\" title=\"V\u00edctimas del franquismo piden una \u00abpol\u00edtica de Estado\u00bb tras el informe de la ONU\">V\u00edctimas del franquismo piden una \u00abpol\u00edtica de Estado\u00bb tras el informe de la ONU<\/a>\n<\/span><\/div>","aioseo_breadcrumb_json":[{"label":"Home","link":"https:\/\/www.eldigitaldeasturias.com\/noticias"},{"label":"Actualidad","link":"https:\/\/www.eldigitaldeasturias.com\/noticias\/category\/actualidad\/"},{"label":"V\u00edctimas del franquismo piden una \u00abpol\u00edtica de Estado\u00bb tras el informe de la ONU","link":"https:\/\/www.eldigitaldeasturias.com\/noticias\/victimas-del-franquismo-piden-una-politica-de-estado-tras-el-informe-de-la-onu\/"}],"_links":{"self":[{"href":"https:\/\/www.eldigitaldeasturias.com\/noticias\/wp-json\/wp\/v2\/posts\/485569","targetHints":{"allow":["GET"]}}],"collection":[{"href":"https:\/\/www.eldigitaldeasturias.com\/noticias\/wp-json\/wp\/v2\/posts"}],"about":[{"href":"https:\/\/www.eldigitaldeasturias.com\/noticias\/wp-json\/wp\/v2\/types\/post"}],"author":[{"embeddable":true,"href":"https:\/\/www.eldigitaldeasturias.com\/noticias\/wp-json\/wp\/v2\/users\/1"}],"replies":[{"embeddable":true,"href":"https:\/\/www.eldigitaldeasturias.com\/noticias\/wp-json\/wp\/v2\/comments?post=485569"}],"version-history":[{"count":0,"href":"https:\/\/www.eldigitaldeasturias.com\/noticias\/wp-json\/wp\/v2\/posts\/485569\/revisions"}],"wp:attachment":[{"href":"https:\/\/www.eldigitaldeasturias.com\/noticias\/wp-json\/wp\/v2\/media?parent=485569"}],"wp:term":[{"taxonomy":"category","embeddable":true,"href":"https:\/\/www.eldigitaldeasturias.com\/noticias\/wp-json\/wp\/v2\/categories?post=485569"},{"taxonomy":"post_tag","embeddable":true,"href":"https:\/\/www.eldigitaldeasturias.com\/noticias\/wp-json\/wp\/v2\/tags?post=485569"}],"curies":[{"name":"wp","href":"https:\/\/api.w.org\/{rel}","templated":true}]}}