{"id":485560,"date":"2014-02-07T02:32:13","date_gmt":"2014-02-07T03:32:13","guid":{"rendered":"http:\/\/www.eldigitaldeasturias.com\/noticias\/?p=485560"},"modified":"2014-02-07T02:32:13","modified_gmt":"2014-02-07T03:32:13","slug":"gurtel-un-lustro-de-vaivenes-desde-la-detencion-de-don-vito","status":"publish","type":"post","link":"https:\/\/www.eldigitaldeasturias.com\/noticias\/gurtel-un-lustro-de-vaivenes-desde-la-detencion-de-don-vito\/","title":{"rendered":"G\u00fcrtel, un lustro de vaivenes desde la detenci\u00f3n de \u00abDon Vito\u00bb"},"content":{"rendered":"<p><img loading=\"lazy\" decoding=\"async\" class=\"alignleft size-medium wp-image-485561\" alt=\"5917107w\" src=\"https:\/\/www.eldigitaldeasturias.com\/noticias\/wp-content\/uploads\/2014\/02\/5917107w-360x235.jpg\" width=\"360\" height=\"235\" \/>Madrid, 6 feb (EFE).- Hoy se cumplen cinco a\u00f1os desde que el exjuez Baltasar Garz\u00f3n iniciara, con la detenci\u00f3n de quien se hac\u00eda llamar \u00abDon Vito\u00bb, Francisco Correa, la operaci\u00f3n G\u00fcrtel contra una supuesta trama de corrupci\u00f3n ligada a cargos del PP, que acumula unos 140 imputados y cuya instrucci\u00f3n est\u00e1 a punto de finalizar.<\/p>\n<p>\u00abLe har\u00e9 una oferta que no podr\u00e1 rechazar\u00bb, advert\u00eda, pelo gris hacia atr\u00e1s, Vito Corleone. Esta frase de Marlon Brando en \u00abEl Padrino\u00bb debi\u00f3 sonarle muy atractiva a Francisco Correa, que eligi\u00f3 el nombre de \u00abDon Vito\u00bb para presuntamente liderar una trama de \u00abofertas\u00bb en forma de viajes o relojes de lujo que ha implicado a cargos del PP, especialmente en Madrid y Valencia.<\/p>\n<p>La ma\u00f1ana del 6 de febrero de 2009, el exjuez de la Audiencia Nacional Baltasar Garz\u00f3n eligi\u00f3 como escenario para rodar la primera toma de esta investigaci\u00f3n las calles de Boadilla del Monte, Majadahonda, Valencia, Marbella (M\u00e1laga) y Sotogrande (C\u00e1diz).<\/p>\n<p>Entre el fr\u00edo y los registros, fueron arrestadas cinco personas, entre las que se encontraba Correa, su mujer, Carmen Rodr\u00edguez de Quijano, y el presunto n\u00famero dos de la trama, Pablo Crespo.<\/p>\n<p>Seg\u00fan la Polic\u00eda, hasta el desmantelamiento de la supuesta red mafiosa y desde 1996, la red G\u00fcrtel hab\u00eda manejado m\u00e1s de 25 millones de euros en dinero negro, que en su mayor\u00eda proven\u00eda de contratos que la Administraci\u00f3n P\u00fablica adjudicaba a las empresas de la red, como Special Events u Orange Market, o de actos electorales que organizaban para el PP.<\/p>\n<p>En el momento de la redada policial, \u00abDon Vito\u00bb se encontraba en su lujoso chalet de la urbanizaci\u00f3n gaditana de Sotogrande, planeando presuntamente huir al d\u00eda siguiente a un pa\u00eds iberoamericano.<\/p>\n<p>Ante el riesgo de fuga, Garz\u00f3n ordena su detenci\u00f3n y le imputa luego la supuesta percepci\u00f3n de comisiones gracias a su intermediaci\u00f3n en operaciones urban\u00edsticas o el fraccionamiento de contratos p\u00fablicos, al que supuestamente recurr\u00edan Correa y su \u00abfamilia\u00bb para evadir la ley.<\/p>\n<p>De esta forma, el presunto cerebro de la trama pas\u00f3 de los despachos de G\u00e9nova y las bodas de alto post\u00edn, como la de la hija de Jos\u00e9 Mar\u00eda Aznar, a la fr\u00edas rejas de una de las c\u00e1rceles m\u00e1s conocidas de Espa\u00f1a, la de Soto del Real (Madrid), en la que cuatro a\u00f1os y medio despu\u00e9s ingres\u00f3 el extesorero del PP Luis B\u00e1rcenas imputado en esta misma causa.<\/p>\n<p>Durante tres a\u00f1os y cuatro meses Correa permaneci\u00f3 entre los barrotes de esta prisi\u00f3n, de la que solo se libr\u00f3 cuando su madre abon\u00f3 una fianza rebajada de 15 millones a 200.000 euros.<\/p>\n<p>Crespo, que ingres\u00f3 con Correa en prisi\u00f3n, se convirti\u00f3 en la \u00abmano derecha\u00bb de Correa. Bajo el seud\u00f3nimo de \u00abMaxwell Smart\u00bb -nombre del conocido como Superagente 86- se dedic\u00f3, seg\u00fan consta en varios extractos bancarios, a evadir con Correa 17 millones de euros a Suiza por medio de empresas \u00abtapadera\u00bb creadas en para\u00edsos fiscales como Panam\u00e1 o las Antillas holandesas y con las que ambos consiguieron eludir al fisco.<\/p>\n<p>Dada la extensi\u00f3n internacional del caso, no es de extra\u00f1ar que la Audiencia Nacional haya ordenado 147 peticiones de informaci\u00f3n a 21 pa\u00edses, sobre todo a Suiza, donde casi cuatro a\u00f1os despu\u00e9s de estas primeras detenciones el juez sucesor de Garz\u00f3n en la Audiencia Nacional, Pablo Ruz, descubri\u00f3 los 22 millones que pose\u00eda B\u00e1rcenas, apartado del caso G\u00fcrtel por falta de pruebas en septiembre de 2011 e imputado de nuevo seis meses despu\u00e9s.<\/p>\n<p>Hasta la apertura de esta pieza separada de la trama G\u00fcrtel, bautizada con el nombre del extesorero, el sumario apuntaba al posible enriquecimiento personal de l\u00edderes del PP.<\/p>\n<p>Sin embargo, tras considerar Ruz confirmada la presunta existencia de una contabilidad B en el PP la pregunta que se plantea es m\u00e1s compleja: \u00bfIncurri\u00f3 el PP en un delito fiscal al no declarar sus donaciones?<\/p>\n<p>Esta y otras preguntas tendr\u00e1 que contestarlas Ruz durante este 2014, a\u00f1o en el que el magistrado deber\u00e1 dirimir qu\u00e9 delitos mantiene de los m\u00faltiples que se atribuyen a esta red, como los de blanqueo de capitales, prevaricaci\u00f3n, cohecho, fraude fiscal, tr\u00e1fico de influencias, falsedad documental o malversaci\u00f3n de caudales p\u00fablicos.<\/p>\n<p>El Juzgado Central de Instrucci\u00f3n 5 de la Audiencia Nacional tambi\u00e9n tendr\u00e1 que determinar a qu\u00e9 personas mantiene imputadas. \u00bfSe sentar\u00e1 en el banquillo de los acusados B\u00e1rcenas, Correa y sus presuntos lugartenientes, Pablo Crespo; \u00c1lvaro P\u00e9rez, El Bigotes; Arturo Gonz\u00e1lez Panero, El Albondiguilla, o Milagrosa Mart\u00ednez, La Perla?<\/p>\n<p>Se espera que en los pr\u00f3ximos meses, salvo diligencias de \u00faltima hora, el juez cierre este voluminoso caso de m\u00e1s de 2.000 tomos y un mill\u00f3n de folios, en los que se guardan los secretos de esta presunta \u00abfamilia\u00bb de corrupci\u00f3n, cuyos miembros m\u00e1s celebres podr\u00edan sentarse pronto en el banquillo.<\/p>\n<p>Beatriz Pascual<\/p>\n","protected":false},"excerpt":{"rendered":"<p>Madrid, 6 feb (EFE).- Hoy se cumplen cinco a\u00f1os desde que el exjuez Baltasar Garz\u00f3n iniciara, con la detenci\u00f3n de quien se hac\u00eda llamar \u00abDon Vito\u00bb, Francisco Correa, la operaci\u00f3n G\u00fcrtel contra una supuesta trama de corrupci\u00f3n ligada a cargos del PP, que acumula unos 140 imputados y cuya instrucci\u00f3n est\u00e1 a punto de finalizar. [&hellip;]<\/p>\n","protected":false},"author":1,"featured_media":485561,"comment_status":"closed","ping_status":"open","sticky":false,"template":"","format":"standard","meta":{"footnotes":""},"categories":[1],"tags":[],"class_list":["post-485560","post","type-post","status-publish","format-standard","has-post-thumbnail","hentry","category-actualidad"],"aioseo_notices":[],"aioseo_head":"\n\t\t<!-- All in One SEO Pro 5.0.1 - aioseo.com -->\n\t<meta name=\"description\" content=\"Madrid, 6 feb (EFE).- Hoy se cumplen cinco a\u00f1os desde que el exjuez Baltasar Garz\u00f3n iniciara, con la detenci\u00f3n de quien se hac\u00eda llamar &quot;Don Vito&quot;, Francisco Correa, la operaci\u00f3n G\u00fcrtel contra una supuesta trama de corrupci\u00f3n ligada a cargos del PP, que acumula unos 140 imputados y cuya instrucci\u00f3n est\u00e1 a punto de finalizar.\" \/>\n\t<meta name=\"robots\" content=\"max-image-preview:large\" \/>\n\t<meta name=\"author\" content=\"El Digital de Asturias\"\/>\n\t<meta name=\"google-site-verification\" content=\"UA-38556648-1\" \/>\n\t<meta name=\"msvalidate.01\" content=\"7dfe9f3f1b24437ab69f4f2559babe99\" \/>\n\t<meta name=\"keywords\" content=\"actualidad\" \/>\n\t<link rel=\"canonical\" href=\"https:\/\/www.eldigitaldeasturias.com\/noticias\/gurtel-un-lustro-de-vaivenes-desde-la-detencion-de-don-vito\/\" \/>\n\t<meta name=\"generator\" content=\"All in One SEO Pro (AIOSEO) 5.0.1\" \/>\n\t\t<meta property=\"og:locale\" content=\"es_ES\" \/>\n\t\t<meta property=\"og:site_name\" content=\"El Digital de Asturias\" \/>\n\t\t<meta property=\"og:type\" content=\"article\" \/>\n\t\t<meta property=\"og:title\" content=\"G\u00fcrtel, un lustro de vaivenes desde la detenci\u00f3n de \u00abDon Vito\u00bb - El Digital de Asturias\" \/>\n\t\t<meta property=\"og:description\" content=\"Madrid, 6 feb (EFE).- Hoy se cumplen cinco a\u00f1os desde que el exjuez Baltasar Garz\u00f3n iniciara, con la detenci\u00f3n de quien se hac\u00eda llamar &quot;Don Vito&quot;, Francisco Correa, la operaci\u00f3n G\u00fcrtel contra una supuesta trama de corrupci\u00f3n ligada a cargos del PP, que acumula unos 140 imputados y cuya instrucci\u00f3n est\u00e1 a punto de finalizar.\" \/>\n\t\t<meta property=\"og:url\" content=\"https:\/\/www.eldigitaldeasturias.com\/noticias\/gurtel-un-lustro-de-vaivenes-desde-la-detencion-de-don-vito\/\" \/>\n\t\t<meta property=\"article:tag\" content=\"actualidad\" \/>\n\t\t<meta property=\"article:published_time\" content=\"2014-02-07T03:32:13+00:00\" \/>\n\t\t<meta property=\"article:modified_time\" content=\"2014-02-07T03:32:13+00:00\" \/>\n\t\t<meta property=\"article:publisher\" content=\"https:\/\/facebook.com\/eldigitaldeasturias\" \/>\n\t\t<meta name=\"twitter:card\" content=\"summary_large_image\" \/>\n\t\t<meta name=\"twitter:title\" content=\"G\u00fcrtel, un lustro de vaivenes desde la detenci\u00f3n de \u00abDon Vito\u00bb - El Digital de Asturias\" \/>\n\t\t<meta name=\"twitter:description\" content=\"Madrid, 6 feb (EFE).- Hoy se cumplen cinco a\u00f1os desde que el exjuez Baltasar Garz\u00f3n iniciara, con la detenci\u00f3n de quien se hac\u00eda llamar &quot;Don Vito&quot;, Francisco Correa, la operaci\u00f3n G\u00fcrtel contra una supuesta trama de corrupci\u00f3n ligada a cargos del PP, que acumula unos 140 imputados y cuya instrucci\u00f3n est\u00e1 a punto de finalizar.\" \/>\n\t\t<meta name=\"twitter:label1\" content=\"Escrito por\" \/>\n\t\t<meta name=\"twitter:data1\" content=\"El Digital de Asturias\" \/>\n\t\t<meta name=\"twitter:label2\" content=\"Tiempo de lectura estimado\" \/>\n\t\t<meta name=\"twitter:data2\" content=\"4 minutos\" \/>\n\t\t<script type=\"application\/ld+json\" class=\"aioseo-schema\">\n\t\t\t{\"@context\":\"https:\\\/\\\/schema.org\",\"@graph\":[{\"@type\":\"BlogPosting\",\"@id\":\"https:\\\/\\\/www.eldigitaldeasturias.com\\\/noticias\\\/gurtel-un-lustro-de-vaivenes-desde-la-detencion-de-don-vito\\\/#blogposting\",\"name\":\"G\\u00fcrtel, un lustro de vaivenes desde la detenci\\u00f3n de \\u00abDon Vito\\u00bb - El Digital de Asturias\",\"headline\":\"G\\u00fcrtel, un lustro de vaivenes desde la detenci\\u00f3n de \\u00abDon Vito\\u00bb\",\"author\":{\"@id\":\"https:\\\/\\\/www.eldigitaldeasturias.com\\\/noticias\\\/author\\\/admin\\\/#author\"},\"publisher\":{\"@id\":\"https:\\\/\\\/www.eldigitaldeasturias.com\\\/noticias\\\/#organization\"},\"image\":{\"@type\":\"ImageObject\",\"url\":485561},\"datePublished\":\"2014-02-07T02:32:13+01:00\",\"dateModified\":\"2014-02-07T02:32:13+01:00\",\"inLanguage\":\"es-ES\",\"mainEntityOfPage\":{\"@id\":\"https:\\\/\\\/www.eldigitaldeasturias.com\\\/noticias\\\/gurtel-un-lustro-de-vaivenes-desde-la-detencion-de-don-vito\\\/#webpage\"},\"isPartOf\":{\"@id\":\"https:\\\/\\\/www.eldigitaldeasturias.com\\\/noticias\\\/gurtel-un-lustro-de-vaivenes-desde-la-detencion-de-don-vito\\\/#webpage\"},\"articleSection\":\"Actualidad\"},{\"@type\":\"BreadcrumbList\",\"@id\":\"https:\\\/\\\/www.eldigitaldeasturias.com\\\/noticias\\\/gurtel-un-lustro-de-vaivenes-desde-la-detencion-de-don-vito\\\/#breadcrumblist\",\"itemListElement\":[{\"@type\":\"ListItem\",\"@id\":\"https:\\\/\\\/www.eldigitaldeasturias.com\\\/noticias#listItem\",\"position\":1,\"name\":\"Home\",\"item\":\"https:\\\/\\\/www.eldigitaldeasturias.com\\\/noticias\",\"nextItem\":{\"@type\":\"ListItem\",\"@id\":\"https:\\\/\\\/www.eldigitaldeasturias.com\\\/noticias\\\/category\\\/actualidad\\\/#listItem\",\"name\":\"Actualidad\"}},{\"@type\":\"ListItem\",\"@id\":\"https:\\\/\\\/www.eldigitaldeasturias.com\\\/noticias\\\/category\\\/actualidad\\\/#listItem\",\"position\":2,\"name\":\"Actualidad\",\"item\":\"https:\\\/\\\/www.eldigitaldeasturias.com\\\/noticias\\\/category\\\/actualidad\\\/\",\"nextItem\":{\"@type\":\"ListItem\",\"@id\":\"https:\\\/\\\/www.eldigitaldeasturias.com\\\/noticias\\\/gurtel-un-lustro-de-vaivenes-desde-la-detencion-de-don-vito\\\/#listItem\",\"name\":\"G\\u00fcrtel, un lustro de vaivenes desde la detenci\\u00f3n de \\u00abDon Vito\\u00bb\"},\"previousItem\":{\"@type\":\"ListItem\",\"@id\":\"https:\\\/\\\/www.eldigitaldeasturias.com\\\/noticias#listItem\",\"name\":\"Home\"}},{\"@type\":\"ListItem\",\"@id\":\"https:\\\/\\\/www.eldigitaldeasturias.com\\\/noticias\\\/gurtel-un-lustro-de-vaivenes-desde-la-detencion-de-don-vito\\\/#listItem\",\"position\":3,\"name\":\"G\\u00fcrtel, un lustro de vaivenes desde la detenci\\u00f3n de \\u00abDon Vito\\u00bb\",\"previousItem\":{\"@type\":\"ListItem\",\"@id\":\"https:\\\/\\\/www.eldigitaldeasturias.com\\\/noticias\\\/category\\\/actualidad\\\/#listItem\",\"name\":\"Actualidad\"}}]},{\"@type\":\"Organization\",\"@id\":\"https:\\\/\\\/www.eldigitaldeasturias.com\\\/noticias\\\/#organization\",\"name\":\"El Digital de Asturias\",\"description\":\"Hemeroteca\",\"url\":\"https:\\\/\\\/www.eldigitaldeasturias.com\\\/noticias\\\/\",\"email\":\"info@eldigitaldeasturias.com\",\"telephone\":\"+34652131393\",\"logo\":{\"@type\":\"ImageObject\",\"url\":\"https:\\\/\\\/www.eldigitaldeasturias.com\\\/noticias\\\/wp-content\\\/uploads\\\/2020\\\/12\\\/EDA.jpg\",\"@id\":\"https:\\\/\\\/www.eldigitaldeasturias.com\\\/noticias\\\/gurtel-un-lustro-de-vaivenes-desde-la-detencion-de-don-vito\\\/#organizationLogo\"},\"image\":{\"@id\":\"https:\\\/\\\/www.eldigitaldeasturias.com\\\/noticias\\\/gurtel-un-lustro-de-vaivenes-desde-la-detencion-de-don-vito\\\/#organizationLogo\"},\"sameAs\":[\"https:\\\/\\\/facebook.com\\\/eldigitaldeasturias\",\"https:\\\/\\\/www.youtube.com\\\/channel\\\/UCZP-2wLEB9Rv6erhFmqVnvg\"],\"address\":{\"@id\":\"https:\\\/\\\/www.eldigitaldeasturias.com\\\/noticias\\\/#postaladdress\",\"@type\":\"PostalAddress\",\"streetAddress\":\"san antonio 4\",\"postalCode\":\"33430\",\"addressLocality\":\"Cand\\u00e1s\",\"addressRegion\":\"Asturias\",\"addressCountry\":\"ES\"}},{\"@type\":\"Person\",\"@id\":\"https:\\\/\\\/www.eldigitaldeasturias.com\\\/noticias\\\/author\\\/admin\\\/#author\",\"url\":\"https:\\\/\\\/www.eldigitaldeasturias.com\\\/noticias\\\/author\\\/admin\\\/\",\"name\":\"El Digital de Asturias\",\"image\":{\"@type\":\"ImageObject\",\"@id\":\"https:\\\/\\\/www.eldigitaldeasturias.com\\\/noticias\\\/gurtel-un-lustro-de-vaivenes-desde-la-detencion-de-don-vito\\\/#authorImage\",\"url\":\"https:\\\/\\\/secure.gravatar.com\\\/avatar\\\/df2aeffc32bcd13f8d26072ef8a91b623d677766deac7f97ca815868cd41bf5e?s=96&d=mm&r=g\",\"width\":96,\"height\":96,\"caption\":\"El Digital de Asturias\"}},{\"@type\":\"WebPage\",\"@id\":\"https:\\\/\\\/www.eldigitaldeasturias.com\\\/noticias\\\/gurtel-un-lustro-de-vaivenes-desde-la-detencion-de-don-vito\\\/#webpage\",\"url\":\"https:\\\/\\\/www.eldigitaldeasturias.com\\\/noticias\\\/gurtel-un-lustro-de-vaivenes-desde-la-detencion-de-don-vito\\\/\",\"name\":\"G\\u00fcrtel, un lustro de vaivenes desde la detenci\\u00f3n de \\u00abDon Vito\\u00bb - El Digital de Asturias\",\"description\":\"Madrid, 6 feb (EFE).- Hoy se cumplen cinco a\\u00f1os desde que el exjuez Baltasar Garz\\u00f3n iniciara, con la detenci\\u00f3n de quien se hac\\u00eda llamar \\\"Don Vito\\\", Francisco Correa, la operaci\\u00f3n G\\u00fcrtel contra una supuesta trama de corrupci\\u00f3n ligada a cargos del PP, que acumula unos 140 imputados y cuya instrucci\\u00f3n est\\u00e1 a punto de finalizar.\",\"inLanguage\":\"es-ES\",\"isPartOf\":{\"@id\":\"https:\\\/\\\/www.eldigitaldeasturias.com\\\/noticias\\\/#website\"},\"breadcrumb\":{\"@id\":\"https:\\\/\\\/www.eldigitaldeasturias.com\\\/noticias\\\/gurtel-un-lustro-de-vaivenes-desde-la-detencion-de-don-vito\\\/#breadcrumblist\"},\"author\":{\"@id\":\"https:\\\/\\\/www.eldigitaldeasturias.com\\\/noticias\\\/author\\\/admin\\\/#author\"},\"creator\":{\"@id\":\"https:\\\/\\\/www.eldigitaldeasturias.com\\\/noticias\\\/author\\\/admin\\\/#author\"},\"image\":{\"@type\":\"ImageObject\",\"url\":485561,\"@id\":\"https:\\\/\\\/www.eldigitaldeasturias.com\\\/noticias\\\/gurtel-un-lustro-de-vaivenes-desde-la-detencion-de-don-vito\\\/#mainImage\"},\"primaryImageOfPage\":{\"@id\":\"https:\\\/\\\/www.eldigitaldeasturias.com\\\/noticias\\\/gurtel-un-lustro-de-vaivenes-desde-la-detencion-de-don-vito\\\/#mainImage\"},\"datePublished\":\"2014-02-07T02:32:13+01:00\",\"dateModified\":\"2014-02-07T02:32:13+01:00\"},{\"@type\":\"WebSite\",\"@id\":\"https:\\\/\\\/www.eldigitaldeasturias.com\\\/noticias\\\/#website\",\"url\":\"https:\\\/\\\/www.eldigitaldeasturias.com\\\/noticias\\\/\",\"name\":\"El Digital de Asturias - Diario de actualidad y noticias\",\"alternateName\":\"El Digital de Asturias - Diario de actualidad y noticias\",\"description\":\"Hemeroteca\",\"inLanguage\":\"es-ES\",\"publisher\":{\"@id\":\"https:\\\/\\\/www.eldigitaldeasturias.com\\\/noticias\\\/#organization\"}}]}\n\t\t<\/script>\n\t\t<!-- All in One SEO Pro -->\r\n\t\t<title>G\u00fcrtel, un lustro de vaivenes desde la detenci\u00f3n de \u00abDon Vito\u00bb - El Digital de Asturias<\/title>\n\n","aioseo_head_json":{"title":"G\u00fcrtel, un lustro de vaivenes desde la detenci\u00f3n de \u00abDon Vito\u00bb - El Digital de Asturias","description":"Madrid, 6 feb (EFE).- Hoy se cumplen cinco a\u00f1os desde que el exjuez Baltasar Garz\u00f3n iniciara, con la detenci\u00f3n de quien se hac\u00eda llamar \"Don Vito\", Francisco Correa, la operaci\u00f3n G\u00fcrtel contra una supuesta trama de corrupci\u00f3n ligada a cargos del PP, que acumula unos 140 imputados y cuya instrucci\u00f3n est\u00e1 a punto de finalizar.","canonical_url":"https:\/\/www.eldigitaldeasturias.com\/noticias\/gurtel-un-lustro-de-vaivenes-desde-la-detencion-de-don-vito\/","robots":"max-image-preview:large","keywords":"actualidad","webmasterTools":{"google-site-verification":"UA-38556648-1","msvalidate.01":"7dfe9f3f1b24437ab69f4f2559babe99","miscellaneous":""},"schema":{"@context":"https:\/\/schema.org","@graph":[{"@type":"BlogPosting","@id":"https:\/\/www.eldigitaldeasturias.com\/noticias\/gurtel-un-lustro-de-vaivenes-desde-la-detencion-de-don-vito\/#blogposting","name":"G\u00fcrtel, un lustro de vaivenes desde la detenci\u00f3n de \u00abDon Vito\u00bb - El Digital de Asturias","headline":"G\u00fcrtel, un lustro de vaivenes desde la detenci\u00f3n de \u00abDon Vito\u00bb","author":{"@id":"https:\/\/www.eldigitaldeasturias.com\/noticias\/author\/admin\/#author"},"publisher":{"@id":"https:\/\/www.eldigitaldeasturias.com\/noticias\/#organization"},"image":{"@type":"ImageObject","url":485561},"datePublished":"2014-02-07T02:32:13+01:00","dateModified":"2014-02-07T02:32:13+01:00","inLanguage":"es-ES","mainEntityOfPage":{"@id":"https:\/\/www.eldigitaldeasturias.com\/noticias\/gurtel-un-lustro-de-vaivenes-desde-la-detencion-de-don-vito\/#webpage"},"isPartOf":{"@id":"https:\/\/www.eldigitaldeasturias.com\/noticias\/gurtel-un-lustro-de-vaivenes-desde-la-detencion-de-don-vito\/#webpage"},"articleSection":"Actualidad"},{"@type":"BreadcrumbList","@id":"https:\/\/www.eldigitaldeasturias.com\/noticias\/gurtel-un-lustro-de-vaivenes-desde-la-detencion-de-don-vito\/#breadcrumblist","itemListElement":[{"@type":"ListItem","@id":"https:\/\/www.eldigitaldeasturias.com\/noticias#listItem","position":1,"name":"Home","item":"https:\/\/www.eldigitaldeasturias.com\/noticias","nextItem":{"@type":"ListItem","@id":"https:\/\/www.eldigitaldeasturias.com\/noticias\/category\/actualidad\/#listItem","name":"Actualidad"}},{"@type":"ListItem","@id":"https:\/\/www.eldigitaldeasturias.com\/noticias\/category\/actualidad\/#listItem","position":2,"name":"Actualidad","item":"https:\/\/www.eldigitaldeasturias.com\/noticias\/category\/actualidad\/","nextItem":{"@type":"ListItem","@id":"https:\/\/www.eldigitaldeasturias.com\/noticias\/gurtel-un-lustro-de-vaivenes-desde-la-detencion-de-don-vito\/#listItem","name":"G\u00fcrtel, un lustro de vaivenes desde la detenci\u00f3n de \u00abDon Vito\u00bb"},"previousItem":{"@type":"ListItem","@id":"https:\/\/www.eldigitaldeasturias.com\/noticias#listItem","name":"Home"}},{"@type":"ListItem","@id":"https:\/\/www.eldigitaldeasturias.com\/noticias\/gurtel-un-lustro-de-vaivenes-desde-la-detencion-de-don-vito\/#listItem","position":3,"name":"G\u00fcrtel, un lustro de vaivenes desde la detenci\u00f3n de \u00abDon Vito\u00bb","previousItem":{"@type":"ListItem","@id":"https:\/\/www.eldigitaldeasturias.com\/noticias\/category\/actualidad\/#listItem","name":"Actualidad"}}]},{"@type":"Organization","@id":"https:\/\/www.eldigitaldeasturias.com\/noticias\/#organization","name":"El Digital de Asturias","description":"Hemeroteca","url":"https:\/\/www.eldigitaldeasturias.com\/noticias\/","email":"info@eldigitaldeasturias.com","telephone":"+34652131393","logo":{"@type":"ImageObject","url":"https:\/\/www.eldigitaldeasturias.com\/noticias\/wp-content\/uploads\/2020\/12\/EDA.jpg","@id":"https:\/\/www.eldigitaldeasturias.com\/noticias\/gurtel-un-lustro-de-vaivenes-desde-la-detencion-de-don-vito\/#organizationLogo"},"image":{"@id":"https:\/\/www.eldigitaldeasturias.com\/noticias\/gurtel-un-lustro-de-vaivenes-desde-la-detencion-de-don-vito\/#organizationLogo"},"sameAs":["https:\/\/facebook.com\/eldigitaldeasturias","https:\/\/www.youtube.com\/channel\/UCZP-2wLEB9Rv6erhFmqVnvg"],"address":{"@id":"https:\/\/www.eldigitaldeasturias.com\/noticias\/#postaladdress","@type":"PostalAddress","streetAddress":"san antonio 4","postalCode":"33430","addressLocality":"Cand\u00e1s","addressRegion":"Asturias","addressCountry":"ES"}},{"@type":"Person","@id":"https:\/\/www.eldigitaldeasturias.com\/noticias\/author\/admin\/#author","url":"https:\/\/www.eldigitaldeasturias.com\/noticias\/author\/admin\/","name":"El Digital de Asturias","image":{"@type":"ImageObject","@id":"https:\/\/www.eldigitaldeasturias.com\/noticias\/gurtel-un-lustro-de-vaivenes-desde-la-detencion-de-don-vito\/#authorImage","url":"https:\/\/secure.gravatar.com\/avatar\/df2aeffc32bcd13f8d26072ef8a91b623d677766deac7f97ca815868cd41bf5e?s=96&d=mm&r=g","width":96,"height":96,"caption":"El Digital de Asturias"}},{"@type":"WebPage","@id":"https:\/\/www.eldigitaldeasturias.com\/noticias\/gurtel-un-lustro-de-vaivenes-desde-la-detencion-de-don-vito\/#webpage","url":"https:\/\/www.eldigitaldeasturias.com\/noticias\/gurtel-un-lustro-de-vaivenes-desde-la-detencion-de-don-vito\/","name":"G\u00fcrtel, un lustro de vaivenes desde la detenci\u00f3n de \u00abDon Vito\u00bb - El Digital de Asturias","description":"Madrid, 6 feb (EFE).- Hoy se cumplen cinco a\u00f1os desde que el exjuez Baltasar Garz\u00f3n iniciara, con la detenci\u00f3n de quien se hac\u00eda llamar \"Don Vito\", Francisco Correa, la operaci\u00f3n G\u00fcrtel contra una supuesta trama de corrupci\u00f3n ligada a cargos del PP, que acumula unos 140 imputados y cuya instrucci\u00f3n est\u00e1 a punto de finalizar.","inLanguage":"es-ES","isPartOf":{"@id":"https:\/\/www.eldigitaldeasturias.com\/noticias\/#website"},"breadcrumb":{"@id":"https:\/\/www.eldigitaldeasturias.com\/noticias\/gurtel-un-lustro-de-vaivenes-desde-la-detencion-de-don-vito\/#breadcrumblist"},"author":{"@id":"https:\/\/www.eldigitaldeasturias.com\/noticias\/author\/admin\/#author"},"creator":{"@id":"https:\/\/www.eldigitaldeasturias.com\/noticias\/author\/admin\/#author"},"image":{"@type":"ImageObject","url":485561,"@id":"https:\/\/www.eldigitaldeasturias.com\/noticias\/gurtel-un-lustro-de-vaivenes-desde-la-detencion-de-don-vito\/#mainImage"},"primaryImageOfPage":{"@id":"https:\/\/www.eldigitaldeasturias.com\/noticias\/gurtel-un-lustro-de-vaivenes-desde-la-detencion-de-don-vito\/#mainImage"},"datePublished":"2014-02-07T02:32:13+01:00","dateModified":"2014-02-07T02:32:13+01:00"},{"@type":"WebSite","@id":"https:\/\/www.eldigitaldeasturias.com\/noticias\/#website","url":"https:\/\/www.eldigitaldeasturias.com\/noticias\/","name":"El Digital de Asturias - Diario de actualidad y noticias","alternateName":"El Digital de Asturias - Diario de actualidad y noticias","description":"Hemeroteca","inLanguage":"es-ES","publisher":{"@id":"https:\/\/www.eldigitaldeasturias.com\/noticias\/#organization"}}]},"og:locale":"es_ES","og:site_name":"El Digital de Asturias","og:type":"article","og:title":"G\u00fcrtel, un lustro de vaivenes desde la detenci\u00f3n de \u00abDon Vito\u00bb - El Digital de Asturias","og:description":"Madrid, 6 feb (EFE).- Hoy se cumplen cinco a\u00f1os desde que el exjuez Baltasar Garz\u00f3n iniciara, con la detenci\u00f3n de quien se hac\u00eda llamar &quot;Don Vito&quot;, Francisco Correa, la operaci\u00f3n G\u00fcrtel contra una supuesta trama de corrupci\u00f3n ligada a cargos del PP, que acumula unos 140 imputados y cuya instrucci\u00f3n est\u00e1 a punto de finalizar.","og:url":"https:\/\/www.eldigitaldeasturias.com\/noticias\/gurtel-un-lustro-de-vaivenes-desde-la-detencion-de-don-vito\/","article:tag":["actualidad"],"article:published_time":"2014-02-07T03:32:13+00:00","article:modified_time":"2014-02-07T03:32:13+00:00","article:publisher":"https:\/\/facebook.com\/eldigitaldeasturias","twitter:card":"summary_large_image","twitter:title":"G\u00fcrtel, un lustro de vaivenes desde la detenci\u00f3n de \u00abDon Vito\u00bb - El Digital de Asturias","twitter:description":"Madrid, 6 feb (EFE).- Hoy se cumplen cinco a\u00f1os desde que el exjuez Baltasar Garz\u00f3n iniciara, con la detenci\u00f3n de quien se hac\u00eda llamar &quot;Don Vito&quot;, Francisco Correa, la operaci\u00f3n G\u00fcrtel contra una supuesta trama de corrupci\u00f3n ligada a cargos del PP, que acumula unos 140 imputados y cuya instrucci\u00f3n est\u00e1 a punto de finalizar.","twitter:label1":"Escrito por","twitter:data1":"El Digital de Asturias","twitter:label2":"Tiempo de lectura estimado","twitter:data2":"4 minutos"},"aioseo_meta_data":{"post_id":"485560","title":null,"description":null,"keywords":null,"keyphrases":null,"primary_term":null,"canonical_url":null,"og_title":null,"og_description":null,"og_object_type":"default","og_image_type":"default","og_image_url":null,"og_image_width":null,"og_image_height":null,"og_image_custom_url":null,"og_image_custom_fields":null,"og_video":null,"og_custom_url":null,"og_article_section":null,"og_article_tags":null,"twitter_use_og":true,"twitter_card":"default","twitter_image_type":"default","twitter_image_url":null,"twitter_image_custom_url":null,"twitter_image_custom_fields":null,"twitter_title":null,"twitter_description":null,"schema":{"blockGraphs":[],"customGraphs":[],"default":{"data":{"Article":[],"Course":[],"Dataset":[],"FAQPage":[],"Movie":[],"Person":[],"Product":[],"ProductReview":[],"Car":[],"Recipe":[],"Service":[],"SoftwareApplication":[],"WebPage":[]},"graphName":"","isEnabled":true},"graphs":[],"defaultGraph":"","defaultPostTypeGraph":""},"schema_type":null,"schema_type_options":null,"pillar_content":false,"robots_default":true,"robots_noindex":false,"robots_noarchive":false,"robots_nosnippet":false,"robots_nofollow":false,"robots_noimageindex":false,"robots_noodp":false,"robots_notranslate":false,"robots_max_snippet":null,"robots_max_videopreview":null,"robots_max_imagepreview":"none","priority":null,"frequency":null,"local_seo":null,"seo_analyzer_scan_date":"2026-06-02 20:50:18","breadcrumb_settings":null,"limit_modified_date":false,"open_ai":null,"ai":null,"created":"2020-11-14 22:55:16","updated":"2026-06-02 20:50:18","focus_keyword":null,"additional_keywords":null,"truseo_locale":null},"aioseo_breadcrumb":"<div class=\"aioseo-breadcrumbs\"><span class=\"aioseo-breadcrumb\">\n\t<a href=\"https:\/\/www.eldigitaldeasturias.com\/noticias\" title=\"Home\">Home<\/a>\n<\/span><span class=\"aioseo-breadcrumb-separator\">\u2013<\/span><span class=\"aioseo-breadcrumb\">\n\t<a href=\"https:\/\/www.eldigitaldeasturias.com\/noticias\/category\/actualidad\/\" title=\"Actualidad\">Actualidad<\/a>\n<\/span><span class=\"aioseo-breadcrumb-separator\">\u2013<\/span><span class=\"aioseo-breadcrumb\">\n\t<a href=\"https:\/\/www.eldigitaldeasturias.com\/noticias\/gurtel-un-lustro-de-vaivenes-desde-la-detencion-de-don-vito\/\" title=\"G\u00fcrtel, un lustro de vaivenes desde la detenci\u00f3n de \u00abDon Vito\u00bb\">G\u00fcrtel, un lustro de vaivenes desde la detenci\u00f3n de \u00abDon Vito\u00bb<\/a>\n<\/span><\/div>","aioseo_breadcrumb_json":[{"label":"Home","link":"https:\/\/www.eldigitaldeasturias.com\/noticias"},{"label":"Actualidad","link":"https:\/\/www.eldigitaldeasturias.com\/noticias\/category\/actualidad\/"},{"label":"G\u00fcrtel, un lustro de vaivenes desde la detenci\u00f3n de \u00abDon Vito\u00bb","link":"https:\/\/www.eldigitaldeasturias.com\/noticias\/gurtel-un-lustro-de-vaivenes-desde-la-detencion-de-don-vito\/"}],"_links":{"self":[{"href":"https:\/\/www.eldigitaldeasturias.com\/noticias\/wp-json\/wp\/v2\/posts\/485560","targetHints":{"allow":["GET"]}}],"collection":[{"href":"https:\/\/www.eldigitaldeasturias.com\/noticias\/wp-json\/wp\/v2\/posts"}],"about":[{"href":"https:\/\/www.eldigitaldeasturias.com\/noticias\/wp-json\/wp\/v2\/types\/post"}],"author":[{"embeddable":true,"href":"https:\/\/www.eldigitaldeasturias.com\/noticias\/wp-json\/wp\/v2\/users\/1"}],"replies":[{"embeddable":true,"href":"https:\/\/www.eldigitaldeasturias.com\/noticias\/wp-json\/wp\/v2\/comments?post=485560"}],"version-history":[{"count":0,"href":"https:\/\/www.eldigitaldeasturias.com\/noticias\/wp-json\/wp\/v2\/posts\/485560\/revisions"}],"wp:attachment":[{"href":"https:\/\/www.eldigitaldeasturias.com\/noticias\/wp-json\/wp\/v2\/media?parent=485560"}],"wp:term":[{"taxonomy":"category","embeddable":true,"href":"https:\/\/www.eldigitaldeasturias.com\/noticias\/wp-json\/wp\/v2\/categories?post=485560"},{"taxonomy":"post_tag","embeddable":true,"href":"https:\/\/www.eldigitaldeasturias.com\/noticias\/wp-json\/wp\/v2\/tags?post=485560"}],"curies":[{"name":"wp","href":"https:\/\/api.w.org\/{rel}","templated":true}]}}