{"id":485529,"date":"2014-02-07T01:54:54","date_gmt":"2014-02-07T02:54:54","guid":{"rendered":"http:\/\/www.eldigitaldeasturias.com\/noticias\/?p=485529"},"modified":"2014-02-07T01:54:54","modified_gmt":"2014-02-07T02:54:54","slug":"el-mercosur-avanza-en-la-compatibilizacion-de-oferta-que-presentara-a-la-ue","status":"publish","type":"post","link":"https:\/\/www.eldigitaldeasturias.com\/noticias\/el-mercosur-avanza-en-la-compatibilizacion-de-oferta-que-presentara-a-la-ue\/","title":{"rendered":"El Mercosur avanza en la compatibilizaci\u00f3n de oferta que presentar\u00e1 a la UE"},"content":{"rendered":"<p><img loading=\"lazy\" decoding=\"async\" class=\"alignleft size-medium wp-image-485530\" alt=\"5917783w\" src=\"https:\/\/www.eldigitaldeasturias.com\/noticias\/wp-content\/uploads\/2014\/02\/5917783w-360x221.jpg\" width=\"360\" height=\"221\" \/>Brasilia, 6 feb (EFE).- Los miembros del Mercosur han avanzado significativamente en la compatibilizaci\u00f3n de la oferta que le presentar\u00e1n a la Uni\u00f3n Europea (UE) con vistas a un acuerdo de libre comercio entre los dos bloques, afirm\u00f3 hoy el ministro brasile\u00f1o de Relaciones Exteriores, Luiz Alberto Figueiredo.<\/p>\n<p>El canciller asegur\u00f3 que los representantes de Argentina, Brasil, Paraguay y Uruguay (Venezuela es miembro del Mercosur pero a\u00fan no se sum\u00f3 a las negociaciones) tendr\u00e1n los d\u00edas 12 y 13 de febrero una nueva reuni\u00f3n t\u00e9cnica en Caracas para unificar su oferta y poderla entregar lo m\u00e1s r\u00e1pido posible a los europeos.<\/p>\n<p>\u00abTodos estamos muy comprometidos con ese acuerdo y hemos avanzado en la compatibilizaci\u00f3n de la oferta. Es un ejercicio muy interesante que est\u00e1 progresando muy bien para que podamos hacer el intercambio de ofertas lo m\u00e1s r\u00e1pido posible\u00bb, afirm\u00f3 Figueiredo en una comparecencia en el Senado.<\/p>\n<p>El canciller se abstuvo de confirmar si el intercambio de ofertas ser\u00e1 efectivamente en febrero, como lo hab\u00edan previsto ambos bloques.<\/p>\n<p>El intercambio estaba previsto para diciembre de 2013 pero fue aplazado para comienzos de este a\u00f1o por petici\u00f3n de la Uni\u00f3n Europea. La intenci\u00f3n de Brasil era realizarlo en enero pero qued\u00f3 en duda por el propio aplazamiento de la Cumbre de los presidentes de los pa\u00edses del Mercosur, ahora prevista para mediados de este mes en Caracas.<\/p>\n<p>\u00abCuando realicemos el intercambio veremos cu\u00e1les son los t\u00e9rminos de la oferta europea, pero trabajamos con la esperanza de que podamos llegar a un acuerdo ben\u00e9fico para Brasil, para el Mercosur y para los pa\u00edses europeos\u00bb, afirm\u00f3 Figueiredo.<\/p>\n<p>El ministro admiti\u00f3 que el \u00e1rea agr\u00edcola es la principal y m\u00e1s antigua divergencia en torno al comercio entre el Mercosur y los pa\u00edses europeos.<\/p>\n<p>\u00abSiempre hemos buscado un acceso agregado de bienes agr\u00edcolas al mercado europeo y consideramos este acuerdo como una v\u00eda para hacer eso posible\u00bb, afirm\u00f3.<\/p>\n<p>La negociaci\u00f3n para un acuerdo de libre comercio entre el Mercosur y la UE comenz\u00f3 formalmente en 2000, pero desde entonces se ha prolongado sin \u00e9xito, e incluso lleg\u00f3 a paralizarse por completo en 2004.<\/p>\n<p>Fue retomada en 2010, pero el proceso qued\u00f3 nuevamente aplazado por la crisis que signific\u00f3 la suspensi\u00f3n de Paraguay en junio de 2011, tras la destituci\u00f3n del entonces presidente Fernando Lugo.<\/p>\n<p>La suspensi\u00f3n de Paraguay lleg\u00f3 a su fin el pasado 15 de agosto cuando asumi\u00f3 como nuevo presidente del pa\u00eds Horacio Cartes, con lo cual la negociaci\u00f3n pudo ser reanudada.<\/p>\n","protected":false},"excerpt":{"rendered":"<p>Brasilia, 6 feb (EFE).- Los miembros del Mercosur han avanzado significativamente en la compatibilizaci\u00f3n de la oferta que le presentar\u00e1n a la Uni\u00f3n Europea (UE) con vistas a un acuerdo de libre comercio entre los dos bloques, afirm\u00f3 hoy el ministro brasile\u00f1o de Relaciones Exteriores, Luiz Alberto Figueiredo. El canciller asegur\u00f3 que los representantes de [&hellip;]<\/p>\n","protected":false},"author":1,"featured_media":485530,"comment_status":"closed","ping_status":"open","sticky":false,"template":"","format":"standard","meta":{"footnotes":""},"categories":[1],"tags":[],"class_list":["post-485529","post","type-post","status-publish","format-standard","has-post-thumbnail","hentry","category-actualidad"],"aioseo_notices":[],"aioseo_head":"\n\t\t<!-- All in One SEO Pro 5.0.1 - aioseo.com -->\n\t<meta name=\"description\" content=\"Brasilia, 6 feb (EFE).- Los miembros del Mercosur han avanzado significativamente en la compatibilizaci\u00f3n de la oferta que le presentar\u00e1n a la Uni\u00f3n Europea (UE) con vistas a un acuerdo de libre comercio entre los dos bloques, afirm\u00f3 hoy el ministro brasile\u00f1o de Relaciones Exteriores, Luiz Alberto Figueiredo. El canciller asegur\u00f3 que los representantes de\" \/>\n\t<meta name=\"robots\" content=\"max-image-preview:large\" \/>\n\t<meta name=\"author\" content=\"El Digital de Asturias\"\/>\n\t<meta name=\"google-site-verification\" content=\"UA-38556648-1\" \/>\n\t<meta name=\"msvalidate.01\" content=\"7dfe9f3f1b24437ab69f4f2559babe99\" \/>\n\t<meta name=\"keywords\" content=\"actualidad\" \/>\n\t<link rel=\"canonical\" href=\"https:\/\/www.eldigitaldeasturias.com\/noticias\/el-mercosur-avanza-en-la-compatibilizacion-de-oferta-que-presentara-a-la-ue\/\" \/>\n\t<meta name=\"generator\" content=\"All in One SEO Pro (AIOSEO) 5.0.1\" \/>\n\t\t<meta property=\"og:locale\" content=\"es_ES\" \/>\n\t\t<meta property=\"og:site_name\" content=\"El Digital de Asturias\" \/>\n\t\t<meta property=\"og:type\" content=\"article\" \/>\n\t\t<meta property=\"og:title\" content=\"El Mercosur avanza en la compatibilizaci\u00f3n de oferta que presentar\u00e1 a la UE - El Digital de Asturias\" \/>\n\t\t<meta property=\"og:description\" content=\"Brasilia, 6 feb (EFE).- Los miembros del Mercosur han avanzado significativamente en la compatibilizaci\u00f3n de la oferta que le presentar\u00e1n a la Uni\u00f3n Europea (UE) con vistas a un acuerdo de libre comercio entre los dos bloques, afirm\u00f3 hoy el ministro brasile\u00f1o de Relaciones Exteriores, Luiz Alberto Figueiredo. El canciller asegur\u00f3 que los representantes de\" \/>\n\t\t<meta property=\"og:url\" content=\"https:\/\/www.eldigitaldeasturias.com\/noticias\/el-mercosur-avanza-en-la-compatibilizacion-de-oferta-que-presentara-a-la-ue\/\" \/>\n\t\t<meta property=\"article:tag\" content=\"actualidad\" \/>\n\t\t<meta property=\"article:published_time\" content=\"2014-02-07T02:54:54+00:00\" \/>\n\t\t<meta property=\"article:modified_time\" content=\"2014-02-07T02:54:54+00:00\" \/>\n\t\t<meta property=\"article:publisher\" content=\"https:\/\/facebook.com\/eldigitaldeasturias\" \/>\n\t\t<meta name=\"twitter:card\" content=\"summary_large_image\" \/>\n\t\t<meta name=\"twitter:title\" content=\"El Mercosur avanza en la compatibilizaci\u00f3n de oferta que presentar\u00e1 a la UE - El Digital de Asturias\" \/>\n\t\t<meta name=\"twitter:description\" content=\"Brasilia, 6 feb (EFE).- Los miembros del Mercosur han avanzado significativamente en la compatibilizaci\u00f3n de la oferta que le presentar\u00e1n a la Uni\u00f3n Europea (UE) con vistas a un acuerdo de libre comercio entre los dos bloques, afirm\u00f3 hoy el ministro brasile\u00f1o de Relaciones Exteriores, Luiz Alberto Figueiredo. El canciller asegur\u00f3 que los representantes de\" \/>\n\t\t<meta name=\"twitter:label1\" content=\"Escrito por\" \/>\n\t\t<meta name=\"twitter:data1\" content=\"El Digital de Asturias\" \/>\n\t\t<meta name=\"twitter:label2\" content=\"Tiempo de lectura estimado\" \/>\n\t\t<meta name=\"twitter:data2\" content=\"2 minutos\" \/>\n\t\t<script type=\"application\/ld+json\" class=\"aioseo-schema\">\n\t\t\t{\"@context\":\"https:\\\/\\\/schema.org\",\"@graph\":[{\"@type\":\"BlogPosting\",\"@id\":\"https:\\\/\\\/www.eldigitaldeasturias.com\\\/noticias\\\/el-mercosur-avanza-en-la-compatibilizacion-de-oferta-que-presentara-a-la-ue\\\/#blogposting\",\"name\":\"El Mercosur avanza en la compatibilizaci\\u00f3n de oferta que presentar\\u00e1 a la UE - El Digital de Asturias\",\"headline\":\"El Mercosur avanza en la compatibilizaci\\u00f3n de oferta que presentar\\u00e1 a la UE\",\"author\":{\"@id\":\"https:\\\/\\\/www.eldigitaldeasturias.com\\\/noticias\\\/author\\\/admin\\\/#author\"},\"publisher\":{\"@id\":\"https:\\\/\\\/www.eldigitaldeasturias.com\\\/noticias\\\/#organization\"},\"image\":{\"@type\":\"ImageObject\",\"url\":485530},\"datePublished\":\"2014-02-07T01:54:54+01:00\",\"dateModified\":\"2014-02-07T01:54:54+01:00\",\"inLanguage\":\"es-ES\",\"mainEntityOfPage\":{\"@id\":\"https:\\\/\\\/www.eldigitaldeasturias.com\\\/noticias\\\/el-mercosur-avanza-en-la-compatibilizacion-de-oferta-que-presentara-a-la-ue\\\/#webpage\"},\"isPartOf\":{\"@id\":\"https:\\\/\\\/www.eldigitaldeasturias.com\\\/noticias\\\/el-mercosur-avanza-en-la-compatibilizacion-de-oferta-que-presentara-a-la-ue\\\/#webpage\"},\"articleSection\":\"Actualidad\"},{\"@type\":\"BreadcrumbList\",\"@id\":\"https:\\\/\\\/www.eldigitaldeasturias.com\\\/noticias\\\/el-mercosur-avanza-en-la-compatibilizacion-de-oferta-que-presentara-a-la-ue\\\/#breadcrumblist\",\"itemListElement\":[{\"@type\":\"ListItem\",\"@id\":\"https:\\\/\\\/www.eldigitaldeasturias.com\\\/noticias#listItem\",\"position\":1,\"name\":\"Home\",\"item\":\"https:\\\/\\\/www.eldigitaldeasturias.com\\\/noticias\",\"nextItem\":{\"@type\":\"ListItem\",\"@id\":\"https:\\\/\\\/www.eldigitaldeasturias.com\\\/noticias\\\/category\\\/actualidad\\\/#listItem\",\"name\":\"Actualidad\"}},{\"@type\":\"ListItem\",\"@id\":\"https:\\\/\\\/www.eldigitaldeasturias.com\\\/noticias\\\/category\\\/actualidad\\\/#listItem\",\"position\":2,\"name\":\"Actualidad\",\"item\":\"https:\\\/\\\/www.eldigitaldeasturias.com\\\/noticias\\\/category\\\/actualidad\\\/\",\"nextItem\":{\"@type\":\"ListItem\",\"@id\":\"https:\\\/\\\/www.eldigitaldeasturias.com\\\/noticias\\\/el-mercosur-avanza-en-la-compatibilizacion-de-oferta-que-presentara-a-la-ue\\\/#listItem\",\"name\":\"El Mercosur avanza en la compatibilizaci\\u00f3n de oferta que presentar\\u00e1 a la UE\"},\"previousItem\":{\"@type\":\"ListItem\",\"@id\":\"https:\\\/\\\/www.eldigitaldeasturias.com\\\/noticias#listItem\",\"name\":\"Home\"}},{\"@type\":\"ListItem\",\"@id\":\"https:\\\/\\\/www.eldigitaldeasturias.com\\\/noticias\\\/el-mercosur-avanza-en-la-compatibilizacion-de-oferta-que-presentara-a-la-ue\\\/#listItem\",\"position\":3,\"name\":\"El Mercosur avanza en la compatibilizaci\\u00f3n de oferta que presentar\\u00e1 a la UE\",\"previousItem\":{\"@type\":\"ListItem\",\"@id\":\"https:\\\/\\\/www.eldigitaldeasturias.com\\\/noticias\\\/category\\\/actualidad\\\/#listItem\",\"name\":\"Actualidad\"}}]},{\"@type\":\"Organization\",\"@id\":\"https:\\\/\\\/www.eldigitaldeasturias.com\\\/noticias\\\/#organization\",\"name\":\"El Digital de Asturias\",\"description\":\"Hemeroteca\",\"url\":\"https:\\\/\\\/www.eldigitaldeasturias.com\\\/noticias\\\/\",\"email\":\"info@eldigitaldeasturias.com\",\"telephone\":\"+34652131393\",\"logo\":{\"@type\":\"ImageObject\",\"url\":\"https:\\\/\\\/www.eldigitaldeasturias.com\\\/noticias\\\/wp-content\\\/uploads\\\/2020\\\/12\\\/EDA.jpg\",\"@id\":\"https:\\\/\\\/www.eldigitaldeasturias.com\\\/noticias\\\/el-mercosur-avanza-en-la-compatibilizacion-de-oferta-que-presentara-a-la-ue\\\/#organizationLogo\"},\"image\":{\"@id\":\"https:\\\/\\\/www.eldigitaldeasturias.com\\\/noticias\\\/el-mercosur-avanza-en-la-compatibilizacion-de-oferta-que-presentara-a-la-ue\\\/#organizationLogo\"},\"sameAs\":[\"https:\\\/\\\/facebook.com\\\/eldigitaldeasturias\",\"https:\\\/\\\/www.youtube.com\\\/channel\\\/UCZP-2wLEB9Rv6erhFmqVnvg\"],\"address\":{\"@id\":\"https:\\\/\\\/www.eldigitaldeasturias.com\\\/noticias\\\/#postaladdress\",\"@type\":\"PostalAddress\",\"streetAddress\":\"san antonio 4\",\"postalCode\":\"33430\",\"addressLocality\":\"Cand\\u00e1s\",\"addressRegion\":\"Asturias\",\"addressCountry\":\"ES\"}},{\"@type\":\"Person\",\"@id\":\"https:\\\/\\\/www.eldigitaldeasturias.com\\\/noticias\\\/author\\\/admin\\\/#author\",\"url\":\"https:\\\/\\\/www.eldigitaldeasturias.com\\\/noticias\\\/author\\\/admin\\\/\",\"name\":\"El Digital de Asturias\",\"image\":{\"@type\":\"ImageObject\",\"@id\":\"https:\\\/\\\/www.eldigitaldeasturias.com\\\/noticias\\\/el-mercosur-avanza-en-la-compatibilizacion-de-oferta-que-presentara-a-la-ue\\\/#authorImage\",\"url\":\"https:\\\/\\\/secure.gravatar.com\\\/avatar\\\/df2aeffc32bcd13f8d26072ef8a91b623d677766deac7f97ca815868cd41bf5e?s=96&d=mm&r=g\",\"width\":96,\"height\":96,\"caption\":\"El Digital de Asturias\"}},{\"@type\":\"WebPage\",\"@id\":\"https:\\\/\\\/www.eldigitaldeasturias.com\\\/noticias\\\/el-mercosur-avanza-en-la-compatibilizacion-de-oferta-que-presentara-a-la-ue\\\/#webpage\",\"url\":\"https:\\\/\\\/www.eldigitaldeasturias.com\\\/noticias\\\/el-mercosur-avanza-en-la-compatibilizacion-de-oferta-que-presentara-a-la-ue\\\/\",\"name\":\"El Mercosur avanza en la compatibilizaci\\u00f3n de oferta que presentar\\u00e1 a la UE - El Digital de Asturias\",\"description\":\"Brasilia, 6 feb (EFE).- Los miembros del Mercosur han avanzado significativamente en la compatibilizaci\\u00f3n de la oferta que le presentar\\u00e1n a la Uni\\u00f3n Europea (UE) con vistas a un acuerdo de libre comercio entre los dos bloques, afirm\\u00f3 hoy el ministro brasile\\u00f1o de Relaciones Exteriores, Luiz Alberto Figueiredo. El canciller asegur\\u00f3 que los representantes de\",\"inLanguage\":\"es-ES\",\"isPartOf\":{\"@id\":\"https:\\\/\\\/www.eldigitaldeasturias.com\\\/noticias\\\/#website\"},\"breadcrumb\":{\"@id\":\"https:\\\/\\\/www.eldigitaldeasturias.com\\\/noticias\\\/el-mercosur-avanza-en-la-compatibilizacion-de-oferta-que-presentara-a-la-ue\\\/#breadcrumblist\"},\"author\":{\"@id\":\"https:\\\/\\\/www.eldigitaldeasturias.com\\\/noticias\\\/author\\\/admin\\\/#author\"},\"creator\":{\"@id\":\"https:\\\/\\\/www.eldigitaldeasturias.com\\\/noticias\\\/author\\\/admin\\\/#author\"},\"image\":{\"@type\":\"ImageObject\",\"url\":485530,\"@id\":\"https:\\\/\\\/www.eldigitaldeasturias.com\\\/noticias\\\/el-mercosur-avanza-en-la-compatibilizacion-de-oferta-que-presentara-a-la-ue\\\/#mainImage\"},\"primaryImageOfPage\":{\"@id\":\"https:\\\/\\\/www.eldigitaldeasturias.com\\\/noticias\\\/el-mercosur-avanza-en-la-compatibilizacion-de-oferta-que-presentara-a-la-ue\\\/#mainImage\"},\"datePublished\":\"2014-02-07T01:54:54+01:00\",\"dateModified\":\"2014-02-07T01:54:54+01:00\"},{\"@type\":\"WebSite\",\"@id\":\"https:\\\/\\\/www.eldigitaldeasturias.com\\\/noticias\\\/#website\",\"url\":\"https:\\\/\\\/www.eldigitaldeasturias.com\\\/noticias\\\/\",\"name\":\"El Digital de Asturias - Diario de actualidad y noticias\",\"alternateName\":\"El Digital de Asturias - Diario de actualidad y noticias\",\"description\":\"Hemeroteca\",\"inLanguage\":\"es-ES\",\"publisher\":{\"@id\":\"https:\\\/\\\/www.eldigitaldeasturias.com\\\/noticias\\\/#organization\"}}]}\n\t\t<\/script>\n\t\t<!-- All in One SEO Pro -->\r\n\t\t<title>El Mercosur avanza en la compatibilizaci\u00f3n de oferta que presentar\u00e1 a la UE - El Digital de Asturias<\/title>\n\n","aioseo_head_json":{"title":"El Mercosur avanza en la compatibilizaci\u00f3n de oferta que presentar\u00e1 a la UE - El Digital de Asturias","description":"Brasilia, 6 feb (EFE).- Los miembros del Mercosur han avanzado significativamente en la compatibilizaci\u00f3n de la oferta que le presentar\u00e1n a la Uni\u00f3n Europea (UE) con vistas a un acuerdo de libre comercio entre los dos bloques, afirm\u00f3 hoy el ministro brasile\u00f1o de Relaciones Exteriores, Luiz Alberto Figueiredo. El canciller asegur\u00f3 que los representantes de","canonical_url":"https:\/\/www.eldigitaldeasturias.com\/noticias\/el-mercosur-avanza-en-la-compatibilizacion-de-oferta-que-presentara-a-la-ue\/","robots":"max-image-preview:large","keywords":"actualidad","webmasterTools":{"google-site-verification":"UA-38556648-1","msvalidate.01":"7dfe9f3f1b24437ab69f4f2559babe99","miscellaneous":""},"schema":{"@context":"https:\/\/schema.org","@graph":[{"@type":"BlogPosting","@id":"https:\/\/www.eldigitaldeasturias.com\/noticias\/el-mercosur-avanza-en-la-compatibilizacion-de-oferta-que-presentara-a-la-ue\/#blogposting","name":"El Mercosur avanza en la compatibilizaci\u00f3n de oferta que presentar\u00e1 a la UE - El Digital de Asturias","headline":"El Mercosur avanza en la compatibilizaci\u00f3n de oferta que presentar\u00e1 a la UE","author":{"@id":"https:\/\/www.eldigitaldeasturias.com\/noticias\/author\/admin\/#author"},"publisher":{"@id":"https:\/\/www.eldigitaldeasturias.com\/noticias\/#organization"},"image":{"@type":"ImageObject","url":485530},"datePublished":"2014-02-07T01:54:54+01:00","dateModified":"2014-02-07T01:54:54+01:00","inLanguage":"es-ES","mainEntityOfPage":{"@id":"https:\/\/www.eldigitaldeasturias.com\/noticias\/el-mercosur-avanza-en-la-compatibilizacion-de-oferta-que-presentara-a-la-ue\/#webpage"},"isPartOf":{"@id":"https:\/\/www.eldigitaldeasturias.com\/noticias\/el-mercosur-avanza-en-la-compatibilizacion-de-oferta-que-presentara-a-la-ue\/#webpage"},"articleSection":"Actualidad"},{"@type":"BreadcrumbList","@id":"https:\/\/www.eldigitaldeasturias.com\/noticias\/el-mercosur-avanza-en-la-compatibilizacion-de-oferta-que-presentara-a-la-ue\/#breadcrumblist","itemListElement":[{"@type":"ListItem","@id":"https:\/\/www.eldigitaldeasturias.com\/noticias#listItem","position":1,"name":"Home","item":"https:\/\/www.eldigitaldeasturias.com\/noticias","nextItem":{"@type":"ListItem","@id":"https:\/\/www.eldigitaldeasturias.com\/noticias\/category\/actualidad\/#listItem","name":"Actualidad"}},{"@type":"ListItem","@id":"https:\/\/www.eldigitaldeasturias.com\/noticias\/category\/actualidad\/#listItem","position":2,"name":"Actualidad","item":"https:\/\/www.eldigitaldeasturias.com\/noticias\/category\/actualidad\/","nextItem":{"@type":"ListItem","@id":"https:\/\/www.eldigitaldeasturias.com\/noticias\/el-mercosur-avanza-en-la-compatibilizacion-de-oferta-que-presentara-a-la-ue\/#listItem","name":"El Mercosur avanza en la compatibilizaci\u00f3n de oferta que presentar\u00e1 a la UE"},"previousItem":{"@type":"ListItem","@id":"https:\/\/www.eldigitaldeasturias.com\/noticias#listItem","name":"Home"}},{"@type":"ListItem","@id":"https:\/\/www.eldigitaldeasturias.com\/noticias\/el-mercosur-avanza-en-la-compatibilizacion-de-oferta-que-presentara-a-la-ue\/#listItem","position":3,"name":"El Mercosur avanza en la compatibilizaci\u00f3n de oferta que presentar\u00e1 a la UE","previousItem":{"@type":"ListItem","@id":"https:\/\/www.eldigitaldeasturias.com\/noticias\/category\/actualidad\/#listItem","name":"Actualidad"}}]},{"@type":"Organization","@id":"https:\/\/www.eldigitaldeasturias.com\/noticias\/#organization","name":"El Digital de Asturias","description":"Hemeroteca","url":"https:\/\/www.eldigitaldeasturias.com\/noticias\/","email":"info@eldigitaldeasturias.com","telephone":"+34652131393","logo":{"@type":"ImageObject","url":"https:\/\/www.eldigitaldeasturias.com\/noticias\/wp-content\/uploads\/2020\/12\/EDA.jpg","@id":"https:\/\/www.eldigitaldeasturias.com\/noticias\/el-mercosur-avanza-en-la-compatibilizacion-de-oferta-que-presentara-a-la-ue\/#organizationLogo"},"image":{"@id":"https:\/\/www.eldigitaldeasturias.com\/noticias\/el-mercosur-avanza-en-la-compatibilizacion-de-oferta-que-presentara-a-la-ue\/#organizationLogo"},"sameAs":["https:\/\/facebook.com\/eldigitaldeasturias","https:\/\/www.youtube.com\/channel\/UCZP-2wLEB9Rv6erhFmqVnvg"],"address":{"@id":"https:\/\/www.eldigitaldeasturias.com\/noticias\/#postaladdress","@type":"PostalAddress","streetAddress":"san antonio 4","postalCode":"33430","addressLocality":"Cand\u00e1s","addressRegion":"Asturias","addressCountry":"ES"}},{"@type":"Person","@id":"https:\/\/www.eldigitaldeasturias.com\/noticias\/author\/admin\/#author","url":"https:\/\/www.eldigitaldeasturias.com\/noticias\/author\/admin\/","name":"El Digital de Asturias","image":{"@type":"ImageObject","@id":"https:\/\/www.eldigitaldeasturias.com\/noticias\/el-mercosur-avanza-en-la-compatibilizacion-de-oferta-que-presentara-a-la-ue\/#authorImage","url":"https:\/\/secure.gravatar.com\/avatar\/df2aeffc32bcd13f8d26072ef8a91b623d677766deac7f97ca815868cd41bf5e?s=96&d=mm&r=g","width":96,"height":96,"caption":"El Digital de Asturias"}},{"@type":"WebPage","@id":"https:\/\/www.eldigitaldeasturias.com\/noticias\/el-mercosur-avanza-en-la-compatibilizacion-de-oferta-que-presentara-a-la-ue\/#webpage","url":"https:\/\/www.eldigitaldeasturias.com\/noticias\/el-mercosur-avanza-en-la-compatibilizacion-de-oferta-que-presentara-a-la-ue\/","name":"El Mercosur avanza en la compatibilizaci\u00f3n de oferta que presentar\u00e1 a la UE - El Digital de Asturias","description":"Brasilia, 6 feb (EFE).- Los miembros del Mercosur han avanzado significativamente en la compatibilizaci\u00f3n de la oferta que le presentar\u00e1n a la Uni\u00f3n Europea (UE) con vistas a un acuerdo de libre comercio entre los dos bloques, afirm\u00f3 hoy el ministro brasile\u00f1o de Relaciones Exteriores, Luiz Alberto Figueiredo. El canciller asegur\u00f3 que los representantes de","inLanguage":"es-ES","isPartOf":{"@id":"https:\/\/www.eldigitaldeasturias.com\/noticias\/#website"},"breadcrumb":{"@id":"https:\/\/www.eldigitaldeasturias.com\/noticias\/el-mercosur-avanza-en-la-compatibilizacion-de-oferta-que-presentara-a-la-ue\/#breadcrumblist"},"author":{"@id":"https:\/\/www.eldigitaldeasturias.com\/noticias\/author\/admin\/#author"},"creator":{"@id":"https:\/\/www.eldigitaldeasturias.com\/noticias\/author\/admin\/#author"},"image":{"@type":"ImageObject","url":485530,"@id":"https:\/\/www.eldigitaldeasturias.com\/noticias\/el-mercosur-avanza-en-la-compatibilizacion-de-oferta-que-presentara-a-la-ue\/#mainImage"},"primaryImageOfPage":{"@id":"https:\/\/www.eldigitaldeasturias.com\/noticias\/el-mercosur-avanza-en-la-compatibilizacion-de-oferta-que-presentara-a-la-ue\/#mainImage"},"datePublished":"2014-02-07T01:54:54+01:00","dateModified":"2014-02-07T01:54:54+01:00"},{"@type":"WebSite","@id":"https:\/\/www.eldigitaldeasturias.com\/noticias\/#website","url":"https:\/\/www.eldigitaldeasturias.com\/noticias\/","name":"El Digital de Asturias - Diario de actualidad y noticias","alternateName":"El Digital de Asturias - Diario de actualidad y noticias","description":"Hemeroteca","inLanguage":"es-ES","publisher":{"@id":"https:\/\/www.eldigitaldeasturias.com\/noticias\/#organization"}}]},"og:locale":"es_ES","og:site_name":"El Digital de Asturias","og:type":"article","og:title":"El Mercosur avanza en la compatibilizaci\u00f3n de oferta que presentar\u00e1 a la UE - El Digital de Asturias","og:description":"Brasilia, 6 feb (EFE).- Los miembros del Mercosur han avanzado significativamente en la compatibilizaci\u00f3n de la oferta que le presentar\u00e1n a la Uni\u00f3n Europea (UE) con vistas a un acuerdo de libre comercio entre los dos bloques, afirm\u00f3 hoy el ministro brasile\u00f1o de Relaciones Exteriores, Luiz Alberto Figueiredo. El canciller asegur\u00f3 que los representantes de","og:url":"https:\/\/www.eldigitaldeasturias.com\/noticias\/el-mercosur-avanza-en-la-compatibilizacion-de-oferta-que-presentara-a-la-ue\/","article:tag":["actualidad"],"article:published_time":"2014-02-07T02:54:54+00:00","article:modified_time":"2014-02-07T02:54:54+00:00","article:publisher":"https:\/\/facebook.com\/eldigitaldeasturias","twitter:card":"summary_large_image","twitter:title":"El Mercosur avanza en la compatibilizaci\u00f3n de oferta que presentar\u00e1 a la UE - El Digital de Asturias","twitter:description":"Brasilia, 6 feb (EFE).- Los miembros del Mercosur han avanzado significativamente en la compatibilizaci\u00f3n de la oferta que le presentar\u00e1n a la Uni\u00f3n Europea (UE) con vistas a un acuerdo de libre comercio entre los dos bloques, afirm\u00f3 hoy el ministro brasile\u00f1o de Relaciones Exteriores, Luiz Alberto Figueiredo. El canciller asegur\u00f3 que los representantes de","twitter:label1":"Escrito por","twitter:data1":"El Digital de Asturias","twitter:label2":"Tiempo de lectura estimado","twitter:data2":"2 minutos"},"aioseo_meta_data":{"post_id":"485529","title":null,"description":null,"keywords":null,"keyphrases":null,"primary_term":null,"canonical_url":null,"og_title":null,"og_description":null,"og_object_type":"default","og_image_type":"default","og_image_url":null,"og_image_width":null,"og_image_height":null,"og_image_custom_url":null,"og_image_custom_fields":null,"og_video":null,"og_custom_url":null,"og_article_section":null,"og_article_tags":null,"twitter_use_og":true,"twitter_card":"default","twitter_image_type":"default","twitter_image_url":null,"twitter_image_custom_url":null,"twitter_image_custom_fields":null,"twitter_title":null,"twitter_description":null,"schema":{"blockGraphs":[],"customGraphs":[],"default":{"data":{"Article":[],"Course":[],"Dataset":[],"FAQPage":[],"Movie":[],"Person":[],"Product":[],"ProductReview":[],"Car":[],"Recipe":[],"Service":[],"SoftwareApplication":[],"WebPage":[]},"graphName":"","isEnabled":true},"graphs":[],"defaultGraph":"","defaultPostTypeGraph":""},"schema_type":null,"schema_type_options":null,"pillar_content":false,"robots_default":true,"robots_noindex":false,"robots_noarchive":false,"robots_nosnippet":false,"robots_nofollow":false,"robots_noimageindex":false,"robots_noodp":false,"robots_notranslate":false,"robots_max_snippet":null,"robots_max_videopreview":null,"robots_max_imagepreview":"none","priority":null,"frequency":null,"local_seo":null,"seo_analyzer_scan_date":"2026-06-02 20:40:49","breadcrumb_settings":null,"limit_modified_date":false,"open_ai":null,"ai":null,"created":"2020-11-14 22:55:16","updated":"2026-06-02 20:40:49","focus_keyword":null,"additional_keywords":null,"truseo_locale":null},"aioseo_breadcrumb":"<div class=\"aioseo-breadcrumbs\"><span class=\"aioseo-breadcrumb\">\n\t<a href=\"https:\/\/www.eldigitaldeasturias.com\/noticias\" title=\"Home\">Home<\/a>\n<\/span><span class=\"aioseo-breadcrumb-separator\">\u2013<\/span><span class=\"aioseo-breadcrumb\">\n\t<a href=\"https:\/\/www.eldigitaldeasturias.com\/noticias\/category\/actualidad\/\" title=\"Actualidad\">Actualidad<\/a>\n<\/span><span class=\"aioseo-breadcrumb-separator\">\u2013<\/span><span class=\"aioseo-breadcrumb\">\n\t<a href=\"https:\/\/www.eldigitaldeasturias.com\/noticias\/el-mercosur-avanza-en-la-compatibilizacion-de-oferta-que-presentara-a-la-ue\/\" title=\"El Mercosur avanza en la compatibilizaci\u00f3n de oferta que presentar\u00e1 a la UE\">El Mercosur avanza en la compatibilizaci\u00f3n de oferta que presentar\u00e1 a la UE<\/a>\n<\/span><\/div>","aioseo_breadcrumb_json":[{"label":"Home","link":"https:\/\/www.eldigitaldeasturias.com\/noticias"},{"label":"Actualidad","link":"https:\/\/www.eldigitaldeasturias.com\/noticias\/category\/actualidad\/"},{"label":"El Mercosur avanza en la compatibilizaci\u00f3n de oferta que presentar\u00e1 a la UE","link":"https:\/\/www.eldigitaldeasturias.com\/noticias\/el-mercosur-avanza-en-la-compatibilizacion-de-oferta-que-presentara-a-la-ue\/"}],"_links":{"self":[{"href":"https:\/\/www.eldigitaldeasturias.com\/noticias\/wp-json\/wp\/v2\/posts\/485529","targetHints":{"allow":["GET"]}}],"collection":[{"href":"https:\/\/www.eldigitaldeasturias.com\/noticias\/wp-json\/wp\/v2\/posts"}],"about":[{"href":"https:\/\/www.eldigitaldeasturias.com\/noticias\/wp-json\/wp\/v2\/types\/post"}],"author":[{"embeddable":true,"href":"https:\/\/www.eldigitaldeasturias.com\/noticias\/wp-json\/wp\/v2\/users\/1"}],"replies":[{"embeddable":true,"href":"https:\/\/www.eldigitaldeasturias.com\/noticias\/wp-json\/wp\/v2\/comments?post=485529"}],"version-history":[{"count":0,"href":"https:\/\/www.eldigitaldeasturias.com\/noticias\/wp-json\/wp\/v2\/posts\/485529\/revisions"}],"wp:attachment":[{"href":"https:\/\/www.eldigitaldeasturias.com\/noticias\/wp-json\/wp\/v2\/media?parent=485529"}],"wp:term":[{"taxonomy":"category","embeddable":true,"href":"https:\/\/www.eldigitaldeasturias.com\/noticias\/wp-json\/wp\/v2\/categories?post=485529"},{"taxonomy":"post_tag","embeddable":true,"href":"https:\/\/www.eldigitaldeasturias.com\/noticias\/wp-json\/wp\/v2\/tags?post=485529"}],"curies":[{"name":"wp","href":"https:\/\/api.w.org\/{rel}","templated":true}]}}