{"id":485514,"date":"2014-02-07T01:50:24","date_gmt":"2014-02-07T02:50:24","guid":{"rendered":"http:\/\/www.eldigitaldeasturias.com\/noticias\/?p=485514"},"modified":"2014-02-07T01:50:24","modified_gmt":"2014-02-07T02:50:24","slug":"eeuu-presenta-cargos-contra-detenido-en-guantanamo-tras-12-anos-preso","status":"publish","type":"post","link":"https:\/\/www.eldigitaldeasturias.com\/noticias\/eeuu-presenta-cargos-contra-detenido-en-guantanamo-tras-12-anos-preso\/","title":{"rendered":"EEUU presenta cargos contra detenido en Guant\u00e1namo tras 12 a\u00f1os preso"},"content":{"rendered":"<p><img loading=\"lazy\" decoding=\"async\" class=\"alignleft size-medium wp-image-485515\" alt=\"5917798w\" src=\"https:\/\/www.eldigitaldeasturias.com\/noticias\/wp-content\/uploads\/2014\/02\/5917798w-360x239.jpg\" width=\"360\" height=\"239\" \/>Washington, 6 feb (EFE).- El Gobierno estadounidense ha presentado cargos contra Mohamed Ahmed Haza al Darbi, ciudadano saud\u00ed detenido en la prisi\u00f3n de Guant\u00e1namo desde agosto de 2002, en relaci\u00f3n con el atentado contra el petrolero franc\u00e9s \u00abLimburg\u00bb con un bote cargado de explosivos, cometido en Yemen dos meses despu\u00e9s de su detenci\u00f3n.<\/p>\n<p>Seg\u00fan inform\u00f3 hoy el Pent\u00e1gono, Al Darbi est\u00e1 acusado de terrorismo, ataque contra civiles, as\u00ed como planear, ayudar y ser c\u00f3mplice del atentado suicida contra el petrolero franc\u00e9s en aguas del golfo de Ad\u00e9n en octubre de 2002, en el que muri\u00f3 un ciudadano b\u00falgaro y otros doce tripulantes resultaron heridos.<\/p>\n<p>Las autoridades castrenses han decidido que el juicio se inicie en las comisiones militares de la Base Naval estadounidense de Guant\u00e1namo, en Cuba, y que no conlleve la pena de muerte.<\/p>\n<p>Ahora se debe designar un juez militar para el proceso, que debe comenzar a prepararse en un plazo m\u00e1ximo de 30 d\u00edas.<\/p>\n<p>El plan contra el petrolero en aguas del golfo de Ad\u00e9n fue una supuesta copia del atentado suicida del a\u00f1o 2000 contra el destructor estadounidense USS Cole, en la misma zona, en el que murieron 17 marinos y por el que el saud\u00ed Abdel al-Rahim Al-Nashiri se enfrenta en Guant\u00e1namo a la pena de muerte.<\/p>\n<p>Seg\u00fan los documentos de las autoridades de Guant\u00e1namo sobre Al Darbi, de 39 a\u00f1os, \u00e9ste mantuvo contactos con Al Nashiri y con personas posteriormente detenidas por haber planeado el ataque al barco galo.<\/p>\n<p>Adem\u00e1s, el ataque contra el petrolero hizo temer que se trataba del inicio de un plan estrat\u00e9gico contra el tr\u00e1nsito de crudo desde el golfo P\u00e9rsico, por el mar Ar\u00e1bigo y el golfo de Ad\u00e9n, hasta el mar Rojo y el canal de Suez.<\/p>\n<p>Al Darbi fue considerado durante la administraci\u00f3n del presidente estadounidense George W. Bush \u00abcombatiente\u00bb enemigo por sus supuestas conexiones con Al Qaeda, pero esos cargos fueron rechazados y se le hicieron nuevas acusaciones con la llegada de Barack Obama al poder en 2009.<\/p>\n<p>Mientras tanto, el Departamento de Defensa anunci\u00f3 hoy que uno de los dos casos en activo en Guant\u00e1namo, que a\u00fan siguen en fase preparatoria, ser\u00e1 pospuestos por el juez hasta nueva orden.<\/p>\n<p>Las audiencias previas contra Jalid Sheij Mohamed y cuatro de sus supuestos c\u00f3mplices, acusados de participar en la planificaci\u00f3n de los atentados del 11 de septiembre de 2001 en EEUU, que iban a celebrarse durante toda la semana pr\u00f3xima, siguen con retrasos.<\/p>\n<p>En esta ocasi\u00f3n se debe a la incapacidad de determinar a\u00fan el estado mental de Ramzi bin al Shibh, que iba a ser uno de los pilotos suicidas el 11 de septiembre que y se ha comportado de manera err\u00e1tica y alterada durante las audiencias.<\/p>\n","protected":false},"excerpt":{"rendered":"<p>Washington, 6 feb (EFE).- El Gobierno estadounidense ha presentado cargos contra Mohamed Ahmed Haza al Darbi, ciudadano saud\u00ed detenido en la prisi\u00f3n de Guant\u00e1namo desde agosto de 2002, en relaci\u00f3n con el atentado contra el petrolero franc\u00e9s \u00abLimburg\u00bb con un bote cargado de explosivos, cometido en Yemen dos meses despu\u00e9s de su detenci\u00f3n. Seg\u00fan inform\u00f3 [&hellip;]<\/p>\n","protected":false},"author":1,"featured_media":485518,"comment_status":"closed","ping_status":"open","sticky":false,"template":"","format":"standard","meta":{"footnotes":""},"categories":[1],"tags":[],"class_list":["post-485514","post","type-post","status-publish","format-standard","has-post-thumbnail","hentry","category-actualidad"],"aioseo_notices":[],"aioseo_head":"\n\t\t<!-- All in One SEO Pro 5.0.1 - aioseo.com -->\n\t<meta name=\"description\" content=\"Washington, 6 feb (EFE).- El Gobierno estadounidense ha presentado cargos contra Mohamed Ahmed Haza al Darbi, ciudadano saud\u00ed detenido en la prisi\u00f3n de Guant\u00e1namo desde agosto de 2002, en relaci\u00f3n con el atentado contra el petrolero franc\u00e9s &quot;Limburg&quot; con un bote cargado de explosivos, cometido en Yemen dos meses despu\u00e9s de su detenci\u00f3n. Seg\u00fan inform\u00f3\" \/>\n\t<meta name=\"robots\" content=\"max-image-preview:large\" \/>\n\t<meta name=\"author\" content=\"El Digital de Asturias\"\/>\n\t<meta name=\"google-site-verification\" content=\"UA-38556648-1\" \/>\n\t<meta name=\"msvalidate.01\" content=\"7dfe9f3f1b24437ab69f4f2559babe99\" \/>\n\t<meta name=\"keywords\" content=\"actualidad\" \/>\n\t<link rel=\"canonical\" href=\"https:\/\/www.eldigitaldeasturias.com\/noticias\/eeuu-presenta-cargos-contra-detenido-en-guantanamo-tras-12-anos-preso\/\" \/>\n\t<meta name=\"generator\" content=\"All in One SEO Pro (AIOSEO) 5.0.1\" \/>\n\t\t<meta property=\"og:locale\" content=\"es_ES\" \/>\n\t\t<meta property=\"og:site_name\" content=\"El Digital de Asturias\" \/>\n\t\t<meta property=\"og:type\" content=\"article\" \/>\n\t\t<meta property=\"og:title\" content=\"EEUU presenta cargos contra detenido en Guant\u00e1namo tras 12 a\u00f1os preso - El Digital de Asturias\" \/>\n\t\t<meta property=\"og:description\" content=\"Washington, 6 feb (EFE).- El Gobierno estadounidense ha presentado cargos contra Mohamed Ahmed Haza al Darbi, ciudadano saud\u00ed detenido en la prisi\u00f3n de Guant\u00e1namo desde agosto de 2002, en relaci\u00f3n con el atentado contra el petrolero franc\u00e9s &quot;Limburg&quot; con un bote cargado de explosivos, cometido en Yemen dos meses despu\u00e9s de su detenci\u00f3n. Seg\u00fan inform\u00f3\" \/>\n\t\t<meta property=\"og:url\" content=\"https:\/\/www.eldigitaldeasturias.com\/noticias\/eeuu-presenta-cargos-contra-detenido-en-guantanamo-tras-12-anos-preso\/\" \/>\n\t\t<meta property=\"article:tag\" content=\"actualidad\" \/>\n\t\t<meta property=\"article:published_time\" content=\"2014-02-07T02:50:24+00:00\" \/>\n\t\t<meta property=\"article:modified_time\" content=\"2014-02-07T02:50:24+00:00\" \/>\n\t\t<meta property=\"article:publisher\" content=\"https:\/\/facebook.com\/eldigitaldeasturias\" \/>\n\t\t<meta name=\"twitter:card\" content=\"summary_large_image\" \/>\n\t\t<meta name=\"twitter:title\" content=\"EEUU presenta cargos contra detenido en Guant\u00e1namo tras 12 a\u00f1os preso - El Digital de Asturias\" \/>\n\t\t<meta name=\"twitter:description\" content=\"Washington, 6 feb (EFE).- El Gobierno estadounidense ha presentado cargos contra Mohamed Ahmed Haza al Darbi, ciudadano saud\u00ed detenido en la prisi\u00f3n de Guant\u00e1namo desde agosto de 2002, en relaci\u00f3n con el atentado contra el petrolero franc\u00e9s &quot;Limburg&quot; con un bote cargado de explosivos, cometido en Yemen dos meses despu\u00e9s de su detenci\u00f3n. Seg\u00fan inform\u00f3\" \/>\n\t\t<meta name=\"twitter:label1\" content=\"Escrito por\" \/>\n\t\t<meta name=\"twitter:data1\" content=\"El Digital de Asturias\" \/>\n\t\t<meta name=\"twitter:label2\" content=\"Tiempo de lectura estimado\" \/>\n\t\t<meta name=\"twitter:data2\" content=\"2 minutos\" \/>\n\t\t<script type=\"application\/ld+json\" class=\"aioseo-schema\">\n\t\t\t{\"@context\":\"https:\\\/\\\/schema.org\",\"@graph\":[{\"@type\":\"BlogPosting\",\"@id\":\"https:\\\/\\\/www.eldigitaldeasturias.com\\\/noticias\\\/eeuu-presenta-cargos-contra-detenido-en-guantanamo-tras-12-anos-preso\\\/#blogposting\",\"name\":\"EEUU presenta cargos contra detenido en Guant\\u00e1namo tras 12 a\\u00f1os preso - El Digital de Asturias\",\"headline\":\"EEUU presenta cargos contra detenido en Guant\\u00e1namo tras 12 a\\u00f1os preso\",\"author\":{\"@id\":\"https:\\\/\\\/www.eldigitaldeasturias.com\\\/noticias\\\/author\\\/admin\\\/#author\"},\"publisher\":{\"@id\":\"https:\\\/\\\/www.eldigitaldeasturias.com\\\/noticias\\\/#organization\"},\"image\":{\"@type\":\"ImageObject\",\"url\":485518},\"datePublished\":\"2014-02-07T01:50:24+01:00\",\"dateModified\":\"2014-02-07T01:50:24+01:00\",\"inLanguage\":\"es-ES\",\"mainEntityOfPage\":{\"@id\":\"https:\\\/\\\/www.eldigitaldeasturias.com\\\/noticias\\\/eeuu-presenta-cargos-contra-detenido-en-guantanamo-tras-12-anos-preso\\\/#webpage\"},\"isPartOf\":{\"@id\":\"https:\\\/\\\/www.eldigitaldeasturias.com\\\/noticias\\\/eeuu-presenta-cargos-contra-detenido-en-guantanamo-tras-12-anos-preso\\\/#webpage\"},\"articleSection\":\"Actualidad\"},{\"@type\":\"BreadcrumbList\",\"@id\":\"https:\\\/\\\/www.eldigitaldeasturias.com\\\/noticias\\\/eeuu-presenta-cargos-contra-detenido-en-guantanamo-tras-12-anos-preso\\\/#breadcrumblist\",\"itemListElement\":[{\"@type\":\"ListItem\",\"@id\":\"https:\\\/\\\/www.eldigitaldeasturias.com\\\/noticias#listItem\",\"position\":1,\"name\":\"Home\",\"item\":\"https:\\\/\\\/www.eldigitaldeasturias.com\\\/noticias\",\"nextItem\":{\"@type\":\"ListItem\",\"@id\":\"https:\\\/\\\/www.eldigitaldeasturias.com\\\/noticias\\\/category\\\/actualidad\\\/#listItem\",\"name\":\"Actualidad\"}},{\"@type\":\"ListItem\",\"@id\":\"https:\\\/\\\/www.eldigitaldeasturias.com\\\/noticias\\\/category\\\/actualidad\\\/#listItem\",\"position\":2,\"name\":\"Actualidad\",\"item\":\"https:\\\/\\\/www.eldigitaldeasturias.com\\\/noticias\\\/category\\\/actualidad\\\/\",\"nextItem\":{\"@type\":\"ListItem\",\"@id\":\"https:\\\/\\\/www.eldigitaldeasturias.com\\\/noticias\\\/eeuu-presenta-cargos-contra-detenido-en-guantanamo-tras-12-anos-preso\\\/#listItem\",\"name\":\"EEUU presenta cargos contra detenido en Guant\\u00e1namo tras 12 a\\u00f1os preso\"},\"previousItem\":{\"@type\":\"ListItem\",\"@id\":\"https:\\\/\\\/www.eldigitaldeasturias.com\\\/noticias#listItem\",\"name\":\"Home\"}},{\"@type\":\"ListItem\",\"@id\":\"https:\\\/\\\/www.eldigitaldeasturias.com\\\/noticias\\\/eeuu-presenta-cargos-contra-detenido-en-guantanamo-tras-12-anos-preso\\\/#listItem\",\"position\":3,\"name\":\"EEUU presenta cargos contra detenido en Guant\\u00e1namo tras 12 a\\u00f1os preso\",\"previousItem\":{\"@type\":\"ListItem\",\"@id\":\"https:\\\/\\\/www.eldigitaldeasturias.com\\\/noticias\\\/category\\\/actualidad\\\/#listItem\",\"name\":\"Actualidad\"}}]},{\"@type\":\"Organization\",\"@id\":\"https:\\\/\\\/www.eldigitaldeasturias.com\\\/noticias\\\/#organization\",\"name\":\"El Digital de Asturias\",\"description\":\"Hemeroteca\",\"url\":\"https:\\\/\\\/www.eldigitaldeasturias.com\\\/noticias\\\/\",\"email\":\"info@eldigitaldeasturias.com\",\"telephone\":\"+34652131393\",\"logo\":{\"@type\":\"ImageObject\",\"url\":\"https:\\\/\\\/www.eldigitaldeasturias.com\\\/noticias\\\/wp-content\\\/uploads\\\/2020\\\/12\\\/EDA.jpg\",\"@id\":\"https:\\\/\\\/www.eldigitaldeasturias.com\\\/noticias\\\/eeuu-presenta-cargos-contra-detenido-en-guantanamo-tras-12-anos-preso\\\/#organizationLogo\"},\"image\":{\"@id\":\"https:\\\/\\\/www.eldigitaldeasturias.com\\\/noticias\\\/eeuu-presenta-cargos-contra-detenido-en-guantanamo-tras-12-anos-preso\\\/#organizationLogo\"},\"sameAs\":[\"https:\\\/\\\/facebook.com\\\/eldigitaldeasturias\",\"https:\\\/\\\/www.youtube.com\\\/channel\\\/UCZP-2wLEB9Rv6erhFmqVnvg\"],\"address\":{\"@id\":\"https:\\\/\\\/www.eldigitaldeasturias.com\\\/noticias\\\/#postaladdress\",\"@type\":\"PostalAddress\",\"streetAddress\":\"san antonio 4\",\"postalCode\":\"33430\",\"addressLocality\":\"Cand\\u00e1s\",\"addressRegion\":\"Asturias\",\"addressCountry\":\"ES\"}},{\"@type\":\"Person\",\"@id\":\"https:\\\/\\\/www.eldigitaldeasturias.com\\\/noticias\\\/author\\\/admin\\\/#author\",\"url\":\"https:\\\/\\\/www.eldigitaldeasturias.com\\\/noticias\\\/author\\\/admin\\\/\",\"name\":\"El Digital de Asturias\",\"image\":{\"@type\":\"ImageObject\",\"@id\":\"https:\\\/\\\/www.eldigitaldeasturias.com\\\/noticias\\\/eeuu-presenta-cargos-contra-detenido-en-guantanamo-tras-12-anos-preso\\\/#authorImage\",\"url\":\"https:\\\/\\\/secure.gravatar.com\\\/avatar\\\/df2aeffc32bcd13f8d26072ef8a91b623d677766deac7f97ca815868cd41bf5e?s=96&d=mm&r=g\",\"width\":96,\"height\":96,\"caption\":\"El Digital de Asturias\"}},{\"@type\":\"WebPage\",\"@id\":\"https:\\\/\\\/www.eldigitaldeasturias.com\\\/noticias\\\/eeuu-presenta-cargos-contra-detenido-en-guantanamo-tras-12-anos-preso\\\/#webpage\",\"url\":\"https:\\\/\\\/www.eldigitaldeasturias.com\\\/noticias\\\/eeuu-presenta-cargos-contra-detenido-en-guantanamo-tras-12-anos-preso\\\/\",\"name\":\"EEUU presenta cargos contra detenido en Guant\\u00e1namo tras 12 a\\u00f1os preso - El Digital de Asturias\",\"description\":\"Washington, 6 feb (EFE).- El Gobierno estadounidense ha presentado cargos contra Mohamed Ahmed Haza al Darbi, ciudadano saud\\u00ed detenido en la prisi\\u00f3n de Guant\\u00e1namo desde agosto de 2002, en relaci\\u00f3n con el atentado contra el petrolero franc\\u00e9s \\\"Limburg\\\" con un bote cargado de explosivos, cometido en Yemen dos meses despu\\u00e9s de su detenci\\u00f3n. Seg\\u00fan inform\\u00f3\",\"inLanguage\":\"es-ES\",\"isPartOf\":{\"@id\":\"https:\\\/\\\/www.eldigitaldeasturias.com\\\/noticias\\\/#website\"},\"breadcrumb\":{\"@id\":\"https:\\\/\\\/www.eldigitaldeasturias.com\\\/noticias\\\/eeuu-presenta-cargos-contra-detenido-en-guantanamo-tras-12-anos-preso\\\/#breadcrumblist\"},\"author\":{\"@id\":\"https:\\\/\\\/www.eldigitaldeasturias.com\\\/noticias\\\/author\\\/admin\\\/#author\"},\"creator\":{\"@id\":\"https:\\\/\\\/www.eldigitaldeasturias.com\\\/noticias\\\/author\\\/admin\\\/#author\"},\"image\":{\"@type\":\"ImageObject\",\"url\":485518,\"@id\":\"https:\\\/\\\/www.eldigitaldeasturias.com\\\/noticias\\\/eeuu-presenta-cargos-contra-detenido-en-guantanamo-tras-12-anos-preso\\\/#mainImage\"},\"primaryImageOfPage\":{\"@id\":\"https:\\\/\\\/www.eldigitaldeasturias.com\\\/noticias\\\/eeuu-presenta-cargos-contra-detenido-en-guantanamo-tras-12-anos-preso\\\/#mainImage\"},\"datePublished\":\"2014-02-07T01:50:24+01:00\",\"dateModified\":\"2014-02-07T01:50:24+01:00\"},{\"@type\":\"WebSite\",\"@id\":\"https:\\\/\\\/www.eldigitaldeasturias.com\\\/noticias\\\/#website\",\"url\":\"https:\\\/\\\/www.eldigitaldeasturias.com\\\/noticias\\\/\",\"name\":\"El Digital de Asturias - Diario de actualidad y noticias\",\"alternateName\":\"El Digital de Asturias - Diario de actualidad y noticias\",\"description\":\"Hemeroteca\",\"inLanguage\":\"es-ES\",\"publisher\":{\"@id\":\"https:\\\/\\\/www.eldigitaldeasturias.com\\\/noticias\\\/#organization\"}}]}\n\t\t<\/script>\n\t\t<!-- All in One SEO Pro -->\r\n\t\t<title>EEUU presenta cargos contra detenido en Guant\u00e1namo tras 12 a\u00f1os preso - El Digital de Asturias<\/title>\n\n","aioseo_head_json":{"title":"EEUU presenta cargos contra detenido en Guant\u00e1namo tras 12 a\u00f1os preso - El Digital de Asturias","description":"Washington, 6 feb (EFE).- El Gobierno estadounidense ha presentado cargos contra Mohamed Ahmed Haza al Darbi, ciudadano saud\u00ed detenido en la prisi\u00f3n de Guant\u00e1namo desde agosto de 2002, en relaci\u00f3n con el atentado contra el petrolero franc\u00e9s \"Limburg\" con un bote cargado de explosivos, cometido en Yemen dos meses despu\u00e9s de su detenci\u00f3n. Seg\u00fan inform\u00f3","canonical_url":"https:\/\/www.eldigitaldeasturias.com\/noticias\/eeuu-presenta-cargos-contra-detenido-en-guantanamo-tras-12-anos-preso\/","robots":"max-image-preview:large","keywords":"actualidad","webmasterTools":{"google-site-verification":"UA-38556648-1","msvalidate.01":"7dfe9f3f1b24437ab69f4f2559babe99","miscellaneous":""},"schema":{"@context":"https:\/\/schema.org","@graph":[{"@type":"BlogPosting","@id":"https:\/\/www.eldigitaldeasturias.com\/noticias\/eeuu-presenta-cargos-contra-detenido-en-guantanamo-tras-12-anos-preso\/#blogposting","name":"EEUU presenta cargos contra detenido en Guant\u00e1namo tras 12 a\u00f1os preso - El Digital de Asturias","headline":"EEUU presenta cargos contra detenido en Guant\u00e1namo tras 12 a\u00f1os preso","author":{"@id":"https:\/\/www.eldigitaldeasturias.com\/noticias\/author\/admin\/#author"},"publisher":{"@id":"https:\/\/www.eldigitaldeasturias.com\/noticias\/#organization"},"image":{"@type":"ImageObject","url":485518},"datePublished":"2014-02-07T01:50:24+01:00","dateModified":"2014-02-07T01:50:24+01:00","inLanguage":"es-ES","mainEntityOfPage":{"@id":"https:\/\/www.eldigitaldeasturias.com\/noticias\/eeuu-presenta-cargos-contra-detenido-en-guantanamo-tras-12-anos-preso\/#webpage"},"isPartOf":{"@id":"https:\/\/www.eldigitaldeasturias.com\/noticias\/eeuu-presenta-cargos-contra-detenido-en-guantanamo-tras-12-anos-preso\/#webpage"},"articleSection":"Actualidad"},{"@type":"BreadcrumbList","@id":"https:\/\/www.eldigitaldeasturias.com\/noticias\/eeuu-presenta-cargos-contra-detenido-en-guantanamo-tras-12-anos-preso\/#breadcrumblist","itemListElement":[{"@type":"ListItem","@id":"https:\/\/www.eldigitaldeasturias.com\/noticias#listItem","position":1,"name":"Home","item":"https:\/\/www.eldigitaldeasturias.com\/noticias","nextItem":{"@type":"ListItem","@id":"https:\/\/www.eldigitaldeasturias.com\/noticias\/category\/actualidad\/#listItem","name":"Actualidad"}},{"@type":"ListItem","@id":"https:\/\/www.eldigitaldeasturias.com\/noticias\/category\/actualidad\/#listItem","position":2,"name":"Actualidad","item":"https:\/\/www.eldigitaldeasturias.com\/noticias\/category\/actualidad\/","nextItem":{"@type":"ListItem","@id":"https:\/\/www.eldigitaldeasturias.com\/noticias\/eeuu-presenta-cargos-contra-detenido-en-guantanamo-tras-12-anos-preso\/#listItem","name":"EEUU presenta cargos contra detenido en Guant\u00e1namo tras 12 a\u00f1os preso"},"previousItem":{"@type":"ListItem","@id":"https:\/\/www.eldigitaldeasturias.com\/noticias#listItem","name":"Home"}},{"@type":"ListItem","@id":"https:\/\/www.eldigitaldeasturias.com\/noticias\/eeuu-presenta-cargos-contra-detenido-en-guantanamo-tras-12-anos-preso\/#listItem","position":3,"name":"EEUU presenta cargos contra detenido en Guant\u00e1namo tras 12 a\u00f1os preso","previousItem":{"@type":"ListItem","@id":"https:\/\/www.eldigitaldeasturias.com\/noticias\/category\/actualidad\/#listItem","name":"Actualidad"}}]},{"@type":"Organization","@id":"https:\/\/www.eldigitaldeasturias.com\/noticias\/#organization","name":"El Digital de Asturias","description":"Hemeroteca","url":"https:\/\/www.eldigitaldeasturias.com\/noticias\/","email":"info@eldigitaldeasturias.com","telephone":"+34652131393","logo":{"@type":"ImageObject","url":"https:\/\/www.eldigitaldeasturias.com\/noticias\/wp-content\/uploads\/2020\/12\/EDA.jpg","@id":"https:\/\/www.eldigitaldeasturias.com\/noticias\/eeuu-presenta-cargos-contra-detenido-en-guantanamo-tras-12-anos-preso\/#organizationLogo"},"image":{"@id":"https:\/\/www.eldigitaldeasturias.com\/noticias\/eeuu-presenta-cargos-contra-detenido-en-guantanamo-tras-12-anos-preso\/#organizationLogo"},"sameAs":["https:\/\/facebook.com\/eldigitaldeasturias","https:\/\/www.youtube.com\/channel\/UCZP-2wLEB9Rv6erhFmqVnvg"],"address":{"@id":"https:\/\/www.eldigitaldeasturias.com\/noticias\/#postaladdress","@type":"PostalAddress","streetAddress":"san antonio 4","postalCode":"33430","addressLocality":"Cand\u00e1s","addressRegion":"Asturias","addressCountry":"ES"}},{"@type":"Person","@id":"https:\/\/www.eldigitaldeasturias.com\/noticias\/author\/admin\/#author","url":"https:\/\/www.eldigitaldeasturias.com\/noticias\/author\/admin\/","name":"El Digital de Asturias","image":{"@type":"ImageObject","@id":"https:\/\/www.eldigitaldeasturias.com\/noticias\/eeuu-presenta-cargos-contra-detenido-en-guantanamo-tras-12-anos-preso\/#authorImage","url":"https:\/\/secure.gravatar.com\/avatar\/df2aeffc32bcd13f8d26072ef8a91b623d677766deac7f97ca815868cd41bf5e?s=96&d=mm&r=g","width":96,"height":96,"caption":"El Digital de Asturias"}},{"@type":"WebPage","@id":"https:\/\/www.eldigitaldeasturias.com\/noticias\/eeuu-presenta-cargos-contra-detenido-en-guantanamo-tras-12-anos-preso\/#webpage","url":"https:\/\/www.eldigitaldeasturias.com\/noticias\/eeuu-presenta-cargos-contra-detenido-en-guantanamo-tras-12-anos-preso\/","name":"EEUU presenta cargos contra detenido en Guant\u00e1namo tras 12 a\u00f1os preso - El Digital de Asturias","description":"Washington, 6 feb (EFE).- El Gobierno estadounidense ha presentado cargos contra Mohamed Ahmed Haza al Darbi, ciudadano saud\u00ed detenido en la prisi\u00f3n de Guant\u00e1namo desde agosto de 2002, en relaci\u00f3n con el atentado contra el petrolero franc\u00e9s \"Limburg\" con un bote cargado de explosivos, cometido en Yemen dos meses despu\u00e9s de su detenci\u00f3n. Seg\u00fan inform\u00f3","inLanguage":"es-ES","isPartOf":{"@id":"https:\/\/www.eldigitaldeasturias.com\/noticias\/#website"},"breadcrumb":{"@id":"https:\/\/www.eldigitaldeasturias.com\/noticias\/eeuu-presenta-cargos-contra-detenido-en-guantanamo-tras-12-anos-preso\/#breadcrumblist"},"author":{"@id":"https:\/\/www.eldigitaldeasturias.com\/noticias\/author\/admin\/#author"},"creator":{"@id":"https:\/\/www.eldigitaldeasturias.com\/noticias\/author\/admin\/#author"},"image":{"@type":"ImageObject","url":485518,"@id":"https:\/\/www.eldigitaldeasturias.com\/noticias\/eeuu-presenta-cargos-contra-detenido-en-guantanamo-tras-12-anos-preso\/#mainImage"},"primaryImageOfPage":{"@id":"https:\/\/www.eldigitaldeasturias.com\/noticias\/eeuu-presenta-cargos-contra-detenido-en-guantanamo-tras-12-anos-preso\/#mainImage"},"datePublished":"2014-02-07T01:50:24+01:00","dateModified":"2014-02-07T01:50:24+01:00"},{"@type":"WebSite","@id":"https:\/\/www.eldigitaldeasturias.com\/noticias\/#website","url":"https:\/\/www.eldigitaldeasturias.com\/noticias\/","name":"El Digital de Asturias - Diario de actualidad y noticias","alternateName":"El Digital de Asturias - Diario de actualidad y noticias","description":"Hemeroteca","inLanguage":"es-ES","publisher":{"@id":"https:\/\/www.eldigitaldeasturias.com\/noticias\/#organization"}}]},"og:locale":"es_ES","og:site_name":"El Digital de Asturias","og:type":"article","og:title":"EEUU presenta cargos contra detenido en Guant\u00e1namo tras 12 a\u00f1os preso - El Digital de Asturias","og:description":"Washington, 6 feb (EFE).- El Gobierno estadounidense ha presentado cargos contra Mohamed Ahmed Haza al Darbi, ciudadano saud\u00ed detenido en la prisi\u00f3n de Guant\u00e1namo desde agosto de 2002, en relaci\u00f3n con el atentado contra el petrolero franc\u00e9s &quot;Limburg&quot; con un bote cargado de explosivos, cometido en Yemen dos meses despu\u00e9s de su detenci\u00f3n. Seg\u00fan inform\u00f3","og:url":"https:\/\/www.eldigitaldeasturias.com\/noticias\/eeuu-presenta-cargos-contra-detenido-en-guantanamo-tras-12-anos-preso\/","article:tag":["actualidad"],"article:published_time":"2014-02-07T02:50:24+00:00","article:modified_time":"2014-02-07T02:50:24+00:00","article:publisher":"https:\/\/facebook.com\/eldigitaldeasturias","twitter:card":"summary_large_image","twitter:title":"EEUU presenta cargos contra detenido en Guant\u00e1namo tras 12 a\u00f1os preso - El Digital de Asturias","twitter:description":"Washington, 6 feb (EFE).- El Gobierno estadounidense ha presentado cargos contra Mohamed Ahmed Haza al Darbi, ciudadano saud\u00ed detenido en la prisi\u00f3n de Guant\u00e1namo desde agosto de 2002, en relaci\u00f3n con el atentado contra el petrolero franc\u00e9s &quot;Limburg&quot; con un bote cargado de explosivos, cometido en Yemen dos meses despu\u00e9s de su detenci\u00f3n. Seg\u00fan inform\u00f3","twitter:label1":"Escrito por","twitter:data1":"El Digital de Asturias","twitter:label2":"Tiempo de lectura estimado","twitter:data2":"2 minutos"},"aioseo_meta_data":{"post_id":"485514","title":null,"description":null,"keywords":null,"keyphrases":null,"primary_term":null,"canonical_url":null,"og_title":null,"og_description":null,"og_object_type":"default","og_image_type":"default","og_image_url":null,"og_image_width":null,"og_image_height":null,"og_image_custom_url":null,"og_image_custom_fields":null,"og_video":null,"og_custom_url":null,"og_article_section":null,"og_article_tags":null,"twitter_use_og":true,"twitter_card":"default","twitter_image_type":"default","twitter_image_url":null,"twitter_image_custom_url":null,"twitter_image_custom_fields":null,"twitter_title":null,"twitter_description":null,"schema":{"blockGraphs":[],"customGraphs":[],"default":{"data":{"Article":[],"Course":[],"Dataset":[],"FAQPage":[],"Movie":[],"Person":[],"Product":[],"ProductReview":[],"Car":[],"Recipe":[],"Service":[],"SoftwareApplication":[],"WebPage":[]},"graphName":"","isEnabled":true},"graphs":[],"defaultGraph":"","defaultPostTypeGraph":""},"schema_type":null,"schema_type_options":null,"pillar_content":false,"robots_default":true,"robots_noindex":false,"robots_noarchive":false,"robots_nosnippet":false,"robots_nofollow":false,"robots_noimageindex":false,"robots_noodp":false,"robots_notranslate":false,"robots_max_snippet":null,"robots_max_videopreview":null,"robots_max_imagepreview":"none","priority":null,"frequency":null,"local_seo":null,"seo_analyzer_scan_date":"2026-06-02 20:37:48","breadcrumb_settings":null,"limit_modified_date":false,"open_ai":null,"ai":null,"created":"2020-11-14 22:55:16","updated":"2026-06-02 20:37:48","focus_keyword":null,"additional_keywords":null,"truseo_locale":null},"aioseo_breadcrumb":"<div class=\"aioseo-breadcrumbs\"><span class=\"aioseo-breadcrumb\">\n\t<a href=\"https:\/\/www.eldigitaldeasturias.com\/noticias\" title=\"Home\">Home<\/a>\n<\/span><span class=\"aioseo-breadcrumb-separator\">\u2013<\/span><span class=\"aioseo-breadcrumb\">\n\t<a href=\"https:\/\/www.eldigitaldeasturias.com\/noticias\/category\/actualidad\/\" title=\"Actualidad\">Actualidad<\/a>\n<\/span><span class=\"aioseo-breadcrumb-separator\">\u2013<\/span><span class=\"aioseo-breadcrumb\">\n\t<a href=\"https:\/\/www.eldigitaldeasturias.com\/noticias\/eeuu-presenta-cargos-contra-detenido-en-guantanamo-tras-12-anos-preso\/\" title=\"EEUU presenta cargos contra detenido en Guant\u00e1namo tras 12 a\u00f1os preso\">EEUU presenta cargos contra detenido en Guant\u00e1namo tras 12 a\u00f1os preso<\/a>\n<\/span><\/div>","aioseo_breadcrumb_json":[{"label":"Home","link":"https:\/\/www.eldigitaldeasturias.com\/noticias"},{"label":"Actualidad","link":"https:\/\/www.eldigitaldeasturias.com\/noticias\/category\/actualidad\/"},{"label":"EEUU presenta cargos contra detenido en Guant\u00e1namo tras 12 a\u00f1os preso","link":"https:\/\/www.eldigitaldeasturias.com\/noticias\/eeuu-presenta-cargos-contra-detenido-en-guantanamo-tras-12-anos-preso\/"}],"_links":{"self":[{"href":"https:\/\/www.eldigitaldeasturias.com\/noticias\/wp-json\/wp\/v2\/posts\/485514","targetHints":{"allow":["GET"]}}],"collection":[{"href":"https:\/\/www.eldigitaldeasturias.com\/noticias\/wp-json\/wp\/v2\/posts"}],"about":[{"href":"https:\/\/www.eldigitaldeasturias.com\/noticias\/wp-json\/wp\/v2\/types\/post"}],"author":[{"embeddable":true,"href":"https:\/\/www.eldigitaldeasturias.com\/noticias\/wp-json\/wp\/v2\/users\/1"}],"replies":[{"embeddable":true,"href":"https:\/\/www.eldigitaldeasturias.com\/noticias\/wp-json\/wp\/v2\/comments?post=485514"}],"version-history":[{"count":0,"href":"https:\/\/www.eldigitaldeasturias.com\/noticias\/wp-json\/wp\/v2\/posts\/485514\/revisions"}],"wp:attachment":[{"href":"https:\/\/www.eldigitaldeasturias.com\/noticias\/wp-json\/wp\/v2\/media?parent=485514"}],"wp:term":[{"taxonomy":"category","embeddable":true,"href":"https:\/\/www.eldigitaldeasturias.com\/noticias\/wp-json\/wp\/v2\/categories?post=485514"},{"taxonomy":"post_tag","embeddable":true,"href":"https:\/\/www.eldigitaldeasturias.com\/noticias\/wp-json\/wp\/v2\/tags?post=485514"}],"curies":[{"name":"wp","href":"https:\/\/api.w.org\/{rel}","templated":true}]}}