{"id":485505,"date":"2014-02-07T01:35:00","date_gmt":"2014-02-07T02:35:00","guid":{"rendered":"http:\/\/www.eldigitaldeasturias.com\/noticias\/?p=485505"},"modified":"2014-02-07T01:35:00","modified_gmt":"2014-02-07T02:35:00","slug":"chile-y-peru-reafirman-su-voluntad-de-acuerdo-al-inicio-de-la-reunion-2-2","status":"publish","type":"post","link":"https:\/\/www.eldigitaldeasturias.com\/noticias\/chile-y-peru-reafirman-su-voluntad-de-acuerdo-al-inicio-de-la-reunion-2-2\/","title":{"rendered":"Chile y Per\u00fa reafirman su voluntad de acuerdo al inicio de la reuni\u00f3n 2 2"},"content":{"rendered":"<p><img loading=\"lazy\" decoding=\"async\" class=\"alignleft size-medium wp-image-485506\" alt=\"5917726w\" src=\"https:\/\/www.eldigitaldeasturias.com\/noticias\/wp-content\/uploads\/2014\/02\/5917726w-360x237.jpg\" width=\"360\" height=\"237\" \/>Santiago de Chile, 6 feb (EFE).- Los ministros de Exteriores de Chile y Per\u00fa reafirmaron hoy su voluntad de alcanzar un acuerdo sobre la aplicaci\u00f3n del fallo de la Corte de La Haya al empezar, en Santiago, la reuni\u00f3n del mecanismo 2+2 en la que se abordar\u00e1 este tema y otros de la agenda bilateral.<\/p>\n<p>El canciller chileno, Alfredo Moreno, dio la bienvenida a la comitiva peruana y asegur\u00f3 que la resoluci\u00f3n del litigio mar\u00edtimo es un asunto \u00abenormemente importante\u00bb para ambos pa\u00edses.<\/p>\n<p>Moreno, su colega peruana, Eda Rivas, y los titulares de Defensa de los dos pa\u00edses pronunciaron unas breves palabras en la apertura del encuentro, que se celebra a puerta cerrada.<\/p>\n<p>El objetivo principal de la cita es coordinar la ejecuci\u00f3n del fallo de la Corte Internacional de Justicia de La Haya (CIJ), que el pasado 27 de enero fijo los l\u00edmites mar\u00edtimos de ambos pa\u00edses.<\/p>\n<p>El ministro de Relaciones Exteriores chileno consider\u00f3 hoy que Chile y Per\u00fa han llevado el proceso judicial de manera \u00abejemplar\u00bb y se\u00f1al\u00f3 que ahora es momento de \u00abconcretar y terminar\u00bb el litigio.<\/p>\n<p>La jefa de la diplomacia peruana afirm\u00f3 que la aplicaci\u00f3n del fallo servir\u00e1 para \u00abrenovar la confianza\u00bb entre ambos pa\u00edses y permitir\u00e1 \u00abpensar en temas como la integraci\u00f3n entre dos pa\u00edses vecinos, entre dos pueblos que tienen mucho en com\u00fan\u00bb.<\/p>\n<p>\u00abLa delegaci\u00f3n que presido quiere llegar a s\u00faper buen t\u00e9rmino de estos temas y creo que con la confianza que estamos construyendo o reconstruyendo, vamos a hacerlo en buena ley\u00bb, sostuvo Rivas.<\/p>\n<p>En su fallo, la CIJ decidi\u00f3 mantener la frontera actual, por la l\u00ednea del paralelo, hasta las 80 millas, pero a partir de esa distancia y hasta las 200 millas traz\u00f3 una l\u00ednea equidistante y asign\u00f3 la exclusividad econ\u00f3mica del \u00e1rea, de unos 22.000 kil\u00f3metros cuadrados, a Per\u00fa.<\/p>\n<p>La Corte, sin embargo, no especific\u00f3 las coordenadas exactas de la diagonal que unir\u00e1 el punto de las 80 millas en el paralelo con otro punto a 200 millas de la costa chilena, un trabajo t\u00e9cnico que se planificar\u00e1 en la reuni\u00f3n de hoy.<\/p>\n<p>El ministro de Defensa chileno, Rodrigo Hinzpeter, se comprometi\u00f3 a \u00abtrabajar con nuestros mejores esfuerzos y en el mayor ambiente de buena fe y buena vecindad\u00bb, mientras que su hom\u00f3logo peruano, Pedro Cateriano, resalt\u00f3 que el di\u00e1logo entre las dos partes siempre ha sido \u00ababierto y franco\u00bb.<\/p>\n<p>Los participantes en la reuni\u00f3n se encontrar\u00e1n en una comida con el ministro de Defensa y el viceministro de Exteriores nombrados por la presidenta electa, Michelle Bachelet, que asumir\u00e1n sus cargos el pr\u00f3ximo 11 de marzo.<\/p>\n<p>Jorge Burgos, el pr\u00f3ximo ministro de Defensa, asistir\u00e1 a la cita con el futuro vicecanciller Edgardo Riveros, mientras que el ministro de Exteriores designado se encuentra fuera del pa\u00eds.<\/p>\n<p>Est\u00e1 previsto que los cancilleres Moreno y Rivas expliquen las conclusiones de la reuni\u00f3n en una declaraci\u00f3n p\u00fablica alrededor de las 19.00 hora local (22.00 GMT).<\/p>\n","protected":false},"excerpt":{"rendered":"<p>Santiago de Chile, 6 feb (EFE).- Los ministros de Exteriores de Chile y Per\u00fa reafirmaron hoy su voluntad de alcanzar un acuerdo sobre la aplicaci\u00f3n del fallo de la Corte de La Haya al empezar, en Santiago, la reuni\u00f3n del mecanismo 2+2 en la que se abordar\u00e1 este tema y otros de la agenda bilateral. [&hellip;]<\/p>\n","protected":false},"author":1,"featured_media":485506,"comment_status":"closed","ping_status":"open","sticky":false,"template":"","format":"standard","meta":{"footnotes":""},"categories":[1],"tags":[],"class_list":["post-485505","post","type-post","status-publish","format-standard","has-post-thumbnail","hentry","category-actualidad"],"aioseo_notices":[],"aioseo_head":"\n\t\t<!-- All in One SEO Pro 5.0.1 - aioseo.com -->\n\t<meta name=\"description\" content=\"Santiago de Chile, 6 feb (EFE).- Los ministros de Exteriores de Chile y Per\u00fa reafirmaron hoy su voluntad de alcanzar un acuerdo sobre la aplicaci\u00f3n del fallo de la Corte de La Haya al empezar, en Santiago, la reuni\u00f3n del mecanismo 2+2 en la que se abordar\u00e1 este tema y otros de la agenda bilateral.\" \/>\n\t<meta name=\"robots\" content=\"max-image-preview:large\" \/>\n\t<meta name=\"author\" content=\"El Digital de Asturias\"\/>\n\t<meta name=\"google-site-verification\" content=\"UA-38556648-1\" \/>\n\t<meta name=\"msvalidate.01\" content=\"7dfe9f3f1b24437ab69f4f2559babe99\" \/>\n\t<meta name=\"keywords\" content=\"actualidad\" \/>\n\t<link rel=\"canonical\" href=\"https:\/\/www.eldigitaldeasturias.com\/noticias\/chile-y-peru-reafirman-su-voluntad-de-acuerdo-al-inicio-de-la-reunion-2-2\/\" \/>\n\t<meta name=\"generator\" content=\"All in One SEO Pro (AIOSEO) 5.0.1\" \/>\n\t\t<meta property=\"og:locale\" content=\"es_ES\" \/>\n\t\t<meta property=\"og:site_name\" content=\"El Digital de Asturias\" \/>\n\t\t<meta property=\"og:type\" content=\"article\" \/>\n\t\t<meta property=\"og:title\" content=\"Chile y Per\u00fa reafirman su voluntad de acuerdo al inicio de la reuni\u00f3n 2 2 - El Digital de Asturias\" \/>\n\t\t<meta property=\"og:description\" content=\"Santiago de Chile, 6 feb (EFE).- Los ministros de Exteriores de Chile y Per\u00fa reafirmaron hoy su voluntad de alcanzar un acuerdo sobre la aplicaci\u00f3n del fallo de la Corte de La Haya al empezar, en Santiago, la reuni\u00f3n del mecanismo 2+2 en la que se abordar\u00e1 este tema y otros de la agenda bilateral.\" \/>\n\t\t<meta property=\"og:url\" content=\"https:\/\/www.eldigitaldeasturias.com\/noticias\/chile-y-peru-reafirman-su-voluntad-de-acuerdo-al-inicio-de-la-reunion-2-2\/\" \/>\n\t\t<meta property=\"article:tag\" content=\"actualidad\" \/>\n\t\t<meta property=\"article:published_time\" content=\"2014-02-07T02:35:00+00:00\" \/>\n\t\t<meta property=\"article:modified_time\" content=\"2014-02-07T02:35:00+00:00\" \/>\n\t\t<meta property=\"article:publisher\" content=\"https:\/\/facebook.com\/eldigitaldeasturias\" \/>\n\t\t<meta name=\"twitter:card\" content=\"summary_large_image\" \/>\n\t\t<meta name=\"twitter:title\" content=\"Chile y Per\u00fa reafirman su voluntad de acuerdo al inicio de la reuni\u00f3n 2 2 - El Digital de Asturias\" \/>\n\t\t<meta name=\"twitter:description\" content=\"Santiago de Chile, 6 feb (EFE).- Los ministros de Exteriores de Chile y Per\u00fa reafirmaron hoy su voluntad de alcanzar un acuerdo sobre la aplicaci\u00f3n del fallo de la Corte de La Haya al empezar, en Santiago, la reuni\u00f3n del mecanismo 2+2 en la que se abordar\u00e1 este tema y otros de la agenda bilateral.\" \/>\n\t\t<meta name=\"twitter:label1\" content=\"Escrito por\" \/>\n\t\t<meta name=\"twitter:data1\" content=\"El Digital de Asturias\" \/>\n\t\t<meta name=\"twitter:label2\" content=\"Tiempo de lectura estimado\" \/>\n\t\t<meta name=\"twitter:data2\" content=\"3 minutos\" \/>\n\t\t<script type=\"application\/ld+json\" class=\"aioseo-schema\">\n\t\t\t{\"@context\":\"https:\\\/\\\/schema.org\",\"@graph\":[{\"@type\":\"BlogPosting\",\"@id\":\"https:\\\/\\\/www.eldigitaldeasturias.com\\\/noticias\\\/chile-y-peru-reafirman-su-voluntad-de-acuerdo-al-inicio-de-la-reunion-2-2\\\/#blogposting\",\"name\":\"Chile y Per\\u00fa reafirman su voluntad de acuerdo al inicio de la reuni\\u00f3n 2 2 - El Digital de Asturias\",\"headline\":\"Chile y Per\\u00fa reafirman su voluntad de acuerdo al inicio de la reuni\\u00f3n 2 2\",\"author\":{\"@id\":\"https:\\\/\\\/www.eldigitaldeasturias.com\\\/noticias\\\/author\\\/admin\\\/#author\"},\"publisher\":{\"@id\":\"https:\\\/\\\/www.eldigitaldeasturias.com\\\/noticias\\\/#organization\"},\"image\":{\"@type\":\"ImageObject\",\"url\":485506},\"datePublished\":\"2014-02-07T01:35:00+01:00\",\"dateModified\":\"2014-02-07T01:35:00+01:00\",\"inLanguage\":\"es-ES\",\"mainEntityOfPage\":{\"@id\":\"https:\\\/\\\/www.eldigitaldeasturias.com\\\/noticias\\\/chile-y-peru-reafirman-su-voluntad-de-acuerdo-al-inicio-de-la-reunion-2-2\\\/#webpage\"},\"isPartOf\":{\"@id\":\"https:\\\/\\\/www.eldigitaldeasturias.com\\\/noticias\\\/chile-y-peru-reafirman-su-voluntad-de-acuerdo-al-inicio-de-la-reunion-2-2\\\/#webpage\"},\"articleSection\":\"Actualidad\"},{\"@type\":\"BreadcrumbList\",\"@id\":\"https:\\\/\\\/www.eldigitaldeasturias.com\\\/noticias\\\/chile-y-peru-reafirman-su-voluntad-de-acuerdo-al-inicio-de-la-reunion-2-2\\\/#breadcrumblist\",\"itemListElement\":[{\"@type\":\"ListItem\",\"@id\":\"https:\\\/\\\/www.eldigitaldeasturias.com\\\/noticias#listItem\",\"position\":1,\"name\":\"Home\",\"item\":\"https:\\\/\\\/www.eldigitaldeasturias.com\\\/noticias\",\"nextItem\":{\"@type\":\"ListItem\",\"@id\":\"https:\\\/\\\/www.eldigitaldeasturias.com\\\/noticias\\\/category\\\/actualidad\\\/#listItem\",\"name\":\"Actualidad\"}},{\"@type\":\"ListItem\",\"@id\":\"https:\\\/\\\/www.eldigitaldeasturias.com\\\/noticias\\\/category\\\/actualidad\\\/#listItem\",\"position\":2,\"name\":\"Actualidad\",\"item\":\"https:\\\/\\\/www.eldigitaldeasturias.com\\\/noticias\\\/category\\\/actualidad\\\/\",\"nextItem\":{\"@type\":\"ListItem\",\"@id\":\"https:\\\/\\\/www.eldigitaldeasturias.com\\\/noticias\\\/chile-y-peru-reafirman-su-voluntad-de-acuerdo-al-inicio-de-la-reunion-2-2\\\/#listItem\",\"name\":\"Chile y Per\\u00fa reafirman su voluntad de acuerdo al inicio de la reuni\\u00f3n 2 2\"},\"previousItem\":{\"@type\":\"ListItem\",\"@id\":\"https:\\\/\\\/www.eldigitaldeasturias.com\\\/noticias#listItem\",\"name\":\"Home\"}},{\"@type\":\"ListItem\",\"@id\":\"https:\\\/\\\/www.eldigitaldeasturias.com\\\/noticias\\\/chile-y-peru-reafirman-su-voluntad-de-acuerdo-al-inicio-de-la-reunion-2-2\\\/#listItem\",\"position\":3,\"name\":\"Chile y Per\\u00fa reafirman su voluntad de acuerdo al inicio de la reuni\\u00f3n 2 2\",\"previousItem\":{\"@type\":\"ListItem\",\"@id\":\"https:\\\/\\\/www.eldigitaldeasturias.com\\\/noticias\\\/category\\\/actualidad\\\/#listItem\",\"name\":\"Actualidad\"}}]},{\"@type\":\"Organization\",\"@id\":\"https:\\\/\\\/www.eldigitaldeasturias.com\\\/noticias\\\/#organization\",\"name\":\"El Digital de Asturias\",\"description\":\"Hemeroteca\",\"url\":\"https:\\\/\\\/www.eldigitaldeasturias.com\\\/noticias\\\/\",\"email\":\"info@eldigitaldeasturias.com\",\"telephone\":\"+34652131393\",\"logo\":{\"@type\":\"ImageObject\",\"url\":\"https:\\\/\\\/www.eldigitaldeasturias.com\\\/noticias\\\/wp-content\\\/uploads\\\/2020\\\/12\\\/EDA.jpg\",\"@id\":\"https:\\\/\\\/www.eldigitaldeasturias.com\\\/noticias\\\/chile-y-peru-reafirman-su-voluntad-de-acuerdo-al-inicio-de-la-reunion-2-2\\\/#organizationLogo\"},\"image\":{\"@id\":\"https:\\\/\\\/www.eldigitaldeasturias.com\\\/noticias\\\/chile-y-peru-reafirman-su-voluntad-de-acuerdo-al-inicio-de-la-reunion-2-2\\\/#organizationLogo\"},\"sameAs\":[\"https:\\\/\\\/facebook.com\\\/eldigitaldeasturias\",\"https:\\\/\\\/www.youtube.com\\\/channel\\\/UCZP-2wLEB9Rv6erhFmqVnvg\"],\"address\":{\"@id\":\"https:\\\/\\\/www.eldigitaldeasturias.com\\\/noticias\\\/#postaladdress\",\"@type\":\"PostalAddress\",\"streetAddress\":\"san antonio 4\",\"postalCode\":\"33430\",\"addressLocality\":\"Cand\\u00e1s\",\"addressRegion\":\"Asturias\",\"addressCountry\":\"ES\"}},{\"@type\":\"Person\",\"@id\":\"https:\\\/\\\/www.eldigitaldeasturias.com\\\/noticias\\\/author\\\/admin\\\/#author\",\"url\":\"https:\\\/\\\/www.eldigitaldeasturias.com\\\/noticias\\\/author\\\/admin\\\/\",\"name\":\"El Digital de Asturias\",\"image\":{\"@type\":\"ImageObject\",\"@id\":\"https:\\\/\\\/www.eldigitaldeasturias.com\\\/noticias\\\/chile-y-peru-reafirman-su-voluntad-de-acuerdo-al-inicio-de-la-reunion-2-2\\\/#authorImage\",\"url\":\"https:\\\/\\\/secure.gravatar.com\\\/avatar\\\/df2aeffc32bcd13f8d26072ef8a91b623d677766deac7f97ca815868cd41bf5e?s=96&d=mm&r=g\",\"width\":96,\"height\":96,\"caption\":\"El Digital de Asturias\"}},{\"@type\":\"WebPage\",\"@id\":\"https:\\\/\\\/www.eldigitaldeasturias.com\\\/noticias\\\/chile-y-peru-reafirman-su-voluntad-de-acuerdo-al-inicio-de-la-reunion-2-2\\\/#webpage\",\"url\":\"https:\\\/\\\/www.eldigitaldeasturias.com\\\/noticias\\\/chile-y-peru-reafirman-su-voluntad-de-acuerdo-al-inicio-de-la-reunion-2-2\\\/\",\"name\":\"Chile y Per\\u00fa reafirman su voluntad de acuerdo al inicio de la reuni\\u00f3n 2 2 - El Digital de Asturias\",\"description\":\"Santiago de Chile, 6 feb (EFE).- Los ministros de Exteriores de Chile y Per\\u00fa reafirmaron hoy su voluntad de alcanzar un acuerdo sobre la aplicaci\\u00f3n del fallo de la Corte de La Haya al empezar, en Santiago, la reuni\\u00f3n del mecanismo 2+2 en la que se abordar\\u00e1 este tema y otros de la agenda bilateral.\",\"inLanguage\":\"es-ES\",\"isPartOf\":{\"@id\":\"https:\\\/\\\/www.eldigitaldeasturias.com\\\/noticias\\\/#website\"},\"breadcrumb\":{\"@id\":\"https:\\\/\\\/www.eldigitaldeasturias.com\\\/noticias\\\/chile-y-peru-reafirman-su-voluntad-de-acuerdo-al-inicio-de-la-reunion-2-2\\\/#breadcrumblist\"},\"author\":{\"@id\":\"https:\\\/\\\/www.eldigitaldeasturias.com\\\/noticias\\\/author\\\/admin\\\/#author\"},\"creator\":{\"@id\":\"https:\\\/\\\/www.eldigitaldeasturias.com\\\/noticias\\\/author\\\/admin\\\/#author\"},\"image\":{\"@type\":\"ImageObject\",\"url\":485506,\"@id\":\"https:\\\/\\\/www.eldigitaldeasturias.com\\\/noticias\\\/chile-y-peru-reafirman-su-voluntad-de-acuerdo-al-inicio-de-la-reunion-2-2\\\/#mainImage\"},\"primaryImageOfPage\":{\"@id\":\"https:\\\/\\\/www.eldigitaldeasturias.com\\\/noticias\\\/chile-y-peru-reafirman-su-voluntad-de-acuerdo-al-inicio-de-la-reunion-2-2\\\/#mainImage\"},\"datePublished\":\"2014-02-07T01:35:00+01:00\",\"dateModified\":\"2014-02-07T01:35:00+01:00\"},{\"@type\":\"WebSite\",\"@id\":\"https:\\\/\\\/www.eldigitaldeasturias.com\\\/noticias\\\/#website\",\"url\":\"https:\\\/\\\/www.eldigitaldeasturias.com\\\/noticias\\\/\",\"name\":\"El Digital de Asturias - Diario de actualidad y noticias\",\"alternateName\":\"El Digital de Asturias - Diario de actualidad y noticias\",\"description\":\"Hemeroteca\",\"inLanguage\":\"es-ES\",\"publisher\":{\"@id\":\"https:\\\/\\\/www.eldigitaldeasturias.com\\\/noticias\\\/#organization\"}}]}\n\t\t<\/script>\n\t\t<!-- All in One SEO Pro -->\r\n\t\t<title>Chile y Per\u00fa reafirman su voluntad de acuerdo al inicio de la reuni\u00f3n 2 2 - El Digital de Asturias<\/title>\n\n","aioseo_head_json":{"title":"Chile y Per\u00fa reafirman su voluntad de acuerdo al inicio de la reuni\u00f3n 2 2 - El Digital de Asturias","description":"Santiago de Chile, 6 feb (EFE).- Los ministros de Exteriores de Chile y Per\u00fa reafirmaron hoy su voluntad de alcanzar un acuerdo sobre la aplicaci\u00f3n del fallo de la Corte de La Haya al empezar, en Santiago, la reuni\u00f3n del mecanismo 2+2 en la que se abordar\u00e1 este tema y otros de la agenda bilateral.","canonical_url":"https:\/\/www.eldigitaldeasturias.com\/noticias\/chile-y-peru-reafirman-su-voluntad-de-acuerdo-al-inicio-de-la-reunion-2-2\/","robots":"max-image-preview:large","keywords":"actualidad","webmasterTools":{"google-site-verification":"UA-38556648-1","msvalidate.01":"7dfe9f3f1b24437ab69f4f2559babe99","miscellaneous":""},"schema":{"@context":"https:\/\/schema.org","@graph":[{"@type":"BlogPosting","@id":"https:\/\/www.eldigitaldeasturias.com\/noticias\/chile-y-peru-reafirman-su-voluntad-de-acuerdo-al-inicio-de-la-reunion-2-2\/#blogposting","name":"Chile y Per\u00fa reafirman su voluntad de acuerdo al inicio de la reuni\u00f3n 2 2 - El Digital de Asturias","headline":"Chile y Per\u00fa reafirman su voluntad de acuerdo al inicio de la reuni\u00f3n 2 2","author":{"@id":"https:\/\/www.eldigitaldeasturias.com\/noticias\/author\/admin\/#author"},"publisher":{"@id":"https:\/\/www.eldigitaldeasturias.com\/noticias\/#organization"},"image":{"@type":"ImageObject","url":485506},"datePublished":"2014-02-07T01:35:00+01:00","dateModified":"2014-02-07T01:35:00+01:00","inLanguage":"es-ES","mainEntityOfPage":{"@id":"https:\/\/www.eldigitaldeasturias.com\/noticias\/chile-y-peru-reafirman-su-voluntad-de-acuerdo-al-inicio-de-la-reunion-2-2\/#webpage"},"isPartOf":{"@id":"https:\/\/www.eldigitaldeasturias.com\/noticias\/chile-y-peru-reafirman-su-voluntad-de-acuerdo-al-inicio-de-la-reunion-2-2\/#webpage"},"articleSection":"Actualidad"},{"@type":"BreadcrumbList","@id":"https:\/\/www.eldigitaldeasturias.com\/noticias\/chile-y-peru-reafirman-su-voluntad-de-acuerdo-al-inicio-de-la-reunion-2-2\/#breadcrumblist","itemListElement":[{"@type":"ListItem","@id":"https:\/\/www.eldigitaldeasturias.com\/noticias#listItem","position":1,"name":"Home","item":"https:\/\/www.eldigitaldeasturias.com\/noticias","nextItem":{"@type":"ListItem","@id":"https:\/\/www.eldigitaldeasturias.com\/noticias\/category\/actualidad\/#listItem","name":"Actualidad"}},{"@type":"ListItem","@id":"https:\/\/www.eldigitaldeasturias.com\/noticias\/category\/actualidad\/#listItem","position":2,"name":"Actualidad","item":"https:\/\/www.eldigitaldeasturias.com\/noticias\/category\/actualidad\/","nextItem":{"@type":"ListItem","@id":"https:\/\/www.eldigitaldeasturias.com\/noticias\/chile-y-peru-reafirman-su-voluntad-de-acuerdo-al-inicio-de-la-reunion-2-2\/#listItem","name":"Chile y Per\u00fa reafirman su voluntad de acuerdo al inicio de la reuni\u00f3n 2 2"},"previousItem":{"@type":"ListItem","@id":"https:\/\/www.eldigitaldeasturias.com\/noticias#listItem","name":"Home"}},{"@type":"ListItem","@id":"https:\/\/www.eldigitaldeasturias.com\/noticias\/chile-y-peru-reafirman-su-voluntad-de-acuerdo-al-inicio-de-la-reunion-2-2\/#listItem","position":3,"name":"Chile y Per\u00fa reafirman su voluntad de acuerdo al inicio de la reuni\u00f3n 2 2","previousItem":{"@type":"ListItem","@id":"https:\/\/www.eldigitaldeasturias.com\/noticias\/category\/actualidad\/#listItem","name":"Actualidad"}}]},{"@type":"Organization","@id":"https:\/\/www.eldigitaldeasturias.com\/noticias\/#organization","name":"El Digital de Asturias","description":"Hemeroteca","url":"https:\/\/www.eldigitaldeasturias.com\/noticias\/","email":"info@eldigitaldeasturias.com","telephone":"+34652131393","logo":{"@type":"ImageObject","url":"https:\/\/www.eldigitaldeasturias.com\/noticias\/wp-content\/uploads\/2020\/12\/EDA.jpg","@id":"https:\/\/www.eldigitaldeasturias.com\/noticias\/chile-y-peru-reafirman-su-voluntad-de-acuerdo-al-inicio-de-la-reunion-2-2\/#organizationLogo"},"image":{"@id":"https:\/\/www.eldigitaldeasturias.com\/noticias\/chile-y-peru-reafirman-su-voluntad-de-acuerdo-al-inicio-de-la-reunion-2-2\/#organizationLogo"},"sameAs":["https:\/\/facebook.com\/eldigitaldeasturias","https:\/\/www.youtube.com\/channel\/UCZP-2wLEB9Rv6erhFmqVnvg"],"address":{"@id":"https:\/\/www.eldigitaldeasturias.com\/noticias\/#postaladdress","@type":"PostalAddress","streetAddress":"san antonio 4","postalCode":"33430","addressLocality":"Cand\u00e1s","addressRegion":"Asturias","addressCountry":"ES"}},{"@type":"Person","@id":"https:\/\/www.eldigitaldeasturias.com\/noticias\/author\/admin\/#author","url":"https:\/\/www.eldigitaldeasturias.com\/noticias\/author\/admin\/","name":"El Digital de Asturias","image":{"@type":"ImageObject","@id":"https:\/\/www.eldigitaldeasturias.com\/noticias\/chile-y-peru-reafirman-su-voluntad-de-acuerdo-al-inicio-de-la-reunion-2-2\/#authorImage","url":"https:\/\/secure.gravatar.com\/avatar\/df2aeffc32bcd13f8d26072ef8a91b623d677766deac7f97ca815868cd41bf5e?s=96&d=mm&r=g","width":96,"height":96,"caption":"El Digital de Asturias"}},{"@type":"WebPage","@id":"https:\/\/www.eldigitaldeasturias.com\/noticias\/chile-y-peru-reafirman-su-voluntad-de-acuerdo-al-inicio-de-la-reunion-2-2\/#webpage","url":"https:\/\/www.eldigitaldeasturias.com\/noticias\/chile-y-peru-reafirman-su-voluntad-de-acuerdo-al-inicio-de-la-reunion-2-2\/","name":"Chile y Per\u00fa reafirman su voluntad de acuerdo al inicio de la reuni\u00f3n 2 2 - El Digital de Asturias","description":"Santiago de Chile, 6 feb (EFE).- Los ministros de Exteriores de Chile y Per\u00fa reafirmaron hoy su voluntad de alcanzar un acuerdo sobre la aplicaci\u00f3n del fallo de la Corte de La Haya al empezar, en Santiago, la reuni\u00f3n del mecanismo 2+2 en la que se abordar\u00e1 este tema y otros de la agenda bilateral.","inLanguage":"es-ES","isPartOf":{"@id":"https:\/\/www.eldigitaldeasturias.com\/noticias\/#website"},"breadcrumb":{"@id":"https:\/\/www.eldigitaldeasturias.com\/noticias\/chile-y-peru-reafirman-su-voluntad-de-acuerdo-al-inicio-de-la-reunion-2-2\/#breadcrumblist"},"author":{"@id":"https:\/\/www.eldigitaldeasturias.com\/noticias\/author\/admin\/#author"},"creator":{"@id":"https:\/\/www.eldigitaldeasturias.com\/noticias\/author\/admin\/#author"},"image":{"@type":"ImageObject","url":485506,"@id":"https:\/\/www.eldigitaldeasturias.com\/noticias\/chile-y-peru-reafirman-su-voluntad-de-acuerdo-al-inicio-de-la-reunion-2-2\/#mainImage"},"primaryImageOfPage":{"@id":"https:\/\/www.eldigitaldeasturias.com\/noticias\/chile-y-peru-reafirman-su-voluntad-de-acuerdo-al-inicio-de-la-reunion-2-2\/#mainImage"},"datePublished":"2014-02-07T01:35:00+01:00","dateModified":"2014-02-07T01:35:00+01:00"},{"@type":"WebSite","@id":"https:\/\/www.eldigitaldeasturias.com\/noticias\/#website","url":"https:\/\/www.eldigitaldeasturias.com\/noticias\/","name":"El Digital de Asturias - Diario de actualidad y noticias","alternateName":"El Digital de Asturias - Diario de actualidad y noticias","description":"Hemeroteca","inLanguage":"es-ES","publisher":{"@id":"https:\/\/www.eldigitaldeasturias.com\/noticias\/#organization"}}]},"og:locale":"es_ES","og:site_name":"El Digital de Asturias","og:type":"article","og:title":"Chile y Per\u00fa reafirman su voluntad de acuerdo al inicio de la reuni\u00f3n 2 2 - El Digital de Asturias","og:description":"Santiago de Chile, 6 feb (EFE).- Los ministros de Exteriores de Chile y Per\u00fa reafirmaron hoy su voluntad de alcanzar un acuerdo sobre la aplicaci\u00f3n del fallo de la Corte de La Haya al empezar, en Santiago, la reuni\u00f3n del mecanismo 2+2 en la que se abordar\u00e1 este tema y otros de la agenda bilateral.","og:url":"https:\/\/www.eldigitaldeasturias.com\/noticias\/chile-y-peru-reafirman-su-voluntad-de-acuerdo-al-inicio-de-la-reunion-2-2\/","article:tag":["actualidad"],"article:published_time":"2014-02-07T02:35:00+00:00","article:modified_time":"2014-02-07T02:35:00+00:00","article:publisher":"https:\/\/facebook.com\/eldigitaldeasturias","twitter:card":"summary_large_image","twitter:title":"Chile y Per\u00fa reafirman su voluntad de acuerdo al inicio de la reuni\u00f3n 2 2 - El Digital de Asturias","twitter:description":"Santiago de Chile, 6 feb (EFE).- Los ministros de Exteriores de Chile y Per\u00fa reafirmaron hoy su voluntad de alcanzar un acuerdo sobre la aplicaci\u00f3n del fallo de la Corte de La Haya al empezar, en Santiago, la reuni\u00f3n del mecanismo 2+2 en la que se abordar\u00e1 este tema y otros de la agenda bilateral.","twitter:label1":"Escrito por","twitter:data1":"El Digital de Asturias","twitter:label2":"Tiempo de lectura estimado","twitter:data2":"3 minutos"},"aioseo_meta_data":{"post_id":"485505","title":null,"description":null,"keywords":null,"keyphrases":null,"primary_term":null,"canonical_url":null,"og_title":null,"og_description":null,"og_object_type":"default","og_image_type":"default","og_image_url":null,"og_image_width":null,"og_image_height":null,"og_image_custom_url":null,"og_image_custom_fields":null,"og_video":null,"og_custom_url":null,"og_article_section":null,"og_article_tags":null,"twitter_use_og":true,"twitter_card":"default","twitter_image_type":"default","twitter_image_url":null,"twitter_image_custom_url":null,"twitter_image_custom_fields":null,"twitter_title":null,"twitter_description":null,"schema":{"blockGraphs":[],"customGraphs":[],"default":{"data":{"Article":[],"Course":[],"Dataset":[],"FAQPage":[],"Movie":[],"Person":[],"Product":[],"ProductReview":[],"Car":[],"Recipe":[],"Service":[],"SoftwareApplication":[],"WebPage":[]},"graphName":"","isEnabled":true},"graphs":[],"defaultGraph":"","defaultPostTypeGraph":""},"schema_type":null,"schema_type_options":null,"pillar_content":false,"robots_default":true,"robots_noindex":false,"robots_noarchive":false,"robots_nosnippet":false,"robots_nofollow":false,"robots_noimageindex":false,"robots_noodp":false,"robots_notranslate":false,"robots_max_snippet":null,"robots_max_videopreview":null,"robots_max_imagepreview":"none","priority":null,"frequency":null,"local_seo":null,"seo_analyzer_scan_date":"2026-06-02 20:33:50","breadcrumb_settings":null,"limit_modified_date":false,"open_ai":null,"ai":null,"created":"2020-11-14 22:55:16","updated":"2026-06-02 20:33:50","focus_keyword":null,"additional_keywords":null,"truseo_locale":null},"aioseo_breadcrumb":"<div class=\"aioseo-breadcrumbs\"><span class=\"aioseo-breadcrumb\">\n\t<a href=\"https:\/\/www.eldigitaldeasturias.com\/noticias\" title=\"Home\">Home<\/a>\n<\/span><span class=\"aioseo-breadcrumb-separator\">\u2013<\/span><span class=\"aioseo-breadcrumb\">\n\t<a href=\"https:\/\/www.eldigitaldeasturias.com\/noticias\/category\/actualidad\/\" title=\"Actualidad\">Actualidad<\/a>\n<\/span><span class=\"aioseo-breadcrumb-separator\">\u2013<\/span><span class=\"aioseo-breadcrumb\">\n\t<a href=\"https:\/\/www.eldigitaldeasturias.com\/noticias\/chile-y-peru-reafirman-su-voluntad-de-acuerdo-al-inicio-de-la-reunion-2-2\/\" title=\"Chile y Per\u00fa reafirman su voluntad de acuerdo al inicio de la reuni\u00f3n 2 2\">Chile y Per\u00fa reafirman su voluntad de acuerdo al inicio de la reuni\u00f3n 2 2<\/a>\n<\/span><\/div>","aioseo_breadcrumb_json":[{"label":"Home","link":"https:\/\/www.eldigitaldeasturias.com\/noticias"},{"label":"Actualidad","link":"https:\/\/www.eldigitaldeasturias.com\/noticias\/category\/actualidad\/"},{"label":"Chile y Per\u00fa reafirman su voluntad de acuerdo al inicio de la reuni\u00f3n 2 2","link":"https:\/\/www.eldigitaldeasturias.com\/noticias\/chile-y-peru-reafirman-su-voluntad-de-acuerdo-al-inicio-de-la-reunion-2-2\/"}],"_links":{"self":[{"href":"https:\/\/www.eldigitaldeasturias.com\/noticias\/wp-json\/wp\/v2\/posts\/485505","targetHints":{"allow":["GET"]}}],"collection":[{"href":"https:\/\/www.eldigitaldeasturias.com\/noticias\/wp-json\/wp\/v2\/posts"}],"about":[{"href":"https:\/\/www.eldigitaldeasturias.com\/noticias\/wp-json\/wp\/v2\/types\/post"}],"author":[{"embeddable":true,"href":"https:\/\/www.eldigitaldeasturias.com\/noticias\/wp-json\/wp\/v2\/users\/1"}],"replies":[{"embeddable":true,"href":"https:\/\/www.eldigitaldeasturias.com\/noticias\/wp-json\/wp\/v2\/comments?post=485505"}],"version-history":[{"count":0,"href":"https:\/\/www.eldigitaldeasturias.com\/noticias\/wp-json\/wp\/v2\/posts\/485505\/revisions"}],"wp:attachment":[{"href":"https:\/\/www.eldigitaldeasturias.com\/noticias\/wp-json\/wp\/v2\/media?parent=485505"}],"wp:term":[{"taxonomy":"category","embeddable":true,"href":"https:\/\/www.eldigitaldeasturias.com\/noticias\/wp-json\/wp\/v2\/categories?post=485505"},{"taxonomy":"post_tag","embeddable":true,"href":"https:\/\/www.eldigitaldeasturias.com\/noticias\/wp-json\/wp\/v2\/tags?post=485505"}],"curies":[{"name":"wp","href":"https:\/\/api.w.org\/{rel}","templated":true}]}}