{"id":485499,"date":"2014-02-07T01:32:22","date_gmt":"2014-02-07T02:32:22","guid":{"rendered":"http:\/\/www.eldigitaldeasturias.com\/noticias\/?p=485499"},"modified":"2014-02-07T01:32:22","modified_gmt":"2014-02-07T02:32:22","slug":"draghi-prefiere-esperar-a-tener-mas-informacion-sobre-la-inflacion","status":"publish","type":"post","link":"https:\/\/www.eldigitaldeasturias.com\/noticias\/draghi-prefiere-esperar-a-tener-mas-informacion-sobre-la-inflacion\/","title":{"rendered":"Draghi prefiere esperar a tener m\u00e1s informaci\u00f3n sobre la inflaci\u00f3n"},"content":{"rendered":"<p><img loading=\"lazy\" decoding=\"async\" class=\"alignleft size-medium wp-image-485500\" alt=\"5917676w\" src=\"https:\/\/www.eldigitaldeasturias.com\/noticias\/wp-content\/uploads\/2014\/02\/5917676w-360x260.jpg\" width=\"360\" height=\"260\" \/>Fr\u00e1ncfort (Alemania), 6 feb (EFE).- El presidente del Banco Central Europeo (BCE), Mario Draghi, prefiri\u00f3 hoy esperar a tener m\u00e1s informaci\u00f3n sobre las perspectivas de inflaci\u00f3n de la zona del euro y se mostr\u00f3 preocupado por la volatilidad en las econom\u00edas emergentes.<\/p>\n<p>En la conferencia de prensa posterior a la reuni\u00f3n del Consejo de Gobierno del BCE, Draghi dijo que \u00abla raz\u00f3n por la que no hemos actuado es la complejidad de la situaci\u00f3n, que requiere que recopilemos m\u00e1s informaci\u00f3n\u00bb.<\/p>\n<p>Poco antes, el \u00f3rgano de gobierno del Banco Central Europeo hab\u00eda decidido mantener su tasa de inter\u00e9s rectora en el m\u00ednimo hist\u00f3rico del 0,25 %.<\/p>\n<p>El BCE tendr\u00e1 en marzo las nuevas proyecciones macroecon\u00f3micas de crecimiento e inflaci\u00f3n para la zona del euro que realiza el personal de la entidad y que incluir\u00e1n por primera vez las previsiones para 2016.<\/p>\n<p>Draghi dijo que la tasa de inflaci\u00f3n de la zona del euro seguir\u00e1 en el nivel actual en los pr\u00f3ximos meses y record\u00f3 que la tasa de inflaci\u00f3n de la zona del euro cay\u00f3 en enero una d\u00e9cima hasta el 0,7 %, frente a la registrada en diciembre.<\/p>\n<p>Seg\u00fan el presidente del BCE, la tasa de inflaci\u00f3n de enero ha sido m\u00e1s baja de lo que se esperaba generalmente y ello se debe principalmente a \u00abla evoluci\u00f3n de los precios de la energ\u00eda\u00bb.<\/p>\n<p>Explic\u00f3 que la situaci\u00f3n actual es muy diferente a la de noviembre del a\u00f1o pasado cuando la inflaci\u00f3n de la zona del euro tambi\u00e9n se hab\u00eda desacelerado hasta el 0,7 % y el BCE decidi\u00f3 recortar el precio del dinero.<\/p>\n<p>El euro subi\u00f3 tras la intervenci\u00f3n de Draghi y gan\u00f3 un centavo de d\u00f3lar hasta superar 1,36 d\u00f3lares.<\/p>\n<p>La tasa de inflaci\u00f3n se aleja mucho del objetivo del BCE, que es mantenerla cercana pero siempre por debajo del 2 % para lograr la estabilidad de precios.<\/p>\n<p>\u00abDraghi reafirm\u00f3 que el consejo de gobierno del BCE est\u00e1 preparado para actuar en caso necesario y destac\u00f3 que en la pr\u00f3xima reuni\u00f3n de comienzos de marzo habr\u00e1 disponible informaci\u00f3n adicional importante\u00bb, destac\u00f3 el analista de Commerzbank Ralph Solveen.<\/p>\n<p>\u00abReiteramos nuestra opini\u00f3n de que en vista de que la inflaci\u00f3n ha ca\u00eddo por debajo de las expectativas, el BCE tomar\u00e1 m\u00e1s medidas expansivas. Creemos que lo m\u00e1s probable es que el BCE reduzca su tasa de inter\u00e9s rectora en marzo\u00bb, agreg\u00f3 el experto.<\/p>\n<p>El BCE quiere esperar a ver qu\u00e9 ocurre en las econom\u00edas emergentes y a tener las cifras de crecimiento del producto interior bruto (PIB) de la zona del euro del cuarto trimestre del a\u00f1o pasado.<\/p>\n<p>Su presidente hizo hincapi\u00e9 hoy en que existe un riesgo a la baja para la econom\u00eda de la zona del euro por \u00abla incertidumbre en las econom\u00edas emergentes\u00bb.<\/p>\n<p>\u00abLos cambios en las condiciones en los mercados financieros y de dinero globales y las incertidumbres relacionadas, sobre todo en econom\u00edas de mercado emergentes, pueden tener el potencial de afectar negativamente las condiciones econ\u00f3micas\u00bb, se\u00f1al\u00f3.<\/p>\n<p>El presidente del BCE a\u00f1adi\u00f3 que la entidad observa la volatilidad actual en econom\u00edas emergentes y que las consecuencias para el crecimiento global ser\u00e1n muy diferentes si se trata de un fen\u00f3meno pasajero o si se mantiene.<\/p>\n<p>Las divisas de varios pa\u00edses emergentes, como la lira turca, el rand sudafricano y la rupia india, han ca\u00eddo con fuerza desde que la Reserva Federal estadounidense (Fed) anunci\u00f3 en mayo del pasado a\u00f1o su intenci\u00f3n de reducir sus est\u00edmulos monetarios.<\/p>\n<p>Desde comienzos de enero la depreciaci\u00f3n de estas divisas se intensific\u00f3 y oblig\u00f3 a los bancos centrales de Sud\u00e1frica, India y Turqu\u00eda a subir los tipos de inter\u00e9s para frenar la ca\u00edda.<\/p>\n<p>Ante la b\u00fasqueda de una rentabilidad que no encontraban en su propia econom\u00eda, los inversores de EEUU han comprado estas divisas y las econom\u00edas emergentes han registrado en los \u00faltimos a\u00f1os importantes entradas de capital, que ahora se retiran y dirigen de nuevo a Estados Unidos.<\/p>\n<p>Arantxa I\u00f1iguez<\/p>\n","protected":false},"excerpt":{"rendered":"<p>Fr\u00e1ncfort (Alemania), 6 feb (EFE).- El presidente del Banco Central Europeo (BCE), Mario Draghi, prefiri\u00f3 hoy esperar a tener m\u00e1s informaci\u00f3n sobre las perspectivas de inflaci\u00f3n de la zona del euro y se mostr\u00f3 preocupado por la volatilidad en las econom\u00edas emergentes. En la conferencia de prensa posterior a la reuni\u00f3n del Consejo de Gobierno [&hellip;]<\/p>\n","protected":false},"author":1,"featured_media":485500,"comment_status":"closed","ping_status":"open","sticky":false,"template":"","format":"standard","meta":{"footnotes":""},"categories":[1],"tags":[],"class_list":["post-485499","post","type-post","status-publish","format-standard","has-post-thumbnail","hentry","category-actualidad"],"aioseo_notices":[],"aioseo_head":"\n\t\t<!-- All in One SEO Pro 5.0.1 - aioseo.com -->\n\t<meta name=\"description\" content=\"Fr\u00e1ncfort (Alemania), 6 feb (EFE).- El presidente del Banco Central Europeo (BCE), Mario Draghi, prefiri\u00f3 hoy esperar a tener m\u00e1s informaci\u00f3n sobre las perspectivas de inflaci\u00f3n de la zona del euro y se mostr\u00f3 preocupado por la volatilidad en las econom\u00edas emergentes. En la conferencia de prensa posterior a la reuni\u00f3n del Consejo de Gobierno\" \/>\n\t<meta name=\"robots\" content=\"max-image-preview:large\" \/>\n\t<meta name=\"author\" content=\"El Digital de Asturias\"\/>\n\t<meta name=\"google-site-verification\" content=\"UA-38556648-1\" \/>\n\t<meta name=\"msvalidate.01\" content=\"7dfe9f3f1b24437ab69f4f2559babe99\" \/>\n\t<meta name=\"keywords\" content=\"actualidad\" \/>\n\t<link rel=\"canonical\" href=\"https:\/\/www.eldigitaldeasturias.com\/noticias\/draghi-prefiere-esperar-a-tener-mas-informacion-sobre-la-inflacion\/\" \/>\n\t<meta name=\"generator\" content=\"All in One SEO Pro (AIOSEO) 5.0.1\" \/>\n\t\t<meta property=\"og:locale\" content=\"es_ES\" \/>\n\t\t<meta property=\"og:site_name\" content=\"El Digital de Asturias\" \/>\n\t\t<meta property=\"og:type\" content=\"article\" \/>\n\t\t<meta property=\"og:title\" content=\"Draghi prefiere esperar a tener m\u00e1s informaci\u00f3n sobre la inflaci\u00f3n - El Digital de Asturias\" \/>\n\t\t<meta property=\"og:description\" content=\"Fr\u00e1ncfort (Alemania), 6 feb (EFE).- El presidente del Banco Central Europeo (BCE), Mario Draghi, prefiri\u00f3 hoy esperar a tener m\u00e1s informaci\u00f3n sobre las perspectivas de inflaci\u00f3n de la zona del euro y se mostr\u00f3 preocupado por la volatilidad en las econom\u00edas emergentes. En la conferencia de prensa posterior a la reuni\u00f3n del Consejo de Gobierno\" \/>\n\t\t<meta property=\"og:url\" content=\"https:\/\/www.eldigitaldeasturias.com\/noticias\/draghi-prefiere-esperar-a-tener-mas-informacion-sobre-la-inflacion\/\" \/>\n\t\t<meta property=\"article:tag\" content=\"actualidad\" \/>\n\t\t<meta property=\"article:published_time\" content=\"2014-02-07T02:32:22+00:00\" \/>\n\t\t<meta property=\"article:modified_time\" content=\"2014-02-07T02:32:22+00:00\" \/>\n\t\t<meta property=\"article:publisher\" content=\"https:\/\/facebook.com\/eldigitaldeasturias\" \/>\n\t\t<meta name=\"twitter:card\" content=\"summary_large_image\" \/>\n\t\t<meta name=\"twitter:title\" content=\"Draghi prefiere esperar a tener m\u00e1s informaci\u00f3n sobre la inflaci\u00f3n - El Digital de Asturias\" \/>\n\t\t<meta name=\"twitter:description\" content=\"Fr\u00e1ncfort (Alemania), 6 feb (EFE).- El presidente del Banco Central Europeo (BCE), Mario Draghi, prefiri\u00f3 hoy esperar a tener m\u00e1s informaci\u00f3n sobre las perspectivas de inflaci\u00f3n de la zona del euro y se mostr\u00f3 preocupado por la volatilidad en las econom\u00edas emergentes. En la conferencia de prensa posterior a la reuni\u00f3n del Consejo de Gobierno\" \/>\n\t\t<meta name=\"twitter:label1\" content=\"Escrito por\" \/>\n\t\t<meta name=\"twitter:data1\" content=\"El Digital de Asturias\" \/>\n\t\t<meta name=\"twitter:label2\" content=\"Tiempo de lectura estimado\" \/>\n\t\t<meta name=\"twitter:data2\" content=\"4 minutos\" \/>\n\t\t<script type=\"application\/ld+json\" class=\"aioseo-schema\">\n\t\t\t{\"@context\":\"https:\\\/\\\/schema.org\",\"@graph\":[{\"@type\":\"BlogPosting\",\"@id\":\"https:\\\/\\\/www.eldigitaldeasturias.com\\\/noticias\\\/draghi-prefiere-esperar-a-tener-mas-informacion-sobre-la-inflacion\\\/#blogposting\",\"name\":\"Draghi prefiere esperar a tener m\\u00e1s informaci\\u00f3n sobre la inflaci\\u00f3n - El Digital de Asturias\",\"headline\":\"Draghi prefiere esperar a tener m\\u00e1s informaci\\u00f3n sobre la inflaci\\u00f3n\",\"author\":{\"@id\":\"https:\\\/\\\/www.eldigitaldeasturias.com\\\/noticias\\\/author\\\/admin\\\/#author\"},\"publisher\":{\"@id\":\"https:\\\/\\\/www.eldigitaldeasturias.com\\\/noticias\\\/#organization\"},\"image\":{\"@type\":\"ImageObject\",\"url\":485500},\"datePublished\":\"2014-02-07T01:32:22+01:00\",\"dateModified\":\"2014-02-07T01:32:22+01:00\",\"inLanguage\":\"es-ES\",\"mainEntityOfPage\":{\"@id\":\"https:\\\/\\\/www.eldigitaldeasturias.com\\\/noticias\\\/draghi-prefiere-esperar-a-tener-mas-informacion-sobre-la-inflacion\\\/#webpage\"},\"isPartOf\":{\"@id\":\"https:\\\/\\\/www.eldigitaldeasturias.com\\\/noticias\\\/draghi-prefiere-esperar-a-tener-mas-informacion-sobre-la-inflacion\\\/#webpage\"},\"articleSection\":\"Actualidad\"},{\"@type\":\"BreadcrumbList\",\"@id\":\"https:\\\/\\\/www.eldigitaldeasturias.com\\\/noticias\\\/draghi-prefiere-esperar-a-tener-mas-informacion-sobre-la-inflacion\\\/#breadcrumblist\",\"itemListElement\":[{\"@type\":\"ListItem\",\"@id\":\"https:\\\/\\\/www.eldigitaldeasturias.com\\\/noticias#listItem\",\"position\":1,\"name\":\"Home\",\"item\":\"https:\\\/\\\/www.eldigitaldeasturias.com\\\/noticias\",\"nextItem\":{\"@type\":\"ListItem\",\"@id\":\"https:\\\/\\\/www.eldigitaldeasturias.com\\\/noticias\\\/category\\\/actualidad\\\/#listItem\",\"name\":\"Actualidad\"}},{\"@type\":\"ListItem\",\"@id\":\"https:\\\/\\\/www.eldigitaldeasturias.com\\\/noticias\\\/category\\\/actualidad\\\/#listItem\",\"position\":2,\"name\":\"Actualidad\",\"item\":\"https:\\\/\\\/www.eldigitaldeasturias.com\\\/noticias\\\/category\\\/actualidad\\\/\",\"nextItem\":{\"@type\":\"ListItem\",\"@id\":\"https:\\\/\\\/www.eldigitaldeasturias.com\\\/noticias\\\/draghi-prefiere-esperar-a-tener-mas-informacion-sobre-la-inflacion\\\/#listItem\",\"name\":\"Draghi prefiere esperar a tener m\\u00e1s informaci\\u00f3n sobre la inflaci\\u00f3n\"},\"previousItem\":{\"@type\":\"ListItem\",\"@id\":\"https:\\\/\\\/www.eldigitaldeasturias.com\\\/noticias#listItem\",\"name\":\"Home\"}},{\"@type\":\"ListItem\",\"@id\":\"https:\\\/\\\/www.eldigitaldeasturias.com\\\/noticias\\\/draghi-prefiere-esperar-a-tener-mas-informacion-sobre-la-inflacion\\\/#listItem\",\"position\":3,\"name\":\"Draghi prefiere esperar a tener m\\u00e1s informaci\\u00f3n sobre la inflaci\\u00f3n\",\"previousItem\":{\"@type\":\"ListItem\",\"@id\":\"https:\\\/\\\/www.eldigitaldeasturias.com\\\/noticias\\\/category\\\/actualidad\\\/#listItem\",\"name\":\"Actualidad\"}}]},{\"@type\":\"Organization\",\"@id\":\"https:\\\/\\\/www.eldigitaldeasturias.com\\\/noticias\\\/#organization\",\"name\":\"El Digital de Asturias\",\"description\":\"Hemeroteca\",\"url\":\"https:\\\/\\\/www.eldigitaldeasturias.com\\\/noticias\\\/\",\"email\":\"info@eldigitaldeasturias.com\",\"telephone\":\"+34652131393\",\"logo\":{\"@type\":\"ImageObject\",\"url\":\"https:\\\/\\\/www.eldigitaldeasturias.com\\\/noticias\\\/wp-content\\\/uploads\\\/2020\\\/12\\\/EDA.jpg\",\"@id\":\"https:\\\/\\\/www.eldigitaldeasturias.com\\\/noticias\\\/draghi-prefiere-esperar-a-tener-mas-informacion-sobre-la-inflacion\\\/#organizationLogo\"},\"image\":{\"@id\":\"https:\\\/\\\/www.eldigitaldeasturias.com\\\/noticias\\\/draghi-prefiere-esperar-a-tener-mas-informacion-sobre-la-inflacion\\\/#organizationLogo\"},\"sameAs\":[\"https:\\\/\\\/facebook.com\\\/eldigitaldeasturias\",\"https:\\\/\\\/www.youtube.com\\\/channel\\\/UCZP-2wLEB9Rv6erhFmqVnvg\"],\"address\":{\"@id\":\"https:\\\/\\\/www.eldigitaldeasturias.com\\\/noticias\\\/#postaladdress\",\"@type\":\"PostalAddress\",\"streetAddress\":\"san antonio 4\",\"postalCode\":\"33430\",\"addressLocality\":\"Cand\\u00e1s\",\"addressRegion\":\"Asturias\",\"addressCountry\":\"ES\"}},{\"@type\":\"Person\",\"@id\":\"https:\\\/\\\/www.eldigitaldeasturias.com\\\/noticias\\\/author\\\/admin\\\/#author\",\"url\":\"https:\\\/\\\/www.eldigitaldeasturias.com\\\/noticias\\\/author\\\/admin\\\/\",\"name\":\"El Digital de Asturias\",\"image\":{\"@type\":\"ImageObject\",\"@id\":\"https:\\\/\\\/www.eldigitaldeasturias.com\\\/noticias\\\/draghi-prefiere-esperar-a-tener-mas-informacion-sobre-la-inflacion\\\/#authorImage\",\"url\":\"https:\\\/\\\/secure.gravatar.com\\\/avatar\\\/df2aeffc32bcd13f8d26072ef8a91b623d677766deac7f97ca815868cd41bf5e?s=96&d=mm&r=g\",\"width\":96,\"height\":96,\"caption\":\"El Digital de Asturias\"}},{\"@type\":\"WebPage\",\"@id\":\"https:\\\/\\\/www.eldigitaldeasturias.com\\\/noticias\\\/draghi-prefiere-esperar-a-tener-mas-informacion-sobre-la-inflacion\\\/#webpage\",\"url\":\"https:\\\/\\\/www.eldigitaldeasturias.com\\\/noticias\\\/draghi-prefiere-esperar-a-tener-mas-informacion-sobre-la-inflacion\\\/\",\"name\":\"Draghi prefiere esperar a tener m\\u00e1s informaci\\u00f3n sobre la inflaci\\u00f3n - El Digital de Asturias\",\"description\":\"Fr\\u00e1ncfort (Alemania), 6 feb (EFE).- El presidente del Banco Central Europeo (BCE), Mario Draghi, prefiri\\u00f3 hoy esperar a tener m\\u00e1s informaci\\u00f3n sobre las perspectivas de inflaci\\u00f3n de la zona del euro y se mostr\\u00f3 preocupado por la volatilidad en las econom\\u00edas emergentes. En la conferencia de prensa posterior a la reuni\\u00f3n del Consejo de Gobierno\",\"inLanguage\":\"es-ES\",\"isPartOf\":{\"@id\":\"https:\\\/\\\/www.eldigitaldeasturias.com\\\/noticias\\\/#website\"},\"breadcrumb\":{\"@id\":\"https:\\\/\\\/www.eldigitaldeasturias.com\\\/noticias\\\/draghi-prefiere-esperar-a-tener-mas-informacion-sobre-la-inflacion\\\/#breadcrumblist\"},\"author\":{\"@id\":\"https:\\\/\\\/www.eldigitaldeasturias.com\\\/noticias\\\/author\\\/admin\\\/#author\"},\"creator\":{\"@id\":\"https:\\\/\\\/www.eldigitaldeasturias.com\\\/noticias\\\/author\\\/admin\\\/#author\"},\"image\":{\"@type\":\"ImageObject\",\"url\":485500,\"@id\":\"https:\\\/\\\/www.eldigitaldeasturias.com\\\/noticias\\\/draghi-prefiere-esperar-a-tener-mas-informacion-sobre-la-inflacion\\\/#mainImage\"},\"primaryImageOfPage\":{\"@id\":\"https:\\\/\\\/www.eldigitaldeasturias.com\\\/noticias\\\/draghi-prefiere-esperar-a-tener-mas-informacion-sobre-la-inflacion\\\/#mainImage\"},\"datePublished\":\"2014-02-07T01:32:22+01:00\",\"dateModified\":\"2014-02-07T01:32:22+01:00\"},{\"@type\":\"WebSite\",\"@id\":\"https:\\\/\\\/www.eldigitaldeasturias.com\\\/noticias\\\/#website\",\"url\":\"https:\\\/\\\/www.eldigitaldeasturias.com\\\/noticias\\\/\",\"name\":\"El Digital de Asturias - Diario de actualidad y noticias\",\"alternateName\":\"El Digital de Asturias - Diario de actualidad y noticias\",\"description\":\"Hemeroteca\",\"inLanguage\":\"es-ES\",\"publisher\":{\"@id\":\"https:\\\/\\\/www.eldigitaldeasturias.com\\\/noticias\\\/#organization\"}}]}\n\t\t<\/script>\n\t\t<!-- All in One SEO Pro -->\r\n\t\t<title>Draghi prefiere esperar a tener m\u00e1s informaci\u00f3n sobre la inflaci\u00f3n - El Digital de Asturias<\/title>\n\n","aioseo_head_json":{"title":"Draghi prefiere esperar a tener m\u00e1s informaci\u00f3n sobre la inflaci\u00f3n - El Digital de Asturias","description":"Fr\u00e1ncfort (Alemania), 6 feb (EFE).- El presidente del Banco Central Europeo (BCE), Mario Draghi, prefiri\u00f3 hoy esperar a tener m\u00e1s informaci\u00f3n sobre las perspectivas de inflaci\u00f3n de la zona del euro y se mostr\u00f3 preocupado por la volatilidad en las econom\u00edas emergentes. En la conferencia de prensa posterior a la reuni\u00f3n del Consejo de Gobierno","canonical_url":"https:\/\/www.eldigitaldeasturias.com\/noticias\/draghi-prefiere-esperar-a-tener-mas-informacion-sobre-la-inflacion\/","robots":"max-image-preview:large","keywords":"actualidad","webmasterTools":{"google-site-verification":"UA-38556648-1","msvalidate.01":"7dfe9f3f1b24437ab69f4f2559babe99","miscellaneous":""},"schema":{"@context":"https:\/\/schema.org","@graph":[{"@type":"BlogPosting","@id":"https:\/\/www.eldigitaldeasturias.com\/noticias\/draghi-prefiere-esperar-a-tener-mas-informacion-sobre-la-inflacion\/#blogposting","name":"Draghi prefiere esperar a tener m\u00e1s informaci\u00f3n sobre la inflaci\u00f3n - El Digital de Asturias","headline":"Draghi prefiere esperar a tener m\u00e1s informaci\u00f3n sobre la inflaci\u00f3n","author":{"@id":"https:\/\/www.eldigitaldeasturias.com\/noticias\/author\/admin\/#author"},"publisher":{"@id":"https:\/\/www.eldigitaldeasturias.com\/noticias\/#organization"},"image":{"@type":"ImageObject","url":485500},"datePublished":"2014-02-07T01:32:22+01:00","dateModified":"2014-02-07T01:32:22+01:00","inLanguage":"es-ES","mainEntityOfPage":{"@id":"https:\/\/www.eldigitaldeasturias.com\/noticias\/draghi-prefiere-esperar-a-tener-mas-informacion-sobre-la-inflacion\/#webpage"},"isPartOf":{"@id":"https:\/\/www.eldigitaldeasturias.com\/noticias\/draghi-prefiere-esperar-a-tener-mas-informacion-sobre-la-inflacion\/#webpage"},"articleSection":"Actualidad"},{"@type":"BreadcrumbList","@id":"https:\/\/www.eldigitaldeasturias.com\/noticias\/draghi-prefiere-esperar-a-tener-mas-informacion-sobre-la-inflacion\/#breadcrumblist","itemListElement":[{"@type":"ListItem","@id":"https:\/\/www.eldigitaldeasturias.com\/noticias#listItem","position":1,"name":"Home","item":"https:\/\/www.eldigitaldeasturias.com\/noticias","nextItem":{"@type":"ListItem","@id":"https:\/\/www.eldigitaldeasturias.com\/noticias\/category\/actualidad\/#listItem","name":"Actualidad"}},{"@type":"ListItem","@id":"https:\/\/www.eldigitaldeasturias.com\/noticias\/category\/actualidad\/#listItem","position":2,"name":"Actualidad","item":"https:\/\/www.eldigitaldeasturias.com\/noticias\/category\/actualidad\/","nextItem":{"@type":"ListItem","@id":"https:\/\/www.eldigitaldeasturias.com\/noticias\/draghi-prefiere-esperar-a-tener-mas-informacion-sobre-la-inflacion\/#listItem","name":"Draghi prefiere esperar a tener m\u00e1s informaci\u00f3n sobre la inflaci\u00f3n"},"previousItem":{"@type":"ListItem","@id":"https:\/\/www.eldigitaldeasturias.com\/noticias#listItem","name":"Home"}},{"@type":"ListItem","@id":"https:\/\/www.eldigitaldeasturias.com\/noticias\/draghi-prefiere-esperar-a-tener-mas-informacion-sobre-la-inflacion\/#listItem","position":3,"name":"Draghi prefiere esperar a tener m\u00e1s informaci\u00f3n sobre la inflaci\u00f3n","previousItem":{"@type":"ListItem","@id":"https:\/\/www.eldigitaldeasturias.com\/noticias\/category\/actualidad\/#listItem","name":"Actualidad"}}]},{"@type":"Organization","@id":"https:\/\/www.eldigitaldeasturias.com\/noticias\/#organization","name":"El Digital de Asturias","description":"Hemeroteca","url":"https:\/\/www.eldigitaldeasturias.com\/noticias\/","email":"info@eldigitaldeasturias.com","telephone":"+34652131393","logo":{"@type":"ImageObject","url":"https:\/\/www.eldigitaldeasturias.com\/noticias\/wp-content\/uploads\/2020\/12\/EDA.jpg","@id":"https:\/\/www.eldigitaldeasturias.com\/noticias\/draghi-prefiere-esperar-a-tener-mas-informacion-sobre-la-inflacion\/#organizationLogo"},"image":{"@id":"https:\/\/www.eldigitaldeasturias.com\/noticias\/draghi-prefiere-esperar-a-tener-mas-informacion-sobre-la-inflacion\/#organizationLogo"},"sameAs":["https:\/\/facebook.com\/eldigitaldeasturias","https:\/\/www.youtube.com\/channel\/UCZP-2wLEB9Rv6erhFmqVnvg"],"address":{"@id":"https:\/\/www.eldigitaldeasturias.com\/noticias\/#postaladdress","@type":"PostalAddress","streetAddress":"san antonio 4","postalCode":"33430","addressLocality":"Cand\u00e1s","addressRegion":"Asturias","addressCountry":"ES"}},{"@type":"Person","@id":"https:\/\/www.eldigitaldeasturias.com\/noticias\/author\/admin\/#author","url":"https:\/\/www.eldigitaldeasturias.com\/noticias\/author\/admin\/","name":"El Digital de Asturias","image":{"@type":"ImageObject","@id":"https:\/\/www.eldigitaldeasturias.com\/noticias\/draghi-prefiere-esperar-a-tener-mas-informacion-sobre-la-inflacion\/#authorImage","url":"https:\/\/secure.gravatar.com\/avatar\/df2aeffc32bcd13f8d26072ef8a91b623d677766deac7f97ca815868cd41bf5e?s=96&d=mm&r=g","width":96,"height":96,"caption":"El Digital de Asturias"}},{"@type":"WebPage","@id":"https:\/\/www.eldigitaldeasturias.com\/noticias\/draghi-prefiere-esperar-a-tener-mas-informacion-sobre-la-inflacion\/#webpage","url":"https:\/\/www.eldigitaldeasturias.com\/noticias\/draghi-prefiere-esperar-a-tener-mas-informacion-sobre-la-inflacion\/","name":"Draghi prefiere esperar a tener m\u00e1s informaci\u00f3n sobre la inflaci\u00f3n - El Digital de Asturias","description":"Fr\u00e1ncfort (Alemania), 6 feb (EFE).- El presidente del Banco Central Europeo (BCE), Mario Draghi, prefiri\u00f3 hoy esperar a tener m\u00e1s informaci\u00f3n sobre las perspectivas de inflaci\u00f3n de la zona del euro y se mostr\u00f3 preocupado por la volatilidad en las econom\u00edas emergentes. En la conferencia de prensa posterior a la reuni\u00f3n del Consejo de Gobierno","inLanguage":"es-ES","isPartOf":{"@id":"https:\/\/www.eldigitaldeasturias.com\/noticias\/#website"},"breadcrumb":{"@id":"https:\/\/www.eldigitaldeasturias.com\/noticias\/draghi-prefiere-esperar-a-tener-mas-informacion-sobre-la-inflacion\/#breadcrumblist"},"author":{"@id":"https:\/\/www.eldigitaldeasturias.com\/noticias\/author\/admin\/#author"},"creator":{"@id":"https:\/\/www.eldigitaldeasturias.com\/noticias\/author\/admin\/#author"},"image":{"@type":"ImageObject","url":485500,"@id":"https:\/\/www.eldigitaldeasturias.com\/noticias\/draghi-prefiere-esperar-a-tener-mas-informacion-sobre-la-inflacion\/#mainImage"},"primaryImageOfPage":{"@id":"https:\/\/www.eldigitaldeasturias.com\/noticias\/draghi-prefiere-esperar-a-tener-mas-informacion-sobre-la-inflacion\/#mainImage"},"datePublished":"2014-02-07T01:32:22+01:00","dateModified":"2014-02-07T01:32:22+01:00"},{"@type":"WebSite","@id":"https:\/\/www.eldigitaldeasturias.com\/noticias\/#website","url":"https:\/\/www.eldigitaldeasturias.com\/noticias\/","name":"El Digital de Asturias - Diario de actualidad y noticias","alternateName":"El Digital de Asturias - Diario de actualidad y noticias","description":"Hemeroteca","inLanguage":"es-ES","publisher":{"@id":"https:\/\/www.eldigitaldeasturias.com\/noticias\/#organization"}}]},"og:locale":"es_ES","og:site_name":"El Digital de Asturias","og:type":"article","og:title":"Draghi prefiere esperar a tener m\u00e1s informaci\u00f3n sobre la inflaci\u00f3n - El Digital de Asturias","og:description":"Fr\u00e1ncfort (Alemania), 6 feb (EFE).- El presidente del Banco Central Europeo (BCE), Mario Draghi, prefiri\u00f3 hoy esperar a tener m\u00e1s informaci\u00f3n sobre las perspectivas de inflaci\u00f3n de la zona del euro y se mostr\u00f3 preocupado por la volatilidad en las econom\u00edas emergentes. En la conferencia de prensa posterior a la reuni\u00f3n del Consejo de Gobierno","og:url":"https:\/\/www.eldigitaldeasturias.com\/noticias\/draghi-prefiere-esperar-a-tener-mas-informacion-sobre-la-inflacion\/","article:tag":["actualidad"],"article:published_time":"2014-02-07T02:32:22+00:00","article:modified_time":"2014-02-07T02:32:22+00:00","article:publisher":"https:\/\/facebook.com\/eldigitaldeasturias","twitter:card":"summary_large_image","twitter:title":"Draghi prefiere esperar a tener m\u00e1s informaci\u00f3n sobre la inflaci\u00f3n - El Digital de Asturias","twitter:description":"Fr\u00e1ncfort (Alemania), 6 feb (EFE).- El presidente del Banco Central Europeo (BCE), Mario Draghi, prefiri\u00f3 hoy esperar a tener m\u00e1s informaci\u00f3n sobre las perspectivas de inflaci\u00f3n de la zona del euro y se mostr\u00f3 preocupado por la volatilidad en las econom\u00edas emergentes. En la conferencia de prensa posterior a la reuni\u00f3n del Consejo de Gobierno","twitter:label1":"Escrito por","twitter:data1":"El Digital de Asturias","twitter:label2":"Tiempo de lectura estimado","twitter:data2":"4 minutos"},"aioseo_meta_data":{"post_id":"485499","title":null,"description":null,"keywords":null,"keyphrases":null,"primary_term":null,"canonical_url":null,"og_title":null,"og_description":null,"og_object_type":"default","og_image_type":"default","og_image_url":null,"og_image_width":null,"og_image_height":null,"og_image_custom_url":null,"og_image_custom_fields":null,"og_video":null,"og_custom_url":null,"og_article_section":null,"og_article_tags":null,"twitter_use_og":true,"twitter_card":"default","twitter_image_type":"default","twitter_image_url":null,"twitter_image_custom_url":null,"twitter_image_custom_fields":null,"twitter_title":null,"twitter_description":null,"schema":{"blockGraphs":[],"customGraphs":[],"default":{"data":{"Article":[],"Course":[],"Dataset":[],"FAQPage":[],"Movie":[],"Person":[],"Product":[],"ProductReview":[],"Car":[],"Recipe":[],"Service":[],"SoftwareApplication":[],"WebPage":[]},"graphName":"","isEnabled":true},"graphs":[],"defaultGraph":"","defaultPostTypeGraph":""},"schema_type":null,"schema_type_options":null,"pillar_content":false,"robots_default":true,"robots_noindex":false,"robots_noarchive":false,"robots_nosnippet":false,"robots_nofollow":false,"robots_noimageindex":false,"robots_noodp":false,"robots_notranslate":false,"robots_max_snippet":null,"robots_max_videopreview":null,"robots_max_imagepreview":"none","priority":null,"frequency":null,"local_seo":null,"seo_analyzer_scan_date":"2026-06-02 20:33:49","breadcrumb_settings":null,"limit_modified_date":false,"open_ai":null,"ai":null,"created":"2020-11-14 22:55:16","updated":"2026-06-02 20:33:49","focus_keyword":null,"additional_keywords":null,"truseo_locale":null},"aioseo_breadcrumb":"<div class=\"aioseo-breadcrumbs\"><span class=\"aioseo-breadcrumb\">\n\t<a href=\"https:\/\/www.eldigitaldeasturias.com\/noticias\" title=\"Home\">Home<\/a>\n<\/span><span class=\"aioseo-breadcrumb-separator\">\u2013<\/span><span class=\"aioseo-breadcrumb\">\n\t<a href=\"https:\/\/www.eldigitaldeasturias.com\/noticias\/category\/actualidad\/\" title=\"Actualidad\">Actualidad<\/a>\n<\/span><span class=\"aioseo-breadcrumb-separator\">\u2013<\/span><span class=\"aioseo-breadcrumb\">\n\t<a href=\"https:\/\/www.eldigitaldeasturias.com\/noticias\/draghi-prefiere-esperar-a-tener-mas-informacion-sobre-la-inflacion\/\" title=\"Draghi prefiere esperar a tener m\u00e1s informaci\u00f3n sobre la inflaci\u00f3n\">Draghi prefiere esperar a tener m\u00e1s informaci\u00f3n sobre la inflaci\u00f3n<\/a>\n<\/span><\/div>","aioseo_breadcrumb_json":[{"label":"Home","link":"https:\/\/www.eldigitaldeasturias.com\/noticias"},{"label":"Actualidad","link":"https:\/\/www.eldigitaldeasturias.com\/noticias\/category\/actualidad\/"},{"label":"Draghi prefiere esperar a tener m\u00e1s informaci\u00f3n sobre la inflaci\u00f3n","link":"https:\/\/www.eldigitaldeasturias.com\/noticias\/draghi-prefiere-esperar-a-tener-mas-informacion-sobre-la-inflacion\/"}],"_links":{"self":[{"href":"https:\/\/www.eldigitaldeasturias.com\/noticias\/wp-json\/wp\/v2\/posts\/485499","targetHints":{"allow":["GET"]}}],"collection":[{"href":"https:\/\/www.eldigitaldeasturias.com\/noticias\/wp-json\/wp\/v2\/posts"}],"about":[{"href":"https:\/\/www.eldigitaldeasturias.com\/noticias\/wp-json\/wp\/v2\/types\/post"}],"author":[{"embeddable":true,"href":"https:\/\/www.eldigitaldeasturias.com\/noticias\/wp-json\/wp\/v2\/users\/1"}],"replies":[{"embeddable":true,"href":"https:\/\/www.eldigitaldeasturias.com\/noticias\/wp-json\/wp\/v2\/comments?post=485499"}],"version-history":[{"count":0,"href":"https:\/\/www.eldigitaldeasturias.com\/noticias\/wp-json\/wp\/v2\/posts\/485499\/revisions"}],"wp:attachment":[{"href":"https:\/\/www.eldigitaldeasturias.com\/noticias\/wp-json\/wp\/v2\/media?parent=485499"}],"wp:term":[{"taxonomy":"category","embeddable":true,"href":"https:\/\/www.eldigitaldeasturias.com\/noticias\/wp-json\/wp\/v2\/categories?post=485499"},{"taxonomy":"post_tag","embeddable":true,"href":"https:\/\/www.eldigitaldeasturias.com\/noticias\/wp-json\/wp\/v2\/tags?post=485499"}],"curies":[{"name":"wp","href":"https:\/\/api.w.org\/{rel}","templated":true}]}}