{"id":485496,"date":"2014-02-07T01:31:14","date_gmt":"2014-02-07T02:31:14","guid":{"rendered":"http:\/\/www.eldigitaldeasturias.com\/noticias\/?p=485496"},"modified":"2014-02-07T01:31:14","modified_gmt":"2014-02-07T02:31:14","slug":"la-generalitat-pedira-prestados-este-ano-al-fla-un-total-de-6-347-millones","status":"publish","type":"post","link":"https:\/\/www.eldigitaldeasturias.com\/noticias\/la-generalitat-pedira-prestados-este-ano-al-fla-un-total-de-6-347-millones\/","title":{"rendered":"La Generalitat pedir\u00e1 prestados este a\u00f1o al FLA un total de 6.347 millones"},"content":{"rendered":"<p><img loading=\"lazy\" decoding=\"async\" class=\"alignleft size-medium wp-image-485497\" alt=\"5917221w\" src=\"https:\/\/www.eldigitaldeasturias.com\/noticias\/wp-content\/uploads\/2014\/02\/5917221w-360x252.jpg\" width=\"360\" height=\"252\" \/>Barcelona, 6 feb (EFE).- El gobierno de la Generalitat de Catalunya pedir\u00e1 prestados este a\u00f1o al Fondo de Liquidez Auton\u00f3mico (FLA) un total de 6.347 millones de euros.<\/p>\n<p>Seg\u00fan han avanzado a Efe fuentes del gobierno catal\u00e1n, de esta cantidad un total de 1.960 millones se destinar\u00e1n a cubrir d\u00e9ficit, ya que el techo de las comunidades est\u00e1 fijado este a\u00f1o en el 1 % del PIB, y el resto, 4.387 millones, servir\u00e1 para cubrir vencimientos de deuda y de pr\u00e9stamos internacionales, as\u00ed como liquidaciones negativas del modelo de financiaci\u00f3n y vencimientos de mecanismos de liquidez.<\/p>\n<p>La cantidad solicitada este a\u00f1o es aproximadamente un 41 % inferior a la del a\u00f1o pasado principalmente porque la Generalitat, que en los \u00faltimos a\u00f1os ha tenido que afrontar el vencimiento de buena parte de las emisiones minoristas que hizo, solo tiene este a\u00f1o un vencimiento de bonos a particulares de 781,54 millones a finales de abril.<\/p>\n<p>En 2013, la Generalitat pidi\u00f3 prestados a cuenta del FLA unos 10.833,9 millones de euros, dado que el Ministerio de Hacienda inform\u00f3 a mediados de noviembre que el gobierno catal\u00e1n hab\u00eda recibido a cuenta del FLA 10.050,6 millones, y a mediados de diciembre autoriz\u00f3 otra entrega de 783,3 millones adicionales por el aumento del d\u00e9ficit permitido a la comunidad.<\/p>\n<p>El gobierno catal\u00e1n entiende que la solicitud de estos 6.347 millones, que ya se ha formalizado, contar\u00e1 con el visto bueno de Hacienda, ya que los criterios de adhesi\u00f3n al FLA est\u00e1n bastante definidos.<\/p>\n<p>No obstante, el gobierno catal\u00e1n, que en un comunicado ha avisado que \u00abse reserva el derecho de impugnar\u00bb las condiciones del programa para la aplicaci\u00f3n del mecanismo de apoyo a la liquidez de las comunidades para este a\u00f1o si vulneran \u00absus competencias y su autogobierno\u00bb, espera recibir algunos fondos m\u00e1s a cuenta del FLA del a\u00f1o pasado.<\/p>\n<p>Y es que a finales del 2013 el Govern anunci\u00f3 que ten\u00eda el aval de Hacienda para poder solicitar al FLA unos 1.700 millones de euros m\u00e1s en correspondencia al aumento del d\u00e9ficit de 2013 del 0,7 al 1,58 % del PIB.<\/p>\n<p>De aquella cantidad finalmente Hacienda autoriz\u00f3 un total de 783,3 millones, por lo que esperan \u00abque lleguen\u00bb el resto de fondos pendientes, ha asegurado hoy el conseller de Econom\u00eda, Andreu Mas-Colell, al ser preguntado por estos recursos.<\/p>\n<p>En cuanto a las gestiones para el FLA de 2014, el conseller ha asegurado hoy que est\u00e1n \u00aben proceso\u00bb y que es cuesti\u00f3n de \u00abd\u00edas\u00bb.<\/p>\n<p>El Fondo de Liquidez Auton\u00f3mico (FLA) est\u00e1 dotado este a\u00f1o con 23.000 millones de euros para vencimientos y necesidades de financiaci\u00f3n de las comunidades, por lo que contando con que la Generalitat reciba esos 6.347 millones, copar\u00e1 el 27,59 % de los fondos, un porcentaje muy inferior al del a\u00f1o pasado, cuando absorbi\u00f3 algo m\u00e1s de la mitad, y de 2012, cuando su peso sobre el total fue del 40 %.<\/p>\n<p>Las comunidades que acuden al FLA han pagado unos intereses medios por estos pr\u00e9stamos del 5,18 % en 2012 y del 3,91 % en 2013, seg\u00fan Hacienda, que estima que los intereses de 2014 ser\u00e1n menores.<\/p>\n<p>El gobierno catal\u00e1n ha reivindicado en numerosas ocasiones su derecho a acudir a este mecanismo de liquidez como aportador neto a las arcas del Estado y ante la incapacidad de financiarse actualmente en los mercados.<\/p>\n<p>De hecho, el conseller Mas-Colell reclama desde hace tiempo que este mecanismo tenga un car\u00e1cter estable, para no tener que estar cada a\u00f1o a la espera de su despliegue.<\/p>\n<p>En un comunicado, el conseller ha mostrado su \u00abperplejidad\u00bb por que el FLA no est\u00e9 \u00abimplementado a principios de a\u00f1o\u00bb, a pesar de ser un mecanismo \u00abordinario\u00bb del Tesoro, y ha recordado que ya el a\u00f1o pasado el FLA ya entr\u00f3 en vigor con tardanza, en concreto, a finales de febrero.<\/p>\n","protected":false},"excerpt":{"rendered":"<p>Barcelona, 6 feb (EFE).- El gobierno de la Generalitat de Catalunya pedir\u00e1 prestados este a\u00f1o al Fondo de Liquidez Auton\u00f3mico (FLA) un total de 6.347 millones de euros. Seg\u00fan han avanzado a Efe fuentes del gobierno catal\u00e1n, de esta cantidad un total de 1.960 millones se destinar\u00e1n a cubrir d\u00e9ficit, ya que el techo de [&hellip;]<\/p>\n","protected":false},"author":1,"featured_media":485497,"comment_status":"closed","ping_status":"open","sticky":false,"template":"","format":"standard","meta":{"footnotes":""},"categories":[1],"tags":[],"class_list":["post-485496","post","type-post","status-publish","format-standard","has-post-thumbnail","hentry","category-actualidad"],"aioseo_notices":[],"aioseo_head":"\n\t\t<!-- All in One SEO Pro 5.0.1 - aioseo.com -->\n\t<meta name=\"description\" content=\"Barcelona, 6 feb (EFE).- El gobierno de la Generalitat de Catalunya pedir\u00e1 prestados este a\u00f1o al Fondo de Liquidez Auton\u00f3mico (FLA) un total de 6.347 millones de euros. Seg\u00fan han avanzado a Efe fuentes del gobierno catal\u00e1n, de esta cantidad un total de 1.960 millones se destinar\u00e1n a cubrir d\u00e9ficit, ya que el techo de\" \/>\n\t<meta name=\"robots\" content=\"max-image-preview:large\" \/>\n\t<meta name=\"author\" content=\"El Digital de Asturias\"\/>\n\t<meta name=\"google-site-verification\" content=\"UA-38556648-1\" \/>\n\t<meta name=\"msvalidate.01\" content=\"7dfe9f3f1b24437ab69f4f2559babe99\" \/>\n\t<meta name=\"keywords\" content=\"actualidad\" \/>\n\t<link rel=\"canonical\" href=\"https:\/\/www.eldigitaldeasturias.com\/noticias\/la-generalitat-pedira-prestados-este-ano-al-fla-un-total-de-6-347-millones\/\" \/>\n\t<meta name=\"generator\" content=\"All in One SEO Pro (AIOSEO) 5.0.1\" \/>\n\t\t<meta property=\"og:locale\" content=\"es_ES\" \/>\n\t\t<meta property=\"og:site_name\" content=\"El Digital de Asturias\" \/>\n\t\t<meta property=\"og:type\" content=\"article\" \/>\n\t\t<meta property=\"og:title\" content=\"La Generalitat pedir\u00e1 prestados este a\u00f1o al FLA un total de 6.347 millones - El Digital de Asturias\" \/>\n\t\t<meta property=\"og:description\" content=\"Barcelona, 6 feb (EFE).- El gobierno de la Generalitat de Catalunya pedir\u00e1 prestados este a\u00f1o al Fondo de Liquidez Auton\u00f3mico (FLA) un total de 6.347 millones de euros. Seg\u00fan han avanzado a Efe fuentes del gobierno catal\u00e1n, de esta cantidad un total de 1.960 millones se destinar\u00e1n a cubrir d\u00e9ficit, ya que el techo de\" \/>\n\t\t<meta property=\"og:url\" content=\"https:\/\/www.eldigitaldeasturias.com\/noticias\/la-generalitat-pedira-prestados-este-ano-al-fla-un-total-de-6-347-millones\/\" \/>\n\t\t<meta property=\"article:tag\" content=\"actualidad\" \/>\n\t\t<meta property=\"article:published_time\" content=\"2014-02-07T02:31:14+00:00\" \/>\n\t\t<meta property=\"article:modified_time\" content=\"2014-02-07T02:31:14+00:00\" \/>\n\t\t<meta property=\"article:publisher\" content=\"https:\/\/facebook.com\/eldigitaldeasturias\" \/>\n\t\t<meta name=\"twitter:card\" content=\"summary_large_image\" \/>\n\t\t<meta name=\"twitter:title\" content=\"La Generalitat pedir\u00e1 prestados este a\u00f1o al FLA un total de 6.347 millones - El Digital de Asturias\" \/>\n\t\t<meta name=\"twitter:description\" content=\"Barcelona, 6 feb (EFE).- El gobierno de la Generalitat de Catalunya pedir\u00e1 prestados este a\u00f1o al Fondo de Liquidez Auton\u00f3mico (FLA) un total de 6.347 millones de euros. Seg\u00fan han avanzado a Efe fuentes del gobierno catal\u00e1n, de esta cantidad un total de 1.960 millones se destinar\u00e1n a cubrir d\u00e9ficit, ya que el techo de\" \/>\n\t\t<meta name=\"twitter:label1\" content=\"Escrito por\" \/>\n\t\t<meta name=\"twitter:data1\" content=\"El Digital de Asturias\" \/>\n\t\t<meta name=\"twitter:label2\" content=\"Tiempo de lectura estimado\" \/>\n\t\t<meta name=\"twitter:data2\" content=\"3 minutos\" \/>\n\t\t<script type=\"application\/ld+json\" class=\"aioseo-schema\">\n\t\t\t{\"@context\":\"https:\\\/\\\/schema.org\",\"@graph\":[{\"@type\":\"BlogPosting\",\"@id\":\"https:\\\/\\\/www.eldigitaldeasturias.com\\\/noticias\\\/la-generalitat-pedira-prestados-este-ano-al-fla-un-total-de-6-347-millones\\\/#blogposting\",\"name\":\"La Generalitat pedir\\u00e1 prestados este a\\u00f1o al FLA un total de 6.347 millones - El Digital de Asturias\",\"headline\":\"La Generalitat pedir\\u00e1 prestados este a\\u00f1o al FLA un total de 6.347 millones\",\"author\":{\"@id\":\"https:\\\/\\\/www.eldigitaldeasturias.com\\\/noticias\\\/author\\\/admin\\\/#author\"},\"publisher\":{\"@id\":\"https:\\\/\\\/www.eldigitaldeasturias.com\\\/noticias\\\/#organization\"},\"image\":{\"@type\":\"ImageObject\",\"url\":485497},\"datePublished\":\"2014-02-07T01:31:14+01:00\",\"dateModified\":\"2014-02-07T01:31:14+01:00\",\"inLanguage\":\"es-ES\",\"mainEntityOfPage\":{\"@id\":\"https:\\\/\\\/www.eldigitaldeasturias.com\\\/noticias\\\/la-generalitat-pedira-prestados-este-ano-al-fla-un-total-de-6-347-millones\\\/#webpage\"},\"isPartOf\":{\"@id\":\"https:\\\/\\\/www.eldigitaldeasturias.com\\\/noticias\\\/la-generalitat-pedira-prestados-este-ano-al-fla-un-total-de-6-347-millones\\\/#webpage\"},\"articleSection\":\"Actualidad\"},{\"@type\":\"BreadcrumbList\",\"@id\":\"https:\\\/\\\/www.eldigitaldeasturias.com\\\/noticias\\\/la-generalitat-pedira-prestados-este-ano-al-fla-un-total-de-6-347-millones\\\/#breadcrumblist\",\"itemListElement\":[{\"@type\":\"ListItem\",\"@id\":\"https:\\\/\\\/www.eldigitaldeasturias.com\\\/noticias#listItem\",\"position\":1,\"name\":\"Home\",\"item\":\"https:\\\/\\\/www.eldigitaldeasturias.com\\\/noticias\",\"nextItem\":{\"@type\":\"ListItem\",\"@id\":\"https:\\\/\\\/www.eldigitaldeasturias.com\\\/noticias\\\/category\\\/actualidad\\\/#listItem\",\"name\":\"Actualidad\"}},{\"@type\":\"ListItem\",\"@id\":\"https:\\\/\\\/www.eldigitaldeasturias.com\\\/noticias\\\/category\\\/actualidad\\\/#listItem\",\"position\":2,\"name\":\"Actualidad\",\"item\":\"https:\\\/\\\/www.eldigitaldeasturias.com\\\/noticias\\\/category\\\/actualidad\\\/\",\"nextItem\":{\"@type\":\"ListItem\",\"@id\":\"https:\\\/\\\/www.eldigitaldeasturias.com\\\/noticias\\\/la-generalitat-pedira-prestados-este-ano-al-fla-un-total-de-6-347-millones\\\/#listItem\",\"name\":\"La Generalitat pedir\\u00e1 prestados este a\\u00f1o al FLA un total de 6.347 millones\"},\"previousItem\":{\"@type\":\"ListItem\",\"@id\":\"https:\\\/\\\/www.eldigitaldeasturias.com\\\/noticias#listItem\",\"name\":\"Home\"}},{\"@type\":\"ListItem\",\"@id\":\"https:\\\/\\\/www.eldigitaldeasturias.com\\\/noticias\\\/la-generalitat-pedira-prestados-este-ano-al-fla-un-total-de-6-347-millones\\\/#listItem\",\"position\":3,\"name\":\"La Generalitat pedir\\u00e1 prestados este a\\u00f1o al FLA un total de 6.347 millones\",\"previousItem\":{\"@type\":\"ListItem\",\"@id\":\"https:\\\/\\\/www.eldigitaldeasturias.com\\\/noticias\\\/category\\\/actualidad\\\/#listItem\",\"name\":\"Actualidad\"}}]},{\"@type\":\"Organization\",\"@id\":\"https:\\\/\\\/www.eldigitaldeasturias.com\\\/noticias\\\/#organization\",\"name\":\"El Digital de Asturias\",\"description\":\"Hemeroteca\",\"url\":\"https:\\\/\\\/www.eldigitaldeasturias.com\\\/noticias\\\/\",\"email\":\"info@eldigitaldeasturias.com\",\"telephone\":\"+34652131393\",\"logo\":{\"@type\":\"ImageObject\",\"url\":\"https:\\\/\\\/www.eldigitaldeasturias.com\\\/noticias\\\/wp-content\\\/uploads\\\/2020\\\/12\\\/EDA.jpg\",\"@id\":\"https:\\\/\\\/www.eldigitaldeasturias.com\\\/noticias\\\/la-generalitat-pedira-prestados-este-ano-al-fla-un-total-de-6-347-millones\\\/#organizationLogo\"},\"image\":{\"@id\":\"https:\\\/\\\/www.eldigitaldeasturias.com\\\/noticias\\\/la-generalitat-pedira-prestados-este-ano-al-fla-un-total-de-6-347-millones\\\/#organizationLogo\"},\"sameAs\":[\"https:\\\/\\\/facebook.com\\\/eldigitaldeasturias\",\"https:\\\/\\\/www.youtube.com\\\/channel\\\/UCZP-2wLEB9Rv6erhFmqVnvg\"],\"address\":{\"@id\":\"https:\\\/\\\/www.eldigitaldeasturias.com\\\/noticias\\\/#postaladdress\",\"@type\":\"PostalAddress\",\"streetAddress\":\"san antonio 4\",\"postalCode\":\"33430\",\"addressLocality\":\"Cand\\u00e1s\",\"addressRegion\":\"Asturias\",\"addressCountry\":\"ES\"}},{\"@type\":\"Person\",\"@id\":\"https:\\\/\\\/www.eldigitaldeasturias.com\\\/noticias\\\/author\\\/admin\\\/#author\",\"url\":\"https:\\\/\\\/www.eldigitaldeasturias.com\\\/noticias\\\/author\\\/admin\\\/\",\"name\":\"El Digital de Asturias\",\"image\":{\"@type\":\"ImageObject\",\"@id\":\"https:\\\/\\\/www.eldigitaldeasturias.com\\\/noticias\\\/la-generalitat-pedira-prestados-este-ano-al-fla-un-total-de-6-347-millones\\\/#authorImage\",\"url\":\"https:\\\/\\\/secure.gravatar.com\\\/avatar\\\/df2aeffc32bcd13f8d26072ef8a91b623d677766deac7f97ca815868cd41bf5e?s=96&d=mm&r=g\",\"width\":96,\"height\":96,\"caption\":\"El Digital de Asturias\"}},{\"@type\":\"WebPage\",\"@id\":\"https:\\\/\\\/www.eldigitaldeasturias.com\\\/noticias\\\/la-generalitat-pedira-prestados-este-ano-al-fla-un-total-de-6-347-millones\\\/#webpage\",\"url\":\"https:\\\/\\\/www.eldigitaldeasturias.com\\\/noticias\\\/la-generalitat-pedira-prestados-este-ano-al-fla-un-total-de-6-347-millones\\\/\",\"name\":\"La Generalitat pedir\\u00e1 prestados este a\\u00f1o al FLA un total de 6.347 millones - El Digital de Asturias\",\"description\":\"Barcelona, 6 feb (EFE).- El gobierno de la Generalitat de Catalunya pedir\\u00e1 prestados este a\\u00f1o al Fondo de Liquidez Auton\\u00f3mico (FLA) un total de 6.347 millones de euros. Seg\\u00fan han avanzado a Efe fuentes del gobierno catal\\u00e1n, de esta cantidad un total de 1.960 millones se destinar\\u00e1n a cubrir d\\u00e9ficit, ya que el techo de\",\"inLanguage\":\"es-ES\",\"isPartOf\":{\"@id\":\"https:\\\/\\\/www.eldigitaldeasturias.com\\\/noticias\\\/#website\"},\"breadcrumb\":{\"@id\":\"https:\\\/\\\/www.eldigitaldeasturias.com\\\/noticias\\\/la-generalitat-pedira-prestados-este-ano-al-fla-un-total-de-6-347-millones\\\/#breadcrumblist\"},\"author\":{\"@id\":\"https:\\\/\\\/www.eldigitaldeasturias.com\\\/noticias\\\/author\\\/admin\\\/#author\"},\"creator\":{\"@id\":\"https:\\\/\\\/www.eldigitaldeasturias.com\\\/noticias\\\/author\\\/admin\\\/#author\"},\"image\":{\"@type\":\"ImageObject\",\"url\":485497,\"@id\":\"https:\\\/\\\/www.eldigitaldeasturias.com\\\/noticias\\\/la-generalitat-pedira-prestados-este-ano-al-fla-un-total-de-6-347-millones\\\/#mainImage\"},\"primaryImageOfPage\":{\"@id\":\"https:\\\/\\\/www.eldigitaldeasturias.com\\\/noticias\\\/la-generalitat-pedira-prestados-este-ano-al-fla-un-total-de-6-347-millones\\\/#mainImage\"},\"datePublished\":\"2014-02-07T01:31:14+01:00\",\"dateModified\":\"2014-02-07T01:31:14+01:00\"},{\"@type\":\"WebSite\",\"@id\":\"https:\\\/\\\/www.eldigitaldeasturias.com\\\/noticias\\\/#website\",\"url\":\"https:\\\/\\\/www.eldigitaldeasturias.com\\\/noticias\\\/\",\"name\":\"El Digital de Asturias - Diario de actualidad y noticias\",\"alternateName\":\"El Digital de Asturias - Diario de actualidad y noticias\",\"description\":\"Hemeroteca\",\"inLanguage\":\"es-ES\",\"publisher\":{\"@id\":\"https:\\\/\\\/www.eldigitaldeasturias.com\\\/noticias\\\/#organization\"}}]}\n\t\t<\/script>\n\t\t<!-- All in One SEO Pro -->\r\n\t\t<title>La Generalitat pedir\u00e1 prestados este a\u00f1o al FLA un total de 6.347 millones - El Digital de Asturias<\/title>\n\n","aioseo_head_json":{"title":"La Generalitat pedir\u00e1 prestados este a\u00f1o al FLA un total de 6.347 millones - El Digital de Asturias","description":"Barcelona, 6 feb (EFE).- El gobierno de la Generalitat de Catalunya pedir\u00e1 prestados este a\u00f1o al Fondo de Liquidez Auton\u00f3mico (FLA) un total de 6.347 millones de euros. Seg\u00fan han avanzado a Efe fuentes del gobierno catal\u00e1n, de esta cantidad un total de 1.960 millones se destinar\u00e1n a cubrir d\u00e9ficit, ya que el techo de","canonical_url":"https:\/\/www.eldigitaldeasturias.com\/noticias\/la-generalitat-pedira-prestados-este-ano-al-fla-un-total-de-6-347-millones\/","robots":"max-image-preview:large","keywords":"actualidad","webmasterTools":{"google-site-verification":"UA-38556648-1","msvalidate.01":"7dfe9f3f1b24437ab69f4f2559babe99","miscellaneous":""},"schema":{"@context":"https:\/\/schema.org","@graph":[{"@type":"BlogPosting","@id":"https:\/\/www.eldigitaldeasturias.com\/noticias\/la-generalitat-pedira-prestados-este-ano-al-fla-un-total-de-6-347-millones\/#blogposting","name":"La Generalitat pedir\u00e1 prestados este a\u00f1o al FLA un total de 6.347 millones - El Digital de Asturias","headline":"La Generalitat pedir\u00e1 prestados este a\u00f1o al FLA un total de 6.347 millones","author":{"@id":"https:\/\/www.eldigitaldeasturias.com\/noticias\/author\/admin\/#author"},"publisher":{"@id":"https:\/\/www.eldigitaldeasturias.com\/noticias\/#organization"},"image":{"@type":"ImageObject","url":485497},"datePublished":"2014-02-07T01:31:14+01:00","dateModified":"2014-02-07T01:31:14+01:00","inLanguage":"es-ES","mainEntityOfPage":{"@id":"https:\/\/www.eldigitaldeasturias.com\/noticias\/la-generalitat-pedira-prestados-este-ano-al-fla-un-total-de-6-347-millones\/#webpage"},"isPartOf":{"@id":"https:\/\/www.eldigitaldeasturias.com\/noticias\/la-generalitat-pedira-prestados-este-ano-al-fla-un-total-de-6-347-millones\/#webpage"},"articleSection":"Actualidad"},{"@type":"BreadcrumbList","@id":"https:\/\/www.eldigitaldeasturias.com\/noticias\/la-generalitat-pedira-prestados-este-ano-al-fla-un-total-de-6-347-millones\/#breadcrumblist","itemListElement":[{"@type":"ListItem","@id":"https:\/\/www.eldigitaldeasturias.com\/noticias#listItem","position":1,"name":"Home","item":"https:\/\/www.eldigitaldeasturias.com\/noticias","nextItem":{"@type":"ListItem","@id":"https:\/\/www.eldigitaldeasturias.com\/noticias\/category\/actualidad\/#listItem","name":"Actualidad"}},{"@type":"ListItem","@id":"https:\/\/www.eldigitaldeasturias.com\/noticias\/category\/actualidad\/#listItem","position":2,"name":"Actualidad","item":"https:\/\/www.eldigitaldeasturias.com\/noticias\/category\/actualidad\/","nextItem":{"@type":"ListItem","@id":"https:\/\/www.eldigitaldeasturias.com\/noticias\/la-generalitat-pedira-prestados-este-ano-al-fla-un-total-de-6-347-millones\/#listItem","name":"La Generalitat pedir\u00e1 prestados este a\u00f1o al FLA un total de 6.347 millones"},"previousItem":{"@type":"ListItem","@id":"https:\/\/www.eldigitaldeasturias.com\/noticias#listItem","name":"Home"}},{"@type":"ListItem","@id":"https:\/\/www.eldigitaldeasturias.com\/noticias\/la-generalitat-pedira-prestados-este-ano-al-fla-un-total-de-6-347-millones\/#listItem","position":3,"name":"La Generalitat pedir\u00e1 prestados este a\u00f1o al FLA un total de 6.347 millones","previousItem":{"@type":"ListItem","@id":"https:\/\/www.eldigitaldeasturias.com\/noticias\/category\/actualidad\/#listItem","name":"Actualidad"}}]},{"@type":"Organization","@id":"https:\/\/www.eldigitaldeasturias.com\/noticias\/#organization","name":"El Digital de Asturias","description":"Hemeroteca","url":"https:\/\/www.eldigitaldeasturias.com\/noticias\/","email":"info@eldigitaldeasturias.com","telephone":"+34652131393","logo":{"@type":"ImageObject","url":"https:\/\/www.eldigitaldeasturias.com\/noticias\/wp-content\/uploads\/2020\/12\/EDA.jpg","@id":"https:\/\/www.eldigitaldeasturias.com\/noticias\/la-generalitat-pedira-prestados-este-ano-al-fla-un-total-de-6-347-millones\/#organizationLogo"},"image":{"@id":"https:\/\/www.eldigitaldeasturias.com\/noticias\/la-generalitat-pedira-prestados-este-ano-al-fla-un-total-de-6-347-millones\/#organizationLogo"},"sameAs":["https:\/\/facebook.com\/eldigitaldeasturias","https:\/\/www.youtube.com\/channel\/UCZP-2wLEB9Rv6erhFmqVnvg"],"address":{"@id":"https:\/\/www.eldigitaldeasturias.com\/noticias\/#postaladdress","@type":"PostalAddress","streetAddress":"san antonio 4","postalCode":"33430","addressLocality":"Cand\u00e1s","addressRegion":"Asturias","addressCountry":"ES"}},{"@type":"Person","@id":"https:\/\/www.eldigitaldeasturias.com\/noticias\/author\/admin\/#author","url":"https:\/\/www.eldigitaldeasturias.com\/noticias\/author\/admin\/","name":"El Digital de Asturias","image":{"@type":"ImageObject","@id":"https:\/\/www.eldigitaldeasturias.com\/noticias\/la-generalitat-pedira-prestados-este-ano-al-fla-un-total-de-6-347-millones\/#authorImage","url":"https:\/\/secure.gravatar.com\/avatar\/df2aeffc32bcd13f8d26072ef8a91b623d677766deac7f97ca815868cd41bf5e?s=96&d=mm&r=g","width":96,"height":96,"caption":"El Digital de Asturias"}},{"@type":"WebPage","@id":"https:\/\/www.eldigitaldeasturias.com\/noticias\/la-generalitat-pedira-prestados-este-ano-al-fla-un-total-de-6-347-millones\/#webpage","url":"https:\/\/www.eldigitaldeasturias.com\/noticias\/la-generalitat-pedira-prestados-este-ano-al-fla-un-total-de-6-347-millones\/","name":"La Generalitat pedir\u00e1 prestados este a\u00f1o al FLA un total de 6.347 millones - El Digital de Asturias","description":"Barcelona, 6 feb (EFE).- El gobierno de la Generalitat de Catalunya pedir\u00e1 prestados este a\u00f1o al Fondo de Liquidez Auton\u00f3mico (FLA) un total de 6.347 millones de euros. Seg\u00fan han avanzado a Efe fuentes del gobierno catal\u00e1n, de esta cantidad un total de 1.960 millones se destinar\u00e1n a cubrir d\u00e9ficit, ya que el techo de","inLanguage":"es-ES","isPartOf":{"@id":"https:\/\/www.eldigitaldeasturias.com\/noticias\/#website"},"breadcrumb":{"@id":"https:\/\/www.eldigitaldeasturias.com\/noticias\/la-generalitat-pedira-prestados-este-ano-al-fla-un-total-de-6-347-millones\/#breadcrumblist"},"author":{"@id":"https:\/\/www.eldigitaldeasturias.com\/noticias\/author\/admin\/#author"},"creator":{"@id":"https:\/\/www.eldigitaldeasturias.com\/noticias\/author\/admin\/#author"},"image":{"@type":"ImageObject","url":485497,"@id":"https:\/\/www.eldigitaldeasturias.com\/noticias\/la-generalitat-pedira-prestados-este-ano-al-fla-un-total-de-6-347-millones\/#mainImage"},"primaryImageOfPage":{"@id":"https:\/\/www.eldigitaldeasturias.com\/noticias\/la-generalitat-pedira-prestados-este-ano-al-fla-un-total-de-6-347-millones\/#mainImage"},"datePublished":"2014-02-07T01:31:14+01:00","dateModified":"2014-02-07T01:31:14+01:00"},{"@type":"WebSite","@id":"https:\/\/www.eldigitaldeasturias.com\/noticias\/#website","url":"https:\/\/www.eldigitaldeasturias.com\/noticias\/","name":"El Digital de Asturias - Diario de actualidad y noticias","alternateName":"El Digital de Asturias - Diario de actualidad y noticias","description":"Hemeroteca","inLanguage":"es-ES","publisher":{"@id":"https:\/\/www.eldigitaldeasturias.com\/noticias\/#organization"}}]},"og:locale":"es_ES","og:site_name":"El Digital de Asturias","og:type":"article","og:title":"La Generalitat pedir\u00e1 prestados este a\u00f1o al FLA un total de 6.347 millones - El Digital de Asturias","og:description":"Barcelona, 6 feb (EFE).- El gobierno de la Generalitat de Catalunya pedir\u00e1 prestados este a\u00f1o al Fondo de Liquidez Auton\u00f3mico (FLA) un total de 6.347 millones de euros. Seg\u00fan han avanzado a Efe fuentes del gobierno catal\u00e1n, de esta cantidad un total de 1.960 millones se destinar\u00e1n a cubrir d\u00e9ficit, ya que el techo de","og:url":"https:\/\/www.eldigitaldeasturias.com\/noticias\/la-generalitat-pedira-prestados-este-ano-al-fla-un-total-de-6-347-millones\/","article:tag":["actualidad"],"article:published_time":"2014-02-07T02:31:14+00:00","article:modified_time":"2014-02-07T02:31:14+00:00","article:publisher":"https:\/\/facebook.com\/eldigitaldeasturias","twitter:card":"summary_large_image","twitter:title":"La Generalitat pedir\u00e1 prestados este a\u00f1o al FLA un total de 6.347 millones - El Digital de Asturias","twitter:description":"Barcelona, 6 feb (EFE).- El gobierno de la Generalitat de Catalunya pedir\u00e1 prestados este a\u00f1o al Fondo de Liquidez Auton\u00f3mico (FLA) un total de 6.347 millones de euros. Seg\u00fan han avanzado a Efe fuentes del gobierno catal\u00e1n, de esta cantidad un total de 1.960 millones se destinar\u00e1n a cubrir d\u00e9ficit, ya que el techo de","twitter:label1":"Escrito por","twitter:data1":"El Digital de Asturias","twitter:label2":"Tiempo de lectura estimado","twitter:data2":"3 minutos"},"aioseo_meta_data":{"post_id":"485496","title":null,"description":null,"keywords":null,"keyphrases":null,"primary_term":null,"canonical_url":null,"og_title":null,"og_description":null,"og_object_type":"default","og_image_type":"default","og_image_url":null,"og_image_width":null,"og_image_height":null,"og_image_custom_url":null,"og_image_custom_fields":null,"og_video":null,"og_custom_url":null,"og_article_section":null,"og_article_tags":null,"twitter_use_og":true,"twitter_card":"default","twitter_image_type":"default","twitter_image_url":null,"twitter_image_custom_url":null,"twitter_image_custom_fields":null,"twitter_title":null,"twitter_description":null,"schema":{"blockGraphs":[],"customGraphs":[],"default":{"data":{"Article":[],"Course":[],"Dataset":[],"FAQPage":[],"Movie":[],"Person":[],"Product":[],"ProductReview":[],"Car":[],"Recipe":[],"Service":[],"SoftwareApplication":[],"WebPage":[]},"graphName":"","isEnabled":true},"graphs":[],"defaultGraph":"","defaultPostTypeGraph":""},"schema_type":null,"schema_type_options":null,"pillar_content":false,"robots_default":true,"robots_noindex":false,"robots_noarchive":false,"robots_nosnippet":false,"robots_nofollow":false,"robots_noimageindex":false,"robots_noodp":false,"robots_notranslate":false,"robots_max_snippet":null,"robots_max_videopreview":null,"robots_max_imagepreview":"none","priority":null,"frequency":null,"local_seo":null,"seo_analyzer_scan_date":"2026-06-02 20:33:48","breadcrumb_settings":null,"limit_modified_date":false,"open_ai":null,"ai":null,"created":"2020-11-14 22:55:16","updated":"2026-06-02 20:33:48","focus_keyword":null,"additional_keywords":null,"truseo_locale":null},"aioseo_breadcrumb":"<div class=\"aioseo-breadcrumbs\"><span class=\"aioseo-breadcrumb\">\n\t<a href=\"https:\/\/www.eldigitaldeasturias.com\/noticias\" title=\"Home\">Home<\/a>\n<\/span><span class=\"aioseo-breadcrumb-separator\">\u2013<\/span><span class=\"aioseo-breadcrumb\">\n\t<a href=\"https:\/\/www.eldigitaldeasturias.com\/noticias\/category\/actualidad\/\" title=\"Actualidad\">Actualidad<\/a>\n<\/span><span class=\"aioseo-breadcrumb-separator\">\u2013<\/span><span class=\"aioseo-breadcrumb\">\n\t<a href=\"https:\/\/www.eldigitaldeasturias.com\/noticias\/la-generalitat-pedira-prestados-este-ano-al-fla-un-total-de-6-347-millones\/\" title=\"La Generalitat pedir\u00e1 prestados este a\u00f1o al FLA un total de 6.347 millones\">La Generalitat pedir\u00e1 prestados este a\u00f1o al FLA un total de 6.347 millones<\/a>\n<\/span><\/div>","aioseo_breadcrumb_json":[{"label":"Home","link":"https:\/\/www.eldigitaldeasturias.com\/noticias"},{"label":"Actualidad","link":"https:\/\/www.eldigitaldeasturias.com\/noticias\/category\/actualidad\/"},{"label":"La Generalitat pedir\u00e1 prestados este a\u00f1o al FLA un total de 6.347 millones","link":"https:\/\/www.eldigitaldeasturias.com\/noticias\/la-generalitat-pedira-prestados-este-ano-al-fla-un-total-de-6-347-millones\/"}],"_links":{"self":[{"href":"https:\/\/www.eldigitaldeasturias.com\/noticias\/wp-json\/wp\/v2\/posts\/485496","targetHints":{"allow":["GET"]}}],"collection":[{"href":"https:\/\/www.eldigitaldeasturias.com\/noticias\/wp-json\/wp\/v2\/posts"}],"about":[{"href":"https:\/\/www.eldigitaldeasturias.com\/noticias\/wp-json\/wp\/v2\/types\/post"}],"author":[{"embeddable":true,"href":"https:\/\/www.eldigitaldeasturias.com\/noticias\/wp-json\/wp\/v2\/users\/1"}],"replies":[{"embeddable":true,"href":"https:\/\/www.eldigitaldeasturias.com\/noticias\/wp-json\/wp\/v2\/comments?post=485496"}],"version-history":[{"count":0,"href":"https:\/\/www.eldigitaldeasturias.com\/noticias\/wp-json\/wp\/v2\/posts\/485496\/revisions"}],"wp:attachment":[{"href":"https:\/\/www.eldigitaldeasturias.com\/noticias\/wp-json\/wp\/v2\/media?parent=485496"}],"wp:term":[{"taxonomy":"category","embeddable":true,"href":"https:\/\/www.eldigitaldeasturias.com\/noticias\/wp-json\/wp\/v2\/categories?post=485496"},{"taxonomy":"post_tag","embeddable":true,"href":"https:\/\/www.eldigitaldeasturias.com\/noticias\/wp-json\/wp\/v2\/tags?post=485496"}],"curies":[{"name":"wp","href":"https:\/\/api.w.org\/{rel}","templated":true}]}}