{"id":485471,"date":"2014-02-07T01:21:07","date_gmt":"2014-02-07T02:21:07","guid":{"rendered":"http:\/\/www.eldigitaldeasturias.com\/noticias\/?p=485471"},"modified":"2014-02-07T01:21:07","modified_gmt":"2014-02-07T02:21:07","slug":"arias-canete-considera-que-el-veto-ruso-a-la-carne-de-porcino-no-se-justifica","status":"publish","type":"post","link":"https:\/\/www.eldigitaldeasturias.com\/noticias\/arias-canete-considera-que-el-veto-ruso-a-la-carne-de-porcino-no-se-justifica\/","title":{"rendered":"Arias Ca\u00f1ete considera que el veto ruso a la carne de porcino no se justifica"},"content":{"rendered":"<p><img loading=\"lazy\" decoding=\"async\" class=\"alignleft size-medium wp-image-485472\" alt=\"5917567w\" src=\"https:\/\/www.eldigitaldeasturias.com\/noticias\/wp-content\/uploads\/2014\/02\/5917567w-360x232.jpg\" width=\"360\" height=\"232\" \/>Argel, 6 feb (EFE).- El ministro de Agricultura espa\u00f1ol, Miguel Arias Ca\u00f1ete, declar\u00f3 hoy a Efe que el veto impuesto por Rusia a toda la carne de cerdo proveniente de la UE, debido a un brote de peste porcina en Lituania, \u00abno se justifica\u00bb y subray\u00f3 que el Gobierno est\u00e1 trabajando para levantarlo.<\/p>\n<p>\u00abEstamos trabajando para levantar ese veto porque realmente s\u00f3lo ha habido unos casos en un peque\u00f1o pa\u00eds de la Uni\u00f3n Europea, muy pocos casos, y no se justifica que en el resto de los pa\u00edses donde se est\u00e1n haciendo las cosas bien y tenemos una sanidad animal sofisticada exista esa limitaci\u00f3n\u00bb, dijo Arias Ca\u00f1ete a Efe en Argel.<\/p>\n<p>Al margen de la X Reuni\u00f3n de Ministros de Agricultura de los pa\u00edses miembros del Centro Internacional de Altos Estudios Agron\u00f3micos Mediterr\u00e1neos (CIHEAM), celebrada en la capital argelina, el ministro insisti\u00f3 en que su Gobierno colaborar\u00e1 \u00abcon la Comisi\u00f3n Europea para que las autoridades rusas, cuanto antes, limiten su restricci\u00f3n a las zonas en las cuales existen casos (&#8230;) y no al resto de la UE\u00bb.<\/p>\n<p>Las autoridades rusas decidieron imponer a finales del pasado enero restricciones a la exportaci\u00f3n de carne de cerdo procedente de todos los pa\u00edses de la UE, despu\u00e9s de que se registrara un brote de peste porcina en Lituania.<\/p>\n","protected":false},"excerpt":{"rendered":"<p>Argel, 6 feb (EFE).- El ministro de Agricultura espa\u00f1ol, Miguel Arias Ca\u00f1ete, declar\u00f3 hoy a Efe que el veto impuesto por Rusia a toda la carne de cerdo proveniente de la UE, debido a un brote de peste porcina en Lituania, \u00abno se justifica\u00bb y subray\u00f3 que el Gobierno est\u00e1 trabajando para levantarlo. \u00abEstamos trabajando [&hellip;]<\/p>\n","protected":false},"author":1,"featured_media":485472,"comment_status":"closed","ping_status":"open","sticky":false,"template":"","format":"standard","meta":{"footnotes":""},"categories":[1],"tags":[],"class_list":["post-485471","post","type-post","status-publish","format-standard","has-post-thumbnail","hentry","category-actualidad"],"aioseo_notices":[],"aioseo_head":"\n\t\t<!-- All in One SEO Pro 5.0.1 - aioseo.com -->\n\t<meta name=\"description\" content=\"Argel, 6 feb (EFE).- El ministro de Agricultura espa\u00f1ol, Miguel Arias Ca\u00f1ete, declar\u00f3 hoy a Efe que el veto impuesto por Rusia a toda la carne de cerdo proveniente de la UE, debido a un brote de peste porcina en Lituania, &quot;no se justifica&quot; y subray\u00f3 que el Gobierno est\u00e1 trabajando para levantarlo. &quot;Estamos trabajando\" \/>\n\t<meta name=\"robots\" content=\"max-image-preview:large\" \/>\n\t<meta name=\"author\" content=\"El Digital de Asturias\"\/>\n\t<meta name=\"google-site-verification\" content=\"UA-38556648-1\" \/>\n\t<meta name=\"msvalidate.01\" content=\"7dfe9f3f1b24437ab69f4f2559babe99\" \/>\n\t<meta name=\"keywords\" content=\"actualidad\" \/>\n\t<link rel=\"canonical\" href=\"https:\/\/www.eldigitaldeasturias.com\/noticias\/arias-canete-considera-que-el-veto-ruso-a-la-carne-de-porcino-no-se-justifica\/\" \/>\n\t<meta name=\"generator\" content=\"All in One SEO Pro (AIOSEO) 5.0.1\" \/>\n\t\t<meta property=\"og:locale\" content=\"es_ES\" \/>\n\t\t<meta property=\"og:site_name\" content=\"El Digital de Asturias\" \/>\n\t\t<meta property=\"og:type\" content=\"article\" \/>\n\t\t<meta property=\"og:title\" content=\"Arias Ca\u00f1ete considera que el veto ruso a la carne de porcino no se justifica - El Digital de Asturias\" \/>\n\t\t<meta property=\"og:description\" content=\"Argel, 6 feb (EFE).- El ministro de Agricultura espa\u00f1ol, Miguel Arias Ca\u00f1ete, declar\u00f3 hoy a Efe que el veto impuesto por Rusia a toda la carne de cerdo proveniente de la UE, debido a un brote de peste porcina en Lituania, &quot;no se justifica&quot; y subray\u00f3 que el Gobierno est\u00e1 trabajando para levantarlo. &quot;Estamos trabajando\" \/>\n\t\t<meta property=\"og:url\" content=\"https:\/\/www.eldigitaldeasturias.com\/noticias\/arias-canete-considera-que-el-veto-ruso-a-la-carne-de-porcino-no-se-justifica\/\" \/>\n\t\t<meta property=\"article:tag\" content=\"actualidad\" \/>\n\t\t<meta property=\"article:published_time\" content=\"2014-02-07T02:21:07+00:00\" \/>\n\t\t<meta property=\"article:modified_time\" content=\"2014-02-07T02:21:07+00:00\" \/>\n\t\t<meta property=\"article:publisher\" content=\"https:\/\/facebook.com\/eldigitaldeasturias\" \/>\n\t\t<meta name=\"twitter:card\" content=\"summary_large_image\" \/>\n\t\t<meta name=\"twitter:title\" content=\"Arias Ca\u00f1ete considera que el veto ruso a la carne de porcino no se justifica - El Digital de Asturias\" \/>\n\t\t<meta name=\"twitter:description\" content=\"Argel, 6 feb (EFE).- El ministro de Agricultura espa\u00f1ol, Miguel Arias Ca\u00f1ete, declar\u00f3 hoy a Efe que el veto impuesto por Rusia a toda la carne de cerdo proveniente de la UE, debido a un brote de peste porcina en Lituania, &quot;no se justifica&quot; y subray\u00f3 que el Gobierno est\u00e1 trabajando para levantarlo. &quot;Estamos trabajando\" \/>\n\t\t<meta name=\"twitter:label1\" content=\"Escrito por\" \/>\n\t\t<meta name=\"twitter:data1\" content=\"El Digital de Asturias\" \/>\n\t\t<meta name=\"twitter:label2\" content=\"Tiempo de lectura estimado\" \/>\n\t\t<meta name=\"twitter:data2\" content=\"1 minuto\" \/>\n\t\t<script type=\"application\/ld+json\" class=\"aioseo-schema\">\n\t\t\t{\"@context\":\"https:\\\/\\\/schema.org\",\"@graph\":[{\"@type\":\"BlogPosting\",\"@id\":\"https:\\\/\\\/www.eldigitaldeasturias.com\\\/noticias\\\/arias-canete-considera-que-el-veto-ruso-a-la-carne-de-porcino-no-se-justifica\\\/#blogposting\",\"name\":\"Arias Ca\\u00f1ete considera que el veto ruso a la carne de porcino no se justifica - El Digital de Asturias\",\"headline\":\"Arias Ca\\u00f1ete considera que el veto ruso a la carne de porcino no se justifica\",\"author\":{\"@id\":\"https:\\\/\\\/www.eldigitaldeasturias.com\\\/noticias\\\/author\\\/admin\\\/#author\"},\"publisher\":{\"@id\":\"https:\\\/\\\/www.eldigitaldeasturias.com\\\/noticias\\\/#organization\"},\"image\":{\"@type\":\"ImageObject\",\"url\":485472},\"datePublished\":\"2014-02-07T01:21:07+01:00\",\"dateModified\":\"2014-02-07T01:21:07+01:00\",\"inLanguage\":\"es-ES\",\"mainEntityOfPage\":{\"@id\":\"https:\\\/\\\/www.eldigitaldeasturias.com\\\/noticias\\\/arias-canete-considera-que-el-veto-ruso-a-la-carne-de-porcino-no-se-justifica\\\/#webpage\"},\"isPartOf\":{\"@id\":\"https:\\\/\\\/www.eldigitaldeasturias.com\\\/noticias\\\/arias-canete-considera-que-el-veto-ruso-a-la-carne-de-porcino-no-se-justifica\\\/#webpage\"},\"articleSection\":\"Actualidad\"},{\"@type\":\"BreadcrumbList\",\"@id\":\"https:\\\/\\\/www.eldigitaldeasturias.com\\\/noticias\\\/arias-canete-considera-que-el-veto-ruso-a-la-carne-de-porcino-no-se-justifica\\\/#breadcrumblist\",\"itemListElement\":[{\"@type\":\"ListItem\",\"@id\":\"https:\\\/\\\/www.eldigitaldeasturias.com\\\/noticias#listItem\",\"position\":1,\"name\":\"Home\",\"item\":\"https:\\\/\\\/www.eldigitaldeasturias.com\\\/noticias\",\"nextItem\":{\"@type\":\"ListItem\",\"@id\":\"https:\\\/\\\/www.eldigitaldeasturias.com\\\/noticias\\\/category\\\/actualidad\\\/#listItem\",\"name\":\"Actualidad\"}},{\"@type\":\"ListItem\",\"@id\":\"https:\\\/\\\/www.eldigitaldeasturias.com\\\/noticias\\\/category\\\/actualidad\\\/#listItem\",\"position\":2,\"name\":\"Actualidad\",\"item\":\"https:\\\/\\\/www.eldigitaldeasturias.com\\\/noticias\\\/category\\\/actualidad\\\/\",\"nextItem\":{\"@type\":\"ListItem\",\"@id\":\"https:\\\/\\\/www.eldigitaldeasturias.com\\\/noticias\\\/arias-canete-considera-que-el-veto-ruso-a-la-carne-de-porcino-no-se-justifica\\\/#listItem\",\"name\":\"Arias Ca\\u00f1ete considera que el veto ruso a la carne de porcino no se justifica\"},\"previousItem\":{\"@type\":\"ListItem\",\"@id\":\"https:\\\/\\\/www.eldigitaldeasturias.com\\\/noticias#listItem\",\"name\":\"Home\"}},{\"@type\":\"ListItem\",\"@id\":\"https:\\\/\\\/www.eldigitaldeasturias.com\\\/noticias\\\/arias-canete-considera-que-el-veto-ruso-a-la-carne-de-porcino-no-se-justifica\\\/#listItem\",\"position\":3,\"name\":\"Arias Ca\\u00f1ete considera que el veto ruso a la carne de porcino no se justifica\",\"previousItem\":{\"@type\":\"ListItem\",\"@id\":\"https:\\\/\\\/www.eldigitaldeasturias.com\\\/noticias\\\/category\\\/actualidad\\\/#listItem\",\"name\":\"Actualidad\"}}]},{\"@type\":\"Organization\",\"@id\":\"https:\\\/\\\/www.eldigitaldeasturias.com\\\/noticias\\\/#organization\",\"name\":\"El Digital de Asturias\",\"description\":\"Hemeroteca\",\"url\":\"https:\\\/\\\/www.eldigitaldeasturias.com\\\/noticias\\\/\",\"email\":\"info@eldigitaldeasturias.com\",\"telephone\":\"+34652131393\",\"logo\":{\"@type\":\"ImageObject\",\"url\":\"https:\\\/\\\/www.eldigitaldeasturias.com\\\/noticias\\\/wp-content\\\/uploads\\\/2020\\\/12\\\/EDA.jpg\",\"@id\":\"https:\\\/\\\/www.eldigitaldeasturias.com\\\/noticias\\\/arias-canete-considera-que-el-veto-ruso-a-la-carne-de-porcino-no-se-justifica\\\/#organizationLogo\"},\"image\":{\"@id\":\"https:\\\/\\\/www.eldigitaldeasturias.com\\\/noticias\\\/arias-canete-considera-que-el-veto-ruso-a-la-carne-de-porcino-no-se-justifica\\\/#organizationLogo\"},\"sameAs\":[\"https:\\\/\\\/facebook.com\\\/eldigitaldeasturias\",\"https:\\\/\\\/www.youtube.com\\\/channel\\\/UCZP-2wLEB9Rv6erhFmqVnvg\"],\"address\":{\"@id\":\"https:\\\/\\\/www.eldigitaldeasturias.com\\\/noticias\\\/#postaladdress\",\"@type\":\"PostalAddress\",\"streetAddress\":\"san antonio 4\",\"postalCode\":\"33430\",\"addressLocality\":\"Cand\\u00e1s\",\"addressRegion\":\"Asturias\",\"addressCountry\":\"ES\"}},{\"@type\":\"Person\",\"@id\":\"https:\\\/\\\/www.eldigitaldeasturias.com\\\/noticias\\\/author\\\/admin\\\/#author\",\"url\":\"https:\\\/\\\/www.eldigitaldeasturias.com\\\/noticias\\\/author\\\/admin\\\/\",\"name\":\"El Digital de Asturias\",\"image\":{\"@type\":\"ImageObject\",\"@id\":\"https:\\\/\\\/www.eldigitaldeasturias.com\\\/noticias\\\/arias-canete-considera-que-el-veto-ruso-a-la-carne-de-porcino-no-se-justifica\\\/#authorImage\",\"url\":\"https:\\\/\\\/secure.gravatar.com\\\/avatar\\\/df2aeffc32bcd13f8d26072ef8a91b623d677766deac7f97ca815868cd41bf5e?s=96&d=mm&r=g\",\"width\":96,\"height\":96,\"caption\":\"El Digital de Asturias\"}},{\"@type\":\"WebPage\",\"@id\":\"https:\\\/\\\/www.eldigitaldeasturias.com\\\/noticias\\\/arias-canete-considera-que-el-veto-ruso-a-la-carne-de-porcino-no-se-justifica\\\/#webpage\",\"url\":\"https:\\\/\\\/www.eldigitaldeasturias.com\\\/noticias\\\/arias-canete-considera-que-el-veto-ruso-a-la-carne-de-porcino-no-se-justifica\\\/\",\"name\":\"Arias Ca\\u00f1ete considera que el veto ruso a la carne de porcino no se justifica - El Digital de Asturias\",\"description\":\"Argel, 6 feb (EFE).- El ministro de Agricultura espa\\u00f1ol, Miguel Arias Ca\\u00f1ete, declar\\u00f3 hoy a Efe que el veto impuesto por Rusia a toda la carne de cerdo proveniente de la UE, debido a un brote de peste porcina en Lituania, \\\"no se justifica\\\" y subray\\u00f3 que el Gobierno est\\u00e1 trabajando para levantarlo. \\\"Estamos trabajando\",\"inLanguage\":\"es-ES\",\"isPartOf\":{\"@id\":\"https:\\\/\\\/www.eldigitaldeasturias.com\\\/noticias\\\/#website\"},\"breadcrumb\":{\"@id\":\"https:\\\/\\\/www.eldigitaldeasturias.com\\\/noticias\\\/arias-canete-considera-que-el-veto-ruso-a-la-carne-de-porcino-no-se-justifica\\\/#breadcrumblist\"},\"author\":{\"@id\":\"https:\\\/\\\/www.eldigitaldeasturias.com\\\/noticias\\\/author\\\/admin\\\/#author\"},\"creator\":{\"@id\":\"https:\\\/\\\/www.eldigitaldeasturias.com\\\/noticias\\\/author\\\/admin\\\/#author\"},\"image\":{\"@type\":\"ImageObject\",\"url\":485472,\"@id\":\"https:\\\/\\\/www.eldigitaldeasturias.com\\\/noticias\\\/arias-canete-considera-que-el-veto-ruso-a-la-carne-de-porcino-no-se-justifica\\\/#mainImage\"},\"primaryImageOfPage\":{\"@id\":\"https:\\\/\\\/www.eldigitaldeasturias.com\\\/noticias\\\/arias-canete-considera-que-el-veto-ruso-a-la-carne-de-porcino-no-se-justifica\\\/#mainImage\"},\"datePublished\":\"2014-02-07T01:21:07+01:00\",\"dateModified\":\"2014-02-07T01:21:07+01:00\"},{\"@type\":\"WebSite\",\"@id\":\"https:\\\/\\\/www.eldigitaldeasturias.com\\\/noticias\\\/#website\",\"url\":\"https:\\\/\\\/www.eldigitaldeasturias.com\\\/noticias\\\/\",\"name\":\"El Digital de Asturias - Diario de actualidad y noticias\",\"alternateName\":\"El Digital de Asturias - Diario de actualidad y noticias\",\"description\":\"Hemeroteca\",\"inLanguage\":\"es-ES\",\"publisher\":{\"@id\":\"https:\\\/\\\/www.eldigitaldeasturias.com\\\/noticias\\\/#organization\"}}]}\n\t\t<\/script>\n\t\t<!-- All in One SEO Pro -->\r\n\t\t<title>Arias Ca\u00f1ete considera que el veto ruso a la carne de porcino no se justifica - El Digital de Asturias<\/title>\n\n","aioseo_head_json":{"title":"Arias Ca\u00f1ete considera que el veto ruso a la carne de porcino no se justifica - El Digital de Asturias","description":"Argel, 6 feb (EFE).- El ministro de Agricultura espa\u00f1ol, Miguel Arias Ca\u00f1ete, declar\u00f3 hoy a Efe que el veto impuesto por Rusia a toda la carne de cerdo proveniente de la UE, debido a un brote de peste porcina en Lituania, \"no se justifica\" y subray\u00f3 que el Gobierno est\u00e1 trabajando para levantarlo. \"Estamos trabajando","canonical_url":"https:\/\/www.eldigitaldeasturias.com\/noticias\/arias-canete-considera-que-el-veto-ruso-a-la-carne-de-porcino-no-se-justifica\/","robots":"max-image-preview:large","keywords":"actualidad","webmasterTools":{"google-site-verification":"UA-38556648-1","msvalidate.01":"7dfe9f3f1b24437ab69f4f2559babe99","miscellaneous":""},"schema":{"@context":"https:\/\/schema.org","@graph":[{"@type":"BlogPosting","@id":"https:\/\/www.eldigitaldeasturias.com\/noticias\/arias-canete-considera-que-el-veto-ruso-a-la-carne-de-porcino-no-se-justifica\/#blogposting","name":"Arias Ca\u00f1ete considera que el veto ruso a la carne de porcino no se justifica - El Digital de Asturias","headline":"Arias Ca\u00f1ete considera que el veto ruso a la carne de porcino no se justifica","author":{"@id":"https:\/\/www.eldigitaldeasturias.com\/noticias\/author\/admin\/#author"},"publisher":{"@id":"https:\/\/www.eldigitaldeasturias.com\/noticias\/#organization"},"image":{"@type":"ImageObject","url":485472},"datePublished":"2014-02-07T01:21:07+01:00","dateModified":"2014-02-07T01:21:07+01:00","inLanguage":"es-ES","mainEntityOfPage":{"@id":"https:\/\/www.eldigitaldeasturias.com\/noticias\/arias-canete-considera-que-el-veto-ruso-a-la-carne-de-porcino-no-se-justifica\/#webpage"},"isPartOf":{"@id":"https:\/\/www.eldigitaldeasturias.com\/noticias\/arias-canete-considera-que-el-veto-ruso-a-la-carne-de-porcino-no-se-justifica\/#webpage"},"articleSection":"Actualidad"},{"@type":"BreadcrumbList","@id":"https:\/\/www.eldigitaldeasturias.com\/noticias\/arias-canete-considera-que-el-veto-ruso-a-la-carne-de-porcino-no-se-justifica\/#breadcrumblist","itemListElement":[{"@type":"ListItem","@id":"https:\/\/www.eldigitaldeasturias.com\/noticias#listItem","position":1,"name":"Home","item":"https:\/\/www.eldigitaldeasturias.com\/noticias","nextItem":{"@type":"ListItem","@id":"https:\/\/www.eldigitaldeasturias.com\/noticias\/category\/actualidad\/#listItem","name":"Actualidad"}},{"@type":"ListItem","@id":"https:\/\/www.eldigitaldeasturias.com\/noticias\/category\/actualidad\/#listItem","position":2,"name":"Actualidad","item":"https:\/\/www.eldigitaldeasturias.com\/noticias\/category\/actualidad\/","nextItem":{"@type":"ListItem","@id":"https:\/\/www.eldigitaldeasturias.com\/noticias\/arias-canete-considera-que-el-veto-ruso-a-la-carne-de-porcino-no-se-justifica\/#listItem","name":"Arias Ca\u00f1ete considera que el veto ruso a la carne de porcino no se justifica"},"previousItem":{"@type":"ListItem","@id":"https:\/\/www.eldigitaldeasturias.com\/noticias#listItem","name":"Home"}},{"@type":"ListItem","@id":"https:\/\/www.eldigitaldeasturias.com\/noticias\/arias-canete-considera-que-el-veto-ruso-a-la-carne-de-porcino-no-se-justifica\/#listItem","position":3,"name":"Arias Ca\u00f1ete considera que el veto ruso a la carne de porcino no se justifica","previousItem":{"@type":"ListItem","@id":"https:\/\/www.eldigitaldeasturias.com\/noticias\/category\/actualidad\/#listItem","name":"Actualidad"}}]},{"@type":"Organization","@id":"https:\/\/www.eldigitaldeasturias.com\/noticias\/#organization","name":"El Digital de Asturias","description":"Hemeroteca","url":"https:\/\/www.eldigitaldeasturias.com\/noticias\/","email":"info@eldigitaldeasturias.com","telephone":"+34652131393","logo":{"@type":"ImageObject","url":"https:\/\/www.eldigitaldeasturias.com\/noticias\/wp-content\/uploads\/2020\/12\/EDA.jpg","@id":"https:\/\/www.eldigitaldeasturias.com\/noticias\/arias-canete-considera-que-el-veto-ruso-a-la-carne-de-porcino-no-se-justifica\/#organizationLogo"},"image":{"@id":"https:\/\/www.eldigitaldeasturias.com\/noticias\/arias-canete-considera-que-el-veto-ruso-a-la-carne-de-porcino-no-se-justifica\/#organizationLogo"},"sameAs":["https:\/\/facebook.com\/eldigitaldeasturias","https:\/\/www.youtube.com\/channel\/UCZP-2wLEB9Rv6erhFmqVnvg"],"address":{"@id":"https:\/\/www.eldigitaldeasturias.com\/noticias\/#postaladdress","@type":"PostalAddress","streetAddress":"san antonio 4","postalCode":"33430","addressLocality":"Cand\u00e1s","addressRegion":"Asturias","addressCountry":"ES"}},{"@type":"Person","@id":"https:\/\/www.eldigitaldeasturias.com\/noticias\/author\/admin\/#author","url":"https:\/\/www.eldigitaldeasturias.com\/noticias\/author\/admin\/","name":"El Digital de Asturias","image":{"@type":"ImageObject","@id":"https:\/\/www.eldigitaldeasturias.com\/noticias\/arias-canete-considera-que-el-veto-ruso-a-la-carne-de-porcino-no-se-justifica\/#authorImage","url":"https:\/\/secure.gravatar.com\/avatar\/df2aeffc32bcd13f8d26072ef8a91b623d677766deac7f97ca815868cd41bf5e?s=96&d=mm&r=g","width":96,"height":96,"caption":"El Digital de Asturias"}},{"@type":"WebPage","@id":"https:\/\/www.eldigitaldeasturias.com\/noticias\/arias-canete-considera-que-el-veto-ruso-a-la-carne-de-porcino-no-se-justifica\/#webpage","url":"https:\/\/www.eldigitaldeasturias.com\/noticias\/arias-canete-considera-que-el-veto-ruso-a-la-carne-de-porcino-no-se-justifica\/","name":"Arias Ca\u00f1ete considera que el veto ruso a la carne de porcino no se justifica - El Digital de Asturias","description":"Argel, 6 feb (EFE).- El ministro de Agricultura espa\u00f1ol, Miguel Arias Ca\u00f1ete, declar\u00f3 hoy a Efe que el veto impuesto por Rusia a toda la carne de cerdo proveniente de la UE, debido a un brote de peste porcina en Lituania, \"no se justifica\" y subray\u00f3 que el Gobierno est\u00e1 trabajando para levantarlo. \"Estamos trabajando","inLanguage":"es-ES","isPartOf":{"@id":"https:\/\/www.eldigitaldeasturias.com\/noticias\/#website"},"breadcrumb":{"@id":"https:\/\/www.eldigitaldeasturias.com\/noticias\/arias-canete-considera-que-el-veto-ruso-a-la-carne-de-porcino-no-se-justifica\/#breadcrumblist"},"author":{"@id":"https:\/\/www.eldigitaldeasturias.com\/noticias\/author\/admin\/#author"},"creator":{"@id":"https:\/\/www.eldigitaldeasturias.com\/noticias\/author\/admin\/#author"},"image":{"@type":"ImageObject","url":485472,"@id":"https:\/\/www.eldigitaldeasturias.com\/noticias\/arias-canete-considera-que-el-veto-ruso-a-la-carne-de-porcino-no-se-justifica\/#mainImage"},"primaryImageOfPage":{"@id":"https:\/\/www.eldigitaldeasturias.com\/noticias\/arias-canete-considera-que-el-veto-ruso-a-la-carne-de-porcino-no-se-justifica\/#mainImage"},"datePublished":"2014-02-07T01:21:07+01:00","dateModified":"2014-02-07T01:21:07+01:00"},{"@type":"WebSite","@id":"https:\/\/www.eldigitaldeasturias.com\/noticias\/#website","url":"https:\/\/www.eldigitaldeasturias.com\/noticias\/","name":"El Digital de Asturias - Diario de actualidad y noticias","alternateName":"El Digital de Asturias - Diario de actualidad y noticias","description":"Hemeroteca","inLanguage":"es-ES","publisher":{"@id":"https:\/\/www.eldigitaldeasturias.com\/noticias\/#organization"}}]},"og:locale":"es_ES","og:site_name":"El Digital de Asturias","og:type":"article","og:title":"Arias Ca\u00f1ete considera que el veto ruso a la carne de porcino no se justifica - El Digital de Asturias","og:description":"Argel, 6 feb (EFE).- El ministro de Agricultura espa\u00f1ol, Miguel Arias Ca\u00f1ete, declar\u00f3 hoy a Efe que el veto impuesto por Rusia a toda la carne de cerdo proveniente de la UE, debido a un brote de peste porcina en Lituania, &quot;no se justifica&quot; y subray\u00f3 que el Gobierno est\u00e1 trabajando para levantarlo. &quot;Estamos trabajando","og:url":"https:\/\/www.eldigitaldeasturias.com\/noticias\/arias-canete-considera-que-el-veto-ruso-a-la-carne-de-porcino-no-se-justifica\/","article:tag":["actualidad"],"article:published_time":"2014-02-07T02:21:07+00:00","article:modified_time":"2014-02-07T02:21:07+00:00","article:publisher":"https:\/\/facebook.com\/eldigitaldeasturias","twitter:card":"summary_large_image","twitter:title":"Arias Ca\u00f1ete considera que el veto ruso a la carne de porcino no se justifica - El Digital de Asturias","twitter:description":"Argel, 6 feb (EFE).- El ministro de Agricultura espa\u00f1ol, Miguel Arias Ca\u00f1ete, declar\u00f3 hoy a Efe que el veto impuesto por Rusia a toda la carne de cerdo proveniente de la UE, debido a un brote de peste porcina en Lituania, &quot;no se justifica&quot; y subray\u00f3 que el Gobierno est\u00e1 trabajando para levantarlo. &quot;Estamos trabajando","twitter:label1":"Escrito por","twitter:data1":"El Digital de Asturias","twitter:label2":"Tiempo de lectura estimado","twitter:data2":"1 minuto"},"aioseo_meta_data":{"post_id":"485471","title":null,"description":null,"keywords":null,"keyphrases":null,"primary_term":null,"canonical_url":null,"og_title":null,"og_description":null,"og_object_type":"default","og_image_type":"default","og_image_url":null,"og_image_width":null,"og_image_height":null,"og_image_custom_url":null,"og_image_custom_fields":null,"og_video":null,"og_custom_url":null,"og_article_section":null,"og_article_tags":null,"twitter_use_og":true,"twitter_card":"default","twitter_image_type":"default","twitter_image_url":null,"twitter_image_custom_url":null,"twitter_image_custom_fields":null,"twitter_title":null,"twitter_description":null,"schema":{"blockGraphs":[],"customGraphs":[],"default":{"data":{"Article":[],"Course":[],"Dataset":[],"FAQPage":[],"Movie":[],"Person":[],"Product":[],"ProductReview":[],"Car":[],"Recipe":[],"Service":[],"SoftwareApplication":[],"WebPage":[]},"graphName":"","isEnabled":true},"graphs":[],"defaultGraph":"","defaultPostTypeGraph":""},"schema_type":null,"schema_type_options":null,"pillar_content":false,"robots_default":true,"robots_noindex":false,"robots_noarchive":false,"robots_nosnippet":false,"robots_nofollow":false,"robots_noimageindex":false,"robots_noodp":false,"robots_notranslate":false,"robots_max_snippet":null,"robots_max_videopreview":null,"robots_max_imagepreview":"none","priority":null,"frequency":null,"local_seo":null,"seo_analyzer_scan_date":"2026-06-02 20:27:53","breadcrumb_settings":null,"limit_modified_date":false,"open_ai":null,"ai":null,"created":"2020-11-14 22:55:14","updated":"2026-06-02 20:27:53","focus_keyword":null,"additional_keywords":null,"truseo_locale":null},"aioseo_breadcrumb":"<div class=\"aioseo-breadcrumbs\"><span class=\"aioseo-breadcrumb\">\n\t<a href=\"https:\/\/www.eldigitaldeasturias.com\/noticias\" title=\"Home\">Home<\/a>\n<\/span><span class=\"aioseo-breadcrumb-separator\">\u2013<\/span><span class=\"aioseo-breadcrumb\">\n\t<a href=\"https:\/\/www.eldigitaldeasturias.com\/noticias\/category\/actualidad\/\" title=\"Actualidad\">Actualidad<\/a>\n<\/span><span class=\"aioseo-breadcrumb-separator\">\u2013<\/span><span class=\"aioseo-breadcrumb\">\n\t<a href=\"https:\/\/www.eldigitaldeasturias.com\/noticias\/arias-canete-considera-que-el-veto-ruso-a-la-carne-de-porcino-no-se-justifica\/\" title=\"Arias Ca\u00f1ete considera que el veto ruso a la carne de porcino no se justifica\">Arias Ca\u00f1ete considera que el veto ruso a la carne de porcino no se justifica<\/a>\n<\/span><\/div>","aioseo_breadcrumb_json":[{"label":"Home","link":"https:\/\/www.eldigitaldeasturias.com\/noticias"},{"label":"Actualidad","link":"https:\/\/www.eldigitaldeasturias.com\/noticias\/category\/actualidad\/"},{"label":"Arias Ca\u00f1ete considera que el veto ruso a la carne de porcino no se justifica","link":"https:\/\/www.eldigitaldeasturias.com\/noticias\/arias-canete-considera-que-el-veto-ruso-a-la-carne-de-porcino-no-se-justifica\/"}],"_links":{"self":[{"href":"https:\/\/www.eldigitaldeasturias.com\/noticias\/wp-json\/wp\/v2\/posts\/485471","targetHints":{"allow":["GET"]}}],"collection":[{"href":"https:\/\/www.eldigitaldeasturias.com\/noticias\/wp-json\/wp\/v2\/posts"}],"about":[{"href":"https:\/\/www.eldigitaldeasturias.com\/noticias\/wp-json\/wp\/v2\/types\/post"}],"author":[{"embeddable":true,"href":"https:\/\/www.eldigitaldeasturias.com\/noticias\/wp-json\/wp\/v2\/users\/1"}],"replies":[{"embeddable":true,"href":"https:\/\/www.eldigitaldeasturias.com\/noticias\/wp-json\/wp\/v2\/comments?post=485471"}],"version-history":[{"count":0,"href":"https:\/\/www.eldigitaldeasturias.com\/noticias\/wp-json\/wp\/v2\/posts\/485471\/revisions"}],"wp:attachment":[{"href":"https:\/\/www.eldigitaldeasturias.com\/noticias\/wp-json\/wp\/v2\/media?parent=485471"}],"wp:term":[{"taxonomy":"category","embeddable":true,"href":"https:\/\/www.eldigitaldeasturias.com\/noticias\/wp-json\/wp\/v2\/categories?post=485471"},{"taxonomy":"post_tag","embeddable":true,"href":"https:\/\/www.eldigitaldeasturias.com\/noticias\/wp-json\/wp\/v2\/tags?post=485471"}],"curies":[{"name":"wp","href":"https:\/\/api.w.org\/{rel}","templated":true}]}}