{"id":485450,"date":"2014-02-07T01:12:50","date_gmt":"2014-02-07T02:12:50","guid":{"rendered":"http:\/\/www.eldigitaldeasturias.com\/noticias\/?p=485450"},"modified":"2014-02-07T01:12:50","modified_gmt":"2014-02-07T02:12:50","slug":"cataluna-quiere-tener-sus-balanzas-en-dos-meses-y-celebra-que-reine-la-transparencia","status":"publish","type":"post","link":"https:\/\/www.eldigitaldeasturias.com\/noticias\/cataluna-quiere-tener-sus-balanzas-en-dos-meses-y-celebra-que-reine-la-transparencia\/","title":{"rendered":"Catalu\u00f1a quiere tener sus balanzas en dos meses y celebra que reine la transparencia"},"content":{"rendered":"<p><img loading=\"lazy\" decoding=\"async\" class=\"alignleft size-medium wp-image-485451\" alt=\"5916415w\" src=\"https:\/\/www.eldigitaldeasturias.com\/noticias\/wp-content\/uploads\/2014\/02\/5916415w-360x213.jpg\" width=\"360\" height=\"213\" \/>Barcelona, 6 feb (EFE).- El conseller de Econom\u00eda, Andreu Mas-Colell, ha dicho hoy que el grupo de expertos del Ejecutivo catal\u00e1n ya trabaja en el c\u00e1lculo de las balanzas fiscales de 2011, que tardar\u00e1 \u00abm\u00e1s de un mes, y posiblemente dos\u00bb en tenerlo, y ha celebrado que al final \u00abhaya reinado la transparencia\u00bb al respecto.<\/p>\n<p>En declaraciones a los periodistas despu\u00e9s de firmar un convenio con las universidades catalanas, Mas-Colell se ha referido as\u00ed a la decisi\u00f3n del Ministerio de Hacienda de publicar antes de finales de marzo los resultados del sistema de cuentas p\u00fablicas territorializadas de 2011, \u00faltimo ejercicio liquidado, incluyendo las denominadas balanzas fiscales.<\/p>\n<p>El economista e investigador del CSIC \u00c1ngel de la Fuente, uno de los tres acad\u00e9micos que dise\u00f1an la metodolog\u00eda de las cuentas p\u00fablicas territorializadas, ya avanz\u00f3 ayer que las balanzas fiscales situar\u00e1n el d\u00e9ficit catal\u00e1n en alrededor de los 11.000 millones, equivalente a un 5 % de su PIB, aplicando el m\u00e9todo de carga-beneficio, un c\u00e1lculo que Mas-Colell ha tildado de \u00abplausible\u00bb y \u00aben l\u00ednea\u00bb con las estimaciones del Govern.<\/p>\n<p>El conseller ha dejado claro que el Govern dar\u00e1 a conocer los c\u00e1lculos de sus balanzas por los dos m\u00e9todos -el de carga beneficio y el del flujo monetario-, y ha asegurado que los datos colgados en la web del ministerio son \u00abm\u00e1s completos\u00bb que los de ejercicios anteriores, dado que incluso se detallan las partidas territorializadas de empresas p\u00fablicas.<\/p>\n<p>Preguntado por el cambio de criterio del Ministerio de Hacienda, ha concluido: \u00abAl final la historia es bastante simple. En un tema tan importante no se pueden esconder los datos. Ten\u00edan que salir (&#8230;) Era inevitable. Tendr\u00eda que haber sido antes. Los datos son muy dif\u00edciles de esconder\u00bb.<\/p>\n","protected":false},"excerpt":{"rendered":"<p>Barcelona, 6 feb (EFE).- El conseller de Econom\u00eda, Andreu Mas-Colell, ha dicho hoy que el grupo de expertos del Ejecutivo catal\u00e1n ya trabaja en el c\u00e1lculo de las balanzas fiscales de 2011, que tardar\u00e1 \u00abm\u00e1s de un mes, y posiblemente dos\u00bb en tenerlo, y ha celebrado que al final \u00abhaya reinado la transparencia\u00bb al respecto. [&hellip;]<\/p>\n","protected":false},"author":1,"featured_media":485451,"comment_status":"closed","ping_status":"open","sticky":false,"template":"","format":"standard","meta":{"footnotes":""},"categories":[1],"tags":[],"class_list":["post-485450","post","type-post","status-publish","format-standard","has-post-thumbnail","hentry","category-actualidad"],"aioseo_notices":[],"aioseo_head":"\n\t\t<!-- All in One SEO Pro 5.0.1 - aioseo.com -->\n\t<meta name=\"description\" content=\"Barcelona, 6 feb (EFE).- El conseller de Econom\u00eda, Andreu Mas-Colell, ha dicho hoy que el grupo de expertos del Ejecutivo catal\u00e1n ya trabaja en el c\u00e1lculo de las balanzas fiscales de 2011, que tardar\u00e1 &quot;m\u00e1s de un mes, y posiblemente dos&quot; en tenerlo, y ha celebrado que al final &quot;haya reinado la transparencia&quot; al respecto.\" \/>\n\t<meta name=\"robots\" content=\"max-image-preview:large\" \/>\n\t<meta name=\"author\" content=\"El Digital de Asturias\"\/>\n\t<meta name=\"google-site-verification\" content=\"UA-38556648-1\" \/>\n\t<meta name=\"msvalidate.01\" content=\"7dfe9f3f1b24437ab69f4f2559babe99\" \/>\n\t<meta name=\"keywords\" content=\"actualidad\" \/>\n\t<link rel=\"canonical\" href=\"https:\/\/www.eldigitaldeasturias.com\/noticias\/cataluna-quiere-tener-sus-balanzas-en-dos-meses-y-celebra-que-reine-la-transparencia\/\" \/>\n\t<meta name=\"generator\" content=\"All in One SEO Pro (AIOSEO) 5.0.1\" \/>\n\t\t<meta property=\"og:locale\" content=\"es_ES\" \/>\n\t\t<meta property=\"og:site_name\" content=\"El Digital de Asturias\" \/>\n\t\t<meta property=\"og:type\" content=\"article\" \/>\n\t\t<meta property=\"og:title\" content=\"Catalu\u00f1a quiere tener sus balanzas en dos meses y celebra que reine la transparencia - El Digital de Asturias\" \/>\n\t\t<meta property=\"og:description\" content=\"Barcelona, 6 feb (EFE).- El conseller de Econom\u00eda, Andreu Mas-Colell, ha dicho hoy que el grupo de expertos del Ejecutivo catal\u00e1n ya trabaja en el c\u00e1lculo de las balanzas fiscales de 2011, que tardar\u00e1 &quot;m\u00e1s de un mes, y posiblemente dos&quot; en tenerlo, y ha celebrado que al final &quot;haya reinado la transparencia&quot; al respecto.\" \/>\n\t\t<meta property=\"og:url\" content=\"https:\/\/www.eldigitaldeasturias.com\/noticias\/cataluna-quiere-tener-sus-balanzas-en-dos-meses-y-celebra-que-reine-la-transparencia\/\" \/>\n\t\t<meta property=\"article:tag\" content=\"actualidad\" \/>\n\t\t<meta property=\"article:published_time\" content=\"2014-02-07T02:12:50+00:00\" \/>\n\t\t<meta property=\"article:modified_time\" content=\"2014-02-07T02:12:50+00:00\" \/>\n\t\t<meta property=\"article:publisher\" content=\"https:\/\/facebook.com\/eldigitaldeasturias\" \/>\n\t\t<meta name=\"twitter:card\" content=\"summary_large_image\" \/>\n\t\t<meta name=\"twitter:title\" content=\"Catalu\u00f1a quiere tener sus balanzas en dos meses y celebra que reine la transparencia - El Digital de Asturias\" \/>\n\t\t<meta name=\"twitter:description\" content=\"Barcelona, 6 feb (EFE).- El conseller de Econom\u00eda, Andreu Mas-Colell, ha dicho hoy que el grupo de expertos del Ejecutivo catal\u00e1n ya trabaja en el c\u00e1lculo de las balanzas fiscales de 2011, que tardar\u00e1 &quot;m\u00e1s de un mes, y posiblemente dos&quot; en tenerlo, y ha celebrado que al final &quot;haya reinado la transparencia&quot; al respecto.\" \/>\n\t\t<meta name=\"twitter:label1\" content=\"Escrito por\" \/>\n\t\t<meta name=\"twitter:data1\" content=\"El Digital de Asturias\" \/>\n\t\t<meta name=\"twitter:label2\" content=\"Tiempo de lectura estimado\" \/>\n\t\t<meta name=\"twitter:data2\" content=\"2 minutos\" \/>\n\t\t<script type=\"application\/ld+json\" class=\"aioseo-schema\">\n\t\t\t{\"@context\":\"https:\\\/\\\/schema.org\",\"@graph\":[{\"@type\":\"BlogPosting\",\"@id\":\"https:\\\/\\\/www.eldigitaldeasturias.com\\\/noticias\\\/cataluna-quiere-tener-sus-balanzas-en-dos-meses-y-celebra-que-reine-la-transparencia\\\/#blogposting\",\"name\":\"Catalu\\u00f1a quiere tener sus balanzas en dos meses y celebra que reine la transparencia - El Digital de Asturias\",\"headline\":\"Catalu\\u00f1a quiere tener sus balanzas en dos meses y celebra que reine la transparencia\",\"author\":{\"@id\":\"https:\\\/\\\/www.eldigitaldeasturias.com\\\/noticias\\\/author\\\/admin\\\/#author\"},\"publisher\":{\"@id\":\"https:\\\/\\\/www.eldigitaldeasturias.com\\\/noticias\\\/#organization\"},\"image\":{\"@type\":\"ImageObject\",\"url\":485451},\"datePublished\":\"2014-02-07T01:12:50+01:00\",\"dateModified\":\"2014-02-07T01:12:50+01:00\",\"inLanguage\":\"es-ES\",\"mainEntityOfPage\":{\"@id\":\"https:\\\/\\\/www.eldigitaldeasturias.com\\\/noticias\\\/cataluna-quiere-tener-sus-balanzas-en-dos-meses-y-celebra-que-reine-la-transparencia\\\/#webpage\"},\"isPartOf\":{\"@id\":\"https:\\\/\\\/www.eldigitaldeasturias.com\\\/noticias\\\/cataluna-quiere-tener-sus-balanzas-en-dos-meses-y-celebra-que-reine-la-transparencia\\\/#webpage\"},\"articleSection\":\"Actualidad\"},{\"@type\":\"BreadcrumbList\",\"@id\":\"https:\\\/\\\/www.eldigitaldeasturias.com\\\/noticias\\\/cataluna-quiere-tener-sus-balanzas-en-dos-meses-y-celebra-que-reine-la-transparencia\\\/#breadcrumblist\",\"itemListElement\":[{\"@type\":\"ListItem\",\"@id\":\"https:\\\/\\\/www.eldigitaldeasturias.com\\\/noticias#listItem\",\"position\":1,\"name\":\"Home\",\"item\":\"https:\\\/\\\/www.eldigitaldeasturias.com\\\/noticias\",\"nextItem\":{\"@type\":\"ListItem\",\"@id\":\"https:\\\/\\\/www.eldigitaldeasturias.com\\\/noticias\\\/category\\\/actualidad\\\/#listItem\",\"name\":\"Actualidad\"}},{\"@type\":\"ListItem\",\"@id\":\"https:\\\/\\\/www.eldigitaldeasturias.com\\\/noticias\\\/category\\\/actualidad\\\/#listItem\",\"position\":2,\"name\":\"Actualidad\",\"item\":\"https:\\\/\\\/www.eldigitaldeasturias.com\\\/noticias\\\/category\\\/actualidad\\\/\",\"nextItem\":{\"@type\":\"ListItem\",\"@id\":\"https:\\\/\\\/www.eldigitaldeasturias.com\\\/noticias\\\/cataluna-quiere-tener-sus-balanzas-en-dos-meses-y-celebra-que-reine-la-transparencia\\\/#listItem\",\"name\":\"Catalu\\u00f1a quiere tener sus balanzas en dos meses y celebra que reine la transparencia\"},\"previousItem\":{\"@type\":\"ListItem\",\"@id\":\"https:\\\/\\\/www.eldigitaldeasturias.com\\\/noticias#listItem\",\"name\":\"Home\"}},{\"@type\":\"ListItem\",\"@id\":\"https:\\\/\\\/www.eldigitaldeasturias.com\\\/noticias\\\/cataluna-quiere-tener-sus-balanzas-en-dos-meses-y-celebra-que-reine-la-transparencia\\\/#listItem\",\"position\":3,\"name\":\"Catalu\\u00f1a quiere tener sus balanzas en dos meses y celebra que reine la transparencia\",\"previousItem\":{\"@type\":\"ListItem\",\"@id\":\"https:\\\/\\\/www.eldigitaldeasturias.com\\\/noticias\\\/category\\\/actualidad\\\/#listItem\",\"name\":\"Actualidad\"}}]},{\"@type\":\"Organization\",\"@id\":\"https:\\\/\\\/www.eldigitaldeasturias.com\\\/noticias\\\/#organization\",\"name\":\"El Digital de Asturias\",\"description\":\"Hemeroteca\",\"url\":\"https:\\\/\\\/www.eldigitaldeasturias.com\\\/noticias\\\/\",\"email\":\"info@eldigitaldeasturias.com\",\"telephone\":\"+34652131393\",\"logo\":{\"@type\":\"ImageObject\",\"url\":\"https:\\\/\\\/www.eldigitaldeasturias.com\\\/noticias\\\/wp-content\\\/uploads\\\/2020\\\/12\\\/EDA.jpg\",\"@id\":\"https:\\\/\\\/www.eldigitaldeasturias.com\\\/noticias\\\/cataluna-quiere-tener-sus-balanzas-en-dos-meses-y-celebra-que-reine-la-transparencia\\\/#organizationLogo\"},\"image\":{\"@id\":\"https:\\\/\\\/www.eldigitaldeasturias.com\\\/noticias\\\/cataluna-quiere-tener-sus-balanzas-en-dos-meses-y-celebra-que-reine-la-transparencia\\\/#organizationLogo\"},\"sameAs\":[\"https:\\\/\\\/facebook.com\\\/eldigitaldeasturias\",\"https:\\\/\\\/www.youtube.com\\\/channel\\\/UCZP-2wLEB9Rv6erhFmqVnvg\"],\"address\":{\"@id\":\"https:\\\/\\\/www.eldigitaldeasturias.com\\\/noticias\\\/#postaladdress\",\"@type\":\"PostalAddress\",\"streetAddress\":\"san antonio 4\",\"postalCode\":\"33430\",\"addressLocality\":\"Cand\\u00e1s\",\"addressRegion\":\"Asturias\",\"addressCountry\":\"ES\"}},{\"@type\":\"Person\",\"@id\":\"https:\\\/\\\/www.eldigitaldeasturias.com\\\/noticias\\\/author\\\/admin\\\/#author\",\"url\":\"https:\\\/\\\/www.eldigitaldeasturias.com\\\/noticias\\\/author\\\/admin\\\/\",\"name\":\"El Digital de Asturias\",\"image\":{\"@type\":\"ImageObject\",\"@id\":\"https:\\\/\\\/www.eldigitaldeasturias.com\\\/noticias\\\/cataluna-quiere-tener-sus-balanzas-en-dos-meses-y-celebra-que-reine-la-transparencia\\\/#authorImage\",\"url\":\"https:\\\/\\\/secure.gravatar.com\\\/avatar\\\/df2aeffc32bcd13f8d26072ef8a91b623d677766deac7f97ca815868cd41bf5e?s=96&d=mm&r=g\",\"width\":96,\"height\":96,\"caption\":\"El Digital de Asturias\"}},{\"@type\":\"WebPage\",\"@id\":\"https:\\\/\\\/www.eldigitaldeasturias.com\\\/noticias\\\/cataluna-quiere-tener-sus-balanzas-en-dos-meses-y-celebra-que-reine-la-transparencia\\\/#webpage\",\"url\":\"https:\\\/\\\/www.eldigitaldeasturias.com\\\/noticias\\\/cataluna-quiere-tener-sus-balanzas-en-dos-meses-y-celebra-que-reine-la-transparencia\\\/\",\"name\":\"Catalu\\u00f1a quiere tener sus balanzas en dos meses y celebra que reine la transparencia - El Digital de Asturias\",\"description\":\"Barcelona, 6 feb (EFE).- El conseller de Econom\\u00eda, Andreu Mas-Colell, ha dicho hoy que el grupo de expertos del Ejecutivo catal\\u00e1n ya trabaja en el c\\u00e1lculo de las balanzas fiscales de 2011, que tardar\\u00e1 \\\"m\\u00e1s de un mes, y posiblemente dos\\\" en tenerlo, y ha celebrado que al final \\\"haya reinado la transparencia\\\" al respecto.\",\"inLanguage\":\"es-ES\",\"isPartOf\":{\"@id\":\"https:\\\/\\\/www.eldigitaldeasturias.com\\\/noticias\\\/#website\"},\"breadcrumb\":{\"@id\":\"https:\\\/\\\/www.eldigitaldeasturias.com\\\/noticias\\\/cataluna-quiere-tener-sus-balanzas-en-dos-meses-y-celebra-que-reine-la-transparencia\\\/#breadcrumblist\"},\"author\":{\"@id\":\"https:\\\/\\\/www.eldigitaldeasturias.com\\\/noticias\\\/author\\\/admin\\\/#author\"},\"creator\":{\"@id\":\"https:\\\/\\\/www.eldigitaldeasturias.com\\\/noticias\\\/author\\\/admin\\\/#author\"},\"image\":{\"@type\":\"ImageObject\",\"url\":485451,\"@id\":\"https:\\\/\\\/www.eldigitaldeasturias.com\\\/noticias\\\/cataluna-quiere-tener-sus-balanzas-en-dos-meses-y-celebra-que-reine-la-transparencia\\\/#mainImage\"},\"primaryImageOfPage\":{\"@id\":\"https:\\\/\\\/www.eldigitaldeasturias.com\\\/noticias\\\/cataluna-quiere-tener-sus-balanzas-en-dos-meses-y-celebra-que-reine-la-transparencia\\\/#mainImage\"},\"datePublished\":\"2014-02-07T01:12:50+01:00\",\"dateModified\":\"2014-02-07T01:12:50+01:00\"},{\"@type\":\"WebSite\",\"@id\":\"https:\\\/\\\/www.eldigitaldeasturias.com\\\/noticias\\\/#website\",\"url\":\"https:\\\/\\\/www.eldigitaldeasturias.com\\\/noticias\\\/\",\"name\":\"El Digital de Asturias - Diario de actualidad y noticias\",\"alternateName\":\"El Digital de Asturias - Diario de actualidad y noticias\",\"description\":\"Hemeroteca\",\"inLanguage\":\"es-ES\",\"publisher\":{\"@id\":\"https:\\\/\\\/www.eldigitaldeasturias.com\\\/noticias\\\/#organization\"}}]}\n\t\t<\/script>\n\t\t<!-- All in One SEO Pro -->\r\n\t\t<title>Catalu\u00f1a quiere tener sus balanzas en dos meses y celebra que reine la transparencia - El Digital de Asturias<\/title>\n\n","aioseo_head_json":{"title":"Catalu\u00f1a quiere tener sus balanzas en dos meses y celebra que reine la transparencia - El Digital de Asturias","description":"Barcelona, 6 feb (EFE).- El conseller de Econom\u00eda, Andreu Mas-Colell, ha dicho hoy que el grupo de expertos del Ejecutivo catal\u00e1n ya trabaja en el c\u00e1lculo de las balanzas fiscales de 2011, que tardar\u00e1 \"m\u00e1s de un mes, y posiblemente dos\" en tenerlo, y ha celebrado que al final \"haya reinado la transparencia\" al respecto.","canonical_url":"https:\/\/www.eldigitaldeasturias.com\/noticias\/cataluna-quiere-tener-sus-balanzas-en-dos-meses-y-celebra-que-reine-la-transparencia\/","robots":"max-image-preview:large","keywords":"actualidad","webmasterTools":{"google-site-verification":"UA-38556648-1","msvalidate.01":"7dfe9f3f1b24437ab69f4f2559babe99","miscellaneous":""},"schema":{"@context":"https:\/\/schema.org","@graph":[{"@type":"BlogPosting","@id":"https:\/\/www.eldigitaldeasturias.com\/noticias\/cataluna-quiere-tener-sus-balanzas-en-dos-meses-y-celebra-que-reine-la-transparencia\/#blogposting","name":"Catalu\u00f1a quiere tener sus balanzas en dos meses y celebra que reine la transparencia - El Digital de Asturias","headline":"Catalu\u00f1a quiere tener sus balanzas en dos meses y celebra que reine la transparencia","author":{"@id":"https:\/\/www.eldigitaldeasturias.com\/noticias\/author\/admin\/#author"},"publisher":{"@id":"https:\/\/www.eldigitaldeasturias.com\/noticias\/#organization"},"image":{"@type":"ImageObject","url":485451},"datePublished":"2014-02-07T01:12:50+01:00","dateModified":"2014-02-07T01:12:50+01:00","inLanguage":"es-ES","mainEntityOfPage":{"@id":"https:\/\/www.eldigitaldeasturias.com\/noticias\/cataluna-quiere-tener-sus-balanzas-en-dos-meses-y-celebra-que-reine-la-transparencia\/#webpage"},"isPartOf":{"@id":"https:\/\/www.eldigitaldeasturias.com\/noticias\/cataluna-quiere-tener-sus-balanzas-en-dos-meses-y-celebra-que-reine-la-transparencia\/#webpage"},"articleSection":"Actualidad"},{"@type":"BreadcrumbList","@id":"https:\/\/www.eldigitaldeasturias.com\/noticias\/cataluna-quiere-tener-sus-balanzas-en-dos-meses-y-celebra-que-reine-la-transparencia\/#breadcrumblist","itemListElement":[{"@type":"ListItem","@id":"https:\/\/www.eldigitaldeasturias.com\/noticias#listItem","position":1,"name":"Home","item":"https:\/\/www.eldigitaldeasturias.com\/noticias","nextItem":{"@type":"ListItem","@id":"https:\/\/www.eldigitaldeasturias.com\/noticias\/category\/actualidad\/#listItem","name":"Actualidad"}},{"@type":"ListItem","@id":"https:\/\/www.eldigitaldeasturias.com\/noticias\/category\/actualidad\/#listItem","position":2,"name":"Actualidad","item":"https:\/\/www.eldigitaldeasturias.com\/noticias\/category\/actualidad\/","nextItem":{"@type":"ListItem","@id":"https:\/\/www.eldigitaldeasturias.com\/noticias\/cataluna-quiere-tener-sus-balanzas-en-dos-meses-y-celebra-que-reine-la-transparencia\/#listItem","name":"Catalu\u00f1a quiere tener sus balanzas en dos meses y celebra que reine la transparencia"},"previousItem":{"@type":"ListItem","@id":"https:\/\/www.eldigitaldeasturias.com\/noticias#listItem","name":"Home"}},{"@type":"ListItem","@id":"https:\/\/www.eldigitaldeasturias.com\/noticias\/cataluna-quiere-tener-sus-balanzas-en-dos-meses-y-celebra-que-reine-la-transparencia\/#listItem","position":3,"name":"Catalu\u00f1a quiere tener sus balanzas en dos meses y celebra que reine la transparencia","previousItem":{"@type":"ListItem","@id":"https:\/\/www.eldigitaldeasturias.com\/noticias\/category\/actualidad\/#listItem","name":"Actualidad"}}]},{"@type":"Organization","@id":"https:\/\/www.eldigitaldeasturias.com\/noticias\/#organization","name":"El Digital de Asturias","description":"Hemeroteca","url":"https:\/\/www.eldigitaldeasturias.com\/noticias\/","email":"info@eldigitaldeasturias.com","telephone":"+34652131393","logo":{"@type":"ImageObject","url":"https:\/\/www.eldigitaldeasturias.com\/noticias\/wp-content\/uploads\/2020\/12\/EDA.jpg","@id":"https:\/\/www.eldigitaldeasturias.com\/noticias\/cataluna-quiere-tener-sus-balanzas-en-dos-meses-y-celebra-que-reine-la-transparencia\/#organizationLogo"},"image":{"@id":"https:\/\/www.eldigitaldeasturias.com\/noticias\/cataluna-quiere-tener-sus-balanzas-en-dos-meses-y-celebra-que-reine-la-transparencia\/#organizationLogo"},"sameAs":["https:\/\/facebook.com\/eldigitaldeasturias","https:\/\/www.youtube.com\/channel\/UCZP-2wLEB9Rv6erhFmqVnvg"],"address":{"@id":"https:\/\/www.eldigitaldeasturias.com\/noticias\/#postaladdress","@type":"PostalAddress","streetAddress":"san antonio 4","postalCode":"33430","addressLocality":"Cand\u00e1s","addressRegion":"Asturias","addressCountry":"ES"}},{"@type":"Person","@id":"https:\/\/www.eldigitaldeasturias.com\/noticias\/author\/admin\/#author","url":"https:\/\/www.eldigitaldeasturias.com\/noticias\/author\/admin\/","name":"El Digital de Asturias","image":{"@type":"ImageObject","@id":"https:\/\/www.eldigitaldeasturias.com\/noticias\/cataluna-quiere-tener-sus-balanzas-en-dos-meses-y-celebra-que-reine-la-transparencia\/#authorImage","url":"https:\/\/secure.gravatar.com\/avatar\/df2aeffc32bcd13f8d26072ef8a91b623d677766deac7f97ca815868cd41bf5e?s=96&d=mm&r=g","width":96,"height":96,"caption":"El Digital de Asturias"}},{"@type":"WebPage","@id":"https:\/\/www.eldigitaldeasturias.com\/noticias\/cataluna-quiere-tener-sus-balanzas-en-dos-meses-y-celebra-que-reine-la-transparencia\/#webpage","url":"https:\/\/www.eldigitaldeasturias.com\/noticias\/cataluna-quiere-tener-sus-balanzas-en-dos-meses-y-celebra-que-reine-la-transparencia\/","name":"Catalu\u00f1a quiere tener sus balanzas en dos meses y celebra que reine la transparencia - El Digital de Asturias","description":"Barcelona, 6 feb (EFE).- El conseller de Econom\u00eda, Andreu Mas-Colell, ha dicho hoy que el grupo de expertos del Ejecutivo catal\u00e1n ya trabaja en el c\u00e1lculo de las balanzas fiscales de 2011, que tardar\u00e1 \"m\u00e1s de un mes, y posiblemente dos\" en tenerlo, y ha celebrado que al final \"haya reinado la transparencia\" al respecto.","inLanguage":"es-ES","isPartOf":{"@id":"https:\/\/www.eldigitaldeasturias.com\/noticias\/#website"},"breadcrumb":{"@id":"https:\/\/www.eldigitaldeasturias.com\/noticias\/cataluna-quiere-tener-sus-balanzas-en-dos-meses-y-celebra-que-reine-la-transparencia\/#breadcrumblist"},"author":{"@id":"https:\/\/www.eldigitaldeasturias.com\/noticias\/author\/admin\/#author"},"creator":{"@id":"https:\/\/www.eldigitaldeasturias.com\/noticias\/author\/admin\/#author"},"image":{"@type":"ImageObject","url":485451,"@id":"https:\/\/www.eldigitaldeasturias.com\/noticias\/cataluna-quiere-tener-sus-balanzas-en-dos-meses-y-celebra-que-reine-la-transparencia\/#mainImage"},"primaryImageOfPage":{"@id":"https:\/\/www.eldigitaldeasturias.com\/noticias\/cataluna-quiere-tener-sus-balanzas-en-dos-meses-y-celebra-que-reine-la-transparencia\/#mainImage"},"datePublished":"2014-02-07T01:12:50+01:00","dateModified":"2014-02-07T01:12:50+01:00"},{"@type":"WebSite","@id":"https:\/\/www.eldigitaldeasturias.com\/noticias\/#website","url":"https:\/\/www.eldigitaldeasturias.com\/noticias\/","name":"El Digital de Asturias - Diario de actualidad y noticias","alternateName":"El Digital de Asturias - Diario de actualidad y noticias","description":"Hemeroteca","inLanguage":"es-ES","publisher":{"@id":"https:\/\/www.eldigitaldeasturias.com\/noticias\/#organization"}}]},"og:locale":"es_ES","og:site_name":"El Digital de Asturias","og:type":"article","og:title":"Catalu\u00f1a quiere tener sus balanzas en dos meses y celebra que reine la transparencia - El Digital de Asturias","og:description":"Barcelona, 6 feb (EFE).- El conseller de Econom\u00eda, Andreu Mas-Colell, ha dicho hoy que el grupo de expertos del Ejecutivo catal\u00e1n ya trabaja en el c\u00e1lculo de las balanzas fiscales de 2011, que tardar\u00e1 &quot;m\u00e1s de un mes, y posiblemente dos&quot; en tenerlo, y ha celebrado que al final &quot;haya reinado la transparencia&quot; al respecto.","og:url":"https:\/\/www.eldigitaldeasturias.com\/noticias\/cataluna-quiere-tener-sus-balanzas-en-dos-meses-y-celebra-que-reine-la-transparencia\/","article:tag":["actualidad"],"article:published_time":"2014-02-07T02:12:50+00:00","article:modified_time":"2014-02-07T02:12:50+00:00","article:publisher":"https:\/\/facebook.com\/eldigitaldeasturias","twitter:card":"summary_large_image","twitter:title":"Catalu\u00f1a quiere tener sus balanzas en dos meses y celebra que reine la transparencia - El Digital de Asturias","twitter:description":"Barcelona, 6 feb (EFE).- El conseller de Econom\u00eda, Andreu Mas-Colell, ha dicho hoy que el grupo de expertos del Ejecutivo catal\u00e1n ya trabaja en el c\u00e1lculo de las balanzas fiscales de 2011, que tardar\u00e1 &quot;m\u00e1s de un mes, y posiblemente dos&quot; en tenerlo, y ha celebrado que al final &quot;haya reinado la transparencia&quot; al respecto.","twitter:label1":"Escrito por","twitter:data1":"El Digital de Asturias","twitter:label2":"Tiempo de lectura estimado","twitter:data2":"2 minutos"},"aioseo_meta_data":{"post_id":"485450","title":null,"description":null,"keywords":null,"keyphrases":null,"primary_term":null,"canonical_url":null,"og_title":null,"og_description":null,"og_object_type":"default","og_image_type":"default","og_image_url":null,"og_image_width":null,"og_image_height":null,"og_image_custom_url":null,"og_image_custom_fields":null,"og_video":null,"og_custom_url":null,"og_article_section":null,"og_article_tags":null,"twitter_use_og":true,"twitter_card":"default","twitter_image_type":"default","twitter_image_url":null,"twitter_image_custom_url":null,"twitter_image_custom_fields":null,"twitter_title":null,"twitter_description":null,"schema":{"blockGraphs":[],"customGraphs":[],"default":{"data":{"Article":[],"Course":[],"Dataset":[],"FAQPage":[],"Movie":[],"Person":[],"Product":[],"ProductReview":[],"Car":[],"Recipe":[],"Service":[],"SoftwareApplication":[],"WebPage":[]},"graphName":"","isEnabled":true},"graphs":[],"defaultGraph":"","defaultPostTypeGraph":""},"schema_type":null,"schema_type_options":null,"pillar_content":false,"robots_default":true,"robots_noindex":false,"robots_noarchive":false,"robots_nosnippet":false,"robots_nofollow":false,"robots_noimageindex":false,"robots_noodp":false,"robots_notranslate":false,"robots_max_snippet":null,"robots_max_videopreview":null,"robots_max_imagepreview":"none","priority":null,"frequency":null,"local_seo":null,"seo_analyzer_scan_date":"2026-06-02 20:21:49","breadcrumb_settings":null,"limit_modified_date":false,"open_ai":null,"ai":null,"created":"2020-11-14 22:55:14","updated":"2026-06-02 20:21:49","focus_keyword":null,"additional_keywords":null,"truseo_locale":null},"aioseo_breadcrumb":"<div class=\"aioseo-breadcrumbs\"><span class=\"aioseo-breadcrumb\">\n\t<a href=\"https:\/\/www.eldigitaldeasturias.com\/noticias\" title=\"Home\">Home<\/a>\n<\/span><span class=\"aioseo-breadcrumb-separator\">\u2013<\/span><span class=\"aioseo-breadcrumb\">\n\t<a href=\"https:\/\/www.eldigitaldeasturias.com\/noticias\/category\/actualidad\/\" title=\"Actualidad\">Actualidad<\/a>\n<\/span><span class=\"aioseo-breadcrumb-separator\">\u2013<\/span><span class=\"aioseo-breadcrumb\">\n\t<a href=\"https:\/\/www.eldigitaldeasturias.com\/noticias\/cataluna-quiere-tener-sus-balanzas-en-dos-meses-y-celebra-que-reine-la-transparencia\/\" title=\"Catalu\u00f1a quiere tener sus balanzas en dos meses y celebra que reine la transparencia\">Catalu\u00f1a quiere tener sus balanzas en dos meses y celebra que reine la transparencia<\/a>\n<\/span><\/div>","aioseo_breadcrumb_json":[{"label":"Home","link":"https:\/\/www.eldigitaldeasturias.com\/noticias"},{"label":"Actualidad","link":"https:\/\/www.eldigitaldeasturias.com\/noticias\/category\/actualidad\/"},{"label":"Catalu\u00f1a quiere tener sus balanzas en dos meses y celebra que reine la transparencia","link":"https:\/\/www.eldigitaldeasturias.com\/noticias\/cataluna-quiere-tener-sus-balanzas-en-dos-meses-y-celebra-que-reine-la-transparencia\/"}],"_links":{"self":[{"href":"https:\/\/www.eldigitaldeasturias.com\/noticias\/wp-json\/wp\/v2\/posts\/485450","targetHints":{"allow":["GET"]}}],"collection":[{"href":"https:\/\/www.eldigitaldeasturias.com\/noticias\/wp-json\/wp\/v2\/posts"}],"about":[{"href":"https:\/\/www.eldigitaldeasturias.com\/noticias\/wp-json\/wp\/v2\/types\/post"}],"author":[{"embeddable":true,"href":"https:\/\/www.eldigitaldeasturias.com\/noticias\/wp-json\/wp\/v2\/users\/1"}],"replies":[{"embeddable":true,"href":"https:\/\/www.eldigitaldeasturias.com\/noticias\/wp-json\/wp\/v2\/comments?post=485450"}],"version-history":[{"count":0,"href":"https:\/\/www.eldigitaldeasturias.com\/noticias\/wp-json\/wp\/v2\/posts\/485450\/revisions"}],"wp:attachment":[{"href":"https:\/\/www.eldigitaldeasturias.com\/noticias\/wp-json\/wp\/v2\/media?parent=485450"}],"wp:term":[{"taxonomy":"category","embeddable":true,"href":"https:\/\/www.eldigitaldeasturias.com\/noticias\/wp-json\/wp\/v2\/categories?post=485450"},{"taxonomy":"post_tag","embeddable":true,"href":"https:\/\/www.eldigitaldeasturias.com\/noticias\/wp-json\/wp\/v2\/tags?post=485450"}],"curies":[{"name":"wp","href":"https:\/\/api.w.org\/{rel}","templated":true}]}}