{"id":485414,"date":"2014-02-07T00:59:31","date_gmt":"2014-02-07T01:59:31","guid":{"rendered":"http:\/\/www.eldigitaldeasturias.com\/noticias\/?p=485414"},"modified":"2014-02-07T00:59:31","modified_gmt":"2014-02-07T01:59:31","slug":"pedrosa-dice-que-en-general-esta-contento-porque-han-progresado-con-la-puesta-a-punto","status":"publish","type":"post","link":"https:\/\/www.eldigitaldeasturias.com\/noticias\/pedrosa-dice-que-en-general-esta-contento-porque-han-progresado-con-la-puesta-a-punto\/","title":{"rendered":"Pedrosa dice que en general est\u00e1 contento porque han progresado \u00abcon la puesta a punto\u00bb"},"content":{"rendered":"<p><img loading=\"lazy\" decoding=\"async\" class=\"alignleft size-medium wp-image-485415\" alt=\"5917136w\" src=\"https:\/\/www.eldigitaldeasturias.com\/noticias\/wp-content\/uploads\/2014\/02\/5917136w-360x239.jpg\" width=\"360\" height=\"239\" \/>Redacci\u00f3n deportes, 6 feb (EFE).- El espa\u00f1ol Dani Pedrosa (Repsol Honda RC 213 V), concluy\u00f3 sexto los primeros entrenamientos de la temporada en el circuito malayo de Sepang, por lo que indic\u00f3 que \u00aben general\u00bb estaba \u00abcontento\u00bb y hab\u00eda \u00abprogresado con la puesta a punto\u00bb.<\/p>\n<p>\u00abEn esta tercera jornada nos hemos centrado en el chasis para intentar ganar m\u00e1s agarre en la parte trasera de la moto y creo que hemos progresado bastante\u00bb, dijo en la nota de prensa del equipo Repsol, para a\u00f1adir: \u00abpor la ma\u00f1ana, hemos tenido alg\u00fan problema con los frenos de las dos motos que nos ha hecho perder mucho tiempo en el momento del d\u00eda en que se puede hacer la vuelta r\u00e1pida\u00bb.<\/p>\n<p>\u00abPensando en los pr\u00f3ximos entrenamientos de Sepang, s\u00f3lo espero seguir adelante en la misma l\u00ednea que hemos terminado hoy y seguir mejorando antes de irnos a Phillip Island\u00bb, asegur\u00f3<\/p>\n","protected":false},"excerpt":{"rendered":"<p>Redacci\u00f3n deportes, 6 feb (EFE).- El espa\u00f1ol Dani Pedrosa (Repsol Honda RC 213 V), concluy\u00f3 sexto los primeros entrenamientos de la temporada en el circuito malayo de Sepang, por lo que indic\u00f3 que \u00aben general\u00bb estaba \u00abcontento\u00bb y hab\u00eda \u00abprogresado con la puesta a punto\u00bb. \u00abEn esta tercera jornada nos hemos centrado en el chasis [&hellip;]<\/p>\n","protected":false},"author":1,"featured_media":485415,"comment_status":"closed","ping_status":"open","sticky":false,"template":"","format":"standard","meta":{"footnotes":""},"categories":[1],"tags":[],"class_list":["post-485414","post","type-post","status-publish","format-standard","has-post-thumbnail","hentry","category-actualidad"],"aioseo_notices":[],"aioseo_head":"\n\t\t<!-- All in One SEO Pro 5.0.1 - aioseo.com -->\n\t<meta name=\"description\" content=\"Redacci\u00f3n deportes, 6 feb (EFE).- El espa\u00f1ol Dani Pedrosa (Repsol Honda RC 213 V), concluy\u00f3 sexto los primeros entrenamientos de la temporada en el circuito malayo de Sepang, por lo que indic\u00f3 que &quot;en general&quot; estaba &quot;contento&quot; y hab\u00eda &quot;progresado con la puesta a punto&quot;. &quot;En esta tercera jornada nos hemos centrado en el chasis\" \/>\n\t<meta name=\"robots\" content=\"max-image-preview:large\" \/>\n\t<meta name=\"author\" content=\"El Digital de Asturias\"\/>\n\t<meta name=\"google-site-verification\" content=\"UA-38556648-1\" \/>\n\t<meta name=\"msvalidate.01\" content=\"7dfe9f3f1b24437ab69f4f2559babe99\" \/>\n\t<meta name=\"keywords\" content=\"actualidad\" \/>\n\t<link rel=\"canonical\" href=\"https:\/\/www.eldigitaldeasturias.com\/noticias\/pedrosa-dice-que-en-general-esta-contento-porque-han-progresado-con-la-puesta-a-punto\/\" \/>\n\t<meta name=\"generator\" content=\"All in One SEO Pro (AIOSEO) 5.0.1\" \/>\n\t\t<meta property=\"og:locale\" content=\"es_ES\" \/>\n\t\t<meta property=\"og:site_name\" content=\"El Digital de Asturias\" \/>\n\t\t<meta property=\"og:type\" content=\"article\" \/>\n\t\t<meta property=\"og:title\" content=\"Pedrosa dice que en general est\u00e1 contento porque han progresado \u00abcon la puesta a punto\u00bb - El Digital de Asturias\" \/>\n\t\t<meta property=\"og:description\" content=\"Redacci\u00f3n deportes, 6 feb (EFE).- El espa\u00f1ol Dani Pedrosa (Repsol Honda RC 213 V), concluy\u00f3 sexto los primeros entrenamientos de la temporada en el circuito malayo de Sepang, por lo que indic\u00f3 que &quot;en general&quot; estaba &quot;contento&quot; y hab\u00eda &quot;progresado con la puesta a punto&quot;. &quot;En esta tercera jornada nos hemos centrado en el chasis\" \/>\n\t\t<meta property=\"og:url\" content=\"https:\/\/www.eldigitaldeasturias.com\/noticias\/pedrosa-dice-que-en-general-esta-contento-porque-han-progresado-con-la-puesta-a-punto\/\" \/>\n\t\t<meta property=\"article:tag\" content=\"actualidad\" \/>\n\t\t<meta property=\"article:published_time\" content=\"2014-02-07T01:59:31+00:00\" \/>\n\t\t<meta property=\"article:modified_time\" content=\"2014-02-07T01:59:31+00:00\" \/>\n\t\t<meta property=\"article:publisher\" content=\"https:\/\/facebook.com\/eldigitaldeasturias\" \/>\n\t\t<meta name=\"twitter:card\" content=\"summary_large_image\" \/>\n\t\t<meta name=\"twitter:title\" content=\"Pedrosa dice que en general est\u00e1 contento porque han progresado \u00abcon la puesta a punto\u00bb - El Digital de Asturias\" \/>\n\t\t<meta name=\"twitter:description\" content=\"Redacci\u00f3n deportes, 6 feb (EFE).- El espa\u00f1ol Dani Pedrosa (Repsol Honda RC 213 V), concluy\u00f3 sexto los primeros entrenamientos de la temporada en el circuito malayo de Sepang, por lo que indic\u00f3 que &quot;en general&quot; estaba &quot;contento&quot; y hab\u00eda &quot;progresado con la puesta a punto&quot;. &quot;En esta tercera jornada nos hemos centrado en el chasis\" \/>\n\t\t<meta name=\"twitter:label1\" content=\"Escrito por\" \/>\n\t\t<meta name=\"twitter:data1\" content=\"El Digital de Asturias\" \/>\n\t\t<meta name=\"twitter:label2\" content=\"Tiempo de lectura estimado\" \/>\n\t\t<meta name=\"twitter:data2\" content=\"1 minuto\" \/>\n\t\t<script type=\"application\/ld+json\" class=\"aioseo-schema\">\n\t\t\t{\"@context\":\"https:\\\/\\\/schema.org\",\"@graph\":[{\"@type\":\"BlogPosting\",\"@id\":\"https:\\\/\\\/www.eldigitaldeasturias.com\\\/noticias\\\/pedrosa-dice-que-en-general-esta-contento-porque-han-progresado-con-la-puesta-a-punto\\\/#blogposting\",\"name\":\"Pedrosa dice que en general est\\u00e1 contento porque han progresado \\u00abcon la puesta a punto\\u00bb - El Digital de Asturias\",\"headline\":\"Pedrosa dice que en general est\\u00e1 contento porque han progresado \\u00abcon la puesta a punto\\u00bb\",\"author\":{\"@id\":\"https:\\\/\\\/www.eldigitaldeasturias.com\\\/noticias\\\/author\\\/admin\\\/#author\"},\"publisher\":{\"@id\":\"https:\\\/\\\/www.eldigitaldeasturias.com\\\/noticias\\\/#organization\"},\"image\":{\"@type\":\"ImageObject\",\"url\":485415},\"datePublished\":\"2014-02-07T00:59:31+01:00\",\"dateModified\":\"2014-02-07T00:59:31+01:00\",\"inLanguage\":\"es-ES\",\"mainEntityOfPage\":{\"@id\":\"https:\\\/\\\/www.eldigitaldeasturias.com\\\/noticias\\\/pedrosa-dice-que-en-general-esta-contento-porque-han-progresado-con-la-puesta-a-punto\\\/#webpage\"},\"isPartOf\":{\"@id\":\"https:\\\/\\\/www.eldigitaldeasturias.com\\\/noticias\\\/pedrosa-dice-que-en-general-esta-contento-porque-han-progresado-con-la-puesta-a-punto\\\/#webpage\"},\"articleSection\":\"Actualidad\"},{\"@type\":\"BreadcrumbList\",\"@id\":\"https:\\\/\\\/www.eldigitaldeasturias.com\\\/noticias\\\/pedrosa-dice-que-en-general-esta-contento-porque-han-progresado-con-la-puesta-a-punto\\\/#breadcrumblist\",\"itemListElement\":[{\"@type\":\"ListItem\",\"@id\":\"https:\\\/\\\/www.eldigitaldeasturias.com\\\/noticias#listItem\",\"position\":1,\"name\":\"Home\",\"item\":\"https:\\\/\\\/www.eldigitaldeasturias.com\\\/noticias\",\"nextItem\":{\"@type\":\"ListItem\",\"@id\":\"https:\\\/\\\/www.eldigitaldeasturias.com\\\/noticias\\\/category\\\/actualidad\\\/#listItem\",\"name\":\"Actualidad\"}},{\"@type\":\"ListItem\",\"@id\":\"https:\\\/\\\/www.eldigitaldeasturias.com\\\/noticias\\\/category\\\/actualidad\\\/#listItem\",\"position\":2,\"name\":\"Actualidad\",\"item\":\"https:\\\/\\\/www.eldigitaldeasturias.com\\\/noticias\\\/category\\\/actualidad\\\/\",\"nextItem\":{\"@type\":\"ListItem\",\"@id\":\"https:\\\/\\\/www.eldigitaldeasturias.com\\\/noticias\\\/pedrosa-dice-que-en-general-esta-contento-porque-han-progresado-con-la-puesta-a-punto\\\/#listItem\",\"name\":\"Pedrosa dice que en general est\\u00e1 contento porque han progresado \\u00abcon la puesta a punto\\u00bb\"},\"previousItem\":{\"@type\":\"ListItem\",\"@id\":\"https:\\\/\\\/www.eldigitaldeasturias.com\\\/noticias#listItem\",\"name\":\"Home\"}},{\"@type\":\"ListItem\",\"@id\":\"https:\\\/\\\/www.eldigitaldeasturias.com\\\/noticias\\\/pedrosa-dice-que-en-general-esta-contento-porque-han-progresado-con-la-puesta-a-punto\\\/#listItem\",\"position\":3,\"name\":\"Pedrosa dice que en general est\\u00e1 contento porque han progresado \\u00abcon la puesta a punto\\u00bb\",\"previousItem\":{\"@type\":\"ListItem\",\"@id\":\"https:\\\/\\\/www.eldigitaldeasturias.com\\\/noticias\\\/category\\\/actualidad\\\/#listItem\",\"name\":\"Actualidad\"}}]},{\"@type\":\"Organization\",\"@id\":\"https:\\\/\\\/www.eldigitaldeasturias.com\\\/noticias\\\/#organization\",\"name\":\"El Digital de Asturias\",\"description\":\"Hemeroteca\",\"url\":\"https:\\\/\\\/www.eldigitaldeasturias.com\\\/noticias\\\/\",\"email\":\"info@eldigitaldeasturias.com\",\"telephone\":\"+34652131393\",\"logo\":{\"@type\":\"ImageObject\",\"url\":\"https:\\\/\\\/www.eldigitaldeasturias.com\\\/noticias\\\/wp-content\\\/uploads\\\/2020\\\/12\\\/EDA.jpg\",\"@id\":\"https:\\\/\\\/www.eldigitaldeasturias.com\\\/noticias\\\/pedrosa-dice-que-en-general-esta-contento-porque-han-progresado-con-la-puesta-a-punto\\\/#organizationLogo\"},\"image\":{\"@id\":\"https:\\\/\\\/www.eldigitaldeasturias.com\\\/noticias\\\/pedrosa-dice-que-en-general-esta-contento-porque-han-progresado-con-la-puesta-a-punto\\\/#organizationLogo\"},\"sameAs\":[\"https:\\\/\\\/facebook.com\\\/eldigitaldeasturias\",\"https:\\\/\\\/www.youtube.com\\\/channel\\\/UCZP-2wLEB9Rv6erhFmqVnvg\"],\"address\":{\"@id\":\"https:\\\/\\\/www.eldigitaldeasturias.com\\\/noticias\\\/#postaladdress\",\"@type\":\"PostalAddress\",\"streetAddress\":\"san antonio 4\",\"postalCode\":\"33430\",\"addressLocality\":\"Cand\\u00e1s\",\"addressRegion\":\"Asturias\",\"addressCountry\":\"ES\"}},{\"@type\":\"Person\",\"@id\":\"https:\\\/\\\/www.eldigitaldeasturias.com\\\/noticias\\\/author\\\/admin\\\/#author\",\"url\":\"https:\\\/\\\/www.eldigitaldeasturias.com\\\/noticias\\\/author\\\/admin\\\/\",\"name\":\"El Digital de Asturias\",\"image\":{\"@type\":\"ImageObject\",\"@id\":\"https:\\\/\\\/www.eldigitaldeasturias.com\\\/noticias\\\/pedrosa-dice-que-en-general-esta-contento-porque-han-progresado-con-la-puesta-a-punto\\\/#authorImage\",\"url\":\"https:\\\/\\\/secure.gravatar.com\\\/avatar\\\/df2aeffc32bcd13f8d26072ef8a91b623d677766deac7f97ca815868cd41bf5e?s=96&d=mm&r=g\",\"width\":96,\"height\":96,\"caption\":\"El Digital de Asturias\"}},{\"@type\":\"WebPage\",\"@id\":\"https:\\\/\\\/www.eldigitaldeasturias.com\\\/noticias\\\/pedrosa-dice-que-en-general-esta-contento-porque-han-progresado-con-la-puesta-a-punto\\\/#webpage\",\"url\":\"https:\\\/\\\/www.eldigitaldeasturias.com\\\/noticias\\\/pedrosa-dice-que-en-general-esta-contento-porque-han-progresado-con-la-puesta-a-punto\\\/\",\"name\":\"Pedrosa dice que en general est\\u00e1 contento porque han progresado \\u00abcon la puesta a punto\\u00bb - El Digital de Asturias\",\"description\":\"Redacci\\u00f3n deportes, 6 feb (EFE).- El espa\\u00f1ol Dani Pedrosa (Repsol Honda RC 213 V), concluy\\u00f3 sexto los primeros entrenamientos de la temporada en el circuito malayo de Sepang, por lo que indic\\u00f3 que \\\"en general\\\" estaba \\\"contento\\\" y hab\\u00eda \\\"progresado con la puesta a punto\\\". \\\"En esta tercera jornada nos hemos centrado en el chasis\",\"inLanguage\":\"es-ES\",\"isPartOf\":{\"@id\":\"https:\\\/\\\/www.eldigitaldeasturias.com\\\/noticias\\\/#website\"},\"breadcrumb\":{\"@id\":\"https:\\\/\\\/www.eldigitaldeasturias.com\\\/noticias\\\/pedrosa-dice-que-en-general-esta-contento-porque-han-progresado-con-la-puesta-a-punto\\\/#breadcrumblist\"},\"author\":{\"@id\":\"https:\\\/\\\/www.eldigitaldeasturias.com\\\/noticias\\\/author\\\/admin\\\/#author\"},\"creator\":{\"@id\":\"https:\\\/\\\/www.eldigitaldeasturias.com\\\/noticias\\\/author\\\/admin\\\/#author\"},\"image\":{\"@type\":\"ImageObject\",\"url\":485415,\"@id\":\"https:\\\/\\\/www.eldigitaldeasturias.com\\\/noticias\\\/pedrosa-dice-que-en-general-esta-contento-porque-han-progresado-con-la-puesta-a-punto\\\/#mainImage\"},\"primaryImageOfPage\":{\"@id\":\"https:\\\/\\\/www.eldigitaldeasturias.com\\\/noticias\\\/pedrosa-dice-que-en-general-esta-contento-porque-han-progresado-con-la-puesta-a-punto\\\/#mainImage\"},\"datePublished\":\"2014-02-07T00:59:31+01:00\",\"dateModified\":\"2014-02-07T00:59:31+01:00\"},{\"@type\":\"WebSite\",\"@id\":\"https:\\\/\\\/www.eldigitaldeasturias.com\\\/noticias\\\/#website\",\"url\":\"https:\\\/\\\/www.eldigitaldeasturias.com\\\/noticias\\\/\",\"name\":\"El Digital de Asturias - Diario de actualidad y noticias\",\"alternateName\":\"El Digital de Asturias - Diario de actualidad y noticias\",\"description\":\"Hemeroteca\",\"inLanguage\":\"es-ES\",\"publisher\":{\"@id\":\"https:\\\/\\\/www.eldigitaldeasturias.com\\\/noticias\\\/#organization\"}}]}\n\t\t<\/script>\n\t\t<!-- All in One SEO Pro -->\r\n\t\t<title>Pedrosa dice que en general est\u00e1 contento porque han progresado \u00abcon la puesta a punto\u00bb - El Digital de Asturias<\/title>\n\n","aioseo_head_json":{"title":"Pedrosa dice que en general est\u00e1 contento porque han progresado \u00abcon la puesta a punto\u00bb - El Digital de Asturias","description":"Redacci\u00f3n deportes, 6 feb (EFE).- El espa\u00f1ol Dani Pedrosa (Repsol Honda RC 213 V), concluy\u00f3 sexto los primeros entrenamientos de la temporada en el circuito malayo de Sepang, por lo que indic\u00f3 que \"en general\" estaba \"contento\" y hab\u00eda \"progresado con la puesta a punto\". \"En esta tercera jornada nos hemos centrado en el chasis","canonical_url":"https:\/\/www.eldigitaldeasturias.com\/noticias\/pedrosa-dice-que-en-general-esta-contento-porque-han-progresado-con-la-puesta-a-punto\/","robots":"max-image-preview:large","keywords":"actualidad","webmasterTools":{"google-site-verification":"UA-38556648-1","msvalidate.01":"7dfe9f3f1b24437ab69f4f2559babe99","miscellaneous":""},"schema":{"@context":"https:\/\/schema.org","@graph":[{"@type":"BlogPosting","@id":"https:\/\/www.eldigitaldeasturias.com\/noticias\/pedrosa-dice-que-en-general-esta-contento-porque-han-progresado-con-la-puesta-a-punto\/#blogposting","name":"Pedrosa dice que en general est\u00e1 contento porque han progresado \u00abcon la puesta a punto\u00bb - El Digital de Asturias","headline":"Pedrosa dice que en general est\u00e1 contento porque han progresado \u00abcon la puesta a punto\u00bb","author":{"@id":"https:\/\/www.eldigitaldeasturias.com\/noticias\/author\/admin\/#author"},"publisher":{"@id":"https:\/\/www.eldigitaldeasturias.com\/noticias\/#organization"},"image":{"@type":"ImageObject","url":485415},"datePublished":"2014-02-07T00:59:31+01:00","dateModified":"2014-02-07T00:59:31+01:00","inLanguage":"es-ES","mainEntityOfPage":{"@id":"https:\/\/www.eldigitaldeasturias.com\/noticias\/pedrosa-dice-que-en-general-esta-contento-porque-han-progresado-con-la-puesta-a-punto\/#webpage"},"isPartOf":{"@id":"https:\/\/www.eldigitaldeasturias.com\/noticias\/pedrosa-dice-que-en-general-esta-contento-porque-han-progresado-con-la-puesta-a-punto\/#webpage"},"articleSection":"Actualidad"},{"@type":"BreadcrumbList","@id":"https:\/\/www.eldigitaldeasturias.com\/noticias\/pedrosa-dice-que-en-general-esta-contento-porque-han-progresado-con-la-puesta-a-punto\/#breadcrumblist","itemListElement":[{"@type":"ListItem","@id":"https:\/\/www.eldigitaldeasturias.com\/noticias#listItem","position":1,"name":"Home","item":"https:\/\/www.eldigitaldeasturias.com\/noticias","nextItem":{"@type":"ListItem","@id":"https:\/\/www.eldigitaldeasturias.com\/noticias\/category\/actualidad\/#listItem","name":"Actualidad"}},{"@type":"ListItem","@id":"https:\/\/www.eldigitaldeasturias.com\/noticias\/category\/actualidad\/#listItem","position":2,"name":"Actualidad","item":"https:\/\/www.eldigitaldeasturias.com\/noticias\/category\/actualidad\/","nextItem":{"@type":"ListItem","@id":"https:\/\/www.eldigitaldeasturias.com\/noticias\/pedrosa-dice-que-en-general-esta-contento-porque-han-progresado-con-la-puesta-a-punto\/#listItem","name":"Pedrosa dice que en general est\u00e1 contento porque han progresado \u00abcon la puesta a punto\u00bb"},"previousItem":{"@type":"ListItem","@id":"https:\/\/www.eldigitaldeasturias.com\/noticias#listItem","name":"Home"}},{"@type":"ListItem","@id":"https:\/\/www.eldigitaldeasturias.com\/noticias\/pedrosa-dice-que-en-general-esta-contento-porque-han-progresado-con-la-puesta-a-punto\/#listItem","position":3,"name":"Pedrosa dice que en general est\u00e1 contento porque han progresado \u00abcon la puesta a punto\u00bb","previousItem":{"@type":"ListItem","@id":"https:\/\/www.eldigitaldeasturias.com\/noticias\/category\/actualidad\/#listItem","name":"Actualidad"}}]},{"@type":"Organization","@id":"https:\/\/www.eldigitaldeasturias.com\/noticias\/#organization","name":"El Digital de Asturias","description":"Hemeroteca","url":"https:\/\/www.eldigitaldeasturias.com\/noticias\/","email":"info@eldigitaldeasturias.com","telephone":"+34652131393","logo":{"@type":"ImageObject","url":"https:\/\/www.eldigitaldeasturias.com\/noticias\/wp-content\/uploads\/2020\/12\/EDA.jpg","@id":"https:\/\/www.eldigitaldeasturias.com\/noticias\/pedrosa-dice-que-en-general-esta-contento-porque-han-progresado-con-la-puesta-a-punto\/#organizationLogo"},"image":{"@id":"https:\/\/www.eldigitaldeasturias.com\/noticias\/pedrosa-dice-que-en-general-esta-contento-porque-han-progresado-con-la-puesta-a-punto\/#organizationLogo"},"sameAs":["https:\/\/facebook.com\/eldigitaldeasturias","https:\/\/www.youtube.com\/channel\/UCZP-2wLEB9Rv6erhFmqVnvg"],"address":{"@id":"https:\/\/www.eldigitaldeasturias.com\/noticias\/#postaladdress","@type":"PostalAddress","streetAddress":"san antonio 4","postalCode":"33430","addressLocality":"Cand\u00e1s","addressRegion":"Asturias","addressCountry":"ES"}},{"@type":"Person","@id":"https:\/\/www.eldigitaldeasturias.com\/noticias\/author\/admin\/#author","url":"https:\/\/www.eldigitaldeasturias.com\/noticias\/author\/admin\/","name":"El Digital de Asturias","image":{"@type":"ImageObject","@id":"https:\/\/www.eldigitaldeasturias.com\/noticias\/pedrosa-dice-que-en-general-esta-contento-porque-han-progresado-con-la-puesta-a-punto\/#authorImage","url":"https:\/\/secure.gravatar.com\/avatar\/df2aeffc32bcd13f8d26072ef8a91b623d677766deac7f97ca815868cd41bf5e?s=96&d=mm&r=g","width":96,"height":96,"caption":"El Digital de Asturias"}},{"@type":"WebPage","@id":"https:\/\/www.eldigitaldeasturias.com\/noticias\/pedrosa-dice-que-en-general-esta-contento-porque-han-progresado-con-la-puesta-a-punto\/#webpage","url":"https:\/\/www.eldigitaldeasturias.com\/noticias\/pedrosa-dice-que-en-general-esta-contento-porque-han-progresado-con-la-puesta-a-punto\/","name":"Pedrosa dice que en general est\u00e1 contento porque han progresado \u00abcon la puesta a punto\u00bb - El Digital de Asturias","description":"Redacci\u00f3n deportes, 6 feb (EFE).- El espa\u00f1ol Dani Pedrosa (Repsol Honda RC 213 V), concluy\u00f3 sexto los primeros entrenamientos de la temporada en el circuito malayo de Sepang, por lo que indic\u00f3 que \"en general\" estaba \"contento\" y hab\u00eda \"progresado con la puesta a punto\". \"En esta tercera jornada nos hemos centrado en el chasis","inLanguage":"es-ES","isPartOf":{"@id":"https:\/\/www.eldigitaldeasturias.com\/noticias\/#website"},"breadcrumb":{"@id":"https:\/\/www.eldigitaldeasturias.com\/noticias\/pedrosa-dice-que-en-general-esta-contento-porque-han-progresado-con-la-puesta-a-punto\/#breadcrumblist"},"author":{"@id":"https:\/\/www.eldigitaldeasturias.com\/noticias\/author\/admin\/#author"},"creator":{"@id":"https:\/\/www.eldigitaldeasturias.com\/noticias\/author\/admin\/#author"},"image":{"@type":"ImageObject","url":485415,"@id":"https:\/\/www.eldigitaldeasturias.com\/noticias\/pedrosa-dice-que-en-general-esta-contento-porque-han-progresado-con-la-puesta-a-punto\/#mainImage"},"primaryImageOfPage":{"@id":"https:\/\/www.eldigitaldeasturias.com\/noticias\/pedrosa-dice-que-en-general-esta-contento-porque-han-progresado-con-la-puesta-a-punto\/#mainImage"},"datePublished":"2014-02-07T00:59:31+01:00","dateModified":"2014-02-07T00:59:31+01:00"},{"@type":"WebSite","@id":"https:\/\/www.eldigitaldeasturias.com\/noticias\/#website","url":"https:\/\/www.eldigitaldeasturias.com\/noticias\/","name":"El Digital de Asturias - Diario de actualidad y noticias","alternateName":"El Digital de Asturias - Diario de actualidad y noticias","description":"Hemeroteca","inLanguage":"es-ES","publisher":{"@id":"https:\/\/www.eldigitaldeasturias.com\/noticias\/#organization"}}]},"og:locale":"es_ES","og:site_name":"El Digital de Asturias","og:type":"article","og:title":"Pedrosa dice que en general est\u00e1 contento porque han progresado \u00abcon la puesta a punto\u00bb - El Digital de Asturias","og:description":"Redacci\u00f3n deportes, 6 feb (EFE).- El espa\u00f1ol Dani Pedrosa (Repsol Honda RC 213 V), concluy\u00f3 sexto los primeros entrenamientos de la temporada en el circuito malayo de Sepang, por lo que indic\u00f3 que &quot;en general&quot; estaba &quot;contento&quot; y hab\u00eda &quot;progresado con la puesta a punto&quot;. &quot;En esta tercera jornada nos hemos centrado en el chasis","og:url":"https:\/\/www.eldigitaldeasturias.com\/noticias\/pedrosa-dice-que-en-general-esta-contento-porque-han-progresado-con-la-puesta-a-punto\/","article:tag":["actualidad"],"article:published_time":"2014-02-07T01:59:31+00:00","article:modified_time":"2014-02-07T01:59:31+00:00","article:publisher":"https:\/\/facebook.com\/eldigitaldeasturias","twitter:card":"summary_large_image","twitter:title":"Pedrosa dice que en general est\u00e1 contento porque han progresado \u00abcon la puesta a punto\u00bb - El Digital de Asturias","twitter:description":"Redacci\u00f3n deportes, 6 feb (EFE).- El espa\u00f1ol Dani Pedrosa (Repsol Honda RC 213 V), concluy\u00f3 sexto los primeros entrenamientos de la temporada en el circuito malayo de Sepang, por lo que indic\u00f3 que &quot;en general&quot; estaba &quot;contento&quot; y hab\u00eda &quot;progresado con la puesta a punto&quot;. &quot;En esta tercera jornada nos hemos centrado en el chasis","twitter:label1":"Escrito por","twitter:data1":"El Digital de Asturias","twitter:label2":"Tiempo de lectura estimado","twitter:data2":"1 minuto"},"aioseo_meta_data":{"post_id":"485414","title":null,"description":null,"keywords":null,"keyphrases":null,"primary_term":null,"canonical_url":null,"og_title":null,"og_description":null,"og_object_type":"default","og_image_type":"default","og_image_url":null,"og_image_width":null,"og_image_height":null,"og_image_custom_url":null,"og_image_custom_fields":null,"og_video":null,"og_custom_url":null,"og_article_section":null,"og_article_tags":null,"twitter_use_og":true,"twitter_card":"default","twitter_image_type":"default","twitter_image_url":null,"twitter_image_custom_url":null,"twitter_image_custom_fields":null,"twitter_title":null,"twitter_description":null,"schema":{"blockGraphs":[],"customGraphs":[],"default":{"data":{"Article":[],"Course":[],"Dataset":[],"FAQPage":[],"Movie":[],"Person":[],"Product":[],"ProductReview":[],"Car":[],"Recipe":[],"Service":[],"SoftwareApplication":[],"WebPage":[]},"graphName":"","isEnabled":true},"graphs":[],"defaultGraph":"","defaultPostTypeGraph":""},"schema_type":null,"schema_type_options":null,"pillar_content":false,"robots_default":true,"robots_noindex":false,"robots_noarchive":false,"robots_nosnippet":false,"robots_nofollow":false,"robots_noimageindex":false,"robots_noodp":false,"robots_notranslate":false,"robots_max_snippet":null,"robots_max_videopreview":null,"robots_max_imagepreview":"none","priority":null,"frequency":null,"local_seo":null,"seo_analyzer_scan_date":"2026-06-02 20:12:53","breadcrumb_settings":null,"limit_modified_date":false,"open_ai":null,"ai":null,"created":"2020-11-14 22:55:14","updated":"2026-06-02 20:12:53","focus_keyword":null,"additional_keywords":null,"truseo_locale":null},"aioseo_breadcrumb":"<div class=\"aioseo-breadcrumbs\"><span class=\"aioseo-breadcrumb\">\n\t<a href=\"https:\/\/www.eldigitaldeasturias.com\/noticias\" title=\"Home\">Home<\/a>\n<\/span><span class=\"aioseo-breadcrumb-separator\">\u2013<\/span><span class=\"aioseo-breadcrumb\">\n\t<a href=\"https:\/\/www.eldigitaldeasturias.com\/noticias\/category\/actualidad\/\" title=\"Actualidad\">Actualidad<\/a>\n<\/span><span class=\"aioseo-breadcrumb-separator\">\u2013<\/span><span class=\"aioseo-breadcrumb\">\n\t<a href=\"https:\/\/www.eldigitaldeasturias.com\/noticias\/pedrosa-dice-que-en-general-esta-contento-porque-han-progresado-con-la-puesta-a-punto\/\" title=\"Pedrosa dice que en general est\u00e1 contento porque han progresado \u00abcon la puesta a punto\u00bb\">Pedrosa dice que en general est\u00e1 contento porque han progresado \u00abcon la puesta a punto\u00bb<\/a>\n<\/span><\/div>","aioseo_breadcrumb_json":[{"label":"Home","link":"https:\/\/www.eldigitaldeasturias.com\/noticias"},{"label":"Actualidad","link":"https:\/\/www.eldigitaldeasturias.com\/noticias\/category\/actualidad\/"},{"label":"Pedrosa dice que en general est\u00e1 contento porque han progresado \u00abcon la puesta a punto\u00bb","link":"https:\/\/www.eldigitaldeasturias.com\/noticias\/pedrosa-dice-que-en-general-esta-contento-porque-han-progresado-con-la-puesta-a-punto\/"}],"_links":{"self":[{"href":"https:\/\/www.eldigitaldeasturias.com\/noticias\/wp-json\/wp\/v2\/posts\/485414","targetHints":{"allow":["GET"]}}],"collection":[{"href":"https:\/\/www.eldigitaldeasturias.com\/noticias\/wp-json\/wp\/v2\/posts"}],"about":[{"href":"https:\/\/www.eldigitaldeasturias.com\/noticias\/wp-json\/wp\/v2\/types\/post"}],"author":[{"embeddable":true,"href":"https:\/\/www.eldigitaldeasturias.com\/noticias\/wp-json\/wp\/v2\/users\/1"}],"replies":[{"embeddable":true,"href":"https:\/\/www.eldigitaldeasturias.com\/noticias\/wp-json\/wp\/v2\/comments?post=485414"}],"version-history":[{"count":0,"href":"https:\/\/www.eldigitaldeasturias.com\/noticias\/wp-json\/wp\/v2\/posts\/485414\/revisions"}],"wp:attachment":[{"href":"https:\/\/www.eldigitaldeasturias.com\/noticias\/wp-json\/wp\/v2\/media?parent=485414"}],"wp:term":[{"taxonomy":"category","embeddable":true,"href":"https:\/\/www.eldigitaldeasturias.com\/noticias\/wp-json\/wp\/v2\/categories?post=485414"},{"taxonomy":"post_tag","embeddable":true,"href":"https:\/\/www.eldigitaldeasturias.com\/noticias\/wp-json\/wp\/v2\/tags?post=485414"}],"curies":[{"name":"wp","href":"https:\/\/api.w.org\/{rel}","templated":true}]}}