{"id":485411,"date":"2014-02-07T00:58:40","date_gmt":"2014-02-07T01:58:40","guid":{"rendered":"http:\/\/www.eldigitaldeasturias.com\/noticias\/?p=485411"},"modified":"2014-02-07T00:58:40","modified_gmt":"2014-02-07T01:58:40","slug":"rossi-afirma-que-es-el-mejor-tiempo-de-su-carrera-en-sepang","status":"publish","type":"post","link":"https:\/\/www.eldigitaldeasturias.com\/noticias\/rossi-afirma-que-es-el-mejor-tiempo-de-su-carrera-en-sepang\/","title":{"rendered":"Rossi afirma que \u00abes el mejor tiempo\u00bb de su carrera en Sepang"},"content":{"rendered":"<p><img loading=\"lazy\" decoding=\"async\" class=\"alignleft size-medium wp-image-485412\" alt=\"5917131w\" src=\"https:\/\/www.eldigitaldeasturias.com\/noticias\/wp-content\/uploads\/2014\/02\/5917131w-360x239.jpg\" width=\"360\" height=\"239\" \/>(EFE).- El italiano Valentino Rossi (Yamaha YZR M 1), segundo al final de las primeras jornadas de entrenamiento de MotoGp en 2014, se mostr\u00f3 muy satisfecho de sus resultados y dijo: \u00abEste es el mejor tiempo de mi carrera deportiva en Sepang\u00bb.<\/p>\n<p>\u00abLos entrenamientos han ido muy bien y he rodado por primera vez por debajo de los dos minutos en Sepang, a dos d\u00e9cimas de Marc y a una d\u00e9cima del r\u00e9cord\u00bb, dijo satisfecho Rossi.<\/p>\n<p>\u00abMe he sentido muy c\u00f3modo y hemos encontrado una serie de soluciones muy positivas y con las simulaciones de carrera hemos podido comprender algunos problemas que ten\u00edamos pero para ser los primeros entrenamientos del a\u00f1o el balance es muy positivo\u00bb, reconoci\u00f3 en la nota de prensa de su equipo.<\/p>\n","protected":false},"excerpt":{"rendered":"<p>(EFE).- El italiano Valentino Rossi (Yamaha YZR M 1), segundo al final de las primeras jornadas de entrenamiento de MotoGp en 2014, se mostr\u00f3 muy satisfecho de sus resultados y dijo: \u00abEste es el mejor tiempo de mi carrera deportiva en Sepang\u00bb. \u00abLos entrenamientos han ido muy bien y he rodado por primera vez por [&hellip;]<\/p>\n","protected":false},"author":1,"featured_media":485412,"comment_status":"closed","ping_status":"open","sticky":false,"template":"","format":"standard","meta":{"footnotes":""},"categories":[1],"tags":[],"class_list":["post-485411","post","type-post","status-publish","format-standard","has-post-thumbnail","hentry","category-actualidad"],"aioseo_notices":[],"aioseo_head":"\n\t\t<!-- All in One SEO Pro 5.0.1 - aioseo.com -->\n\t<meta name=\"description\" content=\"(EFE).- El italiano Valentino Rossi (Yamaha YZR M 1), segundo al final de las primeras jornadas de entrenamiento de MotoGp en 2014, se mostr\u00f3 muy satisfecho de sus resultados y dijo: &quot;Este es el mejor tiempo de mi carrera deportiva en Sepang&quot;. &quot;Los entrenamientos han ido muy bien y he rodado por primera vez por\" \/>\n\t<meta name=\"robots\" content=\"max-image-preview:large\" \/>\n\t<meta name=\"author\" content=\"El Digital de Asturias\"\/>\n\t<meta name=\"google-site-verification\" content=\"UA-38556648-1\" \/>\n\t<meta name=\"msvalidate.01\" content=\"7dfe9f3f1b24437ab69f4f2559babe99\" \/>\n\t<meta name=\"keywords\" content=\"actualidad\" \/>\n\t<link rel=\"canonical\" href=\"https:\/\/www.eldigitaldeasturias.com\/noticias\/rossi-afirma-que-es-el-mejor-tiempo-de-su-carrera-en-sepang\/\" \/>\n\t<meta name=\"generator\" content=\"All in One SEO Pro (AIOSEO) 5.0.1\" \/>\n\t\t<meta property=\"og:locale\" content=\"es_ES\" \/>\n\t\t<meta property=\"og:site_name\" content=\"El Digital de Asturias\" \/>\n\t\t<meta property=\"og:type\" content=\"article\" \/>\n\t\t<meta property=\"og:title\" content=\"Rossi afirma que \u00abes el mejor tiempo\u00bb de su carrera en Sepang - El Digital de Asturias\" \/>\n\t\t<meta property=\"og:description\" content=\"(EFE).- El italiano Valentino Rossi (Yamaha YZR M 1), segundo al final de las primeras jornadas de entrenamiento de MotoGp en 2014, se mostr\u00f3 muy satisfecho de sus resultados y dijo: &quot;Este es el mejor tiempo de mi carrera deportiva en Sepang&quot;. &quot;Los entrenamientos han ido muy bien y he rodado por primera vez por\" \/>\n\t\t<meta property=\"og:url\" content=\"https:\/\/www.eldigitaldeasturias.com\/noticias\/rossi-afirma-que-es-el-mejor-tiempo-de-su-carrera-en-sepang\/\" \/>\n\t\t<meta property=\"article:tag\" content=\"actualidad\" \/>\n\t\t<meta property=\"article:published_time\" content=\"2014-02-07T01:58:40+00:00\" \/>\n\t\t<meta property=\"article:modified_time\" content=\"2014-02-07T01:58:40+00:00\" \/>\n\t\t<meta property=\"article:publisher\" content=\"https:\/\/facebook.com\/eldigitaldeasturias\" \/>\n\t\t<meta name=\"twitter:card\" content=\"summary_large_image\" \/>\n\t\t<meta name=\"twitter:title\" content=\"Rossi afirma que \u00abes el mejor tiempo\u00bb de su carrera en Sepang - El Digital de Asturias\" \/>\n\t\t<meta name=\"twitter:description\" content=\"(EFE).- El italiano Valentino Rossi (Yamaha YZR M 1), segundo al final de las primeras jornadas de entrenamiento de MotoGp en 2014, se mostr\u00f3 muy satisfecho de sus resultados y dijo: &quot;Este es el mejor tiempo de mi carrera deportiva en Sepang&quot;. &quot;Los entrenamientos han ido muy bien y he rodado por primera vez por\" \/>\n\t\t<meta name=\"twitter:label1\" content=\"Escrito por\" \/>\n\t\t<meta name=\"twitter:data1\" content=\"El Digital de Asturias\" \/>\n\t\t<meta name=\"twitter:label2\" content=\"Tiempo de lectura estimado\" \/>\n\t\t<meta name=\"twitter:data2\" content=\"1 minuto\" \/>\n\t\t<script type=\"application\/ld+json\" class=\"aioseo-schema\">\n\t\t\t{\"@context\":\"https:\\\/\\\/schema.org\",\"@graph\":[{\"@type\":\"BlogPosting\",\"@id\":\"https:\\\/\\\/www.eldigitaldeasturias.com\\\/noticias\\\/rossi-afirma-que-es-el-mejor-tiempo-de-su-carrera-en-sepang\\\/#blogposting\",\"name\":\"Rossi afirma que \\u00abes el mejor tiempo\\u00bb de su carrera en Sepang - El Digital de Asturias\",\"headline\":\"Rossi afirma que \\u00abes el mejor tiempo\\u00bb de su carrera en Sepang\",\"author\":{\"@id\":\"https:\\\/\\\/www.eldigitaldeasturias.com\\\/noticias\\\/author\\\/admin\\\/#author\"},\"publisher\":{\"@id\":\"https:\\\/\\\/www.eldigitaldeasturias.com\\\/noticias\\\/#organization\"},\"image\":{\"@type\":\"ImageObject\",\"url\":485412},\"datePublished\":\"2014-02-07T00:58:40+01:00\",\"dateModified\":\"2014-02-07T00:58:40+01:00\",\"inLanguage\":\"es-ES\",\"mainEntityOfPage\":{\"@id\":\"https:\\\/\\\/www.eldigitaldeasturias.com\\\/noticias\\\/rossi-afirma-que-es-el-mejor-tiempo-de-su-carrera-en-sepang\\\/#webpage\"},\"isPartOf\":{\"@id\":\"https:\\\/\\\/www.eldigitaldeasturias.com\\\/noticias\\\/rossi-afirma-que-es-el-mejor-tiempo-de-su-carrera-en-sepang\\\/#webpage\"},\"articleSection\":\"Actualidad\"},{\"@type\":\"BreadcrumbList\",\"@id\":\"https:\\\/\\\/www.eldigitaldeasturias.com\\\/noticias\\\/rossi-afirma-que-es-el-mejor-tiempo-de-su-carrera-en-sepang\\\/#breadcrumblist\",\"itemListElement\":[{\"@type\":\"ListItem\",\"@id\":\"https:\\\/\\\/www.eldigitaldeasturias.com\\\/noticias#listItem\",\"position\":1,\"name\":\"Home\",\"item\":\"https:\\\/\\\/www.eldigitaldeasturias.com\\\/noticias\",\"nextItem\":{\"@type\":\"ListItem\",\"@id\":\"https:\\\/\\\/www.eldigitaldeasturias.com\\\/noticias\\\/category\\\/actualidad\\\/#listItem\",\"name\":\"Actualidad\"}},{\"@type\":\"ListItem\",\"@id\":\"https:\\\/\\\/www.eldigitaldeasturias.com\\\/noticias\\\/category\\\/actualidad\\\/#listItem\",\"position\":2,\"name\":\"Actualidad\",\"item\":\"https:\\\/\\\/www.eldigitaldeasturias.com\\\/noticias\\\/category\\\/actualidad\\\/\",\"nextItem\":{\"@type\":\"ListItem\",\"@id\":\"https:\\\/\\\/www.eldigitaldeasturias.com\\\/noticias\\\/rossi-afirma-que-es-el-mejor-tiempo-de-su-carrera-en-sepang\\\/#listItem\",\"name\":\"Rossi afirma que \\u00abes el mejor tiempo\\u00bb de su carrera en Sepang\"},\"previousItem\":{\"@type\":\"ListItem\",\"@id\":\"https:\\\/\\\/www.eldigitaldeasturias.com\\\/noticias#listItem\",\"name\":\"Home\"}},{\"@type\":\"ListItem\",\"@id\":\"https:\\\/\\\/www.eldigitaldeasturias.com\\\/noticias\\\/rossi-afirma-que-es-el-mejor-tiempo-de-su-carrera-en-sepang\\\/#listItem\",\"position\":3,\"name\":\"Rossi afirma que \\u00abes el mejor tiempo\\u00bb de su carrera en Sepang\",\"previousItem\":{\"@type\":\"ListItem\",\"@id\":\"https:\\\/\\\/www.eldigitaldeasturias.com\\\/noticias\\\/category\\\/actualidad\\\/#listItem\",\"name\":\"Actualidad\"}}]},{\"@type\":\"Organization\",\"@id\":\"https:\\\/\\\/www.eldigitaldeasturias.com\\\/noticias\\\/#organization\",\"name\":\"El Digital de Asturias\",\"description\":\"Hemeroteca\",\"url\":\"https:\\\/\\\/www.eldigitaldeasturias.com\\\/noticias\\\/\",\"email\":\"info@eldigitaldeasturias.com\",\"telephone\":\"+34652131393\",\"logo\":{\"@type\":\"ImageObject\",\"url\":\"https:\\\/\\\/www.eldigitaldeasturias.com\\\/noticias\\\/wp-content\\\/uploads\\\/2020\\\/12\\\/EDA.jpg\",\"@id\":\"https:\\\/\\\/www.eldigitaldeasturias.com\\\/noticias\\\/rossi-afirma-que-es-el-mejor-tiempo-de-su-carrera-en-sepang\\\/#organizationLogo\"},\"image\":{\"@id\":\"https:\\\/\\\/www.eldigitaldeasturias.com\\\/noticias\\\/rossi-afirma-que-es-el-mejor-tiempo-de-su-carrera-en-sepang\\\/#organizationLogo\"},\"sameAs\":[\"https:\\\/\\\/facebook.com\\\/eldigitaldeasturias\",\"https:\\\/\\\/www.youtube.com\\\/channel\\\/UCZP-2wLEB9Rv6erhFmqVnvg\"],\"address\":{\"@id\":\"https:\\\/\\\/www.eldigitaldeasturias.com\\\/noticias\\\/#postaladdress\",\"@type\":\"PostalAddress\",\"streetAddress\":\"san antonio 4\",\"postalCode\":\"33430\",\"addressLocality\":\"Cand\\u00e1s\",\"addressRegion\":\"Asturias\",\"addressCountry\":\"ES\"}},{\"@type\":\"Person\",\"@id\":\"https:\\\/\\\/www.eldigitaldeasturias.com\\\/noticias\\\/author\\\/admin\\\/#author\",\"url\":\"https:\\\/\\\/www.eldigitaldeasturias.com\\\/noticias\\\/author\\\/admin\\\/\",\"name\":\"El Digital de Asturias\",\"image\":{\"@type\":\"ImageObject\",\"@id\":\"https:\\\/\\\/www.eldigitaldeasturias.com\\\/noticias\\\/rossi-afirma-que-es-el-mejor-tiempo-de-su-carrera-en-sepang\\\/#authorImage\",\"url\":\"https:\\\/\\\/secure.gravatar.com\\\/avatar\\\/df2aeffc32bcd13f8d26072ef8a91b623d677766deac7f97ca815868cd41bf5e?s=96&d=mm&r=g\",\"width\":96,\"height\":96,\"caption\":\"El Digital de Asturias\"}},{\"@type\":\"WebPage\",\"@id\":\"https:\\\/\\\/www.eldigitaldeasturias.com\\\/noticias\\\/rossi-afirma-que-es-el-mejor-tiempo-de-su-carrera-en-sepang\\\/#webpage\",\"url\":\"https:\\\/\\\/www.eldigitaldeasturias.com\\\/noticias\\\/rossi-afirma-que-es-el-mejor-tiempo-de-su-carrera-en-sepang\\\/\",\"name\":\"Rossi afirma que \\u00abes el mejor tiempo\\u00bb de su carrera en Sepang - El Digital de Asturias\",\"description\":\"(EFE).- El italiano Valentino Rossi (Yamaha YZR M 1), segundo al final de las primeras jornadas de entrenamiento de MotoGp en 2014, se mostr\\u00f3 muy satisfecho de sus resultados y dijo: \\\"Este es el mejor tiempo de mi carrera deportiva en Sepang\\\". \\\"Los entrenamientos han ido muy bien y he rodado por primera vez por\",\"inLanguage\":\"es-ES\",\"isPartOf\":{\"@id\":\"https:\\\/\\\/www.eldigitaldeasturias.com\\\/noticias\\\/#website\"},\"breadcrumb\":{\"@id\":\"https:\\\/\\\/www.eldigitaldeasturias.com\\\/noticias\\\/rossi-afirma-que-es-el-mejor-tiempo-de-su-carrera-en-sepang\\\/#breadcrumblist\"},\"author\":{\"@id\":\"https:\\\/\\\/www.eldigitaldeasturias.com\\\/noticias\\\/author\\\/admin\\\/#author\"},\"creator\":{\"@id\":\"https:\\\/\\\/www.eldigitaldeasturias.com\\\/noticias\\\/author\\\/admin\\\/#author\"},\"image\":{\"@type\":\"ImageObject\",\"url\":485412,\"@id\":\"https:\\\/\\\/www.eldigitaldeasturias.com\\\/noticias\\\/rossi-afirma-que-es-el-mejor-tiempo-de-su-carrera-en-sepang\\\/#mainImage\"},\"primaryImageOfPage\":{\"@id\":\"https:\\\/\\\/www.eldigitaldeasturias.com\\\/noticias\\\/rossi-afirma-que-es-el-mejor-tiempo-de-su-carrera-en-sepang\\\/#mainImage\"},\"datePublished\":\"2014-02-07T00:58:40+01:00\",\"dateModified\":\"2014-02-07T00:58:40+01:00\"},{\"@type\":\"WebSite\",\"@id\":\"https:\\\/\\\/www.eldigitaldeasturias.com\\\/noticias\\\/#website\",\"url\":\"https:\\\/\\\/www.eldigitaldeasturias.com\\\/noticias\\\/\",\"name\":\"El Digital de Asturias - Diario de actualidad y noticias\",\"alternateName\":\"El Digital de Asturias - Diario de actualidad y noticias\",\"description\":\"Hemeroteca\",\"inLanguage\":\"es-ES\",\"publisher\":{\"@id\":\"https:\\\/\\\/www.eldigitaldeasturias.com\\\/noticias\\\/#organization\"}}]}\n\t\t<\/script>\n\t\t<!-- All in One SEO Pro -->\r\n\t\t<title>Rossi afirma que \u00abes el mejor tiempo\u00bb de su carrera en Sepang - El Digital de Asturias<\/title>\n\n","aioseo_head_json":{"title":"Rossi afirma que \u00abes el mejor tiempo\u00bb de su carrera en Sepang - El Digital de Asturias","description":"(EFE).- El italiano Valentino Rossi (Yamaha YZR M 1), segundo al final de las primeras jornadas de entrenamiento de MotoGp en 2014, se mostr\u00f3 muy satisfecho de sus resultados y dijo: \"Este es el mejor tiempo de mi carrera deportiva en Sepang\". \"Los entrenamientos han ido muy bien y he rodado por primera vez por","canonical_url":"https:\/\/www.eldigitaldeasturias.com\/noticias\/rossi-afirma-que-es-el-mejor-tiempo-de-su-carrera-en-sepang\/","robots":"max-image-preview:large","keywords":"actualidad","webmasterTools":{"google-site-verification":"UA-38556648-1","msvalidate.01":"7dfe9f3f1b24437ab69f4f2559babe99","miscellaneous":""},"schema":{"@context":"https:\/\/schema.org","@graph":[{"@type":"BlogPosting","@id":"https:\/\/www.eldigitaldeasturias.com\/noticias\/rossi-afirma-que-es-el-mejor-tiempo-de-su-carrera-en-sepang\/#blogposting","name":"Rossi afirma que \u00abes el mejor tiempo\u00bb de su carrera en Sepang - El Digital de Asturias","headline":"Rossi afirma que \u00abes el mejor tiempo\u00bb de su carrera en Sepang","author":{"@id":"https:\/\/www.eldigitaldeasturias.com\/noticias\/author\/admin\/#author"},"publisher":{"@id":"https:\/\/www.eldigitaldeasturias.com\/noticias\/#organization"},"image":{"@type":"ImageObject","url":485412},"datePublished":"2014-02-07T00:58:40+01:00","dateModified":"2014-02-07T00:58:40+01:00","inLanguage":"es-ES","mainEntityOfPage":{"@id":"https:\/\/www.eldigitaldeasturias.com\/noticias\/rossi-afirma-que-es-el-mejor-tiempo-de-su-carrera-en-sepang\/#webpage"},"isPartOf":{"@id":"https:\/\/www.eldigitaldeasturias.com\/noticias\/rossi-afirma-que-es-el-mejor-tiempo-de-su-carrera-en-sepang\/#webpage"},"articleSection":"Actualidad"},{"@type":"BreadcrumbList","@id":"https:\/\/www.eldigitaldeasturias.com\/noticias\/rossi-afirma-que-es-el-mejor-tiempo-de-su-carrera-en-sepang\/#breadcrumblist","itemListElement":[{"@type":"ListItem","@id":"https:\/\/www.eldigitaldeasturias.com\/noticias#listItem","position":1,"name":"Home","item":"https:\/\/www.eldigitaldeasturias.com\/noticias","nextItem":{"@type":"ListItem","@id":"https:\/\/www.eldigitaldeasturias.com\/noticias\/category\/actualidad\/#listItem","name":"Actualidad"}},{"@type":"ListItem","@id":"https:\/\/www.eldigitaldeasturias.com\/noticias\/category\/actualidad\/#listItem","position":2,"name":"Actualidad","item":"https:\/\/www.eldigitaldeasturias.com\/noticias\/category\/actualidad\/","nextItem":{"@type":"ListItem","@id":"https:\/\/www.eldigitaldeasturias.com\/noticias\/rossi-afirma-que-es-el-mejor-tiempo-de-su-carrera-en-sepang\/#listItem","name":"Rossi afirma que \u00abes el mejor tiempo\u00bb de su carrera en Sepang"},"previousItem":{"@type":"ListItem","@id":"https:\/\/www.eldigitaldeasturias.com\/noticias#listItem","name":"Home"}},{"@type":"ListItem","@id":"https:\/\/www.eldigitaldeasturias.com\/noticias\/rossi-afirma-que-es-el-mejor-tiempo-de-su-carrera-en-sepang\/#listItem","position":3,"name":"Rossi afirma que \u00abes el mejor tiempo\u00bb de su carrera en Sepang","previousItem":{"@type":"ListItem","@id":"https:\/\/www.eldigitaldeasturias.com\/noticias\/category\/actualidad\/#listItem","name":"Actualidad"}}]},{"@type":"Organization","@id":"https:\/\/www.eldigitaldeasturias.com\/noticias\/#organization","name":"El Digital de Asturias","description":"Hemeroteca","url":"https:\/\/www.eldigitaldeasturias.com\/noticias\/","email":"info@eldigitaldeasturias.com","telephone":"+34652131393","logo":{"@type":"ImageObject","url":"https:\/\/www.eldigitaldeasturias.com\/noticias\/wp-content\/uploads\/2020\/12\/EDA.jpg","@id":"https:\/\/www.eldigitaldeasturias.com\/noticias\/rossi-afirma-que-es-el-mejor-tiempo-de-su-carrera-en-sepang\/#organizationLogo"},"image":{"@id":"https:\/\/www.eldigitaldeasturias.com\/noticias\/rossi-afirma-que-es-el-mejor-tiempo-de-su-carrera-en-sepang\/#organizationLogo"},"sameAs":["https:\/\/facebook.com\/eldigitaldeasturias","https:\/\/www.youtube.com\/channel\/UCZP-2wLEB9Rv6erhFmqVnvg"],"address":{"@id":"https:\/\/www.eldigitaldeasturias.com\/noticias\/#postaladdress","@type":"PostalAddress","streetAddress":"san antonio 4","postalCode":"33430","addressLocality":"Cand\u00e1s","addressRegion":"Asturias","addressCountry":"ES"}},{"@type":"Person","@id":"https:\/\/www.eldigitaldeasturias.com\/noticias\/author\/admin\/#author","url":"https:\/\/www.eldigitaldeasturias.com\/noticias\/author\/admin\/","name":"El Digital de Asturias","image":{"@type":"ImageObject","@id":"https:\/\/www.eldigitaldeasturias.com\/noticias\/rossi-afirma-que-es-el-mejor-tiempo-de-su-carrera-en-sepang\/#authorImage","url":"https:\/\/secure.gravatar.com\/avatar\/df2aeffc32bcd13f8d26072ef8a91b623d677766deac7f97ca815868cd41bf5e?s=96&d=mm&r=g","width":96,"height":96,"caption":"El Digital de Asturias"}},{"@type":"WebPage","@id":"https:\/\/www.eldigitaldeasturias.com\/noticias\/rossi-afirma-que-es-el-mejor-tiempo-de-su-carrera-en-sepang\/#webpage","url":"https:\/\/www.eldigitaldeasturias.com\/noticias\/rossi-afirma-que-es-el-mejor-tiempo-de-su-carrera-en-sepang\/","name":"Rossi afirma que \u00abes el mejor tiempo\u00bb de su carrera en Sepang - El Digital de Asturias","description":"(EFE).- El italiano Valentino Rossi (Yamaha YZR M 1), segundo al final de las primeras jornadas de entrenamiento de MotoGp en 2014, se mostr\u00f3 muy satisfecho de sus resultados y dijo: \"Este es el mejor tiempo de mi carrera deportiva en Sepang\". \"Los entrenamientos han ido muy bien y he rodado por primera vez por","inLanguage":"es-ES","isPartOf":{"@id":"https:\/\/www.eldigitaldeasturias.com\/noticias\/#website"},"breadcrumb":{"@id":"https:\/\/www.eldigitaldeasturias.com\/noticias\/rossi-afirma-que-es-el-mejor-tiempo-de-su-carrera-en-sepang\/#breadcrumblist"},"author":{"@id":"https:\/\/www.eldigitaldeasturias.com\/noticias\/author\/admin\/#author"},"creator":{"@id":"https:\/\/www.eldigitaldeasturias.com\/noticias\/author\/admin\/#author"},"image":{"@type":"ImageObject","url":485412,"@id":"https:\/\/www.eldigitaldeasturias.com\/noticias\/rossi-afirma-que-es-el-mejor-tiempo-de-su-carrera-en-sepang\/#mainImage"},"primaryImageOfPage":{"@id":"https:\/\/www.eldigitaldeasturias.com\/noticias\/rossi-afirma-que-es-el-mejor-tiempo-de-su-carrera-en-sepang\/#mainImage"},"datePublished":"2014-02-07T00:58:40+01:00","dateModified":"2014-02-07T00:58:40+01:00"},{"@type":"WebSite","@id":"https:\/\/www.eldigitaldeasturias.com\/noticias\/#website","url":"https:\/\/www.eldigitaldeasturias.com\/noticias\/","name":"El Digital de Asturias - Diario de actualidad y noticias","alternateName":"El Digital de Asturias - Diario de actualidad y noticias","description":"Hemeroteca","inLanguage":"es-ES","publisher":{"@id":"https:\/\/www.eldigitaldeasturias.com\/noticias\/#organization"}}]},"og:locale":"es_ES","og:site_name":"El Digital de Asturias","og:type":"article","og:title":"Rossi afirma que \u00abes el mejor tiempo\u00bb de su carrera en Sepang - El Digital de Asturias","og:description":"(EFE).- El italiano Valentino Rossi (Yamaha YZR M 1), segundo al final de las primeras jornadas de entrenamiento de MotoGp en 2014, se mostr\u00f3 muy satisfecho de sus resultados y dijo: &quot;Este es el mejor tiempo de mi carrera deportiva en Sepang&quot;. &quot;Los entrenamientos han ido muy bien y he rodado por primera vez por","og:url":"https:\/\/www.eldigitaldeasturias.com\/noticias\/rossi-afirma-que-es-el-mejor-tiempo-de-su-carrera-en-sepang\/","article:tag":["actualidad"],"article:published_time":"2014-02-07T01:58:40+00:00","article:modified_time":"2014-02-07T01:58:40+00:00","article:publisher":"https:\/\/facebook.com\/eldigitaldeasturias","twitter:card":"summary_large_image","twitter:title":"Rossi afirma que \u00abes el mejor tiempo\u00bb de su carrera en Sepang - El Digital de Asturias","twitter:description":"(EFE).- El italiano Valentino Rossi (Yamaha YZR M 1), segundo al final de las primeras jornadas de entrenamiento de MotoGp en 2014, se mostr\u00f3 muy satisfecho de sus resultados y dijo: &quot;Este es el mejor tiempo de mi carrera deportiva en Sepang&quot;. &quot;Los entrenamientos han ido muy bien y he rodado por primera vez por","twitter:label1":"Escrito por","twitter:data1":"El Digital de Asturias","twitter:label2":"Tiempo de lectura estimado","twitter:data2":"1 minuto"},"aioseo_meta_data":{"post_id":"485411","title":null,"description":null,"keywords":null,"keyphrases":null,"primary_term":null,"canonical_url":null,"og_title":null,"og_description":null,"og_object_type":"default","og_image_type":"default","og_image_url":null,"og_image_width":null,"og_image_height":null,"og_image_custom_url":null,"og_image_custom_fields":null,"og_video":null,"og_custom_url":null,"og_article_section":null,"og_article_tags":null,"twitter_use_og":true,"twitter_card":"default","twitter_image_type":"default","twitter_image_url":null,"twitter_image_custom_url":null,"twitter_image_custom_fields":null,"twitter_title":null,"twitter_description":null,"schema":{"blockGraphs":[],"customGraphs":[],"default":{"data":{"Article":[],"Course":[],"Dataset":[],"FAQPage":[],"Movie":[],"Person":[],"Product":[],"ProductReview":[],"Car":[],"Recipe":[],"Service":[],"SoftwareApplication":[],"WebPage":[]},"graphName":"","isEnabled":true},"graphs":[],"defaultGraph":"","defaultPostTypeGraph":""},"schema_type":null,"schema_type_options":null,"pillar_content":false,"robots_default":true,"robots_noindex":false,"robots_noarchive":false,"robots_nosnippet":false,"robots_nofollow":false,"robots_noimageindex":false,"robots_noodp":false,"robots_notranslate":false,"robots_max_snippet":null,"robots_max_videopreview":null,"robots_max_imagepreview":"none","priority":null,"frequency":null,"local_seo":null,"seo_analyzer_scan_date":"2026-06-02 20:12:53","breadcrumb_settings":null,"limit_modified_date":false,"open_ai":null,"ai":null,"created":"2020-11-14 22:55:14","updated":"2026-06-02 20:12:53","focus_keyword":null,"additional_keywords":null,"truseo_locale":null},"aioseo_breadcrumb":"<div class=\"aioseo-breadcrumbs\"><span class=\"aioseo-breadcrumb\">\n\t<a href=\"https:\/\/www.eldigitaldeasturias.com\/noticias\" title=\"Home\">Home<\/a>\n<\/span><span class=\"aioseo-breadcrumb-separator\">\u2013<\/span><span class=\"aioseo-breadcrumb\">\n\t<a href=\"https:\/\/www.eldigitaldeasturias.com\/noticias\/category\/actualidad\/\" title=\"Actualidad\">Actualidad<\/a>\n<\/span><span class=\"aioseo-breadcrumb-separator\">\u2013<\/span><span class=\"aioseo-breadcrumb\">\n\t<a href=\"https:\/\/www.eldigitaldeasturias.com\/noticias\/rossi-afirma-que-es-el-mejor-tiempo-de-su-carrera-en-sepang\/\" title=\"Rossi afirma que \u00abes el mejor tiempo\u00bb de su carrera en Sepang\">Rossi afirma que \u00abes el mejor tiempo\u00bb de su carrera en Sepang<\/a>\n<\/span><\/div>","aioseo_breadcrumb_json":[{"label":"Home","link":"https:\/\/www.eldigitaldeasturias.com\/noticias"},{"label":"Actualidad","link":"https:\/\/www.eldigitaldeasturias.com\/noticias\/category\/actualidad\/"},{"label":"Rossi afirma que \u00abes el mejor tiempo\u00bb de su carrera en Sepang","link":"https:\/\/www.eldigitaldeasturias.com\/noticias\/rossi-afirma-que-es-el-mejor-tiempo-de-su-carrera-en-sepang\/"}],"_links":{"self":[{"href":"https:\/\/www.eldigitaldeasturias.com\/noticias\/wp-json\/wp\/v2\/posts\/485411","targetHints":{"allow":["GET"]}}],"collection":[{"href":"https:\/\/www.eldigitaldeasturias.com\/noticias\/wp-json\/wp\/v2\/posts"}],"about":[{"href":"https:\/\/www.eldigitaldeasturias.com\/noticias\/wp-json\/wp\/v2\/types\/post"}],"author":[{"embeddable":true,"href":"https:\/\/www.eldigitaldeasturias.com\/noticias\/wp-json\/wp\/v2\/users\/1"}],"replies":[{"embeddable":true,"href":"https:\/\/www.eldigitaldeasturias.com\/noticias\/wp-json\/wp\/v2\/comments?post=485411"}],"version-history":[{"count":0,"href":"https:\/\/www.eldigitaldeasturias.com\/noticias\/wp-json\/wp\/v2\/posts\/485411\/revisions"}],"wp:attachment":[{"href":"https:\/\/www.eldigitaldeasturias.com\/noticias\/wp-json\/wp\/v2\/media?parent=485411"}],"wp:term":[{"taxonomy":"category","embeddable":true,"href":"https:\/\/www.eldigitaldeasturias.com\/noticias\/wp-json\/wp\/v2\/categories?post=485411"},{"taxonomy":"post_tag","embeddable":true,"href":"https:\/\/www.eldigitaldeasturias.com\/noticias\/wp-json\/wp\/v2\/tags?post=485411"}],"curies":[{"name":"wp","href":"https:\/\/api.w.org\/{rel}","templated":true}]}}