{"id":485393,"date":"2014-02-07T00:52:24","date_gmt":"2014-02-07T01:52:24","guid":{"rendered":"http:\/\/www.eldigitaldeasturias.com\/noticias\/?p=485393"},"modified":"2014-02-07T00:52:24","modified_gmt":"2014-02-07T01:52:24","slug":"pascual-cree-que-el-barcelona-llega-a-la-copa-en-un-buen-momento","status":"publish","type":"post","link":"https:\/\/www.eldigitaldeasturias.com\/noticias\/pascual-cree-que-el-barcelona-llega-a-la-copa-en-un-buen-momento\/","title":{"rendered":"Pascual cree que el Barcelona llega \u00aba la Copa en un buen momento\u00bb"},"content":{"rendered":"<p><img loading=\"lazy\" decoding=\"async\" class=\"alignleft size-medium wp-image-485394\" alt=\"5915962w\" src=\"https:\/\/www.eldigitaldeasturias.com\/noticias\/wp-content\/uploads\/2014\/02\/5915962w-360x267.jpg\" width=\"360\" height=\"267\" \/>(EFE).- El entrenador del Barcelona, Xavi Pascual, se ha mostrado optimista sobre las opciones de su equipo en la Copa del Rey que se disputa a partir de hoy en M\u00e1laga, pues considera que llega \u00aben un buen momento\u00bb a la cita.<\/p>\n<p>\u00abNuestra trayectoria est\u00e1 siendo de menos a m\u00e1s, como no pod\u00eda ser de otra manera en un equipo que es nuevo. Afrontamos esta Copa del Rey con mucha ilusi\u00f3n, pero llegar bien no te da nada especial porque un detalle, un error o un mal d\u00eda te env\u00eda para casa\u00bb, ha declarado Pascual.<\/p>\n<p>El t\u00e9cnico del conjunto azulgrana ha atendido esta ma\u00f1ana a los medios de comunicaci\u00f3n antes de volar esta tarde a la capital de la Costa del Sol, donde debutar\u00e1 ma\u00f1ana ante el Iberostar Tenerife en el \u00faltimo partido de cuartos de final.<\/p>\n<p>\u00abSi todo fuera bien, tendr\u00eda que dar seis ruedas de prensa m\u00e1s\u00bb, ha apuntado el t\u00e9cnico del Bar\u00e7a que, de este modo, ha declinado hablar sobre una hipot\u00e9tica final ante el Real Madrid y ha pedido que hoy su comparecencia se centrara \u00fanica y exclusivamente en el partido contra el conjunto canario.<\/p>\n<p>\u00abLlevamos un rato aqu\u00ed y casi no me hab\u00e9is preguntado sobre el rival de ma\u00f1ana. Es el equipo de la competici\u00f3n que encuentra m\u00e1s canastas f\u00e1ciles, un equipo excelente en el juego sin bal\u00f3n, est\u00e1n muy bien entrenados, juegan un partido por semana que preparan muy bien y (en M\u00e1laga) no van a sentir la presi\u00f3n\u00bb, ha destacado.<\/p>\n<p>Pascual ha recordado que el cuadro tinerfe\u00f1o \u00abha ganado a casi todos los grandes en los \u00faltimos a\u00f1os\u00bb, aunque, curiosamente, al Barcelona es al \u00fanico grande al que jam\u00e1s ha derrotado.<\/p>\n<p>En el Mart\u00edn Carpena no estar\u00e1 el p\u00edvot del Iberostar Tenerife Blagota Sekulic, hasta ahora el jugador m\u00e1s valioso de la Liga Endesa y que acaba de fichar por el Fenerbah\u00e7e turco.<\/p>\n<p>En este sentido, Pascual ha admitido que se trata de \u00abuna baja muy importante\u00bb porque es \u00abun jugador que les ha ayudado much\u00edsimo, aportando puntos, rebotes y estructura\u00bb, pero que el Tenerife tiene \u00abmuchos jugadores vers\u00e1tiles\u00bb y que \u00aba un solo partido se puede notar mucho menos su ausencia\u00bb.<\/p>\n<p>El Barcelona, por su parte, solo cuenta con la baja por lesi\u00f3n del p\u00edvot Macej Lampe. \u00abLos otros trece est\u00e1n disponibles y todos van hacia arriba y est\u00e1n mejorando sus prestaciones, cada uno con sus caracter\u00edsticas\u00bb, ha indicado Pascual.<\/p>\n<p>Para el preparador catal\u00e1n, que cada uno de sus hombres est\u00e9 asumiendo cada vez m\u00e1s protagonismo dentro del equipo es importante en una competici\u00f3n tan corta e intensa.<\/p>\n<p>\u00abLas experiencia en la Copa del Rey me dice que no siempre se puede jugar perfecto como conjunto, que en algunos momentos necesitas jugadores con liderazgo ofensivo. Sin duda, lo que m\u00e1s necesitaremos ser\u00e1n las aportaciones individuales\u00bb, ha subrayado.<\/p>\n<p>Xavi Pascual tambi\u00e9n se muestra satisfecho porque paralelamente a la mejora de las prestaciones individuales de sus jugadores se ha conseguido una mayor solidez como bloque: \u00abEl equipo ha mejorado en madurez. Nuestros guarismos defensivos han mejorado, cada vez encajamos menos canastas f\u00e1ciles y tambi\u00e9n tomamos mejores decisiones en ataque\u00bb.<\/p>\n<p>El Barcelona, actual campe\u00f3n de la Copa del Rey, ha jugado las \u00faltimas cuatro finales y ha ganado tres de ellas. Preguntado por el hecho de que el equipo no llegue esta vez con el cartel de favorito y si esto puede beneficiarle, Pascual ha sido claro.<\/p>\n<p>\u00abDe las \u00faltimas cuatro ediciones, hemos ganado tres. Dos de ellas como favoritos y en una -la del a\u00f1o pasado- no lo \u00e9ramos. No es cuesti\u00f3n de llevar una etiqueta, sino de hacerlo bien\u00bb, ha sentenciado.<\/p>\n","protected":false},"excerpt":{"rendered":"<p>(EFE).- El entrenador del Barcelona, Xavi Pascual, se ha mostrado optimista sobre las opciones de su equipo en la Copa del Rey que se disputa a partir de hoy en M\u00e1laga, pues considera que llega \u00aben un buen momento\u00bb a la cita. \u00abNuestra trayectoria est\u00e1 siendo de menos a m\u00e1s, como no pod\u00eda ser de [&hellip;]<\/p>\n","protected":false},"author":1,"featured_media":485394,"comment_status":"closed","ping_status":"open","sticky":false,"template":"","format":"standard","meta":{"footnotes":""},"categories":[1],"tags":[],"class_list":["post-485393","post","type-post","status-publish","format-standard","has-post-thumbnail","hentry","category-actualidad"],"aioseo_notices":[],"aioseo_head":"\n\t\t<!-- All in One SEO Pro 5.0.1 - aioseo.com -->\n\t<meta name=\"description\" content=\"(EFE).- El entrenador del Barcelona, Xavi Pascual, se ha mostrado optimista sobre las opciones de su equipo en la Copa del Rey que se disputa a partir de hoy en M\u00e1laga, pues considera que llega &quot;en un buen momento&quot; a la cita. &quot;Nuestra trayectoria est\u00e1 siendo de menos a m\u00e1s, como no pod\u00eda ser de\" \/>\n\t<meta name=\"robots\" content=\"max-image-preview:large\" \/>\n\t<meta name=\"author\" content=\"El Digital de Asturias\"\/>\n\t<meta name=\"google-site-verification\" content=\"UA-38556648-1\" \/>\n\t<meta name=\"msvalidate.01\" content=\"7dfe9f3f1b24437ab69f4f2559babe99\" \/>\n\t<meta name=\"keywords\" content=\"actualidad\" \/>\n\t<link rel=\"canonical\" href=\"https:\/\/www.eldigitaldeasturias.com\/noticias\/pascual-cree-que-el-barcelona-llega-a-la-copa-en-un-buen-momento\/\" \/>\n\t<meta name=\"generator\" content=\"All in One SEO Pro (AIOSEO) 5.0.1\" \/>\n\t\t<meta property=\"og:locale\" content=\"es_ES\" \/>\n\t\t<meta property=\"og:site_name\" content=\"El Digital de Asturias\" \/>\n\t\t<meta property=\"og:type\" content=\"article\" \/>\n\t\t<meta property=\"og:title\" content=\"Pascual cree que el Barcelona llega \u00aba la Copa en un buen momento\u00bb - El Digital de Asturias\" \/>\n\t\t<meta property=\"og:description\" content=\"(EFE).- El entrenador del Barcelona, Xavi Pascual, se ha mostrado optimista sobre las opciones de su equipo en la Copa del Rey que se disputa a partir de hoy en M\u00e1laga, pues considera que llega &quot;en un buen momento&quot; a la cita. &quot;Nuestra trayectoria est\u00e1 siendo de menos a m\u00e1s, como no pod\u00eda ser de\" \/>\n\t\t<meta property=\"og:url\" content=\"https:\/\/www.eldigitaldeasturias.com\/noticias\/pascual-cree-que-el-barcelona-llega-a-la-copa-en-un-buen-momento\/\" \/>\n\t\t<meta property=\"article:tag\" content=\"actualidad\" \/>\n\t\t<meta property=\"article:published_time\" content=\"2014-02-07T01:52:24+00:00\" \/>\n\t\t<meta property=\"article:modified_time\" content=\"2014-02-07T01:52:24+00:00\" \/>\n\t\t<meta property=\"article:publisher\" content=\"https:\/\/facebook.com\/eldigitaldeasturias\" \/>\n\t\t<meta name=\"twitter:card\" content=\"summary_large_image\" \/>\n\t\t<meta name=\"twitter:title\" content=\"Pascual cree que el Barcelona llega \u00aba la Copa en un buen momento\u00bb - El Digital de Asturias\" \/>\n\t\t<meta name=\"twitter:description\" content=\"(EFE).- El entrenador del Barcelona, Xavi Pascual, se ha mostrado optimista sobre las opciones de su equipo en la Copa del Rey que se disputa a partir de hoy en M\u00e1laga, pues considera que llega &quot;en un buen momento&quot; a la cita. &quot;Nuestra trayectoria est\u00e1 siendo de menos a m\u00e1s, como no pod\u00eda ser de\" \/>\n\t\t<meta name=\"twitter:label1\" content=\"Escrito por\" \/>\n\t\t<meta name=\"twitter:data1\" content=\"El Digital de Asturias\" \/>\n\t\t<meta name=\"twitter:label2\" content=\"Tiempo de lectura estimado\" \/>\n\t\t<meta name=\"twitter:data2\" content=\"3 minutos\" \/>\n\t\t<script type=\"application\/ld+json\" class=\"aioseo-schema\">\n\t\t\t{\"@context\":\"https:\\\/\\\/schema.org\",\"@graph\":[{\"@type\":\"BlogPosting\",\"@id\":\"https:\\\/\\\/www.eldigitaldeasturias.com\\\/noticias\\\/pascual-cree-que-el-barcelona-llega-a-la-copa-en-un-buen-momento\\\/#blogposting\",\"name\":\"Pascual cree que el Barcelona llega \\u00aba la Copa en un buen momento\\u00bb - El Digital de Asturias\",\"headline\":\"Pascual cree que el Barcelona llega \\u00aba la Copa en un buen momento\\u00bb\",\"author\":{\"@id\":\"https:\\\/\\\/www.eldigitaldeasturias.com\\\/noticias\\\/author\\\/admin\\\/#author\"},\"publisher\":{\"@id\":\"https:\\\/\\\/www.eldigitaldeasturias.com\\\/noticias\\\/#organization\"},\"image\":{\"@type\":\"ImageObject\",\"url\":485394},\"datePublished\":\"2014-02-07T00:52:24+01:00\",\"dateModified\":\"2014-02-07T00:52:24+01:00\",\"inLanguage\":\"es-ES\",\"mainEntityOfPage\":{\"@id\":\"https:\\\/\\\/www.eldigitaldeasturias.com\\\/noticias\\\/pascual-cree-que-el-barcelona-llega-a-la-copa-en-un-buen-momento\\\/#webpage\"},\"isPartOf\":{\"@id\":\"https:\\\/\\\/www.eldigitaldeasturias.com\\\/noticias\\\/pascual-cree-que-el-barcelona-llega-a-la-copa-en-un-buen-momento\\\/#webpage\"},\"articleSection\":\"Actualidad\"},{\"@type\":\"BreadcrumbList\",\"@id\":\"https:\\\/\\\/www.eldigitaldeasturias.com\\\/noticias\\\/pascual-cree-que-el-barcelona-llega-a-la-copa-en-un-buen-momento\\\/#breadcrumblist\",\"itemListElement\":[{\"@type\":\"ListItem\",\"@id\":\"https:\\\/\\\/www.eldigitaldeasturias.com\\\/noticias#listItem\",\"position\":1,\"name\":\"Home\",\"item\":\"https:\\\/\\\/www.eldigitaldeasturias.com\\\/noticias\",\"nextItem\":{\"@type\":\"ListItem\",\"@id\":\"https:\\\/\\\/www.eldigitaldeasturias.com\\\/noticias\\\/category\\\/actualidad\\\/#listItem\",\"name\":\"Actualidad\"}},{\"@type\":\"ListItem\",\"@id\":\"https:\\\/\\\/www.eldigitaldeasturias.com\\\/noticias\\\/category\\\/actualidad\\\/#listItem\",\"position\":2,\"name\":\"Actualidad\",\"item\":\"https:\\\/\\\/www.eldigitaldeasturias.com\\\/noticias\\\/category\\\/actualidad\\\/\",\"nextItem\":{\"@type\":\"ListItem\",\"@id\":\"https:\\\/\\\/www.eldigitaldeasturias.com\\\/noticias\\\/pascual-cree-que-el-barcelona-llega-a-la-copa-en-un-buen-momento\\\/#listItem\",\"name\":\"Pascual cree que el Barcelona llega \\u00aba la Copa en un buen momento\\u00bb\"},\"previousItem\":{\"@type\":\"ListItem\",\"@id\":\"https:\\\/\\\/www.eldigitaldeasturias.com\\\/noticias#listItem\",\"name\":\"Home\"}},{\"@type\":\"ListItem\",\"@id\":\"https:\\\/\\\/www.eldigitaldeasturias.com\\\/noticias\\\/pascual-cree-que-el-barcelona-llega-a-la-copa-en-un-buen-momento\\\/#listItem\",\"position\":3,\"name\":\"Pascual cree que el Barcelona llega \\u00aba la Copa en un buen momento\\u00bb\",\"previousItem\":{\"@type\":\"ListItem\",\"@id\":\"https:\\\/\\\/www.eldigitaldeasturias.com\\\/noticias\\\/category\\\/actualidad\\\/#listItem\",\"name\":\"Actualidad\"}}]},{\"@type\":\"Organization\",\"@id\":\"https:\\\/\\\/www.eldigitaldeasturias.com\\\/noticias\\\/#organization\",\"name\":\"El Digital de Asturias\",\"description\":\"Hemeroteca\",\"url\":\"https:\\\/\\\/www.eldigitaldeasturias.com\\\/noticias\\\/\",\"email\":\"info@eldigitaldeasturias.com\",\"telephone\":\"+34652131393\",\"logo\":{\"@type\":\"ImageObject\",\"url\":\"https:\\\/\\\/www.eldigitaldeasturias.com\\\/noticias\\\/wp-content\\\/uploads\\\/2020\\\/12\\\/EDA.jpg\",\"@id\":\"https:\\\/\\\/www.eldigitaldeasturias.com\\\/noticias\\\/pascual-cree-que-el-barcelona-llega-a-la-copa-en-un-buen-momento\\\/#organizationLogo\"},\"image\":{\"@id\":\"https:\\\/\\\/www.eldigitaldeasturias.com\\\/noticias\\\/pascual-cree-que-el-barcelona-llega-a-la-copa-en-un-buen-momento\\\/#organizationLogo\"},\"sameAs\":[\"https:\\\/\\\/facebook.com\\\/eldigitaldeasturias\",\"https:\\\/\\\/www.youtube.com\\\/channel\\\/UCZP-2wLEB9Rv6erhFmqVnvg\"],\"address\":{\"@id\":\"https:\\\/\\\/www.eldigitaldeasturias.com\\\/noticias\\\/#postaladdress\",\"@type\":\"PostalAddress\",\"streetAddress\":\"san antonio 4\",\"postalCode\":\"33430\",\"addressLocality\":\"Cand\\u00e1s\",\"addressRegion\":\"Asturias\",\"addressCountry\":\"ES\"}},{\"@type\":\"Person\",\"@id\":\"https:\\\/\\\/www.eldigitaldeasturias.com\\\/noticias\\\/author\\\/admin\\\/#author\",\"url\":\"https:\\\/\\\/www.eldigitaldeasturias.com\\\/noticias\\\/author\\\/admin\\\/\",\"name\":\"El Digital de Asturias\",\"image\":{\"@type\":\"ImageObject\",\"@id\":\"https:\\\/\\\/www.eldigitaldeasturias.com\\\/noticias\\\/pascual-cree-que-el-barcelona-llega-a-la-copa-en-un-buen-momento\\\/#authorImage\",\"url\":\"https:\\\/\\\/secure.gravatar.com\\\/avatar\\\/df2aeffc32bcd13f8d26072ef8a91b623d677766deac7f97ca815868cd41bf5e?s=96&d=mm&r=g\",\"width\":96,\"height\":96,\"caption\":\"El Digital de Asturias\"}},{\"@type\":\"WebPage\",\"@id\":\"https:\\\/\\\/www.eldigitaldeasturias.com\\\/noticias\\\/pascual-cree-que-el-barcelona-llega-a-la-copa-en-un-buen-momento\\\/#webpage\",\"url\":\"https:\\\/\\\/www.eldigitaldeasturias.com\\\/noticias\\\/pascual-cree-que-el-barcelona-llega-a-la-copa-en-un-buen-momento\\\/\",\"name\":\"Pascual cree que el Barcelona llega \\u00aba la Copa en un buen momento\\u00bb - El Digital de Asturias\",\"description\":\"(EFE).- El entrenador del Barcelona, Xavi Pascual, se ha mostrado optimista sobre las opciones de su equipo en la Copa del Rey que se disputa a partir de hoy en M\\u00e1laga, pues considera que llega \\\"en un buen momento\\\" a la cita. \\\"Nuestra trayectoria est\\u00e1 siendo de menos a m\\u00e1s, como no pod\\u00eda ser de\",\"inLanguage\":\"es-ES\",\"isPartOf\":{\"@id\":\"https:\\\/\\\/www.eldigitaldeasturias.com\\\/noticias\\\/#website\"},\"breadcrumb\":{\"@id\":\"https:\\\/\\\/www.eldigitaldeasturias.com\\\/noticias\\\/pascual-cree-que-el-barcelona-llega-a-la-copa-en-un-buen-momento\\\/#breadcrumblist\"},\"author\":{\"@id\":\"https:\\\/\\\/www.eldigitaldeasturias.com\\\/noticias\\\/author\\\/admin\\\/#author\"},\"creator\":{\"@id\":\"https:\\\/\\\/www.eldigitaldeasturias.com\\\/noticias\\\/author\\\/admin\\\/#author\"},\"image\":{\"@type\":\"ImageObject\",\"url\":485394,\"@id\":\"https:\\\/\\\/www.eldigitaldeasturias.com\\\/noticias\\\/pascual-cree-que-el-barcelona-llega-a-la-copa-en-un-buen-momento\\\/#mainImage\"},\"primaryImageOfPage\":{\"@id\":\"https:\\\/\\\/www.eldigitaldeasturias.com\\\/noticias\\\/pascual-cree-que-el-barcelona-llega-a-la-copa-en-un-buen-momento\\\/#mainImage\"},\"datePublished\":\"2014-02-07T00:52:24+01:00\",\"dateModified\":\"2014-02-07T00:52:24+01:00\"},{\"@type\":\"WebSite\",\"@id\":\"https:\\\/\\\/www.eldigitaldeasturias.com\\\/noticias\\\/#website\",\"url\":\"https:\\\/\\\/www.eldigitaldeasturias.com\\\/noticias\\\/\",\"name\":\"El Digital de Asturias - Diario de actualidad y noticias\",\"alternateName\":\"El Digital de Asturias - Diario de actualidad y noticias\",\"description\":\"Hemeroteca\",\"inLanguage\":\"es-ES\",\"publisher\":{\"@id\":\"https:\\\/\\\/www.eldigitaldeasturias.com\\\/noticias\\\/#organization\"}}]}\n\t\t<\/script>\n\t\t<!-- All in One SEO Pro -->\r\n\t\t<title>Pascual cree que el Barcelona llega \u00aba la Copa en un buen momento\u00bb - El Digital de Asturias<\/title>\n\n","aioseo_head_json":{"title":"Pascual cree que el Barcelona llega \u00aba la Copa en un buen momento\u00bb - El Digital de Asturias","description":"(EFE).- El entrenador del Barcelona, Xavi Pascual, se ha mostrado optimista sobre las opciones de su equipo en la Copa del Rey que se disputa a partir de hoy en M\u00e1laga, pues considera que llega \"en un buen momento\" a la cita. \"Nuestra trayectoria est\u00e1 siendo de menos a m\u00e1s, como no pod\u00eda ser de","canonical_url":"https:\/\/www.eldigitaldeasturias.com\/noticias\/pascual-cree-que-el-barcelona-llega-a-la-copa-en-un-buen-momento\/","robots":"max-image-preview:large","keywords":"actualidad","webmasterTools":{"google-site-verification":"UA-38556648-1","msvalidate.01":"7dfe9f3f1b24437ab69f4f2559babe99","miscellaneous":""},"schema":{"@context":"https:\/\/schema.org","@graph":[{"@type":"BlogPosting","@id":"https:\/\/www.eldigitaldeasturias.com\/noticias\/pascual-cree-que-el-barcelona-llega-a-la-copa-en-un-buen-momento\/#blogposting","name":"Pascual cree que el Barcelona llega \u00aba la Copa en un buen momento\u00bb - El Digital de Asturias","headline":"Pascual cree que el Barcelona llega \u00aba la Copa en un buen momento\u00bb","author":{"@id":"https:\/\/www.eldigitaldeasturias.com\/noticias\/author\/admin\/#author"},"publisher":{"@id":"https:\/\/www.eldigitaldeasturias.com\/noticias\/#organization"},"image":{"@type":"ImageObject","url":485394},"datePublished":"2014-02-07T00:52:24+01:00","dateModified":"2014-02-07T00:52:24+01:00","inLanguage":"es-ES","mainEntityOfPage":{"@id":"https:\/\/www.eldigitaldeasturias.com\/noticias\/pascual-cree-que-el-barcelona-llega-a-la-copa-en-un-buen-momento\/#webpage"},"isPartOf":{"@id":"https:\/\/www.eldigitaldeasturias.com\/noticias\/pascual-cree-que-el-barcelona-llega-a-la-copa-en-un-buen-momento\/#webpage"},"articleSection":"Actualidad"},{"@type":"BreadcrumbList","@id":"https:\/\/www.eldigitaldeasturias.com\/noticias\/pascual-cree-que-el-barcelona-llega-a-la-copa-en-un-buen-momento\/#breadcrumblist","itemListElement":[{"@type":"ListItem","@id":"https:\/\/www.eldigitaldeasturias.com\/noticias#listItem","position":1,"name":"Home","item":"https:\/\/www.eldigitaldeasturias.com\/noticias","nextItem":{"@type":"ListItem","@id":"https:\/\/www.eldigitaldeasturias.com\/noticias\/category\/actualidad\/#listItem","name":"Actualidad"}},{"@type":"ListItem","@id":"https:\/\/www.eldigitaldeasturias.com\/noticias\/category\/actualidad\/#listItem","position":2,"name":"Actualidad","item":"https:\/\/www.eldigitaldeasturias.com\/noticias\/category\/actualidad\/","nextItem":{"@type":"ListItem","@id":"https:\/\/www.eldigitaldeasturias.com\/noticias\/pascual-cree-que-el-barcelona-llega-a-la-copa-en-un-buen-momento\/#listItem","name":"Pascual cree que el Barcelona llega \u00aba la Copa en un buen momento\u00bb"},"previousItem":{"@type":"ListItem","@id":"https:\/\/www.eldigitaldeasturias.com\/noticias#listItem","name":"Home"}},{"@type":"ListItem","@id":"https:\/\/www.eldigitaldeasturias.com\/noticias\/pascual-cree-que-el-barcelona-llega-a-la-copa-en-un-buen-momento\/#listItem","position":3,"name":"Pascual cree que el Barcelona llega \u00aba la Copa en un buen momento\u00bb","previousItem":{"@type":"ListItem","@id":"https:\/\/www.eldigitaldeasturias.com\/noticias\/category\/actualidad\/#listItem","name":"Actualidad"}}]},{"@type":"Organization","@id":"https:\/\/www.eldigitaldeasturias.com\/noticias\/#organization","name":"El Digital de Asturias","description":"Hemeroteca","url":"https:\/\/www.eldigitaldeasturias.com\/noticias\/","email":"info@eldigitaldeasturias.com","telephone":"+34652131393","logo":{"@type":"ImageObject","url":"https:\/\/www.eldigitaldeasturias.com\/noticias\/wp-content\/uploads\/2020\/12\/EDA.jpg","@id":"https:\/\/www.eldigitaldeasturias.com\/noticias\/pascual-cree-que-el-barcelona-llega-a-la-copa-en-un-buen-momento\/#organizationLogo"},"image":{"@id":"https:\/\/www.eldigitaldeasturias.com\/noticias\/pascual-cree-que-el-barcelona-llega-a-la-copa-en-un-buen-momento\/#organizationLogo"},"sameAs":["https:\/\/facebook.com\/eldigitaldeasturias","https:\/\/www.youtube.com\/channel\/UCZP-2wLEB9Rv6erhFmqVnvg"],"address":{"@id":"https:\/\/www.eldigitaldeasturias.com\/noticias\/#postaladdress","@type":"PostalAddress","streetAddress":"san antonio 4","postalCode":"33430","addressLocality":"Cand\u00e1s","addressRegion":"Asturias","addressCountry":"ES"}},{"@type":"Person","@id":"https:\/\/www.eldigitaldeasturias.com\/noticias\/author\/admin\/#author","url":"https:\/\/www.eldigitaldeasturias.com\/noticias\/author\/admin\/","name":"El Digital de Asturias","image":{"@type":"ImageObject","@id":"https:\/\/www.eldigitaldeasturias.com\/noticias\/pascual-cree-que-el-barcelona-llega-a-la-copa-en-un-buen-momento\/#authorImage","url":"https:\/\/secure.gravatar.com\/avatar\/df2aeffc32bcd13f8d26072ef8a91b623d677766deac7f97ca815868cd41bf5e?s=96&d=mm&r=g","width":96,"height":96,"caption":"El Digital de Asturias"}},{"@type":"WebPage","@id":"https:\/\/www.eldigitaldeasturias.com\/noticias\/pascual-cree-que-el-barcelona-llega-a-la-copa-en-un-buen-momento\/#webpage","url":"https:\/\/www.eldigitaldeasturias.com\/noticias\/pascual-cree-que-el-barcelona-llega-a-la-copa-en-un-buen-momento\/","name":"Pascual cree que el Barcelona llega \u00aba la Copa en un buen momento\u00bb - El Digital de Asturias","description":"(EFE).- El entrenador del Barcelona, Xavi Pascual, se ha mostrado optimista sobre las opciones de su equipo en la Copa del Rey que se disputa a partir de hoy en M\u00e1laga, pues considera que llega \"en un buen momento\" a la cita. \"Nuestra trayectoria est\u00e1 siendo de menos a m\u00e1s, como no pod\u00eda ser de","inLanguage":"es-ES","isPartOf":{"@id":"https:\/\/www.eldigitaldeasturias.com\/noticias\/#website"},"breadcrumb":{"@id":"https:\/\/www.eldigitaldeasturias.com\/noticias\/pascual-cree-que-el-barcelona-llega-a-la-copa-en-un-buen-momento\/#breadcrumblist"},"author":{"@id":"https:\/\/www.eldigitaldeasturias.com\/noticias\/author\/admin\/#author"},"creator":{"@id":"https:\/\/www.eldigitaldeasturias.com\/noticias\/author\/admin\/#author"},"image":{"@type":"ImageObject","url":485394,"@id":"https:\/\/www.eldigitaldeasturias.com\/noticias\/pascual-cree-que-el-barcelona-llega-a-la-copa-en-un-buen-momento\/#mainImage"},"primaryImageOfPage":{"@id":"https:\/\/www.eldigitaldeasturias.com\/noticias\/pascual-cree-que-el-barcelona-llega-a-la-copa-en-un-buen-momento\/#mainImage"},"datePublished":"2014-02-07T00:52:24+01:00","dateModified":"2014-02-07T00:52:24+01:00"},{"@type":"WebSite","@id":"https:\/\/www.eldigitaldeasturias.com\/noticias\/#website","url":"https:\/\/www.eldigitaldeasturias.com\/noticias\/","name":"El Digital de Asturias - Diario de actualidad y noticias","alternateName":"El Digital de Asturias - Diario de actualidad y noticias","description":"Hemeroteca","inLanguage":"es-ES","publisher":{"@id":"https:\/\/www.eldigitaldeasturias.com\/noticias\/#organization"}}]},"og:locale":"es_ES","og:site_name":"El Digital de Asturias","og:type":"article","og:title":"Pascual cree que el Barcelona llega \u00aba la Copa en un buen momento\u00bb - El Digital de Asturias","og:description":"(EFE).- El entrenador del Barcelona, Xavi Pascual, se ha mostrado optimista sobre las opciones de su equipo en la Copa del Rey que se disputa a partir de hoy en M\u00e1laga, pues considera que llega &quot;en un buen momento&quot; a la cita. &quot;Nuestra trayectoria est\u00e1 siendo de menos a m\u00e1s, como no pod\u00eda ser de","og:url":"https:\/\/www.eldigitaldeasturias.com\/noticias\/pascual-cree-que-el-barcelona-llega-a-la-copa-en-un-buen-momento\/","article:tag":["actualidad"],"article:published_time":"2014-02-07T01:52:24+00:00","article:modified_time":"2014-02-07T01:52:24+00:00","article:publisher":"https:\/\/facebook.com\/eldigitaldeasturias","twitter:card":"summary_large_image","twitter:title":"Pascual cree que el Barcelona llega \u00aba la Copa en un buen momento\u00bb - El Digital de Asturias","twitter:description":"(EFE).- El entrenador del Barcelona, Xavi Pascual, se ha mostrado optimista sobre las opciones de su equipo en la Copa del Rey que se disputa a partir de hoy en M\u00e1laga, pues considera que llega &quot;en un buen momento&quot; a la cita. &quot;Nuestra trayectoria est\u00e1 siendo de menos a m\u00e1s, como no pod\u00eda ser de","twitter:label1":"Escrito por","twitter:data1":"El Digital de Asturias","twitter:label2":"Tiempo de lectura estimado","twitter:data2":"3 minutos"},"aioseo_meta_data":{"post_id":"485393","title":null,"description":null,"keywords":null,"keyphrases":null,"primary_term":null,"canonical_url":null,"og_title":null,"og_description":null,"og_object_type":"default","og_image_type":"default","og_image_url":null,"og_image_width":null,"og_image_height":null,"og_image_custom_url":null,"og_image_custom_fields":null,"og_video":null,"og_custom_url":null,"og_article_section":null,"og_article_tags":null,"twitter_use_og":true,"twitter_card":"default","twitter_image_type":"default","twitter_image_url":null,"twitter_image_custom_url":null,"twitter_image_custom_fields":null,"twitter_title":null,"twitter_description":null,"schema":{"blockGraphs":[],"customGraphs":[],"default":{"data":{"Article":[],"Course":[],"Dataset":[],"FAQPage":[],"Movie":[],"Person":[],"Product":[],"ProductReview":[],"Car":[],"Recipe":[],"Service":[],"SoftwareApplication":[],"WebPage":[]},"graphName":"","isEnabled":true},"graphs":[],"defaultGraph":"","defaultPostTypeGraph":""},"schema_type":null,"schema_type_options":null,"pillar_content":false,"robots_default":true,"robots_noindex":false,"robots_noarchive":false,"robots_nosnippet":false,"robots_nofollow":false,"robots_noimageindex":false,"robots_noodp":false,"robots_notranslate":false,"robots_max_snippet":null,"robots_max_videopreview":null,"robots_max_imagepreview":"none","priority":null,"frequency":null,"local_seo":null,"seo_analyzer_scan_date":"2026-06-02 20:06:50","breadcrumb_settings":null,"limit_modified_date":false,"open_ai":null,"ai":null,"created":"2020-11-14 22:55:14","updated":"2026-06-02 20:06:50","focus_keyword":null,"additional_keywords":null,"truseo_locale":null},"aioseo_breadcrumb":"<div class=\"aioseo-breadcrumbs\"><span class=\"aioseo-breadcrumb\">\n\t<a href=\"https:\/\/www.eldigitaldeasturias.com\/noticias\" title=\"Home\">Home<\/a>\n<\/span><span class=\"aioseo-breadcrumb-separator\">\u2013<\/span><span class=\"aioseo-breadcrumb\">\n\t<a href=\"https:\/\/www.eldigitaldeasturias.com\/noticias\/category\/actualidad\/\" title=\"Actualidad\">Actualidad<\/a>\n<\/span><span class=\"aioseo-breadcrumb-separator\">\u2013<\/span><span class=\"aioseo-breadcrumb\">\n\t<a href=\"https:\/\/www.eldigitaldeasturias.com\/noticias\/pascual-cree-que-el-barcelona-llega-a-la-copa-en-un-buen-momento\/\" title=\"Pascual cree que el Barcelona llega \u00aba la Copa en un buen momento\u00bb\">Pascual cree que el Barcelona llega \u00aba la Copa en un buen momento\u00bb<\/a>\n<\/span><\/div>","aioseo_breadcrumb_json":[{"label":"Home","link":"https:\/\/www.eldigitaldeasturias.com\/noticias"},{"label":"Actualidad","link":"https:\/\/www.eldigitaldeasturias.com\/noticias\/category\/actualidad\/"},{"label":"Pascual cree que el Barcelona llega \u00aba la Copa en un buen momento\u00bb","link":"https:\/\/www.eldigitaldeasturias.com\/noticias\/pascual-cree-que-el-barcelona-llega-a-la-copa-en-un-buen-momento\/"}],"_links":{"self":[{"href":"https:\/\/www.eldigitaldeasturias.com\/noticias\/wp-json\/wp\/v2\/posts\/485393","targetHints":{"allow":["GET"]}}],"collection":[{"href":"https:\/\/www.eldigitaldeasturias.com\/noticias\/wp-json\/wp\/v2\/posts"}],"about":[{"href":"https:\/\/www.eldigitaldeasturias.com\/noticias\/wp-json\/wp\/v2\/types\/post"}],"author":[{"embeddable":true,"href":"https:\/\/www.eldigitaldeasturias.com\/noticias\/wp-json\/wp\/v2\/users\/1"}],"replies":[{"embeddable":true,"href":"https:\/\/www.eldigitaldeasturias.com\/noticias\/wp-json\/wp\/v2\/comments?post=485393"}],"version-history":[{"count":0,"href":"https:\/\/www.eldigitaldeasturias.com\/noticias\/wp-json\/wp\/v2\/posts\/485393\/revisions"}],"wp:attachment":[{"href":"https:\/\/www.eldigitaldeasturias.com\/noticias\/wp-json\/wp\/v2\/media?parent=485393"}],"wp:term":[{"taxonomy":"category","embeddable":true,"href":"https:\/\/www.eldigitaldeasturias.com\/noticias\/wp-json\/wp\/v2\/categories?post=485393"},{"taxonomy":"post_tag","embeddable":true,"href":"https:\/\/www.eldigitaldeasturias.com\/noticias\/wp-json\/wp\/v2\/tags?post=485393"}],"curies":[{"name":"wp","href":"https:\/\/api.w.org\/{rel}","templated":true}]}}