{"id":485391,"date":"2014-02-07T00:07:28","date_gmt":"2014-02-07T01:07:28","guid":{"rendered":"http:\/\/www.eldigitaldeasturias.com\/noticias\/?p=485391"},"modified":"2014-02-07T00:07:28","modified_gmt":"2014-02-07T01:07:28","slug":"nadal-confirma-su-renuncia-a-jugar-en-buenos-aires-lo-siento","status":"publish","type":"post","link":"https:\/\/www.eldigitaldeasturias.com\/noticias\/nadal-confirma-su-renuncia-a-jugar-en-buenos-aires-lo-siento\/","title":{"rendered":"Nadal confirma su renuncia a jugar en Buenos Aires : \u00abLo siento\u00bb"},"content":{"rendered":"<p><img loading=\"lazy\" decoding=\"async\" class=\"alignleft size-medium wp-image-468759\" alt=\"5823289wnadal\" src=\"https:\/\/www.eldigitaldeasturias.com\/noticias\/wp-content\/uploads\/2013\/12\/5823289w-360x283.jpg\" width=\"360\" height=\"283\" \/>Madrid, 6 feb (dpa) &#8211; El espa\u00f1ol Rafael Nadal, n\u00famero uno del ranking mundial de tenis, confirm\u00f3 hoy su renuncia a jugar en el torneo de tenis de Buenos Aires a causa de sus problemas f\u00edsicos.<\/p>\n<p>\u00abLo siento mucho por todos los seguidores, los organizadores y especialmente por m\u00ed, que me hac\u00eda una gran ilusi\u00f3n volver a un pa\u00eds al que quiero mucho como Argentina\u00bb, dijo Nadal a trav\u00e9s de un video que public\u00f3 en las redes sociales.<\/p>\n<p>\u00abDesde que he vuelto de Australia, por la lesi\u00f3n en la espalda, no he podido entrenar a\u00fan\u00bb, explic\u00f3. \u00abTen\u00eda intenci\u00f3n de entrenar hoy a la ma\u00f1ana, pero por un proceso de virus estomacal he tenido que retrasar todo\u00bb.<\/p>\n<p>\u00abEstamos a cuatro o tres d\u00edas vista del torneo. Sin haber entrenado ni un s\u00f3lo d\u00eda en pista despu\u00e9s de Australia por el proceso estomacal que estoy sufriendo se me hace imposible poder llegar con una preparaci\u00f3n adecuada como para competir en un torneo tan importante y exigente como el de Buenos Aires\u00bb, agreg\u00f3.<\/p>\n<p>\u00abLament\u00e1ndolo mucho tengo que tomar esta triste decisi\u00f3n. Espero volver pronto, un abrazo muy fuerte, lo siento, gracias a todos\u00bb, concluy\u00f3.<\/p>\n<p>Nadal perdi\u00f3 el 26 de enero la final del Abierto de Australia ante el suizo Stanislas Wawrinka afectado por problemas en la espalda. Desde entonces se someti\u00f3 a estudios m\u00e9dicos y a un per\u00edodo de recuperaci\u00f3n, pero manten\u00eda abierta la esperanza de jugar en Buenos Aires, torneo que comienza el lunes.<\/p>\n<p>El plan del n\u00famero uno del mundo pasaba por probarse hoy en cancha bajo la supervisi\u00f3n de su t\u00edo y entrenador, Toni Nadal, pero el c\u00f3lico retras\u00f3 el entrenamiento para el final de la tarde de hoy.<\/p>\n<p>El espa\u00f1ol no juega torneos oficiales en Buenos Aires desde febrero de 2005, y su presencia era esperada con enorme expectaci\u00f3n en la capital argentina, donde el estadio incorpor\u00f3 tribunas provisorias y la venta de entradas y publicidad creci\u00f3 fuertemente al confirmarse que jugar\u00eda.<\/p>\n<p>El anuncio de la renuncia gener\u00f3 algo de confusi\u00f3n, pues Nadal public\u00f3 el video en su p\u00e1gina de Facebook, lo borr\u00f3 pocos minutos m\u00e1s tarde y lo volvi\u00f3 a incluir despu\u00e9s definitivamente.<\/p>\n<p>Tras el torneo de Buenos Aires, el siguiente certamen del espa\u00f1ol en el calendario es el de R\u00edo de Janeiro, que comienza el 17 de este mes.<\/p>\n","protected":false},"excerpt":{"rendered":"<p>Madrid, 6 feb (dpa) &#8211; El espa\u00f1ol Rafael Nadal, n\u00famero uno del ranking mundial de tenis, confirm\u00f3 hoy su renuncia a jugar en el torneo de tenis de Buenos Aires a causa de sus problemas f\u00edsicos. \u00abLo siento mucho por todos los seguidores, los organizadores y especialmente por m\u00ed, que me hac\u00eda una gran ilusi\u00f3n [&hellip;]<\/p>\n","protected":false},"author":1,"featured_media":468934,"comment_status":"closed","ping_status":"open","sticky":false,"template":"","format":"standard","meta":{"footnotes":""},"categories":[1],"tags":[],"class_list":["post-485391","post","type-post","status-publish","format-standard","has-post-thumbnail","hentry","category-actualidad"],"aioseo_notices":[],"aioseo_head":"\n\t\t<!-- All in One SEO Pro 5.0.1 - aioseo.com -->\n\t<meta name=\"description\" content=\"Madrid, 6 feb (dpa) - El espa\u00f1ol Rafael Nadal, n\u00famero uno del ranking mundial de tenis, confirm\u00f3 hoy su renuncia a jugar en el torneo de tenis de Buenos Aires a causa de sus problemas f\u00edsicos. &quot;Lo siento mucho por todos los seguidores, los organizadores y especialmente por m\u00ed, que me hac\u00eda una gran ilusi\u00f3n\" \/>\n\t<meta name=\"robots\" content=\"max-image-preview:large\" \/>\n\t<meta name=\"author\" content=\"El Digital de Asturias\"\/>\n\t<meta name=\"google-site-verification\" content=\"UA-38556648-1\" \/>\n\t<meta name=\"msvalidate.01\" content=\"7dfe9f3f1b24437ab69f4f2559babe99\" \/>\n\t<meta name=\"keywords\" content=\"actualidad\" \/>\n\t<link rel=\"canonical\" href=\"https:\/\/www.eldigitaldeasturias.com\/noticias\/nadal-confirma-su-renuncia-a-jugar-en-buenos-aires-lo-siento\/\" \/>\n\t<meta name=\"generator\" content=\"All in One SEO Pro (AIOSEO) 5.0.1\" \/>\n\t\t<meta property=\"og:locale\" content=\"es_ES\" \/>\n\t\t<meta property=\"og:site_name\" content=\"El Digital de Asturias\" \/>\n\t\t<meta property=\"og:type\" content=\"article\" \/>\n\t\t<meta property=\"og:title\" content=\"Nadal confirma su renuncia a jugar en Buenos Aires : \u00abLo siento\u00bb - El Digital de Asturias\" \/>\n\t\t<meta property=\"og:description\" content=\"Madrid, 6 feb (dpa) - El espa\u00f1ol Rafael Nadal, n\u00famero uno del ranking mundial de tenis, confirm\u00f3 hoy su renuncia a jugar en el torneo de tenis de Buenos Aires a causa de sus problemas f\u00edsicos. &quot;Lo siento mucho por todos los seguidores, los organizadores y especialmente por m\u00ed, que me hac\u00eda una gran ilusi\u00f3n\" \/>\n\t\t<meta property=\"og:url\" content=\"https:\/\/www.eldigitaldeasturias.com\/noticias\/nadal-confirma-su-renuncia-a-jugar-en-buenos-aires-lo-siento\/\" \/>\n\t\t<meta property=\"article:tag\" content=\"actualidad\" \/>\n\t\t<meta property=\"article:published_time\" content=\"2014-02-07T01:07:28+00:00\" \/>\n\t\t<meta property=\"article:modified_time\" content=\"2014-02-07T01:07:28+00:00\" \/>\n\t\t<meta property=\"article:publisher\" content=\"https:\/\/facebook.com\/eldigitaldeasturias\" \/>\n\t\t<meta name=\"twitter:card\" content=\"summary_large_image\" \/>\n\t\t<meta name=\"twitter:title\" content=\"Nadal confirma su renuncia a jugar en Buenos Aires : \u00abLo siento\u00bb - El Digital de Asturias\" \/>\n\t\t<meta name=\"twitter:description\" content=\"Madrid, 6 feb (dpa) - El espa\u00f1ol Rafael Nadal, n\u00famero uno del ranking mundial de tenis, confirm\u00f3 hoy su renuncia a jugar en el torneo de tenis de Buenos Aires a causa de sus problemas f\u00edsicos. &quot;Lo siento mucho por todos los seguidores, los organizadores y especialmente por m\u00ed, que me hac\u00eda una gran ilusi\u00f3n\" \/>\n\t\t<meta name=\"twitter:label1\" content=\"Escrito por\" \/>\n\t\t<meta name=\"twitter:data1\" content=\"El Digital de Asturias\" \/>\n\t\t<meta name=\"twitter:label2\" content=\"Tiempo de lectura estimado\" \/>\n\t\t<meta name=\"twitter:data2\" content=\"2 minutos\" \/>\n\t\t<script type=\"application\/ld+json\" class=\"aioseo-schema\">\n\t\t\t{\"@context\":\"https:\\\/\\\/schema.org\",\"@graph\":[{\"@type\":\"BlogPosting\",\"@id\":\"https:\\\/\\\/www.eldigitaldeasturias.com\\\/noticias\\\/nadal-confirma-su-renuncia-a-jugar-en-buenos-aires-lo-siento\\\/#blogposting\",\"name\":\"Nadal confirma su renuncia a jugar en Buenos Aires : \\u00abLo siento\\u00bb - El Digital de Asturias\",\"headline\":\"Nadal confirma su renuncia a jugar en Buenos Aires : \\u00abLo siento\\u00bb\",\"author\":{\"@id\":\"https:\\\/\\\/www.eldigitaldeasturias.com\\\/noticias\\\/author\\\/admin\\\/#author\"},\"publisher\":{\"@id\":\"https:\\\/\\\/www.eldigitaldeasturias.com\\\/noticias\\\/#organization\"},\"image\":{\"@type\":\"ImageObject\",\"url\":468934},\"datePublished\":\"2014-02-07T00:07:28+01:00\",\"dateModified\":\"2014-02-07T00:07:28+01:00\",\"inLanguage\":\"es-ES\",\"mainEntityOfPage\":{\"@id\":\"https:\\\/\\\/www.eldigitaldeasturias.com\\\/noticias\\\/nadal-confirma-su-renuncia-a-jugar-en-buenos-aires-lo-siento\\\/#webpage\"},\"isPartOf\":{\"@id\":\"https:\\\/\\\/www.eldigitaldeasturias.com\\\/noticias\\\/nadal-confirma-su-renuncia-a-jugar-en-buenos-aires-lo-siento\\\/#webpage\"},\"articleSection\":\"Actualidad\"},{\"@type\":\"BreadcrumbList\",\"@id\":\"https:\\\/\\\/www.eldigitaldeasturias.com\\\/noticias\\\/nadal-confirma-su-renuncia-a-jugar-en-buenos-aires-lo-siento\\\/#breadcrumblist\",\"itemListElement\":[{\"@type\":\"ListItem\",\"@id\":\"https:\\\/\\\/www.eldigitaldeasturias.com\\\/noticias#listItem\",\"position\":1,\"name\":\"Home\",\"item\":\"https:\\\/\\\/www.eldigitaldeasturias.com\\\/noticias\",\"nextItem\":{\"@type\":\"ListItem\",\"@id\":\"https:\\\/\\\/www.eldigitaldeasturias.com\\\/noticias\\\/category\\\/actualidad\\\/#listItem\",\"name\":\"Actualidad\"}},{\"@type\":\"ListItem\",\"@id\":\"https:\\\/\\\/www.eldigitaldeasturias.com\\\/noticias\\\/category\\\/actualidad\\\/#listItem\",\"position\":2,\"name\":\"Actualidad\",\"item\":\"https:\\\/\\\/www.eldigitaldeasturias.com\\\/noticias\\\/category\\\/actualidad\\\/\",\"nextItem\":{\"@type\":\"ListItem\",\"@id\":\"https:\\\/\\\/www.eldigitaldeasturias.com\\\/noticias\\\/nadal-confirma-su-renuncia-a-jugar-en-buenos-aires-lo-siento\\\/#listItem\",\"name\":\"Nadal confirma su renuncia a jugar en Buenos Aires : \\u00abLo siento\\u00bb\"},\"previousItem\":{\"@type\":\"ListItem\",\"@id\":\"https:\\\/\\\/www.eldigitaldeasturias.com\\\/noticias#listItem\",\"name\":\"Home\"}},{\"@type\":\"ListItem\",\"@id\":\"https:\\\/\\\/www.eldigitaldeasturias.com\\\/noticias\\\/nadal-confirma-su-renuncia-a-jugar-en-buenos-aires-lo-siento\\\/#listItem\",\"position\":3,\"name\":\"Nadal confirma su renuncia a jugar en Buenos Aires : \\u00abLo siento\\u00bb\",\"previousItem\":{\"@type\":\"ListItem\",\"@id\":\"https:\\\/\\\/www.eldigitaldeasturias.com\\\/noticias\\\/category\\\/actualidad\\\/#listItem\",\"name\":\"Actualidad\"}}]},{\"@type\":\"Organization\",\"@id\":\"https:\\\/\\\/www.eldigitaldeasturias.com\\\/noticias\\\/#organization\",\"name\":\"El Digital de Asturias\",\"description\":\"Hemeroteca\",\"url\":\"https:\\\/\\\/www.eldigitaldeasturias.com\\\/noticias\\\/\",\"email\":\"info@eldigitaldeasturias.com\",\"telephone\":\"+34652131393\",\"logo\":{\"@type\":\"ImageObject\",\"url\":\"https:\\\/\\\/www.eldigitaldeasturias.com\\\/noticias\\\/wp-content\\\/uploads\\\/2020\\\/12\\\/EDA.jpg\",\"@id\":\"https:\\\/\\\/www.eldigitaldeasturias.com\\\/noticias\\\/nadal-confirma-su-renuncia-a-jugar-en-buenos-aires-lo-siento\\\/#organizationLogo\"},\"image\":{\"@id\":\"https:\\\/\\\/www.eldigitaldeasturias.com\\\/noticias\\\/nadal-confirma-su-renuncia-a-jugar-en-buenos-aires-lo-siento\\\/#organizationLogo\"},\"sameAs\":[\"https:\\\/\\\/facebook.com\\\/eldigitaldeasturias\",\"https:\\\/\\\/www.youtube.com\\\/channel\\\/UCZP-2wLEB9Rv6erhFmqVnvg\"],\"address\":{\"@id\":\"https:\\\/\\\/www.eldigitaldeasturias.com\\\/noticias\\\/#postaladdress\",\"@type\":\"PostalAddress\",\"streetAddress\":\"san antonio 4\",\"postalCode\":\"33430\",\"addressLocality\":\"Cand\\u00e1s\",\"addressRegion\":\"Asturias\",\"addressCountry\":\"ES\"}},{\"@type\":\"Person\",\"@id\":\"https:\\\/\\\/www.eldigitaldeasturias.com\\\/noticias\\\/author\\\/admin\\\/#author\",\"url\":\"https:\\\/\\\/www.eldigitaldeasturias.com\\\/noticias\\\/author\\\/admin\\\/\",\"name\":\"El Digital de Asturias\",\"image\":{\"@type\":\"ImageObject\",\"@id\":\"https:\\\/\\\/www.eldigitaldeasturias.com\\\/noticias\\\/nadal-confirma-su-renuncia-a-jugar-en-buenos-aires-lo-siento\\\/#authorImage\",\"url\":\"https:\\\/\\\/secure.gravatar.com\\\/avatar\\\/df2aeffc32bcd13f8d26072ef8a91b623d677766deac7f97ca815868cd41bf5e?s=96&d=mm&r=g\",\"width\":96,\"height\":96,\"caption\":\"El Digital de Asturias\"}},{\"@type\":\"WebPage\",\"@id\":\"https:\\\/\\\/www.eldigitaldeasturias.com\\\/noticias\\\/nadal-confirma-su-renuncia-a-jugar-en-buenos-aires-lo-siento\\\/#webpage\",\"url\":\"https:\\\/\\\/www.eldigitaldeasturias.com\\\/noticias\\\/nadal-confirma-su-renuncia-a-jugar-en-buenos-aires-lo-siento\\\/\",\"name\":\"Nadal confirma su renuncia a jugar en Buenos Aires : \\u00abLo siento\\u00bb - El Digital de Asturias\",\"description\":\"Madrid, 6 feb (dpa) - El espa\\u00f1ol Rafael Nadal, n\\u00famero uno del ranking mundial de tenis, confirm\\u00f3 hoy su renuncia a jugar en el torneo de tenis de Buenos Aires a causa de sus problemas f\\u00edsicos. \\\"Lo siento mucho por todos los seguidores, los organizadores y especialmente por m\\u00ed, que me hac\\u00eda una gran ilusi\\u00f3n\",\"inLanguage\":\"es-ES\",\"isPartOf\":{\"@id\":\"https:\\\/\\\/www.eldigitaldeasturias.com\\\/noticias\\\/#website\"},\"breadcrumb\":{\"@id\":\"https:\\\/\\\/www.eldigitaldeasturias.com\\\/noticias\\\/nadal-confirma-su-renuncia-a-jugar-en-buenos-aires-lo-siento\\\/#breadcrumblist\"},\"author\":{\"@id\":\"https:\\\/\\\/www.eldigitaldeasturias.com\\\/noticias\\\/author\\\/admin\\\/#author\"},\"creator\":{\"@id\":\"https:\\\/\\\/www.eldigitaldeasturias.com\\\/noticias\\\/author\\\/admin\\\/#author\"},\"image\":{\"@type\":\"ImageObject\",\"url\":468934,\"@id\":\"https:\\\/\\\/www.eldigitaldeasturias.com\\\/noticias\\\/nadal-confirma-su-renuncia-a-jugar-en-buenos-aires-lo-siento\\\/#mainImage\"},\"primaryImageOfPage\":{\"@id\":\"https:\\\/\\\/www.eldigitaldeasturias.com\\\/noticias\\\/nadal-confirma-su-renuncia-a-jugar-en-buenos-aires-lo-siento\\\/#mainImage\"},\"datePublished\":\"2014-02-07T00:07:28+01:00\",\"dateModified\":\"2014-02-07T00:07:28+01:00\"},{\"@type\":\"WebSite\",\"@id\":\"https:\\\/\\\/www.eldigitaldeasturias.com\\\/noticias\\\/#website\",\"url\":\"https:\\\/\\\/www.eldigitaldeasturias.com\\\/noticias\\\/\",\"name\":\"El Digital de Asturias - Diario de actualidad y noticias\",\"alternateName\":\"El Digital de Asturias - Diario de actualidad y noticias\",\"description\":\"Hemeroteca\",\"inLanguage\":\"es-ES\",\"publisher\":{\"@id\":\"https:\\\/\\\/www.eldigitaldeasturias.com\\\/noticias\\\/#organization\"}}]}\n\t\t<\/script>\n\t\t<!-- All in One SEO Pro -->\r\n\t\t<title>Nadal confirma su renuncia a jugar en Buenos Aires : \u00abLo siento\u00bb - El Digital de Asturias<\/title>\n\n","aioseo_head_json":{"title":"Nadal confirma su renuncia a jugar en Buenos Aires : \u00abLo siento\u00bb - El Digital de Asturias","description":"Madrid, 6 feb (dpa) - El espa\u00f1ol Rafael Nadal, n\u00famero uno del ranking mundial de tenis, confirm\u00f3 hoy su renuncia a jugar en el torneo de tenis de Buenos Aires a causa de sus problemas f\u00edsicos. \"Lo siento mucho por todos los seguidores, los organizadores y especialmente por m\u00ed, que me hac\u00eda una gran ilusi\u00f3n","canonical_url":"https:\/\/www.eldigitaldeasturias.com\/noticias\/nadal-confirma-su-renuncia-a-jugar-en-buenos-aires-lo-siento\/","robots":"max-image-preview:large","keywords":"actualidad","webmasterTools":{"google-site-verification":"UA-38556648-1","msvalidate.01":"7dfe9f3f1b24437ab69f4f2559babe99","miscellaneous":""},"schema":{"@context":"https:\/\/schema.org","@graph":[{"@type":"BlogPosting","@id":"https:\/\/www.eldigitaldeasturias.com\/noticias\/nadal-confirma-su-renuncia-a-jugar-en-buenos-aires-lo-siento\/#blogposting","name":"Nadal confirma su renuncia a jugar en Buenos Aires : \u00abLo siento\u00bb - El Digital de Asturias","headline":"Nadal confirma su renuncia a jugar en Buenos Aires : \u00abLo siento\u00bb","author":{"@id":"https:\/\/www.eldigitaldeasturias.com\/noticias\/author\/admin\/#author"},"publisher":{"@id":"https:\/\/www.eldigitaldeasturias.com\/noticias\/#organization"},"image":{"@type":"ImageObject","url":468934},"datePublished":"2014-02-07T00:07:28+01:00","dateModified":"2014-02-07T00:07:28+01:00","inLanguage":"es-ES","mainEntityOfPage":{"@id":"https:\/\/www.eldigitaldeasturias.com\/noticias\/nadal-confirma-su-renuncia-a-jugar-en-buenos-aires-lo-siento\/#webpage"},"isPartOf":{"@id":"https:\/\/www.eldigitaldeasturias.com\/noticias\/nadal-confirma-su-renuncia-a-jugar-en-buenos-aires-lo-siento\/#webpage"},"articleSection":"Actualidad"},{"@type":"BreadcrumbList","@id":"https:\/\/www.eldigitaldeasturias.com\/noticias\/nadal-confirma-su-renuncia-a-jugar-en-buenos-aires-lo-siento\/#breadcrumblist","itemListElement":[{"@type":"ListItem","@id":"https:\/\/www.eldigitaldeasturias.com\/noticias#listItem","position":1,"name":"Home","item":"https:\/\/www.eldigitaldeasturias.com\/noticias","nextItem":{"@type":"ListItem","@id":"https:\/\/www.eldigitaldeasturias.com\/noticias\/category\/actualidad\/#listItem","name":"Actualidad"}},{"@type":"ListItem","@id":"https:\/\/www.eldigitaldeasturias.com\/noticias\/category\/actualidad\/#listItem","position":2,"name":"Actualidad","item":"https:\/\/www.eldigitaldeasturias.com\/noticias\/category\/actualidad\/","nextItem":{"@type":"ListItem","@id":"https:\/\/www.eldigitaldeasturias.com\/noticias\/nadal-confirma-su-renuncia-a-jugar-en-buenos-aires-lo-siento\/#listItem","name":"Nadal confirma su renuncia a jugar en Buenos Aires : \u00abLo siento\u00bb"},"previousItem":{"@type":"ListItem","@id":"https:\/\/www.eldigitaldeasturias.com\/noticias#listItem","name":"Home"}},{"@type":"ListItem","@id":"https:\/\/www.eldigitaldeasturias.com\/noticias\/nadal-confirma-su-renuncia-a-jugar-en-buenos-aires-lo-siento\/#listItem","position":3,"name":"Nadal confirma su renuncia a jugar en Buenos Aires : \u00abLo siento\u00bb","previousItem":{"@type":"ListItem","@id":"https:\/\/www.eldigitaldeasturias.com\/noticias\/category\/actualidad\/#listItem","name":"Actualidad"}}]},{"@type":"Organization","@id":"https:\/\/www.eldigitaldeasturias.com\/noticias\/#organization","name":"El Digital de Asturias","description":"Hemeroteca","url":"https:\/\/www.eldigitaldeasturias.com\/noticias\/","email":"info@eldigitaldeasturias.com","telephone":"+34652131393","logo":{"@type":"ImageObject","url":"https:\/\/www.eldigitaldeasturias.com\/noticias\/wp-content\/uploads\/2020\/12\/EDA.jpg","@id":"https:\/\/www.eldigitaldeasturias.com\/noticias\/nadal-confirma-su-renuncia-a-jugar-en-buenos-aires-lo-siento\/#organizationLogo"},"image":{"@id":"https:\/\/www.eldigitaldeasturias.com\/noticias\/nadal-confirma-su-renuncia-a-jugar-en-buenos-aires-lo-siento\/#organizationLogo"},"sameAs":["https:\/\/facebook.com\/eldigitaldeasturias","https:\/\/www.youtube.com\/channel\/UCZP-2wLEB9Rv6erhFmqVnvg"],"address":{"@id":"https:\/\/www.eldigitaldeasturias.com\/noticias\/#postaladdress","@type":"PostalAddress","streetAddress":"san antonio 4","postalCode":"33430","addressLocality":"Cand\u00e1s","addressRegion":"Asturias","addressCountry":"ES"}},{"@type":"Person","@id":"https:\/\/www.eldigitaldeasturias.com\/noticias\/author\/admin\/#author","url":"https:\/\/www.eldigitaldeasturias.com\/noticias\/author\/admin\/","name":"El Digital de Asturias","image":{"@type":"ImageObject","@id":"https:\/\/www.eldigitaldeasturias.com\/noticias\/nadal-confirma-su-renuncia-a-jugar-en-buenos-aires-lo-siento\/#authorImage","url":"https:\/\/secure.gravatar.com\/avatar\/df2aeffc32bcd13f8d26072ef8a91b623d677766deac7f97ca815868cd41bf5e?s=96&d=mm&r=g","width":96,"height":96,"caption":"El Digital de Asturias"}},{"@type":"WebPage","@id":"https:\/\/www.eldigitaldeasturias.com\/noticias\/nadal-confirma-su-renuncia-a-jugar-en-buenos-aires-lo-siento\/#webpage","url":"https:\/\/www.eldigitaldeasturias.com\/noticias\/nadal-confirma-su-renuncia-a-jugar-en-buenos-aires-lo-siento\/","name":"Nadal confirma su renuncia a jugar en Buenos Aires : \u00abLo siento\u00bb - El Digital de Asturias","description":"Madrid, 6 feb (dpa) - El espa\u00f1ol Rafael Nadal, n\u00famero uno del ranking mundial de tenis, confirm\u00f3 hoy su renuncia a jugar en el torneo de tenis de Buenos Aires a causa de sus problemas f\u00edsicos. \"Lo siento mucho por todos los seguidores, los organizadores y especialmente por m\u00ed, que me hac\u00eda una gran ilusi\u00f3n","inLanguage":"es-ES","isPartOf":{"@id":"https:\/\/www.eldigitaldeasturias.com\/noticias\/#website"},"breadcrumb":{"@id":"https:\/\/www.eldigitaldeasturias.com\/noticias\/nadal-confirma-su-renuncia-a-jugar-en-buenos-aires-lo-siento\/#breadcrumblist"},"author":{"@id":"https:\/\/www.eldigitaldeasturias.com\/noticias\/author\/admin\/#author"},"creator":{"@id":"https:\/\/www.eldigitaldeasturias.com\/noticias\/author\/admin\/#author"},"image":{"@type":"ImageObject","url":468934,"@id":"https:\/\/www.eldigitaldeasturias.com\/noticias\/nadal-confirma-su-renuncia-a-jugar-en-buenos-aires-lo-siento\/#mainImage"},"primaryImageOfPage":{"@id":"https:\/\/www.eldigitaldeasturias.com\/noticias\/nadal-confirma-su-renuncia-a-jugar-en-buenos-aires-lo-siento\/#mainImage"},"datePublished":"2014-02-07T00:07:28+01:00","dateModified":"2014-02-07T00:07:28+01:00"},{"@type":"WebSite","@id":"https:\/\/www.eldigitaldeasturias.com\/noticias\/#website","url":"https:\/\/www.eldigitaldeasturias.com\/noticias\/","name":"El Digital de Asturias - Diario de actualidad y noticias","alternateName":"El Digital de Asturias - Diario de actualidad y noticias","description":"Hemeroteca","inLanguage":"es-ES","publisher":{"@id":"https:\/\/www.eldigitaldeasturias.com\/noticias\/#organization"}}]},"og:locale":"es_ES","og:site_name":"El Digital de Asturias","og:type":"article","og:title":"Nadal confirma su renuncia a jugar en Buenos Aires : \u00abLo siento\u00bb - El Digital de Asturias","og:description":"Madrid, 6 feb (dpa) - El espa\u00f1ol Rafael Nadal, n\u00famero uno del ranking mundial de tenis, confirm\u00f3 hoy su renuncia a jugar en el torneo de tenis de Buenos Aires a causa de sus problemas f\u00edsicos. &quot;Lo siento mucho por todos los seguidores, los organizadores y especialmente por m\u00ed, que me hac\u00eda una gran ilusi\u00f3n","og:url":"https:\/\/www.eldigitaldeasturias.com\/noticias\/nadal-confirma-su-renuncia-a-jugar-en-buenos-aires-lo-siento\/","article:tag":["actualidad"],"article:published_time":"2014-02-07T01:07:28+00:00","article:modified_time":"2014-02-07T01:07:28+00:00","article:publisher":"https:\/\/facebook.com\/eldigitaldeasturias","twitter:card":"summary_large_image","twitter:title":"Nadal confirma su renuncia a jugar en Buenos Aires : \u00abLo siento\u00bb - El Digital de Asturias","twitter:description":"Madrid, 6 feb (dpa) - El espa\u00f1ol Rafael Nadal, n\u00famero uno del ranking mundial de tenis, confirm\u00f3 hoy su renuncia a jugar en el torneo de tenis de Buenos Aires a causa de sus problemas f\u00edsicos. &quot;Lo siento mucho por todos los seguidores, los organizadores y especialmente por m\u00ed, que me hac\u00eda una gran ilusi\u00f3n","twitter:label1":"Escrito por","twitter:data1":"El Digital de Asturias","twitter:label2":"Tiempo de lectura estimado","twitter:data2":"2 minutos"},"aioseo_meta_data":{"post_id":"485391","title":null,"description":null,"keywords":null,"keyphrases":null,"primary_term":null,"canonical_url":null,"og_title":null,"og_description":null,"og_object_type":"default","og_image_type":"default","og_image_url":null,"og_image_width":null,"og_image_height":null,"og_image_custom_url":null,"og_image_custom_fields":null,"og_video":null,"og_custom_url":null,"og_article_section":null,"og_article_tags":null,"twitter_use_og":true,"twitter_card":"default","twitter_image_type":"default","twitter_image_url":null,"twitter_image_custom_url":null,"twitter_image_custom_fields":null,"twitter_title":null,"twitter_description":null,"schema":{"blockGraphs":[],"customGraphs":[],"default":{"data":{"Article":[],"Course":[],"Dataset":[],"FAQPage":[],"Movie":[],"Person":[],"Product":[],"ProductReview":[],"Car":[],"Recipe":[],"Service":[],"SoftwareApplication":[],"WebPage":[]},"graphName":"","isEnabled":true},"graphs":[],"defaultGraph":"","defaultPostTypeGraph":""},"schema_type":null,"schema_type_options":null,"pillar_content":false,"robots_default":true,"robots_noindex":false,"robots_noarchive":false,"robots_nosnippet":false,"robots_nofollow":false,"robots_noimageindex":false,"robots_noodp":false,"robots_notranslate":false,"robots_max_snippet":null,"robots_max_videopreview":null,"robots_max_imagepreview":"none","priority":null,"frequency":null,"local_seo":null,"seo_analyzer_scan_date":"2026-06-02 20:06:49","breadcrumb_settings":null,"limit_modified_date":false,"open_ai":null,"ai":null,"created":"2020-11-14 22:55:14","updated":"2026-06-02 20:06:49","focus_keyword":null,"additional_keywords":null,"truseo_locale":null},"aioseo_breadcrumb":"<div class=\"aioseo-breadcrumbs\"><span class=\"aioseo-breadcrumb\">\n\t<a href=\"https:\/\/www.eldigitaldeasturias.com\/noticias\" title=\"Home\">Home<\/a>\n<\/span><span class=\"aioseo-breadcrumb-separator\">\u2013<\/span><span class=\"aioseo-breadcrumb\">\n\t<a href=\"https:\/\/www.eldigitaldeasturias.com\/noticias\/category\/actualidad\/\" title=\"Actualidad\">Actualidad<\/a>\n<\/span><span class=\"aioseo-breadcrumb-separator\">\u2013<\/span><span class=\"aioseo-breadcrumb\">\n\t<a href=\"https:\/\/www.eldigitaldeasturias.com\/noticias\/nadal-confirma-su-renuncia-a-jugar-en-buenos-aires-lo-siento\/\" title=\"Nadal confirma su renuncia a jugar en Buenos Aires : \u00abLo siento\u00bb\">Nadal confirma su renuncia a jugar en Buenos Aires : \u00abLo siento\u00bb<\/a>\n<\/span><\/div>","aioseo_breadcrumb_json":[{"label":"Home","link":"https:\/\/www.eldigitaldeasturias.com\/noticias"},{"label":"Actualidad","link":"https:\/\/www.eldigitaldeasturias.com\/noticias\/category\/actualidad\/"},{"label":"Nadal confirma su renuncia a jugar en Buenos Aires : \u00abLo siento\u00bb","link":"https:\/\/www.eldigitaldeasturias.com\/noticias\/nadal-confirma-su-renuncia-a-jugar-en-buenos-aires-lo-siento\/"}],"_links":{"self":[{"href":"https:\/\/www.eldigitaldeasturias.com\/noticias\/wp-json\/wp\/v2\/posts\/485391","targetHints":{"allow":["GET"]}}],"collection":[{"href":"https:\/\/www.eldigitaldeasturias.com\/noticias\/wp-json\/wp\/v2\/posts"}],"about":[{"href":"https:\/\/www.eldigitaldeasturias.com\/noticias\/wp-json\/wp\/v2\/types\/post"}],"author":[{"embeddable":true,"href":"https:\/\/www.eldigitaldeasturias.com\/noticias\/wp-json\/wp\/v2\/users\/1"}],"replies":[{"embeddable":true,"href":"https:\/\/www.eldigitaldeasturias.com\/noticias\/wp-json\/wp\/v2\/comments?post=485391"}],"version-history":[{"count":0,"href":"https:\/\/www.eldigitaldeasturias.com\/noticias\/wp-json\/wp\/v2\/posts\/485391\/revisions"}],"wp:attachment":[{"href":"https:\/\/www.eldigitaldeasturias.com\/noticias\/wp-json\/wp\/v2\/media?parent=485391"}],"wp:term":[{"taxonomy":"category","embeddable":true,"href":"https:\/\/www.eldigitaldeasturias.com\/noticias\/wp-json\/wp\/v2\/categories?post=485391"},{"taxonomy":"post_tag","embeddable":true,"href":"https:\/\/www.eldigitaldeasturias.com\/noticias\/wp-json\/wp\/v2\/tags?post=485391"}],"curies":[{"name":"wp","href":"https:\/\/api.w.org\/{rel}","templated":true}]}}