{"id":485381,"date":"2014-02-06T23:53:54","date_gmt":"2014-02-07T00:53:54","guid":{"rendered":"http:\/\/www.eldigitaldeasturias.com\/noticias\/?p=485381"},"modified":"2014-02-06T23:53:54","modified_gmt":"2014-02-07T00:53:54","slug":"jese-tira-la-puerta-abajo-y-compromete-a-bale","status":"publish","type":"post","link":"https:\/\/www.eldigitaldeasturias.com\/noticias\/jese-tira-la-puerta-abajo-y-compromete-a-bale\/","title":{"rendered":"Jes\u00e9 tira la puerta abajo y compromete a Bale"},"content":{"rendered":"<p><img loading=\"lazy\" decoding=\"async\" class=\"alignleft size-medium wp-image-480017\" alt=\"5885128w\" src=\"https:\/\/www.eldigitaldeasturias.com\/noticias\/wp-content\/uploads\/2014\/01\/5885128w-360x213.jpg\" width=\"360\" height=\"213\" \/>Madrid, 6 feb (dpa) &#8211; Ni Cristiano Ronaldo, ni Gareth Bale, ni Iker Casillas. El gran \u00eddolo actual de la hinchada del Real Madrid es un joven de 20 a\u00f1os llamado Jes\u00e9, quien en cinco meses pas\u00f3 de ser un jugador casi desconocido en todo el mundo a acaparar las primeras p\u00e1ginas de los peri\u00f3dicos.<\/p>\n<p>\u00abA los jugadores de la cantera (divisiones formativas juveniles) hay que darles la oportunidad en el primer equipo no cuando tocan a la puerta, sino cuando la tiran abajo\u00bb: la frase la pronunci\u00f3 Jos\u00e9 Antonio Camacho, entrenador y ex futbolista del Real Madrid, y hoy es una de las citas de referencia entre los j\u00f3venes que aspiran a jugar en el conjunto blanco.<\/p>\n<p>Jes\u00e9 ya derrib\u00f3 esa puerta y el mi\u00e9rcoles fue el gran protagonista del Real Madrid al marcar el segundo gol en la goleada 3-0 y al barrer todo el frente defensivo del Atl\u00e9tico de Madrid con su espectacular despliegue.<\/p>\n<p>\u00abGenio blanco\u00bb, titul\u00f3 hoy en primera p\u00e1gina el diario \u00abMarca\u00bb, que a\u00f1adi\u00f3: \u00abJes\u00e9 puso en pie el Bernab\u00e9u con su gol y un gran juego\u00bb.<\/p>\n<p>Hace tiempo que los hinchas del Real Madrid que acuden a ver al equipo filial conoc\u00edan la existencia de un jugador peque\u00f1ito que ten\u00eda una potencia descomunal en su carrera y un poderoso golpe de bal\u00f3n. Se lo conocia como \u00abel mini-Cristiano\u00bb.<\/p>\n<p>Jug\u00f3 la pasada temporada en la segunda categor\u00eda del f\u00fatbol espa\u00f1ol y termin\u00f3 como m\u00e1ximo goleador con 22 tantos, superando el anterior r\u00e9cord de Emilio Butrague\u00f1o.<\/p>\n<p>En la pasada temporada tuvo alguna participaci\u00f3n con el primer equipo, minutos simb\u00f3licos de un Jos\u00e9 Mourinho que hizo debutar a 20 canteranos durante su etapa como entrenador del Real Madrid. Pero esos debuts fueron m\u00e1s testimoniales que otra cosa, pues ninguno ech\u00f3 ra\u00edces en el primer equipo, incluido Jes\u00e9. Fueron detalles estad\u00edsticos.<\/p>\n<p>Jes\u00e9 comenz\u00f3 la temporada alternando grada con banquillo y era otro canterano, Alvaro Morata, el primer recambio de Carlo Ancelotti para la delantera. Pero resulta que Jes\u00e9 comenz\u00f3 a llamar a la puerta.<\/p>\n<p>Su primer gol con el Real Madrid ocurri\u00f3 nada menos que en el Camp Nou, aunque su equipo perdi\u00f3 2-1 ante el Barcelona. Y progresivamente fue ganando minutos hasta alcanzar el estatus relevante que ahora sostiene despu\u00e9s de acumular seis goles y cinco asistencias esta temporada.<\/p>\n<p>Ancelotti recurri\u00f3 a \u00e9l casi por necesidad ante las prolongadas ausencias de Bale desde su fichaje por el Real Madrid. Por diferentes lesiones, el gal\u00e9s no jug\u00f3 ni la mitad de los minutos disputados por su equipo esta temporada y Jes\u00e9 lo aprovech\u00f3 para reivindicarse.<\/p>\n<p>Jes\u00e9 sali\u00f3 gratis y Bale cost\u00f3 m\u00e1s de 90 millones de euros (121,5 millones de d\u00f3lares), y ah\u00ed est\u00e1 uno de los focos del debate.<\/p>\n<p>\u00abHoy Jes\u00e9 est\u00e1 donde no llega Bale, que ya se ha perdido m\u00e1s del 50 por ciento de los minutos de la temporada. Por ahora, la ganga es el canterano\u00bb, asegur\u00f3 \u00abEl Pa\u00eds\u00bb.<\/p>\n<p>La cuesti\u00f3n es ver qu\u00e9 decisi\u00f3n tomar\u00e1 Ancelotti cuando tenga a todos sus delanteros listos. De momento tiene una tregua, pues Cristiano Ronaldo se perder\u00e1 en principio tres partidos en la Liga espa\u00f1ola por sanci\u00f3n y el t\u00e9cnico blanco podr\u00e1 alinear juntos al gal\u00e9s y al canterano.<\/p>\n<p>Pero luego deber\u00e1 elegir. Por lo pronto, Bale ya sabe que tiene competencia y se llama Jes\u00e9, un nombre que probablemente ni conoc\u00eda que exist\u00eda hace poco m\u00e1s de seis meses.<\/p>\n<p>Por Alberto Bravo<\/p>\n","protected":false},"excerpt":{"rendered":"<p>Madrid, 6 feb (dpa) &#8211; Ni Cristiano Ronaldo, ni Gareth Bale, ni Iker Casillas. El gran \u00eddolo actual de la hinchada del Real Madrid es un joven de 20 a\u00f1os llamado Jes\u00e9, quien en cinco meses pas\u00f3 de ser un jugador casi desconocido en todo el mundo a acaparar las primeras p\u00e1ginas de los peri\u00f3dicos. [&hellip;]<\/p>\n","protected":false},"author":1,"featured_media":1132184,"comment_status":"closed","ping_status":"open","sticky":false,"template":"","format":"standard","meta":{"footnotes":""},"categories":[1],"tags":[],"class_list":["post-485381","post","type-post","status-publish","format-standard","has-post-thumbnail","hentry","category-actualidad"],"aioseo_notices":[],"aioseo_head":"\n\t\t<!-- All in One SEO Pro 5.0.1 - aioseo.com -->\n\t<meta name=\"description\" content=\"Madrid, 6 feb (dpa) - Ni Cristiano Ronaldo, ni Gareth Bale, ni Iker Casillas. El gran \u00eddolo actual de la hinchada del Real Madrid es un joven de 20 a\u00f1os llamado Jes\u00e9, quien en cinco meses pas\u00f3 de ser un jugador casi desconocido en todo el mundo a acaparar las primeras p\u00e1ginas de los peri\u00f3dicos.\" \/>\n\t<meta name=\"robots\" content=\"max-image-preview:large\" \/>\n\t<meta name=\"author\" content=\"El Digital de Asturias\"\/>\n\t<meta name=\"google-site-verification\" content=\"UA-38556648-1\" \/>\n\t<meta name=\"msvalidate.01\" content=\"7dfe9f3f1b24437ab69f4f2559babe99\" \/>\n\t<meta name=\"keywords\" content=\"actualidad\" \/>\n\t<link rel=\"canonical\" href=\"https:\/\/www.eldigitaldeasturias.com\/noticias\/jese-tira-la-puerta-abajo-y-compromete-a-bale\/\" \/>\n\t<meta name=\"generator\" content=\"All in One SEO Pro (AIOSEO) 5.0.1\" \/>\n\t\t<meta property=\"og:locale\" content=\"es_ES\" \/>\n\t\t<meta property=\"og:site_name\" content=\"El Digital de Asturias\" \/>\n\t\t<meta property=\"og:type\" content=\"article\" \/>\n\t\t<meta property=\"og:title\" content=\"Jes\u00e9 tira la puerta abajo y compromete a Bale - El Digital de Asturias\" \/>\n\t\t<meta property=\"og:description\" content=\"Madrid, 6 feb (dpa) - Ni Cristiano Ronaldo, ni Gareth Bale, ni Iker Casillas. El gran \u00eddolo actual de la hinchada del Real Madrid es un joven de 20 a\u00f1os llamado Jes\u00e9, quien en cinco meses pas\u00f3 de ser un jugador casi desconocido en todo el mundo a acaparar las primeras p\u00e1ginas de los peri\u00f3dicos.\" \/>\n\t\t<meta property=\"og:url\" content=\"https:\/\/www.eldigitaldeasturias.com\/noticias\/jese-tira-la-puerta-abajo-y-compromete-a-bale\/\" \/>\n\t\t<meta property=\"og:image\" content=\"https:\/\/www.eldigitaldeasturias.com\/noticias\/wp-content\/uploads\/2026\/06\/Contenidos.jpg\" \/>\n\t\t<meta property=\"og:image:secure_url\" content=\"https:\/\/www.eldigitaldeasturias.com\/noticias\/wp-content\/uploads\/2026\/06\/Contenidos.jpg\" \/>\n\t\t<meta property=\"og:image:width\" content=\"1265\" \/>\n\t\t<meta property=\"og:image:height\" content=\"697\" \/>\n\t\t<meta property=\"article:tag\" content=\"actualidad\" \/>\n\t\t<meta property=\"article:published_time\" content=\"2014-02-07T00:53:54+00:00\" \/>\n\t\t<meta property=\"article:modified_time\" content=\"2014-02-07T00:53:54+00:00\" \/>\n\t\t<meta property=\"article:publisher\" content=\"https:\/\/facebook.com\/eldigitaldeasturias\" \/>\n\t\t<meta name=\"twitter:card\" content=\"summary_large_image\" \/>\n\t\t<meta name=\"twitter:title\" content=\"Jes\u00e9 tira la puerta abajo y compromete a Bale - El Digital de Asturias\" \/>\n\t\t<meta name=\"twitter:description\" content=\"Madrid, 6 feb (dpa) - Ni Cristiano Ronaldo, ni Gareth Bale, ni Iker Casillas. El gran \u00eddolo actual de la hinchada del Real Madrid es un joven de 20 a\u00f1os llamado Jes\u00e9, quien en cinco meses pas\u00f3 de ser un jugador casi desconocido en todo el mundo a acaparar las primeras p\u00e1ginas de los peri\u00f3dicos.\" \/>\n\t\t<meta name=\"twitter:image\" content=\"https:\/\/www.eldigitaldeasturias.com\/noticias\/wp-content\/uploads\/2026\/06\/Contenidos.jpg\" \/>\n\t\t<meta name=\"twitter:label1\" content=\"Escrito por\" \/>\n\t\t<meta name=\"twitter:data1\" content=\"El Digital de Asturias\" \/>\n\t\t<meta name=\"twitter:label2\" content=\"Tiempo de lectura estimado\" \/>\n\t\t<meta name=\"twitter:data2\" content=\"3 minutos\" \/>\n\t\t<script type=\"application\/ld+json\" class=\"aioseo-schema\">\n\t\t\t{\"@context\":\"https:\\\/\\\/schema.org\",\"@graph\":[{\"@type\":\"BlogPosting\",\"@id\":\"https:\\\/\\\/www.eldigitaldeasturias.com\\\/noticias\\\/jese-tira-la-puerta-abajo-y-compromete-a-bale\\\/#blogposting\",\"name\":\"Jes\\u00e9 tira la puerta abajo y compromete a Bale - El Digital de Asturias\",\"headline\":\"Jes\\u00e9 tira la puerta abajo y compromete a Bale\",\"author\":{\"@id\":\"https:\\\/\\\/www.eldigitaldeasturias.com\\\/noticias\\\/author\\\/admin\\\/#author\"},\"publisher\":{\"@id\":\"https:\\\/\\\/www.eldigitaldeasturias.com\\\/noticias\\\/#organization\"},\"image\":{\"@type\":\"ImageObject\",\"url\":\"https:\\\/\\\/www.eldigitaldeasturias.com\\\/noticias\\\/wp-content\\\/uploads\\\/2026\\\/06\\\/Contenidos.jpg\",\"width\":1265,\"height\":697,\"caption\":\"Contenidos\"},\"datePublished\":\"2014-02-06T23:53:54+01:00\",\"dateModified\":\"2014-02-06T23:53:54+01:00\",\"inLanguage\":\"es-ES\",\"mainEntityOfPage\":{\"@id\":\"https:\\\/\\\/www.eldigitaldeasturias.com\\\/noticias\\\/jese-tira-la-puerta-abajo-y-compromete-a-bale\\\/#webpage\"},\"isPartOf\":{\"@id\":\"https:\\\/\\\/www.eldigitaldeasturias.com\\\/noticias\\\/jese-tira-la-puerta-abajo-y-compromete-a-bale\\\/#webpage\"},\"articleSection\":\"Actualidad\"},{\"@type\":\"BreadcrumbList\",\"@id\":\"https:\\\/\\\/www.eldigitaldeasturias.com\\\/noticias\\\/jese-tira-la-puerta-abajo-y-compromete-a-bale\\\/#breadcrumblist\",\"itemListElement\":[{\"@type\":\"ListItem\",\"@id\":\"https:\\\/\\\/www.eldigitaldeasturias.com\\\/noticias#listItem\",\"position\":1,\"name\":\"Home\",\"item\":\"https:\\\/\\\/www.eldigitaldeasturias.com\\\/noticias\",\"nextItem\":{\"@type\":\"ListItem\",\"@id\":\"https:\\\/\\\/www.eldigitaldeasturias.com\\\/noticias\\\/category\\\/actualidad\\\/#listItem\",\"name\":\"Actualidad\"}},{\"@type\":\"ListItem\",\"@id\":\"https:\\\/\\\/www.eldigitaldeasturias.com\\\/noticias\\\/category\\\/actualidad\\\/#listItem\",\"position\":2,\"name\":\"Actualidad\",\"item\":\"https:\\\/\\\/www.eldigitaldeasturias.com\\\/noticias\\\/category\\\/actualidad\\\/\",\"nextItem\":{\"@type\":\"ListItem\",\"@id\":\"https:\\\/\\\/www.eldigitaldeasturias.com\\\/noticias\\\/jese-tira-la-puerta-abajo-y-compromete-a-bale\\\/#listItem\",\"name\":\"Jes\\u00e9 tira la puerta abajo y compromete a Bale\"},\"previousItem\":{\"@type\":\"ListItem\",\"@id\":\"https:\\\/\\\/www.eldigitaldeasturias.com\\\/noticias#listItem\",\"name\":\"Home\"}},{\"@type\":\"ListItem\",\"@id\":\"https:\\\/\\\/www.eldigitaldeasturias.com\\\/noticias\\\/jese-tira-la-puerta-abajo-y-compromete-a-bale\\\/#listItem\",\"position\":3,\"name\":\"Jes\\u00e9 tira la puerta abajo y compromete a Bale\",\"previousItem\":{\"@type\":\"ListItem\",\"@id\":\"https:\\\/\\\/www.eldigitaldeasturias.com\\\/noticias\\\/category\\\/actualidad\\\/#listItem\",\"name\":\"Actualidad\"}}]},{\"@type\":\"Organization\",\"@id\":\"https:\\\/\\\/www.eldigitaldeasturias.com\\\/noticias\\\/#organization\",\"name\":\"El Digital de Asturias\",\"description\":\"Hemeroteca\",\"url\":\"https:\\\/\\\/www.eldigitaldeasturias.com\\\/noticias\\\/\",\"email\":\"info@eldigitaldeasturias.com\",\"telephone\":\"+34652131393\",\"logo\":{\"@type\":\"ImageObject\",\"url\":\"https:\\\/\\\/www.eldigitaldeasturias.com\\\/noticias\\\/wp-content\\\/uploads\\\/2020\\\/12\\\/EDA.jpg\",\"@id\":\"https:\\\/\\\/www.eldigitaldeasturias.com\\\/noticias\\\/jese-tira-la-puerta-abajo-y-compromete-a-bale\\\/#organizationLogo\"},\"image\":{\"@id\":\"https:\\\/\\\/www.eldigitaldeasturias.com\\\/noticias\\\/jese-tira-la-puerta-abajo-y-compromete-a-bale\\\/#organizationLogo\"},\"sameAs\":[\"https:\\\/\\\/facebook.com\\\/eldigitaldeasturias\",\"https:\\\/\\\/www.youtube.com\\\/channel\\\/UCZP-2wLEB9Rv6erhFmqVnvg\"],\"address\":{\"@id\":\"https:\\\/\\\/www.eldigitaldeasturias.com\\\/noticias\\\/#postaladdress\",\"@type\":\"PostalAddress\",\"streetAddress\":\"san antonio 4\",\"postalCode\":\"33430\",\"addressLocality\":\"Cand\\u00e1s\",\"addressRegion\":\"Asturias\",\"addressCountry\":\"ES\"}},{\"@type\":\"Person\",\"@id\":\"https:\\\/\\\/www.eldigitaldeasturias.com\\\/noticias\\\/author\\\/admin\\\/#author\",\"url\":\"https:\\\/\\\/www.eldigitaldeasturias.com\\\/noticias\\\/author\\\/admin\\\/\",\"name\":\"El Digital de Asturias\",\"image\":{\"@type\":\"ImageObject\",\"@id\":\"https:\\\/\\\/www.eldigitaldeasturias.com\\\/noticias\\\/jese-tira-la-puerta-abajo-y-compromete-a-bale\\\/#authorImage\",\"url\":\"https:\\\/\\\/secure.gravatar.com\\\/avatar\\\/df2aeffc32bcd13f8d26072ef8a91b623d677766deac7f97ca815868cd41bf5e?s=96&d=mm&r=g\",\"width\":96,\"height\":96,\"caption\":\"El Digital de Asturias\"}},{\"@type\":\"WebPage\",\"@id\":\"https:\\\/\\\/www.eldigitaldeasturias.com\\\/noticias\\\/jese-tira-la-puerta-abajo-y-compromete-a-bale\\\/#webpage\",\"url\":\"https:\\\/\\\/www.eldigitaldeasturias.com\\\/noticias\\\/jese-tira-la-puerta-abajo-y-compromete-a-bale\\\/\",\"name\":\"Jes\\u00e9 tira la puerta abajo y compromete a Bale - El Digital de Asturias\",\"description\":\"Madrid, 6 feb (dpa) - Ni Cristiano Ronaldo, ni Gareth Bale, ni Iker Casillas. El gran \\u00eddolo actual de la hinchada del Real Madrid es un joven de 20 a\\u00f1os llamado Jes\\u00e9, quien en cinco meses pas\\u00f3 de ser un jugador casi desconocido en todo el mundo a acaparar las primeras p\\u00e1ginas de los peri\\u00f3dicos.\",\"inLanguage\":\"es-ES\",\"isPartOf\":{\"@id\":\"https:\\\/\\\/www.eldigitaldeasturias.com\\\/noticias\\\/#website\"},\"breadcrumb\":{\"@id\":\"https:\\\/\\\/www.eldigitaldeasturias.com\\\/noticias\\\/jese-tira-la-puerta-abajo-y-compromete-a-bale\\\/#breadcrumblist\"},\"author\":{\"@id\":\"https:\\\/\\\/www.eldigitaldeasturias.com\\\/noticias\\\/author\\\/admin\\\/#author\"},\"creator\":{\"@id\":\"https:\\\/\\\/www.eldigitaldeasturias.com\\\/noticias\\\/author\\\/admin\\\/#author\"},\"image\":{\"@type\":\"ImageObject\",\"url\":\"https:\\\/\\\/www.eldigitaldeasturias.com\\\/noticias\\\/wp-content\\\/uploads\\\/2026\\\/06\\\/Contenidos.jpg\",\"@id\":\"https:\\\/\\\/www.eldigitaldeasturias.com\\\/noticias\\\/jese-tira-la-puerta-abajo-y-compromete-a-bale\\\/#mainImage\",\"width\":1265,\"height\":697,\"caption\":\"Contenidos\"},\"primaryImageOfPage\":{\"@id\":\"https:\\\/\\\/www.eldigitaldeasturias.com\\\/noticias\\\/jese-tira-la-puerta-abajo-y-compromete-a-bale\\\/#mainImage\"},\"datePublished\":\"2014-02-06T23:53:54+01:00\",\"dateModified\":\"2014-02-06T23:53:54+01:00\"},{\"@type\":\"WebSite\",\"@id\":\"https:\\\/\\\/www.eldigitaldeasturias.com\\\/noticias\\\/#website\",\"url\":\"https:\\\/\\\/www.eldigitaldeasturias.com\\\/noticias\\\/\",\"name\":\"El Digital de Asturias - Diario de actualidad y noticias\",\"alternateName\":\"El Digital de Asturias - Diario de actualidad y noticias\",\"description\":\"Hemeroteca\",\"inLanguage\":\"es-ES\",\"publisher\":{\"@id\":\"https:\\\/\\\/www.eldigitaldeasturias.com\\\/noticias\\\/#organization\"}}]}\n\t\t<\/script>\n\t\t<!-- All in One SEO Pro -->\r\n\t\t<title>Jes\u00e9 tira la puerta abajo y compromete a Bale - El Digital de Asturias<\/title>\n\n","aioseo_head_json":{"title":"Jes\u00e9 tira la puerta abajo y compromete a Bale - El Digital de Asturias","description":"Madrid, 6 feb (dpa) - Ni Cristiano Ronaldo, ni Gareth Bale, ni Iker Casillas. El gran \u00eddolo actual de la hinchada del Real Madrid es un joven de 20 a\u00f1os llamado Jes\u00e9, quien en cinco meses pas\u00f3 de ser un jugador casi desconocido en todo el mundo a acaparar las primeras p\u00e1ginas de los peri\u00f3dicos.","canonical_url":"https:\/\/www.eldigitaldeasturias.com\/noticias\/jese-tira-la-puerta-abajo-y-compromete-a-bale\/","robots":"max-image-preview:large","keywords":"actualidad","webmasterTools":{"google-site-verification":"UA-38556648-1","msvalidate.01":"7dfe9f3f1b24437ab69f4f2559babe99","miscellaneous":""},"schema":{"@context":"https:\/\/schema.org","@graph":[{"@type":"BlogPosting","@id":"https:\/\/www.eldigitaldeasturias.com\/noticias\/jese-tira-la-puerta-abajo-y-compromete-a-bale\/#blogposting","name":"Jes\u00e9 tira la puerta abajo y compromete a Bale - El Digital de Asturias","headline":"Jes\u00e9 tira la puerta abajo y compromete a Bale","author":{"@id":"https:\/\/www.eldigitaldeasturias.com\/noticias\/author\/admin\/#author"},"publisher":{"@id":"https:\/\/www.eldigitaldeasturias.com\/noticias\/#organization"},"image":{"@type":"ImageObject","url":"https:\/\/www.eldigitaldeasturias.com\/noticias\/wp-content\/uploads\/2026\/06\/Contenidos.jpg","width":1265,"height":697,"caption":"Contenidos"},"datePublished":"2014-02-06T23:53:54+01:00","dateModified":"2014-02-06T23:53:54+01:00","inLanguage":"es-ES","mainEntityOfPage":{"@id":"https:\/\/www.eldigitaldeasturias.com\/noticias\/jese-tira-la-puerta-abajo-y-compromete-a-bale\/#webpage"},"isPartOf":{"@id":"https:\/\/www.eldigitaldeasturias.com\/noticias\/jese-tira-la-puerta-abajo-y-compromete-a-bale\/#webpage"},"articleSection":"Actualidad"},{"@type":"BreadcrumbList","@id":"https:\/\/www.eldigitaldeasturias.com\/noticias\/jese-tira-la-puerta-abajo-y-compromete-a-bale\/#breadcrumblist","itemListElement":[{"@type":"ListItem","@id":"https:\/\/www.eldigitaldeasturias.com\/noticias#listItem","position":1,"name":"Home","item":"https:\/\/www.eldigitaldeasturias.com\/noticias","nextItem":{"@type":"ListItem","@id":"https:\/\/www.eldigitaldeasturias.com\/noticias\/category\/actualidad\/#listItem","name":"Actualidad"}},{"@type":"ListItem","@id":"https:\/\/www.eldigitaldeasturias.com\/noticias\/category\/actualidad\/#listItem","position":2,"name":"Actualidad","item":"https:\/\/www.eldigitaldeasturias.com\/noticias\/category\/actualidad\/","nextItem":{"@type":"ListItem","@id":"https:\/\/www.eldigitaldeasturias.com\/noticias\/jese-tira-la-puerta-abajo-y-compromete-a-bale\/#listItem","name":"Jes\u00e9 tira la puerta abajo y compromete a Bale"},"previousItem":{"@type":"ListItem","@id":"https:\/\/www.eldigitaldeasturias.com\/noticias#listItem","name":"Home"}},{"@type":"ListItem","@id":"https:\/\/www.eldigitaldeasturias.com\/noticias\/jese-tira-la-puerta-abajo-y-compromete-a-bale\/#listItem","position":3,"name":"Jes\u00e9 tira la puerta abajo y compromete a Bale","previousItem":{"@type":"ListItem","@id":"https:\/\/www.eldigitaldeasturias.com\/noticias\/category\/actualidad\/#listItem","name":"Actualidad"}}]},{"@type":"Organization","@id":"https:\/\/www.eldigitaldeasturias.com\/noticias\/#organization","name":"El Digital de Asturias","description":"Hemeroteca","url":"https:\/\/www.eldigitaldeasturias.com\/noticias\/","email":"info@eldigitaldeasturias.com","telephone":"+34652131393","logo":{"@type":"ImageObject","url":"https:\/\/www.eldigitaldeasturias.com\/noticias\/wp-content\/uploads\/2020\/12\/EDA.jpg","@id":"https:\/\/www.eldigitaldeasturias.com\/noticias\/jese-tira-la-puerta-abajo-y-compromete-a-bale\/#organizationLogo"},"image":{"@id":"https:\/\/www.eldigitaldeasturias.com\/noticias\/jese-tira-la-puerta-abajo-y-compromete-a-bale\/#organizationLogo"},"sameAs":["https:\/\/facebook.com\/eldigitaldeasturias","https:\/\/www.youtube.com\/channel\/UCZP-2wLEB9Rv6erhFmqVnvg"],"address":{"@id":"https:\/\/www.eldigitaldeasturias.com\/noticias\/#postaladdress","@type":"PostalAddress","streetAddress":"san antonio 4","postalCode":"33430","addressLocality":"Cand\u00e1s","addressRegion":"Asturias","addressCountry":"ES"}},{"@type":"Person","@id":"https:\/\/www.eldigitaldeasturias.com\/noticias\/author\/admin\/#author","url":"https:\/\/www.eldigitaldeasturias.com\/noticias\/author\/admin\/","name":"El Digital de Asturias","image":{"@type":"ImageObject","@id":"https:\/\/www.eldigitaldeasturias.com\/noticias\/jese-tira-la-puerta-abajo-y-compromete-a-bale\/#authorImage","url":"https:\/\/secure.gravatar.com\/avatar\/df2aeffc32bcd13f8d26072ef8a91b623d677766deac7f97ca815868cd41bf5e?s=96&d=mm&r=g","width":96,"height":96,"caption":"El Digital de Asturias"}},{"@type":"WebPage","@id":"https:\/\/www.eldigitaldeasturias.com\/noticias\/jese-tira-la-puerta-abajo-y-compromete-a-bale\/#webpage","url":"https:\/\/www.eldigitaldeasturias.com\/noticias\/jese-tira-la-puerta-abajo-y-compromete-a-bale\/","name":"Jes\u00e9 tira la puerta abajo y compromete a Bale - El Digital de Asturias","description":"Madrid, 6 feb (dpa) - Ni Cristiano Ronaldo, ni Gareth Bale, ni Iker Casillas. El gran \u00eddolo actual de la hinchada del Real Madrid es un joven de 20 a\u00f1os llamado Jes\u00e9, quien en cinco meses pas\u00f3 de ser un jugador casi desconocido en todo el mundo a acaparar las primeras p\u00e1ginas de los peri\u00f3dicos.","inLanguage":"es-ES","isPartOf":{"@id":"https:\/\/www.eldigitaldeasturias.com\/noticias\/#website"},"breadcrumb":{"@id":"https:\/\/www.eldigitaldeasturias.com\/noticias\/jese-tira-la-puerta-abajo-y-compromete-a-bale\/#breadcrumblist"},"author":{"@id":"https:\/\/www.eldigitaldeasturias.com\/noticias\/author\/admin\/#author"},"creator":{"@id":"https:\/\/www.eldigitaldeasturias.com\/noticias\/author\/admin\/#author"},"image":{"@type":"ImageObject","url":"https:\/\/www.eldigitaldeasturias.com\/noticias\/wp-content\/uploads\/2026\/06\/Contenidos.jpg","@id":"https:\/\/www.eldigitaldeasturias.com\/noticias\/jese-tira-la-puerta-abajo-y-compromete-a-bale\/#mainImage","width":1265,"height":697,"caption":"Contenidos"},"primaryImageOfPage":{"@id":"https:\/\/www.eldigitaldeasturias.com\/noticias\/jese-tira-la-puerta-abajo-y-compromete-a-bale\/#mainImage"},"datePublished":"2014-02-06T23:53:54+01:00","dateModified":"2014-02-06T23:53:54+01:00"},{"@type":"WebSite","@id":"https:\/\/www.eldigitaldeasturias.com\/noticias\/#website","url":"https:\/\/www.eldigitaldeasturias.com\/noticias\/","name":"El Digital de Asturias - Diario de actualidad y noticias","alternateName":"El Digital de Asturias - Diario de actualidad y noticias","description":"Hemeroteca","inLanguage":"es-ES","publisher":{"@id":"https:\/\/www.eldigitaldeasturias.com\/noticias\/#organization"}}]},"og:locale":"es_ES","og:site_name":"El Digital de Asturias","og:type":"article","og:title":"Jes\u00e9 tira la puerta abajo y compromete a Bale - El Digital de Asturias","og:description":"Madrid, 6 feb (dpa) - Ni Cristiano Ronaldo, ni Gareth Bale, ni Iker Casillas. El gran \u00eddolo actual de la hinchada del Real Madrid es un joven de 20 a\u00f1os llamado Jes\u00e9, quien en cinco meses pas\u00f3 de ser un jugador casi desconocido en todo el mundo a acaparar las primeras p\u00e1ginas de los peri\u00f3dicos.","og:url":"https:\/\/www.eldigitaldeasturias.com\/noticias\/jese-tira-la-puerta-abajo-y-compromete-a-bale\/","og:image":"https:\/\/www.eldigitaldeasturias.com\/noticias\/wp-content\/uploads\/2026\/06\/Contenidos.jpg","og:image:secure_url":"https:\/\/www.eldigitaldeasturias.com\/noticias\/wp-content\/uploads\/2026\/06\/Contenidos.jpg","og:image:width":1265,"og:image:height":697,"article:tag":["actualidad"],"article:published_time":"2014-02-07T00:53:54+00:00","article:modified_time":"2014-02-07T00:53:54+00:00","article:publisher":"https:\/\/facebook.com\/eldigitaldeasturias","twitter:card":"summary_large_image","twitter:title":"Jes\u00e9 tira la puerta abajo y compromete a Bale - El Digital de Asturias","twitter:description":"Madrid, 6 feb (dpa) - Ni Cristiano Ronaldo, ni Gareth Bale, ni Iker Casillas. El gran \u00eddolo actual de la hinchada del Real Madrid es un joven de 20 a\u00f1os llamado Jes\u00e9, quien en cinco meses pas\u00f3 de ser un jugador casi desconocido en todo el mundo a acaparar las primeras p\u00e1ginas de los peri\u00f3dicos.","twitter:image":"https:\/\/www.eldigitaldeasturias.com\/noticias\/wp-content\/uploads\/2026\/06\/Contenidos.jpg","twitter:label1":"Escrito por","twitter:data1":"El Digital de Asturias","twitter:label2":"Tiempo de lectura estimado","twitter:data2":"3 minutos"},"aioseo_meta_data":{"post_id":"485381","title":null,"description":null,"keywords":null,"keyphrases":null,"primary_term":null,"canonical_url":null,"og_title":null,"og_description":null,"og_object_type":"default","og_image_type":"default","og_image_url":null,"og_image_width":null,"og_image_height":null,"og_image_custom_url":null,"og_image_custom_fields":null,"og_video":null,"og_custom_url":null,"og_article_section":null,"og_article_tags":null,"twitter_use_og":true,"twitter_card":"default","twitter_image_type":"default","twitter_image_url":null,"twitter_image_custom_url":null,"twitter_image_custom_fields":null,"twitter_title":null,"twitter_description":null,"schema":{"blockGraphs":[],"customGraphs":[],"default":{"data":{"Article":[],"Course":[],"Dataset":[],"FAQPage":[],"Movie":[],"Person":[],"Product":[],"ProductReview":[],"Car":[],"Recipe":[],"Service":[],"SoftwareApplication":[],"WebPage":[]},"graphName":"","isEnabled":true},"graphs":[],"defaultGraph":"","defaultPostTypeGraph":""},"schema_type":null,"schema_type_options":null,"pillar_content":false,"robots_default":true,"robots_noindex":false,"robots_noarchive":false,"robots_nosnippet":false,"robots_nofollow":false,"robots_noimageindex":false,"robots_noodp":false,"robots_notranslate":false,"robots_max_snippet":null,"robots_max_videopreview":null,"robots_max_imagepreview":"none","priority":null,"frequency":null,"local_seo":null,"seo_analyzer_scan_date":"2026-06-02 20:03:52","breadcrumb_settings":null,"limit_modified_date":false,"open_ai":null,"ai":null,"created":"2020-11-14 22:55:14","updated":"2026-06-02 20:03:52","focus_keyword":null,"additional_keywords":null,"truseo_locale":null},"aioseo_breadcrumb":"<div class=\"aioseo-breadcrumbs\"><span class=\"aioseo-breadcrumb\">\n\t<a href=\"https:\/\/www.eldigitaldeasturias.com\/noticias\" title=\"Home\">Home<\/a>\n<\/span><span class=\"aioseo-breadcrumb-separator\">\u2013<\/span><span class=\"aioseo-breadcrumb\">\n\t<a href=\"https:\/\/www.eldigitaldeasturias.com\/noticias\/category\/actualidad\/\" title=\"Actualidad\">Actualidad<\/a>\n<\/span><span class=\"aioseo-breadcrumb-separator\">\u2013<\/span><span class=\"aioseo-breadcrumb\">\n\t<a href=\"https:\/\/www.eldigitaldeasturias.com\/noticias\/jese-tira-la-puerta-abajo-y-compromete-a-bale\/\" title=\"Jes\u00e9 tira la puerta abajo y compromete a Bale\">Jes\u00e9 tira la puerta abajo y compromete a Bale<\/a>\n<\/span><\/div>","aioseo_breadcrumb_json":[{"label":"Home","link":"https:\/\/www.eldigitaldeasturias.com\/noticias"},{"label":"Actualidad","link":"https:\/\/www.eldigitaldeasturias.com\/noticias\/category\/actualidad\/"},{"label":"Jes\u00e9 tira la puerta abajo y compromete a Bale","link":"https:\/\/www.eldigitaldeasturias.com\/noticias\/jese-tira-la-puerta-abajo-y-compromete-a-bale\/"}],"_links":{"self":[{"href":"https:\/\/www.eldigitaldeasturias.com\/noticias\/wp-json\/wp\/v2\/posts\/485381","targetHints":{"allow":["GET"]}}],"collection":[{"href":"https:\/\/www.eldigitaldeasturias.com\/noticias\/wp-json\/wp\/v2\/posts"}],"about":[{"href":"https:\/\/www.eldigitaldeasturias.com\/noticias\/wp-json\/wp\/v2\/types\/post"}],"author":[{"embeddable":true,"href":"https:\/\/www.eldigitaldeasturias.com\/noticias\/wp-json\/wp\/v2\/users\/1"}],"replies":[{"embeddable":true,"href":"https:\/\/www.eldigitaldeasturias.com\/noticias\/wp-json\/wp\/v2\/comments?post=485381"}],"version-history":[{"count":0,"href":"https:\/\/www.eldigitaldeasturias.com\/noticias\/wp-json\/wp\/v2\/posts\/485381\/revisions"}],"wp:featuredmedia":[{"embeddable":true,"href":"https:\/\/www.eldigitaldeasturias.com\/noticias\/wp-json\/wp\/v2\/media\/1132184"}],"wp:attachment":[{"href":"https:\/\/www.eldigitaldeasturias.com\/noticias\/wp-json\/wp\/v2\/media?parent=485381"}],"wp:term":[{"taxonomy":"category","embeddable":true,"href":"https:\/\/www.eldigitaldeasturias.com\/noticias\/wp-json\/wp\/v2\/categories?post=485381"},{"taxonomy":"post_tag","embeddable":true,"href":"https:\/\/www.eldigitaldeasturias.com\/noticias\/wp-json\/wp\/v2\/tags?post=485381"}],"curies":[{"name":"wp","href":"https:\/\/api.w.org\/{rel}","templated":true}]}}