{"id":485379,"date":"2014-02-06T23:44:47","date_gmt":"2014-02-07T00:44:47","guid":{"rendered":"http:\/\/www.eldigitaldeasturias.com\/noticias\/?p=485379"},"modified":"2014-02-06T23:44:47","modified_gmt":"2014-02-07T00:44:47","slug":"pele-ironiza-sobre-maradona-el-me-ama","status":"publish","type":"post","link":"https:\/\/www.eldigitaldeasturias.com\/noticias\/pele-ironiza-sobre-maradona-el-me-ama\/","title":{"rendered":"Pel\u00e9 ironiza sobre Maradona : \u00ab\u00c9l me ama\u00bb"},"content":{"rendered":"<p><img loading=\"lazy\" decoding=\"async\" class=\"alignleft size-medium wp-image-438551\" alt=\"Pele wird 70.\" src=\"https:\/\/www.eldigitaldeasturias.com\/noticias\/wp-content\/uploads\/2013\/10\/EL_EQUIPO_SO_ADO_EXI_35474912-249x320.jpg\" width=\"249\" height=\"320\" \/>R\u00edo de Janeiro, 6 feb (dpa) &#8211; El ex futbolista brasile\u00f1o Pel\u00e9 ironiz\u00f3 sobre Diego Armando Maradona, tras recordar el ex jugador argentino que \u00e9l recibi\u00f3 antes que \u00abO Rei\u00bb el Bal\u00f3n de Oro honor\u00edfico.<\/p>\n<p>\u00abMaradona me ama. A los argentinos les gustan las comparaciones. Ellos tuvieron grandes jugadores como (Alfredo) Di Stefano, (Omar) S\u00edvori, Maradona y (Lionel) Messi. Siempre les digo a mis amigos argentinos: primero decidan qui\u00e9n es el mejor de Argentina para despu\u00e9s ver qui\u00e9n es el mejor del mundo\u00bb, provoc\u00f3 el mayor \u00eddolo del f\u00fatbol brasile\u00f1o, de 73 a\u00f1os, durante un evento realizado en la noche del mi\u00e9rcoles en R\u00edo de Janeiro.<\/p>\n<p>Las declaraciones que provocaron el sarcasmo del tricampe\u00f3n mundial con Brasil en Suecia 1958, Chile 1962 y M\u00e9xico 1970 fueron realizadas por el astro argentino en enero, durante una entrevista en la que record\u00f3 que recibi\u00f3 el Bal\u00f3n de Oro de honor en Par\u00eds.<\/p>\n<p>\u00abDecir (como dijo Pel\u00e9) que fue el primero en recibirlo es un error\u00bb.<\/p>\n<p>Adem\u00e1s de la aclaraci\u00f3n, el \u00abDiez\u00bb arremeti\u00f3 contra Pel\u00e9 al afirmar que el brasile\u00f1o \u00absiempre ser\u00e1 recordado como el segundo mejor jugador de f\u00fatbol de la historia despu\u00e9s de Maradona\u00bb.<\/p>\n<p>\u00abEn su propio pa\u00eds, es el mejor deportista despu\u00e9s de Ayrton Senna. Pel\u00e9 siempre ser\u00e1 segundo, ya sea en el f\u00fatbol internacional, o en el deporte brasile\u00f1o. Lo triste es que \u00e9l es el segundo y seguir\u00e1 si\u00e9ndolo\u00bb, agreg\u00f3.<\/p>\n","protected":false},"excerpt":{"rendered":"<p>R\u00edo de Janeiro, 6 feb (dpa) &#8211; El ex futbolista brasile\u00f1o Pel\u00e9 ironiz\u00f3 sobre Diego Armando Maradona, tras recordar el ex jugador argentino que \u00e9l recibi\u00f3 antes que \u00abO Rei\u00bb el Bal\u00f3n de Oro honor\u00edfico. \u00abMaradona me ama. A los argentinos les gustan las comparaciones. Ellos tuvieron grandes jugadores como (Alfredo) Di Stefano, (Omar) S\u00edvori, [&hellip;]<\/p>\n","protected":false},"author":1,"featured_media":438551,"comment_status":"closed","ping_status":"open","sticky":false,"template":"","format":"standard","meta":{"footnotes":""},"categories":[1],"tags":[],"class_list":["post-485379","post","type-post","status-publish","format-standard","has-post-thumbnail","hentry","category-actualidad"],"aioseo_notices":[],"aioseo_head":"\n\t\t<!-- All in One SEO Pro 5.0.1 - aioseo.com -->\n\t<meta name=\"description\" content=\"R\u00edo de Janeiro, 6 feb (dpa) - El ex futbolista brasile\u00f1o Pel\u00e9 ironiz\u00f3 sobre Diego Armando Maradona, tras recordar el ex jugador argentino que \u00e9l recibi\u00f3 antes que &quot;O Rei&quot; el Bal\u00f3n de Oro honor\u00edfico. &quot;Maradona me ama. A los argentinos les gustan las comparaciones. Ellos tuvieron grandes jugadores como (Alfredo) Di Stefano, (Omar) S\u00edvori,\" \/>\n\t<meta name=\"robots\" content=\"max-image-preview:large\" \/>\n\t<meta name=\"author\" content=\"El Digital de Asturias\"\/>\n\t<meta name=\"google-site-verification\" content=\"UA-38556648-1\" \/>\n\t<meta name=\"msvalidate.01\" content=\"7dfe9f3f1b24437ab69f4f2559babe99\" \/>\n\t<meta name=\"keywords\" content=\"actualidad\" \/>\n\t<link rel=\"canonical\" href=\"https:\/\/www.eldigitaldeasturias.com\/noticias\/pele-ironiza-sobre-maradona-el-me-ama\/\" \/>\n\t<meta name=\"generator\" content=\"All in One SEO Pro (AIOSEO) 5.0.1\" \/>\n\t\t<meta property=\"og:locale\" content=\"es_ES\" \/>\n\t\t<meta property=\"og:site_name\" content=\"El Digital de Asturias\" \/>\n\t\t<meta property=\"og:type\" content=\"article\" \/>\n\t\t<meta property=\"og:title\" content=\"Pel\u00e9 ironiza sobre Maradona : \u00ab\u00c9l me ama\u00bb - El Digital de Asturias\" \/>\n\t\t<meta property=\"og:description\" content=\"R\u00edo de Janeiro, 6 feb (dpa) - El ex futbolista brasile\u00f1o Pel\u00e9 ironiz\u00f3 sobre Diego Armando Maradona, tras recordar el ex jugador argentino que \u00e9l recibi\u00f3 antes que &quot;O Rei&quot; el Bal\u00f3n de Oro honor\u00edfico. &quot;Maradona me ama. A los argentinos les gustan las comparaciones. Ellos tuvieron grandes jugadores como (Alfredo) Di Stefano, (Omar) S\u00edvori,\" \/>\n\t\t<meta property=\"og:url\" content=\"https:\/\/www.eldigitaldeasturias.com\/noticias\/pele-ironiza-sobre-maradona-el-me-ama\/\" \/>\n\t\t<meta property=\"article:tag\" content=\"actualidad\" \/>\n\t\t<meta property=\"article:published_time\" content=\"2014-02-07T00:44:47+00:00\" \/>\n\t\t<meta property=\"article:modified_time\" content=\"2014-02-07T00:44:47+00:00\" \/>\n\t\t<meta property=\"article:publisher\" content=\"https:\/\/facebook.com\/eldigitaldeasturias\" \/>\n\t\t<meta name=\"twitter:card\" content=\"summary_large_image\" \/>\n\t\t<meta name=\"twitter:title\" content=\"Pel\u00e9 ironiza sobre Maradona : \u00ab\u00c9l me ama\u00bb - El Digital de Asturias\" \/>\n\t\t<meta name=\"twitter:description\" content=\"R\u00edo de Janeiro, 6 feb (dpa) - El ex futbolista brasile\u00f1o Pel\u00e9 ironiz\u00f3 sobre Diego Armando Maradona, tras recordar el ex jugador argentino que \u00e9l recibi\u00f3 antes que &quot;O Rei&quot; el Bal\u00f3n de Oro honor\u00edfico. &quot;Maradona me ama. A los argentinos les gustan las comparaciones. Ellos tuvieron grandes jugadores como (Alfredo) Di Stefano, (Omar) S\u00edvori,\" \/>\n\t\t<meta name=\"twitter:label1\" content=\"Escrito por\" \/>\n\t\t<meta name=\"twitter:data1\" content=\"El Digital de Asturias\" \/>\n\t\t<meta name=\"twitter:label2\" content=\"Tiempo de lectura estimado\" \/>\n\t\t<meta name=\"twitter:data2\" content=\"1 minuto\" \/>\n\t\t<script type=\"application\/ld+json\" class=\"aioseo-schema\">\n\t\t\t{\"@context\":\"https:\\\/\\\/schema.org\",\"@graph\":[{\"@type\":\"BlogPosting\",\"@id\":\"https:\\\/\\\/www.eldigitaldeasturias.com\\\/noticias\\\/pele-ironiza-sobre-maradona-el-me-ama\\\/#blogposting\",\"name\":\"Pel\\u00e9 ironiza sobre Maradona : \\u00ab\\u00c9l me ama\\u00bb - El Digital de Asturias\",\"headline\":\"Pel\\u00e9 ironiza sobre Maradona : \\u00ab\\u00c9l me ama\\u00bb\",\"author\":{\"@id\":\"https:\\\/\\\/www.eldigitaldeasturias.com\\\/noticias\\\/author\\\/admin\\\/#author\"},\"publisher\":{\"@id\":\"https:\\\/\\\/www.eldigitaldeasturias.com\\\/noticias\\\/#organization\"},\"image\":{\"@type\":\"ImageObject\",\"url\":438551},\"datePublished\":\"2014-02-06T23:44:47+01:00\",\"dateModified\":\"2014-02-06T23:44:47+01:00\",\"inLanguage\":\"es-ES\",\"mainEntityOfPage\":{\"@id\":\"https:\\\/\\\/www.eldigitaldeasturias.com\\\/noticias\\\/pele-ironiza-sobre-maradona-el-me-ama\\\/#webpage\"},\"isPartOf\":{\"@id\":\"https:\\\/\\\/www.eldigitaldeasturias.com\\\/noticias\\\/pele-ironiza-sobre-maradona-el-me-ama\\\/#webpage\"},\"articleSection\":\"Actualidad\"},{\"@type\":\"BreadcrumbList\",\"@id\":\"https:\\\/\\\/www.eldigitaldeasturias.com\\\/noticias\\\/pele-ironiza-sobre-maradona-el-me-ama\\\/#breadcrumblist\",\"itemListElement\":[{\"@type\":\"ListItem\",\"@id\":\"https:\\\/\\\/www.eldigitaldeasturias.com\\\/noticias#listItem\",\"position\":1,\"name\":\"Home\",\"item\":\"https:\\\/\\\/www.eldigitaldeasturias.com\\\/noticias\",\"nextItem\":{\"@type\":\"ListItem\",\"@id\":\"https:\\\/\\\/www.eldigitaldeasturias.com\\\/noticias\\\/category\\\/actualidad\\\/#listItem\",\"name\":\"Actualidad\"}},{\"@type\":\"ListItem\",\"@id\":\"https:\\\/\\\/www.eldigitaldeasturias.com\\\/noticias\\\/category\\\/actualidad\\\/#listItem\",\"position\":2,\"name\":\"Actualidad\",\"item\":\"https:\\\/\\\/www.eldigitaldeasturias.com\\\/noticias\\\/category\\\/actualidad\\\/\",\"nextItem\":{\"@type\":\"ListItem\",\"@id\":\"https:\\\/\\\/www.eldigitaldeasturias.com\\\/noticias\\\/pele-ironiza-sobre-maradona-el-me-ama\\\/#listItem\",\"name\":\"Pel\\u00e9 ironiza sobre Maradona : \\u00ab\\u00c9l me ama\\u00bb\"},\"previousItem\":{\"@type\":\"ListItem\",\"@id\":\"https:\\\/\\\/www.eldigitaldeasturias.com\\\/noticias#listItem\",\"name\":\"Home\"}},{\"@type\":\"ListItem\",\"@id\":\"https:\\\/\\\/www.eldigitaldeasturias.com\\\/noticias\\\/pele-ironiza-sobre-maradona-el-me-ama\\\/#listItem\",\"position\":3,\"name\":\"Pel\\u00e9 ironiza sobre Maradona : \\u00ab\\u00c9l me ama\\u00bb\",\"previousItem\":{\"@type\":\"ListItem\",\"@id\":\"https:\\\/\\\/www.eldigitaldeasturias.com\\\/noticias\\\/category\\\/actualidad\\\/#listItem\",\"name\":\"Actualidad\"}}]},{\"@type\":\"Organization\",\"@id\":\"https:\\\/\\\/www.eldigitaldeasturias.com\\\/noticias\\\/#organization\",\"name\":\"El Digital de Asturias\",\"description\":\"Hemeroteca\",\"url\":\"https:\\\/\\\/www.eldigitaldeasturias.com\\\/noticias\\\/\",\"email\":\"info@eldigitaldeasturias.com\",\"telephone\":\"+34652131393\",\"logo\":{\"@type\":\"ImageObject\",\"url\":\"https:\\\/\\\/www.eldigitaldeasturias.com\\\/noticias\\\/wp-content\\\/uploads\\\/2020\\\/12\\\/EDA.jpg\",\"@id\":\"https:\\\/\\\/www.eldigitaldeasturias.com\\\/noticias\\\/pele-ironiza-sobre-maradona-el-me-ama\\\/#organizationLogo\"},\"image\":{\"@id\":\"https:\\\/\\\/www.eldigitaldeasturias.com\\\/noticias\\\/pele-ironiza-sobre-maradona-el-me-ama\\\/#organizationLogo\"},\"sameAs\":[\"https:\\\/\\\/facebook.com\\\/eldigitaldeasturias\",\"https:\\\/\\\/www.youtube.com\\\/channel\\\/UCZP-2wLEB9Rv6erhFmqVnvg\"],\"address\":{\"@id\":\"https:\\\/\\\/www.eldigitaldeasturias.com\\\/noticias\\\/#postaladdress\",\"@type\":\"PostalAddress\",\"streetAddress\":\"san antonio 4\",\"postalCode\":\"33430\",\"addressLocality\":\"Cand\\u00e1s\",\"addressRegion\":\"Asturias\",\"addressCountry\":\"ES\"}},{\"@type\":\"Person\",\"@id\":\"https:\\\/\\\/www.eldigitaldeasturias.com\\\/noticias\\\/author\\\/admin\\\/#author\",\"url\":\"https:\\\/\\\/www.eldigitaldeasturias.com\\\/noticias\\\/author\\\/admin\\\/\",\"name\":\"El Digital de Asturias\",\"image\":{\"@type\":\"ImageObject\",\"@id\":\"https:\\\/\\\/www.eldigitaldeasturias.com\\\/noticias\\\/pele-ironiza-sobre-maradona-el-me-ama\\\/#authorImage\",\"url\":\"https:\\\/\\\/secure.gravatar.com\\\/avatar\\\/df2aeffc32bcd13f8d26072ef8a91b623d677766deac7f97ca815868cd41bf5e?s=96&d=mm&r=g\",\"width\":96,\"height\":96,\"caption\":\"El Digital de Asturias\"}},{\"@type\":\"WebPage\",\"@id\":\"https:\\\/\\\/www.eldigitaldeasturias.com\\\/noticias\\\/pele-ironiza-sobre-maradona-el-me-ama\\\/#webpage\",\"url\":\"https:\\\/\\\/www.eldigitaldeasturias.com\\\/noticias\\\/pele-ironiza-sobre-maradona-el-me-ama\\\/\",\"name\":\"Pel\\u00e9 ironiza sobre Maradona : \\u00ab\\u00c9l me ama\\u00bb - El Digital de Asturias\",\"description\":\"R\\u00edo de Janeiro, 6 feb (dpa) - El ex futbolista brasile\\u00f1o Pel\\u00e9 ironiz\\u00f3 sobre Diego Armando Maradona, tras recordar el ex jugador argentino que \\u00e9l recibi\\u00f3 antes que \\\"O Rei\\\" el Bal\\u00f3n de Oro honor\\u00edfico. \\\"Maradona me ama. A los argentinos les gustan las comparaciones. Ellos tuvieron grandes jugadores como (Alfredo) Di Stefano, (Omar) S\\u00edvori,\",\"inLanguage\":\"es-ES\",\"isPartOf\":{\"@id\":\"https:\\\/\\\/www.eldigitaldeasturias.com\\\/noticias\\\/#website\"},\"breadcrumb\":{\"@id\":\"https:\\\/\\\/www.eldigitaldeasturias.com\\\/noticias\\\/pele-ironiza-sobre-maradona-el-me-ama\\\/#breadcrumblist\"},\"author\":{\"@id\":\"https:\\\/\\\/www.eldigitaldeasturias.com\\\/noticias\\\/author\\\/admin\\\/#author\"},\"creator\":{\"@id\":\"https:\\\/\\\/www.eldigitaldeasturias.com\\\/noticias\\\/author\\\/admin\\\/#author\"},\"image\":{\"@type\":\"ImageObject\",\"url\":438551,\"@id\":\"https:\\\/\\\/www.eldigitaldeasturias.com\\\/noticias\\\/pele-ironiza-sobre-maradona-el-me-ama\\\/#mainImage\"},\"primaryImageOfPage\":{\"@id\":\"https:\\\/\\\/www.eldigitaldeasturias.com\\\/noticias\\\/pele-ironiza-sobre-maradona-el-me-ama\\\/#mainImage\"},\"datePublished\":\"2014-02-06T23:44:47+01:00\",\"dateModified\":\"2014-02-06T23:44:47+01:00\"},{\"@type\":\"WebSite\",\"@id\":\"https:\\\/\\\/www.eldigitaldeasturias.com\\\/noticias\\\/#website\",\"url\":\"https:\\\/\\\/www.eldigitaldeasturias.com\\\/noticias\\\/\",\"name\":\"El Digital de Asturias - Diario de actualidad y noticias\",\"alternateName\":\"El Digital de Asturias - Diario de actualidad y noticias\",\"description\":\"Hemeroteca\",\"inLanguage\":\"es-ES\",\"publisher\":{\"@id\":\"https:\\\/\\\/www.eldigitaldeasturias.com\\\/noticias\\\/#organization\"}}]}\n\t\t<\/script>\n\t\t<!-- All in One SEO Pro -->\r\n\t\t<title>Pel\u00e9 ironiza sobre Maradona : \u00ab\u00c9l me ama\u00bb - El Digital de Asturias<\/title>\n\n","aioseo_head_json":{"title":"Pel\u00e9 ironiza sobre Maradona : \u00ab\u00c9l me ama\u00bb - El Digital de Asturias","description":"R\u00edo de Janeiro, 6 feb (dpa) - El ex futbolista brasile\u00f1o Pel\u00e9 ironiz\u00f3 sobre Diego Armando Maradona, tras recordar el ex jugador argentino que \u00e9l recibi\u00f3 antes que \"O Rei\" el Bal\u00f3n de Oro honor\u00edfico. \"Maradona me ama. A los argentinos les gustan las comparaciones. Ellos tuvieron grandes jugadores como (Alfredo) Di Stefano, (Omar) S\u00edvori,","canonical_url":"https:\/\/www.eldigitaldeasturias.com\/noticias\/pele-ironiza-sobre-maradona-el-me-ama\/","robots":"max-image-preview:large","keywords":"actualidad","webmasterTools":{"google-site-verification":"UA-38556648-1","msvalidate.01":"7dfe9f3f1b24437ab69f4f2559babe99","miscellaneous":""},"schema":{"@context":"https:\/\/schema.org","@graph":[{"@type":"BlogPosting","@id":"https:\/\/www.eldigitaldeasturias.com\/noticias\/pele-ironiza-sobre-maradona-el-me-ama\/#blogposting","name":"Pel\u00e9 ironiza sobre Maradona : \u00ab\u00c9l me ama\u00bb - El Digital de Asturias","headline":"Pel\u00e9 ironiza sobre Maradona : \u00ab\u00c9l me ama\u00bb","author":{"@id":"https:\/\/www.eldigitaldeasturias.com\/noticias\/author\/admin\/#author"},"publisher":{"@id":"https:\/\/www.eldigitaldeasturias.com\/noticias\/#organization"},"image":{"@type":"ImageObject","url":438551},"datePublished":"2014-02-06T23:44:47+01:00","dateModified":"2014-02-06T23:44:47+01:00","inLanguage":"es-ES","mainEntityOfPage":{"@id":"https:\/\/www.eldigitaldeasturias.com\/noticias\/pele-ironiza-sobre-maradona-el-me-ama\/#webpage"},"isPartOf":{"@id":"https:\/\/www.eldigitaldeasturias.com\/noticias\/pele-ironiza-sobre-maradona-el-me-ama\/#webpage"},"articleSection":"Actualidad"},{"@type":"BreadcrumbList","@id":"https:\/\/www.eldigitaldeasturias.com\/noticias\/pele-ironiza-sobre-maradona-el-me-ama\/#breadcrumblist","itemListElement":[{"@type":"ListItem","@id":"https:\/\/www.eldigitaldeasturias.com\/noticias#listItem","position":1,"name":"Home","item":"https:\/\/www.eldigitaldeasturias.com\/noticias","nextItem":{"@type":"ListItem","@id":"https:\/\/www.eldigitaldeasturias.com\/noticias\/category\/actualidad\/#listItem","name":"Actualidad"}},{"@type":"ListItem","@id":"https:\/\/www.eldigitaldeasturias.com\/noticias\/category\/actualidad\/#listItem","position":2,"name":"Actualidad","item":"https:\/\/www.eldigitaldeasturias.com\/noticias\/category\/actualidad\/","nextItem":{"@type":"ListItem","@id":"https:\/\/www.eldigitaldeasturias.com\/noticias\/pele-ironiza-sobre-maradona-el-me-ama\/#listItem","name":"Pel\u00e9 ironiza sobre Maradona : \u00ab\u00c9l me ama\u00bb"},"previousItem":{"@type":"ListItem","@id":"https:\/\/www.eldigitaldeasturias.com\/noticias#listItem","name":"Home"}},{"@type":"ListItem","@id":"https:\/\/www.eldigitaldeasturias.com\/noticias\/pele-ironiza-sobre-maradona-el-me-ama\/#listItem","position":3,"name":"Pel\u00e9 ironiza sobre Maradona : \u00ab\u00c9l me ama\u00bb","previousItem":{"@type":"ListItem","@id":"https:\/\/www.eldigitaldeasturias.com\/noticias\/category\/actualidad\/#listItem","name":"Actualidad"}}]},{"@type":"Organization","@id":"https:\/\/www.eldigitaldeasturias.com\/noticias\/#organization","name":"El Digital de Asturias","description":"Hemeroteca","url":"https:\/\/www.eldigitaldeasturias.com\/noticias\/","email":"info@eldigitaldeasturias.com","telephone":"+34652131393","logo":{"@type":"ImageObject","url":"https:\/\/www.eldigitaldeasturias.com\/noticias\/wp-content\/uploads\/2020\/12\/EDA.jpg","@id":"https:\/\/www.eldigitaldeasturias.com\/noticias\/pele-ironiza-sobre-maradona-el-me-ama\/#organizationLogo"},"image":{"@id":"https:\/\/www.eldigitaldeasturias.com\/noticias\/pele-ironiza-sobre-maradona-el-me-ama\/#organizationLogo"},"sameAs":["https:\/\/facebook.com\/eldigitaldeasturias","https:\/\/www.youtube.com\/channel\/UCZP-2wLEB9Rv6erhFmqVnvg"],"address":{"@id":"https:\/\/www.eldigitaldeasturias.com\/noticias\/#postaladdress","@type":"PostalAddress","streetAddress":"san antonio 4","postalCode":"33430","addressLocality":"Cand\u00e1s","addressRegion":"Asturias","addressCountry":"ES"}},{"@type":"Person","@id":"https:\/\/www.eldigitaldeasturias.com\/noticias\/author\/admin\/#author","url":"https:\/\/www.eldigitaldeasturias.com\/noticias\/author\/admin\/","name":"El Digital de Asturias","image":{"@type":"ImageObject","@id":"https:\/\/www.eldigitaldeasturias.com\/noticias\/pele-ironiza-sobre-maradona-el-me-ama\/#authorImage","url":"https:\/\/secure.gravatar.com\/avatar\/df2aeffc32bcd13f8d26072ef8a91b623d677766deac7f97ca815868cd41bf5e?s=96&d=mm&r=g","width":96,"height":96,"caption":"El Digital de Asturias"}},{"@type":"WebPage","@id":"https:\/\/www.eldigitaldeasturias.com\/noticias\/pele-ironiza-sobre-maradona-el-me-ama\/#webpage","url":"https:\/\/www.eldigitaldeasturias.com\/noticias\/pele-ironiza-sobre-maradona-el-me-ama\/","name":"Pel\u00e9 ironiza sobre Maradona : \u00ab\u00c9l me ama\u00bb - El Digital de Asturias","description":"R\u00edo de Janeiro, 6 feb (dpa) - El ex futbolista brasile\u00f1o Pel\u00e9 ironiz\u00f3 sobre Diego Armando Maradona, tras recordar el ex jugador argentino que \u00e9l recibi\u00f3 antes que \"O Rei\" el Bal\u00f3n de Oro honor\u00edfico. \"Maradona me ama. A los argentinos les gustan las comparaciones. Ellos tuvieron grandes jugadores como (Alfredo) Di Stefano, (Omar) S\u00edvori,","inLanguage":"es-ES","isPartOf":{"@id":"https:\/\/www.eldigitaldeasturias.com\/noticias\/#website"},"breadcrumb":{"@id":"https:\/\/www.eldigitaldeasturias.com\/noticias\/pele-ironiza-sobre-maradona-el-me-ama\/#breadcrumblist"},"author":{"@id":"https:\/\/www.eldigitaldeasturias.com\/noticias\/author\/admin\/#author"},"creator":{"@id":"https:\/\/www.eldigitaldeasturias.com\/noticias\/author\/admin\/#author"},"image":{"@type":"ImageObject","url":438551,"@id":"https:\/\/www.eldigitaldeasturias.com\/noticias\/pele-ironiza-sobre-maradona-el-me-ama\/#mainImage"},"primaryImageOfPage":{"@id":"https:\/\/www.eldigitaldeasturias.com\/noticias\/pele-ironiza-sobre-maradona-el-me-ama\/#mainImage"},"datePublished":"2014-02-06T23:44:47+01:00","dateModified":"2014-02-06T23:44:47+01:00"},{"@type":"WebSite","@id":"https:\/\/www.eldigitaldeasturias.com\/noticias\/#website","url":"https:\/\/www.eldigitaldeasturias.com\/noticias\/","name":"El Digital de Asturias - Diario de actualidad y noticias","alternateName":"El Digital de Asturias - Diario de actualidad y noticias","description":"Hemeroteca","inLanguage":"es-ES","publisher":{"@id":"https:\/\/www.eldigitaldeasturias.com\/noticias\/#organization"}}]},"og:locale":"es_ES","og:site_name":"El Digital de Asturias","og:type":"article","og:title":"Pel\u00e9 ironiza sobre Maradona : \u00ab\u00c9l me ama\u00bb - El Digital de Asturias","og:description":"R\u00edo de Janeiro, 6 feb (dpa) - El ex futbolista brasile\u00f1o Pel\u00e9 ironiz\u00f3 sobre Diego Armando Maradona, tras recordar el ex jugador argentino que \u00e9l recibi\u00f3 antes que &quot;O Rei&quot; el Bal\u00f3n de Oro honor\u00edfico. &quot;Maradona me ama. A los argentinos les gustan las comparaciones. Ellos tuvieron grandes jugadores como (Alfredo) Di Stefano, (Omar) S\u00edvori,","og:url":"https:\/\/www.eldigitaldeasturias.com\/noticias\/pele-ironiza-sobre-maradona-el-me-ama\/","article:tag":["actualidad"],"article:published_time":"2014-02-07T00:44:47+00:00","article:modified_time":"2014-02-07T00:44:47+00:00","article:publisher":"https:\/\/facebook.com\/eldigitaldeasturias","twitter:card":"summary_large_image","twitter:title":"Pel\u00e9 ironiza sobre Maradona : \u00ab\u00c9l me ama\u00bb - El Digital de Asturias","twitter:description":"R\u00edo de Janeiro, 6 feb (dpa) - El ex futbolista brasile\u00f1o Pel\u00e9 ironiz\u00f3 sobre Diego Armando Maradona, tras recordar el ex jugador argentino que \u00e9l recibi\u00f3 antes que &quot;O Rei&quot; el Bal\u00f3n de Oro honor\u00edfico. &quot;Maradona me ama. A los argentinos les gustan las comparaciones. Ellos tuvieron grandes jugadores como (Alfredo) Di Stefano, (Omar) S\u00edvori,","twitter:label1":"Escrito por","twitter:data1":"El Digital de Asturias","twitter:label2":"Tiempo de lectura estimado","twitter:data2":"1 minuto"},"aioseo_meta_data":{"post_id":"485379","title":null,"description":null,"keywords":null,"keyphrases":null,"primary_term":null,"canonical_url":null,"og_title":null,"og_description":null,"og_object_type":"default","og_image_type":"default","og_image_url":null,"og_image_width":null,"og_image_height":null,"og_image_custom_url":null,"og_image_custom_fields":null,"og_video":null,"og_custom_url":null,"og_article_section":null,"og_article_tags":null,"twitter_use_og":true,"twitter_card":"default","twitter_image_type":"default","twitter_image_url":null,"twitter_image_custom_url":null,"twitter_image_custom_fields":null,"twitter_title":null,"twitter_description":null,"schema":{"blockGraphs":[],"customGraphs":[],"default":{"data":{"Article":[],"Course":[],"Dataset":[],"FAQPage":[],"Movie":[],"Person":[],"Product":[],"ProductReview":[],"Car":[],"Recipe":[],"Service":[],"SoftwareApplication":[],"WebPage":[]},"graphName":"","isEnabled":true},"graphs":[],"defaultGraph":"","defaultPostTypeGraph":""},"schema_type":null,"schema_type_options":null,"pillar_content":false,"robots_default":true,"robots_noindex":false,"robots_noarchive":false,"robots_nosnippet":false,"robots_nofollow":false,"robots_noimageindex":false,"robots_noodp":false,"robots_notranslate":false,"robots_max_snippet":null,"robots_max_videopreview":null,"robots_max_imagepreview":"none","priority":null,"frequency":null,"local_seo":null,"seo_analyzer_scan_date":"2026-06-02 20:03:51","breadcrumb_settings":null,"limit_modified_date":false,"open_ai":null,"ai":null,"created":"2020-11-14 22:55:14","updated":"2026-06-02 20:03:51","focus_keyword":null,"additional_keywords":null,"truseo_locale":null},"aioseo_breadcrumb":"<div class=\"aioseo-breadcrumbs\"><span class=\"aioseo-breadcrumb\">\n\t<a href=\"https:\/\/www.eldigitaldeasturias.com\/noticias\" title=\"Home\">Home<\/a>\n<\/span><span class=\"aioseo-breadcrumb-separator\">\u2013<\/span><span class=\"aioseo-breadcrumb\">\n\t<a href=\"https:\/\/www.eldigitaldeasturias.com\/noticias\/category\/actualidad\/\" title=\"Actualidad\">Actualidad<\/a>\n<\/span><span class=\"aioseo-breadcrumb-separator\">\u2013<\/span><span class=\"aioseo-breadcrumb\">\n\t<a href=\"https:\/\/www.eldigitaldeasturias.com\/noticias\/pele-ironiza-sobre-maradona-el-me-ama\/\" title=\"Pel\u00e9 ironiza sobre Maradona : \u00ab\u00c9l me ama\u00bb\">Pel\u00e9 ironiza sobre Maradona : \u00ab\u00c9l me ama\u00bb<\/a>\n<\/span><\/div>","aioseo_breadcrumb_json":[{"label":"Home","link":"https:\/\/www.eldigitaldeasturias.com\/noticias"},{"label":"Actualidad","link":"https:\/\/www.eldigitaldeasturias.com\/noticias\/category\/actualidad\/"},{"label":"Pel\u00e9 ironiza sobre Maradona : \u00ab\u00c9l me ama\u00bb","link":"https:\/\/www.eldigitaldeasturias.com\/noticias\/pele-ironiza-sobre-maradona-el-me-ama\/"}],"_links":{"self":[{"href":"https:\/\/www.eldigitaldeasturias.com\/noticias\/wp-json\/wp\/v2\/posts\/485379","targetHints":{"allow":["GET"]}}],"collection":[{"href":"https:\/\/www.eldigitaldeasturias.com\/noticias\/wp-json\/wp\/v2\/posts"}],"about":[{"href":"https:\/\/www.eldigitaldeasturias.com\/noticias\/wp-json\/wp\/v2\/types\/post"}],"author":[{"embeddable":true,"href":"https:\/\/www.eldigitaldeasturias.com\/noticias\/wp-json\/wp\/v2\/users\/1"}],"replies":[{"embeddable":true,"href":"https:\/\/www.eldigitaldeasturias.com\/noticias\/wp-json\/wp\/v2\/comments?post=485379"}],"version-history":[{"count":0,"href":"https:\/\/www.eldigitaldeasturias.com\/noticias\/wp-json\/wp\/v2\/posts\/485379\/revisions"}],"wp:attachment":[{"href":"https:\/\/www.eldigitaldeasturias.com\/noticias\/wp-json\/wp\/v2\/media?parent=485379"}],"wp:term":[{"taxonomy":"category","embeddable":true,"href":"https:\/\/www.eldigitaldeasturias.com\/noticias\/wp-json\/wp\/v2\/categories?post=485379"},{"taxonomy":"post_tag","embeddable":true,"href":"https:\/\/www.eldigitaldeasturias.com\/noticias\/wp-json\/wp\/v2\/tags?post=485379"}],"curies":[{"name":"wp","href":"https:\/\/api.w.org\/{rel}","templated":true}]}}