{"id":485377,"date":"2014-02-06T23:43:17","date_gmt":"2014-02-07T00:43:17","guid":{"rendered":"http:\/\/www.eldigitaldeasturias.com\/noticias\/?p=485377"},"modified":"2014-02-06T23:43:17","modified_gmt":"2014-02-07T00:43:17","slug":"merkel-respalda-a-juncker-como-candidato-conservador-en-las-europeas","status":"publish","type":"post","link":"https:\/\/www.eldigitaldeasturias.com\/noticias\/merkel-respalda-a-juncker-como-candidato-conservador-en-las-europeas\/","title":{"rendered":"Merkel respalda a Juncker como candidato conservador en las europeas"},"content":{"rendered":"<p><img loading=\"lazy\" decoding=\"async\" class=\"alignleft size-full wp-image-469165\" alt=\"merkel2\" src=\"https:\/\/www.eldigitaldeasturias.com\/noticias\/wp-content\/uploads\/2014\/01\/merkel2.jpg\" width=\"239\" height=\"320\" \/>Berl\u00edn, 6 feb (dpa) &#8211; La canciller alemana, Angela Merkel, respald\u00f3 abiertamente al ex primer ministro luxemburgu\u00e9s y ex jefe del eurogrupo Jean-Claude Juncker como primer candidato de los conservadores en las elecciones europeas de mayo.<\/p>\n<p>\u00abNo es ning\u00fan secreto que siento gran simpat\u00eda por \u00e9l\u00bb, explic\u00f3 la canciller en Berl\u00edn en una conferencia de prensa conjunta con el primer ministro de Luxemburgo, Xavier Bettel.<\/p>\n<p>Merkel preside la Uni\u00f3n Cristianodem\u00f3crata (CDU), principal fuerza que integra el Partido Popular Europeo (PPE).<\/p>\n<p>Pese a su apoyo, la canciller record\u00f3 que el cabeza de lista de los conservadores para las elecciones al Parlamento Europeo del 25 de mayo se decidir\u00e1 un encuentro del PPE del 6 al 7 de marzo en Dubl\u00edn, Irlanda. \u00abNo tomamos esta decisi\u00f3n por nuestra cuenta\u00bb, se\u00f1al\u00f3.<\/p>\n<p>Por su parte Bettel, que lidera un gobierno de coalici\u00f3n entre liberales, socialdem\u00f3cratas y verdes, asegur\u00f3 que apoyar\u00eda al ahora opositor Juncker si el cristianosocial tiene la oportunidad de convertirse en presidente de la Comisi\u00f3n Europea.<\/p>\n","protected":false},"excerpt":{"rendered":"<p>Berl\u00edn, 6 feb (dpa) &#8211; La canciller alemana, Angela Merkel, respald\u00f3 abiertamente al ex primer ministro luxemburgu\u00e9s y ex jefe del eurogrupo Jean-Claude Juncker como primer candidato de los conservadores en las elecciones europeas de mayo. \u00abNo es ning\u00fan secreto que siento gran simpat\u00eda por \u00e9l\u00bb, explic\u00f3 la canciller en Berl\u00edn en una conferencia de [&hellip;]<\/p>\n","protected":false},"author":1,"featured_media":469165,"comment_status":"closed","ping_status":"open","sticky":false,"template":"","format":"standard","meta":{"footnotes":""},"categories":[1],"tags":[],"class_list":["post-485377","post","type-post","status-publish","format-standard","has-post-thumbnail","hentry","category-actualidad"],"aioseo_notices":[],"aioseo_head":"\n\t\t<!-- All in One SEO Pro 5.0.1 - aioseo.com -->\n\t<meta name=\"description\" content=\"Berl\u00edn, 6 feb (dpa) - La canciller alemana, Angela Merkel, respald\u00f3 abiertamente al ex primer ministro luxemburgu\u00e9s y ex jefe del eurogrupo Jean-Claude Juncker como primer candidato de los conservadores en las elecciones europeas de mayo. &quot;No es ning\u00fan secreto que siento gran simpat\u00eda por \u00e9l&quot;, explic\u00f3 la canciller en Berl\u00edn en una conferencia de\" \/>\n\t<meta name=\"robots\" content=\"max-image-preview:large\" \/>\n\t<meta name=\"author\" content=\"El Digital de Asturias\"\/>\n\t<meta name=\"google-site-verification\" content=\"UA-38556648-1\" \/>\n\t<meta name=\"msvalidate.01\" content=\"7dfe9f3f1b24437ab69f4f2559babe99\" \/>\n\t<meta name=\"keywords\" content=\"actualidad\" \/>\n\t<link rel=\"canonical\" href=\"https:\/\/www.eldigitaldeasturias.com\/noticias\/merkel-respalda-a-juncker-como-candidato-conservador-en-las-europeas\/\" \/>\n\t<meta name=\"generator\" content=\"All in One SEO Pro (AIOSEO) 5.0.1\" \/>\n\t\t<meta property=\"og:locale\" content=\"es_ES\" \/>\n\t\t<meta property=\"og:site_name\" content=\"El Digital de Asturias\" \/>\n\t\t<meta property=\"og:type\" content=\"article\" \/>\n\t\t<meta property=\"og:title\" content=\"Merkel respalda a Juncker como candidato conservador en las europeas - El Digital de Asturias\" \/>\n\t\t<meta property=\"og:description\" content=\"Berl\u00edn, 6 feb (dpa) - La canciller alemana, Angela Merkel, respald\u00f3 abiertamente al ex primer ministro luxemburgu\u00e9s y ex jefe del eurogrupo Jean-Claude Juncker como primer candidato de los conservadores en las elecciones europeas de mayo. &quot;No es ning\u00fan secreto que siento gran simpat\u00eda por \u00e9l&quot;, explic\u00f3 la canciller en Berl\u00edn en una conferencia de\" \/>\n\t\t<meta property=\"og:url\" content=\"https:\/\/www.eldigitaldeasturias.com\/noticias\/merkel-respalda-a-juncker-como-candidato-conservador-en-las-europeas\/\" \/>\n\t\t<meta property=\"article:tag\" content=\"actualidad\" \/>\n\t\t<meta property=\"article:published_time\" content=\"2014-02-07T00:43:17+00:00\" \/>\n\t\t<meta property=\"article:modified_time\" content=\"2014-02-07T00:43:17+00:00\" \/>\n\t\t<meta property=\"article:publisher\" content=\"https:\/\/facebook.com\/eldigitaldeasturias\" \/>\n\t\t<meta name=\"twitter:card\" content=\"summary_large_image\" \/>\n\t\t<meta name=\"twitter:title\" content=\"Merkel respalda a Juncker como candidato conservador en las europeas - El Digital de Asturias\" \/>\n\t\t<meta name=\"twitter:description\" content=\"Berl\u00edn, 6 feb (dpa) - La canciller alemana, Angela Merkel, respald\u00f3 abiertamente al ex primer ministro luxemburgu\u00e9s y ex jefe del eurogrupo Jean-Claude Juncker como primer candidato de los conservadores en las elecciones europeas de mayo. &quot;No es ning\u00fan secreto que siento gran simpat\u00eda por \u00e9l&quot;, explic\u00f3 la canciller en Berl\u00edn en una conferencia de\" \/>\n\t\t<meta name=\"twitter:label1\" content=\"Escrito por\" \/>\n\t\t<meta name=\"twitter:data1\" content=\"El Digital de Asturias\" \/>\n\t\t<meta name=\"twitter:label2\" content=\"Tiempo de lectura estimado\" \/>\n\t\t<meta name=\"twitter:data2\" content=\"1 minuto\" \/>\n\t\t<script type=\"application\/ld+json\" class=\"aioseo-schema\">\n\t\t\t{\"@context\":\"https:\\\/\\\/schema.org\",\"@graph\":[{\"@type\":\"BlogPosting\",\"@id\":\"https:\\\/\\\/www.eldigitaldeasturias.com\\\/noticias\\\/merkel-respalda-a-juncker-como-candidato-conservador-en-las-europeas\\\/#blogposting\",\"name\":\"Merkel respalda a Juncker como candidato conservador en las europeas - El Digital de Asturias\",\"headline\":\"Merkel respalda a Juncker como candidato conservador en las europeas\",\"author\":{\"@id\":\"https:\\\/\\\/www.eldigitaldeasturias.com\\\/noticias\\\/author\\\/admin\\\/#author\"},\"publisher\":{\"@id\":\"https:\\\/\\\/www.eldigitaldeasturias.com\\\/noticias\\\/#organization\"},\"image\":{\"@type\":\"ImageObject\",\"url\":469165},\"datePublished\":\"2014-02-06T23:43:17+01:00\",\"dateModified\":\"2014-02-06T23:43:17+01:00\",\"inLanguage\":\"es-ES\",\"mainEntityOfPage\":{\"@id\":\"https:\\\/\\\/www.eldigitaldeasturias.com\\\/noticias\\\/merkel-respalda-a-juncker-como-candidato-conservador-en-las-europeas\\\/#webpage\"},\"isPartOf\":{\"@id\":\"https:\\\/\\\/www.eldigitaldeasturias.com\\\/noticias\\\/merkel-respalda-a-juncker-como-candidato-conservador-en-las-europeas\\\/#webpage\"},\"articleSection\":\"Actualidad\"},{\"@type\":\"BreadcrumbList\",\"@id\":\"https:\\\/\\\/www.eldigitaldeasturias.com\\\/noticias\\\/merkel-respalda-a-juncker-como-candidato-conservador-en-las-europeas\\\/#breadcrumblist\",\"itemListElement\":[{\"@type\":\"ListItem\",\"@id\":\"https:\\\/\\\/www.eldigitaldeasturias.com\\\/noticias#listItem\",\"position\":1,\"name\":\"Home\",\"item\":\"https:\\\/\\\/www.eldigitaldeasturias.com\\\/noticias\",\"nextItem\":{\"@type\":\"ListItem\",\"@id\":\"https:\\\/\\\/www.eldigitaldeasturias.com\\\/noticias\\\/category\\\/actualidad\\\/#listItem\",\"name\":\"Actualidad\"}},{\"@type\":\"ListItem\",\"@id\":\"https:\\\/\\\/www.eldigitaldeasturias.com\\\/noticias\\\/category\\\/actualidad\\\/#listItem\",\"position\":2,\"name\":\"Actualidad\",\"item\":\"https:\\\/\\\/www.eldigitaldeasturias.com\\\/noticias\\\/category\\\/actualidad\\\/\",\"nextItem\":{\"@type\":\"ListItem\",\"@id\":\"https:\\\/\\\/www.eldigitaldeasturias.com\\\/noticias\\\/merkel-respalda-a-juncker-como-candidato-conservador-en-las-europeas\\\/#listItem\",\"name\":\"Merkel respalda a Juncker como candidato conservador en las europeas\"},\"previousItem\":{\"@type\":\"ListItem\",\"@id\":\"https:\\\/\\\/www.eldigitaldeasturias.com\\\/noticias#listItem\",\"name\":\"Home\"}},{\"@type\":\"ListItem\",\"@id\":\"https:\\\/\\\/www.eldigitaldeasturias.com\\\/noticias\\\/merkel-respalda-a-juncker-como-candidato-conservador-en-las-europeas\\\/#listItem\",\"position\":3,\"name\":\"Merkel respalda a Juncker como candidato conservador en las europeas\",\"previousItem\":{\"@type\":\"ListItem\",\"@id\":\"https:\\\/\\\/www.eldigitaldeasturias.com\\\/noticias\\\/category\\\/actualidad\\\/#listItem\",\"name\":\"Actualidad\"}}]},{\"@type\":\"Organization\",\"@id\":\"https:\\\/\\\/www.eldigitaldeasturias.com\\\/noticias\\\/#organization\",\"name\":\"El Digital de Asturias\",\"description\":\"Hemeroteca\",\"url\":\"https:\\\/\\\/www.eldigitaldeasturias.com\\\/noticias\\\/\",\"email\":\"info@eldigitaldeasturias.com\",\"telephone\":\"+34652131393\",\"logo\":{\"@type\":\"ImageObject\",\"url\":\"https:\\\/\\\/www.eldigitaldeasturias.com\\\/noticias\\\/wp-content\\\/uploads\\\/2020\\\/12\\\/EDA.jpg\",\"@id\":\"https:\\\/\\\/www.eldigitaldeasturias.com\\\/noticias\\\/merkel-respalda-a-juncker-como-candidato-conservador-en-las-europeas\\\/#organizationLogo\"},\"image\":{\"@id\":\"https:\\\/\\\/www.eldigitaldeasturias.com\\\/noticias\\\/merkel-respalda-a-juncker-como-candidato-conservador-en-las-europeas\\\/#organizationLogo\"},\"sameAs\":[\"https:\\\/\\\/facebook.com\\\/eldigitaldeasturias\",\"https:\\\/\\\/www.youtube.com\\\/channel\\\/UCZP-2wLEB9Rv6erhFmqVnvg\"],\"address\":{\"@id\":\"https:\\\/\\\/www.eldigitaldeasturias.com\\\/noticias\\\/#postaladdress\",\"@type\":\"PostalAddress\",\"streetAddress\":\"san antonio 4\",\"postalCode\":\"33430\",\"addressLocality\":\"Cand\\u00e1s\",\"addressRegion\":\"Asturias\",\"addressCountry\":\"ES\"}},{\"@type\":\"Person\",\"@id\":\"https:\\\/\\\/www.eldigitaldeasturias.com\\\/noticias\\\/author\\\/admin\\\/#author\",\"url\":\"https:\\\/\\\/www.eldigitaldeasturias.com\\\/noticias\\\/author\\\/admin\\\/\",\"name\":\"El Digital de Asturias\",\"image\":{\"@type\":\"ImageObject\",\"@id\":\"https:\\\/\\\/www.eldigitaldeasturias.com\\\/noticias\\\/merkel-respalda-a-juncker-como-candidato-conservador-en-las-europeas\\\/#authorImage\",\"url\":\"https:\\\/\\\/secure.gravatar.com\\\/avatar\\\/df2aeffc32bcd13f8d26072ef8a91b623d677766deac7f97ca815868cd41bf5e?s=96&d=mm&r=g\",\"width\":96,\"height\":96,\"caption\":\"El Digital de Asturias\"}},{\"@type\":\"WebPage\",\"@id\":\"https:\\\/\\\/www.eldigitaldeasturias.com\\\/noticias\\\/merkel-respalda-a-juncker-como-candidato-conservador-en-las-europeas\\\/#webpage\",\"url\":\"https:\\\/\\\/www.eldigitaldeasturias.com\\\/noticias\\\/merkel-respalda-a-juncker-como-candidato-conservador-en-las-europeas\\\/\",\"name\":\"Merkel respalda a Juncker como candidato conservador en las europeas - El Digital de Asturias\",\"description\":\"Berl\\u00edn, 6 feb (dpa) - La canciller alemana, Angela Merkel, respald\\u00f3 abiertamente al ex primer ministro luxemburgu\\u00e9s y ex jefe del eurogrupo Jean-Claude Juncker como primer candidato de los conservadores en las elecciones europeas de mayo. \\\"No es ning\\u00fan secreto que siento gran simpat\\u00eda por \\u00e9l\\\", explic\\u00f3 la canciller en Berl\\u00edn en una conferencia de\",\"inLanguage\":\"es-ES\",\"isPartOf\":{\"@id\":\"https:\\\/\\\/www.eldigitaldeasturias.com\\\/noticias\\\/#website\"},\"breadcrumb\":{\"@id\":\"https:\\\/\\\/www.eldigitaldeasturias.com\\\/noticias\\\/merkel-respalda-a-juncker-como-candidato-conservador-en-las-europeas\\\/#breadcrumblist\"},\"author\":{\"@id\":\"https:\\\/\\\/www.eldigitaldeasturias.com\\\/noticias\\\/author\\\/admin\\\/#author\"},\"creator\":{\"@id\":\"https:\\\/\\\/www.eldigitaldeasturias.com\\\/noticias\\\/author\\\/admin\\\/#author\"},\"image\":{\"@type\":\"ImageObject\",\"url\":469165,\"@id\":\"https:\\\/\\\/www.eldigitaldeasturias.com\\\/noticias\\\/merkel-respalda-a-juncker-como-candidato-conservador-en-las-europeas\\\/#mainImage\"},\"primaryImageOfPage\":{\"@id\":\"https:\\\/\\\/www.eldigitaldeasturias.com\\\/noticias\\\/merkel-respalda-a-juncker-como-candidato-conservador-en-las-europeas\\\/#mainImage\"},\"datePublished\":\"2014-02-06T23:43:17+01:00\",\"dateModified\":\"2014-02-06T23:43:17+01:00\"},{\"@type\":\"WebSite\",\"@id\":\"https:\\\/\\\/www.eldigitaldeasturias.com\\\/noticias\\\/#website\",\"url\":\"https:\\\/\\\/www.eldigitaldeasturias.com\\\/noticias\\\/\",\"name\":\"El Digital de Asturias - Diario de actualidad y noticias\",\"alternateName\":\"El Digital de Asturias - Diario de actualidad y noticias\",\"description\":\"Hemeroteca\",\"inLanguage\":\"es-ES\",\"publisher\":{\"@id\":\"https:\\\/\\\/www.eldigitaldeasturias.com\\\/noticias\\\/#organization\"}}]}\n\t\t<\/script>\n\t\t<!-- All in One SEO Pro -->\r\n\t\t<title>Merkel respalda a Juncker como candidato conservador en las europeas - El Digital de Asturias<\/title>\n\n","aioseo_head_json":{"title":"Merkel respalda a Juncker como candidato conservador en las europeas - El Digital de Asturias","description":"Berl\u00edn, 6 feb (dpa) - La canciller alemana, Angela Merkel, respald\u00f3 abiertamente al ex primer ministro luxemburgu\u00e9s y ex jefe del eurogrupo Jean-Claude Juncker como primer candidato de los conservadores en las elecciones europeas de mayo. \"No es ning\u00fan secreto que siento gran simpat\u00eda por \u00e9l\", explic\u00f3 la canciller en Berl\u00edn en una conferencia de","canonical_url":"https:\/\/www.eldigitaldeasturias.com\/noticias\/merkel-respalda-a-juncker-como-candidato-conservador-en-las-europeas\/","robots":"max-image-preview:large","keywords":"actualidad","webmasterTools":{"google-site-verification":"UA-38556648-1","msvalidate.01":"7dfe9f3f1b24437ab69f4f2559babe99","miscellaneous":""},"schema":{"@context":"https:\/\/schema.org","@graph":[{"@type":"BlogPosting","@id":"https:\/\/www.eldigitaldeasturias.com\/noticias\/merkel-respalda-a-juncker-como-candidato-conservador-en-las-europeas\/#blogposting","name":"Merkel respalda a Juncker como candidato conservador en las europeas - El Digital de Asturias","headline":"Merkel respalda a Juncker como candidato conservador en las europeas","author":{"@id":"https:\/\/www.eldigitaldeasturias.com\/noticias\/author\/admin\/#author"},"publisher":{"@id":"https:\/\/www.eldigitaldeasturias.com\/noticias\/#organization"},"image":{"@type":"ImageObject","url":469165},"datePublished":"2014-02-06T23:43:17+01:00","dateModified":"2014-02-06T23:43:17+01:00","inLanguage":"es-ES","mainEntityOfPage":{"@id":"https:\/\/www.eldigitaldeasturias.com\/noticias\/merkel-respalda-a-juncker-como-candidato-conservador-en-las-europeas\/#webpage"},"isPartOf":{"@id":"https:\/\/www.eldigitaldeasturias.com\/noticias\/merkel-respalda-a-juncker-como-candidato-conservador-en-las-europeas\/#webpage"},"articleSection":"Actualidad"},{"@type":"BreadcrumbList","@id":"https:\/\/www.eldigitaldeasturias.com\/noticias\/merkel-respalda-a-juncker-como-candidato-conservador-en-las-europeas\/#breadcrumblist","itemListElement":[{"@type":"ListItem","@id":"https:\/\/www.eldigitaldeasturias.com\/noticias#listItem","position":1,"name":"Home","item":"https:\/\/www.eldigitaldeasturias.com\/noticias","nextItem":{"@type":"ListItem","@id":"https:\/\/www.eldigitaldeasturias.com\/noticias\/category\/actualidad\/#listItem","name":"Actualidad"}},{"@type":"ListItem","@id":"https:\/\/www.eldigitaldeasturias.com\/noticias\/category\/actualidad\/#listItem","position":2,"name":"Actualidad","item":"https:\/\/www.eldigitaldeasturias.com\/noticias\/category\/actualidad\/","nextItem":{"@type":"ListItem","@id":"https:\/\/www.eldigitaldeasturias.com\/noticias\/merkel-respalda-a-juncker-como-candidato-conservador-en-las-europeas\/#listItem","name":"Merkel respalda a Juncker como candidato conservador en las europeas"},"previousItem":{"@type":"ListItem","@id":"https:\/\/www.eldigitaldeasturias.com\/noticias#listItem","name":"Home"}},{"@type":"ListItem","@id":"https:\/\/www.eldigitaldeasturias.com\/noticias\/merkel-respalda-a-juncker-como-candidato-conservador-en-las-europeas\/#listItem","position":3,"name":"Merkel respalda a Juncker como candidato conservador en las europeas","previousItem":{"@type":"ListItem","@id":"https:\/\/www.eldigitaldeasturias.com\/noticias\/category\/actualidad\/#listItem","name":"Actualidad"}}]},{"@type":"Organization","@id":"https:\/\/www.eldigitaldeasturias.com\/noticias\/#organization","name":"El Digital de Asturias","description":"Hemeroteca","url":"https:\/\/www.eldigitaldeasturias.com\/noticias\/","email":"info@eldigitaldeasturias.com","telephone":"+34652131393","logo":{"@type":"ImageObject","url":"https:\/\/www.eldigitaldeasturias.com\/noticias\/wp-content\/uploads\/2020\/12\/EDA.jpg","@id":"https:\/\/www.eldigitaldeasturias.com\/noticias\/merkel-respalda-a-juncker-como-candidato-conservador-en-las-europeas\/#organizationLogo"},"image":{"@id":"https:\/\/www.eldigitaldeasturias.com\/noticias\/merkel-respalda-a-juncker-como-candidato-conservador-en-las-europeas\/#organizationLogo"},"sameAs":["https:\/\/facebook.com\/eldigitaldeasturias","https:\/\/www.youtube.com\/channel\/UCZP-2wLEB9Rv6erhFmqVnvg"],"address":{"@id":"https:\/\/www.eldigitaldeasturias.com\/noticias\/#postaladdress","@type":"PostalAddress","streetAddress":"san antonio 4","postalCode":"33430","addressLocality":"Cand\u00e1s","addressRegion":"Asturias","addressCountry":"ES"}},{"@type":"Person","@id":"https:\/\/www.eldigitaldeasturias.com\/noticias\/author\/admin\/#author","url":"https:\/\/www.eldigitaldeasturias.com\/noticias\/author\/admin\/","name":"El Digital de Asturias","image":{"@type":"ImageObject","@id":"https:\/\/www.eldigitaldeasturias.com\/noticias\/merkel-respalda-a-juncker-como-candidato-conservador-en-las-europeas\/#authorImage","url":"https:\/\/secure.gravatar.com\/avatar\/df2aeffc32bcd13f8d26072ef8a91b623d677766deac7f97ca815868cd41bf5e?s=96&d=mm&r=g","width":96,"height":96,"caption":"El Digital de Asturias"}},{"@type":"WebPage","@id":"https:\/\/www.eldigitaldeasturias.com\/noticias\/merkel-respalda-a-juncker-como-candidato-conservador-en-las-europeas\/#webpage","url":"https:\/\/www.eldigitaldeasturias.com\/noticias\/merkel-respalda-a-juncker-como-candidato-conservador-en-las-europeas\/","name":"Merkel respalda a Juncker como candidato conservador en las europeas - El Digital de Asturias","description":"Berl\u00edn, 6 feb (dpa) - La canciller alemana, Angela Merkel, respald\u00f3 abiertamente al ex primer ministro luxemburgu\u00e9s y ex jefe del eurogrupo Jean-Claude Juncker como primer candidato de los conservadores en las elecciones europeas de mayo. \"No es ning\u00fan secreto que siento gran simpat\u00eda por \u00e9l\", explic\u00f3 la canciller en Berl\u00edn en una conferencia de","inLanguage":"es-ES","isPartOf":{"@id":"https:\/\/www.eldigitaldeasturias.com\/noticias\/#website"},"breadcrumb":{"@id":"https:\/\/www.eldigitaldeasturias.com\/noticias\/merkel-respalda-a-juncker-como-candidato-conservador-en-las-europeas\/#breadcrumblist"},"author":{"@id":"https:\/\/www.eldigitaldeasturias.com\/noticias\/author\/admin\/#author"},"creator":{"@id":"https:\/\/www.eldigitaldeasturias.com\/noticias\/author\/admin\/#author"},"image":{"@type":"ImageObject","url":469165,"@id":"https:\/\/www.eldigitaldeasturias.com\/noticias\/merkel-respalda-a-juncker-como-candidato-conservador-en-las-europeas\/#mainImage"},"primaryImageOfPage":{"@id":"https:\/\/www.eldigitaldeasturias.com\/noticias\/merkel-respalda-a-juncker-como-candidato-conservador-en-las-europeas\/#mainImage"},"datePublished":"2014-02-06T23:43:17+01:00","dateModified":"2014-02-06T23:43:17+01:00"},{"@type":"WebSite","@id":"https:\/\/www.eldigitaldeasturias.com\/noticias\/#website","url":"https:\/\/www.eldigitaldeasturias.com\/noticias\/","name":"El Digital de Asturias - Diario de actualidad y noticias","alternateName":"El Digital de Asturias - Diario de actualidad y noticias","description":"Hemeroteca","inLanguage":"es-ES","publisher":{"@id":"https:\/\/www.eldigitaldeasturias.com\/noticias\/#organization"}}]},"og:locale":"es_ES","og:site_name":"El Digital de Asturias","og:type":"article","og:title":"Merkel respalda a Juncker como candidato conservador en las europeas - El Digital de Asturias","og:description":"Berl\u00edn, 6 feb (dpa) - La canciller alemana, Angela Merkel, respald\u00f3 abiertamente al ex primer ministro luxemburgu\u00e9s y ex jefe del eurogrupo Jean-Claude Juncker como primer candidato de los conservadores en las elecciones europeas de mayo. &quot;No es ning\u00fan secreto que siento gran simpat\u00eda por \u00e9l&quot;, explic\u00f3 la canciller en Berl\u00edn en una conferencia de","og:url":"https:\/\/www.eldigitaldeasturias.com\/noticias\/merkel-respalda-a-juncker-como-candidato-conservador-en-las-europeas\/","article:tag":["actualidad"],"article:published_time":"2014-02-07T00:43:17+00:00","article:modified_time":"2014-02-07T00:43:17+00:00","article:publisher":"https:\/\/facebook.com\/eldigitaldeasturias","twitter:card":"summary_large_image","twitter:title":"Merkel respalda a Juncker como candidato conservador en las europeas - El Digital de Asturias","twitter:description":"Berl\u00edn, 6 feb (dpa) - La canciller alemana, Angela Merkel, respald\u00f3 abiertamente al ex primer ministro luxemburgu\u00e9s y ex jefe del eurogrupo Jean-Claude Juncker como primer candidato de los conservadores en las elecciones europeas de mayo. &quot;No es ning\u00fan secreto que siento gran simpat\u00eda por \u00e9l&quot;, explic\u00f3 la canciller en Berl\u00edn en una conferencia de","twitter:label1":"Escrito por","twitter:data1":"El Digital de Asturias","twitter:label2":"Tiempo de lectura estimado","twitter:data2":"1 minuto"},"aioseo_meta_data":{"post_id":"485377","title":null,"description":null,"keywords":null,"keyphrases":null,"primary_term":null,"canonical_url":null,"og_title":null,"og_description":null,"og_object_type":"default","og_image_type":"default","og_image_url":null,"og_image_width":null,"og_image_height":null,"og_image_custom_url":null,"og_image_custom_fields":null,"og_video":null,"og_custom_url":null,"og_article_section":null,"og_article_tags":null,"twitter_use_og":true,"twitter_card":"default","twitter_image_type":"default","twitter_image_url":null,"twitter_image_custom_url":null,"twitter_image_custom_fields":null,"twitter_title":null,"twitter_description":null,"schema":{"blockGraphs":[],"customGraphs":[],"default":{"data":{"Article":[],"Course":[],"Dataset":[],"FAQPage":[],"Movie":[],"Person":[],"Product":[],"ProductReview":[],"Car":[],"Recipe":[],"Service":[],"SoftwareApplication":[],"WebPage":[]},"graphName":"","isEnabled":true},"graphs":[],"defaultGraph":"","defaultPostTypeGraph":""},"schema_type":null,"schema_type_options":null,"pillar_content":false,"robots_default":true,"robots_noindex":false,"robots_noarchive":false,"robots_nosnippet":false,"robots_nofollow":false,"robots_noimageindex":false,"robots_noodp":false,"robots_notranslate":false,"robots_max_snippet":null,"robots_max_videopreview":null,"robots_max_imagepreview":"none","priority":null,"frequency":null,"local_seo":null,"seo_analyzer_scan_date":"2026-06-02 20:00:55","breadcrumb_settings":null,"limit_modified_date":false,"open_ai":null,"ai":null,"created":"2020-11-14 22:55:14","updated":"2026-06-02 20:00:55","focus_keyword":null,"additional_keywords":null,"truseo_locale":null},"aioseo_breadcrumb":"<div class=\"aioseo-breadcrumbs\"><span class=\"aioseo-breadcrumb\">\n\t<a href=\"https:\/\/www.eldigitaldeasturias.com\/noticias\" title=\"Home\">Home<\/a>\n<\/span><span class=\"aioseo-breadcrumb-separator\">\u2013<\/span><span class=\"aioseo-breadcrumb\">\n\t<a href=\"https:\/\/www.eldigitaldeasturias.com\/noticias\/category\/actualidad\/\" title=\"Actualidad\">Actualidad<\/a>\n<\/span><span class=\"aioseo-breadcrumb-separator\">\u2013<\/span><span class=\"aioseo-breadcrumb\">\n\t<a href=\"https:\/\/www.eldigitaldeasturias.com\/noticias\/merkel-respalda-a-juncker-como-candidato-conservador-en-las-europeas\/\" title=\"Merkel respalda a Juncker como candidato conservador en las europeas\">Merkel respalda a Juncker como candidato conservador en las europeas<\/a>\n<\/span><\/div>","aioseo_breadcrumb_json":[{"label":"Home","link":"https:\/\/www.eldigitaldeasturias.com\/noticias"},{"label":"Actualidad","link":"https:\/\/www.eldigitaldeasturias.com\/noticias\/category\/actualidad\/"},{"label":"Merkel respalda a Juncker como candidato conservador en las europeas","link":"https:\/\/www.eldigitaldeasturias.com\/noticias\/merkel-respalda-a-juncker-como-candidato-conservador-en-las-europeas\/"}],"_links":{"self":[{"href":"https:\/\/www.eldigitaldeasturias.com\/noticias\/wp-json\/wp\/v2\/posts\/485377","targetHints":{"allow":["GET"]}}],"collection":[{"href":"https:\/\/www.eldigitaldeasturias.com\/noticias\/wp-json\/wp\/v2\/posts"}],"about":[{"href":"https:\/\/www.eldigitaldeasturias.com\/noticias\/wp-json\/wp\/v2\/types\/post"}],"author":[{"embeddable":true,"href":"https:\/\/www.eldigitaldeasturias.com\/noticias\/wp-json\/wp\/v2\/users\/1"}],"replies":[{"embeddable":true,"href":"https:\/\/www.eldigitaldeasturias.com\/noticias\/wp-json\/wp\/v2\/comments?post=485377"}],"version-history":[{"count":0,"href":"https:\/\/www.eldigitaldeasturias.com\/noticias\/wp-json\/wp\/v2\/posts\/485377\/revisions"}],"wp:attachment":[{"href":"https:\/\/www.eldigitaldeasturias.com\/noticias\/wp-json\/wp\/v2\/media?parent=485377"}],"wp:term":[{"taxonomy":"category","embeddable":true,"href":"https:\/\/www.eldigitaldeasturias.com\/noticias\/wp-json\/wp\/v2\/categories?post=485377"},{"taxonomy":"post_tag","embeddable":true,"href":"https:\/\/www.eldigitaldeasturias.com\/noticias\/wp-json\/wp\/v2\/tags?post=485377"}],"curies":[{"name":"wp","href":"https:\/\/api.w.org\/{rel}","templated":true}]}}