{"id":485371,"date":"2014-02-06T23:33:47","date_gmt":"2014-02-07T00:33:47","guid":{"rendered":"http:\/\/www.eldigitaldeasturias.com\/noticias\/?p=485371"},"modified":"2014-02-06T23:33:47","modified_gmt":"2014-02-07T00:33:47","slug":"los-hitos-y-escandalos-del-caso-noos","status":"publish","type":"post","link":"https:\/\/www.eldigitaldeasturias.com\/noticias\/los-hitos-y-escandalos-del-caso-noos\/","title":{"rendered":"Los hitos y escandalos del \u00abcaso N\u00f3os\u00bb"},"content":{"rendered":"<p><img loading=\"lazy\" decoding=\"async\" class=\"alignleft size-medium wp-image-436207\" alt=\"fotonoticia_20131011120159_800\" src=\"https:\/\/www.eldigitaldeasturias.com\/noticias\/wp-content\/uploads\/2013\/10\/fotonoticia_20131011120159_800-360x239.jpg\" width=\"360\" height=\"239\" \/>Madrid, 6 feb (dpa) &#8211; El \u00abcaso N\u00f3os\u00bb hace temblar a la monarqu\u00eda espa\u00f1ola desde que fue imputado I\u00f1aki Urdangarin, el yerno del rey Juan Carlos. La imputaci\u00f3n de la infanta Cristina supone un antes y un despu\u00e9s en los 38 a\u00f1os de reinado del monarca.<\/p>\n<p>A continuaci\u00f3n se detalla cronol\u00f3gicamente una serie de hitos en el caso, hasta la declaraci\u00f3n de la infanta el s\u00e1bado ante la Justicia.<\/p>\n<p>&#8211; 1999: Se funda el Instituto N\u00f3os, que hasta 2003 no registrar\u00e1 actividad alguna.<\/p>\n<p>&#8211; 2003: Arranca la actividad del Instituto N\u00f3os, que comienza a recibir encargos de administraciones p\u00fablicas.<\/p>\n<p>&#8211; 2004: Urdangarin es nombrado administrador de N\u00f3os. Su socio es Diego Torres, uno de los profesores que tuvo en un master de negocios que realiz\u00f3 tras dejar el deporte. La organizaci\u00f3n va recibiendo encargos de los gobiernos regionales de las Islas Baleares y la Comunidad Valenciana, como la organizaci\u00f3n de congresos sobre la importancia de los eventos deportivos.<\/p>\n<p>&#8211; 2005: Rumores sobre actividades il\u00edcitas del Instituto N\u00f3os.<\/p>\n<p>&#8211; 14 de junio de 2006: Urdangarin deja el Instituto N\u00f3os despu\u00e9s de que el rey Juan Carlos le conmine a hacerlo, si bien para entonces ha montado ya con Torres un entramado de fundaciones y sociedades del que no se desvincula, seg\u00fan la investigaci\u00f3n judicial.<\/p>\n<p>&#8211; 2008: El juez Jos\u00e9 Castro y el fiscal Pedro Horrach comienzan la investigaci\u00f3n del \u00abcaso Palma Arena\u00bb, un complejo polideportivo cuyo coste se dobl\u00f3 desde la cantidad inicial de la licitaci\u00f3n p\u00fablica y que apunta a posibles acciones delictivas del entonces jefe del gobierno regional de Baleares, el ex ministro del PP Jaume Matas.<\/p>\n<p>&#8211; Verano de 2009: La infanta Cristina y Urdangarin se van a vivir a Washington, oficialmente por compromisos profesionales. Luego se sabr\u00e1 que la casa real trat\u00f3 de apartar al duque de los negocios de N\u00f3os.<\/p>\n<p>&#8211; Junio de 2011: Diego Torres es imputado.<\/p>\n<p>&#8211; Noviembre de 2011: Una comisi\u00f3n judicial registra la sede del Instituto N\u00f3os en Barcelona. El juez Castro sostiene que Urdangarin y Torres utilizaron presuntamente varias sociedades para \u00abapoderarse de fondos p\u00fablicos\u00bb.<\/p>\n<p>&#8211; 12 de diciembre de 2011: La casa del rey aparta a Urdangarin de la agenda oficial por un comportamiento \u00abno ejemplar\u00bb y con \u00e9l, de facto, a la infanta Cristina.<\/p>\n<p>&#8211; 24 de diciembre de 2011: El rey Juan Carlos proclama que \u00abla Justicia es igual para todos\u00bb en su discurso de Nochebuena.<\/p>\n<p>&#8211; 29 de diciembre de 2011: Urdangarin es imputado.<\/p>\n<p>&#8211; 25 y 26 de febrero de 2012: Urdangarin declara por primera vez ante el juez y, durante m\u00e1s de 22 horas, echa toda responsabilidad sobre su ex socio Torres y desvincula a la infanta Cristina.<\/p>\n<p>&#8211; Agosto de 2012: El matrimonio vuelve de Washington a Barcelona para preparar la defensa del ex jugador de balonmano.<\/p>\n<p>&#8211; 30 de enero de 2013: El juez Castro fija una fianza conjunta de 8,1 millones de euros para Urdangarin y Torres.<\/p>\n<p>&#8211; 23 de febrero de 2013: Urdangarin declara como imputado por segunda vez y desvincula a la casa real del caso de corrupci\u00f3n.<\/p>\n<p>&#8211; 3 de abril de 2013: La infanta Cristina es imputada por el juez Castro, que la considera c\u00f3mplice y cooperadora necesaria en los presuntos delitos cometidos por su marido.<\/p>\n<p>&#8211; 7 de mayo de 2013: La Audiencia Provincial de las Islas Baleares anula la imputaci\u00f3n de la hija del rey Juan Carlos, pero fija el camino al juez para imputarla por delito fiscal y blanqueo de dinero.<\/p>\n<p>&#8211; 7 de enero de 2014: El juez Castro imputa a la infanta Cristina por esos cargos y la cita a declarar el 8 de marzo. Posteriormente adelantar\u00e1 la fecha en un mes, despu\u00e9s de que la defensa -y con ella la fiscal\u00eda- renuncie a recurrir esta vez la imputaci\u00f3n.<\/p>\n","protected":false},"excerpt":{"rendered":"<p>Madrid, 6 feb (dpa) &#8211; El \u00abcaso N\u00f3os\u00bb hace temblar a la monarqu\u00eda espa\u00f1ola desde que fue imputado I\u00f1aki Urdangarin, el yerno del rey Juan Carlos. La imputaci\u00f3n de la infanta Cristina supone un antes y un despu\u00e9s en los 38 a\u00f1os de reinado del monarca. A continuaci\u00f3n se detalla cronol\u00f3gicamente una serie de hitos [&hellip;]<\/p>\n","protected":false},"author":1,"featured_media":436207,"comment_status":"closed","ping_status":"open","sticky":false,"template":"","format":"standard","meta":{"footnotes":""},"categories":[1],"tags":[],"class_list":["post-485371","post","type-post","status-publish","format-standard","has-post-thumbnail","hentry","category-actualidad"],"aioseo_notices":[],"aioseo_head":"\n\t\t<!-- All in One SEO Pro 5.0.1 - aioseo.com -->\n\t<meta name=\"description\" content=\"Madrid, 6 feb (dpa) - El &quot;caso N\u00f3os&quot; hace temblar a la monarqu\u00eda espa\u00f1ola desde que fue imputado I\u00f1aki Urdangarin, el yerno del rey Juan Carlos. La imputaci\u00f3n de la infanta Cristina supone un antes y un despu\u00e9s en los 38 a\u00f1os de reinado del monarca. A continuaci\u00f3n se detalla cronol\u00f3gicamente una serie de hitos\" \/>\n\t<meta name=\"robots\" content=\"max-image-preview:large\" \/>\n\t<meta name=\"author\" content=\"El Digital de Asturias\"\/>\n\t<meta name=\"google-site-verification\" content=\"UA-38556648-1\" \/>\n\t<meta name=\"msvalidate.01\" content=\"7dfe9f3f1b24437ab69f4f2559babe99\" \/>\n\t<meta name=\"keywords\" content=\"actualidad\" \/>\n\t<link rel=\"canonical\" href=\"https:\/\/www.eldigitaldeasturias.com\/noticias\/los-hitos-y-escandalos-del-caso-noos\/\" \/>\n\t<meta name=\"generator\" content=\"All in One SEO Pro (AIOSEO) 5.0.1\" \/>\n\t\t<meta property=\"og:locale\" content=\"es_ES\" \/>\n\t\t<meta property=\"og:site_name\" content=\"El Digital de Asturias\" \/>\n\t\t<meta property=\"og:type\" content=\"article\" \/>\n\t\t<meta property=\"og:title\" content=\"Los hitos y escandalos del \u00abcaso N\u00f3os\u00bb - El Digital de Asturias\" \/>\n\t\t<meta property=\"og:description\" content=\"Madrid, 6 feb (dpa) - El &quot;caso N\u00f3os&quot; hace temblar a la monarqu\u00eda espa\u00f1ola desde que fue imputado I\u00f1aki Urdangarin, el yerno del rey Juan Carlos. La imputaci\u00f3n de la infanta Cristina supone un antes y un despu\u00e9s en los 38 a\u00f1os de reinado del monarca. A continuaci\u00f3n se detalla cronol\u00f3gicamente una serie de hitos\" \/>\n\t\t<meta property=\"og:url\" content=\"https:\/\/www.eldigitaldeasturias.com\/noticias\/los-hitos-y-escandalos-del-caso-noos\/\" \/>\n\t\t<meta property=\"article:tag\" content=\"actualidad\" \/>\n\t\t<meta property=\"article:published_time\" content=\"2014-02-07T00:33:47+00:00\" \/>\n\t\t<meta property=\"article:modified_time\" content=\"2014-02-07T00:33:47+00:00\" \/>\n\t\t<meta property=\"article:publisher\" content=\"https:\/\/facebook.com\/eldigitaldeasturias\" \/>\n\t\t<meta name=\"twitter:card\" content=\"summary_large_image\" \/>\n\t\t<meta name=\"twitter:title\" content=\"Los hitos y escandalos del \u00abcaso N\u00f3os\u00bb - El Digital de Asturias\" \/>\n\t\t<meta name=\"twitter:description\" content=\"Madrid, 6 feb (dpa) - El &quot;caso N\u00f3os&quot; hace temblar a la monarqu\u00eda espa\u00f1ola desde que fue imputado I\u00f1aki Urdangarin, el yerno del rey Juan Carlos. La imputaci\u00f3n de la infanta Cristina supone un antes y un despu\u00e9s en los 38 a\u00f1os de reinado del monarca. A continuaci\u00f3n se detalla cronol\u00f3gicamente una serie de hitos\" \/>\n\t\t<meta name=\"twitter:label1\" content=\"Escrito por\" \/>\n\t\t<meta name=\"twitter:data1\" content=\"El Digital de Asturias\" \/>\n\t\t<meta name=\"twitter:label2\" content=\"Tiempo de lectura estimado\" \/>\n\t\t<meta name=\"twitter:data2\" content=\"3 minutos\" \/>\n\t\t<script type=\"application\/ld+json\" class=\"aioseo-schema\">\n\t\t\t{\"@context\":\"https:\\\/\\\/schema.org\",\"@graph\":[{\"@type\":\"BlogPosting\",\"@id\":\"https:\\\/\\\/www.eldigitaldeasturias.com\\\/noticias\\\/los-hitos-y-escandalos-del-caso-noos\\\/#blogposting\",\"name\":\"Los hitos y escandalos del \\u00abcaso N\\u00f3os\\u00bb - El Digital de Asturias\",\"headline\":\"Los hitos y escandalos del \\u00abcaso N\\u00f3os\\u00bb\",\"author\":{\"@id\":\"https:\\\/\\\/www.eldigitaldeasturias.com\\\/noticias\\\/author\\\/admin\\\/#author\"},\"publisher\":{\"@id\":\"https:\\\/\\\/www.eldigitaldeasturias.com\\\/noticias\\\/#organization\"},\"image\":{\"@type\":\"ImageObject\",\"url\":436207},\"datePublished\":\"2014-02-06T23:33:47+01:00\",\"dateModified\":\"2014-02-06T23:33:47+01:00\",\"inLanguage\":\"es-ES\",\"mainEntityOfPage\":{\"@id\":\"https:\\\/\\\/www.eldigitaldeasturias.com\\\/noticias\\\/los-hitos-y-escandalos-del-caso-noos\\\/#webpage\"},\"isPartOf\":{\"@id\":\"https:\\\/\\\/www.eldigitaldeasturias.com\\\/noticias\\\/los-hitos-y-escandalos-del-caso-noos\\\/#webpage\"},\"articleSection\":\"Actualidad\"},{\"@type\":\"BreadcrumbList\",\"@id\":\"https:\\\/\\\/www.eldigitaldeasturias.com\\\/noticias\\\/los-hitos-y-escandalos-del-caso-noos\\\/#breadcrumblist\",\"itemListElement\":[{\"@type\":\"ListItem\",\"@id\":\"https:\\\/\\\/www.eldigitaldeasturias.com\\\/noticias#listItem\",\"position\":1,\"name\":\"Home\",\"item\":\"https:\\\/\\\/www.eldigitaldeasturias.com\\\/noticias\",\"nextItem\":{\"@type\":\"ListItem\",\"@id\":\"https:\\\/\\\/www.eldigitaldeasturias.com\\\/noticias\\\/category\\\/actualidad\\\/#listItem\",\"name\":\"Actualidad\"}},{\"@type\":\"ListItem\",\"@id\":\"https:\\\/\\\/www.eldigitaldeasturias.com\\\/noticias\\\/category\\\/actualidad\\\/#listItem\",\"position\":2,\"name\":\"Actualidad\",\"item\":\"https:\\\/\\\/www.eldigitaldeasturias.com\\\/noticias\\\/category\\\/actualidad\\\/\",\"nextItem\":{\"@type\":\"ListItem\",\"@id\":\"https:\\\/\\\/www.eldigitaldeasturias.com\\\/noticias\\\/los-hitos-y-escandalos-del-caso-noos\\\/#listItem\",\"name\":\"Los hitos y escandalos del \\u00abcaso N\\u00f3os\\u00bb\"},\"previousItem\":{\"@type\":\"ListItem\",\"@id\":\"https:\\\/\\\/www.eldigitaldeasturias.com\\\/noticias#listItem\",\"name\":\"Home\"}},{\"@type\":\"ListItem\",\"@id\":\"https:\\\/\\\/www.eldigitaldeasturias.com\\\/noticias\\\/los-hitos-y-escandalos-del-caso-noos\\\/#listItem\",\"position\":3,\"name\":\"Los hitos y escandalos del \\u00abcaso N\\u00f3os\\u00bb\",\"previousItem\":{\"@type\":\"ListItem\",\"@id\":\"https:\\\/\\\/www.eldigitaldeasturias.com\\\/noticias\\\/category\\\/actualidad\\\/#listItem\",\"name\":\"Actualidad\"}}]},{\"@type\":\"Organization\",\"@id\":\"https:\\\/\\\/www.eldigitaldeasturias.com\\\/noticias\\\/#organization\",\"name\":\"El Digital de Asturias\",\"description\":\"Hemeroteca\",\"url\":\"https:\\\/\\\/www.eldigitaldeasturias.com\\\/noticias\\\/\",\"email\":\"info@eldigitaldeasturias.com\",\"telephone\":\"+34652131393\",\"logo\":{\"@type\":\"ImageObject\",\"url\":\"https:\\\/\\\/www.eldigitaldeasturias.com\\\/noticias\\\/wp-content\\\/uploads\\\/2020\\\/12\\\/EDA.jpg\",\"@id\":\"https:\\\/\\\/www.eldigitaldeasturias.com\\\/noticias\\\/los-hitos-y-escandalos-del-caso-noos\\\/#organizationLogo\"},\"image\":{\"@id\":\"https:\\\/\\\/www.eldigitaldeasturias.com\\\/noticias\\\/los-hitos-y-escandalos-del-caso-noos\\\/#organizationLogo\"},\"sameAs\":[\"https:\\\/\\\/facebook.com\\\/eldigitaldeasturias\",\"https:\\\/\\\/www.youtube.com\\\/channel\\\/UCZP-2wLEB9Rv6erhFmqVnvg\"],\"address\":{\"@id\":\"https:\\\/\\\/www.eldigitaldeasturias.com\\\/noticias\\\/#postaladdress\",\"@type\":\"PostalAddress\",\"streetAddress\":\"san antonio 4\",\"postalCode\":\"33430\",\"addressLocality\":\"Cand\\u00e1s\",\"addressRegion\":\"Asturias\",\"addressCountry\":\"ES\"}},{\"@type\":\"Person\",\"@id\":\"https:\\\/\\\/www.eldigitaldeasturias.com\\\/noticias\\\/author\\\/admin\\\/#author\",\"url\":\"https:\\\/\\\/www.eldigitaldeasturias.com\\\/noticias\\\/author\\\/admin\\\/\",\"name\":\"El Digital de Asturias\",\"image\":{\"@type\":\"ImageObject\",\"@id\":\"https:\\\/\\\/www.eldigitaldeasturias.com\\\/noticias\\\/los-hitos-y-escandalos-del-caso-noos\\\/#authorImage\",\"url\":\"https:\\\/\\\/secure.gravatar.com\\\/avatar\\\/df2aeffc32bcd13f8d26072ef8a91b623d677766deac7f97ca815868cd41bf5e?s=96&d=mm&r=g\",\"width\":96,\"height\":96,\"caption\":\"El Digital de Asturias\"}},{\"@type\":\"WebPage\",\"@id\":\"https:\\\/\\\/www.eldigitaldeasturias.com\\\/noticias\\\/los-hitos-y-escandalos-del-caso-noos\\\/#webpage\",\"url\":\"https:\\\/\\\/www.eldigitaldeasturias.com\\\/noticias\\\/los-hitos-y-escandalos-del-caso-noos\\\/\",\"name\":\"Los hitos y escandalos del \\u00abcaso N\\u00f3os\\u00bb - El Digital de Asturias\",\"description\":\"Madrid, 6 feb (dpa) - El \\\"caso N\\u00f3os\\\" hace temblar a la monarqu\\u00eda espa\\u00f1ola desde que fue imputado I\\u00f1aki Urdangarin, el yerno del rey Juan Carlos. La imputaci\\u00f3n de la infanta Cristina supone un antes y un despu\\u00e9s en los 38 a\\u00f1os de reinado del monarca. A continuaci\\u00f3n se detalla cronol\\u00f3gicamente una serie de hitos\",\"inLanguage\":\"es-ES\",\"isPartOf\":{\"@id\":\"https:\\\/\\\/www.eldigitaldeasturias.com\\\/noticias\\\/#website\"},\"breadcrumb\":{\"@id\":\"https:\\\/\\\/www.eldigitaldeasturias.com\\\/noticias\\\/los-hitos-y-escandalos-del-caso-noos\\\/#breadcrumblist\"},\"author\":{\"@id\":\"https:\\\/\\\/www.eldigitaldeasturias.com\\\/noticias\\\/author\\\/admin\\\/#author\"},\"creator\":{\"@id\":\"https:\\\/\\\/www.eldigitaldeasturias.com\\\/noticias\\\/author\\\/admin\\\/#author\"},\"image\":{\"@type\":\"ImageObject\",\"url\":436207,\"@id\":\"https:\\\/\\\/www.eldigitaldeasturias.com\\\/noticias\\\/los-hitos-y-escandalos-del-caso-noos\\\/#mainImage\"},\"primaryImageOfPage\":{\"@id\":\"https:\\\/\\\/www.eldigitaldeasturias.com\\\/noticias\\\/los-hitos-y-escandalos-del-caso-noos\\\/#mainImage\"},\"datePublished\":\"2014-02-06T23:33:47+01:00\",\"dateModified\":\"2014-02-06T23:33:47+01:00\"},{\"@type\":\"WebSite\",\"@id\":\"https:\\\/\\\/www.eldigitaldeasturias.com\\\/noticias\\\/#website\",\"url\":\"https:\\\/\\\/www.eldigitaldeasturias.com\\\/noticias\\\/\",\"name\":\"El Digital de Asturias - Diario de actualidad y noticias\",\"alternateName\":\"El Digital de Asturias - Diario de actualidad y noticias\",\"description\":\"Hemeroteca\",\"inLanguage\":\"es-ES\",\"publisher\":{\"@id\":\"https:\\\/\\\/www.eldigitaldeasturias.com\\\/noticias\\\/#organization\"}}]}\n\t\t<\/script>\n\t\t<!-- All in One SEO Pro -->\r\n\t\t<title>Los hitos y escandalos del \u00abcaso N\u00f3os\u00bb - El Digital de Asturias<\/title>\n\n","aioseo_head_json":{"title":"Los hitos y escandalos del \u00abcaso N\u00f3os\u00bb - El Digital de Asturias","description":"Madrid, 6 feb (dpa) - El \"caso N\u00f3os\" hace temblar a la monarqu\u00eda espa\u00f1ola desde que fue imputado I\u00f1aki Urdangarin, el yerno del rey Juan Carlos. La imputaci\u00f3n de la infanta Cristina supone un antes y un despu\u00e9s en los 38 a\u00f1os de reinado del monarca. A continuaci\u00f3n se detalla cronol\u00f3gicamente una serie de hitos","canonical_url":"https:\/\/www.eldigitaldeasturias.com\/noticias\/los-hitos-y-escandalos-del-caso-noos\/","robots":"max-image-preview:large","keywords":"actualidad","webmasterTools":{"google-site-verification":"UA-38556648-1","msvalidate.01":"7dfe9f3f1b24437ab69f4f2559babe99","miscellaneous":""},"schema":{"@context":"https:\/\/schema.org","@graph":[{"@type":"BlogPosting","@id":"https:\/\/www.eldigitaldeasturias.com\/noticias\/los-hitos-y-escandalos-del-caso-noos\/#blogposting","name":"Los hitos y escandalos del \u00abcaso N\u00f3os\u00bb - El Digital de Asturias","headline":"Los hitos y escandalos del \u00abcaso N\u00f3os\u00bb","author":{"@id":"https:\/\/www.eldigitaldeasturias.com\/noticias\/author\/admin\/#author"},"publisher":{"@id":"https:\/\/www.eldigitaldeasturias.com\/noticias\/#organization"},"image":{"@type":"ImageObject","url":436207},"datePublished":"2014-02-06T23:33:47+01:00","dateModified":"2014-02-06T23:33:47+01:00","inLanguage":"es-ES","mainEntityOfPage":{"@id":"https:\/\/www.eldigitaldeasturias.com\/noticias\/los-hitos-y-escandalos-del-caso-noos\/#webpage"},"isPartOf":{"@id":"https:\/\/www.eldigitaldeasturias.com\/noticias\/los-hitos-y-escandalos-del-caso-noos\/#webpage"},"articleSection":"Actualidad"},{"@type":"BreadcrumbList","@id":"https:\/\/www.eldigitaldeasturias.com\/noticias\/los-hitos-y-escandalos-del-caso-noos\/#breadcrumblist","itemListElement":[{"@type":"ListItem","@id":"https:\/\/www.eldigitaldeasturias.com\/noticias#listItem","position":1,"name":"Home","item":"https:\/\/www.eldigitaldeasturias.com\/noticias","nextItem":{"@type":"ListItem","@id":"https:\/\/www.eldigitaldeasturias.com\/noticias\/category\/actualidad\/#listItem","name":"Actualidad"}},{"@type":"ListItem","@id":"https:\/\/www.eldigitaldeasturias.com\/noticias\/category\/actualidad\/#listItem","position":2,"name":"Actualidad","item":"https:\/\/www.eldigitaldeasturias.com\/noticias\/category\/actualidad\/","nextItem":{"@type":"ListItem","@id":"https:\/\/www.eldigitaldeasturias.com\/noticias\/los-hitos-y-escandalos-del-caso-noos\/#listItem","name":"Los hitos y escandalos del \u00abcaso N\u00f3os\u00bb"},"previousItem":{"@type":"ListItem","@id":"https:\/\/www.eldigitaldeasturias.com\/noticias#listItem","name":"Home"}},{"@type":"ListItem","@id":"https:\/\/www.eldigitaldeasturias.com\/noticias\/los-hitos-y-escandalos-del-caso-noos\/#listItem","position":3,"name":"Los hitos y escandalos del \u00abcaso N\u00f3os\u00bb","previousItem":{"@type":"ListItem","@id":"https:\/\/www.eldigitaldeasturias.com\/noticias\/category\/actualidad\/#listItem","name":"Actualidad"}}]},{"@type":"Organization","@id":"https:\/\/www.eldigitaldeasturias.com\/noticias\/#organization","name":"El Digital de Asturias","description":"Hemeroteca","url":"https:\/\/www.eldigitaldeasturias.com\/noticias\/","email":"info@eldigitaldeasturias.com","telephone":"+34652131393","logo":{"@type":"ImageObject","url":"https:\/\/www.eldigitaldeasturias.com\/noticias\/wp-content\/uploads\/2020\/12\/EDA.jpg","@id":"https:\/\/www.eldigitaldeasturias.com\/noticias\/los-hitos-y-escandalos-del-caso-noos\/#organizationLogo"},"image":{"@id":"https:\/\/www.eldigitaldeasturias.com\/noticias\/los-hitos-y-escandalos-del-caso-noos\/#organizationLogo"},"sameAs":["https:\/\/facebook.com\/eldigitaldeasturias","https:\/\/www.youtube.com\/channel\/UCZP-2wLEB9Rv6erhFmqVnvg"],"address":{"@id":"https:\/\/www.eldigitaldeasturias.com\/noticias\/#postaladdress","@type":"PostalAddress","streetAddress":"san antonio 4","postalCode":"33430","addressLocality":"Cand\u00e1s","addressRegion":"Asturias","addressCountry":"ES"}},{"@type":"Person","@id":"https:\/\/www.eldigitaldeasturias.com\/noticias\/author\/admin\/#author","url":"https:\/\/www.eldigitaldeasturias.com\/noticias\/author\/admin\/","name":"El Digital de Asturias","image":{"@type":"ImageObject","@id":"https:\/\/www.eldigitaldeasturias.com\/noticias\/los-hitos-y-escandalos-del-caso-noos\/#authorImage","url":"https:\/\/secure.gravatar.com\/avatar\/df2aeffc32bcd13f8d26072ef8a91b623d677766deac7f97ca815868cd41bf5e?s=96&d=mm&r=g","width":96,"height":96,"caption":"El Digital de Asturias"}},{"@type":"WebPage","@id":"https:\/\/www.eldigitaldeasturias.com\/noticias\/los-hitos-y-escandalos-del-caso-noos\/#webpage","url":"https:\/\/www.eldigitaldeasturias.com\/noticias\/los-hitos-y-escandalos-del-caso-noos\/","name":"Los hitos y escandalos del \u00abcaso N\u00f3os\u00bb - El Digital de Asturias","description":"Madrid, 6 feb (dpa) - El \"caso N\u00f3os\" hace temblar a la monarqu\u00eda espa\u00f1ola desde que fue imputado I\u00f1aki Urdangarin, el yerno del rey Juan Carlos. La imputaci\u00f3n de la infanta Cristina supone un antes y un despu\u00e9s en los 38 a\u00f1os de reinado del monarca. A continuaci\u00f3n se detalla cronol\u00f3gicamente una serie de hitos","inLanguage":"es-ES","isPartOf":{"@id":"https:\/\/www.eldigitaldeasturias.com\/noticias\/#website"},"breadcrumb":{"@id":"https:\/\/www.eldigitaldeasturias.com\/noticias\/los-hitos-y-escandalos-del-caso-noos\/#breadcrumblist"},"author":{"@id":"https:\/\/www.eldigitaldeasturias.com\/noticias\/author\/admin\/#author"},"creator":{"@id":"https:\/\/www.eldigitaldeasturias.com\/noticias\/author\/admin\/#author"},"image":{"@type":"ImageObject","url":436207,"@id":"https:\/\/www.eldigitaldeasturias.com\/noticias\/los-hitos-y-escandalos-del-caso-noos\/#mainImage"},"primaryImageOfPage":{"@id":"https:\/\/www.eldigitaldeasturias.com\/noticias\/los-hitos-y-escandalos-del-caso-noos\/#mainImage"},"datePublished":"2014-02-06T23:33:47+01:00","dateModified":"2014-02-06T23:33:47+01:00"},{"@type":"WebSite","@id":"https:\/\/www.eldigitaldeasturias.com\/noticias\/#website","url":"https:\/\/www.eldigitaldeasturias.com\/noticias\/","name":"El Digital de Asturias - Diario de actualidad y noticias","alternateName":"El Digital de Asturias - Diario de actualidad y noticias","description":"Hemeroteca","inLanguage":"es-ES","publisher":{"@id":"https:\/\/www.eldigitaldeasturias.com\/noticias\/#organization"}}]},"og:locale":"es_ES","og:site_name":"El Digital de Asturias","og:type":"article","og:title":"Los hitos y escandalos del \u00abcaso N\u00f3os\u00bb - El Digital de Asturias","og:description":"Madrid, 6 feb (dpa) - El &quot;caso N\u00f3os&quot; hace temblar a la monarqu\u00eda espa\u00f1ola desde que fue imputado I\u00f1aki Urdangarin, el yerno del rey Juan Carlos. La imputaci\u00f3n de la infanta Cristina supone un antes y un despu\u00e9s en los 38 a\u00f1os de reinado del monarca. A continuaci\u00f3n se detalla cronol\u00f3gicamente una serie de hitos","og:url":"https:\/\/www.eldigitaldeasturias.com\/noticias\/los-hitos-y-escandalos-del-caso-noos\/","article:tag":["actualidad"],"article:published_time":"2014-02-07T00:33:47+00:00","article:modified_time":"2014-02-07T00:33:47+00:00","article:publisher":"https:\/\/facebook.com\/eldigitaldeasturias","twitter:card":"summary_large_image","twitter:title":"Los hitos y escandalos del \u00abcaso N\u00f3os\u00bb - El Digital de Asturias","twitter:description":"Madrid, 6 feb (dpa) - El &quot;caso N\u00f3os&quot; hace temblar a la monarqu\u00eda espa\u00f1ola desde que fue imputado I\u00f1aki Urdangarin, el yerno del rey Juan Carlos. La imputaci\u00f3n de la infanta Cristina supone un antes y un despu\u00e9s en los 38 a\u00f1os de reinado del monarca. A continuaci\u00f3n se detalla cronol\u00f3gicamente una serie de hitos","twitter:label1":"Escrito por","twitter:data1":"El Digital de Asturias","twitter:label2":"Tiempo de lectura estimado","twitter:data2":"3 minutos"},"aioseo_meta_data":{"post_id":"485371","title":null,"description":null,"keywords":null,"keyphrases":null,"primary_term":null,"canonical_url":null,"og_title":null,"og_description":null,"og_object_type":"default","og_image_type":"default","og_image_url":null,"og_image_width":null,"og_image_height":null,"og_image_custom_url":null,"og_image_custom_fields":null,"og_video":null,"og_custom_url":null,"og_article_section":null,"og_article_tags":null,"twitter_use_og":true,"twitter_card":"default","twitter_image_type":"default","twitter_image_url":null,"twitter_image_custom_url":null,"twitter_image_custom_fields":null,"twitter_title":null,"twitter_description":null,"schema":{"blockGraphs":[],"customGraphs":[],"default":{"data":{"Article":[],"Course":[],"Dataset":[],"FAQPage":[],"Movie":[],"Person":[],"Product":[],"ProductReview":[],"Car":[],"Recipe":[],"Service":[],"SoftwareApplication":[],"WebPage":[]},"graphName":"","isEnabled":true},"graphs":[],"defaultGraph":"","defaultPostTypeGraph":""},"schema_type":null,"schema_type_options":null,"pillar_content":false,"robots_default":true,"robots_noindex":false,"robots_noarchive":false,"robots_nosnippet":false,"robots_nofollow":false,"robots_noimageindex":false,"robots_noodp":false,"robots_notranslate":false,"robots_max_snippet":null,"robots_max_videopreview":null,"robots_max_imagepreview":"none","priority":null,"frequency":null,"local_seo":null,"seo_analyzer_scan_date":"2026-06-02 20:00:53","breadcrumb_settings":null,"limit_modified_date":false,"open_ai":null,"ai":null,"created":"2020-11-14 22:55:14","updated":"2026-06-02 20:00:53","focus_keyword":null,"additional_keywords":null,"truseo_locale":null},"aioseo_breadcrumb":"<div class=\"aioseo-breadcrumbs\"><span class=\"aioseo-breadcrumb\">\n\t<a href=\"https:\/\/www.eldigitaldeasturias.com\/noticias\" title=\"Home\">Home<\/a>\n<\/span><span class=\"aioseo-breadcrumb-separator\">\u2013<\/span><span class=\"aioseo-breadcrumb\">\n\t<a href=\"https:\/\/www.eldigitaldeasturias.com\/noticias\/category\/actualidad\/\" title=\"Actualidad\">Actualidad<\/a>\n<\/span><span class=\"aioseo-breadcrumb-separator\">\u2013<\/span><span class=\"aioseo-breadcrumb\">\n\t<a href=\"https:\/\/www.eldigitaldeasturias.com\/noticias\/los-hitos-y-escandalos-del-caso-noos\/\" title=\"Los hitos y escandalos del \u00abcaso N\u00f3os\u00bb\">Los hitos y escandalos del \u00abcaso N\u00f3os\u00bb<\/a>\n<\/span><\/div>","aioseo_breadcrumb_json":[{"label":"Home","link":"https:\/\/www.eldigitaldeasturias.com\/noticias"},{"label":"Actualidad","link":"https:\/\/www.eldigitaldeasturias.com\/noticias\/category\/actualidad\/"},{"label":"Los hitos y escandalos del \u00abcaso N\u00f3os\u00bb","link":"https:\/\/www.eldigitaldeasturias.com\/noticias\/los-hitos-y-escandalos-del-caso-noos\/"}],"_links":{"self":[{"href":"https:\/\/www.eldigitaldeasturias.com\/noticias\/wp-json\/wp\/v2\/posts\/485371","targetHints":{"allow":["GET"]}}],"collection":[{"href":"https:\/\/www.eldigitaldeasturias.com\/noticias\/wp-json\/wp\/v2\/posts"}],"about":[{"href":"https:\/\/www.eldigitaldeasturias.com\/noticias\/wp-json\/wp\/v2\/types\/post"}],"author":[{"embeddable":true,"href":"https:\/\/www.eldigitaldeasturias.com\/noticias\/wp-json\/wp\/v2\/users\/1"}],"replies":[{"embeddable":true,"href":"https:\/\/www.eldigitaldeasturias.com\/noticias\/wp-json\/wp\/v2\/comments?post=485371"}],"version-history":[{"count":0,"href":"https:\/\/www.eldigitaldeasturias.com\/noticias\/wp-json\/wp\/v2\/posts\/485371\/revisions"}],"wp:attachment":[{"href":"https:\/\/www.eldigitaldeasturias.com\/noticias\/wp-json\/wp\/v2\/media?parent=485371"}],"wp:term":[{"taxonomy":"category","embeddable":true,"href":"https:\/\/www.eldigitaldeasturias.com\/noticias\/wp-json\/wp\/v2\/categories?post=485371"},{"taxonomy":"post_tag","embeddable":true,"href":"https:\/\/www.eldigitaldeasturias.com\/noticias\/wp-json\/wp\/v2\/tags?post=485371"}],"curies":[{"name":"wp","href":"https:\/\/api.w.org\/{rel}","templated":true}]}}