{"id":485369,"date":"2014-02-06T23:31:25","date_gmt":"2014-02-07T00:31:25","guid":{"rendered":"http:\/\/www.eldigitaldeasturias.com\/noticias\/?p=485369"},"modified":"2014-02-06T23:31:25","modified_gmt":"2014-02-07T00:31:25","slug":"caso-noos-un-escandalo-de-corrupcion-que-salpica-a-la-monarquia","status":"publish","type":"post","link":"https:\/\/www.eldigitaldeasturias.com\/noticias\/caso-noos-un-escandalo-de-corrupcion-que-salpica-a-la-monarquia\/","title":{"rendered":"\u00abCaso N\u00f3os\u00bb : Un esc\u00e1ndalo de corrupci\u00f3n que salpica a la monarqu\u00eda"},"content":{"rendered":"<p><img loading=\"lazy\" decoding=\"async\" class=\"alignleft size-full wp-image-440982\" alt=\"infanta\" src=\"https:\/\/www.eldigitaldeasturias.com\/noticias\/wp-content\/uploads\/2013\/10\/infanta.jpg\" width=\"300\" height=\"198\" \/>Madrid, 6 feb (dpa) &#8211; El \u00abcaso N\u00f3os\u00bb hace temblar los cimientos de la monarqu\u00eda espa\u00f1ola. La ha sumido en una crisis de imagen y desconfianza por parte de los ciudadanos.<\/p>\n<p>La familia del rey Juan Carlos se ha visto vinculada a la palabra corrupci\u00f3n. Y parece improbable que la instituci\u00f3n pueda llegar a recuperarse completamente del golpe alg\u00fan d\u00eda. Sobre todo tras la imputaci\u00f3n de la infanta Cristina, que multiplica el da\u00f1o.<\/p>\n<p>El protagonista indiscutible del \u00abcaso N\u00f3os\u00bb es I\u00f1aki Urdangarin, el marido de la hija peque\u00f1a de los reyes Juan Carlos y Sof\u00eda.<\/p>\n<p>La Justicia espa\u00f1ola investiga los negocios que el yerno del rey hizo entre los a\u00f1os 2003 y 2006 al frente del Instituto N\u00f3os, una organizaci\u00f3n vinculada al mundo del deporte y en teor\u00eda sin \u00e1nimo de lucro que el ex jugador de balonmano cre\u00f3 junto a Diego Torres, uno de los profesores que hab\u00eda tenido en un master en negocios.<\/p>\n<p>A ambos, imputados por el juez Jos\u00e9 Castro, se los acusa entre otras cosas de haberse apropiado de casi seis millones de euros de dinero p\u00fablico, un dinero que proced\u00eda sobre todo de contratos con los gobierno regionales de las Islas Baleares y de Valencia.<\/p>\n<p>El caso se resume b\u00e1sicamente en el presunto aprovechamiento del prestigio de la casa real por parte de Urdangarin y de su socio para lograr suculentos contratos adjudicados a dedo.<\/p>\n<p>Los servicios se contrataban por precios desorbitados, muy por encima del coste real, y tambi\u00e9n se facturaban servicios ficticios. Que Urdangarin fuera el yerno del rey fue la clave de ese trato de favor, seg\u00fan juez y fiscal.<\/p>\n<p>El \u00abcaso N\u00f3os\u00bb es una de las piezas separadas que salieron del \u00abcaso Palma Arena\u00bb.<\/p>\n<p>Las supuestas irregularidades de Urdangarin aparecieron cuando el juez Castro investigaba c\u00f3mo se dobl\u00f3 el coste de la construcci\u00f3n de un centro polideportivo, un caso por el que el ex ministro de Jos\u00e9 Mar\u00eda Aznar y ex jefe del gobierno regional balear Jaume Matas fue ya juzgado y condenado y por el que a\u00fan tiene causas pendientes con la Justicia.<\/p>\n<p>Un alto porcentaje de esos casi seis millones de euros presuntamente malversados por N\u00f3os acab\u00f3 en empresas privadas de los dos socios.<\/p>\n<p>Una de las sociedades en las que m\u00e1s dinero entr\u00f3 por supuestos trabajos encargados por el instituto fue Aizoon, de la que la infanta Cristina es copropietaria junto a su marido.<\/p>\n<p>El juez la acusa de fraude fiscal y blanqueo de dinero y ve pruebas en los gastos personales en los que incurri\u00f3 con los beneficios obtenidos por Aizoon.<\/p>\n<p>El magistrado la imput\u00f3 ya en abril del a\u00f1o pasado como cooperadora necesaria y c\u00f3mplice de su marido, quien ya ha declarado ante el juez en esa calidad de imputado en dos ocasiones y al que en un juicio que parece m\u00e1s que probable se le acusar\u00e1 seguramente, entre otros delitos, de malversaci\u00f3n, falsedad y fraude.<\/p>\n<p>La infanta era uno de los miembros de la junta directiva de N\u00f3os. Sin embargo, una instancia judicial superior, la Audiencia Provincial de las Islas Baleares, anul\u00f3 su primera imputaci\u00f3n, si bien marc\u00f3 a Castro el camino para imputarla por fraude fiscal y blanqueo de dinero.<\/p>\n<p>La imputaci\u00f3n lleg\u00f3 hace un mes, el 7 de enero de este a\u00f1o. Y el s\u00e1bado tendr\u00e1 lugar su declaraci\u00f3n ante la Justicia, la primera de un familiar directo del rey Juan Carlos de Espa\u00f1a.<\/p>\n<p>&nbsp;<\/p>\n","protected":false},"excerpt":{"rendered":"<p>Madrid, 6 feb (dpa) &#8211; El \u00abcaso N\u00f3os\u00bb hace temblar los cimientos de la monarqu\u00eda espa\u00f1ola. La ha sumido en una crisis de imagen y desconfianza por parte de los ciudadanos. La familia del rey Juan Carlos se ha visto vinculada a la palabra corrupci\u00f3n. Y parece improbable que la instituci\u00f3n pueda llegar a recuperarse [&hellip;]<\/p>\n","protected":false},"author":1,"featured_media":1132184,"comment_status":"closed","ping_status":"open","sticky":false,"template":"","format":"standard","meta":{"footnotes":""},"categories":[1],"tags":[],"class_list":["post-485369","post","type-post","status-publish","format-standard","has-post-thumbnail","hentry","category-actualidad"],"aioseo_notices":[],"aioseo_head":"\n\t\t<!-- All in One SEO Pro 5.0.1 - aioseo.com -->\n\t<meta name=\"description\" content=\"Madrid, 6 feb (dpa) - El &quot;caso N\u00f3os&quot; hace temblar los cimientos de la monarqu\u00eda espa\u00f1ola. La ha sumido en una crisis de imagen y desconfianza por parte de los ciudadanos. La familia del rey Juan Carlos se ha visto vinculada a la palabra corrupci\u00f3n. Y parece improbable que la instituci\u00f3n pueda llegar a recuperarse\" \/>\n\t<meta name=\"robots\" content=\"max-image-preview:large\" \/>\n\t<meta name=\"author\" content=\"El Digital de Asturias\"\/>\n\t<meta name=\"google-site-verification\" content=\"UA-38556648-1\" \/>\n\t<meta name=\"msvalidate.01\" content=\"7dfe9f3f1b24437ab69f4f2559babe99\" \/>\n\t<meta name=\"keywords\" content=\"actualidad\" \/>\n\t<link rel=\"canonical\" href=\"https:\/\/www.eldigitaldeasturias.com\/noticias\/caso-noos-un-escandalo-de-corrupcion-que-salpica-a-la-monarquia\/\" \/>\n\t<meta name=\"generator\" content=\"All in One SEO Pro (AIOSEO) 5.0.1\" \/>\n\t\t<meta property=\"og:locale\" content=\"es_ES\" \/>\n\t\t<meta property=\"og:site_name\" content=\"El Digital de Asturias\" \/>\n\t\t<meta property=\"og:type\" content=\"article\" \/>\n\t\t<meta property=\"og:title\" content=\"\u00abCaso N\u00f3os\u00bb : Un esc\u00e1ndalo de corrupci\u00f3n que salpica a la monarqu\u00eda - El Digital de Asturias\" \/>\n\t\t<meta property=\"og:description\" content=\"Madrid, 6 feb (dpa) - El &quot;caso N\u00f3os&quot; hace temblar los cimientos de la monarqu\u00eda espa\u00f1ola. La ha sumido en una crisis de imagen y desconfianza por parte de los ciudadanos. La familia del rey Juan Carlos se ha visto vinculada a la palabra corrupci\u00f3n. Y parece improbable que la instituci\u00f3n pueda llegar a recuperarse\" \/>\n\t\t<meta property=\"og:url\" content=\"https:\/\/www.eldigitaldeasturias.com\/noticias\/caso-noos-un-escandalo-de-corrupcion-que-salpica-a-la-monarquia\/\" \/>\n\t\t<meta property=\"og:image\" content=\"https:\/\/www.eldigitaldeasturias.com\/noticias\/wp-content\/uploads\/2026\/06\/Contenidos.jpg\" \/>\n\t\t<meta property=\"og:image:secure_url\" content=\"https:\/\/www.eldigitaldeasturias.com\/noticias\/wp-content\/uploads\/2026\/06\/Contenidos.jpg\" \/>\n\t\t<meta property=\"og:image:width\" content=\"1265\" \/>\n\t\t<meta property=\"og:image:height\" content=\"697\" \/>\n\t\t<meta property=\"article:tag\" content=\"actualidad\" \/>\n\t\t<meta property=\"article:published_time\" content=\"2014-02-07T00:31:25+00:00\" \/>\n\t\t<meta property=\"article:modified_time\" content=\"2014-02-07T00:31:25+00:00\" \/>\n\t\t<meta property=\"article:publisher\" content=\"https:\/\/facebook.com\/eldigitaldeasturias\" \/>\n\t\t<meta name=\"twitter:card\" content=\"summary_large_image\" \/>\n\t\t<meta name=\"twitter:title\" content=\"\u00abCaso N\u00f3os\u00bb : Un esc\u00e1ndalo de corrupci\u00f3n que salpica a la monarqu\u00eda - El Digital de Asturias\" \/>\n\t\t<meta name=\"twitter:description\" content=\"Madrid, 6 feb (dpa) - El &quot;caso N\u00f3os&quot; hace temblar los cimientos de la monarqu\u00eda espa\u00f1ola. La ha sumido en una crisis de imagen y desconfianza por parte de los ciudadanos. La familia del rey Juan Carlos se ha visto vinculada a la palabra corrupci\u00f3n. Y parece improbable que la instituci\u00f3n pueda llegar a recuperarse\" \/>\n\t\t<meta name=\"twitter:image\" content=\"https:\/\/www.eldigitaldeasturias.com\/noticias\/wp-content\/uploads\/2026\/06\/Contenidos.jpg\" \/>\n\t\t<meta name=\"twitter:label1\" content=\"Escrito por\" \/>\n\t\t<meta name=\"twitter:data1\" content=\"El Digital de Asturias\" \/>\n\t\t<meta name=\"twitter:label2\" content=\"Tiempo de lectura estimado\" \/>\n\t\t<meta name=\"twitter:data2\" content=\"3 minutos\" \/>\n\t\t<script type=\"application\/ld+json\" class=\"aioseo-schema\">\n\t\t\t{\"@context\":\"https:\\\/\\\/schema.org\",\"@graph\":[{\"@type\":\"BlogPosting\",\"@id\":\"https:\\\/\\\/www.eldigitaldeasturias.com\\\/noticias\\\/caso-noos-un-escandalo-de-corrupcion-que-salpica-a-la-monarquia\\\/#blogposting\",\"name\":\"\\u00abCaso N\\u00f3os\\u00bb : Un esc\\u00e1ndalo de corrupci\\u00f3n que salpica a la monarqu\\u00eda - El Digital de Asturias\",\"headline\":\"\\u00abCaso N\\u00f3os\\u00bb : Un esc\\u00e1ndalo de corrupci\\u00f3n que salpica a la monarqu\\u00eda\",\"author\":{\"@id\":\"https:\\\/\\\/www.eldigitaldeasturias.com\\\/noticias\\\/author\\\/admin\\\/#author\"},\"publisher\":{\"@id\":\"https:\\\/\\\/www.eldigitaldeasturias.com\\\/noticias\\\/#organization\"},\"image\":{\"@type\":\"ImageObject\",\"url\":\"https:\\\/\\\/www.eldigitaldeasturias.com\\\/noticias\\\/wp-content\\\/uploads\\\/2026\\\/06\\\/Contenidos.jpg\",\"width\":1265,\"height\":697,\"caption\":\"Contenidos\"},\"datePublished\":\"2014-02-06T23:31:25+01:00\",\"dateModified\":\"2014-02-06T23:31:25+01:00\",\"inLanguage\":\"es-ES\",\"mainEntityOfPage\":{\"@id\":\"https:\\\/\\\/www.eldigitaldeasturias.com\\\/noticias\\\/caso-noos-un-escandalo-de-corrupcion-que-salpica-a-la-monarquia\\\/#webpage\"},\"isPartOf\":{\"@id\":\"https:\\\/\\\/www.eldigitaldeasturias.com\\\/noticias\\\/caso-noos-un-escandalo-de-corrupcion-que-salpica-a-la-monarquia\\\/#webpage\"},\"articleSection\":\"Actualidad\"},{\"@type\":\"BreadcrumbList\",\"@id\":\"https:\\\/\\\/www.eldigitaldeasturias.com\\\/noticias\\\/caso-noos-un-escandalo-de-corrupcion-que-salpica-a-la-monarquia\\\/#breadcrumblist\",\"itemListElement\":[{\"@type\":\"ListItem\",\"@id\":\"https:\\\/\\\/www.eldigitaldeasturias.com\\\/noticias#listItem\",\"position\":1,\"name\":\"Home\",\"item\":\"https:\\\/\\\/www.eldigitaldeasturias.com\\\/noticias\",\"nextItem\":{\"@type\":\"ListItem\",\"@id\":\"https:\\\/\\\/www.eldigitaldeasturias.com\\\/noticias\\\/category\\\/actualidad\\\/#listItem\",\"name\":\"Actualidad\"}},{\"@type\":\"ListItem\",\"@id\":\"https:\\\/\\\/www.eldigitaldeasturias.com\\\/noticias\\\/category\\\/actualidad\\\/#listItem\",\"position\":2,\"name\":\"Actualidad\",\"item\":\"https:\\\/\\\/www.eldigitaldeasturias.com\\\/noticias\\\/category\\\/actualidad\\\/\",\"nextItem\":{\"@type\":\"ListItem\",\"@id\":\"https:\\\/\\\/www.eldigitaldeasturias.com\\\/noticias\\\/caso-noos-un-escandalo-de-corrupcion-que-salpica-a-la-monarquia\\\/#listItem\",\"name\":\"\\u00abCaso N\\u00f3os\\u00bb : Un esc\\u00e1ndalo de corrupci\\u00f3n que salpica a la monarqu\\u00eda\"},\"previousItem\":{\"@type\":\"ListItem\",\"@id\":\"https:\\\/\\\/www.eldigitaldeasturias.com\\\/noticias#listItem\",\"name\":\"Home\"}},{\"@type\":\"ListItem\",\"@id\":\"https:\\\/\\\/www.eldigitaldeasturias.com\\\/noticias\\\/caso-noos-un-escandalo-de-corrupcion-que-salpica-a-la-monarquia\\\/#listItem\",\"position\":3,\"name\":\"\\u00abCaso N\\u00f3os\\u00bb : Un esc\\u00e1ndalo de corrupci\\u00f3n que salpica a la monarqu\\u00eda\",\"previousItem\":{\"@type\":\"ListItem\",\"@id\":\"https:\\\/\\\/www.eldigitaldeasturias.com\\\/noticias\\\/category\\\/actualidad\\\/#listItem\",\"name\":\"Actualidad\"}}]},{\"@type\":\"Organization\",\"@id\":\"https:\\\/\\\/www.eldigitaldeasturias.com\\\/noticias\\\/#organization\",\"name\":\"El Digital de Asturias\",\"description\":\"Hemeroteca\",\"url\":\"https:\\\/\\\/www.eldigitaldeasturias.com\\\/noticias\\\/\",\"email\":\"info@eldigitaldeasturias.com\",\"telephone\":\"+34652131393\",\"logo\":{\"@type\":\"ImageObject\",\"url\":\"https:\\\/\\\/www.eldigitaldeasturias.com\\\/noticias\\\/wp-content\\\/uploads\\\/2020\\\/12\\\/EDA.jpg\",\"@id\":\"https:\\\/\\\/www.eldigitaldeasturias.com\\\/noticias\\\/caso-noos-un-escandalo-de-corrupcion-que-salpica-a-la-monarquia\\\/#organizationLogo\"},\"image\":{\"@id\":\"https:\\\/\\\/www.eldigitaldeasturias.com\\\/noticias\\\/caso-noos-un-escandalo-de-corrupcion-que-salpica-a-la-monarquia\\\/#organizationLogo\"},\"sameAs\":[\"https:\\\/\\\/facebook.com\\\/eldigitaldeasturias\",\"https:\\\/\\\/www.youtube.com\\\/channel\\\/UCZP-2wLEB9Rv6erhFmqVnvg\"],\"address\":{\"@id\":\"https:\\\/\\\/www.eldigitaldeasturias.com\\\/noticias\\\/#postaladdress\",\"@type\":\"PostalAddress\",\"streetAddress\":\"san antonio 4\",\"postalCode\":\"33430\",\"addressLocality\":\"Cand\\u00e1s\",\"addressRegion\":\"Asturias\",\"addressCountry\":\"ES\"}},{\"@type\":\"Person\",\"@id\":\"https:\\\/\\\/www.eldigitaldeasturias.com\\\/noticias\\\/author\\\/admin\\\/#author\",\"url\":\"https:\\\/\\\/www.eldigitaldeasturias.com\\\/noticias\\\/author\\\/admin\\\/\",\"name\":\"El Digital de Asturias\",\"image\":{\"@type\":\"ImageObject\",\"@id\":\"https:\\\/\\\/www.eldigitaldeasturias.com\\\/noticias\\\/caso-noos-un-escandalo-de-corrupcion-que-salpica-a-la-monarquia\\\/#authorImage\",\"url\":\"https:\\\/\\\/secure.gravatar.com\\\/avatar\\\/df2aeffc32bcd13f8d26072ef8a91b623d677766deac7f97ca815868cd41bf5e?s=96&d=mm&r=g\",\"width\":96,\"height\":96,\"caption\":\"El Digital de Asturias\"}},{\"@type\":\"WebPage\",\"@id\":\"https:\\\/\\\/www.eldigitaldeasturias.com\\\/noticias\\\/caso-noos-un-escandalo-de-corrupcion-que-salpica-a-la-monarquia\\\/#webpage\",\"url\":\"https:\\\/\\\/www.eldigitaldeasturias.com\\\/noticias\\\/caso-noos-un-escandalo-de-corrupcion-que-salpica-a-la-monarquia\\\/\",\"name\":\"\\u00abCaso N\\u00f3os\\u00bb : Un esc\\u00e1ndalo de corrupci\\u00f3n que salpica a la monarqu\\u00eda - El Digital de Asturias\",\"description\":\"Madrid, 6 feb (dpa) - El \\\"caso N\\u00f3os\\\" hace temblar los cimientos de la monarqu\\u00eda espa\\u00f1ola. La ha sumido en una crisis de imagen y desconfianza por parte de los ciudadanos. La familia del rey Juan Carlos se ha visto vinculada a la palabra corrupci\\u00f3n. Y parece improbable que la instituci\\u00f3n pueda llegar a recuperarse\",\"inLanguage\":\"es-ES\",\"isPartOf\":{\"@id\":\"https:\\\/\\\/www.eldigitaldeasturias.com\\\/noticias\\\/#website\"},\"breadcrumb\":{\"@id\":\"https:\\\/\\\/www.eldigitaldeasturias.com\\\/noticias\\\/caso-noos-un-escandalo-de-corrupcion-que-salpica-a-la-monarquia\\\/#breadcrumblist\"},\"author\":{\"@id\":\"https:\\\/\\\/www.eldigitaldeasturias.com\\\/noticias\\\/author\\\/admin\\\/#author\"},\"creator\":{\"@id\":\"https:\\\/\\\/www.eldigitaldeasturias.com\\\/noticias\\\/author\\\/admin\\\/#author\"},\"image\":{\"@type\":\"ImageObject\",\"url\":\"https:\\\/\\\/www.eldigitaldeasturias.com\\\/noticias\\\/wp-content\\\/uploads\\\/2026\\\/06\\\/Contenidos.jpg\",\"@id\":\"https:\\\/\\\/www.eldigitaldeasturias.com\\\/noticias\\\/caso-noos-un-escandalo-de-corrupcion-que-salpica-a-la-monarquia\\\/#mainImage\",\"width\":1265,\"height\":697,\"caption\":\"Contenidos\"},\"primaryImageOfPage\":{\"@id\":\"https:\\\/\\\/www.eldigitaldeasturias.com\\\/noticias\\\/caso-noos-un-escandalo-de-corrupcion-que-salpica-a-la-monarquia\\\/#mainImage\"},\"datePublished\":\"2014-02-06T23:31:25+01:00\",\"dateModified\":\"2014-02-06T23:31:25+01:00\"},{\"@type\":\"WebSite\",\"@id\":\"https:\\\/\\\/www.eldigitaldeasturias.com\\\/noticias\\\/#website\",\"url\":\"https:\\\/\\\/www.eldigitaldeasturias.com\\\/noticias\\\/\",\"name\":\"El Digital de Asturias - Diario de actualidad y noticias\",\"alternateName\":\"El Digital de Asturias - Diario de actualidad y noticias\",\"description\":\"Hemeroteca\",\"inLanguage\":\"es-ES\",\"publisher\":{\"@id\":\"https:\\\/\\\/www.eldigitaldeasturias.com\\\/noticias\\\/#organization\"}}]}\n\t\t<\/script>\n\t\t<!-- All in One SEO Pro -->\r\n\t\t<title>\u00abCaso N\u00f3os\u00bb : Un esc\u00e1ndalo de corrupci\u00f3n que salpica a la monarqu\u00eda - El Digital de Asturias<\/title>\n\n","aioseo_head_json":{"title":"\u00abCaso N\u00f3os\u00bb : Un esc\u00e1ndalo de corrupci\u00f3n que salpica a la monarqu\u00eda - El Digital de Asturias","description":"Madrid, 6 feb (dpa) - El \"caso N\u00f3os\" hace temblar los cimientos de la monarqu\u00eda espa\u00f1ola. La ha sumido en una crisis de imagen y desconfianza por parte de los ciudadanos. La familia del rey Juan Carlos se ha visto vinculada a la palabra corrupci\u00f3n. Y parece improbable que la instituci\u00f3n pueda llegar a recuperarse","canonical_url":"https:\/\/www.eldigitaldeasturias.com\/noticias\/caso-noos-un-escandalo-de-corrupcion-que-salpica-a-la-monarquia\/","robots":"max-image-preview:large","keywords":"actualidad","webmasterTools":{"google-site-verification":"UA-38556648-1","msvalidate.01":"7dfe9f3f1b24437ab69f4f2559babe99","miscellaneous":""},"schema":{"@context":"https:\/\/schema.org","@graph":[{"@type":"BlogPosting","@id":"https:\/\/www.eldigitaldeasturias.com\/noticias\/caso-noos-un-escandalo-de-corrupcion-que-salpica-a-la-monarquia\/#blogposting","name":"\u00abCaso N\u00f3os\u00bb : Un esc\u00e1ndalo de corrupci\u00f3n que salpica a la monarqu\u00eda - El Digital de Asturias","headline":"\u00abCaso N\u00f3os\u00bb : Un esc\u00e1ndalo de corrupci\u00f3n que salpica a la monarqu\u00eda","author":{"@id":"https:\/\/www.eldigitaldeasturias.com\/noticias\/author\/admin\/#author"},"publisher":{"@id":"https:\/\/www.eldigitaldeasturias.com\/noticias\/#organization"},"image":{"@type":"ImageObject","url":"https:\/\/www.eldigitaldeasturias.com\/noticias\/wp-content\/uploads\/2026\/06\/Contenidos.jpg","width":1265,"height":697,"caption":"Contenidos"},"datePublished":"2014-02-06T23:31:25+01:00","dateModified":"2014-02-06T23:31:25+01:00","inLanguage":"es-ES","mainEntityOfPage":{"@id":"https:\/\/www.eldigitaldeasturias.com\/noticias\/caso-noos-un-escandalo-de-corrupcion-que-salpica-a-la-monarquia\/#webpage"},"isPartOf":{"@id":"https:\/\/www.eldigitaldeasturias.com\/noticias\/caso-noos-un-escandalo-de-corrupcion-que-salpica-a-la-monarquia\/#webpage"},"articleSection":"Actualidad"},{"@type":"BreadcrumbList","@id":"https:\/\/www.eldigitaldeasturias.com\/noticias\/caso-noos-un-escandalo-de-corrupcion-que-salpica-a-la-monarquia\/#breadcrumblist","itemListElement":[{"@type":"ListItem","@id":"https:\/\/www.eldigitaldeasturias.com\/noticias#listItem","position":1,"name":"Home","item":"https:\/\/www.eldigitaldeasturias.com\/noticias","nextItem":{"@type":"ListItem","@id":"https:\/\/www.eldigitaldeasturias.com\/noticias\/category\/actualidad\/#listItem","name":"Actualidad"}},{"@type":"ListItem","@id":"https:\/\/www.eldigitaldeasturias.com\/noticias\/category\/actualidad\/#listItem","position":2,"name":"Actualidad","item":"https:\/\/www.eldigitaldeasturias.com\/noticias\/category\/actualidad\/","nextItem":{"@type":"ListItem","@id":"https:\/\/www.eldigitaldeasturias.com\/noticias\/caso-noos-un-escandalo-de-corrupcion-que-salpica-a-la-monarquia\/#listItem","name":"\u00abCaso N\u00f3os\u00bb : Un esc\u00e1ndalo de corrupci\u00f3n que salpica a la monarqu\u00eda"},"previousItem":{"@type":"ListItem","@id":"https:\/\/www.eldigitaldeasturias.com\/noticias#listItem","name":"Home"}},{"@type":"ListItem","@id":"https:\/\/www.eldigitaldeasturias.com\/noticias\/caso-noos-un-escandalo-de-corrupcion-que-salpica-a-la-monarquia\/#listItem","position":3,"name":"\u00abCaso N\u00f3os\u00bb : Un esc\u00e1ndalo de corrupci\u00f3n que salpica a la monarqu\u00eda","previousItem":{"@type":"ListItem","@id":"https:\/\/www.eldigitaldeasturias.com\/noticias\/category\/actualidad\/#listItem","name":"Actualidad"}}]},{"@type":"Organization","@id":"https:\/\/www.eldigitaldeasturias.com\/noticias\/#organization","name":"El Digital de Asturias","description":"Hemeroteca","url":"https:\/\/www.eldigitaldeasturias.com\/noticias\/","email":"info@eldigitaldeasturias.com","telephone":"+34652131393","logo":{"@type":"ImageObject","url":"https:\/\/www.eldigitaldeasturias.com\/noticias\/wp-content\/uploads\/2020\/12\/EDA.jpg","@id":"https:\/\/www.eldigitaldeasturias.com\/noticias\/caso-noos-un-escandalo-de-corrupcion-que-salpica-a-la-monarquia\/#organizationLogo"},"image":{"@id":"https:\/\/www.eldigitaldeasturias.com\/noticias\/caso-noos-un-escandalo-de-corrupcion-que-salpica-a-la-monarquia\/#organizationLogo"},"sameAs":["https:\/\/facebook.com\/eldigitaldeasturias","https:\/\/www.youtube.com\/channel\/UCZP-2wLEB9Rv6erhFmqVnvg"],"address":{"@id":"https:\/\/www.eldigitaldeasturias.com\/noticias\/#postaladdress","@type":"PostalAddress","streetAddress":"san antonio 4","postalCode":"33430","addressLocality":"Cand\u00e1s","addressRegion":"Asturias","addressCountry":"ES"}},{"@type":"Person","@id":"https:\/\/www.eldigitaldeasturias.com\/noticias\/author\/admin\/#author","url":"https:\/\/www.eldigitaldeasturias.com\/noticias\/author\/admin\/","name":"El Digital de Asturias","image":{"@type":"ImageObject","@id":"https:\/\/www.eldigitaldeasturias.com\/noticias\/caso-noos-un-escandalo-de-corrupcion-que-salpica-a-la-monarquia\/#authorImage","url":"https:\/\/secure.gravatar.com\/avatar\/df2aeffc32bcd13f8d26072ef8a91b623d677766deac7f97ca815868cd41bf5e?s=96&d=mm&r=g","width":96,"height":96,"caption":"El Digital de Asturias"}},{"@type":"WebPage","@id":"https:\/\/www.eldigitaldeasturias.com\/noticias\/caso-noos-un-escandalo-de-corrupcion-que-salpica-a-la-monarquia\/#webpage","url":"https:\/\/www.eldigitaldeasturias.com\/noticias\/caso-noos-un-escandalo-de-corrupcion-que-salpica-a-la-monarquia\/","name":"\u00abCaso N\u00f3os\u00bb : Un esc\u00e1ndalo de corrupci\u00f3n que salpica a la monarqu\u00eda - El Digital de Asturias","description":"Madrid, 6 feb (dpa) - El \"caso N\u00f3os\" hace temblar los cimientos de la monarqu\u00eda espa\u00f1ola. La ha sumido en una crisis de imagen y desconfianza por parte de los ciudadanos. La familia del rey Juan Carlos se ha visto vinculada a la palabra corrupci\u00f3n. Y parece improbable que la instituci\u00f3n pueda llegar a recuperarse","inLanguage":"es-ES","isPartOf":{"@id":"https:\/\/www.eldigitaldeasturias.com\/noticias\/#website"},"breadcrumb":{"@id":"https:\/\/www.eldigitaldeasturias.com\/noticias\/caso-noos-un-escandalo-de-corrupcion-que-salpica-a-la-monarquia\/#breadcrumblist"},"author":{"@id":"https:\/\/www.eldigitaldeasturias.com\/noticias\/author\/admin\/#author"},"creator":{"@id":"https:\/\/www.eldigitaldeasturias.com\/noticias\/author\/admin\/#author"},"image":{"@type":"ImageObject","url":"https:\/\/www.eldigitaldeasturias.com\/noticias\/wp-content\/uploads\/2026\/06\/Contenidos.jpg","@id":"https:\/\/www.eldigitaldeasturias.com\/noticias\/caso-noos-un-escandalo-de-corrupcion-que-salpica-a-la-monarquia\/#mainImage","width":1265,"height":697,"caption":"Contenidos"},"primaryImageOfPage":{"@id":"https:\/\/www.eldigitaldeasturias.com\/noticias\/caso-noos-un-escandalo-de-corrupcion-que-salpica-a-la-monarquia\/#mainImage"},"datePublished":"2014-02-06T23:31:25+01:00","dateModified":"2014-02-06T23:31:25+01:00"},{"@type":"WebSite","@id":"https:\/\/www.eldigitaldeasturias.com\/noticias\/#website","url":"https:\/\/www.eldigitaldeasturias.com\/noticias\/","name":"El Digital de Asturias - Diario de actualidad y noticias","alternateName":"El Digital de Asturias - Diario de actualidad y noticias","description":"Hemeroteca","inLanguage":"es-ES","publisher":{"@id":"https:\/\/www.eldigitaldeasturias.com\/noticias\/#organization"}}]},"og:locale":"es_ES","og:site_name":"El Digital de Asturias","og:type":"article","og:title":"\u00abCaso N\u00f3os\u00bb : Un esc\u00e1ndalo de corrupci\u00f3n que salpica a la monarqu\u00eda - El Digital de Asturias","og:description":"Madrid, 6 feb (dpa) - El &quot;caso N\u00f3os&quot; hace temblar los cimientos de la monarqu\u00eda espa\u00f1ola. La ha sumido en una crisis de imagen y desconfianza por parte de los ciudadanos. La familia del rey Juan Carlos se ha visto vinculada a la palabra corrupci\u00f3n. Y parece improbable que la instituci\u00f3n pueda llegar a recuperarse","og:url":"https:\/\/www.eldigitaldeasturias.com\/noticias\/caso-noos-un-escandalo-de-corrupcion-que-salpica-a-la-monarquia\/","og:image":"https:\/\/www.eldigitaldeasturias.com\/noticias\/wp-content\/uploads\/2026\/06\/Contenidos.jpg","og:image:secure_url":"https:\/\/www.eldigitaldeasturias.com\/noticias\/wp-content\/uploads\/2026\/06\/Contenidos.jpg","og:image:width":1265,"og:image:height":697,"article:tag":["actualidad"],"article:published_time":"2014-02-07T00:31:25+00:00","article:modified_time":"2014-02-07T00:31:25+00:00","article:publisher":"https:\/\/facebook.com\/eldigitaldeasturias","twitter:card":"summary_large_image","twitter:title":"\u00abCaso N\u00f3os\u00bb : Un esc\u00e1ndalo de corrupci\u00f3n que salpica a la monarqu\u00eda - El Digital de Asturias","twitter:description":"Madrid, 6 feb (dpa) - El &quot;caso N\u00f3os&quot; hace temblar los cimientos de la monarqu\u00eda espa\u00f1ola. La ha sumido en una crisis de imagen y desconfianza por parte de los ciudadanos. La familia del rey Juan Carlos se ha visto vinculada a la palabra corrupci\u00f3n. Y parece improbable que la instituci\u00f3n pueda llegar a recuperarse","twitter:image":"https:\/\/www.eldigitaldeasturias.com\/noticias\/wp-content\/uploads\/2026\/06\/Contenidos.jpg","twitter:label1":"Escrito por","twitter:data1":"El Digital de Asturias","twitter:label2":"Tiempo de lectura estimado","twitter:data2":"3 minutos"},"aioseo_meta_data":{"post_id":"485369","title":null,"description":null,"keywords":null,"keyphrases":null,"primary_term":null,"canonical_url":null,"og_title":null,"og_description":null,"og_object_type":"default","og_image_type":"default","og_image_url":null,"og_image_width":null,"og_image_height":null,"og_image_custom_url":null,"og_image_custom_fields":null,"og_video":null,"og_custom_url":null,"og_article_section":null,"og_article_tags":null,"twitter_use_og":true,"twitter_card":"default","twitter_image_type":"default","twitter_image_url":null,"twitter_image_custom_url":null,"twitter_image_custom_fields":null,"twitter_title":null,"twitter_description":null,"schema":{"blockGraphs":[],"customGraphs":[],"default":{"data":{"Article":[],"Course":[],"Dataset":[],"FAQPage":[],"Movie":[],"Person":[],"Product":[],"ProductReview":[],"Car":[],"Recipe":[],"Service":[],"SoftwareApplication":[],"WebPage":[]},"graphName":"","isEnabled":true},"graphs":[],"defaultGraph":"","defaultPostTypeGraph":""},"schema_type":null,"schema_type_options":null,"pillar_content":false,"robots_default":true,"robots_noindex":false,"robots_noarchive":false,"robots_nosnippet":false,"robots_nofollow":false,"robots_noimageindex":false,"robots_noodp":false,"robots_notranslate":false,"robots_max_snippet":null,"robots_max_videopreview":null,"robots_max_imagepreview":"none","priority":null,"frequency":null,"local_seo":null,"seo_analyzer_scan_date":"2026-06-02 19:57:54","breadcrumb_settings":null,"limit_modified_date":false,"open_ai":null,"ai":null,"created":"2020-11-14 22:55:14","updated":"2026-06-02 19:57:54","focus_keyword":null,"additional_keywords":null,"truseo_locale":null},"aioseo_breadcrumb":"<div class=\"aioseo-breadcrumbs\"><span class=\"aioseo-breadcrumb\">\n\t<a href=\"https:\/\/www.eldigitaldeasturias.com\/noticias\" title=\"Home\">Home<\/a>\n<\/span><span class=\"aioseo-breadcrumb-separator\">\u2013<\/span><span class=\"aioseo-breadcrumb\">\n\t<a href=\"https:\/\/www.eldigitaldeasturias.com\/noticias\/category\/actualidad\/\" title=\"Actualidad\">Actualidad<\/a>\n<\/span><span class=\"aioseo-breadcrumb-separator\">\u2013<\/span><span class=\"aioseo-breadcrumb\">\n\t<a href=\"https:\/\/www.eldigitaldeasturias.com\/noticias\/caso-noos-un-escandalo-de-corrupcion-que-salpica-a-la-monarquia\/\" title=\"\u00abCaso N\u00f3os\u00bb : Un esc\u00e1ndalo de corrupci\u00f3n que salpica a la monarqu\u00eda\">\u00abCaso N\u00f3os\u00bb : Un esc\u00e1ndalo de corrupci\u00f3n que salpica a la monarqu\u00eda<\/a>\n<\/span><\/div>","aioseo_breadcrumb_json":[{"label":"Home","link":"https:\/\/www.eldigitaldeasturias.com\/noticias"},{"label":"Actualidad","link":"https:\/\/www.eldigitaldeasturias.com\/noticias\/category\/actualidad\/"},{"label":"\u00abCaso N\u00f3os\u00bb : Un esc\u00e1ndalo de corrupci\u00f3n que salpica a la monarqu\u00eda","link":"https:\/\/www.eldigitaldeasturias.com\/noticias\/caso-noos-un-escandalo-de-corrupcion-que-salpica-a-la-monarquia\/"}],"_links":{"self":[{"href":"https:\/\/www.eldigitaldeasturias.com\/noticias\/wp-json\/wp\/v2\/posts\/485369","targetHints":{"allow":["GET"]}}],"collection":[{"href":"https:\/\/www.eldigitaldeasturias.com\/noticias\/wp-json\/wp\/v2\/posts"}],"about":[{"href":"https:\/\/www.eldigitaldeasturias.com\/noticias\/wp-json\/wp\/v2\/types\/post"}],"author":[{"embeddable":true,"href":"https:\/\/www.eldigitaldeasturias.com\/noticias\/wp-json\/wp\/v2\/users\/1"}],"replies":[{"embeddable":true,"href":"https:\/\/www.eldigitaldeasturias.com\/noticias\/wp-json\/wp\/v2\/comments?post=485369"}],"version-history":[{"count":0,"href":"https:\/\/www.eldigitaldeasturias.com\/noticias\/wp-json\/wp\/v2\/posts\/485369\/revisions"}],"wp:featuredmedia":[{"embeddable":true,"href":"https:\/\/www.eldigitaldeasturias.com\/noticias\/wp-json\/wp\/v2\/media\/1132184"}],"wp:attachment":[{"href":"https:\/\/www.eldigitaldeasturias.com\/noticias\/wp-json\/wp\/v2\/media?parent=485369"}],"wp:term":[{"taxonomy":"category","embeddable":true,"href":"https:\/\/www.eldigitaldeasturias.com\/noticias\/wp-json\/wp\/v2\/categories?post=485369"},{"taxonomy":"post_tag","embeddable":true,"href":"https:\/\/www.eldigitaldeasturias.com\/noticias\/wp-json\/wp\/v2\/tags?post=485369"}],"curies":[{"name":"wp","href":"https:\/\/api.w.org\/{rel}","templated":true}]}}