{"id":485363,"date":"2014-02-06T23:21:26","date_gmt":"2014-02-07T00:21:26","guid":{"rendered":"http:\/\/www.eldigitaldeasturias.com\/noticias\/?p=485363"},"modified":"2014-02-06T23:22:11","modified_gmt":"2014-02-07T00:22:11","slug":"la-infanta-cristina-cara-a-cara-con-el-juez","status":"publish","type":"post","link":"https:\/\/www.eldigitaldeasturias.com\/noticias\/la-infanta-cristina-cara-a-cara-con-el-juez\/","title":{"rendered":"La infanta Cristina, cara a cara con el juez"},"content":{"rendered":"<p><img loading=\"lazy\" decoding=\"async\" class=\"alignleft size-medium wp-image-477856\" alt=\"infanta\" src=\"https:\/\/www.eldigitaldeasturias.com\/noticias\/wp-content\/uploads\/2014\/01\/infanta-360x273.jpg\" width=\"360\" height=\"273\" \/>Palma, 6 feb (dpa) &#8211; La imagen ser\u00e1 ins\u00f3lita y el acontecimiento, hist\u00f3rico. La infanta Cristina de Borb\u00f3n ser\u00e1 interrogada el s\u00e1bado ante el juez como imputada en el caso de corrupci\u00f3n que protagoniza su marido y que ha puesto a la monarqu\u00eda espa\u00f1ola contra las cuerdas.<\/p>\n<p>Ser\u00e1 en una sala de vistas de los juzgados de Palma de Mallorca, presidida por un retrato del rey Juan Carlos. Durante todo el tiempo que dure su declaraci\u00f3n, tendr\u00e1 la imagen de su padre frente a ella.<\/p>\n<p>Nunca antes un familiar directo del rey hab\u00eda sido interrogado por corrupci\u00f3n. Y a sus casi 49 a\u00f1os, ella tiene ahora que responder por posibles delitos de fraude fiscal y blanqueo de dinero.<\/p>\n<p>El juez la acusa de ellos como copropietaria junto a su marido de Aizoon, la empresa a la que fue gran parte del dinero p\u00fablico del que I\u00f1aki Urdangarin se apropi\u00f3 presuntamente junto a su ex socio al frente del Instituto N\u00f3os, la organizaci\u00f3n vinculada al mundo del deporte que cre\u00f3 y que en teor\u00eda no ten\u00eda \u00e1nimo de lucro. La infanta hizo gastos personales con los beneficios obtenidos por Aizoon.<\/p>\n<p>Durante unas horas ser\u00e1 simplemente la ciudadana Cristina de Borb\u00f3n. El t\u00edtulo de infanta de Espa\u00f1a quedar\u00e1 en segundo plano ante el juez Jos\u00e9 Castro, uno de los magistrados m\u00e1s incisivos y duros de las Islas Baleares. Desde hace tiempo, el m\u00e1s famoso.<\/p>\n<p>Un juez al que no le tiembla el pulso, protagonista del hito de imputar por primera vez a alguien de la familia real: a Urdangarin hace m\u00e1s de dos a\u00f1os, a la hija del rey en abril de 2013 y, despu\u00e9s de que esa decisi\u00f3n fuera anulada, a la infanta de nuevo en enero.<\/p>\n<p>La cita es a las 10 de la ma\u00f1ana en el edificio desde el que instruye el \u00abcaso N\u00f3os\u00bb, que desde hace m\u00e1s de dos a\u00f1os protagoniza Urdangarin. La infanta tendr\u00e1 de su parte al fiscal, Pedro Horrach. La expectaci\u00f3n social y medi\u00e1tica es m\u00e1xima. Y a\u00fan est\u00e1 por ver si se expondr\u00e1 a los flashes y las c\u00e1maras caminando hasta la entrada del juzgado o si har\u00e1 uso del permiso que le han concedido para evitar el v\u00eda crucis llegando hasta la misma puerta en autom\u00f3vil.<\/p>\n<p>Las encuestas muestran una ciudadan\u00eda convencida de que la imputaci\u00f3n de la infanta est\u00e1 justificada, pero tambi\u00e9n con la sensaci\u00f3n de que la Justicia no es igual para todos. La sensaci\u00f3n de que la hija del rey est\u00e1 siendo protegida.<\/p>\n<p>Entre otros, por Horrach, contrario a la imputaci\u00f3n pese a que hasta ahora su criterio y el del juez eran un\u00e1nimes. Tambi\u00e9n por el gobierno. \u00abEstoy convencido de la inocencia de la infanta\u00bb, dijo Mariano Rajoy hace poco en una entrevista. \u00abLas cosas le ir\u00e1n bien\u00bb.<\/p>\n<p>Duquesa de Palma desde su boda, cuando el rey le otorg\u00f3 el t\u00edtulo, si hay que buscar el origen del v\u00eda crucis de la infanta -y del de la casa real espa\u00f1ola-, la ceremonia en la catedral de Barcelona en 1997 ser\u00eda el punto de partida.<\/p>\n<p>Urdangarin era entonces el yerno perfecto -apuesto, deportista, medallista ol\u00edmpico, de padre banquero y madre belga arist\u00f3crata-, el marido so\u00f1ado para Cristina, una mujer que quiso y logr\u00f3 tener una vida al margen de su papel de hija de rey.<\/p>\n<p>Licenciada en Ciencias Pol\u00edticas por la Universidad Complutense de Madrid, fue la primera de la familia real espa\u00f1ola con un t\u00edtulo universitario, al que luego a\u00f1adi\u00f3 un master en Nueva York.<\/p>\n<p>En 1993 comenz\u00f3 a trabajar en Barcelona en la Fundaci\u00f3n La Caixa, que en agosto pasado le dio una v\u00eda de escape a la presi\u00f3n en Espa\u00f1a con un puesto en Ginebra. Una ciudad de la que regres\u00f3 hace unos d\u00edas para preparar la declaraci\u00f3n del s\u00e1bado.<\/p>\n<p>Fue en Barcelona donde vio por primera vez a Urdangarin, jugador de balonmano del Barcelona y de la selecci\u00f3n espa\u00f1ola.<\/p>\n<p>\u00ab\u00bfQui\u00e9n es ese rubio?\u00bb, pregunt\u00f3 tras un cruce de miradas a principios de los 90 en un centro de entrenamiento de deportistas en las afueras de la ciudad. Suplente en el equipo de vela en los Juegos de Se\u00fal 88, la infanta estaba de visita y en el comedor vio por primera vez a aquel joven alto y apuesto.<\/p>\n<p>En julio de 1996 los presentar\u00edan en los Juegos Ol\u00edmpicos de Atlanta. Y 15 meses despu\u00e9s se casaban en la catedral de Barcelona, un matrimonio del que nacer\u00edan cuatro hijos. Faltaban a\u00fan a\u00f1os para que la pareja hiciera temblar a la monarqu\u00eda espa\u00f1ola.<\/p>\n<p>\u00abSu inocencia pasa obviamente por su fe en el matrimonio y el amor por su marido\u00bb, dec\u00eda hace unas semanas uno de los abogados de la infanta. \u00abCuando una persona est\u00e1 enamorada de otra, conf\u00eda, ha confiado y seguir\u00e1 confiando contra viento y marea en esa persona: amor, matrimonio y desconfianza son absolutamente incompatibles\u00bb.<\/p>\n<p>Es el argumento b\u00e1sico de su defensa. Su marido ya la desvincul\u00f3 de sus negocios ante el juez. Ella no se enteraba de nada, asegur\u00f3. Pese a estar en la junta directiva de N\u00f3os y ser copropietaria de Aizoon. Su papel en el entramado de empresas era \u00abtestimonial\u00bb, dijo.<\/p>\n<p>En todo este tiempo y en medio de rumores de infidelidad por parte de Urdangarin y de una posible separaci\u00f3n -querida u obligada-, Cristina se ha mantenido siempre al lado de su marido.<\/p>\n<p>Cuando a finales de 2011 la Casa del Rey lo apart\u00f3 de la agenda oficial, tambi\u00e9n la apart\u00f3 de facto a ella, fuera del n\u00facleo central.<\/p>\n<p>Podr\u00eda haber quitado presi\u00f3n a la Corona renunciando a sus derechos sucesorios y al t\u00edtulo de duquesa de Palma, pero no lo ha hecho. El final de la historia, sin embargo, est\u00e1 a\u00fan por escribir. Todo puede pasar. Porque su imputaci\u00f3n y su declaraci\u00f3n marcan un antes y un despu\u00e9s en los 38 a\u00f1os de reinado de Juan Carlos I.<\/p>\n<p>Por Sara Barderas<\/p>\n","protected":false},"excerpt":{"rendered":"<p>Palma, 6 feb (dpa) &#8211; La imagen ser\u00e1 ins\u00f3lita y el acontecimiento, hist\u00f3rico. La infanta Cristina de Borb\u00f3n ser\u00e1 interrogada el s\u00e1bado ante el juez como imputada en el caso de corrupci\u00f3n que protagoniza su marido y que ha puesto a la monarqu\u00eda espa\u00f1ola contra las cuerdas. Ser\u00e1 en una sala de vistas de los [&hellip;]<\/p>\n","protected":false},"author":1,"featured_media":1132184,"comment_status":"closed","ping_status":"open","sticky":false,"template":"","format":"standard","meta":{"footnotes":""},"categories":[1],"tags":[],"class_list":["post-485363","post","type-post","status-publish","format-standard","has-post-thumbnail","hentry","category-actualidad"],"aioseo_notices":[],"aioseo_head":"\n\t\t<!-- All in One SEO Pro 5.0.1 - aioseo.com -->\n\t<meta name=\"description\" content=\"Palma, 6 feb (dpa) - La imagen ser\u00e1 ins\u00f3lita y el acontecimiento, hist\u00f3rico. La infanta Cristina de Borb\u00f3n ser\u00e1 interrogada el s\u00e1bado ante el juez como imputada en el caso de corrupci\u00f3n que protagoniza su marido y que ha puesto a la monarqu\u00eda espa\u00f1ola contra las cuerdas. Ser\u00e1 en una sala de vistas de los\" \/>\n\t<meta name=\"robots\" content=\"max-image-preview:large\" \/>\n\t<meta name=\"author\" content=\"El Digital de Asturias\"\/>\n\t<meta name=\"google-site-verification\" content=\"UA-38556648-1\" \/>\n\t<meta name=\"msvalidate.01\" content=\"7dfe9f3f1b24437ab69f4f2559babe99\" \/>\n\t<meta name=\"keywords\" content=\"actualidad\" \/>\n\t<link rel=\"canonical\" href=\"https:\/\/www.eldigitaldeasturias.com\/noticias\/la-infanta-cristina-cara-a-cara-con-el-juez\/\" \/>\n\t<meta name=\"generator\" content=\"All in One SEO Pro (AIOSEO) 5.0.1\" \/>\n\t\t<meta property=\"og:locale\" content=\"es_ES\" \/>\n\t\t<meta property=\"og:site_name\" content=\"El Digital de Asturias\" \/>\n\t\t<meta property=\"og:type\" content=\"article\" \/>\n\t\t<meta property=\"og:title\" content=\"La infanta Cristina, cara a cara con el juez - El Digital de Asturias\" \/>\n\t\t<meta property=\"og:description\" content=\"Palma, 6 feb (dpa) - La imagen ser\u00e1 ins\u00f3lita y el acontecimiento, hist\u00f3rico. La infanta Cristina de Borb\u00f3n ser\u00e1 interrogada el s\u00e1bado ante el juez como imputada en el caso de corrupci\u00f3n que protagoniza su marido y que ha puesto a la monarqu\u00eda espa\u00f1ola contra las cuerdas. Ser\u00e1 en una sala de vistas de los\" \/>\n\t\t<meta property=\"og:url\" content=\"https:\/\/www.eldigitaldeasturias.com\/noticias\/la-infanta-cristina-cara-a-cara-con-el-juez\/\" \/>\n\t\t<meta property=\"og:image\" content=\"https:\/\/www.eldigitaldeasturias.com\/noticias\/wp-content\/uploads\/2026\/06\/Contenidos.jpg\" \/>\n\t\t<meta property=\"og:image:secure_url\" content=\"https:\/\/www.eldigitaldeasturias.com\/noticias\/wp-content\/uploads\/2026\/06\/Contenidos.jpg\" \/>\n\t\t<meta property=\"og:image:width\" content=\"1265\" \/>\n\t\t<meta property=\"og:image:height\" content=\"697\" \/>\n\t\t<meta property=\"article:tag\" content=\"actualidad\" \/>\n\t\t<meta property=\"article:published_time\" content=\"2014-02-07T00:21:26+00:00\" \/>\n\t\t<meta property=\"article:modified_time\" content=\"2014-02-07T00:22:11+00:00\" \/>\n\t\t<meta property=\"article:publisher\" content=\"https:\/\/facebook.com\/eldigitaldeasturias\" \/>\n\t\t<meta name=\"twitter:card\" content=\"summary_large_image\" \/>\n\t\t<meta name=\"twitter:title\" content=\"La infanta Cristina, cara a cara con el juez - El Digital de Asturias\" \/>\n\t\t<meta name=\"twitter:description\" content=\"Palma, 6 feb (dpa) - La imagen ser\u00e1 ins\u00f3lita y el acontecimiento, hist\u00f3rico. La infanta Cristina de Borb\u00f3n ser\u00e1 interrogada el s\u00e1bado ante el juez como imputada en el caso de corrupci\u00f3n que protagoniza su marido y que ha puesto a la monarqu\u00eda espa\u00f1ola contra las cuerdas. Ser\u00e1 en una sala de vistas de los\" \/>\n\t\t<meta name=\"twitter:image\" content=\"https:\/\/www.eldigitaldeasturias.com\/noticias\/wp-content\/uploads\/2026\/06\/Contenidos.jpg\" \/>\n\t\t<meta name=\"twitter:label1\" content=\"Escrito por\" \/>\n\t\t<meta name=\"twitter:data1\" content=\"El Digital de Asturias\" \/>\n\t\t<meta name=\"twitter:label2\" content=\"Tiempo de lectura estimado\" \/>\n\t\t<meta name=\"twitter:data2\" content=\"5 minutos\" \/>\n\t\t<script type=\"application\/ld+json\" class=\"aioseo-schema\">\n\t\t\t{\"@context\":\"https:\\\/\\\/schema.org\",\"@graph\":[{\"@type\":\"BlogPosting\",\"@id\":\"https:\\\/\\\/www.eldigitaldeasturias.com\\\/noticias\\\/la-infanta-cristina-cara-a-cara-con-el-juez\\\/#blogposting\",\"name\":\"La infanta Cristina, cara a cara con el juez - El Digital de Asturias\",\"headline\":\"La infanta Cristina, cara a cara con el juez\",\"author\":{\"@id\":\"https:\\\/\\\/www.eldigitaldeasturias.com\\\/noticias\\\/author\\\/admin\\\/#author\"},\"publisher\":{\"@id\":\"https:\\\/\\\/www.eldigitaldeasturias.com\\\/noticias\\\/#organization\"},\"image\":{\"@type\":\"ImageObject\",\"url\":\"https:\\\/\\\/www.eldigitaldeasturias.com\\\/noticias\\\/wp-content\\\/uploads\\\/2026\\\/06\\\/Contenidos.jpg\",\"width\":1265,\"height\":697,\"caption\":\"Contenidos\"},\"datePublished\":\"2014-02-06T23:21:26+01:00\",\"dateModified\":\"2014-02-06T23:22:11+01:00\",\"inLanguage\":\"es-ES\",\"mainEntityOfPage\":{\"@id\":\"https:\\\/\\\/www.eldigitaldeasturias.com\\\/noticias\\\/la-infanta-cristina-cara-a-cara-con-el-juez\\\/#webpage\"},\"isPartOf\":{\"@id\":\"https:\\\/\\\/www.eldigitaldeasturias.com\\\/noticias\\\/la-infanta-cristina-cara-a-cara-con-el-juez\\\/#webpage\"},\"articleSection\":\"Actualidad\"},{\"@type\":\"BreadcrumbList\",\"@id\":\"https:\\\/\\\/www.eldigitaldeasturias.com\\\/noticias\\\/la-infanta-cristina-cara-a-cara-con-el-juez\\\/#breadcrumblist\",\"itemListElement\":[{\"@type\":\"ListItem\",\"@id\":\"https:\\\/\\\/www.eldigitaldeasturias.com\\\/noticias#listItem\",\"position\":1,\"name\":\"Home\",\"item\":\"https:\\\/\\\/www.eldigitaldeasturias.com\\\/noticias\",\"nextItem\":{\"@type\":\"ListItem\",\"@id\":\"https:\\\/\\\/www.eldigitaldeasturias.com\\\/noticias\\\/category\\\/actualidad\\\/#listItem\",\"name\":\"Actualidad\"}},{\"@type\":\"ListItem\",\"@id\":\"https:\\\/\\\/www.eldigitaldeasturias.com\\\/noticias\\\/category\\\/actualidad\\\/#listItem\",\"position\":2,\"name\":\"Actualidad\",\"item\":\"https:\\\/\\\/www.eldigitaldeasturias.com\\\/noticias\\\/category\\\/actualidad\\\/\",\"nextItem\":{\"@type\":\"ListItem\",\"@id\":\"https:\\\/\\\/www.eldigitaldeasturias.com\\\/noticias\\\/la-infanta-cristina-cara-a-cara-con-el-juez\\\/#listItem\",\"name\":\"La infanta Cristina, cara a cara con el juez\"},\"previousItem\":{\"@type\":\"ListItem\",\"@id\":\"https:\\\/\\\/www.eldigitaldeasturias.com\\\/noticias#listItem\",\"name\":\"Home\"}},{\"@type\":\"ListItem\",\"@id\":\"https:\\\/\\\/www.eldigitaldeasturias.com\\\/noticias\\\/la-infanta-cristina-cara-a-cara-con-el-juez\\\/#listItem\",\"position\":3,\"name\":\"La infanta Cristina, cara a cara con el juez\",\"previousItem\":{\"@type\":\"ListItem\",\"@id\":\"https:\\\/\\\/www.eldigitaldeasturias.com\\\/noticias\\\/category\\\/actualidad\\\/#listItem\",\"name\":\"Actualidad\"}}]},{\"@type\":\"Organization\",\"@id\":\"https:\\\/\\\/www.eldigitaldeasturias.com\\\/noticias\\\/#organization\",\"name\":\"El Digital de Asturias\",\"description\":\"Hemeroteca\",\"url\":\"https:\\\/\\\/www.eldigitaldeasturias.com\\\/noticias\\\/\",\"email\":\"info@eldigitaldeasturias.com\",\"telephone\":\"+34652131393\",\"logo\":{\"@type\":\"ImageObject\",\"url\":\"https:\\\/\\\/www.eldigitaldeasturias.com\\\/noticias\\\/wp-content\\\/uploads\\\/2020\\\/12\\\/EDA.jpg\",\"@id\":\"https:\\\/\\\/www.eldigitaldeasturias.com\\\/noticias\\\/la-infanta-cristina-cara-a-cara-con-el-juez\\\/#organizationLogo\"},\"image\":{\"@id\":\"https:\\\/\\\/www.eldigitaldeasturias.com\\\/noticias\\\/la-infanta-cristina-cara-a-cara-con-el-juez\\\/#organizationLogo\"},\"sameAs\":[\"https:\\\/\\\/facebook.com\\\/eldigitaldeasturias\",\"https:\\\/\\\/www.youtube.com\\\/channel\\\/UCZP-2wLEB9Rv6erhFmqVnvg\"],\"address\":{\"@id\":\"https:\\\/\\\/www.eldigitaldeasturias.com\\\/noticias\\\/#postaladdress\",\"@type\":\"PostalAddress\",\"streetAddress\":\"san antonio 4\",\"postalCode\":\"33430\",\"addressLocality\":\"Cand\\u00e1s\",\"addressRegion\":\"Asturias\",\"addressCountry\":\"ES\"}},{\"@type\":\"Person\",\"@id\":\"https:\\\/\\\/www.eldigitaldeasturias.com\\\/noticias\\\/author\\\/admin\\\/#author\",\"url\":\"https:\\\/\\\/www.eldigitaldeasturias.com\\\/noticias\\\/author\\\/admin\\\/\",\"name\":\"El Digital de Asturias\",\"image\":{\"@type\":\"ImageObject\",\"@id\":\"https:\\\/\\\/www.eldigitaldeasturias.com\\\/noticias\\\/la-infanta-cristina-cara-a-cara-con-el-juez\\\/#authorImage\",\"url\":\"https:\\\/\\\/secure.gravatar.com\\\/avatar\\\/df2aeffc32bcd13f8d26072ef8a91b623d677766deac7f97ca815868cd41bf5e?s=96&d=mm&r=g\",\"width\":96,\"height\":96,\"caption\":\"El Digital de Asturias\"}},{\"@type\":\"WebPage\",\"@id\":\"https:\\\/\\\/www.eldigitaldeasturias.com\\\/noticias\\\/la-infanta-cristina-cara-a-cara-con-el-juez\\\/#webpage\",\"url\":\"https:\\\/\\\/www.eldigitaldeasturias.com\\\/noticias\\\/la-infanta-cristina-cara-a-cara-con-el-juez\\\/\",\"name\":\"La infanta Cristina, cara a cara con el juez - El Digital de Asturias\",\"description\":\"Palma, 6 feb (dpa) - La imagen ser\\u00e1 ins\\u00f3lita y el acontecimiento, hist\\u00f3rico. La infanta Cristina de Borb\\u00f3n ser\\u00e1 interrogada el s\\u00e1bado ante el juez como imputada en el caso de corrupci\\u00f3n que protagoniza su marido y que ha puesto a la monarqu\\u00eda espa\\u00f1ola contra las cuerdas. Ser\\u00e1 en una sala de vistas de los\",\"inLanguage\":\"es-ES\",\"isPartOf\":{\"@id\":\"https:\\\/\\\/www.eldigitaldeasturias.com\\\/noticias\\\/#website\"},\"breadcrumb\":{\"@id\":\"https:\\\/\\\/www.eldigitaldeasturias.com\\\/noticias\\\/la-infanta-cristina-cara-a-cara-con-el-juez\\\/#breadcrumblist\"},\"author\":{\"@id\":\"https:\\\/\\\/www.eldigitaldeasturias.com\\\/noticias\\\/author\\\/admin\\\/#author\"},\"creator\":{\"@id\":\"https:\\\/\\\/www.eldigitaldeasturias.com\\\/noticias\\\/author\\\/admin\\\/#author\"},\"image\":{\"@type\":\"ImageObject\",\"url\":\"https:\\\/\\\/www.eldigitaldeasturias.com\\\/noticias\\\/wp-content\\\/uploads\\\/2026\\\/06\\\/Contenidos.jpg\",\"@id\":\"https:\\\/\\\/www.eldigitaldeasturias.com\\\/noticias\\\/la-infanta-cristina-cara-a-cara-con-el-juez\\\/#mainImage\",\"width\":1265,\"height\":697,\"caption\":\"Contenidos\"},\"primaryImageOfPage\":{\"@id\":\"https:\\\/\\\/www.eldigitaldeasturias.com\\\/noticias\\\/la-infanta-cristina-cara-a-cara-con-el-juez\\\/#mainImage\"},\"datePublished\":\"2014-02-06T23:21:26+01:00\",\"dateModified\":\"2014-02-06T23:22:11+01:00\"},{\"@type\":\"WebSite\",\"@id\":\"https:\\\/\\\/www.eldigitaldeasturias.com\\\/noticias\\\/#website\",\"url\":\"https:\\\/\\\/www.eldigitaldeasturias.com\\\/noticias\\\/\",\"name\":\"El Digital de Asturias - Diario de actualidad y noticias\",\"alternateName\":\"El Digital de Asturias - Diario de actualidad y noticias\",\"description\":\"Hemeroteca\",\"inLanguage\":\"es-ES\",\"publisher\":{\"@id\":\"https:\\\/\\\/www.eldigitaldeasturias.com\\\/noticias\\\/#organization\"}}]}\n\t\t<\/script>\n\t\t<!-- All in One SEO Pro -->\r\n\t\t<title>La infanta Cristina, cara a cara con el juez - El Digital de Asturias<\/title>\n\n","aioseo_head_json":{"title":"La infanta Cristina, cara a cara con el juez - El Digital de Asturias","description":"Palma, 6 feb (dpa) - La imagen ser\u00e1 ins\u00f3lita y el acontecimiento, hist\u00f3rico. La infanta Cristina de Borb\u00f3n ser\u00e1 interrogada el s\u00e1bado ante el juez como imputada en el caso de corrupci\u00f3n que protagoniza su marido y que ha puesto a la monarqu\u00eda espa\u00f1ola contra las cuerdas. Ser\u00e1 en una sala de vistas de los","canonical_url":"https:\/\/www.eldigitaldeasturias.com\/noticias\/la-infanta-cristina-cara-a-cara-con-el-juez\/","robots":"max-image-preview:large","keywords":"actualidad","webmasterTools":{"google-site-verification":"UA-38556648-1","msvalidate.01":"7dfe9f3f1b24437ab69f4f2559babe99","miscellaneous":""},"schema":{"@context":"https:\/\/schema.org","@graph":[{"@type":"BlogPosting","@id":"https:\/\/www.eldigitaldeasturias.com\/noticias\/la-infanta-cristina-cara-a-cara-con-el-juez\/#blogposting","name":"La infanta Cristina, cara a cara con el juez - El Digital de Asturias","headline":"La infanta Cristina, cara a cara con el juez","author":{"@id":"https:\/\/www.eldigitaldeasturias.com\/noticias\/author\/admin\/#author"},"publisher":{"@id":"https:\/\/www.eldigitaldeasturias.com\/noticias\/#organization"},"image":{"@type":"ImageObject","url":"https:\/\/www.eldigitaldeasturias.com\/noticias\/wp-content\/uploads\/2026\/06\/Contenidos.jpg","width":1265,"height":697,"caption":"Contenidos"},"datePublished":"2014-02-06T23:21:26+01:00","dateModified":"2014-02-06T23:22:11+01:00","inLanguage":"es-ES","mainEntityOfPage":{"@id":"https:\/\/www.eldigitaldeasturias.com\/noticias\/la-infanta-cristina-cara-a-cara-con-el-juez\/#webpage"},"isPartOf":{"@id":"https:\/\/www.eldigitaldeasturias.com\/noticias\/la-infanta-cristina-cara-a-cara-con-el-juez\/#webpage"},"articleSection":"Actualidad"},{"@type":"BreadcrumbList","@id":"https:\/\/www.eldigitaldeasturias.com\/noticias\/la-infanta-cristina-cara-a-cara-con-el-juez\/#breadcrumblist","itemListElement":[{"@type":"ListItem","@id":"https:\/\/www.eldigitaldeasturias.com\/noticias#listItem","position":1,"name":"Home","item":"https:\/\/www.eldigitaldeasturias.com\/noticias","nextItem":{"@type":"ListItem","@id":"https:\/\/www.eldigitaldeasturias.com\/noticias\/category\/actualidad\/#listItem","name":"Actualidad"}},{"@type":"ListItem","@id":"https:\/\/www.eldigitaldeasturias.com\/noticias\/category\/actualidad\/#listItem","position":2,"name":"Actualidad","item":"https:\/\/www.eldigitaldeasturias.com\/noticias\/category\/actualidad\/","nextItem":{"@type":"ListItem","@id":"https:\/\/www.eldigitaldeasturias.com\/noticias\/la-infanta-cristina-cara-a-cara-con-el-juez\/#listItem","name":"La infanta Cristina, cara a cara con el juez"},"previousItem":{"@type":"ListItem","@id":"https:\/\/www.eldigitaldeasturias.com\/noticias#listItem","name":"Home"}},{"@type":"ListItem","@id":"https:\/\/www.eldigitaldeasturias.com\/noticias\/la-infanta-cristina-cara-a-cara-con-el-juez\/#listItem","position":3,"name":"La infanta Cristina, cara a cara con el juez","previousItem":{"@type":"ListItem","@id":"https:\/\/www.eldigitaldeasturias.com\/noticias\/category\/actualidad\/#listItem","name":"Actualidad"}}]},{"@type":"Organization","@id":"https:\/\/www.eldigitaldeasturias.com\/noticias\/#organization","name":"El Digital de Asturias","description":"Hemeroteca","url":"https:\/\/www.eldigitaldeasturias.com\/noticias\/","email":"info@eldigitaldeasturias.com","telephone":"+34652131393","logo":{"@type":"ImageObject","url":"https:\/\/www.eldigitaldeasturias.com\/noticias\/wp-content\/uploads\/2020\/12\/EDA.jpg","@id":"https:\/\/www.eldigitaldeasturias.com\/noticias\/la-infanta-cristina-cara-a-cara-con-el-juez\/#organizationLogo"},"image":{"@id":"https:\/\/www.eldigitaldeasturias.com\/noticias\/la-infanta-cristina-cara-a-cara-con-el-juez\/#organizationLogo"},"sameAs":["https:\/\/facebook.com\/eldigitaldeasturias","https:\/\/www.youtube.com\/channel\/UCZP-2wLEB9Rv6erhFmqVnvg"],"address":{"@id":"https:\/\/www.eldigitaldeasturias.com\/noticias\/#postaladdress","@type":"PostalAddress","streetAddress":"san antonio 4","postalCode":"33430","addressLocality":"Cand\u00e1s","addressRegion":"Asturias","addressCountry":"ES"}},{"@type":"Person","@id":"https:\/\/www.eldigitaldeasturias.com\/noticias\/author\/admin\/#author","url":"https:\/\/www.eldigitaldeasturias.com\/noticias\/author\/admin\/","name":"El Digital de Asturias","image":{"@type":"ImageObject","@id":"https:\/\/www.eldigitaldeasturias.com\/noticias\/la-infanta-cristina-cara-a-cara-con-el-juez\/#authorImage","url":"https:\/\/secure.gravatar.com\/avatar\/df2aeffc32bcd13f8d26072ef8a91b623d677766deac7f97ca815868cd41bf5e?s=96&d=mm&r=g","width":96,"height":96,"caption":"El Digital de Asturias"}},{"@type":"WebPage","@id":"https:\/\/www.eldigitaldeasturias.com\/noticias\/la-infanta-cristina-cara-a-cara-con-el-juez\/#webpage","url":"https:\/\/www.eldigitaldeasturias.com\/noticias\/la-infanta-cristina-cara-a-cara-con-el-juez\/","name":"La infanta Cristina, cara a cara con el juez - El Digital de Asturias","description":"Palma, 6 feb (dpa) - La imagen ser\u00e1 ins\u00f3lita y el acontecimiento, hist\u00f3rico. La infanta Cristina de Borb\u00f3n ser\u00e1 interrogada el s\u00e1bado ante el juez como imputada en el caso de corrupci\u00f3n que protagoniza su marido y que ha puesto a la monarqu\u00eda espa\u00f1ola contra las cuerdas. Ser\u00e1 en una sala de vistas de los","inLanguage":"es-ES","isPartOf":{"@id":"https:\/\/www.eldigitaldeasturias.com\/noticias\/#website"},"breadcrumb":{"@id":"https:\/\/www.eldigitaldeasturias.com\/noticias\/la-infanta-cristina-cara-a-cara-con-el-juez\/#breadcrumblist"},"author":{"@id":"https:\/\/www.eldigitaldeasturias.com\/noticias\/author\/admin\/#author"},"creator":{"@id":"https:\/\/www.eldigitaldeasturias.com\/noticias\/author\/admin\/#author"},"image":{"@type":"ImageObject","url":"https:\/\/www.eldigitaldeasturias.com\/noticias\/wp-content\/uploads\/2026\/06\/Contenidos.jpg","@id":"https:\/\/www.eldigitaldeasturias.com\/noticias\/la-infanta-cristina-cara-a-cara-con-el-juez\/#mainImage","width":1265,"height":697,"caption":"Contenidos"},"primaryImageOfPage":{"@id":"https:\/\/www.eldigitaldeasturias.com\/noticias\/la-infanta-cristina-cara-a-cara-con-el-juez\/#mainImage"},"datePublished":"2014-02-06T23:21:26+01:00","dateModified":"2014-02-06T23:22:11+01:00"},{"@type":"WebSite","@id":"https:\/\/www.eldigitaldeasturias.com\/noticias\/#website","url":"https:\/\/www.eldigitaldeasturias.com\/noticias\/","name":"El Digital de Asturias - Diario de actualidad y noticias","alternateName":"El Digital de Asturias - Diario de actualidad y noticias","description":"Hemeroteca","inLanguage":"es-ES","publisher":{"@id":"https:\/\/www.eldigitaldeasturias.com\/noticias\/#organization"}}]},"og:locale":"es_ES","og:site_name":"El Digital de Asturias","og:type":"article","og:title":"La infanta Cristina, cara a cara con el juez - El Digital de Asturias","og:description":"Palma, 6 feb (dpa) - La imagen ser\u00e1 ins\u00f3lita y el acontecimiento, hist\u00f3rico. La infanta Cristina de Borb\u00f3n ser\u00e1 interrogada el s\u00e1bado ante el juez como imputada en el caso de corrupci\u00f3n que protagoniza su marido y que ha puesto a la monarqu\u00eda espa\u00f1ola contra las cuerdas. Ser\u00e1 en una sala de vistas de los","og:url":"https:\/\/www.eldigitaldeasturias.com\/noticias\/la-infanta-cristina-cara-a-cara-con-el-juez\/","og:image":"https:\/\/www.eldigitaldeasturias.com\/noticias\/wp-content\/uploads\/2026\/06\/Contenidos.jpg","og:image:secure_url":"https:\/\/www.eldigitaldeasturias.com\/noticias\/wp-content\/uploads\/2026\/06\/Contenidos.jpg","og:image:width":1265,"og:image:height":697,"article:tag":["actualidad"],"article:published_time":"2014-02-07T00:21:26+00:00","article:modified_time":"2014-02-07T00:22:11+00:00","article:publisher":"https:\/\/facebook.com\/eldigitaldeasturias","twitter:card":"summary_large_image","twitter:title":"La infanta Cristina, cara a cara con el juez - El Digital de Asturias","twitter:description":"Palma, 6 feb (dpa) - La imagen ser\u00e1 ins\u00f3lita y el acontecimiento, hist\u00f3rico. La infanta Cristina de Borb\u00f3n ser\u00e1 interrogada el s\u00e1bado ante el juez como imputada en el caso de corrupci\u00f3n que protagoniza su marido y que ha puesto a la monarqu\u00eda espa\u00f1ola contra las cuerdas. Ser\u00e1 en una sala de vistas de los","twitter:image":"https:\/\/www.eldigitaldeasturias.com\/noticias\/wp-content\/uploads\/2026\/06\/Contenidos.jpg","twitter:label1":"Escrito por","twitter:data1":"El Digital de Asturias","twitter:label2":"Tiempo de lectura estimado","twitter:data2":"5 minutos"},"aioseo_meta_data":{"post_id":"485363","title":null,"description":null,"keywords":null,"keyphrases":null,"primary_term":null,"canonical_url":null,"og_title":null,"og_description":null,"og_object_type":"default","og_image_type":"default","og_image_url":null,"og_image_width":null,"og_image_height":null,"og_image_custom_url":null,"og_image_custom_fields":null,"og_video":null,"og_custom_url":null,"og_article_section":null,"og_article_tags":null,"twitter_use_og":true,"twitter_card":"default","twitter_image_type":"default","twitter_image_url":null,"twitter_image_custom_url":null,"twitter_image_custom_fields":null,"twitter_title":null,"twitter_description":null,"schema":{"blockGraphs":[],"customGraphs":[],"default":{"data":{"Article":[],"Course":[],"Dataset":[],"FAQPage":[],"Movie":[],"Person":[],"Product":[],"ProductReview":[],"Car":[],"Recipe":[],"Service":[],"SoftwareApplication":[],"WebPage":[]},"graphName":"","isEnabled":true},"graphs":[],"defaultGraph":"","defaultPostTypeGraph":""},"schema_type":null,"schema_type_options":null,"pillar_content":false,"robots_default":true,"robots_noindex":false,"robots_noarchive":false,"robots_nosnippet":false,"robots_nofollow":false,"robots_noimageindex":false,"robots_noodp":false,"robots_notranslate":false,"robots_max_snippet":null,"robots_max_videopreview":null,"robots_max_imagepreview":"none","priority":null,"frequency":null,"local_seo":null,"seo_analyzer_scan_date":"2026-06-02 19:57:53","breadcrumb_settings":null,"limit_modified_date":false,"open_ai":null,"ai":null,"created":"2020-11-14 22:55:14","updated":"2026-06-02 19:57:53","focus_keyword":null,"additional_keywords":null,"truseo_locale":null},"aioseo_breadcrumb":"<div class=\"aioseo-breadcrumbs\"><span class=\"aioseo-breadcrumb\">\n\t<a href=\"https:\/\/www.eldigitaldeasturias.com\/noticias\" title=\"Home\">Home<\/a>\n<\/span><span class=\"aioseo-breadcrumb-separator\">\u2013<\/span><span class=\"aioseo-breadcrumb\">\n\t<a href=\"https:\/\/www.eldigitaldeasturias.com\/noticias\/category\/actualidad\/\" title=\"Actualidad\">Actualidad<\/a>\n<\/span><span class=\"aioseo-breadcrumb-separator\">\u2013<\/span><span class=\"aioseo-breadcrumb\">\n\t<a href=\"https:\/\/www.eldigitaldeasturias.com\/noticias\/la-infanta-cristina-cara-a-cara-con-el-juez\/\" title=\"La infanta Cristina, cara a cara con el juez\">La infanta Cristina, cara a cara con el juez<\/a>\n<\/span><\/div>","aioseo_breadcrumb_json":[{"label":"Home","link":"https:\/\/www.eldigitaldeasturias.com\/noticias"},{"label":"Actualidad","link":"https:\/\/www.eldigitaldeasturias.com\/noticias\/category\/actualidad\/"},{"label":"La infanta Cristina, cara a cara con el juez","link":"https:\/\/www.eldigitaldeasturias.com\/noticias\/la-infanta-cristina-cara-a-cara-con-el-juez\/"}],"_links":{"self":[{"href":"https:\/\/www.eldigitaldeasturias.com\/noticias\/wp-json\/wp\/v2\/posts\/485363","targetHints":{"allow":["GET"]}}],"collection":[{"href":"https:\/\/www.eldigitaldeasturias.com\/noticias\/wp-json\/wp\/v2\/posts"}],"about":[{"href":"https:\/\/www.eldigitaldeasturias.com\/noticias\/wp-json\/wp\/v2\/types\/post"}],"author":[{"embeddable":true,"href":"https:\/\/www.eldigitaldeasturias.com\/noticias\/wp-json\/wp\/v2\/users\/1"}],"replies":[{"embeddable":true,"href":"https:\/\/www.eldigitaldeasturias.com\/noticias\/wp-json\/wp\/v2\/comments?post=485363"}],"version-history":[{"count":0,"href":"https:\/\/www.eldigitaldeasturias.com\/noticias\/wp-json\/wp\/v2\/posts\/485363\/revisions"}],"wp:featuredmedia":[{"embeddable":true,"href":"https:\/\/www.eldigitaldeasturias.com\/noticias\/wp-json\/wp\/v2\/media\/1132184"}],"wp:attachment":[{"href":"https:\/\/www.eldigitaldeasturias.com\/noticias\/wp-json\/wp\/v2\/media?parent=485363"}],"wp:term":[{"taxonomy":"category","embeddable":true,"href":"https:\/\/www.eldigitaldeasturias.com\/noticias\/wp-json\/wp\/v2\/categories?post=485363"},{"taxonomy":"post_tag","embeddable":true,"href":"https:\/\/www.eldigitaldeasturias.com\/noticias\/wp-json\/wp\/v2\/tags?post=485363"}],"curies":[{"name":"wp","href":"https:\/\/api.w.org\/{rel}","templated":true}]}}