{"id":485361,"date":"2014-02-06T23:19:07","date_gmt":"2014-02-07T00:19:07","guid":{"rendered":"http:\/\/www.eldigitaldeasturias.com\/noticias\/?p=485361"},"modified":"2014-02-06T23:19:07","modified_gmt":"2014-02-07T00:19:07","slug":"fernando-alonso-viaja-a-dubai-para-negociar-sobre-el-equipo-de-ciclismo","status":"publish","type":"post","link":"https:\/\/www.eldigitaldeasturias.com\/noticias\/fernando-alonso-viaja-a-dubai-para-negociar-sobre-el-equipo-de-ciclismo\/","title":{"rendered":"Fernando Alonso viaja a Dubai para negociar sobre el equipo de ciclismo"},"content":{"rendered":"<p><img loading=\"lazy\" decoding=\"async\" class=\"alignleft size-medium wp-image-1318\" alt=\"alonso\" src=\"https:\/\/www.eldigitaldeasturias.com\/noticias\/wp-content\/uploads\/2013\/09\/alonso-212x320.jpg\" width=\"212\" height=\"320\" \/>Dubai, 6 feb (dpa) &#8211; El piloto espa\u00f1ol de F\u00f3rmula 1 Fernando Alonso viaj\u00f3 a Dubai para negociaciones sobre la creaci\u00f3n de su previsto equipo de ciclismo en el emirato, FACT.<\/p>\n<p>El doble campe\u00f3n mundial de F\u00f3rmula 1, un fan declarado del ciclismo, asisti\u00f3 hoy al Tour de Dubai, donde se fotografi\u00f3 al lado del primer l\u00edder del torneo, el estadounidense Taylor Phinney.<\/p>\n<p>\u00abAqu\u00ed con el primer l\u00edder del @dubaitour, @taylorphinney\u00bb, public\u00f3 Alonso en su Twitter. \u00abListo para disfrutar la etapa desde el auto\u00bb, brome\u00f3.<\/p>\n<p>El Tour de Dubai empez\u00f3 el mi\u00e9rcoles y termina el 8 de febrero, con un total de cuatro etapas en 416,9 kil\u00f3metros.<\/p>\n<p>Alonso est\u00e1 en el emirato tambi\u00e9n para preparar la creaci\u00f3n de FACT, anunciada despu\u00e9s de que fracasara su proyecto de comprar el equipo espa\u00f1ol de ciclismo Euskatel.<\/p>\n<p>\u00abCuando haya novedades las dar\u00e9 a conocer\u00bb, coment\u00f3 hoy \u00fanicamente Alonso en el arranque de la segunda etapa del Tour de Dubai.<\/p>\n<p>El ciclismo ha ganado popularidad en el emirato. Algunos medios especulan con que la aerol\u00ednea Emirates, sponsor del Tour en Dubai, podr\u00eda estar interesada tambi\u00e9n en patrocinar al equipo de Alonso.<\/p>\n<p>El portavoz de Emirates, Boutros Boutros, no ha comentado hasta ahora los rumores. Los expertos consideran que la compa\u00f1\u00eda quiere esperar para ver la resonancia del Tour en el emirato.<\/p>\n","protected":false},"excerpt":{"rendered":"<p>Dubai, 6 feb (dpa) &#8211; El piloto espa\u00f1ol de F\u00f3rmula 1 Fernando Alonso viaj\u00f3 a Dubai para negociaciones sobre la creaci\u00f3n de su previsto equipo de ciclismo en el emirato, FACT. El doble campe\u00f3n mundial de F\u00f3rmula 1, un fan declarado del ciclismo, asisti\u00f3 hoy al Tour de Dubai, donde se fotografi\u00f3 al lado del [&hellip;]<\/p>\n","protected":false},"author":1,"featured_media":1132184,"comment_status":"closed","ping_status":"open","sticky":false,"template":"","format":"standard","meta":{"footnotes":""},"categories":[1],"tags":[],"class_list":["post-485361","post","type-post","status-publish","format-standard","has-post-thumbnail","hentry","category-actualidad"],"aioseo_notices":[],"aioseo_head":"\n\t\t<!-- All in One SEO Pro 5.0.1 - aioseo.com -->\n\t<meta name=\"description\" content=\"Dubai, 6 feb (dpa) - El piloto espa\u00f1ol de F\u00f3rmula 1 Fernando Alonso viaj\u00f3 a Dubai para negociaciones sobre la creaci\u00f3n de su previsto equipo de ciclismo en el emirato, FACT. El doble campe\u00f3n mundial de F\u00f3rmula 1, un fan declarado del ciclismo, asisti\u00f3 hoy al Tour de Dubai, donde se fotografi\u00f3 al lado del\" \/>\n\t<meta name=\"robots\" content=\"max-image-preview:large\" \/>\n\t<meta name=\"author\" content=\"El Digital de Asturias\"\/>\n\t<meta name=\"google-site-verification\" content=\"UA-38556648-1\" \/>\n\t<meta name=\"msvalidate.01\" content=\"7dfe9f3f1b24437ab69f4f2559babe99\" \/>\n\t<meta name=\"keywords\" content=\"actualidad\" \/>\n\t<link rel=\"canonical\" href=\"https:\/\/www.eldigitaldeasturias.com\/noticias\/fernando-alonso-viaja-a-dubai-para-negociar-sobre-el-equipo-de-ciclismo\/\" \/>\n\t<meta name=\"generator\" content=\"All in One SEO Pro (AIOSEO) 5.0.1\" \/>\n\t\t<meta property=\"og:locale\" content=\"es_ES\" \/>\n\t\t<meta property=\"og:site_name\" content=\"El Digital de Asturias\" \/>\n\t\t<meta property=\"og:type\" content=\"article\" \/>\n\t\t<meta property=\"og:title\" content=\"Fernando Alonso viaja a Dubai para negociar sobre el equipo de ciclismo - El Digital de Asturias\" \/>\n\t\t<meta property=\"og:description\" content=\"Dubai, 6 feb (dpa) - El piloto espa\u00f1ol de F\u00f3rmula 1 Fernando Alonso viaj\u00f3 a Dubai para negociaciones sobre la creaci\u00f3n de su previsto equipo de ciclismo en el emirato, FACT. El doble campe\u00f3n mundial de F\u00f3rmula 1, un fan declarado del ciclismo, asisti\u00f3 hoy al Tour de Dubai, donde se fotografi\u00f3 al lado del\" \/>\n\t\t<meta property=\"og:url\" content=\"https:\/\/www.eldigitaldeasturias.com\/noticias\/fernando-alonso-viaja-a-dubai-para-negociar-sobre-el-equipo-de-ciclismo\/\" \/>\n\t\t<meta property=\"og:image\" content=\"https:\/\/www.eldigitaldeasturias.com\/noticias\/wp-content\/uploads\/2026\/06\/Contenidos.jpg\" \/>\n\t\t<meta property=\"og:image:secure_url\" content=\"https:\/\/www.eldigitaldeasturias.com\/noticias\/wp-content\/uploads\/2026\/06\/Contenidos.jpg\" \/>\n\t\t<meta property=\"og:image:width\" content=\"1265\" \/>\n\t\t<meta property=\"og:image:height\" content=\"697\" \/>\n\t\t<meta property=\"article:tag\" content=\"actualidad\" \/>\n\t\t<meta property=\"article:published_time\" content=\"2014-02-07T00:19:07+00:00\" \/>\n\t\t<meta property=\"article:modified_time\" content=\"2014-02-07T00:19:07+00:00\" \/>\n\t\t<meta property=\"article:publisher\" content=\"https:\/\/facebook.com\/eldigitaldeasturias\" \/>\n\t\t<meta name=\"twitter:card\" content=\"summary_large_image\" \/>\n\t\t<meta name=\"twitter:title\" content=\"Fernando Alonso viaja a Dubai para negociar sobre el equipo de ciclismo - El Digital de Asturias\" \/>\n\t\t<meta name=\"twitter:description\" content=\"Dubai, 6 feb (dpa) - El piloto espa\u00f1ol de F\u00f3rmula 1 Fernando Alonso viaj\u00f3 a Dubai para negociaciones sobre la creaci\u00f3n de su previsto equipo de ciclismo en el emirato, FACT. El doble campe\u00f3n mundial de F\u00f3rmula 1, un fan declarado del ciclismo, asisti\u00f3 hoy al Tour de Dubai, donde se fotografi\u00f3 al lado del\" \/>\n\t\t<meta name=\"twitter:image\" content=\"https:\/\/www.eldigitaldeasturias.com\/noticias\/wp-content\/uploads\/2026\/06\/Contenidos.jpg\" \/>\n\t\t<meta name=\"twitter:label1\" content=\"Escrito por\" \/>\n\t\t<meta name=\"twitter:data1\" content=\"El Digital de Asturias\" \/>\n\t\t<meta name=\"twitter:label2\" content=\"Tiempo de lectura estimado\" \/>\n\t\t<meta name=\"twitter:data2\" content=\"1 minuto\" \/>\n\t\t<script type=\"application\/ld+json\" class=\"aioseo-schema\">\n\t\t\t{\"@context\":\"https:\\\/\\\/schema.org\",\"@graph\":[{\"@type\":\"BlogPosting\",\"@id\":\"https:\\\/\\\/www.eldigitaldeasturias.com\\\/noticias\\\/fernando-alonso-viaja-a-dubai-para-negociar-sobre-el-equipo-de-ciclismo\\\/#blogposting\",\"name\":\"Fernando Alonso viaja a Dubai para negociar sobre el equipo de ciclismo - El Digital de Asturias\",\"headline\":\"Fernando Alonso viaja a Dubai para negociar sobre el equipo de ciclismo\",\"author\":{\"@id\":\"https:\\\/\\\/www.eldigitaldeasturias.com\\\/noticias\\\/author\\\/admin\\\/#author\"},\"publisher\":{\"@id\":\"https:\\\/\\\/www.eldigitaldeasturias.com\\\/noticias\\\/#organization\"},\"image\":{\"@type\":\"ImageObject\",\"url\":\"https:\\\/\\\/www.eldigitaldeasturias.com\\\/noticias\\\/wp-content\\\/uploads\\\/2026\\\/06\\\/Contenidos.jpg\",\"width\":1265,\"height\":697,\"caption\":\"Contenidos\"},\"datePublished\":\"2014-02-06T23:19:07+01:00\",\"dateModified\":\"2014-02-06T23:19:07+01:00\",\"inLanguage\":\"es-ES\",\"mainEntityOfPage\":{\"@id\":\"https:\\\/\\\/www.eldigitaldeasturias.com\\\/noticias\\\/fernando-alonso-viaja-a-dubai-para-negociar-sobre-el-equipo-de-ciclismo\\\/#webpage\"},\"isPartOf\":{\"@id\":\"https:\\\/\\\/www.eldigitaldeasturias.com\\\/noticias\\\/fernando-alonso-viaja-a-dubai-para-negociar-sobre-el-equipo-de-ciclismo\\\/#webpage\"},\"articleSection\":\"Actualidad\"},{\"@type\":\"BreadcrumbList\",\"@id\":\"https:\\\/\\\/www.eldigitaldeasturias.com\\\/noticias\\\/fernando-alonso-viaja-a-dubai-para-negociar-sobre-el-equipo-de-ciclismo\\\/#breadcrumblist\",\"itemListElement\":[{\"@type\":\"ListItem\",\"@id\":\"https:\\\/\\\/www.eldigitaldeasturias.com\\\/noticias#listItem\",\"position\":1,\"name\":\"Home\",\"item\":\"https:\\\/\\\/www.eldigitaldeasturias.com\\\/noticias\",\"nextItem\":{\"@type\":\"ListItem\",\"@id\":\"https:\\\/\\\/www.eldigitaldeasturias.com\\\/noticias\\\/category\\\/actualidad\\\/#listItem\",\"name\":\"Actualidad\"}},{\"@type\":\"ListItem\",\"@id\":\"https:\\\/\\\/www.eldigitaldeasturias.com\\\/noticias\\\/category\\\/actualidad\\\/#listItem\",\"position\":2,\"name\":\"Actualidad\",\"item\":\"https:\\\/\\\/www.eldigitaldeasturias.com\\\/noticias\\\/category\\\/actualidad\\\/\",\"nextItem\":{\"@type\":\"ListItem\",\"@id\":\"https:\\\/\\\/www.eldigitaldeasturias.com\\\/noticias\\\/fernando-alonso-viaja-a-dubai-para-negociar-sobre-el-equipo-de-ciclismo\\\/#listItem\",\"name\":\"Fernando Alonso viaja a Dubai para negociar sobre el equipo de ciclismo\"},\"previousItem\":{\"@type\":\"ListItem\",\"@id\":\"https:\\\/\\\/www.eldigitaldeasturias.com\\\/noticias#listItem\",\"name\":\"Home\"}},{\"@type\":\"ListItem\",\"@id\":\"https:\\\/\\\/www.eldigitaldeasturias.com\\\/noticias\\\/fernando-alonso-viaja-a-dubai-para-negociar-sobre-el-equipo-de-ciclismo\\\/#listItem\",\"position\":3,\"name\":\"Fernando Alonso viaja a Dubai para negociar sobre el equipo de ciclismo\",\"previousItem\":{\"@type\":\"ListItem\",\"@id\":\"https:\\\/\\\/www.eldigitaldeasturias.com\\\/noticias\\\/category\\\/actualidad\\\/#listItem\",\"name\":\"Actualidad\"}}]},{\"@type\":\"Organization\",\"@id\":\"https:\\\/\\\/www.eldigitaldeasturias.com\\\/noticias\\\/#organization\",\"name\":\"El Digital de Asturias\",\"description\":\"Hemeroteca\",\"url\":\"https:\\\/\\\/www.eldigitaldeasturias.com\\\/noticias\\\/\",\"email\":\"info@eldigitaldeasturias.com\",\"telephone\":\"+34652131393\",\"logo\":{\"@type\":\"ImageObject\",\"url\":\"https:\\\/\\\/www.eldigitaldeasturias.com\\\/noticias\\\/wp-content\\\/uploads\\\/2020\\\/12\\\/EDA.jpg\",\"@id\":\"https:\\\/\\\/www.eldigitaldeasturias.com\\\/noticias\\\/fernando-alonso-viaja-a-dubai-para-negociar-sobre-el-equipo-de-ciclismo\\\/#organizationLogo\"},\"image\":{\"@id\":\"https:\\\/\\\/www.eldigitaldeasturias.com\\\/noticias\\\/fernando-alonso-viaja-a-dubai-para-negociar-sobre-el-equipo-de-ciclismo\\\/#organizationLogo\"},\"sameAs\":[\"https:\\\/\\\/facebook.com\\\/eldigitaldeasturias\",\"https:\\\/\\\/www.youtube.com\\\/channel\\\/UCZP-2wLEB9Rv6erhFmqVnvg\"],\"address\":{\"@id\":\"https:\\\/\\\/www.eldigitaldeasturias.com\\\/noticias\\\/#postaladdress\",\"@type\":\"PostalAddress\",\"streetAddress\":\"san antonio 4\",\"postalCode\":\"33430\",\"addressLocality\":\"Cand\\u00e1s\",\"addressRegion\":\"Asturias\",\"addressCountry\":\"ES\"}},{\"@type\":\"Person\",\"@id\":\"https:\\\/\\\/www.eldigitaldeasturias.com\\\/noticias\\\/author\\\/admin\\\/#author\",\"url\":\"https:\\\/\\\/www.eldigitaldeasturias.com\\\/noticias\\\/author\\\/admin\\\/\",\"name\":\"El Digital de Asturias\",\"image\":{\"@type\":\"ImageObject\",\"@id\":\"https:\\\/\\\/www.eldigitaldeasturias.com\\\/noticias\\\/fernando-alonso-viaja-a-dubai-para-negociar-sobre-el-equipo-de-ciclismo\\\/#authorImage\",\"url\":\"https:\\\/\\\/secure.gravatar.com\\\/avatar\\\/df2aeffc32bcd13f8d26072ef8a91b623d677766deac7f97ca815868cd41bf5e?s=96&d=mm&r=g\",\"width\":96,\"height\":96,\"caption\":\"El Digital de Asturias\"}},{\"@type\":\"WebPage\",\"@id\":\"https:\\\/\\\/www.eldigitaldeasturias.com\\\/noticias\\\/fernando-alonso-viaja-a-dubai-para-negociar-sobre-el-equipo-de-ciclismo\\\/#webpage\",\"url\":\"https:\\\/\\\/www.eldigitaldeasturias.com\\\/noticias\\\/fernando-alonso-viaja-a-dubai-para-negociar-sobre-el-equipo-de-ciclismo\\\/\",\"name\":\"Fernando Alonso viaja a Dubai para negociar sobre el equipo de ciclismo - El Digital de Asturias\",\"description\":\"Dubai, 6 feb (dpa) - El piloto espa\\u00f1ol de F\\u00f3rmula 1 Fernando Alonso viaj\\u00f3 a Dubai para negociaciones sobre la creaci\\u00f3n de su previsto equipo de ciclismo en el emirato, FACT. El doble campe\\u00f3n mundial de F\\u00f3rmula 1, un fan declarado del ciclismo, asisti\\u00f3 hoy al Tour de Dubai, donde se fotografi\\u00f3 al lado del\",\"inLanguage\":\"es-ES\",\"isPartOf\":{\"@id\":\"https:\\\/\\\/www.eldigitaldeasturias.com\\\/noticias\\\/#website\"},\"breadcrumb\":{\"@id\":\"https:\\\/\\\/www.eldigitaldeasturias.com\\\/noticias\\\/fernando-alonso-viaja-a-dubai-para-negociar-sobre-el-equipo-de-ciclismo\\\/#breadcrumblist\"},\"author\":{\"@id\":\"https:\\\/\\\/www.eldigitaldeasturias.com\\\/noticias\\\/author\\\/admin\\\/#author\"},\"creator\":{\"@id\":\"https:\\\/\\\/www.eldigitaldeasturias.com\\\/noticias\\\/author\\\/admin\\\/#author\"},\"image\":{\"@type\":\"ImageObject\",\"url\":\"https:\\\/\\\/www.eldigitaldeasturias.com\\\/noticias\\\/wp-content\\\/uploads\\\/2026\\\/06\\\/Contenidos.jpg\",\"@id\":\"https:\\\/\\\/www.eldigitaldeasturias.com\\\/noticias\\\/fernando-alonso-viaja-a-dubai-para-negociar-sobre-el-equipo-de-ciclismo\\\/#mainImage\",\"width\":1265,\"height\":697,\"caption\":\"Contenidos\"},\"primaryImageOfPage\":{\"@id\":\"https:\\\/\\\/www.eldigitaldeasturias.com\\\/noticias\\\/fernando-alonso-viaja-a-dubai-para-negociar-sobre-el-equipo-de-ciclismo\\\/#mainImage\"},\"datePublished\":\"2014-02-06T23:19:07+01:00\",\"dateModified\":\"2014-02-06T23:19:07+01:00\"},{\"@type\":\"WebSite\",\"@id\":\"https:\\\/\\\/www.eldigitaldeasturias.com\\\/noticias\\\/#website\",\"url\":\"https:\\\/\\\/www.eldigitaldeasturias.com\\\/noticias\\\/\",\"name\":\"El Digital de Asturias - Diario de actualidad y noticias\",\"alternateName\":\"El Digital de Asturias - Diario de actualidad y noticias\",\"description\":\"Hemeroteca\",\"inLanguage\":\"es-ES\",\"publisher\":{\"@id\":\"https:\\\/\\\/www.eldigitaldeasturias.com\\\/noticias\\\/#organization\"}}]}\n\t\t<\/script>\n\t\t<!-- All in One SEO Pro -->\r\n\t\t<title>Fernando Alonso viaja a Dubai para negociar sobre el equipo de ciclismo - El Digital de Asturias<\/title>\n\n","aioseo_head_json":{"title":"Fernando Alonso viaja a Dubai para negociar sobre el equipo de ciclismo - El Digital de Asturias","description":"Dubai, 6 feb (dpa) - El piloto espa\u00f1ol de F\u00f3rmula 1 Fernando Alonso viaj\u00f3 a Dubai para negociaciones sobre la creaci\u00f3n de su previsto equipo de ciclismo en el emirato, FACT. El doble campe\u00f3n mundial de F\u00f3rmula 1, un fan declarado del ciclismo, asisti\u00f3 hoy al Tour de Dubai, donde se fotografi\u00f3 al lado del","canonical_url":"https:\/\/www.eldigitaldeasturias.com\/noticias\/fernando-alonso-viaja-a-dubai-para-negociar-sobre-el-equipo-de-ciclismo\/","robots":"max-image-preview:large","keywords":"actualidad","webmasterTools":{"google-site-verification":"UA-38556648-1","msvalidate.01":"7dfe9f3f1b24437ab69f4f2559babe99","miscellaneous":""},"schema":{"@context":"https:\/\/schema.org","@graph":[{"@type":"BlogPosting","@id":"https:\/\/www.eldigitaldeasturias.com\/noticias\/fernando-alonso-viaja-a-dubai-para-negociar-sobre-el-equipo-de-ciclismo\/#blogposting","name":"Fernando Alonso viaja a Dubai para negociar sobre el equipo de ciclismo - El Digital de Asturias","headline":"Fernando Alonso viaja a Dubai para negociar sobre el equipo de ciclismo","author":{"@id":"https:\/\/www.eldigitaldeasturias.com\/noticias\/author\/admin\/#author"},"publisher":{"@id":"https:\/\/www.eldigitaldeasturias.com\/noticias\/#organization"},"image":{"@type":"ImageObject","url":"https:\/\/www.eldigitaldeasturias.com\/noticias\/wp-content\/uploads\/2026\/06\/Contenidos.jpg","width":1265,"height":697,"caption":"Contenidos"},"datePublished":"2014-02-06T23:19:07+01:00","dateModified":"2014-02-06T23:19:07+01:00","inLanguage":"es-ES","mainEntityOfPage":{"@id":"https:\/\/www.eldigitaldeasturias.com\/noticias\/fernando-alonso-viaja-a-dubai-para-negociar-sobre-el-equipo-de-ciclismo\/#webpage"},"isPartOf":{"@id":"https:\/\/www.eldigitaldeasturias.com\/noticias\/fernando-alonso-viaja-a-dubai-para-negociar-sobre-el-equipo-de-ciclismo\/#webpage"},"articleSection":"Actualidad"},{"@type":"BreadcrumbList","@id":"https:\/\/www.eldigitaldeasturias.com\/noticias\/fernando-alonso-viaja-a-dubai-para-negociar-sobre-el-equipo-de-ciclismo\/#breadcrumblist","itemListElement":[{"@type":"ListItem","@id":"https:\/\/www.eldigitaldeasturias.com\/noticias#listItem","position":1,"name":"Home","item":"https:\/\/www.eldigitaldeasturias.com\/noticias","nextItem":{"@type":"ListItem","@id":"https:\/\/www.eldigitaldeasturias.com\/noticias\/category\/actualidad\/#listItem","name":"Actualidad"}},{"@type":"ListItem","@id":"https:\/\/www.eldigitaldeasturias.com\/noticias\/category\/actualidad\/#listItem","position":2,"name":"Actualidad","item":"https:\/\/www.eldigitaldeasturias.com\/noticias\/category\/actualidad\/","nextItem":{"@type":"ListItem","@id":"https:\/\/www.eldigitaldeasturias.com\/noticias\/fernando-alonso-viaja-a-dubai-para-negociar-sobre-el-equipo-de-ciclismo\/#listItem","name":"Fernando Alonso viaja a Dubai para negociar sobre el equipo de ciclismo"},"previousItem":{"@type":"ListItem","@id":"https:\/\/www.eldigitaldeasturias.com\/noticias#listItem","name":"Home"}},{"@type":"ListItem","@id":"https:\/\/www.eldigitaldeasturias.com\/noticias\/fernando-alonso-viaja-a-dubai-para-negociar-sobre-el-equipo-de-ciclismo\/#listItem","position":3,"name":"Fernando Alonso viaja a Dubai para negociar sobre el equipo de ciclismo","previousItem":{"@type":"ListItem","@id":"https:\/\/www.eldigitaldeasturias.com\/noticias\/category\/actualidad\/#listItem","name":"Actualidad"}}]},{"@type":"Organization","@id":"https:\/\/www.eldigitaldeasturias.com\/noticias\/#organization","name":"El Digital de Asturias","description":"Hemeroteca","url":"https:\/\/www.eldigitaldeasturias.com\/noticias\/","email":"info@eldigitaldeasturias.com","telephone":"+34652131393","logo":{"@type":"ImageObject","url":"https:\/\/www.eldigitaldeasturias.com\/noticias\/wp-content\/uploads\/2020\/12\/EDA.jpg","@id":"https:\/\/www.eldigitaldeasturias.com\/noticias\/fernando-alonso-viaja-a-dubai-para-negociar-sobre-el-equipo-de-ciclismo\/#organizationLogo"},"image":{"@id":"https:\/\/www.eldigitaldeasturias.com\/noticias\/fernando-alonso-viaja-a-dubai-para-negociar-sobre-el-equipo-de-ciclismo\/#organizationLogo"},"sameAs":["https:\/\/facebook.com\/eldigitaldeasturias","https:\/\/www.youtube.com\/channel\/UCZP-2wLEB9Rv6erhFmqVnvg"],"address":{"@id":"https:\/\/www.eldigitaldeasturias.com\/noticias\/#postaladdress","@type":"PostalAddress","streetAddress":"san antonio 4","postalCode":"33430","addressLocality":"Cand\u00e1s","addressRegion":"Asturias","addressCountry":"ES"}},{"@type":"Person","@id":"https:\/\/www.eldigitaldeasturias.com\/noticias\/author\/admin\/#author","url":"https:\/\/www.eldigitaldeasturias.com\/noticias\/author\/admin\/","name":"El Digital de Asturias","image":{"@type":"ImageObject","@id":"https:\/\/www.eldigitaldeasturias.com\/noticias\/fernando-alonso-viaja-a-dubai-para-negociar-sobre-el-equipo-de-ciclismo\/#authorImage","url":"https:\/\/secure.gravatar.com\/avatar\/df2aeffc32bcd13f8d26072ef8a91b623d677766deac7f97ca815868cd41bf5e?s=96&d=mm&r=g","width":96,"height":96,"caption":"El Digital de Asturias"}},{"@type":"WebPage","@id":"https:\/\/www.eldigitaldeasturias.com\/noticias\/fernando-alonso-viaja-a-dubai-para-negociar-sobre-el-equipo-de-ciclismo\/#webpage","url":"https:\/\/www.eldigitaldeasturias.com\/noticias\/fernando-alonso-viaja-a-dubai-para-negociar-sobre-el-equipo-de-ciclismo\/","name":"Fernando Alonso viaja a Dubai para negociar sobre el equipo de ciclismo - El Digital de Asturias","description":"Dubai, 6 feb (dpa) - El piloto espa\u00f1ol de F\u00f3rmula 1 Fernando Alonso viaj\u00f3 a Dubai para negociaciones sobre la creaci\u00f3n de su previsto equipo de ciclismo en el emirato, FACT. El doble campe\u00f3n mundial de F\u00f3rmula 1, un fan declarado del ciclismo, asisti\u00f3 hoy al Tour de Dubai, donde se fotografi\u00f3 al lado del","inLanguage":"es-ES","isPartOf":{"@id":"https:\/\/www.eldigitaldeasturias.com\/noticias\/#website"},"breadcrumb":{"@id":"https:\/\/www.eldigitaldeasturias.com\/noticias\/fernando-alonso-viaja-a-dubai-para-negociar-sobre-el-equipo-de-ciclismo\/#breadcrumblist"},"author":{"@id":"https:\/\/www.eldigitaldeasturias.com\/noticias\/author\/admin\/#author"},"creator":{"@id":"https:\/\/www.eldigitaldeasturias.com\/noticias\/author\/admin\/#author"},"image":{"@type":"ImageObject","url":"https:\/\/www.eldigitaldeasturias.com\/noticias\/wp-content\/uploads\/2026\/06\/Contenidos.jpg","@id":"https:\/\/www.eldigitaldeasturias.com\/noticias\/fernando-alonso-viaja-a-dubai-para-negociar-sobre-el-equipo-de-ciclismo\/#mainImage","width":1265,"height":697,"caption":"Contenidos"},"primaryImageOfPage":{"@id":"https:\/\/www.eldigitaldeasturias.com\/noticias\/fernando-alonso-viaja-a-dubai-para-negociar-sobre-el-equipo-de-ciclismo\/#mainImage"},"datePublished":"2014-02-06T23:19:07+01:00","dateModified":"2014-02-06T23:19:07+01:00"},{"@type":"WebSite","@id":"https:\/\/www.eldigitaldeasturias.com\/noticias\/#website","url":"https:\/\/www.eldigitaldeasturias.com\/noticias\/","name":"El Digital de Asturias - Diario de actualidad y noticias","alternateName":"El Digital de Asturias - Diario de actualidad y noticias","description":"Hemeroteca","inLanguage":"es-ES","publisher":{"@id":"https:\/\/www.eldigitaldeasturias.com\/noticias\/#organization"}}]},"og:locale":"es_ES","og:site_name":"El Digital de Asturias","og:type":"article","og:title":"Fernando Alonso viaja a Dubai para negociar sobre el equipo de ciclismo - El Digital de Asturias","og:description":"Dubai, 6 feb (dpa) - El piloto espa\u00f1ol de F\u00f3rmula 1 Fernando Alonso viaj\u00f3 a Dubai para negociaciones sobre la creaci\u00f3n de su previsto equipo de ciclismo en el emirato, FACT. El doble campe\u00f3n mundial de F\u00f3rmula 1, un fan declarado del ciclismo, asisti\u00f3 hoy al Tour de Dubai, donde se fotografi\u00f3 al lado del","og:url":"https:\/\/www.eldigitaldeasturias.com\/noticias\/fernando-alonso-viaja-a-dubai-para-negociar-sobre-el-equipo-de-ciclismo\/","og:image":"https:\/\/www.eldigitaldeasturias.com\/noticias\/wp-content\/uploads\/2026\/06\/Contenidos.jpg","og:image:secure_url":"https:\/\/www.eldigitaldeasturias.com\/noticias\/wp-content\/uploads\/2026\/06\/Contenidos.jpg","og:image:width":1265,"og:image:height":697,"article:tag":["actualidad"],"article:published_time":"2014-02-07T00:19:07+00:00","article:modified_time":"2014-02-07T00:19:07+00:00","article:publisher":"https:\/\/facebook.com\/eldigitaldeasturias","twitter:card":"summary_large_image","twitter:title":"Fernando Alonso viaja a Dubai para negociar sobre el equipo de ciclismo - El Digital de Asturias","twitter:description":"Dubai, 6 feb (dpa) - El piloto espa\u00f1ol de F\u00f3rmula 1 Fernando Alonso viaj\u00f3 a Dubai para negociaciones sobre la creaci\u00f3n de su previsto equipo de ciclismo en el emirato, FACT. El doble campe\u00f3n mundial de F\u00f3rmula 1, un fan declarado del ciclismo, asisti\u00f3 hoy al Tour de Dubai, donde se fotografi\u00f3 al lado del","twitter:image":"https:\/\/www.eldigitaldeasturias.com\/noticias\/wp-content\/uploads\/2026\/06\/Contenidos.jpg","twitter:label1":"Escrito por","twitter:data1":"El Digital de Asturias","twitter:label2":"Tiempo de lectura estimado","twitter:data2":"1 minuto"},"aioseo_meta_data":{"post_id":"485361","title":null,"description":null,"keywords":null,"keyphrases":null,"primary_term":null,"canonical_url":null,"og_title":null,"og_description":null,"og_object_type":"default","og_image_type":"default","og_image_url":null,"og_image_width":null,"og_image_height":null,"og_image_custom_url":null,"og_image_custom_fields":null,"og_video":null,"og_custom_url":null,"og_article_section":null,"og_article_tags":null,"twitter_use_og":true,"twitter_card":"default","twitter_image_type":"default","twitter_image_url":null,"twitter_image_custom_url":null,"twitter_image_custom_fields":null,"twitter_title":null,"twitter_description":null,"schema":{"blockGraphs":[],"customGraphs":[],"default":{"data":{"Article":[],"Course":[],"Dataset":[],"FAQPage":[],"Movie":[],"Person":[],"Product":[],"ProductReview":[],"Car":[],"Recipe":[],"Service":[],"SoftwareApplication":[],"WebPage":[]},"graphName":"","isEnabled":true},"graphs":[],"defaultGraph":"","defaultPostTypeGraph":""},"schema_type":null,"schema_type_options":null,"pillar_content":false,"robots_default":true,"robots_noindex":false,"robots_noarchive":false,"robots_nosnippet":false,"robots_nofollow":false,"robots_noimageindex":false,"robots_noodp":false,"robots_notranslate":false,"robots_max_snippet":null,"robots_max_videopreview":null,"robots_max_imagepreview":"none","priority":null,"frequency":null,"local_seo":null,"seo_analyzer_scan_date":"2026-06-02 19:57:51","breadcrumb_settings":null,"limit_modified_date":false,"open_ai":null,"ai":null,"created":"2020-11-14 22:55:14","updated":"2026-06-02 19:57:51","focus_keyword":null,"additional_keywords":null,"truseo_locale":null},"aioseo_breadcrumb":"<div class=\"aioseo-breadcrumbs\"><span class=\"aioseo-breadcrumb\">\n\t<a href=\"https:\/\/www.eldigitaldeasturias.com\/noticias\" title=\"Home\">Home<\/a>\n<\/span><span class=\"aioseo-breadcrumb-separator\">\u2013<\/span><span class=\"aioseo-breadcrumb\">\n\t<a href=\"https:\/\/www.eldigitaldeasturias.com\/noticias\/category\/actualidad\/\" title=\"Actualidad\">Actualidad<\/a>\n<\/span><span class=\"aioseo-breadcrumb-separator\">\u2013<\/span><span class=\"aioseo-breadcrumb\">\n\t<a href=\"https:\/\/www.eldigitaldeasturias.com\/noticias\/fernando-alonso-viaja-a-dubai-para-negociar-sobre-el-equipo-de-ciclismo\/\" title=\"Fernando Alonso viaja a Dubai para negociar sobre el equipo de ciclismo\">Fernando Alonso viaja a Dubai para negociar sobre el equipo de ciclismo<\/a>\n<\/span><\/div>","aioseo_breadcrumb_json":[{"label":"Home","link":"https:\/\/www.eldigitaldeasturias.com\/noticias"},{"label":"Actualidad","link":"https:\/\/www.eldigitaldeasturias.com\/noticias\/category\/actualidad\/"},{"label":"Fernando Alonso viaja a Dubai para negociar sobre el equipo de ciclismo","link":"https:\/\/www.eldigitaldeasturias.com\/noticias\/fernando-alonso-viaja-a-dubai-para-negociar-sobre-el-equipo-de-ciclismo\/"}],"_links":{"self":[{"href":"https:\/\/www.eldigitaldeasturias.com\/noticias\/wp-json\/wp\/v2\/posts\/485361","targetHints":{"allow":["GET"]}}],"collection":[{"href":"https:\/\/www.eldigitaldeasturias.com\/noticias\/wp-json\/wp\/v2\/posts"}],"about":[{"href":"https:\/\/www.eldigitaldeasturias.com\/noticias\/wp-json\/wp\/v2\/types\/post"}],"author":[{"embeddable":true,"href":"https:\/\/www.eldigitaldeasturias.com\/noticias\/wp-json\/wp\/v2\/users\/1"}],"replies":[{"embeddable":true,"href":"https:\/\/www.eldigitaldeasturias.com\/noticias\/wp-json\/wp\/v2\/comments?post=485361"}],"version-history":[{"count":0,"href":"https:\/\/www.eldigitaldeasturias.com\/noticias\/wp-json\/wp\/v2\/posts\/485361\/revisions"}],"wp:featuredmedia":[{"embeddable":true,"href":"https:\/\/www.eldigitaldeasturias.com\/noticias\/wp-json\/wp\/v2\/media\/1132184"}],"wp:attachment":[{"href":"https:\/\/www.eldigitaldeasturias.com\/noticias\/wp-json\/wp\/v2\/media?parent=485361"}],"wp:term":[{"taxonomy":"category","embeddable":true,"href":"https:\/\/www.eldigitaldeasturias.com\/noticias\/wp-json\/wp\/v2\/categories?post=485361"},{"taxonomy":"post_tag","embeddable":true,"href":"https:\/\/www.eldigitaldeasturias.com\/noticias\/wp-json\/wp\/v2\/tags?post=485361"}],"curies":[{"name":"wp","href":"https:\/\/api.w.org\/{rel}","templated":true}]}}