{"id":485353,"date":"2014-02-06T23:10:07","date_gmt":"2014-02-07T00:10:07","guid":{"rendered":"http:\/\/www.eldigitaldeasturias.com\/noticias\/?p=485353"},"modified":"2014-02-06T23:10:07","modified_gmt":"2014-02-07T00:10:07","slug":"laudrup-quiere-explicaciones-tras-ser-despedido-por-el-swansea","status":"publish","type":"post","link":"https:\/\/www.eldigitaldeasturias.com\/noticias\/laudrup-quiere-explicaciones-tras-ser-despedido-por-el-swansea\/","title":{"rendered":"Laudrup quiere explicaciones tras ser despedido por el Swansea"},"content":{"rendered":"<p><img loading=\"lazy\" decoding=\"async\" class=\"alignleft size-medium wp-image-485354\" alt=\"5917087w\" src=\"https:\/\/www.eldigitaldeasturias.com\/noticias\/wp-content\/uploads\/2014\/02\/5917087w-360x243.jpg\" width=\"360\" height=\"243\" \/>Londres, 6 feb (EFE).- El dan\u00e9s Michael Laudrup, exentrenador del Swansea City desde este martes, ha buscado asesoramiento legal por su \u00abapresurada\u00bb destituci\u00f3n por el club gal\u00e9s de la Premier y ha pedido explicaciones al equipo, seg\u00fan indic\u00f3 hoy el t\u00e9cnico.<\/p>\n<p>Esa entidad anunci\u00f3 el pasado martes el despido de Laudrup, de 49 a\u00f1os, tras una pobre racha en la competici\u00f3n nacional, donde se ubican actualmente en la duod\u00e9cima posici\u00f3n, con 24 puntos.<\/p>\n<p>La noticia se produjo tan solo doce meses despu\u00e9s de que Laudrup -que sustitu\u00eda al norirland\u00e9s Brendan Rodgers- llevara a ese club a ganar la Copa de la Liga inglesa (Capital One Cup), el primer gran trofeo en la historia de ese conjunto, tras imponerse al Bradford por 0-5 en el estadio de Wembley.<\/p>\n<p>En un comunicado divulgado hoy a trav\u00e9s de la Asociaci\u00f3n de Entrenadores de la Liga, Laudrup revel\u00f3 que ha escrito a la entidad para pedir que le expliquen las \u00abrazones\u00bb por las cuales han decidido prescindir de sus servicios.<\/p>\n<p>\u00abMe siento profundamente decepcionado de haber sido despedido como t\u00e9cnico del Swansea City\u00bb, admiti\u00f3 el dan\u00e9s, exjugador de la selecci\u00f3n de Dinamarca y de clubes como el Real Madrid, el Barcelona y la Juventus.<\/p>\n<p>El entrenador puntualiz\u00f3 que, \u00aben particular\u00bb, su decepci\u00f3n se debe a \u00abla manera en la que ha ocurrido y a las medidas que ha adoptado el club\u00bb desde que le notific\u00f3 \u00aben la m\u00e1s breve de las cartas\u00bb la decisi\u00f3n.<\/p>\n<p>Laudrup anunci\u00f3 que \u00abpor supuesto\u00bb se est\u00e1 asesorando legalmente al respecto.<\/p>\n<p>En ausencia del t\u00e9cnico, el presidente del Swansea, Huw Jenkins, ha colocado provisionalmente al frente de la plantilla al veterano defensa Garry Monk y al t\u00e9cnico Alan Curtis de cara al pr\u00f3ximo compromiso del s\u00e1bado frente al Cardiff.<\/p>\n<p>El presidente del club argument\u00f3 que la decisi\u00f3n de apartar a Laudrup se tom\u00f3 \u00abcon reticencias\u00bb pero que se hab\u00eda adoptado \u00abteniendo en cuenta los mejores intereses del Swansea City y sus seguidores\u00bb.<\/p>\n","protected":false},"excerpt":{"rendered":"<p>Londres, 6 feb (EFE).- El dan\u00e9s Michael Laudrup, exentrenador del Swansea City desde este martes, ha buscado asesoramiento legal por su \u00abapresurada\u00bb destituci\u00f3n por el club gal\u00e9s de la Premier y ha pedido explicaciones al equipo, seg\u00fan indic\u00f3 hoy el t\u00e9cnico. Esa entidad anunci\u00f3 el pasado martes el despido de Laudrup, de 49 a\u00f1os, tras [&hellip;]<\/p>\n","protected":false},"author":1,"featured_media":485354,"comment_status":"closed","ping_status":"open","sticky":false,"template":"","format":"standard","meta":{"footnotes":""},"categories":[1],"tags":[],"class_list":["post-485353","post","type-post","status-publish","format-standard","has-post-thumbnail","hentry","category-actualidad"],"aioseo_notices":[],"aioseo_head":"\n\t\t<!-- All in One SEO Pro 5.0.1 - aioseo.com -->\n\t<meta name=\"description\" content=\"Londres, 6 feb (EFE).- El dan\u00e9s Michael Laudrup, exentrenador del Swansea City desde este martes, ha buscado asesoramiento legal por su &quot;apresurada&quot; destituci\u00f3n por el club gal\u00e9s de la Premier y ha pedido explicaciones al equipo, seg\u00fan indic\u00f3 hoy el t\u00e9cnico. Esa entidad anunci\u00f3 el pasado martes el despido de Laudrup, de 49 a\u00f1os, tras\" \/>\n\t<meta name=\"robots\" content=\"max-image-preview:large\" \/>\n\t<meta name=\"author\" content=\"El Digital de Asturias\"\/>\n\t<meta name=\"google-site-verification\" content=\"UA-38556648-1\" \/>\n\t<meta name=\"msvalidate.01\" content=\"7dfe9f3f1b24437ab69f4f2559babe99\" \/>\n\t<meta name=\"keywords\" content=\"actualidad\" \/>\n\t<link rel=\"canonical\" href=\"https:\/\/www.eldigitaldeasturias.com\/noticias\/laudrup-quiere-explicaciones-tras-ser-despedido-por-el-swansea\/\" \/>\n\t<meta name=\"generator\" content=\"All in One SEO Pro (AIOSEO) 5.0.1\" \/>\n\t\t<meta property=\"og:locale\" content=\"es_ES\" \/>\n\t\t<meta property=\"og:site_name\" content=\"El Digital de Asturias\" \/>\n\t\t<meta property=\"og:type\" content=\"article\" \/>\n\t\t<meta property=\"og:title\" content=\"Laudrup quiere explicaciones tras ser despedido por el Swansea - El Digital de Asturias\" \/>\n\t\t<meta property=\"og:description\" content=\"Londres, 6 feb (EFE).- El dan\u00e9s Michael Laudrup, exentrenador del Swansea City desde este martes, ha buscado asesoramiento legal por su &quot;apresurada&quot; destituci\u00f3n por el club gal\u00e9s de la Premier y ha pedido explicaciones al equipo, seg\u00fan indic\u00f3 hoy el t\u00e9cnico. Esa entidad anunci\u00f3 el pasado martes el despido de Laudrup, de 49 a\u00f1os, tras\" \/>\n\t\t<meta property=\"og:url\" content=\"https:\/\/www.eldigitaldeasturias.com\/noticias\/laudrup-quiere-explicaciones-tras-ser-despedido-por-el-swansea\/\" \/>\n\t\t<meta property=\"article:tag\" content=\"actualidad\" \/>\n\t\t<meta property=\"article:published_time\" content=\"2014-02-07T00:10:07+00:00\" \/>\n\t\t<meta property=\"article:modified_time\" content=\"2014-02-07T00:10:07+00:00\" \/>\n\t\t<meta property=\"article:publisher\" content=\"https:\/\/facebook.com\/eldigitaldeasturias\" \/>\n\t\t<meta name=\"twitter:card\" content=\"summary_large_image\" \/>\n\t\t<meta name=\"twitter:title\" content=\"Laudrup quiere explicaciones tras ser despedido por el Swansea - El Digital de Asturias\" \/>\n\t\t<meta name=\"twitter:description\" content=\"Londres, 6 feb (EFE).- El dan\u00e9s Michael Laudrup, exentrenador del Swansea City desde este martes, ha buscado asesoramiento legal por su &quot;apresurada&quot; destituci\u00f3n por el club gal\u00e9s de la Premier y ha pedido explicaciones al equipo, seg\u00fan indic\u00f3 hoy el t\u00e9cnico. Esa entidad anunci\u00f3 el pasado martes el despido de Laudrup, de 49 a\u00f1os, tras\" \/>\n\t\t<meta name=\"twitter:label1\" content=\"Escrito por\" \/>\n\t\t<meta name=\"twitter:data1\" content=\"El Digital de Asturias\" \/>\n\t\t<meta name=\"twitter:label2\" content=\"Tiempo de lectura estimado\" \/>\n\t\t<meta name=\"twitter:data2\" content=\"2 minutos\" \/>\n\t\t<script type=\"application\/ld+json\" class=\"aioseo-schema\">\n\t\t\t{\"@context\":\"https:\\\/\\\/schema.org\",\"@graph\":[{\"@type\":\"BlogPosting\",\"@id\":\"https:\\\/\\\/www.eldigitaldeasturias.com\\\/noticias\\\/laudrup-quiere-explicaciones-tras-ser-despedido-por-el-swansea\\\/#blogposting\",\"name\":\"Laudrup quiere explicaciones tras ser despedido por el Swansea - El Digital de Asturias\",\"headline\":\"Laudrup quiere explicaciones tras ser despedido por el Swansea\",\"author\":{\"@id\":\"https:\\\/\\\/www.eldigitaldeasturias.com\\\/noticias\\\/author\\\/admin\\\/#author\"},\"publisher\":{\"@id\":\"https:\\\/\\\/www.eldigitaldeasturias.com\\\/noticias\\\/#organization\"},\"image\":{\"@type\":\"ImageObject\",\"url\":485354},\"datePublished\":\"2014-02-06T23:10:07+01:00\",\"dateModified\":\"2014-02-06T23:10:07+01:00\",\"inLanguage\":\"es-ES\",\"mainEntityOfPage\":{\"@id\":\"https:\\\/\\\/www.eldigitaldeasturias.com\\\/noticias\\\/laudrup-quiere-explicaciones-tras-ser-despedido-por-el-swansea\\\/#webpage\"},\"isPartOf\":{\"@id\":\"https:\\\/\\\/www.eldigitaldeasturias.com\\\/noticias\\\/laudrup-quiere-explicaciones-tras-ser-despedido-por-el-swansea\\\/#webpage\"},\"articleSection\":\"Actualidad\"},{\"@type\":\"BreadcrumbList\",\"@id\":\"https:\\\/\\\/www.eldigitaldeasturias.com\\\/noticias\\\/laudrup-quiere-explicaciones-tras-ser-despedido-por-el-swansea\\\/#breadcrumblist\",\"itemListElement\":[{\"@type\":\"ListItem\",\"@id\":\"https:\\\/\\\/www.eldigitaldeasturias.com\\\/noticias#listItem\",\"position\":1,\"name\":\"Home\",\"item\":\"https:\\\/\\\/www.eldigitaldeasturias.com\\\/noticias\",\"nextItem\":{\"@type\":\"ListItem\",\"@id\":\"https:\\\/\\\/www.eldigitaldeasturias.com\\\/noticias\\\/category\\\/actualidad\\\/#listItem\",\"name\":\"Actualidad\"}},{\"@type\":\"ListItem\",\"@id\":\"https:\\\/\\\/www.eldigitaldeasturias.com\\\/noticias\\\/category\\\/actualidad\\\/#listItem\",\"position\":2,\"name\":\"Actualidad\",\"item\":\"https:\\\/\\\/www.eldigitaldeasturias.com\\\/noticias\\\/category\\\/actualidad\\\/\",\"nextItem\":{\"@type\":\"ListItem\",\"@id\":\"https:\\\/\\\/www.eldigitaldeasturias.com\\\/noticias\\\/laudrup-quiere-explicaciones-tras-ser-despedido-por-el-swansea\\\/#listItem\",\"name\":\"Laudrup quiere explicaciones tras ser despedido por el Swansea\"},\"previousItem\":{\"@type\":\"ListItem\",\"@id\":\"https:\\\/\\\/www.eldigitaldeasturias.com\\\/noticias#listItem\",\"name\":\"Home\"}},{\"@type\":\"ListItem\",\"@id\":\"https:\\\/\\\/www.eldigitaldeasturias.com\\\/noticias\\\/laudrup-quiere-explicaciones-tras-ser-despedido-por-el-swansea\\\/#listItem\",\"position\":3,\"name\":\"Laudrup quiere explicaciones tras ser despedido por el Swansea\",\"previousItem\":{\"@type\":\"ListItem\",\"@id\":\"https:\\\/\\\/www.eldigitaldeasturias.com\\\/noticias\\\/category\\\/actualidad\\\/#listItem\",\"name\":\"Actualidad\"}}]},{\"@type\":\"Organization\",\"@id\":\"https:\\\/\\\/www.eldigitaldeasturias.com\\\/noticias\\\/#organization\",\"name\":\"El Digital de Asturias\",\"description\":\"Hemeroteca\",\"url\":\"https:\\\/\\\/www.eldigitaldeasturias.com\\\/noticias\\\/\",\"email\":\"info@eldigitaldeasturias.com\",\"telephone\":\"+34652131393\",\"logo\":{\"@type\":\"ImageObject\",\"url\":\"https:\\\/\\\/www.eldigitaldeasturias.com\\\/noticias\\\/wp-content\\\/uploads\\\/2020\\\/12\\\/EDA.jpg\",\"@id\":\"https:\\\/\\\/www.eldigitaldeasturias.com\\\/noticias\\\/laudrup-quiere-explicaciones-tras-ser-despedido-por-el-swansea\\\/#organizationLogo\"},\"image\":{\"@id\":\"https:\\\/\\\/www.eldigitaldeasturias.com\\\/noticias\\\/laudrup-quiere-explicaciones-tras-ser-despedido-por-el-swansea\\\/#organizationLogo\"},\"sameAs\":[\"https:\\\/\\\/facebook.com\\\/eldigitaldeasturias\",\"https:\\\/\\\/www.youtube.com\\\/channel\\\/UCZP-2wLEB9Rv6erhFmqVnvg\"],\"address\":{\"@id\":\"https:\\\/\\\/www.eldigitaldeasturias.com\\\/noticias\\\/#postaladdress\",\"@type\":\"PostalAddress\",\"streetAddress\":\"san antonio 4\",\"postalCode\":\"33430\",\"addressLocality\":\"Cand\\u00e1s\",\"addressRegion\":\"Asturias\",\"addressCountry\":\"ES\"}},{\"@type\":\"Person\",\"@id\":\"https:\\\/\\\/www.eldigitaldeasturias.com\\\/noticias\\\/author\\\/admin\\\/#author\",\"url\":\"https:\\\/\\\/www.eldigitaldeasturias.com\\\/noticias\\\/author\\\/admin\\\/\",\"name\":\"El Digital de Asturias\",\"image\":{\"@type\":\"ImageObject\",\"@id\":\"https:\\\/\\\/www.eldigitaldeasturias.com\\\/noticias\\\/laudrup-quiere-explicaciones-tras-ser-despedido-por-el-swansea\\\/#authorImage\",\"url\":\"https:\\\/\\\/secure.gravatar.com\\\/avatar\\\/df2aeffc32bcd13f8d26072ef8a91b623d677766deac7f97ca815868cd41bf5e?s=96&d=mm&r=g\",\"width\":96,\"height\":96,\"caption\":\"El Digital de Asturias\"}},{\"@type\":\"WebPage\",\"@id\":\"https:\\\/\\\/www.eldigitaldeasturias.com\\\/noticias\\\/laudrup-quiere-explicaciones-tras-ser-despedido-por-el-swansea\\\/#webpage\",\"url\":\"https:\\\/\\\/www.eldigitaldeasturias.com\\\/noticias\\\/laudrup-quiere-explicaciones-tras-ser-despedido-por-el-swansea\\\/\",\"name\":\"Laudrup quiere explicaciones tras ser despedido por el Swansea - El Digital de Asturias\",\"description\":\"Londres, 6 feb (EFE).- El dan\\u00e9s Michael Laudrup, exentrenador del Swansea City desde este martes, ha buscado asesoramiento legal por su \\\"apresurada\\\" destituci\\u00f3n por el club gal\\u00e9s de la Premier y ha pedido explicaciones al equipo, seg\\u00fan indic\\u00f3 hoy el t\\u00e9cnico. Esa entidad anunci\\u00f3 el pasado martes el despido de Laudrup, de 49 a\\u00f1os, tras\",\"inLanguage\":\"es-ES\",\"isPartOf\":{\"@id\":\"https:\\\/\\\/www.eldigitaldeasturias.com\\\/noticias\\\/#website\"},\"breadcrumb\":{\"@id\":\"https:\\\/\\\/www.eldigitaldeasturias.com\\\/noticias\\\/laudrup-quiere-explicaciones-tras-ser-despedido-por-el-swansea\\\/#breadcrumblist\"},\"author\":{\"@id\":\"https:\\\/\\\/www.eldigitaldeasturias.com\\\/noticias\\\/author\\\/admin\\\/#author\"},\"creator\":{\"@id\":\"https:\\\/\\\/www.eldigitaldeasturias.com\\\/noticias\\\/author\\\/admin\\\/#author\"},\"image\":{\"@type\":\"ImageObject\",\"url\":485354,\"@id\":\"https:\\\/\\\/www.eldigitaldeasturias.com\\\/noticias\\\/laudrup-quiere-explicaciones-tras-ser-despedido-por-el-swansea\\\/#mainImage\"},\"primaryImageOfPage\":{\"@id\":\"https:\\\/\\\/www.eldigitaldeasturias.com\\\/noticias\\\/laudrup-quiere-explicaciones-tras-ser-despedido-por-el-swansea\\\/#mainImage\"},\"datePublished\":\"2014-02-06T23:10:07+01:00\",\"dateModified\":\"2014-02-06T23:10:07+01:00\"},{\"@type\":\"WebSite\",\"@id\":\"https:\\\/\\\/www.eldigitaldeasturias.com\\\/noticias\\\/#website\",\"url\":\"https:\\\/\\\/www.eldigitaldeasturias.com\\\/noticias\\\/\",\"name\":\"El Digital de Asturias - Diario de actualidad y noticias\",\"alternateName\":\"El Digital de Asturias - Diario de actualidad y noticias\",\"description\":\"Hemeroteca\",\"inLanguage\":\"es-ES\",\"publisher\":{\"@id\":\"https:\\\/\\\/www.eldigitaldeasturias.com\\\/noticias\\\/#organization\"}}]}\n\t\t<\/script>\n\t\t<!-- All in One SEO Pro -->\r\n\t\t<title>Laudrup quiere explicaciones tras ser despedido por el Swansea - El Digital de Asturias<\/title>\n\n","aioseo_head_json":{"title":"Laudrup quiere explicaciones tras ser despedido por el Swansea - El Digital de Asturias","description":"Londres, 6 feb (EFE).- El dan\u00e9s Michael Laudrup, exentrenador del Swansea City desde este martes, ha buscado asesoramiento legal por su \"apresurada\" destituci\u00f3n por el club gal\u00e9s de la Premier y ha pedido explicaciones al equipo, seg\u00fan indic\u00f3 hoy el t\u00e9cnico. Esa entidad anunci\u00f3 el pasado martes el despido de Laudrup, de 49 a\u00f1os, tras","canonical_url":"https:\/\/www.eldigitaldeasturias.com\/noticias\/laudrup-quiere-explicaciones-tras-ser-despedido-por-el-swansea\/","robots":"max-image-preview:large","keywords":"actualidad","webmasterTools":{"google-site-verification":"UA-38556648-1","msvalidate.01":"7dfe9f3f1b24437ab69f4f2559babe99","miscellaneous":""},"schema":{"@context":"https:\/\/schema.org","@graph":[{"@type":"BlogPosting","@id":"https:\/\/www.eldigitaldeasturias.com\/noticias\/laudrup-quiere-explicaciones-tras-ser-despedido-por-el-swansea\/#blogposting","name":"Laudrup quiere explicaciones tras ser despedido por el Swansea - El Digital de Asturias","headline":"Laudrup quiere explicaciones tras ser despedido por el Swansea","author":{"@id":"https:\/\/www.eldigitaldeasturias.com\/noticias\/author\/admin\/#author"},"publisher":{"@id":"https:\/\/www.eldigitaldeasturias.com\/noticias\/#organization"},"image":{"@type":"ImageObject","url":485354},"datePublished":"2014-02-06T23:10:07+01:00","dateModified":"2014-02-06T23:10:07+01:00","inLanguage":"es-ES","mainEntityOfPage":{"@id":"https:\/\/www.eldigitaldeasturias.com\/noticias\/laudrup-quiere-explicaciones-tras-ser-despedido-por-el-swansea\/#webpage"},"isPartOf":{"@id":"https:\/\/www.eldigitaldeasturias.com\/noticias\/laudrup-quiere-explicaciones-tras-ser-despedido-por-el-swansea\/#webpage"},"articleSection":"Actualidad"},{"@type":"BreadcrumbList","@id":"https:\/\/www.eldigitaldeasturias.com\/noticias\/laudrup-quiere-explicaciones-tras-ser-despedido-por-el-swansea\/#breadcrumblist","itemListElement":[{"@type":"ListItem","@id":"https:\/\/www.eldigitaldeasturias.com\/noticias#listItem","position":1,"name":"Home","item":"https:\/\/www.eldigitaldeasturias.com\/noticias","nextItem":{"@type":"ListItem","@id":"https:\/\/www.eldigitaldeasturias.com\/noticias\/category\/actualidad\/#listItem","name":"Actualidad"}},{"@type":"ListItem","@id":"https:\/\/www.eldigitaldeasturias.com\/noticias\/category\/actualidad\/#listItem","position":2,"name":"Actualidad","item":"https:\/\/www.eldigitaldeasturias.com\/noticias\/category\/actualidad\/","nextItem":{"@type":"ListItem","@id":"https:\/\/www.eldigitaldeasturias.com\/noticias\/laudrup-quiere-explicaciones-tras-ser-despedido-por-el-swansea\/#listItem","name":"Laudrup quiere explicaciones tras ser despedido por el Swansea"},"previousItem":{"@type":"ListItem","@id":"https:\/\/www.eldigitaldeasturias.com\/noticias#listItem","name":"Home"}},{"@type":"ListItem","@id":"https:\/\/www.eldigitaldeasturias.com\/noticias\/laudrup-quiere-explicaciones-tras-ser-despedido-por-el-swansea\/#listItem","position":3,"name":"Laudrup quiere explicaciones tras ser despedido por el Swansea","previousItem":{"@type":"ListItem","@id":"https:\/\/www.eldigitaldeasturias.com\/noticias\/category\/actualidad\/#listItem","name":"Actualidad"}}]},{"@type":"Organization","@id":"https:\/\/www.eldigitaldeasturias.com\/noticias\/#organization","name":"El Digital de Asturias","description":"Hemeroteca","url":"https:\/\/www.eldigitaldeasturias.com\/noticias\/","email":"info@eldigitaldeasturias.com","telephone":"+34652131393","logo":{"@type":"ImageObject","url":"https:\/\/www.eldigitaldeasturias.com\/noticias\/wp-content\/uploads\/2020\/12\/EDA.jpg","@id":"https:\/\/www.eldigitaldeasturias.com\/noticias\/laudrup-quiere-explicaciones-tras-ser-despedido-por-el-swansea\/#organizationLogo"},"image":{"@id":"https:\/\/www.eldigitaldeasturias.com\/noticias\/laudrup-quiere-explicaciones-tras-ser-despedido-por-el-swansea\/#organizationLogo"},"sameAs":["https:\/\/facebook.com\/eldigitaldeasturias","https:\/\/www.youtube.com\/channel\/UCZP-2wLEB9Rv6erhFmqVnvg"],"address":{"@id":"https:\/\/www.eldigitaldeasturias.com\/noticias\/#postaladdress","@type":"PostalAddress","streetAddress":"san antonio 4","postalCode":"33430","addressLocality":"Cand\u00e1s","addressRegion":"Asturias","addressCountry":"ES"}},{"@type":"Person","@id":"https:\/\/www.eldigitaldeasturias.com\/noticias\/author\/admin\/#author","url":"https:\/\/www.eldigitaldeasturias.com\/noticias\/author\/admin\/","name":"El Digital de Asturias","image":{"@type":"ImageObject","@id":"https:\/\/www.eldigitaldeasturias.com\/noticias\/laudrup-quiere-explicaciones-tras-ser-despedido-por-el-swansea\/#authorImage","url":"https:\/\/secure.gravatar.com\/avatar\/df2aeffc32bcd13f8d26072ef8a91b623d677766deac7f97ca815868cd41bf5e?s=96&d=mm&r=g","width":96,"height":96,"caption":"El Digital de Asturias"}},{"@type":"WebPage","@id":"https:\/\/www.eldigitaldeasturias.com\/noticias\/laudrup-quiere-explicaciones-tras-ser-despedido-por-el-swansea\/#webpage","url":"https:\/\/www.eldigitaldeasturias.com\/noticias\/laudrup-quiere-explicaciones-tras-ser-despedido-por-el-swansea\/","name":"Laudrup quiere explicaciones tras ser despedido por el Swansea - El Digital de Asturias","description":"Londres, 6 feb (EFE).- El dan\u00e9s Michael Laudrup, exentrenador del Swansea City desde este martes, ha buscado asesoramiento legal por su \"apresurada\" destituci\u00f3n por el club gal\u00e9s de la Premier y ha pedido explicaciones al equipo, seg\u00fan indic\u00f3 hoy el t\u00e9cnico. Esa entidad anunci\u00f3 el pasado martes el despido de Laudrup, de 49 a\u00f1os, tras","inLanguage":"es-ES","isPartOf":{"@id":"https:\/\/www.eldigitaldeasturias.com\/noticias\/#website"},"breadcrumb":{"@id":"https:\/\/www.eldigitaldeasturias.com\/noticias\/laudrup-quiere-explicaciones-tras-ser-despedido-por-el-swansea\/#breadcrumblist"},"author":{"@id":"https:\/\/www.eldigitaldeasturias.com\/noticias\/author\/admin\/#author"},"creator":{"@id":"https:\/\/www.eldigitaldeasturias.com\/noticias\/author\/admin\/#author"},"image":{"@type":"ImageObject","url":485354,"@id":"https:\/\/www.eldigitaldeasturias.com\/noticias\/laudrup-quiere-explicaciones-tras-ser-despedido-por-el-swansea\/#mainImage"},"primaryImageOfPage":{"@id":"https:\/\/www.eldigitaldeasturias.com\/noticias\/laudrup-quiere-explicaciones-tras-ser-despedido-por-el-swansea\/#mainImage"},"datePublished":"2014-02-06T23:10:07+01:00","dateModified":"2014-02-06T23:10:07+01:00"},{"@type":"WebSite","@id":"https:\/\/www.eldigitaldeasturias.com\/noticias\/#website","url":"https:\/\/www.eldigitaldeasturias.com\/noticias\/","name":"El Digital de Asturias - Diario de actualidad y noticias","alternateName":"El Digital de Asturias - Diario de actualidad y noticias","description":"Hemeroteca","inLanguage":"es-ES","publisher":{"@id":"https:\/\/www.eldigitaldeasturias.com\/noticias\/#organization"}}]},"og:locale":"es_ES","og:site_name":"El Digital de Asturias","og:type":"article","og:title":"Laudrup quiere explicaciones tras ser despedido por el Swansea - El Digital de Asturias","og:description":"Londres, 6 feb (EFE).- El dan\u00e9s Michael Laudrup, exentrenador del Swansea City desde este martes, ha buscado asesoramiento legal por su &quot;apresurada&quot; destituci\u00f3n por el club gal\u00e9s de la Premier y ha pedido explicaciones al equipo, seg\u00fan indic\u00f3 hoy el t\u00e9cnico. Esa entidad anunci\u00f3 el pasado martes el despido de Laudrup, de 49 a\u00f1os, tras","og:url":"https:\/\/www.eldigitaldeasturias.com\/noticias\/laudrup-quiere-explicaciones-tras-ser-despedido-por-el-swansea\/","article:tag":["actualidad"],"article:published_time":"2014-02-07T00:10:07+00:00","article:modified_time":"2014-02-07T00:10:07+00:00","article:publisher":"https:\/\/facebook.com\/eldigitaldeasturias","twitter:card":"summary_large_image","twitter:title":"Laudrup quiere explicaciones tras ser despedido por el Swansea - El Digital de Asturias","twitter:description":"Londres, 6 feb (EFE).- El dan\u00e9s Michael Laudrup, exentrenador del Swansea City desde este martes, ha buscado asesoramiento legal por su &quot;apresurada&quot; destituci\u00f3n por el club gal\u00e9s de la Premier y ha pedido explicaciones al equipo, seg\u00fan indic\u00f3 hoy el t\u00e9cnico. Esa entidad anunci\u00f3 el pasado martes el despido de Laudrup, de 49 a\u00f1os, tras","twitter:label1":"Escrito por","twitter:data1":"El Digital de Asturias","twitter:label2":"Tiempo de lectura estimado","twitter:data2":"2 minutos"},"aioseo_meta_data":{"post_id":"485353","title":null,"description":null,"keywords":null,"keyphrases":null,"primary_term":null,"canonical_url":null,"og_title":null,"og_description":null,"og_object_type":"default","og_image_type":"default","og_image_url":null,"og_image_width":null,"og_image_height":null,"og_image_custom_url":null,"og_image_custom_fields":null,"og_video":null,"og_custom_url":null,"og_article_section":null,"og_article_tags":null,"twitter_use_og":true,"twitter_card":"default","twitter_image_type":"default","twitter_image_url":null,"twitter_image_custom_url":null,"twitter_image_custom_fields":null,"twitter_title":null,"twitter_description":null,"schema":{"blockGraphs":[],"customGraphs":[],"default":{"data":{"Article":[],"Course":[],"Dataset":[],"FAQPage":[],"Movie":[],"Person":[],"Product":[],"ProductReview":[],"Car":[],"Recipe":[],"Service":[],"SoftwareApplication":[],"WebPage":[]},"graphName":"","isEnabled":true},"graphs":[],"defaultGraph":"","defaultPostTypeGraph":""},"schema_type":null,"schema_type_options":null,"pillar_content":false,"robots_default":true,"robots_noindex":false,"robots_noarchive":false,"robots_nosnippet":false,"robots_nofollow":false,"robots_noimageindex":false,"robots_noodp":false,"robots_notranslate":false,"robots_max_snippet":null,"robots_max_videopreview":null,"robots_max_imagepreview":"none","priority":null,"frequency":null,"local_seo":null,"seo_analyzer_scan_date":"2026-06-02 19:54:48","breadcrumb_settings":null,"limit_modified_date":false,"open_ai":null,"ai":null,"created":"2020-11-14 22:55:14","updated":"2026-06-02 19:54:48","focus_keyword":null,"additional_keywords":null,"truseo_locale":null},"aioseo_breadcrumb":"<div class=\"aioseo-breadcrumbs\"><span class=\"aioseo-breadcrumb\">\n\t<a href=\"https:\/\/www.eldigitaldeasturias.com\/noticias\" title=\"Home\">Home<\/a>\n<\/span><span class=\"aioseo-breadcrumb-separator\">\u2013<\/span><span class=\"aioseo-breadcrumb\">\n\t<a href=\"https:\/\/www.eldigitaldeasturias.com\/noticias\/category\/actualidad\/\" title=\"Actualidad\">Actualidad<\/a>\n<\/span><span class=\"aioseo-breadcrumb-separator\">\u2013<\/span><span class=\"aioseo-breadcrumb\">\n\t<a href=\"https:\/\/www.eldigitaldeasturias.com\/noticias\/laudrup-quiere-explicaciones-tras-ser-despedido-por-el-swansea\/\" title=\"Laudrup quiere explicaciones tras ser despedido por el Swansea\">Laudrup quiere explicaciones tras ser despedido por el Swansea<\/a>\n<\/span><\/div>","aioseo_breadcrumb_json":[{"label":"Home","link":"https:\/\/www.eldigitaldeasturias.com\/noticias"},{"label":"Actualidad","link":"https:\/\/www.eldigitaldeasturias.com\/noticias\/category\/actualidad\/"},{"label":"Laudrup quiere explicaciones tras ser despedido por el Swansea","link":"https:\/\/www.eldigitaldeasturias.com\/noticias\/laudrup-quiere-explicaciones-tras-ser-despedido-por-el-swansea\/"}],"_links":{"self":[{"href":"https:\/\/www.eldigitaldeasturias.com\/noticias\/wp-json\/wp\/v2\/posts\/485353","targetHints":{"allow":["GET"]}}],"collection":[{"href":"https:\/\/www.eldigitaldeasturias.com\/noticias\/wp-json\/wp\/v2\/posts"}],"about":[{"href":"https:\/\/www.eldigitaldeasturias.com\/noticias\/wp-json\/wp\/v2\/types\/post"}],"author":[{"embeddable":true,"href":"https:\/\/www.eldigitaldeasturias.com\/noticias\/wp-json\/wp\/v2\/users\/1"}],"replies":[{"embeddable":true,"href":"https:\/\/www.eldigitaldeasturias.com\/noticias\/wp-json\/wp\/v2\/comments?post=485353"}],"version-history":[{"count":0,"href":"https:\/\/www.eldigitaldeasturias.com\/noticias\/wp-json\/wp\/v2\/posts\/485353\/revisions"}],"wp:attachment":[{"href":"https:\/\/www.eldigitaldeasturias.com\/noticias\/wp-json\/wp\/v2\/media?parent=485353"}],"wp:term":[{"taxonomy":"category","embeddable":true,"href":"https:\/\/www.eldigitaldeasturias.com\/noticias\/wp-json\/wp\/v2\/categories?post=485353"},{"taxonomy":"post_tag","embeddable":true,"href":"https:\/\/www.eldigitaldeasturias.com\/noticias\/wp-json\/wp\/v2\/tags?post=485353"}],"curies":[{"name":"wp","href":"https:\/\/api.w.org\/{rel}","templated":true}]}}