{"id":485347,"date":"2014-02-06T23:05:50","date_gmt":"2014-02-07T00:05:50","guid":{"rendered":"http:\/\/www.eldigitaldeasturias.com\/noticias\/?p=485347"},"modified":"2014-02-06T23:05:50","modified_gmt":"2014-02-07T00:05:50","slug":"el-espanyol-a-distanciarse-del-descenso-a-costa-de-un-granada-en-crisis","status":"publish","type":"post","link":"https:\/\/www.eldigitaldeasturias.com\/noticias\/el-espanyol-a-distanciarse-del-descenso-a-costa-de-un-granada-en-crisis\/","title":{"rendered":"El Espanyol, a distanciarse del descenso a costa de un Granada en crisis"},"content":{"rendered":"<p><img loading=\"lazy\" decoding=\"async\" class=\"alignleft size-medium wp-image-485348\" alt=\"5917058w\" src=\"https:\/\/www.eldigitaldeasturias.com\/noticias\/wp-content\/uploads\/2014\/02\/5917058w-360x262.jpg\" width=\"360\" height=\"262\" \/>Cornell\u00e0 de Llobregat (Barcelona), 6 feb (EFE).- El Espanyol, tras perder contra el colista, ya habla de finales, ante la posibilidad de alejar a rivales directos por la permanencia en esta segunda vuelta del campeonato, y la primera es el partido de ma\u00f1ana a las 21.00 horas contra el Granada en Cornell\u00e0-El Prat.<\/p>\n<p>El cuadro blanquiazul dej\u00f3 buenas sensaciones de juego durante el mes de enero, pese a que no brill\u00f3 a nivel de resultados. Sin embargo, la derrota frente al Betis de la semana pasada fue un mazazo. Ma\u00f1ana, ante su afici\u00f3n, los catalanes desean dar un nuevo paso al frente y distanciarse de la zona roja de la clasificaci\u00f3n.<\/p>\n<p>El entrenador del Espanyol, Javier Aguirre, tendr\u00e1 a todos sus efectivos a su disposici\u00f3n. Las bajas en la convocatoria, por motivos t\u00e9cnicos, son el central brasile\u00f1o Sidnei y el extremo rumano Gabriel Torje. Entran en su lugar el centrocampista \u00c1lex Fern\u00e1ndez y el atacante Manu Lanzarote.<\/p>\n<p>A nivel t\u00e1ctico, el entrenador mexicano sorprendi\u00f3 la jornada pasada con una defensa de cinco. En esta ocasi\u00f3n, el planteamiento de &#8216;El Vasco&#8217; es una inc\u00f3gnita. No ha dado pistas. De todos modos, esta vez juega como local y ante un rival sin tantos nervios como los que ten\u00eda el Betis en el Benito Villamar\u00edn la semana anterior.<\/p>\n<p>Para el Granada CF, el partido se presenta con la obligaci\u00f3n de conseguir una victoria que corte su mala racha de resultados y le aleje de los puestos de descenso, que tiene solo cuatro puntos por debajo.<\/p>\n<p>El equipo rojiblanco llega a Cornell\u00e1 tras haber sumado solo cuatro puntos de los 18 \u00faltimos posibles y con la dolorosa derrota del pasado fin de semana ante el Celta (1-2) a\u00fan en el recuerdo.<\/p>\n<p>El t\u00e9cnico, Lucas Alcaraz, afronta el choque con problemas en el centro de la defensa, ya que a la marcha el pasado lunes del central Pape Diakhat\u00e9, cedido hasta final de temporada al Erciyesspor turco, se ha unido la lesi\u00f3n de Diego Mainz, baja para el choque.<\/p>\n<p>Esto provocar\u00e1 que la edad media de los tres centrales rojiblancos disponibles para jugar ante el Espanyol sea de 21 a\u00f1os, teniendo que decidir Alcaraz si al colombiano Jeison Murillo lo acompa\u00f1a el franc\u00e9s Alexandre Coeff, que no ha sido titular en ning\u00fan partido de Liga, o el portugu\u00e9s Tiago Ilori, \u00fanico refuerzo invernal de un Granada con el que a\u00fan no ha debutado.<\/p>\n<p>La otra baja por lesi\u00f3n para el choque es la del delantero nigeriano Odion Ighalo, mientras que ha regresado a la convocatoria tras dos semanas ausente el atacante Iv\u00e1n S\u00e1nchez-Rico \u00abRiki\u00bb despu\u00e9s de superar una rotura fibrilar.<\/p>\n<p>El t\u00e9cnico ha ensayado durante la semana con diferentes jugadores en los puestos de ataque, aunque lo previsible es que repita, pese a que no est\u00e1n en un buen momento de forma, con Francisco Medina \u00abPiti\u00bb y el argelino Yacine Brahimi acompa\u00f1ando al marroqu\u00ed Youssef El Arabi.<\/p>\n<p>Desde que el Granada regres\u00f3 a Primera divisi\u00f3n, el balance en Cornell\u00e0-El Prat es de una victoria para el Espanyol (3-0) y una para el conjunto andaluz (0-1, el curso pasado).<\/p>\n<p>Alineaciones probables:<\/p>\n<p>Espanyol: Kiko Casilla; Javi L\u00f3pez, Colotto, H\u00e9ctor Moreno, Fuentes; V\u00edctor S\u00e1nchez, David L\u00f3pez; Stuani, Sergio Garc\u00eda, Simao y C\u00f3rdoba.<\/p>\n<p>Granada CF: Roberto; Nyom, Ilori, Murillo, Angulo; Iturra; Piti, Recio, Fran Rico, Brahimi; y El Arabi. EFE<\/p>\n<p>\u00c1rbitro: Iglesias Villanueva (c.gallego)<\/p>\n<p>Estadio: Cornell\u00e1-El Prat<\/p>\n","protected":false},"excerpt":{"rendered":"<p>Cornell\u00e0 de Llobregat (Barcelona), 6 feb (EFE).- El Espanyol, tras perder contra el colista, ya habla de finales, ante la posibilidad de alejar a rivales directos por la permanencia en esta segunda vuelta del campeonato, y la primera es el partido de ma\u00f1ana a las 21.00 horas contra el Granada en Cornell\u00e0-El Prat. El cuadro [&hellip;]<\/p>\n","protected":false},"author":1,"featured_media":485348,"comment_status":"closed","ping_status":"open","sticky":false,"template":"","format":"standard","meta":{"footnotes":""},"categories":[1],"tags":[],"class_list":["post-485347","post","type-post","status-publish","format-standard","has-post-thumbnail","hentry","category-actualidad"],"aioseo_notices":[],"aioseo_head":"\n\t\t<!-- All in One SEO Pro 5.0.1 - aioseo.com -->\n\t<meta name=\"description\" content=\"Cornell\u00e0 de Llobregat (Barcelona), 6 feb (EFE).- El Espanyol, tras perder contra el colista, ya habla de finales, ante la posibilidad de alejar a rivales directos por la permanencia en esta segunda vuelta del campeonato, y la primera es el partido de ma\u00f1ana a las 21.00 horas contra el Granada en Cornell\u00e0-El Prat. El cuadro\" \/>\n\t<meta name=\"robots\" content=\"max-image-preview:large\" \/>\n\t<meta name=\"author\" content=\"El Digital de Asturias\"\/>\n\t<meta name=\"google-site-verification\" content=\"UA-38556648-1\" \/>\n\t<meta name=\"msvalidate.01\" content=\"7dfe9f3f1b24437ab69f4f2559babe99\" \/>\n\t<meta name=\"keywords\" content=\"actualidad\" \/>\n\t<link rel=\"canonical\" href=\"https:\/\/www.eldigitaldeasturias.com\/noticias\/el-espanyol-a-distanciarse-del-descenso-a-costa-de-un-granada-en-crisis\/\" \/>\n\t<meta name=\"generator\" content=\"All in One SEO Pro (AIOSEO) 5.0.1\" \/>\n\t\t<meta property=\"og:locale\" content=\"es_ES\" \/>\n\t\t<meta property=\"og:site_name\" content=\"El Digital de Asturias\" \/>\n\t\t<meta property=\"og:type\" content=\"article\" \/>\n\t\t<meta property=\"og:title\" content=\"El Espanyol, a distanciarse del descenso a costa de un Granada en crisis - El Digital de Asturias\" \/>\n\t\t<meta property=\"og:description\" content=\"Cornell\u00e0 de Llobregat (Barcelona), 6 feb (EFE).- El Espanyol, tras perder contra el colista, ya habla de finales, ante la posibilidad de alejar a rivales directos por la permanencia en esta segunda vuelta del campeonato, y la primera es el partido de ma\u00f1ana a las 21.00 horas contra el Granada en Cornell\u00e0-El Prat. El cuadro\" \/>\n\t\t<meta property=\"og:url\" content=\"https:\/\/www.eldigitaldeasturias.com\/noticias\/el-espanyol-a-distanciarse-del-descenso-a-costa-de-un-granada-en-crisis\/\" \/>\n\t\t<meta property=\"article:tag\" content=\"actualidad\" \/>\n\t\t<meta property=\"article:published_time\" content=\"2014-02-07T00:05:50+00:00\" \/>\n\t\t<meta property=\"article:modified_time\" content=\"2014-02-07T00:05:50+00:00\" \/>\n\t\t<meta property=\"article:publisher\" content=\"https:\/\/facebook.com\/eldigitaldeasturias\" \/>\n\t\t<meta name=\"twitter:card\" content=\"summary_large_image\" \/>\n\t\t<meta name=\"twitter:title\" content=\"El Espanyol, a distanciarse del descenso a costa de un Granada en crisis - El Digital de Asturias\" \/>\n\t\t<meta name=\"twitter:description\" content=\"Cornell\u00e0 de Llobregat (Barcelona), 6 feb (EFE).- El Espanyol, tras perder contra el colista, ya habla de finales, ante la posibilidad de alejar a rivales directos por la permanencia en esta segunda vuelta del campeonato, y la primera es el partido de ma\u00f1ana a las 21.00 horas contra el Granada en Cornell\u00e0-El Prat. El cuadro\" \/>\n\t\t<meta name=\"twitter:label1\" content=\"Escrito por\" \/>\n\t\t<meta name=\"twitter:data1\" content=\"El Digital de Asturias\" \/>\n\t\t<meta name=\"twitter:label2\" content=\"Tiempo de lectura estimado\" \/>\n\t\t<meta name=\"twitter:data2\" content=\"3 minutos\" \/>\n\t\t<script type=\"application\/ld+json\" class=\"aioseo-schema\">\n\t\t\t{\"@context\":\"https:\\\/\\\/schema.org\",\"@graph\":[{\"@type\":\"BlogPosting\",\"@id\":\"https:\\\/\\\/www.eldigitaldeasturias.com\\\/noticias\\\/el-espanyol-a-distanciarse-del-descenso-a-costa-de-un-granada-en-crisis\\\/#blogposting\",\"name\":\"El Espanyol, a distanciarse del descenso a costa de un Granada en crisis - El Digital de Asturias\",\"headline\":\"El Espanyol, a distanciarse del descenso a costa de un Granada en crisis\",\"author\":{\"@id\":\"https:\\\/\\\/www.eldigitaldeasturias.com\\\/noticias\\\/author\\\/admin\\\/#author\"},\"publisher\":{\"@id\":\"https:\\\/\\\/www.eldigitaldeasturias.com\\\/noticias\\\/#organization\"},\"image\":{\"@type\":\"ImageObject\",\"url\":485348},\"datePublished\":\"2014-02-06T23:05:50+01:00\",\"dateModified\":\"2014-02-06T23:05:50+01:00\",\"inLanguage\":\"es-ES\",\"mainEntityOfPage\":{\"@id\":\"https:\\\/\\\/www.eldigitaldeasturias.com\\\/noticias\\\/el-espanyol-a-distanciarse-del-descenso-a-costa-de-un-granada-en-crisis\\\/#webpage\"},\"isPartOf\":{\"@id\":\"https:\\\/\\\/www.eldigitaldeasturias.com\\\/noticias\\\/el-espanyol-a-distanciarse-del-descenso-a-costa-de-un-granada-en-crisis\\\/#webpage\"},\"articleSection\":\"Actualidad\"},{\"@type\":\"BreadcrumbList\",\"@id\":\"https:\\\/\\\/www.eldigitaldeasturias.com\\\/noticias\\\/el-espanyol-a-distanciarse-del-descenso-a-costa-de-un-granada-en-crisis\\\/#breadcrumblist\",\"itemListElement\":[{\"@type\":\"ListItem\",\"@id\":\"https:\\\/\\\/www.eldigitaldeasturias.com\\\/noticias#listItem\",\"position\":1,\"name\":\"Home\",\"item\":\"https:\\\/\\\/www.eldigitaldeasturias.com\\\/noticias\",\"nextItem\":{\"@type\":\"ListItem\",\"@id\":\"https:\\\/\\\/www.eldigitaldeasturias.com\\\/noticias\\\/category\\\/actualidad\\\/#listItem\",\"name\":\"Actualidad\"}},{\"@type\":\"ListItem\",\"@id\":\"https:\\\/\\\/www.eldigitaldeasturias.com\\\/noticias\\\/category\\\/actualidad\\\/#listItem\",\"position\":2,\"name\":\"Actualidad\",\"item\":\"https:\\\/\\\/www.eldigitaldeasturias.com\\\/noticias\\\/category\\\/actualidad\\\/\",\"nextItem\":{\"@type\":\"ListItem\",\"@id\":\"https:\\\/\\\/www.eldigitaldeasturias.com\\\/noticias\\\/el-espanyol-a-distanciarse-del-descenso-a-costa-de-un-granada-en-crisis\\\/#listItem\",\"name\":\"El Espanyol, a distanciarse del descenso a costa de un Granada en crisis\"},\"previousItem\":{\"@type\":\"ListItem\",\"@id\":\"https:\\\/\\\/www.eldigitaldeasturias.com\\\/noticias#listItem\",\"name\":\"Home\"}},{\"@type\":\"ListItem\",\"@id\":\"https:\\\/\\\/www.eldigitaldeasturias.com\\\/noticias\\\/el-espanyol-a-distanciarse-del-descenso-a-costa-de-un-granada-en-crisis\\\/#listItem\",\"position\":3,\"name\":\"El Espanyol, a distanciarse del descenso a costa de un Granada en crisis\",\"previousItem\":{\"@type\":\"ListItem\",\"@id\":\"https:\\\/\\\/www.eldigitaldeasturias.com\\\/noticias\\\/category\\\/actualidad\\\/#listItem\",\"name\":\"Actualidad\"}}]},{\"@type\":\"Organization\",\"@id\":\"https:\\\/\\\/www.eldigitaldeasturias.com\\\/noticias\\\/#organization\",\"name\":\"El Digital de Asturias\",\"description\":\"Hemeroteca\",\"url\":\"https:\\\/\\\/www.eldigitaldeasturias.com\\\/noticias\\\/\",\"email\":\"info@eldigitaldeasturias.com\",\"telephone\":\"+34652131393\",\"logo\":{\"@type\":\"ImageObject\",\"url\":\"https:\\\/\\\/www.eldigitaldeasturias.com\\\/noticias\\\/wp-content\\\/uploads\\\/2020\\\/12\\\/EDA.jpg\",\"@id\":\"https:\\\/\\\/www.eldigitaldeasturias.com\\\/noticias\\\/el-espanyol-a-distanciarse-del-descenso-a-costa-de-un-granada-en-crisis\\\/#organizationLogo\"},\"image\":{\"@id\":\"https:\\\/\\\/www.eldigitaldeasturias.com\\\/noticias\\\/el-espanyol-a-distanciarse-del-descenso-a-costa-de-un-granada-en-crisis\\\/#organizationLogo\"},\"sameAs\":[\"https:\\\/\\\/facebook.com\\\/eldigitaldeasturias\",\"https:\\\/\\\/www.youtube.com\\\/channel\\\/UCZP-2wLEB9Rv6erhFmqVnvg\"],\"address\":{\"@id\":\"https:\\\/\\\/www.eldigitaldeasturias.com\\\/noticias\\\/#postaladdress\",\"@type\":\"PostalAddress\",\"streetAddress\":\"san antonio 4\",\"postalCode\":\"33430\",\"addressLocality\":\"Cand\\u00e1s\",\"addressRegion\":\"Asturias\",\"addressCountry\":\"ES\"}},{\"@type\":\"Person\",\"@id\":\"https:\\\/\\\/www.eldigitaldeasturias.com\\\/noticias\\\/author\\\/admin\\\/#author\",\"url\":\"https:\\\/\\\/www.eldigitaldeasturias.com\\\/noticias\\\/author\\\/admin\\\/\",\"name\":\"El Digital de Asturias\",\"image\":{\"@type\":\"ImageObject\",\"@id\":\"https:\\\/\\\/www.eldigitaldeasturias.com\\\/noticias\\\/el-espanyol-a-distanciarse-del-descenso-a-costa-de-un-granada-en-crisis\\\/#authorImage\",\"url\":\"https:\\\/\\\/secure.gravatar.com\\\/avatar\\\/df2aeffc32bcd13f8d26072ef8a91b623d677766deac7f97ca815868cd41bf5e?s=96&d=mm&r=g\",\"width\":96,\"height\":96,\"caption\":\"El Digital de Asturias\"}},{\"@type\":\"WebPage\",\"@id\":\"https:\\\/\\\/www.eldigitaldeasturias.com\\\/noticias\\\/el-espanyol-a-distanciarse-del-descenso-a-costa-de-un-granada-en-crisis\\\/#webpage\",\"url\":\"https:\\\/\\\/www.eldigitaldeasturias.com\\\/noticias\\\/el-espanyol-a-distanciarse-del-descenso-a-costa-de-un-granada-en-crisis\\\/\",\"name\":\"El Espanyol, a distanciarse del descenso a costa de un Granada en crisis - El Digital de Asturias\",\"description\":\"Cornell\\u00e0 de Llobregat (Barcelona), 6 feb (EFE).- El Espanyol, tras perder contra el colista, ya habla de finales, ante la posibilidad de alejar a rivales directos por la permanencia en esta segunda vuelta del campeonato, y la primera es el partido de ma\\u00f1ana a las 21.00 horas contra el Granada en Cornell\\u00e0-El Prat. El cuadro\",\"inLanguage\":\"es-ES\",\"isPartOf\":{\"@id\":\"https:\\\/\\\/www.eldigitaldeasturias.com\\\/noticias\\\/#website\"},\"breadcrumb\":{\"@id\":\"https:\\\/\\\/www.eldigitaldeasturias.com\\\/noticias\\\/el-espanyol-a-distanciarse-del-descenso-a-costa-de-un-granada-en-crisis\\\/#breadcrumblist\"},\"author\":{\"@id\":\"https:\\\/\\\/www.eldigitaldeasturias.com\\\/noticias\\\/author\\\/admin\\\/#author\"},\"creator\":{\"@id\":\"https:\\\/\\\/www.eldigitaldeasturias.com\\\/noticias\\\/author\\\/admin\\\/#author\"},\"image\":{\"@type\":\"ImageObject\",\"url\":485348,\"@id\":\"https:\\\/\\\/www.eldigitaldeasturias.com\\\/noticias\\\/el-espanyol-a-distanciarse-del-descenso-a-costa-de-un-granada-en-crisis\\\/#mainImage\"},\"primaryImageOfPage\":{\"@id\":\"https:\\\/\\\/www.eldigitaldeasturias.com\\\/noticias\\\/el-espanyol-a-distanciarse-del-descenso-a-costa-de-un-granada-en-crisis\\\/#mainImage\"},\"datePublished\":\"2014-02-06T23:05:50+01:00\",\"dateModified\":\"2014-02-06T23:05:50+01:00\"},{\"@type\":\"WebSite\",\"@id\":\"https:\\\/\\\/www.eldigitaldeasturias.com\\\/noticias\\\/#website\",\"url\":\"https:\\\/\\\/www.eldigitaldeasturias.com\\\/noticias\\\/\",\"name\":\"El Digital de Asturias - Diario de actualidad y noticias\",\"alternateName\":\"El Digital de Asturias - Diario de actualidad y noticias\",\"description\":\"Hemeroteca\",\"inLanguage\":\"es-ES\",\"publisher\":{\"@id\":\"https:\\\/\\\/www.eldigitaldeasturias.com\\\/noticias\\\/#organization\"}}]}\n\t\t<\/script>\n\t\t<!-- All in One SEO Pro -->\r\n\t\t<title>El Espanyol, a distanciarse del descenso a costa de un Granada en crisis - El Digital de Asturias<\/title>\n\n","aioseo_head_json":{"title":"El Espanyol, a distanciarse del descenso a costa de un Granada en crisis - El Digital de Asturias","description":"Cornell\u00e0 de Llobregat (Barcelona), 6 feb (EFE).- El Espanyol, tras perder contra el colista, ya habla de finales, ante la posibilidad de alejar a rivales directos por la permanencia en esta segunda vuelta del campeonato, y la primera es el partido de ma\u00f1ana a las 21.00 horas contra el Granada en Cornell\u00e0-El Prat. El cuadro","canonical_url":"https:\/\/www.eldigitaldeasturias.com\/noticias\/el-espanyol-a-distanciarse-del-descenso-a-costa-de-un-granada-en-crisis\/","robots":"max-image-preview:large","keywords":"actualidad","webmasterTools":{"google-site-verification":"UA-38556648-1","msvalidate.01":"7dfe9f3f1b24437ab69f4f2559babe99","miscellaneous":""},"schema":{"@context":"https:\/\/schema.org","@graph":[{"@type":"BlogPosting","@id":"https:\/\/www.eldigitaldeasturias.com\/noticias\/el-espanyol-a-distanciarse-del-descenso-a-costa-de-un-granada-en-crisis\/#blogposting","name":"El Espanyol, a distanciarse del descenso a costa de un Granada en crisis - El Digital de Asturias","headline":"El Espanyol, a distanciarse del descenso a costa de un Granada en crisis","author":{"@id":"https:\/\/www.eldigitaldeasturias.com\/noticias\/author\/admin\/#author"},"publisher":{"@id":"https:\/\/www.eldigitaldeasturias.com\/noticias\/#organization"},"image":{"@type":"ImageObject","url":485348},"datePublished":"2014-02-06T23:05:50+01:00","dateModified":"2014-02-06T23:05:50+01:00","inLanguage":"es-ES","mainEntityOfPage":{"@id":"https:\/\/www.eldigitaldeasturias.com\/noticias\/el-espanyol-a-distanciarse-del-descenso-a-costa-de-un-granada-en-crisis\/#webpage"},"isPartOf":{"@id":"https:\/\/www.eldigitaldeasturias.com\/noticias\/el-espanyol-a-distanciarse-del-descenso-a-costa-de-un-granada-en-crisis\/#webpage"},"articleSection":"Actualidad"},{"@type":"BreadcrumbList","@id":"https:\/\/www.eldigitaldeasturias.com\/noticias\/el-espanyol-a-distanciarse-del-descenso-a-costa-de-un-granada-en-crisis\/#breadcrumblist","itemListElement":[{"@type":"ListItem","@id":"https:\/\/www.eldigitaldeasturias.com\/noticias#listItem","position":1,"name":"Home","item":"https:\/\/www.eldigitaldeasturias.com\/noticias","nextItem":{"@type":"ListItem","@id":"https:\/\/www.eldigitaldeasturias.com\/noticias\/category\/actualidad\/#listItem","name":"Actualidad"}},{"@type":"ListItem","@id":"https:\/\/www.eldigitaldeasturias.com\/noticias\/category\/actualidad\/#listItem","position":2,"name":"Actualidad","item":"https:\/\/www.eldigitaldeasturias.com\/noticias\/category\/actualidad\/","nextItem":{"@type":"ListItem","@id":"https:\/\/www.eldigitaldeasturias.com\/noticias\/el-espanyol-a-distanciarse-del-descenso-a-costa-de-un-granada-en-crisis\/#listItem","name":"El Espanyol, a distanciarse del descenso a costa de un Granada en crisis"},"previousItem":{"@type":"ListItem","@id":"https:\/\/www.eldigitaldeasturias.com\/noticias#listItem","name":"Home"}},{"@type":"ListItem","@id":"https:\/\/www.eldigitaldeasturias.com\/noticias\/el-espanyol-a-distanciarse-del-descenso-a-costa-de-un-granada-en-crisis\/#listItem","position":3,"name":"El Espanyol, a distanciarse del descenso a costa de un Granada en crisis","previousItem":{"@type":"ListItem","@id":"https:\/\/www.eldigitaldeasturias.com\/noticias\/category\/actualidad\/#listItem","name":"Actualidad"}}]},{"@type":"Organization","@id":"https:\/\/www.eldigitaldeasturias.com\/noticias\/#organization","name":"El Digital de Asturias","description":"Hemeroteca","url":"https:\/\/www.eldigitaldeasturias.com\/noticias\/","email":"info@eldigitaldeasturias.com","telephone":"+34652131393","logo":{"@type":"ImageObject","url":"https:\/\/www.eldigitaldeasturias.com\/noticias\/wp-content\/uploads\/2020\/12\/EDA.jpg","@id":"https:\/\/www.eldigitaldeasturias.com\/noticias\/el-espanyol-a-distanciarse-del-descenso-a-costa-de-un-granada-en-crisis\/#organizationLogo"},"image":{"@id":"https:\/\/www.eldigitaldeasturias.com\/noticias\/el-espanyol-a-distanciarse-del-descenso-a-costa-de-un-granada-en-crisis\/#organizationLogo"},"sameAs":["https:\/\/facebook.com\/eldigitaldeasturias","https:\/\/www.youtube.com\/channel\/UCZP-2wLEB9Rv6erhFmqVnvg"],"address":{"@id":"https:\/\/www.eldigitaldeasturias.com\/noticias\/#postaladdress","@type":"PostalAddress","streetAddress":"san antonio 4","postalCode":"33430","addressLocality":"Cand\u00e1s","addressRegion":"Asturias","addressCountry":"ES"}},{"@type":"Person","@id":"https:\/\/www.eldigitaldeasturias.com\/noticias\/author\/admin\/#author","url":"https:\/\/www.eldigitaldeasturias.com\/noticias\/author\/admin\/","name":"El Digital de Asturias","image":{"@type":"ImageObject","@id":"https:\/\/www.eldigitaldeasturias.com\/noticias\/el-espanyol-a-distanciarse-del-descenso-a-costa-de-un-granada-en-crisis\/#authorImage","url":"https:\/\/secure.gravatar.com\/avatar\/df2aeffc32bcd13f8d26072ef8a91b623d677766deac7f97ca815868cd41bf5e?s=96&d=mm&r=g","width":96,"height":96,"caption":"El Digital de Asturias"}},{"@type":"WebPage","@id":"https:\/\/www.eldigitaldeasturias.com\/noticias\/el-espanyol-a-distanciarse-del-descenso-a-costa-de-un-granada-en-crisis\/#webpage","url":"https:\/\/www.eldigitaldeasturias.com\/noticias\/el-espanyol-a-distanciarse-del-descenso-a-costa-de-un-granada-en-crisis\/","name":"El Espanyol, a distanciarse del descenso a costa de un Granada en crisis - El Digital de Asturias","description":"Cornell\u00e0 de Llobregat (Barcelona), 6 feb (EFE).- El Espanyol, tras perder contra el colista, ya habla de finales, ante la posibilidad de alejar a rivales directos por la permanencia en esta segunda vuelta del campeonato, y la primera es el partido de ma\u00f1ana a las 21.00 horas contra el Granada en Cornell\u00e0-El Prat. El cuadro","inLanguage":"es-ES","isPartOf":{"@id":"https:\/\/www.eldigitaldeasturias.com\/noticias\/#website"},"breadcrumb":{"@id":"https:\/\/www.eldigitaldeasturias.com\/noticias\/el-espanyol-a-distanciarse-del-descenso-a-costa-de-un-granada-en-crisis\/#breadcrumblist"},"author":{"@id":"https:\/\/www.eldigitaldeasturias.com\/noticias\/author\/admin\/#author"},"creator":{"@id":"https:\/\/www.eldigitaldeasturias.com\/noticias\/author\/admin\/#author"},"image":{"@type":"ImageObject","url":485348,"@id":"https:\/\/www.eldigitaldeasturias.com\/noticias\/el-espanyol-a-distanciarse-del-descenso-a-costa-de-un-granada-en-crisis\/#mainImage"},"primaryImageOfPage":{"@id":"https:\/\/www.eldigitaldeasturias.com\/noticias\/el-espanyol-a-distanciarse-del-descenso-a-costa-de-un-granada-en-crisis\/#mainImage"},"datePublished":"2014-02-06T23:05:50+01:00","dateModified":"2014-02-06T23:05:50+01:00"},{"@type":"WebSite","@id":"https:\/\/www.eldigitaldeasturias.com\/noticias\/#website","url":"https:\/\/www.eldigitaldeasturias.com\/noticias\/","name":"El Digital de Asturias - Diario de actualidad y noticias","alternateName":"El Digital de Asturias - Diario de actualidad y noticias","description":"Hemeroteca","inLanguage":"es-ES","publisher":{"@id":"https:\/\/www.eldigitaldeasturias.com\/noticias\/#organization"}}]},"og:locale":"es_ES","og:site_name":"El Digital de Asturias","og:type":"article","og:title":"El Espanyol, a distanciarse del descenso a costa de un Granada en crisis - El Digital de Asturias","og:description":"Cornell\u00e0 de Llobregat (Barcelona), 6 feb (EFE).- El Espanyol, tras perder contra el colista, ya habla de finales, ante la posibilidad de alejar a rivales directos por la permanencia en esta segunda vuelta del campeonato, y la primera es el partido de ma\u00f1ana a las 21.00 horas contra el Granada en Cornell\u00e0-El Prat. El cuadro","og:url":"https:\/\/www.eldigitaldeasturias.com\/noticias\/el-espanyol-a-distanciarse-del-descenso-a-costa-de-un-granada-en-crisis\/","article:tag":["actualidad"],"article:published_time":"2014-02-07T00:05:50+00:00","article:modified_time":"2014-02-07T00:05:50+00:00","article:publisher":"https:\/\/facebook.com\/eldigitaldeasturias","twitter:card":"summary_large_image","twitter:title":"El Espanyol, a distanciarse del descenso a costa de un Granada en crisis - El Digital de Asturias","twitter:description":"Cornell\u00e0 de Llobregat (Barcelona), 6 feb (EFE).- El Espanyol, tras perder contra el colista, ya habla de finales, ante la posibilidad de alejar a rivales directos por la permanencia en esta segunda vuelta del campeonato, y la primera es el partido de ma\u00f1ana a las 21.00 horas contra el Granada en Cornell\u00e0-El Prat. El cuadro","twitter:label1":"Escrito por","twitter:data1":"El Digital de Asturias","twitter:label2":"Tiempo de lectura estimado","twitter:data2":"3 minutos"},"aioseo_meta_data":{"post_id":"485347","title":null,"description":null,"keywords":null,"keyphrases":null,"primary_term":null,"canonical_url":null,"og_title":null,"og_description":null,"og_object_type":"default","og_image_type":"default","og_image_url":null,"og_image_width":null,"og_image_height":null,"og_image_custom_url":null,"og_image_custom_fields":null,"og_video":null,"og_custom_url":null,"og_article_section":null,"og_article_tags":null,"twitter_use_og":true,"twitter_card":"default","twitter_image_type":"default","twitter_image_url":null,"twitter_image_custom_url":null,"twitter_image_custom_fields":null,"twitter_title":null,"twitter_description":null,"schema":{"blockGraphs":[],"customGraphs":[],"default":{"data":{"Article":[],"Course":[],"Dataset":[],"FAQPage":[],"Movie":[],"Person":[],"Product":[],"ProductReview":[],"Car":[],"Recipe":[],"Service":[],"SoftwareApplication":[],"WebPage":[]},"graphName":"","isEnabled":true},"graphs":[],"defaultGraph":"","defaultPostTypeGraph":""},"schema_type":null,"schema_type_options":null,"pillar_content":false,"robots_default":true,"robots_noindex":false,"robots_noarchive":false,"robots_nosnippet":false,"robots_nofollow":false,"robots_noimageindex":false,"robots_noodp":false,"robots_notranslate":false,"robots_max_snippet":null,"robots_max_videopreview":null,"robots_max_imagepreview":"none","priority":null,"frequency":null,"local_seo":null,"seo_analyzer_scan_date":"2026-06-02 19:51:55","breadcrumb_settings":null,"limit_modified_date":false,"open_ai":null,"ai":null,"created":"2020-11-14 22:55:14","updated":"2026-06-02 19:51:55","focus_keyword":null,"additional_keywords":null,"truseo_locale":null},"aioseo_breadcrumb":"<div class=\"aioseo-breadcrumbs\"><span class=\"aioseo-breadcrumb\">\n\t<a href=\"https:\/\/www.eldigitaldeasturias.com\/noticias\" title=\"Home\">Home<\/a>\n<\/span><span class=\"aioseo-breadcrumb-separator\">\u2013<\/span><span class=\"aioseo-breadcrumb\">\n\t<a href=\"https:\/\/www.eldigitaldeasturias.com\/noticias\/category\/actualidad\/\" title=\"Actualidad\">Actualidad<\/a>\n<\/span><span class=\"aioseo-breadcrumb-separator\">\u2013<\/span><span class=\"aioseo-breadcrumb\">\n\t<a href=\"https:\/\/www.eldigitaldeasturias.com\/noticias\/el-espanyol-a-distanciarse-del-descenso-a-costa-de-un-granada-en-crisis\/\" title=\"El Espanyol, a distanciarse del descenso a costa de un Granada en crisis\">El Espanyol, a distanciarse del descenso a costa de un Granada en crisis<\/a>\n<\/span><\/div>","aioseo_breadcrumb_json":[{"label":"Home","link":"https:\/\/www.eldigitaldeasturias.com\/noticias"},{"label":"Actualidad","link":"https:\/\/www.eldigitaldeasturias.com\/noticias\/category\/actualidad\/"},{"label":"El Espanyol, a distanciarse del descenso a costa de un Granada en crisis","link":"https:\/\/www.eldigitaldeasturias.com\/noticias\/el-espanyol-a-distanciarse-del-descenso-a-costa-de-un-granada-en-crisis\/"}],"_links":{"self":[{"href":"https:\/\/www.eldigitaldeasturias.com\/noticias\/wp-json\/wp\/v2\/posts\/485347","targetHints":{"allow":["GET"]}}],"collection":[{"href":"https:\/\/www.eldigitaldeasturias.com\/noticias\/wp-json\/wp\/v2\/posts"}],"about":[{"href":"https:\/\/www.eldigitaldeasturias.com\/noticias\/wp-json\/wp\/v2\/types\/post"}],"author":[{"embeddable":true,"href":"https:\/\/www.eldigitaldeasturias.com\/noticias\/wp-json\/wp\/v2\/users\/1"}],"replies":[{"embeddable":true,"href":"https:\/\/www.eldigitaldeasturias.com\/noticias\/wp-json\/wp\/v2\/comments?post=485347"}],"version-history":[{"count":0,"href":"https:\/\/www.eldigitaldeasturias.com\/noticias\/wp-json\/wp\/v2\/posts\/485347\/revisions"}],"wp:attachment":[{"href":"https:\/\/www.eldigitaldeasturias.com\/noticias\/wp-json\/wp\/v2\/media?parent=485347"}],"wp:term":[{"taxonomy":"category","embeddable":true,"href":"https:\/\/www.eldigitaldeasturias.com\/noticias\/wp-json\/wp\/v2\/categories?post=485347"},{"taxonomy":"post_tag","embeddable":true,"href":"https:\/\/www.eldigitaldeasturias.com\/noticias\/wp-json\/wp\/v2\/tags?post=485347"}],"curies":[{"name":"wp","href":"https:\/\/api.w.org\/{rel}","templated":true}]}}