{"id":485336,"date":"2014-02-06T22:33:16","date_gmt":"2014-02-06T23:33:16","guid":{"rendered":"http:\/\/www.eldigitaldeasturias.com\/noticias\/?p=485336"},"modified":"2014-02-06T22:33:16","modified_gmt":"2014-02-06T23:33:16","slug":"javi-gracia-cuenta-con-toda-la-plantilla-para-recibir-al-getafe","status":"publish","type":"post","link":"https:\/\/www.eldigitaldeasturias.com\/noticias\/javi-gracia-cuenta-con-toda-la-plantilla-para-recibir-al-getafe\/","title":{"rendered":"Javi Gracia cuenta con toda la plantilla para recibir al Getafe"},"content":{"rendered":"<p><img loading=\"lazy\" decoding=\"async\" class=\"alignleft size-medium wp-image-485337\" alt=\"5917039w\" src=\"https:\/\/www.eldigitaldeasturias.com\/noticias\/wp-content\/uploads\/2014\/02\/5917039w-360x259.jpg\" width=\"360\" height=\"259\" \/>Pamplona, 6 feb (EFE).- El entrenador de Osasuna, Javi Gracia, dispone de toda la plantilla para el partido del domingo contra el Getafe en el estadio de El Sadar, con la excepci\u00f3n de Sisi, que sufre una lesi\u00f3n de larga duraci\u00f3n y que no tiene ficha para jugar.<\/p>\n<p>El jugador de Albacete ha comenzado esta semana a correr por su cuenta en las instalaciones deportivas, en el proceso de recuperaci\u00f3n de una grave lesi\u00f3n de rodilla que sufri\u00f3 el pasado 19 de octubre en el encuentro Osasuna-Barcelona.<\/p>\n<p>La sesi\u00f3n matinal de entrenamiento ha durado hoy dos horas en Tajonar, con el objetivo de preparar el encuentro ante el equipo madrile\u00f1o.<\/p>\n<p>El t\u00e9cnico pamplon\u00e9s no ha ofrecido pistas acerca del posible once titular, ya que ha dividido a la plantilla en dos equipos mezclando a titulares y suplentes.<\/p>\n","protected":false},"excerpt":{"rendered":"<p>Pamplona, 6 feb (EFE).- El entrenador de Osasuna, Javi Gracia, dispone de toda la plantilla para el partido del domingo contra el Getafe en el estadio de El Sadar, con la excepci\u00f3n de Sisi, que sufre una lesi\u00f3n de larga duraci\u00f3n y que no tiene ficha para jugar. El jugador de Albacete ha comenzado esta [&hellip;]<\/p>\n","protected":false},"author":1,"featured_media":485337,"comment_status":"closed","ping_status":"open","sticky":false,"template":"","format":"standard","meta":{"footnotes":""},"categories":[1],"tags":[],"class_list":["post-485336","post","type-post","status-publish","format-standard","has-post-thumbnail","hentry","category-actualidad"],"aioseo_notices":[],"aioseo_head":"\n\t\t<!-- All in One SEO Pro 5.0.1 - aioseo.com -->\n\t<meta name=\"description\" content=\"Pamplona, 6 feb (EFE).- El entrenador de Osasuna, Javi Gracia, dispone de toda la plantilla para el partido del domingo contra el Getafe en el estadio de El Sadar, con la excepci\u00f3n de Sisi, que sufre una lesi\u00f3n de larga duraci\u00f3n y que no tiene ficha para jugar. El jugador de Albacete ha comenzado esta\" \/>\n\t<meta name=\"robots\" content=\"max-image-preview:large\" \/>\n\t<meta name=\"author\" content=\"El Digital de Asturias\"\/>\n\t<meta name=\"google-site-verification\" content=\"UA-38556648-1\" \/>\n\t<meta name=\"msvalidate.01\" content=\"7dfe9f3f1b24437ab69f4f2559babe99\" \/>\n\t<meta name=\"keywords\" content=\"actualidad\" \/>\n\t<link rel=\"canonical\" href=\"https:\/\/www.eldigitaldeasturias.com\/noticias\/javi-gracia-cuenta-con-toda-la-plantilla-para-recibir-al-getafe\/\" \/>\n\t<meta name=\"generator\" content=\"All in One SEO Pro (AIOSEO) 5.0.1\" \/>\n\t\t<meta property=\"og:locale\" content=\"es_ES\" \/>\n\t\t<meta property=\"og:site_name\" content=\"El Digital de Asturias\" \/>\n\t\t<meta property=\"og:type\" content=\"article\" \/>\n\t\t<meta property=\"og:title\" content=\"Javi Gracia cuenta con toda la plantilla para recibir al Getafe - El Digital de Asturias\" \/>\n\t\t<meta property=\"og:description\" content=\"Pamplona, 6 feb (EFE).- El entrenador de Osasuna, Javi Gracia, dispone de toda la plantilla para el partido del domingo contra el Getafe en el estadio de El Sadar, con la excepci\u00f3n de Sisi, que sufre una lesi\u00f3n de larga duraci\u00f3n y que no tiene ficha para jugar. El jugador de Albacete ha comenzado esta\" \/>\n\t\t<meta property=\"og:url\" content=\"https:\/\/www.eldigitaldeasturias.com\/noticias\/javi-gracia-cuenta-con-toda-la-plantilla-para-recibir-al-getafe\/\" \/>\n\t\t<meta property=\"article:tag\" content=\"actualidad\" \/>\n\t\t<meta property=\"article:published_time\" content=\"2014-02-06T23:33:16+00:00\" \/>\n\t\t<meta property=\"article:modified_time\" content=\"2014-02-06T23:33:16+00:00\" \/>\n\t\t<meta property=\"article:publisher\" content=\"https:\/\/facebook.com\/eldigitaldeasturias\" \/>\n\t\t<meta name=\"twitter:card\" content=\"summary_large_image\" \/>\n\t\t<meta name=\"twitter:title\" content=\"Javi Gracia cuenta con toda la plantilla para recibir al Getafe - El Digital de Asturias\" \/>\n\t\t<meta name=\"twitter:description\" content=\"Pamplona, 6 feb (EFE).- El entrenador de Osasuna, Javi Gracia, dispone de toda la plantilla para el partido del domingo contra el Getafe en el estadio de El Sadar, con la excepci\u00f3n de Sisi, que sufre una lesi\u00f3n de larga duraci\u00f3n y que no tiene ficha para jugar. El jugador de Albacete ha comenzado esta\" \/>\n\t\t<meta name=\"twitter:label1\" content=\"Escrito por\" \/>\n\t\t<meta name=\"twitter:data1\" content=\"El Digital de Asturias\" \/>\n\t\t<meta name=\"twitter:label2\" content=\"Tiempo de lectura estimado\" \/>\n\t\t<meta name=\"twitter:data2\" content=\"1 minuto\" \/>\n\t\t<script type=\"application\/ld+json\" class=\"aioseo-schema\">\n\t\t\t{\"@context\":\"https:\\\/\\\/schema.org\",\"@graph\":[{\"@type\":\"BlogPosting\",\"@id\":\"https:\\\/\\\/www.eldigitaldeasturias.com\\\/noticias\\\/javi-gracia-cuenta-con-toda-la-plantilla-para-recibir-al-getafe\\\/#blogposting\",\"name\":\"Javi Gracia cuenta con toda la plantilla para recibir al Getafe - El Digital de Asturias\",\"headline\":\"Javi Gracia cuenta con toda la plantilla para recibir al Getafe\",\"author\":{\"@id\":\"https:\\\/\\\/www.eldigitaldeasturias.com\\\/noticias\\\/author\\\/admin\\\/#author\"},\"publisher\":{\"@id\":\"https:\\\/\\\/www.eldigitaldeasturias.com\\\/noticias\\\/#organization\"},\"image\":{\"@type\":\"ImageObject\",\"url\":485337},\"datePublished\":\"2014-02-06T22:33:16+01:00\",\"dateModified\":\"2014-02-06T22:33:16+01:00\",\"inLanguage\":\"es-ES\",\"mainEntityOfPage\":{\"@id\":\"https:\\\/\\\/www.eldigitaldeasturias.com\\\/noticias\\\/javi-gracia-cuenta-con-toda-la-plantilla-para-recibir-al-getafe\\\/#webpage\"},\"isPartOf\":{\"@id\":\"https:\\\/\\\/www.eldigitaldeasturias.com\\\/noticias\\\/javi-gracia-cuenta-con-toda-la-plantilla-para-recibir-al-getafe\\\/#webpage\"},\"articleSection\":\"Actualidad\"},{\"@type\":\"BreadcrumbList\",\"@id\":\"https:\\\/\\\/www.eldigitaldeasturias.com\\\/noticias\\\/javi-gracia-cuenta-con-toda-la-plantilla-para-recibir-al-getafe\\\/#breadcrumblist\",\"itemListElement\":[{\"@type\":\"ListItem\",\"@id\":\"https:\\\/\\\/www.eldigitaldeasturias.com\\\/noticias#listItem\",\"position\":1,\"name\":\"Home\",\"item\":\"https:\\\/\\\/www.eldigitaldeasturias.com\\\/noticias\",\"nextItem\":{\"@type\":\"ListItem\",\"@id\":\"https:\\\/\\\/www.eldigitaldeasturias.com\\\/noticias\\\/category\\\/actualidad\\\/#listItem\",\"name\":\"Actualidad\"}},{\"@type\":\"ListItem\",\"@id\":\"https:\\\/\\\/www.eldigitaldeasturias.com\\\/noticias\\\/category\\\/actualidad\\\/#listItem\",\"position\":2,\"name\":\"Actualidad\",\"item\":\"https:\\\/\\\/www.eldigitaldeasturias.com\\\/noticias\\\/category\\\/actualidad\\\/\",\"nextItem\":{\"@type\":\"ListItem\",\"@id\":\"https:\\\/\\\/www.eldigitaldeasturias.com\\\/noticias\\\/javi-gracia-cuenta-con-toda-la-plantilla-para-recibir-al-getafe\\\/#listItem\",\"name\":\"Javi Gracia cuenta con toda la plantilla para recibir al Getafe\"},\"previousItem\":{\"@type\":\"ListItem\",\"@id\":\"https:\\\/\\\/www.eldigitaldeasturias.com\\\/noticias#listItem\",\"name\":\"Home\"}},{\"@type\":\"ListItem\",\"@id\":\"https:\\\/\\\/www.eldigitaldeasturias.com\\\/noticias\\\/javi-gracia-cuenta-con-toda-la-plantilla-para-recibir-al-getafe\\\/#listItem\",\"position\":3,\"name\":\"Javi Gracia cuenta con toda la plantilla para recibir al Getafe\",\"previousItem\":{\"@type\":\"ListItem\",\"@id\":\"https:\\\/\\\/www.eldigitaldeasturias.com\\\/noticias\\\/category\\\/actualidad\\\/#listItem\",\"name\":\"Actualidad\"}}]},{\"@type\":\"Organization\",\"@id\":\"https:\\\/\\\/www.eldigitaldeasturias.com\\\/noticias\\\/#organization\",\"name\":\"El Digital de Asturias\",\"description\":\"Hemeroteca\",\"url\":\"https:\\\/\\\/www.eldigitaldeasturias.com\\\/noticias\\\/\",\"email\":\"info@eldigitaldeasturias.com\",\"telephone\":\"+34652131393\",\"logo\":{\"@type\":\"ImageObject\",\"url\":\"https:\\\/\\\/www.eldigitaldeasturias.com\\\/noticias\\\/wp-content\\\/uploads\\\/2020\\\/12\\\/EDA.jpg\",\"@id\":\"https:\\\/\\\/www.eldigitaldeasturias.com\\\/noticias\\\/javi-gracia-cuenta-con-toda-la-plantilla-para-recibir-al-getafe\\\/#organizationLogo\"},\"image\":{\"@id\":\"https:\\\/\\\/www.eldigitaldeasturias.com\\\/noticias\\\/javi-gracia-cuenta-con-toda-la-plantilla-para-recibir-al-getafe\\\/#organizationLogo\"},\"sameAs\":[\"https:\\\/\\\/facebook.com\\\/eldigitaldeasturias\",\"https:\\\/\\\/www.youtube.com\\\/channel\\\/UCZP-2wLEB9Rv6erhFmqVnvg\"],\"address\":{\"@id\":\"https:\\\/\\\/www.eldigitaldeasturias.com\\\/noticias\\\/#postaladdress\",\"@type\":\"PostalAddress\",\"streetAddress\":\"san antonio 4\",\"postalCode\":\"33430\",\"addressLocality\":\"Cand\\u00e1s\",\"addressRegion\":\"Asturias\",\"addressCountry\":\"ES\"}},{\"@type\":\"Person\",\"@id\":\"https:\\\/\\\/www.eldigitaldeasturias.com\\\/noticias\\\/author\\\/admin\\\/#author\",\"url\":\"https:\\\/\\\/www.eldigitaldeasturias.com\\\/noticias\\\/author\\\/admin\\\/\",\"name\":\"El Digital de Asturias\",\"image\":{\"@type\":\"ImageObject\",\"@id\":\"https:\\\/\\\/www.eldigitaldeasturias.com\\\/noticias\\\/javi-gracia-cuenta-con-toda-la-plantilla-para-recibir-al-getafe\\\/#authorImage\",\"url\":\"https:\\\/\\\/secure.gravatar.com\\\/avatar\\\/df2aeffc32bcd13f8d26072ef8a91b623d677766deac7f97ca815868cd41bf5e?s=96&d=mm&r=g\",\"width\":96,\"height\":96,\"caption\":\"El Digital de Asturias\"}},{\"@type\":\"WebPage\",\"@id\":\"https:\\\/\\\/www.eldigitaldeasturias.com\\\/noticias\\\/javi-gracia-cuenta-con-toda-la-plantilla-para-recibir-al-getafe\\\/#webpage\",\"url\":\"https:\\\/\\\/www.eldigitaldeasturias.com\\\/noticias\\\/javi-gracia-cuenta-con-toda-la-plantilla-para-recibir-al-getafe\\\/\",\"name\":\"Javi Gracia cuenta con toda la plantilla para recibir al Getafe - El Digital de Asturias\",\"description\":\"Pamplona, 6 feb (EFE).- El entrenador de Osasuna, Javi Gracia, dispone de toda la plantilla para el partido del domingo contra el Getafe en el estadio de El Sadar, con la excepci\\u00f3n de Sisi, que sufre una lesi\\u00f3n de larga duraci\\u00f3n y que no tiene ficha para jugar. El jugador de Albacete ha comenzado esta\",\"inLanguage\":\"es-ES\",\"isPartOf\":{\"@id\":\"https:\\\/\\\/www.eldigitaldeasturias.com\\\/noticias\\\/#website\"},\"breadcrumb\":{\"@id\":\"https:\\\/\\\/www.eldigitaldeasturias.com\\\/noticias\\\/javi-gracia-cuenta-con-toda-la-plantilla-para-recibir-al-getafe\\\/#breadcrumblist\"},\"author\":{\"@id\":\"https:\\\/\\\/www.eldigitaldeasturias.com\\\/noticias\\\/author\\\/admin\\\/#author\"},\"creator\":{\"@id\":\"https:\\\/\\\/www.eldigitaldeasturias.com\\\/noticias\\\/author\\\/admin\\\/#author\"},\"image\":{\"@type\":\"ImageObject\",\"url\":485337,\"@id\":\"https:\\\/\\\/www.eldigitaldeasturias.com\\\/noticias\\\/javi-gracia-cuenta-con-toda-la-plantilla-para-recibir-al-getafe\\\/#mainImage\"},\"primaryImageOfPage\":{\"@id\":\"https:\\\/\\\/www.eldigitaldeasturias.com\\\/noticias\\\/javi-gracia-cuenta-con-toda-la-plantilla-para-recibir-al-getafe\\\/#mainImage\"},\"datePublished\":\"2014-02-06T22:33:16+01:00\",\"dateModified\":\"2014-02-06T22:33:16+01:00\"},{\"@type\":\"WebSite\",\"@id\":\"https:\\\/\\\/www.eldigitaldeasturias.com\\\/noticias\\\/#website\",\"url\":\"https:\\\/\\\/www.eldigitaldeasturias.com\\\/noticias\\\/\",\"name\":\"El Digital de Asturias - Diario de actualidad y noticias\",\"alternateName\":\"El Digital de Asturias - Diario de actualidad y noticias\",\"description\":\"Hemeroteca\",\"inLanguage\":\"es-ES\",\"publisher\":{\"@id\":\"https:\\\/\\\/www.eldigitaldeasturias.com\\\/noticias\\\/#organization\"}}]}\n\t\t<\/script>\n\t\t<!-- All in One SEO Pro -->\r\n\t\t<title>Javi Gracia cuenta con toda la plantilla para recibir al Getafe - El Digital de Asturias<\/title>\n\n","aioseo_head_json":{"title":"Javi Gracia cuenta con toda la plantilla para recibir al Getafe - El Digital de Asturias","description":"Pamplona, 6 feb (EFE).- El entrenador de Osasuna, Javi Gracia, dispone de toda la plantilla para el partido del domingo contra el Getafe en el estadio de El Sadar, con la excepci\u00f3n de Sisi, que sufre una lesi\u00f3n de larga duraci\u00f3n y que no tiene ficha para jugar. El jugador de Albacete ha comenzado esta","canonical_url":"https:\/\/www.eldigitaldeasturias.com\/noticias\/javi-gracia-cuenta-con-toda-la-plantilla-para-recibir-al-getafe\/","robots":"max-image-preview:large","keywords":"actualidad","webmasterTools":{"google-site-verification":"UA-38556648-1","msvalidate.01":"7dfe9f3f1b24437ab69f4f2559babe99","miscellaneous":""},"schema":{"@context":"https:\/\/schema.org","@graph":[{"@type":"BlogPosting","@id":"https:\/\/www.eldigitaldeasturias.com\/noticias\/javi-gracia-cuenta-con-toda-la-plantilla-para-recibir-al-getafe\/#blogposting","name":"Javi Gracia cuenta con toda la plantilla para recibir al Getafe - El Digital de Asturias","headline":"Javi Gracia cuenta con toda la plantilla para recibir al Getafe","author":{"@id":"https:\/\/www.eldigitaldeasturias.com\/noticias\/author\/admin\/#author"},"publisher":{"@id":"https:\/\/www.eldigitaldeasturias.com\/noticias\/#organization"},"image":{"@type":"ImageObject","url":485337},"datePublished":"2014-02-06T22:33:16+01:00","dateModified":"2014-02-06T22:33:16+01:00","inLanguage":"es-ES","mainEntityOfPage":{"@id":"https:\/\/www.eldigitaldeasturias.com\/noticias\/javi-gracia-cuenta-con-toda-la-plantilla-para-recibir-al-getafe\/#webpage"},"isPartOf":{"@id":"https:\/\/www.eldigitaldeasturias.com\/noticias\/javi-gracia-cuenta-con-toda-la-plantilla-para-recibir-al-getafe\/#webpage"},"articleSection":"Actualidad"},{"@type":"BreadcrumbList","@id":"https:\/\/www.eldigitaldeasturias.com\/noticias\/javi-gracia-cuenta-con-toda-la-plantilla-para-recibir-al-getafe\/#breadcrumblist","itemListElement":[{"@type":"ListItem","@id":"https:\/\/www.eldigitaldeasturias.com\/noticias#listItem","position":1,"name":"Home","item":"https:\/\/www.eldigitaldeasturias.com\/noticias","nextItem":{"@type":"ListItem","@id":"https:\/\/www.eldigitaldeasturias.com\/noticias\/category\/actualidad\/#listItem","name":"Actualidad"}},{"@type":"ListItem","@id":"https:\/\/www.eldigitaldeasturias.com\/noticias\/category\/actualidad\/#listItem","position":2,"name":"Actualidad","item":"https:\/\/www.eldigitaldeasturias.com\/noticias\/category\/actualidad\/","nextItem":{"@type":"ListItem","@id":"https:\/\/www.eldigitaldeasturias.com\/noticias\/javi-gracia-cuenta-con-toda-la-plantilla-para-recibir-al-getafe\/#listItem","name":"Javi Gracia cuenta con toda la plantilla para recibir al Getafe"},"previousItem":{"@type":"ListItem","@id":"https:\/\/www.eldigitaldeasturias.com\/noticias#listItem","name":"Home"}},{"@type":"ListItem","@id":"https:\/\/www.eldigitaldeasturias.com\/noticias\/javi-gracia-cuenta-con-toda-la-plantilla-para-recibir-al-getafe\/#listItem","position":3,"name":"Javi Gracia cuenta con toda la plantilla para recibir al Getafe","previousItem":{"@type":"ListItem","@id":"https:\/\/www.eldigitaldeasturias.com\/noticias\/category\/actualidad\/#listItem","name":"Actualidad"}}]},{"@type":"Organization","@id":"https:\/\/www.eldigitaldeasturias.com\/noticias\/#organization","name":"El Digital de Asturias","description":"Hemeroteca","url":"https:\/\/www.eldigitaldeasturias.com\/noticias\/","email":"info@eldigitaldeasturias.com","telephone":"+34652131393","logo":{"@type":"ImageObject","url":"https:\/\/www.eldigitaldeasturias.com\/noticias\/wp-content\/uploads\/2020\/12\/EDA.jpg","@id":"https:\/\/www.eldigitaldeasturias.com\/noticias\/javi-gracia-cuenta-con-toda-la-plantilla-para-recibir-al-getafe\/#organizationLogo"},"image":{"@id":"https:\/\/www.eldigitaldeasturias.com\/noticias\/javi-gracia-cuenta-con-toda-la-plantilla-para-recibir-al-getafe\/#organizationLogo"},"sameAs":["https:\/\/facebook.com\/eldigitaldeasturias","https:\/\/www.youtube.com\/channel\/UCZP-2wLEB9Rv6erhFmqVnvg"],"address":{"@id":"https:\/\/www.eldigitaldeasturias.com\/noticias\/#postaladdress","@type":"PostalAddress","streetAddress":"san antonio 4","postalCode":"33430","addressLocality":"Cand\u00e1s","addressRegion":"Asturias","addressCountry":"ES"}},{"@type":"Person","@id":"https:\/\/www.eldigitaldeasturias.com\/noticias\/author\/admin\/#author","url":"https:\/\/www.eldigitaldeasturias.com\/noticias\/author\/admin\/","name":"El Digital de Asturias","image":{"@type":"ImageObject","@id":"https:\/\/www.eldigitaldeasturias.com\/noticias\/javi-gracia-cuenta-con-toda-la-plantilla-para-recibir-al-getafe\/#authorImage","url":"https:\/\/secure.gravatar.com\/avatar\/df2aeffc32bcd13f8d26072ef8a91b623d677766deac7f97ca815868cd41bf5e?s=96&d=mm&r=g","width":96,"height":96,"caption":"El Digital de Asturias"}},{"@type":"WebPage","@id":"https:\/\/www.eldigitaldeasturias.com\/noticias\/javi-gracia-cuenta-con-toda-la-plantilla-para-recibir-al-getafe\/#webpage","url":"https:\/\/www.eldigitaldeasturias.com\/noticias\/javi-gracia-cuenta-con-toda-la-plantilla-para-recibir-al-getafe\/","name":"Javi Gracia cuenta con toda la plantilla para recibir al Getafe - El Digital de Asturias","description":"Pamplona, 6 feb (EFE).- El entrenador de Osasuna, Javi Gracia, dispone de toda la plantilla para el partido del domingo contra el Getafe en el estadio de El Sadar, con la excepci\u00f3n de Sisi, que sufre una lesi\u00f3n de larga duraci\u00f3n y que no tiene ficha para jugar. El jugador de Albacete ha comenzado esta","inLanguage":"es-ES","isPartOf":{"@id":"https:\/\/www.eldigitaldeasturias.com\/noticias\/#website"},"breadcrumb":{"@id":"https:\/\/www.eldigitaldeasturias.com\/noticias\/javi-gracia-cuenta-con-toda-la-plantilla-para-recibir-al-getafe\/#breadcrumblist"},"author":{"@id":"https:\/\/www.eldigitaldeasturias.com\/noticias\/author\/admin\/#author"},"creator":{"@id":"https:\/\/www.eldigitaldeasturias.com\/noticias\/author\/admin\/#author"},"image":{"@type":"ImageObject","url":485337,"@id":"https:\/\/www.eldigitaldeasturias.com\/noticias\/javi-gracia-cuenta-con-toda-la-plantilla-para-recibir-al-getafe\/#mainImage"},"primaryImageOfPage":{"@id":"https:\/\/www.eldigitaldeasturias.com\/noticias\/javi-gracia-cuenta-con-toda-la-plantilla-para-recibir-al-getafe\/#mainImage"},"datePublished":"2014-02-06T22:33:16+01:00","dateModified":"2014-02-06T22:33:16+01:00"},{"@type":"WebSite","@id":"https:\/\/www.eldigitaldeasturias.com\/noticias\/#website","url":"https:\/\/www.eldigitaldeasturias.com\/noticias\/","name":"El Digital de Asturias - Diario de actualidad y noticias","alternateName":"El Digital de Asturias - Diario de actualidad y noticias","description":"Hemeroteca","inLanguage":"es-ES","publisher":{"@id":"https:\/\/www.eldigitaldeasturias.com\/noticias\/#organization"}}]},"og:locale":"es_ES","og:site_name":"El Digital de Asturias","og:type":"article","og:title":"Javi Gracia cuenta con toda la plantilla para recibir al Getafe - El Digital de Asturias","og:description":"Pamplona, 6 feb (EFE).- El entrenador de Osasuna, Javi Gracia, dispone de toda la plantilla para el partido del domingo contra el Getafe en el estadio de El Sadar, con la excepci\u00f3n de Sisi, que sufre una lesi\u00f3n de larga duraci\u00f3n y que no tiene ficha para jugar. El jugador de Albacete ha comenzado esta","og:url":"https:\/\/www.eldigitaldeasturias.com\/noticias\/javi-gracia-cuenta-con-toda-la-plantilla-para-recibir-al-getafe\/","article:tag":["actualidad"],"article:published_time":"2014-02-06T23:33:16+00:00","article:modified_time":"2014-02-06T23:33:16+00:00","article:publisher":"https:\/\/facebook.com\/eldigitaldeasturias","twitter:card":"summary_large_image","twitter:title":"Javi Gracia cuenta con toda la plantilla para recibir al Getafe - El Digital de Asturias","twitter:description":"Pamplona, 6 feb (EFE).- El entrenador de Osasuna, Javi Gracia, dispone de toda la plantilla para el partido del domingo contra el Getafe en el estadio de El Sadar, con la excepci\u00f3n de Sisi, que sufre una lesi\u00f3n de larga duraci\u00f3n y que no tiene ficha para jugar. El jugador de Albacete ha comenzado esta","twitter:label1":"Escrito por","twitter:data1":"El Digital de Asturias","twitter:label2":"Tiempo de lectura estimado","twitter:data2":"1 minuto"},"aioseo_meta_data":{"post_id":"485336","title":null,"description":null,"keywords":null,"keyphrases":null,"primary_term":null,"canonical_url":null,"og_title":null,"og_description":null,"og_object_type":"default","og_image_type":"default","og_image_url":null,"og_image_width":null,"og_image_height":null,"og_image_custom_url":null,"og_image_custom_fields":null,"og_video":null,"og_custom_url":null,"og_article_section":null,"og_article_tags":null,"twitter_use_og":true,"twitter_card":"default","twitter_image_type":"default","twitter_image_url":null,"twitter_image_custom_url":null,"twitter_image_custom_fields":null,"twitter_title":null,"twitter_description":null,"schema":{"blockGraphs":[],"customGraphs":[],"default":{"data":{"Article":[],"Course":[],"Dataset":[],"FAQPage":[],"Movie":[],"Person":[],"Product":[],"ProductReview":[],"Car":[],"Recipe":[],"Service":[],"SoftwareApplication":[],"WebPage":[]},"graphName":"","isEnabled":true},"graphs":[],"defaultGraph":"","defaultPostTypeGraph":""},"schema_type":null,"schema_type_options":null,"pillar_content":false,"robots_default":true,"robots_noindex":false,"robots_noarchive":false,"robots_nosnippet":false,"robots_nofollow":false,"robots_noimageindex":false,"robots_noodp":false,"robots_notranslate":false,"robots_max_snippet":null,"robots_max_videopreview":null,"robots_max_imagepreview":"none","priority":null,"frequency":null,"local_seo":null,"seo_analyzer_scan_date":"2026-06-02 19:51:53","breadcrumb_settings":null,"limit_modified_date":false,"open_ai":null,"ai":null,"created":"2020-11-14 22:55:12","updated":"2026-06-02 19:51:53","focus_keyword":null,"additional_keywords":null,"truseo_locale":null},"aioseo_breadcrumb":"<div class=\"aioseo-breadcrumbs\"><span class=\"aioseo-breadcrumb\">\n\t<a href=\"https:\/\/www.eldigitaldeasturias.com\/noticias\" title=\"Home\">Home<\/a>\n<\/span><span class=\"aioseo-breadcrumb-separator\">\u2013<\/span><span class=\"aioseo-breadcrumb\">\n\t<a href=\"https:\/\/www.eldigitaldeasturias.com\/noticias\/category\/actualidad\/\" title=\"Actualidad\">Actualidad<\/a>\n<\/span><span class=\"aioseo-breadcrumb-separator\">\u2013<\/span><span class=\"aioseo-breadcrumb\">\n\t<a href=\"https:\/\/www.eldigitaldeasturias.com\/noticias\/javi-gracia-cuenta-con-toda-la-plantilla-para-recibir-al-getafe\/\" title=\"Javi Gracia cuenta con toda la plantilla para recibir al Getafe\">Javi Gracia cuenta con toda la plantilla para recibir al Getafe<\/a>\n<\/span><\/div>","aioseo_breadcrumb_json":[{"label":"Home","link":"https:\/\/www.eldigitaldeasturias.com\/noticias"},{"label":"Actualidad","link":"https:\/\/www.eldigitaldeasturias.com\/noticias\/category\/actualidad\/"},{"label":"Javi Gracia cuenta con toda la plantilla para recibir al Getafe","link":"https:\/\/www.eldigitaldeasturias.com\/noticias\/javi-gracia-cuenta-con-toda-la-plantilla-para-recibir-al-getafe\/"}],"_links":{"self":[{"href":"https:\/\/www.eldigitaldeasturias.com\/noticias\/wp-json\/wp\/v2\/posts\/485336","targetHints":{"allow":["GET"]}}],"collection":[{"href":"https:\/\/www.eldigitaldeasturias.com\/noticias\/wp-json\/wp\/v2\/posts"}],"about":[{"href":"https:\/\/www.eldigitaldeasturias.com\/noticias\/wp-json\/wp\/v2\/types\/post"}],"author":[{"embeddable":true,"href":"https:\/\/www.eldigitaldeasturias.com\/noticias\/wp-json\/wp\/v2\/users\/1"}],"replies":[{"embeddable":true,"href":"https:\/\/www.eldigitaldeasturias.com\/noticias\/wp-json\/wp\/v2\/comments?post=485336"}],"version-history":[{"count":0,"href":"https:\/\/www.eldigitaldeasturias.com\/noticias\/wp-json\/wp\/v2\/posts\/485336\/revisions"}],"wp:attachment":[{"href":"https:\/\/www.eldigitaldeasturias.com\/noticias\/wp-json\/wp\/v2\/media?parent=485336"}],"wp:term":[{"taxonomy":"category","embeddable":true,"href":"https:\/\/www.eldigitaldeasturias.com\/noticias\/wp-json\/wp\/v2\/categories?post=485336"},{"taxonomy":"post_tag","embeddable":true,"href":"https:\/\/www.eldigitaldeasturias.com\/noticias\/wp-json\/wp\/v2\/tags?post=485336"}],"curies":[{"name":"wp","href":"https:\/\/api.w.org\/{rel}","templated":true}]}}