{"id":485333,"date":"2014-02-06T22:31:58","date_gmt":"2014-02-06T23:31:58","guid":{"rendered":"http:\/\/www.eldigitaldeasturias.com\/noticias\/?p=485333"},"modified":"2014-02-06T22:31:58","modified_gmt":"2014-02-06T23:31:58","slug":"ramos-y-villa-destacan-el-papel-fundamental-de-los-medicos-en-el-futbol","status":"publish","type":"post","link":"https:\/\/www.eldigitaldeasturias.com\/noticias\/ramos-y-villa-destacan-el-papel-fundamental-de-los-medicos-en-el-futbol\/","title":{"rendered":"Ramos y Villa destacan \u00abel papel fundamental de los m\u00e9dicos\u00bb en el f\u00fatbol"},"content":{"rendered":"<p><img loading=\"lazy\" decoding=\"async\" class=\"alignleft size-medium wp-image-485334\" alt=\"5917005w\" src=\"https:\/\/www.eldigitaldeasturias.com\/noticias\/wp-content\/uploads\/2014\/02\/5917005w-230x320.jpg\" width=\"230\" height=\"320\" \/>Madrid, 6 feb (EFE).- Sergio Ramos, defensa del Real Madrid, y David Villa, delantero del Atl\u00e9tico, destacaron hoy \u00abel papel fundamental de los m\u00e9dicos en la evoluci\u00f3n del f\u00fatbol\u00bb y el cuidado diario que hacen de los jugadores para que puedan seguir obteniendo \u00abel m\u00e1ximo rendimiento en el menor tiempo posible\u00bb.<\/p>\n<p>Ambos futbolistas participaron junto al seleccionador espa\u00f1ol Vicente Del Bosque, el t\u00e9cnico V\u00edctor Fern\u00e1ndez y el doctor de la selecci\u00f3n espa\u00f1ola Juan Jos\u00e9 Garc\u00eda Cota, en una conferencia titulada &#8216;La evoluci\u00f3n de la medicina en el f\u00fatbol&#8217;, incluida en el VI Simposio de Medicina de la UEFA que se celebra en Madrid.<\/p>\n<p>Vicente Del Bosque, seleccionador nacional, destac\u00f3 durante su intervenci\u00f3n la importancia que tienen los m\u00e9dicos en el f\u00fatbol actual y achac\u00f3 su incorporaci\u00f3n como un factor clave de los \u00e9xitos recientes de los equipos espa\u00f1oles.<\/p>\n<p>\u00abNo es un hecho casual lo que est\u00e1 pasando en los \u00faltimos a\u00f1os, sino que la explicaci\u00f3n se basa en algunos factores. Yo los resumo en que cada d\u00eda se han creado las infraestructuras para jugar mejor, en que tantos jugadores hayan roto ese provincianismo de no moverse de Espa\u00f1a y en la formaci\u00f3n del entrenador\u00bb, confes\u00f3.<\/p>\n<p>\u00abCada d\u00eda ese voluntarismo ancestral que hab\u00eda en los clubes peque\u00f1os se ha roto y hay chavales con mayor formaci\u00f3n. Los \u00e9xitos de la selecci\u00f3n son un buen ejemplo de la formaci\u00f3n de los chicos y espero que no se corte porque es la base del futuro. La incorporaci\u00f3n de los m\u00e9dicos y los especialistas ha sido fundamental tambi\u00e9n para ello\u00bb, declar\u00f3.<\/p>\n<p>\u00abCada vez hay m\u00e1s gente alrededor del f\u00fatbol con mayor preparaci\u00f3n. Un ejemplo es el m\u00e9dico que ten\u00edamos nosotros en mi \u00e9poca de jugador, que le ve\u00edas los jueves y no a diario. Antes estaban solo para curar, ahora tambi\u00e9n para prevenir\u00bb, se\u00f1al\u00f3 el seleccionador, que calific\u00f3 de \u00abclave la confianza\u00bb que ha de tener un entrenador con el m\u00e9dico.<\/p>\n<p>\u00abAntiguamente el entrenador miraba si se beb\u00eda vino o se com\u00eda pan, y ahora el entrenador debe estar para cuestiones sustanciales y no meterse en el terreno de los especialistas. El entrenador tiene que tener la virtud de escuchar, no es una debilidad\u00bb, coment\u00f3.<\/p>\n<p>David Villa, delantero internacional de la selecci\u00f3n, calific\u00f3 de \u00abmuy importante\u00bb el trabajo que hacen los m\u00e9dicos en los clubes y durante su intervenci\u00f3n bas\u00f3 parte de su exposici\u00f3n en el recuerdo de la rotura de tibia que le mantuvo de baja entre finales de 2011 y varios meses de 2012.<\/p>\n<p>\u00abLos m\u00e9dicos juegan un papel muy importante dentro de lo que es el club y no solo en las lesiones, sino en el trabajo de prevenci\u00f3n. La confianza en \u00e9l tiene que ser vital y a d\u00eda de hoy por todo lo que mueve el f\u00fatbol se necesitan todos estos medios que mejoran el deporte\u00bb, se\u00f1al\u00f3 el asturiano, que destac\u00f3 la evoluci\u00f3n que ha tenido este gremio en el f\u00fatbol desde sus inicios como profesional.<\/p>\n<p>\u00abAhora los clubes ayudan a conseguir m\u00e1s medios y hay diferencia en cuanto a n\u00famero de profesionales en el vestuario. Tambi\u00e9n en que ahora suelen viajar con el equipo y est\u00e1n casi las mismas horas que un entrenador. Para mi es una buena decisi\u00f3n los clubes apuestan por tener m\u00e1s gente en el servicio m\u00e9dico\u00bb, confes\u00f3.<\/p>\n<p>El delantero del Atl\u00e9tico de Madrid tambi\u00e9n valor\u00f3 la aportaci\u00f3n que pueden hacer los psic\u00f3logos dentro de un vestuario, aunque reconoci\u00f3 que \u00e9l nunca ha recurrido a ellos.<\/p>\n<p>\u00abUn futbolista cuando sufre una lesi\u00f3n como la m\u00eda necesita apoyo en muchos sentidos. Aparte de los cuidados intensos del club te surgen muchas preguntas y para eso es tan importante la ayuda m\u00e9dica. Es importante la confianza en los m\u00e9dicos y en los plazos que la lesi\u00f3n te hace tener. Muchos clubes s\u00e9 que utilizan ese argumento del psic\u00f3logo, aunque yo no lo us\u00e9 porque al lado ten\u00eda gente de confianza\u00bb, concluy\u00f3.<\/p>\n<p>V\u00edctor Fern\u00e1ndez, t\u00e9cnico ma\u00f1o con una dilatada trayectoria profesional en banquillos del Celta, Betis u Oporto, entre otros, ahond\u00f3 en la misma l\u00ednea que sus compa\u00f1eros y calific\u00f3 de \u00abfundamental\u00bb la presencia de los m\u00e9dicos en un vestuario.<\/p>\n<p>\u00abEl cuerpo m\u00e9dico en estos momentos es un punto fundamental en la preparaci\u00f3n y obtenci\u00f3n del m\u00e1ximo rendimiento de un futbolista. En mis 24 a\u00f1os de profesional he captado la evoluci\u00f3n del cuerpo m\u00e9dico. Antes solo ven\u00eda unas horas, al entrenamiento principal de la semana, y despu\u00e9s pas\u00f3 a ser dedicaci\u00f3n plena. Despu\u00e9s ese cuerpo se fue aumentando con elementos humanos y m\u00e1s recursos y el papel ha cambiado\u00bb, record\u00f3.<\/p>\n<p>\u00abAntes te daban la soluci\u00f3n de la cura inmediata y ahora hay una fase de prevenci\u00f3n. Lo que se trata es de sacar el m\u00e1ximo rendimiento en el menor tiempo posible porque en base a esa relaci\u00f3n entre el entrenador y el cuerpo m\u00e9dico mejores ser\u00e1n los beneficios. Un principio b\u00e1sico es el respeto a la capacidad de los profesionales\u00bb, dijo.<\/p>\n<p>Sergio Ramos, que lleg\u00f3 unos minutos despu\u00e9s de comenzada la mesa redonda moderada por la doctora Helena Herrero, aparte de destacar la \u00abfunci\u00f3n fundamental\u00bb de los m\u00e9dicos en el f\u00fatbol, habl\u00f3 de su experiencia personal y la \u00abgran calidad humana\u00bb de los especialistas con los que ha tratado.<\/p>\n<p>\u00abA lo largo de mi carrera los m\u00e9dicos y el cuerpo t\u00e9cnico han desempe\u00f1ado una funci\u00f3n fundamental. Estamos constantemente en los entrenamientos con ellos y gracias a la gran calidad humana que tiene esta gente mejoramos cada d\u00eda, porque a nivel mental tambi\u00e9n te ayudan mucho\u00bb, asegur\u00f3.<\/p>\n<p>\u00abYo no he tenido lesiones graves pero cuando he tenido molestias ha sido muy importante tener a alguien preparado que me aconsejara\u00bb dijo Ramos, que admiti\u00f3 que cuando uno est\u00e1 en la elite del f\u00fatbol se acostumbra a jugar bastantes partidos con algo de dolor o molestias.<\/p>\n<p>\u00abEst\u00e1 claro que cuando estas en un equipo en el que compites cada tres d\u00edas pr\u00e1cticamente es inevitable no acostumbrarte a jugar con alguna molestia, pero gracias a los avances y a los profesionales que te ayudan y facilitan todo, te dan un tratamiento bueno y sano. Ya te acostumbras a jugar con alguna molestia que arrastras de otro partido, pero eso va incluido en el sueldo y forma parte del trabajo\u00bb, apunt\u00f3.<\/p>\n<p>\u00abEsto requiere sacrificio y esfuerzo, porque cuando compites a nivel de elite hay tambi\u00e9n un trabajo invisible que es lo que te hace marcar las diferencias. Es cierto que ha habido una peque\u00f1a evoluci\u00f3n en el apartado f\u00edsico, sin quitar m\u00e9rito a lo de antes, pero ahora se aprecia otro f\u00edsico en la media de los jugadores\u00bb, confes\u00f3.<\/p>\n<p>\u00abAntes podr\u00eda haber la misma calidad, pero desde mi experiencia se puede apreciar ahora m\u00e1s ritmo y m\u00e1s intensidad en el juego. Yo creo que es una diferencia respecto a a\u00f1os anteriores porque la elite requiere una precisi\u00f3n estricta\u00bb, finaliz\u00f3 Ramos.<\/p>\n","protected":false},"excerpt":{"rendered":"<p>Madrid, 6 feb (EFE).- Sergio Ramos, defensa del Real Madrid, y David Villa, delantero del Atl\u00e9tico, destacaron hoy \u00abel papel fundamental de los m\u00e9dicos en la evoluci\u00f3n del f\u00fatbol\u00bb y el cuidado diario que hacen de los jugadores para que puedan seguir obteniendo \u00abel m\u00e1ximo rendimiento en el menor tiempo posible\u00bb. Ambos futbolistas participaron junto [&hellip;]<\/p>\n","protected":false},"author":1,"featured_media":485334,"comment_status":"closed","ping_status":"open","sticky":false,"template":"","format":"standard","meta":{"footnotes":""},"categories":[1],"tags":[],"class_list":["post-485333","post","type-post","status-publish","format-standard","has-post-thumbnail","hentry","category-actualidad"],"aioseo_notices":[],"aioseo_head":"\n\t\t<!-- All in One SEO Pro 5.0.1 - aioseo.com -->\n\t<meta name=\"description\" content=\"Madrid, 6 feb (EFE).- Sergio Ramos, defensa del Real Madrid, y David Villa, delantero del Atl\u00e9tico, destacaron hoy &quot;el papel fundamental de los m\u00e9dicos en la evoluci\u00f3n del f\u00fatbol&quot; y el cuidado diario que hacen de los jugadores para que puedan seguir obteniendo &quot;el m\u00e1ximo rendimiento en el menor tiempo posible&quot;. Ambos futbolistas participaron junto\" \/>\n\t<meta name=\"robots\" content=\"max-image-preview:large\" \/>\n\t<meta name=\"author\" content=\"El Digital de Asturias\"\/>\n\t<meta name=\"google-site-verification\" content=\"UA-38556648-1\" \/>\n\t<meta name=\"msvalidate.01\" content=\"7dfe9f3f1b24437ab69f4f2559babe99\" \/>\n\t<meta name=\"keywords\" content=\"actualidad\" \/>\n\t<link rel=\"canonical\" href=\"https:\/\/www.eldigitaldeasturias.com\/noticias\/ramos-y-villa-destacan-el-papel-fundamental-de-los-medicos-en-el-futbol\/\" \/>\n\t<meta name=\"generator\" content=\"All in One SEO Pro (AIOSEO) 5.0.1\" \/>\n\t\t<meta property=\"og:locale\" content=\"es_ES\" \/>\n\t\t<meta property=\"og:site_name\" content=\"El Digital de Asturias\" \/>\n\t\t<meta property=\"og:type\" content=\"article\" \/>\n\t\t<meta property=\"og:title\" content=\"Ramos y Villa destacan \u00abel papel fundamental de los m\u00e9dicos\u00bb en el f\u00fatbol - El Digital de Asturias\" \/>\n\t\t<meta property=\"og:description\" content=\"Madrid, 6 feb (EFE).- Sergio Ramos, defensa del Real Madrid, y David Villa, delantero del Atl\u00e9tico, destacaron hoy &quot;el papel fundamental de los m\u00e9dicos en la evoluci\u00f3n del f\u00fatbol&quot; y el cuidado diario que hacen de los jugadores para que puedan seguir obteniendo &quot;el m\u00e1ximo rendimiento en el menor tiempo posible&quot;. Ambos futbolistas participaron junto\" \/>\n\t\t<meta property=\"og:url\" content=\"https:\/\/www.eldigitaldeasturias.com\/noticias\/ramos-y-villa-destacan-el-papel-fundamental-de-los-medicos-en-el-futbol\/\" \/>\n\t\t<meta property=\"article:tag\" content=\"actualidad\" \/>\n\t\t<meta property=\"article:published_time\" content=\"2014-02-06T23:31:58+00:00\" \/>\n\t\t<meta property=\"article:modified_time\" content=\"2014-02-06T23:31:58+00:00\" \/>\n\t\t<meta property=\"article:publisher\" content=\"https:\/\/facebook.com\/eldigitaldeasturias\" \/>\n\t\t<meta name=\"twitter:card\" content=\"summary_large_image\" \/>\n\t\t<meta name=\"twitter:title\" content=\"Ramos y Villa destacan \u00abel papel fundamental de los m\u00e9dicos\u00bb en el f\u00fatbol - El Digital de Asturias\" \/>\n\t\t<meta name=\"twitter:description\" content=\"Madrid, 6 feb (EFE).- Sergio Ramos, defensa del Real Madrid, y David Villa, delantero del Atl\u00e9tico, destacaron hoy &quot;el papel fundamental de los m\u00e9dicos en la evoluci\u00f3n del f\u00fatbol&quot; y el cuidado diario que hacen de los jugadores para que puedan seguir obteniendo &quot;el m\u00e1ximo rendimiento en el menor tiempo posible&quot;. Ambos futbolistas participaron junto\" \/>\n\t\t<meta name=\"twitter:label1\" content=\"Escrito por\" \/>\n\t\t<meta name=\"twitter:data1\" content=\"El Digital de Asturias\" \/>\n\t\t<meta name=\"twitter:label2\" content=\"Tiempo de lectura estimado\" \/>\n\t\t<meta name=\"twitter:data2\" content=\"6 minutos\" \/>\n\t\t<script type=\"application\/ld+json\" class=\"aioseo-schema\">\n\t\t\t{\"@context\":\"https:\\\/\\\/schema.org\",\"@graph\":[{\"@type\":\"BlogPosting\",\"@id\":\"https:\\\/\\\/www.eldigitaldeasturias.com\\\/noticias\\\/ramos-y-villa-destacan-el-papel-fundamental-de-los-medicos-en-el-futbol\\\/#blogposting\",\"name\":\"Ramos y Villa destacan \\u00abel papel fundamental de los m\\u00e9dicos\\u00bb en el f\\u00fatbol - El Digital de Asturias\",\"headline\":\"Ramos y Villa destacan \\u00abel papel fundamental de los m\\u00e9dicos\\u00bb en el f\\u00fatbol\",\"author\":{\"@id\":\"https:\\\/\\\/www.eldigitaldeasturias.com\\\/noticias\\\/author\\\/admin\\\/#author\"},\"publisher\":{\"@id\":\"https:\\\/\\\/www.eldigitaldeasturias.com\\\/noticias\\\/#organization\"},\"image\":{\"@type\":\"ImageObject\",\"url\":485334},\"datePublished\":\"2014-02-06T22:31:58+01:00\",\"dateModified\":\"2014-02-06T22:31:58+01:00\",\"inLanguage\":\"es-ES\",\"mainEntityOfPage\":{\"@id\":\"https:\\\/\\\/www.eldigitaldeasturias.com\\\/noticias\\\/ramos-y-villa-destacan-el-papel-fundamental-de-los-medicos-en-el-futbol\\\/#webpage\"},\"isPartOf\":{\"@id\":\"https:\\\/\\\/www.eldigitaldeasturias.com\\\/noticias\\\/ramos-y-villa-destacan-el-papel-fundamental-de-los-medicos-en-el-futbol\\\/#webpage\"},\"articleSection\":\"Actualidad\"},{\"@type\":\"BreadcrumbList\",\"@id\":\"https:\\\/\\\/www.eldigitaldeasturias.com\\\/noticias\\\/ramos-y-villa-destacan-el-papel-fundamental-de-los-medicos-en-el-futbol\\\/#breadcrumblist\",\"itemListElement\":[{\"@type\":\"ListItem\",\"@id\":\"https:\\\/\\\/www.eldigitaldeasturias.com\\\/noticias#listItem\",\"position\":1,\"name\":\"Home\",\"item\":\"https:\\\/\\\/www.eldigitaldeasturias.com\\\/noticias\",\"nextItem\":{\"@type\":\"ListItem\",\"@id\":\"https:\\\/\\\/www.eldigitaldeasturias.com\\\/noticias\\\/category\\\/actualidad\\\/#listItem\",\"name\":\"Actualidad\"}},{\"@type\":\"ListItem\",\"@id\":\"https:\\\/\\\/www.eldigitaldeasturias.com\\\/noticias\\\/category\\\/actualidad\\\/#listItem\",\"position\":2,\"name\":\"Actualidad\",\"item\":\"https:\\\/\\\/www.eldigitaldeasturias.com\\\/noticias\\\/category\\\/actualidad\\\/\",\"nextItem\":{\"@type\":\"ListItem\",\"@id\":\"https:\\\/\\\/www.eldigitaldeasturias.com\\\/noticias\\\/ramos-y-villa-destacan-el-papel-fundamental-de-los-medicos-en-el-futbol\\\/#listItem\",\"name\":\"Ramos y Villa destacan \\u00abel papel fundamental de los m\\u00e9dicos\\u00bb en el f\\u00fatbol\"},\"previousItem\":{\"@type\":\"ListItem\",\"@id\":\"https:\\\/\\\/www.eldigitaldeasturias.com\\\/noticias#listItem\",\"name\":\"Home\"}},{\"@type\":\"ListItem\",\"@id\":\"https:\\\/\\\/www.eldigitaldeasturias.com\\\/noticias\\\/ramos-y-villa-destacan-el-papel-fundamental-de-los-medicos-en-el-futbol\\\/#listItem\",\"position\":3,\"name\":\"Ramos y Villa destacan \\u00abel papel fundamental de los m\\u00e9dicos\\u00bb en el f\\u00fatbol\",\"previousItem\":{\"@type\":\"ListItem\",\"@id\":\"https:\\\/\\\/www.eldigitaldeasturias.com\\\/noticias\\\/category\\\/actualidad\\\/#listItem\",\"name\":\"Actualidad\"}}]},{\"@type\":\"Organization\",\"@id\":\"https:\\\/\\\/www.eldigitaldeasturias.com\\\/noticias\\\/#organization\",\"name\":\"El Digital de Asturias\",\"description\":\"Hemeroteca\",\"url\":\"https:\\\/\\\/www.eldigitaldeasturias.com\\\/noticias\\\/\",\"email\":\"info@eldigitaldeasturias.com\",\"telephone\":\"+34652131393\",\"logo\":{\"@type\":\"ImageObject\",\"url\":\"https:\\\/\\\/www.eldigitaldeasturias.com\\\/noticias\\\/wp-content\\\/uploads\\\/2020\\\/12\\\/EDA.jpg\",\"@id\":\"https:\\\/\\\/www.eldigitaldeasturias.com\\\/noticias\\\/ramos-y-villa-destacan-el-papel-fundamental-de-los-medicos-en-el-futbol\\\/#organizationLogo\"},\"image\":{\"@id\":\"https:\\\/\\\/www.eldigitaldeasturias.com\\\/noticias\\\/ramos-y-villa-destacan-el-papel-fundamental-de-los-medicos-en-el-futbol\\\/#organizationLogo\"},\"sameAs\":[\"https:\\\/\\\/facebook.com\\\/eldigitaldeasturias\",\"https:\\\/\\\/www.youtube.com\\\/channel\\\/UCZP-2wLEB9Rv6erhFmqVnvg\"],\"address\":{\"@id\":\"https:\\\/\\\/www.eldigitaldeasturias.com\\\/noticias\\\/#postaladdress\",\"@type\":\"PostalAddress\",\"streetAddress\":\"san antonio 4\",\"postalCode\":\"33430\",\"addressLocality\":\"Cand\\u00e1s\",\"addressRegion\":\"Asturias\",\"addressCountry\":\"ES\"}},{\"@type\":\"Person\",\"@id\":\"https:\\\/\\\/www.eldigitaldeasturias.com\\\/noticias\\\/author\\\/admin\\\/#author\",\"url\":\"https:\\\/\\\/www.eldigitaldeasturias.com\\\/noticias\\\/author\\\/admin\\\/\",\"name\":\"El Digital de Asturias\",\"image\":{\"@type\":\"ImageObject\",\"@id\":\"https:\\\/\\\/www.eldigitaldeasturias.com\\\/noticias\\\/ramos-y-villa-destacan-el-papel-fundamental-de-los-medicos-en-el-futbol\\\/#authorImage\",\"url\":\"https:\\\/\\\/secure.gravatar.com\\\/avatar\\\/df2aeffc32bcd13f8d26072ef8a91b623d677766deac7f97ca815868cd41bf5e?s=96&d=mm&r=g\",\"width\":96,\"height\":96,\"caption\":\"El Digital de Asturias\"}},{\"@type\":\"WebPage\",\"@id\":\"https:\\\/\\\/www.eldigitaldeasturias.com\\\/noticias\\\/ramos-y-villa-destacan-el-papel-fundamental-de-los-medicos-en-el-futbol\\\/#webpage\",\"url\":\"https:\\\/\\\/www.eldigitaldeasturias.com\\\/noticias\\\/ramos-y-villa-destacan-el-papel-fundamental-de-los-medicos-en-el-futbol\\\/\",\"name\":\"Ramos y Villa destacan \\u00abel papel fundamental de los m\\u00e9dicos\\u00bb en el f\\u00fatbol - El Digital de Asturias\",\"description\":\"Madrid, 6 feb (EFE).- Sergio Ramos, defensa del Real Madrid, y David Villa, delantero del Atl\\u00e9tico, destacaron hoy \\\"el papel fundamental de los m\\u00e9dicos en la evoluci\\u00f3n del f\\u00fatbol\\\" y el cuidado diario que hacen de los jugadores para que puedan seguir obteniendo \\\"el m\\u00e1ximo rendimiento en el menor tiempo posible\\\". Ambos futbolistas participaron junto\",\"inLanguage\":\"es-ES\",\"isPartOf\":{\"@id\":\"https:\\\/\\\/www.eldigitaldeasturias.com\\\/noticias\\\/#website\"},\"breadcrumb\":{\"@id\":\"https:\\\/\\\/www.eldigitaldeasturias.com\\\/noticias\\\/ramos-y-villa-destacan-el-papel-fundamental-de-los-medicos-en-el-futbol\\\/#breadcrumblist\"},\"author\":{\"@id\":\"https:\\\/\\\/www.eldigitaldeasturias.com\\\/noticias\\\/author\\\/admin\\\/#author\"},\"creator\":{\"@id\":\"https:\\\/\\\/www.eldigitaldeasturias.com\\\/noticias\\\/author\\\/admin\\\/#author\"},\"image\":{\"@type\":\"ImageObject\",\"url\":485334,\"@id\":\"https:\\\/\\\/www.eldigitaldeasturias.com\\\/noticias\\\/ramos-y-villa-destacan-el-papel-fundamental-de-los-medicos-en-el-futbol\\\/#mainImage\"},\"primaryImageOfPage\":{\"@id\":\"https:\\\/\\\/www.eldigitaldeasturias.com\\\/noticias\\\/ramos-y-villa-destacan-el-papel-fundamental-de-los-medicos-en-el-futbol\\\/#mainImage\"},\"datePublished\":\"2014-02-06T22:31:58+01:00\",\"dateModified\":\"2014-02-06T22:31:58+01:00\"},{\"@type\":\"WebSite\",\"@id\":\"https:\\\/\\\/www.eldigitaldeasturias.com\\\/noticias\\\/#website\",\"url\":\"https:\\\/\\\/www.eldigitaldeasturias.com\\\/noticias\\\/\",\"name\":\"El Digital de Asturias - Diario de actualidad y noticias\",\"alternateName\":\"El Digital de Asturias - Diario de actualidad y noticias\",\"description\":\"Hemeroteca\",\"inLanguage\":\"es-ES\",\"publisher\":{\"@id\":\"https:\\\/\\\/www.eldigitaldeasturias.com\\\/noticias\\\/#organization\"}}]}\n\t\t<\/script>\n\t\t<!-- All in One SEO Pro -->\r\n\t\t<title>Ramos y Villa destacan \u00abel papel fundamental de los m\u00e9dicos\u00bb en el f\u00fatbol - El Digital de Asturias<\/title>\n\n","aioseo_head_json":{"title":"Ramos y Villa destacan \u00abel papel fundamental de los m\u00e9dicos\u00bb en el f\u00fatbol - El Digital de Asturias","description":"Madrid, 6 feb (EFE).- Sergio Ramos, defensa del Real Madrid, y David Villa, delantero del Atl\u00e9tico, destacaron hoy \"el papel fundamental de los m\u00e9dicos en la evoluci\u00f3n del f\u00fatbol\" y el cuidado diario que hacen de los jugadores para que puedan seguir obteniendo \"el m\u00e1ximo rendimiento en el menor tiempo posible\". Ambos futbolistas participaron junto","canonical_url":"https:\/\/www.eldigitaldeasturias.com\/noticias\/ramos-y-villa-destacan-el-papel-fundamental-de-los-medicos-en-el-futbol\/","robots":"max-image-preview:large","keywords":"actualidad","webmasterTools":{"google-site-verification":"UA-38556648-1","msvalidate.01":"7dfe9f3f1b24437ab69f4f2559babe99","miscellaneous":""},"schema":{"@context":"https:\/\/schema.org","@graph":[{"@type":"BlogPosting","@id":"https:\/\/www.eldigitaldeasturias.com\/noticias\/ramos-y-villa-destacan-el-papel-fundamental-de-los-medicos-en-el-futbol\/#blogposting","name":"Ramos y Villa destacan \u00abel papel fundamental de los m\u00e9dicos\u00bb en el f\u00fatbol - El Digital de Asturias","headline":"Ramos y Villa destacan \u00abel papel fundamental de los m\u00e9dicos\u00bb en el f\u00fatbol","author":{"@id":"https:\/\/www.eldigitaldeasturias.com\/noticias\/author\/admin\/#author"},"publisher":{"@id":"https:\/\/www.eldigitaldeasturias.com\/noticias\/#organization"},"image":{"@type":"ImageObject","url":485334},"datePublished":"2014-02-06T22:31:58+01:00","dateModified":"2014-02-06T22:31:58+01:00","inLanguage":"es-ES","mainEntityOfPage":{"@id":"https:\/\/www.eldigitaldeasturias.com\/noticias\/ramos-y-villa-destacan-el-papel-fundamental-de-los-medicos-en-el-futbol\/#webpage"},"isPartOf":{"@id":"https:\/\/www.eldigitaldeasturias.com\/noticias\/ramos-y-villa-destacan-el-papel-fundamental-de-los-medicos-en-el-futbol\/#webpage"},"articleSection":"Actualidad"},{"@type":"BreadcrumbList","@id":"https:\/\/www.eldigitaldeasturias.com\/noticias\/ramos-y-villa-destacan-el-papel-fundamental-de-los-medicos-en-el-futbol\/#breadcrumblist","itemListElement":[{"@type":"ListItem","@id":"https:\/\/www.eldigitaldeasturias.com\/noticias#listItem","position":1,"name":"Home","item":"https:\/\/www.eldigitaldeasturias.com\/noticias","nextItem":{"@type":"ListItem","@id":"https:\/\/www.eldigitaldeasturias.com\/noticias\/category\/actualidad\/#listItem","name":"Actualidad"}},{"@type":"ListItem","@id":"https:\/\/www.eldigitaldeasturias.com\/noticias\/category\/actualidad\/#listItem","position":2,"name":"Actualidad","item":"https:\/\/www.eldigitaldeasturias.com\/noticias\/category\/actualidad\/","nextItem":{"@type":"ListItem","@id":"https:\/\/www.eldigitaldeasturias.com\/noticias\/ramos-y-villa-destacan-el-papel-fundamental-de-los-medicos-en-el-futbol\/#listItem","name":"Ramos y Villa destacan \u00abel papel fundamental de los m\u00e9dicos\u00bb en el f\u00fatbol"},"previousItem":{"@type":"ListItem","@id":"https:\/\/www.eldigitaldeasturias.com\/noticias#listItem","name":"Home"}},{"@type":"ListItem","@id":"https:\/\/www.eldigitaldeasturias.com\/noticias\/ramos-y-villa-destacan-el-papel-fundamental-de-los-medicos-en-el-futbol\/#listItem","position":3,"name":"Ramos y Villa destacan \u00abel papel fundamental de los m\u00e9dicos\u00bb en el f\u00fatbol","previousItem":{"@type":"ListItem","@id":"https:\/\/www.eldigitaldeasturias.com\/noticias\/category\/actualidad\/#listItem","name":"Actualidad"}}]},{"@type":"Organization","@id":"https:\/\/www.eldigitaldeasturias.com\/noticias\/#organization","name":"El Digital de Asturias","description":"Hemeroteca","url":"https:\/\/www.eldigitaldeasturias.com\/noticias\/","email":"info@eldigitaldeasturias.com","telephone":"+34652131393","logo":{"@type":"ImageObject","url":"https:\/\/www.eldigitaldeasturias.com\/noticias\/wp-content\/uploads\/2020\/12\/EDA.jpg","@id":"https:\/\/www.eldigitaldeasturias.com\/noticias\/ramos-y-villa-destacan-el-papel-fundamental-de-los-medicos-en-el-futbol\/#organizationLogo"},"image":{"@id":"https:\/\/www.eldigitaldeasturias.com\/noticias\/ramos-y-villa-destacan-el-papel-fundamental-de-los-medicos-en-el-futbol\/#organizationLogo"},"sameAs":["https:\/\/facebook.com\/eldigitaldeasturias","https:\/\/www.youtube.com\/channel\/UCZP-2wLEB9Rv6erhFmqVnvg"],"address":{"@id":"https:\/\/www.eldigitaldeasturias.com\/noticias\/#postaladdress","@type":"PostalAddress","streetAddress":"san antonio 4","postalCode":"33430","addressLocality":"Cand\u00e1s","addressRegion":"Asturias","addressCountry":"ES"}},{"@type":"Person","@id":"https:\/\/www.eldigitaldeasturias.com\/noticias\/author\/admin\/#author","url":"https:\/\/www.eldigitaldeasturias.com\/noticias\/author\/admin\/","name":"El Digital de Asturias","image":{"@type":"ImageObject","@id":"https:\/\/www.eldigitaldeasturias.com\/noticias\/ramos-y-villa-destacan-el-papel-fundamental-de-los-medicos-en-el-futbol\/#authorImage","url":"https:\/\/secure.gravatar.com\/avatar\/df2aeffc32bcd13f8d26072ef8a91b623d677766deac7f97ca815868cd41bf5e?s=96&d=mm&r=g","width":96,"height":96,"caption":"El Digital de Asturias"}},{"@type":"WebPage","@id":"https:\/\/www.eldigitaldeasturias.com\/noticias\/ramos-y-villa-destacan-el-papel-fundamental-de-los-medicos-en-el-futbol\/#webpage","url":"https:\/\/www.eldigitaldeasturias.com\/noticias\/ramos-y-villa-destacan-el-papel-fundamental-de-los-medicos-en-el-futbol\/","name":"Ramos y Villa destacan \u00abel papel fundamental de los m\u00e9dicos\u00bb en el f\u00fatbol - El Digital de Asturias","description":"Madrid, 6 feb (EFE).- Sergio Ramos, defensa del Real Madrid, y David Villa, delantero del Atl\u00e9tico, destacaron hoy \"el papel fundamental de los m\u00e9dicos en la evoluci\u00f3n del f\u00fatbol\" y el cuidado diario que hacen de los jugadores para que puedan seguir obteniendo \"el m\u00e1ximo rendimiento en el menor tiempo posible\". Ambos futbolistas participaron junto","inLanguage":"es-ES","isPartOf":{"@id":"https:\/\/www.eldigitaldeasturias.com\/noticias\/#website"},"breadcrumb":{"@id":"https:\/\/www.eldigitaldeasturias.com\/noticias\/ramos-y-villa-destacan-el-papel-fundamental-de-los-medicos-en-el-futbol\/#breadcrumblist"},"author":{"@id":"https:\/\/www.eldigitaldeasturias.com\/noticias\/author\/admin\/#author"},"creator":{"@id":"https:\/\/www.eldigitaldeasturias.com\/noticias\/author\/admin\/#author"},"image":{"@type":"ImageObject","url":485334,"@id":"https:\/\/www.eldigitaldeasturias.com\/noticias\/ramos-y-villa-destacan-el-papel-fundamental-de-los-medicos-en-el-futbol\/#mainImage"},"primaryImageOfPage":{"@id":"https:\/\/www.eldigitaldeasturias.com\/noticias\/ramos-y-villa-destacan-el-papel-fundamental-de-los-medicos-en-el-futbol\/#mainImage"},"datePublished":"2014-02-06T22:31:58+01:00","dateModified":"2014-02-06T22:31:58+01:00"},{"@type":"WebSite","@id":"https:\/\/www.eldigitaldeasturias.com\/noticias\/#website","url":"https:\/\/www.eldigitaldeasturias.com\/noticias\/","name":"El Digital de Asturias - Diario de actualidad y noticias","alternateName":"El Digital de Asturias - Diario de actualidad y noticias","description":"Hemeroteca","inLanguage":"es-ES","publisher":{"@id":"https:\/\/www.eldigitaldeasturias.com\/noticias\/#organization"}}]},"og:locale":"es_ES","og:site_name":"El Digital de Asturias","og:type":"article","og:title":"Ramos y Villa destacan \u00abel papel fundamental de los m\u00e9dicos\u00bb en el f\u00fatbol - El Digital de Asturias","og:description":"Madrid, 6 feb (EFE).- Sergio Ramos, defensa del Real Madrid, y David Villa, delantero del Atl\u00e9tico, destacaron hoy &quot;el papel fundamental de los m\u00e9dicos en la evoluci\u00f3n del f\u00fatbol&quot; y el cuidado diario que hacen de los jugadores para que puedan seguir obteniendo &quot;el m\u00e1ximo rendimiento en el menor tiempo posible&quot;. Ambos futbolistas participaron junto","og:url":"https:\/\/www.eldigitaldeasturias.com\/noticias\/ramos-y-villa-destacan-el-papel-fundamental-de-los-medicos-en-el-futbol\/","article:tag":["actualidad"],"article:published_time":"2014-02-06T23:31:58+00:00","article:modified_time":"2014-02-06T23:31:58+00:00","article:publisher":"https:\/\/facebook.com\/eldigitaldeasturias","twitter:card":"summary_large_image","twitter:title":"Ramos y Villa destacan \u00abel papel fundamental de los m\u00e9dicos\u00bb en el f\u00fatbol - El Digital de Asturias","twitter:description":"Madrid, 6 feb (EFE).- Sergio Ramos, defensa del Real Madrid, y David Villa, delantero del Atl\u00e9tico, destacaron hoy &quot;el papel fundamental de los m\u00e9dicos en la evoluci\u00f3n del f\u00fatbol&quot; y el cuidado diario que hacen de los jugadores para que puedan seguir obteniendo &quot;el m\u00e1ximo rendimiento en el menor tiempo posible&quot;. Ambos futbolistas participaron junto","twitter:label1":"Escrito por","twitter:data1":"El Digital de Asturias","twitter:label2":"Tiempo de lectura estimado","twitter:data2":"6 minutos"},"aioseo_meta_data":{"post_id":"485333","title":null,"description":null,"keywords":null,"keyphrases":null,"primary_term":null,"canonical_url":null,"og_title":null,"og_description":null,"og_object_type":"default","og_image_type":"default","og_image_url":null,"og_image_width":null,"og_image_height":null,"og_image_custom_url":null,"og_image_custom_fields":null,"og_video":null,"og_custom_url":null,"og_article_section":null,"og_article_tags":null,"twitter_use_og":true,"twitter_card":"default","twitter_image_type":"default","twitter_image_url":null,"twitter_image_custom_url":null,"twitter_image_custom_fields":null,"twitter_title":null,"twitter_description":null,"schema":{"blockGraphs":[],"customGraphs":[],"default":{"data":{"Article":[],"Course":[],"Dataset":[],"FAQPage":[],"Movie":[],"Person":[],"Product":[],"ProductReview":[],"Car":[],"Recipe":[],"Service":[],"SoftwareApplication":[],"WebPage":[]},"graphName":"","isEnabled":true},"graphs":[],"defaultGraph":"","defaultPostTypeGraph":""},"schema_type":null,"schema_type_options":null,"pillar_content":false,"robots_default":true,"robots_noindex":false,"robots_noarchive":false,"robots_nosnippet":false,"robots_nofollow":false,"robots_noimageindex":false,"robots_noodp":false,"robots_notranslate":false,"robots_max_snippet":null,"robots_max_videopreview":null,"robots_max_imagepreview":"none","priority":null,"frequency":null,"local_seo":null,"seo_analyzer_scan_date":"2026-06-02 19:48:58","breadcrumb_settings":null,"limit_modified_date":false,"open_ai":null,"ai":null,"created":"2020-11-14 22:55:12","updated":"2026-06-02 19:48:58","focus_keyword":null,"additional_keywords":null,"truseo_locale":null},"aioseo_breadcrumb":"<div class=\"aioseo-breadcrumbs\"><span class=\"aioseo-breadcrumb\">\n\t<a href=\"https:\/\/www.eldigitaldeasturias.com\/noticias\" title=\"Home\">Home<\/a>\n<\/span><span class=\"aioseo-breadcrumb-separator\">\u2013<\/span><span class=\"aioseo-breadcrumb\">\n\t<a href=\"https:\/\/www.eldigitaldeasturias.com\/noticias\/category\/actualidad\/\" title=\"Actualidad\">Actualidad<\/a>\n<\/span><span class=\"aioseo-breadcrumb-separator\">\u2013<\/span><span class=\"aioseo-breadcrumb\">\n\t<a href=\"https:\/\/www.eldigitaldeasturias.com\/noticias\/ramos-y-villa-destacan-el-papel-fundamental-de-los-medicos-en-el-futbol\/\" title=\"Ramos y Villa destacan \u00abel papel fundamental de los m\u00e9dicos\u00bb en el f\u00fatbol\">Ramos y Villa destacan \u00abel papel fundamental de los m\u00e9dicos\u00bb en el f\u00fatbol<\/a>\n<\/span><\/div>","aioseo_breadcrumb_json":[{"label":"Home","link":"https:\/\/www.eldigitaldeasturias.com\/noticias"},{"label":"Actualidad","link":"https:\/\/www.eldigitaldeasturias.com\/noticias\/category\/actualidad\/"},{"label":"Ramos y Villa destacan \u00abel papel fundamental de los m\u00e9dicos\u00bb en el f\u00fatbol","link":"https:\/\/www.eldigitaldeasturias.com\/noticias\/ramos-y-villa-destacan-el-papel-fundamental-de-los-medicos-en-el-futbol\/"}],"_links":{"self":[{"href":"https:\/\/www.eldigitaldeasturias.com\/noticias\/wp-json\/wp\/v2\/posts\/485333","targetHints":{"allow":["GET"]}}],"collection":[{"href":"https:\/\/www.eldigitaldeasturias.com\/noticias\/wp-json\/wp\/v2\/posts"}],"about":[{"href":"https:\/\/www.eldigitaldeasturias.com\/noticias\/wp-json\/wp\/v2\/types\/post"}],"author":[{"embeddable":true,"href":"https:\/\/www.eldigitaldeasturias.com\/noticias\/wp-json\/wp\/v2\/users\/1"}],"replies":[{"embeddable":true,"href":"https:\/\/www.eldigitaldeasturias.com\/noticias\/wp-json\/wp\/v2\/comments?post=485333"}],"version-history":[{"count":0,"href":"https:\/\/www.eldigitaldeasturias.com\/noticias\/wp-json\/wp\/v2\/posts\/485333\/revisions"}],"wp:attachment":[{"href":"https:\/\/www.eldigitaldeasturias.com\/noticias\/wp-json\/wp\/v2\/media?parent=485333"}],"wp:term":[{"taxonomy":"category","embeddable":true,"href":"https:\/\/www.eldigitaldeasturias.com\/noticias\/wp-json\/wp\/v2\/categories?post=485333"},{"taxonomy":"post_tag","embeddable":true,"href":"https:\/\/www.eldigitaldeasturias.com\/noticias\/wp-json\/wp\/v2\/tags?post=485333"}],"curies":[{"name":"wp","href":"https:\/\/api.w.org\/{rel}","templated":true}]}}