{"id":485318,"date":"2014-02-06T22:26:44","date_gmt":"2014-02-06T23:26:44","guid":{"rendered":"http:\/\/www.eldigitaldeasturias.com\/noticias\/?p=485318"},"modified":"2014-02-06T22:26:44","modified_gmt":"2014-02-06T23:26:44","slug":"la-medica-cubana-que-deserto-pide-refugio-en-brasil-y-asilo-en-estados-unidos","status":"publish","type":"post","link":"https:\/\/www.eldigitaldeasturias.com\/noticias\/la-medica-cubana-que-deserto-pide-refugio-en-brasil-y-asilo-en-estados-unidos\/","title":{"rendered":"La m\u00e9dica cubana que desert\u00f3 pide refugio en Brasil y asilo en Estados Unidos"},"content":{"rendered":"<p><img loading=\"lazy\" decoding=\"async\" class=\"alignleft size-medium wp-image-485319\" alt=\"5916875w\" src=\"https:\/\/www.eldigitaldeasturias.com\/noticias\/wp-content\/uploads\/2014\/02\/5916875w-360x245.jpg\" width=\"360\" height=\"245\" \/>R\u00edo de Janeiro, 6 feb (EFE).- La m\u00e9dica cubana Ramona Matos Rodr\u00edguez, que desert\u00f3 cuando trabajaba para el programa del Gobierno brasile\u00f1o que ofrece atenci\u00f3n en salud en \u00e1reas pobres, pidi\u00f3 refugio en Brasil y asilo en Estados Unidos, informaron hoy portavoces del partido opositor que la apoya en sus gestiones.<\/p>\n<p>Matos, que inicialmente pretend\u00eda solicitar asilo en Brasil, opt\u00f3 por la petici\u00f3n de refugio debido a que tiene m\u00e1s posibilidades de \u00e9xito, dijo a Efe un vocero del partido opositor y derechista Dem\u00f3cratas (DEM).<\/p>\n<p>Antes de buscar la ayuda del DEM, la m\u00e9dica hab\u00eda acudido el lunes a la embajada de EE.UU. en Brasilia para solicitar su inclusi\u00f3n en el programa estadounidense que ofrece asilo a los cubanos desertores, admiti\u00f3 Matos en declaraciones a periodistas.<\/p>\n<p>La m\u00e9dica forma parte de los cerca de 7.400 m\u00e9dicos cubanos que participan en el programa del Gobierno brasile\u00f1o que prev\u00e9 la contrataci\u00f3n de profesionales extranjeros para atender las \u00e1reas m\u00e1s pobres del pa\u00eds.<\/p>\n<p>La cubana, que hab\u00eda sido enviada a la ciudad amaz\u00f3nica de Pacaj\u00e1, abandon\u00f3 el puesto de salud que atend\u00eda y viaj\u00f3 a Brasilia para buscar la ayuda prometida por los dirigentes del DEM a los m\u00e9dicos isle\u00f1os dispuestos a desertar.<\/p>\n<p>La solicitud de refugio fue presentada formalmente anoche por el l\u00edder del DEM en la C\u00e1mara Baja, el diputado Mendon\u00e7a Filho, ante el Comit\u00e9 Nacional para los Refugiados (Conare), un organismo vinculado al Ministerio de Justicia.<\/p>\n<p>La entrega de la solicitud autom\u00e1ticamente concedi\u00f3 a la cubana el derecho a permanecer y trabajar en Brasil hasta que el Conare se pronuncie sobre su situaci\u00f3n, lo que puede tardar varios meses.<\/p>\n<p>El Ministerio de Salud hab\u00eda informado poco antes que tendr\u00eda que suspender la visa que le permite a la cubana trabajar en Brasil debido a que fue otorgada exclusivamente para que lo hiciera en el marco del programa \u00abM\u00e1s m\u00e9dicos\u00bb.<\/p>\n<p>\u00abVamos a estar atentos al proceso en la Conare. Esperamos equilibro del Gobierno y que se le conceda a Ramona la oportunidad de ser reconocida como refugiada en territorio brasile\u00f1o\u00bb, afirm\u00f3 el diputado Ronaldo Caiado, que lidera la campa\u00f1a para ayudarla.<\/p>\n<p>Caiado le cedi\u00f3 el martes su oficina en el Congreso a la cubana, que pretend\u00eda permanecer en la sede legislativa lejos del alcance de la polic\u00eda, pero ayer, tras la petici\u00f3n del refugio que impide su deportaci\u00f3n, la transfiri\u00f3 a un apartamento de su propiedad.<\/p>\n<p>\u00abMe siento m\u00e1s tranquila ahora. No con el miedo que ten\u00eda antes\u00bb, afirm\u00f3 la m\u00e9dica.<\/p>\n<p>Matos denunci\u00f3 que era vigilada, que sus llamadas telef\u00f3nicas eran escuchadas y que agentes de la Polic\u00eda Federal brasile\u00f1a llegaron a buscarla cuando se enteraron de su intenci\u00f3n de desertar, lo que fue desmentido por el Ministerio de Justicia.<\/p>\n<p>La deserci\u00f3n fue justificada por el DEM por las supuestas condiciones an\u00e1logas a la esclavitud en que tendr\u00edan que trabajar los m\u00e9dicos cubanos en Brasil.<\/p>\n<p>La m\u00e9dica alega haber sido enga\u00f1ada por el Gobierno cubano debido a que recibe 400 d\u00f3lares por su trabajo en Brasil pese a que el acuerdo entre ambos gobiernos prev\u00e9 el pago de 10.000 reales (unos 4.166,7 d\u00f3lares) mensuales por cada profesional.<\/p>\n<p>Seg\u00fan Matos, el Gobierno cubano le inform\u00f3 de que otros 600 d\u00f3lares ser\u00e1n depositados mensualmente en una cuenta en Cuba, pero que tan s\u00f3lo podr\u00e1 reclamarlos al final de los tres a\u00f1os del contrato.<\/p>\n<p>La profesional tambi\u00e9n denunci\u00f3 que el Gobierno cubano la enga\u00f1\u00f3 al prometerle que podr\u00eda traer temporalmente a su familia a Brasil y dijo que viv\u00eda mejor con 200 d\u00f3lares mensuales en Bolivia que con 400 d\u00f3lares en este pa\u00eds, que consider\u00f3 muy caro.<\/p>\n<p>Matos relat\u00f3 que su esposo vive en Estados Unidos y que teme ser detenida si regresa a Cuba o que su hija, que permanece en la isla, sufra represalias.<\/p>\n","protected":false},"excerpt":{"rendered":"<p>R\u00edo de Janeiro, 6 feb (EFE).- La m\u00e9dica cubana Ramona Matos Rodr\u00edguez, que desert\u00f3 cuando trabajaba para el programa del Gobierno brasile\u00f1o que ofrece atenci\u00f3n en salud en \u00e1reas pobres, pidi\u00f3 refugio en Brasil y asilo en Estados Unidos, informaron hoy portavoces del partido opositor que la apoya en sus gestiones. Matos, que inicialmente pretend\u00eda [&hellip;]<\/p>\n","protected":false},"author":1,"featured_media":485319,"comment_status":"closed","ping_status":"open","sticky":false,"template":"","format":"standard","meta":{"footnotes":""},"categories":[1],"tags":[],"class_list":["post-485318","post","type-post","status-publish","format-standard","has-post-thumbnail","hentry","category-actualidad"],"aioseo_notices":[],"aioseo_head":"\n\t\t<!-- All in One SEO Pro 5.0.1 - aioseo.com -->\n\t<meta name=\"description\" content=\"R\u00edo de Janeiro, 6 feb (EFE).- La m\u00e9dica cubana Ramona Matos Rodr\u00edguez, que desert\u00f3 cuando trabajaba para el programa del Gobierno brasile\u00f1o que ofrece atenci\u00f3n en salud en \u00e1reas pobres, pidi\u00f3 refugio en Brasil y asilo en Estados Unidos, informaron hoy portavoces del partido opositor que la apoya en sus gestiones. Matos, que inicialmente pretend\u00eda\" \/>\n\t<meta name=\"robots\" content=\"max-image-preview:large\" \/>\n\t<meta name=\"author\" content=\"El Digital de Asturias\"\/>\n\t<meta name=\"google-site-verification\" content=\"UA-38556648-1\" \/>\n\t<meta name=\"msvalidate.01\" content=\"7dfe9f3f1b24437ab69f4f2559babe99\" \/>\n\t<meta name=\"keywords\" content=\"actualidad\" \/>\n\t<link rel=\"canonical\" href=\"https:\/\/www.eldigitaldeasturias.com\/noticias\/la-medica-cubana-que-deserto-pide-refugio-en-brasil-y-asilo-en-estados-unidos\/\" \/>\n\t<meta name=\"generator\" content=\"All in One SEO Pro (AIOSEO) 5.0.1\" \/>\n\t\t<meta property=\"og:locale\" content=\"es_ES\" \/>\n\t\t<meta property=\"og:site_name\" content=\"El Digital de Asturias\" \/>\n\t\t<meta property=\"og:type\" content=\"article\" \/>\n\t\t<meta property=\"og:title\" content=\"La m\u00e9dica cubana que desert\u00f3 pide refugio en Brasil y asilo en Estados Unidos - El Digital de Asturias\" \/>\n\t\t<meta property=\"og:description\" content=\"R\u00edo de Janeiro, 6 feb (EFE).- La m\u00e9dica cubana Ramona Matos Rodr\u00edguez, que desert\u00f3 cuando trabajaba para el programa del Gobierno brasile\u00f1o que ofrece atenci\u00f3n en salud en \u00e1reas pobres, pidi\u00f3 refugio en Brasil y asilo en Estados Unidos, informaron hoy portavoces del partido opositor que la apoya en sus gestiones. Matos, que inicialmente pretend\u00eda\" \/>\n\t\t<meta property=\"og:url\" content=\"https:\/\/www.eldigitaldeasturias.com\/noticias\/la-medica-cubana-que-deserto-pide-refugio-en-brasil-y-asilo-en-estados-unidos\/\" \/>\n\t\t<meta property=\"article:tag\" content=\"actualidad\" \/>\n\t\t<meta property=\"article:published_time\" content=\"2014-02-06T23:26:44+00:00\" \/>\n\t\t<meta property=\"article:modified_time\" content=\"2014-02-06T23:26:44+00:00\" \/>\n\t\t<meta property=\"article:publisher\" content=\"https:\/\/facebook.com\/eldigitaldeasturias\" \/>\n\t\t<meta name=\"twitter:card\" content=\"summary_large_image\" \/>\n\t\t<meta name=\"twitter:title\" content=\"La m\u00e9dica cubana que desert\u00f3 pide refugio en Brasil y asilo en Estados Unidos - El Digital de Asturias\" \/>\n\t\t<meta name=\"twitter:description\" content=\"R\u00edo de Janeiro, 6 feb (EFE).- La m\u00e9dica cubana Ramona Matos Rodr\u00edguez, que desert\u00f3 cuando trabajaba para el programa del Gobierno brasile\u00f1o que ofrece atenci\u00f3n en salud en \u00e1reas pobres, pidi\u00f3 refugio en Brasil y asilo en Estados Unidos, informaron hoy portavoces del partido opositor que la apoya en sus gestiones. Matos, que inicialmente pretend\u00eda\" \/>\n\t\t<meta name=\"twitter:label1\" content=\"Escrito por\" \/>\n\t\t<meta name=\"twitter:data1\" content=\"El Digital de Asturias\" \/>\n\t\t<meta name=\"twitter:label2\" content=\"Tiempo de lectura estimado\" \/>\n\t\t<meta name=\"twitter:data2\" content=\"3 minutos\" \/>\n\t\t<script type=\"application\/ld+json\" class=\"aioseo-schema\">\n\t\t\t{\"@context\":\"https:\\\/\\\/schema.org\",\"@graph\":[{\"@type\":\"BlogPosting\",\"@id\":\"https:\\\/\\\/www.eldigitaldeasturias.com\\\/noticias\\\/la-medica-cubana-que-deserto-pide-refugio-en-brasil-y-asilo-en-estados-unidos\\\/#blogposting\",\"name\":\"La m\\u00e9dica cubana que desert\\u00f3 pide refugio en Brasil y asilo en Estados Unidos - El Digital de Asturias\",\"headline\":\"La m\\u00e9dica cubana que desert\\u00f3 pide refugio en Brasil y asilo en Estados Unidos\",\"author\":{\"@id\":\"https:\\\/\\\/www.eldigitaldeasturias.com\\\/noticias\\\/author\\\/admin\\\/#author\"},\"publisher\":{\"@id\":\"https:\\\/\\\/www.eldigitaldeasturias.com\\\/noticias\\\/#organization\"},\"image\":{\"@type\":\"ImageObject\",\"url\":485319},\"datePublished\":\"2014-02-06T22:26:44+01:00\",\"dateModified\":\"2014-02-06T22:26:44+01:00\",\"inLanguage\":\"es-ES\",\"mainEntityOfPage\":{\"@id\":\"https:\\\/\\\/www.eldigitaldeasturias.com\\\/noticias\\\/la-medica-cubana-que-deserto-pide-refugio-en-brasil-y-asilo-en-estados-unidos\\\/#webpage\"},\"isPartOf\":{\"@id\":\"https:\\\/\\\/www.eldigitaldeasturias.com\\\/noticias\\\/la-medica-cubana-que-deserto-pide-refugio-en-brasil-y-asilo-en-estados-unidos\\\/#webpage\"},\"articleSection\":\"Actualidad\"},{\"@type\":\"BreadcrumbList\",\"@id\":\"https:\\\/\\\/www.eldigitaldeasturias.com\\\/noticias\\\/la-medica-cubana-que-deserto-pide-refugio-en-brasil-y-asilo-en-estados-unidos\\\/#breadcrumblist\",\"itemListElement\":[{\"@type\":\"ListItem\",\"@id\":\"https:\\\/\\\/www.eldigitaldeasturias.com\\\/noticias#listItem\",\"position\":1,\"name\":\"Home\",\"item\":\"https:\\\/\\\/www.eldigitaldeasturias.com\\\/noticias\",\"nextItem\":{\"@type\":\"ListItem\",\"@id\":\"https:\\\/\\\/www.eldigitaldeasturias.com\\\/noticias\\\/category\\\/actualidad\\\/#listItem\",\"name\":\"Actualidad\"}},{\"@type\":\"ListItem\",\"@id\":\"https:\\\/\\\/www.eldigitaldeasturias.com\\\/noticias\\\/category\\\/actualidad\\\/#listItem\",\"position\":2,\"name\":\"Actualidad\",\"item\":\"https:\\\/\\\/www.eldigitaldeasturias.com\\\/noticias\\\/category\\\/actualidad\\\/\",\"nextItem\":{\"@type\":\"ListItem\",\"@id\":\"https:\\\/\\\/www.eldigitaldeasturias.com\\\/noticias\\\/la-medica-cubana-que-deserto-pide-refugio-en-brasil-y-asilo-en-estados-unidos\\\/#listItem\",\"name\":\"La m\\u00e9dica cubana que desert\\u00f3 pide refugio en Brasil y asilo en Estados Unidos\"},\"previousItem\":{\"@type\":\"ListItem\",\"@id\":\"https:\\\/\\\/www.eldigitaldeasturias.com\\\/noticias#listItem\",\"name\":\"Home\"}},{\"@type\":\"ListItem\",\"@id\":\"https:\\\/\\\/www.eldigitaldeasturias.com\\\/noticias\\\/la-medica-cubana-que-deserto-pide-refugio-en-brasil-y-asilo-en-estados-unidos\\\/#listItem\",\"position\":3,\"name\":\"La m\\u00e9dica cubana que desert\\u00f3 pide refugio en Brasil y asilo en Estados Unidos\",\"previousItem\":{\"@type\":\"ListItem\",\"@id\":\"https:\\\/\\\/www.eldigitaldeasturias.com\\\/noticias\\\/category\\\/actualidad\\\/#listItem\",\"name\":\"Actualidad\"}}]},{\"@type\":\"Organization\",\"@id\":\"https:\\\/\\\/www.eldigitaldeasturias.com\\\/noticias\\\/#organization\",\"name\":\"El Digital de Asturias\",\"description\":\"Hemeroteca\",\"url\":\"https:\\\/\\\/www.eldigitaldeasturias.com\\\/noticias\\\/\",\"email\":\"info@eldigitaldeasturias.com\",\"telephone\":\"+34652131393\",\"logo\":{\"@type\":\"ImageObject\",\"url\":\"https:\\\/\\\/www.eldigitaldeasturias.com\\\/noticias\\\/wp-content\\\/uploads\\\/2020\\\/12\\\/EDA.jpg\",\"@id\":\"https:\\\/\\\/www.eldigitaldeasturias.com\\\/noticias\\\/la-medica-cubana-que-deserto-pide-refugio-en-brasil-y-asilo-en-estados-unidos\\\/#organizationLogo\"},\"image\":{\"@id\":\"https:\\\/\\\/www.eldigitaldeasturias.com\\\/noticias\\\/la-medica-cubana-que-deserto-pide-refugio-en-brasil-y-asilo-en-estados-unidos\\\/#organizationLogo\"},\"sameAs\":[\"https:\\\/\\\/facebook.com\\\/eldigitaldeasturias\",\"https:\\\/\\\/www.youtube.com\\\/channel\\\/UCZP-2wLEB9Rv6erhFmqVnvg\"],\"address\":{\"@id\":\"https:\\\/\\\/www.eldigitaldeasturias.com\\\/noticias\\\/#postaladdress\",\"@type\":\"PostalAddress\",\"streetAddress\":\"san antonio 4\",\"postalCode\":\"33430\",\"addressLocality\":\"Cand\\u00e1s\",\"addressRegion\":\"Asturias\",\"addressCountry\":\"ES\"}},{\"@type\":\"Person\",\"@id\":\"https:\\\/\\\/www.eldigitaldeasturias.com\\\/noticias\\\/author\\\/admin\\\/#author\",\"url\":\"https:\\\/\\\/www.eldigitaldeasturias.com\\\/noticias\\\/author\\\/admin\\\/\",\"name\":\"El Digital de Asturias\",\"image\":{\"@type\":\"ImageObject\",\"@id\":\"https:\\\/\\\/www.eldigitaldeasturias.com\\\/noticias\\\/la-medica-cubana-que-deserto-pide-refugio-en-brasil-y-asilo-en-estados-unidos\\\/#authorImage\",\"url\":\"https:\\\/\\\/secure.gravatar.com\\\/avatar\\\/df2aeffc32bcd13f8d26072ef8a91b623d677766deac7f97ca815868cd41bf5e?s=96&d=mm&r=g\",\"width\":96,\"height\":96,\"caption\":\"El Digital de Asturias\"}},{\"@type\":\"WebPage\",\"@id\":\"https:\\\/\\\/www.eldigitaldeasturias.com\\\/noticias\\\/la-medica-cubana-que-deserto-pide-refugio-en-brasil-y-asilo-en-estados-unidos\\\/#webpage\",\"url\":\"https:\\\/\\\/www.eldigitaldeasturias.com\\\/noticias\\\/la-medica-cubana-que-deserto-pide-refugio-en-brasil-y-asilo-en-estados-unidos\\\/\",\"name\":\"La m\\u00e9dica cubana que desert\\u00f3 pide refugio en Brasil y asilo en Estados Unidos - El Digital de Asturias\",\"description\":\"R\\u00edo de Janeiro, 6 feb (EFE).- La m\\u00e9dica cubana Ramona Matos Rodr\\u00edguez, que desert\\u00f3 cuando trabajaba para el programa del Gobierno brasile\\u00f1o que ofrece atenci\\u00f3n en salud en \\u00e1reas pobres, pidi\\u00f3 refugio en Brasil y asilo en Estados Unidos, informaron hoy portavoces del partido opositor que la apoya en sus gestiones. Matos, que inicialmente pretend\\u00eda\",\"inLanguage\":\"es-ES\",\"isPartOf\":{\"@id\":\"https:\\\/\\\/www.eldigitaldeasturias.com\\\/noticias\\\/#website\"},\"breadcrumb\":{\"@id\":\"https:\\\/\\\/www.eldigitaldeasturias.com\\\/noticias\\\/la-medica-cubana-que-deserto-pide-refugio-en-brasil-y-asilo-en-estados-unidos\\\/#breadcrumblist\"},\"author\":{\"@id\":\"https:\\\/\\\/www.eldigitaldeasturias.com\\\/noticias\\\/author\\\/admin\\\/#author\"},\"creator\":{\"@id\":\"https:\\\/\\\/www.eldigitaldeasturias.com\\\/noticias\\\/author\\\/admin\\\/#author\"},\"image\":{\"@type\":\"ImageObject\",\"url\":485319,\"@id\":\"https:\\\/\\\/www.eldigitaldeasturias.com\\\/noticias\\\/la-medica-cubana-que-deserto-pide-refugio-en-brasil-y-asilo-en-estados-unidos\\\/#mainImage\"},\"primaryImageOfPage\":{\"@id\":\"https:\\\/\\\/www.eldigitaldeasturias.com\\\/noticias\\\/la-medica-cubana-que-deserto-pide-refugio-en-brasil-y-asilo-en-estados-unidos\\\/#mainImage\"},\"datePublished\":\"2014-02-06T22:26:44+01:00\",\"dateModified\":\"2014-02-06T22:26:44+01:00\"},{\"@type\":\"WebSite\",\"@id\":\"https:\\\/\\\/www.eldigitaldeasturias.com\\\/noticias\\\/#website\",\"url\":\"https:\\\/\\\/www.eldigitaldeasturias.com\\\/noticias\\\/\",\"name\":\"El Digital de Asturias - Diario de actualidad y noticias\",\"alternateName\":\"El Digital de Asturias - Diario de actualidad y noticias\",\"description\":\"Hemeroteca\",\"inLanguage\":\"es-ES\",\"publisher\":{\"@id\":\"https:\\\/\\\/www.eldigitaldeasturias.com\\\/noticias\\\/#organization\"}}]}\n\t\t<\/script>\n\t\t<!-- All in One SEO Pro -->\r\n\t\t<title>La m\u00e9dica cubana que desert\u00f3 pide refugio en Brasil y asilo en Estados Unidos - El Digital de Asturias<\/title>\n\n","aioseo_head_json":{"title":"La m\u00e9dica cubana que desert\u00f3 pide refugio en Brasil y asilo en Estados Unidos - El Digital de Asturias","description":"R\u00edo de Janeiro, 6 feb (EFE).- La m\u00e9dica cubana Ramona Matos Rodr\u00edguez, que desert\u00f3 cuando trabajaba para el programa del Gobierno brasile\u00f1o que ofrece atenci\u00f3n en salud en \u00e1reas pobres, pidi\u00f3 refugio en Brasil y asilo en Estados Unidos, informaron hoy portavoces del partido opositor que la apoya en sus gestiones. Matos, que inicialmente pretend\u00eda","canonical_url":"https:\/\/www.eldigitaldeasturias.com\/noticias\/la-medica-cubana-que-deserto-pide-refugio-en-brasil-y-asilo-en-estados-unidos\/","robots":"max-image-preview:large","keywords":"actualidad","webmasterTools":{"google-site-verification":"UA-38556648-1","msvalidate.01":"7dfe9f3f1b24437ab69f4f2559babe99","miscellaneous":""},"schema":{"@context":"https:\/\/schema.org","@graph":[{"@type":"BlogPosting","@id":"https:\/\/www.eldigitaldeasturias.com\/noticias\/la-medica-cubana-que-deserto-pide-refugio-en-brasil-y-asilo-en-estados-unidos\/#blogposting","name":"La m\u00e9dica cubana que desert\u00f3 pide refugio en Brasil y asilo en Estados Unidos - El Digital de Asturias","headline":"La m\u00e9dica cubana que desert\u00f3 pide refugio en Brasil y asilo en Estados Unidos","author":{"@id":"https:\/\/www.eldigitaldeasturias.com\/noticias\/author\/admin\/#author"},"publisher":{"@id":"https:\/\/www.eldigitaldeasturias.com\/noticias\/#organization"},"image":{"@type":"ImageObject","url":485319},"datePublished":"2014-02-06T22:26:44+01:00","dateModified":"2014-02-06T22:26:44+01:00","inLanguage":"es-ES","mainEntityOfPage":{"@id":"https:\/\/www.eldigitaldeasturias.com\/noticias\/la-medica-cubana-que-deserto-pide-refugio-en-brasil-y-asilo-en-estados-unidos\/#webpage"},"isPartOf":{"@id":"https:\/\/www.eldigitaldeasturias.com\/noticias\/la-medica-cubana-que-deserto-pide-refugio-en-brasil-y-asilo-en-estados-unidos\/#webpage"},"articleSection":"Actualidad"},{"@type":"BreadcrumbList","@id":"https:\/\/www.eldigitaldeasturias.com\/noticias\/la-medica-cubana-que-deserto-pide-refugio-en-brasil-y-asilo-en-estados-unidos\/#breadcrumblist","itemListElement":[{"@type":"ListItem","@id":"https:\/\/www.eldigitaldeasturias.com\/noticias#listItem","position":1,"name":"Home","item":"https:\/\/www.eldigitaldeasturias.com\/noticias","nextItem":{"@type":"ListItem","@id":"https:\/\/www.eldigitaldeasturias.com\/noticias\/category\/actualidad\/#listItem","name":"Actualidad"}},{"@type":"ListItem","@id":"https:\/\/www.eldigitaldeasturias.com\/noticias\/category\/actualidad\/#listItem","position":2,"name":"Actualidad","item":"https:\/\/www.eldigitaldeasturias.com\/noticias\/category\/actualidad\/","nextItem":{"@type":"ListItem","@id":"https:\/\/www.eldigitaldeasturias.com\/noticias\/la-medica-cubana-que-deserto-pide-refugio-en-brasil-y-asilo-en-estados-unidos\/#listItem","name":"La m\u00e9dica cubana que desert\u00f3 pide refugio en Brasil y asilo en Estados Unidos"},"previousItem":{"@type":"ListItem","@id":"https:\/\/www.eldigitaldeasturias.com\/noticias#listItem","name":"Home"}},{"@type":"ListItem","@id":"https:\/\/www.eldigitaldeasturias.com\/noticias\/la-medica-cubana-que-deserto-pide-refugio-en-brasil-y-asilo-en-estados-unidos\/#listItem","position":3,"name":"La m\u00e9dica cubana que desert\u00f3 pide refugio en Brasil y asilo en Estados Unidos","previousItem":{"@type":"ListItem","@id":"https:\/\/www.eldigitaldeasturias.com\/noticias\/category\/actualidad\/#listItem","name":"Actualidad"}}]},{"@type":"Organization","@id":"https:\/\/www.eldigitaldeasturias.com\/noticias\/#organization","name":"El Digital de Asturias","description":"Hemeroteca","url":"https:\/\/www.eldigitaldeasturias.com\/noticias\/","email":"info@eldigitaldeasturias.com","telephone":"+34652131393","logo":{"@type":"ImageObject","url":"https:\/\/www.eldigitaldeasturias.com\/noticias\/wp-content\/uploads\/2020\/12\/EDA.jpg","@id":"https:\/\/www.eldigitaldeasturias.com\/noticias\/la-medica-cubana-que-deserto-pide-refugio-en-brasil-y-asilo-en-estados-unidos\/#organizationLogo"},"image":{"@id":"https:\/\/www.eldigitaldeasturias.com\/noticias\/la-medica-cubana-que-deserto-pide-refugio-en-brasil-y-asilo-en-estados-unidos\/#organizationLogo"},"sameAs":["https:\/\/facebook.com\/eldigitaldeasturias","https:\/\/www.youtube.com\/channel\/UCZP-2wLEB9Rv6erhFmqVnvg"],"address":{"@id":"https:\/\/www.eldigitaldeasturias.com\/noticias\/#postaladdress","@type":"PostalAddress","streetAddress":"san antonio 4","postalCode":"33430","addressLocality":"Cand\u00e1s","addressRegion":"Asturias","addressCountry":"ES"}},{"@type":"Person","@id":"https:\/\/www.eldigitaldeasturias.com\/noticias\/author\/admin\/#author","url":"https:\/\/www.eldigitaldeasturias.com\/noticias\/author\/admin\/","name":"El Digital de Asturias","image":{"@type":"ImageObject","@id":"https:\/\/www.eldigitaldeasturias.com\/noticias\/la-medica-cubana-que-deserto-pide-refugio-en-brasil-y-asilo-en-estados-unidos\/#authorImage","url":"https:\/\/secure.gravatar.com\/avatar\/df2aeffc32bcd13f8d26072ef8a91b623d677766deac7f97ca815868cd41bf5e?s=96&d=mm&r=g","width":96,"height":96,"caption":"El Digital de Asturias"}},{"@type":"WebPage","@id":"https:\/\/www.eldigitaldeasturias.com\/noticias\/la-medica-cubana-que-deserto-pide-refugio-en-brasil-y-asilo-en-estados-unidos\/#webpage","url":"https:\/\/www.eldigitaldeasturias.com\/noticias\/la-medica-cubana-que-deserto-pide-refugio-en-brasil-y-asilo-en-estados-unidos\/","name":"La m\u00e9dica cubana que desert\u00f3 pide refugio en Brasil y asilo en Estados Unidos - El Digital de Asturias","description":"R\u00edo de Janeiro, 6 feb (EFE).- La m\u00e9dica cubana Ramona Matos Rodr\u00edguez, que desert\u00f3 cuando trabajaba para el programa del Gobierno brasile\u00f1o que ofrece atenci\u00f3n en salud en \u00e1reas pobres, pidi\u00f3 refugio en Brasil y asilo en Estados Unidos, informaron hoy portavoces del partido opositor que la apoya en sus gestiones. Matos, que inicialmente pretend\u00eda","inLanguage":"es-ES","isPartOf":{"@id":"https:\/\/www.eldigitaldeasturias.com\/noticias\/#website"},"breadcrumb":{"@id":"https:\/\/www.eldigitaldeasturias.com\/noticias\/la-medica-cubana-que-deserto-pide-refugio-en-brasil-y-asilo-en-estados-unidos\/#breadcrumblist"},"author":{"@id":"https:\/\/www.eldigitaldeasturias.com\/noticias\/author\/admin\/#author"},"creator":{"@id":"https:\/\/www.eldigitaldeasturias.com\/noticias\/author\/admin\/#author"},"image":{"@type":"ImageObject","url":485319,"@id":"https:\/\/www.eldigitaldeasturias.com\/noticias\/la-medica-cubana-que-deserto-pide-refugio-en-brasil-y-asilo-en-estados-unidos\/#mainImage"},"primaryImageOfPage":{"@id":"https:\/\/www.eldigitaldeasturias.com\/noticias\/la-medica-cubana-que-deserto-pide-refugio-en-brasil-y-asilo-en-estados-unidos\/#mainImage"},"datePublished":"2014-02-06T22:26:44+01:00","dateModified":"2014-02-06T22:26:44+01:00"},{"@type":"WebSite","@id":"https:\/\/www.eldigitaldeasturias.com\/noticias\/#website","url":"https:\/\/www.eldigitaldeasturias.com\/noticias\/","name":"El Digital de Asturias - Diario de actualidad y noticias","alternateName":"El Digital de Asturias - Diario de actualidad y noticias","description":"Hemeroteca","inLanguage":"es-ES","publisher":{"@id":"https:\/\/www.eldigitaldeasturias.com\/noticias\/#organization"}}]},"og:locale":"es_ES","og:site_name":"El Digital de Asturias","og:type":"article","og:title":"La m\u00e9dica cubana que desert\u00f3 pide refugio en Brasil y asilo en Estados Unidos - El Digital de Asturias","og:description":"R\u00edo de Janeiro, 6 feb (EFE).- La m\u00e9dica cubana Ramona Matos Rodr\u00edguez, que desert\u00f3 cuando trabajaba para el programa del Gobierno brasile\u00f1o que ofrece atenci\u00f3n en salud en \u00e1reas pobres, pidi\u00f3 refugio en Brasil y asilo en Estados Unidos, informaron hoy portavoces del partido opositor que la apoya en sus gestiones. Matos, que inicialmente pretend\u00eda","og:url":"https:\/\/www.eldigitaldeasturias.com\/noticias\/la-medica-cubana-que-deserto-pide-refugio-en-brasil-y-asilo-en-estados-unidos\/","article:tag":["actualidad"],"article:published_time":"2014-02-06T23:26:44+00:00","article:modified_time":"2014-02-06T23:26:44+00:00","article:publisher":"https:\/\/facebook.com\/eldigitaldeasturias","twitter:card":"summary_large_image","twitter:title":"La m\u00e9dica cubana que desert\u00f3 pide refugio en Brasil y asilo en Estados Unidos - El Digital de Asturias","twitter:description":"R\u00edo de Janeiro, 6 feb (EFE).- La m\u00e9dica cubana Ramona Matos Rodr\u00edguez, que desert\u00f3 cuando trabajaba para el programa del Gobierno brasile\u00f1o que ofrece atenci\u00f3n en salud en \u00e1reas pobres, pidi\u00f3 refugio en Brasil y asilo en Estados Unidos, informaron hoy portavoces del partido opositor que la apoya en sus gestiones. Matos, que inicialmente pretend\u00eda","twitter:label1":"Escrito por","twitter:data1":"El Digital de Asturias","twitter:label2":"Tiempo de lectura estimado","twitter:data2":"3 minutos"},"aioseo_meta_data":{"post_id":"485318","title":null,"description":null,"keywords":null,"keyphrases":null,"primary_term":null,"canonical_url":null,"og_title":null,"og_description":null,"og_object_type":"default","og_image_type":"default","og_image_url":null,"og_image_width":null,"og_image_height":null,"og_image_custom_url":null,"og_image_custom_fields":null,"og_video":null,"og_custom_url":null,"og_article_section":null,"og_article_tags":null,"twitter_use_og":true,"twitter_card":"default","twitter_image_type":"default","twitter_image_url":null,"twitter_image_custom_url":null,"twitter_image_custom_fields":null,"twitter_title":null,"twitter_description":null,"schema":{"blockGraphs":[],"customGraphs":[],"default":{"data":{"Article":[],"Course":[],"Dataset":[],"FAQPage":[],"Movie":[],"Person":[],"Product":[],"ProductReview":[],"Car":[],"Recipe":[],"Service":[],"SoftwareApplication":[],"WebPage":[]},"graphName":"","isEnabled":true},"graphs":[],"defaultGraph":"","defaultPostTypeGraph":""},"schema_type":null,"schema_type_options":null,"pillar_content":false,"robots_default":true,"robots_noindex":false,"robots_noarchive":false,"robots_nosnippet":false,"robots_nofollow":false,"robots_noimageindex":false,"robots_noodp":false,"robots_notranslate":false,"robots_max_snippet":null,"robots_max_videopreview":null,"robots_max_imagepreview":"none","priority":null,"frequency":null,"local_seo":null,"seo_analyzer_scan_date":"2026-06-02 19:45:49","breadcrumb_settings":null,"limit_modified_date":false,"open_ai":null,"ai":null,"created":"2020-11-14 22:55:12","updated":"2026-06-02 19:45:49","focus_keyword":null,"additional_keywords":null,"truseo_locale":null},"aioseo_breadcrumb":"<div class=\"aioseo-breadcrumbs\"><span class=\"aioseo-breadcrumb\">\n\t<a href=\"https:\/\/www.eldigitaldeasturias.com\/noticias\" title=\"Home\">Home<\/a>\n<\/span><span class=\"aioseo-breadcrumb-separator\">\u2013<\/span><span class=\"aioseo-breadcrumb\">\n\t<a href=\"https:\/\/www.eldigitaldeasturias.com\/noticias\/category\/actualidad\/\" title=\"Actualidad\">Actualidad<\/a>\n<\/span><span class=\"aioseo-breadcrumb-separator\">\u2013<\/span><span class=\"aioseo-breadcrumb\">\n\t<a href=\"https:\/\/www.eldigitaldeasturias.com\/noticias\/la-medica-cubana-que-deserto-pide-refugio-en-brasil-y-asilo-en-estados-unidos\/\" title=\"La m\u00e9dica cubana que desert\u00f3 pide refugio en Brasil y asilo en Estados Unidos\">La m\u00e9dica cubana que desert\u00f3 pide refugio en Brasil y asilo en Estados Unidos<\/a>\n<\/span><\/div>","aioseo_breadcrumb_json":[{"label":"Home","link":"https:\/\/www.eldigitaldeasturias.com\/noticias"},{"label":"Actualidad","link":"https:\/\/www.eldigitaldeasturias.com\/noticias\/category\/actualidad\/"},{"label":"La m\u00e9dica cubana que desert\u00f3 pide refugio en Brasil y asilo en Estados Unidos","link":"https:\/\/www.eldigitaldeasturias.com\/noticias\/la-medica-cubana-que-deserto-pide-refugio-en-brasil-y-asilo-en-estados-unidos\/"}],"_links":{"self":[{"href":"https:\/\/www.eldigitaldeasturias.com\/noticias\/wp-json\/wp\/v2\/posts\/485318","targetHints":{"allow":["GET"]}}],"collection":[{"href":"https:\/\/www.eldigitaldeasturias.com\/noticias\/wp-json\/wp\/v2\/posts"}],"about":[{"href":"https:\/\/www.eldigitaldeasturias.com\/noticias\/wp-json\/wp\/v2\/types\/post"}],"author":[{"embeddable":true,"href":"https:\/\/www.eldigitaldeasturias.com\/noticias\/wp-json\/wp\/v2\/users\/1"}],"replies":[{"embeddable":true,"href":"https:\/\/www.eldigitaldeasturias.com\/noticias\/wp-json\/wp\/v2\/comments?post=485318"}],"version-history":[{"count":0,"href":"https:\/\/www.eldigitaldeasturias.com\/noticias\/wp-json\/wp\/v2\/posts\/485318\/revisions"}],"wp:attachment":[{"href":"https:\/\/www.eldigitaldeasturias.com\/noticias\/wp-json\/wp\/v2\/media?parent=485318"}],"wp:term":[{"taxonomy":"category","embeddable":true,"href":"https:\/\/www.eldigitaldeasturias.com\/noticias\/wp-json\/wp\/v2\/categories?post=485318"},{"taxonomy":"post_tag","embeddable":true,"href":"https:\/\/www.eldigitaldeasturias.com\/noticias\/wp-json\/wp\/v2\/tags?post=485318"}],"curies":[{"name":"wp","href":"https:\/\/api.w.org\/{rel}","templated":true}]}}