{"id":485312,"date":"2014-02-06T22:24:37","date_gmt":"2014-02-06T23:24:37","guid":{"rendered":"http:\/\/www.eldigitaldeasturias.com\/noticias\/?p=485312"},"modified":"2014-02-06T22:24:37","modified_gmt":"2014-02-06T23:24:37","slug":"sanz-pide-a-la-ue-que-priorice-el-mercado-interior-en-la-promocion-agricola","status":"publish","type":"post","link":"https:\/\/www.eldigitaldeasturias.com\/noticias\/sanz-pide-a-la-ue-que-priorice-el-mercado-interior-en-la-promocion-agricola\/","title":{"rendered":"Sanz pide a la UE que priorice el mercado interior en la promoci\u00f3n agr\u00edcola"},"content":{"rendered":"<p><img loading=\"lazy\" decoding=\"async\" class=\"alignleft size-medium wp-image-485313\" alt=\"5916895w\" src=\"https:\/\/www.eldigitaldeasturias.com\/noticias\/wp-content\/uploads\/2014\/02\/5916895w-360x270.jpg\" width=\"360\" height=\"270\" \/>Bruselas, 6 feb (EFE).- El presidente de La Rioja, Pedro Sanz Alonso, ha pedido hoy a la Comisi\u00f3n Europea (CE) que centre sus esfuerzos de promoci\u00f3n de productos agr\u00edcolas en el mercado interior europeo, m\u00e1s que en terceros pa\u00edses, para potenciar la venta de productos comunitarios de acreditada calidad.<\/p>\n<p>\u00abEl porcentaje presupuestario que establece la CE (para promoci\u00f3n en terceros estados) es muy r\u00edgido. Planteamos una medida m\u00e1s flexible para buscar que el mercado interior y exterior est\u00e9 adaptado a las circunstancias y momentos de crisis\u00bb, dijo Sanz en declaraciones a la prensa en Bruselas.<\/p>\n<p>El presidente riojano ha presentado hoy en el Comit\u00e9 de las Regiones un dict\u00e1men sobre la normativa europea de informaci\u00f3n y promoci\u00f3n de productos agr\u00edcolas propuesta por la CE que proyecta destinar entre 2014 y 2020 hasta 200 millones de euros a este fin, y de los que el 75 % deber\u00e1n destinarse a la promoci\u00f3n en terceros pa\u00edses.<\/p>\n<p>El Comit\u00e9 ha valorado el aumento de los fondos para el programa, que en el periodo anterior recibi\u00f3 unos 60 millones de euros, pero ha pedido al Ejecutivo comunitario que no fije esta cota del 75 % por considerar que \u00abpuede dejar desatendido el mercado interior\u00bb.<\/p>\n<p>Este mercado \u00abes el principal para los productos europeos y donde los productores deben trabajar duramente para seguir siendo competitivos, afrontando la competencia a la que se enfrenta con las entradas de productos de terceros pa\u00edses\u00bb, dice el dict\u00e1men.<\/p>\n<p>De acuerdo con el documento, el aumento presupuestario no permitir\u00e1 compensar las p\u00e9rdidas del sector agrario europeo como consecuencia de los acuerdos bilaterales que la UE negocia con pa\u00edses como Canad\u00e1, Estados Unidos o Mercosur.<\/p>\n<p>\u00abNo se exige lo mismo al producto que entra que al que tenemos en casa. Debemos cuidar mucho esto para evitar que un producto de fuera tenga, simplemente por su precio, mucha m\u00e1s entrada que el de casa, cuya calidad est\u00e1 mucho m\u00e1s cuidada\u00bb, se\u00f1al\u00f3.<\/p>\n<p>En esta l\u00ednea, Sanz ha incidido en la importancia de dar a conocer los est\u00e1ndares de exigencia de comunitarios y de cuidar aspectos como las denominaciones de origen y las marcas, fundamentales para impulsar el desarrollo econ\u00f3mico de las zonas agrarias.<\/p>\n<p>El dict\u00e1men apoya la propuesta de la CE de crear sistemas de calidad con logotipos oficiales comunitarios, pero considera que debe mantenerse la menci\u00f3n al origen geogr\u00e1fico de los productos.<\/p>\n<p>Tambi\u00e9n pide tambi\u00e9n a Bruselas que preste especial atenci\u00f3n a las peque\u00f1as y medianas empresas (pymes), ya que representan al 90 % de la industria agroalimentaria.<\/p>\n<p>Adem\u00e1s solicita al Ejecutivo que aumente su contribuci\u00f3n en los proyectos que sean cofinanciados, especialmente en casos de crisis agr\u00edcolas, en proyectos de promoci\u00f3n en terceros pa\u00edses o incluso en programas desarrollados por pymes que sean de especial inter\u00e9s.<\/p>\n<p>Por \u00faltimo, Sanz se ha referido al vino, producto riojano por excelencia, para explicar que han pedido a la CE que lo incluya plenamente en la propuesta para recibir financiaci\u00f3n, ya que seg\u00fan el proyecto del Ejecutivo solo puede optar a ella cuando forme parte de una iniciativa de promoci\u00f3n conjunta con otro producto.<\/p>\n<p>El dict\u00e1men, que ser\u00e1 votado hoy en comisi\u00f3n y posteriormente pasar\u00e1 al pleno del CdR, solo tiene valor consultivo.<\/p>\n","protected":false},"excerpt":{"rendered":"<p>Bruselas, 6 feb (EFE).- El presidente de La Rioja, Pedro Sanz Alonso, ha pedido hoy a la Comisi\u00f3n Europea (CE) que centre sus esfuerzos de promoci\u00f3n de productos agr\u00edcolas en el mercado interior europeo, m\u00e1s que en terceros pa\u00edses, para potenciar la venta de productos comunitarios de acreditada calidad. \u00abEl porcentaje presupuestario que establece la [&hellip;]<\/p>\n","protected":false},"author":1,"featured_media":485313,"comment_status":"closed","ping_status":"open","sticky":false,"template":"","format":"standard","meta":{"footnotes":""},"categories":[1],"tags":[],"class_list":["post-485312","post","type-post","status-publish","format-standard","has-post-thumbnail","hentry","category-actualidad"],"aioseo_notices":[],"aioseo_head":"\n\t\t<!-- All in One SEO Pro 5.0.1 - aioseo.com -->\n\t<meta name=\"description\" content=\"Bruselas, 6 feb (EFE).- El presidente de La Rioja, Pedro Sanz Alonso, ha pedido hoy a la Comisi\u00f3n Europea (CE) que centre sus esfuerzos de promoci\u00f3n de productos agr\u00edcolas en el mercado interior europeo, m\u00e1s que en terceros pa\u00edses, para potenciar la venta de productos comunitarios de acreditada calidad. &quot;El porcentaje presupuestario que establece la\" \/>\n\t<meta name=\"robots\" content=\"max-image-preview:large\" \/>\n\t<meta name=\"author\" content=\"El Digital de Asturias\"\/>\n\t<meta name=\"google-site-verification\" content=\"UA-38556648-1\" \/>\n\t<meta name=\"msvalidate.01\" content=\"7dfe9f3f1b24437ab69f4f2559babe99\" \/>\n\t<meta name=\"keywords\" content=\"actualidad\" \/>\n\t<link rel=\"canonical\" href=\"https:\/\/www.eldigitaldeasturias.com\/noticias\/sanz-pide-a-la-ue-que-priorice-el-mercado-interior-en-la-promocion-agricola\/\" \/>\n\t<meta name=\"generator\" content=\"All in One SEO Pro (AIOSEO) 5.0.1\" \/>\n\t\t<meta property=\"og:locale\" content=\"es_ES\" \/>\n\t\t<meta property=\"og:site_name\" content=\"El Digital de Asturias\" \/>\n\t\t<meta property=\"og:type\" content=\"article\" \/>\n\t\t<meta property=\"og:title\" content=\"Sanz pide a la UE que priorice el mercado interior en la promoci\u00f3n agr\u00edcola - El Digital de Asturias\" \/>\n\t\t<meta property=\"og:description\" content=\"Bruselas, 6 feb (EFE).- El presidente de La Rioja, Pedro Sanz Alonso, ha pedido hoy a la Comisi\u00f3n Europea (CE) que centre sus esfuerzos de promoci\u00f3n de productos agr\u00edcolas en el mercado interior europeo, m\u00e1s que en terceros pa\u00edses, para potenciar la venta de productos comunitarios de acreditada calidad. &quot;El porcentaje presupuestario que establece la\" \/>\n\t\t<meta property=\"og:url\" content=\"https:\/\/www.eldigitaldeasturias.com\/noticias\/sanz-pide-a-la-ue-que-priorice-el-mercado-interior-en-la-promocion-agricola\/\" \/>\n\t\t<meta property=\"article:tag\" content=\"actualidad\" \/>\n\t\t<meta property=\"article:published_time\" content=\"2014-02-06T23:24:37+00:00\" \/>\n\t\t<meta property=\"article:modified_time\" content=\"2014-02-06T23:24:37+00:00\" \/>\n\t\t<meta property=\"article:publisher\" content=\"https:\/\/facebook.com\/eldigitaldeasturias\" \/>\n\t\t<meta name=\"twitter:card\" content=\"summary_large_image\" \/>\n\t\t<meta name=\"twitter:title\" content=\"Sanz pide a la UE que priorice el mercado interior en la promoci\u00f3n agr\u00edcola - El Digital de Asturias\" \/>\n\t\t<meta name=\"twitter:description\" content=\"Bruselas, 6 feb (EFE).- El presidente de La Rioja, Pedro Sanz Alonso, ha pedido hoy a la Comisi\u00f3n Europea (CE) que centre sus esfuerzos de promoci\u00f3n de productos agr\u00edcolas en el mercado interior europeo, m\u00e1s que en terceros pa\u00edses, para potenciar la venta de productos comunitarios de acreditada calidad. &quot;El porcentaje presupuestario que establece la\" \/>\n\t\t<meta name=\"twitter:label1\" content=\"Escrito por\" \/>\n\t\t<meta name=\"twitter:data1\" content=\"El Digital de Asturias\" \/>\n\t\t<meta name=\"twitter:label2\" content=\"Tiempo de lectura estimado\" \/>\n\t\t<meta name=\"twitter:data2\" content=\"3 minutos\" \/>\n\t\t<script type=\"application\/ld+json\" class=\"aioseo-schema\">\n\t\t\t{\"@context\":\"https:\\\/\\\/schema.org\",\"@graph\":[{\"@type\":\"BlogPosting\",\"@id\":\"https:\\\/\\\/www.eldigitaldeasturias.com\\\/noticias\\\/sanz-pide-a-la-ue-que-priorice-el-mercado-interior-en-la-promocion-agricola\\\/#blogposting\",\"name\":\"Sanz pide a la UE que priorice el mercado interior en la promoci\\u00f3n agr\\u00edcola - El Digital de Asturias\",\"headline\":\"Sanz pide a la UE que priorice el mercado interior en la promoci\\u00f3n agr\\u00edcola\",\"author\":{\"@id\":\"https:\\\/\\\/www.eldigitaldeasturias.com\\\/noticias\\\/author\\\/admin\\\/#author\"},\"publisher\":{\"@id\":\"https:\\\/\\\/www.eldigitaldeasturias.com\\\/noticias\\\/#organization\"},\"image\":{\"@type\":\"ImageObject\",\"url\":485313},\"datePublished\":\"2014-02-06T22:24:37+01:00\",\"dateModified\":\"2014-02-06T22:24:37+01:00\",\"inLanguage\":\"es-ES\",\"mainEntityOfPage\":{\"@id\":\"https:\\\/\\\/www.eldigitaldeasturias.com\\\/noticias\\\/sanz-pide-a-la-ue-que-priorice-el-mercado-interior-en-la-promocion-agricola\\\/#webpage\"},\"isPartOf\":{\"@id\":\"https:\\\/\\\/www.eldigitaldeasturias.com\\\/noticias\\\/sanz-pide-a-la-ue-que-priorice-el-mercado-interior-en-la-promocion-agricola\\\/#webpage\"},\"articleSection\":\"Actualidad\"},{\"@type\":\"BreadcrumbList\",\"@id\":\"https:\\\/\\\/www.eldigitaldeasturias.com\\\/noticias\\\/sanz-pide-a-la-ue-que-priorice-el-mercado-interior-en-la-promocion-agricola\\\/#breadcrumblist\",\"itemListElement\":[{\"@type\":\"ListItem\",\"@id\":\"https:\\\/\\\/www.eldigitaldeasturias.com\\\/noticias#listItem\",\"position\":1,\"name\":\"Home\",\"item\":\"https:\\\/\\\/www.eldigitaldeasturias.com\\\/noticias\",\"nextItem\":{\"@type\":\"ListItem\",\"@id\":\"https:\\\/\\\/www.eldigitaldeasturias.com\\\/noticias\\\/category\\\/actualidad\\\/#listItem\",\"name\":\"Actualidad\"}},{\"@type\":\"ListItem\",\"@id\":\"https:\\\/\\\/www.eldigitaldeasturias.com\\\/noticias\\\/category\\\/actualidad\\\/#listItem\",\"position\":2,\"name\":\"Actualidad\",\"item\":\"https:\\\/\\\/www.eldigitaldeasturias.com\\\/noticias\\\/category\\\/actualidad\\\/\",\"nextItem\":{\"@type\":\"ListItem\",\"@id\":\"https:\\\/\\\/www.eldigitaldeasturias.com\\\/noticias\\\/sanz-pide-a-la-ue-que-priorice-el-mercado-interior-en-la-promocion-agricola\\\/#listItem\",\"name\":\"Sanz pide a la UE que priorice el mercado interior en la promoci\\u00f3n agr\\u00edcola\"},\"previousItem\":{\"@type\":\"ListItem\",\"@id\":\"https:\\\/\\\/www.eldigitaldeasturias.com\\\/noticias#listItem\",\"name\":\"Home\"}},{\"@type\":\"ListItem\",\"@id\":\"https:\\\/\\\/www.eldigitaldeasturias.com\\\/noticias\\\/sanz-pide-a-la-ue-que-priorice-el-mercado-interior-en-la-promocion-agricola\\\/#listItem\",\"position\":3,\"name\":\"Sanz pide a la UE que priorice el mercado interior en la promoci\\u00f3n agr\\u00edcola\",\"previousItem\":{\"@type\":\"ListItem\",\"@id\":\"https:\\\/\\\/www.eldigitaldeasturias.com\\\/noticias\\\/category\\\/actualidad\\\/#listItem\",\"name\":\"Actualidad\"}}]},{\"@type\":\"Organization\",\"@id\":\"https:\\\/\\\/www.eldigitaldeasturias.com\\\/noticias\\\/#organization\",\"name\":\"El Digital de Asturias\",\"description\":\"Hemeroteca\",\"url\":\"https:\\\/\\\/www.eldigitaldeasturias.com\\\/noticias\\\/\",\"email\":\"info@eldigitaldeasturias.com\",\"telephone\":\"+34652131393\",\"logo\":{\"@type\":\"ImageObject\",\"url\":\"https:\\\/\\\/www.eldigitaldeasturias.com\\\/noticias\\\/wp-content\\\/uploads\\\/2020\\\/12\\\/EDA.jpg\",\"@id\":\"https:\\\/\\\/www.eldigitaldeasturias.com\\\/noticias\\\/sanz-pide-a-la-ue-que-priorice-el-mercado-interior-en-la-promocion-agricola\\\/#organizationLogo\"},\"image\":{\"@id\":\"https:\\\/\\\/www.eldigitaldeasturias.com\\\/noticias\\\/sanz-pide-a-la-ue-que-priorice-el-mercado-interior-en-la-promocion-agricola\\\/#organizationLogo\"},\"sameAs\":[\"https:\\\/\\\/facebook.com\\\/eldigitaldeasturias\",\"https:\\\/\\\/www.youtube.com\\\/channel\\\/UCZP-2wLEB9Rv6erhFmqVnvg\"],\"address\":{\"@id\":\"https:\\\/\\\/www.eldigitaldeasturias.com\\\/noticias\\\/#postaladdress\",\"@type\":\"PostalAddress\",\"streetAddress\":\"san antonio 4\",\"postalCode\":\"33430\",\"addressLocality\":\"Cand\\u00e1s\",\"addressRegion\":\"Asturias\",\"addressCountry\":\"ES\"}},{\"@type\":\"Person\",\"@id\":\"https:\\\/\\\/www.eldigitaldeasturias.com\\\/noticias\\\/author\\\/admin\\\/#author\",\"url\":\"https:\\\/\\\/www.eldigitaldeasturias.com\\\/noticias\\\/author\\\/admin\\\/\",\"name\":\"El Digital de Asturias\",\"image\":{\"@type\":\"ImageObject\",\"@id\":\"https:\\\/\\\/www.eldigitaldeasturias.com\\\/noticias\\\/sanz-pide-a-la-ue-que-priorice-el-mercado-interior-en-la-promocion-agricola\\\/#authorImage\",\"url\":\"https:\\\/\\\/secure.gravatar.com\\\/avatar\\\/df2aeffc32bcd13f8d26072ef8a91b623d677766deac7f97ca815868cd41bf5e?s=96&d=mm&r=g\",\"width\":96,\"height\":96,\"caption\":\"El Digital de Asturias\"}},{\"@type\":\"WebPage\",\"@id\":\"https:\\\/\\\/www.eldigitaldeasturias.com\\\/noticias\\\/sanz-pide-a-la-ue-que-priorice-el-mercado-interior-en-la-promocion-agricola\\\/#webpage\",\"url\":\"https:\\\/\\\/www.eldigitaldeasturias.com\\\/noticias\\\/sanz-pide-a-la-ue-que-priorice-el-mercado-interior-en-la-promocion-agricola\\\/\",\"name\":\"Sanz pide a la UE que priorice el mercado interior en la promoci\\u00f3n agr\\u00edcola - El Digital de Asturias\",\"description\":\"Bruselas, 6 feb (EFE).- El presidente de La Rioja, Pedro Sanz Alonso, ha pedido hoy a la Comisi\\u00f3n Europea (CE) que centre sus esfuerzos de promoci\\u00f3n de productos agr\\u00edcolas en el mercado interior europeo, m\\u00e1s que en terceros pa\\u00edses, para potenciar la venta de productos comunitarios de acreditada calidad. \\\"El porcentaje presupuestario que establece la\",\"inLanguage\":\"es-ES\",\"isPartOf\":{\"@id\":\"https:\\\/\\\/www.eldigitaldeasturias.com\\\/noticias\\\/#website\"},\"breadcrumb\":{\"@id\":\"https:\\\/\\\/www.eldigitaldeasturias.com\\\/noticias\\\/sanz-pide-a-la-ue-que-priorice-el-mercado-interior-en-la-promocion-agricola\\\/#breadcrumblist\"},\"author\":{\"@id\":\"https:\\\/\\\/www.eldigitaldeasturias.com\\\/noticias\\\/author\\\/admin\\\/#author\"},\"creator\":{\"@id\":\"https:\\\/\\\/www.eldigitaldeasturias.com\\\/noticias\\\/author\\\/admin\\\/#author\"},\"image\":{\"@type\":\"ImageObject\",\"url\":485313,\"@id\":\"https:\\\/\\\/www.eldigitaldeasturias.com\\\/noticias\\\/sanz-pide-a-la-ue-que-priorice-el-mercado-interior-en-la-promocion-agricola\\\/#mainImage\"},\"primaryImageOfPage\":{\"@id\":\"https:\\\/\\\/www.eldigitaldeasturias.com\\\/noticias\\\/sanz-pide-a-la-ue-que-priorice-el-mercado-interior-en-la-promocion-agricola\\\/#mainImage\"},\"datePublished\":\"2014-02-06T22:24:37+01:00\",\"dateModified\":\"2014-02-06T22:24:37+01:00\"},{\"@type\":\"WebSite\",\"@id\":\"https:\\\/\\\/www.eldigitaldeasturias.com\\\/noticias\\\/#website\",\"url\":\"https:\\\/\\\/www.eldigitaldeasturias.com\\\/noticias\\\/\",\"name\":\"El Digital de Asturias - Diario de actualidad y noticias\",\"alternateName\":\"El Digital de Asturias - Diario de actualidad y noticias\",\"description\":\"Hemeroteca\",\"inLanguage\":\"es-ES\",\"publisher\":{\"@id\":\"https:\\\/\\\/www.eldigitaldeasturias.com\\\/noticias\\\/#organization\"}}]}\n\t\t<\/script>\n\t\t<!-- All in One SEO Pro -->\r\n\t\t<title>Sanz pide a la UE que priorice el mercado interior en la promoci\u00f3n agr\u00edcola - El Digital de Asturias<\/title>\n\n","aioseo_head_json":{"title":"Sanz pide a la UE que priorice el mercado interior en la promoci\u00f3n agr\u00edcola - El Digital de Asturias","description":"Bruselas, 6 feb (EFE).- El presidente de La Rioja, Pedro Sanz Alonso, ha pedido hoy a la Comisi\u00f3n Europea (CE) que centre sus esfuerzos de promoci\u00f3n de productos agr\u00edcolas en el mercado interior europeo, m\u00e1s que en terceros pa\u00edses, para potenciar la venta de productos comunitarios de acreditada calidad. \"El porcentaje presupuestario que establece la","canonical_url":"https:\/\/www.eldigitaldeasturias.com\/noticias\/sanz-pide-a-la-ue-que-priorice-el-mercado-interior-en-la-promocion-agricola\/","robots":"max-image-preview:large","keywords":"actualidad","webmasterTools":{"google-site-verification":"UA-38556648-1","msvalidate.01":"7dfe9f3f1b24437ab69f4f2559babe99","miscellaneous":""},"schema":{"@context":"https:\/\/schema.org","@graph":[{"@type":"BlogPosting","@id":"https:\/\/www.eldigitaldeasturias.com\/noticias\/sanz-pide-a-la-ue-que-priorice-el-mercado-interior-en-la-promocion-agricola\/#blogposting","name":"Sanz pide a la UE que priorice el mercado interior en la promoci\u00f3n agr\u00edcola - El Digital de Asturias","headline":"Sanz pide a la UE que priorice el mercado interior en la promoci\u00f3n agr\u00edcola","author":{"@id":"https:\/\/www.eldigitaldeasturias.com\/noticias\/author\/admin\/#author"},"publisher":{"@id":"https:\/\/www.eldigitaldeasturias.com\/noticias\/#organization"},"image":{"@type":"ImageObject","url":485313},"datePublished":"2014-02-06T22:24:37+01:00","dateModified":"2014-02-06T22:24:37+01:00","inLanguage":"es-ES","mainEntityOfPage":{"@id":"https:\/\/www.eldigitaldeasturias.com\/noticias\/sanz-pide-a-la-ue-que-priorice-el-mercado-interior-en-la-promocion-agricola\/#webpage"},"isPartOf":{"@id":"https:\/\/www.eldigitaldeasturias.com\/noticias\/sanz-pide-a-la-ue-que-priorice-el-mercado-interior-en-la-promocion-agricola\/#webpage"},"articleSection":"Actualidad"},{"@type":"BreadcrumbList","@id":"https:\/\/www.eldigitaldeasturias.com\/noticias\/sanz-pide-a-la-ue-que-priorice-el-mercado-interior-en-la-promocion-agricola\/#breadcrumblist","itemListElement":[{"@type":"ListItem","@id":"https:\/\/www.eldigitaldeasturias.com\/noticias#listItem","position":1,"name":"Home","item":"https:\/\/www.eldigitaldeasturias.com\/noticias","nextItem":{"@type":"ListItem","@id":"https:\/\/www.eldigitaldeasturias.com\/noticias\/category\/actualidad\/#listItem","name":"Actualidad"}},{"@type":"ListItem","@id":"https:\/\/www.eldigitaldeasturias.com\/noticias\/category\/actualidad\/#listItem","position":2,"name":"Actualidad","item":"https:\/\/www.eldigitaldeasturias.com\/noticias\/category\/actualidad\/","nextItem":{"@type":"ListItem","@id":"https:\/\/www.eldigitaldeasturias.com\/noticias\/sanz-pide-a-la-ue-que-priorice-el-mercado-interior-en-la-promocion-agricola\/#listItem","name":"Sanz pide a la UE que priorice el mercado interior en la promoci\u00f3n agr\u00edcola"},"previousItem":{"@type":"ListItem","@id":"https:\/\/www.eldigitaldeasturias.com\/noticias#listItem","name":"Home"}},{"@type":"ListItem","@id":"https:\/\/www.eldigitaldeasturias.com\/noticias\/sanz-pide-a-la-ue-que-priorice-el-mercado-interior-en-la-promocion-agricola\/#listItem","position":3,"name":"Sanz pide a la UE que priorice el mercado interior en la promoci\u00f3n agr\u00edcola","previousItem":{"@type":"ListItem","@id":"https:\/\/www.eldigitaldeasturias.com\/noticias\/category\/actualidad\/#listItem","name":"Actualidad"}}]},{"@type":"Organization","@id":"https:\/\/www.eldigitaldeasturias.com\/noticias\/#organization","name":"El Digital de Asturias","description":"Hemeroteca","url":"https:\/\/www.eldigitaldeasturias.com\/noticias\/","email":"info@eldigitaldeasturias.com","telephone":"+34652131393","logo":{"@type":"ImageObject","url":"https:\/\/www.eldigitaldeasturias.com\/noticias\/wp-content\/uploads\/2020\/12\/EDA.jpg","@id":"https:\/\/www.eldigitaldeasturias.com\/noticias\/sanz-pide-a-la-ue-que-priorice-el-mercado-interior-en-la-promocion-agricola\/#organizationLogo"},"image":{"@id":"https:\/\/www.eldigitaldeasturias.com\/noticias\/sanz-pide-a-la-ue-que-priorice-el-mercado-interior-en-la-promocion-agricola\/#organizationLogo"},"sameAs":["https:\/\/facebook.com\/eldigitaldeasturias","https:\/\/www.youtube.com\/channel\/UCZP-2wLEB9Rv6erhFmqVnvg"],"address":{"@id":"https:\/\/www.eldigitaldeasturias.com\/noticias\/#postaladdress","@type":"PostalAddress","streetAddress":"san antonio 4","postalCode":"33430","addressLocality":"Cand\u00e1s","addressRegion":"Asturias","addressCountry":"ES"}},{"@type":"Person","@id":"https:\/\/www.eldigitaldeasturias.com\/noticias\/author\/admin\/#author","url":"https:\/\/www.eldigitaldeasturias.com\/noticias\/author\/admin\/","name":"El Digital de Asturias","image":{"@type":"ImageObject","@id":"https:\/\/www.eldigitaldeasturias.com\/noticias\/sanz-pide-a-la-ue-que-priorice-el-mercado-interior-en-la-promocion-agricola\/#authorImage","url":"https:\/\/secure.gravatar.com\/avatar\/df2aeffc32bcd13f8d26072ef8a91b623d677766deac7f97ca815868cd41bf5e?s=96&d=mm&r=g","width":96,"height":96,"caption":"El Digital de Asturias"}},{"@type":"WebPage","@id":"https:\/\/www.eldigitaldeasturias.com\/noticias\/sanz-pide-a-la-ue-que-priorice-el-mercado-interior-en-la-promocion-agricola\/#webpage","url":"https:\/\/www.eldigitaldeasturias.com\/noticias\/sanz-pide-a-la-ue-que-priorice-el-mercado-interior-en-la-promocion-agricola\/","name":"Sanz pide a la UE que priorice el mercado interior en la promoci\u00f3n agr\u00edcola - El Digital de Asturias","description":"Bruselas, 6 feb (EFE).- El presidente de La Rioja, Pedro Sanz Alonso, ha pedido hoy a la Comisi\u00f3n Europea (CE) que centre sus esfuerzos de promoci\u00f3n de productos agr\u00edcolas en el mercado interior europeo, m\u00e1s que en terceros pa\u00edses, para potenciar la venta de productos comunitarios de acreditada calidad. \"El porcentaje presupuestario que establece la","inLanguage":"es-ES","isPartOf":{"@id":"https:\/\/www.eldigitaldeasturias.com\/noticias\/#website"},"breadcrumb":{"@id":"https:\/\/www.eldigitaldeasturias.com\/noticias\/sanz-pide-a-la-ue-que-priorice-el-mercado-interior-en-la-promocion-agricola\/#breadcrumblist"},"author":{"@id":"https:\/\/www.eldigitaldeasturias.com\/noticias\/author\/admin\/#author"},"creator":{"@id":"https:\/\/www.eldigitaldeasturias.com\/noticias\/author\/admin\/#author"},"image":{"@type":"ImageObject","url":485313,"@id":"https:\/\/www.eldigitaldeasturias.com\/noticias\/sanz-pide-a-la-ue-que-priorice-el-mercado-interior-en-la-promocion-agricola\/#mainImage"},"primaryImageOfPage":{"@id":"https:\/\/www.eldigitaldeasturias.com\/noticias\/sanz-pide-a-la-ue-que-priorice-el-mercado-interior-en-la-promocion-agricola\/#mainImage"},"datePublished":"2014-02-06T22:24:37+01:00","dateModified":"2014-02-06T22:24:37+01:00"},{"@type":"WebSite","@id":"https:\/\/www.eldigitaldeasturias.com\/noticias\/#website","url":"https:\/\/www.eldigitaldeasturias.com\/noticias\/","name":"El Digital de Asturias - Diario de actualidad y noticias","alternateName":"El Digital de Asturias - Diario de actualidad y noticias","description":"Hemeroteca","inLanguage":"es-ES","publisher":{"@id":"https:\/\/www.eldigitaldeasturias.com\/noticias\/#organization"}}]},"og:locale":"es_ES","og:site_name":"El Digital de Asturias","og:type":"article","og:title":"Sanz pide a la UE que priorice el mercado interior en la promoci\u00f3n agr\u00edcola - El Digital de Asturias","og:description":"Bruselas, 6 feb (EFE).- El presidente de La Rioja, Pedro Sanz Alonso, ha pedido hoy a la Comisi\u00f3n Europea (CE) que centre sus esfuerzos de promoci\u00f3n de productos agr\u00edcolas en el mercado interior europeo, m\u00e1s que en terceros pa\u00edses, para potenciar la venta de productos comunitarios de acreditada calidad. &quot;El porcentaje presupuestario que establece la","og:url":"https:\/\/www.eldigitaldeasturias.com\/noticias\/sanz-pide-a-la-ue-que-priorice-el-mercado-interior-en-la-promocion-agricola\/","article:tag":["actualidad"],"article:published_time":"2014-02-06T23:24:37+00:00","article:modified_time":"2014-02-06T23:24:37+00:00","article:publisher":"https:\/\/facebook.com\/eldigitaldeasturias","twitter:card":"summary_large_image","twitter:title":"Sanz pide a la UE que priorice el mercado interior en la promoci\u00f3n agr\u00edcola - El Digital de Asturias","twitter:description":"Bruselas, 6 feb (EFE).- El presidente de La Rioja, Pedro Sanz Alonso, ha pedido hoy a la Comisi\u00f3n Europea (CE) que centre sus esfuerzos de promoci\u00f3n de productos agr\u00edcolas en el mercado interior europeo, m\u00e1s que en terceros pa\u00edses, para potenciar la venta de productos comunitarios de acreditada calidad. &quot;El porcentaje presupuestario que establece la","twitter:label1":"Escrito por","twitter:data1":"El Digital de Asturias","twitter:label2":"Tiempo de lectura estimado","twitter:data2":"3 minutos"},"aioseo_meta_data":{"post_id":"485312","title":null,"description":null,"keywords":null,"keyphrases":null,"primary_term":null,"canonical_url":null,"og_title":null,"og_description":null,"og_object_type":"default","og_image_type":"default","og_image_url":null,"og_image_width":null,"og_image_height":null,"og_image_custom_url":null,"og_image_custom_fields":null,"og_video":null,"og_custom_url":null,"og_article_section":null,"og_article_tags":null,"twitter_use_og":true,"twitter_card":"default","twitter_image_type":"default","twitter_image_url":null,"twitter_image_custom_url":null,"twitter_image_custom_fields":null,"twitter_title":null,"twitter_description":null,"schema":{"blockGraphs":[],"customGraphs":[],"default":{"data":{"Article":[],"Course":[],"Dataset":[],"FAQPage":[],"Movie":[],"Person":[],"Product":[],"ProductReview":[],"Car":[],"Recipe":[],"Service":[],"SoftwareApplication":[],"WebPage":[]},"graphName":"","isEnabled":true},"graphs":[],"defaultGraph":"","defaultPostTypeGraph":""},"schema_type":null,"schema_type_options":null,"pillar_content":false,"robots_default":true,"robots_noindex":false,"robots_noarchive":false,"robots_nosnippet":false,"robots_nofollow":false,"robots_noimageindex":false,"robots_noodp":false,"robots_notranslate":false,"robots_max_snippet":null,"robots_max_videopreview":null,"robots_max_imagepreview":"none","priority":null,"frequency":null,"local_seo":null,"seo_analyzer_scan_date":"2026-06-02 19:45:48","breadcrumb_settings":null,"limit_modified_date":false,"open_ai":null,"ai":null,"created":"2020-11-14 22:55:12","updated":"2026-06-02 19:45:48","focus_keyword":null,"additional_keywords":null,"truseo_locale":null},"aioseo_breadcrumb":"<div class=\"aioseo-breadcrumbs\"><span class=\"aioseo-breadcrumb\">\n\t<a href=\"https:\/\/www.eldigitaldeasturias.com\/noticias\" title=\"Home\">Home<\/a>\n<\/span><span class=\"aioseo-breadcrumb-separator\">\u2013<\/span><span class=\"aioseo-breadcrumb\">\n\t<a href=\"https:\/\/www.eldigitaldeasturias.com\/noticias\/category\/actualidad\/\" title=\"Actualidad\">Actualidad<\/a>\n<\/span><span class=\"aioseo-breadcrumb-separator\">\u2013<\/span><span class=\"aioseo-breadcrumb\">\n\t<a href=\"https:\/\/www.eldigitaldeasturias.com\/noticias\/sanz-pide-a-la-ue-que-priorice-el-mercado-interior-en-la-promocion-agricola\/\" title=\"Sanz pide a la UE que priorice el mercado interior en la promoci\u00f3n agr\u00edcola\">Sanz pide a la UE que priorice el mercado interior en la promoci\u00f3n agr\u00edcola<\/a>\n<\/span><\/div>","aioseo_breadcrumb_json":[{"label":"Home","link":"https:\/\/www.eldigitaldeasturias.com\/noticias"},{"label":"Actualidad","link":"https:\/\/www.eldigitaldeasturias.com\/noticias\/category\/actualidad\/"},{"label":"Sanz pide a la UE que priorice el mercado interior en la promoci\u00f3n agr\u00edcola","link":"https:\/\/www.eldigitaldeasturias.com\/noticias\/sanz-pide-a-la-ue-que-priorice-el-mercado-interior-en-la-promocion-agricola\/"}],"_links":{"self":[{"href":"https:\/\/www.eldigitaldeasturias.com\/noticias\/wp-json\/wp\/v2\/posts\/485312","targetHints":{"allow":["GET"]}}],"collection":[{"href":"https:\/\/www.eldigitaldeasturias.com\/noticias\/wp-json\/wp\/v2\/posts"}],"about":[{"href":"https:\/\/www.eldigitaldeasturias.com\/noticias\/wp-json\/wp\/v2\/types\/post"}],"author":[{"embeddable":true,"href":"https:\/\/www.eldigitaldeasturias.com\/noticias\/wp-json\/wp\/v2\/users\/1"}],"replies":[{"embeddable":true,"href":"https:\/\/www.eldigitaldeasturias.com\/noticias\/wp-json\/wp\/v2\/comments?post=485312"}],"version-history":[{"count":0,"href":"https:\/\/www.eldigitaldeasturias.com\/noticias\/wp-json\/wp\/v2\/posts\/485312\/revisions"}],"wp:attachment":[{"href":"https:\/\/www.eldigitaldeasturias.com\/noticias\/wp-json\/wp\/v2\/media?parent=485312"}],"wp:term":[{"taxonomy":"category","embeddable":true,"href":"https:\/\/www.eldigitaldeasturias.com\/noticias\/wp-json\/wp\/v2\/categories?post=485312"},{"taxonomy":"post_tag","embeddable":true,"href":"https:\/\/www.eldigitaldeasturias.com\/noticias\/wp-json\/wp\/v2\/tags?post=485312"}],"curies":[{"name":"wp","href":"https:\/\/api.w.org\/{rel}","templated":true}]}}