{"id":485297,"date":"2014-02-06T22:20:16","date_gmt":"2014-02-06T23:20:16","guid":{"rendered":"http:\/\/www.eldigitaldeasturias.com\/noticias\/?p=485297"},"modified":"2014-02-06T22:20:16","modified_gmt":"2014-02-06T23:20:16","slug":"la-primera-reunion-rompe-el-hielo-entre-los-talibanes-y-el-gobierno-en-pakistan","status":"publish","type":"post","link":"https:\/\/www.eldigitaldeasturias.com\/noticias\/la-primera-reunion-rompe-el-hielo-entre-los-talibanes-y-el-gobierno-en-pakistan\/","title":{"rendered":"La primera reuni\u00f3n rompe el hielo entre los talibanes y el Gobierno en Pakist\u00e1n"},"content":{"rendered":"<p><img loading=\"lazy\" decoding=\"async\" class=\"alignleft size-medium wp-image-485298\" alt=\"5915735w\" src=\"https:\/\/www.eldigitaldeasturias.com\/noticias\/wp-content\/uploads\/2014\/02\/5915735w-360x239.jpg\" width=\"360\" height=\"239\" \/>Islamabad, 6 feb (EFE).- Los contactos oficiales entre emisarios del Gobierno y los talibanes en Pakist\u00e1n empezaron hoy con una reuni\u00f3n en la que el bando insurgente anticip\u00f3 que habr\u00e1 una lista de exigencias al Ejecutivo, que incluir\u00edan el cese de la actividad militar y cambios en la Constituci\u00f3n para imponer la Ley Isl\u00e1mica.<\/p>\n<p>Tras el fiasco del pasado martes, la reuni\u00f3n empez\u00f3 hacia las 14.30 hora local (9.30 GMT) en las dependencias en Islamabad del Gobierno de la provincia noroccidental de Khyber Pakhtunkwa, e im\u00e1genes de la televisi\u00f3n estatal mostraron un ambiente distendido.<\/p>\n<p>Hace dos d\u00edas se anunci\u00f3 el primer encuentro, pero las reservas gubernamentales sobre el escaso n\u00famero de emisarios de los talibanes y su grado real de conexi\u00f3n con la direcci\u00f3n insurgente llevaron al traste la reuni\u00f3n y provocaron un intercambio de acusaciones.<\/p>\n<p>Uno de los miembros del cuestionado equipo negociador talib\u00e1n, Samiul Haq, replic\u00f3 que su grupo \u00abtiene la plena confianza\u00bb del mayor grupo talib\u00e1n, el Tehrik-e-Taliban Pakistan (TTP), y un portavoz de este confirm\u00f3 ante los medios que no piensan variar su delegaci\u00f3n.<\/p>\n<p>En las \u00faltimas 48 horas se han sucedido los contactos alrededor de la negociaci\u00f3n y hoy, seg\u00fan medios oficiales, Haq ha hablado con el ministro del Interior paquistan\u00ed, Nisar Al\u00ed Khan, y ambos reiteraron la buena disposici\u00f3n de los bandos para llevar adelante la negociaci\u00f3n.<\/p>\n<p>Uno de los aspectos que plantea m\u00e1s aristas a ojos de analistas locales citados ampliamente por la prensa local es el grado de demandas de los insurgentes, a priori dif\u00edciles de asumir por el Estado paquistan\u00ed.<\/p>\n<p>Seg\u00fan diversos expertos, las demandas de los talibanes incluyen la suspensi\u00f3n de toda actividad militar en las \u00e1reas tribales (incluidos los drones estadounidenses), la liberaci\u00f3n de los presos talibanes y cambios en la Constituci\u00f3n para imponer la ley isl\u00e1mica.<\/p>\n<p>Un miembro del tr\u00edo negociador talib\u00e1n, el cl\u00e9rigo Abdul Aziz, declar\u00f3 hoy que llegar\u00e1n a la reuni\u00f3n con una lista de demandas del TTP, aunque la mayor\u00eda de informaciones locales apuntan al car\u00e1cter exploratorio de los primeras encuentros.<\/p>\n<p>El comit\u00e9 gubernamental est\u00e1 formado por Sidiqui, el exmiembro del aparato de inteligencia Mohamed Amir, el exdiplom\u00e1tico cercano a la oposici\u00f3n Rustam Sha y el periodista Rahimul\u00e1 Yusufzai.<\/p>\n<p>Citado hoy por la cadena Geo, uno de los miembros de la c\u00fapula del TTP, Qari Shakil, afirm\u00f3 que los talibanes quieren un di\u00e1logo \u00absignificativo y que d\u00e9 resultados\u00bb.<\/p>\n<p>En declaraciones al mismo canal, el negociador Abdul Aziz dijo que deber\u00eda haber un alto el fuego mientras duren las negociaciones y fuentes oficiales revelaron que entre bastidores se ha estudiado un compromiso para detener las hostilidades.<\/p>\n<p>Sin embargo, la actividad violenta de los talibanes no se ha parado y uno de sus responsables reivindic\u00f3 ayer un atentado sectario contra la minor\u00eda chi\u00ed, que el martes por la noche acab\u00f3 con la vida de nueve personas en la ciudad de Pesh\u00e1war.<\/p>\n<p>A pesar de un primer desmentido por parte del TTP, un jefe local del grupo en esa localidad noroccidental, Has\u00e1n Swati, lo atribuy\u00f3 a una venganza por la muerte de estudiantes de una madraza el pasado noviembre tras un bombardeo de EEUU en la cercana zona de Hangu.<\/p>\n<p>La actividad terrorista en Pakist\u00e1n ha aumentado muy significativamente en el \u00faltimo a\u00f1o y se ha roto la tendencia a la baja iniciada en 2010.<\/p>\n<p>Seg\u00fan un reciente informe del Instituto Paquistan\u00ed de Estudios de Paz, el a\u00f1o pasado hubo en el pa\u00eds asi\u00e1tico m\u00e1s de 1.700 atentados terroristas -un 61 % de ellos perpetrado por el TTP y sus aliados-, en los que murieron cerca de 2.500 personas, un 19 % m\u00e1s que en 2012.<\/p>\n<p>&nbsp;<\/p>\n<p>Por Pau Miranda<\/p>\n","protected":false},"excerpt":{"rendered":"<p>Islamabad, 6 feb (EFE).- Los contactos oficiales entre emisarios del Gobierno y los talibanes en Pakist\u00e1n empezaron hoy con una reuni\u00f3n en la que el bando insurgente anticip\u00f3 que habr\u00e1 una lista de exigencias al Ejecutivo, que incluir\u00edan el cese de la actividad militar y cambios en la Constituci\u00f3n para imponer la Ley Isl\u00e1mica. Tras [&hellip;]<\/p>\n","protected":false},"author":1,"featured_media":485298,"comment_status":"closed","ping_status":"open","sticky":false,"template":"","format":"standard","meta":{"footnotes":""},"categories":[1],"tags":[],"class_list":["post-485297","post","type-post","status-publish","format-standard","has-post-thumbnail","hentry","category-actualidad"],"aioseo_notices":[],"aioseo_head":"\n\t\t<!-- All in One SEO Pro 5.0.1 - aioseo.com -->\n\t<meta name=\"description\" content=\"Islamabad, 6 feb (EFE).- Los contactos oficiales entre emisarios del Gobierno y los talibanes en Pakist\u00e1n empezaron hoy con una reuni\u00f3n en la que el bando insurgente anticip\u00f3 que habr\u00e1 una lista de exigencias al Ejecutivo, que incluir\u00edan el cese de la actividad militar y cambios en la Constituci\u00f3n para imponer la Ley Isl\u00e1mica. Tras\" \/>\n\t<meta name=\"robots\" content=\"max-image-preview:large\" \/>\n\t<meta name=\"author\" content=\"El Digital de Asturias\"\/>\n\t<meta name=\"google-site-verification\" content=\"UA-38556648-1\" \/>\n\t<meta name=\"msvalidate.01\" content=\"7dfe9f3f1b24437ab69f4f2559babe99\" \/>\n\t<meta name=\"keywords\" content=\"actualidad\" \/>\n\t<link rel=\"canonical\" href=\"https:\/\/www.eldigitaldeasturias.com\/noticias\/la-primera-reunion-rompe-el-hielo-entre-los-talibanes-y-el-gobierno-en-pakistan\/\" \/>\n\t<meta name=\"generator\" content=\"All in One SEO Pro (AIOSEO) 5.0.1\" \/>\n\t\t<meta property=\"og:locale\" content=\"es_ES\" \/>\n\t\t<meta property=\"og:site_name\" content=\"El Digital de Asturias\" \/>\n\t\t<meta property=\"og:type\" content=\"article\" \/>\n\t\t<meta property=\"og:title\" content=\"La primera reuni\u00f3n rompe el hielo entre los talibanes y el Gobierno en Pakist\u00e1n - El Digital de Asturias\" \/>\n\t\t<meta property=\"og:description\" content=\"Islamabad, 6 feb (EFE).- Los contactos oficiales entre emisarios del Gobierno y los talibanes en Pakist\u00e1n empezaron hoy con una reuni\u00f3n en la que el bando insurgente anticip\u00f3 que habr\u00e1 una lista de exigencias al Ejecutivo, que incluir\u00edan el cese de la actividad militar y cambios en la Constituci\u00f3n para imponer la Ley Isl\u00e1mica. Tras\" \/>\n\t\t<meta property=\"og:url\" content=\"https:\/\/www.eldigitaldeasturias.com\/noticias\/la-primera-reunion-rompe-el-hielo-entre-los-talibanes-y-el-gobierno-en-pakistan\/\" \/>\n\t\t<meta property=\"article:tag\" content=\"actualidad\" \/>\n\t\t<meta property=\"article:published_time\" content=\"2014-02-06T23:20:16+00:00\" \/>\n\t\t<meta property=\"article:modified_time\" content=\"2014-02-06T23:20:16+00:00\" \/>\n\t\t<meta property=\"article:publisher\" content=\"https:\/\/facebook.com\/eldigitaldeasturias\" \/>\n\t\t<meta name=\"twitter:card\" content=\"summary_large_image\" \/>\n\t\t<meta name=\"twitter:title\" content=\"La primera reuni\u00f3n rompe el hielo entre los talibanes y el Gobierno en Pakist\u00e1n - El Digital de Asturias\" \/>\n\t\t<meta name=\"twitter:description\" content=\"Islamabad, 6 feb (EFE).- Los contactos oficiales entre emisarios del Gobierno y los talibanes en Pakist\u00e1n empezaron hoy con una reuni\u00f3n en la que el bando insurgente anticip\u00f3 que habr\u00e1 una lista de exigencias al Ejecutivo, que incluir\u00edan el cese de la actividad militar y cambios en la Constituci\u00f3n para imponer la Ley Isl\u00e1mica. Tras\" \/>\n\t\t<meta name=\"twitter:label1\" content=\"Escrito por\" \/>\n\t\t<meta name=\"twitter:data1\" content=\"El Digital de Asturias\" \/>\n\t\t<meta name=\"twitter:label2\" content=\"Tiempo de lectura estimado\" \/>\n\t\t<meta name=\"twitter:data2\" content=\"3 minutos\" \/>\n\t\t<script type=\"application\/ld+json\" class=\"aioseo-schema\">\n\t\t\t{\"@context\":\"https:\\\/\\\/schema.org\",\"@graph\":[{\"@type\":\"BlogPosting\",\"@id\":\"https:\\\/\\\/www.eldigitaldeasturias.com\\\/noticias\\\/la-primera-reunion-rompe-el-hielo-entre-los-talibanes-y-el-gobierno-en-pakistan\\\/#blogposting\",\"name\":\"La primera reuni\\u00f3n rompe el hielo entre los talibanes y el Gobierno en Pakist\\u00e1n - El Digital de Asturias\",\"headline\":\"La primera reuni\\u00f3n rompe el hielo entre los talibanes y el Gobierno en Pakist\\u00e1n\",\"author\":{\"@id\":\"https:\\\/\\\/www.eldigitaldeasturias.com\\\/noticias\\\/author\\\/admin\\\/#author\"},\"publisher\":{\"@id\":\"https:\\\/\\\/www.eldigitaldeasturias.com\\\/noticias\\\/#organization\"},\"image\":{\"@type\":\"ImageObject\",\"url\":485298},\"datePublished\":\"2014-02-06T22:20:16+01:00\",\"dateModified\":\"2014-02-06T22:20:16+01:00\",\"inLanguage\":\"es-ES\",\"mainEntityOfPage\":{\"@id\":\"https:\\\/\\\/www.eldigitaldeasturias.com\\\/noticias\\\/la-primera-reunion-rompe-el-hielo-entre-los-talibanes-y-el-gobierno-en-pakistan\\\/#webpage\"},\"isPartOf\":{\"@id\":\"https:\\\/\\\/www.eldigitaldeasturias.com\\\/noticias\\\/la-primera-reunion-rompe-el-hielo-entre-los-talibanes-y-el-gobierno-en-pakistan\\\/#webpage\"},\"articleSection\":\"Actualidad\"},{\"@type\":\"BreadcrumbList\",\"@id\":\"https:\\\/\\\/www.eldigitaldeasturias.com\\\/noticias\\\/la-primera-reunion-rompe-el-hielo-entre-los-talibanes-y-el-gobierno-en-pakistan\\\/#breadcrumblist\",\"itemListElement\":[{\"@type\":\"ListItem\",\"@id\":\"https:\\\/\\\/www.eldigitaldeasturias.com\\\/noticias#listItem\",\"position\":1,\"name\":\"Home\",\"item\":\"https:\\\/\\\/www.eldigitaldeasturias.com\\\/noticias\",\"nextItem\":{\"@type\":\"ListItem\",\"@id\":\"https:\\\/\\\/www.eldigitaldeasturias.com\\\/noticias\\\/category\\\/actualidad\\\/#listItem\",\"name\":\"Actualidad\"}},{\"@type\":\"ListItem\",\"@id\":\"https:\\\/\\\/www.eldigitaldeasturias.com\\\/noticias\\\/category\\\/actualidad\\\/#listItem\",\"position\":2,\"name\":\"Actualidad\",\"item\":\"https:\\\/\\\/www.eldigitaldeasturias.com\\\/noticias\\\/category\\\/actualidad\\\/\",\"nextItem\":{\"@type\":\"ListItem\",\"@id\":\"https:\\\/\\\/www.eldigitaldeasturias.com\\\/noticias\\\/la-primera-reunion-rompe-el-hielo-entre-los-talibanes-y-el-gobierno-en-pakistan\\\/#listItem\",\"name\":\"La primera reuni\\u00f3n rompe el hielo entre los talibanes y el Gobierno en Pakist\\u00e1n\"},\"previousItem\":{\"@type\":\"ListItem\",\"@id\":\"https:\\\/\\\/www.eldigitaldeasturias.com\\\/noticias#listItem\",\"name\":\"Home\"}},{\"@type\":\"ListItem\",\"@id\":\"https:\\\/\\\/www.eldigitaldeasturias.com\\\/noticias\\\/la-primera-reunion-rompe-el-hielo-entre-los-talibanes-y-el-gobierno-en-pakistan\\\/#listItem\",\"position\":3,\"name\":\"La primera reuni\\u00f3n rompe el hielo entre los talibanes y el Gobierno en Pakist\\u00e1n\",\"previousItem\":{\"@type\":\"ListItem\",\"@id\":\"https:\\\/\\\/www.eldigitaldeasturias.com\\\/noticias\\\/category\\\/actualidad\\\/#listItem\",\"name\":\"Actualidad\"}}]},{\"@type\":\"Organization\",\"@id\":\"https:\\\/\\\/www.eldigitaldeasturias.com\\\/noticias\\\/#organization\",\"name\":\"El Digital de Asturias\",\"description\":\"Hemeroteca\",\"url\":\"https:\\\/\\\/www.eldigitaldeasturias.com\\\/noticias\\\/\",\"email\":\"info@eldigitaldeasturias.com\",\"telephone\":\"+34652131393\",\"logo\":{\"@type\":\"ImageObject\",\"url\":\"https:\\\/\\\/www.eldigitaldeasturias.com\\\/noticias\\\/wp-content\\\/uploads\\\/2020\\\/12\\\/EDA.jpg\",\"@id\":\"https:\\\/\\\/www.eldigitaldeasturias.com\\\/noticias\\\/la-primera-reunion-rompe-el-hielo-entre-los-talibanes-y-el-gobierno-en-pakistan\\\/#organizationLogo\"},\"image\":{\"@id\":\"https:\\\/\\\/www.eldigitaldeasturias.com\\\/noticias\\\/la-primera-reunion-rompe-el-hielo-entre-los-talibanes-y-el-gobierno-en-pakistan\\\/#organizationLogo\"},\"sameAs\":[\"https:\\\/\\\/facebook.com\\\/eldigitaldeasturias\",\"https:\\\/\\\/www.youtube.com\\\/channel\\\/UCZP-2wLEB9Rv6erhFmqVnvg\"],\"address\":{\"@id\":\"https:\\\/\\\/www.eldigitaldeasturias.com\\\/noticias\\\/#postaladdress\",\"@type\":\"PostalAddress\",\"streetAddress\":\"san antonio 4\",\"postalCode\":\"33430\",\"addressLocality\":\"Cand\\u00e1s\",\"addressRegion\":\"Asturias\",\"addressCountry\":\"ES\"}},{\"@type\":\"Person\",\"@id\":\"https:\\\/\\\/www.eldigitaldeasturias.com\\\/noticias\\\/author\\\/admin\\\/#author\",\"url\":\"https:\\\/\\\/www.eldigitaldeasturias.com\\\/noticias\\\/author\\\/admin\\\/\",\"name\":\"El Digital de Asturias\",\"image\":{\"@type\":\"ImageObject\",\"@id\":\"https:\\\/\\\/www.eldigitaldeasturias.com\\\/noticias\\\/la-primera-reunion-rompe-el-hielo-entre-los-talibanes-y-el-gobierno-en-pakistan\\\/#authorImage\",\"url\":\"https:\\\/\\\/secure.gravatar.com\\\/avatar\\\/df2aeffc32bcd13f8d26072ef8a91b623d677766deac7f97ca815868cd41bf5e?s=96&d=mm&r=g\",\"width\":96,\"height\":96,\"caption\":\"El Digital de Asturias\"}},{\"@type\":\"WebPage\",\"@id\":\"https:\\\/\\\/www.eldigitaldeasturias.com\\\/noticias\\\/la-primera-reunion-rompe-el-hielo-entre-los-talibanes-y-el-gobierno-en-pakistan\\\/#webpage\",\"url\":\"https:\\\/\\\/www.eldigitaldeasturias.com\\\/noticias\\\/la-primera-reunion-rompe-el-hielo-entre-los-talibanes-y-el-gobierno-en-pakistan\\\/\",\"name\":\"La primera reuni\\u00f3n rompe el hielo entre los talibanes y el Gobierno en Pakist\\u00e1n - El Digital de Asturias\",\"description\":\"Islamabad, 6 feb (EFE).- Los contactos oficiales entre emisarios del Gobierno y los talibanes en Pakist\\u00e1n empezaron hoy con una reuni\\u00f3n en la que el bando insurgente anticip\\u00f3 que habr\\u00e1 una lista de exigencias al Ejecutivo, que incluir\\u00edan el cese de la actividad militar y cambios en la Constituci\\u00f3n para imponer la Ley Isl\\u00e1mica. Tras\",\"inLanguage\":\"es-ES\",\"isPartOf\":{\"@id\":\"https:\\\/\\\/www.eldigitaldeasturias.com\\\/noticias\\\/#website\"},\"breadcrumb\":{\"@id\":\"https:\\\/\\\/www.eldigitaldeasturias.com\\\/noticias\\\/la-primera-reunion-rompe-el-hielo-entre-los-talibanes-y-el-gobierno-en-pakistan\\\/#breadcrumblist\"},\"author\":{\"@id\":\"https:\\\/\\\/www.eldigitaldeasturias.com\\\/noticias\\\/author\\\/admin\\\/#author\"},\"creator\":{\"@id\":\"https:\\\/\\\/www.eldigitaldeasturias.com\\\/noticias\\\/author\\\/admin\\\/#author\"},\"image\":{\"@type\":\"ImageObject\",\"url\":485298,\"@id\":\"https:\\\/\\\/www.eldigitaldeasturias.com\\\/noticias\\\/la-primera-reunion-rompe-el-hielo-entre-los-talibanes-y-el-gobierno-en-pakistan\\\/#mainImage\"},\"primaryImageOfPage\":{\"@id\":\"https:\\\/\\\/www.eldigitaldeasturias.com\\\/noticias\\\/la-primera-reunion-rompe-el-hielo-entre-los-talibanes-y-el-gobierno-en-pakistan\\\/#mainImage\"},\"datePublished\":\"2014-02-06T22:20:16+01:00\",\"dateModified\":\"2014-02-06T22:20:16+01:00\"},{\"@type\":\"WebSite\",\"@id\":\"https:\\\/\\\/www.eldigitaldeasturias.com\\\/noticias\\\/#website\",\"url\":\"https:\\\/\\\/www.eldigitaldeasturias.com\\\/noticias\\\/\",\"name\":\"El Digital de Asturias - Diario de actualidad y noticias\",\"alternateName\":\"El Digital de Asturias - Diario de actualidad y noticias\",\"description\":\"Hemeroteca\",\"inLanguage\":\"es-ES\",\"publisher\":{\"@id\":\"https:\\\/\\\/www.eldigitaldeasturias.com\\\/noticias\\\/#organization\"}}]}\n\t\t<\/script>\n\t\t<!-- All in One SEO Pro -->\r\n\t\t<title>La primera reuni\u00f3n rompe el hielo entre los talibanes y el Gobierno en Pakist\u00e1n - El Digital de Asturias<\/title>\n\n","aioseo_head_json":{"title":"La primera reuni\u00f3n rompe el hielo entre los talibanes y el Gobierno en Pakist\u00e1n - El Digital de Asturias","description":"Islamabad, 6 feb (EFE).- Los contactos oficiales entre emisarios del Gobierno y los talibanes en Pakist\u00e1n empezaron hoy con una reuni\u00f3n en la que el bando insurgente anticip\u00f3 que habr\u00e1 una lista de exigencias al Ejecutivo, que incluir\u00edan el cese de la actividad militar y cambios en la Constituci\u00f3n para imponer la Ley Isl\u00e1mica. Tras","canonical_url":"https:\/\/www.eldigitaldeasturias.com\/noticias\/la-primera-reunion-rompe-el-hielo-entre-los-talibanes-y-el-gobierno-en-pakistan\/","robots":"max-image-preview:large","keywords":"actualidad","webmasterTools":{"google-site-verification":"UA-38556648-1","msvalidate.01":"7dfe9f3f1b24437ab69f4f2559babe99","miscellaneous":""},"schema":{"@context":"https:\/\/schema.org","@graph":[{"@type":"BlogPosting","@id":"https:\/\/www.eldigitaldeasturias.com\/noticias\/la-primera-reunion-rompe-el-hielo-entre-los-talibanes-y-el-gobierno-en-pakistan\/#blogposting","name":"La primera reuni\u00f3n rompe el hielo entre los talibanes y el Gobierno en Pakist\u00e1n - El Digital de Asturias","headline":"La primera reuni\u00f3n rompe el hielo entre los talibanes y el Gobierno en Pakist\u00e1n","author":{"@id":"https:\/\/www.eldigitaldeasturias.com\/noticias\/author\/admin\/#author"},"publisher":{"@id":"https:\/\/www.eldigitaldeasturias.com\/noticias\/#organization"},"image":{"@type":"ImageObject","url":485298},"datePublished":"2014-02-06T22:20:16+01:00","dateModified":"2014-02-06T22:20:16+01:00","inLanguage":"es-ES","mainEntityOfPage":{"@id":"https:\/\/www.eldigitaldeasturias.com\/noticias\/la-primera-reunion-rompe-el-hielo-entre-los-talibanes-y-el-gobierno-en-pakistan\/#webpage"},"isPartOf":{"@id":"https:\/\/www.eldigitaldeasturias.com\/noticias\/la-primera-reunion-rompe-el-hielo-entre-los-talibanes-y-el-gobierno-en-pakistan\/#webpage"},"articleSection":"Actualidad"},{"@type":"BreadcrumbList","@id":"https:\/\/www.eldigitaldeasturias.com\/noticias\/la-primera-reunion-rompe-el-hielo-entre-los-talibanes-y-el-gobierno-en-pakistan\/#breadcrumblist","itemListElement":[{"@type":"ListItem","@id":"https:\/\/www.eldigitaldeasturias.com\/noticias#listItem","position":1,"name":"Home","item":"https:\/\/www.eldigitaldeasturias.com\/noticias","nextItem":{"@type":"ListItem","@id":"https:\/\/www.eldigitaldeasturias.com\/noticias\/category\/actualidad\/#listItem","name":"Actualidad"}},{"@type":"ListItem","@id":"https:\/\/www.eldigitaldeasturias.com\/noticias\/category\/actualidad\/#listItem","position":2,"name":"Actualidad","item":"https:\/\/www.eldigitaldeasturias.com\/noticias\/category\/actualidad\/","nextItem":{"@type":"ListItem","@id":"https:\/\/www.eldigitaldeasturias.com\/noticias\/la-primera-reunion-rompe-el-hielo-entre-los-talibanes-y-el-gobierno-en-pakistan\/#listItem","name":"La primera reuni\u00f3n rompe el hielo entre los talibanes y el Gobierno en Pakist\u00e1n"},"previousItem":{"@type":"ListItem","@id":"https:\/\/www.eldigitaldeasturias.com\/noticias#listItem","name":"Home"}},{"@type":"ListItem","@id":"https:\/\/www.eldigitaldeasturias.com\/noticias\/la-primera-reunion-rompe-el-hielo-entre-los-talibanes-y-el-gobierno-en-pakistan\/#listItem","position":3,"name":"La primera reuni\u00f3n rompe el hielo entre los talibanes y el Gobierno en Pakist\u00e1n","previousItem":{"@type":"ListItem","@id":"https:\/\/www.eldigitaldeasturias.com\/noticias\/category\/actualidad\/#listItem","name":"Actualidad"}}]},{"@type":"Organization","@id":"https:\/\/www.eldigitaldeasturias.com\/noticias\/#organization","name":"El Digital de Asturias","description":"Hemeroteca","url":"https:\/\/www.eldigitaldeasturias.com\/noticias\/","email":"info@eldigitaldeasturias.com","telephone":"+34652131393","logo":{"@type":"ImageObject","url":"https:\/\/www.eldigitaldeasturias.com\/noticias\/wp-content\/uploads\/2020\/12\/EDA.jpg","@id":"https:\/\/www.eldigitaldeasturias.com\/noticias\/la-primera-reunion-rompe-el-hielo-entre-los-talibanes-y-el-gobierno-en-pakistan\/#organizationLogo"},"image":{"@id":"https:\/\/www.eldigitaldeasturias.com\/noticias\/la-primera-reunion-rompe-el-hielo-entre-los-talibanes-y-el-gobierno-en-pakistan\/#organizationLogo"},"sameAs":["https:\/\/facebook.com\/eldigitaldeasturias","https:\/\/www.youtube.com\/channel\/UCZP-2wLEB9Rv6erhFmqVnvg"],"address":{"@id":"https:\/\/www.eldigitaldeasturias.com\/noticias\/#postaladdress","@type":"PostalAddress","streetAddress":"san antonio 4","postalCode":"33430","addressLocality":"Cand\u00e1s","addressRegion":"Asturias","addressCountry":"ES"}},{"@type":"Person","@id":"https:\/\/www.eldigitaldeasturias.com\/noticias\/author\/admin\/#author","url":"https:\/\/www.eldigitaldeasturias.com\/noticias\/author\/admin\/","name":"El Digital de Asturias","image":{"@type":"ImageObject","@id":"https:\/\/www.eldigitaldeasturias.com\/noticias\/la-primera-reunion-rompe-el-hielo-entre-los-talibanes-y-el-gobierno-en-pakistan\/#authorImage","url":"https:\/\/secure.gravatar.com\/avatar\/df2aeffc32bcd13f8d26072ef8a91b623d677766deac7f97ca815868cd41bf5e?s=96&d=mm&r=g","width":96,"height":96,"caption":"El Digital de Asturias"}},{"@type":"WebPage","@id":"https:\/\/www.eldigitaldeasturias.com\/noticias\/la-primera-reunion-rompe-el-hielo-entre-los-talibanes-y-el-gobierno-en-pakistan\/#webpage","url":"https:\/\/www.eldigitaldeasturias.com\/noticias\/la-primera-reunion-rompe-el-hielo-entre-los-talibanes-y-el-gobierno-en-pakistan\/","name":"La primera reuni\u00f3n rompe el hielo entre los talibanes y el Gobierno en Pakist\u00e1n - El Digital de Asturias","description":"Islamabad, 6 feb (EFE).- Los contactos oficiales entre emisarios del Gobierno y los talibanes en Pakist\u00e1n empezaron hoy con una reuni\u00f3n en la que el bando insurgente anticip\u00f3 que habr\u00e1 una lista de exigencias al Ejecutivo, que incluir\u00edan el cese de la actividad militar y cambios en la Constituci\u00f3n para imponer la Ley Isl\u00e1mica. Tras","inLanguage":"es-ES","isPartOf":{"@id":"https:\/\/www.eldigitaldeasturias.com\/noticias\/#website"},"breadcrumb":{"@id":"https:\/\/www.eldigitaldeasturias.com\/noticias\/la-primera-reunion-rompe-el-hielo-entre-los-talibanes-y-el-gobierno-en-pakistan\/#breadcrumblist"},"author":{"@id":"https:\/\/www.eldigitaldeasturias.com\/noticias\/author\/admin\/#author"},"creator":{"@id":"https:\/\/www.eldigitaldeasturias.com\/noticias\/author\/admin\/#author"},"image":{"@type":"ImageObject","url":485298,"@id":"https:\/\/www.eldigitaldeasturias.com\/noticias\/la-primera-reunion-rompe-el-hielo-entre-los-talibanes-y-el-gobierno-en-pakistan\/#mainImage"},"primaryImageOfPage":{"@id":"https:\/\/www.eldigitaldeasturias.com\/noticias\/la-primera-reunion-rompe-el-hielo-entre-los-talibanes-y-el-gobierno-en-pakistan\/#mainImage"},"datePublished":"2014-02-06T22:20:16+01:00","dateModified":"2014-02-06T22:20:16+01:00"},{"@type":"WebSite","@id":"https:\/\/www.eldigitaldeasturias.com\/noticias\/#website","url":"https:\/\/www.eldigitaldeasturias.com\/noticias\/","name":"El Digital de Asturias - Diario de actualidad y noticias","alternateName":"El Digital de Asturias - Diario de actualidad y noticias","description":"Hemeroteca","inLanguage":"es-ES","publisher":{"@id":"https:\/\/www.eldigitaldeasturias.com\/noticias\/#organization"}}]},"og:locale":"es_ES","og:site_name":"El Digital de Asturias","og:type":"article","og:title":"La primera reuni\u00f3n rompe el hielo entre los talibanes y el Gobierno en Pakist\u00e1n - El Digital de Asturias","og:description":"Islamabad, 6 feb (EFE).- Los contactos oficiales entre emisarios del Gobierno y los talibanes en Pakist\u00e1n empezaron hoy con una reuni\u00f3n en la que el bando insurgente anticip\u00f3 que habr\u00e1 una lista de exigencias al Ejecutivo, que incluir\u00edan el cese de la actividad militar y cambios en la Constituci\u00f3n para imponer la Ley Isl\u00e1mica. Tras","og:url":"https:\/\/www.eldigitaldeasturias.com\/noticias\/la-primera-reunion-rompe-el-hielo-entre-los-talibanes-y-el-gobierno-en-pakistan\/","article:tag":["actualidad"],"article:published_time":"2014-02-06T23:20:16+00:00","article:modified_time":"2014-02-06T23:20:16+00:00","article:publisher":"https:\/\/facebook.com\/eldigitaldeasturias","twitter:card":"summary_large_image","twitter:title":"La primera reuni\u00f3n rompe el hielo entre los talibanes y el Gobierno en Pakist\u00e1n - El Digital de Asturias","twitter:description":"Islamabad, 6 feb (EFE).- Los contactos oficiales entre emisarios del Gobierno y los talibanes en Pakist\u00e1n empezaron hoy con una reuni\u00f3n en la que el bando insurgente anticip\u00f3 que habr\u00e1 una lista de exigencias al Ejecutivo, que incluir\u00edan el cese de la actividad militar y cambios en la Constituci\u00f3n para imponer la Ley Isl\u00e1mica. Tras","twitter:label1":"Escrito por","twitter:data1":"El Digital de Asturias","twitter:label2":"Tiempo de lectura estimado","twitter:data2":"3 minutos"},"aioseo_meta_data":{"post_id":"485297","title":null,"description":null,"keywords":null,"keyphrases":null,"primary_term":null,"canonical_url":null,"og_title":null,"og_description":null,"og_object_type":"default","og_image_type":"default","og_image_url":null,"og_image_width":null,"og_image_height":null,"og_image_custom_url":null,"og_image_custom_fields":null,"og_video":null,"og_custom_url":null,"og_article_section":null,"og_article_tags":null,"twitter_use_og":true,"twitter_card":"default","twitter_image_type":"default","twitter_image_url":null,"twitter_image_custom_url":null,"twitter_image_custom_fields":null,"twitter_title":null,"twitter_description":null,"schema":{"blockGraphs":[],"customGraphs":[],"default":{"data":{"Article":[],"Course":[],"Dataset":[],"FAQPage":[],"Movie":[],"Person":[],"Product":[],"ProductReview":[],"Car":[],"Recipe":[],"Service":[],"SoftwareApplication":[],"WebPage":[]},"graphName":"","isEnabled":true},"graphs":[],"defaultGraph":"","defaultPostTypeGraph":""},"schema_type":null,"schema_type_options":null,"pillar_content":false,"robots_default":true,"robots_noindex":false,"robots_noarchive":false,"robots_nosnippet":false,"robots_nofollow":false,"robots_noimageindex":false,"robots_noodp":false,"robots_notranslate":false,"robots_max_snippet":null,"robots_max_videopreview":null,"robots_max_imagepreview":"none","priority":null,"frequency":null,"local_seo":null,"seo_analyzer_scan_date":"2026-06-02 19:42:50","breadcrumb_settings":null,"limit_modified_date":false,"open_ai":null,"ai":null,"created":"2020-11-14 22:55:12","updated":"2026-06-02 19:42:50","focus_keyword":null,"additional_keywords":null,"truseo_locale":null},"aioseo_breadcrumb":"<div class=\"aioseo-breadcrumbs\"><span class=\"aioseo-breadcrumb\">\n\t<a href=\"https:\/\/www.eldigitaldeasturias.com\/noticias\" title=\"Home\">Home<\/a>\n<\/span><span class=\"aioseo-breadcrumb-separator\">\u2013<\/span><span class=\"aioseo-breadcrumb\">\n\t<a href=\"https:\/\/www.eldigitaldeasturias.com\/noticias\/category\/actualidad\/\" title=\"Actualidad\">Actualidad<\/a>\n<\/span><span class=\"aioseo-breadcrumb-separator\">\u2013<\/span><span class=\"aioseo-breadcrumb\">\n\t<a href=\"https:\/\/www.eldigitaldeasturias.com\/noticias\/la-primera-reunion-rompe-el-hielo-entre-los-talibanes-y-el-gobierno-en-pakistan\/\" title=\"La primera reuni\u00f3n rompe el hielo entre los talibanes y el Gobierno en Pakist\u00e1n\">La primera reuni\u00f3n rompe el hielo entre los talibanes y el Gobierno en Pakist\u00e1n<\/a>\n<\/span><\/div>","aioseo_breadcrumb_json":[{"label":"Home","link":"https:\/\/www.eldigitaldeasturias.com\/noticias"},{"label":"Actualidad","link":"https:\/\/www.eldigitaldeasturias.com\/noticias\/category\/actualidad\/"},{"label":"La primera reuni\u00f3n rompe el hielo entre los talibanes y el Gobierno en Pakist\u00e1n","link":"https:\/\/www.eldigitaldeasturias.com\/noticias\/la-primera-reunion-rompe-el-hielo-entre-los-talibanes-y-el-gobierno-en-pakistan\/"}],"_links":{"self":[{"href":"https:\/\/www.eldigitaldeasturias.com\/noticias\/wp-json\/wp\/v2\/posts\/485297","targetHints":{"allow":["GET"]}}],"collection":[{"href":"https:\/\/www.eldigitaldeasturias.com\/noticias\/wp-json\/wp\/v2\/posts"}],"about":[{"href":"https:\/\/www.eldigitaldeasturias.com\/noticias\/wp-json\/wp\/v2\/types\/post"}],"author":[{"embeddable":true,"href":"https:\/\/www.eldigitaldeasturias.com\/noticias\/wp-json\/wp\/v2\/users\/1"}],"replies":[{"embeddable":true,"href":"https:\/\/www.eldigitaldeasturias.com\/noticias\/wp-json\/wp\/v2\/comments?post=485297"}],"version-history":[{"count":0,"href":"https:\/\/www.eldigitaldeasturias.com\/noticias\/wp-json\/wp\/v2\/posts\/485297\/revisions"}],"wp:attachment":[{"href":"https:\/\/www.eldigitaldeasturias.com\/noticias\/wp-json\/wp\/v2\/media?parent=485297"}],"wp:term":[{"taxonomy":"category","embeddable":true,"href":"https:\/\/www.eldigitaldeasturias.com\/noticias\/wp-json\/wp\/v2\/categories?post=485297"},{"taxonomy":"post_tag","embeddable":true,"href":"https:\/\/www.eldigitaldeasturias.com\/noticias\/wp-json\/wp\/v2\/tags?post=485297"}],"curies":[{"name":"wp","href":"https:\/\/api.w.org\/{rel}","templated":true}]}}