{"id":485294,"date":"2014-02-06T22:19:03","date_gmt":"2014-02-06T23:19:03","guid":{"rendered":"http:\/\/www.eldigitaldeasturias.com\/noticias\/?p=485294"},"modified":"2014-02-06T22:19:03","modified_gmt":"2014-02-06T23:19:03","slug":"del-bosque-cree-que-jese-es-un-potencial-futbolista-para-ir-a-la-seleccion","status":"publish","type":"post","link":"https:\/\/www.eldigitaldeasturias.com\/noticias\/del-bosque-cree-que-jese-es-un-potencial-futbolista-para-ir-a-la-seleccion\/","title":{"rendered":"Del Bosque cree que \u00abJes\u00e9 es un potencial futbolista\u00bb para ir a la selecci\u00f3n"},"content":{"rendered":"<p><img loading=\"lazy\" decoding=\"async\" class=\"alignleft size-medium wp-image-485295\" alt=\"5916842w\" src=\"https:\/\/www.eldigitaldeasturias.com\/noticias\/wp-content\/uploads\/2014\/02\/5916842w-360x256.jpg\" width=\"360\" height=\"256\" \/>Madrid, 6 feb (EFE).- Vicente Del Bosque, seleccionador espa\u00f1ol de f\u00fatbol, declar\u00f3 que el delantero canario del Real Madrid Jes\u00e9 Rodr\u00edguez entra dentro del grupo de jugadores que est\u00e1n teniendo un buen rendimiento esta temporada y son \u00abpotencialmente futbolistas\u00bb para el combinado nacional.<\/p>\n<p>\u00abTodos los que est\u00e9n jugando y tengan un buen rendimiento son potencialmente futbolistas para venir a la selecci\u00f3n. No me gustar\u00eda ponerle un nombre solo, hablo en general de todos aquellos que son potenciales y pueden venir con nosotros y en el caso de Jes\u00e9 es uno de ellos\u00bb, dijo Del Bosque al t\u00e9rmino de una conferencia sobre medicina deportiva en un hotel de Madrid.<\/p>\n<p>El seleccionador nacional habl\u00f3 del derbi que ayer enfrent\u00f3 a Real Madrid y Atl\u00e9tico en la ida de las semifinales de la Copa del Rey y que termin\u00f3 con victoria del cuadro blanco por 3-0.<\/p>\n<p>\u00abFue un partido intenso y muy fuerte en el que el Real Madrid fue ligeramente superior, que fue el que gan\u00f3. Creo que hubo una semifinal de la Copa muy intensa y en algunos momentos algo bronca\u00bb, coment\u00f3 Del Bosque, en alusi\u00f3n a algunas acciones del encuentro que tuvieron como protagonistas a jugadores de ambos equipos.<\/p>\n<p>\u00abHay episodios y cosas que no me gustan y no me gustan. S\u00e9 que es f\u00fatbol, que puede ocurrir, soy comprensivo, pero no me gustan. Cada uno se tiene que preocupar de jugar, rendir al m\u00e1ximo, defender a su equipo, pero hay enfrentamientos y conductas que no son adecuadas\u00bb, se\u00f1al\u00f3 Del Bosque, que dijo \u00abno\u00bb estar \u00abpreocupado\u00bb por la posible incidencia que este partido pueda tener en las relaciones entre los componentes del combinado nacional.<\/p>\n<p>El seleccionador no descart\u00f3 la posibilidad de que el Atl\u00e9tico acceda a la final de la Copa del Rey pese al resultado negativo que se lleva de la ida.<\/p>\n<p>\u00abEl Atl\u00e9tico puede remontar aunque lo tiene dif\u00edcil porque es un margen amplio, pero en f\u00fatbol no se puede dar nada por hecho\u00bb, concluy\u00f3.<\/p>\n","protected":false},"excerpt":{"rendered":"<p>Madrid, 6 feb (EFE).- Vicente Del Bosque, seleccionador espa\u00f1ol de f\u00fatbol, declar\u00f3 que el delantero canario del Real Madrid Jes\u00e9 Rodr\u00edguez entra dentro del grupo de jugadores que est\u00e1n teniendo un buen rendimiento esta temporada y son \u00abpotencialmente futbolistas\u00bb para el combinado nacional. \u00abTodos los que est\u00e9n jugando y tengan un buen rendimiento son potencialmente [&hellip;]<\/p>\n","protected":false},"author":1,"featured_media":485295,"comment_status":"closed","ping_status":"open","sticky":false,"template":"","format":"standard","meta":{"footnotes":""},"categories":[1],"tags":[],"class_list":["post-485294","post","type-post","status-publish","format-standard","has-post-thumbnail","hentry","category-actualidad"],"aioseo_notices":[],"aioseo_head":"\n\t\t<!-- All in One SEO Pro 5.0.1 - aioseo.com -->\n\t<meta name=\"description\" content=\"Madrid, 6 feb (EFE).- Vicente Del Bosque, seleccionador espa\u00f1ol de f\u00fatbol, declar\u00f3 que el delantero canario del Real Madrid Jes\u00e9 Rodr\u00edguez entra dentro del grupo de jugadores que est\u00e1n teniendo un buen rendimiento esta temporada y son &quot;potencialmente futbolistas&quot; para el combinado nacional. &quot;Todos los que est\u00e9n jugando y tengan un buen rendimiento son potencialmente\" \/>\n\t<meta name=\"robots\" content=\"max-image-preview:large\" \/>\n\t<meta name=\"author\" content=\"El Digital de Asturias\"\/>\n\t<meta name=\"google-site-verification\" content=\"UA-38556648-1\" \/>\n\t<meta name=\"msvalidate.01\" content=\"7dfe9f3f1b24437ab69f4f2559babe99\" \/>\n\t<meta name=\"keywords\" content=\"actualidad\" \/>\n\t<link rel=\"canonical\" href=\"https:\/\/www.eldigitaldeasturias.com\/noticias\/del-bosque-cree-que-jese-es-un-potencial-futbolista-para-ir-a-la-seleccion\/\" \/>\n\t<meta name=\"generator\" content=\"All in One SEO Pro (AIOSEO) 5.0.1\" \/>\n\t\t<meta property=\"og:locale\" content=\"es_ES\" \/>\n\t\t<meta property=\"og:site_name\" content=\"El Digital de Asturias\" \/>\n\t\t<meta property=\"og:type\" content=\"article\" \/>\n\t\t<meta property=\"og:title\" content=\"Del Bosque cree que \u00abJes\u00e9 es un potencial futbolista\u00bb para ir a la selecci\u00f3n - El Digital de Asturias\" \/>\n\t\t<meta property=\"og:description\" content=\"Madrid, 6 feb (EFE).- Vicente Del Bosque, seleccionador espa\u00f1ol de f\u00fatbol, declar\u00f3 que el delantero canario del Real Madrid Jes\u00e9 Rodr\u00edguez entra dentro del grupo de jugadores que est\u00e1n teniendo un buen rendimiento esta temporada y son &quot;potencialmente futbolistas&quot; para el combinado nacional. &quot;Todos los que est\u00e9n jugando y tengan un buen rendimiento son potencialmente\" \/>\n\t\t<meta property=\"og:url\" content=\"https:\/\/www.eldigitaldeasturias.com\/noticias\/del-bosque-cree-que-jese-es-un-potencial-futbolista-para-ir-a-la-seleccion\/\" \/>\n\t\t<meta property=\"article:tag\" content=\"actualidad\" \/>\n\t\t<meta property=\"article:published_time\" content=\"2014-02-06T23:19:03+00:00\" \/>\n\t\t<meta property=\"article:modified_time\" content=\"2014-02-06T23:19:03+00:00\" \/>\n\t\t<meta property=\"article:publisher\" content=\"https:\/\/facebook.com\/eldigitaldeasturias\" \/>\n\t\t<meta name=\"twitter:card\" content=\"summary_large_image\" \/>\n\t\t<meta name=\"twitter:title\" content=\"Del Bosque cree que \u00abJes\u00e9 es un potencial futbolista\u00bb para ir a la selecci\u00f3n - El Digital de Asturias\" \/>\n\t\t<meta name=\"twitter:description\" content=\"Madrid, 6 feb (EFE).- Vicente Del Bosque, seleccionador espa\u00f1ol de f\u00fatbol, declar\u00f3 que el delantero canario del Real Madrid Jes\u00e9 Rodr\u00edguez entra dentro del grupo de jugadores que est\u00e1n teniendo un buen rendimiento esta temporada y son &quot;potencialmente futbolistas&quot; para el combinado nacional. &quot;Todos los que est\u00e9n jugando y tengan un buen rendimiento son potencialmente\" \/>\n\t\t<meta name=\"twitter:label1\" content=\"Escrito por\" \/>\n\t\t<meta name=\"twitter:data1\" content=\"El Digital de Asturias\" \/>\n\t\t<meta name=\"twitter:label2\" content=\"Tiempo de lectura estimado\" \/>\n\t\t<meta name=\"twitter:data2\" content=\"2 minutos\" \/>\n\t\t<script type=\"application\/ld+json\" class=\"aioseo-schema\">\n\t\t\t{\"@context\":\"https:\\\/\\\/schema.org\",\"@graph\":[{\"@type\":\"BlogPosting\",\"@id\":\"https:\\\/\\\/www.eldigitaldeasturias.com\\\/noticias\\\/del-bosque-cree-que-jese-es-un-potencial-futbolista-para-ir-a-la-seleccion\\\/#blogposting\",\"name\":\"Del Bosque cree que \\u00abJes\\u00e9 es un potencial futbolista\\u00bb para ir a la selecci\\u00f3n - El Digital de Asturias\",\"headline\":\"Del Bosque cree que \\u00abJes\\u00e9 es un potencial futbolista\\u00bb para ir a la selecci\\u00f3n\",\"author\":{\"@id\":\"https:\\\/\\\/www.eldigitaldeasturias.com\\\/noticias\\\/author\\\/admin\\\/#author\"},\"publisher\":{\"@id\":\"https:\\\/\\\/www.eldigitaldeasturias.com\\\/noticias\\\/#organization\"},\"image\":{\"@type\":\"ImageObject\",\"url\":485295},\"datePublished\":\"2014-02-06T22:19:03+01:00\",\"dateModified\":\"2014-02-06T22:19:03+01:00\",\"inLanguage\":\"es-ES\",\"mainEntityOfPage\":{\"@id\":\"https:\\\/\\\/www.eldigitaldeasturias.com\\\/noticias\\\/del-bosque-cree-que-jese-es-un-potencial-futbolista-para-ir-a-la-seleccion\\\/#webpage\"},\"isPartOf\":{\"@id\":\"https:\\\/\\\/www.eldigitaldeasturias.com\\\/noticias\\\/del-bosque-cree-que-jese-es-un-potencial-futbolista-para-ir-a-la-seleccion\\\/#webpage\"},\"articleSection\":\"Actualidad\"},{\"@type\":\"BreadcrumbList\",\"@id\":\"https:\\\/\\\/www.eldigitaldeasturias.com\\\/noticias\\\/del-bosque-cree-que-jese-es-un-potencial-futbolista-para-ir-a-la-seleccion\\\/#breadcrumblist\",\"itemListElement\":[{\"@type\":\"ListItem\",\"@id\":\"https:\\\/\\\/www.eldigitaldeasturias.com\\\/noticias#listItem\",\"position\":1,\"name\":\"Home\",\"item\":\"https:\\\/\\\/www.eldigitaldeasturias.com\\\/noticias\",\"nextItem\":{\"@type\":\"ListItem\",\"@id\":\"https:\\\/\\\/www.eldigitaldeasturias.com\\\/noticias\\\/category\\\/actualidad\\\/#listItem\",\"name\":\"Actualidad\"}},{\"@type\":\"ListItem\",\"@id\":\"https:\\\/\\\/www.eldigitaldeasturias.com\\\/noticias\\\/category\\\/actualidad\\\/#listItem\",\"position\":2,\"name\":\"Actualidad\",\"item\":\"https:\\\/\\\/www.eldigitaldeasturias.com\\\/noticias\\\/category\\\/actualidad\\\/\",\"nextItem\":{\"@type\":\"ListItem\",\"@id\":\"https:\\\/\\\/www.eldigitaldeasturias.com\\\/noticias\\\/del-bosque-cree-que-jese-es-un-potencial-futbolista-para-ir-a-la-seleccion\\\/#listItem\",\"name\":\"Del Bosque cree que \\u00abJes\\u00e9 es un potencial futbolista\\u00bb para ir a la selecci\\u00f3n\"},\"previousItem\":{\"@type\":\"ListItem\",\"@id\":\"https:\\\/\\\/www.eldigitaldeasturias.com\\\/noticias#listItem\",\"name\":\"Home\"}},{\"@type\":\"ListItem\",\"@id\":\"https:\\\/\\\/www.eldigitaldeasturias.com\\\/noticias\\\/del-bosque-cree-que-jese-es-un-potencial-futbolista-para-ir-a-la-seleccion\\\/#listItem\",\"position\":3,\"name\":\"Del Bosque cree que \\u00abJes\\u00e9 es un potencial futbolista\\u00bb para ir a la selecci\\u00f3n\",\"previousItem\":{\"@type\":\"ListItem\",\"@id\":\"https:\\\/\\\/www.eldigitaldeasturias.com\\\/noticias\\\/category\\\/actualidad\\\/#listItem\",\"name\":\"Actualidad\"}}]},{\"@type\":\"Organization\",\"@id\":\"https:\\\/\\\/www.eldigitaldeasturias.com\\\/noticias\\\/#organization\",\"name\":\"El Digital de Asturias\",\"description\":\"Hemeroteca\",\"url\":\"https:\\\/\\\/www.eldigitaldeasturias.com\\\/noticias\\\/\",\"email\":\"info@eldigitaldeasturias.com\",\"telephone\":\"+34652131393\",\"logo\":{\"@type\":\"ImageObject\",\"url\":\"https:\\\/\\\/www.eldigitaldeasturias.com\\\/noticias\\\/wp-content\\\/uploads\\\/2020\\\/12\\\/EDA.jpg\",\"@id\":\"https:\\\/\\\/www.eldigitaldeasturias.com\\\/noticias\\\/del-bosque-cree-que-jese-es-un-potencial-futbolista-para-ir-a-la-seleccion\\\/#organizationLogo\"},\"image\":{\"@id\":\"https:\\\/\\\/www.eldigitaldeasturias.com\\\/noticias\\\/del-bosque-cree-que-jese-es-un-potencial-futbolista-para-ir-a-la-seleccion\\\/#organizationLogo\"},\"sameAs\":[\"https:\\\/\\\/facebook.com\\\/eldigitaldeasturias\",\"https:\\\/\\\/www.youtube.com\\\/channel\\\/UCZP-2wLEB9Rv6erhFmqVnvg\"],\"address\":{\"@id\":\"https:\\\/\\\/www.eldigitaldeasturias.com\\\/noticias\\\/#postaladdress\",\"@type\":\"PostalAddress\",\"streetAddress\":\"san antonio 4\",\"postalCode\":\"33430\",\"addressLocality\":\"Cand\\u00e1s\",\"addressRegion\":\"Asturias\",\"addressCountry\":\"ES\"}},{\"@type\":\"Person\",\"@id\":\"https:\\\/\\\/www.eldigitaldeasturias.com\\\/noticias\\\/author\\\/admin\\\/#author\",\"url\":\"https:\\\/\\\/www.eldigitaldeasturias.com\\\/noticias\\\/author\\\/admin\\\/\",\"name\":\"El Digital de Asturias\",\"image\":{\"@type\":\"ImageObject\",\"@id\":\"https:\\\/\\\/www.eldigitaldeasturias.com\\\/noticias\\\/del-bosque-cree-que-jese-es-un-potencial-futbolista-para-ir-a-la-seleccion\\\/#authorImage\",\"url\":\"https:\\\/\\\/secure.gravatar.com\\\/avatar\\\/df2aeffc32bcd13f8d26072ef8a91b623d677766deac7f97ca815868cd41bf5e?s=96&d=mm&r=g\",\"width\":96,\"height\":96,\"caption\":\"El Digital de Asturias\"}},{\"@type\":\"WebPage\",\"@id\":\"https:\\\/\\\/www.eldigitaldeasturias.com\\\/noticias\\\/del-bosque-cree-que-jese-es-un-potencial-futbolista-para-ir-a-la-seleccion\\\/#webpage\",\"url\":\"https:\\\/\\\/www.eldigitaldeasturias.com\\\/noticias\\\/del-bosque-cree-que-jese-es-un-potencial-futbolista-para-ir-a-la-seleccion\\\/\",\"name\":\"Del Bosque cree que \\u00abJes\\u00e9 es un potencial futbolista\\u00bb para ir a la selecci\\u00f3n - El Digital de Asturias\",\"description\":\"Madrid, 6 feb (EFE).- Vicente Del Bosque, seleccionador espa\\u00f1ol de f\\u00fatbol, declar\\u00f3 que el delantero canario del Real Madrid Jes\\u00e9 Rodr\\u00edguez entra dentro del grupo de jugadores que est\\u00e1n teniendo un buen rendimiento esta temporada y son \\\"potencialmente futbolistas\\\" para el combinado nacional. \\\"Todos los que est\\u00e9n jugando y tengan un buen rendimiento son potencialmente\",\"inLanguage\":\"es-ES\",\"isPartOf\":{\"@id\":\"https:\\\/\\\/www.eldigitaldeasturias.com\\\/noticias\\\/#website\"},\"breadcrumb\":{\"@id\":\"https:\\\/\\\/www.eldigitaldeasturias.com\\\/noticias\\\/del-bosque-cree-que-jese-es-un-potencial-futbolista-para-ir-a-la-seleccion\\\/#breadcrumblist\"},\"author\":{\"@id\":\"https:\\\/\\\/www.eldigitaldeasturias.com\\\/noticias\\\/author\\\/admin\\\/#author\"},\"creator\":{\"@id\":\"https:\\\/\\\/www.eldigitaldeasturias.com\\\/noticias\\\/author\\\/admin\\\/#author\"},\"image\":{\"@type\":\"ImageObject\",\"url\":485295,\"@id\":\"https:\\\/\\\/www.eldigitaldeasturias.com\\\/noticias\\\/del-bosque-cree-que-jese-es-un-potencial-futbolista-para-ir-a-la-seleccion\\\/#mainImage\"},\"primaryImageOfPage\":{\"@id\":\"https:\\\/\\\/www.eldigitaldeasturias.com\\\/noticias\\\/del-bosque-cree-que-jese-es-un-potencial-futbolista-para-ir-a-la-seleccion\\\/#mainImage\"},\"datePublished\":\"2014-02-06T22:19:03+01:00\",\"dateModified\":\"2014-02-06T22:19:03+01:00\"},{\"@type\":\"WebSite\",\"@id\":\"https:\\\/\\\/www.eldigitaldeasturias.com\\\/noticias\\\/#website\",\"url\":\"https:\\\/\\\/www.eldigitaldeasturias.com\\\/noticias\\\/\",\"name\":\"El Digital de Asturias - Diario de actualidad y noticias\",\"alternateName\":\"El Digital de Asturias - Diario de actualidad y noticias\",\"description\":\"Hemeroteca\",\"inLanguage\":\"es-ES\",\"publisher\":{\"@id\":\"https:\\\/\\\/www.eldigitaldeasturias.com\\\/noticias\\\/#organization\"}}]}\n\t\t<\/script>\n\t\t<!-- All in One SEO Pro -->\r\n\t\t<title>Del Bosque cree que \u00abJes\u00e9 es un potencial futbolista\u00bb para ir a la selecci\u00f3n - El Digital de Asturias<\/title>\n\n","aioseo_head_json":{"title":"Del Bosque cree que \u00abJes\u00e9 es un potencial futbolista\u00bb para ir a la selecci\u00f3n - El Digital de Asturias","description":"Madrid, 6 feb (EFE).- Vicente Del Bosque, seleccionador espa\u00f1ol de f\u00fatbol, declar\u00f3 que el delantero canario del Real Madrid Jes\u00e9 Rodr\u00edguez entra dentro del grupo de jugadores que est\u00e1n teniendo un buen rendimiento esta temporada y son \"potencialmente futbolistas\" para el combinado nacional. \"Todos los que est\u00e9n jugando y tengan un buen rendimiento son potencialmente","canonical_url":"https:\/\/www.eldigitaldeasturias.com\/noticias\/del-bosque-cree-que-jese-es-un-potencial-futbolista-para-ir-a-la-seleccion\/","robots":"max-image-preview:large","keywords":"actualidad","webmasterTools":{"google-site-verification":"UA-38556648-1","msvalidate.01":"7dfe9f3f1b24437ab69f4f2559babe99","miscellaneous":""},"schema":{"@context":"https:\/\/schema.org","@graph":[{"@type":"BlogPosting","@id":"https:\/\/www.eldigitaldeasturias.com\/noticias\/del-bosque-cree-que-jese-es-un-potencial-futbolista-para-ir-a-la-seleccion\/#blogposting","name":"Del Bosque cree que \u00abJes\u00e9 es un potencial futbolista\u00bb para ir a la selecci\u00f3n - El Digital de Asturias","headline":"Del Bosque cree que \u00abJes\u00e9 es un potencial futbolista\u00bb para ir a la selecci\u00f3n","author":{"@id":"https:\/\/www.eldigitaldeasturias.com\/noticias\/author\/admin\/#author"},"publisher":{"@id":"https:\/\/www.eldigitaldeasturias.com\/noticias\/#organization"},"image":{"@type":"ImageObject","url":485295},"datePublished":"2014-02-06T22:19:03+01:00","dateModified":"2014-02-06T22:19:03+01:00","inLanguage":"es-ES","mainEntityOfPage":{"@id":"https:\/\/www.eldigitaldeasturias.com\/noticias\/del-bosque-cree-que-jese-es-un-potencial-futbolista-para-ir-a-la-seleccion\/#webpage"},"isPartOf":{"@id":"https:\/\/www.eldigitaldeasturias.com\/noticias\/del-bosque-cree-que-jese-es-un-potencial-futbolista-para-ir-a-la-seleccion\/#webpage"},"articleSection":"Actualidad"},{"@type":"BreadcrumbList","@id":"https:\/\/www.eldigitaldeasturias.com\/noticias\/del-bosque-cree-que-jese-es-un-potencial-futbolista-para-ir-a-la-seleccion\/#breadcrumblist","itemListElement":[{"@type":"ListItem","@id":"https:\/\/www.eldigitaldeasturias.com\/noticias#listItem","position":1,"name":"Home","item":"https:\/\/www.eldigitaldeasturias.com\/noticias","nextItem":{"@type":"ListItem","@id":"https:\/\/www.eldigitaldeasturias.com\/noticias\/category\/actualidad\/#listItem","name":"Actualidad"}},{"@type":"ListItem","@id":"https:\/\/www.eldigitaldeasturias.com\/noticias\/category\/actualidad\/#listItem","position":2,"name":"Actualidad","item":"https:\/\/www.eldigitaldeasturias.com\/noticias\/category\/actualidad\/","nextItem":{"@type":"ListItem","@id":"https:\/\/www.eldigitaldeasturias.com\/noticias\/del-bosque-cree-que-jese-es-un-potencial-futbolista-para-ir-a-la-seleccion\/#listItem","name":"Del Bosque cree que \u00abJes\u00e9 es un potencial futbolista\u00bb para ir a la selecci\u00f3n"},"previousItem":{"@type":"ListItem","@id":"https:\/\/www.eldigitaldeasturias.com\/noticias#listItem","name":"Home"}},{"@type":"ListItem","@id":"https:\/\/www.eldigitaldeasturias.com\/noticias\/del-bosque-cree-que-jese-es-un-potencial-futbolista-para-ir-a-la-seleccion\/#listItem","position":3,"name":"Del Bosque cree que \u00abJes\u00e9 es un potencial futbolista\u00bb para ir a la selecci\u00f3n","previousItem":{"@type":"ListItem","@id":"https:\/\/www.eldigitaldeasturias.com\/noticias\/category\/actualidad\/#listItem","name":"Actualidad"}}]},{"@type":"Organization","@id":"https:\/\/www.eldigitaldeasturias.com\/noticias\/#organization","name":"El Digital de Asturias","description":"Hemeroteca","url":"https:\/\/www.eldigitaldeasturias.com\/noticias\/","email":"info@eldigitaldeasturias.com","telephone":"+34652131393","logo":{"@type":"ImageObject","url":"https:\/\/www.eldigitaldeasturias.com\/noticias\/wp-content\/uploads\/2020\/12\/EDA.jpg","@id":"https:\/\/www.eldigitaldeasturias.com\/noticias\/del-bosque-cree-que-jese-es-un-potencial-futbolista-para-ir-a-la-seleccion\/#organizationLogo"},"image":{"@id":"https:\/\/www.eldigitaldeasturias.com\/noticias\/del-bosque-cree-que-jese-es-un-potencial-futbolista-para-ir-a-la-seleccion\/#organizationLogo"},"sameAs":["https:\/\/facebook.com\/eldigitaldeasturias","https:\/\/www.youtube.com\/channel\/UCZP-2wLEB9Rv6erhFmqVnvg"],"address":{"@id":"https:\/\/www.eldigitaldeasturias.com\/noticias\/#postaladdress","@type":"PostalAddress","streetAddress":"san antonio 4","postalCode":"33430","addressLocality":"Cand\u00e1s","addressRegion":"Asturias","addressCountry":"ES"}},{"@type":"Person","@id":"https:\/\/www.eldigitaldeasturias.com\/noticias\/author\/admin\/#author","url":"https:\/\/www.eldigitaldeasturias.com\/noticias\/author\/admin\/","name":"El Digital de Asturias","image":{"@type":"ImageObject","@id":"https:\/\/www.eldigitaldeasturias.com\/noticias\/del-bosque-cree-que-jese-es-un-potencial-futbolista-para-ir-a-la-seleccion\/#authorImage","url":"https:\/\/secure.gravatar.com\/avatar\/df2aeffc32bcd13f8d26072ef8a91b623d677766deac7f97ca815868cd41bf5e?s=96&d=mm&r=g","width":96,"height":96,"caption":"El Digital de Asturias"}},{"@type":"WebPage","@id":"https:\/\/www.eldigitaldeasturias.com\/noticias\/del-bosque-cree-que-jese-es-un-potencial-futbolista-para-ir-a-la-seleccion\/#webpage","url":"https:\/\/www.eldigitaldeasturias.com\/noticias\/del-bosque-cree-que-jese-es-un-potencial-futbolista-para-ir-a-la-seleccion\/","name":"Del Bosque cree que \u00abJes\u00e9 es un potencial futbolista\u00bb para ir a la selecci\u00f3n - El Digital de Asturias","description":"Madrid, 6 feb (EFE).- Vicente Del Bosque, seleccionador espa\u00f1ol de f\u00fatbol, declar\u00f3 que el delantero canario del Real Madrid Jes\u00e9 Rodr\u00edguez entra dentro del grupo de jugadores que est\u00e1n teniendo un buen rendimiento esta temporada y son \"potencialmente futbolistas\" para el combinado nacional. \"Todos los que est\u00e9n jugando y tengan un buen rendimiento son potencialmente","inLanguage":"es-ES","isPartOf":{"@id":"https:\/\/www.eldigitaldeasturias.com\/noticias\/#website"},"breadcrumb":{"@id":"https:\/\/www.eldigitaldeasturias.com\/noticias\/del-bosque-cree-que-jese-es-un-potencial-futbolista-para-ir-a-la-seleccion\/#breadcrumblist"},"author":{"@id":"https:\/\/www.eldigitaldeasturias.com\/noticias\/author\/admin\/#author"},"creator":{"@id":"https:\/\/www.eldigitaldeasturias.com\/noticias\/author\/admin\/#author"},"image":{"@type":"ImageObject","url":485295,"@id":"https:\/\/www.eldigitaldeasturias.com\/noticias\/del-bosque-cree-que-jese-es-un-potencial-futbolista-para-ir-a-la-seleccion\/#mainImage"},"primaryImageOfPage":{"@id":"https:\/\/www.eldigitaldeasturias.com\/noticias\/del-bosque-cree-que-jese-es-un-potencial-futbolista-para-ir-a-la-seleccion\/#mainImage"},"datePublished":"2014-02-06T22:19:03+01:00","dateModified":"2014-02-06T22:19:03+01:00"},{"@type":"WebSite","@id":"https:\/\/www.eldigitaldeasturias.com\/noticias\/#website","url":"https:\/\/www.eldigitaldeasturias.com\/noticias\/","name":"El Digital de Asturias - Diario de actualidad y noticias","alternateName":"El Digital de Asturias - Diario de actualidad y noticias","description":"Hemeroteca","inLanguage":"es-ES","publisher":{"@id":"https:\/\/www.eldigitaldeasturias.com\/noticias\/#organization"}}]},"og:locale":"es_ES","og:site_name":"El Digital de Asturias","og:type":"article","og:title":"Del Bosque cree que \u00abJes\u00e9 es un potencial futbolista\u00bb para ir a la selecci\u00f3n - El Digital de Asturias","og:description":"Madrid, 6 feb (EFE).- Vicente Del Bosque, seleccionador espa\u00f1ol de f\u00fatbol, declar\u00f3 que el delantero canario del Real Madrid Jes\u00e9 Rodr\u00edguez entra dentro del grupo de jugadores que est\u00e1n teniendo un buen rendimiento esta temporada y son &quot;potencialmente futbolistas&quot; para el combinado nacional. &quot;Todos los que est\u00e9n jugando y tengan un buen rendimiento son potencialmente","og:url":"https:\/\/www.eldigitaldeasturias.com\/noticias\/del-bosque-cree-que-jese-es-un-potencial-futbolista-para-ir-a-la-seleccion\/","article:tag":["actualidad"],"article:published_time":"2014-02-06T23:19:03+00:00","article:modified_time":"2014-02-06T23:19:03+00:00","article:publisher":"https:\/\/facebook.com\/eldigitaldeasturias","twitter:card":"summary_large_image","twitter:title":"Del Bosque cree que \u00abJes\u00e9 es un potencial futbolista\u00bb para ir a la selecci\u00f3n - El Digital de Asturias","twitter:description":"Madrid, 6 feb (EFE).- Vicente Del Bosque, seleccionador espa\u00f1ol de f\u00fatbol, declar\u00f3 que el delantero canario del Real Madrid Jes\u00e9 Rodr\u00edguez entra dentro del grupo de jugadores que est\u00e1n teniendo un buen rendimiento esta temporada y son &quot;potencialmente futbolistas&quot; para el combinado nacional. &quot;Todos los que est\u00e9n jugando y tengan un buen rendimiento son potencialmente","twitter:label1":"Escrito por","twitter:data1":"El Digital de Asturias","twitter:label2":"Tiempo de lectura estimado","twitter:data2":"2 minutos"},"aioseo_meta_data":{"post_id":"485294","title":null,"description":null,"keywords":null,"keyphrases":null,"primary_term":null,"canonical_url":null,"og_title":null,"og_description":null,"og_object_type":"default","og_image_type":"default","og_image_url":null,"og_image_width":null,"og_image_height":null,"og_image_custom_url":null,"og_image_custom_fields":null,"og_video":null,"og_custom_url":null,"og_article_section":null,"og_article_tags":null,"twitter_use_og":true,"twitter_card":"default","twitter_image_type":"default","twitter_image_url":null,"twitter_image_custom_url":null,"twitter_image_custom_fields":null,"twitter_title":null,"twitter_description":null,"schema":{"blockGraphs":[],"customGraphs":[],"default":{"data":{"Article":[],"Course":[],"Dataset":[],"FAQPage":[],"Movie":[],"Person":[],"Product":[],"ProductReview":[],"Car":[],"Recipe":[],"Service":[],"SoftwareApplication":[],"WebPage":[]},"graphName":"","isEnabled":true},"graphs":[],"defaultGraph":"","defaultPostTypeGraph":""},"schema_type":null,"schema_type_options":null,"pillar_content":false,"robots_default":true,"robots_noindex":false,"robots_noarchive":false,"robots_nosnippet":false,"robots_nofollow":false,"robots_noimageindex":false,"robots_noodp":false,"robots_notranslate":false,"robots_max_snippet":null,"robots_max_videopreview":null,"robots_max_imagepreview":"none","priority":null,"frequency":null,"local_seo":null,"seo_analyzer_scan_date":"2026-06-02 19:39:47","breadcrumb_settings":null,"limit_modified_date":false,"open_ai":null,"ai":null,"created":"2020-11-14 22:55:12","updated":"2026-06-02 19:39:47","focus_keyword":null,"additional_keywords":null,"truseo_locale":null},"aioseo_breadcrumb":"<div class=\"aioseo-breadcrumbs\"><span class=\"aioseo-breadcrumb\">\n\t<a href=\"https:\/\/www.eldigitaldeasturias.com\/noticias\" title=\"Home\">Home<\/a>\n<\/span><span class=\"aioseo-breadcrumb-separator\">\u2013<\/span><span class=\"aioseo-breadcrumb\">\n\t<a href=\"https:\/\/www.eldigitaldeasturias.com\/noticias\/category\/actualidad\/\" title=\"Actualidad\">Actualidad<\/a>\n<\/span><span class=\"aioseo-breadcrumb-separator\">\u2013<\/span><span class=\"aioseo-breadcrumb\">\n\t<a href=\"https:\/\/www.eldigitaldeasturias.com\/noticias\/del-bosque-cree-que-jese-es-un-potencial-futbolista-para-ir-a-la-seleccion\/\" title=\"Del Bosque cree que \u00abJes\u00e9 es un potencial futbolista\u00bb para ir a la selecci\u00f3n\">Del Bosque cree que \u00abJes\u00e9 es un potencial futbolista\u00bb para ir a la selecci\u00f3n<\/a>\n<\/span><\/div>","aioseo_breadcrumb_json":[{"label":"Home","link":"https:\/\/www.eldigitaldeasturias.com\/noticias"},{"label":"Actualidad","link":"https:\/\/www.eldigitaldeasturias.com\/noticias\/category\/actualidad\/"},{"label":"Del Bosque cree que \u00abJes\u00e9 es un potencial futbolista\u00bb para ir a la selecci\u00f3n","link":"https:\/\/www.eldigitaldeasturias.com\/noticias\/del-bosque-cree-que-jese-es-un-potencial-futbolista-para-ir-a-la-seleccion\/"}],"_links":{"self":[{"href":"https:\/\/www.eldigitaldeasturias.com\/noticias\/wp-json\/wp\/v2\/posts\/485294","targetHints":{"allow":["GET"]}}],"collection":[{"href":"https:\/\/www.eldigitaldeasturias.com\/noticias\/wp-json\/wp\/v2\/posts"}],"about":[{"href":"https:\/\/www.eldigitaldeasturias.com\/noticias\/wp-json\/wp\/v2\/types\/post"}],"author":[{"embeddable":true,"href":"https:\/\/www.eldigitaldeasturias.com\/noticias\/wp-json\/wp\/v2\/users\/1"}],"replies":[{"embeddable":true,"href":"https:\/\/www.eldigitaldeasturias.com\/noticias\/wp-json\/wp\/v2\/comments?post=485294"}],"version-history":[{"count":0,"href":"https:\/\/www.eldigitaldeasturias.com\/noticias\/wp-json\/wp\/v2\/posts\/485294\/revisions"}],"wp:attachment":[{"href":"https:\/\/www.eldigitaldeasturias.com\/noticias\/wp-json\/wp\/v2\/media?parent=485294"}],"wp:term":[{"taxonomy":"category","embeddable":true,"href":"https:\/\/www.eldigitaldeasturias.com\/noticias\/wp-json\/wp\/v2\/categories?post=485294"},{"taxonomy":"post_tag","embeddable":true,"href":"https:\/\/www.eldigitaldeasturias.com\/noticias\/wp-json\/wp\/v2\/tags?post=485294"}],"curies":[{"name":"wp","href":"https:\/\/api.w.org\/{rel}","templated":true}]}}