{"id":485267,"date":"2014-02-06T21:16:08","date_gmt":"2014-02-06T22:16:08","guid":{"rendered":"http:\/\/www.eldigitaldeasturias.com\/noticias\/?p=485267"},"modified":"2014-02-06T21:16:08","modified_gmt":"2014-02-06T22:16:08","slug":"el-temporal-sigue-azotando-el-norte-y-dejando-cuantiosos-danos-a-su-paso","status":"publish","type":"post","link":"https:\/\/www.eldigitaldeasturias.com\/noticias\/el-temporal-sigue-azotando-el-norte-y-dejando-cuantiosos-danos-a-su-paso\/","title":{"rendered":"El temporal sigue azotando el norte y dejando cuantiosos da\u00f1os a su paso"},"content":{"rendered":"<p><img loading=\"lazy\" decoding=\"async\" class=\"alignleft size-medium wp-image-484134\" alt=\"olas2\" src=\"https:\/\/www.eldigitaldeasturias.com\/noticias\/wp-content\/uploads\/2014\/02\/olas2-360x243.jpg\" width=\"360\" height=\"243\" \/>Madrid, 6 feb (EFE).- El temporal de viento y oleaje que sigue azotando el norte de la Pen\u00ednsula ha ocasionado hoy cuantiosos da\u00f1os materiales a lo largo de la franja costera desde Galicia al Pa\u00eds Vasco y ha afectado al tr\u00e1fico a\u00e9reo en la zona, con el desv\u00edo de varios vuelos, mientras se siguen cuantificando los destrozos.<\/p>\n<p>La entrada de una nueva borrasca atl\u00e1ntica ha activado nuevamente las alertas en 35 provincias por fuertes vientos y oleaje, con rachas de 120 km\/h y olas de 7 metros, con especial incidencia en Galicia, el litoral cant\u00e1brico, la meseta norte y los Pirineos.<\/p>\n<p>En Santander diversas placas met\u00e1licas de la entrada de Urgencias de la Residencia Cantabria se han desprendido a causa de las fuertes rachas de componente sur, mientras que en Oviedo el viento ha arrancado gran parte de la cubierta met\u00e1lica del centro territorial de Televisi\u00f3n Espa\u00f1ola, que ha ca\u00eddo sobre varios coches aparcados en las inmediaciones sin causar heridos.<\/p>\n<p>Tambi\u00e9n en Asturias, aunque por el momento no se ha establecido si est\u00e1 relacionado directamente con el temporal, tres personas han resultado heridas de car\u00e1cter leve al derrumbarse parte de un edificio deshabitado en Figaredo, en el municipio de Mieres, sobre una ambulancia que circulaba por la zona.<\/p>\n<p>Dos de los afectados eran los t\u00e9cnicos que iban en el interior del veh\u00edculo sanitario y la tercera persona, una mujer que conduc\u00eda un turismo que choc\u00f3 contra la ambulancia.<\/p>\n<p>Adem\u00e1s, una racha de viento ha arrancado de cuajo gran parte de la cubierta met\u00e1lica del centro territorial que Televisi\u00f3n Espa\u00f1ola tiene en San Esteban de las Cruces, en Oviedo.<\/p>\n<p>El viento tambi\u00e9n ha provocado el desv\u00edo de dos vuelos a primera hora de la ma\u00f1ana que ten\u00edan previsto aterrizar en los aeropuertos de Vigo y Santander, y que lo han tenido que hacer en las instalaciones de Santiago de Compostela y Asturias, respectivamente.<\/p>\n<p>Otro avi\u00f3n ha aterrizado con problemas en el aeropuerto de Loiu (Vizcaya).<\/p>\n<p>La Agencia Estatal de Meteorolog\u00eda (Aemet) ha elevado a partir de esta tarde a nivel rojo (riesgo extremo) la alerta por temporal costero en el litoral gallego con olas de hasta 8 metros, mientras que mantiene el nivel naranja en las cuatro provincias por temporal de viento en tierra, con rachas de hasta 130 km\/h.<\/p>\n<p>Por esta causa, la Comisi\u00f3n Escolar de Alertas ha suspendido las actividades en el exterior de las instalaciones de centros educativos de la provincia de Coru\u00f1a y en la Mari\u00f1a lucense, aunque mantiene la actividad docente y el transporte escolar, ha informado la Xunta.<\/p>\n<p>En Lugo, los expertos han cifrado en unos 40.000 euros los da\u00f1os causados ayer en el instituto de Foz mientras que en A Coru\u00f1a las reparaciones necesarias en el paseo mar\u00edtimo costar\u00e1n entre 1 y 1,5 millones de euros.<\/p>\n<p>En Cantabria, el ayuntamiento de Santander ha cuantificado los desperfectos en 650.000 euros y en Castro Urdiales, el alcalde los ha evaluado en torno al mill\u00f3n de euros.<\/p>\n<p>La Mesa de Turismo de la Federaci\u00f3n Asturiana de Empresarios (FADE) ha cifrado, en una primera estimaci\u00f3n, en m\u00e1s de un mill\u00f3n de euros los da\u00f1os causados por el temporal en los establecimientos tur\u00edsticos del Principado, cuya Consejer\u00eda de Fomento calcula en m\u00e1s de 5,4 millones de euros los destrozos provocados en los 16 puertos de titularidad auton\u00f3mica.<\/p>\n<p>En el Pa\u00eds Vasco, el Ayuntamiento de San Sebasti\u00e1n contin\u00faa el recuento de perjuicios causados por el temporal mar\u00edtimo del pasado fin de semana, que alcanzan ya una cifra de cerca de 5,5 millones de euros.<\/p>\n<p>Naviera Murueta, la propietaria del carguero vasco Luno que se parti\u00f3 ayer en dos a causa del fuerte oleaje a la entrada del puerto de Bayona (Francia), ha asegurado hoy que \u00abya est\u00e1n en curso las medidas necesarias\u00bb para la extracci\u00f3n del combustible del buque y \u00abevitar cualquier derrame\u00bb.<\/p>\n<p>El carrusel de temporales no amaina y para los pr\u00f3ximos d\u00edas se esperan nuevas borrascas en el Atl\u00e1ntico con fuertes vientos y oleaje.<\/p>\n<p>La Aemet advierte de que el panorama ser\u00e1 similar la pr\u00f3xima semana con el paso sucesivo de m\u00e1s frentes, asociados a borrascas profundas atl\u00e1nticas, que dejar\u00e1n lluvias muy importantes, especialmente en Galicia.<\/p>\n","protected":false},"excerpt":{"rendered":"<p>Madrid, 6 feb (EFE).- El temporal de viento y oleaje que sigue azotando el norte de la Pen\u00ednsula ha ocasionado hoy cuantiosos da\u00f1os materiales a lo largo de la franja costera desde Galicia al Pa\u00eds Vasco y ha afectado al tr\u00e1fico a\u00e9reo en la zona, con el desv\u00edo de varios vuelos, mientras se siguen cuantificando [&hellip;]<\/p>\n","protected":false},"author":1,"featured_media":484134,"comment_status":"closed","ping_status":"open","sticky":false,"template":"","format":"standard","meta":{"footnotes":""},"categories":[1,12],"tags":[],"class_list":["post-485267","post","type-post","status-publish","format-standard","has-post-thumbnail","hentry","category-actualidad","category-actualidad-asturias"],"aioseo_notices":[],"aioseo_head":"\n\t\t<!-- All in One SEO Pro 5.0.1 - aioseo.com -->\n\t<meta name=\"description\" content=\"Madrid, 6 feb (EFE).- El temporal de viento y oleaje que sigue azotando el norte de la Pen\u00ednsula ha ocasionado hoy cuantiosos da\u00f1os materiales a lo largo de la franja costera desde Galicia al Pa\u00eds Vasco y ha afectado al tr\u00e1fico a\u00e9reo en la zona, con el desv\u00edo de varios vuelos, mientras se siguen cuantificando\" \/>\n\t<meta name=\"robots\" content=\"max-image-preview:large\" \/>\n\t<meta name=\"author\" content=\"El Digital de Asturias\"\/>\n\t<meta name=\"google-site-verification\" content=\"UA-38556648-1\" \/>\n\t<meta name=\"msvalidate.01\" content=\"7dfe9f3f1b24437ab69f4f2559babe99\" \/>\n\t<meta name=\"keywords\" content=\"actualidad,actualidad asturias\" \/>\n\t<link rel=\"canonical\" href=\"https:\/\/www.eldigitaldeasturias.com\/noticias\/el-temporal-sigue-azotando-el-norte-y-dejando-cuantiosos-danos-a-su-paso\/\" \/>\n\t<meta name=\"generator\" content=\"All in One SEO Pro (AIOSEO) 5.0.1\" \/>\n\t\t<meta property=\"og:locale\" content=\"es_ES\" \/>\n\t\t<meta property=\"og:site_name\" content=\"El Digital de Asturias\" \/>\n\t\t<meta property=\"og:type\" content=\"article\" \/>\n\t\t<meta property=\"og:title\" content=\"El temporal sigue azotando el norte y dejando cuantiosos da\u00f1os a su paso - El Digital de Asturias\" \/>\n\t\t<meta property=\"og:description\" content=\"Madrid, 6 feb (EFE).- El temporal de viento y oleaje que sigue azotando el norte de la Pen\u00ednsula ha ocasionado hoy cuantiosos da\u00f1os materiales a lo largo de la franja costera desde Galicia al Pa\u00eds Vasco y ha afectado al tr\u00e1fico a\u00e9reo en la zona, con el desv\u00edo de varios vuelos, mientras se siguen cuantificando\" \/>\n\t\t<meta property=\"og:url\" content=\"https:\/\/www.eldigitaldeasturias.com\/noticias\/el-temporal-sigue-azotando-el-norte-y-dejando-cuantiosos-danos-a-su-paso\/\" \/>\n\t\t<meta property=\"article:tag\" content=\"actualidad\" \/>\n\t\t<meta property=\"article:tag\" content=\"actualidad asturias\" \/>\n\t\t<meta property=\"article:published_time\" content=\"2014-02-06T22:16:08+00:00\" \/>\n\t\t<meta property=\"article:modified_time\" content=\"2014-02-06T22:16:08+00:00\" \/>\n\t\t<meta property=\"article:publisher\" content=\"https:\/\/facebook.com\/eldigitaldeasturias\" \/>\n\t\t<meta name=\"twitter:card\" content=\"summary_large_image\" \/>\n\t\t<meta name=\"twitter:title\" content=\"El temporal sigue azotando el norte y dejando cuantiosos da\u00f1os a su paso - El Digital de Asturias\" \/>\n\t\t<meta name=\"twitter:description\" content=\"Madrid, 6 feb (EFE).- El temporal de viento y oleaje que sigue azotando el norte de la Pen\u00ednsula ha ocasionado hoy cuantiosos da\u00f1os materiales a lo largo de la franja costera desde Galicia al Pa\u00eds Vasco y ha afectado al tr\u00e1fico a\u00e9reo en la zona, con el desv\u00edo de varios vuelos, mientras se siguen cuantificando\" \/>\n\t\t<meta name=\"twitter:label1\" content=\"Escrito por\" \/>\n\t\t<meta name=\"twitter:data1\" content=\"El Digital de Asturias\" \/>\n\t\t<meta name=\"twitter:label2\" content=\"Tiempo de lectura estimado\" \/>\n\t\t<meta name=\"twitter:data2\" content=\"4 minutos\" \/>\n\t\t<script type=\"application\/ld+json\" class=\"aioseo-schema\">\n\t\t\t{\"@context\":\"https:\\\/\\\/schema.org\",\"@graph\":[{\"@type\":\"BlogPosting\",\"@id\":\"https:\\\/\\\/www.eldigitaldeasturias.com\\\/noticias\\\/el-temporal-sigue-azotando-el-norte-y-dejando-cuantiosos-danos-a-su-paso\\\/#blogposting\",\"name\":\"El temporal sigue azotando el norte y dejando cuantiosos da\\u00f1os a su paso - El Digital de Asturias\",\"headline\":\"El temporal sigue azotando el norte y dejando cuantiosos da\\u00f1os a su paso\",\"author\":{\"@id\":\"https:\\\/\\\/www.eldigitaldeasturias.com\\\/noticias\\\/author\\\/admin\\\/#author\"},\"publisher\":{\"@id\":\"https:\\\/\\\/www.eldigitaldeasturias.com\\\/noticias\\\/#organization\"},\"image\":{\"@type\":\"ImageObject\",\"url\":484134},\"datePublished\":\"2014-02-06T21:16:08+01:00\",\"dateModified\":\"2014-02-06T21:16:08+01:00\",\"inLanguage\":\"es-ES\",\"mainEntityOfPage\":{\"@id\":\"https:\\\/\\\/www.eldigitaldeasturias.com\\\/noticias\\\/el-temporal-sigue-azotando-el-norte-y-dejando-cuantiosos-danos-a-su-paso\\\/#webpage\"},\"isPartOf\":{\"@id\":\"https:\\\/\\\/www.eldigitaldeasturias.com\\\/noticias\\\/el-temporal-sigue-azotando-el-norte-y-dejando-cuantiosos-danos-a-su-paso\\\/#webpage\"},\"articleSection\":\"Actualidad, Actualidad Asturias\"},{\"@type\":\"BreadcrumbList\",\"@id\":\"https:\\\/\\\/www.eldigitaldeasturias.com\\\/noticias\\\/el-temporal-sigue-azotando-el-norte-y-dejando-cuantiosos-danos-a-su-paso\\\/#breadcrumblist\",\"itemListElement\":[{\"@type\":\"ListItem\",\"@id\":\"https:\\\/\\\/www.eldigitaldeasturias.com\\\/noticias#listItem\",\"position\":1,\"name\":\"Home\",\"item\":\"https:\\\/\\\/www.eldigitaldeasturias.com\\\/noticias\",\"nextItem\":{\"@type\":\"ListItem\",\"@id\":\"https:\\\/\\\/www.eldigitaldeasturias.com\\\/noticias\\\/category\\\/actualidad\\\/#listItem\",\"name\":\"Actualidad\"}},{\"@type\":\"ListItem\",\"@id\":\"https:\\\/\\\/www.eldigitaldeasturias.com\\\/noticias\\\/category\\\/actualidad\\\/#listItem\",\"position\":2,\"name\":\"Actualidad\",\"item\":\"https:\\\/\\\/www.eldigitaldeasturias.com\\\/noticias\\\/category\\\/actualidad\\\/\",\"nextItem\":{\"@type\":\"ListItem\",\"@id\":\"https:\\\/\\\/www.eldigitaldeasturias.com\\\/noticias\\\/el-temporal-sigue-azotando-el-norte-y-dejando-cuantiosos-danos-a-su-paso\\\/#listItem\",\"name\":\"El temporal sigue azotando el norte y dejando cuantiosos da\\u00f1os a su paso\"},\"previousItem\":{\"@type\":\"ListItem\",\"@id\":\"https:\\\/\\\/www.eldigitaldeasturias.com\\\/noticias#listItem\",\"name\":\"Home\"}},{\"@type\":\"ListItem\",\"@id\":\"https:\\\/\\\/www.eldigitaldeasturias.com\\\/noticias\\\/el-temporal-sigue-azotando-el-norte-y-dejando-cuantiosos-danos-a-su-paso\\\/#listItem\",\"position\":3,\"name\":\"El temporal sigue azotando el norte y dejando cuantiosos da\\u00f1os a su paso\",\"previousItem\":{\"@type\":\"ListItem\",\"@id\":\"https:\\\/\\\/www.eldigitaldeasturias.com\\\/noticias\\\/category\\\/actualidad\\\/#listItem\",\"name\":\"Actualidad\"}}]},{\"@type\":\"Organization\",\"@id\":\"https:\\\/\\\/www.eldigitaldeasturias.com\\\/noticias\\\/#organization\",\"name\":\"El Digital de Asturias\",\"description\":\"Hemeroteca\",\"url\":\"https:\\\/\\\/www.eldigitaldeasturias.com\\\/noticias\\\/\",\"email\":\"info@eldigitaldeasturias.com\",\"telephone\":\"+34652131393\",\"logo\":{\"@type\":\"ImageObject\",\"url\":\"https:\\\/\\\/www.eldigitaldeasturias.com\\\/noticias\\\/wp-content\\\/uploads\\\/2020\\\/12\\\/EDA.jpg\",\"@id\":\"https:\\\/\\\/www.eldigitaldeasturias.com\\\/noticias\\\/el-temporal-sigue-azotando-el-norte-y-dejando-cuantiosos-danos-a-su-paso\\\/#organizationLogo\"},\"image\":{\"@id\":\"https:\\\/\\\/www.eldigitaldeasturias.com\\\/noticias\\\/el-temporal-sigue-azotando-el-norte-y-dejando-cuantiosos-danos-a-su-paso\\\/#organizationLogo\"},\"sameAs\":[\"https:\\\/\\\/facebook.com\\\/eldigitaldeasturias\",\"https:\\\/\\\/www.youtube.com\\\/channel\\\/UCZP-2wLEB9Rv6erhFmqVnvg\"],\"address\":{\"@id\":\"https:\\\/\\\/www.eldigitaldeasturias.com\\\/noticias\\\/#postaladdress\",\"@type\":\"PostalAddress\",\"streetAddress\":\"san antonio 4\",\"postalCode\":\"33430\",\"addressLocality\":\"Cand\\u00e1s\",\"addressRegion\":\"Asturias\",\"addressCountry\":\"ES\"}},{\"@type\":\"Person\",\"@id\":\"https:\\\/\\\/www.eldigitaldeasturias.com\\\/noticias\\\/author\\\/admin\\\/#author\",\"url\":\"https:\\\/\\\/www.eldigitaldeasturias.com\\\/noticias\\\/author\\\/admin\\\/\",\"name\":\"El Digital de Asturias\",\"image\":{\"@type\":\"ImageObject\",\"@id\":\"https:\\\/\\\/www.eldigitaldeasturias.com\\\/noticias\\\/el-temporal-sigue-azotando-el-norte-y-dejando-cuantiosos-danos-a-su-paso\\\/#authorImage\",\"url\":\"https:\\\/\\\/secure.gravatar.com\\\/avatar\\\/df2aeffc32bcd13f8d26072ef8a91b623d677766deac7f97ca815868cd41bf5e?s=96&d=mm&r=g\",\"width\":96,\"height\":96,\"caption\":\"El Digital de Asturias\"}},{\"@type\":\"WebPage\",\"@id\":\"https:\\\/\\\/www.eldigitaldeasturias.com\\\/noticias\\\/el-temporal-sigue-azotando-el-norte-y-dejando-cuantiosos-danos-a-su-paso\\\/#webpage\",\"url\":\"https:\\\/\\\/www.eldigitaldeasturias.com\\\/noticias\\\/el-temporal-sigue-azotando-el-norte-y-dejando-cuantiosos-danos-a-su-paso\\\/\",\"name\":\"El temporal sigue azotando el norte y dejando cuantiosos da\\u00f1os a su paso - El Digital de Asturias\",\"description\":\"Madrid, 6 feb (EFE).- El temporal de viento y oleaje que sigue azotando el norte de la Pen\\u00ednsula ha ocasionado hoy cuantiosos da\\u00f1os materiales a lo largo de la franja costera desde Galicia al Pa\\u00eds Vasco y ha afectado al tr\\u00e1fico a\\u00e9reo en la zona, con el desv\\u00edo de varios vuelos, mientras se siguen cuantificando\",\"inLanguage\":\"es-ES\",\"isPartOf\":{\"@id\":\"https:\\\/\\\/www.eldigitaldeasturias.com\\\/noticias\\\/#website\"},\"breadcrumb\":{\"@id\":\"https:\\\/\\\/www.eldigitaldeasturias.com\\\/noticias\\\/el-temporal-sigue-azotando-el-norte-y-dejando-cuantiosos-danos-a-su-paso\\\/#breadcrumblist\"},\"author\":{\"@id\":\"https:\\\/\\\/www.eldigitaldeasturias.com\\\/noticias\\\/author\\\/admin\\\/#author\"},\"creator\":{\"@id\":\"https:\\\/\\\/www.eldigitaldeasturias.com\\\/noticias\\\/author\\\/admin\\\/#author\"},\"image\":{\"@type\":\"ImageObject\",\"url\":484134,\"@id\":\"https:\\\/\\\/www.eldigitaldeasturias.com\\\/noticias\\\/el-temporal-sigue-azotando-el-norte-y-dejando-cuantiosos-danos-a-su-paso\\\/#mainImage\"},\"primaryImageOfPage\":{\"@id\":\"https:\\\/\\\/www.eldigitaldeasturias.com\\\/noticias\\\/el-temporal-sigue-azotando-el-norte-y-dejando-cuantiosos-danos-a-su-paso\\\/#mainImage\"},\"datePublished\":\"2014-02-06T21:16:08+01:00\",\"dateModified\":\"2014-02-06T21:16:08+01:00\"},{\"@type\":\"WebSite\",\"@id\":\"https:\\\/\\\/www.eldigitaldeasturias.com\\\/noticias\\\/#website\",\"url\":\"https:\\\/\\\/www.eldigitaldeasturias.com\\\/noticias\\\/\",\"name\":\"El Digital de Asturias - Diario de actualidad y noticias\",\"alternateName\":\"El Digital de Asturias - Diario de actualidad y noticias\",\"description\":\"Hemeroteca\",\"inLanguage\":\"es-ES\",\"publisher\":{\"@id\":\"https:\\\/\\\/www.eldigitaldeasturias.com\\\/noticias\\\/#organization\"}}]}\n\t\t<\/script>\n\t\t<!-- All in One SEO Pro -->\r\n\t\t<title>El temporal sigue azotando el norte y dejando cuantiosos da\u00f1os a su paso - El Digital de Asturias<\/title>\n\n","aioseo_head_json":{"title":"El temporal sigue azotando el norte y dejando cuantiosos da\u00f1os a su paso - El Digital de Asturias","description":"Madrid, 6 feb (EFE).- El temporal de viento y oleaje que sigue azotando el norte de la Pen\u00ednsula ha ocasionado hoy cuantiosos da\u00f1os materiales a lo largo de la franja costera desde Galicia al Pa\u00eds Vasco y ha afectado al tr\u00e1fico a\u00e9reo en la zona, con el desv\u00edo de varios vuelos, mientras se siguen cuantificando","canonical_url":"https:\/\/www.eldigitaldeasturias.com\/noticias\/el-temporal-sigue-azotando-el-norte-y-dejando-cuantiosos-danos-a-su-paso\/","robots":"max-image-preview:large","keywords":"actualidad,actualidad asturias","webmasterTools":{"google-site-verification":"UA-38556648-1","msvalidate.01":"7dfe9f3f1b24437ab69f4f2559babe99","miscellaneous":""},"schema":{"@context":"https:\/\/schema.org","@graph":[{"@type":"BlogPosting","@id":"https:\/\/www.eldigitaldeasturias.com\/noticias\/el-temporal-sigue-azotando-el-norte-y-dejando-cuantiosos-danos-a-su-paso\/#blogposting","name":"El temporal sigue azotando el norte y dejando cuantiosos da\u00f1os a su paso - El Digital de Asturias","headline":"El temporal sigue azotando el norte y dejando cuantiosos da\u00f1os a su paso","author":{"@id":"https:\/\/www.eldigitaldeasturias.com\/noticias\/author\/admin\/#author"},"publisher":{"@id":"https:\/\/www.eldigitaldeasturias.com\/noticias\/#organization"},"image":{"@type":"ImageObject","url":484134},"datePublished":"2014-02-06T21:16:08+01:00","dateModified":"2014-02-06T21:16:08+01:00","inLanguage":"es-ES","mainEntityOfPage":{"@id":"https:\/\/www.eldigitaldeasturias.com\/noticias\/el-temporal-sigue-azotando-el-norte-y-dejando-cuantiosos-danos-a-su-paso\/#webpage"},"isPartOf":{"@id":"https:\/\/www.eldigitaldeasturias.com\/noticias\/el-temporal-sigue-azotando-el-norte-y-dejando-cuantiosos-danos-a-su-paso\/#webpage"},"articleSection":"Actualidad, Actualidad Asturias"},{"@type":"BreadcrumbList","@id":"https:\/\/www.eldigitaldeasturias.com\/noticias\/el-temporal-sigue-azotando-el-norte-y-dejando-cuantiosos-danos-a-su-paso\/#breadcrumblist","itemListElement":[{"@type":"ListItem","@id":"https:\/\/www.eldigitaldeasturias.com\/noticias#listItem","position":1,"name":"Home","item":"https:\/\/www.eldigitaldeasturias.com\/noticias","nextItem":{"@type":"ListItem","@id":"https:\/\/www.eldigitaldeasturias.com\/noticias\/category\/actualidad\/#listItem","name":"Actualidad"}},{"@type":"ListItem","@id":"https:\/\/www.eldigitaldeasturias.com\/noticias\/category\/actualidad\/#listItem","position":2,"name":"Actualidad","item":"https:\/\/www.eldigitaldeasturias.com\/noticias\/category\/actualidad\/","nextItem":{"@type":"ListItem","@id":"https:\/\/www.eldigitaldeasturias.com\/noticias\/el-temporal-sigue-azotando-el-norte-y-dejando-cuantiosos-danos-a-su-paso\/#listItem","name":"El temporal sigue azotando el norte y dejando cuantiosos da\u00f1os a su paso"},"previousItem":{"@type":"ListItem","@id":"https:\/\/www.eldigitaldeasturias.com\/noticias#listItem","name":"Home"}},{"@type":"ListItem","@id":"https:\/\/www.eldigitaldeasturias.com\/noticias\/el-temporal-sigue-azotando-el-norte-y-dejando-cuantiosos-danos-a-su-paso\/#listItem","position":3,"name":"El temporal sigue azotando el norte y dejando cuantiosos da\u00f1os a su paso","previousItem":{"@type":"ListItem","@id":"https:\/\/www.eldigitaldeasturias.com\/noticias\/category\/actualidad\/#listItem","name":"Actualidad"}}]},{"@type":"Organization","@id":"https:\/\/www.eldigitaldeasturias.com\/noticias\/#organization","name":"El Digital de Asturias","description":"Hemeroteca","url":"https:\/\/www.eldigitaldeasturias.com\/noticias\/","email":"info@eldigitaldeasturias.com","telephone":"+34652131393","logo":{"@type":"ImageObject","url":"https:\/\/www.eldigitaldeasturias.com\/noticias\/wp-content\/uploads\/2020\/12\/EDA.jpg","@id":"https:\/\/www.eldigitaldeasturias.com\/noticias\/el-temporal-sigue-azotando-el-norte-y-dejando-cuantiosos-danos-a-su-paso\/#organizationLogo"},"image":{"@id":"https:\/\/www.eldigitaldeasturias.com\/noticias\/el-temporal-sigue-azotando-el-norte-y-dejando-cuantiosos-danos-a-su-paso\/#organizationLogo"},"sameAs":["https:\/\/facebook.com\/eldigitaldeasturias","https:\/\/www.youtube.com\/channel\/UCZP-2wLEB9Rv6erhFmqVnvg"],"address":{"@id":"https:\/\/www.eldigitaldeasturias.com\/noticias\/#postaladdress","@type":"PostalAddress","streetAddress":"san antonio 4","postalCode":"33430","addressLocality":"Cand\u00e1s","addressRegion":"Asturias","addressCountry":"ES"}},{"@type":"Person","@id":"https:\/\/www.eldigitaldeasturias.com\/noticias\/author\/admin\/#author","url":"https:\/\/www.eldigitaldeasturias.com\/noticias\/author\/admin\/","name":"El Digital de Asturias","image":{"@type":"ImageObject","@id":"https:\/\/www.eldigitaldeasturias.com\/noticias\/el-temporal-sigue-azotando-el-norte-y-dejando-cuantiosos-danos-a-su-paso\/#authorImage","url":"https:\/\/secure.gravatar.com\/avatar\/df2aeffc32bcd13f8d26072ef8a91b623d677766deac7f97ca815868cd41bf5e?s=96&d=mm&r=g","width":96,"height":96,"caption":"El Digital de Asturias"}},{"@type":"WebPage","@id":"https:\/\/www.eldigitaldeasturias.com\/noticias\/el-temporal-sigue-azotando-el-norte-y-dejando-cuantiosos-danos-a-su-paso\/#webpage","url":"https:\/\/www.eldigitaldeasturias.com\/noticias\/el-temporal-sigue-azotando-el-norte-y-dejando-cuantiosos-danos-a-su-paso\/","name":"El temporal sigue azotando el norte y dejando cuantiosos da\u00f1os a su paso - El Digital de Asturias","description":"Madrid, 6 feb (EFE).- El temporal de viento y oleaje que sigue azotando el norte de la Pen\u00ednsula ha ocasionado hoy cuantiosos da\u00f1os materiales a lo largo de la franja costera desde Galicia al Pa\u00eds Vasco y ha afectado al tr\u00e1fico a\u00e9reo en la zona, con el desv\u00edo de varios vuelos, mientras se siguen cuantificando","inLanguage":"es-ES","isPartOf":{"@id":"https:\/\/www.eldigitaldeasturias.com\/noticias\/#website"},"breadcrumb":{"@id":"https:\/\/www.eldigitaldeasturias.com\/noticias\/el-temporal-sigue-azotando-el-norte-y-dejando-cuantiosos-danos-a-su-paso\/#breadcrumblist"},"author":{"@id":"https:\/\/www.eldigitaldeasturias.com\/noticias\/author\/admin\/#author"},"creator":{"@id":"https:\/\/www.eldigitaldeasturias.com\/noticias\/author\/admin\/#author"},"image":{"@type":"ImageObject","url":484134,"@id":"https:\/\/www.eldigitaldeasturias.com\/noticias\/el-temporal-sigue-azotando-el-norte-y-dejando-cuantiosos-danos-a-su-paso\/#mainImage"},"primaryImageOfPage":{"@id":"https:\/\/www.eldigitaldeasturias.com\/noticias\/el-temporal-sigue-azotando-el-norte-y-dejando-cuantiosos-danos-a-su-paso\/#mainImage"},"datePublished":"2014-02-06T21:16:08+01:00","dateModified":"2014-02-06T21:16:08+01:00"},{"@type":"WebSite","@id":"https:\/\/www.eldigitaldeasturias.com\/noticias\/#website","url":"https:\/\/www.eldigitaldeasturias.com\/noticias\/","name":"El Digital de Asturias - Diario de actualidad y noticias","alternateName":"El Digital de Asturias - Diario de actualidad y noticias","description":"Hemeroteca","inLanguage":"es-ES","publisher":{"@id":"https:\/\/www.eldigitaldeasturias.com\/noticias\/#organization"}}]},"og:locale":"es_ES","og:site_name":"El Digital de Asturias","og:type":"article","og:title":"El temporal sigue azotando el norte y dejando cuantiosos da\u00f1os a su paso - El Digital de Asturias","og:description":"Madrid, 6 feb (EFE).- El temporal de viento y oleaje que sigue azotando el norte de la Pen\u00ednsula ha ocasionado hoy cuantiosos da\u00f1os materiales a lo largo de la franja costera desde Galicia al Pa\u00eds Vasco y ha afectado al tr\u00e1fico a\u00e9reo en la zona, con el desv\u00edo de varios vuelos, mientras se siguen cuantificando","og:url":"https:\/\/www.eldigitaldeasturias.com\/noticias\/el-temporal-sigue-azotando-el-norte-y-dejando-cuantiosos-danos-a-su-paso\/","article:tag":["actualidad","actualidad asturias"],"article:published_time":"2014-02-06T22:16:08+00:00","article:modified_time":"2014-02-06T22:16:08+00:00","article:publisher":"https:\/\/facebook.com\/eldigitaldeasturias","twitter:card":"summary_large_image","twitter:title":"El temporal sigue azotando el norte y dejando cuantiosos da\u00f1os a su paso - El Digital de Asturias","twitter:description":"Madrid, 6 feb (EFE).- El temporal de viento y oleaje que sigue azotando el norte de la Pen\u00ednsula ha ocasionado hoy cuantiosos da\u00f1os materiales a lo largo de la franja costera desde Galicia al Pa\u00eds Vasco y ha afectado al tr\u00e1fico a\u00e9reo en la zona, con el desv\u00edo de varios vuelos, mientras se siguen cuantificando","twitter:label1":"Escrito por","twitter:data1":"El Digital de Asturias","twitter:label2":"Tiempo de lectura estimado","twitter:data2":"4 minutos"},"aioseo_meta_data":{"post_id":"485267","title":null,"description":null,"keywords":null,"keyphrases":null,"primary_term":null,"canonical_url":null,"og_title":null,"og_description":null,"og_object_type":"default","og_image_type":"default","og_image_url":null,"og_image_width":null,"og_image_height":null,"og_image_custom_url":null,"og_image_custom_fields":null,"og_video":null,"og_custom_url":null,"og_article_section":null,"og_article_tags":null,"twitter_use_og":true,"twitter_card":"default","twitter_image_type":"default","twitter_image_url":null,"twitter_image_custom_url":null,"twitter_image_custom_fields":null,"twitter_title":null,"twitter_description":null,"schema":{"blockGraphs":[],"customGraphs":[],"default":{"data":{"Article":[],"Course":[],"Dataset":[],"FAQPage":[],"Movie":[],"Person":[],"Product":[],"ProductReview":[],"Car":[],"Recipe":[],"Service":[],"SoftwareApplication":[],"WebPage":[]},"graphName":"","isEnabled":true},"graphs":[],"defaultGraph":"","defaultPostTypeGraph":""},"schema_type":null,"schema_type_options":null,"pillar_content":false,"robots_default":true,"robots_noindex":false,"robots_noarchive":false,"robots_nosnippet":false,"robots_nofollow":false,"robots_noimageindex":false,"robots_noodp":false,"robots_notranslate":false,"robots_max_snippet":null,"robots_max_videopreview":null,"robots_max_imagepreview":"none","priority":null,"frequency":null,"local_seo":null,"seo_analyzer_scan_date":"2026-06-02 19:29:57","breadcrumb_settings":null,"limit_modified_date":false,"open_ai":null,"ai":null,"created":"2020-11-14 22:55:12","updated":"2026-06-02 19:29:57","focus_keyword":null,"additional_keywords":null,"truseo_locale":null},"aioseo_breadcrumb":"<div class=\"aioseo-breadcrumbs\"><span class=\"aioseo-breadcrumb\">\n\t<a href=\"https:\/\/www.eldigitaldeasturias.com\/noticias\" title=\"Home\">Home<\/a>\n<\/span><span class=\"aioseo-breadcrumb-separator\">\u2013<\/span><span class=\"aioseo-breadcrumb\">\n\t<a href=\"https:\/\/www.eldigitaldeasturias.com\/noticias\/category\/actualidad\/\" title=\"Actualidad\">Actualidad<\/a>\n<\/span><span class=\"aioseo-breadcrumb-separator\">\u2013<\/span><span class=\"aioseo-breadcrumb\">\n\t<a href=\"https:\/\/www.eldigitaldeasturias.com\/noticias\/el-temporal-sigue-azotando-el-norte-y-dejando-cuantiosos-danos-a-su-paso\/\" title=\"El temporal sigue azotando el norte y dejando cuantiosos da\u00f1os a su paso\">El temporal sigue azotando el norte y dejando cuantiosos da\u00f1os a su paso<\/a>\n<\/span><\/div>","aioseo_breadcrumb_json":[{"label":"Home","link":"https:\/\/www.eldigitaldeasturias.com\/noticias"},{"label":"Actualidad","link":"https:\/\/www.eldigitaldeasturias.com\/noticias\/category\/actualidad\/"},{"label":"El temporal sigue azotando el norte y dejando cuantiosos da\u00f1os a su paso","link":"https:\/\/www.eldigitaldeasturias.com\/noticias\/el-temporal-sigue-azotando-el-norte-y-dejando-cuantiosos-danos-a-su-paso\/"}],"_links":{"self":[{"href":"https:\/\/www.eldigitaldeasturias.com\/noticias\/wp-json\/wp\/v2\/posts\/485267","targetHints":{"allow":["GET"]}}],"collection":[{"href":"https:\/\/www.eldigitaldeasturias.com\/noticias\/wp-json\/wp\/v2\/posts"}],"about":[{"href":"https:\/\/www.eldigitaldeasturias.com\/noticias\/wp-json\/wp\/v2\/types\/post"}],"author":[{"embeddable":true,"href":"https:\/\/www.eldigitaldeasturias.com\/noticias\/wp-json\/wp\/v2\/users\/1"}],"replies":[{"embeddable":true,"href":"https:\/\/www.eldigitaldeasturias.com\/noticias\/wp-json\/wp\/v2\/comments?post=485267"}],"version-history":[{"count":0,"href":"https:\/\/www.eldigitaldeasturias.com\/noticias\/wp-json\/wp\/v2\/posts\/485267\/revisions"}],"wp:attachment":[{"href":"https:\/\/www.eldigitaldeasturias.com\/noticias\/wp-json\/wp\/v2\/media?parent=485267"}],"wp:term":[{"taxonomy":"category","embeddable":true,"href":"https:\/\/www.eldigitaldeasturias.com\/noticias\/wp-json\/wp\/v2\/categories?post=485267"},{"taxonomy":"post_tag","embeddable":true,"href":"https:\/\/www.eldigitaldeasturias.com\/noticias\/wp-json\/wp\/v2\/tags?post=485267"}],"curies":[{"name":"wp","href":"https:\/\/api.w.org\/{rel}","templated":true}]}}