{"id":485258,"date":"2014-02-06T21:12:19","date_gmt":"2014-02-06T22:12:19","guid":{"rendered":"http:\/\/www.eldigitaldeasturias.com\/noticias\/?p=485258"},"modified":"2014-02-06T21:12:19","modified_gmt":"2014-02-06T22:12:19","slug":"el-parlamento-vasco-pedira-al-congreso-anexionar-trevino-a-alava-por-ley","status":"publish","type":"post","link":"https:\/\/www.eldigitaldeasturias.com\/noticias\/el-parlamento-vasco-pedira-al-congreso-anexionar-trevino-a-alava-por-ley\/","title":{"rendered":"El Parlamento Vasco pedir\u00e1 al Congreso anexionar Trevi\u00f1o a \u00c1lava por ley"},"content":{"rendered":"<p><img loading=\"lazy\" decoding=\"async\" class=\"alignleft size-medium wp-image-485259\" alt=\"5915674w\" src=\"https:\/\/www.eldigitaldeasturias.com\/noticias\/wp-content\/uploads\/2014\/02\/5915674w-360x239.jpg\" width=\"360\" height=\"239\" \/>Vitoria, 6 feb (EFE).- El Parlamento Vasco llevar\u00e1 al Congreso de los Diputados una ley org\u00e1nica para modificar las fronteras tanto de Castilla y Le\u00f3n como de Euskadi para que el enclave burgal\u00e9s de Trevi\u00f1o se anexione a \u00c1lava.<\/p>\n<p>Se trata de una iniciativa impulsada por los dos ayuntamientos del enclave, Trevi\u00f1o y La Puebla de Arganz\u00f3n, ambos gobernados por independientes, que hoy ha sido aprobada en la C\u00e1mara de Vitoria gracias a los votos del PNV, EH Bildu y PSE, y la abstenci\u00f3n de PP y UPyD, que defienden la anexi\u00f3n pero cuestionan la idoneidad de la f\u00f3rmula.<\/p>\n<p>De esta manera el Parlamento Vasco enviar\u00e1 a las Cortes Generales a tres representantes -Xabier Agirre (PNV), Bel\u00e9n Arrondo (EH Bildu) y Txarli Prieto (PSE)- para defender la iniciativa, que al ser una ley org\u00e1nica no requerir\u00eda del visto bueno de la Junta de Castilla y Le\u00f3n, que se opone a la segregaci\u00f3n.<\/p>\n<p>En todo caso, el presidente del Congreso, Jes\u00fas Posada, ya avanz\u00f3 en su momento que estaba \u00abconvencido\u00bb de que los diputados del PP -formaci\u00f3n que gobierna en Castilla y Le\u00f3n y goza de mayor\u00eda en las Cortes- votar\u00e1n en contra de esta petici\u00f3n.<\/p>\n<p>Adem\u00e1s, hoy mismo la portavoz del PSOE en el Congreso, Soraya Rodr\u00edguez, ha asegurado que esta iniciativa tendr\u00e1 un rechazo \u00abcontundente\u00bb en la C\u00e1mara Baja.<\/p>\n<p>Fundado en 1160, el Condado de Trevi\u00f1o, con una extensi\u00f3n de 222 kil\u00f3metros cuadrados, est\u00e1 situado a 17 kil\u00f3metros de Vitoria y a unos 100 kil\u00f3metros de Burgos. En los dos municipios viven unas 2.000 personas.<\/p>\n<p>Sus aspiraciones segregacionistas se remontan a 1646 y, tras la restauraci\u00f3n de la democracia, el futuro del enclave se plante\u00f3 de nuevo en 1980 y en 1998, dos intentos que no prosperaron por la oposici\u00f3n de Castilla y Le\u00f3n. La iniciativa legislativa aprobada hoy por el Parlamento Vasco es una nueva v\u00eda para conseguir este objetivo.<\/p>\n<p>El alcalde de Trevi\u00f1o, Ignacio Portilla, ha considerado que tras la decisi\u00f3n de la C\u00e1mara de Vitoria de llevar esta propuesta a las Cortes Generales, el futuro de este enclave burgal\u00e9s se ha convertido en una \u00abcuesti\u00f3n de Estado\u00bb.<\/p>\n<p>Por ello, ha pedido al Gobierno central que \u00abno escurra el bulto\u00bb y acepte la petici\u00f3n de modificar los l\u00edmites territoriales de Burgos y \u00c1lava.<\/p>\n<p>Portilla ha encabezado, junto con la teniente alcalde del Ayuntamiento de Lapuebla de Arganz\u00f3n, Bego\u00f1a Garc\u00eda, una delegaci\u00f3n de ambos municipios que ha seguido el pleno desde la tribuna de invitados de la C\u00e1mara Vasca.<\/p>\n<p>Uno de los miembros de la comitiva ha sido expulsado del sal\u00f3n de plenos cuando ha llamado \u00abmentiroso y cobarde\u00bb al parlamentario popular Carmelo Barrio cuando explicaba que su partido no comparte la v\u00eda abierta hoy, aunque cree que Trevi\u00f1o \u00abantes o despu\u00e9s ser\u00e1 \u00c1lava\u00bb por los \u00abv\u00ednculos familiares, culturales y de necesidades administrativas\u00bb que le unen a este territorio.<\/p>\n<p>Desde el PNV, Xabier Agirre ha recordado que la anexi\u00f3n es una reivindicaci\u00f3n hist\u00f3rica de su partido y ha defendido que el camino emprendido hoy puede ser \u00abla soluci\u00f3n jur\u00eddica y, si hay voluntad, tambi\u00e9n la soluci\u00f3n pol\u00edtica\u00bb para que los trevi\u00f1eses \u00abvean cumplidas sus ansias de pertenencia a \u00c1lava\u00bb.<\/p>\n<p>Bel\u00e9n Arrondo (EH Bildu) ha considerado a Trevi\u00f1o como \u00abotra comarca m\u00e1s de Euskal Herria\u00bb y ha denunciado que tras el \u00abbloqueo y la imposici\u00f3n\u00bb que han paralizado anteriores intentos de anexi\u00f3n, \u00abes la hora de que la voluntad de los trevi\u00f1eses se respete\u00bb.<\/p>\n<p>El parlamentario del PSE Txarli Prieto, que tambi\u00e9n defiende la anexi\u00f3n de Trevi\u00f1o, ha insistido en que este conflicto \u00abs\u00f3lo puede resolverse\u00bb en Cortes Generales porque las f\u00f3rmulas anteriores han fracasado.<\/p>\n<p>Por su parte, Gorka Maneiro (UPyD) ha apuntado que \u00abes razonable, sensato y l\u00f3gico\u00bb que Trevi\u00f1o forme parte de \u00c1lava por razones de \u00abeficacia y eficiencia\u00bb, pero que lo correcto ser\u00eda que los partidos con representaci\u00f3n en Castilla y Le\u00f3n, en referencia al PP y PSOE, impulsen la modificaci\u00f3n de su Estatuto de Autonom\u00eda para hacer posible la desanexi\u00f3n del enclave.<\/p>\n","protected":false},"excerpt":{"rendered":"<p>Vitoria, 6 feb (EFE).- El Parlamento Vasco llevar\u00e1 al Congreso de los Diputados una ley org\u00e1nica para modificar las fronteras tanto de Castilla y Le\u00f3n como de Euskadi para que el enclave burgal\u00e9s de Trevi\u00f1o se anexione a \u00c1lava. Se trata de una iniciativa impulsada por los dos ayuntamientos del enclave, Trevi\u00f1o y La Puebla [&hellip;]<\/p>\n","protected":false},"author":1,"featured_media":485259,"comment_status":"closed","ping_status":"open","sticky":false,"template":"","format":"standard","meta":{"footnotes":""},"categories":[1],"tags":[],"class_list":["post-485258","post","type-post","status-publish","format-standard","has-post-thumbnail","hentry","category-actualidad"],"aioseo_notices":[],"aioseo_head":"\n\t\t<!-- All in One SEO Pro 5.0.1 - aioseo.com -->\n\t<meta name=\"description\" content=\"Vitoria, 6 feb (EFE).- El Parlamento Vasco llevar\u00e1 al Congreso de los Diputados una ley org\u00e1nica para modificar las fronteras tanto de Castilla y Le\u00f3n como de Euskadi para que el enclave burgal\u00e9s de Trevi\u00f1o se anexione a \u00c1lava. Se trata de una iniciativa impulsada por los dos ayuntamientos del enclave, Trevi\u00f1o y La Puebla\" \/>\n\t<meta name=\"robots\" content=\"max-image-preview:large\" \/>\n\t<meta name=\"author\" content=\"El Digital de Asturias\"\/>\n\t<meta name=\"google-site-verification\" content=\"UA-38556648-1\" \/>\n\t<meta name=\"msvalidate.01\" content=\"7dfe9f3f1b24437ab69f4f2559babe99\" \/>\n\t<meta name=\"keywords\" content=\"actualidad\" \/>\n\t<link rel=\"canonical\" href=\"https:\/\/www.eldigitaldeasturias.com\/noticias\/el-parlamento-vasco-pedira-al-congreso-anexionar-trevino-a-alava-por-ley\/\" \/>\n\t<meta name=\"generator\" content=\"All in One SEO Pro (AIOSEO) 5.0.1\" \/>\n\t\t<meta property=\"og:locale\" content=\"es_ES\" \/>\n\t\t<meta property=\"og:site_name\" content=\"El Digital de Asturias\" \/>\n\t\t<meta property=\"og:type\" content=\"article\" \/>\n\t\t<meta property=\"og:title\" content=\"El Parlamento Vasco pedir\u00e1 al Congreso anexionar Trevi\u00f1o a \u00c1lava por ley - El Digital de Asturias\" \/>\n\t\t<meta property=\"og:description\" content=\"Vitoria, 6 feb (EFE).- El Parlamento Vasco llevar\u00e1 al Congreso de los Diputados una ley org\u00e1nica para modificar las fronteras tanto de Castilla y Le\u00f3n como de Euskadi para que el enclave burgal\u00e9s de Trevi\u00f1o se anexione a \u00c1lava. Se trata de una iniciativa impulsada por los dos ayuntamientos del enclave, Trevi\u00f1o y La Puebla\" \/>\n\t\t<meta property=\"og:url\" content=\"https:\/\/www.eldigitaldeasturias.com\/noticias\/el-parlamento-vasco-pedira-al-congreso-anexionar-trevino-a-alava-por-ley\/\" \/>\n\t\t<meta property=\"article:tag\" content=\"actualidad\" \/>\n\t\t<meta property=\"article:published_time\" content=\"2014-02-06T22:12:19+00:00\" \/>\n\t\t<meta property=\"article:modified_time\" content=\"2014-02-06T22:12:19+00:00\" \/>\n\t\t<meta property=\"article:publisher\" content=\"https:\/\/facebook.com\/eldigitaldeasturias\" \/>\n\t\t<meta name=\"twitter:card\" content=\"summary_large_image\" \/>\n\t\t<meta name=\"twitter:title\" content=\"El Parlamento Vasco pedir\u00e1 al Congreso anexionar Trevi\u00f1o a \u00c1lava por ley - El Digital de Asturias\" \/>\n\t\t<meta name=\"twitter:description\" content=\"Vitoria, 6 feb (EFE).- El Parlamento Vasco llevar\u00e1 al Congreso de los Diputados una ley org\u00e1nica para modificar las fronteras tanto de Castilla y Le\u00f3n como de Euskadi para que el enclave burgal\u00e9s de Trevi\u00f1o se anexione a \u00c1lava. Se trata de una iniciativa impulsada por los dos ayuntamientos del enclave, Trevi\u00f1o y La Puebla\" \/>\n\t\t<meta name=\"twitter:label1\" content=\"Escrito por\" \/>\n\t\t<meta name=\"twitter:data1\" content=\"El Digital de Asturias\" \/>\n\t\t<meta name=\"twitter:label2\" content=\"Tiempo de lectura estimado\" \/>\n\t\t<meta name=\"twitter:data2\" content=\"4 minutos\" \/>\n\t\t<script type=\"application\/ld+json\" class=\"aioseo-schema\">\n\t\t\t{\"@context\":\"https:\\\/\\\/schema.org\",\"@graph\":[{\"@type\":\"BlogPosting\",\"@id\":\"https:\\\/\\\/www.eldigitaldeasturias.com\\\/noticias\\\/el-parlamento-vasco-pedira-al-congreso-anexionar-trevino-a-alava-por-ley\\\/#blogposting\",\"name\":\"El Parlamento Vasco pedir\\u00e1 al Congreso anexionar Trevi\\u00f1o a \\u00c1lava por ley - El Digital de Asturias\",\"headline\":\"El Parlamento Vasco pedir\\u00e1 al Congreso anexionar Trevi\\u00f1o a \\u00c1lava por ley\",\"author\":{\"@id\":\"https:\\\/\\\/www.eldigitaldeasturias.com\\\/noticias\\\/author\\\/admin\\\/#author\"},\"publisher\":{\"@id\":\"https:\\\/\\\/www.eldigitaldeasturias.com\\\/noticias\\\/#organization\"},\"image\":{\"@type\":\"ImageObject\",\"url\":485259},\"datePublished\":\"2014-02-06T21:12:19+01:00\",\"dateModified\":\"2014-02-06T21:12:19+01:00\",\"inLanguage\":\"es-ES\",\"mainEntityOfPage\":{\"@id\":\"https:\\\/\\\/www.eldigitaldeasturias.com\\\/noticias\\\/el-parlamento-vasco-pedira-al-congreso-anexionar-trevino-a-alava-por-ley\\\/#webpage\"},\"isPartOf\":{\"@id\":\"https:\\\/\\\/www.eldigitaldeasturias.com\\\/noticias\\\/el-parlamento-vasco-pedira-al-congreso-anexionar-trevino-a-alava-por-ley\\\/#webpage\"},\"articleSection\":\"Actualidad\"},{\"@type\":\"BreadcrumbList\",\"@id\":\"https:\\\/\\\/www.eldigitaldeasturias.com\\\/noticias\\\/el-parlamento-vasco-pedira-al-congreso-anexionar-trevino-a-alava-por-ley\\\/#breadcrumblist\",\"itemListElement\":[{\"@type\":\"ListItem\",\"@id\":\"https:\\\/\\\/www.eldigitaldeasturias.com\\\/noticias#listItem\",\"position\":1,\"name\":\"Home\",\"item\":\"https:\\\/\\\/www.eldigitaldeasturias.com\\\/noticias\",\"nextItem\":{\"@type\":\"ListItem\",\"@id\":\"https:\\\/\\\/www.eldigitaldeasturias.com\\\/noticias\\\/category\\\/actualidad\\\/#listItem\",\"name\":\"Actualidad\"}},{\"@type\":\"ListItem\",\"@id\":\"https:\\\/\\\/www.eldigitaldeasturias.com\\\/noticias\\\/category\\\/actualidad\\\/#listItem\",\"position\":2,\"name\":\"Actualidad\",\"item\":\"https:\\\/\\\/www.eldigitaldeasturias.com\\\/noticias\\\/category\\\/actualidad\\\/\",\"nextItem\":{\"@type\":\"ListItem\",\"@id\":\"https:\\\/\\\/www.eldigitaldeasturias.com\\\/noticias\\\/el-parlamento-vasco-pedira-al-congreso-anexionar-trevino-a-alava-por-ley\\\/#listItem\",\"name\":\"El Parlamento Vasco pedir\\u00e1 al Congreso anexionar Trevi\\u00f1o a \\u00c1lava por ley\"},\"previousItem\":{\"@type\":\"ListItem\",\"@id\":\"https:\\\/\\\/www.eldigitaldeasturias.com\\\/noticias#listItem\",\"name\":\"Home\"}},{\"@type\":\"ListItem\",\"@id\":\"https:\\\/\\\/www.eldigitaldeasturias.com\\\/noticias\\\/el-parlamento-vasco-pedira-al-congreso-anexionar-trevino-a-alava-por-ley\\\/#listItem\",\"position\":3,\"name\":\"El Parlamento Vasco pedir\\u00e1 al Congreso anexionar Trevi\\u00f1o a \\u00c1lava por ley\",\"previousItem\":{\"@type\":\"ListItem\",\"@id\":\"https:\\\/\\\/www.eldigitaldeasturias.com\\\/noticias\\\/category\\\/actualidad\\\/#listItem\",\"name\":\"Actualidad\"}}]},{\"@type\":\"Organization\",\"@id\":\"https:\\\/\\\/www.eldigitaldeasturias.com\\\/noticias\\\/#organization\",\"name\":\"El Digital de Asturias\",\"description\":\"Hemeroteca\",\"url\":\"https:\\\/\\\/www.eldigitaldeasturias.com\\\/noticias\\\/\",\"email\":\"info@eldigitaldeasturias.com\",\"telephone\":\"+34652131393\",\"logo\":{\"@type\":\"ImageObject\",\"url\":\"https:\\\/\\\/www.eldigitaldeasturias.com\\\/noticias\\\/wp-content\\\/uploads\\\/2020\\\/12\\\/EDA.jpg\",\"@id\":\"https:\\\/\\\/www.eldigitaldeasturias.com\\\/noticias\\\/el-parlamento-vasco-pedira-al-congreso-anexionar-trevino-a-alava-por-ley\\\/#organizationLogo\"},\"image\":{\"@id\":\"https:\\\/\\\/www.eldigitaldeasturias.com\\\/noticias\\\/el-parlamento-vasco-pedira-al-congreso-anexionar-trevino-a-alava-por-ley\\\/#organizationLogo\"},\"sameAs\":[\"https:\\\/\\\/facebook.com\\\/eldigitaldeasturias\",\"https:\\\/\\\/www.youtube.com\\\/channel\\\/UCZP-2wLEB9Rv6erhFmqVnvg\"],\"address\":{\"@id\":\"https:\\\/\\\/www.eldigitaldeasturias.com\\\/noticias\\\/#postaladdress\",\"@type\":\"PostalAddress\",\"streetAddress\":\"san antonio 4\",\"postalCode\":\"33430\",\"addressLocality\":\"Cand\\u00e1s\",\"addressRegion\":\"Asturias\",\"addressCountry\":\"ES\"}},{\"@type\":\"Person\",\"@id\":\"https:\\\/\\\/www.eldigitaldeasturias.com\\\/noticias\\\/author\\\/admin\\\/#author\",\"url\":\"https:\\\/\\\/www.eldigitaldeasturias.com\\\/noticias\\\/author\\\/admin\\\/\",\"name\":\"El Digital de Asturias\",\"image\":{\"@type\":\"ImageObject\",\"@id\":\"https:\\\/\\\/www.eldigitaldeasturias.com\\\/noticias\\\/el-parlamento-vasco-pedira-al-congreso-anexionar-trevino-a-alava-por-ley\\\/#authorImage\",\"url\":\"https:\\\/\\\/secure.gravatar.com\\\/avatar\\\/df2aeffc32bcd13f8d26072ef8a91b623d677766deac7f97ca815868cd41bf5e?s=96&d=mm&r=g\",\"width\":96,\"height\":96,\"caption\":\"El Digital de Asturias\"}},{\"@type\":\"WebPage\",\"@id\":\"https:\\\/\\\/www.eldigitaldeasturias.com\\\/noticias\\\/el-parlamento-vasco-pedira-al-congreso-anexionar-trevino-a-alava-por-ley\\\/#webpage\",\"url\":\"https:\\\/\\\/www.eldigitaldeasturias.com\\\/noticias\\\/el-parlamento-vasco-pedira-al-congreso-anexionar-trevino-a-alava-por-ley\\\/\",\"name\":\"El Parlamento Vasco pedir\\u00e1 al Congreso anexionar Trevi\\u00f1o a \\u00c1lava por ley - El Digital de Asturias\",\"description\":\"Vitoria, 6 feb (EFE).- El Parlamento Vasco llevar\\u00e1 al Congreso de los Diputados una ley org\\u00e1nica para modificar las fronteras tanto de Castilla y Le\\u00f3n como de Euskadi para que el enclave burgal\\u00e9s de Trevi\\u00f1o se anexione a \\u00c1lava. Se trata de una iniciativa impulsada por los dos ayuntamientos del enclave, Trevi\\u00f1o y La Puebla\",\"inLanguage\":\"es-ES\",\"isPartOf\":{\"@id\":\"https:\\\/\\\/www.eldigitaldeasturias.com\\\/noticias\\\/#website\"},\"breadcrumb\":{\"@id\":\"https:\\\/\\\/www.eldigitaldeasturias.com\\\/noticias\\\/el-parlamento-vasco-pedira-al-congreso-anexionar-trevino-a-alava-por-ley\\\/#breadcrumblist\"},\"author\":{\"@id\":\"https:\\\/\\\/www.eldigitaldeasturias.com\\\/noticias\\\/author\\\/admin\\\/#author\"},\"creator\":{\"@id\":\"https:\\\/\\\/www.eldigitaldeasturias.com\\\/noticias\\\/author\\\/admin\\\/#author\"},\"image\":{\"@type\":\"ImageObject\",\"url\":485259,\"@id\":\"https:\\\/\\\/www.eldigitaldeasturias.com\\\/noticias\\\/el-parlamento-vasco-pedira-al-congreso-anexionar-trevino-a-alava-por-ley\\\/#mainImage\"},\"primaryImageOfPage\":{\"@id\":\"https:\\\/\\\/www.eldigitaldeasturias.com\\\/noticias\\\/el-parlamento-vasco-pedira-al-congreso-anexionar-trevino-a-alava-por-ley\\\/#mainImage\"},\"datePublished\":\"2014-02-06T21:12:19+01:00\",\"dateModified\":\"2014-02-06T21:12:19+01:00\"},{\"@type\":\"WebSite\",\"@id\":\"https:\\\/\\\/www.eldigitaldeasturias.com\\\/noticias\\\/#website\",\"url\":\"https:\\\/\\\/www.eldigitaldeasturias.com\\\/noticias\\\/\",\"name\":\"El Digital de Asturias - Diario de actualidad y noticias\",\"alternateName\":\"El Digital de Asturias - Diario de actualidad y noticias\",\"description\":\"Hemeroteca\",\"inLanguage\":\"es-ES\",\"publisher\":{\"@id\":\"https:\\\/\\\/www.eldigitaldeasturias.com\\\/noticias\\\/#organization\"}}]}\n\t\t<\/script>\n\t\t<!-- All in One SEO Pro -->\r\n\t\t<title>El Parlamento Vasco pedir\u00e1 al Congreso anexionar Trevi\u00f1o a \u00c1lava por ley - El Digital de Asturias<\/title>\n\n","aioseo_head_json":{"title":"El Parlamento Vasco pedir\u00e1 al Congreso anexionar Trevi\u00f1o a \u00c1lava por ley - El Digital de Asturias","description":"Vitoria, 6 feb (EFE).- El Parlamento Vasco llevar\u00e1 al Congreso de los Diputados una ley org\u00e1nica para modificar las fronteras tanto de Castilla y Le\u00f3n como de Euskadi para que el enclave burgal\u00e9s de Trevi\u00f1o se anexione a \u00c1lava. Se trata de una iniciativa impulsada por los dos ayuntamientos del enclave, Trevi\u00f1o y La Puebla","canonical_url":"https:\/\/www.eldigitaldeasturias.com\/noticias\/el-parlamento-vasco-pedira-al-congreso-anexionar-trevino-a-alava-por-ley\/","robots":"max-image-preview:large","keywords":"actualidad","webmasterTools":{"google-site-verification":"UA-38556648-1","msvalidate.01":"7dfe9f3f1b24437ab69f4f2559babe99","miscellaneous":""},"schema":{"@context":"https:\/\/schema.org","@graph":[{"@type":"BlogPosting","@id":"https:\/\/www.eldigitaldeasturias.com\/noticias\/el-parlamento-vasco-pedira-al-congreso-anexionar-trevino-a-alava-por-ley\/#blogposting","name":"El Parlamento Vasco pedir\u00e1 al Congreso anexionar Trevi\u00f1o a \u00c1lava por ley - El Digital de Asturias","headline":"El Parlamento Vasco pedir\u00e1 al Congreso anexionar Trevi\u00f1o a \u00c1lava por ley","author":{"@id":"https:\/\/www.eldigitaldeasturias.com\/noticias\/author\/admin\/#author"},"publisher":{"@id":"https:\/\/www.eldigitaldeasturias.com\/noticias\/#organization"},"image":{"@type":"ImageObject","url":485259},"datePublished":"2014-02-06T21:12:19+01:00","dateModified":"2014-02-06T21:12:19+01:00","inLanguage":"es-ES","mainEntityOfPage":{"@id":"https:\/\/www.eldigitaldeasturias.com\/noticias\/el-parlamento-vasco-pedira-al-congreso-anexionar-trevino-a-alava-por-ley\/#webpage"},"isPartOf":{"@id":"https:\/\/www.eldigitaldeasturias.com\/noticias\/el-parlamento-vasco-pedira-al-congreso-anexionar-trevino-a-alava-por-ley\/#webpage"},"articleSection":"Actualidad"},{"@type":"BreadcrumbList","@id":"https:\/\/www.eldigitaldeasturias.com\/noticias\/el-parlamento-vasco-pedira-al-congreso-anexionar-trevino-a-alava-por-ley\/#breadcrumblist","itemListElement":[{"@type":"ListItem","@id":"https:\/\/www.eldigitaldeasturias.com\/noticias#listItem","position":1,"name":"Home","item":"https:\/\/www.eldigitaldeasturias.com\/noticias","nextItem":{"@type":"ListItem","@id":"https:\/\/www.eldigitaldeasturias.com\/noticias\/category\/actualidad\/#listItem","name":"Actualidad"}},{"@type":"ListItem","@id":"https:\/\/www.eldigitaldeasturias.com\/noticias\/category\/actualidad\/#listItem","position":2,"name":"Actualidad","item":"https:\/\/www.eldigitaldeasturias.com\/noticias\/category\/actualidad\/","nextItem":{"@type":"ListItem","@id":"https:\/\/www.eldigitaldeasturias.com\/noticias\/el-parlamento-vasco-pedira-al-congreso-anexionar-trevino-a-alava-por-ley\/#listItem","name":"El Parlamento Vasco pedir\u00e1 al Congreso anexionar Trevi\u00f1o a \u00c1lava por ley"},"previousItem":{"@type":"ListItem","@id":"https:\/\/www.eldigitaldeasturias.com\/noticias#listItem","name":"Home"}},{"@type":"ListItem","@id":"https:\/\/www.eldigitaldeasturias.com\/noticias\/el-parlamento-vasco-pedira-al-congreso-anexionar-trevino-a-alava-por-ley\/#listItem","position":3,"name":"El Parlamento Vasco pedir\u00e1 al Congreso anexionar Trevi\u00f1o a \u00c1lava por ley","previousItem":{"@type":"ListItem","@id":"https:\/\/www.eldigitaldeasturias.com\/noticias\/category\/actualidad\/#listItem","name":"Actualidad"}}]},{"@type":"Organization","@id":"https:\/\/www.eldigitaldeasturias.com\/noticias\/#organization","name":"El Digital de Asturias","description":"Hemeroteca","url":"https:\/\/www.eldigitaldeasturias.com\/noticias\/","email":"info@eldigitaldeasturias.com","telephone":"+34652131393","logo":{"@type":"ImageObject","url":"https:\/\/www.eldigitaldeasturias.com\/noticias\/wp-content\/uploads\/2020\/12\/EDA.jpg","@id":"https:\/\/www.eldigitaldeasturias.com\/noticias\/el-parlamento-vasco-pedira-al-congreso-anexionar-trevino-a-alava-por-ley\/#organizationLogo"},"image":{"@id":"https:\/\/www.eldigitaldeasturias.com\/noticias\/el-parlamento-vasco-pedira-al-congreso-anexionar-trevino-a-alava-por-ley\/#organizationLogo"},"sameAs":["https:\/\/facebook.com\/eldigitaldeasturias","https:\/\/www.youtube.com\/channel\/UCZP-2wLEB9Rv6erhFmqVnvg"],"address":{"@id":"https:\/\/www.eldigitaldeasturias.com\/noticias\/#postaladdress","@type":"PostalAddress","streetAddress":"san antonio 4","postalCode":"33430","addressLocality":"Cand\u00e1s","addressRegion":"Asturias","addressCountry":"ES"}},{"@type":"Person","@id":"https:\/\/www.eldigitaldeasturias.com\/noticias\/author\/admin\/#author","url":"https:\/\/www.eldigitaldeasturias.com\/noticias\/author\/admin\/","name":"El Digital de Asturias","image":{"@type":"ImageObject","@id":"https:\/\/www.eldigitaldeasturias.com\/noticias\/el-parlamento-vasco-pedira-al-congreso-anexionar-trevino-a-alava-por-ley\/#authorImage","url":"https:\/\/secure.gravatar.com\/avatar\/df2aeffc32bcd13f8d26072ef8a91b623d677766deac7f97ca815868cd41bf5e?s=96&d=mm&r=g","width":96,"height":96,"caption":"El Digital de Asturias"}},{"@type":"WebPage","@id":"https:\/\/www.eldigitaldeasturias.com\/noticias\/el-parlamento-vasco-pedira-al-congreso-anexionar-trevino-a-alava-por-ley\/#webpage","url":"https:\/\/www.eldigitaldeasturias.com\/noticias\/el-parlamento-vasco-pedira-al-congreso-anexionar-trevino-a-alava-por-ley\/","name":"El Parlamento Vasco pedir\u00e1 al Congreso anexionar Trevi\u00f1o a \u00c1lava por ley - El Digital de Asturias","description":"Vitoria, 6 feb (EFE).- El Parlamento Vasco llevar\u00e1 al Congreso de los Diputados una ley org\u00e1nica para modificar las fronteras tanto de Castilla y Le\u00f3n como de Euskadi para que el enclave burgal\u00e9s de Trevi\u00f1o se anexione a \u00c1lava. Se trata de una iniciativa impulsada por los dos ayuntamientos del enclave, Trevi\u00f1o y La Puebla","inLanguage":"es-ES","isPartOf":{"@id":"https:\/\/www.eldigitaldeasturias.com\/noticias\/#website"},"breadcrumb":{"@id":"https:\/\/www.eldigitaldeasturias.com\/noticias\/el-parlamento-vasco-pedira-al-congreso-anexionar-trevino-a-alava-por-ley\/#breadcrumblist"},"author":{"@id":"https:\/\/www.eldigitaldeasturias.com\/noticias\/author\/admin\/#author"},"creator":{"@id":"https:\/\/www.eldigitaldeasturias.com\/noticias\/author\/admin\/#author"},"image":{"@type":"ImageObject","url":485259,"@id":"https:\/\/www.eldigitaldeasturias.com\/noticias\/el-parlamento-vasco-pedira-al-congreso-anexionar-trevino-a-alava-por-ley\/#mainImage"},"primaryImageOfPage":{"@id":"https:\/\/www.eldigitaldeasturias.com\/noticias\/el-parlamento-vasco-pedira-al-congreso-anexionar-trevino-a-alava-por-ley\/#mainImage"},"datePublished":"2014-02-06T21:12:19+01:00","dateModified":"2014-02-06T21:12:19+01:00"},{"@type":"WebSite","@id":"https:\/\/www.eldigitaldeasturias.com\/noticias\/#website","url":"https:\/\/www.eldigitaldeasturias.com\/noticias\/","name":"El Digital de Asturias - Diario de actualidad y noticias","alternateName":"El Digital de Asturias - Diario de actualidad y noticias","description":"Hemeroteca","inLanguage":"es-ES","publisher":{"@id":"https:\/\/www.eldigitaldeasturias.com\/noticias\/#organization"}}]},"og:locale":"es_ES","og:site_name":"El Digital de Asturias","og:type":"article","og:title":"El Parlamento Vasco pedir\u00e1 al Congreso anexionar Trevi\u00f1o a \u00c1lava por ley - El Digital de Asturias","og:description":"Vitoria, 6 feb (EFE).- El Parlamento Vasco llevar\u00e1 al Congreso de los Diputados una ley org\u00e1nica para modificar las fronteras tanto de Castilla y Le\u00f3n como de Euskadi para que el enclave burgal\u00e9s de Trevi\u00f1o se anexione a \u00c1lava. Se trata de una iniciativa impulsada por los dos ayuntamientos del enclave, Trevi\u00f1o y La Puebla","og:url":"https:\/\/www.eldigitaldeasturias.com\/noticias\/el-parlamento-vasco-pedira-al-congreso-anexionar-trevino-a-alava-por-ley\/","article:tag":["actualidad"],"article:published_time":"2014-02-06T22:12:19+00:00","article:modified_time":"2014-02-06T22:12:19+00:00","article:publisher":"https:\/\/facebook.com\/eldigitaldeasturias","twitter:card":"summary_large_image","twitter:title":"El Parlamento Vasco pedir\u00e1 al Congreso anexionar Trevi\u00f1o a \u00c1lava por ley - El Digital de Asturias","twitter:description":"Vitoria, 6 feb (EFE).- El Parlamento Vasco llevar\u00e1 al Congreso de los Diputados una ley org\u00e1nica para modificar las fronteras tanto de Castilla y Le\u00f3n como de Euskadi para que el enclave burgal\u00e9s de Trevi\u00f1o se anexione a \u00c1lava. Se trata de una iniciativa impulsada por los dos ayuntamientos del enclave, Trevi\u00f1o y La Puebla","twitter:label1":"Escrito por","twitter:data1":"El Digital de Asturias","twitter:label2":"Tiempo de lectura estimado","twitter:data2":"4 minutos"},"aioseo_meta_data":{"post_id":"485258","title":null,"description":null,"keywords":null,"keyphrases":null,"primary_term":null,"canonical_url":null,"og_title":null,"og_description":null,"og_object_type":"default","og_image_type":"default","og_image_url":null,"og_image_width":null,"og_image_height":null,"og_image_custom_url":null,"og_image_custom_fields":null,"og_video":null,"og_custom_url":null,"og_article_section":null,"og_article_tags":null,"twitter_use_og":true,"twitter_card":"default","twitter_image_type":"default","twitter_image_url":null,"twitter_image_custom_url":null,"twitter_image_custom_fields":null,"twitter_title":null,"twitter_description":null,"schema":{"blockGraphs":[],"customGraphs":[],"default":{"data":{"Article":[],"Course":[],"Dataset":[],"FAQPage":[],"Movie":[],"Person":[],"Product":[],"ProductReview":[],"Car":[],"Recipe":[],"Service":[],"SoftwareApplication":[],"WebPage":[]},"graphName":"","isEnabled":true},"graphs":[],"defaultGraph":"","defaultPostTypeGraph":""},"schema_type":null,"schema_type_options":null,"pillar_content":false,"robots_default":true,"robots_noindex":false,"robots_noarchive":false,"robots_nosnippet":false,"robots_nofollow":false,"robots_noimageindex":false,"robots_noodp":false,"robots_notranslate":false,"robots_max_snippet":null,"robots_max_videopreview":null,"robots_max_imagepreview":"none","priority":null,"frequency":null,"local_seo":null,"seo_analyzer_scan_date":"2026-06-02 19:25:56","breadcrumb_settings":null,"limit_modified_date":false,"open_ai":null,"ai":null,"created":"2020-11-14 22:55:12","updated":"2026-06-02 19:25:56","focus_keyword":null,"additional_keywords":null,"truseo_locale":null},"aioseo_breadcrumb":"<div class=\"aioseo-breadcrumbs\"><span class=\"aioseo-breadcrumb\">\n\t<a href=\"https:\/\/www.eldigitaldeasturias.com\/noticias\" title=\"Home\">Home<\/a>\n<\/span><span class=\"aioseo-breadcrumb-separator\">\u2013<\/span><span class=\"aioseo-breadcrumb\">\n\t<a href=\"https:\/\/www.eldigitaldeasturias.com\/noticias\/category\/actualidad\/\" title=\"Actualidad\">Actualidad<\/a>\n<\/span><span class=\"aioseo-breadcrumb-separator\">\u2013<\/span><span class=\"aioseo-breadcrumb\">\n\t<a href=\"https:\/\/www.eldigitaldeasturias.com\/noticias\/el-parlamento-vasco-pedira-al-congreso-anexionar-trevino-a-alava-por-ley\/\" title=\"El Parlamento Vasco pedir\u00e1 al Congreso anexionar Trevi\u00f1o a \u00c1lava por ley\">El Parlamento Vasco pedir\u00e1 al Congreso anexionar Trevi\u00f1o a \u00c1lava por ley<\/a>\n<\/span><\/div>","aioseo_breadcrumb_json":[{"label":"Home","link":"https:\/\/www.eldigitaldeasturias.com\/noticias"},{"label":"Actualidad","link":"https:\/\/www.eldigitaldeasturias.com\/noticias\/category\/actualidad\/"},{"label":"El Parlamento Vasco pedir\u00e1 al Congreso anexionar Trevi\u00f1o a \u00c1lava por ley","link":"https:\/\/www.eldigitaldeasturias.com\/noticias\/el-parlamento-vasco-pedira-al-congreso-anexionar-trevino-a-alava-por-ley\/"}],"_links":{"self":[{"href":"https:\/\/www.eldigitaldeasturias.com\/noticias\/wp-json\/wp\/v2\/posts\/485258","targetHints":{"allow":["GET"]}}],"collection":[{"href":"https:\/\/www.eldigitaldeasturias.com\/noticias\/wp-json\/wp\/v2\/posts"}],"about":[{"href":"https:\/\/www.eldigitaldeasturias.com\/noticias\/wp-json\/wp\/v2\/types\/post"}],"author":[{"embeddable":true,"href":"https:\/\/www.eldigitaldeasturias.com\/noticias\/wp-json\/wp\/v2\/users\/1"}],"replies":[{"embeddable":true,"href":"https:\/\/www.eldigitaldeasturias.com\/noticias\/wp-json\/wp\/v2\/comments?post=485258"}],"version-history":[{"count":0,"href":"https:\/\/www.eldigitaldeasturias.com\/noticias\/wp-json\/wp\/v2\/posts\/485258\/revisions"}],"wp:attachment":[{"href":"https:\/\/www.eldigitaldeasturias.com\/noticias\/wp-json\/wp\/v2\/media?parent=485258"}],"wp:term":[{"taxonomy":"category","embeddable":true,"href":"https:\/\/www.eldigitaldeasturias.com\/noticias\/wp-json\/wp\/v2\/categories?post=485258"},{"taxonomy":"post_tag","embeddable":true,"href":"https:\/\/www.eldigitaldeasturias.com\/noticias\/wp-json\/wp\/v2\/tags?post=485258"}],"curies":[{"name":"wp","href":"https:\/\/api.w.org\/{rel}","templated":true}]}}