{"id":485220,"date":"2014-02-06T20:58:48","date_gmt":"2014-02-06T21:58:48","guid":{"rendered":"http:\/\/www.eldigitaldeasturias.com\/noticias\/?p=485220"},"modified":"2014-02-06T20:58:48","modified_gmt":"2014-02-06T21:58:48","slug":"monago-el-verso-suelto-extremeno-al-que-le-gustaria-no-serlo","status":"publish","type":"post","link":"https:\/\/www.eldigitaldeasturias.com\/noticias\/monago-el-verso-suelto-extremeno-al-que-le-gustaria-no-serlo\/","title":{"rendered":"Monago, el verso suelto extreme\u00f1o al que le gustar\u00eda no serlo"},"content":{"rendered":"<p><img loading=\"lazy\" decoding=\"async\" class=\"alignleft size-medium wp-image-485221\" alt=\"5916641w\" src=\"https:\/\/www.eldigitaldeasturias.com\/noticias\/wp-content\/uploads\/2014\/02\/5916641w-360x239.jpg\" width=\"360\" height=\"239\" \/>M\u00e9rida, 6 feb (EFE).- Al presidente extreme\u00f1o, Jos\u00e9 Antonio Monago, no le gusta el calificativo de \u00abverso suelto\u00bb a pesar de ser una referencia a la que se acude cada vez que anuncia una medida que parece ir en la direcci\u00f3n contraria a la de Moncloa o de G\u00e9nova. \u00c9l tiene a Extremadura por bandera. S\u00ed, pero tambi\u00e9n Espa\u00f1a, como dice.<\/p>\n<p>El IVA cultural, la bajada de impuestos, la reforma del aborto o la reproducci\u00f3n asistida para lesbianas y solteras son algunos de los temas en los que Monago ha marcado su propio paso forjando ese car\u00e1cter de verso suelto del que rehuye.<\/p>\n<p>Y la \u00faltima: anunciar que el 5 de marzo publicar\u00e1 su propia balanza fiscal para contrarrestar el anuncio del Ministerio de Hacienda y Administraciones P\u00fablicas de que antes de finales de marzo dar\u00e1 a conocer los resultados del sistema de cuentas p\u00fablicas territorializadas de 2011 -\u00faltimo ejercicio liquidado- que incluir\u00e1n las denominadas balanzas fiscales.<\/p>\n<p>De este modo, Monago quiere adelantarse a los datos que har\u00e1 p\u00fablico el Ministerio y, sobre todo, poner encima de la mesa otras cuestiones a las que, a priori, Crist\u00f3bal Montoro no har\u00e1 referencia.<\/p>\n<p>La balanza auton\u00f3mica en la que trabaja el Gobierno extreme\u00f1o recoger\u00e1 datos de todas las comunidades, pero la novedad reside en que incluir\u00e1 balanzas de d\u00e9ficit y deuda, de infraestructuras, industrial, renta per c\u00e1pita, laboral, comercial, energ\u00e9tica y ecol\u00f3gica, entre otras.<\/p>\n<p>Un ejemplo: Extremadura no cuenta con ning\u00fan kil\u00f3metro de v\u00eda ferroviaria electrificada. Esto, para Monago, tambi\u00e9n se debe tener en cuenta en esas balanzas.<\/p>\n<p>El Gobierno extreme\u00f1o considera que con la publicaci\u00f3n de su informe se pondr\u00e1 en valor los d\u00e9ficit hist\u00f3ricos de cada una de las regiones y nacionalidades de Espa\u00f1a, as\u00ed como las fortalezas de todas las autonom\u00edas.<\/p>\n<p>As\u00ed, seg\u00fan el Ejecutivo de Monago, las balanzas extreme\u00f1as buscan el bien de todas las comunidades, pero sin olvidar la justicia hist\u00f3rica.<\/p>\n<p>Y es que Monago considera que con el debate abierto sobre las balanzas fiscales \u00absale lo peor de cada casa\u00bb y cada uno va a lo suyo con sus razones, \u00abno para unirnos sino para separarnos. Y lo hacen nacionalistas y no nacionalistas\u00bb, advierte.<\/p>\n<p>El presidente extreme\u00f1o, f\u00e9rreo defensor de la solidaridad interterritorial como base del Estado, opina que hay que poner infraestructuras e industria donde no las hay ya que, de lo contrario, ocurrir\u00e1 que el que tiene m\u00e1s, tendr\u00e1 cada vez m\u00e1s, y el que no tiene, no tendr\u00e1 nunca.<\/p>\n<p>\u00abYo no he jurado la Constituci\u00f3n para ver esta t\u00f3mbola, para defender un modelo insolidario y que los espa\u00f1oles no tengan igualdad de oportunidades con independencia de donde est\u00e9n y de las supuestas balanzas fiscales\u00bb, ha sido una de sus frases en la rueda de prensa que ha ofrecido esta ma\u00f1ana y en la que ha exhibido el cumplimiento del objetivo de d\u00e9ficit de Extremadura como su mejor balanza.<\/p>\n<p>Y es que, aunque la comunidad extreme\u00f1a presentaba hace dos ejercicios los datos de d\u00e9ficit m\u00e1s altos de Espa\u00f1a, ahora es de las m\u00e1s cumplidoras, contribuyendo al desarrollo del pa\u00eds, frente a otras regiones que no cumplen y, encima, exigen m\u00e1s, critica Monago.<\/p>\n<p>El presidente extreme\u00f1o sabe que, como ha ocurrido en otras ocasiones, le van a dar \u00abde un lado y de otro\u00bb, pero defiende el sentido com\u00fan que, en su caso, es la defensa de su regi\u00f3n sin olvidarse del resto del pa\u00eds.<\/p>\n<p>Sin embargo, en Extremadura no todos piensan lo mismo.<\/p>\n<p>El PSOE cree que la publicaci\u00f3n de la propia balanza fiscal extreme\u00f1a supone otra \u00abpelea artificial\u00bb para la propaganda personal de Monago que no servir\u00e1 para defender los intereses de Extremadura, como ha ocurrido en otros temas que han forjado la expresi\u00f3n de \u00abverso suelto\u00bb.<\/p>\n<p>El portavoz del Grupo Socialista en la Asamblea de Extremadura, Valent\u00edn Garc\u00eda, cree que la \u00abbalanza Monago\u00bb frente a las \u00abbalanzas Montoro\u00bb suponen otra argucia del presidente extreme\u00f1o para no reconocer que en Extremadura se sigue destruyendo empleo y que \u00abel Gobierno de Rajoy est\u00e1 generando una deuda contempor\u00e1nea muy importante\u00bb con la comunidad aut\u00f3noma, a\u00f1adida a la deuda hist\u00f3rica que a\u00fan no se ha saldado.<\/p>\n<p>Gorka Ruiz.<\/p>\n<p>&nbsp;<\/p>\n","protected":false},"excerpt":{"rendered":"<p>M\u00e9rida, 6 feb (EFE).- Al presidente extreme\u00f1o, Jos\u00e9 Antonio Monago, no le gusta el calificativo de \u00abverso suelto\u00bb a pesar de ser una referencia a la que se acude cada vez que anuncia una medida que parece ir en la direcci\u00f3n contraria a la de Moncloa o de G\u00e9nova. \u00c9l tiene a Extremadura por bandera. [&hellip;]<\/p>\n","protected":false},"author":1,"featured_media":485221,"comment_status":"closed","ping_status":"open","sticky":false,"template":"","format":"standard","meta":{"footnotes":""},"categories":[1],"tags":[],"class_list":["post-485220","post","type-post","status-publish","format-standard","has-post-thumbnail","hentry","category-actualidad"],"aioseo_notices":[],"aioseo_head":"\n\t\t<!-- All in One SEO Pro 5.0.1 - aioseo.com -->\n\t<meta name=\"description\" content=\"M\u00e9rida, 6 feb (EFE).- Al presidente extreme\u00f1o, Jos\u00e9 Antonio Monago, no le gusta el calificativo de &quot;verso suelto&quot; a pesar de ser una referencia a la que se acude cada vez que anuncia una medida que parece ir en la direcci\u00f3n contraria a la de Moncloa o de G\u00e9nova. \u00c9l tiene a Extremadura por bandera.\" \/>\n\t<meta name=\"robots\" content=\"max-image-preview:large\" \/>\n\t<meta name=\"author\" content=\"El Digital de Asturias\"\/>\n\t<meta name=\"google-site-verification\" content=\"UA-38556648-1\" \/>\n\t<meta name=\"msvalidate.01\" content=\"7dfe9f3f1b24437ab69f4f2559babe99\" \/>\n\t<meta name=\"keywords\" content=\"actualidad\" \/>\n\t<link rel=\"canonical\" href=\"https:\/\/www.eldigitaldeasturias.com\/noticias\/monago-el-verso-suelto-extremeno-al-que-le-gustaria-no-serlo\/\" \/>\n\t<meta name=\"generator\" content=\"All in One SEO Pro (AIOSEO) 5.0.1\" \/>\n\t\t<meta property=\"og:locale\" content=\"es_ES\" \/>\n\t\t<meta property=\"og:site_name\" content=\"El Digital de Asturias\" \/>\n\t\t<meta property=\"og:type\" content=\"article\" \/>\n\t\t<meta property=\"og:title\" content=\"Monago, el verso suelto extreme\u00f1o al que le gustar\u00eda no serlo - El Digital de Asturias\" \/>\n\t\t<meta property=\"og:description\" content=\"M\u00e9rida, 6 feb (EFE).- Al presidente extreme\u00f1o, Jos\u00e9 Antonio Monago, no le gusta el calificativo de &quot;verso suelto&quot; a pesar de ser una referencia a la que se acude cada vez que anuncia una medida que parece ir en la direcci\u00f3n contraria a la de Moncloa o de G\u00e9nova. \u00c9l tiene a Extremadura por bandera.\" \/>\n\t\t<meta property=\"og:url\" content=\"https:\/\/www.eldigitaldeasturias.com\/noticias\/monago-el-verso-suelto-extremeno-al-que-le-gustaria-no-serlo\/\" \/>\n\t\t<meta property=\"article:tag\" content=\"actualidad\" \/>\n\t\t<meta property=\"article:published_time\" content=\"2014-02-06T21:58:48+00:00\" \/>\n\t\t<meta property=\"article:modified_time\" content=\"2014-02-06T21:58:48+00:00\" \/>\n\t\t<meta property=\"article:publisher\" content=\"https:\/\/facebook.com\/eldigitaldeasturias\" \/>\n\t\t<meta name=\"twitter:card\" content=\"summary_large_image\" \/>\n\t\t<meta name=\"twitter:title\" content=\"Monago, el verso suelto extreme\u00f1o al que le gustar\u00eda no serlo - El Digital de Asturias\" \/>\n\t\t<meta name=\"twitter:description\" content=\"M\u00e9rida, 6 feb (EFE).- Al presidente extreme\u00f1o, Jos\u00e9 Antonio Monago, no le gusta el calificativo de &quot;verso suelto&quot; a pesar de ser una referencia a la que se acude cada vez que anuncia una medida que parece ir en la direcci\u00f3n contraria a la de Moncloa o de G\u00e9nova. \u00c9l tiene a Extremadura por bandera.\" \/>\n\t\t<meta name=\"twitter:label1\" content=\"Escrito por\" \/>\n\t\t<meta name=\"twitter:data1\" content=\"El Digital de Asturias\" \/>\n\t\t<meta name=\"twitter:label2\" content=\"Tiempo de lectura estimado\" \/>\n\t\t<meta name=\"twitter:data2\" content=\"4 minutos\" \/>\n\t\t<script type=\"application\/ld+json\" class=\"aioseo-schema\">\n\t\t\t{\"@context\":\"https:\\\/\\\/schema.org\",\"@graph\":[{\"@type\":\"BlogPosting\",\"@id\":\"https:\\\/\\\/www.eldigitaldeasturias.com\\\/noticias\\\/monago-el-verso-suelto-extremeno-al-que-le-gustaria-no-serlo\\\/#blogposting\",\"name\":\"Monago, el verso suelto extreme\\u00f1o al que le gustar\\u00eda no serlo - El Digital de Asturias\",\"headline\":\"Monago, el verso suelto extreme\\u00f1o al que le gustar\\u00eda no serlo\",\"author\":{\"@id\":\"https:\\\/\\\/www.eldigitaldeasturias.com\\\/noticias\\\/author\\\/admin\\\/#author\"},\"publisher\":{\"@id\":\"https:\\\/\\\/www.eldigitaldeasturias.com\\\/noticias\\\/#organization\"},\"image\":{\"@type\":\"ImageObject\",\"url\":485221},\"datePublished\":\"2014-02-06T20:58:48+01:00\",\"dateModified\":\"2014-02-06T20:58:48+01:00\",\"inLanguage\":\"es-ES\",\"mainEntityOfPage\":{\"@id\":\"https:\\\/\\\/www.eldigitaldeasturias.com\\\/noticias\\\/monago-el-verso-suelto-extremeno-al-que-le-gustaria-no-serlo\\\/#webpage\"},\"isPartOf\":{\"@id\":\"https:\\\/\\\/www.eldigitaldeasturias.com\\\/noticias\\\/monago-el-verso-suelto-extremeno-al-que-le-gustaria-no-serlo\\\/#webpage\"},\"articleSection\":\"Actualidad\"},{\"@type\":\"BreadcrumbList\",\"@id\":\"https:\\\/\\\/www.eldigitaldeasturias.com\\\/noticias\\\/monago-el-verso-suelto-extremeno-al-que-le-gustaria-no-serlo\\\/#breadcrumblist\",\"itemListElement\":[{\"@type\":\"ListItem\",\"@id\":\"https:\\\/\\\/www.eldigitaldeasturias.com\\\/noticias#listItem\",\"position\":1,\"name\":\"Home\",\"item\":\"https:\\\/\\\/www.eldigitaldeasturias.com\\\/noticias\",\"nextItem\":{\"@type\":\"ListItem\",\"@id\":\"https:\\\/\\\/www.eldigitaldeasturias.com\\\/noticias\\\/category\\\/actualidad\\\/#listItem\",\"name\":\"Actualidad\"}},{\"@type\":\"ListItem\",\"@id\":\"https:\\\/\\\/www.eldigitaldeasturias.com\\\/noticias\\\/category\\\/actualidad\\\/#listItem\",\"position\":2,\"name\":\"Actualidad\",\"item\":\"https:\\\/\\\/www.eldigitaldeasturias.com\\\/noticias\\\/category\\\/actualidad\\\/\",\"nextItem\":{\"@type\":\"ListItem\",\"@id\":\"https:\\\/\\\/www.eldigitaldeasturias.com\\\/noticias\\\/monago-el-verso-suelto-extremeno-al-que-le-gustaria-no-serlo\\\/#listItem\",\"name\":\"Monago, el verso suelto extreme\\u00f1o al que le gustar\\u00eda no serlo\"},\"previousItem\":{\"@type\":\"ListItem\",\"@id\":\"https:\\\/\\\/www.eldigitaldeasturias.com\\\/noticias#listItem\",\"name\":\"Home\"}},{\"@type\":\"ListItem\",\"@id\":\"https:\\\/\\\/www.eldigitaldeasturias.com\\\/noticias\\\/monago-el-verso-suelto-extremeno-al-que-le-gustaria-no-serlo\\\/#listItem\",\"position\":3,\"name\":\"Monago, el verso suelto extreme\\u00f1o al que le gustar\\u00eda no serlo\",\"previousItem\":{\"@type\":\"ListItem\",\"@id\":\"https:\\\/\\\/www.eldigitaldeasturias.com\\\/noticias\\\/category\\\/actualidad\\\/#listItem\",\"name\":\"Actualidad\"}}]},{\"@type\":\"Organization\",\"@id\":\"https:\\\/\\\/www.eldigitaldeasturias.com\\\/noticias\\\/#organization\",\"name\":\"El Digital de Asturias\",\"description\":\"Hemeroteca\",\"url\":\"https:\\\/\\\/www.eldigitaldeasturias.com\\\/noticias\\\/\",\"email\":\"info@eldigitaldeasturias.com\",\"telephone\":\"+34652131393\",\"logo\":{\"@type\":\"ImageObject\",\"url\":\"https:\\\/\\\/www.eldigitaldeasturias.com\\\/noticias\\\/wp-content\\\/uploads\\\/2020\\\/12\\\/EDA.jpg\",\"@id\":\"https:\\\/\\\/www.eldigitaldeasturias.com\\\/noticias\\\/monago-el-verso-suelto-extremeno-al-que-le-gustaria-no-serlo\\\/#organizationLogo\"},\"image\":{\"@id\":\"https:\\\/\\\/www.eldigitaldeasturias.com\\\/noticias\\\/monago-el-verso-suelto-extremeno-al-que-le-gustaria-no-serlo\\\/#organizationLogo\"},\"sameAs\":[\"https:\\\/\\\/facebook.com\\\/eldigitaldeasturias\",\"https:\\\/\\\/www.youtube.com\\\/channel\\\/UCZP-2wLEB9Rv6erhFmqVnvg\"],\"address\":{\"@id\":\"https:\\\/\\\/www.eldigitaldeasturias.com\\\/noticias\\\/#postaladdress\",\"@type\":\"PostalAddress\",\"streetAddress\":\"san antonio 4\",\"postalCode\":\"33430\",\"addressLocality\":\"Cand\\u00e1s\",\"addressRegion\":\"Asturias\",\"addressCountry\":\"ES\"}},{\"@type\":\"Person\",\"@id\":\"https:\\\/\\\/www.eldigitaldeasturias.com\\\/noticias\\\/author\\\/admin\\\/#author\",\"url\":\"https:\\\/\\\/www.eldigitaldeasturias.com\\\/noticias\\\/author\\\/admin\\\/\",\"name\":\"El Digital de Asturias\",\"image\":{\"@type\":\"ImageObject\",\"@id\":\"https:\\\/\\\/www.eldigitaldeasturias.com\\\/noticias\\\/monago-el-verso-suelto-extremeno-al-que-le-gustaria-no-serlo\\\/#authorImage\",\"url\":\"https:\\\/\\\/secure.gravatar.com\\\/avatar\\\/df2aeffc32bcd13f8d26072ef8a91b623d677766deac7f97ca815868cd41bf5e?s=96&d=mm&r=g\",\"width\":96,\"height\":96,\"caption\":\"El Digital de Asturias\"}},{\"@type\":\"WebPage\",\"@id\":\"https:\\\/\\\/www.eldigitaldeasturias.com\\\/noticias\\\/monago-el-verso-suelto-extremeno-al-que-le-gustaria-no-serlo\\\/#webpage\",\"url\":\"https:\\\/\\\/www.eldigitaldeasturias.com\\\/noticias\\\/monago-el-verso-suelto-extremeno-al-que-le-gustaria-no-serlo\\\/\",\"name\":\"Monago, el verso suelto extreme\\u00f1o al que le gustar\\u00eda no serlo - El Digital de Asturias\",\"description\":\"M\\u00e9rida, 6 feb (EFE).- Al presidente extreme\\u00f1o, Jos\\u00e9 Antonio Monago, no le gusta el calificativo de \\\"verso suelto\\\" a pesar de ser una referencia a la que se acude cada vez que anuncia una medida que parece ir en la direcci\\u00f3n contraria a la de Moncloa o de G\\u00e9nova. \\u00c9l tiene a Extremadura por bandera.\",\"inLanguage\":\"es-ES\",\"isPartOf\":{\"@id\":\"https:\\\/\\\/www.eldigitaldeasturias.com\\\/noticias\\\/#website\"},\"breadcrumb\":{\"@id\":\"https:\\\/\\\/www.eldigitaldeasturias.com\\\/noticias\\\/monago-el-verso-suelto-extremeno-al-que-le-gustaria-no-serlo\\\/#breadcrumblist\"},\"author\":{\"@id\":\"https:\\\/\\\/www.eldigitaldeasturias.com\\\/noticias\\\/author\\\/admin\\\/#author\"},\"creator\":{\"@id\":\"https:\\\/\\\/www.eldigitaldeasturias.com\\\/noticias\\\/author\\\/admin\\\/#author\"},\"image\":{\"@type\":\"ImageObject\",\"url\":485221,\"@id\":\"https:\\\/\\\/www.eldigitaldeasturias.com\\\/noticias\\\/monago-el-verso-suelto-extremeno-al-que-le-gustaria-no-serlo\\\/#mainImage\"},\"primaryImageOfPage\":{\"@id\":\"https:\\\/\\\/www.eldigitaldeasturias.com\\\/noticias\\\/monago-el-verso-suelto-extremeno-al-que-le-gustaria-no-serlo\\\/#mainImage\"},\"datePublished\":\"2014-02-06T20:58:48+01:00\",\"dateModified\":\"2014-02-06T20:58:48+01:00\"},{\"@type\":\"WebSite\",\"@id\":\"https:\\\/\\\/www.eldigitaldeasturias.com\\\/noticias\\\/#website\",\"url\":\"https:\\\/\\\/www.eldigitaldeasturias.com\\\/noticias\\\/\",\"name\":\"El Digital de Asturias - Diario de actualidad y noticias\",\"alternateName\":\"El Digital de Asturias - Diario de actualidad y noticias\",\"description\":\"Hemeroteca\",\"inLanguage\":\"es-ES\",\"publisher\":{\"@id\":\"https:\\\/\\\/www.eldigitaldeasturias.com\\\/noticias\\\/#organization\"}}]}\n\t\t<\/script>\n\t\t<!-- All in One SEO Pro -->\r\n\t\t<title>Monago, el verso suelto extreme\u00f1o al que le gustar\u00eda no serlo - El Digital de Asturias<\/title>\n\n","aioseo_head_json":{"title":"Monago, el verso suelto extreme\u00f1o al que le gustar\u00eda no serlo - El Digital de Asturias","description":"M\u00e9rida, 6 feb (EFE).- Al presidente extreme\u00f1o, Jos\u00e9 Antonio Monago, no le gusta el calificativo de \"verso suelto\" a pesar de ser una referencia a la que se acude cada vez que anuncia una medida que parece ir en la direcci\u00f3n contraria a la de Moncloa o de G\u00e9nova. \u00c9l tiene a Extremadura por bandera.","canonical_url":"https:\/\/www.eldigitaldeasturias.com\/noticias\/monago-el-verso-suelto-extremeno-al-que-le-gustaria-no-serlo\/","robots":"max-image-preview:large","keywords":"actualidad","webmasterTools":{"google-site-verification":"UA-38556648-1","msvalidate.01":"7dfe9f3f1b24437ab69f4f2559babe99","miscellaneous":""},"schema":{"@context":"https:\/\/schema.org","@graph":[{"@type":"BlogPosting","@id":"https:\/\/www.eldigitaldeasturias.com\/noticias\/monago-el-verso-suelto-extremeno-al-que-le-gustaria-no-serlo\/#blogposting","name":"Monago, el verso suelto extreme\u00f1o al que le gustar\u00eda no serlo - El Digital de Asturias","headline":"Monago, el verso suelto extreme\u00f1o al que le gustar\u00eda no serlo","author":{"@id":"https:\/\/www.eldigitaldeasturias.com\/noticias\/author\/admin\/#author"},"publisher":{"@id":"https:\/\/www.eldigitaldeasturias.com\/noticias\/#organization"},"image":{"@type":"ImageObject","url":485221},"datePublished":"2014-02-06T20:58:48+01:00","dateModified":"2014-02-06T20:58:48+01:00","inLanguage":"es-ES","mainEntityOfPage":{"@id":"https:\/\/www.eldigitaldeasturias.com\/noticias\/monago-el-verso-suelto-extremeno-al-que-le-gustaria-no-serlo\/#webpage"},"isPartOf":{"@id":"https:\/\/www.eldigitaldeasturias.com\/noticias\/monago-el-verso-suelto-extremeno-al-que-le-gustaria-no-serlo\/#webpage"},"articleSection":"Actualidad"},{"@type":"BreadcrumbList","@id":"https:\/\/www.eldigitaldeasturias.com\/noticias\/monago-el-verso-suelto-extremeno-al-que-le-gustaria-no-serlo\/#breadcrumblist","itemListElement":[{"@type":"ListItem","@id":"https:\/\/www.eldigitaldeasturias.com\/noticias#listItem","position":1,"name":"Home","item":"https:\/\/www.eldigitaldeasturias.com\/noticias","nextItem":{"@type":"ListItem","@id":"https:\/\/www.eldigitaldeasturias.com\/noticias\/category\/actualidad\/#listItem","name":"Actualidad"}},{"@type":"ListItem","@id":"https:\/\/www.eldigitaldeasturias.com\/noticias\/category\/actualidad\/#listItem","position":2,"name":"Actualidad","item":"https:\/\/www.eldigitaldeasturias.com\/noticias\/category\/actualidad\/","nextItem":{"@type":"ListItem","@id":"https:\/\/www.eldigitaldeasturias.com\/noticias\/monago-el-verso-suelto-extremeno-al-que-le-gustaria-no-serlo\/#listItem","name":"Monago, el verso suelto extreme\u00f1o al que le gustar\u00eda no serlo"},"previousItem":{"@type":"ListItem","@id":"https:\/\/www.eldigitaldeasturias.com\/noticias#listItem","name":"Home"}},{"@type":"ListItem","@id":"https:\/\/www.eldigitaldeasturias.com\/noticias\/monago-el-verso-suelto-extremeno-al-que-le-gustaria-no-serlo\/#listItem","position":3,"name":"Monago, el verso suelto extreme\u00f1o al que le gustar\u00eda no serlo","previousItem":{"@type":"ListItem","@id":"https:\/\/www.eldigitaldeasturias.com\/noticias\/category\/actualidad\/#listItem","name":"Actualidad"}}]},{"@type":"Organization","@id":"https:\/\/www.eldigitaldeasturias.com\/noticias\/#organization","name":"El Digital de Asturias","description":"Hemeroteca","url":"https:\/\/www.eldigitaldeasturias.com\/noticias\/","email":"info@eldigitaldeasturias.com","telephone":"+34652131393","logo":{"@type":"ImageObject","url":"https:\/\/www.eldigitaldeasturias.com\/noticias\/wp-content\/uploads\/2020\/12\/EDA.jpg","@id":"https:\/\/www.eldigitaldeasturias.com\/noticias\/monago-el-verso-suelto-extremeno-al-que-le-gustaria-no-serlo\/#organizationLogo"},"image":{"@id":"https:\/\/www.eldigitaldeasturias.com\/noticias\/monago-el-verso-suelto-extremeno-al-que-le-gustaria-no-serlo\/#organizationLogo"},"sameAs":["https:\/\/facebook.com\/eldigitaldeasturias","https:\/\/www.youtube.com\/channel\/UCZP-2wLEB9Rv6erhFmqVnvg"],"address":{"@id":"https:\/\/www.eldigitaldeasturias.com\/noticias\/#postaladdress","@type":"PostalAddress","streetAddress":"san antonio 4","postalCode":"33430","addressLocality":"Cand\u00e1s","addressRegion":"Asturias","addressCountry":"ES"}},{"@type":"Person","@id":"https:\/\/www.eldigitaldeasturias.com\/noticias\/author\/admin\/#author","url":"https:\/\/www.eldigitaldeasturias.com\/noticias\/author\/admin\/","name":"El Digital de Asturias","image":{"@type":"ImageObject","@id":"https:\/\/www.eldigitaldeasturias.com\/noticias\/monago-el-verso-suelto-extremeno-al-que-le-gustaria-no-serlo\/#authorImage","url":"https:\/\/secure.gravatar.com\/avatar\/df2aeffc32bcd13f8d26072ef8a91b623d677766deac7f97ca815868cd41bf5e?s=96&d=mm&r=g","width":96,"height":96,"caption":"El Digital de Asturias"}},{"@type":"WebPage","@id":"https:\/\/www.eldigitaldeasturias.com\/noticias\/monago-el-verso-suelto-extremeno-al-que-le-gustaria-no-serlo\/#webpage","url":"https:\/\/www.eldigitaldeasturias.com\/noticias\/monago-el-verso-suelto-extremeno-al-que-le-gustaria-no-serlo\/","name":"Monago, el verso suelto extreme\u00f1o al que le gustar\u00eda no serlo - El Digital de Asturias","description":"M\u00e9rida, 6 feb (EFE).- Al presidente extreme\u00f1o, Jos\u00e9 Antonio Monago, no le gusta el calificativo de \"verso suelto\" a pesar de ser una referencia a la que se acude cada vez que anuncia una medida que parece ir en la direcci\u00f3n contraria a la de Moncloa o de G\u00e9nova. \u00c9l tiene a Extremadura por bandera.","inLanguage":"es-ES","isPartOf":{"@id":"https:\/\/www.eldigitaldeasturias.com\/noticias\/#website"},"breadcrumb":{"@id":"https:\/\/www.eldigitaldeasturias.com\/noticias\/monago-el-verso-suelto-extremeno-al-que-le-gustaria-no-serlo\/#breadcrumblist"},"author":{"@id":"https:\/\/www.eldigitaldeasturias.com\/noticias\/author\/admin\/#author"},"creator":{"@id":"https:\/\/www.eldigitaldeasturias.com\/noticias\/author\/admin\/#author"},"image":{"@type":"ImageObject","url":485221,"@id":"https:\/\/www.eldigitaldeasturias.com\/noticias\/monago-el-verso-suelto-extremeno-al-que-le-gustaria-no-serlo\/#mainImage"},"primaryImageOfPage":{"@id":"https:\/\/www.eldigitaldeasturias.com\/noticias\/monago-el-verso-suelto-extremeno-al-que-le-gustaria-no-serlo\/#mainImage"},"datePublished":"2014-02-06T20:58:48+01:00","dateModified":"2014-02-06T20:58:48+01:00"},{"@type":"WebSite","@id":"https:\/\/www.eldigitaldeasturias.com\/noticias\/#website","url":"https:\/\/www.eldigitaldeasturias.com\/noticias\/","name":"El Digital de Asturias - Diario de actualidad y noticias","alternateName":"El Digital de Asturias - Diario de actualidad y noticias","description":"Hemeroteca","inLanguage":"es-ES","publisher":{"@id":"https:\/\/www.eldigitaldeasturias.com\/noticias\/#organization"}}]},"og:locale":"es_ES","og:site_name":"El Digital de Asturias","og:type":"article","og:title":"Monago, el verso suelto extreme\u00f1o al que le gustar\u00eda no serlo - El Digital de Asturias","og:description":"M\u00e9rida, 6 feb (EFE).- Al presidente extreme\u00f1o, Jos\u00e9 Antonio Monago, no le gusta el calificativo de &quot;verso suelto&quot; a pesar de ser una referencia a la que se acude cada vez que anuncia una medida que parece ir en la direcci\u00f3n contraria a la de Moncloa o de G\u00e9nova. \u00c9l tiene a Extremadura por bandera.","og:url":"https:\/\/www.eldigitaldeasturias.com\/noticias\/monago-el-verso-suelto-extremeno-al-que-le-gustaria-no-serlo\/","article:tag":["actualidad"],"article:published_time":"2014-02-06T21:58:48+00:00","article:modified_time":"2014-02-06T21:58:48+00:00","article:publisher":"https:\/\/facebook.com\/eldigitaldeasturias","twitter:card":"summary_large_image","twitter:title":"Monago, el verso suelto extreme\u00f1o al que le gustar\u00eda no serlo - El Digital de Asturias","twitter:description":"M\u00e9rida, 6 feb (EFE).- Al presidente extreme\u00f1o, Jos\u00e9 Antonio Monago, no le gusta el calificativo de &quot;verso suelto&quot; a pesar de ser una referencia a la que se acude cada vez que anuncia una medida que parece ir en la direcci\u00f3n contraria a la de Moncloa o de G\u00e9nova. \u00c9l tiene a Extremadura por bandera.","twitter:label1":"Escrito por","twitter:data1":"El Digital de Asturias","twitter:label2":"Tiempo de lectura estimado","twitter:data2":"4 minutos"},"aioseo_meta_data":{"post_id":"485220","title":null,"description":null,"keywords":null,"keyphrases":null,"primary_term":null,"canonical_url":null,"og_title":null,"og_description":null,"og_object_type":"default","og_image_type":"default","og_image_url":null,"og_image_width":null,"og_image_height":null,"og_image_custom_url":null,"og_image_custom_fields":null,"og_video":null,"og_custom_url":null,"og_article_section":null,"og_article_tags":null,"twitter_use_og":true,"twitter_card":"default","twitter_image_type":"default","twitter_image_url":null,"twitter_image_custom_url":null,"twitter_image_custom_fields":null,"twitter_title":null,"twitter_description":null,"schema":{"blockGraphs":[],"customGraphs":[],"default":{"data":{"Article":[],"Course":[],"Dataset":[],"FAQPage":[],"Movie":[],"Person":[],"Product":[],"ProductReview":[],"Car":[],"Recipe":[],"Service":[],"SoftwareApplication":[],"WebPage":[]},"graphName":"","isEnabled":true},"graphs":[],"defaultGraph":"","defaultPostTypeGraph":""},"schema_type":null,"schema_type_options":null,"pillar_content":false,"robots_default":true,"robots_noindex":false,"robots_noarchive":false,"robots_nosnippet":false,"robots_nofollow":false,"robots_noimageindex":false,"robots_noodp":false,"robots_notranslate":false,"robots_max_snippet":null,"robots_max_videopreview":null,"robots_max_imagepreview":"none","priority":null,"frequency":null,"local_seo":null,"seo_analyzer_scan_date":"2026-06-02 19:14:54","breadcrumb_settings":null,"limit_modified_date":false,"open_ai":null,"ai":null,"created":"2020-11-14 22:55:12","updated":"2026-06-02 19:14:54","focus_keyword":null,"additional_keywords":null,"truseo_locale":null},"aioseo_breadcrumb":"<div class=\"aioseo-breadcrumbs\"><span class=\"aioseo-breadcrumb\">\n\t<a href=\"https:\/\/www.eldigitaldeasturias.com\/noticias\" title=\"Home\">Home<\/a>\n<\/span><span class=\"aioseo-breadcrumb-separator\">\u2013<\/span><span class=\"aioseo-breadcrumb\">\n\t<a href=\"https:\/\/www.eldigitaldeasturias.com\/noticias\/category\/actualidad\/\" title=\"Actualidad\">Actualidad<\/a>\n<\/span><span class=\"aioseo-breadcrumb-separator\">\u2013<\/span><span class=\"aioseo-breadcrumb\">\n\t<a href=\"https:\/\/www.eldigitaldeasturias.com\/noticias\/monago-el-verso-suelto-extremeno-al-que-le-gustaria-no-serlo\/\" title=\"Monago, el verso suelto extreme\u00f1o al que le gustar\u00eda no serlo\">Monago, el verso suelto extreme\u00f1o al que le gustar\u00eda no serlo<\/a>\n<\/span><\/div>","aioseo_breadcrumb_json":[{"label":"Home","link":"https:\/\/www.eldigitaldeasturias.com\/noticias"},{"label":"Actualidad","link":"https:\/\/www.eldigitaldeasturias.com\/noticias\/category\/actualidad\/"},{"label":"Monago, el verso suelto extreme\u00f1o al que le gustar\u00eda no serlo","link":"https:\/\/www.eldigitaldeasturias.com\/noticias\/monago-el-verso-suelto-extremeno-al-que-le-gustaria-no-serlo\/"}],"_links":{"self":[{"href":"https:\/\/www.eldigitaldeasturias.com\/noticias\/wp-json\/wp\/v2\/posts\/485220","targetHints":{"allow":["GET"]}}],"collection":[{"href":"https:\/\/www.eldigitaldeasturias.com\/noticias\/wp-json\/wp\/v2\/posts"}],"about":[{"href":"https:\/\/www.eldigitaldeasturias.com\/noticias\/wp-json\/wp\/v2\/types\/post"}],"author":[{"embeddable":true,"href":"https:\/\/www.eldigitaldeasturias.com\/noticias\/wp-json\/wp\/v2\/users\/1"}],"replies":[{"embeddable":true,"href":"https:\/\/www.eldigitaldeasturias.com\/noticias\/wp-json\/wp\/v2\/comments?post=485220"}],"version-history":[{"count":0,"href":"https:\/\/www.eldigitaldeasturias.com\/noticias\/wp-json\/wp\/v2\/posts\/485220\/revisions"}],"wp:attachment":[{"href":"https:\/\/www.eldigitaldeasturias.com\/noticias\/wp-json\/wp\/v2\/media?parent=485220"}],"wp:term":[{"taxonomy":"category","embeddable":true,"href":"https:\/\/www.eldigitaldeasturias.com\/noticias\/wp-json\/wp\/v2\/categories?post=485220"},{"taxonomy":"post_tag","embeddable":true,"href":"https:\/\/www.eldigitaldeasturias.com\/noticias\/wp-json\/wp\/v2\/tags?post=485220"}],"curies":[{"name":"wp","href":"https:\/\/api.w.org\/{rel}","templated":true}]}}