{"id":485202,"date":"2014-02-06T20:52:01","date_gmt":"2014-02-06T21:52:01","guid":{"rendered":"http:\/\/www.eldigitaldeasturias.com\/noticias\/?p=485202"},"modified":"2014-02-06T20:52:01","modified_gmt":"2014-02-06T21:52:01","slug":"cinco-de-cada-diez-mayores-cree-que-su-nivel-economico-es-peor-tras-jubilarse","status":"publish","type":"post","link":"https:\/\/www.eldigitaldeasturias.com\/noticias\/cinco-de-cada-diez-mayores-cree-que-su-nivel-economico-es-peor-tras-jubilarse\/","title":{"rendered":"Cinco de cada diez mayores cree que su nivel econ\u00f3mico es peor tras jubilarse"},"content":{"rendered":"<p><img loading=\"lazy\" decoding=\"async\" class=\"alignleft size-medium wp-image-485203\" alt=\"5915950w\" src=\"https:\/\/www.eldigitaldeasturias.com\/noticias\/wp-content\/uploads\/2014\/02\/5915950w-209x320.jpg\" width=\"209\" height=\"320\" \/>Madrid, 6 feb (EFE).- Cinco de cada diez mayores, el 49,3 %, considera que su nivel econ\u00f3mico ha empeorado tras la jubilaci\u00f3n, mientras que cuatro de cada diez (40,6 %) piensa que es m\u00e1s o menos el mismo, frente a tan solo el 7,5 % que asegura que ha mejorado.<\/p>\n<p>As\u00ed lo refleja el \u00faltimo Bar\u00f3metro del Mayor que realiza el instituto de opini\u00f3n Simple L\u00f3gica para Uni\u00f3n Democr\u00e1tica de Pensionistas (UDP) sobre distintos temas que afectan a los mayores.<\/p>\n<p>Del total de los mayores espa\u00f1oles, casi seis de cada diez ha conseguido ahorrar durante su vida laboral mientras que tres de cada diez (29,4 %) no pudo hacerlo por falta de recursos.<\/p>\n<p>Por comunidades, Andaluc\u00eda (36,3 %), Catalu\u00f1a (35,8 %) y Castilla y Le\u00f3n (35,6 %) registran los porcentajes m\u00e1s altos de mayores que no pudieron ahorrar durante su vida laboral por falta de recursos suficientes.<\/p>\n<p>Ante estos datos, el presidente de UDP, Luis Mart\u00edn Pindado, considera necesario \u00absensibilizar a los ciudadanos de la importancia de prever econ\u00f3micamente el tiempo de retiro\u00bb, seg\u00fan ha se\u00f1alado en una nota en la que, adem\u00e1s, insta a \u00abproteger y promover el empleo en edades avanzadas, para evitar la creaci\u00f3n de nuevas bolsas de pobreza entre los jubilados\u00bb.<\/p>\n<p>Entre los mayores que piensan que su nivel econ\u00f3mico ha empeorado, el porcentaje es superior entre los menores de 75 a\u00f1os (55,1 %) que viven en grandes ciudades(57,7%).<\/p>\n<p>De este grupo, que reconoce que tras la jubilaci\u00f3n puede \u00abechar mano de sus ahorros\u00bb, el 58,4 % ha conseguido ahorrar para la jubilaci\u00f3n durante su vida laboral, aunque solo el 35,8 % est\u00e1 satisfecho con lo que acumul\u00f3, mientras que el 22,6 % no pudo ahorrar lo suficiente.<\/p>\n<p>El 29,4 % de los mayores reconoce que intent\u00f3 ahorrar pero su situaci\u00f3n econ\u00f3mica no se lo permiti\u00f3, frente a s\u00f3lo el 6 % que ni quiso ni se arrepiente de no haberlo hecho.<\/p>\n<p>El perfil de quienes no pudieron ahorrar es el de una mujer (34 %) mayor de 75 a\u00f1os (35,1 %), con estudios primarios (37,8 %) y residente en Andaluc\u00eda (36,3 %), Catalu\u00f1a (35,8 %) y Castilla-Le\u00f3n (35,6%).<\/p>\n<p>Por el contrario, el de quienes ahorraron satisfactoriamente es el de un hombre (44,2 %), con estudios secundarios (44,7 %) y universitarios (54,3 %), con alta capacidad de gasto (62 %) y que vive en Madrid (53,4 %) y Valencia (53,2 %).<\/p>\n<p>En cuanto a los productos de ahorro en los que invirtieron los mayores un 84 % lo hizo en la vivienda habitual; un 32,9 % en cartillas de ahorro o imposiciones a plazo fijo; un 17,7 % en segunda vivienda o sector inmobiliario; un 17,1 % en planes de pensiones o seguros de vida; un 13,9 % en dinero en efectivo; un 13,3 % en acciones o dep\u00f3sitos bancarios y un 5,1 % en oro, joyas u obras de arte.<\/p>\n<p>En perfil de los ahorradores tambi\u00e9n es diferente en funci\u00f3n del producto elegido para ahorrar.<\/p>\n<p>As\u00ed, en vivienda habitual no hay diferencias rese\u00f1ables de sexo, edad o lugar de residencia, mientras que las cartillas de ahorro fue la opci\u00f3n mayoritaria de quienes tienen estudios secundarios, alta capacidad de gasto y viven en Barcelona o Madrid, al igual que la opci\u00f3n de compra de segunda vivienda, la imposici\u00f3n en planes de pensiones o productos de inversi\u00f3n.<\/p>\n<p>En estos dos \u00faltimos productos destacan por haber sido elegidos, generalmente, por los mayores con estudios universitarios.<\/p>\n<p>Este colectivo tambi\u00e9n es el que m\u00e1s invierte en oro y obras de arte, y dispone de ahorro en efectivo, opciones elegidas preferentemente tambi\u00e9n por aquellos mayores con alta capacidad de gasto y que viven en Madrid, Valencia y Castilla-Le\u00f3n.<\/p>\n","protected":false},"excerpt":{"rendered":"<p>Madrid, 6 feb (EFE).- Cinco de cada diez mayores, el 49,3 %, considera que su nivel econ\u00f3mico ha empeorado tras la jubilaci\u00f3n, mientras que cuatro de cada diez (40,6 %) piensa que es m\u00e1s o menos el mismo, frente a tan solo el 7,5 % que asegura que ha mejorado. As\u00ed lo refleja el \u00faltimo [&hellip;]<\/p>\n","protected":false},"author":1,"featured_media":485203,"comment_status":"closed","ping_status":"open","sticky":false,"template":"","format":"standard","meta":{"footnotes":""},"categories":[1],"tags":[],"class_list":["post-485202","post","type-post","status-publish","format-standard","has-post-thumbnail","hentry","category-actualidad"],"aioseo_notices":[],"aioseo_head":"\n\t\t<!-- All in One SEO Pro 5.0.1 - aioseo.com -->\n\t<meta name=\"description\" content=\"Madrid, 6 feb (EFE).- Cinco de cada diez mayores, el 49,3 %, considera que su nivel econ\u00f3mico ha empeorado tras la jubilaci\u00f3n, mientras que cuatro de cada diez (40,6 %) piensa que es m\u00e1s o menos el mismo, frente a tan solo el 7,5 % que asegura que ha mejorado. As\u00ed lo refleja el \u00faltimo\" \/>\n\t<meta name=\"robots\" content=\"max-image-preview:large\" \/>\n\t<meta name=\"author\" content=\"El Digital de Asturias\"\/>\n\t<meta name=\"google-site-verification\" content=\"UA-38556648-1\" \/>\n\t<meta name=\"msvalidate.01\" content=\"7dfe9f3f1b24437ab69f4f2559babe99\" \/>\n\t<meta name=\"keywords\" content=\"actualidad\" \/>\n\t<link rel=\"canonical\" href=\"https:\/\/www.eldigitaldeasturias.com\/noticias\/cinco-de-cada-diez-mayores-cree-que-su-nivel-economico-es-peor-tras-jubilarse\/\" \/>\n\t<meta name=\"generator\" content=\"All in One SEO Pro (AIOSEO) 5.0.1\" \/>\n\t\t<meta property=\"og:locale\" content=\"es_ES\" \/>\n\t\t<meta property=\"og:site_name\" content=\"El Digital de Asturias\" \/>\n\t\t<meta property=\"og:type\" content=\"article\" \/>\n\t\t<meta property=\"og:title\" content=\"Cinco de cada diez mayores cree que su nivel econ\u00f3mico es peor tras jubilarse - El Digital de Asturias\" \/>\n\t\t<meta property=\"og:description\" content=\"Madrid, 6 feb (EFE).- Cinco de cada diez mayores, el 49,3 %, considera que su nivel econ\u00f3mico ha empeorado tras la jubilaci\u00f3n, mientras que cuatro de cada diez (40,6 %) piensa que es m\u00e1s o menos el mismo, frente a tan solo el 7,5 % que asegura que ha mejorado. As\u00ed lo refleja el \u00faltimo\" \/>\n\t\t<meta property=\"og:url\" content=\"https:\/\/www.eldigitaldeasturias.com\/noticias\/cinco-de-cada-diez-mayores-cree-que-su-nivel-economico-es-peor-tras-jubilarse\/\" \/>\n\t\t<meta property=\"article:tag\" content=\"actualidad\" \/>\n\t\t<meta property=\"article:published_time\" content=\"2014-02-06T21:52:01+00:00\" \/>\n\t\t<meta property=\"article:modified_time\" content=\"2014-02-06T21:52:01+00:00\" \/>\n\t\t<meta property=\"article:publisher\" content=\"https:\/\/facebook.com\/eldigitaldeasturias\" \/>\n\t\t<meta name=\"twitter:card\" content=\"summary_large_image\" \/>\n\t\t<meta name=\"twitter:title\" content=\"Cinco de cada diez mayores cree que su nivel econ\u00f3mico es peor tras jubilarse - El Digital de Asturias\" \/>\n\t\t<meta name=\"twitter:description\" content=\"Madrid, 6 feb (EFE).- Cinco de cada diez mayores, el 49,3 %, considera que su nivel econ\u00f3mico ha empeorado tras la jubilaci\u00f3n, mientras que cuatro de cada diez (40,6 %) piensa que es m\u00e1s o menos el mismo, frente a tan solo el 7,5 % que asegura que ha mejorado. As\u00ed lo refleja el \u00faltimo\" \/>\n\t\t<meta name=\"twitter:label1\" content=\"Escrito por\" \/>\n\t\t<meta name=\"twitter:data1\" content=\"El Digital de Asturias\" \/>\n\t\t<meta name=\"twitter:label2\" content=\"Tiempo de lectura estimado\" \/>\n\t\t<meta name=\"twitter:data2\" content=\"3 minutos\" \/>\n\t\t<script type=\"application\/ld+json\" class=\"aioseo-schema\">\n\t\t\t{\"@context\":\"https:\\\/\\\/schema.org\",\"@graph\":[{\"@type\":\"BlogPosting\",\"@id\":\"https:\\\/\\\/www.eldigitaldeasturias.com\\\/noticias\\\/cinco-de-cada-diez-mayores-cree-que-su-nivel-economico-es-peor-tras-jubilarse\\\/#blogposting\",\"name\":\"Cinco de cada diez mayores cree que su nivel econ\\u00f3mico es peor tras jubilarse - El Digital de Asturias\",\"headline\":\"Cinco de cada diez mayores cree que su nivel econ\\u00f3mico es peor tras jubilarse\",\"author\":{\"@id\":\"https:\\\/\\\/www.eldigitaldeasturias.com\\\/noticias\\\/author\\\/admin\\\/#author\"},\"publisher\":{\"@id\":\"https:\\\/\\\/www.eldigitaldeasturias.com\\\/noticias\\\/#organization\"},\"image\":{\"@type\":\"ImageObject\",\"url\":485203},\"datePublished\":\"2014-02-06T20:52:01+01:00\",\"dateModified\":\"2014-02-06T20:52:01+01:00\",\"inLanguage\":\"es-ES\",\"mainEntityOfPage\":{\"@id\":\"https:\\\/\\\/www.eldigitaldeasturias.com\\\/noticias\\\/cinco-de-cada-diez-mayores-cree-que-su-nivel-economico-es-peor-tras-jubilarse\\\/#webpage\"},\"isPartOf\":{\"@id\":\"https:\\\/\\\/www.eldigitaldeasturias.com\\\/noticias\\\/cinco-de-cada-diez-mayores-cree-que-su-nivel-economico-es-peor-tras-jubilarse\\\/#webpage\"},\"articleSection\":\"Actualidad\"},{\"@type\":\"BreadcrumbList\",\"@id\":\"https:\\\/\\\/www.eldigitaldeasturias.com\\\/noticias\\\/cinco-de-cada-diez-mayores-cree-que-su-nivel-economico-es-peor-tras-jubilarse\\\/#breadcrumblist\",\"itemListElement\":[{\"@type\":\"ListItem\",\"@id\":\"https:\\\/\\\/www.eldigitaldeasturias.com\\\/noticias#listItem\",\"position\":1,\"name\":\"Home\",\"item\":\"https:\\\/\\\/www.eldigitaldeasturias.com\\\/noticias\",\"nextItem\":{\"@type\":\"ListItem\",\"@id\":\"https:\\\/\\\/www.eldigitaldeasturias.com\\\/noticias\\\/category\\\/actualidad\\\/#listItem\",\"name\":\"Actualidad\"}},{\"@type\":\"ListItem\",\"@id\":\"https:\\\/\\\/www.eldigitaldeasturias.com\\\/noticias\\\/category\\\/actualidad\\\/#listItem\",\"position\":2,\"name\":\"Actualidad\",\"item\":\"https:\\\/\\\/www.eldigitaldeasturias.com\\\/noticias\\\/category\\\/actualidad\\\/\",\"nextItem\":{\"@type\":\"ListItem\",\"@id\":\"https:\\\/\\\/www.eldigitaldeasturias.com\\\/noticias\\\/cinco-de-cada-diez-mayores-cree-que-su-nivel-economico-es-peor-tras-jubilarse\\\/#listItem\",\"name\":\"Cinco de cada diez mayores cree que su nivel econ\\u00f3mico es peor tras jubilarse\"},\"previousItem\":{\"@type\":\"ListItem\",\"@id\":\"https:\\\/\\\/www.eldigitaldeasturias.com\\\/noticias#listItem\",\"name\":\"Home\"}},{\"@type\":\"ListItem\",\"@id\":\"https:\\\/\\\/www.eldigitaldeasturias.com\\\/noticias\\\/cinco-de-cada-diez-mayores-cree-que-su-nivel-economico-es-peor-tras-jubilarse\\\/#listItem\",\"position\":3,\"name\":\"Cinco de cada diez mayores cree que su nivel econ\\u00f3mico es peor tras jubilarse\",\"previousItem\":{\"@type\":\"ListItem\",\"@id\":\"https:\\\/\\\/www.eldigitaldeasturias.com\\\/noticias\\\/category\\\/actualidad\\\/#listItem\",\"name\":\"Actualidad\"}}]},{\"@type\":\"Organization\",\"@id\":\"https:\\\/\\\/www.eldigitaldeasturias.com\\\/noticias\\\/#organization\",\"name\":\"El Digital de Asturias\",\"description\":\"Hemeroteca\",\"url\":\"https:\\\/\\\/www.eldigitaldeasturias.com\\\/noticias\\\/\",\"email\":\"info@eldigitaldeasturias.com\",\"telephone\":\"+34652131393\",\"logo\":{\"@type\":\"ImageObject\",\"url\":\"https:\\\/\\\/www.eldigitaldeasturias.com\\\/noticias\\\/wp-content\\\/uploads\\\/2020\\\/12\\\/EDA.jpg\",\"@id\":\"https:\\\/\\\/www.eldigitaldeasturias.com\\\/noticias\\\/cinco-de-cada-diez-mayores-cree-que-su-nivel-economico-es-peor-tras-jubilarse\\\/#organizationLogo\"},\"image\":{\"@id\":\"https:\\\/\\\/www.eldigitaldeasturias.com\\\/noticias\\\/cinco-de-cada-diez-mayores-cree-que-su-nivel-economico-es-peor-tras-jubilarse\\\/#organizationLogo\"},\"sameAs\":[\"https:\\\/\\\/facebook.com\\\/eldigitaldeasturias\",\"https:\\\/\\\/www.youtube.com\\\/channel\\\/UCZP-2wLEB9Rv6erhFmqVnvg\"],\"address\":{\"@id\":\"https:\\\/\\\/www.eldigitaldeasturias.com\\\/noticias\\\/#postaladdress\",\"@type\":\"PostalAddress\",\"streetAddress\":\"san antonio 4\",\"postalCode\":\"33430\",\"addressLocality\":\"Cand\\u00e1s\",\"addressRegion\":\"Asturias\",\"addressCountry\":\"ES\"}},{\"@type\":\"Person\",\"@id\":\"https:\\\/\\\/www.eldigitaldeasturias.com\\\/noticias\\\/author\\\/admin\\\/#author\",\"url\":\"https:\\\/\\\/www.eldigitaldeasturias.com\\\/noticias\\\/author\\\/admin\\\/\",\"name\":\"El Digital de Asturias\",\"image\":{\"@type\":\"ImageObject\",\"@id\":\"https:\\\/\\\/www.eldigitaldeasturias.com\\\/noticias\\\/cinco-de-cada-diez-mayores-cree-que-su-nivel-economico-es-peor-tras-jubilarse\\\/#authorImage\",\"url\":\"https:\\\/\\\/secure.gravatar.com\\\/avatar\\\/df2aeffc32bcd13f8d26072ef8a91b623d677766deac7f97ca815868cd41bf5e?s=96&d=mm&r=g\",\"width\":96,\"height\":96,\"caption\":\"El Digital de Asturias\"}},{\"@type\":\"WebPage\",\"@id\":\"https:\\\/\\\/www.eldigitaldeasturias.com\\\/noticias\\\/cinco-de-cada-diez-mayores-cree-que-su-nivel-economico-es-peor-tras-jubilarse\\\/#webpage\",\"url\":\"https:\\\/\\\/www.eldigitaldeasturias.com\\\/noticias\\\/cinco-de-cada-diez-mayores-cree-que-su-nivel-economico-es-peor-tras-jubilarse\\\/\",\"name\":\"Cinco de cada diez mayores cree que su nivel econ\\u00f3mico es peor tras jubilarse - El Digital de Asturias\",\"description\":\"Madrid, 6 feb (EFE).- Cinco de cada diez mayores, el 49,3 %, considera que su nivel econ\\u00f3mico ha empeorado tras la jubilaci\\u00f3n, mientras que cuatro de cada diez (40,6 %) piensa que es m\\u00e1s o menos el mismo, frente a tan solo el 7,5 % que asegura que ha mejorado. As\\u00ed lo refleja el \\u00faltimo\",\"inLanguage\":\"es-ES\",\"isPartOf\":{\"@id\":\"https:\\\/\\\/www.eldigitaldeasturias.com\\\/noticias\\\/#website\"},\"breadcrumb\":{\"@id\":\"https:\\\/\\\/www.eldigitaldeasturias.com\\\/noticias\\\/cinco-de-cada-diez-mayores-cree-que-su-nivel-economico-es-peor-tras-jubilarse\\\/#breadcrumblist\"},\"author\":{\"@id\":\"https:\\\/\\\/www.eldigitaldeasturias.com\\\/noticias\\\/author\\\/admin\\\/#author\"},\"creator\":{\"@id\":\"https:\\\/\\\/www.eldigitaldeasturias.com\\\/noticias\\\/author\\\/admin\\\/#author\"},\"image\":{\"@type\":\"ImageObject\",\"url\":485203,\"@id\":\"https:\\\/\\\/www.eldigitaldeasturias.com\\\/noticias\\\/cinco-de-cada-diez-mayores-cree-que-su-nivel-economico-es-peor-tras-jubilarse\\\/#mainImage\"},\"primaryImageOfPage\":{\"@id\":\"https:\\\/\\\/www.eldigitaldeasturias.com\\\/noticias\\\/cinco-de-cada-diez-mayores-cree-que-su-nivel-economico-es-peor-tras-jubilarse\\\/#mainImage\"},\"datePublished\":\"2014-02-06T20:52:01+01:00\",\"dateModified\":\"2014-02-06T20:52:01+01:00\"},{\"@type\":\"WebSite\",\"@id\":\"https:\\\/\\\/www.eldigitaldeasturias.com\\\/noticias\\\/#website\",\"url\":\"https:\\\/\\\/www.eldigitaldeasturias.com\\\/noticias\\\/\",\"name\":\"El Digital de Asturias - Diario de actualidad y noticias\",\"alternateName\":\"El Digital de Asturias - Diario de actualidad y noticias\",\"description\":\"Hemeroteca\",\"inLanguage\":\"es-ES\",\"publisher\":{\"@id\":\"https:\\\/\\\/www.eldigitaldeasturias.com\\\/noticias\\\/#organization\"}}]}\n\t\t<\/script>\n\t\t<!-- All in One SEO Pro -->\r\n\t\t<title>Cinco de cada diez mayores cree que su nivel econ\u00f3mico es peor tras jubilarse - El Digital de Asturias<\/title>\n\n","aioseo_head_json":{"title":"Cinco de cada diez mayores cree que su nivel econ\u00f3mico es peor tras jubilarse - El Digital de Asturias","description":"Madrid, 6 feb (EFE).- Cinco de cada diez mayores, el 49,3 %, considera que su nivel econ\u00f3mico ha empeorado tras la jubilaci\u00f3n, mientras que cuatro de cada diez (40,6 %) piensa que es m\u00e1s o menos el mismo, frente a tan solo el 7,5 % que asegura que ha mejorado. As\u00ed lo refleja el \u00faltimo","canonical_url":"https:\/\/www.eldigitaldeasturias.com\/noticias\/cinco-de-cada-diez-mayores-cree-que-su-nivel-economico-es-peor-tras-jubilarse\/","robots":"max-image-preview:large","keywords":"actualidad","webmasterTools":{"google-site-verification":"UA-38556648-1","msvalidate.01":"7dfe9f3f1b24437ab69f4f2559babe99","miscellaneous":""},"schema":{"@context":"https:\/\/schema.org","@graph":[{"@type":"BlogPosting","@id":"https:\/\/www.eldigitaldeasturias.com\/noticias\/cinco-de-cada-diez-mayores-cree-que-su-nivel-economico-es-peor-tras-jubilarse\/#blogposting","name":"Cinco de cada diez mayores cree que su nivel econ\u00f3mico es peor tras jubilarse - El Digital de Asturias","headline":"Cinco de cada diez mayores cree que su nivel econ\u00f3mico es peor tras jubilarse","author":{"@id":"https:\/\/www.eldigitaldeasturias.com\/noticias\/author\/admin\/#author"},"publisher":{"@id":"https:\/\/www.eldigitaldeasturias.com\/noticias\/#organization"},"image":{"@type":"ImageObject","url":485203},"datePublished":"2014-02-06T20:52:01+01:00","dateModified":"2014-02-06T20:52:01+01:00","inLanguage":"es-ES","mainEntityOfPage":{"@id":"https:\/\/www.eldigitaldeasturias.com\/noticias\/cinco-de-cada-diez-mayores-cree-que-su-nivel-economico-es-peor-tras-jubilarse\/#webpage"},"isPartOf":{"@id":"https:\/\/www.eldigitaldeasturias.com\/noticias\/cinco-de-cada-diez-mayores-cree-que-su-nivel-economico-es-peor-tras-jubilarse\/#webpage"},"articleSection":"Actualidad"},{"@type":"BreadcrumbList","@id":"https:\/\/www.eldigitaldeasturias.com\/noticias\/cinco-de-cada-diez-mayores-cree-que-su-nivel-economico-es-peor-tras-jubilarse\/#breadcrumblist","itemListElement":[{"@type":"ListItem","@id":"https:\/\/www.eldigitaldeasturias.com\/noticias#listItem","position":1,"name":"Home","item":"https:\/\/www.eldigitaldeasturias.com\/noticias","nextItem":{"@type":"ListItem","@id":"https:\/\/www.eldigitaldeasturias.com\/noticias\/category\/actualidad\/#listItem","name":"Actualidad"}},{"@type":"ListItem","@id":"https:\/\/www.eldigitaldeasturias.com\/noticias\/category\/actualidad\/#listItem","position":2,"name":"Actualidad","item":"https:\/\/www.eldigitaldeasturias.com\/noticias\/category\/actualidad\/","nextItem":{"@type":"ListItem","@id":"https:\/\/www.eldigitaldeasturias.com\/noticias\/cinco-de-cada-diez-mayores-cree-que-su-nivel-economico-es-peor-tras-jubilarse\/#listItem","name":"Cinco de cada diez mayores cree que su nivel econ\u00f3mico es peor tras jubilarse"},"previousItem":{"@type":"ListItem","@id":"https:\/\/www.eldigitaldeasturias.com\/noticias#listItem","name":"Home"}},{"@type":"ListItem","@id":"https:\/\/www.eldigitaldeasturias.com\/noticias\/cinco-de-cada-diez-mayores-cree-que-su-nivel-economico-es-peor-tras-jubilarse\/#listItem","position":3,"name":"Cinco de cada diez mayores cree que su nivel econ\u00f3mico es peor tras jubilarse","previousItem":{"@type":"ListItem","@id":"https:\/\/www.eldigitaldeasturias.com\/noticias\/category\/actualidad\/#listItem","name":"Actualidad"}}]},{"@type":"Organization","@id":"https:\/\/www.eldigitaldeasturias.com\/noticias\/#organization","name":"El Digital de Asturias","description":"Hemeroteca","url":"https:\/\/www.eldigitaldeasturias.com\/noticias\/","email":"info@eldigitaldeasturias.com","telephone":"+34652131393","logo":{"@type":"ImageObject","url":"https:\/\/www.eldigitaldeasturias.com\/noticias\/wp-content\/uploads\/2020\/12\/EDA.jpg","@id":"https:\/\/www.eldigitaldeasturias.com\/noticias\/cinco-de-cada-diez-mayores-cree-que-su-nivel-economico-es-peor-tras-jubilarse\/#organizationLogo"},"image":{"@id":"https:\/\/www.eldigitaldeasturias.com\/noticias\/cinco-de-cada-diez-mayores-cree-que-su-nivel-economico-es-peor-tras-jubilarse\/#organizationLogo"},"sameAs":["https:\/\/facebook.com\/eldigitaldeasturias","https:\/\/www.youtube.com\/channel\/UCZP-2wLEB9Rv6erhFmqVnvg"],"address":{"@id":"https:\/\/www.eldigitaldeasturias.com\/noticias\/#postaladdress","@type":"PostalAddress","streetAddress":"san antonio 4","postalCode":"33430","addressLocality":"Cand\u00e1s","addressRegion":"Asturias","addressCountry":"ES"}},{"@type":"Person","@id":"https:\/\/www.eldigitaldeasturias.com\/noticias\/author\/admin\/#author","url":"https:\/\/www.eldigitaldeasturias.com\/noticias\/author\/admin\/","name":"El Digital de Asturias","image":{"@type":"ImageObject","@id":"https:\/\/www.eldigitaldeasturias.com\/noticias\/cinco-de-cada-diez-mayores-cree-que-su-nivel-economico-es-peor-tras-jubilarse\/#authorImage","url":"https:\/\/secure.gravatar.com\/avatar\/df2aeffc32bcd13f8d26072ef8a91b623d677766deac7f97ca815868cd41bf5e?s=96&d=mm&r=g","width":96,"height":96,"caption":"El Digital de Asturias"}},{"@type":"WebPage","@id":"https:\/\/www.eldigitaldeasturias.com\/noticias\/cinco-de-cada-diez-mayores-cree-que-su-nivel-economico-es-peor-tras-jubilarse\/#webpage","url":"https:\/\/www.eldigitaldeasturias.com\/noticias\/cinco-de-cada-diez-mayores-cree-que-su-nivel-economico-es-peor-tras-jubilarse\/","name":"Cinco de cada diez mayores cree que su nivel econ\u00f3mico es peor tras jubilarse - El Digital de Asturias","description":"Madrid, 6 feb (EFE).- Cinco de cada diez mayores, el 49,3 %, considera que su nivel econ\u00f3mico ha empeorado tras la jubilaci\u00f3n, mientras que cuatro de cada diez (40,6 %) piensa que es m\u00e1s o menos el mismo, frente a tan solo el 7,5 % que asegura que ha mejorado. As\u00ed lo refleja el \u00faltimo","inLanguage":"es-ES","isPartOf":{"@id":"https:\/\/www.eldigitaldeasturias.com\/noticias\/#website"},"breadcrumb":{"@id":"https:\/\/www.eldigitaldeasturias.com\/noticias\/cinco-de-cada-diez-mayores-cree-que-su-nivel-economico-es-peor-tras-jubilarse\/#breadcrumblist"},"author":{"@id":"https:\/\/www.eldigitaldeasturias.com\/noticias\/author\/admin\/#author"},"creator":{"@id":"https:\/\/www.eldigitaldeasturias.com\/noticias\/author\/admin\/#author"},"image":{"@type":"ImageObject","url":485203,"@id":"https:\/\/www.eldigitaldeasturias.com\/noticias\/cinco-de-cada-diez-mayores-cree-que-su-nivel-economico-es-peor-tras-jubilarse\/#mainImage"},"primaryImageOfPage":{"@id":"https:\/\/www.eldigitaldeasturias.com\/noticias\/cinco-de-cada-diez-mayores-cree-que-su-nivel-economico-es-peor-tras-jubilarse\/#mainImage"},"datePublished":"2014-02-06T20:52:01+01:00","dateModified":"2014-02-06T20:52:01+01:00"},{"@type":"WebSite","@id":"https:\/\/www.eldigitaldeasturias.com\/noticias\/#website","url":"https:\/\/www.eldigitaldeasturias.com\/noticias\/","name":"El Digital de Asturias - Diario de actualidad y noticias","alternateName":"El Digital de Asturias - Diario de actualidad y noticias","description":"Hemeroteca","inLanguage":"es-ES","publisher":{"@id":"https:\/\/www.eldigitaldeasturias.com\/noticias\/#organization"}}]},"og:locale":"es_ES","og:site_name":"El Digital de Asturias","og:type":"article","og:title":"Cinco de cada diez mayores cree que su nivel econ\u00f3mico es peor tras jubilarse - El Digital de Asturias","og:description":"Madrid, 6 feb (EFE).- Cinco de cada diez mayores, el 49,3 %, considera que su nivel econ\u00f3mico ha empeorado tras la jubilaci\u00f3n, mientras que cuatro de cada diez (40,6 %) piensa que es m\u00e1s o menos el mismo, frente a tan solo el 7,5 % que asegura que ha mejorado. As\u00ed lo refleja el \u00faltimo","og:url":"https:\/\/www.eldigitaldeasturias.com\/noticias\/cinco-de-cada-diez-mayores-cree-que-su-nivel-economico-es-peor-tras-jubilarse\/","article:tag":["actualidad"],"article:published_time":"2014-02-06T21:52:01+00:00","article:modified_time":"2014-02-06T21:52:01+00:00","article:publisher":"https:\/\/facebook.com\/eldigitaldeasturias","twitter:card":"summary_large_image","twitter:title":"Cinco de cada diez mayores cree que su nivel econ\u00f3mico es peor tras jubilarse - El Digital de Asturias","twitter:description":"Madrid, 6 feb (EFE).- Cinco de cada diez mayores, el 49,3 %, considera que su nivel econ\u00f3mico ha empeorado tras la jubilaci\u00f3n, mientras que cuatro de cada diez (40,6 %) piensa que es m\u00e1s o menos el mismo, frente a tan solo el 7,5 % que asegura que ha mejorado. As\u00ed lo refleja el \u00faltimo","twitter:label1":"Escrito por","twitter:data1":"El Digital de Asturias","twitter:label2":"Tiempo de lectura estimado","twitter:data2":"3 minutos"},"aioseo_meta_data":{"post_id":"485202","title":null,"description":null,"keywords":null,"keyphrases":null,"primary_term":null,"canonical_url":null,"og_title":null,"og_description":null,"og_object_type":"default","og_image_type":"default","og_image_url":null,"og_image_width":null,"og_image_height":null,"og_image_custom_url":null,"og_image_custom_fields":null,"og_video":null,"og_custom_url":null,"og_article_section":null,"og_article_tags":null,"twitter_use_og":true,"twitter_card":"default","twitter_image_type":"default","twitter_image_url":null,"twitter_image_custom_url":null,"twitter_image_custom_fields":null,"twitter_title":null,"twitter_description":null,"schema":{"blockGraphs":[],"customGraphs":[],"default":{"data":{"Article":[],"Course":[],"Dataset":[],"FAQPage":[],"Movie":[],"Person":[],"Product":[],"ProductReview":[],"Car":[],"Recipe":[],"Service":[],"SoftwareApplication":[],"WebPage":[]},"graphName":"","isEnabled":true},"graphs":[],"defaultGraph":"","defaultPostTypeGraph":""},"schema_type":null,"schema_type_options":null,"pillar_content":false,"robots_default":true,"robots_noindex":false,"robots_noarchive":false,"robots_nosnippet":false,"robots_nofollow":false,"robots_noimageindex":false,"robots_noodp":false,"robots_notranslate":false,"robots_max_snippet":null,"robots_max_videopreview":null,"robots_max_imagepreview":"none","priority":null,"frequency":null,"local_seo":null,"seo_analyzer_scan_date":"2026-06-02 19:11:50","breadcrumb_settings":null,"limit_modified_date":false,"open_ai":null,"ai":null,"created":"2020-11-14 22:55:12","updated":"2026-06-02 19:11:50","focus_keyword":null,"additional_keywords":null,"truseo_locale":null},"aioseo_breadcrumb":"<div class=\"aioseo-breadcrumbs\"><span class=\"aioseo-breadcrumb\">\n\t<a href=\"https:\/\/www.eldigitaldeasturias.com\/noticias\" title=\"Home\">Home<\/a>\n<\/span><span class=\"aioseo-breadcrumb-separator\">\u2013<\/span><span class=\"aioseo-breadcrumb\">\n\t<a href=\"https:\/\/www.eldigitaldeasturias.com\/noticias\/category\/actualidad\/\" title=\"Actualidad\">Actualidad<\/a>\n<\/span><span class=\"aioseo-breadcrumb-separator\">\u2013<\/span><span class=\"aioseo-breadcrumb\">\n\t<a href=\"https:\/\/www.eldigitaldeasturias.com\/noticias\/cinco-de-cada-diez-mayores-cree-que-su-nivel-economico-es-peor-tras-jubilarse\/\" title=\"Cinco de cada diez mayores cree que su nivel econ\u00f3mico es peor tras jubilarse\">Cinco de cada diez mayores cree que su nivel econ\u00f3mico es peor tras jubilarse<\/a>\n<\/span><\/div>","aioseo_breadcrumb_json":[{"label":"Home","link":"https:\/\/www.eldigitaldeasturias.com\/noticias"},{"label":"Actualidad","link":"https:\/\/www.eldigitaldeasturias.com\/noticias\/category\/actualidad\/"},{"label":"Cinco de cada diez mayores cree que su nivel econ\u00f3mico es peor tras jubilarse","link":"https:\/\/www.eldigitaldeasturias.com\/noticias\/cinco-de-cada-diez-mayores-cree-que-su-nivel-economico-es-peor-tras-jubilarse\/"}],"_links":{"self":[{"href":"https:\/\/www.eldigitaldeasturias.com\/noticias\/wp-json\/wp\/v2\/posts\/485202","targetHints":{"allow":["GET"]}}],"collection":[{"href":"https:\/\/www.eldigitaldeasturias.com\/noticias\/wp-json\/wp\/v2\/posts"}],"about":[{"href":"https:\/\/www.eldigitaldeasturias.com\/noticias\/wp-json\/wp\/v2\/types\/post"}],"author":[{"embeddable":true,"href":"https:\/\/www.eldigitaldeasturias.com\/noticias\/wp-json\/wp\/v2\/users\/1"}],"replies":[{"embeddable":true,"href":"https:\/\/www.eldigitaldeasturias.com\/noticias\/wp-json\/wp\/v2\/comments?post=485202"}],"version-history":[{"count":0,"href":"https:\/\/www.eldigitaldeasturias.com\/noticias\/wp-json\/wp\/v2\/posts\/485202\/revisions"}],"wp:attachment":[{"href":"https:\/\/www.eldigitaldeasturias.com\/noticias\/wp-json\/wp\/v2\/media?parent=485202"}],"wp:term":[{"taxonomy":"category","embeddable":true,"href":"https:\/\/www.eldigitaldeasturias.com\/noticias\/wp-json\/wp\/v2\/categories?post=485202"},{"taxonomy":"post_tag","embeddable":true,"href":"https:\/\/www.eldigitaldeasturias.com\/noticias\/wp-json\/wp\/v2\/tags?post=485202"}],"curies":[{"name":"wp","href":"https:\/\/api.w.org\/{rel}","templated":true}]}}