{"id":485199,"date":"2014-02-06T20:50:57","date_gmt":"2014-02-06T21:50:57","guid":{"rendered":"http:\/\/www.eldigitaldeasturias.com\/noticias\/?p=485199"},"modified":"2014-02-06T20:50:57","modified_gmt":"2014-02-06T21:50:57","slug":"comisaria-de-educacion-anima-a-latinoamericanos-a-sumarse-a-programa-erasmus","status":"publish","type":"post","link":"https:\/\/www.eldigitaldeasturias.com\/noticias\/comisaria-de-educacion-anima-a-latinoamericanos-a-sumarse-a-programa-erasmus\/","title":{"rendered":"Comisaria de Educaci\u00f3n anima a latinoamericanos a sumarse a programa Erasmus"},"content":{"rendered":"<p><img loading=\"lazy\" decoding=\"async\" class=\"alignleft size-medium wp-image-485200\" alt=\"5916494w\" src=\"https:\/\/www.eldigitaldeasturias.com\/noticias\/wp-content\/uploads\/2014\/02\/5916494w-360x216.jpg\" width=\"360\" height=\"216\" \/>Bruselas, 6 feb (EFE).- La comisaria europea de Educaci\u00f3n, Cultura, Multiling\u00fcismo y Juventud, Androulla Vassiliou, animar\u00e1 en Cuba a estudiantes y profesores universitarios latinoamericanos a formarse en Europa a trav\u00e9s del programa Erasmus+.<\/p>\n<p>Seg\u00fan inform\u00f3 hoy la Comisi\u00f3n Europea (CE), Vassiliou participar\u00e1 en el IX Congreso Internacional de Educaci\u00f3n Superior, que tendr\u00e1 lugar en La Habana entre el 10 y el 14 de febrero y al que est\u00e1 previsto asistan unas 3.000 personas.<\/p>\n<p>La comisaria explicar\u00e1 durante este congreso que \u00ablos estudiantes y el personal acad\u00e9mico de Am\u00e9rica Latina tendr\u00e1n m\u00e1s oportunidades de estudiar o de formarse en las universidades europeas gracias a un mayor apoyo de Erasmus+\u00bb.<\/p>\n<p>El programa permitir\u00e1 a estudiantes y profesores europeos descubrir las universidades de Am\u00e9rica Latina.<\/p>\n<p>La comisaria indicar\u00e1 que, adem\u00e1s de ofrecer m\u00e1s becas individuales para los estudiantes latinoamericanos, \u00abtambi\u00e9n se dar\u00e1 m\u00e1s apoyo para aumentar la dimensi\u00f3n internacional de las universidades de ambos lados del Atl\u00e1ntico e invertir en el desarrollo de las capacidades\u00bb.<\/p>\n<p>Las ayudas beneficiar\u00e1n a universitarios y a estudiantes que cursen un programa de m\u00e1ster de dos a\u00f1os de duraci\u00f3n, impartido por dos o m\u00e1s universidades (25.000 becas de este tipo estar\u00e1n disponibles en todo el mundo).<\/p>\n<p>Del mismo modo, los estudiantes de doctorado de Am\u00e9rica Latina podr\u00e1n solicitar becas de tres a\u00f1os (habr\u00e1 15.000 en todo el mundo).<\/p>\n<p>Desde 2004, m\u00e1s de 8.000 estudiantes y personal universitario de Am\u00e9rica Latina se han beneficiado de becas de la Uni\u00f3n Europea (UE) para estudiar o formarse en las universidades europeas a trav\u00e9s del programa Erasmus Mundus, que est\u00e1 ahora integrado en Erasmus+.<\/p>\n<p>Tambi\u00e9n se continuar\u00e1n apoyando proyectos destinados a la modernizaci\u00f3n de las universidades en Am\u00e9rica Latina a trav\u00e9s de asociaciones con instituciones europeas.<\/p>\n<p>Durante su visita a La Habana, la comisaria se reunir\u00e1 con el ministro cubano de Asuntos Exteriores, Bruno Rodr\u00edguez, con el titular de Educaci\u00f3n Superior, Rodolfo Alarc\u00f3n, y con los responsables de Educaci\u00f3n, Elsa Vel\u00e1zquez; de Cultura, Rafael Bernal, y de Comercio Exterior e Inversiones Extranjeras, Rodrigo Malmierca.<\/p>\n<p>Adem\u00e1s, visitar\u00e1 el proyecto de restauraci\u00f3n del Palacio del Segundo Cabo, un palacio hist\u00f3rico en La Habana Vieja, y un taller para adolescentes que forma parte de un proyecto de cooperaci\u00f3n entre la UE y la Oficina del Historiador de La Habana.<\/p>\n<p>Vassiliou estar\u00e1 asimismo en la escuela del Ballet Nacional de Cuba.<\/p>\n<p>La visita de la comisaria se produce en un entorno de acercamiento de los Veintiocho a Cuba.<\/p>\n<p>En abril de 2013, la CE adopt\u00f3 y present\u00f3 al Consejo una propuesta de directrices de negociaci\u00f3n para un Acuerdo Bilateral de Di\u00e1logo Pol\u00edtico y Cooperaci\u00f3n con Cuba.<\/p>\n<p>En el pr\u00f3ximo Consejo de Asuntos Exteriores, que tendr\u00e1 lugar en Bruselas el 10 de febrero, los ministros decidir\u00e1n si se adoptan esas directrices.<\/p>\n","protected":false},"excerpt":{"rendered":"<p>Bruselas, 6 feb (EFE).- La comisaria europea de Educaci\u00f3n, Cultura, Multiling\u00fcismo y Juventud, Androulla Vassiliou, animar\u00e1 en Cuba a estudiantes y profesores universitarios latinoamericanos a formarse en Europa a trav\u00e9s del programa Erasmus+. Seg\u00fan inform\u00f3 hoy la Comisi\u00f3n Europea (CE), Vassiliou participar\u00e1 en el IX Congreso Internacional de Educaci\u00f3n Superior, que tendr\u00e1 lugar en La [&hellip;]<\/p>\n","protected":false},"author":1,"featured_media":485200,"comment_status":"closed","ping_status":"open","sticky":false,"template":"","format":"standard","meta":{"footnotes":""},"categories":[1],"tags":[],"class_list":["post-485199","post","type-post","status-publish","format-standard","has-post-thumbnail","hentry","category-actualidad"],"aioseo_notices":[],"aioseo_head":"\n\t\t<!-- All in One SEO Pro 5.0.1 - aioseo.com -->\n\t<meta name=\"description\" content=\"Bruselas, 6 feb (EFE).- La comisaria europea de Educaci\u00f3n, Cultura, Multiling\u00fcismo y Juventud, Androulla Vassiliou, animar\u00e1 en Cuba a estudiantes y profesores universitarios latinoamericanos a formarse en Europa a trav\u00e9s del programa Erasmus+. Seg\u00fan inform\u00f3 hoy la Comisi\u00f3n Europea (CE), Vassiliou participar\u00e1 en el IX Congreso Internacional de Educaci\u00f3n Superior, que tendr\u00e1 lugar en La\" \/>\n\t<meta name=\"robots\" content=\"max-image-preview:large\" \/>\n\t<meta name=\"author\" content=\"El Digital de Asturias\"\/>\n\t<meta name=\"google-site-verification\" content=\"UA-38556648-1\" \/>\n\t<meta name=\"msvalidate.01\" content=\"7dfe9f3f1b24437ab69f4f2559babe99\" \/>\n\t<meta name=\"keywords\" content=\"actualidad\" \/>\n\t<link rel=\"canonical\" href=\"https:\/\/www.eldigitaldeasturias.com\/noticias\/comisaria-de-educacion-anima-a-latinoamericanos-a-sumarse-a-programa-erasmus\/\" \/>\n\t<meta name=\"generator\" content=\"All in One SEO Pro (AIOSEO) 5.0.1\" \/>\n\t\t<meta property=\"og:locale\" content=\"es_ES\" \/>\n\t\t<meta property=\"og:site_name\" content=\"El Digital de Asturias\" \/>\n\t\t<meta property=\"og:type\" content=\"article\" \/>\n\t\t<meta property=\"og:title\" content=\"Comisaria de Educaci\u00f3n anima a latinoamericanos a sumarse a programa Erasmus - El Digital de Asturias\" \/>\n\t\t<meta property=\"og:description\" content=\"Bruselas, 6 feb (EFE).- La comisaria europea de Educaci\u00f3n, Cultura, Multiling\u00fcismo y Juventud, Androulla Vassiliou, animar\u00e1 en Cuba a estudiantes y profesores universitarios latinoamericanos a formarse en Europa a trav\u00e9s del programa Erasmus+. Seg\u00fan inform\u00f3 hoy la Comisi\u00f3n Europea (CE), Vassiliou participar\u00e1 en el IX Congreso Internacional de Educaci\u00f3n Superior, que tendr\u00e1 lugar en La\" \/>\n\t\t<meta property=\"og:url\" content=\"https:\/\/www.eldigitaldeasturias.com\/noticias\/comisaria-de-educacion-anima-a-latinoamericanos-a-sumarse-a-programa-erasmus\/\" \/>\n\t\t<meta property=\"article:tag\" content=\"actualidad\" \/>\n\t\t<meta property=\"article:published_time\" content=\"2014-02-06T21:50:57+00:00\" \/>\n\t\t<meta property=\"article:modified_time\" content=\"2014-02-06T21:50:57+00:00\" \/>\n\t\t<meta property=\"article:publisher\" content=\"https:\/\/facebook.com\/eldigitaldeasturias\" \/>\n\t\t<meta name=\"twitter:card\" content=\"summary_large_image\" \/>\n\t\t<meta name=\"twitter:title\" content=\"Comisaria de Educaci\u00f3n anima a latinoamericanos a sumarse a programa Erasmus - El Digital de Asturias\" \/>\n\t\t<meta name=\"twitter:description\" content=\"Bruselas, 6 feb (EFE).- La comisaria europea de Educaci\u00f3n, Cultura, Multiling\u00fcismo y Juventud, Androulla Vassiliou, animar\u00e1 en Cuba a estudiantes y profesores universitarios latinoamericanos a formarse en Europa a trav\u00e9s del programa Erasmus+. Seg\u00fan inform\u00f3 hoy la Comisi\u00f3n Europea (CE), Vassiliou participar\u00e1 en el IX Congreso Internacional de Educaci\u00f3n Superior, que tendr\u00e1 lugar en La\" \/>\n\t\t<meta name=\"twitter:label1\" content=\"Escrito por\" \/>\n\t\t<meta name=\"twitter:data1\" content=\"El Digital de Asturias\" \/>\n\t\t<meta name=\"twitter:label2\" content=\"Tiempo de lectura estimado\" \/>\n\t\t<meta name=\"twitter:data2\" content=\"2 minutos\" \/>\n\t\t<script type=\"application\/ld+json\" class=\"aioseo-schema\">\n\t\t\t{\"@context\":\"https:\\\/\\\/schema.org\",\"@graph\":[{\"@type\":\"BlogPosting\",\"@id\":\"https:\\\/\\\/www.eldigitaldeasturias.com\\\/noticias\\\/comisaria-de-educacion-anima-a-latinoamericanos-a-sumarse-a-programa-erasmus\\\/#blogposting\",\"name\":\"Comisaria de Educaci\\u00f3n anima a latinoamericanos a sumarse a programa Erasmus - El Digital de Asturias\",\"headline\":\"Comisaria de Educaci\\u00f3n anima a latinoamericanos a sumarse a programa Erasmus\",\"author\":{\"@id\":\"https:\\\/\\\/www.eldigitaldeasturias.com\\\/noticias\\\/author\\\/admin\\\/#author\"},\"publisher\":{\"@id\":\"https:\\\/\\\/www.eldigitaldeasturias.com\\\/noticias\\\/#organization\"},\"image\":{\"@type\":\"ImageObject\",\"url\":485200},\"datePublished\":\"2014-02-06T20:50:57+01:00\",\"dateModified\":\"2014-02-06T20:50:57+01:00\",\"inLanguage\":\"es-ES\",\"mainEntityOfPage\":{\"@id\":\"https:\\\/\\\/www.eldigitaldeasturias.com\\\/noticias\\\/comisaria-de-educacion-anima-a-latinoamericanos-a-sumarse-a-programa-erasmus\\\/#webpage\"},\"isPartOf\":{\"@id\":\"https:\\\/\\\/www.eldigitaldeasturias.com\\\/noticias\\\/comisaria-de-educacion-anima-a-latinoamericanos-a-sumarse-a-programa-erasmus\\\/#webpage\"},\"articleSection\":\"Actualidad\"},{\"@type\":\"BreadcrumbList\",\"@id\":\"https:\\\/\\\/www.eldigitaldeasturias.com\\\/noticias\\\/comisaria-de-educacion-anima-a-latinoamericanos-a-sumarse-a-programa-erasmus\\\/#breadcrumblist\",\"itemListElement\":[{\"@type\":\"ListItem\",\"@id\":\"https:\\\/\\\/www.eldigitaldeasturias.com\\\/noticias#listItem\",\"position\":1,\"name\":\"Home\",\"item\":\"https:\\\/\\\/www.eldigitaldeasturias.com\\\/noticias\",\"nextItem\":{\"@type\":\"ListItem\",\"@id\":\"https:\\\/\\\/www.eldigitaldeasturias.com\\\/noticias\\\/category\\\/actualidad\\\/#listItem\",\"name\":\"Actualidad\"}},{\"@type\":\"ListItem\",\"@id\":\"https:\\\/\\\/www.eldigitaldeasturias.com\\\/noticias\\\/category\\\/actualidad\\\/#listItem\",\"position\":2,\"name\":\"Actualidad\",\"item\":\"https:\\\/\\\/www.eldigitaldeasturias.com\\\/noticias\\\/category\\\/actualidad\\\/\",\"nextItem\":{\"@type\":\"ListItem\",\"@id\":\"https:\\\/\\\/www.eldigitaldeasturias.com\\\/noticias\\\/comisaria-de-educacion-anima-a-latinoamericanos-a-sumarse-a-programa-erasmus\\\/#listItem\",\"name\":\"Comisaria de Educaci\\u00f3n anima a latinoamericanos a sumarse a programa Erasmus\"},\"previousItem\":{\"@type\":\"ListItem\",\"@id\":\"https:\\\/\\\/www.eldigitaldeasturias.com\\\/noticias#listItem\",\"name\":\"Home\"}},{\"@type\":\"ListItem\",\"@id\":\"https:\\\/\\\/www.eldigitaldeasturias.com\\\/noticias\\\/comisaria-de-educacion-anima-a-latinoamericanos-a-sumarse-a-programa-erasmus\\\/#listItem\",\"position\":3,\"name\":\"Comisaria de Educaci\\u00f3n anima a latinoamericanos a sumarse a programa Erasmus\",\"previousItem\":{\"@type\":\"ListItem\",\"@id\":\"https:\\\/\\\/www.eldigitaldeasturias.com\\\/noticias\\\/category\\\/actualidad\\\/#listItem\",\"name\":\"Actualidad\"}}]},{\"@type\":\"Organization\",\"@id\":\"https:\\\/\\\/www.eldigitaldeasturias.com\\\/noticias\\\/#organization\",\"name\":\"El Digital de Asturias\",\"description\":\"Hemeroteca\",\"url\":\"https:\\\/\\\/www.eldigitaldeasturias.com\\\/noticias\\\/\",\"email\":\"info@eldigitaldeasturias.com\",\"telephone\":\"+34652131393\",\"logo\":{\"@type\":\"ImageObject\",\"url\":\"https:\\\/\\\/www.eldigitaldeasturias.com\\\/noticias\\\/wp-content\\\/uploads\\\/2020\\\/12\\\/EDA.jpg\",\"@id\":\"https:\\\/\\\/www.eldigitaldeasturias.com\\\/noticias\\\/comisaria-de-educacion-anima-a-latinoamericanos-a-sumarse-a-programa-erasmus\\\/#organizationLogo\"},\"image\":{\"@id\":\"https:\\\/\\\/www.eldigitaldeasturias.com\\\/noticias\\\/comisaria-de-educacion-anima-a-latinoamericanos-a-sumarse-a-programa-erasmus\\\/#organizationLogo\"},\"sameAs\":[\"https:\\\/\\\/facebook.com\\\/eldigitaldeasturias\",\"https:\\\/\\\/www.youtube.com\\\/channel\\\/UCZP-2wLEB9Rv6erhFmqVnvg\"],\"address\":{\"@id\":\"https:\\\/\\\/www.eldigitaldeasturias.com\\\/noticias\\\/#postaladdress\",\"@type\":\"PostalAddress\",\"streetAddress\":\"san antonio 4\",\"postalCode\":\"33430\",\"addressLocality\":\"Cand\\u00e1s\",\"addressRegion\":\"Asturias\",\"addressCountry\":\"ES\"}},{\"@type\":\"Person\",\"@id\":\"https:\\\/\\\/www.eldigitaldeasturias.com\\\/noticias\\\/author\\\/admin\\\/#author\",\"url\":\"https:\\\/\\\/www.eldigitaldeasturias.com\\\/noticias\\\/author\\\/admin\\\/\",\"name\":\"El Digital de Asturias\",\"image\":{\"@type\":\"ImageObject\",\"@id\":\"https:\\\/\\\/www.eldigitaldeasturias.com\\\/noticias\\\/comisaria-de-educacion-anima-a-latinoamericanos-a-sumarse-a-programa-erasmus\\\/#authorImage\",\"url\":\"https:\\\/\\\/secure.gravatar.com\\\/avatar\\\/df2aeffc32bcd13f8d26072ef8a91b623d677766deac7f97ca815868cd41bf5e?s=96&d=mm&r=g\",\"width\":96,\"height\":96,\"caption\":\"El Digital de Asturias\"}},{\"@type\":\"WebPage\",\"@id\":\"https:\\\/\\\/www.eldigitaldeasturias.com\\\/noticias\\\/comisaria-de-educacion-anima-a-latinoamericanos-a-sumarse-a-programa-erasmus\\\/#webpage\",\"url\":\"https:\\\/\\\/www.eldigitaldeasturias.com\\\/noticias\\\/comisaria-de-educacion-anima-a-latinoamericanos-a-sumarse-a-programa-erasmus\\\/\",\"name\":\"Comisaria de Educaci\\u00f3n anima a latinoamericanos a sumarse a programa Erasmus - El Digital de Asturias\",\"description\":\"Bruselas, 6 feb (EFE).- La comisaria europea de Educaci\\u00f3n, Cultura, Multiling\\u00fcismo y Juventud, Androulla Vassiliou, animar\\u00e1 en Cuba a estudiantes y profesores universitarios latinoamericanos a formarse en Europa a trav\\u00e9s del programa Erasmus+. Seg\\u00fan inform\\u00f3 hoy la Comisi\\u00f3n Europea (CE), Vassiliou participar\\u00e1 en el IX Congreso Internacional de Educaci\\u00f3n Superior, que tendr\\u00e1 lugar en La\",\"inLanguage\":\"es-ES\",\"isPartOf\":{\"@id\":\"https:\\\/\\\/www.eldigitaldeasturias.com\\\/noticias\\\/#website\"},\"breadcrumb\":{\"@id\":\"https:\\\/\\\/www.eldigitaldeasturias.com\\\/noticias\\\/comisaria-de-educacion-anima-a-latinoamericanos-a-sumarse-a-programa-erasmus\\\/#breadcrumblist\"},\"author\":{\"@id\":\"https:\\\/\\\/www.eldigitaldeasturias.com\\\/noticias\\\/author\\\/admin\\\/#author\"},\"creator\":{\"@id\":\"https:\\\/\\\/www.eldigitaldeasturias.com\\\/noticias\\\/author\\\/admin\\\/#author\"},\"image\":{\"@type\":\"ImageObject\",\"url\":485200,\"@id\":\"https:\\\/\\\/www.eldigitaldeasturias.com\\\/noticias\\\/comisaria-de-educacion-anima-a-latinoamericanos-a-sumarse-a-programa-erasmus\\\/#mainImage\"},\"primaryImageOfPage\":{\"@id\":\"https:\\\/\\\/www.eldigitaldeasturias.com\\\/noticias\\\/comisaria-de-educacion-anima-a-latinoamericanos-a-sumarse-a-programa-erasmus\\\/#mainImage\"},\"datePublished\":\"2014-02-06T20:50:57+01:00\",\"dateModified\":\"2014-02-06T20:50:57+01:00\"},{\"@type\":\"WebSite\",\"@id\":\"https:\\\/\\\/www.eldigitaldeasturias.com\\\/noticias\\\/#website\",\"url\":\"https:\\\/\\\/www.eldigitaldeasturias.com\\\/noticias\\\/\",\"name\":\"El Digital de Asturias - Diario de actualidad y noticias\",\"alternateName\":\"El Digital de Asturias - Diario de actualidad y noticias\",\"description\":\"Hemeroteca\",\"inLanguage\":\"es-ES\",\"publisher\":{\"@id\":\"https:\\\/\\\/www.eldigitaldeasturias.com\\\/noticias\\\/#organization\"}}]}\n\t\t<\/script>\n\t\t<!-- All in One SEO Pro -->\r\n\t\t<title>Comisaria de Educaci\u00f3n anima a latinoamericanos a sumarse a programa Erasmus - El Digital de Asturias<\/title>\n\n","aioseo_head_json":{"title":"Comisaria de Educaci\u00f3n anima a latinoamericanos a sumarse a programa Erasmus - El Digital de Asturias","description":"Bruselas, 6 feb (EFE).- La comisaria europea de Educaci\u00f3n, Cultura, Multiling\u00fcismo y Juventud, Androulla Vassiliou, animar\u00e1 en Cuba a estudiantes y profesores universitarios latinoamericanos a formarse en Europa a trav\u00e9s del programa Erasmus+. Seg\u00fan inform\u00f3 hoy la Comisi\u00f3n Europea (CE), Vassiliou participar\u00e1 en el IX Congreso Internacional de Educaci\u00f3n Superior, que tendr\u00e1 lugar en La","canonical_url":"https:\/\/www.eldigitaldeasturias.com\/noticias\/comisaria-de-educacion-anima-a-latinoamericanos-a-sumarse-a-programa-erasmus\/","robots":"max-image-preview:large","keywords":"actualidad","webmasterTools":{"google-site-verification":"UA-38556648-1","msvalidate.01":"7dfe9f3f1b24437ab69f4f2559babe99","miscellaneous":""},"schema":{"@context":"https:\/\/schema.org","@graph":[{"@type":"BlogPosting","@id":"https:\/\/www.eldigitaldeasturias.com\/noticias\/comisaria-de-educacion-anima-a-latinoamericanos-a-sumarse-a-programa-erasmus\/#blogposting","name":"Comisaria de Educaci\u00f3n anima a latinoamericanos a sumarse a programa Erasmus - El Digital de Asturias","headline":"Comisaria de Educaci\u00f3n anima a latinoamericanos a sumarse a programa Erasmus","author":{"@id":"https:\/\/www.eldigitaldeasturias.com\/noticias\/author\/admin\/#author"},"publisher":{"@id":"https:\/\/www.eldigitaldeasturias.com\/noticias\/#organization"},"image":{"@type":"ImageObject","url":485200},"datePublished":"2014-02-06T20:50:57+01:00","dateModified":"2014-02-06T20:50:57+01:00","inLanguage":"es-ES","mainEntityOfPage":{"@id":"https:\/\/www.eldigitaldeasturias.com\/noticias\/comisaria-de-educacion-anima-a-latinoamericanos-a-sumarse-a-programa-erasmus\/#webpage"},"isPartOf":{"@id":"https:\/\/www.eldigitaldeasturias.com\/noticias\/comisaria-de-educacion-anima-a-latinoamericanos-a-sumarse-a-programa-erasmus\/#webpage"},"articleSection":"Actualidad"},{"@type":"BreadcrumbList","@id":"https:\/\/www.eldigitaldeasturias.com\/noticias\/comisaria-de-educacion-anima-a-latinoamericanos-a-sumarse-a-programa-erasmus\/#breadcrumblist","itemListElement":[{"@type":"ListItem","@id":"https:\/\/www.eldigitaldeasturias.com\/noticias#listItem","position":1,"name":"Home","item":"https:\/\/www.eldigitaldeasturias.com\/noticias","nextItem":{"@type":"ListItem","@id":"https:\/\/www.eldigitaldeasturias.com\/noticias\/category\/actualidad\/#listItem","name":"Actualidad"}},{"@type":"ListItem","@id":"https:\/\/www.eldigitaldeasturias.com\/noticias\/category\/actualidad\/#listItem","position":2,"name":"Actualidad","item":"https:\/\/www.eldigitaldeasturias.com\/noticias\/category\/actualidad\/","nextItem":{"@type":"ListItem","@id":"https:\/\/www.eldigitaldeasturias.com\/noticias\/comisaria-de-educacion-anima-a-latinoamericanos-a-sumarse-a-programa-erasmus\/#listItem","name":"Comisaria de Educaci\u00f3n anima a latinoamericanos a sumarse a programa Erasmus"},"previousItem":{"@type":"ListItem","@id":"https:\/\/www.eldigitaldeasturias.com\/noticias#listItem","name":"Home"}},{"@type":"ListItem","@id":"https:\/\/www.eldigitaldeasturias.com\/noticias\/comisaria-de-educacion-anima-a-latinoamericanos-a-sumarse-a-programa-erasmus\/#listItem","position":3,"name":"Comisaria de Educaci\u00f3n anima a latinoamericanos a sumarse a programa Erasmus","previousItem":{"@type":"ListItem","@id":"https:\/\/www.eldigitaldeasturias.com\/noticias\/category\/actualidad\/#listItem","name":"Actualidad"}}]},{"@type":"Organization","@id":"https:\/\/www.eldigitaldeasturias.com\/noticias\/#organization","name":"El Digital de Asturias","description":"Hemeroteca","url":"https:\/\/www.eldigitaldeasturias.com\/noticias\/","email":"info@eldigitaldeasturias.com","telephone":"+34652131393","logo":{"@type":"ImageObject","url":"https:\/\/www.eldigitaldeasturias.com\/noticias\/wp-content\/uploads\/2020\/12\/EDA.jpg","@id":"https:\/\/www.eldigitaldeasturias.com\/noticias\/comisaria-de-educacion-anima-a-latinoamericanos-a-sumarse-a-programa-erasmus\/#organizationLogo"},"image":{"@id":"https:\/\/www.eldigitaldeasturias.com\/noticias\/comisaria-de-educacion-anima-a-latinoamericanos-a-sumarse-a-programa-erasmus\/#organizationLogo"},"sameAs":["https:\/\/facebook.com\/eldigitaldeasturias","https:\/\/www.youtube.com\/channel\/UCZP-2wLEB9Rv6erhFmqVnvg"],"address":{"@id":"https:\/\/www.eldigitaldeasturias.com\/noticias\/#postaladdress","@type":"PostalAddress","streetAddress":"san antonio 4","postalCode":"33430","addressLocality":"Cand\u00e1s","addressRegion":"Asturias","addressCountry":"ES"}},{"@type":"Person","@id":"https:\/\/www.eldigitaldeasturias.com\/noticias\/author\/admin\/#author","url":"https:\/\/www.eldigitaldeasturias.com\/noticias\/author\/admin\/","name":"El Digital de Asturias","image":{"@type":"ImageObject","@id":"https:\/\/www.eldigitaldeasturias.com\/noticias\/comisaria-de-educacion-anima-a-latinoamericanos-a-sumarse-a-programa-erasmus\/#authorImage","url":"https:\/\/secure.gravatar.com\/avatar\/df2aeffc32bcd13f8d26072ef8a91b623d677766deac7f97ca815868cd41bf5e?s=96&d=mm&r=g","width":96,"height":96,"caption":"El Digital de Asturias"}},{"@type":"WebPage","@id":"https:\/\/www.eldigitaldeasturias.com\/noticias\/comisaria-de-educacion-anima-a-latinoamericanos-a-sumarse-a-programa-erasmus\/#webpage","url":"https:\/\/www.eldigitaldeasturias.com\/noticias\/comisaria-de-educacion-anima-a-latinoamericanos-a-sumarse-a-programa-erasmus\/","name":"Comisaria de Educaci\u00f3n anima a latinoamericanos a sumarse a programa Erasmus - El Digital de Asturias","description":"Bruselas, 6 feb (EFE).- La comisaria europea de Educaci\u00f3n, Cultura, Multiling\u00fcismo y Juventud, Androulla Vassiliou, animar\u00e1 en Cuba a estudiantes y profesores universitarios latinoamericanos a formarse en Europa a trav\u00e9s del programa Erasmus+. Seg\u00fan inform\u00f3 hoy la Comisi\u00f3n Europea (CE), Vassiliou participar\u00e1 en el IX Congreso Internacional de Educaci\u00f3n Superior, que tendr\u00e1 lugar en La","inLanguage":"es-ES","isPartOf":{"@id":"https:\/\/www.eldigitaldeasturias.com\/noticias\/#website"},"breadcrumb":{"@id":"https:\/\/www.eldigitaldeasturias.com\/noticias\/comisaria-de-educacion-anima-a-latinoamericanos-a-sumarse-a-programa-erasmus\/#breadcrumblist"},"author":{"@id":"https:\/\/www.eldigitaldeasturias.com\/noticias\/author\/admin\/#author"},"creator":{"@id":"https:\/\/www.eldigitaldeasturias.com\/noticias\/author\/admin\/#author"},"image":{"@type":"ImageObject","url":485200,"@id":"https:\/\/www.eldigitaldeasturias.com\/noticias\/comisaria-de-educacion-anima-a-latinoamericanos-a-sumarse-a-programa-erasmus\/#mainImage"},"primaryImageOfPage":{"@id":"https:\/\/www.eldigitaldeasturias.com\/noticias\/comisaria-de-educacion-anima-a-latinoamericanos-a-sumarse-a-programa-erasmus\/#mainImage"},"datePublished":"2014-02-06T20:50:57+01:00","dateModified":"2014-02-06T20:50:57+01:00"},{"@type":"WebSite","@id":"https:\/\/www.eldigitaldeasturias.com\/noticias\/#website","url":"https:\/\/www.eldigitaldeasturias.com\/noticias\/","name":"El Digital de Asturias - Diario de actualidad y noticias","alternateName":"El Digital de Asturias - Diario de actualidad y noticias","description":"Hemeroteca","inLanguage":"es-ES","publisher":{"@id":"https:\/\/www.eldigitaldeasturias.com\/noticias\/#organization"}}]},"og:locale":"es_ES","og:site_name":"El Digital de Asturias","og:type":"article","og:title":"Comisaria de Educaci\u00f3n anima a latinoamericanos a sumarse a programa Erasmus - El Digital de Asturias","og:description":"Bruselas, 6 feb (EFE).- La comisaria europea de Educaci\u00f3n, Cultura, Multiling\u00fcismo y Juventud, Androulla Vassiliou, animar\u00e1 en Cuba a estudiantes y profesores universitarios latinoamericanos a formarse en Europa a trav\u00e9s del programa Erasmus+. Seg\u00fan inform\u00f3 hoy la Comisi\u00f3n Europea (CE), Vassiliou participar\u00e1 en el IX Congreso Internacional de Educaci\u00f3n Superior, que tendr\u00e1 lugar en La","og:url":"https:\/\/www.eldigitaldeasturias.com\/noticias\/comisaria-de-educacion-anima-a-latinoamericanos-a-sumarse-a-programa-erasmus\/","article:tag":["actualidad"],"article:published_time":"2014-02-06T21:50:57+00:00","article:modified_time":"2014-02-06T21:50:57+00:00","article:publisher":"https:\/\/facebook.com\/eldigitaldeasturias","twitter:card":"summary_large_image","twitter:title":"Comisaria de Educaci\u00f3n anima a latinoamericanos a sumarse a programa Erasmus - El Digital de Asturias","twitter:description":"Bruselas, 6 feb (EFE).- La comisaria europea de Educaci\u00f3n, Cultura, Multiling\u00fcismo y Juventud, Androulla Vassiliou, animar\u00e1 en Cuba a estudiantes y profesores universitarios latinoamericanos a formarse en Europa a trav\u00e9s del programa Erasmus+. Seg\u00fan inform\u00f3 hoy la Comisi\u00f3n Europea (CE), Vassiliou participar\u00e1 en el IX Congreso Internacional de Educaci\u00f3n Superior, que tendr\u00e1 lugar en La","twitter:label1":"Escrito por","twitter:data1":"El Digital de Asturias","twitter:label2":"Tiempo de lectura estimado","twitter:data2":"2 minutos"},"aioseo_meta_data":{"post_id":"485199","title":null,"description":null,"keywords":null,"keyphrases":null,"primary_term":null,"canonical_url":null,"og_title":null,"og_description":null,"og_object_type":"default","og_image_type":"default","og_image_url":null,"og_image_width":null,"og_image_height":null,"og_image_custom_url":null,"og_image_custom_fields":null,"og_video":null,"og_custom_url":null,"og_article_section":null,"og_article_tags":null,"twitter_use_og":true,"twitter_card":"default","twitter_image_type":"default","twitter_image_url":null,"twitter_image_custom_url":null,"twitter_image_custom_fields":null,"twitter_title":null,"twitter_description":null,"schema":{"blockGraphs":[],"customGraphs":[],"default":{"data":{"Article":[],"Course":[],"Dataset":[],"FAQPage":[],"Movie":[],"Person":[],"Product":[],"ProductReview":[],"Car":[],"Recipe":[],"Service":[],"SoftwareApplication":[],"WebPage":[]},"graphName":"","isEnabled":true},"graphs":[],"defaultGraph":"","defaultPostTypeGraph":""},"schema_type":null,"schema_type_options":null,"pillar_content":false,"robots_default":true,"robots_noindex":false,"robots_noarchive":false,"robots_nosnippet":false,"robots_nofollow":false,"robots_noimageindex":false,"robots_noodp":false,"robots_notranslate":false,"robots_max_snippet":null,"robots_max_videopreview":null,"robots_max_imagepreview":"none","priority":null,"frequency":null,"local_seo":null,"seo_analyzer_scan_date":"2026-06-02 19:11:50","breadcrumb_settings":null,"limit_modified_date":false,"open_ai":null,"ai":null,"created":"2020-11-14 22:55:12","updated":"2026-06-02 19:11:50","focus_keyword":null,"additional_keywords":null,"truseo_locale":null},"aioseo_breadcrumb":"<div class=\"aioseo-breadcrumbs\"><span class=\"aioseo-breadcrumb\">\n\t<a href=\"https:\/\/www.eldigitaldeasturias.com\/noticias\" title=\"Home\">Home<\/a>\n<\/span><span class=\"aioseo-breadcrumb-separator\">\u2013<\/span><span class=\"aioseo-breadcrumb\">\n\t<a href=\"https:\/\/www.eldigitaldeasturias.com\/noticias\/category\/actualidad\/\" title=\"Actualidad\">Actualidad<\/a>\n<\/span><span class=\"aioseo-breadcrumb-separator\">\u2013<\/span><span class=\"aioseo-breadcrumb\">\n\t<a href=\"https:\/\/www.eldigitaldeasturias.com\/noticias\/comisaria-de-educacion-anima-a-latinoamericanos-a-sumarse-a-programa-erasmus\/\" title=\"Comisaria de Educaci\u00f3n anima a latinoamericanos a sumarse a programa Erasmus\">Comisaria de Educaci\u00f3n anima a latinoamericanos a sumarse a programa Erasmus<\/a>\n<\/span><\/div>","aioseo_breadcrumb_json":[{"label":"Home","link":"https:\/\/www.eldigitaldeasturias.com\/noticias"},{"label":"Actualidad","link":"https:\/\/www.eldigitaldeasturias.com\/noticias\/category\/actualidad\/"},{"label":"Comisaria de Educaci\u00f3n anima a latinoamericanos a sumarse a programa Erasmus","link":"https:\/\/www.eldigitaldeasturias.com\/noticias\/comisaria-de-educacion-anima-a-latinoamericanos-a-sumarse-a-programa-erasmus\/"}],"_links":{"self":[{"href":"https:\/\/www.eldigitaldeasturias.com\/noticias\/wp-json\/wp\/v2\/posts\/485199","targetHints":{"allow":["GET"]}}],"collection":[{"href":"https:\/\/www.eldigitaldeasturias.com\/noticias\/wp-json\/wp\/v2\/posts"}],"about":[{"href":"https:\/\/www.eldigitaldeasturias.com\/noticias\/wp-json\/wp\/v2\/types\/post"}],"author":[{"embeddable":true,"href":"https:\/\/www.eldigitaldeasturias.com\/noticias\/wp-json\/wp\/v2\/users\/1"}],"replies":[{"embeddable":true,"href":"https:\/\/www.eldigitaldeasturias.com\/noticias\/wp-json\/wp\/v2\/comments?post=485199"}],"version-history":[{"count":0,"href":"https:\/\/www.eldigitaldeasturias.com\/noticias\/wp-json\/wp\/v2\/posts\/485199\/revisions"}],"wp:attachment":[{"href":"https:\/\/www.eldigitaldeasturias.com\/noticias\/wp-json\/wp\/v2\/media?parent=485199"}],"wp:term":[{"taxonomy":"category","embeddable":true,"href":"https:\/\/www.eldigitaldeasturias.com\/noticias\/wp-json\/wp\/v2\/categories?post=485199"},{"taxonomy":"post_tag","embeddable":true,"href":"https:\/\/www.eldigitaldeasturias.com\/noticias\/wp-json\/wp\/v2\/tags?post=485199"}],"curies":[{"name":"wp","href":"https:\/\/api.w.org\/{rel}","templated":true}]}}